{"id":2370,"date":"2018-04-19T21:22:27","date_gmt":"2018-04-19T19:22:27","guid":{"rendered":"http:\/\/www.jojoenherbe.com\/?p=2370"},"modified":"2018-04-19T21:22:27","modified_gmt":"2018-04-19T19:22:27","slug":"sous-des-airs-de-printemps","status":"publish","type":"post","link":"https:\/\/www.jojoenherbe.com\/index.php\/2018\/04\/19\/sous-des-airs-de-printemps\/","title":{"rendered":"Sous des airs de printemps"},"content":{"rendered":"<p style=\"text-align: justify;\"><em><a href=\"https:\/\/i0.wp.com\/www.jojoenherbe.com\/wp-content\/uploads\/2018\/04\/IMG_7962.jpg\"><img data-recalc-dims=\"1\" loading=\"lazy\" decoding=\"async\" data-attachment-id=\"2378\" data-permalink=\"https:\/\/www.jojoenherbe.com\/index.php\/2018\/04\/19\/sous-des-airs-de-printemps\/img_7962\/\" data-orig-file=\"https:\/\/i0.wp.com\/www.jojoenherbe.com\/wp-content\/uploads\/2018\/04\/IMG_7962.jpg?fit=2431%2C2070&amp;ssl=1\" data-orig-size=\"2431,2070\" data-comments-opened=\"1\" data-image-meta=\"{&quot;aperture&quot;:&quot;2.4&quot;,&quot;credit&quot;:&quot;&quot;,&quot;camera&quot;:&quot;iPhone 4S&quot;,&quot;caption&quot;:&quot;&quot;,&quot;created_timestamp&quot;:&quot;1522265115&quot;,&quot;copyright&quot;:&quot;&quot;,&quot;focal_length&quot;:&quot;4.28&quot;,&quot;iso&quot;:&quot;320&quot;,&quot;shutter_speed&quot;:&quot;0.05&quot;,&quot;title&quot;:&quot;&quot;,&quot;orientation&quot;:&quot;1&quot;}\" data-image-title=\"abeille et fleurs en feutrine\" data-image-description=\"\" data-image-caption=\"\" data-large-file=\"https:\/\/i0.wp.com\/www.jojoenherbe.com\/wp-content\/uploads\/2018\/04\/IMG_7962.jpg?fit=676%2C576&amp;ssl=1\" class=\"alignleft size-thumbnail wp-image-2378\" src=\"https:\/\/i0.wp.com\/www.jojoenherbe.com\/wp-content\/uploads\/2018\/04\/IMG_7962.jpg?resize=150%2C150\" alt=\"\" width=\"150\" height=\"150\" srcset=\"https:\/\/i0.wp.com\/www.jojoenherbe.com\/wp-content\/uploads\/2018\/04\/IMG_7962.jpg?resize=150%2C150&amp;ssl=1 150w, https:\/\/i0.wp.com\/www.jojoenherbe.com\/wp-content\/uploads\/2018\/04\/IMG_7962.jpg?zoom=2&amp;resize=150%2C150 300w, https:\/\/i0.wp.com\/www.jojoenherbe.com\/wp-content\/uploads\/2018\/04\/IMG_7962.jpg?zoom=3&amp;resize=150%2C150 450w\" sizes=\"auto, (max-width: 150px) 100vw, 150px\" \/><\/a> <a href=\"https:\/\/i0.wp.com\/www.jojoenherbe.com\/wp-content\/uploads\/2018\/04\/IMG_8517.jpg\"><img data-recalc-dims=\"1\" loading=\"lazy\" decoding=\"async\" data-attachment-id=\"2379\" data-permalink=\"https:\/\/www.jojoenherbe.com\/index.php\/2018\/04\/19\/sous-des-airs-de-printemps\/img_8517\/\" data-orig-file=\"https:\/\/i0.wp.com\/www.jojoenherbe.com\/wp-content\/uploads\/2018\/04\/IMG_8517.jpg?fit=1888%2C1919&amp;ssl=1\" data-orig-size=\"1888,1919\" data-comments-opened=\"1\" data-image-meta=\"{&quot;aperture&quot;:&quot;2.4&quot;,&quot;credit&quot;:&quot;&quot;,&quot;camera&quot;:&quot;iPhone 4S&quot;,&quot;caption&quot;:&quot;&quot;,&quot;created_timestamp&quot;:&quot;1522833014&quot;,&quot;copyright&quot;:&quot;&quot;,&quot;focal_length&quot;:&quot;4.28&quot;,&quot;iso&quot;:&quot;125&quot;,&quot;shutter_speed&quot;:&quot;0.05&quot;,&quot;title&quot;:&quot;&quot;,&quot;orientation&quot;:&quot;1&quot;}\" data-image-title=\"fleur en feutrine\" data-image-description=\"\" data-image-caption=\"\" data-large-file=\"https:\/\/i0.wp.com\/www.jojoenherbe.com\/wp-content\/uploads\/2018\/04\/IMG_8517.jpg?fit=676%2C687&amp;ssl=1\" class=\"alignleft size-thumbnail wp-image-2379\" src=\"https:\/\/i0.wp.com\/www.jojoenherbe.com\/wp-content\/uploads\/2018\/04\/IMG_8517.jpg?resize=150%2C150\" alt=\"\" width=\"150\" height=\"150\" srcset=\"https:\/\/i0.wp.com\/www.jojoenherbe.com\/wp-content\/uploads\/2018\/04\/IMG_8517.jpg?resize=150%2C150&amp;ssl=1 150w, https:\/\/i0.wp.com\/www.jojoenherbe.com\/wp-content\/uploads\/2018\/04\/IMG_8517.jpg?zoom=2&amp;resize=150%2C150 300w, https:\/\/i0.wp.com\/www.jojoenherbe.com\/wp-content\/uploads\/2018\/04\/IMG_8517.jpg?zoom=3&amp;resize=150%2C150 450w\" sizes=\"auto, (max-width: 150px) 100vw, 150px\" \/><\/a>Le printemps ayant enfin d\u00e9cid\u00e9 de montrer le bout de son nez, nous pouvons nous amuser avec un bac sensoriel sur le th\u00e8me du printemps. Pour r\u00e9aliser ce bac sensoriel, nous avons r\u00e9alis\u00e9 des fleurs et une abeille en feutrine.<\/em><\/p>\n<p style=\"text-align: justify;\"><em><a href=\"https:\/\/i0.wp.com\/www.jojoenherbe.com\/wp-content\/uploads\/2018\/04\/IMG_7818.jpg\"><img data-recalc-dims=\"1\" loading=\"lazy\" decoding=\"async\" data-attachment-id=\"2371\" data-permalink=\"https:\/\/www.jojoenherbe.com\/index.php\/2018\/04\/19\/sous-des-airs-de-printemps\/img_7818\/\" data-orig-file=\"https:\/\/i0.wp.com\/www.jojoenherbe.com\/wp-content\/uploads\/2018\/04\/IMG_7818.jpg?fit=2444%2C2106&amp;ssl=1\" data-orig-size=\"2444,2106\" data-comments-opened=\"1\" data-image-meta=\"{&quot;aperture&quot;:&quot;2.4&quot;,&quot;credit&quot;:&quot;&quot;,&quot;camera&quot;:&quot;iPhone 4S&quot;,&quot;caption&quot;:&quot;&quot;,&quot;created_timestamp&quot;:&quot;1522165233&quot;,&quot;copyright&quot;:&quot;&quot;,&quot;focal_length&quot;:&quot;4.28&quot;,&quot;iso&quot;:&quot;50&quot;,&quot;shutter_speed&quot;:&quot;0.05&quot;,&quot;title&quot;:&quot;&quot;,&quot;orientation&quot;:&quot;1&quot;}\" data-image-title=\"fleur en feutrine\" data-image-description=\"\" data-image-caption=\"\" data-large-file=\"https:\/\/i0.wp.com\/www.jojoenherbe.com\/wp-content\/uploads\/2018\/04\/IMG_7818.jpg?fit=676%2C582&amp;ssl=1\" class=\"size-thumbnail wp-image-2371 alignright\" src=\"https:\/\/i0.wp.com\/www.jojoenherbe.com\/wp-content\/uploads\/2018\/04\/IMG_7818.jpg?resize=150%2C150\" alt=\"\" width=\"150\" height=\"150\" srcset=\"https:\/\/i0.wp.com\/www.jojoenherbe.com\/wp-content\/uploads\/2018\/04\/IMG_7818.jpg?resize=150%2C150&amp;ssl=1 150w, https:\/\/i0.wp.com\/www.jojoenherbe.com\/wp-content\/uploads\/2018\/04\/IMG_7818.jpg?zoom=2&amp;resize=150%2C150 300w, https:\/\/i0.wp.com\/www.jojoenherbe.com\/wp-content\/uploads\/2018\/04\/IMG_7818.jpg?zoom=3&amp;resize=150%2C150 450w\" sizes=\"auto, (max-width: 150px) 100vw, 150px\" \/><\/a> <a href=\"https:\/\/i0.wp.com\/www.jojoenherbe.com\/wp-content\/uploads\/2018\/04\/IMG_7860.jpg\"><img data-recalc-dims=\"1\" loading=\"lazy\" decoding=\"async\" data-attachment-id=\"2372\" data-permalink=\"https:\/\/www.jojoenherbe.com\/index.php\/2018\/04\/19\/sous-des-airs-de-printemps\/img_7860\/\" data-orig-file=\"https:\/\/i0.wp.com\/www.jojoenherbe.com\/wp-content\/uploads\/2018\/04\/IMG_7860.jpg?fit=2343%2C2490&amp;ssl=1\" data-orig-size=\"2343,2490\" data-comments-opened=\"1\" data-image-meta=\"{&quot;aperture&quot;:&quot;2.4&quot;,&quot;credit&quot;:&quot;&quot;,&quot;camera&quot;:&quot;iPhone 4S&quot;,&quot;caption&quot;:&quot;&quot;,&quot;created_timestamp&quot;:&quot;1522236470&quot;,&quot;copyright&quot;:&quot;&quot;,&quot;focal_length&quot;:&quot;4.28&quot;,&quot;iso&quot;:&quot;50&quot;,&quot;shutter_speed&quot;:&quot;0.05&quot;,&quot;title&quot;:&quot;&quot;,&quot;orientation&quot;:&quot;1&quot;}\" data-image-title=\"abeille et fleur en feutrine\" data-image-description=\"\" data-image-caption=\"\" data-large-file=\"https:\/\/i0.wp.com\/www.jojoenherbe.com\/wp-content\/uploads\/2018\/04\/IMG_7860.jpg?fit=676%2C718&amp;ssl=1\" class=\"size-thumbnail wp-image-2372 alignright\" src=\"https:\/\/i0.wp.com\/www.jojoenherbe.com\/wp-content\/uploads\/2018\/04\/IMG_7860.jpg?resize=150%2C150\" alt=\"\" width=\"150\" height=\"150\" srcset=\"https:\/\/i0.wp.com\/www.jojoenherbe.com\/wp-content\/uploads\/2018\/04\/IMG_7860.jpg?resize=150%2C150&amp;ssl=1 150w, https:\/\/i0.wp.com\/www.jojoenherbe.com\/wp-content\/uploads\/2018\/04\/IMG_7860.jpg?zoom=2&amp;resize=150%2C150 300w, https:\/\/i0.wp.com\/www.jojoenherbe.com\/wp-content\/uploads\/2018\/04\/IMG_7860.jpg?zoom=3&amp;resize=150%2C150 450w\" sizes=\"auto, (max-width: 150px) 100vw, 150px\" \/><\/a>Nous commen\u00e7ons par coudre une fleur de couleur violette. Sur une face, nous cousons un morceau plus petit de feutrine mauve en forme de fleur sur laquelle nous ajoutons, au centre, quatre perles mauves et sur les bords 5 perles violettes. Nous cousons ensuite les deux parties de la fleur violette et arriv\u00e9 presqu&rsquo;\u00e0 la fin, nous rembourrons l&rsquo;int\u00e9rieur avec des nicofibres. Et voil\u00e0 une premi\u00e8re fleur de cr\u00e9\u00e9e!<br \/>\n<\/em><\/p>\n<p style=\"text-align: justify;\"><em><a href=\"https:\/\/i0.wp.com\/www.jojoenherbe.com\/wp-content\/uploads\/2018\/04\/IMG_7900.jpg\"><img data-recalc-dims=\"1\" loading=\"lazy\" decoding=\"async\" data-attachment-id=\"2373\" data-permalink=\"https:\/\/www.jojoenherbe.com\/index.php\/2018\/04\/19\/sous-des-airs-de-printemps\/img_7900\/\" data-orig-file=\"https:\/\/i0.wp.com\/www.jojoenherbe.com\/wp-content\/uploads\/2018\/04\/IMG_7900.jpg?fit=3264%2C2448&amp;ssl=1\" data-orig-size=\"3264,2448\" data-comments-opened=\"1\" data-image-meta=\"{&quot;aperture&quot;:&quot;2.4&quot;,&quot;credit&quot;:&quot;&quot;,&quot;camera&quot;:&quot;iPhone 4S&quot;,&quot;caption&quot;:&quot;&quot;,&quot;created_timestamp&quot;:&quot;1522248506&quot;,&quot;copyright&quot;:&quot;&quot;,&quot;focal_length&quot;:&quot;4.28&quot;,&quot;iso&quot;:&quot;50&quot;,&quot;shutter_speed&quot;:&quot;0.05&quot;,&quot;title&quot;:&quot;&quot;,&quot;orientation&quot;:&quot;1&quot;}\" data-image-title=\"fleur en feutrine\" data-image-description=\"\" data-image-caption=\"\" data-large-file=\"https:\/\/i0.wp.com\/www.jojoenherbe.com\/wp-content\/uploads\/2018\/04\/IMG_7900.jpg?fit=676%2C507&amp;ssl=1\" class=\"alignleft size-thumbnail wp-image-2373\" src=\"https:\/\/i0.wp.com\/www.jojoenherbe.com\/wp-content\/uploads\/2018\/04\/IMG_7900.jpg?resize=150%2C150\" alt=\"\" width=\"150\" height=\"150\" srcset=\"https:\/\/i0.wp.com\/www.jojoenherbe.com\/wp-content\/uploads\/2018\/04\/IMG_7900.jpg?resize=150%2C150&amp;ssl=1 150w, https:\/\/i0.wp.com\/www.jojoenherbe.com\/wp-content\/uploads\/2018\/04\/IMG_7900.jpg?zoom=2&amp;resize=150%2C150 300w, https:\/\/i0.wp.com\/www.jojoenherbe.com\/wp-content\/uploads\/2018\/04\/IMG_7900.jpg?zoom=3&amp;resize=150%2C150 450w\" sizes=\"auto, (max-width: 150px) 100vw, 150px\" \/><\/a> <a href=\"https:\/\/i0.wp.com\/www.jojoenherbe.com\/wp-content\/uploads\/2018\/04\/IMG_7901.jpg\"><img data-recalc-dims=\"1\" loading=\"lazy\" decoding=\"async\" data-attachment-id=\"2374\" data-permalink=\"https:\/\/www.jojoenherbe.com\/index.php\/2018\/04\/19\/sous-des-airs-de-printemps\/img_7901\/\" data-orig-file=\"https:\/\/i0.wp.com\/www.jojoenherbe.com\/wp-content\/uploads\/2018\/04\/IMG_7901.jpg?fit=3264%2C2448&amp;ssl=1\" data-orig-size=\"3264,2448\" data-comments-opened=\"1\" data-image-meta=\"{&quot;aperture&quot;:&quot;2.4&quot;,&quot;credit&quot;:&quot;&quot;,&quot;camera&quot;:&quot;iPhone 4S&quot;,&quot;caption&quot;:&quot;&quot;,&quot;created_timestamp&quot;:&quot;1522250179&quot;,&quot;copyright&quot;:&quot;&quot;,&quot;focal_length&quot;:&quot;4.28&quot;,&quot;iso&quot;:&quot;50&quot;,&quot;shutter_speed&quot;:&quot;0.033333333333333&quot;,&quot;title&quot;:&quot;&quot;,&quot;orientation&quot;:&quot;1&quot;}\" data-image-title=\"fleur en feutrine\" data-image-description=\"\" data-image-caption=\"\" data-large-file=\"https:\/\/i0.wp.com\/www.jojoenherbe.com\/wp-content\/uploads\/2018\/04\/IMG_7901.jpg?fit=676%2C507&amp;ssl=1\" class=\"alignleft size-thumbnail wp-image-2374\" src=\"https:\/\/i0.wp.com\/www.jojoenherbe.com\/wp-content\/uploads\/2018\/04\/IMG_7901.jpg?resize=150%2C150\" alt=\"\" width=\"150\" height=\"150\" srcset=\"https:\/\/i0.wp.com\/www.jojoenherbe.com\/wp-content\/uploads\/2018\/04\/IMG_7901.jpg?resize=150%2C150&amp;ssl=1 150w, https:\/\/i0.wp.com\/www.jojoenherbe.com\/wp-content\/uploads\/2018\/04\/IMG_7901.jpg?zoom=2&amp;resize=150%2C150 300w, https:\/\/i0.wp.com\/www.jojoenherbe.com\/wp-content\/uploads\/2018\/04\/IMG_7901.jpg?zoom=3&amp;resize=150%2C150 450w\" sizes=\"auto, (max-width: 150px) 100vw, 150px\" \/><\/a> <a href=\"https:\/\/i0.wp.com\/www.jojoenherbe.com\/wp-content\/uploads\/2018\/04\/IMG_7903.jpg\"><img data-recalc-dims=\"1\" loading=\"lazy\" decoding=\"async\" data-attachment-id=\"2375\" data-permalink=\"https:\/\/www.jojoenherbe.com\/index.php\/2018\/04\/19\/sous-des-airs-de-printemps\/img_7903\/\" data-orig-file=\"https:\/\/i0.wp.com\/www.jojoenherbe.com\/wp-content\/uploads\/2018\/04\/IMG_7903.jpg?fit=2084%2C2703&amp;ssl=1\" data-orig-size=\"2084,2703\" data-comments-opened=\"1\" data-image-meta=\"{&quot;aperture&quot;:&quot;2.4&quot;,&quot;credit&quot;:&quot;&quot;,&quot;camera&quot;:&quot;iPhone 4S&quot;,&quot;caption&quot;:&quot;&quot;,&quot;created_timestamp&quot;:&quot;1522252301&quot;,&quot;copyright&quot;:&quot;&quot;,&quot;focal_length&quot;:&quot;4.28&quot;,&quot;iso&quot;:&quot;125&quot;,&quot;shutter_speed&quot;:&quot;0.05&quot;,&quot;title&quot;:&quot;&quot;,&quot;orientation&quot;:&quot;1&quot;}\" data-image-title=\"fleur en feutrine\" data-image-description=\"\" data-image-caption=\"\" data-large-file=\"https:\/\/i0.wp.com\/www.jojoenherbe.com\/wp-content\/uploads\/2018\/04\/IMG_7903.jpg?fit=676%2C877&amp;ssl=1\" class=\"alignleft size-thumbnail wp-image-2375\" src=\"https:\/\/i0.wp.com\/www.jojoenherbe.com\/wp-content\/uploads\/2018\/04\/IMG_7903.jpg?resize=150%2C150\" alt=\"\" width=\"150\" height=\"150\" srcset=\"https:\/\/i0.wp.com\/www.jojoenherbe.com\/wp-content\/uploads\/2018\/04\/IMG_7903.jpg?resize=150%2C150&amp;ssl=1 150w, https:\/\/i0.wp.com\/www.jojoenherbe.com\/wp-content\/uploads\/2018\/04\/IMG_7903.jpg?zoom=2&amp;resize=150%2C150 300w, https:\/\/i0.wp.com\/www.jojoenherbe.com\/wp-content\/uploads\/2018\/04\/IMG_7903.jpg?zoom=3&amp;resize=150%2C150 450w\" sizes=\"auto, (max-width: 150px) 100vw, 150px\" \/><\/a>Puis nous faisons une autre fleur rouge mais diff\u00e9rente de la premi\u00e8re. Nous d\u00e9coupons d&rsquo;abord 5 morceaux identiques en forme de p\u00e9tales dans de la feutrine rouge. Nous les relions avec du fil rouge. Nous suivons le m\u00eame processus pour une deuxi\u00e8me \u00e9paisseur avec cette fois 4 morceaux. Nous cousons, au centre, une perle rouge. Puis nous d\u00e9coupons deux morceaux en forme de tige dans de la feutrine verte. Nous commen\u00e7ons par les coudre sur la plus petite partie sous les p\u00e9tales. Puis nous cousons les c\u00f4t\u00e9s mais pas enti\u00e8rement. En effet, nous enroulons les derniers centim\u00e8tres de la tige pour en faire des feuilles que nous cousons \u00e9galement. Et voil\u00e0 une belle fleur printani\u00e8re!<br \/>\n<\/em><\/p>\n<p style=\"text-align: justify;\"><em><a href=\"https:\/\/i0.wp.com\/www.jojoenherbe.com\/wp-content\/uploads\/2018\/04\/IMG_7960.jpg\"><img data-recalc-dims=\"1\" loading=\"lazy\" decoding=\"async\" data-attachment-id=\"2376\" data-permalink=\"https:\/\/www.jojoenherbe.com\/index.php\/2018\/04\/19\/sous-des-airs-de-printemps\/img_7960\/\" data-orig-file=\"https:\/\/i0.wp.com\/www.jojoenherbe.com\/wp-content\/uploads\/2018\/04\/IMG_7960.jpg?fit=2244%2C2689&amp;ssl=1\" data-orig-size=\"2244,2689\" data-comments-opened=\"1\" data-image-meta=\"{&quot;aperture&quot;:&quot;2.4&quot;,&quot;credit&quot;:&quot;&quot;,&quot;camera&quot;:&quot;iPhone 4S&quot;,&quot;caption&quot;:&quot;&quot;,&quot;created_timestamp&quot;:&quot;1522265085&quot;,&quot;copyright&quot;:&quot;&quot;,&quot;focal_length&quot;:&quot;4.28&quot;,&quot;iso&quot;:&quot;320&quot;,&quot;shutter_speed&quot;:&quot;0.05&quot;,&quot;title&quot;:&quot;&quot;,&quot;orientation&quot;:&quot;1&quot;}\" data-image-title=\"abeille et fleurs en feutrine\" data-image-description=\"\" data-image-caption=\"\" data-large-file=\"https:\/\/i0.wp.com\/www.jojoenherbe.com\/wp-content\/uploads\/2018\/04\/IMG_7960.jpg?fit=676%2C810&amp;ssl=1\" class=\"size-thumbnail wp-image-2376 alignright\" src=\"https:\/\/i0.wp.com\/www.jojoenherbe.com\/wp-content\/uploads\/2018\/04\/IMG_7960.jpg?resize=150%2C150\" alt=\"\" width=\"150\" height=\"150\" srcset=\"https:\/\/i0.wp.com\/www.jojoenherbe.com\/wp-content\/uploads\/2018\/04\/IMG_7960.jpg?resize=150%2C150&amp;ssl=1 150w, https:\/\/i0.wp.com\/www.jojoenherbe.com\/wp-content\/uploads\/2018\/04\/IMG_7960.jpg?zoom=2&amp;resize=150%2C150 300w, https:\/\/i0.wp.com\/www.jojoenherbe.com\/wp-content\/uploads\/2018\/04\/IMG_7960.jpg?zoom=3&amp;resize=150%2C150 450w\" sizes=\"auto, (max-width: 150px) 100vw, 150px\" \/><\/a> <a href=\"https:\/\/i0.wp.com\/www.jojoenherbe.com\/wp-content\/uploads\/2018\/04\/IMG_7961.jpg\"><img data-recalc-dims=\"1\" loading=\"lazy\" decoding=\"async\" data-attachment-id=\"2377\" data-permalink=\"https:\/\/www.jojoenherbe.com\/index.php\/2018\/04\/19\/sous-des-airs-de-printemps\/img_7961\/\" data-orig-file=\"https:\/\/i0.wp.com\/www.jojoenherbe.com\/wp-content\/uploads\/2018\/04\/IMG_7961.jpg?fit=2448%2C2374&amp;ssl=1\" data-orig-size=\"2448,2374\" data-comments-opened=\"1\" data-image-meta=\"{&quot;aperture&quot;:&quot;2.4&quot;,&quot;credit&quot;:&quot;&quot;,&quot;camera&quot;:&quot;iPhone 4S&quot;,&quot;caption&quot;:&quot;&quot;,&quot;created_timestamp&quot;:&quot;1522265107&quot;,&quot;copyright&quot;:&quot;&quot;,&quot;focal_length&quot;:&quot;4.28&quot;,&quot;iso&quot;:&quot;320&quot;,&quot;shutter_speed&quot;:&quot;0.05&quot;,&quot;title&quot;:&quot;&quot;,&quot;orientation&quot;:&quot;1&quot;}\" data-image-title=\"abeille et fleurs en feutrine\" data-image-description=\"\" data-image-caption=\"\" data-large-file=\"https:\/\/i0.wp.com\/www.jojoenherbe.com\/wp-content\/uploads\/2018\/04\/IMG_7961.jpg?fit=676%2C656&amp;ssl=1\" class=\"size-thumbnail wp-image-2377 alignright\" src=\"https:\/\/i0.wp.com\/www.jojoenherbe.com\/wp-content\/uploads\/2018\/04\/IMG_7961.jpg?resize=150%2C150\" alt=\"\" width=\"150\" height=\"150\" srcset=\"https:\/\/i0.wp.com\/www.jojoenherbe.com\/wp-content\/uploads\/2018\/04\/IMG_7961.jpg?resize=150%2C150&amp;ssl=1 150w, https:\/\/i0.wp.com\/www.jojoenherbe.com\/wp-content\/uploads\/2018\/04\/IMG_7961.jpg?zoom=2&amp;resize=150%2C150 300w, https:\/\/i0.wp.com\/www.jojoenherbe.com\/wp-content\/uploads\/2018\/04\/IMG_7961.jpg?zoom=3&amp;resize=150%2C150 450w\" sizes=\"auto, (max-width: 150px) 100vw, 150px\" \/><\/a>Enfin, nous cr\u00e9ons une abeille apr\u00e8s avoir dessin\u00e9 un patron. Nous d\u00e9butons par la t\u00eate et le corps de l&rsquo;abeille en d\u00e9coupant deux morceaux identiques avec l&rsquo;aide du patron dans de la feutrine jaune. Puis nous d\u00e9coupons des bandes noires en nous servant \u00e9galement du patron. Nous cousons ces bandes des deux c\u00f4t\u00e9s de ce qui fera le corps de l&rsquo;abeille. Puis nous faisons quelques points avec du fil rouge pour former un sourire sur le visage de l&rsquo;abeille. Nous collons ensuite des yeux. Nous reprenons notre patron pour d\u00e9couper, \u00e0 chaque fois en double (pour plus d&rsquo;\u00e9paisseur), les antennes dans de la feutrine noire et les ailes dans de la feutrine blanche. Puis nous commen\u00e7ons \u00e0 coudre du fil noir sur les antennes. Puis nous prenons du fil jaune pour coudre les parties jaunes et noires tout en int\u00e9grant les ailes blanches, \u00e9tant pr\u00e9cis\u00e9 que les ailes ne sont cousues que le long du corps. En effet, cela permet de jouer avec les ailes en les ouvrant et fermant. A l&rsquo;instar de la fleur violette, avant de finir la couture ext\u00e9rieure, nous rembourrons l&rsquo;int\u00e9rieur avec de la nicofibres. Bzz, bzz, l&rsquo;abeille est pr\u00eate!<br \/>\n<\/em><\/p>\n","protected":false},"excerpt":{"rendered":"<p>Le printemps ayant enfin d\u00e9cid\u00e9 de montrer le bout de son nez, nous pouvons nous amuser avec un bac sensoriel sur le th\u00e8me du printemps. Pour r\u00e9aliser ce bac sensoriel, nous avons r\u00e9alis\u00e9 des fleurs et une abeille en feutrine. Nous commen\u00e7ons par coudre une fleur de couleur violette. Sur une face, nous cousons un [&hellip;]<\/p>\n","protected":false},"author":1,"featured_media":2380,"comment_status":"open","ping_status":"open","sticky":false,"template":"","format":"standard","meta":{"jetpack_post_was_ever_published":false,"_jetpack_newsletter_access":"","_jetpack_dont_email_post_to_subs":false,"_jetpack_newsletter_tier_id":0,"_jetpack_memberships_contains_paywalled_content":false,"_jetpack_memberships_contains_paid_content":false,"footnotes":""},"categories":[17],"tags":[20,208,209,107,207],"class_list":["post-2370","post","type-post","status-publish","format-standard","has-post-thumbnail","hentry","category-mini-joueur","tag-activites-pour-les-enfants","tag-bac-sensoriel","tag-diy","tag-feutrine","tag-printemps","post-preview"],"jetpack_featured_media_url":"https:\/\/i0.wp.com\/www.jojoenherbe.com\/wp-content\/uploads\/2018\/04\/Panorama-2.jpg?fit=4453%2C2703&ssl=1","jetpack_sharing_enabled":true,"jetpack_shortlink":"https:\/\/wp.me\/p9zhGx-Ce","jetpack_likes_enabled":true,"jetpack-related-posts":[{"id":6501,"url":"https:\/\/www.jojoenherbe.com\/index.php\/2019\/06\/21\/un-bac-sensoriel-sur-lete\/","url_meta":{"origin":2370,"position":0},"title":"Un bac sensoriel sur l&rsquo;\u00e9t\u00e9","author":"Jojo","date":"21 juin 2019","format":false,"excerpt":"En ce premier jour de l'\u00e9t\u00e9, nous faisons un bac sensoriel sur ce th\u00e8me avec une plage artificielle, quelques figurines playmobil, l\u00e9gos et autres petits jouets, ainsi que des cailloux et des coquillages. Pour la mer, je verse dans une bouteille de l'eau, quelques gouttes de colorant alimentaire bleu et\u2026","rel":"","context":"Dans &quot;Mini joueur&quot;","block_context":{"text":"Mini joueur","link":"https:\/\/www.jojoenherbe.com\/index.php\/category\/mini-decouvreur\/mini-joueur\/"},"img":{"alt_text":"","src":"https:\/\/i0.wp.com\/www.jojoenherbe.com\/wp-content\/uploads\/2019\/06\/bac-sensoriel-2-1.jpg?fit=1200%2C854&ssl=1&resize=350%2C200","width":350,"height":200,"srcset":"https:\/\/i0.wp.com\/www.jojoenherbe.com\/wp-content\/uploads\/2019\/06\/bac-sensoriel-2-1.jpg?fit=1200%2C854&ssl=1&resize=350%2C200 1x, https:\/\/i0.wp.com\/www.jojoenherbe.com\/wp-content\/uploads\/2019\/06\/bac-sensoriel-2-1.jpg?fit=1200%2C854&ssl=1&resize=525%2C300 1.5x, https:\/\/i0.wp.com\/www.jojoenherbe.com\/wp-content\/uploads\/2019\/06\/bac-sensoriel-2-1.jpg?fit=1200%2C854&ssl=1&resize=700%2C400 2x, https:\/\/i0.wp.com\/www.jojoenherbe.com\/wp-content\/uploads\/2019\/06\/bac-sensoriel-2-1.jpg?fit=1200%2C854&ssl=1&resize=1050%2C600 3x"},"classes":[]},{"id":2984,"url":"https:\/\/www.jojoenherbe.com\/index.php\/2018\/06\/26\/animaux-en-curepipe\/","url_meta":{"origin":2370,"position":1},"title":"Animaux en curepipe","author":"Jojo","date":"26 juin 2018","format":false,"excerpt":"Nous faisons quelques animaux en curepipe refl\u00e9tant ce temps de juin, passant d'un temps orageux ou tr\u00e8s - trop - ensoleill\u00e9 selon les heures de la journ\u00e9e. Nous commen\u00e7ons \u00e0 cr\u00e9er un escargot avec des fils chenille jaunes. Puis nous faisons une libellule bleue avec des fils chenille bleus clairs\u2026","rel":"","context":"Dans &quot;Mini joueur&quot;","block_context":{"text":"Mini joueur","link":"https:\/\/www.jojoenherbe.com\/index.php\/category\/mini-decouvreur\/mini-joueur\/"},"img":{"alt_text":"","src":"https:\/\/i0.wp.com\/www.jojoenherbe.com\/wp-content\/uploads\/2018\/06\/curepipe-escargot-et-libellule-2.jpg?fit=930%2C1200&ssl=1&resize=350%2C200","width":350,"height":200,"srcset":"https:\/\/i0.wp.com\/www.jojoenherbe.com\/wp-content\/uploads\/2018\/06\/curepipe-escargot-et-libellule-2.jpg?fit=930%2C1200&ssl=1&resize=350%2C200 1x, https:\/\/i0.wp.com\/www.jojoenherbe.com\/wp-content\/uploads\/2018\/06\/curepipe-escargot-et-libellule-2.jpg?fit=930%2C1200&ssl=1&resize=525%2C300 1.5x, https:\/\/i0.wp.com\/www.jojoenherbe.com\/wp-content\/uploads\/2018\/06\/curepipe-escargot-et-libellule-2.jpg?fit=930%2C1200&ssl=1&resize=700%2C400 2x"},"classes":[]},{"id":953,"url":"https:\/\/www.jojoenherbe.com\/index.php\/2018\/02\/06\/quiet-book-en-feutrine\/","url_meta":{"origin":2370,"position":2},"title":"Quiet book en feutrine","author":"Jojo","date":"6 f\u00e9vrier 2018","format":false,"excerpt":"Depuis plusieurs jours, nous avons commenc\u00e9 la cr\u00e9ation d'un quiet book ou livre sensoriel en feutrine. Il s'agit d'un livre d'activit\u00e9s pour les enfants \u00e2g\u00e9s d'environ 2 ans. L'avantage \u00e0 le faire soi-m\u00eame est de pouvoir personnaliser les pages et les varier r\u00e9guli\u00e8rement. Nous en faisons un avec des pages\u2026","rel":"","context":"Dans &quot;Mini couturier&quot;","block_context":{"text":"Mini couturier","link":"https:\/\/www.jojoenherbe.com\/index.php\/category\/mini-decouvreur\/mini-couturier\/"},"img":{"alt_text":"","src":"https:\/\/i0.wp.com\/www.jojoenherbe.com\/wp-content\/uploads\/2018\/02\/IMG_3803.jpg?fit=1090%2C1200&ssl=1&resize=350%2C200","width":350,"height":200,"srcset":"https:\/\/i0.wp.com\/www.jojoenherbe.com\/wp-content\/uploads\/2018\/02\/IMG_3803.jpg?fit=1090%2C1200&ssl=1&resize=350%2C200 1x, https:\/\/i0.wp.com\/www.jojoenherbe.com\/wp-content\/uploads\/2018\/02\/IMG_3803.jpg?fit=1090%2C1200&ssl=1&resize=525%2C300 1.5x, https:\/\/i0.wp.com\/www.jojoenherbe.com\/wp-content\/uploads\/2018\/02\/IMG_3803.jpg?fit=1090%2C1200&ssl=1&resize=700%2C400 2x, https:\/\/i0.wp.com\/www.jojoenherbe.com\/wp-content\/uploads\/2018\/02\/IMG_3803.jpg?fit=1090%2C1200&ssl=1&resize=1050%2C600 3x"},"classes":[]},{"id":5658,"url":"https:\/\/www.jojoenherbe.com\/index.php\/2019\/04\/24\/une-roue-de-la-semaine-printaniere\/","url_meta":{"origin":2370,"position":3},"title":"Une roue de la semaine printani\u00e8re","author":"Jojo","date":"24 avril 2019","format":false,"excerpt":"Avec un peu de retard, je fais une nouvelle roue de la semaine qui va remplacer celle faite cet hiver. Le printemps est, en effet, bien avanc\u00e9, malgr\u00e9 la pluie de ces derniers jours (ah avril et ses giboul\u00e9es!). L'id\u00e9e m'est venue apr\u00e8s que nous ayons pass\u00e9 la matin\u00e9e \u00e0\u2026","rel":"","context":"Dans &quot;Mini joueur&quot;","block_context":{"text":"Mini joueur","link":"https:\/\/www.jojoenherbe.com\/index.php\/category\/mini-decouvreur\/mini-joueur\/"},"img":{"alt_text":"","src":"https:\/\/i0.wp.com\/www.jojoenherbe.com\/wp-content\/uploads\/2019\/04\/roue-de-la-semaine-printemps.jpg?fit=1200%2C757&ssl=1&resize=350%2C200","width":350,"height":200,"srcset":"https:\/\/i0.wp.com\/www.jojoenherbe.com\/wp-content\/uploads\/2019\/04\/roue-de-la-semaine-printemps.jpg?fit=1200%2C757&ssl=1&resize=350%2C200 1x, https:\/\/i0.wp.com\/www.jojoenherbe.com\/wp-content\/uploads\/2019\/04\/roue-de-la-semaine-printemps.jpg?fit=1200%2C757&ssl=1&resize=525%2C300 1.5x, https:\/\/i0.wp.com\/www.jojoenherbe.com\/wp-content\/uploads\/2019\/04\/roue-de-la-semaine-printemps.jpg?fit=1200%2C757&ssl=1&resize=700%2C400 2x, https:\/\/i0.wp.com\/www.jojoenherbe.com\/wp-content\/uploads\/2019\/04\/roue-de-la-semaine-printemps.jpg?fit=1200%2C757&ssl=1&resize=1050%2C600 3x"},"classes":[]},{"id":6749,"url":"https:\/\/www.jojoenherbe.com\/index.php\/2019\/07\/13\/un-jeu-sensoriel-amusant-avec-des-perles-deau\/","url_meta":{"origin":2370,"position":4},"title":"Un jeu sensoriel amusant avec des perles d&rsquo;eau","author":"Jojo","date":"13 juillet 2019","format":false,"excerpt":"Cette semaine, nous avons beaucoup jou\u00e9 avec des perles d'eau, ce qui \u00e9tait vraiment tr\u00e8s amusant. Alors, pour cette semaine 28 du Projet 52-2019 de Du C\u00f4t\u00e9 de Chez Ma\u2019, ma photo est toute trouv\u00e9e pour illustrer le th\u00e8me \"Amusant\". Nous nous sommes, en effet, bien amus\u00e9s \u00e0 lib\u00e9rer les\u2026","rel":"","context":"Dans &quot;Mini joueur&quot;","block_context":{"text":"Mini joueur","link":"https:\/\/www.jojoenherbe.com\/index.php\/category\/mini-decouvreur\/mini-joueur\/"},"img":{"alt_text":"","src":"https:\/\/i0.wp.com\/www.jojoenherbe.com\/wp-content\/uploads\/2019\/07\/perles-deau-11.jpg?fit=1200%2C808&ssl=1&resize=350%2C200","width":350,"height":200,"srcset":"https:\/\/i0.wp.com\/www.jojoenherbe.com\/wp-content\/uploads\/2019\/07\/perles-deau-11.jpg?fit=1200%2C808&ssl=1&resize=350%2C200 1x, https:\/\/i0.wp.com\/www.jojoenherbe.com\/wp-content\/uploads\/2019\/07\/perles-deau-11.jpg?fit=1200%2C808&ssl=1&resize=525%2C300 1.5x, https:\/\/i0.wp.com\/www.jojoenherbe.com\/wp-content\/uploads\/2019\/07\/perles-deau-11.jpg?fit=1200%2C808&ssl=1&resize=700%2C400 2x, https:\/\/i0.wp.com\/www.jojoenherbe.com\/wp-content\/uploads\/2019\/07\/perles-deau-11.jpg?fit=1200%2C808&ssl=1&resize=1050%2C600 3x"},"classes":[]},{"id":5137,"url":"https:\/\/www.jojoenherbe.com\/index.php\/2019\/03\/20\/au-fil-des-pages-sur-le-theme-du-printemps\/","url_meta":{"origin":2370,"position":5},"title":"Au fil des pages sur le th\u00e8me du printemps","author":"Jojo","date":"20 mars 2019","format":false,"excerpt":"Nous avons d\u00e9couvert la famille \u00e9cureuil de Kazuo Iwamura (\u00e9d. Mijade, 2016) en suivant les aventures automnales de Nic, Nac et Noc dans Tout est rouge puis hivernales avec Vive la neige. Nous les retrouvons, avec beaucoup de plaisir, dans deux histoires printani\u00e8res. Les illustrations sont toujours aussi splendides, le\u2026","rel":"","context":"Dans &quot;Mini lecteur&quot;","block_context":{"text":"Mini lecteur","link":"https:\/\/www.jojoenherbe.com\/index.php\/category\/mini-lecteur\/"},"img":{"alt_text":"","src":"https:\/\/i0.wp.com\/www.jojoenherbe.com\/wp-content\/uploads\/2019\/03\/%C3%A9cureuils-Kazuo-Iwamura.jpg?fit=1200%2C867&ssl=1&resize=350%2C200","width":350,"height":200,"srcset":"https:\/\/i0.wp.com\/www.jojoenherbe.com\/wp-content\/uploads\/2019\/03\/%C3%A9cureuils-Kazuo-Iwamura.jpg?fit=1200%2C867&ssl=1&resize=350%2C200 1x, https:\/\/i0.wp.com\/www.jojoenherbe.com\/wp-content\/uploads\/2019\/03\/%C3%A9cureuils-Kazuo-Iwamura.jpg?fit=1200%2C867&ssl=1&resize=525%2C300 1.5x, https:\/\/i0.wp.com\/www.jojoenherbe.com\/wp-content\/uploads\/2019\/03\/%C3%A9cureuils-Kazuo-Iwamura.jpg?fit=1200%2C867&ssl=1&resize=700%2C400 2x, https:\/\/i0.wp.com\/www.jojoenherbe.com\/wp-content\/uploads\/2019\/03\/%C3%A9cureuils-Kazuo-Iwamura.jpg?fit=1200%2C867&ssl=1&resize=1050%2C600 3x"},"classes":[]}],"_links":{"self":[{"href":"https:\/\/www.jojoenherbe.com\/index.php\/wp-json\/wp\/v2\/posts\/2370","targetHints":{"allow":["GET"]}}],"collection":[{"href":"https:\/\/www.jojoenherbe.com\/index.php\/wp-json\/wp\/v2\/posts"}],"about":[{"href":"https:\/\/www.jojoenherbe.com\/index.php\/wp-json\/wp\/v2\/types\/post"}],"author":[{"embeddable":true,"href":"https:\/\/www.jojoenherbe.com\/index.php\/wp-json\/wp\/v2\/users\/1"}],"replies":[{"embeddable":true,"href":"https:\/\/www.jojoenherbe.com\/index.php\/wp-json\/wp\/v2\/comments?post=2370"}],"version-history":[{"count":0,"href":"https:\/\/www.jojoenherbe.com\/index.php\/wp-json\/wp\/v2\/posts\/2370\/revisions"}],"wp:featuredmedia":[{"embeddable":true,"href":"https:\/\/www.jojoenherbe.com\/index.php\/wp-json\/wp\/v2\/media\/2380"}],"wp:attachment":[{"href":"https:\/\/www.jojoenherbe.com\/index.php\/wp-json\/wp\/v2\/media?parent=2370"}],"wp:term":[{"taxonomy":"category","embeddable":true,"href":"https:\/\/www.jojoenherbe.com\/index.php\/wp-json\/wp\/v2\/categories?post=2370"},{"taxonomy":"post_tag","embeddable":true,"href":"https:\/\/www.jojoenherbe.com\/index.php\/wp-json\/wp\/v2\/tags?post=2370"}],"curies":[{"name":"wp","href":"https:\/\/api.w.org\/{rel}","templated":true}]}}