{"id":23229,"date":"2022-02-05T12:22:20","date_gmt":"2022-02-05T11:22:20","guid":{"rendered":"https:\/\/www.jojoenherbe.com\/?p=23229"},"modified":"2022-02-05T12:22:49","modified_gmt":"2022-02-05T11:22:49","slug":"semaine-5-du-projet-52-2022-a-la-bougie","status":"publish","type":"post","link":"https:\/\/www.jojoenherbe.com\/index.php\/2022\/02\/05\/semaine-5-du-projet-52-2022-a-la-bougie\/","title":{"rendered":"Semaine 5 du Projet 52-2022: A la bougie"},"content":{"rendered":"<p style=\"text-align: justify;\"><em><a href=\"https:\/\/i0.wp.com\/www.jojoenherbe.com\/wp-content\/uploads\/2022\/02\/Talmont-sur-Gironde-soiree-bougies-3-scaled.jpg\"><img data-recalc-dims=\"1\" loading=\"lazy\" decoding=\"async\" data-attachment-id=\"23908\" data-permalink=\"https:\/\/www.jojoenherbe.com\/index.php\/2022\/02\/05\/semaine-5-du-projet-52-2022-a-la-bougie\/talmont-sur-gironde-soiree-bougies-3\/\" data-orig-file=\"https:\/\/i0.wp.com\/www.jojoenherbe.com\/wp-content\/uploads\/2022\/02\/Talmont-sur-Gironde-soiree-bougies-3-scaled.jpg?fit=2560%2C1920&amp;ssl=1\" data-orig-size=\"2560,1920\" data-comments-opened=\"1\" data-image-meta=\"{&quot;aperture&quot;:&quot;3.5&quot;,&quot;credit&quot;:&quot;&quot;,&quot;camera&quot;:&quot;DSC-P100&quot;,&quot;caption&quot;:&quot;&quot;,&quot;created_timestamp&quot;:&quot;1250637515&quot;,&quot;copyright&quot;:&quot;&quot;,&quot;focal_length&quot;:&quot;13.7&quot;,&quot;iso&quot;:&quot;320&quot;,&quot;shutter_speed&quot;:&quot;0.125&quot;,&quot;title&quot;:&quot;&quot;,&quot;orientation&quot;:&quot;1&quot;}\" data-image-title=\"Talmont-sur-Gironde (soir\u00e9e bougies) 3\" data-image-description=\"\" data-image-caption=\"\" data-large-file=\"https:\/\/i0.wp.com\/www.jojoenherbe.com\/wp-content\/uploads\/2022\/02\/Talmont-sur-Gironde-soiree-bougies-3-scaled.jpg?fit=676%2C507&amp;ssl=1\" class=\"alignleft size-thumbnail wp-image-23908\" src=\"https:\/\/i0.wp.com\/www.jojoenherbe.com\/wp-content\/uploads\/2022\/02\/Talmont-sur-Gironde-soiree-bougies-3.jpg?resize=150%2C150\" alt=\"\" width=\"150\" height=\"150\" srcset=\"https:\/\/i0.wp.com\/www.jojoenherbe.com\/wp-content\/uploads\/2022\/02\/Talmont-sur-Gironde-soiree-bougies-3-scaled.jpg?resize=150%2C150&amp;ssl=1 150w, https:\/\/i0.wp.com\/www.jojoenherbe.com\/wp-content\/uploads\/2022\/02\/Talmont-sur-Gironde-soiree-bougies-3-scaled.jpg?zoom=2&amp;resize=150%2C150 300w, https:\/\/i0.wp.com\/www.jojoenherbe.com\/wp-content\/uploads\/2022\/02\/Talmont-sur-Gironde-soiree-bougies-3-scaled.jpg?zoom=3&amp;resize=150%2C150 450w\" sizes=\"auto, (max-width: 150px) 100vw, 150px\" \/><\/a><a href=\"https:\/\/i0.wp.com\/www.jojoenherbe.com\/wp-content\/uploads\/2022\/02\/Talmont-sur-Gironde-soiree-bougies-2-scaled.jpg\"><img data-recalc-dims=\"1\" loading=\"lazy\" decoding=\"async\" data-attachment-id=\"23906\" data-permalink=\"https:\/\/www.jojoenherbe.com\/index.php\/2022\/02\/05\/semaine-5-du-projet-52-2022-a-la-bougie\/talmont-sur-gironde-soiree-bougies-2\/\" data-orig-file=\"https:\/\/i0.wp.com\/www.jojoenherbe.com\/wp-content\/uploads\/2022\/02\/Talmont-sur-Gironde-soiree-bougies-2-scaled.jpg?fit=1920%2C2560&amp;ssl=1\" data-orig-size=\"1920,2560\" data-comments-opened=\"1\" data-image-meta=\"{&quot;aperture&quot;:&quot;2.8&quot;,&quot;credit&quot;:&quot;&quot;,&quot;camera&quot;:&quot;DSC-P100&quot;,&quot;caption&quot;:&quot;&quot;,&quot;created_timestamp&quot;:&quot;1250636161&quot;,&quot;copyright&quot;:&quot;&quot;,&quot;focal_length&quot;:&quot;7.9&quot;,&quot;iso&quot;:&quot;320&quot;,&quot;shutter_speed&quot;:&quot;0.125&quot;,&quot;title&quot;:&quot;&quot;,&quot;orientation&quot;:&quot;0&quot;}\" data-image-title=\"Talmont-sur-Gironde (soir\u00e9e bougies) 2\" data-image-description=\"\" data-image-caption=\"\" data-large-file=\"https:\/\/i0.wp.com\/www.jojoenherbe.com\/wp-content\/uploads\/2022\/02\/Talmont-sur-Gironde-soiree-bougies-2-scaled.jpg?fit=676%2C901&amp;ssl=1\" class=\"alignleft size-thumbnail wp-image-23906\" src=\"https:\/\/i0.wp.com\/www.jojoenherbe.com\/wp-content\/uploads\/2022\/02\/Talmont-sur-Gironde-soiree-bougies-2.jpg?resize=150%2C150\" alt=\"\" width=\"150\" height=\"150\" srcset=\"https:\/\/i0.wp.com\/www.jojoenherbe.com\/wp-content\/uploads\/2022\/02\/Talmont-sur-Gironde-soiree-bougies-2-scaled.jpg?resize=150%2C150&amp;ssl=1 150w, https:\/\/i0.wp.com\/www.jojoenherbe.com\/wp-content\/uploads\/2022\/02\/Talmont-sur-Gironde-soiree-bougies-2-scaled.jpg?zoom=2&amp;resize=150%2C150 300w, https:\/\/i0.wp.com\/www.jojoenherbe.com\/wp-content\/uploads\/2022\/02\/Talmont-sur-Gironde-soiree-bougies-2-scaled.jpg?zoom=3&amp;resize=150%2C150 450w\" sizes=\"auto, (max-width: 150px) 100vw, 150px\" \/><\/a>Pour la semaine 5 du Projet 52-2022 de Du c\u00f4t\u00e9 de chez Ma\u2019, le th\u00e8me est \u00ab\u00a0<a href=\"https:\/\/ducotedechezma.wordpress.com\/2022\/02\/05\/projet-52-2022-semaine-5-a-la-bougie\/\">\u00c0 la bougie<\/a>\u00ab\u00a0. Cela m&rsquo;a tout de suite fait penser aux soir\u00e9es \u00e0 la lueur des bougies organis\u00e9es chaque ann\u00e9e, tous les mardis de juillet et ao\u00fbt, par les commer\u00e7ants et restaurateurs de Talmont-sur-Gironde, charmant village de Charente-Maritime.<\/em><\/p>\n<p style=\"text-align: justify;\"><em><a href=\"https:\/\/i0.wp.com\/www.jojoenherbe.com\/wp-content\/uploads\/2022\/02\/Talmont-sur-Gironde-rose-tremiere-2-scaled.jpg\"><img data-recalc-dims=\"1\" loading=\"lazy\" decoding=\"async\" data-attachment-id=\"23904\" data-permalink=\"https:\/\/www.jojoenherbe.com\/index.php\/2022\/02\/05\/semaine-5-du-projet-52-2022-a-la-bougie\/talmont-sur-gironde-rose-tremiere-2\/\" data-orig-file=\"https:\/\/i0.wp.com\/www.jojoenherbe.com\/wp-content\/uploads\/2022\/02\/Talmont-sur-Gironde-rose-tremiere-2-scaled.jpg?fit=1920%2C2560&amp;ssl=1\" data-orig-size=\"1920,2560\" data-comments-opened=\"1\" data-image-meta=\"{&quot;aperture&quot;:&quot;2.8&quot;,&quot;credit&quot;:&quot;&quot;,&quot;camera&quot;:&quot;DSC-P100&quot;,&quot;caption&quot;:&quot;&quot;,&quot;created_timestamp&quot;:&quot;1250638159&quot;,&quot;copyright&quot;:&quot;&quot;,&quot;focal_length&quot;:&quot;7.9&quot;,&quot;iso&quot;:&quot;320&quot;,&quot;shutter_speed&quot;:&quot;0.125&quot;,&quot;title&quot;:&quot;&quot;,&quot;orientation&quot;:&quot;0&quot;}\" data-image-title=\"Talmont-sur-Gironde &amp;#8211; rose tr\u00e9mi\u00e8re 2\" data-image-description=\"\" data-image-caption=\"\" data-large-file=\"https:\/\/i0.wp.com\/www.jojoenherbe.com\/wp-content\/uploads\/2022\/02\/Talmont-sur-Gironde-rose-tremiere-2-scaled.jpg?fit=676%2C901&amp;ssl=1\" class=\"size-thumbnail wp-image-23904 alignright\" src=\"https:\/\/i0.wp.com\/www.jojoenherbe.com\/wp-content\/uploads\/2022\/02\/Talmont-sur-Gironde-rose-tremiere-2.jpg?resize=150%2C150\" alt=\"\" width=\"150\" height=\"150\" srcset=\"https:\/\/i0.wp.com\/www.jojoenherbe.com\/wp-content\/uploads\/2022\/02\/Talmont-sur-Gironde-rose-tremiere-2-scaled.jpg?resize=150%2C150&amp;ssl=1 150w, https:\/\/i0.wp.com\/www.jojoenherbe.com\/wp-content\/uploads\/2022\/02\/Talmont-sur-Gironde-rose-tremiere-2-scaled.jpg?zoom=2&amp;resize=150%2C150 300w, https:\/\/i0.wp.com\/www.jojoenherbe.com\/wp-content\/uploads\/2022\/02\/Talmont-sur-Gironde-rose-tremiere-2-scaled.jpg?zoom=3&amp;resize=150%2C150 450w\" sizes=\"auto, (max-width: 150px) 100vw, 150px\" \/><\/a> <a href=\"https:\/\/i0.wp.com\/www.jojoenherbe.com\/wp-content\/uploads\/2022\/02\/Talmont-sur-Gironde-rose-tremiere-scaled.jpg\"><img data-recalc-dims=\"1\" loading=\"lazy\" decoding=\"async\" data-attachment-id=\"23905\" data-permalink=\"https:\/\/www.jojoenherbe.com\/index.php\/2022\/02\/05\/semaine-5-du-projet-52-2022-a-la-bougie\/talmont-sur-gironde-rose-tremiere\/\" data-orig-file=\"https:\/\/i0.wp.com\/www.jojoenherbe.com\/wp-content\/uploads\/2022\/02\/Talmont-sur-Gironde-rose-tremiere-scaled.jpg?fit=1920%2C2560&amp;ssl=1\" data-orig-size=\"1920,2560\" data-comments-opened=\"1\" data-image-meta=\"{&quot;aperture&quot;:&quot;2.8&quot;,&quot;credit&quot;:&quot;&quot;,&quot;camera&quot;:&quot;DSC-P100&quot;,&quot;caption&quot;:&quot;&quot;,&quot;created_timestamp&quot;:&quot;1250637009&quot;,&quot;copyright&quot;:&quot;&quot;,&quot;focal_length&quot;:&quot;7.9&quot;,&quot;iso&quot;:&quot;320&quot;,&quot;shutter_speed&quot;:&quot;0.125&quot;,&quot;title&quot;:&quot;&quot;,&quot;orientation&quot;:&quot;0&quot;}\" data-image-title=\"Talmont-sur-Gironde &amp;#8211; rose tr\u00e9mi\u00e8re\" data-image-description=\"\" data-image-caption=\"\" data-large-file=\"https:\/\/i0.wp.com\/www.jojoenherbe.com\/wp-content\/uploads\/2022\/02\/Talmont-sur-Gironde-rose-tremiere-scaled.jpg?fit=676%2C901&amp;ssl=1\" class=\"size-thumbnail wp-image-23905 alignright\" src=\"https:\/\/i0.wp.com\/www.jojoenherbe.com\/wp-content\/uploads\/2022\/02\/Talmont-sur-Gironde-rose-tremiere.jpg?resize=150%2C150\" alt=\"\" width=\"150\" height=\"150\" srcset=\"https:\/\/i0.wp.com\/www.jojoenherbe.com\/wp-content\/uploads\/2022\/02\/Talmont-sur-Gironde-rose-tremiere-scaled.jpg?resize=150%2C150&amp;ssl=1 150w, https:\/\/i0.wp.com\/www.jojoenherbe.com\/wp-content\/uploads\/2022\/02\/Talmont-sur-Gironde-rose-tremiere-scaled.jpg?zoom=2&amp;resize=150%2C150 300w, https:\/\/i0.wp.com\/www.jojoenherbe.com\/wp-content\/uploads\/2022\/02\/Talmont-sur-Gironde-rose-tremiere-scaled.jpg?zoom=3&amp;resize=150%2C150 450w\" sizes=\"auto, (max-width: 150px) 100vw, 150px\" \/><\/a>Le 18 ao\u00fbt 2009, apr\u00e8s le restaurant avec une amie, nous avions \u00e9t\u00e9 charm\u00e9es par cette balade nocturne qui nous avaient conduites jusqu&rsquo;\u00e0 <a href=\"https:\/\/www.jojoenherbe.com\/index.php\/2008\/01\/07\/en-toute-quietude-a-talmont-sur-gironde\/\">l\u2019\u00e9glise Sainte-Radegonde<\/a>, en suivant les bougies et les roses tr\u00e9mi\u00e8res dans une ambiance feutr\u00e9e. Un tr\u00e8s bon souvenir d&rsquo;une soir\u00e9e aux bougies que j&rsquo;esp\u00e8re refaire cet \u00e9t\u00e9 si la situation sanitaire le permet en compagnie de la m\u00eame amie!<br \/>\n<\/em><\/p>\n<p><img data-recalc-dims=\"1\" loading=\"lazy\" decoding=\"async\" class=\"wp-image-11409 aligncenter\" src=\"https:\/\/ducotedechezma.files.wordpress.com\/2022\/01\/52-2022_liste_themes_ducotedechezma_.png?w=817&#038;resize=349%2C302\" sizes=\"auto, (max-width: 709px) 85vw, (max-width: 909px) 67vw, (max-width: 984px) 61vw, (max-width: 1362px) 45vw, 600px\" srcset=\"https:\/\/ducotedechezma.files.wordpress.com\/2022\/01\/52-2022_liste_themes_ducotedechezma_.png?w=630 630w, https:\/\/ducotedechezma.files.wordpress.com\/2022\/01\/52-2022_liste_themes_ducotedechezma_.png?w=150 150w, https:\/\/ducotedechezma.files.wordpress.com\/2022\/01\/52-2022_liste_themes_ducotedechezma_.png?w=300 300w, https:\/\/ducotedechezma.files.wordpress.com\/2022\/01\/52-2022_liste_themes_ducotedechezma_.png?w=768 768w, https:\/\/ducotedechezma.files.wordpress.com\/2022\/01\/52-2022_liste_themes_ducotedechezma_.png 817w\" alt=\"\" width=\"349\" height=\"302\" data-attachment-id=\"11409\" data-permalink=\"https:\/\/ducotedechezma.wordpress.com\/52-2022_liste_themes_ducotedechezma_\/\" data-orig-file=\"https:\/\/ducotedechezma.files.wordpress.com\/2022\/01\/52-2022_liste_themes_ducotedechezma_.png\" data-orig-size=\"817,706\" data-comments-opened=\"1\" data-image-meta=\"{&quot;aperture&quot;:&quot;0&quot;,&quot;credit&quot;:&quot;&quot;,&quot;camera&quot;:&quot;&quot;,&quot;caption&quot;:&quot;&quot;,&quot;created_timestamp&quot;:&quot;0&quot;,&quot;copyright&quot;:&quot;&quot;,&quot;focal_length&quot;:&quot;0&quot;,&quot;iso&quot;:&quot;0&quot;,&quot;shutter_speed&quot;:&quot;0&quot;,&quot;title&quot;:&quot;&quot;,&quot;orientation&quot;:&quot;0&quot;}\" data-image-title=\"52-2022_liste_themes_ducotedechezma_\" data-image-description=\"\" data-image-caption=\"\" data-medium-file=\"https:\/\/ducotedechezma.files.wordpress.com\/2022\/01\/52-2022_liste_themes_ducotedechezma_.png?w=300\" data-large-file=\"https:\/\/ducotedechezma.files.wordpress.com\/2022\/01\/52-2022_liste_themes_ducotedechezma_.png?w=817\" \/><\/p>\n","protected":false},"excerpt":{"rendered":"<p>Pour la semaine 5 du Projet 52-2022 de Du c\u00f4t\u00e9 de chez Ma\u2019, le th\u00e8me est \u00ab\u00a0\u00c0 la bougie\u00ab\u00a0. Cela m&rsquo;a tout de suite fait penser aux soir\u00e9es \u00e0 la lueur des bougies organis\u00e9es chaque ann\u00e9e, tous les mardis de juillet et ao\u00fbt, par les commer\u00e7ants et restaurateurs de Talmont-sur-Gironde, charmant village de Charente-Maritime. Le [&hellip;]<\/p>\n","protected":false},"author":1,"featured_media":23907,"comment_status":"open","ping_status":"open","sticky":false,"template":"","format":"standard","meta":{"jetpack_post_was_ever_published":false,"_jetpack_newsletter_access":"","_jetpack_dont_email_post_to_subs":false,"_jetpack_newsletter_tier_id":0,"_jetpack_memberships_contains_paywalled_content":false,"_jetpack_memberships_contains_paid_content":false,"footnotes":""},"categories":[437],"tags":[3000,56,611,24,69,1353,2940,67],"class_list":["post-23229","post","type-post","status-publish","format-standard","has-post-thumbnail","hentry","category-mini-photographe","tag-bougie","tag-charente-maritime","tag-ete","tag-festivites","tag-nouvelle-aquitaine","tag-projet-52-de-ma","tag-projet-52-2022","tag-talmont-sur-gironde","post-preview"],"jetpack_featured_media_url":"https:\/\/i0.wp.com\/www.jojoenherbe.com\/wp-content\/uploads\/2022\/02\/Talmont-sur-Gironde-soiree-bougies-scaled.jpg?fit=2560%2C1920&ssl=1","jetpack_sharing_enabled":true,"jetpack_shortlink":"https:\/\/wp.me\/p9zhGx-62F","jetpack_likes_enabled":true,"jetpack-related-posts":[{"id":41146,"url":"https:\/\/www.jojoenherbe.com\/index.php\/2025\/11\/02\/semaine-44-du-projet-52-2025-en-balade\/","url_meta":{"origin":23229,"position":0},"title":"Semaine 44 du Projet 52-2025: \u00ab\u00a0En balade\u00a0\u00bb","author":"Jojo","date":"2 novembre 2025","format":false,"excerpt":"Pour la semaine 44 du Projet 52-2025 de Du c\u00f4t\u00e9 de chez Ma\u2019, le th\u00e8me est \"En balade\". J'ai choisi des photos prises pendant nos cong\u00e9s d'\u00e9t\u00e9 du cimeti\u00e8re marin de Talmont-sur-Gironde, class\u00e9 en Monument Historique en 1934, les tombes \u00e9tant justes \u00e0 c\u00f4t\u00e9 de l\u2019\u00e9glise Sainte-Radegonde, les premi\u00e8res s\u00e9pultures\u2026","rel":"","context":"Dans &quot;mini photographe&quot;","block_context":{"text":"mini photographe","link":"https:\/\/www.jojoenherbe.com\/index.php\/category\/mini-photographe\/"},"img":{"alt_text":"","src":"https:\/\/i0.wp.com\/www.jojoenherbe.com\/wp-content\/uploads\/2025\/11\/cimetiere-marin-Talmont-sur-Gironde-2-scaled.jpg?fit=900%2C1200&ssl=1&resize=350%2C200","width":350,"height":200,"srcset":"https:\/\/i0.wp.com\/www.jojoenherbe.com\/wp-content\/uploads\/2025\/11\/cimetiere-marin-Talmont-sur-Gironde-2-scaled.jpg?fit=900%2C1200&ssl=1&resize=350%2C200 1x, https:\/\/i0.wp.com\/www.jojoenherbe.com\/wp-content\/uploads\/2025\/11\/cimetiere-marin-Talmont-sur-Gironde-2-scaled.jpg?fit=900%2C1200&ssl=1&resize=525%2C300 1.5x, https:\/\/i0.wp.com\/www.jojoenherbe.com\/wp-content\/uploads\/2025\/11\/cimetiere-marin-Talmont-sur-Gironde-2-scaled.jpg?fit=900%2C1200&ssl=1&resize=700%2C400 2x"},"classes":[]},{"id":40326,"url":"https:\/\/www.jojoenherbe.com\/index.php\/2025\/08\/09\/semaine-32-du-projet-52-2025-ete\/","url_meta":{"origin":23229,"position":1},"title":"Semaine 32 du Projet 52-2025: \u00ab\u00a0\u00c9t\u00e9\u00a0\u00bb","author":"Jojo","date":"9 ao\u00fbt 2025","format":false,"excerpt":"Pour la semaine 32 du Projet 52-2025 de Du c\u00f4t\u00e9 de chez Ma\u2019, le th\u00e8me est \"\u00c9t\u00e9\". Petit retour en arri\u00e8re, \u00e0 la mi-juillet avec cette photo prise dans un champ de tournesols en Charente-Maritime, pendant nos cong\u00e9s, lorsque nous \u00e9tions presque arriv\u00e9s \u00e0 destination de Meschers-sur-Gironde. Tout au long\u2026","rel":"","context":"Dans &quot;mini photographe&quot;","block_context":{"text":"mini photographe","link":"https:\/\/www.jojoenherbe.com\/index.php\/category\/mini-photographe\/"},"img":{"alt_text":"","src":"https:\/\/i0.wp.com\/www.jojoenherbe.com\/wp-content\/uploads\/2025\/08\/Tournesols-scaled.jpg?fit=900%2C1200&ssl=1&resize=350%2C200","width":350,"height":200,"srcset":"https:\/\/i0.wp.com\/www.jojoenherbe.com\/wp-content\/uploads\/2025\/08\/Tournesols-scaled.jpg?fit=900%2C1200&ssl=1&resize=350%2C200 1x, https:\/\/i0.wp.com\/www.jojoenherbe.com\/wp-content\/uploads\/2025\/08\/Tournesols-scaled.jpg?fit=900%2C1200&ssl=1&resize=525%2C300 1.5x, https:\/\/i0.wp.com\/www.jojoenherbe.com\/wp-content\/uploads\/2025\/08\/Tournesols-scaled.jpg?fit=900%2C1200&ssl=1&resize=700%2C400 2x"},"classes":[]},{"id":480,"url":"https:\/\/www.jojoenherbe.com\/index.php\/2008\/01\/07\/en-toute-quietude-a-talmont-sur-gironde\/","url_meta":{"origin":23229,"position":2},"title":"En toute qui\u00e9tude \u00e0 Talmont-sur-Gironde","author":"Jojo","date":"7 janvier 2008","format":false,"excerpt":"Ce 27 d\u00e9cembre 2007, nous nous rendons \u00e0 Talmont-sur-Gironde. Ce village, situ\u00e9 au Sud-Est de Royan, est un de nos sites incontournables\u00a0lorsque nous nous rendons en Charente-Maritime. Peu avant d'y arriver, le coucher de soleil donne une ambiance toute particuli\u00e8re au lieu. Ce village \u00e9tait une ancienne bastide qui a\u2026","rel":"","context":"Dans &quot;Mini visiteur&quot;","block_context":{"text":"Mini visiteur","link":"https:\/\/www.jojoenherbe.com\/index.php\/category\/mini-crapahuteur\/mini-visiteur\/"},"img":{"alt_text":"","src":"https:\/\/i0.wp.com\/www.jojoenherbe.com\/wp-content\/uploads\/2018\/01\/Talmont-sur-Gironde-Eglise-Sainte-Radegonde-5.jpg?fit=1200%2C900&ssl=1&resize=350%2C200","width":350,"height":200,"srcset":"https:\/\/i0.wp.com\/www.jojoenherbe.com\/wp-content\/uploads\/2018\/01\/Talmont-sur-Gironde-Eglise-Sainte-Radegonde-5.jpg?fit=1200%2C900&ssl=1&resize=350%2C200 1x, https:\/\/i0.wp.com\/www.jojoenherbe.com\/wp-content\/uploads\/2018\/01\/Talmont-sur-Gironde-Eglise-Sainte-Radegonde-5.jpg?fit=1200%2C900&ssl=1&resize=525%2C300 1.5x, https:\/\/i0.wp.com\/www.jojoenherbe.com\/wp-content\/uploads\/2018\/01\/Talmont-sur-Gironde-Eglise-Sainte-Radegonde-5.jpg?fit=1200%2C900&ssl=1&resize=700%2C400 2x, https:\/\/i0.wp.com\/www.jojoenherbe.com\/wp-content\/uploads\/2018\/01\/Talmont-sur-Gironde-Eglise-Sainte-Radegonde-5.jpg?fit=1200%2C900&ssl=1&resize=1050%2C600 3x"},"classes":[]},{"id":9053,"url":"https:\/\/www.jojoenherbe.com\/index.php\/2019\/12\/21\/etoiles-en-sapin-diy\/","url_meta":{"origin":23229,"position":3},"title":"\u00c9toiles en sapin DIY","author":"Jojo","date":"21 d\u00e9cembre 2019","format":false,"excerpt":"Nous sommes un peu (beaucoup) retardataires pour l'atelier de Syl au chalet de \"Il \u00e9tait 7 fois No\u00ebl\". Nous avons pu avoir exceptionnellement les cl\u00e9s ce samedi matin pour fabriquer des \u00e9toiles en sapin. Je d\u00e9coupe pr\u00e9alablement dans du carton des \u00e9toiles. Puis nous les colorons sur les deux c\u00f4t\u00e9s\u2026","rel":"","context":"Dans &quot;Mini joueur&quot;","block_context":{"text":"Mini joueur","link":"https:\/\/www.jojoenherbe.com\/index.php\/category\/mini-decouvreur\/mini-joueur\/"},"img":{"alt_text":"","src":"https:\/\/i0.wp.com\/www.jojoenherbe.com\/wp-content\/uploads\/2019\/12\/Etoiles-DIY-2-scaled.jpg?fit=683%2C1200&ssl=1&resize=350%2C200","width":350,"height":200,"srcset":"https:\/\/i0.wp.com\/www.jojoenherbe.com\/wp-content\/uploads\/2019\/12\/Etoiles-DIY-2-scaled.jpg?fit=683%2C1200&ssl=1&resize=350%2C200 1x, https:\/\/i0.wp.com\/www.jojoenherbe.com\/wp-content\/uploads\/2019\/12\/Etoiles-DIY-2-scaled.jpg?fit=683%2C1200&ssl=1&resize=525%2C300 1.5x"},"classes":[]},{"id":40351,"url":"https:\/\/www.jojoenherbe.com\/index.php\/2025\/08\/10\/soiree-plage-a-meschers-sur-gironde\/","url_meta":{"origin":23229,"position":4},"title":"Soir\u00e9e plage \u00e0 Meschers-sur-Gironde","author":"Jojo","date":"10 ao\u00fbt 2025","format":false,"excerpt":"Pendant notre court s\u00e9jour en Charente-Maritime et avant de continuer nos cong\u00e9s en Bretagne, nous avons pass\u00e9 deux soir\u00e9es \u00e0 la plage des Nonnes, \u00e0 Meschers-sur-Gironde, les 15 et 17 juillet 2025. Nous avons pu facilement nous y rendre \u00e0 pieds, en \u00e0 peine 10 minutes de notre pied-\u00e0-terre, m\u00eame\u2026","rel":"","context":"Dans &quot;Mini visiteur&quot;","block_context":{"text":"Mini visiteur","link":"https:\/\/www.jojoenherbe.com\/index.php\/category\/mini-crapahuteur\/mini-visiteur\/"},"img":{"alt_text":"","src":"https:\/\/i0.wp.com\/www.jojoenherbe.com\/wp-content\/uploads\/2025\/08\/Plage-des-Nonnes-3-scaled.jpg?fit=1200%2C900&ssl=1&resize=350%2C200","width":350,"height":200,"srcset":"https:\/\/i0.wp.com\/www.jojoenherbe.com\/wp-content\/uploads\/2025\/08\/Plage-des-Nonnes-3-scaled.jpg?fit=1200%2C900&ssl=1&resize=350%2C200 1x, https:\/\/i0.wp.com\/www.jojoenherbe.com\/wp-content\/uploads\/2025\/08\/Plage-des-Nonnes-3-scaled.jpg?fit=1200%2C900&ssl=1&resize=525%2C300 1.5x, https:\/\/i0.wp.com\/www.jojoenherbe.com\/wp-content\/uploads\/2025\/08\/Plage-des-Nonnes-3-scaled.jpg?fit=1200%2C900&ssl=1&resize=700%2C400 2x, https:\/\/i0.wp.com\/www.jojoenherbe.com\/wp-content\/uploads\/2025\/08\/Plage-des-Nonnes-3-scaled.jpg?fit=1200%2C900&ssl=1&resize=1050%2C600 3x"},"classes":[]},{"id":23101,"url":"https:\/\/www.jojoenherbe.com\/index.php\/2022\/01\/01\/semaine-52-du-projet-52-2021-fetes-de-fin-dannee\/","url_meta":{"origin":23229,"position":5},"title":"Semaine 52 du Projet 52-2021: F\u00eates de fin d&rsquo;ann\u00e9e","author":"Jojo","date":"1 janvier 2022","format":false,"excerpt":"Pour la semaine 52 du Projet 52-2021 de Du c\u00f4t\u00e9 de chez Ma', le th\u00e8me est \"F\u00eates de fin d'ann\u00e9e\". J'aurai pu choisir cette photo pour le th\u00e8me \"Scintiller\" de la semaine derni\u00e8re si elle n'avait pas \u00e9t\u00e9 prise cette fin de semaine. Qui dit f\u00eates de fin d'ann\u00e9e dit\u2026","rel":"","context":"Dans &quot;mini photographe&quot;","block_context":{"text":"mini photographe","link":"https:\/\/www.jojoenherbe.com\/index.php\/category\/mini-photographe\/"},"img":{"alt_text":"","src":"https:\/\/i0.wp.com\/www.jojoenherbe.com\/wp-content\/uploads\/2021\/12\/Illuminations-Nice-scaled.jpg?fit=900%2C1200&ssl=1&resize=350%2C200","width":350,"height":200,"srcset":"https:\/\/i0.wp.com\/www.jojoenherbe.com\/wp-content\/uploads\/2021\/12\/Illuminations-Nice-scaled.jpg?fit=900%2C1200&ssl=1&resize=350%2C200 1x, https:\/\/i0.wp.com\/www.jojoenherbe.com\/wp-content\/uploads\/2021\/12\/Illuminations-Nice-scaled.jpg?fit=900%2C1200&ssl=1&resize=525%2C300 1.5x, https:\/\/i0.wp.com\/www.jojoenherbe.com\/wp-content\/uploads\/2021\/12\/Illuminations-Nice-scaled.jpg?fit=900%2C1200&ssl=1&resize=700%2C400 2x"},"classes":[]}],"_links":{"self":[{"href":"https:\/\/www.jojoenherbe.com\/index.php\/wp-json\/wp\/v2\/posts\/23229","targetHints":{"allow":["GET"]}}],"collection":[{"href":"https:\/\/www.jojoenherbe.com\/index.php\/wp-json\/wp\/v2\/posts"}],"about":[{"href":"https:\/\/www.jojoenherbe.com\/index.php\/wp-json\/wp\/v2\/types\/post"}],"author":[{"embeddable":true,"href":"https:\/\/www.jojoenherbe.com\/index.php\/wp-json\/wp\/v2\/users\/1"}],"replies":[{"embeddable":true,"href":"https:\/\/www.jojoenherbe.com\/index.php\/wp-json\/wp\/v2\/comments?post=23229"}],"version-history":[{"count":0,"href":"https:\/\/www.jojoenherbe.com\/index.php\/wp-json\/wp\/v2\/posts\/23229\/revisions"}],"wp:featuredmedia":[{"embeddable":true,"href":"https:\/\/www.jojoenherbe.com\/index.php\/wp-json\/wp\/v2\/media\/23907"}],"wp:attachment":[{"href":"https:\/\/www.jojoenherbe.com\/index.php\/wp-json\/wp\/v2\/media?parent=23229"}],"wp:term":[{"taxonomy":"category","embeddable":true,"href":"https:\/\/www.jojoenherbe.com\/index.php\/wp-json\/wp\/v2\/categories?post=23229"},{"taxonomy":"post_tag","embeddable":true,"href":"https:\/\/www.jojoenherbe.com\/index.php\/wp-json\/wp\/v2\/tags?post=23229"}],"curies":[{"name":"wp","href":"https:\/\/api.w.org\/{rel}","templated":true}]}}