{"id":23085,"date":"2021-12-31T12:03:32","date_gmt":"2021-12-31T11:03:32","guid":{"rendered":"http:\/\/www.jojoenherbe.com\/?p=23085"},"modified":"2021-12-31T12:03:32","modified_gmt":"2021-12-31T11:03:32","slug":"dans-les-gorges-de-la-meouge","status":"publish","type":"post","link":"https:\/\/www.jojoenherbe.com\/index.php\/2021\/12\/31\/dans-les-gorges-de-la-meouge\/","title":{"rendered":"Dans les gorges de la M\u00e9ouge"},"content":{"rendered":"<p style=\"text-align: justify;\"><em> Le premier week-end des vacances de No\u00ebl 2021, nous sommes all\u00e9s \u00e0 Sisteron puis dans les gorges de la M\u00e9ouge avant de rentrer chez nous en passant par les gorges du Verdon.<\/em><\/p>\n<p style=\"text-align: justify;\"><em><a href=\"https:\/\/i0.wp.com\/www.jojoenherbe.com\/wp-content\/uploads\/2021\/12\/Gorges-de-la-Meouge-3-scaled.jpg\"><img data-recalc-dims=\"1\" loading=\"lazy\" decoding=\"async\" data-attachment-id=\"23091\" data-permalink=\"https:\/\/www.jojoenherbe.com\/index.php\/2021\/12\/31\/dans-les-gorges-de-la-meouge\/gorges-de-la-meouge-3\/\" data-orig-file=\"https:\/\/i0.wp.com\/www.jojoenherbe.com\/wp-content\/uploads\/2021\/12\/Gorges-de-la-Meouge-3-scaled.jpg?fit=2560%2C1920&amp;ssl=1\" data-orig-size=\"2560,1920\" data-comments-opened=\"1\" data-image-meta=\"{&quot;aperture&quot;:&quot;3.2&quot;,&quot;credit&quot;:&quot;&quot;,&quot;camera&quot;:&quot;DSC-HX400V&quot;,&quot;caption&quot;:&quot;&quot;,&quot;created_timestamp&quot;:&quot;1639911647&quot;,&quot;copyright&quot;:&quot;&quot;,&quot;focal_length&quot;:&quot;4.3&quot;,&quot;iso&quot;:&quot;200&quot;,&quot;shutter_speed&quot;:&quot;0.004&quot;,&quot;title&quot;:&quot;&quot;,&quot;orientation&quot;:&quot;1&quot;}\" data-image-title=\"Gorges de la M\u00e9ouge 3\" data-image-description=\"\" data-image-caption=\"\" data-large-file=\"https:\/\/i0.wp.com\/www.jojoenherbe.com\/wp-content\/uploads\/2021\/12\/Gorges-de-la-Meouge-3-scaled.jpg?fit=676%2C507&amp;ssl=1\" class=\"alignleft size-thumbnail wp-image-23091\" src=\"https:\/\/i0.wp.com\/www.jojoenherbe.com\/wp-content\/uploads\/2021\/12\/Gorges-de-la-Meouge-3.jpg?resize=150%2C150\" alt=\"\" width=\"150\" height=\"150\" srcset=\"https:\/\/i0.wp.com\/www.jojoenherbe.com\/wp-content\/uploads\/2021\/12\/Gorges-de-la-Meouge-3-scaled.jpg?resize=150%2C150&amp;ssl=1 150w, https:\/\/i0.wp.com\/www.jojoenherbe.com\/wp-content\/uploads\/2021\/12\/Gorges-de-la-Meouge-3-scaled.jpg?zoom=2&amp;resize=150%2C150 300w, https:\/\/i0.wp.com\/www.jojoenherbe.com\/wp-content\/uploads\/2021\/12\/Gorges-de-la-Meouge-3-scaled.jpg?zoom=3&amp;resize=150%2C150 450w\" sizes=\"auto, (max-width: 150px) 100vw, 150px\" \/><\/a> <a href=\"https:\/\/i0.wp.com\/www.jojoenherbe.com\/wp-content\/uploads\/2021\/12\/Gorges-de-la-Meouge-2-scaled.jpg\"><img data-recalc-dims=\"1\" loading=\"lazy\" decoding=\"async\" data-attachment-id=\"23090\" data-permalink=\"https:\/\/www.jojoenherbe.com\/index.php\/2021\/12\/31\/dans-les-gorges-de-la-meouge\/gorges-de-la-meouge-2\/\" data-orig-file=\"https:\/\/i0.wp.com\/www.jojoenherbe.com\/wp-content\/uploads\/2021\/12\/Gorges-de-la-Meouge-2-scaled.jpg?fit=2560%2C2166&amp;ssl=1\" data-orig-size=\"2560,2166\" data-comments-opened=\"1\" data-image-meta=\"{&quot;aperture&quot;:&quot;3.2&quot;,&quot;credit&quot;:&quot;&quot;,&quot;camera&quot;:&quot;DSC-HX400V&quot;,&quot;caption&quot;:&quot;&quot;,&quot;created_timestamp&quot;:&quot;1639911558&quot;,&quot;copyright&quot;:&quot;&quot;,&quot;focal_length&quot;:&quot;4.3&quot;,&quot;iso&quot;:&quot;200&quot;,&quot;shutter_speed&quot;:&quot;0.00625&quot;,&quot;title&quot;:&quot;&quot;,&quot;orientation&quot;:&quot;1&quot;}\" data-image-title=\"Gorges de la M\u00e9ouge 2\" data-image-description=\"\" data-image-caption=\"\" data-large-file=\"https:\/\/i0.wp.com\/www.jojoenherbe.com\/wp-content\/uploads\/2021\/12\/Gorges-de-la-Meouge-2-scaled.jpg?fit=676%2C572&amp;ssl=1\" class=\"alignleft size-thumbnail wp-image-23090\" src=\"https:\/\/i0.wp.com\/www.jojoenherbe.com\/wp-content\/uploads\/2021\/12\/Gorges-de-la-Meouge-2.jpg?resize=150%2C150\" alt=\"\" width=\"150\" height=\"150\" srcset=\"https:\/\/i0.wp.com\/www.jojoenherbe.com\/wp-content\/uploads\/2021\/12\/Gorges-de-la-Meouge-2-scaled.jpg?resize=150%2C150&amp;ssl=1 150w, https:\/\/i0.wp.com\/www.jojoenherbe.com\/wp-content\/uploads\/2021\/12\/Gorges-de-la-Meouge-2-scaled.jpg?zoom=2&amp;resize=150%2C150 300w, https:\/\/i0.wp.com\/www.jojoenherbe.com\/wp-content\/uploads\/2021\/12\/Gorges-de-la-Meouge-2-scaled.jpg?zoom=3&amp;resize=150%2C150 450w\" sizes=\"auto, (max-width: 150px) 100vw, 150px\" \/><\/a>Dimanche 19 d\u00e9cembre 2021, nous quittons l&rsquo;auberge de Barret-sur-M\u00e9ouge pour d\u00e9couvrir, de jour, les gorges de la M\u00e9ouge sous le givre et la neige, la temp\u00e9rature ext\u00e9rieure \u00e9tant de -6 degr\u00e9s. Ce sera donc un visite confortablement assis au chaud dans la voiture sauf bien s\u00fbr pour prendre des photos. <\/em><\/p>\n<p style=\"text-align: justify;\"><em><a href=\"https:\/\/i0.wp.com\/www.jojoenherbe.com\/wp-content\/uploads\/2021\/12\/Gorges-de-la-Meouge-4-scaled.jpg\"><img data-recalc-dims=\"1\" loading=\"lazy\" decoding=\"async\" data-attachment-id=\"23092\" data-permalink=\"https:\/\/www.jojoenherbe.com\/index.php\/2021\/12\/31\/dans-les-gorges-de-la-meouge\/gorges-de-la-meouge-4\/\" data-orig-file=\"https:\/\/i0.wp.com\/www.jojoenherbe.com\/wp-content\/uploads\/2021\/12\/Gorges-de-la-Meouge-4-scaled.jpg?fit=2560%2C1920&amp;ssl=1\" data-orig-size=\"2560,1920\" data-comments-opened=\"1\" data-image-meta=\"{&quot;aperture&quot;:&quot;3.2&quot;,&quot;credit&quot;:&quot;&quot;,&quot;camera&quot;:&quot;DSC-HX400V&quot;,&quot;caption&quot;:&quot;&quot;,&quot;created_timestamp&quot;:&quot;1639911667&quot;,&quot;copyright&quot;:&quot;&quot;,&quot;focal_length&quot;:&quot;4.3&quot;,&quot;iso&quot;:&quot;200&quot;,&quot;shutter_speed&quot;:&quot;0.004&quot;,&quot;title&quot;:&quot;&quot;,&quot;orientation&quot;:&quot;1&quot;}\" data-image-title=\"Gorges de la M\u00e9ouge 4\" data-image-description=\"\" data-image-caption=\"\" data-large-file=\"https:\/\/i0.wp.com\/www.jojoenherbe.com\/wp-content\/uploads\/2021\/12\/Gorges-de-la-Meouge-4-scaled.jpg?fit=676%2C507&amp;ssl=1\" class=\"size-thumbnail wp-image-23092 alignright\" src=\"https:\/\/i0.wp.com\/www.jojoenherbe.com\/wp-content\/uploads\/2021\/12\/Gorges-de-la-Meouge-4.jpg?resize=150%2C150\" alt=\"\" width=\"150\" height=\"150\" srcset=\"https:\/\/i0.wp.com\/www.jojoenherbe.com\/wp-content\/uploads\/2021\/12\/Gorges-de-la-Meouge-4-scaled.jpg?resize=150%2C150&amp;ssl=1 150w, https:\/\/i0.wp.com\/www.jojoenherbe.com\/wp-content\/uploads\/2021\/12\/Gorges-de-la-Meouge-4-scaled.jpg?zoom=2&amp;resize=150%2C150 300w, https:\/\/i0.wp.com\/www.jojoenherbe.com\/wp-content\/uploads\/2021\/12\/Gorges-de-la-Meouge-4-scaled.jpg?zoom=3&amp;resize=150%2C150 450w\" sizes=\"auto, (max-width: 150px) 100vw, 150px\" \/><\/a> <a href=\"https:\/\/i0.wp.com\/www.jojoenherbe.com\/wp-content\/uploads\/2021\/12\/Gorges-de-la-Meouge-5-scaled.jpg\"><img data-recalc-dims=\"1\" loading=\"lazy\" decoding=\"async\" data-attachment-id=\"23093\" data-permalink=\"https:\/\/www.jojoenherbe.com\/index.php\/2021\/12\/31\/dans-les-gorges-de-la-meouge\/gorges-de-la-meouge-5\/\" data-orig-file=\"https:\/\/i0.wp.com\/www.jojoenherbe.com\/wp-content\/uploads\/2021\/12\/Gorges-de-la-Meouge-5-scaled.jpg?fit=2560%2C1920&amp;ssl=1\" data-orig-size=\"2560,1920\" data-comments-opened=\"1\" data-image-meta=\"{&quot;aperture&quot;:&quot;3.2&quot;,&quot;credit&quot;:&quot;&quot;,&quot;camera&quot;:&quot;DSC-HX400V&quot;,&quot;caption&quot;:&quot;&quot;,&quot;created_timestamp&quot;:&quot;1639911687&quot;,&quot;copyright&quot;:&quot;&quot;,&quot;focal_length&quot;:&quot;4.3&quot;,&quot;iso&quot;:&quot;80&quot;,&quot;shutter_speed&quot;:&quot;0.016666666666667&quot;,&quot;title&quot;:&quot;&quot;,&quot;orientation&quot;:&quot;1&quot;}\" data-image-title=\"Gorges de la M\u00e9ouge 5\" data-image-description=\"\" data-image-caption=\"\" data-large-file=\"https:\/\/i0.wp.com\/www.jojoenherbe.com\/wp-content\/uploads\/2021\/12\/Gorges-de-la-Meouge-5-scaled.jpg?fit=676%2C507&amp;ssl=1\" class=\"size-thumbnail wp-image-23093 alignright\" src=\"https:\/\/i0.wp.com\/www.jojoenherbe.com\/wp-content\/uploads\/2021\/12\/Gorges-de-la-Meouge-5.jpg?resize=150%2C150\" alt=\"\" width=\"150\" height=\"150\" srcset=\"https:\/\/i0.wp.com\/www.jojoenherbe.com\/wp-content\/uploads\/2021\/12\/Gorges-de-la-Meouge-5-scaled.jpg?resize=150%2C150&amp;ssl=1 150w, https:\/\/i0.wp.com\/www.jojoenherbe.com\/wp-content\/uploads\/2021\/12\/Gorges-de-la-Meouge-5-scaled.jpg?zoom=2&amp;resize=150%2C150 300w, https:\/\/i0.wp.com\/www.jojoenherbe.com\/wp-content\/uploads\/2021\/12\/Gorges-de-la-Meouge-5-scaled.jpg?zoom=3&amp;resize=150%2C150 450w\" sizes=\"auto, (max-width: 150px) 100vw, 150px\" \/><\/a>Selon l&rsquo;orientation des lacets de la route, nous alternons entre parties ensoleill\u00e9es et parties plus froides recouvertes de neige avec m\u00eame l&rsquo;apparition de nombreuses stalactites sur les parois de la roche. Le paysage nous rappelle beaucoup les gorges de l&rsquo;arri\u00e8re-pays ni\u00e7ois.\u00a0<\/em><\/p>\n<p style=\"text-align: justify;\"><em><a href=\"https:\/\/i0.wp.com\/www.jojoenherbe.com\/wp-content\/uploads\/2021\/12\/Ribiers-scaled.jpg\"><img data-recalc-dims=\"1\" loading=\"lazy\" decoding=\"async\" data-attachment-id=\"23089\" data-permalink=\"https:\/\/www.jojoenherbe.com\/index.php\/2021\/12\/31\/dans-les-gorges-de-la-meouge\/ribiers\/\" data-orig-file=\"https:\/\/i0.wp.com\/www.jojoenherbe.com\/wp-content\/uploads\/2021\/12\/Ribiers-scaled.jpg?fit=1920%2C2560&amp;ssl=1\" data-orig-size=\"1920,2560\" data-comments-opened=\"1\" data-image-meta=\"{&quot;aperture&quot;:&quot;3.2&quot;,&quot;credit&quot;:&quot;&quot;,&quot;camera&quot;:&quot;DSC-HX400V&quot;,&quot;caption&quot;:&quot;&quot;,&quot;created_timestamp&quot;:&quot;1639912303&quot;,&quot;copyright&quot;:&quot;&quot;,&quot;focal_length&quot;:&quot;4.3&quot;,&quot;iso&quot;:&quot;80&quot;,&quot;shutter_speed&quot;:&quot;0.002&quot;,&quot;title&quot;:&quot;&quot;,&quot;orientation&quot;:&quot;1&quot;}\" data-image-title=\"Ribiers\" data-image-description=\"\" data-image-caption=\"\" data-large-file=\"https:\/\/i0.wp.com\/www.jojoenherbe.com\/wp-content\/uploads\/2021\/12\/Ribiers-scaled.jpg?fit=676%2C901&amp;ssl=1\" class=\"alignleft size-thumbnail wp-image-23089\" src=\"https:\/\/i0.wp.com\/www.jojoenherbe.com\/wp-content\/uploads\/2021\/12\/Ribiers.jpg?resize=150%2C150\" alt=\"\" width=\"150\" height=\"150\" srcset=\"https:\/\/i0.wp.com\/www.jojoenherbe.com\/wp-content\/uploads\/2021\/12\/Ribiers-scaled.jpg?resize=150%2C150&amp;ssl=1 150w, https:\/\/i0.wp.com\/www.jojoenherbe.com\/wp-content\/uploads\/2021\/12\/Ribiers-scaled.jpg?zoom=2&amp;resize=150%2C150 300w, https:\/\/i0.wp.com\/www.jojoenherbe.com\/wp-content\/uploads\/2021\/12\/Ribiers-scaled.jpg?zoom=3&amp;resize=150%2C150 450w\" sizes=\"auto, (max-width: 150px) 100vw, 150px\" \/><\/a><\/em><\/p>\n<div id=\"attachment_23088\" style=\"width: 160px\" class=\"wp-caption alignleft\"><a href=\"https:\/\/i0.wp.com\/www.jojoenherbe.com\/wp-content\/uploads\/2021\/12\/Pont-romain-Ribiers-scaled.jpg\"><img data-recalc-dims=\"1\" loading=\"lazy\" decoding=\"async\" aria-describedby=\"caption-attachment-23088\" data-attachment-id=\"23088\" data-permalink=\"https:\/\/www.jojoenherbe.com\/index.php\/2021\/12\/31\/dans-les-gorges-de-la-meouge\/pont-romain-ribiers\/\" data-orig-file=\"https:\/\/i0.wp.com\/www.jojoenherbe.com\/wp-content\/uploads\/2021\/12\/Pont-romain-Ribiers-scaled.jpg?fit=2560%2C1920&amp;ssl=1\" data-orig-size=\"2560,1920\" data-comments-opened=\"1\" data-image-meta=\"{&quot;aperture&quot;:&quot;3.2&quot;,&quot;credit&quot;:&quot;&quot;,&quot;camera&quot;:&quot;DSC-HX400V&quot;,&quot;caption&quot;:&quot;&quot;,&quot;created_timestamp&quot;:&quot;1639912349&quot;,&quot;copyright&quot;:&quot;&quot;,&quot;focal_length&quot;:&quot;8.02&quot;,&quot;iso&quot;:&quot;80&quot;,&quot;shutter_speed&quot;:&quot;0.0125&quot;,&quot;title&quot;:&quot;&quot;,&quot;orientation&quot;:&quot;1&quot;}\" data-image-title=\"Pont romain &amp;#8211; Ribiers\" data-image-description=\"\" data-image-caption=\"&lt;p&gt;Pont romain&lt;\/p&gt;\n\" data-large-file=\"https:\/\/i0.wp.com\/www.jojoenherbe.com\/wp-content\/uploads\/2021\/12\/Pont-romain-Ribiers-scaled.jpg?fit=676%2C507&amp;ssl=1\" class=\"size-thumbnail wp-image-23088\" src=\"https:\/\/i0.wp.com\/www.jojoenherbe.com\/wp-content\/uploads\/2021\/12\/Pont-romain-Ribiers.jpg?resize=150%2C150\" alt=\"\" width=\"150\" height=\"150\" srcset=\"https:\/\/i0.wp.com\/www.jojoenherbe.com\/wp-content\/uploads\/2021\/12\/Pont-romain-Ribiers-scaled.jpg?resize=150%2C150&amp;ssl=1 150w, https:\/\/i0.wp.com\/www.jojoenherbe.com\/wp-content\/uploads\/2021\/12\/Pont-romain-Ribiers-scaled.jpg?zoom=2&amp;resize=150%2C150 300w, https:\/\/i0.wp.com\/www.jojoenherbe.com\/wp-content\/uploads\/2021\/12\/Pont-romain-Ribiers-scaled.jpg?zoom=3&amp;resize=150%2C150 450w\" sizes=\"auto, (max-width: 150px) 100vw, 150px\" \/><\/a><p id=\"caption-attachment-23088\" class=\"wp-caption-text\">Pont romain<\/p><\/div>\n<p style=\"text-align: justify;\"><em>Nous nous arr\u00eatons ensuite \u00e0 Ribiers, Val de M\u00e9ouge qui est un d\u00e9part de randonn\u00e9es, avec d&rsquo;un c\u00f4t\u00e9 une cascade artificielle et de l&rsquo;autre le pont romain, en r\u00e9alit\u00e9 un pont qui date plut\u00f4t du XIVe ou XVe si\u00e8cle. Cela donne bien envie de revire au printemps pour pouvoir crapahuter sur les sentiers qui sont pour le moment bien verglac\u00e9s.<br \/>\n<\/em><\/p>\n<p style=\"text-align: justify;\"><em>Puis nous laissons derri\u00e8re nous les gorges de la M\u00e9ouge. Direction les M\u00e9es et ses p\u00e9nitents.<\/em><\/p>\n<p><iframe loading=\"lazy\" style=\"border: 0;\" src=\"https:\/\/www.google.com\/maps\/embed?pb=!1m18!1m12!1m3!1d2856.5944251783917!2d5.7908678155180855!3d44.2771628791048!2m3!1f0!2f0!3f0!3m2!1i1024!2i768!4f13.1!3m3!1m2!1s0x12cb00e9e183f7db%3A0xd35d1d1962538f09!2sGorges%20de%20la%20M%C3%A9ouge!5e0!3m2!1sfr!2sfr!4v1640948523592!5m2!1sfr!2sfr\" width=\"600\" height=\"450\" allowfullscreen=\"allowfullscreen\"><\/iframe><\/p>\n","protected":false},"excerpt":{"rendered":"<p>Le premier week-end des vacances de No\u00ebl 2021, nous sommes all\u00e9s \u00e0 Sisteron puis dans les gorges de la M\u00e9ouge avant de rentrer chez nous en passant par les gorges du Verdon. Dimanche 19 d\u00e9cembre 2021, nous quittons l&rsquo;auberge de Barret-sur-M\u00e9ouge pour d\u00e9couvrir, de jour, les gorges de la M\u00e9ouge sous le givre et la [&hellip;]<\/p>\n","protected":false},"author":1,"featured_media":23094,"comment_status":"open","ping_status":"open","sticky":false,"template":"","format":"standard","meta":{"jetpack_post_was_ever_published":false,"_jetpack_newsletter_access":"","_jetpack_dont_email_post_to_subs":false,"_jetpack_newsletter_tier_id":0,"_jetpack_memberships_contains_paywalled_content":false,"_jetpack_memberships_contains_paid_content":false,"footnotes":""},"categories":[128],"tags":[2907,2911,186,2906,2905,365,2913,369,5,2908,2909,2001,1506,2912],"class_list":["post-23085","post","type-post","status-publish","format-standard","has-post-thumbnail","hentry","category-mini-baladeur","tag-barret-sur-meouge","tag-givre","tag-gorges","tag-gorges-de-la-meouge","tag-hautes-alpes","tag-hiver","tag-natura-2000","tag-neige","tag-paca","tag-parc-naturel","tag-parc-naturel-des-baronnies-provencales","tag-pont","tag-region-sud","tag-sisteron","post-preview"],"jetpack_featured_media_url":"https:\/\/i0.wp.com\/www.jojoenherbe.com\/wp-content\/uploads\/2021\/12\/Gorges-de-la-Meouge-7-scaled.jpg?fit=1920%2C2560&ssl=1","jetpack_sharing_enabled":true,"jetpack_shortlink":"https:\/\/wp.me\/p9zhGx-60l","jetpack_likes_enabled":true,"jetpack-related-posts":[{"id":22982,"url":"https:\/\/www.jojoenherbe.com\/index.php\/2021\/12\/20\/billet-photo-noelesque-matin-dhiver\/","url_meta":{"origin":23085,"position":0},"title":"Billet photo no\u00eblesque: \u00ab Matin d&rsquo;hiver \u00bb","author":"Jojo","date":"20 d\u00e9cembre 2021","format":false,"excerpt":"Pour le billet photo du 20 d\u00e9cembre 2021 du challenge Il \u00e9tait 9 fois No\u00ebl, Chicky Poo et Samarian ont choisi le th\u00e8me du \u00ab Matin d'hiver \u00bb. M\u00eame si l'hiver 2021 ne commence que demain, voici une photo prise hier matin dans les Gorges de la M\u00e9ouge, \u00e0 cot\u00e9\u2026","rel":"","context":"Dans &quot;Mini baladeur&quot;","block_context":{"text":"Mini baladeur","link":"https:\/\/www.jojoenherbe.com\/index.php\/category\/mini-crapahuteur\/mini-baladeur\/"},"img":{"alt_text":"","src":"https:\/\/i0.wp.com\/www.jojoenherbe.com\/wp-content\/uploads\/2021\/12\/Gorges-de-la-Meouge-scaled.jpg?fit=1200%2C900&ssl=1&resize=350%2C200","width":350,"height":200,"srcset":"https:\/\/i0.wp.com\/www.jojoenherbe.com\/wp-content\/uploads\/2021\/12\/Gorges-de-la-Meouge-scaled.jpg?fit=1200%2C900&ssl=1&resize=350%2C200 1x, https:\/\/i0.wp.com\/www.jojoenherbe.com\/wp-content\/uploads\/2021\/12\/Gorges-de-la-Meouge-scaled.jpg?fit=1200%2C900&ssl=1&resize=525%2C300 1.5x, https:\/\/i0.wp.com\/www.jojoenherbe.com\/wp-content\/uploads\/2021\/12\/Gorges-de-la-Meouge-scaled.jpg?fit=1200%2C900&ssl=1&resize=700%2C400 2x, https:\/\/i0.wp.com\/www.jojoenherbe.com\/wp-content\/uploads\/2021\/12\/Gorges-de-la-Meouge-scaled.jpg?fit=1200%2C900&ssl=1&resize=1050%2C600 3x"},"classes":[]},{"id":23192,"url":"https:\/\/www.jojoenherbe.com\/index.php\/2022\/01\/04\/pause-nature-les-gorges-du-verdon\/","url_meta":{"origin":23085,"position":1},"title":"Pause Nature: les Gorges du Verdon","author":"Jojo","date":"4 janvier 2022","format":false,"excerpt":"En revenant de Sisteron et des gorges de la M\u00e9ouge, nous sommes pass\u00e9s par le plateau de Valensole avant de rejoindre les gorges du Verdon et le lac de Sainte-Croix le 19 d\u00e9cembre 2021. Au loin, nous pouvons voir au-dessus des champs de lavandes et des amandiers les Alpes enneig\u00e9es.\u2026","rel":"","context":"Dans &quot;Mini baladeur&quot;","block_context":{"text":"Mini baladeur","link":"https:\/\/www.jojoenherbe.com\/index.php\/category\/mini-crapahuteur\/mini-baladeur\/"},"img":{"alt_text":"","src":"https:\/\/i0.wp.com\/www.jojoenherbe.com\/wp-content\/uploads\/2022\/01\/Gorges-du-Verdon-6-scaled.jpg?fit=900%2C1200&ssl=1&resize=350%2C200","width":350,"height":200,"srcset":"https:\/\/i0.wp.com\/www.jojoenherbe.com\/wp-content\/uploads\/2022\/01\/Gorges-du-Verdon-6-scaled.jpg?fit=900%2C1200&ssl=1&resize=350%2C200 1x, https:\/\/i0.wp.com\/www.jojoenherbe.com\/wp-content\/uploads\/2022\/01\/Gorges-du-Verdon-6-scaled.jpg?fit=900%2C1200&ssl=1&resize=525%2C300 1.5x, https:\/\/i0.wp.com\/www.jojoenherbe.com\/wp-content\/uploads\/2022\/01\/Gorges-du-Verdon-6-scaled.jpg?fit=900%2C1200&ssl=1&resize=700%2C400 2x"},"classes":[]},{"id":9826,"url":"https:\/\/www.jojoenherbe.com\/index.php\/2020\/01\/27\/sortie-hivernale-sous-la-neige-a-valberg\/","url_meta":{"origin":23085,"position":2},"title":"Sortie hivernale sous la neige \u00e0 Valberg","author":"Jojo","date":"27 janvier 2020","format":false,"excerpt":"Ce 18 janvier 2020, nous montons \u00e0 Valberg, station de ski dans les Alpes-Maritimes \u00e0 1.700 m\u00e8tres d'altitude, en passant par les gorges verglac\u00e9es du Cians. D\u00e8s que nous arrivons dans les gorges, les temp\u00e9ratures baissent tr\u00e8s rapidement pour atteindre les 3 degr\u00e9s. Puis nous nous garons sur l'un des\u2026","rel":"","context":"Dans &quot;Mini baladeur&quot;","block_context":{"text":"Mini baladeur","link":"https:\/\/www.jojoenherbe.com\/index.php\/category\/mini-crapahuteur\/mini-baladeur\/"},"img":{"alt_text":"","src":"https:\/\/i0.wp.com\/www.jojoenherbe.com\/wp-content\/uploads\/2020\/01\/Sentier-plan%C3%A9taire-de-Valberg-3-scaled.jpg?fit=1200%2C900&ssl=1&resize=350%2C200","width":350,"height":200,"srcset":"https:\/\/i0.wp.com\/www.jojoenherbe.com\/wp-content\/uploads\/2020\/01\/Sentier-plan%C3%A9taire-de-Valberg-3-scaled.jpg?fit=1200%2C900&ssl=1&resize=350%2C200 1x, https:\/\/i0.wp.com\/www.jojoenherbe.com\/wp-content\/uploads\/2020\/01\/Sentier-plan%C3%A9taire-de-Valberg-3-scaled.jpg?fit=1200%2C900&ssl=1&resize=525%2C300 1.5x, https:\/\/i0.wp.com\/www.jojoenherbe.com\/wp-content\/uploads\/2020\/01\/Sentier-plan%C3%A9taire-de-Valberg-3-scaled.jpg?fit=1200%2C900&ssl=1&resize=700%2C400 2x, https:\/\/i0.wp.com\/www.jojoenherbe.com\/wp-content\/uploads\/2020\/01\/Sentier-plan%C3%A9taire-de-Valberg-3-scaled.jpg?fit=1200%2C900&ssl=1&resize=1050%2C600 3x"},"classes":[]},{"id":1390,"url":"https:\/\/www.jojoenherbe.com\/index.php\/2009\/02\/28\/a-la-recherche-des-vautours-du-verdon\/","url_meta":{"origin":23085,"position":3},"title":"A la recherche des vautours du Verdon","author":"Jojo","date":"28 f\u00e9vrier 2009","format":false,"excerpt":"Ce 27 f\u00e9vrier 2009, nous nous garons sur le parking de Trigance. Il est d\u00e9j\u00e0 11 heures et nous nous dirigeons vers le GR49 en remontant la route principale de la commune puis par un sentier qui monte sur la gauche. Nous arrivons bient\u00f4t sur une plaine qui conduit au\u2026","rel":"","context":"Dans &quot;Mini randonneur&quot;","block_context":{"text":"Mini randonneur","link":"https:\/\/www.jojoenherbe.com\/index.php\/category\/mini-crapahuteur\/mini-randonneur\/"},"img":{"alt_text":"","src":"https:\/\/i0.wp.com\/www.jojoenherbe.com\/wp-content\/uploads\/2009\/02\/Gorges-du-Verdon.jpg?fit=1200%2C900&ssl=1&resize=350%2C200","width":350,"height":200,"srcset":"https:\/\/i0.wp.com\/www.jojoenherbe.com\/wp-content\/uploads\/2009\/02\/Gorges-du-Verdon.jpg?fit=1200%2C900&ssl=1&resize=350%2C200 1x, https:\/\/i0.wp.com\/www.jojoenherbe.com\/wp-content\/uploads\/2009\/02\/Gorges-du-Verdon.jpg?fit=1200%2C900&ssl=1&resize=525%2C300 1.5x, https:\/\/i0.wp.com\/www.jojoenherbe.com\/wp-content\/uploads\/2009\/02\/Gorges-du-Verdon.jpg?fit=1200%2C900&ssl=1&resize=700%2C400 2x, https:\/\/i0.wp.com\/www.jojoenherbe.com\/wp-content\/uploads\/2009\/02\/Gorges-du-Verdon.jpg?fit=1200%2C900&ssl=1&resize=1050%2C600 3x"},"classes":[]},{"id":6853,"url":"https:\/\/www.jojoenherbe.com\/index.php\/2019\/07\/25\/dans-les-gorges-du-cians\/","url_meta":{"origin":23085,"position":4},"title":"Dans les Gorges du Cians","author":"Jojo","date":"25 juillet 2019","format":false,"excerpt":"Ce 21 juillet 2019, nous allons chercher de la fra\u00eecheur dans les Gorges du Cians, apr\u00e8s une courte averse \u00e0 Roubion. Nous marchons le long des quatre sentiers am\u00e9nag\u00e9s en redescendant en voiture sur Tou\u00ebt-sur-Var. Le premier sentier permet de d\u00e9couvrir une jolie cascade. Puis nous reprenons la voiture pour\u2026","rel":"","context":"Dans &quot;Mini baladeur&quot;","block_context":{"text":"Mini baladeur","link":"https:\/\/www.jojoenherbe.com\/index.php\/category\/mini-crapahuteur\/mini-baladeur\/"},"img":{"alt_text":"","src":"https:\/\/i0.wp.com\/www.jojoenherbe.com\/wp-content\/uploads\/2019\/07\/Gorges-du-Cians-3.jpg?fit=900%2C1200&ssl=1&resize=350%2C200","width":350,"height":200,"srcset":"https:\/\/i0.wp.com\/www.jojoenherbe.com\/wp-content\/uploads\/2019\/07\/Gorges-du-Cians-3.jpg?fit=900%2C1200&ssl=1&resize=350%2C200 1x, https:\/\/i0.wp.com\/www.jojoenherbe.com\/wp-content\/uploads\/2019\/07\/Gorges-du-Cians-3.jpg?fit=900%2C1200&ssl=1&resize=525%2C300 1.5x, https:\/\/i0.wp.com\/www.jojoenherbe.com\/wp-content\/uploads\/2019\/07\/Gorges-du-Cians-3.jpg?fit=900%2C1200&ssl=1&resize=700%2C400 2x"},"classes":[]},{"id":6054,"url":"https:\/\/www.jojoenherbe.com\/index.php\/2019\/05\/25\/sur-la-route-sinueuse-des-gorges-de-la-vesubie\/","url_meta":{"origin":23085,"position":5},"title":"Sur la route sinueuse des Gorges de la V\u00e9subie","author":"Jojo","date":"25 mai 2019","format":false,"excerpt":"Ce 25 mai 2019, nous nous rendons dans la Vall\u00e9e de la V\u00e9subie et nous arr\u00eatons au niveau d'une aire de pique-nique install\u00e9e au bord de la V\u00e9subie et de ses gorges, \u00e0 quelques kilom\u00e8tres de Saint-Jean-la-Rivi\u00e8re. C'est l'occasion pour moi de prendre une photo pour la semaine 21 du\u2026","rel":"","context":"Dans &quot;Mini baladeur&quot;","block_context":{"text":"Mini baladeur","link":"https:\/\/www.jojoenherbe.com\/index.php\/category\/mini-crapahuteur\/mini-baladeur\/"},"img":{"alt_text":"","src":"https:\/\/i0.wp.com\/www.jojoenherbe.com\/wp-content\/uploads\/2019\/05\/Gorges-de-la-V%C3%A9subie.jpg?fit=1200%2C900&ssl=1&resize=350%2C200","width":350,"height":200,"srcset":"https:\/\/i0.wp.com\/www.jojoenherbe.com\/wp-content\/uploads\/2019\/05\/Gorges-de-la-V%C3%A9subie.jpg?fit=1200%2C900&ssl=1&resize=350%2C200 1x, https:\/\/i0.wp.com\/www.jojoenherbe.com\/wp-content\/uploads\/2019\/05\/Gorges-de-la-V%C3%A9subie.jpg?fit=1200%2C900&ssl=1&resize=525%2C300 1.5x, https:\/\/i0.wp.com\/www.jojoenherbe.com\/wp-content\/uploads\/2019\/05\/Gorges-de-la-V%C3%A9subie.jpg?fit=1200%2C900&ssl=1&resize=700%2C400 2x, https:\/\/i0.wp.com\/www.jojoenherbe.com\/wp-content\/uploads\/2019\/05\/Gorges-de-la-V%C3%A9subie.jpg?fit=1200%2C900&ssl=1&resize=1050%2C600 3x"},"classes":[]}],"_links":{"self":[{"href":"https:\/\/www.jojoenherbe.com\/index.php\/wp-json\/wp\/v2\/posts\/23085","targetHints":{"allow":["GET"]}}],"collection":[{"href":"https:\/\/www.jojoenherbe.com\/index.php\/wp-json\/wp\/v2\/posts"}],"about":[{"href":"https:\/\/www.jojoenherbe.com\/index.php\/wp-json\/wp\/v2\/types\/post"}],"author":[{"embeddable":true,"href":"https:\/\/www.jojoenherbe.com\/index.php\/wp-json\/wp\/v2\/users\/1"}],"replies":[{"embeddable":true,"href":"https:\/\/www.jojoenherbe.com\/index.php\/wp-json\/wp\/v2\/comments?post=23085"}],"version-history":[{"count":0,"href":"https:\/\/www.jojoenherbe.com\/index.php\/wp-json\/wp\/v2\/posts\/23085\/revisions"}],"wp:featuredmedia":[{"embeddable":true,"href":"https:\/\/www.jojoenherbe.com\/index.php\/wp-json\/wp\/v2\/media\/23094"}],"wp:attachment":[{"href":"https:\/\/www.jojoenherbe.com\/index.php\/wp-json\/wp\/v2\/media?parent=23085"}],"wp:term":[{"taxonomy":"category","embeddable":true,"href":"https:\/\/www.jojoenherbe.com\/index.php\/wp-json\/wp\/v2\/categories?post=23085"},{"taxonomy":"post_tag","embeddable":true,"href":"https:\/\/www.jojoenherbe.com\/index.php\/wp-json\/wp\/v2\/tags?post=23085"}],"curies":[{"name":"wp","href":"https:\/\/api.w.org\/{rel}","templated":true}]}}