{"id":22774,"date":"2021-12-13T13:58:26","date_gmt":"2021-12-13T12:58:26","guid":{"rendered":"https:\/\/www.jojoenherbe.com\/?p=22774"},"modified":"2021-12-13T18:31:51","modified_gmt":"2021-12-13T17:31:51","slug":"point-lecture-hebdomadaire-19","status":"publish","type":"post","link":"https:\/\/www.jojoenherbe.com\/index.php\/2021\/12\/13\/point-lecture-hebdomadaire-19\/","title":{"rendered":"Point lecture hebdomadaire #19"},"content":{"rendered":"<p style=\"text-align: justify;\"><em>En ce d\u00e9but de semaine, voici notre point lecture hebdomadaire avec un retour sur nos lectures de la semaine derni\u00e8re <\/em><em>et celles en cours et sans doute \u00e0 venir, avec un passage \u00e0 la m\u00e9diath\u00e8que et un \u00e0 la librairie. <br \/><\/em><\/p>\n<p style=\"text-align: justify;\"><span style=\"text-decoration: underline;\"><strong>Nos lectures du 6 au 12 d\u00e9cembre 2021<\/strong><\/span><strong>:<\/strong><\/p>\n<p style=\"text-align: justify;\"><em><span style=\"text-decoration: underline;\">Des lectures jeunesse<\/span>:<\/em><\/p>\n<p style=\"text-align: justify;\"><em>Il y a surtout eu des relectures d&rsquo;albums jeunesse avec quelques nouveaut\u00e9s d\u00e9couvertes dans notre calendrier de No\u00ebl.<\/em><\/p>\n<ul>\n<li style=\"text-align: justify;\"><em>(Album jeunesse) <strong><span style=\"text-decoration: underline;\">Dis Ours, tu m&rsquo;aimes?<\/span><\/strong> de Jory John et Benji Davies<\/em><\/li>\n<\/ul>\n<p style=\"text-align: justify;\"><em><a href=\"https:\/\/i0.wp.com\/www.jojoenherbe.com\/wp-content\/uploads\/2021\/12\/Dis-Ours-tu-maimes-scaled.jpg\"><img data-recalc-dims=\"1\" loading=\"lazy\" decoding=\"async\" data-attachment-id=\"22778\" data-permalink=\"https:\/\/www.jojoenherbe.com\/index.php\/2021\/12\/13\/point-lecture-hebdomadaire-19\/dis-ours-tu-maimes\/\" data-orig-file=\"https:\/\/i0.wp.com\/www.jojoenherbe.com\/wp-content\/uploads\/2021\/12\/Dis-Ours-tu-maimes-scaled.jpg?fit=2560%2C1920&amp;ssl=1\" data-orig-size=\"2560,1920\" data-comments-opened=\"1\" data-image-meta=\"{&quot;aperture&quot;:&quot;1.8&quot;,&quot;credit&quot;:&quot;&quot;,&quot;camera&quot;:&quot;iPhone 7&quot;,&quot;caption&quot;:&quot;&quot;,&quot;created_timestamp&quot;:&quot;1639392998&quot;,&quot;copyright&quot;:&quot;&quot;,&quot;focal_length&quot;:&quot;3.99&quot;,&quot;iso&quot;:&quot;100&quot;,&quot;shutter_speed&quot;:&quot;0.071428571428571&quot;,&quot;title&quot;:&quot;&quot;,&quot;orientation&quot;:&quot;1&quot;}\" data-image-title=\"Dis Ours, tu m&amp;rsquo;aimes\" data-image-description=\"\" data-image-caption=\"\" data-large-file=\"https:\/\/i0.wp.com\/www.jojoenherbe.com\/wp-content\/uploads\/2021\/12\/Dis-Ours-tu-maimes-scaled.jpg?fit=676%2C507&amp;ssl=1\" class=\"alignleft size-thumbnail wp-image-22778\" src=\"https:\/\/i0.wp.com\/www.jojoenherbe.com\/wp-content\/uploads\/2021\/12\/Dis-Ours-tu-maimes.jpg?resize=150%2C150\" alt=\"\" width=\"150\" height=\"150\" srcset=\"https:\/\/i0.wp.com\/www.jojoenherbe.com\/wp-content\/uploads\/2021\/12\/Dis-Ours-tu-maimes-scaled.jpg?resize=150%2C150&amp;ssl=1 150w, https:\/\/i0.wp.com\/www.jojoenherbe.com\/wp-content\/uploads\/2021\/12\/Dis-Ours-tu-maimes-scaled.jpg?zoom=2&amp;resize=150%2C150 300w, https:\/\/i0.wp.com\/www.jojoenherbe.com\/wp-content\/uploads\/2021\/12\/Dis-Ours-tu-maimes-scaled.jpg?zoom=3&amp;resize=150%2C150 450w\" sizes=\"auto, (max-width: 150px) 100vw, 150px\" \/><\/a>D\u00e9couvert \u00e0 l&rsquo;ouverture de la case 7 de notre calendrier de No\u00ebl, nous lisons Dis Ours, tu m&rsquo;aimes? de Jory John et Benji Davies (\u00e9d. Little Urban, 2018), <span class=\"\">un album jeunesse \u00e0 partir de 3 ans<\/span>. L&rsquo;histoire est construite comme les trois autres de ce duo Canard\/Ours (que nous relisons d&rsquo;ailleurs \u00e0 cette occasion) et avec la fameuse r\u00e9plique \u00ab\u00a0tu l&rsquo;as d\u00e9j\u00e0 dit\u00a0\u00bb. Encore une histoire rigolote dans laquelle Canard ne laisse pas un moment de repos \u00e0 son voisin Ours!<\/em><\/p>\n<ul>\n<li style=\"text-align: justify;\"><em>(Album jeunesse) <span style=\"text-decoration: underline;\"><strong>R\u00eave de neige<\/strong><\/span> de Sibylle Delacroix<\/em><\/li>\n<\/ul>\n<p style=\"text-align: justify;\"><em><a href=\"https:\/\/i0.wp.com\/www.jojoenherbe.com\/wp-content\/uploads\/2021\/12\/Reve-de-neige-2-1-scaled.jpg\"><img data-recalc-dims=\"1\" loading=\"lazy\" decoding=\"async\" data-attachment-id=\"22799\" data-permalink=\"https:\/\/www.jojoenherbe.com\/index.php\/2021\/12\/13\/point-lecture-hebdomadaire-19\/reve-de-neige-2-2\/\" data-orig-file=\"https:\/\/i0.wp.com\/www.jojoenherbe.com\/wp-content\/uploads\/2021\/12\/Reve-de-neige-2-1-scaled.jpg?fit=2560%2C1865&amp;ssl=1\" data-orig-size=\"2560,1865\" data-comments-opened=\"1\" data-image-meta=\"{&quot;aperture&quot;:&quot;1.8&quot;,&quot;credit&quot;:&quot;&quot;,&quot;camera&quot;:&quot;iPhone 7&quot;,&quot;caption&quot;:&quot;&quot;,&quot;created_timestamp&quot;:&quot;1639402777&quot;,&quot;copyright&quot;:&quot;&quot;,&quot;focal_length&quot;:&quot;3.99&quot;,&quot;iso&quot;:&quot;50&quot;,&quot;shutter_speed&quot;:&quot;0.058823529411765&quot;,&quot;title&quot;:&quot;&quot;,&quot;orientation&quot;:&quot;1&quot;}\" data-image-title=\"R\u00eave de neige 2\" data-image-description=\"\" data-image-caption=\"\" data-large-file=\"https:\/\/i0.wp.com\/www.jojoenherbe.com\/wp-content\/uploads\/2021\/12\/Reve-de-neige-2-1-scaled.jpg?fit=676%2C492&amp;ssl=1\" class=\"size-thumbnail wp-image-22799 alignright\" src=\"https:\/\/i0.wp.com\/www.jojoenherbe.com\/wp-content\/uploads\/2021\/12\/Reve-de-neige-2-1.jpg?resize=150%2C150\" alt=\"\" width=\"150\" height=\"150\" srcset=\"https:\/\/i0.wp.com\/www.jojoenherbe.com\/wp-content\/uploads\/2021\/12\/Reve-de-neige-2-1-scaled.jpg?resize=150%2C150&amp;ssl=1 150w, https:\/\/i0.wp.com\/www.jojoenherbe.com\/wp-content\/uploads\/2021\/12\/Reve-de-neige-2-1-scaled.jpg?zoom=2&amp;resize=150%2C150 300w, https:\/\/i0.wp.com\/www.jojoenherbe.com\/wp-content\/uploads\/2021\/12\/Reve-de-neige-2-1-scaled.jpg?zoom=3&amp;resize=150%2C150 450w\" sizes=\"auto, (max-width: 150px) 100vw, 150px\" \/><\/a>D\u00e9couvert \u00e0 l&rsquo;ouverture de la case 8 de notre calendrier de No\u00ebl, nous lisons et relisons depuis <span style=\"text-decoration: underline;\">R\u00eave de neige<\/span> de Sibylle Delacroix (\u00e9d. Bayard Jeunesse, 2021), un album \u00e0 partir de 3 ans et dans lequel nous retrouvons avec plaisir les deux enfants de <span style=\"text-decoration: underline;\">Graines de sable<\/span>. La veille de No\u00ebl, Lucie et son petit fr\u00e8re Ulysse vont se coucher regrettant l&rsquo;absence de neige. Beaucoup de magie de No\u00ebl (sans P\u00e8re No\u00ebl) et d&rsquo;imagination enfantine dans cette histoire magnifiquement illustr\u00e9e (que d&rsquo;expressivit\u00e9 chez les deux enfants)! Coup de c\u0153ur pour cet album jeunesse comme tous ceux que nous avons lu de cette autrice!<br \/><\/em><\/p>\n<ul>\n<li><em>(Album jeunesse) <span style=\"text-decoration: underline;\"><strong>Qui a vol\u00e9 le bonnet du P\u00e8re No\u00ebl?<\/strong><\/span> d\u2019Emmanuelle Rey et Fabien \u00d6ckto-Lambert <br \/><\/em><\/li>\n<\/ul>\n<p style=\"text-align: justify;\"><em><a href=\"https:\/\/i0.wp.com\/www.jojoenherbe.com\/wp-content\/uploads\/2021\/12\/Qui-a-vole-le-bonnet-du-Pere-Noel-2-scaled.jpg\"><img data-recalc-dims=\"1\" loading=\"lazy\" decoding=\"async\" data-attachment-id=\"22800\" data-permalink=\"https:\/\/www.jojoenherbe.com\/index.php\/2021\/12\/13\/point-lecture-hebdomadaire-19\/qui-a-vole-le-bonnet-du-pere-noel-2-2\/\" data-orig-file=\"https:\/\/i0.wp.com\/www.jojoenherbe.com\/wp-content\/uploads\/2021\/12\/Qui-a-vole-le-bonnet-du-Pere-Noel-2-scaled.jpg?fit=2560%2C1920&amp;ssl=1\" data-orig-size=\"2560,1920\" data-comments-opened=\"1\" data-image-meta=\"{&quot;aperture&quot;:&quot;1.8&quot;,&quot;credit&quot;:&quot;&quot;,&quot;camera&quot;:&quot;iPhone 7&quot;,&quot;caption&quot;:&quot;&quot;,&quot;created_timestamp&quot;:&quot;1639402787&quot;,&quot;copyright&quot;:&quot;&quot;,&quot;focal_length&quot;:&quot;3.99&quot;,&quot;iso&quot;:&quot;50&quot;,&quot;shutter_speed&quot;:&quot;0.058823529411765&quot;,&quot;title&quot;:&quot;&quot;,&quot;orientation&quot;:&quot;1&quot;}\" data-image-title=\"Qui a vol\u00e9 le bonnet du P\u00e8re No\u00ebl 2\" data-image-description=\"\" data-image-caption=\"\" data-large-file=\"https:\/\/i0.wp.com\/www.jojoenherbe.com\/wp-content\/uploads\/2021\/12\/Qui-a-vole-le-bonnet-du-Pere-Noel-2-scaled.jpg?fit=676%2C507&amp;ssl=1\" class=\"alignleft size-thumbnail wp-image-22800\" src=\"https:\/\/i0.wp.com\/www.jojoenherbe.com\/wp-content\/uploads\/2021\/12\/Qui-a-vole-le-bonnet-du-Pere-Noel-2.jpg?resize=150%2C150\" alt=\"\" width=\"150\" height=\"150\" srcset=\"https:\/\/i0.wp.com\/www.jojoenherbe.com\/wp-content\/uploads\/2021\/12\/Qui-a-vole-le-bonnet-du-Pere-Noel-2-scaled.jpg?resize=150%2C150&amp;ssl=1 150w, https:\/\/i0.wp.com\/www.jojoenherbe.com\/wp-content\/uploads\/2021\/12\/Qui-a-vole-le-bonnet-du-Pere-Noel-2-scaled.jpg?zoom=2&amp;resize=150%2C150 300w, https:\/\/i0.wp.com\/www.jojoenherbe.com\/wp-content\/uploads\/2021\/12\/Qui-a-vole-le-bonnet-du-Pere-Noel-2-scaled.jpg?zoom=3&amp;resize=150%2C150 450w\" sizes=\"auto, (max-width: 150px) 100vw, 150px\" \/><\/a>D\u00e9couvert \u00e0 l&rsquo;ouverture de la case 9 de notre calendrier de No\u00ebl, nous lisons et relisons depuis <span style=\"text-decoration: underline;\">Qui a vol\u00e9 le bonnet du P\u00e8re No\u00ebl?<\/span> d\u2019Emmanuelle Rey et Fabien \u00d6ckto-Lambert (\u00e9d. Fleurus, 2021), un album jeunesse grand format cartonn\u00e9 et \u00e0 flaps \u00e0 partir de 3 ans sur le m\u00eame principe qu&rsquo;un autre album jeunesse illustr\u00e9 par Fabien \u00d6ckto-Lambert et que nous adorons, <a href=\"https:\/\/www.jojoenherbe.com\/index.php\/2020\/12\/07\/au-fil-des-pages-avec-noel-dans-le-grand-arbre\/\"><span style=\"text-decoration: underline;\">No\u00ebl dans le grand arbre<\/span><\/a>. Encore un tr\u00e8s bon moment de lecture \u00e0 soulever les flaps et observer les magnifiques illustrations, m\u00eame si l&rsquo;histoire de la disparition du bonnet du P\u00e8re No\u00ebl est classique! <\/em><\/p>\n<ul>\n<li style=\"text-align: justify;\"><em>(Album jeunesse) <span style=\"text-decoration: underline;\"><strong>Paddington reste \u00e0 la maison<\/strong><\/span> de Michael Bond et R. W. Alley<br \/><\/em><\/li>\n<\/ul>\n<p style=\"text-align: justify;\"><em><a href=\"https:\/\/i0.wp.com\/www.jojoenherbe.com\/wp-content\/uploads\/2021\/12\/Paddington-reste-a-la-maison-scaled.jpg\"><img data-recalc-dims=\"1\" loading=\"lazy\" decoding=\"async\" data-attachment-id=\"22781\" data-permalink=\"https:\/\/www.jojoenherbe.com\/index.php\/2021\/12\/13\/point-lecture-hebdomadaire-19\/paddington-reste-a-la-maison\/\" data-orig-file=\"https:\/\/i0.wp.com\/www.jojoenherbe.com\/wp-content\/uploads\/2021\/12\/Paddington-reste-a-la-maison-scaled.jpg?fit=2560%2C1920&amp;ssl=1\" data-orig-size=\"2560,1920\" data-comments-opened=\"1\" data-image-meta=\"{&quot;aperture&quot;:&quot;1.8&quot;,&quot;credit&quot;:&quot;&quot;,&quot;camera&quot;:&quot;iPhone 7&quot;,&quot;caption&quot;:&quot;&quot;,&quot;created_timestamp&quot;:&quot;1639391306&quot;,&quot;copyright&quot;:&quot;&quot;,&quot;focal_length&quot;:&quot;3.99&quot;,&quot;iso&quot;:&quot;100&quot;,&quot;shutter_speed&quot;:&quot;0.058823529411765&quot;,&quot;title&quot;:&quot;&quot;,&quot;orientation&quot;:&quot;1&quot;}\" data-image-title=\"Paddington reste \u00e0 la maison\" data-image-description=\"\" data-image-caption=\"\" data-large-file=\"https:\/\/i0.wp.com\/www.jojoenherbe.com\/wp-content\/uploads\/2021\/12\/Paddington-reste-a-la-maison-scaled.jpg?fit=676%2C507&amp;ssl=1\" class=\"size-thumbnail wp-image-22781 alignright\" src=\"https:\/\/i0.wp.com\/www.jojoenherbe.com\/wp-content\/uploads\/2021\/12\/Paddington-reste-a-la-maison.jpg?resize=150%2C150\" alt=\"\" width=\"150\" height=\"150\" srcset=\"https:\/\/i0.wp.com\/www.jojoenherbe.com\/wp-content\/uploads\/2021\/12\/Paddington-reste-a-la-maison-scaled.jpg?resize=150%2C150&amp;ssl=1 150w, https:\/\/i0.wp.com\/www.jojoenherbe.com\/wp-content\/uploads\/2021\/12\/Paddington-reste-a-la-maison-scaled.jpg?zoom=2&amp;resize=150%2C150 300w, https:\/\/i0.wp.com\/www.jojoenherbe.com\/wp-content\/uploads\/2021\/12\/Paddington-reste-a-la-maison-scaled.jpg?zoom=3&amp;resize=150%2C150 450w\" sizes=\"auto, (max-width: 150px) 100vw, 150px\" \/><\/a>Pendant le RAT de No\u00ebl, nous lisons <span style=\"text-decoration: underline;\">Paddington reste \u00e0 la maison<\/span> de Michael Bond et R. W. Alley (\u00e9d. Hachette Jeunesse, 1999), un album jeunesse \u00e0 partir de 3 ans. Rest\u00e9 seul \u00e0 la maison, l\u2019ours Paddington fait, \u00e0 sa fa\u00e7on, un grand nettoyage de printemps tout en pr\u00e9parant un g\u00e2teau au chocolat. Il encha\u00eene les maladresses voire m\u00eame les b\u00eatises, s&rsquo;\u00e9puisant \u00e0 chaque fois pour tout ranger et recommencer \u00e0 nettoyer. Une histoire vintage rigolote avec l&rsquo;attachant ourson et bien s\u00fbr gourmande!<br \/><\/em><\/p>\n<ul>\n<li style=\"text-align: justify;\"><em>(Roman jeunesse) <strong><span style=\"text-decoration: underline;\">Starfell, Violette Dupin et le jour perdu<\/span><\/strong> de Dominique Valente <strong>(T1)<\/strong><\/em><\/li>\n<\/ul>\n<p style=\"text-align: justify;\"><em><a href=\"https:\/\/i0.wp.com\/www.jojoenherbe.com\/wp-content\/uploads\/2021\/12\/Starfell-T1-scaled.jpg\"><img data-recalc-dims=\"1\" loading=\"lazy\" decoding=\"async\" data-attachment-id=\"22785\" data-permalink=\"https:\/\/www.jojoenherbe.com\/index.php\/2021\/12\/13\/point-lecture-hebdomadaire-19\/starfell-t1\/\" data-orig-file=\"https:\/\/i0.wp.com\/www.jojoenherbe.com\/wp-content\/uploads\/2021\/12\/Starfell-T1-scaled.jpg?fit=2560%2C2172&amp;ssl=1\" data-orig-size=\"2560,2172\" data-comments-opened=\"1\" data-image-meta=\"{&quot;aperture&quot;:&quot;1.8&quot;,&quot;credit&quot;:&quot;&quot;,&quot;camera&quot;:&quot;iPhone 7&quot;,&quot;caption&quot;:&quot;&quot;,&quot;created_timestamp&quot;:&quot;1639391361&quot;,&quot;copyright&quot;:&quot;&quot;,&quot;focal_length&quot;:&quot;3.99&quot;,&quot;iso&quot;:&quot;80&quot;,&quot;shutter_speed&quot;:&quot;0.14285714285714&quot;,&quot;title&quot;:&quot;&quot;,&quot;orientation&quot;:&quot;1&quot;}\" data-image-title=\"Starfell T1\" data-image-description=\"\" data-image-caption=\"\" data-large-file=\"https:\/\/i0.wp.com\/www.jojoenherbe.com\/wp-content\/uploads\/2021\/12\/Starfell-T1-scaled.jpg?fit=676%2C574&amp;ssl=1\" class=\"alignleft size-thumbnail wp-image-22785\" src=\"https:\/\/i0.wp.com\/www.jojoenherbe.com\/wp-content\/uploads\/2021\/12\/Starfell-T1.jpg?resize=150%2C150\" alt=\"\" width=\"150\" height=\"150\" srcset=\"https:\/\/i0.wp.com\/www.jojoenherbe.com\/wp-content\/uploads\/2021\/12\/Starfell-T1-scaled.jpg?resize=150%2C150&amp;ssl=1 150w, https:\/\/i0.wp.com\/www.jojoenherbe.com\/wp-content\/uploads\/2021\/12\/Starfell-T1-scaled.jpg?zoom=2&amp;resize=150%2C150 300w, https:\/\/i0.wp.com\/www.jojoenherbe.com\/wp-content\/uploads\/2021\/12\/Starfell-T1-scaled.jpg?zoom=3&amp;resize=150%2C150 450w\" sizes=\"auto, (max-width: 150px) 100vw, 150px\" \/><\/a>Emprunt\u00e9 au d\u00e9part pour le Challenge Halloween avec le tome 2, je ne lis que cette semaine le tome 1 de <span style=\"text-decoration: underline;\">Starfell, Violette Dupin et le jour perdu<\/span> de Dominique Valente (\u00e9d. Casterman Jeunesse, 2020, 287 pages), un roman jeunesse fantasy pour les 9\/12 ans et que j&rsquo;avais rep\u00e9r\u00e9 chez <a href=\"https:\/\/www.laplanquealibellules.fr\/2020\/09\/challenge-halloween-2-des-idees-lecture.html\/\">Chicky Poo<\/a>. <\/em><\/p>\n<p style=\"text-align: justify;\"><em>Violette Dupin est la cadette d&rsquo;une famille de sorci\u00e8res qui se d\u00e9sole de ne pas avoir eu un don magique aussi puissant que ses s\u0153urs a\u00een\u00e9es ou que sa m\u00e8re. Elle a, en effet, le pouvoir assez banal de retrouver les choses perdues et fait l&rsquo;objet de moqueries. Mais un jour, Moreg Vaine, la sorci\u00e8re la plus puissante du royaume de Starfell lui demande son aide car une journ\u00e9e enti\u00e8re a disparu de la m\u00e9moire de tous les habitants, que ce soit chez les sorciers, les dragons ou les trolls. Un tr\u00e8s bon moment de lecture avec ce premier tome m\u00ealant qu\u00eate initiatique, amiti\u00e9 et aventures fantastiques pour \u00e9viter la fin du monde!<\/em><\/p>\n<ul>\n<li style=\"text-align: justify;\"><em>(Roman jeunesse) <span style=\"text-decoration: underline;\"><strong>Un gar\u00e7on nomm\u00e9 No\u00ebl<\/strong><\/span> de Matt Haig et Chris Mould<\/em><\/li>\n<\/ul>\n<p style=\"text-align: justify;\"><em><a href=\"https:\/\/i0.wp.com\/www.jojoenherbe.com\/wp-content\/uploads\/2021\/12\/Un-garcon-nomme-Noel-1-scaled.jpg\"><img data-recalc-dims=\"1\" loading=\"lazy\" decoding=\"async\" data-attachment-id=\"22786\" data-permalink=\"https:\/\/www.jojoenherbe.com\/index.php\/2021\/12\/13\/point-lecture-hebdomadaire-19\/un-garcon-nomme-noel-2\/\" data-orig-file=\"https:\/\/i0.wp.com\/www.jojoenherbe.com\/wp-content\/uploads\/2021\/12\/Un-garcon-nomme-Noel-1-scaled.jpg?fit=2560%2C1920&amp;ssl=1\" data-orig-size=\"2560,1920\" data-comments-opened=\"1\" data-image-meta=\"{&quot;aperture&quot;:&quot;1.8&quot;,&quot;credit&quot;:&quot;&quot;,&quot;camera&quot;:&quot;iPhone 7&quot;,&quot;caption&quot;:&quot;&quot;,&quot;created_timestamp&quot;:&quot;1639391346&quot;,&quot;copyright&quot;:&quot;&quot;,&quot;focal_length&quot;:&quot;3.99&quot;,&quot;iso&quot;:&quot;100&quot;,&quot;shutter_speed&quot;:&quot;0.071428571428571&quot;,&quot;title&quot;:&quot;&quot;,&quot;orientation&quot;:&quot;1&quot;}\" data-image-title=\"Un gar\u00e7on nomm\u00e9 No\u00ebl\" data-image-description=\"\" data-image-caption=\"\" data-large-file=\"https:\/\/i0.wp.com\/www.jojoenherbe.com\/wp-content\/uploads\/2021\/12\/Un-garcon-nomme-Noel-1-scaled.jpg?fit=676%2C507&amp;ssl=1\" class=\"size-thumbnail wp-image-22786 alignright\" src=\"https:\/\/i0.wp.com\/www.jojoenherbe.com\/wp-content\/uploads\/2021\/12\/Un-garcon-nomme-Noel-1.jpg?resize=150%2C150\" alt=\"\" width=\"150\" height=\"150\" srcset=\"https:\/\/i0.wp.com\/www.jojoenherbe.com\/wp-content\/uploads\/2021\/12\/Un-garcon-nomme-Noel-1-scaled.jpg?resize=150%2C150&amp;ssl=1 150w, https:\/\/i0.wp.com\/www.jojoenherbe.com\/wp-content\/uploads\/2021\/12\/Un-garcon-nomme-Noel-1-scaled.jpg?zoom=2&amp;resize=150%2C150 300w, https:\/\/i0.wp.com\/www.jojoenherbe.com\/wp-content\/uploads\/2021\/12\/Un-garcon-nomme-Noel-1-scaled.jpg?zoom=3&amp;resize=150%2C150 450w\" sizes=\"auto, (max-width: 150px) 100vw, 150px\" \/><\/a>Pendant le RAT de No\u00ebl, je lis <span style=\"text-decoration: underline;\">Un gar\u00e7on nomm\u00e9 No\u00ebl<\/span> de Matt Haig et illustr\u00e9 par Chris Mould (\u00e9d. Actes Sud, coll. H\u00e9lium, 2016, 254 pages), un roman jeunesse pour les 9\/12 ans. Orphelin de m\u00e8re et \u00e2g\u00e9 de 11 ans, Nicolas vit pauvrement avec Jo\u00ebl son p\u00e8re b\u00fbcheron dans la for\u00eat finlandaise. Mais un jour, un chasseur propose, au nom du Roi, un travail \u00e0 Jo\u00ebl pour rapporter la preuve de l&rsquo;existence des lutins et de leur royaume, Lutinbourg. Jo\u00ebl accepte en laissant Nicolas avec sa m\u00e9chante tante Carlotta. Mais ne supportant plus l&rsquo;absence de son p\u00e8re, le jeune gar\u00e7on s&rsquo;enfuit. Parviendra-t-il \u00e0 retrouver son p\u00e8re? <\/em><\/p>\n<p style=\"text-align: justify;\"><em>Cette histoire de qu\u00eate initiatique est <\/em><em>dr\u00f4le et magique, malgr\u00e9 certains passages plus tristes, en compagnie d&rsquo;un jeune gar\u00e7on qui a \u00e9t\u00e9 drimwick\u00e9 par des lutins. Je retrouve tous les ingr\u00e9dients et qualit\u00e9s qui feront de lui le P\u00e8re No\u00ebl: le bonnet \u00e0 pompon qu&rsquo;il tient de son p\u00e8re comme son surnom No\u00ebl, sa bont\u00e9, sa g\u00e9n\u00e9rosit\u00e9, des lutins distillant la magie et leurs rennes&#8230; Sans oublier une souris r\u00eavant de fromage et une f\u00e9e de V\u00e9rit\u00e9 qui adore faire exploser des t\u00eates. Un bon moment de lecture aux origines du P\u00e8re No\u00ebl et avec des passages gourmands \u00e0 Lutinbourg!<br \/><\/em><\/p>\n<ul>\n<li style=\"text-align: justify;\"><em>(Documentaire jeunesse) <strong><span style=\"text-decoration: underline;\">L&rsquo;univers<\/span><\/strong>, Collectif (\u00e9d. Larousse, coll. Ma premi\u00e8re encyclop\u00e9die, 1993, r\u00e9\u00e9d. 2000)<\/em><\/li>\n<\/ul>\n<p style=\"text-align: justify;\"><em><a href=\"https:\/\/i0.wp.com\/www.jojoenherbe.com\/wp-content\/uploads\/2021\/12\/LUnivers-scaled.jpg\"><img data-recalc-dims=\"1\" loading=\"lazy\" decoding=\"async\" data-attachment-id=\"22780\" data-permalink=\"https:\/\/www.jojoenherbe.com\/index.php\/2021\/12\/13\/point-lecture-hebdomadaire-19\/lunivers\/\" data-orig-file=\"https:\/\/i0.wp.com\/www.jojoenherbe.com\/wp-content\/uploads\/2021\/12\/LUnivers-scaled.jpg?fit=2560%2C1837&amp;ssl=1\" data-orig-size=\"2560,1837\" data-comments-opened=\"1\" data-image-meta=\"{&quot;aperture&quot;:&quot;1.8&quot;,&quot;credit&quot;:&quot;&quot;,&quot;camera&quot;:&quot;iPhone 7&quot;,&quot;caption&quot;:&quot;&quot;,&quot;created_timestamp&quot;:&quot;1639391314&quot;,&quot;copyright&quot;:&quot;&quot;,&quot;focal_length&quot;:&quot;3.99&quot;,&quot;iso&quot;:&quot;100&quot;,&quot;shutter_speed&quot;:&quot;0.058823529411765&quot;,&quot;title&quot;:&quot;&quot;,&quot;orientation&quot;:&quot;1&quot;}\" data-image-title=\"L&amp;rsquo;Univers\" data-image-description=\"\" data-image-caption=\"\" data-large-file=\"https:\/\/i0.wp.com\/www.jojoenherbe.com\/wp-content\/uploads\/2021\/12\/LUnivers-scaled.jpg?fit=676%2C485&amp;ssl=1\" class=\"alignleft size-thumbnail wp-image-22780\" src=\"https:\/\/i0.wp.com\/www.jojoenherbe.com\/wp-content\/uploads\/2021\/12\/LUnivers.jpg?resize=150%2C150\" alt=\"\" width=\"150\" height=\"150\" srcset=\"https:\/\/i0.wp.com\/www.jojoenherbe.com\/wp-content\/uploads\/2021\/12\/LUnivers-scaled.jpg?resize=150%2C150&amp;ssl=1 150w, https:\/\/i0.wp.com\/www.jojoenherbe.com\/wp-content\/uploads\/2021\/12\/LUnivers-scaled.jpg?zoom=2&amp;resize=150%2C150 300w, https:\/\/i0.wp.com\/www.jojoenherbe.com\/wp-content\/uploads\/2021\/12\/LUnivers-scaled.jpg?zoom=3&amp;resize=150%2C150 450w\" sizes=\"auto, (max-width: 150px) 100vw, 150px\" \/><\/a>Nous lisons <span style=\"text-decoration: underline;\"><strong>L&rsquo;univers<\/strong><\/span> de Jean-Pierre Verdet (\u00e9d. Larousse, coll. Ma premi\u00e8re encyclop\u00e9die, 1993, r\u00e9\u00e9d. 2000), un documentaire jeunesse \u00e9crit par un Astronome \u00e0 l&rsquo;Observatoire de Paris permettant de d\u00e9couvrir notre syst\u00e8me solaire, les plan\u00e8tes, le Soleil, la Lune, la conqu\u00eate spatiale&#8230; m\u00eame si certaines donn\u00e9es sont \u00e0 mettre \u00e0 jour, au vu des d\u00e9couvertes de ces derni\u00e8res ann\u00e9es, comme pour Pluton qui est d\u00e9sormais consid\u00e9r\u00e9e comme une plan\u00e8te naine et non plus la neuvi\u00e8me plan\u00e8te de notre syst\u00e8me solaire. De m\u00eame, il n&rsquo;y a plus de station MIR. Un documentaire int\u00e9ressant qui r\u00e9pond donc \u00e0 certaines questions tout en soulevant d&rsquo;autres!<br \/><\/em><\/p>\n<p style=\"text-align: justify;\"><em><span style=\"text-decoration: underline;\">Des lectures adulte<\/span>:<\/em><\/p>\n<ul>\n<li style=\"text-align: justify;\"><em>(Roman) <strong><span style=\"text-decoration: underline;\">Princess Bride<\/span><\/strong> de William Goldman<\/em><\/li>\n<\/ul>\n<p style=\"text-align: justify;\"><em><a href=\"https:\/\/i0.wp.com\/www.jojoenherbe.com\/wp-content\/uploads\/2021\/12\/Princess-Bride-scaled.jpg\"><img data-recalc-dims=\"1\" loading=\"lazy\" decoding=\"async\" data-attachment-id=\"22783\" data-permalink=\"https:\/\/www.jojoenherbe.com\/index.php\/2021\/12\/13\/point-lecture-hebdomadaire-19\/princess-bride\/\" data-orig-file=\"https:\/\/i0.wp.com\/www.jojoenherbe.com\/wp-content\/uploads\/2021\/12\/Princess-Bride-scaled.jpg?fit=2560%2C1920&amp;ssl=1\" data-orig-size=\"2560,1920\" data-comments-opened=\"1\" data-image-meta=\"{&quot;aperture&quot;:&quot;1.8&quot;,&quot;credit&quot;:&quot;&quot;,&quot;camera&quot;:&quot;iPhone 7&quot;,&quot;caption&quot;:&quot;&quot;,&quot;created_timestamp&quot;:&quot;1639391384&quot;,&quot;copyright&quot;:&quot;&quot;,&quot;focal_length&quot;:&quot;3.99&quot;,&quot;iso&quot;:&quot;80&quot;,&quot;shutter_speed&quot;:&quot;0.058823529411765&quot;,&quot;title&quot;:&quot;&quot;,&quot;orientation&quot;:&quot;1&quot;}\" data-image-title=\"Princess Bride\" data-image-description=\"\" data-image-caption=\"\" data-large-file=\"https:\/\/i0.wp.com\/www.jojoenherbe.com\/wp-content\/uploads\/2021\/12\/Princess-Bride-scaled.jpg?fit=676%2C507&amp;ssl=1\" class=\"size-thumbnail wp-image-22783 alignright\" src=\"https:\/\/i0.wp.com\/www.jojoenherbe.com\/wp-content\/uploads\/2021\/12\/Princess-Bride.jpg?resize=150%2C150\" alt=\"\" width=\"150\" height=\"150\" srcset=\"https:\/\/i0.wp.com\/www.jojoenherbe.com\/wp-content\/uploads\/2021\/12\/Princess-Bride-scaled.jpg?resize=150%2C150&amp;ssl=1 150w, https:\/\/i0.wp.com\/www.jojoenherbe.com\/wp-content\/uploads\/2021\/12\/Princess-Bride-scaled.jpg?zoom=2&amp;resize=150%2C150 300w, https:\/\/i0.wp.com\/www.jojoenherbe.com\/wp-content\/uploads\/2021\/12\/Princess-Bride-scaled.jpg?zoom=3&amp;resize=150%2C150 450w\" sizes=\"auto, (max-width: 150px) 100vw, 150px\" \/><\/a>En voyant ce roman sur le rayon des nouveaut\u00e9s de ma m\u00e9diath\u00e8que, j&rsquo;ai eu envie de le lire apr\u00e8s avoir vu il y a tr\u00e8s longtemps le film \u00e9ponyme de Rob Reiner sorti en 1987 avec dans les r\u00f4les principaux Robin Wright en Bouton d&rsquo;Or et Cary Elwes en Westley, d&rsquo;apr\u00e8s le sc\u00e9nario de William Goldman qu&rsquo;il a lui-m\u00eame adapt\u00e9 de son roman paru pour la premi\u00e8re fois en 1973: <span style=\"text-decoration: underline;\">Princess Bride<\/span> (\u00e9d. Bargelonne, 2004, r\u00e9\u00e9d. 2021, 381 pages). <\/em><\/p>\n<p style=\"text-align: justify;\"><em>En commen\u00e7ant \u00e0 lire, je suis surprise des nombreuses digressions et notes de l&rsquo;auteur, anecdotes plus ou moins autobiographiques (pl\u00fbtot fictives) entourant l&rsquo;\u00e9criture de cette histoire d&rsquo;aventures rocambolesques et de romance farfelue entre la princesse Bouton d&rsquo;Or et son fid\u00e8le valet de ferme Westley. Je retrouve d&rsquo;ailleurs le c\u00f4t\u00e9 compl\u00e8tement loufoque du film avec ce roman sous-titr\u00e9 <span style=\"text-decoration: underline;\">Le Grand Classique du Conte de Grand Amour et de Grande Aventure de S. Morgenstern<\/span> et qui se veut \u00eatre une version abr\u00e9g\u00e9e avec les meilleurs moments. Cela me donne envie de revoir le film!<\/em><\/p>\n<ul>\n<li><em>(Cosy Mystery) <span style=\"text-decoration: underline;\"><strong>Les D\u00e9tectives du Yorkshire, Rendez-vous avec la menace<\/strong><\/span> de Julia Chapman <strong>(T7)<\/strong><\/em><\/li>\n<\/ul>\n<p style=\"text-align: justify;\"><em><a href=\"https:\/\/i0.wp.com\/www.jojoenherbe.com\/wp-content\/uploads\/2021\/12\/Les-Detectives-du-Yorkshire-T7-scaled.jpg\"><img data-recalc-dims=\"1\" loading=\"lazy\" decoding=\"async\" data-attachment-id=\"22771\" data-permalink=\"https:\/\/www.jojoenherbe.com\/index.php\/2021\/12\/11\/un-rat-de-noel-2021\/les-detectives-du-yorkshire-t7\/\" data-orig-file=\"https:\/\/i0.wp.com\/www.jojoenherbe.com\/wp-content\/uploads\/2021\/12\/Les-Detectives-du-Yorkshire-T7-scaled.jpg?fit=2560%2C2028&amp;ssl=1\" data-orig-size=\"2560,2028\" data-comments-opened=\"1\" data-image-meta=\"{&quot;aperture&quot;:&quot;1.8&quot;,&quot;credit&quot;:&quot;&quot;,&quot;camera&quot;:&quot;iPhone 7&quot;,&quot;caption&quot;:&quot;&quot;,&quot;created_timestamp&quot;:&quot;1639388630&quot;,&quot;copyright&quot;:&quot;&quot;,&quot;focal_length&quot;:&quot;3.99&quot;,&quot;iso&quot;:&quot;100&quot;,&quot;shutter_speed&quot;:&quot;0.076923076923077&quot;,&quot;title&quot;:&quot;&quot;,&quot;orientation&quot;:&quot;1&quot;}\" data-image-title=\"Les D\u00e9tectives du Yorkshire T7\" data-image-description=\"\" data-image-caption=\"\" data-large-file=\"https:\/\/i0.wp.com\/www.jojoenherbe.com\/wp-content\/uploads\/2021\/12\/Les-Detectives-du-Yorkshire-T7-scaled.jpg?fit=676%2C535&amp;ssl=1\" class=\"alignleft size-thumbnail wp-image-22771\" src=\"https:\/\/i0.wp.com\/www.jojoenherbe.com\/wp-content\/uploads\/2021\/12\/Les-Detectives-du-Yorkshire-T7.jpg?resize=150%2C150\" alt=\"\" width=\"150\" height=\"150\" srcset=\"https:\/\/i0.wp.com\/www.jojoenherbe.com\/wp-content\/uploads\/2021\/12\/Les-Detectives-du-Yorkshire-T7-scaled.jpg?resize=150%2C150&amp;ssl=1 150w, https:\/\/i0.wp.com\/www.jojoenherbe.com\/wp-content\/uploads\/2021\/12\/Les-Detectives-du-Yorkshire-T7-scaled.jpg?zoom=2&amp;resize=150%2C150 300w, https:\/\/i0.wp.com\/www.jojoenherbe.com\/wp-content\/uploads\/2021\/12\/Les-Detectives-du-Yorkshire-T7-scaled.jpg?zoom=3&amp;resize=150%2C150 450w\" sizes=\"auto, (max-width: 150px) 100vw, 150px\" \/><\/a>Je lis en quelques heures, pendant le RAT de No\u00ebl, le tome 7 des <span style=\"text-decoration: underline;\">D\u00e9tectives du Yorkshire, Rendez-vous avec la menace<\/span> de Julia Chapman (\u00e9d. Robert Laffont, coll. La B\u00eate Noire, 2021, 354 pages). L\u2019histoire reprend au moment o\u00f9 le tome 6 s\u2019arr\u00eatait, au mois de mai et alors que la vie de Samson est une nouvelle fois, et peut-\u00eatre la derni\u00e8re fois, menac\u00e9e. Mais Delilah va tout faire, avec l\u2019aide des villageois de Bruncliffe en qui elle a confiance, pour emp\u00eacher un tueur \u00e0 gages de parvenir \u00e0 ses fins. Un tr\u00e8s bon moment de lecture addictif avec ce tome qui se d\u00e9roule sur une journ\u00e9e bien mouvement\u00e9e, chaque minute \u00e9tant compt\u00e9e (un 24h chrono en mode \u00ab\u00a0campagne anglaise\u00a0\u00bb)! Vivement le tome 8!<\/em><\/p>\n<p><strong><span style=\"text-decoration: underline;\">Ma lecture en cours<\/span>:<\/strong><\/p>\n<p style=\"text-align: justify;\"><em>(Roman jeunesse) <span style=\"text-decoration: underline;\"><strong>Winterhouse H\u00f4tel<\/strong><\/span> de Ben Guterson et Chlo\u00e9 Bristol (T1)<\/em><\/p>\n<p style=\"text-align: justify;\"><em><a href=\"https:\/\/i0.wp.com\/www.jojoenherbe.com\/wp-content\/uploads\/2021\/12\/Winterhouse-Hotel-T1-1-scaled.jpg\"><img data-recalc-dims=\"1\" loading=\"lazy\" decoding=\"async\" data-attachment-id=\"22787\" data-permalink=\"https:\/\/www.jojoenherbe.com\/index.php\/2021\/12\/13\/point-lecture-hebdomadaire-19\/winterhouse-hotel-t1-2\/\" data-orig-file=\"https:\/\/i0.wp.com\/www.jojoenherbe.com\/wp-content\/uploads\/2021\/12\/Winterhouse-Hotel-T1-1-scaled.jpg?fit=2560%2C1848&amp;ssl=1\" data-orig-size=\"2560,1848\" data-comments-opened=\"1\" data-image-meta=\"{&quot;aperture&quot;:&quot;1.8&quot;,&quot;credit&quot;:&quot;&quot;,&quot;camera&quot;:&quot;iPhone 7&quot;,&quot;caption&quot;:&quot;&quot;,&quot;created_timestamp&quot;:&quot;1639391391&quot;,&quot;copyright&quot;:&quot;&quot;,&quot;focal_length&quot;:&quot;3.99&quot;,&quot;iso&quot;:&quot;100&quot;,&quot;shutter_speed&quot;:&quot;0.071428571428571&quot;,&quot;title&quot;:&quot;&quot;,&quot;orientation&quot;:&quot;1&quot;}\" data-image-title=\"Winterhouse H\u00f4tel T1\" data-image-description=\"\" data-image-caption=\"\" data-large-file=\"https:\/\/i0.wp.com\/www.jojoenherbe.com\/wp-content\/uploads\/2021\/12\/Winterhouse-Hotel-T1-1-scaled.jpg?fit=676%2C488&amp;ssl=1\" class=\"size-thumbnail wp-image-22787 alignright\" src=\"https:\/\/i0.wp.com\/www.jojoenherbe.com\/wp-content\/uploads\/2021\/12\/Winterhouse-Hotel-T1-1.jpg?resize=150%2C150\" alt=\"\" width=\"150\" height=\"150\" srcset=\"https:\/\/i0.wp.com\/www.jojoenherbe.com\/wp-content\/uploads\/2021\/12\/Winterhouse-Hotel-T1-1-scaled.jpg?resize=150%2C150&amp;ssl=1 150w, https:\/\/i0.wp.com\/www.jojoenherbe.com\/wp-content\/uploads\/2021\/12\/Winterhouse-Hotel-T1-1-scaled.jpg?zoom=2&amp;resize=150%2C150 300w, https:\/\/i0.wp.com\/www.jojoenherbe.com\/wp-content\/uploads\/2021\/12\/Winterhouse-Hotel-T1-1-scaled.jpg?zoom=3&amp;resize=150%2C150 450w\" sizes=\"auto, (max-width: 150px) 100vw, 150px\" \/><\/a>Pendant le RAT de No\u00ebl, j&rsquo;ai commenc\u00e9 \u00e0 lire le tome 1 de <span style=\"text-decoration: underline;\">Winterhouse H\u00f4tel<\/span> de Ben Guterson et Chlo\u00e9 Bristol (\u00e9d. Albin Michel Jeunesse, coll. Wiz, 2018, 431 pages), un romance jeunesse \u00e0 partir de 9 ans jusqu\u2019au chapitre 6 (56 pages lues) avec le d\u00e9part pendant les vacances de No\u00ebl d\u2019Elizabeth, une jeune fille orpheline de 11 ans, pour l\u2019h\u00f4tel Winterhouse.<\/em><\/p>\n<p><strong><span style=\"text-decoration: underline;\">Mes prochaines lectures envisag\u00e9es<\/span>:<\/strong><\/p>\n<ul>\n<li style=\"text-align: justify;\"><em><a href=\"https:\/\/i0.wp.com\/www.jojoenherbe.com\/wp-content\/uploads\/2021\/12\/Starfell-T2-scaled.jpg\"><img data-recalc-dims=\"1\" loading=\"lazy\" decoding=\"async\" data-attachment-id=\"22803\" data-permalink=\"https:\/\/www.jojoenherbe.com\/index.php\/2021\/12\/13\/point-lecture-hebdomadaire-19\/starfell-t2\/\" data-orig-file=\"https:\/\/i0.wp.com\/www.jojoenherbe.com\/wp-content\/uploads\/2021\/12\/Starfell-T2-scaled.jpg?fit=2560%2C2075&amp;ssl=1\" data-orig-size=\"2560,2075\" data-comments-opened=\"1\" data-image-meta=\"{&quot;aperture&quot;:&quot;1.8&quot;,&quot;credit&quot;:&quot;&quot;,&quot;camera&quot;:&quot;iPhone 7&quot;,&quot;caption&quot;:&quot;&quot;,&quot;created_timestamp&quot;:&quot;1639403496&quot;,&quot;copyright&quot;:&quot;&quot;,&quot;focal_length&quot;:&quot;3.99&quot;,&quot;iso&quot;:&quot;80&quot;,&quot;shutter_speed&quot;:&quot;0.058823529411765&quot;,&quot;title&quot;:&quot;&quot;,&quot;orientation&quot;:&quot;1&quot;}\" data-image-title=\"Starfell T2\" data-image-description=\"\" data-image-caption=\"\" data-large-file=\"https:\/\/i0.wp.com\/www.jojoenherbe.com\/wp-content\/uploads\/2021\/12\/Starfell-T2-scaled.jpg?fit=676%2C548&amp;ssl=1\" class=\"alignleft size-thumbnail wp-image-22803\" src=\"https:\/\/i0.wp.com\/www.jojoenherbe.com\/wp-content\/uploads\/2021\/12\/Starfell-T2.jpg?resize=150%2C150\" alt=\"\" width=\"150\" height=\"150\" srcset=\"https:\/\/i0.wp.com\/www.jojoenherbe.com\/wp-content\/uploads\/2021\/12\/Starfell-T2-scaled.jpg?resize=150%2C150&amp;ssl=1 150w, https:\/\/i0.wp.com\/www.jojoenherbe.com\/wp-content\/uploads\/2021\/12\/Starfell-T2-scaled.jpg?zoom=2&amp;resize=150%2C150 300w, https:\/\/i0.wp.com\/www.jojoenherbe.com\/wp-content\/uploads\/2021\/12\/Starfell-T2-scaled.jpg?zoom=3&amp;resize=150%2C150 450w\" sizes=\"auto, (max-width: 150px) 100vw, 150px\" \/><\/a>(Roman jeunesse) le tome 2 de <span style=\"text-decoration: underline;\">Starfell, Violette Dupin et le souvenir oubli\u00e9<\/span> de Dominique Valente ( \u00e9d. Casterman Jeunesse, 2021, 286 pages)<\/em><\/li>\n<li style=\"text-align: justify;\"><em><a href=\"https:\/\/i0.wp.com\/www.jojoenherbe.com\/wp-content\/uploads\/2021\/12\/Joyeux-Noel-et-laisse-moi-tranquille-scaled.jpg\"><img data-recalc-dims=\"1\" loading=\"lazy\" decoding=\"async\" data-attachment-id=\"22804\" data-permalink=\"https:\/\/www.jojoenherbe.com\/index.php\/2021\/12\/13\/point-lecture-hebdomadaire-19\/joyeux-noel-et-laisse-moi-tranquille\/\" data-orig-file=\"https:\/\/i0.wp.com\/www.jojoenherbe.com\/wp-content\/uploads\/2021\/12\/Joyeux-Noel-et-laisse-moi-tranquille-scaled.jpg?fit=2560%2C2163&amp;ssl=1\" data-orig-size=\"2560,2163\" data-comments-opened=\"1\" data-image-meta=\"{&quot;aperture&quot;:&quot;1.8&quot;,&quot;credit&quot;:&quot;&quot;,&quot;camera&quot;:&quot;iPhone 7&quot;,&quot;caption&quot;:&quot;&quot;,&quot;created_timestamp&quot;:&quot;1639403509&quot;,&quot;copyright&quot;:&quot;&quot;,&quot;focal_length&quot;:&quot;3.99&quot;,&quot;iso&quot;:&quot;80&quot;,&quot;shutter_speed&quot;:&quot;0.058823529411765&quot;,&quot;title&quot;:&quot;&quot;,&quot;orientation&quot;:&quot;1&quot;}\" data-image-title=\"Joyeux No\u00ebl et laisse-moi tranquille!\" data-image-description=\"\" data-image-caption=\"\" data-large-file=\"https:\/\/i0.wp.com\/www.jojoenherbe.com\/wp-content\/uploads\/2021\/12\/Joyeux-Noel-et-laisse-moi-tranquille-scaled.jpg?fit=676%2C571&amp;ssl=1\" class=\"size-thumbnail wp-image-22804 alignright\" src=\"https:\/\/i0.wp.com\/www.jojoenherbe.com\/wp-content\/uploads\/2021\/12\/Joyeux-Noel-et-laisse-moi-tranquille.jpg?resize=150%2C150\" alt=\"\" width=\"150\" height=\"150\" srcset=\"https:\/\/i0.wp.com\/www.jojoenherbe.com\/wp-content\/uploads\/2021\/12\/Joyeux-Noel-et-laisse-moi-tranquille-scaled.jpg?resize=150%2C150&amp;ssl=1 150w, https:\/\/i0.wp.com\/www.jojoenherbe.com\/wp-content\/uploads\/2021\/12\/Joyeux-Noel-et-laisse-moi-tranquille-scaled.jpg?zoom=2&amp;resize=150%2C150 300w, https:\/\/i0.wp.com\/www.jojoenherbe.com\/wp-content\/uploads\/2021\/12\/Joyeux-Noel-et-laisse-moi-tranquille-scaled.jpg?zoom=3&amp;resize=150%2C150 450w\" sizes=\"auto, (max-width: 150px) 100vw, 150px\" \/><\/a>(Romance de No\u00ebl) <span style=\"text-decoration: underline;\">Joyeux No\u00ebl et laisse-moi tranquille!<\/span> d&rsquo;\u00c8ve Borelli (\u00e9d. Harper Collins Poche, n\u00b0194, 2020, 236 pages)<\/em><\/li>\n<\/ul>\n\n\n<p><\/p>\n","protected":false},"excerpt":{"rendered":"<p>En ce d\u00e9but de semaine, voici notre point lecture hebdomadaire avec un retour sur nos lectures de la semaine derni\u00e8re et celles en cours et sans doute \u00e0 venir, avec un passage \u00e0 la m\u00e9diath\u00e8que et un \u00e0 la librairie. Nos lectures du 6 au 12 d\u00e9cembre 2021: Des lectures jeunesse: Il y a surtout [&hellip;]<\/p>\n","protected":false},"author":1,"featured_media":22782,"comment_status":"open","ping_status":"open","sticky":false,"template":"","format":"standard","meta":{"jetpack_post_was_ever_published":false,"_jetpack_newsletter_access":"","_jetpack_dont_email_post_to_subs":false,"_jetpack_newsletter_tier_id":0,"_jetpack_memberships_contains_paywalled_content":false,"_jetpack_memberships_contains_paid_content":false,"footnotes":""},"categories":[2140,363],"tags":[409,2892,1479,2893,2887,1334,2211,2894,2891,1856,1453,2112,367,1056,2886,2889,2888,2767,2890,789,2280],"class_list":["post-22774","post","type-post","status-publish","format-standard","has-post-thumbnail","hentry","category-mini-blogueur","category-mini-lecteur","tag-albums-jeunesse","tag-ben-guterson","tag-benji-davies","tag-chloe-bristol","tag-chris-mould","tag-cosy-mystery","tag-documentaires-jeunesse","tag-dominique-valente","tag-emmanuelle-rey","tag-fabien-ockto-lambert","tag-jory-john","tag-julia-chapman","tag-lecture-jeunesse","tag-lectures-de-noel","tag-matt-haig","tag-michael-bond","tag-paddington","tag-point-lecture-hebdo","tag-r-w-alley","tag-romans-jeunesse","tag-sibylle-delacroix","post-preview"],"jetpack_featured_media_url":"https:\/\/i0.wp.com\/www.jojoenherbe.com\/wp-content\/uploads\/2021\/12\/Point-lecture-hebdomadaire-19-scaled.jpg?fit=2560%2C1905&ssl=1","jetpack_sharing_enabled":true,"jetpack_shortlink":"https:\/\/wp.me\/p9zhGx-5Vk","jetpack_likes_enabled":true,"jetpack-related-posts":[{"id":11124,"url":"https:\/\/www.jojoenherbe.com\/index.php\/2020\/06\/03\/au-fil-des-pages-avec-dis-ours-tu-dors\/","url_meta":{"origin":22774,"position":0},"title":"Au fil des pages avec Dis Ours, tu dors?","author":"Jojo","date":"3 juin 2020","format":false,"excerpt":"Nous relisons ce soir Dis Ours, tu dors? de Jory John et Benji Davies (\u00e9d. Little Urban, 2017, r\u00e9\u00e9d. 2019), un album jeunesse \u00e0 partir de 3 ans. Il s'agit d'une histoire hilarante et dynamique avec un de nos duos pr\u00e9f\u00e9r\u00e9s: Canard - surexcit\u00e9 voire un brin \u00e9nervant\/\u00e9puisant et Ours\u2026","rel":"","context":"Dans &quot;Mini lecteur&quot;","block_context":{"text":"Mini lecteur","link":"https:\/\/www.jojoenherbe.com\/index.php\/category\/mini-lecteur\/"},"img":{"alt_text":"","src":"https:\/\/i0.wp.com\/www.jojoenherbe.com\/wp-content\/uploads\/2020\/06\/Dis-Ours-tu-dors-scaled.jpg?fit=1048%2C1200&ssl=1&resize=350%2C200","width":350,"height":200,"srcset":"https:\/\/i0.wp.com\/www.jojoenherbe.com\/wp-content\/uploads\/2020\/06\/Dis-Ours-tu-dors-scaled.jpg?fit=1048%2C1200&ssl=1&resize=350%2C200 1x, https:\/\/i0.wp.com\/www.jojoenherbe.com\/wp-content\/uploads\/2020\/06\/Dis-Ours-tu-dors-scaled.jpg?fit=1048%2C1200&ssl=1&resize=525%2C300 1.5x, https:\/\/i0.wp.com\/www.jojoenherbe.com\/wp-content\/uploads\/2020\/06\/Dis-Ours-tu-dors-scaled.jpg?fit=1048%2C1200&ssl=1&resize=700%2C400 2x"},"classes":[]},{"id":23503,"url":"https:\/\/www.jojoenherbe.com\/index.php\/2022\/01\/26\/pause-lecture-dis-ours\/","url_meta":{"origin":22774,"position":1},"title":"Pause lecture: Dis Ours","author":"Jojo","date":"26 janvier 2022","format":false,"excerpt":"Avec ce billet, j'ai envie de revenir sur une s\u00e9rie d'albums jeunesse que nous appr\u00e9cions beaucoup et que nous relisons tr\u00e8s r\u00e9guli\u00e8rement comme hier soir: les quatre histoires du duo rigolo de voisins, Ours et Canard imagin\u00e9 par Jory John et Benji Davies et qui se construisent sur le m\u00eame\u2026","rel":"","context":"Dans &quot;Mini lecteur&quot;","block_context":{"text":"Mini lecteur","link":"https:\/\/www.jojoenherbe.com\/index.php\/category\/mini-lecteur\/"},"img":{"alt_text":"","src":"https:\/\/i0.wp.com\/www.jojoenherbe.com\/wp-content\/uploads\/2019\/11\/Dis-Ours-scaled.jpg?fit=1200%2C911&ssl=1&resize=350%2C200","width":350,"height":200,"srcset":"https:\/\/i0.wp.com\/www.jojoenherbe.com\/wp-content\/uploads\/2019\/11\/Dis-Ours-scaled.jpg?fit=1200%2C911&ssl=1&resize=350%2C200 1x, https:\/\/i0.wp.com\/www.jojoenherbe.com\/wp-content\/uploads\/2019\/11\/Dis-Ours-scaled.jpg?fit=1200%2C911&ssl=1&resize=525%2C300 1.5x, https:\/\/i0.wp.com\/www.jojoenherbe.com\/wp-content\/uploads\/2019\/11\/Dis-Ours-scaled.jpg?fit=1200%2C911&ssl=1&resize=700%2C400 2x, https:\/\/i0.wp.com\/www.jojoenherbe.com\/wp-content\/uploads\/2019\/11\/Dis-Ours-scaled.jpg?fit=1200%2C911&ssl=1&resize=1050%2C600 3x"},"classes":[]},{"id":8569,"url":"https:\/\/www.jojoenherbe.com\/index.php\/2019\/11\/24\/au-fil-des-pages-avec-dis-ours-tu-sors\/","url_meta":{"origin":22774,"position":2},"title":"Au fil des pages avec Dis Ours, tu sors?","author":"Jojo","date":"24 novembre 2019","format":false,"excerpt":"Nous empruntons \u00e0 la biblioth\u00e8que Dis Ours, tu sors? de Jory John et Benji Davies (\u00e9d. Little Urban, 2019), un album jeunesse \u00e0 partir de 3 ans. Dans ce quatri\u00e8me tome des aventures de Canard et d'Ours, Canard est tout enthousiaste en d\u00e9couvrant que la neige est tomb\u00e9e. Il se\u2026","rel":"","context":"Dans &quot;Mini lecteur&quot;","block_context":{"text":"Mini lecteur","link":"https:\/\/www.jojoenherbe.com\/index.php\/category\/mini-lecteur\/"},"img":{"alt_text":"","src":"https:\/\/i0.wp.com\/www.jojoenherbe.com\/wp-content\/uploads\/2019\/11\/Dis-Ours-tu-sors-5-scaled.jpg?fit=1200%2C925&ssl=1&resize=350%2C200","width":350,"height":200,"srcset":"https:\/\/i0.wp.com\/www.jojoenherbe.com\/wp-content\/uploads\/2019\/11\/Dis-Ours-tu-sors-5-scaled.jpg?fit=1200%2C925&ssl=1&resize=350%2C200 1x, https:\/\/i0.wp.com\/www.jojoenherbe.com\/wp-content\/uploads\/2019\/11\/Dis-Ours-tu-sors-5-scaled.jpg?fit=1200%2C925&ssl=1&resize=525%2C300 1.5x, https:\/\/i0.wp.com\/www.jojoenherbe.com\/wp-content\/uploads\/2019\/11\/Dis-Ours-tu-sors-5-scaled.jpg?fit=1200%2C925&ssl=1&resize=700%2C400 2x, https:\/\/i0.wp.com\/www.jojoenherbe.com\/wp-content\/uploads\/2019\/11\/Dis-Ours-tu-sors-5-scaled.jpg?fit=1200%2C925&ssl=1&resize=1050%2C600 3x"},"classes":[]},{"id":32343,"url":"https:\/\/www.jojoenherbe.com\/index.php\/2023\/10\/02\/point-lecture-hebdomadaire-2023-39\/","url_meta":{"origin":22774,"position":3},"title":"Point lecture hebdomadaire 2023 #39","author":"Jojo","date":"2 octobre 2023","format":false,"excerpt":"En ce d\u00e9but de semaine, voici notre point lecture hebdomadaire avec un retour sur nos lectures de la semaine derni\u00e8re (mais pas nos relectures) qui rentrent presque toutes dans le cadre du Challenge Halloween 2023 qui a commenc\u00e9 depuis le 23 septembre dernier. Nos lectures du 25 septembre au 1er\u2026","rel":"","context":"Dans &quot;Mini blogueur&quot;","block_context":{"text":"Mini blogueur","link":"https:\/\/www.jojoenherbe.com\/index.php\/category\/mini-blogueur\/"},"img":{"alt_text":"","src":"https:\/\/i0.wp.com\/www.jojoenherbe.com\/wp-content\/uploads\/2023\/10\/Point-lecture-hebdomadaire-2023-39-scaled.jpg?fit=1200%2C1018&ssl=1&resize=350%2C200","width":350,"height":200,"srcset":"https:\/\/i0.wp.com\/www.jojoenherbe.com\/wp-content\/uploads\/2023\/10\/Point-lecture-hebdomadaire-2023-39-scaled.jpg?fit=1200%2C1018&ssl=1&resize=350%2C200 1x, https:\/\/i0.wp.com\/www.jojoenherbe.com\/wp-content\/uploads\/2023\/10\/Point-lecture-hebdomadaire-2023-39-scaled.jpg?fit=1200%2C1018&ssl=1&resize=525%2C300 1.5x, https:\/\/i0.wp.com\/www.jojoenherbe.com\/wp-content\/uploads\/2023\/10\/Point-lecture-hebdomadaire-2023-39-scaled.jpg?fit=1200%2C1018&ssl=1&resize=700%2C400 2x, https:\/\/i0.wp.com\/www.jojoenherbe.com\/wp-content\/uploads\/2023\/10\/Point-lecture-hebdomadaire-2023-39-scaled.jpg?fit=1200%2C1018&ssl=1&resize=1050%2C600 3x"},"classes":[]},{"id":13574,"url":"https:\/\/www.jojoenherbe.com\/index.php\/2020\/11\/10\/billet-de-suivi-il-etait-8-fois-noel\/","url_meta":{"origin":22774,"position":4},"title":"Billet de suivi: Il \u00e9tait 8 fois No\u00ebl","author":"Jojo","date":"10 novembre 2020","format":false,"excerpt":"Le mois de d\u00e9cembre approchant, c'est le retour de Il \u00e9tait 8 fois No\u00ebl, un challenge de No\u00ebl organis\u00e9 par Chicky Poo et Samarian et qui se d\u00e9roule du 30 novembre 2020 au 3 janvier 2021. Pour plus d\u2019infos, n\u2019h\u00e9sitez pas \u00e0 aller sur leurs blogs. Ce billet sera actualis\u00e9\u2026","rel":"","context":"Dans &quot;Mini challenger&quot;","block_context":{"text":"Mini challenger","link":"https:\/\/www.jojoenherbe.com\/index.php\/category\/mini-challenger\/"},"img":{"alt_text":"","src":"https:\/\/i0.wp.com\/www.jojoenherbe.com\/wp-content\/uploads\/2020\/11\/Logo_2_2020-1024x992-1.jpg?fit=1024%2C992&ssl=1&resize=350%2C200","width":350,"height":200,"srcset":"https:\/\/i0.wp.com\/www.jojoenherbe.com\/wp-content\/uploads\/2020\/11\/Logo_2_2020-1024x992-1.jpg?fit=1024%2C992&ssl=1&resize=350%2C200 1x, https:\/\/i0.wp.com\/www.jojoenherbe.com\/wp-content\/uploads\/2020\/11\/Logo_2_2020-1024x992-1.jpg?fit=1024%2C992&ssl=1&resize=525%2C300 1.5x, https:\/\/i0.wp.com\/www.jojoenherbe.com\/wp-content\/uploads\/2020\/11\/Logo_2_2020-1024x992-1.jpg?fit=1024%2C992&ssl=1&resize=700%2C400 2x"},"classes":[]},{"id":11366,"url":"https:\/\/www.jojoenherbe.com\/index.php\/2020\/07\/02\/ptit-recap-du-mois-anglais-2020\/","url_meta":{"origin":22774,"position":5},"title":"P&rsquo;tit r\u00e9cap du Mois Anglais 2020","author":"Jojo","date":"2 juillet 2020","format":false,"excerpt":"Ce mois de juin 2020 a \u00e9t\u00e9 synonyme de Mois Anglais, challenge organis\u00e9 par Lou, Titine et Lamousm\u00e9 et auquel j'ai particip\u00e9 pour la premi\u00e8re fois. Que de lectures, \u00e9changes et d\u00e9couvertes anglaises! J'ai pris plaisir \u00e0 relire des auteurs et \u00e0 en d\u00e9couvrir d'autres gr\u00e2ce aux posts et billets\u2026","rel":"","context":"Dans &quot;Mini challenger&quot;","block_context":{"text":"Mini challenger","link":"https:\/\/www.jojoenherbe.com\/index.php\/category\/mini-challenger\/"},"img":{"alt_text":"","src":"https:\/\/i0.wp.com\/www.jojoenherbe.com\/wp-content\/uploads\/2020\/07\/PAL-Le-Mois-Anglais-9-scaled.jpg?fit=1200%2C874&ssl=1&resize=350%2C200","width":350,"height":200,"srcset":"https:\/\/i0.wp.com\/www.jojoenherbe.com\/wp-content\/uploads\/2020\/07\/PAL-Le-Mois-Anglais-9-scaled.jpg?fit=1200%2C874&ssl=1&resize=350%2C200 1x, https:\/\/i0.wp.com\/www.jojoenherbe.com\/wp-content\/uploads\/2020\/07\/PAL-Le-Mois-Anglais-9-scaled.jpg?fit=1200%2C874&ssl=1&resize=525%2C300 1.5x, https:\/\/i0.wp.com\/www.jojoenherbe.com\/wp-content\/uploads\/2020\/07\/PAL-Le-Mois-Anglais-9-scaled.jpg?fit=1200%2C874&ssl=1&resize=700%2C400 2x, https:\/\/i0.wp.com\/www.jojoenherbe.com\/wp-content\/uploads\/2020\/07\/PAL-Le-Mois-Anglais-9-scaled.jpg?fit=1200%2C874&ssl=1&resize=1050%2C600 3x"},"classes":[]}],"_links":{"self":[{"href":"https:\/\/www.jojoenherbe.com\/index.php\/wp-json\/wp\/v2\/posts\/22774","targetHints":{"allow":["GET"]}}],"collection":[{"href":"https:\/\/www.jojoenherbe.com\/index.php\/wp-json\/wp\/v2\/posts"}],"about":[{"href":"https:\/\/www.jojoenherbe.com\/index.php\/wp-json\/wp\/v2\/types\/post"}],"author":[{"embeddable":true,"href":"https:\/\/www.jojoenherbe.com\/index.php\/wp-json\/wp\/v2\/users\/1"}],"replies":[{"embeddable":true,"href":"https:\/\/www.jojoenherbe.com\/index.php\/wp-json\/wp\/v2\/comments?post=22774"}],"version-history":[{"count":0,"href":"https:\/\/www.jojoenherbe.com\/index.php\/wp-json\/wp\/v2\/posts\/22774\/revisions"}],"wp:featuredmedia":[{"embeddable":true,"href":"https:\/\/www.jojoenherbe.com\/index.php\/wp-json\/wp\/v2\/media\/22782"}],"wp:attachment":[{"href":"https:\/\/www.jojoenherbe.com\/index.php\/wp-json\/wp\/v2\/media?parent=22774"}],"wp:term":[{"taxonomy":"category","embeddable":true,"href":"https:\/\/www.jojoenherbe.com\/index.php\/wp-json\/wp\/v2\/categories?post=22774"},{"taxonomy":"post_tag","embeddable":true,"href":"https:\/\/www.jojoenherbe.com\/index.php\/wp-json\/wp\/v2\/tags?post=22774"}],"curies":[{"name":"wp","href":"https:\/\/api.w.org\/{rel}","templated":true}]}}