{"id":2273,"date":"2010-04-30T23:45:20","date_gmt":"2010-04-30T21:45:20","guid":{"rendered":"http:\/\/www.jojoenherbe.com\/?p=2273"},"modified":"2018-04-18T09:24:41","modified_gmt":"2018-04-18T07:24:41","slug":"portovenere","status":"publish","type":"post","link":"https:\/\/www.jojoenherbe.com\/index.php\/2010\/04\/30\/portovenere\/","title":{"rendered":"Portovenere"},"content":{"rendered":"<div id=\"attachment_2288\" style=\"width: 160px\" class=\"wp-caption alignleft\"><a href=\"https:\/\/i0.wp.com\/www.jojoenherbe.com\/wp-content\/uploads\/2010\/04\/Portovenere.jpg\"><img data-recalc-dims=\"1\" loading=\"lazy\" decoding=\"async\" aria-describedby=\"caption-attachment-2288\" data-attachment-id=\"2288\" data-permalink=\"https:\/\/www.jojoenherbe.com\/index.php\/2010\/04\/30\/portovenere\/portovenere\/\" data-orig-file=\"https:\/\/i0.wp.com\/www.jojoenherbe.com\/wp-content\/uploads\/2010\/04\/Portovenere.jpg?fit=2592%2C1944&amp;ssl=1\" data-orig-size=\"2592,1944\" data-comments-opened=\"1\" data-image-meta=\"{&quot;aperture&quot;:&quot;5.6&quot;,&quot;credit&quot;:&quot;&quot;,&quot;camera&quot;:&quot;DSC-P100&quot;,&quot;caption&quot;:&quot;&quot;,&quot;created_timestamp&quot;:&quot;1272306156&quot;,&quot;copyright&quot;:&quot;&quot;,&quot;focal_length&quot;:&quot;7.9&quot;,&quot;iso&quot;:&quot;100&quot;,&quot;shutter_speed&quot;:&quot;0.003125&quot;,&quot;title&quot;:&quot;&quot;,&quot;orientation&quot;:&quot;1&quot;}\" data-image-title=\"Portovenere\" data-image-description=\"\" data-image-caption=\"&lt;p&gt;Portovenere&lt;\/p&gt;\n\" data-large-file=\"https:\/\/i0.wp.com\/www.jojoenherbe.com\/wp-content\/uploads\/2010\/04\/Portovenere.jpg?fit=676%2C507&amp;ssl=1\" class=\"wp-image-2288 size-thumbnail\" src=\"https:\/\/i0.wp.com\/www.jojoenherbe.com\/wp-content\/uploads\/2010\/04\/Portovenere.jpg?resize=150%2C150\" alt=\"\" width=\"150\" height=\"150\" srcset=\"https:\/\/i0.wp.com\/www.jojoenherbe.com\/wp-content\/uploads\/2010\/04\/Portovenere.jpg?resize=150%2C150&amp;ssl=1 150w, https:\/\/i0.wp.com\/www.jojoenherbe.com\/wp-content\/uploads\/2010\/04\/Portovenere.jpg?zoom=2&amp;resize=150%2C150 300w, https:\/\/i0.wp.com\/www.jojoenherbe.com\/wp-content\/uploads\/2010\/04\/Portovenere.jpg?zoom=3&amp;resize=150%2C150 450w\" sizes=\"auto, (max-width: 150px) 100vw, 150px\" \/><\/a><p id=\"caption-attachment-2288\" class=\"wp-caption-text\">Portovenere &#8211; Palazzata<\/p><\/div>\n<p style=\"text-align: justify;\"><em><a href=\"https:\/\/i0.wp.com\/www.jojoenherbe.com\/wp-content\/uploads\/2010\/04\/Portovenere-2.jpg\"><img data-recalc-dims=\"1\" loading=\"lazy\" decoding=\"async\" data-attachment-id=\"2278\" data-permalink=\"https:\/\/www.jojoenherbe.com\/index.php\/2010\/04\/30\/portovenere\/portovenere-2\/\" data-orig-file=\"https:\/\/i0.wp.com\/www.jojoenherbe.com\/wp-content\/uploads\/2010\/04\/Portovenere-2.jpg?fit=1944%2C2592&amp;ssl=1\" data-orig-size=\"1944,2592\" data-comments-opened=\"1\" data-image-meta=\"{&quot;aperture&quot;:&quot;2.8&quot;,&quot;credit&quot;:&quot;&quot;,&quot;camera&quot;:&quot;DSC-P100&quot;,&quot;caption&quot;:&quot;&quot;,&quot;created_timestamp&quot;:&quot;1272306806&quot;,&quot;copyright&quot;:&quot;&quot;,&quot;focal_length&quot;:&quot;7.9&quot;,&quot;iso&quot;:&quot;100&quot;,&quot;shutter_speed&quot;:&quot;0.008&quot;,&quot;title&quot;:&quot;&quot;,&quot;orientation&quot;:&quot;0&quot;}\" data-image-title=\"Portovenere\" data-image-description=\"\" data-image-caption=\"\" data-large-file=\"https:\/\/i0.wp.com\/www.jojoenherbe.com\/wp-content\/uploads\/2010\/04\/Portovenere-2.jpg?fit=676%2C901&amp;ssl=1\" class=\"alignleft size-thumbnail wp-image-2278\" src=\"https:\/\/i0.wp.com\/www.jojoenherbe.com\/wp-content\/uploads\/2010\/04\/Portovenere-2.jpg?resize=150%2C150\" alt=\"\" width=\"150\" height=\"150\" srcset=\"https:\/\/i0.wp.com\/www.jojoenherbe.com\/wp-content\/uploads\/2010\/04\/Portovenere-2.jpg?resize=150%2C150&amp;ssl=1 150w, https:\/\/i0.wp.com\/www.jojoenherbe.com\/wp-content\/uploads\/2010\/04\/Portovenere-2.jpg?zoom=2&amp;resize=150%2C150 300w, https:\/\/i0.wp.com\/www.jojoenherbe.com\/wp-content\/uploads\/2010\/04\/Portovenere-2.jpg?zoom=3&amp;resize=150%2C150 450w\" sizes=\"auto, (max-width: 150px) 100vw, 150px\" \/><\/a>Ce 26 avril 2010, apr\u00e8s avoir pass\u00e9 la journ\u00e9e sur le sentier littoral des Cinque Terre, nous arrivons \u00e0 Portovenere, commune class\u00e9e au patrimoine mondial de l&rsquo;UNESCO, vers 18h00. Nous nous dirigeons vers le port avec une jolie vue sur le ch\u00e2teau Doria. Les maisons de cette station baln\u00e9aire, certaines datant du XIIe si\u00e8cle, ont \u00e9t\u00e9 b\u00e2ties sur les falaises.<br \/>\n<\/em><\/p>\n<div id=\"attachment_2283\" style=\"width: 160px\" class=\"wp-caption alignright\"><a href=\"https:\/\/i0.wp.com\/www.jojoenherbe.com\/wp-content\/uploads\/2010\/04\/Portovenere-9.jpg\"><img data-recalc-dims=\"1\" loading=\"lazy\" decoding=\"async\" aria-describedby=\"caption-attachment-2283\" data-attachment-id=\"2283\" data-permalink=\"https:\/\/www.jojoenherbe.com\/index.php\/2010\/04\/30\/portovenere\/portovenere-9\/\" data-orig-file=\"https:\/\/i0.wp.com\/www.jojoenherbe.com\/wp-content\/uploads\/2010\/04\/Portovenere-9.jpg?fit=2590%2C1770&amp;ssl=1\" data-orig-size=\"2590,1770\" data-comments-opened=\"1\" data-image-meta=\"{&quot;aperture&quot;:&quot;5.6&quot;,&quot;credit&quot;:&quot;&quot;,&quot;camera&quot;:&quot;DSC-P100&quot;,&quot;caption&quot;:&quot;&quot;,&quot;created_timestamp&quot;:&quot;1272307979&quot;,&quot;copyright&quot;:&quot;&quot;,&quot;focal_length&quot;:&quot;7.9&quot;,&quot;iso&quot;:&quot;100&quot;,&quot;shutter_speed&quot;:&quot;0.002&quot;,&quot;title&quot;:&quot;&quot;,&quot;orientation&quot;:&quot;1&quot;}\" data-image-title=\"Portovenere\" data-image-description=\"\" data-image-caption=\"&lt;p&gt;Portovenere &amp;#8211; Citadelle&lt;\/p&gt;\n\" data-large-file=\"https:\/\/i0.wp.com\/www.jojoenherbe.com\/wp-content\/uploads\/2010\/04\/Portovenere-9.jpg?fit=676%2C462&amp;ssl=1\" class=\"size-thumbnail wp-image-2283\" src=\"https:\/\/i0.wp.com\/www.jojoenherbe.com\/wp-content\/uploads\/2010\/04\/Portovenere-9.jpg?resize=150%2C150\" alt=\"\" width=\"150\" height=\"150\" srcset=\"https:\/\/i0.wp.com\/www.jojoenherbe.com\/wp-content\/uploads\/2010\/04\/Portovenere-9.jpg?resize=150%2C150&amp;ssl=1 150w, https:\/\/i0.wp.com\/www.jojoenherbe.com\/wp-content\/uploads\/2010\/04\/Portovenere-9.jpg?zoom=2&amp;resize=150%2C150 300w, https:\/\/i0.wp.com\/www.jojoenherbe.com\/wp-content\/uploads\/2010\/04\/Portovenere-9.jpg?zoom=3&amp;resize=150%2C150 450w\" sizes=\"auto, (max-width: 150px) 100vw, 150px\" \/><\/a><p id=\"caption-attachment-2283\" class=\"wp-caption-text\">Portovenere &#8211; Citadelle<\/p><\/div>\n<p style=\"text-align: justify;\"><em><a href=\"https:\/\/i0.wp.com\/www.jojoenherbe.com\/wp-content\/uploads\/2010\/04\/Portovenere-3.jpg\"><img data-recalc-dims=\"1\" loading=\"lazy\" decoding=\"async\" data-attachment-id=\"2279\" data-permalink=\"https:\/\/www.jojoenherbe.com\/index.php\/2010\/04\/30\/portovenere\/portovenere-3\/\" data-orig-file=\"https:\/\/i0.wp.com\/www.jojoenherbe.com\/wp-content\/uploads\/2010\/04\/Portovenere-3.jpg?fit=1944%2C2592&amp;ssl=1\" data-orig-size=\"1944,2592\" data-comments-opened=\"1\" data-image-meta=\"{&quot;aperture&quot;:&quot;5.6&quot;,&quot;credit&quot;:&quot;&quot;,&quot;camera&quot;:&quot;DSC-P100&quot;,&quot;caption&quot;:&quot;&quot;,&quot;created_timestamp&quot;:&quot;1272307110&quot;,&quot;copyright&quot;:&quot;&quot;,&quot;focal_length&quot;:&quot;7.9&quot;,&quot;iso&quot;:&quot;100&quot;,&quot;shutter_speed&quot;:&quot;0.00125&quot;,&quot;title&quot;:&quot;&quot;,&quot;orientation&quot;:&quot;0&quot;}\" data-image-title=\"Portovenere\" data-image-description=\"\" data-image-caption=\"\" data-large-file=\"https:\/\/i0.wp.com\/www.jojoenherbe.com\/wp-content\/uploads\/2010\/04\/Portovenere-3.jpg?fit=676%2C901&amp;ssl=1\" class=\"size-thumbnail wp-image-2279 alignright\" src=\"https:\/\/i0.wp.com\/www.jojoenherbe.com\/wp-content\/uploads\/2010\/04\/Portovenere-3.jpg?resize=150%2C150\" alt=\"\" width=\"150\" height=\"150\" srcset=\"https:\/\/i0.wp.com\/www.jojoenherbe.com\/wp-content\/uploads\/2010\/04\/Portovenere-3.jpg?resize=150%2C150&amp;ssl=1 150w, https:\/\/i0.wp.com\/www.jojoenherbe.com\/wp-content\/uploads\/2010\/04\/Portovenere-3.jpg?zoom=2&amp;resize=150%2C150 300w, https:\/\/i0.wp.com\/www.jojoenherbe.com\/wp-content\/uploads\/2010\/04\/Portovenere-3.jpg?zoom=3&amp;resize=150%2C150 450w\" sizes=\"auto, (max-width: 150px) 100vw, 150px\" \/><\/a>Puis nous montons jusqu&rsquo;au promontoire delle Bocche sur lequel a \u00e9t\u00e9 \u00e9difi\u00e9e l&rsquo;\u00c9glise de San Pietro, de style gothique et datant du XIIe si\u00e8cle apr\u00e8s avoir \u00e9t\u00e9 reconstruite sur des vestiges du VIe si\u00e8cle. Cet endroit a \u00e9t\u00e9 bien conserv\u00e9 et est accessible gratuitement. <\/em><\/p>\n<div id=\"attachment_2281\" style=\"width: 160px\" class=\"wp-caption alignleft\"><a href=\"https:\/\/i0.wp.com\/www.jojoenherbe.com\/wp-content\/uploads\/2010\/04\/Portovenere-5.jpg\"><img data-recalc-dims=\"1\" loading=\"lazy\" decoding=\"async\" aria-describedby=\"caption-attachment-2281\" data-attachment-id=\"2281\" data-permalink=\"https:\/\/www.jojoenherbe.com\/index.php\/2010\/04\/30\/portovenere\/portovenere-5\/\" data-orig-file=\"https:\/\/i0.wp.com\/www.jojoenherbe.com\/wp-content\/uploads\/2010\/04\/Portovenere-5.jpg?fit=1944%2C2592&amp;ssl=1\" data-orig-size=\"1944,2592\" data-comments-opened=\"1\" data-image-meta=\"{&quot;aperture&quot;:&quot;5.6&quot;,&quot;credit&quot;:&quot;&quot;,&quot;camera&quot;:&quot;DSC-P100&quot;,&quot;caption&quot;:&quot;&quot;,&quot;created_timestamp&quot;:&quot;1272307474&quot;,&quot;copyright&quot;:&quot;&quot;,&quot;focal_length&quot;:&quot;7.9&quot;,&quot;iso&quot;:&quot;100&quot;,&quot;shutter_speed&quot;:&quot;0.003125&quot;,&quot;title&quot;:&quot;&quot;,&quot;orientation&quot;:&quot;0&quot;}\" data-image-title=\"Portovenere\" data-image-description=\"\" data-image-caption=\"\" data-large-file=\"https:\/\/i0.wp.com\/www.jojoenherbe.com\/wp-content\/uploads\/2010\/04\/Portovenere-5.jpg?fit=676%2C901&amp;ssl=1\" class=\"wp-image-2281 size-thumbnail\" src=\"https:\/\/i0.wp.com\/www.jojoenherbe.com\/wp-content\/uploads\/2010\/04\/Portovenere-5.jpg?resize=150%2C150\" alt=\"\" width=\"150\" height=\"150\" srcset=\"https:\/\/i0.wp.com\/www.jojoenherbe.com\/wp-content\/uploads\/2010\/04\/Portovenere-5.jpg?resize=150%2C150&amp;ssl=1 150w, https:\/\/i0.wp.com\/www.jojoenherbe.com\/wp-content\/uploads\/2010\/04\/Portovenere-5.jpg?zoom=2&amp;resize=150%2C150 300w, https:\/\/i0.wp.com\/www.jojoenherbe.com\/wp-content\/uploads\/2010\/04\/Portovenere-5.jpg?zoom=3&amp;resize=150%2C150 450w\" sizes=\"auto, (max-width: 150px) 100vw, 150px\" \/><\/a><p id=\"caption-attachment-2281\" class=\"wp-caption-text\">Portovenere &#8211; vue sur le Golfe des Po\u00e8tes<\/p><\/div>\n<p style=\"text-align: justify;\"><em> <a href=\"https:\/\/i0.wp.com\/www.jojoenherbe.com\/wp-content\/uploads\/2010\/04\/Portovenere-8.jpg\"><img data-recalc-dims=\"1\" loading=\"lazy\" decoding=\"async\" data-attachment-id=\"2282\" data-permalink=\"https:\/\/www.jojoenherbe.com\/index.php\/2010\/04\/30\/portovenere\/portovenere-8\/\" data-orig-file=\"https:\/\/i0.wp.com\/www.jojoenherbe.com\/wp-content\/uploads\/2010\/04\/Portovenere-8.jpg?fit=1944%2C2592&amp;ssl=1\" data-orig-size=\"1944,2592\" data-comments-opened=\"1\" data-image-meta=\"{&quot;aperture&quot;:&quot;4.5&quot;,&quot;credit&quot;:&quot;&quot;,&quot;camera&quot;:&quot;DSC-P100&quot;,&quot;caption&quot;:&quot;&quot;,&quot;created_timestamp&quot;:&quot;1272307969&quot;,&quot;copyright&quot;:&quot;&quot;,&quot;focal_length&quot;:&quot;18.7&quot;,&quot;iso&quot;:&quot;100&quot;,&quot;shutter_speed&quot;:&quot;0.005&quot;,&quot;title&quot;:&quot;&quot;,&quot;orientation&quot;:&quot;0&quot;}\" data-image-title=\"Portovenere\" data-image-description=\"\" data-image-caption=\"\" data-large-file=\"https:\/\/i0.wp.com\/www.jojoenherbe.com\/wp-content\/uploads\/2010\/04\/Portovenere-8.jpg?fit=676%2C901&amp;ssl=1\" class=\"alignleft size-thumbnail wp-image-2282\" src=\"https:\/\/i0.wp.com\/www.jojoenherbe.com\/wp-content\/uploads\/2010\/04\/Portovenere-8.jpg?resize=150%2C150\" alt=\"\" width=\"150\" height=\"150\" srcset=\"https:\/\/i0.wp.com\/www.jojoenherbe.com\/wp-content\/uploads\/2010\/04\/Portovenere-8.jpg?resize=150%2C150&amp;ssl=1 150w, https:\/\/i0.wp.com\/www.jojoenherbe.com\/wp-content\/uploads\/2010\/04\/Portovenere-8.jpg?zoom=2&amp;resize=150%2C150 300w, https:\/\/i0.wp.com\/www.jojoenherbe.com\/wp-content\/uploads\/2010\/04\/Portovenere-8.jpg?zoom=3&amp;resize=150%2C150 450w\" sizes=\"auto, (max-width: 150px) 100vw, 150px\" \/><\/a> <a href=\"https:\/\/i0.wp.com\/www.jojoenherbe.com\/wp-content\/uploads\/2010\/04\/Portovenere-6.jpg\"><img data-recalc-dims=\"1\" loading=\"lazy\" decoding=\"async\" data-attachment-id=\"2296\" data-permalink=\"https:\/\/www.jojoenherbe.com\/index.php\/2010\/04\/30\/portovenere\/portovenere-6\/\" data-orig-file=\"https:\/\/i0.wp.com\/www.jojoenherbe.com\/wp-content\/uploads\/2010\/04\/Portovenere-6.jpg?fit=1944%2C2592&amp;ssl=1\" data-orig-size=\"1944,2592\" data-comments-opened=\"1\" data-image-meta=\"{&quot;aperture&quot;:&quot;5.6&quot;,&quot;credit&quot;:&quot;&quot;,&quot;camera&quot;:&quot;DSC-P100&quot;,&quot;caption&quot;:&quot;&quot;,&quot;created_timestamp&quot;:&quot;1272307858&quot;,&quot;copyright&quot;:&quot;&quot;,&quot;focal_length&quot;:&quot;7.9&quot;,&quot;iso&quot;:&quot;100&quot;,&quot;shutter_speed&quot;:&quot;0.005&quot;,&quot;title&quot;:&quot;&quot;,&quot;orientation&quot;:&quot;0&quot;}\" data-image-title=\"Portovenere\" data-image-description=\"\" data-image-caption=\"\" data-large-file=\"https:\/\/i0.wp.com\/www.jojoenherbe.com\/wp-content\/uploads\/2010\/04\/Portovenere-6.jpg?fit=676%2C901&amp;ssl=1\" class=\"alignleft size-thumbnail wp-image-2296\" src=\"https:\/\/i0.wp.com\/www.jojoenherbe.com\/wp-content\/uploads\/2010\/04\/Portovenere-6.jpg?resize=150%2C150\" alt=\"\" width=\"150\" height=\"150\" srcset=\"https:\/\/i0.wp.com\/www.jojoenherbe.com\/wp-content\/uploads\/2010\/04\/Portovenere-6.jpg?resize=150%2C150&amp;ssl=1 150w, https:\/\/i0.wp.com\/www.jojoenherbe.com\/wp-content\/uploads\/2010\/04\/Portovenere-6.jpg?zoom=2&amp;resize=150%2C150 300w, https:\/\/i0.wp.com\/www.jojoenherbe.com\/wp-content\/uploads\/2010\/04\/Portovenere-6.jpg?zoom=3&amp;resize=150%2C150 450w\" sizes=\"auto, (max-width: 150px) 100vw, 150px\" \/><\/a>Un parcours a \u00e9t\u00e9 am\u00e9nag\u00e9 en contrebas de l&rsquo;\u00e9glise et offre de belles vues sur le Golfe de la Spezia dit Golfe des Po\u00e8tes et les falaises escarp\u00e9es se jetant dans la Mer M\u00e9diterran\u00e9e. Au loin, il y a les \u00eeles de La Palmaria, de Tino et de Tinetto.<br \/>\n<\/em><\/p>\n<p><em><a href=\"https:\/\/i0.wp.com\/www.jojoenherbe.com\/wp-content\/uploads\/2010\/04\/Portovenere-7.jpg\"><img data-recalc-dims=\"1\" loading=\"lazy\" decoding=\"async\" data-attachment-id=\"2297\" data-permalink=\"https:\/\/www.jojoenherbe.com\/index.php\/2010\/04\/30\/portovenere\/portovenere-7\/\" data-orig-file=\"https:\/\/i0.wp.com\/www.jojoenherbe.com\/wp-content\/uploads\/2010\/04\/Portovenere-7.jpg?fit=1927%2C2404&amp;ssl=1\" data-orig-size=\"1927,2404\" data-comments-opened=\"1\" data-image-meta=\"{&quot;aperture&quot;:&quot;5.6&quot;,&quot;credit&quot;:&quot;&quot;,&quot;camera&quot;:&quot;DSC-P100&quot;,&quot;caption&quot;:&quot;&quot;,&quot;created_timestamp&quot;:&quot;1272307821&quot;,&quot;copyright&quot;:&quot;&quot;,&quot;focal_length&quot;:&quot;7.9&quot;,&quot;iso&quot;:&quot;100&quot;,&quot;shutter_speed&quot;:&quot;0.003125&quot;,&quot;title&quot;:&quot;&quot;,&quot;orientation&quot;:&quot;0&quot;}\" data-image-title=\"Portovenere 7\" data-image-description=\"\" data-image-caption=\"\" data-large-file=\"https:\/\/i0.wp.com\/www.jojoenherbe.com\/wp-content\/uploads\/2010\/04\/Portovenere-7.jpg?fit=676%2C843&amp;ssl=1\" class=\"size-thumbnail wp-image-2297 alignright\" src=\"https:\/\/i0.wp.com\/www.jojoenherbe.com\/wp-content\/uploads\/2010\/04\/Portovenere-7.jpg?resize=150%2C150\" alt=\"\" width=\"150\" height=\"150\" srcset=\"https:\/\/i0.wp.com\/www.jojoenherbe.com\/wp-content\/uploads\/2010\/04\/Portovenere-7.jpg?resize=150%2C150&amp;ssl=1 150w, https:\/\/i0.wp.com\/www.jojoenherbe.com\/wp-content\/uploads\/2010\/04\/Portovenere-7.jpg?zoom=2&amp;resize=150%2C150 300w, https:\/\/i0.wp.com\/www.jojoenherbe.com\/wp-content\/uploads\/2010\/04\/Portovenere-7.jpg?zoom=3&amp;resize=150%2C150 450w\" sizes=\"auto, (max-width: 150px) 100vw, 150px\" \/><\/a><\/em><\/p>\n<div id=\"attachment_2285\" style=\"width: 160px\" class=\"wp-caption alignright\"><a href=\"https:\/\/i0.wp.com\/www.jojoenherbe.com\/wp-content\/uploads\/2010\/04\/Portovenere-11.jpg\"><img data-recalc-dims=\"1\" loading=\"lazy\" decoding=\"async\" aria-describedby=\"caption-attachment-2285\" data-attachment-id=\"2285\" data-permalink=\"https:\/\/www.jojoenherbe.com\/index.php\/2010\/04\/30\/portovenere\/portovenere-11\/\" data-orig-file=\"https:\/\/i0.wp.com\/www.jojoenherbe.com\/wp-content\/uploads\/2010\/04\/Portovenere-11.jpg?fit=1944%2C2592&amp;ssl=1\" data-orig-size=\"1944,2592\" data-comments-opened=\"1\" data-image-meta=\"{&quot;aperture&quot;:&quot;5.6&quot;,&quot;credit&quot;:&quot;&quot;,&quot;camera&quot;:&quot;DSC-P100&quot;,&quot;caption&quot;:&quot;&quot;,&quot;created_timestamp&quot;:&quot;1272308384&quot;,&quot;copyright&quot;:&quot;&quot;,&quot;focal_length&quot;:&quot;7.9&quot;,&quot;iso&quot;:&quot;100&quot;,&quot;shutter_speed&quot;:&quot;0.004&quot;,&quot;title&quot;:&quot;&quot;,&quot;orientation&quot;:&quot;0&quot;}\" data-image-title=\"Portovenere 11\" data-image-description=\"\" data-image-caption=\"&lt;p&gt;Portovenere &amp;#8211; Ch\u00e2teau Doria&lt;\/p&gt;\n\" data-large-file=\"https:\/\/i0.wp.com\/www.jojoenherbe.com\/wp-content\/uploads\/2010\/04\/Portovenere-11.jpg?fit=676%2C901&amp;ssl=1\" class=\"size-thumbnail wp-image-2285\" src=\"https:\/\/i0.wp.com\/www.jojoenherbe.com\/wp-content\/uploads\/2010\/04\/Portovenere-11.jpg?resize=150%2C150\" alt=\"\" width=\"150\" height=\"150\" srcset=\"https:\/\/i0.wp.com\/www.jojoenherbe.com\/wp-content\/uploads\/2010\/04\/Portovenere-11.jpg?resize=150%2C150&amp;ssl=1 150w, https:\/\/i0.wp.com\/www.jojoenherbe.com\/wp-content\/uploads\/2010\/04\/Portovenere-11.jpg?zoom=2&amp;resize=150%2C150 300w, https:\/\/i0.wp.com\/www.jojoenherbe.com\/wp-content\/uploads\/2010\/04\/Portovenere-11.jpg?zoom=3&amp;resize=150%2C150 450w\" sizes=\"auto, (max-width: 150px) 100vw, 150px\" \/><\/a><p id=\"caption-attachment-2285\" class=\"wp-caption-text\">Portovenere &#8211; Ch\u00e2teau Doria<\/p><\/div>\n<p style=\"text-align: justify;\"><em>Nous avons \u00e9galement une jolie vue sur le ch\u00e2teau Doria que nous n&rsquo;aurons pas le temps de visiter, vu l&rsquo;heure tardive et la grotte Arpaia. Cette grotte a \u00e9t\u00e9 creus\u00e9e au fil des si\u00e8cles et est \u00e9galement appel\u00e9e grotte Byron, du nom du po\u00e8te britannique. En effet, Lord Byron venait y m\u00e9diter apr\u00e8s le d\u00e9c\u00e8s de son ami et po\u00e8te Shelley en 1822.<br \/>\n<\/em><\/p>\n<div id=\"attachment_2284\" style=\"width: 160px\" class=\"wp-caption alignleft\"><a href=\"https:\/\/i0.wp.com\/www.jojoenherbe.com\/wp-content\/uploads\/2010\/04\/Portovenere-10.jpg\"><img data-recalc-dims=\"1\" loading=\"lazy\" decoding=\"async\" aria-describedby=\"caption-attachment-2284\" data-attachment-id=\"2284\" data-permalink=\"https:\/\/www.jojoenherbe.com\/index.php\/2010\/04\/30\/portovenere\/portovenere-10\/\" data-orig-file=\"https:\/\/i0.wp.com\/www.jojoenherbe.com\/wp-content\/uploads\/2010\/04\/Portovenere-10.jpg?fit=2592%2C1796&amp;ssl=1\" data-orig-size=\"2592,1796\" data-comments-opened=\"1\" data-image-meta=\"{&quot;aperture&quot;:&quot;5.6&quot;,&quot;credit&quot;:&quot;&quot;,&quot;camera&quot;:&quot;DSC-P100&quot;,&quot;caption&quot;:&quot;&quot;,&quot;created_timestamp&quot;:&quot;1272308374&quot;,&quot;copyright&quot;:&quot;&quot;,&quot;focal_length&quot;:&quot;7.9&quot;,&quot;iso&quot;:&quot;100&quot;,&quot;shutter_speed&quot;:&quot;0.005&quot;,&quot;title&quot;:&quot;&quot;,&quot;orientation&quot;:&quot;1&quot;}\" data-image-title=\"Portovenere\" data-image-description=\"\" data-image-caption=\"&lt;p&gt;Citadelle &amp;#8211; Portovenere&lt;\/p&gt;\n\" data-large-file=\"https:\/\/i0.wp.com\/www.jojoenherbe.com\/wp-content\/uploads\/2010\/04\/Portovenere-10.jpg?fit=676%2C469&amp;ssl=1\" class=\"size-thumbnail wp-image-2284\" src=\"https:\/\/i0.wp.com\/www.jojoenherbe.com\/wp-content\/uploads\/2010\/04\/Portovenere-10.jpg?resize=150%2C150\" alt=\"\" width=\"150\" height=\"150\" srcset=\"https:\/\/i0.wp.com\/www.jojoenherbe.com\/wp-content\/uploads\/2010\/04\/Portovenere-10.jpg?resize=150%2C150&amp;ssl=1 150w, https:\/\/i0.wp.com\/www.jojoenherbe.com\/wp-content\/uploads\/2010\/04\/Portovenere-10.jpg?zoom=2&amp;resize=150%2C150 300w, https:\/\/i0.wp.com\/www.jojoenherbe.com\/wp-content\/uploads\/2010\/04\/Portovenere-10.jpg?zoom=3&amp;resize=150%2C150 450w\" sizes=\"auto, (max-width: 150px) 100vw, 150px\" \/><\/a><p id=\"caption-attachment-2284\" class=\"wp-caption-text\">Citadelle &#8211; Portovenere<\/p><\/div>\n<div id=\"attachment_2291\" style=\"width: 160px\" class=\"wp-caption alignleft\"><a href=\"https:\/\/i0.wp.com\/www.jojoenherbe.com\/wp-content\/uploads\/2010\/04\/Portovenere-14.jpg\"><img data-recalc-dims=\"1\" loading=\"lazy\" decoding=\"async\" aria-describedby=\"caption-attachment-2291\" data-attachment-id=\"2291\" data-permalink=\"https:\/\/www.jojoenherbe.com\/index.php\/2010\/04\/30\/portovenere\/portovenere-14\/\" data-orig-file=\"https:\/\/i0.wp.com\/www.jojoenherbe.com\/wp-content\/uploads\/2010\/04\/Portovenere-14.jpg?fit=2590%2C1809&amp;ssl=1\" data-orig-size=\"2590,1809\" data-comments-opened=\"1\" data-image-meta=\"{&quot;aperture&quot;:&quot;5.6&quot;,&quot;credit&quot;:&quot;&quot;,&quot;camera&quot;:&quot;DSC-P100&quot;,&quot;caption&quot;:&quot;&quot;,&quot;created_timestamp&quot;:&quot;1272308340&quot;,&quot;copyright&quot;:&quot;&quot;,&quot;focal_length&quot;:&quot;7.9&quot;,&quot;iso&quot;:&quot;100&quot;,&quot;shutter_speed&quot;:&quot;0.004&quot;,&quot;title&quot;:&quot;&quot;,&quot;orientation&quot;:&quot;1&quot;}\" data-image-title=\"Portovenere\" data-image-description=\"\" data-image-caption=\"&lt;p&gt;Les Moulins &amp;#8211; Portovenere&lt;\/p&gt;\n\" data-large-file=\"https:\/\/i0.wp.com\/www.jojoenherbe.com\/wp-content\/uploads\/2010\/04\/Portovenere-14.jpg?fit=676%2C472&amp;ssl=1\" class=\"size-thumbnail wp-image-2291\" src=\"https:\/\/i0.wp.com\/www.jojoenherbe.com\/wp-content\/uploads\/2010\/04\/Portovenere-14.jpg?resize=150%2C150\" alt=\"\" width=\"150\" height=\"150\" srcset=\"https:\/\/i0.wp.com\/www.jojoenherbe.com\/wp-content\/uploads\/2010\/04\/Portovenere-14.jpg?resize=150%2C150&amp;ssl=1 150w, https:\/\/i0.wp.com\/www.jojoenherbe.com\/wp-content\/uploads\/2010\/04\/Portovenere-14.jpg?zoom=2&amp;resize=150%2C150 300w, https:\/\/i0.wp.com\/www.jojoenherbe.com\/wp-content\/uploads\/2010\/04\/Portovenere-14.jpg?zoom=3&amp;resize=150%2C150 450w\" sizes=\"auto, (max-width: 150px) 100vw, 150px\" \/><\/a><p id=\"caption-attachment-2291\" class=\"wp-caption-text\">Les Moulins &#8211; Portovenere<\/p><\/div>\n<p style=\"text-align: justify;\"><em>Puis nous revenons sur nos pas pour aller sur le chemin au-dessus de la citadelle. Nous marchons jusqu&rsquo;aux ruines des moulins qui furent utilis\u00e9s comme tours de garde et qui permirent ainsi de rep\u00e9rer toute attaque d&rsquo;ennemis.<\/em><\/p>\n<p><em><a href=\"https:\/\/i0.wp.com\/www.jojoenherbe.com\/wp-content\/uploads\/2010\/04\/Portovenere-12.jpg\"><img data-recalc-dims=\"1\" loading=\"lazy\" decoding=\"async\" data-attachment-id=\"2286\" data-permalink=\"https:\/\/www.jojoenherbe.com\/index.php\/2010\/04\/30\/portovenere\/portovenere-12\/\" data-orig-file=\"https:\/\/i0.wp.com\/www.jojoenherbe.com\/wp-content\/uploads\/2010\/04\/Portovenere-12.jpg?fit=2592%2C1944&amp;ssl=1\" data-orig-size=\"2592,1944\" data-comments-opened=\"1\" data-image-meta=\"{&quot;aperture&quot;:&quot;5.6&quot;,&quot;credit&quot;:&quot;&quot;,&quot;camera&quot;:&quot;DSC-P100&quot;,&quot;caption&quot;:&quot;&quot;,&quot;created_timestamp&quot;:&quot;1272308608&quot;,&quot;copyright&quot;:&quot;&quot;,&quot;focal_length&quot;:&quot;7.9&quot;,&quot;iso&quot;:&quot;100&quot;,&quot;shutter_speed&quot;:&quot;0.01&quot;,&quot;title&quot;:&quot;&quot;,&quot;orientation&quot;:&quot;1&quot;}\" data-image-title=\"Portovenere\" data-image-description=\"\" data-image-caption=\"\" data-large-file=\"https:\/\/i0.wp.com\/www.jojoenherbe.com\/wp-content\/uploads\/2010\/04\/Portovenere-12.jpg?fit=676%2C507&amp;ssl=1\" class=\"size-thumbnail wp-image-2286 alignright\" src=\"https:\/\/i0.wp.com\/www.jojoenherbe.com\/wp-content\/uploads\/2010\/04\/Portovenere-12.jpg?resize=150%2C150\" alt=\"\" width=\"150\" height=\"150\" srcset=\"https:\/\/i0.wp.com\/www.jojoenherbe.com\/wp-content\/uploads\/2010\/04\/Portovenere-12.jpg?resize=150%2C150&amp;ssl=1 150w, https:\/\/i0.wp.com\/www.jojoenherbe.com\/wp-content\/uploads\/2010\/04\/Portovenere-12.jpg?zoom=2&amp;resize=150%2C150 300w, https:\/\/i0.wp.com\/www.jojoenherbe.com\/wp-content\/uploads\/2010\/04\/Portovenere-12.jpg?zoom=3&amp;resize=150%2C150 450w\" sizes=\"auto, (max-width: 150px) 100vw, 150px\" \/><\/a> <a href=\"https:\/\/i0.wp.com\/www.jojoenherbe.com\/wp-content\/uploads\/2010\/04\/Portovenere-13.jpg\"><img data-recalc-dims=\"1\" loading=\"lazy\" decoding=\"async\" data-attachment-id=\"2287\" data-permalink=\"https:\/\/www.jojoenherbe.com\/index.php\/2010\/04\/30\/portovenere\/portovenere-13\/\" data-orig-file=\"https:\/\/i0.wp.com\/www.jojoenherbe.com\/wp-content\/uploads\/2010\/04\/Portovenere-13.jpg?fit=1944%2C2592&amp;ssl=1\" data-orig-size=\"1944,2592\" data-comments-opened=\"1\" data-image-meta=\"{&quot;aperture&quot;:&quot;2.8&quot;,&quot;credit&quot;:&quot;&quot;,&quot;camera&quot;:&quot;DSC-P100&quot;,&quot;caption&quot;:&quot;&quot;,&quot;created_timestamp&quot;:&quot;1272308702&quot;,&quot;copyright&quot;:&quot;&quot;,&quot;focal_length&quot;:&quot;7.9&quot;,&quot;iso&quot;:&quot;100&quot;,&quot;shutter_speed&quot;:&quot;0.005&quot;,&quot;title&quot;:&quot;&quot;,&quot;orientation&quot;:&quot;0&quot;}\" data-image-title=\"Portovenere\" data-image-description=\"\" data-image-caption=\"\" data-large-file=\"https:\/\/i0.wp.com\/www.jojoenherbe.com\/wp-content\/uploads\/2010\/04\/Portovenere-13.jpg?fit=676%2C901&amp;ssl=1\" class=\"size-thumbnail wp-image-2287 alignright\" src=\"https:\/\/i0.wp.com\/www.jojoenherbe.com\/wp-content\/uploads\/2010\/04\/Portovenere-13.jpg?resize=150%2C150\" alt=\"\" width=\"150\" height=\"150\" srcset=\"https:\/\/i0.wp.com\/www.jojoenherbe.com\/wp-content\/uploads\/2010\/04\/Portovenere-13.jpg?resize=150%2C150&amp;ssl=1 150w, https:\/\/i0.wp.com\/www.jojoenherbe.com\/wp-content\/uploads\/2010\/04\/Portovenere-13.jpg?zoom=2&amp;resize=150%2C150 300w, https:\/\/i0.wp.com\/www.jojoenherbe.com\/wp-content\/uploads\/2010\/04\/Portovenere-13.jpg?zoom=3&amp;resize=150%2C150 450w\" sizes=\"auto, (max-width: 150px) 100vw, 150px\" \/><\/a><\/em><\/p>\n<div id=\"attachment_2292\" style=\"width: 160px\" class=\"wp-caption alignright\"><a href=\"https:\/\/i0.wp.com\/www.jojoenherbe.com\/wp-content\/uploads\/2010\/04\/Portovenere-15.jpg\"><img data-recalc-dims=\"1\" loading=\"lazy\" decoding=\"async\" aria-describedby=\"caption-attachment-2292\" data-attachment-id=\"2292\" data-permalink=\"https:\/\/www.jojoenherbe.com\/index.php\/2010\/04\/30\/portovenere\/portovenere-15\/\" data-orig-file=\"https:\/\/i0.wp.com\/www.jojoenherbe.com\/wp-content\/uploads\/2010\/04\/Portovenere-15.jpg?fit=1944%2C2592&amp;ssl=1\" data-orig-size=\"1944,2592\" data-comments-opened=\"1\" data-image-meta=\"{&quot;aperture&quot;:&quot;2.8&quot;,&quot;credit&quot;:&quot;&quot;,&quot;camera&quot;:&quot;DSC-P100&quot;,&quot;caption&quot;:&quot;&quot;,&quot;created_timestamp&quot;:&quot;1272308930&quot;,&quot;copyright&quot;:&quot;&quot;,&quot;focal_length&quot;:&quot;7.9&quot;,&quot;iso&quot;:&quot;100&quot;,&quot;shutter_speed&quot;:&quot;0.005&quot;,&quot;title&quot;:&quot;&quot;,&quot;orientation&quot;:&quot;0&quot;}\" data-image-title=\"Portovenere\" data-image-description=\"\" data-image-caption=\"&lt;p&gt;Portovenere &amp;#8211; Porte de la Ville et sa tour&lt;\/p&gt;\n\" data-large-file=\"https:\/\/i0.wp.com\/www.jojoenherbe.com\/wp-content\/uploads\/2010\/04\/Portovenere-15.jpg?fit=676%2C901&amp;ssl=1\" class=\"size-thumbnail wp-image-2292\" src=\"https:\/\/i0.wp.com\/www.jojoenherbe.com\/wp-content\/uploads\/2010\/04\/Portovenere-15.jpg?resize=150%2C150\" alt=\"\" width=\"150\" height=\"150\" srcset=\"https:\/\/i0.wp.com\/www.jojoenherbe.com\/wp-content\/uploads\/2010\/04\/Portovenere-15.jpg?resize=150%2C150&amp;ssl=1 150w, https:\/\/i0.wp.com\/www.jojoenherbe.com\/wp-content\/uploads\/2010\/04\/Portovenere-15.jpg?zoom=2&amp;resize=150%2C150 300w, https:\/\/i0.wp.com\/www.jojoenherbe.com\/wp-content\/uploads\/2010\/04\/Portovenere-15.jpg?zoom=3&amp;resize=150%2C150 450w\" sizes=\"auto, (max-width: 150px) 100vw, 150px\" \/><\/a><p id=\"caption-attachment-2292\" class=\"wp-caption-text\">Portovenere &#8211; Porte de la Ville et sa tour<\/p><\/div>\n<p style=\"text-align: justify;\"><em>Nous redescendons \u00e0 notre voiture en passant par les petites ruelles de la commune et arrivons au niveau de la Porte de la Ville et de sa tour datant toutes deux du XIIe si\u00e8cle. En effet, ce village de p\u00eacheurs devint un bourg fortifi\u00e9 \u00e0 l&rsquo;\u00e9poque de la R\u00e9publique de G\u00e8nes au XIIe si\u00e8cle.<br \/>\n<\/em><\/p>\n<p><iframe loading=\"lazy\" style=\"border: 0;\" src=\"https:\/\/www.google.com\/maps\/embed?pb=!1m18!1m12!1m3!1d11469.556179830224!2d9.828045888858256!3d44.054674515751465!2m3!1f0!2f0!3f0!3m2!1i1024!2i768!4f13.1!3m3!1m2!1s0x12d4fc3d9a57c911%3A0x65c8e3a00ba75615!2sPortovenere+La+Spezia%2C+Italie!5e0!3m2!1sfr!2sfr!4v1523736406518\" width=\"400\" height=\"300\" frameborder=\"0\" allowfullscreen=\"allowfullscreen\"><\/iframe><\/p>\n","protected":false},"excerpt":{"rendered":"<p>Ce 26 avril 2010, apr\u00e8s avoir pass\u00e9 la journ\u00e9e sur le sentier littoral des Cinque Terre, nous arrivons \u00e0 Portovenere, commune class\u00e9e au patrimoine mondial de l&rsquo;UNESCO, vers 18h00. Nous nous dirigeons vers le port avec une jolie vue sur le ch\u00e2teau Doria. Les maisons de cette station baln\u00e9aire, certaines datant du XIIe si\u00e8cle, ont [&hellip;]<\/p>\n","protected":false},"author":1,"featured_media":2280,"comment_status":"open","ping_status":"open","sticky":false,"template":"","format":"standard","meta":{"jetpack_post_was_ever_published":false,"_jetpack_newsletter_access":"","_jetpack_dont_email_post_to_subs":false,"_jetpack_newsletter_tier_id":0,"_jetpack_memberships_contains_paywalled_content":false,"_jetpack_memberships_contains_paid_content":false,"footnotes":""},"categories":[120],"tags":[103,202,204],"class_list":["post-2273","post","type-post","status-publish","format-standard","has-post-thumbnail","hentry","category-mini-voyageur","tag-italie","tag-ligurie","tag-portovenere","post-preview"],"jetpack_featured_media_url":"https:\/\/i0.wp.com\/www.jojoenherbe.com\/wp-content\/uploads\/2010\/04\/Portovenere-4.jpg?fit=2590%2C1642&ssl=1","jetpack_sharing_enabled":true,"jetpack_shortlink":"https:\/\/wp.me\/p9zhGx-AF","jetpack_likes_enabled":true,"jetpack-related-posts":[{"id":1355,"url":"https:\/\/www.jojoenherbe.com\/index.php\/2015\/09\/01\/dans-le-verdon-en-voiture\/","url_meta":{"origin":2273,"position":0},"title":"Dans le Verdon en voiture","author":"Jojo","date":"1 septembre 2015","format":false,"excerpt":"Ce 30 ao\u00fbt 2015, nous nous levons t\u00f4t au camping de Sainte-Croix-du-Verdon, r\u00e9veill\u00e9s par les chants des oiseaux. Nous partons vers les Gorges du Verdon. Nous nous arr\u00eatons \u00e0 Salles-sur-Verdon pour nous renseigner aupr\u00e8s de l'Office du Tourisme et prendre un petit d\u00e9jeuner sur la terrasse d'une boulangerie de la\u2026","rel":"","context":"Dans &quot;Mini baladeur&quot;","block_context":{"text":"Mini baladeur","link":"https:\/\/www.jojoenherbe.com\/index.php\/category\/mini-crapahuteur\/mini-baladeur\/"},"img":{"alt_text":"","src":"https:\/\/i0.wp.com\/www.jojoenherbe.com\/wp-content\/uploads\/2015\/09\/Lac-de-Sainte-Croix-3.jpg?fit=1200%2C900&ssl=1&resize=350%2C200","width":350,"height":200,"srcset":"https:\/\/i0.wp.com\/www.jojoenherbe.com\/wp-content\/uploads\/2015\/09\/Lac-de-Sainte-Croix-3.jpg?fit=1200%2C900&ssl=1&resize=350%2C200 1x, https:\/\/i0.wp.com\/www.jojoenherbe.com\/wp-content\/uploads\/2015\/09\/Lac-de-Sainte-Croix-3.jpg?fit=1200%2C900&ssl=1&resize=525%2C300 1.5x, https:\/\/i0.wp.com\/www.jojoenherbe.com\/wp-content\/uploads\/2015\/09\/Lac-de-Sainte-Croix-3.jpg?fit=1200%2C900&ssl=1&resize=700%2C400 2x, https:\/\/i0.wp.com\/www.jojoenherbe.com\/wp-content\/uploads\/2015\/09\/Lac-de-Sainte-Croix-3.jpg?fit=1200%2C900&ssl=1&resize=1050%2C600 3x"},"classes":[]},{"id":3050,"url":"https:\/\/www.jojoenherbe.com\/index.php\/2007\/08\/22\/randonnee-dans-la-sierra-de-montserrat\/","url_meta":{"origin":2273,"position":1},"title":"Randonn\u00e9e dans la Sierra de Montserrat","author":"Jojo","date":"22 ao\u00fbt 2007","format":false,"excerpt":"Ce 15 ao\u00fbt 2007, nous partons de Barcelone pour nous rendre dans la Sierra de Montserrat, situ\u00e9e \u00e0 une cinquantaine de kilom\u00e8tres au Nord-Ouest. Nous nous garons, vers 9h30, sur un des parkings payants autour du Monast\u00e8re de Montserrat, \u00e0 720 m\u00e8tres d'altitude. Puis nous prenons le funiculaire de Sant\u2026","rel":"","context":"Dans &quot;Mini voyageur&quot;","block_context":{"text":"Mini voyageur","link":"https:\/\/www.jojoenherbe.com\/index.php\/category\/mini-crapahuteur\/mini-voyageur\/"},"img":{"alt_text":"","src":"https:\/\/i0.wp.com\/www.jojoenherbe.com\/wp-content\/uploads\/2018\/07\/Sierra-de-Montserrat-4.jpg?fit=1200%2C900&ssl=1&resize=350%2C200","width":350,"height":200,"srcset":"https:\/\/i0.wp.com\/www.jojoenherbe.com\/wp-content\/uploads\/2018\/07\/Sierra-de-Montserrat-4.jpg?fit=1200%2C900&ssl=1&resize=350%2C200 1x, https:\/\/i0.wp.com\/www.jojoenherbe.com\/wp-content\/uploads\/2018\/07\/Sierra-de-Montserrat-4.jpg?fit=1200%2C900&ssl=1&resize=525%2C300 1.5x, https:\/\/i0.wp.com\/www.jojoenherbe.com\/wp-content\/uploads\/2018\/07\/Sierra-de-Montserrat-4.jpg?fit=1200%2C900&ssl=1&resize=700%2C400 2x, https:\/\/i0.wp.com\/www.jojoenherbe.com\/wp-content\/uploads\/2018\/07\/Sierra-de-Montserrat-4.jpg?fit=1200%2C900&ssl=1&resize=1050%2C600 3x"},"classes":[]},{"id":4713,"url":"https:\/\/www.jojoenherbe.com\/index.php\/2019\/02\/21\/macreuses-brunes-au-lac-de-broc\/","url_meta":{"origin":2273,"position":2},"title":"Macreuses brunes au lac de Broc","author":"Jojo","date":"21 f\u00e9vrier 2019","format":false,"excerpt":"Ce 20 f\u00e9vrier 2019, nous nous rendons au lac de Broc pour essayer de voir des macreuses brunes. En effet, depuis plusieurs jours, il est possible d'en observer deux - des m\u00e2les de deuxi\u00e8me ann\u00e9e, suivant les donn\u00e9es de faune.paca. Ces oiseaux d'eau hivernent pourtant peu sur le littoral m\u00e9diterran\u00e9en.\u2026","rel":"","context":"Dans &quot;Mini baladeur&quot;","block_context":{"text":"Mini baladeur","link":"https:\/\/www.jojoenherbe.com\/index.php\/category\/mini-crapahuteur\/mini-baladeur\/"},"img":{"alt_text":"","src":"https:\/\/i0.wp.com\/www.jojoenherbe.com\/wp-content\/uploads\/2019\/02\/Lac-de-Broc-2.jpg?fit=1200%2C900&ssl=1&resize=350%2C200","width":350,"height":200,"srcset":"https:\/\/i0.wp.com\/www.jojoenherbe.com\/wp-content\/uploads\/2019\/02\/Lac-de-Broc-2.jpg?fit=1200%2C900&ssl=1&resize=350%2C200 1x, https:\/\/i0.wp.com\/www.jojoenherbe.com\/wp-content\/uploads\/2019\/02\/Lac-de-Broc-2.jpg?fit=1200%2C900&ssl=1&resize=525%2C300 1.5x, https:\/\/i0.wp.com\/www.jojoenherbe.com\/wp-content\/uploads\/2019\/02\/Lac-de-Broc-2.jpg?fit=1200%2C900&ssl=1&resize=700%2C400 2x, https:\/\/i0.wp.com\/www.jojoenherbe.com\/wp-content\/uploads\/2019\/02\/Lac-de-Broc-2.jpg?fit=1200%2C900&ssl=1&resize=1050%2C600 3x"},"classes":[]},{"id":3600,"url":"https:\/\/www.jojoenherbe.com\/index.php\/2018\/09\/03\/balade-sur-le-sentier-de-lecluse-pegomas\/","url_meta":{"origin":2273,"position":3},"title":"Balade sur le sentier de l&rsquo;\u00e9cluse &#8211; P\u00e9gomas","author":"Jojo","date":"3 septembre 2018","format":false,"excerpt":"Ce 2 septembre 2018, nous allons nous promener \u00e0 P\u00e9gomas le long de la Siagne en direction d'Auribeau-sur-Siagne. Apr\u00e8s avoir pass\u00e9 le rond-point avec une sculpture d'\u00e9l\u00e9phant, nous prenons \u00e0 gauche jusqu'au parking d'un restaurant donnant acc\u00e8s au sentier de l'\u00e9cluse. Nous commen\u00e7ons par un petit tour du parc avec\u2026","rel":"","context":"Dans &quot;Mini randonneur&quot;","block_context":{"text":"Mini randonneur","link":"https:\/\/www.jojoenherbe.com\/index.php\/category\/mini-crapahuteur\/mini-randonneur\/"},"img":{"alt_text":"","src":"https:\/\/i0.wp.com\/www.jojoenherbe.com\/wp-content\/uploads\/2018\/09\/Sentier-de-l%C3%A9cluse-P%C3%A9gomas-4.jpg?fit=1200%2C923&ssl=1&resize=350%2C200","width":350,"height":200,"srcset":"https:\/\/i0.wp.com\/www.jojoenherbe.com\/wp-content\/uploads\/2018\/09\/Sentier-de-l%C3%A9cluse-P%C3%A9gomas-4.jpg?fit=1200%2C923&ssl=1&resize=350%2C200 1x, https:\/\/i0.wp.com\/www.jojoenherbe.com\/wp-content\/uploads\/2018\/09\/Sentier-de-l%C3%A9cluse-P%C3%A9gomas-4.jpg?fit=1200%2C923&ssl=1&resize=525%2C300 1.5x, https:\/\/i0.wp.com\/www.jojoenherbe.com\/wp-content\/uploads\/2018\/09\/Sentier-de-l%C3%A9cluse-P%C3%A9gomas-4.jpg?fit=1200%2C923&ssl=1&resize=700%2C400 2x, https:\/\/i0.wp.com\/www.jojoenherbe.com\/wp-content\/uploads\/2018\/09\/Sentier-de-l%C3%A9cluse-P%C3%A9gomas-4.jpg?fit=1200%2C923&ssl=1&resize=1050%2C600 3x"},"classes":[]},{"id":1596,"url":"https:\/\/www.jojoenherbe.com\/index.php\/2007\/03\/21\/circuit-en-raquettes-des-lacs-de-prals\/","url_meta":{"origin":2273,"position":4},"title":"Circuit en raquettes des lacs de Prals","author":"Jojo","date":"21 mars 2007","format":false,"excerpt":"Ce 18 mars 2007, nous partons du refuge de la Madone de Fenestre pour faire le circuit des lacs de Prals. Nous nous dirigeons vers le vallon de Prals (balise n\u00b0361). Nous montons le sentier arbor\u00e9 longeant le torrent. Nous pouvons observer des chamois plus ou moins proches de nous.\u2026","rel":"","context":"Dans &quot;Mini randonneur&quot;","block_context":{"text":"Mini randonneur","link":"https:\/\/www.jojoenherbe.com\/index.php\/category\/mini-crapahuteur\/mini-randonneur\/"},"img":{"alt_text":"","src":"https:\/\/i0.wp.com\/www.jojoenherbe.com\/wp-content\/uploads\/2007\/03\/Lacs-de-Prals-8.jpg?fit=1200%2C900&ssl=1&resize=350%2C200","width":350,"height":200,"srcset":"https:\/\/i0.wp.com\/www.jojoenherbe.com\/wp-content\/uploads\/2007\/03\/Lacs-de-Prals-8.jpg?fit=1200%2C900&ssl=1&resize=350%2C200 1x, https:\/\/i0.wp.com\/www.jojoenherbe.com\/wp-content\/uploads\/2007\/03\/Lacs-de-Prals-8.jpg?fit=1200%2C900&ssl=1&resize=525%2C300 1.5x, https:\/\/i0.wp.com\/www.jojoenherbe.com\/wp-content\/uploads\/2007\/03\/Lacs-de-Prals-8.jpg?fit=1200%2C900&ssl=1&resize=700%2C400 2x, https:\/\/i0.wp.com\/www.jojoenherbe.com\/wp-content\/uploads\/2007\/03\/Lacs-de-Prals-8.jpg?fit=1200%2C900&ssl=1&resize=1050%2C600 3x"},"classes":[]},{"id":3079,"url":"https:\/\/www.jojoenherbe.com\/index.php\/2006\/08\/26\/journee-plage-a-saleccia\/","url_meta":{"origin":2273,"position":5},"title":"Journ\u00e9e plage \u00e0 Saleccia","author":"Jojo","date":"26 ao\u00fbt 2006","format":false,"excerpt":"Ce 20 ao\u00fbt 2006, nous partons t\u00f4t de Bastia pour prendre la navette \u00e0 Saint-Florent en vue de passer la journ\u00e9e entre amis sur la plage de Saleccia, dans le d\u00e9sert des Agriates. Lorsque nous nous garons, vers 8h00, sur l'un des parkings de Saint-Florent, le temps est encore couvert.\u2026","rel":"","context":"Dans &quot;Mini baladeur&quot;","block_context":{"text":"Mini baladeur","link":"https:\/\/www.jojoenherbe.com\/index.php\/category\/mini-crapahuteur\/mini-baladeur\/"},"img":{"alt_text":"","src":"https:\/\/i0.wp.com\/www.jojoenherbe.com\/wp-content\/uploads\/2018\/07\/Plage-de-Saleccia-10.jpg?fit=900%2C1200&ssl=1&resize=350%2C200","width":350,"height":200,"srcset":"https:\/\/i0.wp.com\/www.jojoenherbe.com\/wp-content\/uploads\/2018\/07\/Plage-de-Saleccia-10.jpg?fit=900%2C1200&ssl=1&resize=350%2C200 1x, https:\/\/i0.wp.com\/www.jojoenherbe.com\/wp-content\/uploads\/2018\/07\/Plage-de-Saleccia-10.jpg?fit=900%2C1200&ssl=1&resize=525%2C300 1.5x, https:\/\/i0.wp.com\/www.jojoenherbe.com\/wp-content\/uploads\/2018\/07\/Plage-de-Saleccia-10.jpg?fit=900%2C1200&ssl=1&resize=700%2C400 2x"},"classes":[]}],"_links":{"self":[{"href":"https:\/\/www.jojoenherbe.com\/index.php\/wp-json\/wp\/v2\/posts\/2273","targetHints":{"allow":["GET"]}}],"collection":[{"href":"https:\/\/www.jojoenherbe.com\/index.php\/wp-json\/wp\/v2\/posts"}],"about":[{"href":"https:\/\/www.jojoenherbe.com\/index.php\/wp-json\/wp\/v2\/types\/post"}],"author":[{"embeddable":true,"href":"https:\/\/www.jojoenherbe.com\/index.php\/wp-json\/wp\/v2\/users\/1"}],"replies":[{"embeddable":true,"href":"https:\/\/www.jojoenherbe.com\/index.php\/wp-json\/wp\/v2\/comments?post=2273"}],"version-history":[{"count":0,"href":"https:\/\/www.jojoenherbe.com\/index.php\/wp-json\/wp\/v2\/posts\/2273\/revisions"}],"wp:featuredmedia":[{"embeddable":true,"href":"https:\/\/www.jojoenherbe.com\/index.php\/wp-json\/wp\/v2\/media\/2280"}],"wp:attachment":[{"href":"https:\/\/www.jojoenherbe.com\/index.php\/wp-json\/wp\/v2\/media?parent=2273"}],"wp:term":[{"taxonomy":"category","embeddable":true,"href":"https:\/\/www.jojoenherbe.com\/index.php\/wp-json\/wp\/v2\/categories?post=2273"},{"taxonomy":"post_tag","embeddable":true,"href":"https:\/\/www.jojoenherbe.com\/index.php\/wp-json\/wp\/v2\/tags?post=2273"}],"curies":[{"name":"wp","href":"https:\/\/api.w.org\/{rel}","templated":true}]}}