{"id":22015,"date":"2021-11-01T12:36:53","date_gmt":"2021-11-01T11:36:53","guid":{"rendered":"http:\/\/www.jojoenherbe.com\/?p=22015"},"modified":"2021-11-30T15:33:50","modified_gmt":"2021-11-30T14:33:50","slug":"au-fil-des-pages-avec-le-tome-3-des-croques","status":"publish","type":"post","link":"https:\/\/www.jojoenherbe.com\/index.php\/2021\/11\/01\/au-fil-des-pages-avec-le-tome-3-des-croques\/","title":{"rendered":"Au fil des pages avec le tome 3 des Croques"},"content":{"rendered":"<p style=\"text-align: justify;\"><em><a href=\"https:\/\/i0.wp.com\/www.jojoenherbe.com\/wp-content\/uploads\/2021\/11\/Les-Croques-T3-11-scaled.jpg\"><img data-recalc-dims=\"1\" loading=\"lazy\" decoding=\"async\" data-attachment-id=\"22130\" data-permalink=\"https:\/\/www.jojoenherbe.com\/index.php\/2021\/11\/01\/au-fil-des-pages-avec-le-tome-3-des-croques\/les-croques-t3-11\/\" data-orig-file=\"https:\/\/i0.wp.com\/www.jojoenherbe.com\/wp-content\/uploads\/2021\/11\/Les-Croques-T3-11-scaled.jpg?fit=2560%2C1920&amp;ssl=1\" data-orig-size=\"2560,1920\" data-comments-opened=\"1\" data-image-meta=\"{&quot;aperture&quot;:&quot;1.8&quot;,&quot;credit&quot;:&quot;&quot;,&quot;camera&quot;:&quot;iPhone 7&quot;,&quot;caption&quot;:&quot;&quot;,&quot;created_timestamp&quot;:&quot;1636019538&quot;,&quot;copyright&quot;:&quot;&quot;,&quot;focal_length&quot;:&quot;3.99&quot;,&quot;iso&quot;:&quot;100&quot;,&quot;shutter_speed&quot;:&quot;0.090909090909091&quot;,&quot;title&quot;:&quot;&quot;,&quot;orientation&quot;:&quot;1&quot;}\" data-image-title=\"Les Croques T3 11\" data-image-description=\"\" data-image-caption=\"\" data-large-file=\"https:\/\/i0.wp.com\/www.jojoenherbe.com\/wp-content\/uploads\/2021\/11\/Les-Croques-T3-11-scaled.jpg?fit=676%2C507&amp;ssl=1\" class=\"alignleft size-thumbnail wp-image-22130\" src=\"https:\/\/i0.wp.com\/www.jojoenherbe.com\/wp-content\/uploads\/2021\/11\/Les-Croques-T3-11.jpg?resize=150%2C150\" alt=\"\" width=\"150\" height=\"150\" srcset=\"https:\/\/i0.wp.com\/www.jojoenherbe.com\/wp-content\/uploads\/2021\/11\/Les-Croques-T3-11-scaled.jpg?resize=150%2C150&amp;ssl=1 150w, https:\/\/i0.wp.com\/www.jojoenherbe.com\/wp-content\/uploads\/2021\/11\/Les-Croques-T3-11-scaled.jpg?zoom=2&amp;resize=150%2C150 300w, https:\/\/i0.wp.com\/www.jojoenherbe.com\/wp-content\/uploads\/2021\/11\/Les-Croques-T3-11-scaled.jpg?zoom=3&amp;resize=150%2C150 450w\" sizes=\"auto, (max-width: 150px) 100vw, 150px\" \/><\/a> <a href=\"https:\/\/i0.wp.com\/www.jojoenherbe.com\/wp-content\/uploads\/2021\/11\/Les-Croques-T3-12-scaled.jpg\"><img data-recalc-dims=\"1\" loading=\"lazy\" decoding=\"async\" data-attachment-id=\"22131\" data-permalink=\"https:\/\/www.jojoenherbe.com\/index.php\/2021\/11\/01\/au-fil-des-pages-avec-le-tome-3-des-croques\/les-croques-t3-12\/\" data-orig-file=\"https:\/\/i0.wp.com\/www.jojoenherbe.com\/wp-content\/uploads\/2021\/11\/Les-Croques-T3-12-scaled.jpg?fit=2560%2C1920&amp;ssl=1\" data-orig-size=\"2560,1920\" data-comments-opened=\"1\" data-image-meta=\"{&quot;aperture&quot;:&quot;1.8&quot;,&quot;credit&quot;:&quot;&quot;,&quot;camera&quot;:&quot;iPhone 7&quot;,&quot;caption&quot;:&quot;&quot;,&quot;created_timestamp&quot;:&quot;1636019564&quot;,&quot;copyright&quot;:&quot;&quot;,&quot;focal_length&quot;:&quot;3.99&quot;,&quot;iso&quot;:&quot;100&quot;,&quot;shutter_speed&quot;:&quot;0.11111111111111&quot;,&quot;title&quot;:&quot;&quot;,&quot;orientation&quot;:&quot;1&quot;}\" data-image-title=\"Les Croques T3 12\" data-image-description=\"\" data-image-caption=\"\" data-large-file=\"https:\/\/i0.wp.com\/www.jojoenherbe.com\/wp-content\/uploads\/2021\/11\/Les-Croques-T3-12-scaled.jpg?fit=676%2C507&amp;ssl=1\" class=\"alignleft size-thumbnail wp-image-22131\" src=\"https:\/\/i0.wp.com\/www.jojoenherbe.com\/wp-content\/uploads\/2021\/11\/Les-Croques-T3-12.jpg?resize=150%2C150\" alt=\"\" width=\"150\" height=\"150\" srcset=\"https:\/\/i0.wp.com\/www.jojoenherbe.com\/wp-content\/uploads\/2021\/11\/Les-Croques-T3-12-scaled.jpg?resize=150%2C150&amp;ssl=1 150w, https:\/\/i0.wp.com\/www.jojoenherbe.com\/wp-content\/uploads\/2021\/11\/Les-Croques-T3-12-scaled.jpg?zoom=2&amp;resize=150%2C150 300w, https:\/\/i0.wp.com\/www.jojoenherbe.com\/wp-content\/uploads\/2021\/11\/Les-Croques-T3-12-scaled.jpg?zoom=3&amp;resize=150%2C150 450w\" sizes=\"auto, (max-width: 150px) 100vw, 150px\" \/><\/a>Je finis, en lecture commune avec Syl, le triptyque <span style=\"text-decoration: underline;\">Les Croques<\/span> avec le dernier tome, <span style=\"text-decoration: underline;\">Bouquet final<\/span> de L\u00e9a Maz\u00e9 (\u00e9d. de la Goutti\u00e8re, 2020), une BD jeunesse \u00e0 partir de 9 ans. <\/em><em>Dans le\u00a0 <a href=\"https:\/\/www.jojoenherbe.com\/index.php\/2021\/10\/25\/au-fil-des-pages-avec-le-tome-2-des-croques\/\">tome pr\u00e9c\u00e9dent<\/a>, <\/em><em>nous avions laiss\u00e9 C\u00e9line et Colin bien isol\u00e9s et en danger dans leur soif de d\u00e9couvrir la v\u00e9rit\u00e9 autour du myst\u00e8re planant dans le cimeti\u00e8re. Pouvaient-ils l&rsquo;\u00eatre encore plus? Il semblerait que oui, les deux adolescents, apprentis d\u00e9tectives amateurs, n&rsquo;ayant plus d&rsquo;autres choix que de fuguer. Leurs parents seraient-ils eux aussi impliqu\u00e9s comme Poussin?<br \/>\n<\/em><\/p>\n<p style=\"text-align: justify;\"><em><a href=\"https:\/\/i0.wp.com\/www.jojoenherbe.com\/wp-content\/uploads\/2021\/11\/Les-Croques-T3-13-scaled.jpg\"><img data-recalc-dims=\"1\" loading=\"lazy\" decoding=\"async\" data-attachment-id=\"22132\" data-permalink=\"https:\/\/www.jojoenherbe.com\/index.php\/2021\/11\/01\/au-fil-des-pages-avec-le-tome-3-des-croques\/les-croques-t3-13\/\" data-orig-file=\"https:\/\/i0.wp.com\/www.jojoenherbe.com\/wp-content\/uploads\/2021\/11\/Les-Croques-T3-13-scaled.jpg?fit=2560%2C1920&amp;ssl=1\" data-orig-size=\"2560,1920\" data-comments-opened=\"1\" data-image-meta=\"{&quot;aperture&quot;:&quot;1.8&quot;,&quot;credit&quot;:&quot;&quot;,&quot;camera&quot;:&quot;iPhone 7&quot;,&quot;caption&quot;:&quot;&quot;,&quot;created_timestamp&quot;:&quot;1636019605&quot;,&quot;copyright&quot;:&quot;&quot;,&quot;focal_length&quot;:&quot;3.99&quot;,&quot;iso&quot;:&quot;80&quot;,&quot;shutter_speed&quot;:&quot;0.16666666666667&quot;,&quot;title&quot;:&quot;&quot;,&quot;orientation&quot;:&quot;1&quot;}\" data-image-title=\"Les Croques T3 13\" data-image-description=\"\" data-image-caption=\"\" data-large-file=\"https:\/\/i0.wp.com\/www.jojoenherbe.com\/wp-content\/uploads\/2021\/11\/Les-Croques-T3-13-scaled.jpg?fit=676%2C507&amp;ssl=1\" class=\"size-thumbnail wp-image-22132 alignright\" src=\"https:\/\/i0.wp.com\/www.jojoenherbe.com\/wp-content\/uploads\/2021\/11\/Les-Croques-T3-13.jpg?resize=150%2C150\" alt=\"\" width=\"150\" height=\"150\" srcset=\"https:\/\/i0.wp.com\/www.jojoenherbe.com\/wp-content\/uploads\/2021\/11\/Les-Croques-T3-13-scaled.jpg?resize=150%2C150&amp;ssl=1 150w, https:\/\/i0.wp.com\/www.jojoenherbe.com\/wp-content\/uploads\/2021\/11\/Les-Croques-T3-13-scaled.jpg?zoom=2&amp;resize=150%2C150 300w, https:\/\/i0.wp.com\/www.jojoenherbe.com\/wp-content\/uploads\/2021\/11\/Les-Croques-T3-13-scaled.jpg?zoom=3&amp;resize=150%2C150 450w\" sizes=\"auto, (max-width: 150px) 100vw, 150px\" \/><\/a> <a href=\"https:\/\/i0.wp.com\/www.jojoenherbe.com\/wp-content\/uploads\/2021\/11\/Les-Croques-T3-2-scaled.jpg\"><img data-recalc-dims=\"1\" loading=\"lazy\" decoding=\"async\" data-attachment-id=\"22051\" data-permalink=\"https:\/\/www.jojoenherbe.com\/index.php\/2021\/11\/01\/au-fil-des-pages-avec-le-tome-3-des-croques\/les-croques-t3-2\/\" data-orig-file=\"https:\/\/i0.wp.com\/www.jojoenherbe.com\/wp-content\/uploads\/2021\/11\/Les-Croques-T3-2-scaled.jpg?fit=2560%2C1920&amp;ssl=1\" data-orig-size=\"2560,1920\" data-comments-opened=\"1\" data-image-meta=\"{&quot;aperture&quot;:&quot;1.8&quot;,&quot;credit&quot;:&quot;&quot;,&quot;camera&quot;:&quot;iPhone 7&quot;,&quot;caption&quot;:&quot;&quot;,&quot;created_timestamp&quot;:&quot;1635764937&quot;,&quot;copyright&quot;:&quot;&quot;,&quot;focal_length&quot;:&quot;3.99&quot;,&quot;iso&quot;:&quot;100&quot;,&quot;shutter_speed&quot;:&quot;0.11111111111111&quot;,&quot;title&quot;:&quot;&quot;,&quot;orientation&quot;:&quot;1&quot;}\" data-image-title=\"Les Croques T3 2\" data-image-description=\"\" data-image-caption=\"\" data-large-file=\"https:\/\/i0.wp.com\/www.jojoenherbe.com\/wp-content\/uploads\/2021\/11\/Les-Croques-T3-2-scaled.jpg?fit=676%2C507&amp;ssl=1\" class=\"size-thumbnail wp-image-22051 alignright\" src=\"https:\/\/i0.wp.com\/www.jojoenherbe.com\/wp-content\/uploads\/2021\/11\/Les-Croques-T3-2.jpg?resize=150%2C150\" alt=\"\" width=\"150\" height=\"150\" srcset=\"https:\/\/i0.wp.com\/www.jojoenherbe.com\/wp-content\/uploads\/2021\/11\/Les-Croques-T3-2-scaled.jpg?resize=150%2C150&amp;ssl=1 150w, https:\/\/i0.wp.com\/www.jojoenherbe.com\/wp-content\/uploads\/2021\/11\/Les-Croques-T3-2-scaled.jpg?zoom=2&amp;resize=150%2C150 300w, https:\/\/i0.wp.com\/www.jojoenherbe.com\/wp-content\/uploads\/2021\/11\/Les-Croques-T3-2-scaled.jpg?zoom=3&amp;resize=150%2C150 450w\" sizes=\"auto, (max-width: 150px) 100vw, 150px\" \/><\/a>Dans ce dernier tome qui fait la part belle \u00e0 l&rsquo;action (avec des illustrations dans les m\u00eames tonalit\u00e9s bleut\u00e9es et tr\u00e8s dynamiques), l&rsquo;autrice s&rsquo;amuse une nouvelle fois avec les nerfs du lecteur avec une fausse piste qui permet de mettre en exergue les relations complexes et parfois bien difficiles entre parents et enfants (les liens pouvant s&rsquo;effriter au moment du passage de l&rsquo;enfance \u00e0 l&rsquo;adolescence). L\u00e9a Maz\u00e9 arrive, en effet, \u00e0 traduire avec r\u00e9alisme le grand d\u00e9sarroi ressenti par les parents de C\u00e9line et Colin qui ne les ont pas vu grandir et qui ont eu une mauvaise analyse de la situation. Sera-t-il possible \u00e0 cette famille de se reconstruire apr\u00e8s tant d&rsquo;incompr\u00e9hension et de non-dits, une fois la v\u00e9rit\u00e9 \u00e9clat\u00e9e?<br \/>\n<\/em><\/p>\n<p style=\"text-align: justify;\"><em><img data-recalc-dims=\"1\" loading=\"lazy\" decoding=\"async\" data-attachment-id=\"22053\" data-permalink=\"https:\/\/www.jojoenherbe.com\/index.php\/2021\/11\/01\/au-fil-des-pages-avec-le-tome-3-des-croques\/les-croques-t3-4\/\" data-orig-file=\"https:\/\/i0.wp.com\/www.jojoenherbe.com\/wp-content\/uploads\/2021\/11\/Les-Croques-T3-4-scaled.jpg?fit=2560%2C1920&amp;ssl=1\" data-orig-size=\"2560,1920\" data-comments-opened=\"1\" data-image-meta=\"{&quot;aperture&quot;:&quot;1.8&quot;,&quot;credit&quot;:&quot;&quot;,&quot;camera&quot;:&quot;iPhone 7&quot;,&quot;caption&quot;:&quot;&quot;,&quot;created_timestamp&quot;:&quot;1635765136&quot;,&quot;copyright&quot;:&quot;&quot;,&quot;focal_length&quot;:&quot;3.99&quot;,&quot;iso&quot;:&quot;80&quot;,&quot;shutter_speed&quot;:&quot;0.125&quot;,&quot;title&quot;:&quot;&quot;,&quot;orientation&quot;:&quot;1&quot;}\" data-image-title=\"Les Croques T3 4\" data-image-description=\"\" data-image-caption=\"\" data-large-file=\"https:\/\/i0.wp.com\/www.jojoenherbe.com\/wp-content\/uploads\/2021\/11\/Les-Croques-T3-4-scaled.jpg?fit=676%2C507&amp;ssl=1\" class=\"alignleft size-thumbnail wp-image-22053\" src=\"https:\/\/i0.wp.com\/www.jojoenherbe.com\/wp-content\/uploads\/2021\/11\/Les-Croques-T3-4.jpg?resize=150%2C150\" alt=\"\" width=\"150\" height=\"150\" srcset=\"https:\/\/i0.wp.com\/www.jojoenherbe.com\/wp-content\/uploads\/2021\/11\/Les-Croques-T3-4-scaled.jpg?resize=150%2C150&amp;ssl=1 150w, https:\/\/i0.wp.com\/www.jojoenherbe.com\/wp-content\/uploads\/2021\/11\/Les-Croques-T3-4-scaled.jpg?zoom=2&amp;resize=150%2C150 300w, https:\/\/i0.wp.com\/www.jojoenherbe.com\/wp-content\/uploads\/2021\/11\/Les-Croques-T3-4-scaled.jpg?zoom=3&amp;resize=150%2C150 450w\" sizes=\"auto, (max-width: 150px) 100vw, 150px\" \/> <img data-recalc-dims=\"1\" loading=\"lazy\" decoding=\"async\" data-attachment-id=\"22060\" data-permalink=\"https:\/\/www.jojoenherbe.com\/index.php\/2021\/11\/01\/au-fil-des-pages-avec-le-tome-3-des-croques\/les-croques-t3-8\/\" data-orig-file=\"https:\/\/i0.wp.com\/www.jojoenherbe.com\/wp-content\/uploads\/2021\/11\/Les-Croques-T3-8-scaled.jpg?fit=1920%2C2560&amp;ssl=1\" data-orig-size=\"1920,2560\" data-comments-opened=\"1\" data-image-meta=\"{&quot;aperture&quot;:&quot;1.8&quot;,&quot;credit&quot;:&quot;&quot;,&quot;camera&quot;:&quot;iPhone 7&quot;,&quot;caption&quot;:&quot;&quot;,&quot;created_timestamp&quot;:&quot;1635767784&quot;,&quot;copyright&quot;:&quot;&quot;,&quot;focal_length&quot;:&quot;3.99&quot;,&quot;iso&quot;:&quot;125&quot;,&quot;shutter_speed&quot;:&quot;0.25&quot;,&quot;title&quot;:&quot;&quot;,&quot;orientation&quot;:&quot;1&quot;}\" data-image-title=\"Les Croques T3 8\" data-image-description=\"\" data-image-caption=\"\" data-large-file=\"https:\/\/i0.wp.com\/www.jojoenherbe.com\/wp-content\/uploads\/2021\/11\/Les-Croques-T3-8-scaled.jpg?fit=676%2C901&amp;ssl=1\" class=\"alignleft size-thumbnail wp-image-22060\" src=\"https:\/\/i0.wp.com\/www.jojoenherbe.com\/wp-content\/uploads\/2021\/11\/Les-Croques-T3-8.jpg?resize=150%2C150\" alt=\"\" width=\"150\" height=\"150\" srcset=\"https:\/\/i0.wp.com\/www.jojoenherbe.com\/wp-content\/uploads\/2021\/11\/Les-Croques-T3-8-scaled.jpg?resize=150%2C150&amp;ssl=1 150w, https:\/\/i0.wp.com\/www.jojoenherbe.com\/wp-content\/uploads\/2021\/11\/Les-Croques-T3-8-scaled.jpg?zoom=2&amp;resize=150%2C150 300w, https:\/\/i0.wp.com\/www.jojoenherbe.com\/wp-content\/uploads\/2021\/11\/Les-Croques-T3-8-scaled.jpg?zoom=3&amp;resize=150%2C150 450w\" sizes=\"auto, (max-width: 150px) 100vw, 150px\" \/>Certes je pourrai titiller sur les conditions dans lesquelles un notaire v\u00e9reux pourrait contourner ainsi le droit des successions (m\u00eame dans le cas de successions vacantes). Mais ce n&rsquo;est pas le propos de ce thriller jeunesse que je conseillerai plut\u00f4t pour des coll\u00e9giens. Je pr\u00e9f\u00e8re conserver cette vision fantasm\u00e9e et enfantine des \u00ab\u00a0gangst\u00e8res\u00a0\u00bb. Un bon moment de lecture avec ce dernier tome un peu plus violent et qui se termine sur une note d&rsquo;insouciance propre \u00e0 l&rsquo;adolescence et qui renvoie au premier tome!<\/em><\/p>\n<p><em>Pour un autre avis sur le tome 3: <a href=\"http:\/\/mapetitemediatheque.fr\/2020\/11\/les-croques-tome-2-et-3-bd-jeunesse\/\">Bidib<\/a>, <a href=\"https:\/\/sylectures.wordpress.com\/2021\/11\/01\/les-croques-bouquet-final-tome-3\/\">Syl<\/a> et <a href=\"https:\/\/vivrelivre19.over-blog.com\/2021\/11\/les-croques-tome-3-bouquet-final.lea-maze-2020-bd.html\">Blandine<\/a>. <\/em><\/p>\n<div style=\"width: 128px\" class=\"wp-caption alignleft\"><img data-recalc-dims=\"1\" loading=\"lazy\" decoding=\"async\" data-attachment-id=\"2740\" data-permalink=\"https:\/\/www.jojoenherbe.com\/index.php\/2011\/08\/30\/tour-du-mont-bego-bis-repetita-placent\/tour-du-mont-bego-24-2\/\" data-orig-file=\"https:\/\/i0.wp.com\/www.jojoenherbe.com\/wp-content\/uploads\/2011\/08\/Tour-du-Mont-Bego-24.jpg?fit=2048%2C1536&amp;ssl=1\" data-orig-size=\"2048,1536\" data-comments-opened=\"1\" data-image-meta=\"{&quot;aperture&quot;:&quot;7.6&quot;,&quot;credit&quot;:&quot;&quot;,&quot;camera&quot;:&quot;COOLPIX S5100&quot;,&quot;caption&quot;:&quot;&quot;,&quot;created_timestamp&quot;:&quot;1314438064&quot;,&quot;copyright&quot;:&quot;&quot;,&quot;focal_length&quot;:&quot;5&quot;,&quot;iso&quot;:&quot;100&quot;,&quot;shutter_speed&quot;:&quot;0.004&quot;,&quot;title&quot;:&quot;&quot;,&quot;orientation&quot;:&quot;1&quot;}\" data-image-title=\"Tour du Mont Bego 24\" data-image-description=\"\" data-image-caption=\"\" data-large-file=\"https:\/\/i0.wp.com\/www.jojoenherbe.com\/wp-content\/uploads\/2011\/08\/Tour-du-Mont-Bego-24.jpg?fit=676%2C507&amp;ssl=1\" src=\"https:\/\/lelivroblog.files.wordpress.com\/2021\/09\/marko-blazevic-s7mangnwv1a-unsplash-04.jpg?resize=118%2C118\" srcset=\"https:\/\/lelivroblog.files.wordpress.com\/2021\/09\/marko-blazevic-s7mangnwv1a-unsplash-04.jpg?strip=info&amp;w=600 600w,https:\/\/lelivroblog.files.wordpress.com\/2021\/09\/marko-blazevic-s7mangnwv1a-unsplash-04.jpg?strip=info&amp;w=900 900w,https:\/\/lelivroblog.files.wordpress.com\/2021\/09\/marko-blazevic-s7mangnwv1a-unsplash-04.jpg?strip=info&amp;w=1200 1200w,https:\/\/lelivroblog.files.wordpress.com\/2021\/09\/marko-blazevic-s7mangnwv1a-unsplash-04.jpg?strip=info&amp;w=1500 1500w,https:\/\/lelivroblog.files.wordpress.com\/2021\/09\/marko-blazevic-s7mangnwv1a-unsplash-04.jpg?strip=info&amp;w=1800 1800w,https:\/\/lelivroblog.files.wordpress.com\/2021\/09\/marko-blazevic-s7mangnwv1a-unsplash-04.jpg?strip=info&amp;w=2000 2000w\" alt=\"\" width=\"118\" height=\"118\" data-attachment-id=\"2740\" data-permalink=\"https:\/\/lelivroblog.wordpress.com\/2021\/09\/07\/le-challenge-halloween-2021\/marko-blazevic-s7mangnwv1a-unsplash-04\/\" data-orig-file=\"https:\/\/lelivroblog.files.wordpress.com\/2021\/09\/marko-blazevic-s7mangnwv1a-unsplash-04.jpg\" data-orig-size=\"2996,2995\" data-comments-opened=\"1\" data-image-meta=\"{&quot;aperture&quot;:&quot;0&quot;,&quot;credit&quot;:&quot;&quot;,&quot;camera&quot;:&quot;&quot;,&quot;caption&quot;:&quot;&quot;,&quot;created_timestamp&quot;:&quot;0&quot;,&quot;copyright&quot;:&quot;&quot;,&quot;focal_length&quot;:&quot;0&quot;,&quot;iso&quot;:&quot;0&quot;,&quot;shutter_speed&quot;:&quot;0&quot;,&quot;title&quot;:&quot;&quot;,&quot;orientation&quot;:&quot;0&quot;}\" data-image-title=\"marko-blazevic-s7mangnwv1a-unsplash-04\" data-image-description=\"\" data-image-caption=\"\" data-medium-file=\"https:\/\/lelivroblog.files.wordpress.com\/2021\/09\/marko-blazevic-s7mangnwv1a-unsplash-04.jpg?w=300\" data-large-file=\"https:\/\/lelivroblog.files.wordpress.com\/2021\/09\/marko-blazevic-s7mangnwv1a-unsplash-04.jpg?w=736\" data-height=\"2995\" data-id=\"2740\" data-link=\"https:\/\/lelivroblog.wordpress.com\/?attachment_id=2740\" data-url=\"https:\/\/lelivroblog.files.wordpress.com\/2021\/09\/marko-blazevic-s7mangnwv1a-unsplash-04.jpg?w=736\" data-width=\"2996\" data-amp-layout=\"responsive\" \/><p class=\"wp-caption-text\">Participation #20 au Challenge Halloween 2021 de <a href=\"https:\/\/lelivroblog.wordpress.com\/2021\/09\/07\/le-challenge-halloween-2021\/\">Hilde<\/a> et <a href=\"http:\/\/www.myloubook.com\/2021\/09\/07\/le-challenge-halloween-2021\/\">Lou<\/a> #BD jeunesse<\/p><\/div>\n<div style=\"width: 122px\" class=\"wp-caption alignleft\"><img loading=\"lazy\" decoding=\"async\" data-attachment-id=\"3255\" data-permalink=\"https:\/\/www.jojoenherbe.com\/index.php\/2011\/08\/07\/face-a-limmensite-des-icebergs-de-jokulsarlon\/jokulsarlon-2\/\" data-orig-file=\"https:\/\/i0.wp.com\/www.jojoenherbe.com\/wp-content\/uploads\/2011\/08\/J%C3%B6kulsarlon-2.jpg?fit=1536%2C2048&amp;ssl=1\" data-orig-size=\"1536,2048\" data-comments-opened=\"1\" data-image-meta=\"{&quot;aperture&quot;:&quot;9.6&quot;,&quot;credit&quot;:&quot;&quot;,&quot;camera&quot;:&quot;COOLPIX S5100&quot;,&quot;caption&quot;:&quot;&quot;,&quot;created_timestamp&quot;:&quot;1311594913&quot;,&quot;copyright&quot;:&quot;&quot;,&quot;focal_length&quot;:&quot;8.3&quot;,&quot;iso&quot;:&quot;100&quot;,&quot;shutter_speed&quot;:&quot;0.00625&quot;,&quot;title&quot;:&quot;&quot;,&quot;orientation&quot;:&quot;1&quot;}\" data-image-title=\"J\u00f6kulsarlon 2\" data-image-description=\"\" data-image-caption=\"\" data-large-file=\"https:\/\/i0.wp.com\/www.jojoenherbe.com\/wp-content\/uploads\/2011\/08\/J%C3%B6kulsarlon-2.jpg?fit=676%2C901&amp;ssl=1\" src=\"https:\/\/lelivroblog.files.wordpress.com\/2021\/10\/plumes-feminines-dautomne.jpeg?resize=112%2C112\" srcset=\"https:\/\/lelivroblog.files.wordpress.com\/2021\/10\/plumes-feminines-dautomne.jpeg?resize=108%2C108?strip=info&amp;w=600 600w,https:\/\/lelivroblog.files.wordpress.com\/2021\/10\/plumes-feminines-dautomne.jpeg?resize=108%2C108?strip=info&amp;w=900 900w,https:\/\/lelivroblog.files.wordpress.com\/2021\/10\/plumes-feminines-dautomne.jpeg?resize=108%2C108?strip=info&amp;w=1200 1200w,https:\/\/lelivroblog.files.wordpress.com\/2021\/10\/plumes-feminines-dautomne.jpeg?resize=108%2C108?strip=info&amp;w=1500 1500w,https:\/\/lelivroblog.files.wordpress.com\/2021\/10\/plumes-feminines-dautomne.jpeg?resize=108%2C108?strip=info&amp;w=1800 1800w,https:\/\/lelivroblog.files.wordpress.com\/2021\/10\/plumes-feminines-dautomne.jpeg?resize=108%2C108?strip=info&amp;w=2000 2000w\" alt=\"\" width=\"112\" height=\"112\" data-attachment-id=\"3255\" data-permalink=\"http:\/\/www.jojoenherbe.com\/index.php\/2011\/08\/07\/face-a-limmensite-des-icebergs-de-jokulsarlon\/jokulsarlon-2\/\" data-orig-file=\"https:\/\/i0.wp.com\/www.jojoenherbe.com\/wp-content\/uploads\/2011\/08\/J\u00f6kulsarlon-2.jpg?fit=1536%2C2048\" data-orig-size=\"1536,2048\" data-comments-opened=\"1\" data-image-meta=\"{&quot;aperture&quot;:&quot;9.6&quot;,&quot;credit&quot;:&quot;&quot;,&quot;camera&quot;:&quot;COOLPIX S5100&quot;,&quot;caption&quot;:&quot;&quot;,&quot;created_timestamp&quot;:&quot;1311594913&quot;,&quot;copyright&quot;:&quot;&quot;,&quot;focal_length&quot;:&quot;8.3&quot;,&quot;iso&quot;:&quot;100&quot;,&quot;shutter_speed&quot;:&quot;0.00625&quot;,&quot;title&quot;:&quot;&quot;,&quot;orientation&quot;:&quot;1&quot;}\" data-image-title=\"J\u00f6kulsarlon 2\" data-image-description=\"\" data-image-caption=\"\" data-medium-file=\"https:\/\/i0.wp.com\/www.jojoenherbe.com\/wp-content\/uploads\/2011\/08\/J\u00f6kulsarlon-2.jpg?fit=225%2C300\" data-large-file=\"https:\/\/i0.wp.com\/www.jojoenherbe.com\/wp-content\/uploads\/2011\/08\/J\u00f6kulsarlon-2.jpg?fit=676%2C901\" data-height=\"3622\" data-id=\"3255\" data-link=\"https:\/\/lelivroblog.wordpress.com\/plumes-feminines-dautomne-2\/\" data-url=\"https:\/\/lelivroblog.files.wordpress.com\/2021\/10\/plumes-feminines-dautomne.jpeg?resize=108%2C108?w=736\" data-width=\"3621\" data-amp-layout=\"responsive\" data-recalc-dims=\"1\" \/><p class=\"wp-caption-text\">Participation #68 au Challenge Lire au f\u00e9minin de <a href=\"https:\/\/avenuereinemathilde.com\/challenge-lire-au-feminin-2021\/\">Tiphanya<\/a> #Autrice fran\u00e7aise<\/p><\/div>\n<div style=\"width: 140px\" class=\"wp-caption alignleft\"><img loading=\"lazy\" decoding=\"async\" src=\"https:\/\/lh3.googleusercontent.com\/pw\/ACtC-3eIuIHfDCWnQjrbP_Gttnq9qrZJ0sCLWnTR3GjIOIiC54aYp8f1rKz8fy3EJIYJcUrzUv3KnF-YnYTE-vhMmRU8myeq_V_5OYKPelcJ6I4-bD-P1SjmJYevXt0TGhPCpROfcXeg5SJ_4KvwWeBQfvsOWw=w285-h217-no?authuser=1\" alt=\"\" width=\"130\" height=\"99\" \/><p class=\"wp-caption-text\">Challenge Petit Bac d\u2019<a href=\"https:\/\/ennalit.wordpress.com\/2020\/12\/01\/challenge-petit-bac-2021-qui-veut-jouer\/\">Enna<\/a> #13 Cat\u00e9gorie Adjectif: \u00ab Final \u00bb<\/p><\/div>\n","protected":false},"excerpt":{"rendered":"<p>Je finis, en lecture commune avec Syl, le triptyque Les Croques avec le dernier tome, Bouquet final de L\u00e9a Maz\u00e9 (\u00e9d. de la Goutti\u00e8re, 2020), une BD jeunesse \u00e0 partir de 9 ans. Dans le\u00a0 tome pr\u00e9c\u00e9dent, nous avions laiss\u00e9 C\u00e9line et Colin bien isol\u00e9s et en danger dans leur soif de d\u00e9couvrir la v\u00e9rit\u00e9 [&hellip;]<\/p>\n","protected":false},"author":1,"featured_media":22050,"comment_status":"open","ping_status":"open","sticky":false,"template":"","format":"standard","meta":{"jetpack_post_was_ever_published":false,"_jetpack_newsletter_access":"","_jetpack_dont_email_post_to_subs":false,"_jetpack_newsletter_tier_id":0,"_jetpack_memberships_contains_paywalled_content":false,"_jetpack_memberships_contains_paid_content":false,"footnotes":""},"categories":[363],"tags":[852,1842,596,1226,2026,2018,846,1681,914,1831,1571,2223,2798,2111,1331,2816,1409,2758],"class_list":["post-22015","post","type-post","status-publish","format-standard","has-post-thumbnail","hentry","category-mini-lecteur","tag-9-12-ans","tag-adolescence","tag-bandes-dessinees","tag-bd-jeunesse","tag-challenge-halloween-2021","tag-challenge-petit-bac-2021","tag-cimetiere","tag-crime","tag-enquete","tag-fugue","tag-jumeau","tag-lea-maze","tag-les-croques","tag-lire-au-feminin-2021","tag-meurtre","tag-pompes-funebres","tag-relation-parent-enfant","tag-thriller","post-preview"],"jetpack_featured_media_url":"https:\/\/i0.wp.com\/www.jojoenherbe.com\/wp-content\/uploads\/2021\/11\/Les-Croques-T3-scaled.jpg?fit=2560%2C1920&ssl=1","jetpack_sharing_enabled":true,"jetpack_shortlink":"https:\/\/wp.me\/p9zhGx-5J5","jetpack_likes_enabled":true,"jetpack-related-posts":[{"id":21827,"url":"https:\/\/www.jojoenherbe.com\/index.php\/2021\/10\/25\/au-fil-des-pages-avec-le-tome-2-des-croques\/","url_meta":{"origin":22015,"position":0},"title":"Au fil des pages avec le tome 2 des Croques","author":"Jojo","date":"25 octobre 2021","format":false,"excerpt":"Apr\u00e8s avoir lu le tome 1 pendant le Halloween cosy RAT, je continue le triptyque Les Croques en lecture commune avec Syl. Je lis le tome 2, Oiseaux de malheur de L\u00e9a Maz\u00e9 (\u00e9d. de la Goutti\u00e8re, 2019), une BD jeunesse \u00e0 partir de 9 ans. Apr\u00e8s leur macabre d\u00e9couverte\u2026","rel":"","context":"Dans &quot;Mini lecteur&quot;","block_context":{"text":"Mini lecteur","link":"https:\/\/www.jojoenherbe.com\/index.php\/category\/mini-lecteur\/"},"img":{"alt_text":"","src":"https:\/\/i0.wp.com\/www.jojoenherbe.com\/wp-content\/uploads\/2021\/10\/Les-Croques-T2-scaled.jpg?fit=1200%2C900&ssl=1&resize=350%2C200","width":350,"height":200,"srcset":"https:\/\/i0.wp.com\/www.jojoenherbe.com\/wp-content\/uploads\/2021\/10\/Les-Croques-T2-scaled.jpg?fit=1200%2C900&ssl=1&resize=350%2C200 1x, https:\/\/i0.wp.com\/www.jojoenherbe.com\/wp-content\/uploads\/2021\/10\/Les-Croques-T2-scaled.jpg?fit=1200%2C900&ssl=1&resize=525%2C300 1.5x, https:\/\/i0.wp.com\/www.jojoenherbe.com\/wp-content\/uploads\/2021\/10\/Les-Croques-T2-scaled.jpg?fit=1200%2C900&ssl=1&resize=700%2C400 2x, https:\/\/i0.wp.com\/www.jojoenherbe.com\/wp-content\/uploads\/2021\/10\/Les-Croques-T2-scaled.jpg?fit=1200%2C900&ssl=1&resize=1050%2C600 3x"},"classes":[]},{"id":21511,"url":"https:\/\/www.jojoenherbe.com\/index.php\/2021\/10\/19\/au-fil-des-pages-avec-le-tome-1-des-croques\/","url_meta":{"origin":22015,"position":1},"title":"Au fil des pages avec le tome 1 des Croques","author":"Jojo","date":"19 octobre 2021","format":false,"excerpt":"Pendant le Halloween cosy RAT, j'ai lu le tome 1 d'un triptyque Les Croques, Tuer le temps de L\u00e9a Maz\u00e9 (\u00e9d. de la Goutti\u00e8re, 2018), une BD jeunesse \u00e0 partir de 9 ans et rep\u00e9r\u00e9e chez Blandine et Bidib. C\u00e9line et Colin vivent tr\u00e8s mal le fait d'\u00eatre les enfants\u2026","rel":"","context":"Dans &quot;Mini lecteur&quot;","block_context":{"text":"Mini lecteur","link":"https:\/\/www.jojoenherbe.com\/index.php\/category\/mini-lecteur\/"},"img":{"alt_text":"","src":"https:\/\/i0.wp.com\/www.jojoenherbe.com\/wp-content\/uploads\/2021\/10\/Les-Croques-T1-scaled.jpg?fit=1200%2C900&ssl=1&resize=350%2C200","width":350,"height":200,"srcset":"https:\/\/i0.wp.com\/www.jojoenherbe.com\/wp-content\/uploads\/2021\/10\/Les-Croques-T1-scaled.jpg?fit=1200%2C900&ssl=1&resize=350%2C200 1x, https:\/\/i0.wp.com\/www.jojoenherbe.com\/wp-content\/uploads\/2021\/10\/Les-Croques-T1-scaled.jpg?fit=1200%2C900&ssl=1&resize=525%2C300 1.5x, https:\/\/i0.wp.com\/www.jojoenherbe.com\/wp-content\/uploads\/2021\/10\/Les-Croques-T1-scaled.jpg?fit=1200%2C900&ssl=1&resize=700%2C400 2x, https:\/\/i0.wp.com\/www.jojoenherbe.com\/wp-content\/uploads\/2021\/10\/Les-Croques-T1-scaled.jpg?fit=1200%2C900&ssl=1&resize=1050%2C600 3x"},"classes":[]},{"id":21742,"url":"https:\/\/www.jojoenherbe.com\/index.php\/2021\/10\/27\/point-lecture-hebdomadaire-12\/","url_meta":{"origin":22015,"position":2},"title":"Point lecture hebdomadaire #12","author":"Jojo","date":"27 octobre 2021","format":false,"excerpt":"En ce (presque) d\u00e9but de semaine, voici notre point lecture hebdomadaire avec un retour sur nos lectures de la semaine derni\u00e8re (avec beaucoup de BD jeunesse) et celles en cours et sans doute \u00e0 venir, avec deux passages \u00e0 la m\u00e9diath\u00e8que et un autre \u00e0 la librairie pour le dernier\u2026","rel":"","context":"Dans &quot;Mini blogueur&quot;","block_context":{"text":"Mini blogueur","link":"https:\/\/www.jojoenherbe.com\/index.php\/category\/mini-blogueur\/"},"img":{"alt_text":"","src":"https:\/\/i0.wp.com\/www.jojoenherbe.com\/wp-content\/uploads\/2021\/10\/Point-lecture-hebdomadaire-12-scaled.jpg?fit=1200%2C904&ssl=1&resize=350%2C200","width":350,"height":200,"srcset":"https:\/\/i0.wp.com\/www.jojoenherbe.com\/wp-content\/uploads\/2021\/10\/Point-lecture-hebdomadaire-12-scaled.jpg?fit=1200%2C904&ssl=1&resize=350%2C200 1x, https:\/\/i0.wp.com\/www.jojoenherbe.com\/wp-content\/uploads\/2021\/10\/Point-lecture-hebdomadaire-12-scaled.jpg?fit=1200%2C904&ssl=1&resize=525%2C300 1.5x, https:\/\/i0.wp.com\/www.jojoenherbe.com\/wp-content\/uploads\/2021\/10\/Point-lecture-hebdomadaire-12-scaled.jpg?fit=1200%2C904&ssl=1&resize=700%2C400 2x, https:\/\/i0.wp.com\/www.jojoenherbe.com\/wp-content\/uploads\/2021\/10\/Point-lecture-hebdomadaire-12-scaled.jpg?fit=1200%2C904&ssl=1&resize=1050%2C600 3x"},"classes":[]},{"id":15940,"url":"https:\/\/www.jojoenherbe.com\/index.php\/2021\/02\/21\/au-fil-des-pages-avec-elma-une-vie-dours\/","url_meta":{"origin":22015,"position":3},"title":"Au fil des pages avec Elma, une vie d&rsquo;ours","author":"Jojo","date":"21 f\u00e9vrier 2021","format":false,"excerpt":"J'ai emprunt\u00e9 \u00e0 la m\u00e9diath\u00e8que le diptyque Elma, une vie d'ours d'Ingrid Chabbert et L\u00e9a Maz\u00e9, une BD jeunesse \u00e0 partir de 7 ans. Dans le premier tome, Le grand voyage (\u00e9d. Dargaud, 2018), Elma, une petite fille de 7 ans a \u00e9t\u00e9 \u00e9lev\u00e9e par un ours, v\u00e9ritable p\u00e8re pour\u2026","rel":"","context":"Dans &quot;Mini lecteur&quot;","block_context":{"text":"Mini lecteur","link":"https:\/\/www.jojoenherbe.com\/index.php\/category\/mini-lecteur\/"},"img":{"alt_text":"","src":"https:\/\/i0.wp.com\/www.jojoenherbe.com\/wp-content\/uploads\/2021\/02\/Elma-Une-vie-dours-scaled.jpg?fit=1200%2C854&ssl=1&resize=350%2C200","width":350,"height":200,"srcset":"https:\/\/i0.wp.com\/www.jojoenherbe.com\/wp-content\/uploads\/2021\/02\/Elma-Une-vie-dours-scaled.jpg?fit=1200%2C854&ssl=1&resize=350%2C200 1x, https:\/\/i0.wp.com\/www.jojoenherbe.com\/wp-content\/uploads\/2021\/02\/Elma-Une-vie-dours-scaled.jpg?fit=1200%2C854&ssl=1&resize=525%2C300 1.5x, https:\/\/i0.wp.com\/www.jojoenherbe.com\/wp-content\/uploads\/2021\/02\/Elma-Une-vie-dours-scaled.jpg?fit=1200%2C854&ssl=1&resize=700%2C400 2x, https:\/\/i0.wp.com\/www.jojoenherbe.com\/wp-content\/uploads\/2021\/02\/Elma-Une-vie-dours-scaled.jpg?fit=1200%2C854&ssl=1&resize=1050%2C600 3x"},"classes":[]},{"id":21608,"url":"https:\/\/www.jojoenherbe.com\/index.php\/2021\/10\/18\/point-lecture-hebdomadaire-11\/","url_meta":{"origin":22015,"position":4},"title":"Point lecture hebdomadaire #11","author":"Jojo","date":"18 octobre 2021","format":false,"excerpt":"En ce d\u00e9but de semaine, voici notre point lecture hebdomadaire avec un retour sur nos lectures de la semaine derni\u00e8re et celle en cours, avec un passage \u00e0 la m\u00e9diath\u00e8que et une fin de semaine plac\u00e9e sous un Halloween cosy RAT. Nos lectures du 11 au 17 octobre 2021: Des\u2026","rel":"","context":"Dans &quot;Mini blogueur&quot;","block_context":{"text":"Mini blogueur","link":"https:\/\/www.jojoenherbe.com\/index.php\/category\/mini-blogueur\/"},"img":{"alt_text":"","src":"https:\/\/i0.wp.com\/www.jojoenherbe.com\/wp-content\/uploads\/2021\/10\/Point-lecture-hebdomadaire-11-scaled.jpg?fit=1200%2C900&ssl=1&resize=350%2C200","width":350,"height":200,"srcset":"https:\/\/i0.wp.com\/www.jojoenherbe.com\/wp-content\/uploads\/2021\/10\/Point-lecture-hebdomadaire-11-scaled.jpg?fit=1200%2C900&ssl=1&resize=350%2C200 1x, https:\/\/i0.wp.com\/www.jojoenherbe.com\/wp-content\/uploads\/2021\/10\/Point-lecture-hebdomadaire-11-scaled.jpg?fit=1200%2C900&ssl=1&resize=525%2C300 1.5x, https:\/\/i0.wp.com\/www.jojoenherbe.com\/wp-content\/uploads\/2021\/10\/Point-lecture-hebdomadaire-11-scaled.jpg?fit=1200%2C900&ssl=1&resize=700%2C400 2x, https:\/\/i0.wp.com\/www.jojoenherbe.com\/wp-content\/uploads\/2021\/10\/Point-lecture-hebdomadaire-11-scaled.jpg?fit=1200%2C900&ssl=1&resize=1050%2C600 3x"},"classes":[]},{"id":32477,"url":"https:\/\/www.jojoenherbe.com\/index.php\/2023\/10\/08\/notre-wishlist-dans-les-sorties-litteraires-doctobre-2023\/","url_meta":{"origin":22015,"position":5},"title":"Notre wishlist dans les sorties litt\u00e9raires d&rsquo;octobre 2023","author":"Jojo","date":"8 octobre 2023","format":false,"excerpt":"Ce mois-ci, je suis tent\u00e9e par beaucoup de nouvelles parutions, que ce soit en jeunesse ou en adulte, l'imaginaire \u00e9tant mis en avant dans la plupart des livres s\u00e9lectionn\u00e9s. Il y a d\u00e9j\u00e0 des sorties de livres de No\u00ebl. Pour l'occasion, j'ai eu envie d'\u00e9crire un billet d\u00e9di\u00e9 \u00e0 notre\u2026","rel":"","context":"Dans &quot;Mini blogueur&quot;","block_context":{"text":"Mini blogueur","link":"https:\/\/www.jojoenherbe.com\/index.php\/category\/mini-blogueur\/"},"img":{"alt_text":"","src":"https:\/\/i0.wp.com\/www.jojoenherbe.com\/wp-content\/uploads\/2023\/10\/Sortileges-Descendance-Donald-T7.jpg?resize=350%2C200","width":350,"height":200},"classes":[]}],"_links":{"self":[{"href":"https:\/\/www.jojoenherbe.com\/index.php\/wp-json\/wp\/v2\/posts\/22015","targetHints":{"allow":["GET"]}}],"collection":[{"href":"https:\/\/www.jojoenherbe.com\/index.php\/wp-json\/wp\/v2\/posts"}],"about":[{"href":"https:\/\/www.jojoenherbe.com\/index.php\/wp-json\/wp\/v2\/types\/post"}],"author":[{"embeddable":true,"href":"https:\/\/www.jojoenherbe.com\/index.php\/wp-json\/wp\/v2\/users\/1"}],"replies":[{"embeddable":true,"href":"https:\/\/www.jojoenherbe.com\/index.php\/wp-json\/wp\/v2\/comments?post=22015"}],"version-history":[{"count":0,"href":"https:\/\/www.jojoenherbe.com\/index.php\/wp-json\/wp\/v2\/posts\/22015\/revisions"}],"wp:featuredmedia":[{"embeddable":true,"href":"https:\/\/www.jojoenherbe.com\/index.php\/wp-json\/wp\/v2\/media\/22050"}],"wp:attachment":[{"href":"https:\/\/www.jojoenherbe.com\/index.php\/wp-json\/wp\/v2\/media?parent=22015"}],"wp:term":[{"taxonomy":"category","embeddable":true,"href":"https:\/\/www.jojoenherbe.com\/index.php\/wp-json\/wp\/v2\/categories?post=22015"},{"taxonomy":"post_tag","embeddable":true,"href":"https:\/\/www.jojoenherbe.com\/index.php\/wp-json\/wp\/v2\/tags?post=22015"}],"curies":[{"name":"wp","href":"https:\/\/api.w.org\/{rel}","templated":true}]}}