{"id":21979,"date":"2021-11-02T06:00:00","date_gmt":"2021-11-02T05:00:00","guid":{"rendered":"http:\/\/www.jojoenherbe.com\/?p=21979"},"modified":"2021-11-03T09:12:16","modified_gmt":"2021-11-03T08:12:16","slug":"la-nature-au-fil-de-lautomne-2021-2","status":"publish","type":"post","link":"https:\/\/www.jojoenherbe.com\/index.php\/2021\/11\/02\/la-nature-au-fil-de-lautomne-2021-2\/","title":{"rendered":"La Nature au fil de l&rsquo;automne 2021 #2"},"content":{"rendered":"<p style=\"text-align: justify;\"><em><a href=\"https:\/\/i0.wp.com\/www.jojoenherbe.com\/wp-content\/uploads\/2021\/10\/Vaugrenier-9-scaled.jpg\"><img data-recalc-dims=\"1\" loading=\"lazy\" decoding=\"async\" data-attachment-id=\"21991\" data-permalink=\"https:\/\/www.jojoenherbe.com\/index.php\/2021\/11\/02\/la-nature-au-fil-de-lautomne-2021-2\/vaugrenier-9\/\" data-orig-file=\"https:\/\/i0.wp.com\/www.jojoenherbe.com\/wp-content\/uploads\/2021\/10\/Vaugrenier-9-scaled.jpg?fit=2560%2C1920&amp;ssl=1\" data-orig-size=\"2560,1920\" data-comments-opened=\"1\" data-image-meta=\"{&quot;aperture&quot;:&quot;4.5&quot;,&quot;credit&quot;:&quot;&quot;,&quot;camera&quot;:&quot;DSC-HX400V&quot;,&quot;caption&quot;:&quot;&quot;,&quot;created_timestamp&quot;:&quot;1635243930&quot;,&quot;copyright&quot;:&quot;&quot;,&quot;focal_length&quot;:&quot;33.38&quot;,&quot;iso&quot;:&quot;125&quot;,&quot;shutter_speed&quot;:&quot;0.005&quot;,&quot;title&quot;:&quot;&quot;,&quot;orientation&quot;:&quot;1&quot;}\" data-image-title=\"Vaugrenier 9\" data-image-description=\"\" data-image-caption=\"\" data-large-file=\"https:\/\/i0.wp.com\/www.jojoenherbe.com\/wp-content\/uploads\/2021\/10\/Vaugrenier-9-scaled.jpg?fit=676%2C507&amp;ssl=1\" class=\"alignleft size-thumbnail wp-image-21991\" src=\"https:\/\/i0.wp.com\/www.jojoenherbe.com\/wp-content\/uploads\/2021\/10\/Vaugrenier-9.jpg?resize=150%2C150\" alt=\"\" width=\"150\" height=\"150\" srcset=\"https:\/\/i0.wp.com\/www.jojoenherbe.com\/wp-content\/uploads\/2021\/10\/Vaugrenier-9-scaled.jpg?resize=150%2C150&amp;ssl=1 150w, https:\/\/i0.wp.com\/www.jojoenherbe.com\/wp-content\/uploads\/2021\/10\/Vaugrenier-9-scaled.jpg?zoom=2&amp;resize=150%2C150 300w, https:\/\/i0.wp.com\/www.jojoenherbe.com\/wp-content\/uploads\/2021\/10\/Vaugrenier-9-scaled.jpg?zoom=3&amp;resize=150%2C150 450w\" sizes=\"auto, (max-width: 150px) 100vw, 150px\" \/><\/a>Mardi, c&rsquo;est le rendez-vous photo avec <a href=\"https:\/\/sylectures.wordpress.com\/\">Syl<\/a> et <a href=\"https:\/\/ribambelledhistoires.over-blog.com\/\">Isabelle<\/a> d&rsquo;\u00e9coute et d&rsquo;observation de la Nature dans le cadre du Challenge Halloween 2021. Apr\u00e8s l&rsquo;arri\u00e8re-pays la semaine derni\u00e8re, voici l&rsquo;automne c\u00f4t\u00e9 littoral, pas c\u00f4t\u00e9 mer mais du c\u00f4t\u00e9 de l&rsquo;\u00e9tang de Vaugrenier, un \u00e9tang naturel d&rsquo;eau douce dans les Alpes-Maritimes, \u00e0 Villeneuve-Loubet. <\/em><\/p>\n<p style=\"text-align: justify;\"><em><a href=\"https:\/\/i0.wp.com\/www.jojoenherbe.com\/wp-content\/uploads\/2021\/10\/Vaugrenier-3-scaled.jpg\"><img data-recalc-dims=\"1\" loading=\"lazy\" decoding=\"async\" data-attachment-id=\"21985\" data-permalink=\"https:\/\/www.jojoenherbe.com\/index.php\/2021\/11\/02\/la-nature-au-fil-de-lautomne-2021-2\/vaugrenier-3-2\/\" data-orig-file=\"https:\/\/i0.wp.com\/www.jojoenherbe.com\/wp-content\/uploads\/2021\/10\/Vaugrenier-3-scaled.jpg?fit=2560%2C1920&amp;ssl=1\" data-orig-size=\"2560,1920\" data-comments-opened=\"1\" data-image-meta=\"{&quot;aperture&quot;:&quot;1.8&quot;,&quot;credit&quot;:&quot;&quot;,&quot;camera&quot;:&quot;iPhone 7&quot;,&quot;caption&quot;:&quot;&quot;,&quot;created_timestamp&quot;:&quot;1635247555&quot;,&quot;copyright&quot;:&quot;&quot;,&quot;focal_length&quot;:&quot;3.99&quot;,&quot;iso&quot;:&quot;20&quot;,&quot;shutter_speed&quot;:&quot;0.0023201856148492&quot;,&quot;title&quot;:&quot;&quot;,&quot;orientation&quot;:&quot;1&quot;}\" data-image-title=\"Vaugrenier 3\" data-image-description=\"\" data-image-caption=\"\" data-large-file=\"https:\/\/i0.wp.com\/www.jojoenherbe.com\/wp-content\/uploads\/2021\/10\/Vaugrenier-3-scaled.jpg?fit=676%2C507&amp;ssl=1\" class=\"size-thumbnail wp-image-21985 alignright\" src=\"https:\/\/i0.wp.com\/www.jojoenherbe.com\/wp-content\/uploads\/2021\/10\/Vaugrenier-3.jpg?resize=150%2C150\" alt=\"\" width=\"150\" height=\"150\" srcset=\"https:\/\/i0.wp.com\/www.jojoenherbe.com\/wp-content\/uploads\/2021\/10\/Vaugrenier-3-scaled.jpg?resize=150%2C150&amp;ssl=1 150w, https:\/\/i0.wp.com\/www.jojoenherbe.com\/wp-content\/uploads\/2021\/10\/Vaugrenier-3-scaled.jpg?zoom=2&amp;resize=150%2C150 300w, https:\/\/i0.wp.com\/www.jojoenherbe.com\/wp-content\/uploads\/2021\/10\/Vaugrenier-3-scaled.jpg?zoom=3&amp;resize=150%2C150 450w\" sizes=\"auto, (max-width: 150px) 100vw, 150px\" \/><\/a>Voici des photos de notre derni\u00e8re journ\u00e9e pass\u00e9e en famille au parc de Vaugrenier, le 26 octobre 2021. C&rsquo;est un lieu que nous appr\u00e9cions beaucoup et que nous fr\u00e9quentons tr\u00e8s r\u00e9guli\u00e8rement pour ses nombreuses activit\u00e9s possibles: d\u00e9tente, pique-nique, balade, aire de jeux pour enfants, ornithologie ou bien encore parcours de sant\u00e9&#8230; Et avec une nouveaut\u00e9 depuis le 23 octobre 2021 que nous avons test\u00e9 en commen\u00e7ant les premi\u00e8res questions: un parcours ludique et p\u00e9dagogique via une appli gratuite, Les explorateurs des Parcs, mise en place par le D\u00e9partement des Alpes-Maritimes. <\/em><\/p>\n\n\t\t<style type=\"text\/css\">\n\t\t\t#gallery-1 {\n\t\t\t\tmargin: auto;\n\t\t\t}\n\t\t\t#gallery-1 .gallery-item {\n\t\t\t\tfloat: left;\n\t\t\t\tmargin-top: 10px;\n\t\t\t\ttext-align: center;\n\t\t\t\twidth: 25%;\n\t\t\t}\n\t\t\t#gallery-1 img {\n\t\t\t\tborder: 2px solid #cfcfcf;\n\t\t\t}\n\t\t\t#gallery-1 .gallery-caption {\n\t\t\t\tmargin-left: 0;\n\t\t\t}\n\t\t\t\/* see gallery_shortcode() in wp-includes\/media.php *\/\n\t\t<\/style>\n\t\t<div data-carousel-extra='{&quot;blog_id&quot;:1,&quot;permalink&quot;:&quot;https:\/\/www.jojoenherbe.com\/index.php\/2021\/11\/02\/la-nature-au-fil-de-lautomne-2021-2\/&quot;}' id='gallery-1' class='gallery galleryid-21979 gallery-columns-4 gallery-size-thumbnail'><dl class='gallery-item'>\n\t\t\t<dt class='gallery-icon landscape'>\n\t\t\t\t<a href='https:\/\/www.jojoenherbe.com\/index.php\/2021\/11\/02\/la-nature-au-fil-de-lautomne-2021-2\/vaugrenier-4-2\/'><img loading=\"lazy\" decoding=\"async\" width=\"150\" height=\"150\" src=\"https:\/\/i0.wp.com\/www.jojoenherbe.com\/wp-content\/uploads\/2021\/10\/Vaugrenier-4-scaled.jpg?resize=150%2C150&amp;ssl=1\" class=\"attachment-thumbnail size-thumbnail\" alt=\"\" srcset=\"https:\/\/i0.wp.com\/www.jojoenherbe.com\/wp-content\/uploads\/2021\/10\/Vaugrenier-4-scaled.jpg?resize=150%2C150&amp;ssl=1 150w, https:\/\/i0.wp.com\/www.jojoenherbe.com\/wp-content\/uploads\/2021\/10\/Vaugrenier-4-scaled.jpg?zoom=2&amp;resize=150%2C150 300w, https:\/\/i0.wp.com\/www.jojoenherbe.com\/wp-content\/uploads\/2021\/10\/Vaugrenier-4-scaled.jpg?zoom=3&amp;resize=150%2C150 450w\" sizes=\"auto, (max-width: 150px) 100vw, 150px\" data-attachment-id=\"21986\" data-permalink=\"https:\/\/www.jojoenherbe.com\/index.php\/2021\/11\/02\/la-nature-au-fil-de-lautomne-2021-2\/vaugrenier-4-2\/\" data-orig-file=\"https:\/\/i0.wp.com\/www.jojoenherbe.com\/wp-content\/uploads\/2021\/10\/Vaugrenier-4-scaled.jpg?fit=2560%2C2044&amp;ssl=1\" data-orig-size=\"2560,2044\" data-comments-opened=\"1\" data-image-meta=\"{&quot;aperture&quot;:&quot;3.5&quot;,&quot;credit&quot;:&quot;&quot;,&quot;camera&quot;:&quot;DSC-HX400V&quot;,&quot;caption&quot;:&quot;&quot;,&quot;created_timestamp&quot;:&quot;1635252078&quot;,&quot;copyright&quot;:&quot;&quot;,&quot;focal_length&quot;:&quot;8.83&quot;,&quot;iso&quot;:&quot;80&quot;,&quot;shutter_speed&quot;:&quot;0.004&quot;,&quot;title&quot;:&quot;&quot;,&quot;orientation&quot;:&quot;1&quot;}\" data-image-title=\"Vaugrenier 4\" data-image-description=\"\" data-image-caption=\"\" data-large-file=\"https:\/\/i0.wp.com\/www.jojoenherbe.com\/wp-content\/uploads\/2021\/10\/Vaugrenier-4-scaled.jpg?fit=676%2C540&amp;ssl=1\" \/><\/a>\n\t\t\t<\/dt><\/dl><dl class='gallery-item'>\n\t\t\t<dt class='gallery-icon portrait'>\n\t\t\t\t<a href='https:\/\/www.jojoenherbe.com\/index.php\/2021\/11\/02\/la-nature-au-fil-de-lautomne-2021-2\/vaugrenier-5\/'><img loading=\"lazy\" decoding=\"async\" width=\"150\" height=\"150\" src=\"https:\/\/i0.wp.com\/www.jojoenherbe.com\/wp-content\/uploads\/2021\/10\/Vaugrenier-5-scaled.jpg?resize=150%2C150&amp;ssl=1\" class=\"attachment-thumbnail size-thumbnail\" alt=\"\" srcset=\"https:\/\/i0.wp.com\/www.jojoenherbe.com\/wp-content\/uploads\/2021\/10\/Vaugrenier-5-scaled.jpg?resize=150%2C150&amp;ssl=1 150w, https:\/\/i0.wp.com\/www.jojoenherbe.com\/wp-content\/uploads\/2021\/10\/Vaugrenier-5-scaled.jpg?zoom=2&amp;resize=150%2C150 300w, https:\/\/i0.wp.com\/www.jojoenherbe.com\/wp-content\/uploads\/2021\/10\/Vaugrenier-5-scaled.jpg?zoom=3&amp;resize=150%2C150 450w\" sizes=\"auto, (max-width: 150px) 100vw, 150px\" data-attachment-id=\"21987\" data-permalink=\"https:\/\/www.jojoenherbe.com\/index.php\/2021\/11\/02\/la-nature-au-fil-de-lautomne-2021-2\/vaugrenier-5\/\" data-orig-file=\"https:\/\/i0.wp.com\/www.jojoenherbe.com\/wp-content\/uploads\/2021\/10\/Vaugrenier-5-scaled.jpg?fit=1920%2C2560&amp;ssl=1\" data-orig-size=\"1920,2560\" data-comments-opened=\"1\" data-image-meta=\"{&quot;aperture&quot;:&quot;4.5&quot;,&quot;credit&quot;:&quot;&quot;,&quot;camera&quot;:&quot;DSC-HX400V&quot;,&quot;caption&quot;:&quot;&quot;,&quot;created_timestamp&quot;:&quot;1635254480&quot;,&quot;copyright&quot;:&quot;&quot;,&quot;focal_length&quot;:&quot;26.09&quot;,&quot;iso&quot;:&quot;200&quot;,&quot;shutter_speed&quot;:&quot;0.00625&quot;,&quot;title&quot;:&quot;&quot;,&quot;orientation&quot;:&quot;1&quot;}\" data-image-title=\"Vaugrenier 5\" data-image-description=\"\" data-image-caption=\"\" data-large-file=\"https:\/\/i0.wp.com\/www.jojoenherbe.com\/wp-content\/uploads\/2021\/10\/Vaugrenier-5-scaled.jpg?fit=676%2C901&amp;ssl=1\" \/><\/a>\n\t\t\t<\/dt><\/dl><dl class='gallery-item'>\n\t\t\t<dt class='gallery-icon landscape'>\n\t\t\t\t<a href='https:\/\/www.jojoenherbe.com\/index.php\/2021\/11\/02\/la-nature-au-fil-de-lautomne-2021-2\/vaugrenier-7\/'><img loading=\"lazy\" decoding=\"async\" width=\"150\" height=\"150\" src=\"https:\/\/i0.wp.com\/www.jojoenherbe.com\/wp-content\/uploads\/2021\/10\/Vaugrenier-7-scaled.jpg?resize=150%2C150&amp;ssl=1\" class=\"attachment-thumbnail size-thumbnail\" alt=\"\" srcset=\"https:\/\/i0.wp.com\/www.jojoenherbe.com\/wp-content\/uploads\/2021\/10\/Vaugrenier-7-scaled.jpg?resize=150%2C150&amp;ssl=1 150w, https:\/\/i0.wp.com\/www.jojoenherbe.com\/wp-content\/uploads\/2021\/10\/Vaugrenier-7-scaled.jpg?zoom=2&amp;resize=150%2C150 300w, https:\/\/i0.wp.com\/www.jojoenherbe.com\/wp-content\/uploads\/2021\/10\/Vaugrenier-7-scaled.jpg?zoom=3&amp;resize=150%2C150 450w\" sizes=\"auto, (max-width: 150px) 100vw, 150px\" data-attachment-id=\"21989\" data-permalink=\"https:\/\/www.jojoenherbe.com\/index.php\/2021\/11\/02\/la-nature-au-fil-de-lautomne-2021-2\/vaugrenier-7\/\" data-orig-file=\"https:\/\/i0.wp.com\/www.jojoenherbe.com\/wp-content\/uploads\/2021\/10\/Vaugrenier-7-scaled.jpg?fit=2560%2C1920&amp;ssl=1\" data-orig-size=\"2560,1920\" data-comments-opened=\"1\" data-image-meta=\"{&quot;aperture&quot;:&quot;6.3&quot;,&quot;credit&quot;:&quot;&quot;,&quot;camera&quot;:&quot;DSC-HX400V&quot;,&quot;caption&quot;:&quot;&quot;,&quot;created_timestamp&quot;:&quot;1635253782&quot;,&quot;copyright&quot;:&quot;&quot;,&quot;focal_length&quot;:&quot;215&quot;,&quot;iso&quot;:&quot;320&quot;,&quot;shutter_speed&quot;:&quot;0.004&quot;,&quot;title&quot;:&quot;&quot;,&quot;orientation&quot;:&quot;1&quot;}\" data-image-title=\"Vaugrenier 7\" data-image-description=\"\" data-image-caption=\"\" data-large-file=\"https:\/\/i0.wp.com\/www.jojoenherbe.com\/wp-content\/uploads\/2021\/10\/Vaugrenier-7-scaled.jpg?fit=676%2C507&amp;ssl=1\" \/><\/a>\n\t\t\t<\/dt><\/dl><dl class='gallery-item'>\n\t\t\t<dt class='gallery-icon landscape'>\n\t\t\t\t<a href='https:\/\/www.jojoenherbe.com\/index.php\/2021\/11\/02\/la-nature-au-fil-de-lautomne-2021-2\/vaugrenier-8\/'><img loading=\"lazy\" decoding=\"async\" width=\"150\" height=\"150\" src=\"https:\/\/i0.wp.com\/www.jojoenherbe.com\/wp-content\/uploads\/2021\/10\/Vaugrenier-8-scaled.jpg?resize=150%2C150&amp;ssl=1\" class=\"attachment-thumbnail size-thumbnail\" alt=\"\" srcset=\"https:\/\/i0.wp.com\/www.jojoenherbe.com\/wp-content\/uploads\/2021\/10\/Vaugrenier-8-scaled.jpg?resize=150%2C150&amp;ssl=1 150w, https:\/\/i0.wp.com\/www.jojoenherbe.com\/wp-content\/uploads\/2021\/10\/Vaugrenier-8-scaled.jpg?zoom=2&amp;resize=150%2C150 300w, https:\/\/i0.wp.com\/www.jojoenherbe.com\/wp-content\/uploads\/2021\/10\/Vaugrenier-8-scaled.jpg?zoom=3&amp;resize=150%2C150 450w\" sizes=\"auto, (max-width: 150px) 100vw, 150px\" data-attachment-id=\"21990\" data-permalink=\"https:\/\/www.jojoenherbe.com\/index.php\/2021\/11\/02\/la-nature-au-fil-de-lautomne-2021-2\/vaugrenier-8\/\" data-orig-file=\"https:\/\/i0.wp.com\/www.jojoenherbe.com\/wp-content\/uploads\/2021\/10\/Vaugrenier-8-scaled.jpg?fit=2560%2C1920&amp;ssl=1\" data-orig-size=\"2560,1920\" data-comments-opened=\"1\" data-image-meta=\"{&quot;aperture&quot;:&quot;6.3&quot;,&quot;credit&quot;:&quot;&quot;,&quot;camera&quot;:&quot;DSC-HX400V&quot;,&quot;caption&quot;:&quot;&quot;,&quot;created_timestamp&quot;:&quot;1635260866&quot;,&quot;copyright&quot;:&quot;&quot;,&quot;focal_length&quot;:&quot;215&quot;,&quot;iso&quot;:&quot;400&quot;,&quot;shutter_speed&quot;:&quot;0.004&quot;,&quot;title&quot;:&quot;&quot;,&quot;orientation&quot;:&quot;1&quot;}\" data-image-title=\"Vaugrenier 8\" data-image-description=\"\" data-image-caption=\"\" data-large-file=\"https:\/\/i0.wp.com\/www.jojoenherbe.com\/wp-content\/uploads\/2021\/10\/Vaugrenier-8-scaled.jpg?fit=676%2C507&amp;ssl=1\" \/><\/a>\n\t\t\t<\/dt><\/dl><br style=\"clear: both\" \/>\n\t\t<\/div>\n\n<p style=\"text-align: justify;\"><em>Pour d&rsquo;autres ambiances automnales: <a href=\"https:\/\/sylectures.wordpress.com\/2021\/11\/02\/37009\/\">Syl<\/a> dans le jardin des Tuileries et <a href=\"https:\/\/ribambelledhistoires.over-blog.com\/2021\/11\/la-nature-au-fil-de-l-automne-6.html\">Isabelle<\/a> avec l&rsquo;histoire d&rsquo;un caillou dans les vagues normandes.<\/em><\/p>\n<div style=\"width: 119px\" class=\"wp-caption alignnone\"><img loading=\"lazy\" decoding=\"async\" data-attachment-id=\"2740\" data-permalink=\"https:\/\/www.jojoenherbe.com\/index.php\/2011\/08\/30\/tour-du-mont-bego-bis-repetita-placent\/tour-du-mont-bego-24-2\/\" data-orig-file=\"https:\/\/i0.wp.com\/www.jojoenherbe.com\/wp-content\/uploads\/2011\/08\/Tour-du-Mont-Bego-24.jpg?fit=2048%2C1536&amp;ssl=1\" data-orig-size=\"2048,1536\" data-comments-opened=\"1\" data-image-meta=\"{&quot;aperture&quot;:&quot;7.6&quot;,&quot;credit&quot;:&quot;&quot;,&quot;camera&quot;:&quot;COOLPIX S5100&quot;,&quot;caption&quot;:&quot;&quot;,&quot;created_timestamp&quot;:&quot;1314438064&quot;,&quot;copyright&quot;:&quot;&quot;,&quot;focal_length&quot;:&quot;5&quot;,&quot;iso&quot;:&quot;100&quot;,&quot;shutter_speed&quot;:&quot;0.004&quot;,&quot;title&quot;:&quot;&quot;,&quot;orientation&quot;:&quot;1&quot;}\" data-image-title=\"Tour du Mont Bego 24\" data-image-description=\"\" data-image-caption=\"\" data-large-file=\"https:\/\/i0.wp.com\/www.jojoenherbe.com\/wp-content\/uploads\/2011\/08\/Tour-du-Mont-Bego-24.jpg?fit=676%2C507&amp;ssl=1\" src=\"https:\/\/lelivroblog.files.wordpress.com\/2021\/09\/marko-blazevic-s7mangnwv1a-unsplash-04.jpg?resize=109%2C109\" srcset=\"https:\/\/lelivroblog.files.wordpress.com\/2021\/09\/marko-blazevic-s7mangnwv1a-unsplash-04.jpg?resize=109%2C109?strip=info&amp;w=600 600w,https:\/\/lelivroblog.files.wordpress.com\/2021\/09\/marko-blazevic-s7mangnwv1a-unsplash-04.jpg?resize=109%2C109?strip=info&amp;w=900 900w,https:\/\/lelivroblog.files.wordpress.com\/2021\/09\/marko-blazevic-s7mangnwv1a-unsplash-04.jpg?resize=109%2C109?strip=info&amp;w=1200 1200w,https:\/\/lelivroblog.files.wordpress.com\/2021\/09\/marko-blazevic-s7mangnwv1a-unsplash-04.jpg?resize=109%2C109?strip=info&amp;w=1500 1500w,https:\/\/lelivroblog.files.wordpress.com\/2021\/09\/marko-blazevic-s7mangnwv1a-unsplash-04.jpg?resize=109%2C109?strip=info&amp;w=1800 1800w,https:\/\/lelivroblog.files.wordpress.com\/2021\/09\/marko-blazevic-s7mangnwv1a-unsplash-04.jpg?resize=109%2C109?strip=info&amp;w=2000 2000w\" alt=\"\" width=\"109\" height=\"109\" data-attachment-id=\"2740\" data-permalink=\"http:\/\/www.jojoenherbe.com\/index.php\/2011\/08\/30\/tour-du-mont-bego-bis-repetita-placent\/tour-du-mont-bego-24-2\/\" data-orig-file=\"https:\/\/i0.wp.com\/www.jojoenherbe.com\/wp-content\/uploads\/2011\/08\/Tour-du-Mont-Bego-24.jpg?fit=2048%2C1536\" data-orig-size=\"2048,1536\" data-comments-opened=\"1\" data-image-meta=\"{&quot;aperture&quot;:&quot;7.6&quot;,&quot;credit&quot;:&quot;&quot;,&quot;camera&quot;:&quot;COOLPIX S5100&quot;,&quot;caption&quot;:&quot;&quot;,&quot;created_timestamp&quot;:&quot;1314438064&quot;,&quot;copyright&quot;:&quot;&quot;,&quot;focal_length&quot;:&quot;5&quot;,&quot;iso&quot;:&quot;100&quot;,&quot;shutter_speed&quot;:&quot;0.004&quot;,&quot;title&quot;:&quot;&quot;,&quot;orientation&quot;:&quot;1&quot;}\" data-image-title=\"Tour du Mont Bego 24\" data-image-description=\"\" data-image-caption=\"\" data-medium-file=\"https:\/\/i0.wp.com\/www.jojoenherbe.com\/wp-content\/uploads\/2011\/08\/Tour-du-Mont-Bego-24.jpg?fit=300%2C225\" data-large-file=\"https:\/\/i0.wp.com\/www.jojoenherbe.com\/wp-content\/uploads\/2011\/08\/Tour-du-Mont-Bego-24.jpg?fit=676%2C507\" data-height=\"2995\" data-id=\"2740\" data-link=\"https:\/\/lelivroblog.wordpress.com\/?attachment_id=2740\" data-url=\"https:\/\/lelivroblog.files.wordpress.com\/2021\/09\/marko-blazevic-s7mangnwv1a-unsplash-04.jpg?resize=109%2C109?w=736\" data-width=\"2996\" data-amp-layout=\"responsive\" data-recalc-dims=\"1\" \/><p class=\"wp-caption-text\">Participation #21 au Challenge Halloween 2021 de <a href=\"https:\/\/lelivroblog.wordpress.com\/2021\/09\/07\/le-challenge-halloween-2021\/\">Hilde<\/a> et <a href=\"http:\/\/www.myloubook.com\/2021\/09\/07\/le-challenge-halloween-2021\/\">Lou<\/a> #Photo Nature<\/p><\/div>\n<p><em>\u00a0<\/em><\/p>\n","protected":false},"excerpt":{"rendered":"<p>Mardi, c&rsquo;est le rendez-vous photo avec Syl et Isabelle d&rsquo;\u00e9coute et d&rsquo;observation de la Nature dans le cadre du Challenge Halloween 2021. Apr\u00e8s l&rsquo;arri\u00e8re-pays la semaine derni\u00e8re, voici l&rsquo;automne c\u00f4t\u00e9 littoral, pas c\u00f4t\u00e9 mer mais du c\u00f4t\u00e9 de l&rsquo;\u00e9tang de Vaugrenier, un \u00e9tang naturel d&rsquo;eau douce dans les Alpes-Maritimes, \u00e0 Villeneuve-Loubet. Voici des photos de [&hellip;]<\/p>\n","protected":false},"author":1,"featured_media":21984,"comment_status":"open","ping_status":"open","sticky":false,"template":"","format":"standard","meta":{"jetpack_post_was_ever_published":false,"_jetpack_newsletter_access":"","_jetpack_dont_email_post_to_subs":false,"_jetpack_newsletter_tier_id":0,"_jetpack_memberships_contains_paywalled_content":false,"_jetpack_memberships_contains_paid_content":false,"footnotes":""},"categories":[128,437],"tags":[25,321,2026,383,2835,543,5,1744,1506,573,41],"class_list":["post-21979","post","type-post","status-publish","format-standard","has-post-thumbnail","hentry","category-mini-baladeur","category-mini-photographe","tag-alpes-maritimes","tag-automne","tag-challenge-halloween-2021","tag-etang-de-vaugrenier","tag-les-explorateurs-des-parcs","tag-nature","tag-paca","tag-parc-de-vaugrenier","tag-region-sud","tag-rouge-gorge","tag-villeneuve-loubet","post-preview"],"jetpack_featured_media_url":"https:\/\/i0.wp.com\/www.jojoenherbe.com\/wp-content\/uploads\/2021\/10\/Vaugrenier-2.jpg?fit=2048%2C2048&ssl=1","jetpack_sharing_enabled":true,"jetpack_shortlink":"https:\/\/wp.me\/p9zhGx-5Iv","jetpack_likes_enabled":true,"jetpack-related-posts":[{"id":28375,"url":"https:\/\/www.jojoenherbe.com\/index.php\/2022\/10\/20\/la-nature-au-fil-de-lautomne-2022-4\/","url_meta":{"origin":21979,"position":0},"title":"La Nature au fil de l&rsquo;automne 2022 #4","author":"Jojo","date":"20 octobre 2022","format":false,"excerpt":"Voici quelques photos prises le 16 octobre 2022 dans le parc de Vaugrenier pour notre rendez-vous photo hebdomadaire d\u2019\u00e9coute et d\u2019observation de la Nature dans le cadre du Challenge Halloween 2022 avec Syl, Isabelle et Hilde. La pluie du week-end pr\u00e9c\u00e9dent a laiss\u00e9 quelques traces, des champignons ayant pouss\u00e9 de-ci\u2026","rel":"","context":"Dans &quot;Mini baladeur&quot;","block_context":{"text":"Mini baladeur","link":"https:\/\/www.jojoenherbe.com\/index.php\/category\/mini-crapahuteur\/mini-baladeur\/"},"img":{"alt_text":"","src":"https:\/\/i0.wp.com\/www.jojoenherbe.com\/wp-content\/uploads\/2022\/10\/Parc-de-Vaugrenier-scaled.jpg?fit=1200%2C900&ssl=1&resize=350%2C200","width":350,"height":200,"srcset":"https:\/\/i0.wp.com\/www.jojoenherbe.com\/wp-content\/uploads\/2022\/10\/Parc-de-Vaugrenier-scaled.jpg?fit=1200%2C900&ssl=1&resize=350%2C200 1x, https:\/\/i0.wp.com\/www.jojoenherbe.com\/wp-content\/uploads\/2022\/10\/Parc-de-Vaugrenier-scaled.jpg?fit=1200%2C900&ssl=1&resize=525%2C300 1.5x, https:\/\/i0.wp.com\/www.jojoenherbe.com\/wp-content\/uploads\/2022\/10\/Parc-de-Vaugrenier-scaled.jpg?fit=1200%2C900&ssl=1&resize=700%2C400 2x, https:\/\/i0.wp.com\/www.jojoenherbe.com\/wp-content\/uploads\/2022\/10\/Parc-de-Vaugrenier-scaled.jpg?fit=1200%2C900&ssl=1&resize=1050%2C600 3x"},"classes":[]},{"id":33133,"url":"https:\/\/www.jojoenherbe.com\/index.php\/2023\/11\/14\/la-nature-au-fil-de-lautomne-2023-3\/","url_meta":{"origin":21979,"position":1},"title":"La Nature au fil de l\u2019automne 2023 #3","author":"Jojo","date":"14 novembre 2023","format":false,"excerpt":"Pour ce nouveau rendez-vous photo d\u2019\u00e9coute et d\u2019observation de la Nature avec Syl, Isabelle et Hilde\u00a0 dans le cadre du Challenge Halloween 2023, voici une photo prise avec mon t\u00e9l\u00e9phone portable, n'ayant pas pris mon appareil photo, dimanche dernier dans le parc de Vaugrenier. C\u00f4t\u00e9 \u00e9tang, il y avait surtout\u2026","rel":"","context":"Dans &quot;mini photographe&quot;","block_context":{"text":"mini photographe","link":"https:\/\/www.jojoenherbe.com\/index.php\/category\/mini-photographe\/"},"img":{"alt_text":"","src":"https:\/\/i0.wp.com\/www.jojoenherbe.com\/wp-content\/uploads\/2023\/11\/Vaugrenier-2023-scaled.jpg?fit=900%2C1200&ssl=1&resize=350%2C200","width":350,"height":200,"srcset":"https:\/\/i0.wp.com\/www.jojoenherbe.com\/wp-content\/uploads\/2023\/11\/Vaugrenier-2023-scaled.jpg?fit=900%2C1200&ssl=1&resize=350%2C200 1x, https:\/\/i0.wp.com\/www.jojoenherbe.com\/wp-content\/uploads\/2023\/11\/Vaugrenier-2023-scaled.jpg?fit=900%2C1200&ssl=1&resize=525%2C300 1.5x, https:\/\/i0.wp.com\/www.jojoenherbe.com\/wp-content\/uploads\/2023\/11\/Vaugrenier-2023-scaled.jpg?fit=900%2C1200&ssl=1&resize=700%2C400 2x"},"classes":[]},{"id":25345,"url":"https:\/\/www.jojoenherbe.com\/index.php\/2022\/05\/03\/la-nature-au-fil-du-printemps-5\/","url_meta":{"origin":21979,"position":2},"title":"La Nature au fil du printemps #5","author":"Jojo","date":"3 mai 2022","format":false,"excerpt":"Pour ce nouveau rendez-vous photo avec Syl et Isabelle d\u2019\u00e9coute et d\u2019observation de la Nature au fil du printemps, voici quelques photos prises le 1er mai \u00e0 Vaugrenier, que ce soit c\u00f4t\u00e9 parc ou \u00e9tang. Comme \u00e0 chaque printemps, les iris des marais ont fleuri comme d'autres fleurs. Nous pouvons\u2026","rel":"","context":"Dans &quot;Mini baladeur&quot;","block_context":{"text":"Mini baladeur","link":"https:\/\/www.jojoenherbe.com\/index.php\/category\/mini-crapahuteur\/mini-baladeur\/"},"img":{"alt_text":"","src":"https:\/\/i0.wp.com\/www.jojoenherbe.com\/wp-content\/uploads\/2022\/05\/Iris-des-marais-Vaugrenier-scaled.jpg?fit=900%2C1200&ssl=1&resize=350%2C200","width":350,"height":200,"srcset":"https:\/\/i0.wp.com\/www.jojoenherbe.com\/wp-content\/uploads\/2022\/05\/Iris-des-marais-Vaugrenier-scaled.jpg?fit=900%2C1200&ssl=1&resize=350%2C200 1x, https:\/\/i0.wp.com\/www.jojoenherbe.com\/wp-content\/uploads\/2022\/05\/Iris-des-marais-Vaugrenier-scaled.jpg?fit=900%2C1200&ssl=1&resize=525%2C300 1.5x, https:\/\/i0.wp.com\/www.jojoenherbe.com\/wp-content\/uploads\/2022\/05\/Iris-des-marais-Vaugrenier-scaled.jpg?fit=900%2C1200&ssl=1&resize=700%2C400 2x"},"classes":[]},{"id":18120,"url":"https:\/\/www.jojoenherbe.com\/index.php\/2021\/05\/06\/une-journee-printaniere-a-vaugrenier\/","url_meta":{"origin":21979,"position":3},"title":"Une journ\u00e9e printani\u00e8re \u00e0 Vaugrenier","author":"Jojo","date":"6 mai 2021","format":false,"excerpt":"Avec ce nouveau d\u00e9confinement et la fin de l'interdiction d'aller \u00e0 plus de 10km, nous pouvons enfin retourner balader et nous passons la journ\u00e9e du 5 mai 2021 dans le parc de Vaugrenier avec ses aires de jeux, ses sous-bois et son \u00e9tang. Que cela fait du bien de passer\u2026","rel":"","context":"Dans &quot;Mini baladeur&quot;","block_context":{"text":"Mini baladeur","link":"https:\/\/www.jojoenherbe.com\/index.php\/category\/mini-crapahuteur\/mini-baladeur\/"},"img":{"alt_text":"","src":"https:\/\/i0.wp.com\/www.jojoenherbe.com\/wp-content\/uploads\/2021\/05\/Etang-de-Vaugrenier-scaled.jpg?fit=1200%2C662&ssl=1&resize=350%2C200","width":350,"height":200,"srcset":"https:\/\/i0.wp.com\/www.jojoenherbe.com\/wp-content\/uploads\/2021\/05\/Etang-de-Vaugrenier-scaled.jpg?fit=1200%2C662&ssl=1&resize=350%2C200 1x, https:\/\/i0.wp.com\/www.jojoenherbe.com\/wp-content\/uploads\/2021\/05\/Etang-de-Vaugrenier-scaled.jpg?fit=1200%2C662&ssl=1&resize=525%2C300 1.5x, https:\/\/i0.wp.com\/www.jojoenherbe.com\/wp-content\/uploads\/2021\/05\/Etang-de-Vaugrenier-scaled.jpg?fit=1200%2C662&ssl=1&resize=700%2C400 2x, https:\/\/i0.wp.com\/www.jojoenherbe.com\/wp-content\/uploads\/2021\/05\/Etang-de-Vaugrenier-scaled.jpg?fit=1200%2C662&ssl=1&resize=1050%2C600 3x"},"classes":[]},{"id":8251,"url":"https:\/\/www.jojoenherbe.com\/index.php\/2019\/10\/29\/des-coeurs-de-sorciere-a-vaugrenier\/","url_meta":{"origin":21979,"position":4},"title":"Des c\u0153urs de sorci\u00e8re \u00e0 Vaugrenier","author":"Jojo","date":"29 octobre 2019","format":false,"excerpt":"Ce 29 octobre 2019, nous allons ce matin au Parc de Vaugrenier qui a pris des couleurs automnales. Nous prenons notre temps \u00e0 marcher, passant d'un rocher \u00e0 un arbre, sans vraiment respecter les all\u00e9es am\u00e9nag\u00e9es. Un peu partout, des champignons ont pouss\u00e9 apr\u00e8s ces derniers jours de pluie. Nous\u2026","rel":"","context":"Dans &quot;Mini baladeur&quot;","block_context":{"text":"Mini baladeur","link":"https:\/\/www.jojoenherbe.com\/index.php\/category\/mini-crapahuteur\/mini-baladeur\/"},"img":{"alt_text":"","src":"https:\/\/i0.wp.com\/www.jojoenherbe.com\/wp-content\/uploads\/2019\/10\/Clathre-rouge-ou-coeur-de-sorci%C3%A8re.jpg?fit=1200%2C900&ssl=1&resize=350%2C200","width":350,"height":200,"srcset":"https:\/\/i0.wp.com\/www.jojoenherbe.com\/wp-content\/uploads\/2019\/10\/Clathre-rouge-ou-coeur-de-sorci%C3%A8re.jpg?fit=1200%2C900&ssl=1&resize=350%2C200 1x, https:\/\/i0.wp.com\/www.jojoenherbe.com\/wp-content\/uploads\/2019\/10\/Clathre-rouge-ou-coeur-de-sorci%C3%A8re.jpg?fit=1200%2C900&ssl=1&resize=525%2C300 1.5x, https:\/\/i0.wp.com\/www.jojoenherbe.com\/wp-content\/uploads\/2019\/10\/Clathre-rouge-ou-coeur-de-sorci%C3%A8re.jpg?fit=1200%2C900&ssl=1&resize=700%2C400 2x, https:\/\/i0.wp.com\/www.jojoenherbe.com\/wp-content\/uploads\/2019\/10\/Clathre-rouge-ou-coeur-de-sorci%C3%A8re.jpg?fit=1200%2C900&ssl=1&resize=1050%2C600 3x"},"classes":[]},{"id":8413,"url":"https:\/\/www.jojoenherbe.com\/index.php\/2019\/11\/10\/des-observations-automnales-a-letang-de-vaugrenier\/","url_meta":{"origin":21979,"position":5},"title":"Des observations automnales \u00e0 l&rsquo;\u00e9tang de Vaugrenier","author":"Jojo","date":"10 novembre 2019","format":false,"excerpt":"Ce 9 novembre 2019, nous allons au parc de Vaugrenier, l'occasion de faire quelques observations d'oiseaux \u00e0 l'\u00e9tang de Vaugrenier. J'en profite pour prendre la photo pour la semaine 45 du Projet 52-2019 de Du c\u00f4t\u00e9 de chez Ma', le th\u00e8me \u00e9tant \"Noir et blanc\": un h\u00e9ron cendr\u00e9. Je retouche\u2026","rel":"","context":"Dans &quot;Mini baladeur&quot;","block_context":{"text":"Mini baladeur","link":"https:\/\/www.jojoenherbe.com\/index.php\/category\/mini-crapahuteur\/mini-baladeur\/"},"img":{"alt_text":"","src":"https:\/\/i0.wp.com\/www.jojoenherbe.com\/wp-content\/uploads\/2019\/11\/H%C3%A9ron-cendr%C3%A9-en-noir-et-blanc.jpg?fit=1200%2C900&ssl=1&resize=350%2C200","width":350,"height":200,"srcset":"https:\/\/i0.wp.com\/www.jojoenherbe.com\/wp-content\/uploads\/2019\/11\/H%C3%A9ron-cendr%C3%A9-en-noir-et-blanc.jpg?fit=1200%2C900&ssl=1&resize=350%2C200 1x, https:\/\/i0.wp.com\/www.jojoenherbe.com\/wp-content\/uploads\/2019\/11\/H%C3%A9ron-cendr%C3%A9-en-noir-et-blanc.jpg?fit=1200%2C900&ssl=1&resize=525%2C300 1.5x, https:\/\/i0.wp.com\/www.jojoenherbe.com\/wp-content\/uploads\/2019\/11\/H%C3%A9ron-cendr%C3%A9-en-noir-et-blanc.jpg?fit=1200%2C900&ssl=1&resize=700%2C400 2x, https:\/\/i0.wp.com\/www.jojoenherbe.com\/wp-content\/uploads\/2019\/11\/H%C3%A9ron-cendr%C3%A9-en-noir-et-blanc.jpg?fit=1200%2C900&ssl=1&resize=1050%2C600 3x"},"classes":[]}],"_links":{"self":[{"href":"https:\/\/www.jojoenherbe.com\/index.php\/wp-json\/wp\/v2\/posts\/21979","targetHints":{"allow":["GET"]}}],"collection":[{"href":"https:\/\/www.jojoenherbe.com\/index.php\/wp-json\/wp\/v2\/posts"}],"about":[{"href":"https:\/\/www.jojoenherbe.com\/index.php\/wp-json\/wp\/v2\/types\/post"}],"author":[{"embeddable":true,"href":"https:\/\/www.jojoenherbe.com\/index.php\/wp-json\/wp\/v2\/users\/1"}],"replies":[{"embeddable":true,"href":"https:\/\/www.jojoenherbe.com\/index.php\/wp-json\/wp\/v2\/comments?post=21979"}],"version-history":[{"count":0,"href":"https:\/\/www.jojoenherbe.com\/index.php\/wp-json\/wp\/v2\/posts\/21979\/revisions"}],"wp:featuredmedia":[{"embeddable":true,"href":"https:\/\/www.jojoenherbe.com\/index.php\/wp-json\/wp\/v2\/media\/21984"}],"wp:attachment":[{"href":"https:\/\/www.jojoenherbe.com\/index.php\/wp-json\/wp\/v2\/media?parent=21979"}],"wp:term":[{"taxonomy":"category","embeddable":true,"href":"https:\/\/www.jojoenherbe.com\/index.php\/wp-json\/wp\/v2\/categories?post=21979"},{"taxonomy":"post_tag","embeddable":true,"href":"https:\/\/www.jojoenherbe.com\/index.php\/wp-json\/wp\/v2\/tags?post=21979"}],"curies":[{"name":"wp","href":"https:\/\/api.w.org\/{rel}","templated":true}]}}