{"id":21809,"date":"2021-10-24T23:30:00","date_gmt":"2021-10-24T21:30:00","guid":{"rendered":"http:\/\/www.jojoenherbe.com\/?p=21809"},"modified":"2022-10-07T10:02:36","modified_gmt":"2022-10-07T08:02:36","slug":"au-fil-des-pages-avec-le-tome-1-de-magic-charly","status":"publish","type":"post","link":"https:\/\/www.jojoenherbe.com\/index.php\/2021\/10\/24\/au-fil-des-pages-avec-le-tome-1-de-magic-charly\/","title":{"rendered":"Au fil des pages avec le tome 1 de Magic Charly"},"content":{"rendered":"<p style=\"text-align: justify;\"><em>Cet \u00e9t\u00e9, j&rsquo;avais lu le tome 1 de la trilogie <span style=\"text-decoration: underline;\">Magic Charly, L&rsquo;apprenti<\/span> d&rsquo;Audrey Alwett (\u00e9d. Gallimard Jeunesse, 2019, 416 pages), un roman jeunesse fantasy \u00e0 partir de 12 ans et avec une magnifique illustration de couverture de Stan Manoukian. C&rsquo;est aussi une lecture commune (T1 et\/ou T2) dans le cadre du Challenge Halloween 2021.<br \/>\n<\/em><\/p>\n<p style=\"text-align: justify;\"><em>Charly Vernier, un adolescent noir de 14 ans vit seul avec sa m\u00e8re \u00e0 Aix-en-Provence, cette derni\u00e8re \u00e9tant la directrice de son \u00e9cole, L&rsquo;\u00e9cole des Allumettes Hurluberlu et son chat blanc. Mais apr\u00e8s 5 ans d&rsquo;absence, sa grand-m\u00e8re maternelle, Dame M\u00e9lisse vient habiter chez eux bien affaiblie, ayant compl\u00e8tement perdu la m\u00e9moire. Le monde de Charly s&rsquo;en trouve alors totalement chamboul\u00e9, ce dernier d\u00e9couvrant tout un pan de son pass\u00e9 depuis longtemps enfoui: il fait partie d&rsquo;une famille de Magiciers.\u00a0 Sa grand-m\u00e8re n&rsquo;est pas devenue s\u00e9nile mais ses souvenirs lui ont \u00e9t\u00e9 vol\u00e9s. Il d\u00e9cide donc d&rsquo;apprendre la magie et devient un apprenti magicier aupr\u00e8s de Ma\u00eetre Lin qui a bien connu Dame M\u00e9lisse. Cela sera-t-il suffisant pour sauver sa grand-m\u00e8re? Heureusement, il pourra compter sur deux \u00e9l\u00e8ves de son \u00e9cole, sa meilleure amie June qui n&rsquo;a pas sa langue dans la poche et qui passe son temps \u00e0 rechercher la meilleure b\u00eatise \u00e0 faire sans craindre les cons\u00e9quences contrairement \u00e0 Charly, plus pos\u00e9 et qui fait tout pour \u00e9viter les conflits et aussi la tr\u00e8s s\u00e9rieuse et myst\u00e9rieuse Sapotille.<\/em><\/p>\n<p style=\"text-align: justify;\"><em>Comme dans tout tome introductif, Audrey Alwett prend le temps de poser le d\u00e9cor tr\u00e8s riche et d\u00e9taill\u00e9 en emmenant le lecteur dans un monde magique \u00e0 la fois dr\u00f4le et fantaisiste, m\u00eame si on sent d\u00e9j\u00e0 un c\u00f4t\u00e9 sombre et inqui\u00e9tant. Avec une imagination foisonnante coupl\u00e9e \u00e0 un vocabulaire d\u00e9jant\u00e9 fait de mots invent\u00e9s et de mots-valises, l&rsquo;autrice fourmille d&rsquo;id\u00e9es magiques farfelues comme par exemple, P\u00e9pouze, une serpilli\u00e8re anim\u00e9e qu&rsquo;on voudrait bien aussi adopter, des grimoires volants ou des citrolles pour se d\u00e9placer ou bien encore des gourmandises magiques qu&rsquo;on d\u00e9gusterait bien comme des beignets de pr\u00e9diction avec beaucoup de sucr\u00e9tincelle, des apocachips, des croissoleils ou m\u00eame des madeleines de r\u00e9confort. On retrouve certes des allusions plus ou moins prononc\u00e9es \u00e0 Harry Potter ou au Disque-Monde mais Audrey Alwett a su cr\u00e9er un univers bien \u00e0 elle, ce qu&rsquo;elle avait d\u00e9j\u00e0 fait en tant que sc\u00e9nariste de <span style=\"text-decoration: underline;\">Princesse Sara<\/span>, une BD jeunesse.\u00a0<\/em><\/p>\n<p style=\"text-align: justify;\"><em>Puis\u00a0 l&rsquo;histoire s&rsquo;acc\u00e9l\u00e8re et j&rsquo;encha\u00eene alors les chapitres, d\u00e9couvrant comme Charly avec enthousiasme ou inqui\u00e9tude le monde bien codifi\u00e9 des Magiciers comme peut l\u2019\u00eatre celui des qui\u00e9tons (ceux qui vivent sans magie et sans m\u00eame conna\u00eetre son existence). Il est ainsi question de qu\u00eate initiatique, d&rsquo;amiti\u00e9, de secrets de famille et de complots. D&rsquo;autre part, au-del\u00e0 de la dimension magique, ce premier tome aborde des questions soci\u00e9tales comme par exemple les d\u00e9rives du pouvoir politico-judiciaire, le march\u00e9 parall\u00e8le de magie qui est pr\u00e9sent\u00e9e comme une ressource rare, les in\u00e9galit\u00e9s de classe ou bien encore la mort, la vieillesse&#8230;<\/em><\/p>\n<p style=\"text-align: justify;\"><em>Un tr\u00e8s bon moment de lecture en compagnie d&rsquo;un trio d&rsquo;adolescents attachants et qui se termine en plein suspense! Au passage, je coche la case 12 \u00ab French touch \u00bb du <a href=\"http:\/\/www.jojoenherbe.com\/index.php\/2021\/10\/06\/le-haunted-reading-bingo-du-challenge-halloween-2021\/\">bingo<\/a> puisque l&rsquo;histoire se passe dans la ville revisit\u00e9e d&rsquo;Aix-en-Provence et dans une ville fictive de Bretagne, Thadam. Le troisi\u00e8me et dernier tome, <span style=\"text-decoration: underline;\">Apr\u00e8s tout, le d\u00e9luge<\/span> est pr\u00e9vu pour septembre 2022. Mais avant cela, je consacrerai, dimanche prochain, un billet au <a href=\"https:\/\/www.jojoenherbe.com\/index.php\/2022\/10\/07\/au-fil-des-pages-avec-le-tome-2-de-magic-charly\/\">tome 2<\/a>, <span style=\"text-decoration: underline;\">Bienvenue \u00e0 Saint-Fouettard<\/span> lu ce mois-ci.\u00a0<\/em><\/p>\n<p style=\"text-align: justify;\"><em>Pour d&rsquo;autres avis sur le tome 1: <a href=\"https:\/\/www.laplanquealibellules.fr\/2021\/10\/challeng-halloween-7-lc-magic-charly.html\/\">Chicky Poo<\/a>, Tiphanya (<a href=\"https:\/\/www.instagram.com\/p\/CVixHsxMIxc\/\">IG<\/a>), <a href=\"https:\/\/lelivroblog.wordpress.com\/2021\/10\/29\/audrey-alwett-magic-charly-lapprenti-1\/\">Hilde<\/a>, Blandine (et son trio) et Lou.<br \/>\n<\/em><\/p>\n<div style=\"width: 127px\" class=\"wp-caption alignleft\"><img loading=\"lazy\" decoding=\"async\" data-attachment-id=\"2740\" data-permalink=\"https:\/\/www.jojoenherbe.com\/index.php\/2011\/08\/30\/tour-du-mont-bego-bis-repetita-placent\/tour-du-mont-bego-24-2\/\" data-orig-file=\"https:\/\/i0.wp.com\/www.jojoenherbe.com\/wp-content\/uploads\/2011\/08\/Tour-du-Mont-Bego-24.jpg?fit=2048%2C1536&amp;ssl=1\" data-orig-size=\"2048,1536\" data-comments-opened=\"1\" data-image-meta=\"{&quot;aperture&quot;:&quot;7.6&quot;,&quot;credit&quot;:&quot;&quot;,&quot;camera&quot;:&quot;COOLPIX S5100&quot;,&quot;caption&quot;:&quot;&quot;,&quot;created_timestamp&quot;:&quot;1314438064&quot;,&quot;copyright&quot;:&quot;&quot;,&quot;focal_length&quot;:&quot;5&quot;,&quot;iso&quot;:&quot;100&quot;,&quot;shutter_speed&quot;:&quot;0.004&quot;,&quot;title&quot;:&quot;&quot;,&quot;orientation&quot;:&quot;1&quot;}\" data-image-title=\"Tour du Mont Bego 24\" data-image-description=\"\" data-image-caption=\"\" data-large-file=\"https:\/\/i0.wp.com\/www.jojoenherbe.com\/wp-content\/uploads\/2011\/08\/Tour-du-Mont-Bego-24.jpg?fit=676%2C507&amp;ssl=1\" src=\"https:\/\/lelivroblog.files.wordpress.com\/2021\/09\/marko-blazevic-s7mangnwv1a-unsplash-04.jpg?resize=117%2C117\" srcset=\"https:\/\/lelivroblog.files.wordpress.com\/2021\/09\/marko-blazevic-s7mangnwv1a-unsplash-04.jpg?resize=117%2C117?strip=info&amp;w=600 600w,https:\/\/lelivroblog.files.wordpress.com\/2021\/09\/marko-blazevic-s7mangnwv1a-unsplash-04.jpg?resize=117%2C117?strip=info&amp;w=900 900w,https:\/\/lelivroblog.files.wordpress.com\/2021\/09\/marko-blazevic-s7mangnwv1a-unsplash-04.jpg?resize=117%2C117?strip=info&amp;w=1200 1200w,https:\/\/lelivroblog.files.wordpress.com\/2021\/09\/marko-blazevic-s7mangnwv1a-unsplash-04.jpg?resize=117%2C117?strip=info&amp;w=1500 1500w,https:\/\/lelivroblog.files.wordpress.com\/2021\/09\/marko-blazevic-s7mangnwv1a-unsplash-04.jpg?resize=117%2C117?strip=info&amp;w=1800 1800w,https:\/\/lelivroblog.files.wordpress.com\/2021\/09\/marko-blazevic-s7mangnwv1a-unsplash-04.jpg?resize=117%2C117?strip=info&amp;w=2000 2000w\" alt=\"\" width=\"117\" height=\"117\" data-attachment-id=\"2740\" data-permalink=\"http:\/\/www.jojoenherbe.com\/index.php\/2011\/08\/30\/tour-du-mont-bego-bis-repetita-placent\/tour-du-mont-bego-24-2\/\" data-orig-file=\"https:\/\/i0.wp.com\/www.jojoenherbe.com\/wp-content\/uploads\/2011\/08\/Tour-du-Mont-Bego-24.jpg?fit=2048%2C1536\" data-orig-size=\"2048,1536\" data-comments-opened=\"1\" data-image-meta=\"{&quot;aperture&quot;:&quot;7.6&quot;,&quot;credit&quot;:&quot;&quot;,&quot;camera&quot;:&quot;COOLPIX S5100&quot;,&quot;caption&quot;:&quot;&quot;,&quot;created_timestamp&quot;:&quot;1314438064&quot;,&quot;copyright&quot;:&quot;&quot;,&quot;focal_length&quot;:&quot;5&quot;,&quot;iso&quot;:&quot;100&quot;,&quot;shutter_speed&quot;:&quot;0.004&quot;,&quot;title&quot;:&quot;&quot;,&quot;orientation&quot;:&quot;1&quot;}\" data-image-title=\"Tour du Mont Bego 24\" data-image-description=\"\" data-image-caption=\"\" data-medium-file=\"https:\/\/i0.wp.com\/www.jojoenherbe.com\/wp-content\/uploads\/2011\/08\/Tour-du-Mont-Bego-24.jpg?fit=300%2C225\" data-large-file=\"https:\/\/i0.wp.com\/www.jojoenherbe.com\/wp-content\/uploads\/2011\/08\/Tour-du-Mont-Bego-24.jpg?fit=676%2C507\" data-height=\"2995\" data-id=\"2740\" data-link=\"https:\/\/lelivroblog.wordpress.com\/?attachment_id=2740\" data-url=\"https:\/\/lelivroblog.files.wordpress.com\/2021\/09\/marko-blazevic-s7mangnwv1a-unsplash-04.jpg?resize=117%2C117?w=736\" data-width=\"2996\" data-amp-layout=\"responsive\" data-recalc-dims=\"1\" \/><p class=\"wp-caption-text\">Participation #15 au Challenge Halloween 2021 de <a href=\"https:\/\/lelivroblog.wordpress.com\/2021\/09\/07\/le-challenge-halloween-2021\/\">Hilde<\/a> et <a href=\"http:\/\/www.myloubook.com\/2021\/09\/07\/le-challenge-halloween-2021\/\">Lou<\/a> #Roman jeunesse et case 12 du bingo<\/p><\/div>\n<div style=\"width: 118px\" class=\"wp-caption alignleft\"><img loading=\"lazy\" decoding=\"async\" data-attachment-id=\"3255\" data-permalink=\"https:\/\/www.jojoenherbe.com\/index.php\/2011\/08\/07\/face-a-limmensite-des-icebergs-de-jokulsarlon\/jokulsarlon-2\/\" data-orig-file=\"https:\/\/i0.wp.com\/www.jojoenherbe.com\/wp-content\/uploads\/2011\/08\/J%C3%B6kulsarlon-2.jpg?fit=1536%2C2048&amp;ssl=1\" data-orig-size=\"1536,2048\" data-comments-opened=\"1\" data-image-meta=\"{&quot;aperture&quot;:&quot;9.6&quot;,&quot;credit&quot;:&quot;&quot;,&quot;camera&quot;:&quot;COOLPIX S5100&quot;,&quot;caption&quot;:&quot;&quot;,&quot;created_timestamp&quot;:&quot;1311594913&quot;,&quot;copyright&quot;:&quot;&quot;,&quot;focal_length&quot;:&quot;8.3&quot;,&quot;iso&quot;:&quot;100&quot;,&quot;shutter_speed&quot;:&quot;0.00625&quot;,&quot;title&quot;:&quot;&quot;,&quot;orientation&quot;:&quot;1&quot;}\" data-image-title=\"J\u00f6kulsarlon 2\" data-image-description=\"\" data-image-caption=\"\" data-large-file=\"https:\/\/i0.wp.com\/www.jojoenherbe.com\/wp-content\/uploads\/2011\/08\/J%C3%B6kulsarlon-2.jpg?fit=676%2C901&amp;ssl=1\" src=\"https:\/\/lelivroblog.files.wordpress.com\/2021\/10\/plumes-feminines-dautomne.jpeg?resize=108%2C108\" srcset=\"https:\/\/lelivroblog.files.wordpress.com\/2021\/10\/plumes-feminines-dautomne.jpeg?resize=108%2C108?strip=info&amp;w=600 600w,https:\/\/lelivroblog.files.wordpress.com\/2021\/10\/plumes-feminines-dautomne.jpeg?resize=108%2C108?strip=info&amp;w=900 900w,https:\/\/lelivroblog.files.wordpress.com\/2021\/10\/plumes-feminines-dautomne.jpeg?resize=108%2C108?strip=info&amp;w=1200 1200w,https:\/\/lelivroblog.files.wordpress.com\/2021\/10\/plumes-feminines-dautomne.jpeg?resize=108%2C108?strip=info&amp;w=1500 1500w,https:\/\/lelivroblog.files.wordpress.com\/2021\/10\/plumes-feminines-dautomne.jpeg?resize=108%2C108?strip=info&amp;w=1800 1800w,https:\/\/lelivroblog.files.wordpress.com\/2021\/10\/plumes-feminines-dautomne.jpeg?resize=108%2C108?strip=info&amp;w=2000 2000w\" alt=\"\" width=\"108\" height=\"108\" data-attachment-id=\"3255\" data-permalink=\"http:\/\/www.jojoenherbe.com\/index.php\/2011\/08\/07\/face-a-limmensite-des-icebergs-de-jokulsarlon\/jokulsarlon-2\/\" data-orig-file=\"https:\/\/i0.wp.com\/www.jojoenherbe.com\/wp-content\/uploads\/2011\/08\/J\u00f6kulsarlon-2.jpg?fit=1536%2C2048\" data-orig-size=\"1536,2048\" data-comments-opened=\"1\" data-image-meta=\"{&quot;aperture&quot;:&quot;9.6&quot;,&quot;credit&quot;:&quot;&quot;,&quot;camera&quot;:&quot;COOLPIX S5100&quot;,&quot;caption&quot;:&quot;&quot;,&quot;created_timestamp&quot;:&quot;1311594913&quot;,&quot;copyright&quot;:&quot;&quot;,&quot;focal_length&quot;:&quot;8.3&quot;,&quot;iso&quot;:&quot;100&quot;,&quot;shutter_speed&quot;:&quot;0.00625&quot;,&quot;title&quot;:&quot;&quot;,&quot;orientation&quot;:&quot;1&quot;}\" data-image-title=\"J\u00f6kulsarlon 2\" data-image-description=\"\" data-image-caption=\"\" data-medium-file=\"https:\/\/i0.wp.com\/www.jojoenherbe.com\/wp-content\/uploads\/2011\/08\/J\u00f6kulsarlon-2.jpg?fit=225%2C300\" data-large-file=\"https:\/\/i0.wp.com\/www.jojoenherbe.com\/wp-content\/uploads\/2011\/08\/J\u00f6kulsarlon-2.jpg?fit=676%2C901\" data-height=\"3622\" data-id=\"3255\" data-link=\"https:\/\/lelivroblog.wordpress.com\/plumes-feminines-dautomne-2\/\" data-url=\"https:\/\/lelivroblog.files.wordpress.com\/2021\/10\/plumes-feminines-dautomne.jpeg?resize=108%2C108?w=736\" data-width=\"3621\" data-amp-layout=\"responsive\" data-recalc-dims=\"1\" \/><p class=\"wp-caption-text\">Participation #65 au Challenge Lire au f\u00e9minin de <a href=\"https:\/\/avenuereinemathilde.com\/challenge-lire-au-feminin-2021\/\">Tiphanya<\/a> #Autrice fran\u00e7aise<\/p><\/div>\n<div style=\"width: 135px\" class=\"wp-caption alignleft\"><img loading=\"lazy\" decoding=\"async\" class=\"nonealign widthoriginal\" src=\"https:\/\/i0.wp.com\/p4.storage.canalblog.com\/40\/68\/1394281\/128273873.png?resize=103%2C75&amp;ssl=1\" alt=\"\" width=\"125\" height=\"91\" border=\"0\" data-recalc-dims=\"1\" \/><p class=\"wp-caption-text\">Participation #69 Challenge Des livres (et des \u00e9crans) en cuisine de <a href=\"https:\/\/mapetitemediatheque.fr\/2020\/12\/des-livres-et-des-ecrans-en-cuisine-2021\/\">Bidib<\/a> et <a href=\"http:\/\/croquerlespages.canalblog.com\/archives\/2020\/12\/20\/38715076.html\">Fondant<\/a> #Gourmandises magiques<\/p><\/div>\n","protected":false},"excerpt":{"rendered":"<p>Cet \u00e9t\u00e9, j&rsquo;avais lu le tome 1 de la trilogie Magic Charly, L&rsquo;apprenti d&rsquo;Audrey Alwett (\u00e9d. Gallimard Jeunesse, 2019, 416 pages), un roman jeunesse fantasy \u00e0 partir de 12 ans et avec une magnifique illustration de couverture de Stan Manoukian. C&rsquo;est aussi une lecture commune (T1 et\/ou T2) dans le cadre du Challenge Halloween 2021. [&hellip;]<\/p>\n","protected":false},"author":1,"featured_media":21812,"comment_status":"open","ping_status":"open","sticky":false,"template":"","format":"standard","meta":{"jetpack_post_was_ever_published":false,"_jetpack_newsletter_access":"","_jetpack_dont_email_post_to_subs":false,"_jetpack_newsletter_tier_id":0,"_jetpack_memberships_contains_paywalled_content":false,"_jetpack_memberships_contains_paid_content":false,"footnotes":""},"categories":[363],"tags":[1485,386,377,1342,601,2026,1854,2019,740,459,843,870,538,367,2111,2797,727,1179,1229,1275,1543,1177,2825,789,1330],"class_list":["post-21809","post","type-post","status-publish","format-standard","has-post-thumbnail","hentry","category-mini-lecteur","tag-13-16-ans","tag-amitie","tag-apprentissage","tag-audrey-alwett","tag-aventure","tag-challenge-halloween-2021","tag-complot","tag-des-livres-et-des-ecrans-en-cuisine-2021","tag-ecole","tag-famille","tag-fantastique","tag-fantasy","tag-humour","tag-lecture-jeunesse","tag-lire-au-feminin-2021","tag-magic-charly","tag-magie","tag-mystere","tag-orphelin","tag-quete","tag-quete-initiatique","tag-roman-initiatique","tag-romans-ado","tag-romans-jeunesse","tag-secrets-de-famille","post-preview"],"jetpack_featured_media_url":"https:\/\/i0.wp.com\/www.jojoenherbe.com\/wp-content\/uploads\/2021\/10\/Magic-Charly-T1-scaled.jpg?fit=2560%2C2020&ssl=1","jetpack_sharing_enabled":true,"jetpack_shortlink":"https:\/\/wp.me\/p9zhGx-5FL","jetpack_likes_enabled":true,"jetpack-related-posts":[{"id":21505,"url":"https:\/\/www.jojoenherbe.com\/index.php\/2022\/10\/07\/au-fil-des-pages-avec-le-tome-2-de-magic-charly\/","url_meta":{"origin":21809,"position":0},"title":"Au fil des pages avec le tome 2 de Magic Charly","author":"Jojo","date":"7 octobre 2022","format":false,"excerpt":"Apr\u00e8s avoir lu pendant l'\u00e9t\u00e9 2021 le tome 1, j'avais lu en septembre\/octobre 2021, pour une lecture commune du challenge Halloween 2021, le tome 2 de Magic Charly, Bienvenue \u00e0 Saint-Fouettard d\u2019Audrey Alwett (\u00e9d. Gallimard Jeunesse, 2021, 523 pages), un roman jeunesse fantasy \u00e0 partir de 12 ans et avec\u2026","rel":"","context":"Dans &quot;Mini lecteur&quot;","block_context":{"text":"Mini lecteur","link":"https:\/\/www.jojoenherbe.com\/index.php\/category\/mini-lecteur\/"},"img":{"alt_text":"","src":"https:\/\/i0.wp.com\/www.jojoenherbe.com\/wp-content\/uploads\/2021\/09\/Magic-Charly-T2-scaled.jpg?fit=1200%2C904&ssl=1&resize=350%2C200","width":350,"height":200,"srcset":"https:\/\/i0.wp.com\/www.jojoenherbe.com\/wp-content\/uploads\/2021\/09\/Magic-Charly-T2-scaled.jpg?fit=1200%2C904&ssl=1&resize=350%2C200 1x, https:\/\/i0.wp.com\/www.jojoenherbe.com\/wp-content\/uploads\/2021\/09\/Magic-Charly-T2-scaled.jpg?fit=1200%2C904&ssl=1&resize=525%2C300 1.5x, https:\/\/i0.wp.com\/www.jojoenherbe.com\/wp-content\/uploads\/2021\/09\/Magic-Charly-T2-scaled.jpg?fit=1200%2C904&ssl=1&resize=700%2C400 2x, https:\/\/i0.wp.com\/www.jojoenherbe.com\/wp-content\/uploads\/2021\/09\/Magic-Charly-T2-scaled.jpg?fit=1200%2C904&ssl=1&resize=1050%2C600 3x"},"classes":[]},{"id":32659,"url":"https:\/\/www.jojoenherbe.com\/index.php\/2023\/10\/16\/point-lecture-hebdomadaire-2023-41\/","url_meta":{"origin":21809,"position":1},"title":"Point lecture hebdomadaire 2023 #41","author":"Jojo","date":"16 octobre 2023","format":false,"excerpt":"En ce d\u00e9but de semaine, voici notre point lecture hebdomadaire avec un retour sur nos lectures de la semaine derni\u00e8re (mais pas nos relectures) m\u00eame si j'en ai d\u00e9j\u00e0 parl\u00e9 de certaines lors du RAT d'Halloween. Nos lectures du 9 au 15 octobre 2023: Des lectures jeunesse: Toute cette semaine,\u2026","rel":"","context":"Dans &quot;Mini blogueur&quot;","block_context":{"text":"Mini blogueur","link":"https:\/\/www.jojoenherbe.com\/index.php\/category\/mini-blogueur\/"},"img":{"alt_text":"","src":"https:\/\/i0.wp.com\/www.jojoenherbe.com\/wp-content\/uploads\/2023\/10\/Point-lecture-hebdomadaire-2023-41-scaled.jpg?fit=1200%2C818&ssl=1&resize=350%2C200","width":350,"height":200,"srcset":"https:\/\/i0.wp.com\/www.jojoenherbe.com\/wp-content\/uploads\/2023\/10\/Point-lecture-hebdomadaire-2023-41-scaled.jpg?fit=1200%2C818&ssl=1&resize=350%2C200 1x, https:\/\/i0.wp.com\/www.jojoenherbe.com\/wp-content\/uploads\/2023\/10\/Point-lecture-hebdomadaire-2023-41-scaled.jpg?fit=1200%2C818&ssl=1&resize=525%2C300 1.5x, https:\/\/i0.wp.com\/www.jojoenherbe.com\/wp-content\/uploads\/2023\/10\/Point-lecture-hebdomadaire-2023-41-scaled.jpg?fit=1200%2C818&ssl=1&resize=700%2C400 2x, https:\/\/i0.wp.com\/www.jojoenherbe.com\/wp-content\/uploads\/2023\/10\/Point-lecture-hebdomadaire-2023-41-scaled.jpg?fit=1200%2C818&ssl=1&resize=1050%2C600 3x"},"classes":[]},{"id":21011,"url":"https:\/\/www.jojoenherbe.com\/index.php\/2021\/09\/27\/point-lecture-hebdomadaire-8\/","url_meta":{"origin":21809,"position":2},"title":"Point lecture hebdomadaire #8","author":"Jojo","date":"27 septembre 2021","format":false,"excerpt":"En ce d\u00e9but de semaine, voici notre point lecture hebdomadaire avec un retour sur nos lectures de la semaine derni\u00e8re, celle en cours et sans doute nos prochaines, ponctu\u00e9es de passages \u00e0 la librairie et \u00e0 la m\u00e9diath\u00e8que. Nos lectures du 20 au 26 septembre 2021: Des albums jeunesse: Nous\u2026","rel":"","context":"Dans &quot;Mini blogueur&quot;","block_context":{"text":"Mini blogueur","link":"https:\/\/www.jojoenherbe.com\/index.php\/category\/mini-blogueur\/"},"img":{"alt_text":"","src":"https:\/\/i0.wp.com\/www.jojoenherbe.com\/wp-content\/uploads\/2021\/09\/point-lecture-hebdo-8-scaled.jpg?fit=1200%2C900&ssl=1&resize=350%2C200","width":350,"height":200,"srcset":"https:\/\/i0.wp.com\/www.jojoenherbe.com\/wp-content\/uploads\/2021\/09\/point-lecture-hebdo-8-scaled.jpg?fit=1200%2C900&ssl=1&resize=350%2C200 1x, https:\/\/i0.wp.com\/www.jojoenherbe.com\/wp-content\/uploads\/2021\/09\/point-lecture-hebdo-8-scaled.jpg?fit=1200%2C900&ssl=1&resize=525%2C300 1.5x, https:\/\/i0.wp.com\/www.jojoenherbe.com\/wp-content\/uploads\/2021\/09\/point-lecture-hebdo-8-scaled.jpg?fit=1200%2C900&ssl=1&resize=700%2C400 2x, https:\/\/i0.wp.com\/www.jojoenherbe.com\/wp-content\/uploads\/2021\/09\/point-lecture-hebdo-8-scaled.jpg?fit=1200%2C900&ssl=1&resize=1050%2C600 3x"},"classes":[]},{"id":36490,"url":"https:\/\/www.jojoenherbe.com\/index.php\/2024\/06\/20\/throwback-thursday-livresque-un-tome-2\/","url_meta":{"origin":21809,"position":3},"title":"Throwback Thursday Livresque: Un tome 2","author":"Jojo","date":"20 juin 2024","format":false,"excerpt":"Ce jeudi 20 juin 2024, je participe au Throwback Thursday Livresque, un rendez-vous livresque initialement chez Bettie Rose Books et repris depuis par Carole, les liens \u00e9tant \u00e0 d\u00e9poser chez My-Bo0ks. Le principe est de partager chaque jeudi un livre en fonction d\u2019un th\u00e8me donn\u00e9. Cette semaine, le th\u00e8me est\u2026","rel":"","context":"Dans &quot;Mini blogueur&quot;","block_context":{"text":"Mini blogueur","link":"https:\/\/www.jojoenherbe.com\/index.php\/category\/mini-blogueur\/"},"img":{"alt_text":"","src":"https:\/\/i0.wp.com\/www.jojoenherbe.com\/wp-content\/uploads\/2023\/10\/TTL-logo.jpg?resize=350%2C200","width":350,"height":200},"classes":[]},{"id":20696,"url":"https:\/\/www.jojoenherbe.com\/index.php\/2021\/11\/13\/notre-selection-sorcieres-pour-le-challenge-halloween-2021\/","url_meta":{"origin":21809,"position":4},"title":"Notre s\u00e9lection \u00ab\u00a0Sorci\u00e8res\u00a0\u00bb pour le Challenge Halloween 2021","author":"Jojo","date":"13 novembre 2021","format":false,"excerpt":"J'avais pr\u00e9vu de nombreuses lectures sur la th\u00e9matique \"Sorci\u00e8res\" et j'ai eu envie de les regrouper, comme l'ann\u00e9e derni\u00e8re, sous un billet commun. Alors voici notre s\u00e9lection \"Sorci\u00e8res\" qui a \u00e9volu\u00e9 au-fur-et-\u00e0-mesure de nos lectures de cette nouvelle \u00e9dition du Challenge Halloween organis\u00e9 par Hilde et Lou. Au passage, je\u2026","rel":"","context":"Dans &quot;Mini lecteur&quot;","block_context":{"text":"Mini lecteur","link":"https:\/\/www.jojoenherbe.com\/index.php\/category\/mini-lecteur\/"},"img":{"alt_text":"","src":"https:\/\/i0.wp.com\/www.jojoenherbe.com\/wp-content\/uploads\/2021\/09\/Selection-Sorcieres-2-scaled.jpg?fit=1200%2C633&ssl=1&resize=350%2C200","width":350,"height":200,"srcset":"https:\/\/i0.wp.com\/www.jojoenherbe.com\/wp-content\/uploads\/2021\/09\/Selection-Sorcieres-2-scaled.jpg?fit=1200%2C633&ssl=1&resize=350%2C200 1x, https:\/\/i0.wp.com\/www.jojoenherbe.com\/wp-content\/uploads\/2021\/09\/Selection-Sorcieres-2-scaled.jpg?fit=1200%2C633&ssl=1&resize=525%2C300 1.5x, https:\/\/i0.wp.com\/www.jojoenherbe.com\/wp-content\/uploads\/2021\/09\/Selection-Sorcieres-2-scaled.jpg?fit=1200%2C633&ssl=1&resize=700%2C400 2x, https:\/\/i0.wp.com\/www.jojoenherbe.com\/wp-content\/uploads\/2021\/09\/Selection-Sorcieres-2-scaled.jpg?fit=1200%2C633&ssl=1&resize=1050%2C600 3x"},"classes":[]},{"id":20684,"url":"https:\/\/www.jojoenherbe.com\/index.php\/2021\/09\/15\/billet-de-suivi-challenge-halloween-2021\/","url_meta":{"origin":21809,"position":5},"title":"Billet de suivi: Challenge Halloween 2021","author":"Jojo","date":"15 septembre 2021","format":false,"excerpt":"Je participe \u00e0 nouveau cette ann\u00e9e au Challenge Halloween organis\u00e9 par Hilde et Lou et qui se d\u00e9roule du 15 septembre au 15 novembre 2021. D\u00e8s le 15 septembre, elles ouvrent les portes de leur manoir pour deux mois halloweenesques. Le challenge commence en douceur par un d\u00e9poussi\u00e9rage de PAL\u2026","rel":"","context":"Dans &quot;Mini challenger&quot;","block_context":{"text":"Mini challenger","link":"https:\/\/www.jojoenherbe.com\/index.php\/category\/mini-challenger\/"},"img":{"alt_text":"","src":"https:\/\/i0.wp.com\/www.jojoenherbe.com\/wp-content\/uploads\/2021\/09\/logo-halloween-03.jpeg?fit=1200%2C1200&ssl=1&resize=350%2C200","width":350,"height":200,"srcset":"https:\/\/i0.wp.com\/www.jojoenherbe.com\/wp-content\/uploads\/2021\/09\/logo-halloween-03.jpeg?fit=1200%2C1200&ssl=1&resize=350%2C200 1x, https:\/\/i0.wp.com\/www.jojoenherbe.com\/wp-content\/uploads\/2021\/09\/logo-halloween-03.jpeg?fit=1200%2C1200&ssl=1&resize=525%2C300 1.5x, https:\/\/i0.wp.com\/www.jojoenherbe.com\/wp-content\/uploads\/2021\/09\/logo-halloween-03.jpeg?fit=1200%2C1200&ssl=1&resize=700%2C400 2x, https:\/\/i0.wp.com\/www.jojoenherbe.com\/wp-content\/uploads\/2021\/09\/logo-halloween-03.jpeg?fit=1200%2C1200&ssl=1&resize=1050%2C600 3x"},"classes":[]}],"_links":{"self":[{"href":"https:\/\/www.jojoenherbe.com\/index.php\/wp-json\/wp\/v2\/posts\/21809","targetHints":{"allow":["GET"]}}],"collection":[{"href":"https:\/\/www.jojoenherbe.com\/index.php\/wp-json\/wp\/v2\/posts"}],"about":[{"href":"https:\/\/www.jojoenherbe.com\/index.php\/wp-json\/wp\/v2\/types\/post"}],"author":[{"embeddable":true,"href":"https:\/\/www.jojoenherbe.com\/index.php\/wp-json\/wp\/v2\/users\/1"}],"replies":[{"embeddable":true,"href":"https:\/\/www.jojoenherbe.com\/index.php\/wp-json\/wp\/v2\/comments?post=21809"}],"version-history":[{"count":1,"href":"https:\/\/www.jojoenherbe.com\/index.php\/wp-json\/wp\/v2\/posts\/21809\/revisions"}],"predecessor-version":[{"id":28052,"href":"https:\/\/www.jojoenherbe.com\/index.php\/wp-json\/wp\/v2\/posts\/21809\/revisions\/28052"}],"wp:featuredmedia":[{"embeddable":true,"href":"https:\/\/www.jojoenherbe.com\/index.php\/wp-json\/wp\/v2\/media\/21812"}],"wp:attachment":[{"href":"https:\/\/www.jojoenherbe.com\/index.php\/wp-json\/wp\/v2\/media?parent=21809"}],"wp:term":[{"taxonomy":"category","embeddable":true,"href":"https:\/\/www.jojoenherbe.com\/index.php\/wp-json\/wp\/v2\/categories?post=21809"},{"taxonomy":"post_tag","embeddable":true,"href":"https:\/\/www.jojoenherbe.com\/index.php\/wp-json\/wp\/v2\/tags?post=21809"}],"curies":[{"name":"wp","href":"https:\/\/api.w.org\/{rel}","templated":true}]}}