{"id":20563,"date":"2023-06-30T11:31:31","date_gmt":"2023-06-30T09:31:31","guid":{"rendered":"http:\/\/www.jojoenherbe.com\/?p=20563"},"modified":"2023-12-31T13:15:09","modified_gmt":"2023-12-31T12:15:09","slug":"au-fil-des-pages-avec-la-fileuse-de-brume","status":"publish","type":"post","link":"https:\/\/www.jojoenherbe.com\/index.php\/2023\/06\/30\/au-fil-des-pages-avec-la-fileuse-de-brume\/","title":{"rendered":"Au fil des pages avec La fileuse de brume"},"content":{"rendered":"<p style=\"text-align: justify;\"><em><a href=\"https:\/\/i0.wp.com\/www.jojoenherbe.com\/wp-content\/uploads\/2023\/06\/La-fileuse-de-brume-2-scaled.jpg\"><img data-recalc-dims=\"1\" loading=\"lazy\" decoding=\"async\" data-attachment-id=\"31236\" data-permalink=\"https:\/\/www.jojoenherbe.com\/index.php\/2023\/06\/30\/au-fil-des-pages-avec-la-fileuse-de-brume\/la-fileuse-de-brume-2\/\" data-orig-file=\"https:\/\/i0.wp.com\/www.jojoenherbe.com\/wp-content\/uploads\/2023\/06\/La-fileuse-de-brume-2-scaled.jpg?fit=2560%2C2018&amp;ssl=1\" data-orig-size=\"2560,2018\" data-comments-opened=\"1\" data-image-meta=\"{&quot;aperture&quot;:&quot;1.8&quot;,&quot;credit&quot;:&quot;&quot;,&quot;camera&quot;:&quot;iPhone 7&quot;,&quot;caption&quot;:&quot;&quot;,&quot;created_timestamp&quot;:&quot;1627049193&quot;,&quot;copyright&quot;:&quot;&quot;,&quot;focal_length&quot;:&quot;3.99&quot;,&quot;iso&quot;:&quot;64&quot;,&quot;shutter_speed&quot;:&quot;0.058823529411765&quot;,&quot;title&quot;:&quot;&quot;,&quot;orientation&quot;:&quot;1&quot;}\" data-image-title=\"La fileuse de brume 2\" data-image-description=\"\" data-image-caption=\"\" data-large-file=\"https:\/\/i0.wp.com\/www.jojoenherbe.com\/wp-content\/uploads\/2023\/06\/La-fileuse-de-brume-2-scaled.jpg?fit=676%2C533&amp;ssl=1\" class=\"alignleft size-thumbnail wp-image-31236\" src=\"https:\/\/i0.wp.com\/www.jojoenherbe.com\/wp-content\/uploads\/2023\/06\/La-fileuse-de-brume-2.jpg?resize=150%2C150\" alt=\"\" width=\"150\" height=\"150\" srcset=\"https:\/\/i0.wp.com\/www.jojoenherbe.com\/wp-content\/uploads\/2023\/06\/La-fileuse-de-brume-2-scaled.jpg?resize=150%2C150&amp;ssl=1 150w, https:\/\/i0.wp.com\/www.jojoenherbe.com\/wp-content\/uploads\/2023\/06\/La-fileuse-de-brume-2-scaled.jpg?zoom=2&amp;resize=150%2C150 300w, https:\/\/i0.wp.com\/www.jojoenherbe.com\/wp-content\/uploads\/2023\/06\/La-fileuse-de-brume-2-scaled.jpg?zoom=3&amp;resize=150%2C150 450w\" sizes=\"auto, (max-width: 150px) 100vw, 150px\" \/><\/a> <a href=\"https:\/\/i0.wp.com\/www.jojoenherbe.com\/wp-content\/uploads\/2023\/06\/La-fileuse-de-brume-3-scaled.jpg\"><img data-recalc-dims=\"1\" loading=\"lazy\" decoding=\"async\" data-attachment-id=\"31237\" data-permalink=\"https:\/\/www.jojoenherbe.com\/index.php\/2023\/06\/30\/au-fil-des-pages-avec-la-fileuse-de-brume\/la-fileuse-de-brume-3\/\" data-orig-file=\"https:\/\/i0.wp.com\/www.jojoenherbe.com\/wp-content\/uploads\/2023\/06\/La-fileuse-de-brume-3-scaled.jpg?fit=1920%2C2560&amp;ssl=1\" data-orig-size=\"1920,2560\" data-comments-opened=\"1\" data-image-meta=\"{&quot;aperture&quot;:&quot;1.8&quot;,&quot;credit&quot;:&quot;&quot;,&quot;camera&quot;:&quot;iPhone 7&quot;,&quot;caption&quot;:&quot;&quot;,&quot;created_timestamp&quot;:&quot;1627049217&quot;,&quot;copyright&quot;:&quot;&quot;,&quot;focal_length&quot;:&quot;3.99&quot;,&quot;iso&quot;:&quot;80&quot;,&quot;shutter_speed&quot;:&quot;0.058823529411765&quot;,&quot;title&quot;:&quot;&quot;,&quot;orientation&quot;:&quot;1&quot;}\" data-image-title=\"La fileuse de brume 3\" data-image-description=\"\" data-image-caption=\"\" data-large-file=\"https:\/\/i0.wp.com\/www.jojoenherbe.com\/wp-content\/uploads\/2023\/06\/La-fileuse-de-brume-3-scaled.jpg?fit=676%2C901&amp;ssl=1\" class=\"alignleft size-thumbnail wp-image-31237\" src=\"https:\/\/i0.wp.com\/www.jojoenherbe.com\/wp-content\/uploads\/2023\/06\/La-fileuse-de-brume-3.jpg?resize=150%2C150\" alt=\"\" width=\"150\" height=\"150\" srcset=\"https:\/\/i0.wp.com\/www.jojoenherbe.com\/wp-content\/uploads\/2023\/06\/La-fileuse-de-brume-3-scaled.jpg?resize=150%2C150&amp;ssl=1 150w, https:\/\/i0.wp.com\/www.jojoenherbe.com\/wp-content\/uploads\/2023\/06\/La-fileuse-de-brume-3-scaled.jpg?zoom=2&amp;resize=150%2C150 300w, https:\/\/i0.wp.com\/www.jojoenherbe.com\/wp-content\/uploads\/2023\/06\/La-fileuse-de-brume-3-scaled.jpg?zoom=3&amp;resize=150%2C150 450w\" sizes=\"auto, (max-width: 150px) 100vw, 150px\" \/><\/a>J&rsquo;avais lu, \u00e0 l&rsquo;\u00e9t\u00e9 2021, <span style=\"text-decoration: underline;\">La fileuse de brume<\/span> d&rsquo;Agn\u00e8s de Lestrade et Valeria Docampo (\u00e9d. Alice Jeunesse, 2018, 40 pages), un album jeunesse \u00e0 partir de 5\/6 ans dont je me rends compte, venant de lire <span style=\"text-decoration: underline;\">Le temps des cerises<\/span> du m\u00eame duo autrice\/illustratrice que je ne l&rsquo;avais pas encore chroniqu\u00e9 sur le blog. Tous les matins, Rose, une petite fille capture la brume qui recouvre son pays et fabrique avec des cr\u00e9ations qu&rsquo;elle vend aux habitants, une fa\u00e7on pour eux de cacher ce qu&rsquo;ils ne veulent pas voir. Et si pourtant l&rsquo;espoir \u00e9tait encore possible? Rose peut-elle vraiment esp\u00e9rer le retour de son p\u00e8re et retrouver sa joie de vivre?<\/em><\/p>\n<p style=\"text-align: justify;\"><a href=\"https:\/\/i0.wp.com\/www.jojoenherbe.com\/wp-content\/uploads\/2023\/06\/La-fileuse-de-brume-5-scaled.jpg\"><img data-recalc-dims=\"1\" loading=\"lazy\" decoding=\"async\" data-attachment-id=\"31241\" data-permalink=\"https:\/\/www.jojoenherbe.com\/index.php\/2023\/06\/30\/au-fil-des-pages-avec-la-fileuse-de-brume\/la-fileuse-de-brume-5\/\" data-orig-file=\"https:\/\/i0.wp.com\/www.jojoenherbe.com\/wp-content\/uploads\/2023\/06\/La-fileuse-de-brume-5-scaled.jpg?fit=1948%2C2560&amp;ssl=1\" data-orig-size=\"1948,2560\" data-comments-opened=\"1\" data-image-meta=\"{&quot;aperture&quot;:&quot;1.8&quot;,&quot;credit&quot;:&quot;&quot;,&quot;camera&quot;:&quot;iPhone 7&quot;,&quot;caption&quot;:&quot;&quot;,&quot;created_timestamp&quot;:&quot;1627049324&quot;,&quot;copyright&quot;:&quot;&quot;,&quot;focal_length&quot;:&quot;3.99&quot;,&quot;iso&quot;:&quot;80&quot;,&quot;shutter_speed&quot;:&quot;0.058823529411765&quot;,&quot;title&quot;:&quot;&quot;,&quot;orientation&quot;:&quot;1&quot;}\" data-image-title=\"La fileuse de brume 5\" data-image-description=\"\" data-image-caption=\"\" data-large-file=\"https:\/\/i0.wp.com\/www.jojoenherbe.com\/wp-content\/uploads\/2023\/06\/La-fileuse-de-brume-5-scaled.jpg?fit=676%2C889&amp;ssl=1\" class=\"size-thumbnail wp-image-31241 alignright\" src=\"https:\/\/i0.wp.com\/www.jojoenherbe.com\/wp-content\/uploads\/2023\/06\/La-fileuse-de-brume-5.jpg?resize=150%2C150\" alt=\"\" width=\"150\" height=\"150\" srcset=\"https:\/\/i0.wp.com\/www.jojoenherbe.com\/wp-content\/uploads\/2023\/06\/La-fileuse-de-brume-5-scaled.jpg?resize=150%2C150&amp;ssl=1 150w, https:\/\/i0.wp.com\/www.jojoenherbe.com\/wp-content\/uploads\/2023\/06\/La-fileuse-de-brume-5-scaled.jpg?zoom=2&amp;resize=150%2C150 300w, https:\/\/i0.wp.com\/www.jojoenherbe.com\/wp-content\/uploads\/2023\/06\/La-fileuse-de-brume-5-scaled.jpg?zoom=3&amp;resize=150%2C150 450w\" sizes=\"auto, (max-width: 150px) 100vw, 150px\" \/><\/a> <a href=\"https:\/\/i0.wp.com\/www.jojoenherbe.com\/wp-content\/uploads\/2023\/06\/La-fileuse-de-brume-4-scaled.jpg\"><img data-recalc-dims=\"1\" loading=\"lazy\" decoding=\"async\" data-attachment-id=\"31238\" data-permalink=\"https:\/\/www.jojoenherbe.com\/index.php\/2023\/06\/30\/au-fil-des-pages-avec-la-fileuse-de-brume\/la-fileuse-de-brume-4\/\" data-orig-file=\"https:\/\/i0.wp.com\/www.jojoenherbe.com\/wp-content\/uploads\/2023\/06\/La-fileuse-de-brume-4-scaled.jpg?fit=2560%2C2119&amp;ssl=1\" data-orig-size=\"2560,2119\" data-comments-opened=\"1\" data-image-meta=\"{&quot;aperture&quot;:&quot;1.8&quot;,&quot;credit&quot;:&quot;&quot;,&quot;camera&quot;:&quot;iPhone 7&quot;,&quot;caption&quot;:&quot;&quot;,&quot;created_timestamp&quot;:&quot;1627049244&quot;,&quot;copyright&quot;:&quot;&quot;,&quot;focal_length&quot;:&quot;3.99&quot;,&quot;iso&quot;:&quot;80&quot;,&quot;shutter_speed&quot;:&quot;0.058823529411765&quot;,&quot;title&quot;:&quot;&quot;,&quot;orientation&quot;:&quot;1&quot;}\" data-image-title=\"La fileuse de brume 4\" data-image-description=\"\" data-image-caption=\"\" data-large-file=\"https:\/\/i0.wp.com\/www.jojoenherbe.com\/wp-content\/uploads\/2023\/06\/La-fileuse-de-brume-4-scaled.jpg?fit=676%2C560&amp;ssl=1\" class=\"size-thumbnail wp-image-31238 alignright\" src=\"https:\/\/i0.wp.com\/www.jojoenherbe.com\/wp-content\/uploads\/2023\/06\/La-fileuse-de-brume-4.jpg?resize=150%2C150\" alt=\"\" width=\"150\" height=\"150\" srcset=\"https:\/\/i0.wp.com\/www.jojoenherbe.com\/wp-content\/uploads\/2023\/06\/La-fileuse-de-brume-4-scaled.jpg?resize=150%2C150&amp;ssl=1 150w, https:\/\/i0.wp.com\/www.jojoenherbe.com\/wp-content\/uploads\/2023\/06\/La-fileuse-de-brume-4-scaled.jpg?zoom=2&amp;resize=150%2C150 300w, https:\/\/i0.wp.com\/www.jojoenherbe.com\/wp-content\/uploads\/2023\/06\/La-fileuse-de-brume-4-scaled.jpg?zoom=3&amp;resize=150%2C150 450w\" sizes=\"auto, (max-width: 150px) 100vw, 150px\" \/><\/a><em>L&rsquo;histoire aborde avec d\u00e9licatesse et po\u00e9sie la s\u00e9paration d&rsquo;avec un parent, ici la longue absence d&rsquo;un p\u00e8re pour une petite fille. Il y est ainsi question de tristesse, de chagrin et de relation p\u00e8re\/fille. Les illustrations de Valeria Docampo sont magnifiques et mettent en sc\u00e8ne cette brume \u00e0 travers l&rsquo;utilisation de calques crayonn\u00e9s s&rsquo;intercalant de-ci de-l\u00e0 et jouant avec la lumi\u00e8re, la transparence et la superposition de textes ou d&rsquo;images. La brume recouvre de plus en plus le pays de Rose tellement son c\u0153ur est triste. Elle personnifie le brouillard int\u00e9rieur de la petite fille. Puis petit \u00e0 petit, l&rsquo;espoir rena\u00eet dans le c\u0153ur de Rose. La brume et le chagrin s&rsquo;estompent, les illustrations prenant une teinte jaune et joyeuse. Coup de c\u0153ur pour cet album jeunesse magnifiquement illustr\u00e9!<\/em><\/p>\n<div style=\"width: 116px\" class=\"wp-caption alignleft\"><img loading=\"lazy\" decoding=\"async\" src=\"https:\/\/lh3.googleusercontent.com\/pw\/AL9nZEWED5sOowfaAIivQoSsFwl6hy51lsnek_4EIHIPI8waW2MHjhj6cf1EWilIUD7SnvlDRky5UrFLm6lgTjQT1BDXKA7teG_K1CBqytzzkXj-pFGsHXBy_zmGvKTiD_gxxb6BAz3Fn3Q7E1EJdf1tGnU3MQ=w285-h217-no?authuser=0\" alt=\"\" width=\"106\" height=\"81\" \/><p class=\"wp-caption-text\">Challenge Petit Bac d\u2019<a href=\"https:\/\/ennalit.wordpress.com\/2022\/12\/01\/challenge-petit-bac-2023-qui-veut-jouer\/\" data-rich-text-format-boundary=\"true\">Enna<\/a> #4 Cat\u00e9gorie Couleur: \u00ab Brume \u00bb<\/p><\/div>\n<div id=\"attachment_19954\" style=\"width: 121px\" class=\"wp-caption alignleft\"><img loading=\"lazy\" decoding=\"async\" aria-describedby=\"caption-attachment-19954\" class=\"wp-image-19954\" src=\"https:\/\/i0.wp.com\/mapetitemediatheque.fr\/wp-content\/uploads\/2021\/11\/Inkedle-tour-du-monde-en-80-livres-2_LI.jpg?resize=116%2C87&amp;ssl=1\" sizes=\"auto, (max-width: 500px) 100vw, 500px\" srcset=\"https:\/\/i0.wp.com\/mapetitemediatheque.fr\/wp-content\/uploads\/2021\/11\/Inkedle-tour-du-monde-en-80-livres-2_LI.jpg?resize=116%2C87&amp;ssl=1 500w, https:\/\/mapetitemediatheque.fr\/wp-content\/uploads\/2021\/11\/Inkedle-tour-du-monde-en-80-livres-2_LI-300x226.jpg 300w, https:\/\/mapetitemediatheque.fr\/wp-content\/uploads\/2021\/11\/Inkedle-tour-du-monde-en-80-livres-2_LI-120x90.jpg 120w\" alt=\"\" width=\"111\" height=\"83\" aria-describedby=\"caption-attachment-19954\" \/><p id=\"caption-attachment-19954\" class=\"wp-caption-text\">Participation #27 (Parcours illustr\u00e9) Challenge Le tour du monde en 80 livres 2023 de <a href=\"https:\/\/mapetitemediatheque.fr\/2022\/12\/le-tour-du-monde-en-80-livres-2023\/\" data-rich-text-format-boundary=\"true\">Bidib<\/a> #Argentine (illustratrice)<\/p><\/div>\n","protected":false},"excerpt":{"rendered":"<p>J&rsquo;avais lu, \u00e0 l&rsquo;\u00e9t\u00e9 2021, La fileuse de brume d&rsquo;Agn\u00e8s de Lestrade et Valeria Docampo (\u00e9d. Alice Jeunesse, 2018, 40 pages), un album jeunesse \u00e0 partir de 5\/6 ans dont je me rends compte, venant de lire Le temps des cerises du m\u00eame duo autrice\/illustratrice que je ne l&rsquo;avais pas encore chroniqu\u00e9 sur le blog. [&hellip;]<\/p>\n","protected":false},"author":1,"featured_media":31240,"comment_status":"open","ping_status":"open","sticky":false,"template":"","format":"standard","meta":{"jetpack_post_was_ever_published":false,"_jetpack_newsletter_access":"","_jetpack_dont_email_post_to_subs":false,"_jetpack_newsletter_tier_id":0,"_jetpack_memberships_contains_paywalled_content":false,"_jetpack_memberships_contains_paid_content":false,"footnotes":""},"categories":[363],"tags":[995,3293,1671,409,981,3519,3296,459,3525,367,1409,2235,564,796,3625],"class_list":["post-20563","post","type-post","status-publish","format-standard","has-post-thumbnail","hentry","category-mini-lecteur","tag-5-8-ans","tag-absence","tag-agnes-de-lestrade","tag-albums-jeunesse","tag-chagrin","tag-challenge-petit-bac-2023","tag-espoir","tag-famille","tag-le-tour-du-monde-en-80-livres-2023","tag-lecture-jeunesse","tag-relation-parent-enfant","tag-relation-pere-fille","tag-separation","tag-tristesse","tag-valeria-docampo","post-preview"],"jetpack_featured_media_url":"https:\/\/i0.wp.com\/www.jojoenherbe.com\/wp-content\/uploads\/2023\/06\/La-fileuse-de-brume-scaled.jpg?fit=2560%2C1918&ssl=1","jetpack_sharing_enabled":true,"jetpack_shortlink":"https:\/\/wp.me\/p9zhGx-5lF","jetpack_likes_enabled":true,"jetpack-related-posts":[{"id":31256,"url":"https:\/\/www.jojoenherbe.com\/index.php\/2023\/06\/16\/au-fil-des-pages-avec-le-temps-des-cerises\/","url_meta":{"origin":20563,"position":0},"title":"Au fil des pages avec Le temps des cerises","author":"Jojo","date":"16 juin 2023","format":false,"excerpt":"Nous avons lu Le temps des cerises d'Agn\u00e8s de Lestrade et Valeria Docampo (\u00e9d. Alice Jeunesse, 2022), un album jeunesse \u00e0 partir de 5\/6 ans. Apr\u00e8s le passage d'un cyclone, le pays de Nine, une petite fille joyeuse vivant chez ses parents et grands-parents avec son chat Bastien, a perdu\u2026","rel":"","context":"Dans &quot;Mini lecteur&quot;","block_context":{"text":"Mini lecteur","link":"https:\/\/www.jojoenherbe.com\/index.php\/category\/mini-lecteur\/"},"img":{"alt_text":"","src":"https:\/\/i0.wp.com\/www.jojoenherbe.com\/wp-content\/uploads\/2023\/06\/Le-temps-des-cerises-scaled.jpg?fit=1200%2C903&ssl=1&resize=350%2C200","width":350,"height":200,"srcset":"https:\/\/i0.wp.com\/www.jojoenherbe.com\/wp-content\/uploads\/2023\/06\/Le-temps-des-cerises-scaled.jpg?fit=1200%2C903&ssl=1&resize=350%2C200 1x, https:\/\/i0.wp.com\/www.jojoenherbe.com\/wp-content\/uploads\/2023\/06\/Le-temps-des-cerises-scaled.jpg?fit=1200%2C903&ssl=1&resize=525%2C300 1.5x, https:\/\/i0.wp.com\/www.jojoenherbe.com\/wp-content\/uploads\/2023\/06\/Le-temps-des-cerises-scaled.jpg?fit=1200%2C903&ssl=1&resize=700%2C400 2x, https:\/\/i0.wp.com\/www.jojoenherbe.com\/wp-content\/uploads\/2023\/06\/Le-temps-des-cerises-scaled.jpg?fit=1200%2C903&ssl=1&resize=1050%2C600 3x"},"classes":[]},{"id":29846,"url":"https:\/\/www.jojoenherbe.com\/index.php\/2023\/02\/16\/au-fil-des-pages-avec-la-grande-fabrique-de-mots\/","url_meta":{"origin":20563,"position":1},"title":"Au fil des pages avec La grande fabrique de mots","author":"Jojo","date":"16 f\u00e9vrier 2023","format":false,"excerpt":"J'ai lu La grande fabrique de mots d'Agn\u00e8s de Lestrade et Valeria Docampo (\u00e9d. Alice Jeunesse, 2007), un album jeunesse \u00e0 partir de 6 ans. Dans un monde dystopique o\u00f9 il faut acheter des mots pour les prononcer, il est bien difficile au pauvre Phil\u00e9as d'ouvrir son c\u0153ur \u00e0 la\u2026","rel":"","context":"Dans &quot;Mini lecteur&quot;","block_context":{"text":"Mini lecteur","link":"https:\/\/www.jojoenherbe.com\/index.php\/category\/mini-lecteur\/"},"img":{"alt_text":"","src":"https:\/\/i0.wp.com\/www.jojoenherbe.com\/wp-content\/uploads\/2023\/02\/La-grande-fabrique-des-mots-scaled.jpg?fit=1200%2C867&ssl=1&resize=350%2C200","width":350,"height":200,"srcset":"https:\/\/i0.wp.com\/www.jojoenherbe.com\/wp-content\/uploads\/2023\/02\/La-grande-fabrique-des-mots-scaled.jpg?fit=1200%2C867&ssl=1&resize=350%2C200 1x, https:\/\/i0.wp.com\/www.jojoenherbe.com\/wp-content\/uploads\/2023\/02\/La-grande-fabrique-des-mots-scaled.jpg?fit=1200%2C867&ssl=1&resize=525%2C300 1.5x, https:\/\/i0.wp.com\/www.jojoenherbe.com\/wp-content\/uploads\/2023\/02\/La-grande-fabrique-des-mots-scaled.jpg?fit=1200%2C867&ssl=1&resize=700%2C400 2x, https:\/\/i0.wp.com\/www.jojoenherbe.com\/wp-content\/uploads\/2023\/02\/La-grande-fabrique-des-mots-scaled.jpg?fit=1200%2C867&ssl=1&resize=1050%2C600 3x"},"classes":[]},{"id":29428,"url":"https:\/\/www.jojoenherbe.com\/index.php\/2023\/01\/26\/billet-de-suivi-challenge-petit-bac-2023\/","url_meta":{"origin":20563,"position":2},"title":"Billet de suivi: Challenge Petit Bac 2023","author":"Jojo","date":"26 janvier 2023","format":false,"excerpt":"Je participe pour la cinqui\u00e8me fois cons\u00e9cutive au Challenge Petit Bac d\u2019Enna, les cinq premi\u00e8res cat\u00e9gories restant identiques aux ann\u00e9es pr\u00e9c\u00e9dentes. Tous les mois, je vais actualiser ce billet et faire un point sur mes participations au challenge. Pour le moment, j\u2019ai termin\u00e9 mes deux premi\u00e8res lignes. Voici donc un\u2026","rel":"","context":"Dans &quot;Mini challenger&quot;","block_context":{"text":"Mini challenger","link":"https:\/\/www.jojoenherbe.com\/index.php\/category\/mini-challenger\/"},"img":{"alt_text":"","src":"https:\/\/i0.wp.com\/www.jojoenherbe.com\/wp-content\/uploads\/2023\/01\/Challenge-Petit-bac-2023.jpg?fit=285%2C217&ssl=1&resize=350%2C200","width":350,"height":200},"classes":[]},{"id":34189,"url":"https:\/\/www.jojoenherbe.com\/index.php\/2024\/01\/08\/point-lecture-hebdomadaire-2024-1\/","url_meta":{"origin":20563,"position":3},"title":"Point lecture hebdomadaire 2024 #1","author":"Jojo","date":"8 janvier 2024","format":false,"excerpt":"En ce d\u00e9but de semaine, voici notre point lecture hebdomadaire avec un retour sur nos lectures de la semaine derni\u00e8re (mais pas nos relectures), la plupart encore de No\u00ebl puisque le week-end dernier s'est fini le challenge Il \u00e9tait 11 fois No\u00ebl avec un read-a-thon. Nos lectures du 1er au\u2026","rel":"","context":"Dans &quot;Mini blogueur&quot;","block_context":{"text":"Mini blogueur","link":"https:\/\/www.jojoenherbe.com\/index.php\/category\/mini-blogueur\/"},"img":{"alt_text":"","src":"https:\/\/i0.wp.com\/www.jojoenherbe.com\/wp-content\/uploads\/2024\/01\/Point-lecture-hebdo-2024-1-scaled.jpg?fit=1200%2C684&ssl=1&resize=350%2C200","width":350,"height":200,"srcset":"https:\/\/i0.wp.com\/www.jojoenherbe.com\/wp-content\/uploads\/2024\/01\/Point-lecture-hebdo-2024-1-scaled.jpg?fit=1200%2C684&ssl=1&resize=350%2C200 1x, https:\/\/i0.wp.com\/www.jojoenherbe.com\/wp-content\/uploads\/2024\/01\/Point-lecture-hebdo-2024-1-scaled.jpg?fit=1200%2C684&ssl=1&resize=525%2C300 1.5x, https:\/\/i0.wp.com\/www.jojoenherbe.com\/wp-content\/uploads\/2024\/01\/Point-lecture-hebdo-2024-1-scaled.jpg?fit=1200%2C684&ssl=1&resize=700%2C400 2x, https:\/\/i0.wp.com\/www.jojoenherbe.com\/wp-content\/uploads\/2024\/01\/Point-lecture-hebdo-2024-1-scaled.jpg?fit=1200%2C684&ssl=1&resize=1050%2C600 3x"},"classes":[]},{"id":31020,"url":"https:\/\/www.jojoenherbe.com\/index.php\/2023\/06\/19\/point-lecture-hebdomadaire-2023-24\/","url_meta":{"origin":20563,"position":4},"title":"Point lecture hebdomadaire 2023 #24","author":"Jojo","date":"19 juin 2023","format":false,"excerpt":"En ce d\u00e9but de semaine, voici notre point lecture hebdomadaire avec un retour sur nos lectures de la semaine derni\u00e8re (mais pas nos relectures). Nos lectures du 12 au 18 juin 2023: Des lectures jeunesse: (Documentaire jeunesse) Les secrets de la nature tout pr\u00e8s de chez toi de Laura Brand\u2026","rel":"","context":"Dans &quot;Mini blogueur&quot;","block_context":{"text":"Mini blogueur","link":"https:\/\/www.jojoenherbe.com\/index.php\/category\/mini-blogueur\/"},"img":{"alt_text":"","src":"https:\/\/i0.wp.com\/www.jojoenherbe.com\/wp-content\/uploads\/2023\/06\/Point-lecture-hebdomadaire-2023-24-scaled.jpg?fit=1200%2C912&ssl=1&resize=350%2C200","width":350,"height":200,"srcset":"https:\/\/i0.wp.com\/www.jojoenherbe.com\/wp-content\/uploads\/2023\/06\/Point-lecture-hebdomadaire-2023-24-scaled.jpg?fit=1200%2C912&ssl=1&resize=350%2C200 1x, https:\/\/i0.wp.com\/www.jojoenherbe.com\/wp-content\/uploads\/2023\/06\/Point-lecture-hebdomadaire-2023-24-scaled.jpg?fit=1200%2C912&ssl=1&resize=525%2C300 1.5x, https:\/\/i0.wp.com\/www.jojoenherbe.com\/wp-content\/uploads\/2023\/06\/Point-lecture-hebdomadaire-2023-24-scaled.jpg?fit=1200%2C912&ssl=1&resize=700%2C400 2x, https:\/\/i0.wp.com\/www.jojoenherbe.com\/wp-content\/uploads\/2023\/06\/Point-lecture-hebdomadaire-2023-24-scaled.jpg?fit=1200%2C912&ssl=1&resize=1050%2C600 3x"},"classes":[]},{"id":38151,"url":"https:\/\/www.jojoenherbe.com\/index.php\/2025\/01\/23\/throwback-thursday-livresque-titre-de-4-mots\/","url_meta":{"origin":20563,"position":5},"title":"Throwback Thursday Livresque: Titre de 4 mots","author":"Jojo","date":"23 janvier 2025","format":false,"excerpt":"Ce jeudi 23 janvier 2025, je participe au Throwback Thursday Livresque, un rendez-vous livresque initialement chez Bettie Rose Books et repris depuis par Carole, les liens \u00e9tant \u00e0 d\u00e9poser chez My-Bo0ks. Le principe est de partager chaque jeudi un livre en fonction d\u2019un th\u00e8me donn\u00e9. Cette semaine, le th\u00e8me est\u2026","rel":"","context":"Dans &quot;Mini blogueur&quot;","block_context":{"text":"Mini blogueur","link":"https:\/\/www.jojoenherbe.com\/index.php\/category\/mini-blogueur\/"},"img":{"alt_text":"","src":"https:\/\/i0.wp.com\/www.jojoenherbe.com\/wp-content\/uploads\/2023\/10\/TTL-logo.jpg?resize=350%2C200","width":350,"height":200},"classes":[]}],"_links":{"self":[{"href":"https:\/\/www.jojoenherbe.com\/index.php\/wp-json\/wp\/v2\/posts\/20563","targetHints":{"allow":["GET"]}}],"collection":[{"href":"https:\/\/www.jojoenherbe.com\/index.php\/wp-json\/wp\/v2\/posts"}],"about":[{"href":"https:\/\/www.jojoenherbe.com\/index.php\/wp-json\/wp\/v2\/types\/post"}],"author":[{"embeddable":true,"href":"https:\/\/www.jojoenherbe.com\/index.php\/wp-json\/wp\/v2\/users\/1"}],"replies":[{"embeddable":true,"href":"https:\/\/www.jojoenherbe.com\/index.php\/wp-json\/wp\/v2\/comments?post=20563"}],"version-history":[{"count":7,"href":"https:\/\/www.jojoenherbe.com\/index.php\/wp-json\/wp\/v2\/posts\/20563\/revisions"}],"predecessor-version":[{"id":33861,"href":"https:\/\/www.jojoenherbe.com\/index.php\/wp-json\/wp\/v2\/posts\/20563\/revisions\/33861"}],"wp:featuredmedia":[{"embeddable":true,"href":"https:\/\/www.jojoenherbe.com\/index.php\/wp-json\/wp\/v2\/media\/31240"}],"wp:attachment":[{"href":"https:\/\/www.jojoenherbe.com\/index.php\/wp-json\/wp\/v2\/media?parent=20563"}],"wp:term":[{"taxonomy":"category","embeddable":true,"href":"https:\/\/www.jojoenherbe.com\/index.php\/wp-json\/wp\/v2\/categories?post=20563"},{"taxonomy":"post_tag","embeddable":true,"href":"https:\/\/www.jojoenherbe.com\/index.php\/wp-json\/wp\/v2\/tags?post=20563"}],"curies":[{"name":"wp","href":"https:\/\/api.w.org\/{rel}","templated":true}]}}