{"id":20126,"date":"2021-09-16T12:36:36","date_gmt":"2021-09-16T10:36:36","guid":{"rendered":"http:\/\/www.jojoenherbe.com\/?p=20126"},"modified":"2025-01-09T16:16:55","modified_gmt":"2025-01-09T15:16:55","slug":"nos-lectures-la-belle-et-la-bete","status":"publish","type":"post","link":"https:\/\/www.jojoenherbe.com\/index.php\/2021\/09\/16\/nos-lectures-la-belle-et-la-bete\/","title":{"rendered":"Nos lectures \u00ab\u00a0La Belle et la B\u00eate\u00a0\u00bb"},"content":{"rendered":"<p style=\"text-align: justify;\"><em>Apr\u00e8s avoir lu <span style=\"text-decoration: underline;\">La Belle et Ganesh<\/span> lors du <a href=\"http:\/\/www.jojoenherbe.com\/index.php\/2021\/07\/02\/rat-contes-et-legendes-dinde-2021\/\">RAT des Contes et l\u00e9gendes d&rsquo;Inde<\/a> le mois dernier, j&rsquo;ai eu envie de r\u00e9diger un billet th\u00e9matique sur <span style=\"text-decoration: underline;\">La Belle et la B\u00eate<\/span>, le th\u00e8me du mois d&rsquo;ao\u00fbt du Challenge 2021, cette ann\u00e9e sera classique \u00e9tant \u00ab\u00a0L&rsquo;Amour\u00a0\u00bb. Finalement je ne fais ce billet qu&rsquo;en septembre autour de ce conte dont la version la plus connue est celle de Jeanne-Marie Leprince de Beaumont et parue en 1756.<\/em><\/p>\n<p><strong><span style=\"text-decoration: underline;\">Des versions classiques<\/span> (texte int\u00e9gral ou abr\u00e9g\u00e9\/adapt\u00e9):<\/strong><\/p>\n<ul>\n<li><em>(Recueil de contes) <span style=\"text-decoration: underline;\">La Belle et la B\u00eate et autres contes<\/span><\/em><\/li>\n<\/ul>\n<p style=\"text-align: justify;\"><a href=\"https:\/\/i0.wp.com\/www.jojoenherbe.com\/wp-content\/uploads\/2021\/08\/La-Belle-et-la-Bete-et-autres-contes-scaled.jpg\"><img data-recalc-dims=\"1\" loading=\"lazy\" decoding=\"async\" data-attachment-id=\"20193\" data-permalink=\"https:\/\/www.jojoenherbe.com\/index.php\/2021\/08\/10\/point-lecture-hebdomadaire-1\/la-belle-et-la-bete-et-autres-contes\/\" data-orig-file=\"https:\/\/i0.wp.com\/www.jojoenherbe.com\/wp-content\/uploads\/2021\/08\/La-Belle-et-la-Bete-et-autres-contes-scaled.jpg?fit=2560%2C1928&amp;ssl=1\" data-orig-size=\"2560,1928\" data-comments-opened=\"1\" data-image-meta=\"{&quot;aperture&quot;:&quot;1.8&quot;,&quot;credit&quot;:&quot;&quot;,&quot;camera&quot;:&quot;iPhone 7&quot;,&quot;caption&quot;:&quot;&quot;,&quot;created_timestamp&quot;:&quot;1628517110&quot;,&quot;copyright&quot;:&quot;&quot;,&quot;focal_length&quot;:&quot;3.99&quot;,&quot;iso&quot;:&quot;100&quot;,&quot;shutter_speed&quot;:&quot;0.16666666666667&quot;,&quot;title&quot;:&quot;&quot;,&quot;orientation&quot;:&quot;1&quot;}\" data-image-title=\"La Belle et la B\u00eate et autres contes\" data-image-description=\"\" data-image-caption=\"\" data-large-file=\"https:\/\/i0.wp.com\/www.jojoenherbe.com\/wp-content\/uploads\/2021\/08\/La-Belle-et-la-Bete-et-autres-contes-scaled.jpg?fit=676%2C509&amp;ssl=1\" class=\"alignleft wp-image-20193 size-thumbnail\" src=\"https:\/\/i0.wp.com\/www.jojoenherbe.com\/wp-content\/uploads\/2021\/08\/La-Belle-et-la-Bete-et-autres-contes.jpg?resize=150%2C150\" alt=\"\" width=\"150\" height=\"150\" srcset=\"https:\/\/i0.wp.com\/www.jojoenherbe.com\/wp-content\/uploads\/2021\/08\/La-Belle-et-la-Bete-et-autres-contes-scaled.jpg?resize=150%2C150&amp;ssl=1 150w, https:\/\/i0.wp.com\/www.jojoenherbe.com\/wp-content\/uploads\/2021\/08\/La-Belle-et-la-Bete-et-autres-contes-scaled.jpg?zoom=2&amp;resize=150%2C150 300w, https:\/\/i0.wp.com\/www.jojoenherbe.com\/wp-content\/uploads\/2021\/08\/La-Belle-et-la-Bete-et-autres-contes-scaled.jpg?zoom=3&amp;resize=150%2C150 450w\" sizes=\"auto, (max-width: 150px) 100vw, 150px\" \/><\/a><em>J&rsquo;ai lu <span style=\"text-decoration: underline;\">La Belle et la B\u00eate et autres contes<\/span> (\u00e9d. Librio, diff. Flammrion, 2016, 79 pages), un recueil de contes courts et reprenant le texte int\u00e9gral en commen\u00e7ant par le plus connu de ces contes, <span style=\"text-decoration: underline;\">La Belle et la B\u00eate<\/span>.<\/em><\/p>\n<p style=\"text-align: justify;\"><em>Un riche marchand, p\u00e8re de six enfants perd toutes ses richesses et part vivre avec eux \u00e0 la campagne. Un jour, il retourne en ville. Mais en revenant, il se perd et trouve refuge dans un ch\u00e2teau. Se souvenant que sa fille cadette, Belle lui avait demand\u00e9 une rose, il en cueille une dans le jardin du ch\u00e2teau, provoquant la col\u00e8re de son propri\u00e9taire, la B\u00eate. Le marchand l\u2019implore de revoir une derni\u00e8re fois ses enfants. Pour sauver son p\u00e8re, Belle accepte de vivre aupr\u00e8s de la B\u00eate, malgr\u00e9 sa peur et le d\u00e9go\u00fbt ressenti \u00e0 la vue de ce monstre. Et si les apparences \u00e9taient trompeuses?<\/em><\/p>\n<p style=\"text-align: justify;\"><em>M\u00ealant ambiance surnaturelle et parcours didactique\/initiatique d&rsquo;une jeune femme pr\u00e9par\u00e9e au mariage, l&rsquo;autrice apporte une r\u00e9flexion sur l&rsquo;Amour, qu&rsquo;il soit paternel, filial ou marital et partant sur le bonheur et sur ce qu&rsquo;est une richesse ou bien encore la monstruosit\u00e9. Elle aborde aussi les th\u00e8mes des apparences trompeuses, du mariage, du bonheur et de jalousie (avec les deux s\u0153urs de Belle). <\/em><\/p>\n<p style=\"text-align: justify;\"><em>Les contes qui suivent reprennent les m\u00eames th\u00e9matiques, en particulier l\u2019\u00e9ducation de la Vertu au sens du XVIIIe si\u00e8cle. \u00c9tymologiquement associ\u00e9e \u00e0 des qualit\u00e9s viriles comme le courage et la force morale, la Vertu glisse s\u00e9mantiquement pour signifier une disposition \u00e0 faire constamment le bien puis est associ\u00e9e \u00e0 la femme qui doit \u00eatre fid\u00e8le et chaste au XVIIIe si\u00e8cle. Elle est le contraire du Vice qui est \u00e0 proscrire d\u00e8s le plus jeune \u00e2ge, dans l&rsquo;\u00e9ducation des enfants.<\/em><\/p>\n<p style=\"text-align: justify;\"><em>L\u2019autrice \u00e9tait \u00e9galement gouvernante d\u2019enfants de la haute soci\u00e9t\u00e9 anglaise. Ce sont des contes moraux o\u00f9 il est question d\u2019\u00e9ducation des jeunes enfants \u2013 fille ou gar\u00e7on \u2013 pour les instruire au mieux selon leur temp\u00e9rament. Plusieurs des contes mettent sc\u00e8ne des jumelles comme dans Belote et Laidronette, la premi\u00e8re est si belle qu\u2019elle en oublie de cultiver son esprit et sera aid\u00e9e par sa s\u0153ur pour reconqu\u00e9rir le c\u0153ur de son \u00e9poux. Il est aussi question de distinguer l\u2019amour-passion de l&rsquo;amour-amiti\u00e9, la seconde \u00e9tant \u00e0 privil\u00e9gier pour un mariage r\u00e9ussi, la beaut\u00e9 se fanant et l\u2019esprit perdurant. D\u2019autres mettent en sc\u00e8ne des jumeaux comme dans Le prince Fatal et le prince Fortun\u00e9, les corrections\/malheurs subis par le premier afin de rem\u00e9dier \u00e0 son mauvais caract\u00e8re de naissance tandis que le second, g\u00e2t\u00e9 par la flatterie est devenu m\u00e9chant alors qu\u2019il \u00e9tait n\u00e9 bon.<\/em><\/p>\n<ul>\n<li><em>(Album jeunesse) <span style=\"text-decoration: underline;\">La belle et la b\u00eate<\/span> de Madame Leprince de Beaumont et Annette <\/em><em>Marnat <\/em><\/li>\n<\/ul>\n<p style=\"text-align: justify;\"><em><a href=\"https:\/\/i0.wp.com\/www.jojoenherbe.com\/wp-content\/uploads\/2021\/09\/La-Belle-et-la-Bete-scaled.jpg\"><img data-recalc-dims=\"1\" loading=\"lazy\" decoding=\"async\" data-attachment-id=\"20595\" data-permalink=\"https:\/\/www.jojoenherbe.com\/index.php\/2021\/09\/16\/nos-lectures-la-belle-et-la-bete\/la-belle-et-la-bete\/\" data-orig-file=\"https:\/\/i0.wp.com\/www.jojoenherbe.com\/wp-content\/uploads\/2021\/09\/La-Belle-et-la-Bete-scaled.jpg?fit=2560%2C2113&amp;ssl=1\" data-orig-size=\"2560,2113\" data-comments-opened=\"1\" data-image-meta=\"{&quot;aperture&quot;:&quot;1.8&quot;,&quot;credit&quot;:&quot;&quot;,&quot;camera&quot;:&quot;iPhone 7&quot;,&quot;caption&quot;:&quot;&quot;,&quot;created_timestamp&quot;:&quot;1631269852&quot;,&quot;copyright&quot;:&quot;&quot;,&quot;focal_length&quot;:&quot;3.99&quot;,&quot;iso&quot;:&quot;80&quot;,&quot;shutter_speed&quot;:&quot;0.14285714285714&quot;,&quot;title&quot;:&quot;&quot;,&quot;orientation&quot;:&quot;1&quot;}\" data-image-title=\"La Belle et la B\u00eate\" data-image-description=\"\" data-image-caption=\"\" data-large-file=\"https:\/\/i0.wp.com\/www.jojoenherbe.com\/wp-content\/uploads\/2021\/09\/La-Belle-et-la-Bete-scaled.jpg?fit=676%2C558&amp;ssl=1\" class=\"alignleft size-thumbnail wp-image-20595\" src=\"https:\/\/i0.wp.com\/www.jojoenherbe.com\/wp-content\/uploads\/2021\/09\/La-Belle-et-la-Bete.jpg?resize=150%2C150\" alt=\"\" width=\"150\" height=\"150\" srcset=\"https:\/\/i0.wp.com\/www.jojoenherbe.com\/wp-content\/uploads\/2021\/09\/La-Belle-et-la-Bete-scaled.jpg?resize=150%2C150&amp;ssl=1 150w, https:\/\/i0.wp.com\/www.jojoenherbe.com\/wp-content\/uploads\/2021\/09\/La-Belle-et-la-Bete-scaled.jpg?zoom=2&amp;resize=150%2C150 300w, https:\/\/i0.wp.com\/www.jojoenherbe.com\/wp-content\/uploads\/2021\/09\/La-Belle-et-la-Bete-scaled.jpg?zoom=3&amp;resize=150%2C150 450w\" sizes=\"auto, (max-width: 150px) 100vw, 150px\" \/><\/a><a href=\"https:\/\/i0.wp.com\/www.jojoenherbe.com\/wp-content\/uploads\/2021\/09\/La-Belle-et-la-Bete-3-scaled.jpg\"><img data-recalc-dims=\"1\" loading=\"lazy\" decoding=\"async\" data-attachment-id=\"20594\" data-permalink=\"https:\/\/www.jojoenherbe.com\/index.php\/2021\/09\/16\/nos-lectures-la-belle-et-la-bete\/la-belle-et-la-bete-3\/\" data-orig-file=\"https:\/\/i0.wp.com\/www.jojoenherbe.com\/wp-content\/uploads\/2021\/09\/La-Belle-et-la-Bete-3-scaled.jpg?fit=1920%2C2560&amp;ssl=1\" data-orig-size=\"1920,2560\" data-comments-opened=\"1\" data-image-meta=\"{&quot;aperture&quot;:&quot;1.8&quot;,&quot;credit&quot;:&quot;&quot;,&quot;camera&quot;:&quot;iPhone 7&quot;,&quot;caption&quot;:&quot;&quot;,&quot;created_timestamp&quot;:&quot;1631269926&quot;,&quot;copyright&quot;:&quot;&quot;,&quot;focal_length&quot;:&quot;3.99&quot;,&quot;iso&quot;:&quot;100&quot;,&quot;shutter_speed&quot;:&quot;0.090909090909091&quot;,&quot;title&quot;:&quot;&quot;,&quot;orientation&quot;:&quot;1&quot;}\" data-image-title=\"La Belle et la B\u00eate 3\" data-image-description=\"\" data-image-caption=\"\" data-large-file=\"https:\/\/i0.wp.com\/www.jojoenherbe.com\/wp-content\/uploads\/2021\/09\/La-Belle-et-la-Bete-3-scaled.jpg?fit=676%2C901&amp;ssl=1\" class=\"alignleft size-thumbnail wp-image-20594\" src=\"https:\/\/i0.wp.com\/www.jojoenherbe.com\/wp-content\/uploads\/2021\/09\/La-Belle-et-la-Bete-3.jpg?resize=150%2C150\" alt=\"\" width=\"150\" height=\"150\" srcset=\"https:\/\/i0.wp.com\/www.jojoenherbe.com\/wp-content\/uploads\/2021\/09\/La-Belle-et-la-Bete-3-scaled.jpg?resize=150%2C150&amp;ssl=1 150w, https:\/\/i0.wp.com\/www.jojoenherbe.com\/wp-content\/uploads\/2021\/09\/La-Belle-et-la-Bete-3-scaled.jpg?zoom=2&amp;resize=150%2C150 300w, https:\/\/i0.wp.com\/www.jojoenherbe.com\/wp-content\/uploads\/2021\/09\/La-Belle-et-la-Bete-3-scaled.jpg?zoom=3&amp;resize=150%2C150 450w\" sizes=\"auto, (max-width: 150px) 100vw, 150px\" \/><\/a>Apr\u00e8s avoir lu <span style=\"text-decoration: underline;\">La Belle et la B\u00eate et autres contes<\/span> de Madame Leprince de Beaumont, j\u2019ai encha\u00een\u00e9 avec cette version illustr\u00e9e par Annette Marnat (\u00e9d. Flammarion Jeunesse, P\u00e8re Castor, 2017), un album jeunesse \u00e0 partir de 5 ans et aux magnifiques illustrations. <\/em><em>Le trait d\u00e9licat et doux d\u2019Annette Marnat accompagne le texte merveilleux o\u00f9 il est question de mal\u00e9diction, d\u2019amour, de vertu, de jalousie et d\u2019apparences trompeuses. Un tr\u00e8s bon moment de lecture!<br \/>\n<\/em><\/p>\n<ul>\n<li style=\"text-align: justify;\"><em>(BD jeunesse) <span style=\"text-decoration: underline;\">La Belle et la B\u00eate<\/span> d&rsquo;H\u00e9l\u00e8ne Beney et Dawid<\/em><\/li>\n<\/ul>\n<p style=\"text-align: justify;\"><em><a href=\"https:\/\/i0.wp.com\/www.jojoenherbe.com\/wp-content\/uploads\/2021\/09\/La-Belle-et-la-Bete-BD-2-scaled.jpg\"><img data-recalc-dims=\"1\" loading=\"lazy\" decoding=\"async\" data-attachment-id=\"20731\" data-permalink=\"https:\/\/www.jojoenherbe.com\/index.php\/2021\/09\/16\/nos-lectures-la-belle-et-la-bete\/la-belle-et-la-bete-bd-2\/\" data-orig-file=\"https:\/\/i0.wp.com\/www.jojoenherbe.com\/wp-content\/uploads\/2021\/09\/La-Belle-et-la-Bete-BD-2-scaled.jpg?fit=2560%2C1920&amp;ssl=1\" data-orig-size=\"2560,1920\" data-comments-opened=\"1\" data-image-meta=\"{&quot;aperture&quot;:&quot;1.8&quot;,&quot;credit&quot;:&quot;&quot;,&quot;camera&quot;:&quot;iPhone 7&quot;,&quot;caption&quot;:&quot;&quot;,&quot;created_timestamp&quot;:&quot;1631272004&quot;,&quot;copyright&quot;:&quot;&quot;,&quot;focal_length&quot;:&quot;3.99&quot;,&quot;iso&quot;:&quot;80&quot;,&quot;shutter_speed&quot;:&quot;0.058823529411765&quot;,&quot;title&quot;:&quot;&quot;,&quot;orientation&quot;:&quot;1&quot;}\" data-image-title=\"La Belle et la B\u00eate BD 2\" data-image-description=\"\" data-image-caption=\"\" data-large-file=\"https:\/\/i0.wp.com\/www.jojoenherbe.com\/wp-content\/uploads\/2021\/09\/La-Belle-et-la-Bete-BD-2-scaled.jpg?fit=676%2C507&amp;ssl=1\" class=\"size-thumbnail wp-image-20731 alignright\" src=\"https:\/\/i0.wp.com\/www.jojoenherbe.com\/wp-content\/uploads\/2021\/09\/La-Belle-et-la-Bete-BD-2.jpg?resize=150%2C150\" alt=\"\" width=\"150\" height=\"150\" srcset=\"https:\/\/i0.wp.com\/www.jojoenherbe.com\/wp-content\/uploads\/2021\/09\/La-Belle-et-la-Bete-BD-2-scaled.jpg?resize=150%2C150&amp;ssl=1 150w, https:\/\/i0.wp.com\/www.jojoenherbe.com\/wp-content\/uploads\/2021\/09\/La-Belle-et-la-Bete-BD-2-scaled.jpg?zoom=2&amp;resize=150%2C150 300w, https:\/\/i0.wp.com\/www.jojoenherbe.com\/wp-content\/uploads\/2021\/09\/La-Belle-et-la-Bete-BD-2-scaled.jpg?zoom=3&amp;resize=150%2C150 450w\" sizes=\"auto, (max-width: 150px) 100vw, 150px\" \/><\/a> <a href=\"https:\/\/i0.wp.com\/www.jojoenherbe.com\/wp-content\/uploads\/2021\/09\/La-Belle-et-la-Bete-BD-scaled.jpg\"><img data-recalc-dims=\"1\" loading=\"lazy\" decoding=\"async\" data-attachment-id=\"20732\" data-permalink=\"https:\/\/www.jojoenherbe.com\/index.php\/2021\/09\/16\/nos-lectures-la-belle-et-la-bete\/la-belle-et-la-bete-bd\/\" data-orig-file=\"https:\/\/i0.wp.com\/www.jojoenherbe.com\/wp-content\/uploads\/2021\/09\/La-Belle-et-la-Bete-BD-scaled.jpg?fit=2560%2C2252&amp;ssl=1\" data-orig-size=\"2560,2252\" data-comments-opened=\"1\" data-image-meta=\"{&quot;aperture&quot;:&quot;1.8&quot;,&quot;credit&quot;:&quot;&quot;,&quot;camera&quot;:&quot;iPhone 7&quot;,&quot;caption&quot;:&quot;&quot;,&quot;created_timestamp&quot;:&quot;1631271918&quot;,&quot;copyright&quot;:&quot;&quot;,&quot;focal_length&quot;:&quot;3.99&quot;,&quot;iso&quot;:&quot;100&quot;,&quot;shutter_speed&quot;:&quot;0.071428571428571&quot;,&quot;title&quot;:&quot;&quot;,&quot;orientation&quot;:&quot;1&quot;}\" data-image-title=\"La Belle et la B\u00eate BD\" data-image-description=\"\" data-image-caption=\"\" data-large-file=\"https:\/\/i0.wp.com\/www.jojoenherbe.com\/wp-content\/uploads\/2021\/09\/La-Belle-et-la-Bete-BD-scaled.jpg?fit=676%2C595&amp;ssl=1\" class=\"size-thumbnail wp-image-20732 alignright\" src=\"https:\/\/i0.wp.com\/www.jojoenherbe.com\/wp-content\/uploads\/2021\/09\/La-Belle-et-la-Bete-BD.jpg?resize=150%2C150\" alt=\"\" width=\"150\" height=\"150\" srcset=\"https:\/\/i0.wp.com\/www.jojoenherbe.com\/wp-content\/uploads\/2021\/09\/La-Belle-et-la-Bete-BD-scaled.jpg?resize=150%2C150&amp;ssl=1 150w, https:\/\/i0.wp.com\/www.jojoenherbe.com\/wp-content\/uploads\/2021\/09\/La-Belle-et-la-Bete-BD-scaled.jpg?zoom=2&amp;resize=150%2C150 300w, https:\/\/i0.wp.com\/www.jojoenherbe.com\/wp-content\/uploads\/2021\/09\/La-Belle-et-la-Bete-BD-scaled.jpg?zoom=3&amp;resize=150%2C150 450w\" sizes=\"auto, (max-width: 150px) 100vw, 150px\" \/><\/a> Nous avons \u00e9galement lu <span style=\"text-decoration: underline;\">La Belle et la B\u00eate<\/span> d&rsquo;H\u00e9l\u00e8ne Beney et Dawid (\u00e9d. Bamboo, 2020) dans la collection \u00ab\u00a0Ma premi\u00e8re BD\u00a0\u00bb \u00e0 partir de 3 ans presque sans texte (\u00e0 l&rsquo;exception d&rsquo;un titre par planche) et qui contient \u00e9galement un petit dossier pour apprendre \u00e0 dessiner les personnages principaux de l&rsquo;histoire ainsi qu&rsquo;une version cont\u00e9e. Les \u00e9motions ressenties par Belle qui \u00e9voluent au-fur-et-\u00e0-mesure de sa relation avec la B\u00eate sont bien rendues, comme celles de la B\u00eate qui se font \u00e9cho de celles de la jeune femme. Une jolie version pour se replonger dans le conte originel et initi\u00e9e les plus jeunes lecteurs au format BD!<br \/>\n<\/em><\/p>\n<p><strong><span style=\"text-decoration: underline;\">Des versions revisit\u00e9es\/d\u00e9tourn\u00e9es du conte<\/span>:<\/strong><\/p>\n<ul>\n<li><em>(Album jeunesse) <span style=\"text-decoration: underline;\">La Belle et Ganesh<\/span> de La Luciole Masqu\u00e9e et Jo\u00ebl Cimarr\u00f3n<\/em><\/li>\n<\/ul>\n<p style=\"text-align: justify;\"><em><a href=\"https:\/\/i0.wp.com\/www.jojoenherbe.com\/wp-content\/uploads\/2021\/09\/La-Belle-et-Ganesh-scaled.jpg\"><img data-recalc-dims=\"1\" loading=\"lazy\" decoding=\"async\" data-attachment-id=\"20592\" data-permalink=\"https:\/\/www.jojoenherbe.com\/index.php\/2021\/09\/16\/nos-lectures-la-belle-et-la-bete\/la-belle-et-ganesh\/\" data-orig-file=\"https:\/\/i0.wp.com\/www.jojoenherbe.com\/wp-content\/uploads\/2021\/09\/La-Belle-et-Ganesh-scaled.jpg?fit=2560%2C1920&amp;ssl=1\" data-orig-size=\"2560,1920\" data-comments-opened=\"1\" data-image-meta=\"{&quot;aperture&quot;:&quot;1.8&quot;,&quot;credit&quot;:&quot;&quot;,&quot;camera&quot;:&quot;iPhone 7&quot;,&quot;caption&quot;:&quot;&quot;,&quot;created_timestamp&quot;:&quot;1631269752&quot;,&quot;copyright&quot;:&quot;&quot;,&quot;focal_length&quot;:&quot;3.99&quot;,&quot;iso&quot;:&quot;100&quot;,&quot;shutter_speed&quot;:&quot;0.090909090909091&quot;,&quot;title&quot;:&quot;&quot;,&quot;orientation&quot;:&quot;1&quot;}\" data-image-title=\"La Belle et Ganesh\" data-image-description=\"\" data-image-caption=\"\" data-large-file=\"https:\/\/i0.wp.com\/www.jojoenherbe.com\/wp-content\/uploads\/2021\/09\/La-Belle-et-Ganesh-scaled.jpg?fit=676%2C507&amp;ssl=1\" class=\"alignleft size-thumbnail wp-image-20592\" src=\"https:\/\/i0.wp.com\/www.jojoenherbe.com\/wp-content\/uploads\/2021\/09\/La-Belle-et-Ganesh.jpg?resize=150%2C150\" alt=\"\" width=\"150\" height=\"150\" srcset=\"https:\/\/i0.wp.com\/www.jojoenherbe.com\/wp-content\/uploads\/2021\/09\/La-Belle-et-Ganesh-scaled.jpg?resize=150%2C150&amp;ssl=1 150w, https:\/\/i0.wp.com\/www.jojoenherbe.com\/wp-content\/uploads\/2021\/09\/La-Belle-et-Ganesh-scaled.jpg?zoom=2&amp;resize=150%2C150 300w, https:\/\/i0.wp.com\/www.jojoenherbe.com\/wp-content\/uploads\/2021\/09\/La-Belle-et-Ganesh-scaled.jpg?zoom=3&amp;resize=150%2C150 450w\" sizes=\"auto, (max-width: 150px) 100vw, 150px\" \/><\/a><a href=\"https:\/\/i0.wp.com\/www.jojoenherbe.com\/wp-content\/uploads\/2021\/09\/La-Belle-et-Ganesh-5-scaled.jpg\"><img data-recalc-dims=\"1\" loading=\"lazy\" decoding=\"async\" data-attachment-id=\"20735\" data-permalink=\"https:\/\/www.jojoenherbe.com\/index.php\/2021\/09\/16\/nos-lectures-la-belle-et-la-bete\/la-belle-et-ganesh-5\/\" data-orig-file=\"https:\/\/i0.wp.com\/www.jojoenherbe.com\/wp-content\/uploads\/2021\/09\/La-Belle-et-Ganesh-5-scaled.jpg?fit=2560%2C1920&amp;ssl=1\" data-orig-size=\"2560,1920\" data-comments-opened=\"1\" data-image-meta=\"{&quot;aperture&quot;:&quot;1.8&quot;,&quot;credit&quot;:&quot;&quot;,&quot;camera&quot;:&quot;iPhone 7&quot;,&quot;caption&quot;:&quot;&quot;,&quot;created_timestamp&quot;:&quot;1631269785&quot;,&quot;copyright&quot;:&quot;&quot;,&quot;focal_length&quot;:&quot;3.99&quot;,&quot;iso&quot;:&quot;100&quot;,&quot;shutter_speed&quot;:&quot;0.076923076923077&quot;,&quot;title&quot;:&quot;&quot;,&quot;orientation&quot;:&quot;1&quot;}\" data-image-title=\"La Belle et Ganesh 5\" data-image-description=\"\" data-image-caption=\"\" data-large-file=\"https:\/\/i0.wp.com\/www.jojoenherbe.com\/wp-content\/uploads\/2021\/09\/La-Belle-et-Ganesh-5-scaled.jpg?fit=676%2C507&amp;ssl=1\" class=\"alignleft size-thumbnail wp-image-20735\" src=\"https:\/\/i0.wp.com\/www.jojoenherbe.com\/wp-content\/uploads\/2021\/09\/La-Belle-et-Ganesh-5.jpg?resize=150%2C150\" alt=\"\" width=\"150\" height=\"150\" srcset=\"https:\/\/i0.wp.com\/www.jojoenherbe.com\/wp-content\/uploads\/2021\/09\/La-Belle-et-Ganesh-5-scaled.jpg?resize=150%2C150&amp;ssl=1 150w, https:\/\/i0.wp.com\/www.jojoenherbe.com\/wp-content\/uploads\/2021\/09\/La-Belle-et-Ganesh-5-scaled.jpg?zoom=2&amp;resize=150%2C150 300w, https:\/\/i0.wp.com\/www.jojoenherbe.com\/wp-content\/uploads\/2021\/09\/La-Belle-et-Ganesh-5-scaled.jpg?zoom=3&amp;resize=150%2C150 450w\" sizes=\"auto, (max-width: 150px) 100vw, 150px\" \/><\/a>J&rsquo;avais \u00e9galement lu <span style=\"text-decoration: underline;\">La Belle et Ganesh<\/span> de La Luciole Masqu\u00e9e et Jo\u00ebl Cimarr\u00f3n (\u00e9d. Karibencyla, 2009), un album jeunesse \u00e0 partir de 6 ans et qui est une version revisit\u00e9e du conte, la B\u00eate \u00e9tant ici le dieu Ganesh, dieu de la Sagesse et de l\u2019Intelligence accompagn\u00e9 de sa petite souris blanche, M\u00fbshika et le lilas blanc ayant remplac\u00e9 la rose.<\/em>\u00a0<em>J&rsquo;y retrouve les m\u00eames th\u00e8mes que dans le conte originel, m\u00eame s&rsquo;il s&rsquo;agit avant tout d&rsquo;amiti\u00e9 que d&rsquo;amour. Alors que dans l&rsquo;histoire originelle, les deux m\u00e9chantes s\u0153urs de Belle font des mariages rat\u00e9s. Ici, la punition est toute autre et renvoie au folklore hindou. Un bon moment de lecture avec cet album jeunesse aux tr\u00e8s jolies illustrations \u00e0 l&rsquo;huile! Pour un autre avis sur cet album: <a href=\"https:\/\/vivrelivre19.over-blog.com\/2020\/09\/la-belle-et-ganesh.la-luciole-masquee-et-joel-cimmarron-2009-des-6-ans.html\">Blandine<\/a>.<br \/>\n<\/em><\/p>\n<div id=\"attachment_10219\" style=\"width: 121px\" class=\"wp-caption alignleft\"><img loading=\"lazy\" decoding=\"async\" aria-describedby=\"caption-attachment-10219\" data-attachment-id=\"10219\" data-permalink=\"https:\/\/www.jojoenherbe.com\/index.php\/2020\/03\/02\/au-fil-des-pages-avec-lievre-et-ours-sous-la-neige\/lievre-et-ours-sous-la-neige\/\" data-orig-file=\"https:\/\/i0.wp.com\/www.jojoenherbe.com\/wp-content\/uploads\/2020\/03\/Li%C3%A8vre-et-Ours-sous-la-neige-scaled.jpg?fit=2560%2C1892&amp;ssl=1\" data-orig-size=\"2560,1892\" data-comments-opened=\"1\" data-image-meta=\"{&quot;aperture&quot;:&quot;2.4&quot;,&quot;credit&quot;:&quot;&quot;,&quot;camera&quot;:&quot;iPhone 4S&quot;,&quot;caption&quot;:&quot;&quot;,&quot;created_timestamp&quot;:&quot;1583147305&quot;,&quot;copyright&quot;:&quot;&quot;,&quot;focal_length&quot;:&quot;4.28&quot;,&quot;iso&quot;:&quot;640&quot;,&quot;shutter_speed&quot;:&quot;0.066666666666667&quot;,&quot;title&quot;:&quot;&quot;,&quot;orientation&quot;:&quot;1&quot;}\" data-image-title=\"Li\u00e8vre et Ours, sous la neige\" data-image-description=\"\" data-image-caption=\"\" data-large-file=\"https:\/\/i0.wp.com\/www.jojoenherbe.com\/wp-content\/uploads\/2020\/03\/Li%C3%A8vre-et-Ours-sous-la-neige-scaled.jpg?fit=676%2C500&amp;ssl=1\" class=\"wp-image-10219\" src=\"https:\/\/i2.wp.com\/mapetitemediatheque.fr\/wp-content\/uploads\/2018\/11\/challenge-contes-et-l\u00e9gendes.jpg?resize=131%2C164\" sizes=\"auto, (max-width: 343px) 100vw, 343px\" srcset=\"https:\/\/i2.wp.com\/mapetitemediatheque.fr\/wp-content\/uploads\/2018\/11\/challenge-contes-et-l\u00e9gendes.jpg?resize=131%2C164 343w, http:\/\/mapetitemediatheque.fr\/wp-content\/uploads\/2018\/11\/challenge-contes-et-l\u00e9gendes-239x300.jpg 239w\" alt=\"\" width=\"111\" height=\"139\" aria-describedby=\"caption-attachment-10219\" data-attachment-id=\"10219\" data-permalink=\"http:\/\/www.jojoenherbe.com\/index.php\/2020\/03\/02\/au-fil-des-pages-avec-lievre-et-ours-sous-la-neige\/lievre-et-ours-sous-la-neige\/\" data-orig-file=\"https:\/\/i1.wp.com\/www.jojoenherbe.com\/wp-content\/uploads\/2020\/03\/Li\u00e8vre-et-Ours-sous-la-neige-scaled.jpg?fit=2560%2C1892\" data-orig-size=\"2560,1892\" data-comments-opened=\"1\" data-image-meta=\"{&quot;aperture&quot;:&quot;2.4&quot;,&quot;credit&quot;:&quot;&quot;,&quot;camera&quot;:&quot;iPhone 4S&quot;,&quot;caption&quot;:&quot;&quot;,&quot;created_timestamp&quot;:&quot;1583147305&quot;,&quot;copyright&quot;:&quot;&quot;,&quot;focal_length&quot;:&quot;4.28&quot;,&quot;iso&quot;:&quot;640&quot;,&quot;shutter_speed&quot;:&quot;0.066666666666667&quot;,&quot;title&quot;:&quot;&quot;,&quot;orientation&quot;:&quot;1&quot;}\" data-image-title=\"Li\u00e8vre et Ours, sous la neige\" data-image-description=\"\" data-image-caption=\"\" data-medium-file=\"https:\/\/i1.wp.com\/www.jojoenherbe.com\/wp-content\/uploads\/2020\/03\/Li\u00e8vre-et-Ours-sous-la-neige-scaled.jpg?fit=300%2C222\" data-large-file=\"https:\/\/i1.wp.com\/www.jojoenherbe.com\/wp-content\/uploads\/2020\/03\/Li\u00e8vre-et-Ours-sous-la-neige-scaled.jpg?fit=676%2C500\" data-recalc-dims=\"1\" \/><p id=\"caption-attachment-10219\" class=\"wp-caption-text\">Participation #56 au Challenge Contes &amp; L\u00e9gendes 2021 de <a href=\"https:\/\/mapetitemediatheque.fr\/2020\/12\/challenge-contes-legendes-2021\/\">Bidib<\/a> #Conte classique<\/p><\/div>\n<div style=\"width: 140px\" class=\"wp-caption alignleft\"><img loading=\"lazy\" decoding=\"async\" src=\"https:\/\/i2.wp.com\/image.over-blog.com\/yI-7TM1HYsdq5TL9vZNWyIGfkew=\/filters:no_upscale()\/image%2F0776537%2F20210113%2Fob_cc2cb1_137210396-194275619064729-744701331835.png?resize=200%2C150&amp;ssl=1\" alt=\"\" width=\"130\" height=\"98\" data-amp-height=\"150\" data-amp-width=\"200\" data-recalc-dims=\"1\" \/><p class=\"wp-caption-text\">Participation #22 au challenge 2021, cette ann\u00e9e sera classique de <a href=\"http:\/\/vivrelivre19.over-blog.com\/2021\/01\/2021-cette-annee-sera-classique.html\">Blandine<\/a> et <a href=\"https:\/\/delivrer-des-livres.fr\/2021-cette-annee-sera-classique\/\">Nathalie<\/a> #Conte classique<\/p><\/div>\n<div style=\"width: 158px\" class=\"wp-caption alignleft\"><img loading=\"lazy\" decoding=\"async\" class=\"attachment-boston-list-medium  wp-post-image\" src=\"https:\/\/i0.wp.com\/avenuereinemathilde.com\/wp-content\/uploads\/2020\/12\/Challenge-femmes-auteures_paysage-720x380.jpg?resize=203%2C107&amp;ssl=1\" alt=\"challenge 2021 lire au f\u00e9minin\" width=\"148\" height=\"78\" \/><p class=\"wp-caption-text\">Participation #56 au Challenge Lire au f\u00e9minin de <a href=\"https:\/\/avenuereinemathilde.com\/challenge-lire-au-feminin-2021\/\">Tiphanya<\/a> #Autrice\/illustratrice fran\u00e7aises<\/p><\/div>\n<div style=\"width: 147px\" class=\"wp-caption alignleft\"><img loading=\"lazy\" decoding=\"async\" class=\"attachment-baskerville-2-post-image  wp-post-image\" src=\"https:\/\/lelivroblog.files.wordpress.com\/2021\/05\/logo-des-etapes-indiennes-elephant.jpg?w=1000&#038;resize=137%2C91\" sizes=\"auto, (max-width: 1000px) 100vw, 1000px\" srcset=\"https:\/\/lelivroblog.files.wordpress.com\/2021\/05\/logo-des-etapes-indiennes-elephant.jpg 1000w, https:\/\/lelivroblog.files.wordpress.com\/2021\/05\/logo-des-etapes-indiennes-elephant.jpg?w=150 150w, https:\/\/lelivroblog.files.wordpress.com\/2021\/05\/logo-des-etapes-indiennes-elephant.jpg?w=300 300w, https:\/\/lelivroblog.files.wordpress.com\/2021\/05\/logo-des-etapes-indiennes-elephant.jpg?w=768 768w\" alt=\"\" width=\"137\" height=\"91\" data-attachment-id=\"1752\" data-permalink=\"https:\/\/lelivroblog.wordpress.com\/2021\/05\/25\/linde-et-la-litterature-jeunesse-bibliographie-non-exhaustive\/logo-des-etapes-indiennes-elephant\/\" data-orig-file=\"https:\/\/lelivroblog.files.wordpress.com\/2021\/05\/logo-des-etapes-indiennes-elephant.jpg\" data-orig-size=\"1000,666\" data-comments-opened=\"1\" data-image-meta=\"{&quot;aperture&quot;:&quot;4.5&quot;,&quot;credit&quot;:&quot;@KALAL&quot;,&quot;camera&quot;:&quot;Canon EOS 550D&quot;,&quot;caption&quot;:&quot;&quot;,&quot;created_timestamp&quot;:&quot;1399515901&quot;,&quot;copyright&quot;:&quot;&quot;,&quot;focal_length&quot;:&quot;148&quot;,&quot;iso&quot;:&quot;100&quot;,&quot;shutter_speed&quot;:&quot;0.0025&quot;,&quot;title&quot;:&quot;&quot;,&quot;orientation&quot;:&quot;0&quot;}\" data-image-title=\"Logo des \u00e9tapes indiennes \u00e9l\u00e9phant\" data-image-description=\"\" data-medium-file=\"https:\/\/lelivroblog.files.wordpress.com\/2021\/05\/logo-des-etapes-indiennes-elephant.jpg?w=300\" data-large-file=\"https:\/\/lelivroblog.files.wordpress.com\/2021\/05\/logo-des-etapes-indiennes-elephant.jpg?w=736\" data-recalc-dims=\"1\" \/><p class=\"wp-caption-text\">Participation #7 aux \u00c9tapes Indiennes de <a href=\"https:\/\/lelivroblog.wordpress.com\/2021\/03\/18\/billet-recapitulatif-des-etapes-indiennes\/\">Hilde<\/a> et <a href=\"https:\/\/vivrelivre19.over-blog.com\/2021\/05\/billet-recapitulatif-des-etapes-indiennes.html\">Blandine<\/a> #\u00c9tapes n\u00b06 et 8<\/p><\/div>\n","protected":false},"excerpt":{"rendered":"<p>Apr\u00e8s avoir lu La Belle et Ganesh lors du RAT des Contes et l\u00e9gendes d&rsquo;Inde le mois dernier, j&rsquo;ai eu envie de r\u00e9diger un billet th\u00e9matique sur La Belle et la B\u00eate, le th\u00e8me du mois d&rsquo;ao\u00fbt du Challenge 2021, cette ann\u00e9e sera classique \u00e9tant \u00ab\u00a0L&rsquo;Amour\u00a0\u00bb. Finalement je ne fais ce billet qu&rsquo;en septembre autour [&hellip;]<\/p>\n","protected":false},"author":1,"featured_media":20586,"comment_status":"open","ping_status":"open","sticky":false,"template":"","format":"standard","meta":{"jetpack_post_was_ever_published":false,"_jetpack_newsletter_access":"","_jetpack_dont_email_post_to_subs":false,"_jetpack_newsletter_tier_id":0,"_jetpack_memberships_contains_paywalled_content":false,"_jetpack_memberships_contains_paid_content":false,"footnotes":""},"categories":[363],"tags":[1485,2068,785,788,409,777,1226,2702,981,2020,1039,245,485,1530,1205,2346,459,912,814,2704,2700,2699,2703,367,2028,2111,1594,789,780,2701],"class_list":["post-20126","post","type-post","status-publish","format-standard","has-post-thumbnail","hentry","category-mini-lecteur","tag-13-16-ans","tag-2021-cette-annee-sera-classique","tag-3-6-ans","tag-6-9-ans","tag-albums-jeunesse","tag-amour","tag-bd-jeunesse","tag-beaute","tag-chagrin","tag-challenge-contes-et-legendes-2021","tag-colere","tag-contes","tag-contes-detournes","tag-contes-revisites","tag-contes-traditionnels","tag-education","tag-famille","tag-fee","tag-jalousie","tag-jeanne-marie-leprince-de-beaumont","tag-joel-cimarron","tag-la-luciole-masquee","tag-laideur","tag-lecture-jeunesse","tag-les-etapes-indiennes-2021","tag-lire-au-feminin-2021","tag-malediction","tag-romans-jeunesse","tag-sentiments","tag-vertu","post-preview"],"jetpack_featured_media_url":"https:\/\/i0.wp.com\/www.jojoenherbe.com\/wp-content\/uploads\/2021\/09\/Nos-lectures-La-Belle-et-la-Bete-scaled.jpg?fit=2560%2C1920&ssl=1","jetpack_sharing_enabled":true,"jetpack_shortlink":"https:\/\/wp.me\/p9zhGx-5eC","jetpack_likes_enabled":true,"jetpack-related-posts":[{"id":37950,"url":"https:\/\/www.jojoenherbe.com\/index.php\/2025\/01\/09\/throwback-thursday-livresque-conte-de-fee-moderne\/","url_meta":{"origin":20126,"position":0},"title":"Throwback Thursday Livresque: Conte de f\u00e9e moderne","author":"Jojo","date":"9 janvier 2025","format":false,"excerpt":"Ce jeudi 9 janvier 2025, je participe au Throwback Thursday Livresque, un rendez-vous livresque initialement chez Bettie Rose Books et repris depuis par Carole, les liens \u00e9tant \u00e0 d\u00e9poser chez My-Bo0ks. Le principe est de partager chaque jeudi un livre en fonction d\u2019un th\u00e8me donn\u00e9. Cette semaine, le th\u00e8me est\u2026","rel":"","context":"Dans &quot;Mini blogueur&quot;","block_context":{"text":"Mini blogueur","link":"https:\/\/www.jojoenherbe.com\/index.php\/category\/mini-blogueur\/"},"img":{"alt_text":"","src":"https:\/\/i0.wp.com\/www.jojoenherbe.com\/wp-content\/uploads\/2023\/10\/TTL-logo.jpg?resize=350%2C200","width":350,"height":200},"classes":[]},{"id":13276,"url":"https:\/\/www.jojoenherbe.com\/index.php\/2020\/10\/25\/nos-lectures-blanche-neige\/","url_meta":{"origin":20126,"position":1},"title":"Nos lectures \u00ab\u00a0Blanche-Neige\u00a0\u00bb","author":"Jojo","date":"25 octobre 2020","format":false,"excerpt":"Apr\u00e8s avoir lu une nouvelle fois Blanche-Neige, j'ai eu envie de regrouper dans un billet unique nos diff\u00e9rentes lectures de ce conte, que ce soit le conte traditionnel ou son d\u00e9tournement. Ce billet sera ainsi mis \u00e0 jour chaque fois qu'une nouvelle version ou adaptation sera lue de Blanche-Neige. Des\u2026","rel":"","context":"Dans &quot;Mini lecteur&quot;","block_context":{"text":"Mini lecteur","link":"https:\/\/www.jojoenherbe.com\/index.php\/category\/mini-lecteur\/"},"img":{"alt_text":"","src":"https:\/\/i0.wp.com\/www.jojoenherbe.com\/wp-content\/uploads\/2020\/10\/Nos-lectures-Blanche-Neige-2-scaled.jpg?fit=1200%2C874&ssl=1&resize=350%2C200","width":350,"height":200,"srcset":"https:\/\/i0.wp.com\/www.jojoenherbe.com\/wp-content\/uploads\/2020\/10\/Nos-lectures-Blanche-Neige-2-scaled.jpg?fit=1200%2C874&ssl=1&resize=350%2C200 1x, https:\/\/i0.wp.com\/www.jojoenherbe.com\/wp-content\/uploads\/2020\/10\/Nos-lectures-Blanche-Neige-2-scaled.jpg?fit=1200%2C874&ssl=1&resize=525%2C300 1.5x, https:\/\/i0.wp.com\/www.jojoenherbe.com\/wp-content\/uploads\/2020\/10\/Nos-lectures-Blanche-Neige-2-scaled.jpg?fit=1200%2C874&ssl=1&resize=700%2C400 2x, https:\/\/i0.wp.com\/www.jojoenherbe.com\/wp-content\/uploads\/2020\/10\/Nos-lectures-Blanche-Neige-2-scaled.jpg?fit=1200%2C874&ssl=1&resize=1050%2C600 3x"},"classes":[]},{"id":17960,"url":"https:\/\/www.jojoenherbe.com\/index.php\/2021\/04\/28\/nos-lectures-hansel-et-gretel\/","url_meta":{"origin":20126,"position":2},"title":"Nos lectures \u00ab\u00a0H\u00e4nsel et Gretel\u00a0\u00bb","author":"Jojo","date":"28 avril 2021","format":false,"excerpt":"Je continue de compiler les contes traditionnels que nous lisons. Cette fois, il s'agit de diff\u00e9rentes versions de H\u00e4nsel et Gretel. Ce conte traditionnel est paru pour la premi\u00e8re fois dans Les Contes de l'enfance et du foyer des Fr\u00e8res Grimm, en 1812. Les Fr\u00e8res Grimm ont eu m\u00eame modifi\u00e9,\u2026","rel":"","context":"Dans &quot;Mini lecteur&quot;","block_context":{"text":"Mini lecteur","link":"https:\/\/www.jojoenherbe.com\/index.php\/category\/mini-lecteur\/"},"img":{"alt_text":"","src":"https:\/\/i0.wp.com\/www.jojoenherbe.com\/wp-content\/uploads\/2021\/04\/Nos-lectures-Hansel-et-Gretel-scaled.jpg?fit=1200%2C900&ssl=1&resize=350%2C200","width":350,"height":200,"srcset":"https:\/\/i0.wp.com\/www.jojoenherbe.com\/wp-content\/uploads\/2021\/04\/Nos-lectures-Hansel-et-Gretel-scaled.jpg?fit=1200%2C900&ssl=1&resize=350%2C200 1x, https:\/\/i0.wp.com\/www.jojoenherbe.com\/wp-content\/uploads\/2021\/04\/Nos-lectures-Hansel-et-Gretel-scaled.jpg?fit=1200%2C900&ssl=1&resize=525%2C300 1.5x, https:\/\/i0.wp.com\/www.jojoenherbe.com\/wp-content\/uploads\/2021\/04\/Nos-lectures-Hansel-et-Gretel-scaled.jpg?fit=1200%2C900&ssl=1&resize=700%2C400 2x, https:\/\/i0.wp.com\/www.jojoenherbe.com\/wp-content\/uploads\/2021\/04\/Nos-lectures-Hansel-et-Gretel-scaled.jpg?fit=1200%2C900&ssl=1&resize=1050%2C600 3x"},"classes":[]},{"id":20162,"url":"https:\/\/www.jojoenherbe.com\/index.php\/2021\/08\/10\/point-lecture-hebdomadaire-1\/","url_meta":{"origin":20126,"position":3},"title":"Point lecture hebdomadaire #1","author":"Jojo","date":"10 ao\u00fbt 2021","format":false,"excerpt":"Avec ce billet, j'inaugure un nouveau rendez-vous lecture hebdomadaire sur le blog, inspir\u00e9e par Blandine avec son \"C'est lundi, que lisez-vous\" et Bidib avec son carnet de bord du lundi et qui y ajoute aussi ses visionnages de s\u00e9ries et\/ou de films. Depuis un moment, je songeais \u00e0 le faire\u2026","rel":"","context":"Dans &quot;Mini blogueur&quot;","block_context":{"text":"Mini blogueur","link":"https:\/\/www.jojoenherbe.com\/index.php\/category\/mini-blogueur\/"},"img":{"alt_text":"","src":"https:\/\/i0.wp.com\/www.jojoenherbe.com\/wp-content\/uploads\/2021\/08\/Point-lecture-hebdo-1-scaled.jpg?fit=1200%2C900&ssl=1&resize=350%2C200","width":350,"height":200,"srcset":"https:\/\/i0.wp.com\/www.jojoenherbe.com\/wp-content\/uploads\/2021\/08\/Point-lecture-hebdo-1-scaled.jpg?fit=1200%2C900&ssl=1&resize=350%2C200 1x, https:\/\/i0.wp.com\/www.jojoenherbe.com\/wp-content\/uploads\/2021\/08\/Point-lecture-hebdo-1-scaled.jpg?fit=1200%2C900&ssl=1&resize=525%2C300 1.5x, https:\/\/i0.wp.com\/www.jojoenherbe.com\/wp-content\/uploads\/2021\/08\/Point-lecture-hebdo-1-scaled.jpg?fit=1200%2C900&ssl=1&resize=700%2C400 2x, https:\/\/i0.wp.com\/www.jojoenherbe.com\/wp-content\/uploads\/2021\/08\/Point-lecture-hebdo-1-scaled.jpg?fit=1200%2C900&ssl=1&resize=1050%2C600 3x"},"classes":[]},{"id":21156,"url":"https:\/\/www.jojoenherbe.com\/index.php\/2021\/10\/01\/notre-mois-bloguesque-de-septembre-2021\/","url_meta":{"origin":20126,"position":4},"title":"Notre mois bloguesque de septembre 2021","author":"Jojo","date":"1 octobre 2021","format":false,"excerpt":"C'est le d\u00e9but du mois d'octobre alors voici un petit retour bloguesque sur septembre 2021. Apr\u00e8s un mois d\u2019ao\u00fbt entre Nature et lectures, voici le temps de la rentr\u00e9e scolaire et un peu plus tard dans le mois de l\u2019automne. Nos (re)lectures estivales ont laisser place \u00e0 celles automnales. C\u00f4t\u00e9\u2026","rel":"","context":"Dans &quot;Mini blogueur&quot;","block_context":{"text":"Mini blogueur","link":"https:\/\/www.jojoenherbe.com\/index.php\/category\/mini-blogueur\/"},"img":{"alt_text":"","src":"https:\/\/i0.wp.com\/www.jojoenherbe.com\/wp-content\/uploads\/2021\/09\/Selection-septembre-2021-scaled.jpg?fit=1200%2C900&ssl=1&resize=350%2C200","width":350,"height":200,"srcset":"https:\/\/i0.wp.com\/www.jojoenherbe.com\/wp-content\/uploads\/2021\/09\/Selection-septembre-2021-scaled.jpg?fit=1200%2C900&ssl=1&resize=350%2C200 1x, https:\/\/i0.wp.com\/www.jojoenherbe.com\/wp-content\/uploads\/2021\/09\/Selection-septembre-2021-scaled.jpg?fit=1200%2C900&ssl=1&resize=525%2C300 1.5x, https:\/\/i0.wp.com\/www.jojoenherbe.com\/wp-content\/uploads\/2021\/09\/Selection-septembre-2021-scaled.jpg?fit=1200%2C900&ssl=1&resize=700%2C400 2x, https:\/\/i0.wp.com\/www.jojoenherbe.com\/wp-content\/uploads\/2021\/09\/Selection-septembre-2021-scaled.jpg?fit=1200%2C900&ssl=1&resize=1050%2C600 3x"},"classes":[]},{"id":16190,"url":"https:\/\/www.jojoenherbe.com\/index.php\/2021\/03\/02\/au-fil-des-pages-avec-dans-les-yeux\/","url_meta":{"origin":20126,"position":5},"title":"Au fil des pages avec Dans les yeux","author":"Jojo","date":"2 mars 2021","format":false,"excerpt":"J'emprunte \u00e0 la m\u00e9diath\u00e8que Dans les yeux de Philippe Jalbert (\u00e9d. Gautier-Languereau, 2017), un album jeunesse \u00e0 partir de 6 ans et qui revisite le conte du Petit Chaperon rouge. La petite fille par chez sa grand-m\u00e8re \u00e0 travers la for\u00eat et croise un loup. Contrairement au loup qui se\u2026","rel":"","context":"Dans &quot;Mini lecteur&quot;","block_context":{"text":"Mini lecteur","link":"https:\/\/www.jojoenherbe.com\/index.php\/category\/mini-lecteur\/"},"img":{"alt_text":"","src":"https:\/\/i0.wp.com\/www.jojoenherbe.com\/wp-content\/uploads\/2020\/10\/Dans-les-yeux-scaled.jpg?fit=1200%2C1028&ssl=1&resize=350%2C200","width":350,"height":200,"srcset":"https:\/\/i0.wp.com\/www.jojoenherbe.com\/wp-content\/uploads\/2020\/10\/Dans-les-yeux-scaled.jpg?fit=1200%2C1028&ssl=1&resize=350%2C200 1x, https:\/\/i0.wp.com\/www.jojoenherbe.com\/wp-content\/uploads\/2020\/10\/Dans-les-yeux-scaled.jpg?fit=1200%2C1028&ssl=1&resize=525%2C300 1.5x, https:\/\/i0.wp.com\/www.jojoenherbe.com\/wp-content\/uploads\/2020\/10\/Dans-les-yeux-scaled.jpg?fit=1200%2C1028&ssl=1&resize=700%2C400 2x, https:\/\/i0.wp.com\/www.jojoenherbe.com\/wp-content\/uploads\/2020\/10\/Dans-les-yeux-scaled.jpg?fit=1200%2C1028&ssl=1&resize=1050%2C600 3x"},"classes":[]}],"_links":{"self":[{"href":"https:\/\/www.jojoenherbe.com\/index.php\/wp-json\/wp\/v2\/posts\/20126","targetHints":{"allow":["GET"]}}],"collection":[{"href":"https:\/\/www.jojoenherbe.com\/index.php\/wp-json\/wp\/v2\/posts"}],"about":[{"href":"https:\/\/www.jojoenherbe.com\/index.php\/wp-json\/wp\/v2\/types\/post"}],"author":[{"embeddable":true,"href":"https:\/\/www.jojoenherbe.com\/index.php\/wp-json\/wp\/v2\/users\/1"}],"replies":[{"embeddable":true,"href":"https:\/\/www.jojoenherbe.com\/index.php\/wp-json\/wp\/v2\/comments?post=20126"}],"version-history":[{"count":1,"href":"https:\/\/www.jojoenherbe.com\/index.php\/wp-json\/wp\/v2\/posts\/20126\/revisions"}],"predecessor-version":[{"id":37955,"href":"https:\/\/www.jojoenherbe.com\/index.php\/wp-json\/wp\/v2\/posts\/20126\/revisions\/37955"}],"wp:featuredmedia":[{"embeddable":true,"href":"https:\/\/www.jojoenherbe.com\/index.php\/wp-json\/wp\/v2\/media\/20586"}],"wp:attachment":[{"href":"https:\/\/www.jojoenherbe.com\/index.php\/wp-json\/wp\/v2\/media?parent=20126"}],"wp:term":[{"taxonomy":"category","embeddable":true,"href":"https:\/\/www.jojoenherbe.com\/index.php\/wp-json\/wp\/v2\/categories?post=20126"},{"taxonomy":"post_tag","embeddable":true,"href":"https:\/\/www.jojoenherbe.com\/index.php\/wp-json\/wp\/v2\/tags?post=20126"}],"curies":[{"name":"wp","href":"https:\/\/api.w.org\/{rel}","templated":true}]}}