{"id":1944,"date":"2010-04-29T22:17:41","date_gmt":"2010-04-29T20:17:41","guid":{"rendered":"http:\/\/www.jojoenherbe.com\/?p=1944"},"modified":"2018-04-17T09:46:07","modified_gmt":"2018-04-17T07:46:07","slug":"en-bateau-et-a-pieds-au-lac-de-come","status":"publish","type":"post","link":"https:\/\/www.jojoenherbe.com\/index.php\/2010\/04\/29\/en-bateau-et-a-pieds-au-lac-de-come\/","title":{"rendered":"En bateau et \u00e0 pieds au Lac de C\u00f4me"},"content":{"rendered":"<div id=\"attachment_1986\" style=\"width: 160px\" class=\"wp-caption alignleft\"><a href=\"https:\/\/i0.wp.com\/www.jojoenherbe.com\/wp-content\/uploads\/2010\/04\/Bellagio.jpg\"><img data-recalc-dims=\"1\" loading=\"lazy\" decoding=\"async\" aria-describedby=\"caption-attachment-1986\" data-attachment-id=\"1986\" data-permalink=\"https:\/\/www.jojoenherbe.com\/index.php\/2010\/04\/29\/en-bateau-et-a-pieds-au-lac-de-come\/bellagio\/\" data-orig-file=\"https:\/\/i0.wp.com\/www.jojoenherbe.com\/wp-content\/uploads\/2010\/04\/Bellagio.jpg?fit=2592%2C1770&amp;ssl=1\" data-orig-size=\"2592,1770\" data-comments-opened=\"1\" data-image-meta=\"{&quot;aperture&quot;:&quot;5.6&quot;,&quot;credit&quot;:&quot;&quot;,&quot;camera&quot;:&quot;DSC-P100&quot;,&quot;caption&quot;:&quot;&quot;,&quot;created_timestamp&quot;:&quot;1272104832&quot;,&quot;copyright&quot;:&quot;&quot;,&quot;focal_length&quot;:&quot;7.9&quot;,&quot;iso&quot;:&quot;100&quot;,&quot;shutter_speed&quot;:&quot;0.0025&quot;,&quot;title&quot;:&quot;&quot;,&quot;orientation&quot;:&quot;1&quot;}\" data-image-title=\"Bellagio\" data-image-description=\"\" data-image-caption=\"\" data-large-file=\"https:\/\/i0.wp.com\/www.jojoenherbe.com\/wp-content\/uploads\/2010\/04\/Bellagio.jpg?fit=676%2C461&amp;ssl=1\" class=\"wp-image-1986 size-thumbnail\" src=\"https:\/\/i0.wp.com\/www.jojoenherbe.com\/wp-content\/uploads\/2010\/04\/Bellagio.jpg?resize=150%2C150\" alt=\"\" width=\"150\" height=\"150\" srcset=\"https:\/\/i0.wp.com\/www.jojoenherbe.com\/wp-content\/uploads\/2010\/04\/Bellagio.jpg?resize=150%2C150&amp;ssl=1 150w, https:\/\/i0.wp.com\/www.jojoenherbe.com\/wp-content\/uploads\/2010\/04\/Bellagio.jpg?zoom=2&amp;resize=150%2C150 300w, https:\/\/i0.wp.com\/www.jojoenherbe.com\/wp-content\/uploads\/2010\/04\/Bellagio.jpg?zoom=3&amp;resize=150%2C150 450w\" sizes=\"auto, (max-width: 150px) 100vw, 150px\" \/><\/a><p id=\"caption-attachment-1986\" class=\"wp-caption-text\">Bellagio<\/p><\/div>\n<p style=\"text-align: justify;\"><em> <a href=\"https:\/\/i0.wp.com\/www.jojoenherbe.com\/wp-content\/uploads\/2010\/04\/Bellagio-2.jpg\"><img data-recalc-dims=\"1\" loading=\"lazy\" decoding=\"async\" data-attachment-id=\"1983\" data-permalink=\"https:\/\/www.jojoenherbe.com\/index.php\/2010\/04\/29\/en-bateau-et-a-pieds-au-lac-de-come\/bellagio-2\/\" data-orig-file=\"https:\/\/i0.wp.com\/www.jojoenherbe.com\/wp-content\/uploads\/2010\/04\/Bellagio-2.jpg?fit=1944%2C2592&amp;ssl=1\" data-orig-size=\"1944,2592\" data-comments-opened=\"1\" data-image-meta=\"{&quot;aperture&quot;:&quot;5.6&quot;,&quot;credit&quot;:&quot;&quot;,&quot;camera&quot;:&quot;DSC-P100&quot;,&quot;caption&quot;:&quot;&quot;,&quot;created_timestamp&quot;:&quot;1272104874&quot;,&quot;copyright&quot;:&quot;&quot;,&quot;focal_length&quot;:&quot;7.9&quot;,&quot;iso&quot;:&quot;100&quot;,&quot;shutter_speed&quot;:&quot;0.003125&quot;,&quot;title&quot;:&quot;&quot;,&quot;orientation&quot;:&quot;0&quot;}\" data-image-title=\"Bellagio\" data-image-description=\"\" data-image-caption=\"\" data-large-file=\"https:\/\/i0.wp.com\/www.jojoenherbe.com\/wp-content\/uploads\/2010\/04\/Bellagio-2.jpg?fit=676%2C901&amp;ssl=1\" class=\"alignleft size-thumbnail wp-image-1983\" src=\"https:\/\/i0.wp.com\/www.jojoenherbe.com\/wp-content\/uploads\/2010\/04\/Bellagio-2.jpg?resize=150%2C150\" alt=\"\" width=\"150\" height=\"150\" srcset=\"https:\/\/i0.wp.com\/www.jojoenherbe.com\/wp-content\/uploads\/2010\/04\/Bellagio-2.jpg?resize=150%2C150&amp;ssl=1 150w, https:\/\/i0.wp.com\/www.jojoenherbe.com\/wp-content\/uploads\/2010\/04\/Bellagio-2.jpg?zoom=2&amp;resize=150%2C150 300w, https:\/\/i0.wp.com\/www.jojoenherbe.com\/wp-content\/uploads\/2010\/04\/Bellagio-2.jpg?zoom=3&amp;resize=150%2C150 450w\" sizes=\"auto, (max-width: 150px) 100vw, 150px\" \/><\/a> <a href=\"https:\/\/i0.wp.com\/www.jojoenherbe.com\/wp-content\/uploads\/2010\/04\/Bellagio-3.jpg\"><img data-recalc-dims=\"1\" loading=\"lazy\" decoding=\"async\" data-attachment-id=\"1984\" data-permalink=\"https:\/\/www.jojoenherbe.com\/index.php\/2010\/04\/29\/en-bateau-et-a-pieds-au-lac-de-come\/bellagio-3\/\" data-orig-file=\"https:\/\/i0.wp.com\/www.jojoenherbe.com\/wp-content\/uploads\/2010\/04\/Bellagio-3.jpg?fit=1944%2C2592&amp;ssl=1\" data-orig-size=\"1944,2592\" data-comments-opened=\"1\" data-image-meta=\"{&quot;aperture&quot;:&quot;5.6&quot;,&quot;credit&quot;:&quot;&quot;,&quot;camera&quot;:&quot;DSC-P100&quot;,&quot;caption&quot;:&quot;&quot;,&quot;created_timestamp&quot;:&quot;1272104898&quot;,&quot;copyright&quot;:&quot;&quot;,&quot;focal_length&quot;:&quot;7.9&quot;,&quot;iso&quot;:&quot;100&quot;,&quot;shutter_speed&quot;:&quot;0.005&quot;,&quot;title&quot;:&quot;&quot;,&quot;orientation&quot;:&quot;0&quot;}\" data-image-title=\"Bellagio\" data-image-description=\"\" data-image-caption=\"\" data-large-file=\"https:\/\/i0.wp.com\/www.jojoenherbe.com\/wp-content\/uploads\/2010\/04\/Bellagio-3.jpg?fit=676%2C901&amp;ssl=1\" class=\"alignleft size-thumbnail wp-image-1984\" src=\"https:\/\/i0.wp.com\/www.jojoenherbe.com\/wp-content\/uploads\/2010\/04\/Bellagio-3.jpg?resize=150%2C150\" alt=\"\" width=\"150\" height=\"150\" srcset=\"https:\/\/i0.wp.com\/www.jojoenherbe.com\/wp-content\/uploads\/2010\/04\/Bellagio-3.jpg?resize=150%2C150&amp;ssl=1 150w, https:\/\/i0.wp.com\/www.jojoenherbe.com\/wp-content\/uploads\/2010\/04\/Bellagio-3.jpg?zoom=2&amp;resize=150%2C150 300w, https:\/\/i0.wp.com\/www.jojoenherbe.com\/wp-content\/uploads\/2010\/04\/Bellagio-3.jpg?zoom=3&amp;resize=150%2C150 450w\" sizes=\"auto, (max-width: 150px) 100vw, 150px\" \/><\/a>Ce 24 avril 2010, nous quittons \u00e0 pieds l&rsquo;appartement lou\u00e9 dans une petite maison \u00e0 une vingtaine de minutes des embarcad\u00e8res de la station baln\u00e9aire de Bellagio. Nous longeons le bord du lac avant de passer devant les parkings payants en amont du c\u0153ur des ruelles de la commune.<br \/>\n<\/em><\/p>\n<div id=\"attachment_1985\" style=\"width: 160px\" class=\"wp-caption alignright\"><a href=\"https:\/\/i0.wp.com\/www.jojoenherbe.com\/wp-content\/uploads\/2010\/04\/Bellagio-4.jpg\"><img data-recalc-dims=\"1\" loading=\"lazy\" decoding=\"async\" aria-describedby=\"caption-attachment-1985\" data-attachment-id=\"1985\" data-permalink=\"https:\/\/www.jojoenherbe.com\/index.php\/2010\/04\/29\/en-bateau-et-a-pieds-au-lac-de-come\/bellagio-4\/\" data-orig-file=\"https:\/\/i0.wp.com\/www.jojoenherbe.com\/wp-content\/uploads\/2010\/04\/Bellagio-4.jpg?fit=2158%2C1618&amp;ssl=1\" data-orig-size=\"2158,1618\" data-comments-opened=\"1\" data-image-meta=\"{&quot;aperture&quot;:&quot;5.6&quot;,&quot;credit&quot;:&quot;&quot;,&quot;camera&quot;:&quot;DSC-P100&quot;,&quot;caption&quot;:&quot;&quot;,&quot;created_timestamp&quot;:&quot;1272107414&quot;,&quot;copyright&quot;:&quot;&quot;,&quot;focal_length&quot;:&quot;7.9&quot;,&quot;iso&quot;:&quot;100&quot;,&quot;shutter_speed&quot;:&quot;0.002&quot;,&quot;title&quot;:&quot;&quot;,&quot;orientation&quot;:&quot;1&quot;}\" data-image-title=\"Bellagio\" data-image-description=\"\" data-image-caption=\"\" data-large-file=\"https:\/\/i0.wp.com\/www.jojoenherbe.com\/wp-content\/uploads\/2010\/04\/Bellagio-4.jpg?fit=676%2C507&amp;ssl=1\" class=\"wp-image-1985 size-thumbnail\" src=\"https:\/\/i0.wp.com\/www.jojoenherbe.com\/wp-content\/uploads\/2010\/04\/Bellagio-4.jpg?resize=150%2C150\" alt=\"\" width=\"150\" height=\"150\" srcset=\"https:\/\/i0.wp.com\/www.jojoenherbe.com\/wp-content\/uploads\/2010\/04\/Bellagio-4.jpg?resize=150%2C150&amp;ssl=1 150w, https:\/\/i0.wp.com\/www.jojoenherbe.com\/wp-content\/uploads\/2010\/04\/Bellagio-4.jpg?zoom=2&amp;resize=150%2C150 300w, https:\/\/i0.wp.com\/www.jojoenherbe.com\/wp-content\/uploads\/2010\/04\/Bellagio-4.jpg?zoom=3&amp;resize=150%2C150 450w\" sizes=\"auto, (max-width: 150px) 100vw, 150px\" \/><\/a><p id=\"caption-attachment-1985\" class=\"wp-caption-text\">Bellagio &#8211; embarcad\u00e8re<\/p><\/div>\n<p style=\"text-align: justify;\"><em>Nous nous posons en terrasse d&rsquo;un des nombreux caf\u00e9s restaurants en attendant le d\u00e9part du bateau allant de l&rsquo;autre c\u00f4t\u00e9 du lac, \u00e0 Menaggio. Le d\u00e9part est pr\u00e9vu \u00e0 11h30 et nous avons le temps de boire un autre caf\u00e9.<\/em><\/p>\n<div id=\"attachment_1982\" style=\"width: 160px\" class=\"wp-caption alignleft\"><a href=\"https:\/\/i0.wp.com\/www.jojoenherbe.com\/wp-content\/uploads\/2010\/04\/Bellagio-Milan-noir.jpg\"><img data-recalc-dims=\"1\" loading=\"lazy\" decoding=\"async\" aria-describedby=\"caption-attachment-1982\" data-attachment-id=\"1982\" data-permalink=\"https:\/\/www.jojoenherbe.com\/index.php\/2010\/04\/29\/en-bateau-et-a-pieds-au-lac-de-come\/bellagio-milan-noir\/\" data-orig-file=\"https:\/\/i0.wp.com\/www.jojoenherbe.com\/wp-content\/uploads\/2010\/04\/Bellagio-Milan-noir.jpg?fit=391%2C536&amp;ssl=1\" data-orig-size=\"391,536\" data-comments-opened=\"1\" data-image-meta=\"{&quot;aperture&quot;:&quot;10&quot;,&quot;credit&quot;:&quot;&quot;,&quot;camera&quot;:&quot;DSC-P100&quot;,&quot;caption&quot;:&quot;&quot;,&quot;created_timestamp&quot;:&quot;1272109257&quot;,&quot;copyright&quot;:&quot;&quot;,&quot;focal_length&quot;:&quot;23.7&quot;,&quot;iso&quot;:&quot;100&quot;,&quot;shutter_speed&quot;:&quot;0.004&quot;,&quot;title&quot;:&quot;&quot;,&quot;orientation&quot;:&quot;1&quot;}\" data-image-title=\"Bellagio &amp;#8211; Milan noir\" data-image-description=\"\" data-image-caption=\"\" data-large-file=\"https:\/\/i0.wp.com\/www.jojoenherbe.com\/wp-content\/uploads\/2010\/04\/Bellagio-Milan-noir.jpg?fit=391%2C536&amp;ssl=1\" class=\"wp-image-1982 size-thumbnail\" src=\"https:\/\/i0.wp.com\/www.jojoenherbe.com\/wp-content\/uploads\/2010\/04\/Bellagio-Milan-noir.jpg?resize=150%2C150\" alt=\"\" width=\"150\" height=\"150\" srcset=\"https:\/\/i0.wp.com\/www.jojoenherbe.com\/wp-content\/uploads\/2010\/04\/Bellagio-Milan-noir.jpg?resize=150%2C150&amp;ssl=1 150w, https:\/\/i0.wp.com\/www.jojoenherbe.com\/wp-content\/uploads\/2010\/04\/Bellagio-Milan-noir.jpg?zoom=2&amp;resize=150%2C150 300w\" sizes=\"auto, (max-width: 150px) 100vw, 150px\" \/><\/a><p id=\"caption-attachment-1982\" class=\"wp-caption-text\">Milan noir &#8211; Bellagio<\/p><\/div>\n<p style=\"text-align: justify;\"><em> <a href=\"https:\/\/i0.wp.com\/www.jojoenherbe.com\/wp-content\/uploads\/2010\/04\/Bellagio-Milan-noir-2.jpg\"><img data-recalc-dims=\"1\" loading=\"lazy\" decoding=\"async\" data-attachment-id=\"1981\" data-permalink=\"https:\/\/www.jojoenherbe.com\/index.php\/2010\/04\/29\/en-bateau-et-a-pieds-au-lac-de-come\/bellagio-milan-noir-2\/\" data-orig-file=\"https:\/\/i0.wp.com\/www.jojoenherbe.com\/wp-content\/uploads\/2010\/04\/Bellagio-Milan-noir-2.jpg?fit=461%2C530&amp;ssl=1\" data-orig-size=\"461,530\" data-comments-opened=\"1\" data-image-meta=\"{&quot;aperture&quot;:&quot;10&quot;,&quot;credit&quot;:&quot;&quot;,&quot;camera&quot;:&quot;DSC-P100&quot;,&quot;caption&quot;:&quot;&quot;,&quot;created_timestamp&quot;:&quot;1272109262&quot;,&quot;copyright&quot;:&quot;&quot;,&quot;focal_length&quot;:&quot;23.7&quot;,&quot;iso&quot;:&quot;100&quot;,&quot;shutter_speed&quot;:&quot;0.005&quot;,&quot;title&quot;:&quot;&quot;,&quot;orientation&quot;:&quot;1&quot;}\" data-image-title=\"Bellagio &amp;#8211; Milan noir\" data-image-description=\"\" data-image-caption=\"\" data-large-file=\"https:\/\/i0.wp.com\/www.jojoenherbe.com\/wp-content\/uploads\/2010\/04\/Bellagio-Milan-noir-2.jpg?fit=461%2C530&amp;ssl=1\" class=\"alignleft size-thumbnail wp-image-1981\" src=\"https:\/\/i0.wp.com\/www.jojoenherbe.com\/wp-content\/uploads\/2010\/04\/Bellagio-Milan-noir-2.jpg?resize=150%2C150\" alt=\"\" width=\"150\" height=\"150\" srcset=\"https:\/\/i0.wp.com\/www.jojoenherbe.com\/wp-content\/uploads\/2010\/04\/Bellagio-Milan-noir-2.jpg?resize=150%2C150&amp;ssl=1 150w, https:\/\/i0.wp.com\/www.jojoenherbe.com\/wp-content\/uploads\/2010\/04\/Bellagio-Milan-noir-2.jpg?zoom=2&amp;resize=150%2C150 300w, https:\/\/i0.wp.com\/www.jojoenherbe.com\/wp-content\/uploads\/2010\/04\/Bellagio-Milan-noir-2.jpg?zoom=3&amp;resize=150%2C150 450w\" sizes=\"auto, (max-width: 150px) 100vw, 150px\" \/><\/a>Le bateau est bien rempli. Un milan noir, peu farouche, virevolte au-dessus de nos t\u00eates \u00e0 l&rsquo;avant du bateau. Il suit un court instant le bateau quittant Bellagio, dans l&rsquo;espoir peut-\u00eatre d&rsquo;attraper quelques proies faciles. <\/em><\/p>\n<div id=\"attachment_2091\" style=\"width: 160px\" class=\"wp-caption alignright\"><a href=\"https:\/\/i0.wp.com\/www.jojoenherbe.com\/wp-content\/uploads\/2010\/04\/Varenna.jpg\"><img data-recalc-dims=\"1\" loading=\"lazy\" decoding=\"async\" aria-describedby=\"caption-attachment-2091\" data-attachment-id=\"2091\" data-permalink=\"https:\/\/www.jojoenherbe.com\/index.php\/2010\/04\/29\/en-bateau-et-a-pieds-au-lac-de-come\/varenna\/\" data-orig-file=\"https:\/\/i0.wp.com\/www.jojoenherbe.com\/wp-content\/uploads\/2010\/04\/Varenna.jpg?fit=2592%2C1944&amp;ssl=1\" data-orig-size=\"2592,1944\" data-comments-opened=\"1\" data-image-meta=\"{&quot;aperture&quot;:&quot;5.6&quot;,&quot;credit&quot;:&quot;&quot;,&quot;camera&quot;:&quot;DSC-P100&quot;,&quot;caption&quot;:&quot;&quot;,&quot;created_timestamp&quot;:&quot;1272109894&quot;,&quot;copyright&quot;:&quot;&quot;,&quot;focal_length&quot;:&quot;9.2&quot;,&quot;iso&quot;:&quot;100&quot;,&quot;shutter_speed&quot;:&quot;0.0025&quot;,&quot;title&quot;:&quot;&quot;,&quot;orientation&quot;:&quot;1&quot;}\" data-image-title=\"Varenna\" data-image-description=\"\" data-image-caption=\"&lt;p&gt;Varenna&lt;\/p&gt;\n\" data-large-file=\"https:\/\/i0.wp.com\/www.jojoenherbe.com\/wp-content\/uploads\/2010\/04\/Varenna.jpg?fit=676%2C507&amp;ssl=1\" class=\"size-thumbnail wp-image-2091\" src=\"https:\/\/i0.wp.com\/www.jojoenherbe.com\/wp-content\/uploads\/2010\/04\/Varenna.jpg?resize=150%2C150\" alt=\"\" width=\"150\" height=\"150\" srcset=\"https:\/\/i0.wp.com\/www.jojoenherbe.com\/wp-content\/uploads\/2010\/04\/Varenna.jpg?resize=150%2C150&amp;ssl=1 150w, https:\/\/i0.wp.com\/www.jojoenherbe.com\/wp-content\/uploads\/2010\/04\/Varenna.jpg?zoom=2&amp;resize=150%2C150 300w, https:\/\/i0.wp.com\/www.jojoenherbe.com\/wp-content\/uploads\/2010\/04\/Varenna.jpg?zoom=3&amp;resize=150%2C150 450w\" sizes=\"auto, (max-width: 150px) 100vw, 150px\" \/><\/a><p id=\"caption-attachment-2091\" class=\"wp-caption-text\">Varenna<\/p><\/div>\n<p style=\"text-align: justify;\"><em>Nous ne savons pas o\u00f9 porter le regard tellement les points de vue sur le lac et les montagnes sont magnifiques, malgr\u00e9 le temps nuageux. Le bateau fait escale \u00e0 Varenna et se vide un peu mais nous ne descendons pas.<\/em><\/p>\n<p style=\"text-align: justify;\"><em><a href=\"https:\/\/i0.wp.com\/www.jojoenherbe.com\/wp-content\/uploads\/2010\/04\/Menaggio-2.jpg\"><img data-recalc-dims=\"1\" loading=\"lazy\" decoding=\"async\" data-attachment-id=\"2073\" data-permalink=\"https:\/\/www.jojoenherbe.com\/index.php\/2010\/04\/29\/en-bateau-et-a-pieds-au-lac-de-come\/menaggio-2\/\" data-orig-file=\"https:\/\/i0.wp.com\/www.jojoenherbe.com\/wp-content\/uploads\/2010\/04\/Menaggio-2.jpg?fit=1944%2C2592&amp;ssl=1\" data-orig-size=\"1944,2592\" data-comments-opened=\"1\" data-image-meta=\"{&quot;aperture&quot;:&quot;5.6&quot;,&quot;credit&quot;:&quot;&quot;,&quot;camera&quot;:&quot;DSC-P100&quot;,&quot;caption&quot;:&quot;&quot;,&quot;created_timestamp&quot;:&quot;1272110970&quot;,&quot;copyright&quot;:&quot;&quot;,&quot;focal_length&quot;:&quot;7.9&quot;,&quot;iso&quot;:&quot;100&quot;,&quot;shutter_speed&quot;:&quot;0.004&quot;,&quot;title&quot;:&quot;&quot;,&quot;orientation&quot;:&quot;0&quot;}\" data-image-title=\"Menaggio\" data-image-description=\"\" data-image-caption=\"\" data-large-file=\"https:\/\/i0.wp.com\/www.jojoenherbe.com\/wp-content\/uploads\/2010\/04\/Menaggio-2.jpg?fit=676%2C901&amp;ssl=1\" class=\"alignleft size-thumbnail wp-image-2073\" src=\"https:\/\/i0.wp.com\/www.jojoenherbe.com\/wp-content\/uploads\/2010\/04\/Menaggio-2.jpg?resize=150%2C150\" alt=\"\" width=\"150\" height=\"150\" srcset=\"https:\/\/i0.wp.com\/www.jojoenherbe.com\/wp-content\/uploads\/2010\/04\/Menaggio-2.jpg?resize=150%2C150&amp;ssl=1 150w, https:\/\/i0.wp.com\/www.jojoenherbe.com\/wp-content\/uploads\/2010\/04\/Menaggio-2.jpg?zoom=2&amp;resize=150%2C150 300w, https:\/\/i0.wp.com\/www.jojoenherbe.com\/wp-content\/uploads\/2010\/04\/Menaggio-2.jpg?zoom=3&amp;resize=150%2C150 450w\" sizes=\"auto, (max-width: 150px) 100vw, 150px\" \/><\/a> <a href=\"https:\/\/i0.wp.com\/www.jojoenherbe.com\/wp-content\/uploads\/2010\/04\/Menaggio-4.jpg\"><img data-recalc-dims=\"1\" loading=\"lazy\" decoding=\"async\" data-attachment-id=\"2075\" data-permalink=\"https:\/\/www.jojoenherbe.com\/index.php\/2010\/04\/29\/en-bateau-et-a-pieds-au-lac-de-come\/menaggio-4\/\" data-orig-file=\"https:\/\/i0.wp.com\/www.jojoenherbe.com\/wp-content\/uploads\/2010\/04\/Menaggio-4.jpg?fit=1705%2C1939&amp;ssl=1\" data-orig-size=\"1705,1939\" data-comments-opened=\"1\" data-image-meta=\"{&quot;aperture&quot;:&quot;5.6&quot;,&quot;credit&quot;:&quot;&quot;,&quot;camera&quot;:&quot;DSC-P100&quot;,&quot;caption&quot;:&quot;&quot;,&quot;created_timestamp&quot;:&quot;1272111716&quot;,&quot;copyright&quot;:&quot;&quot;,&quot;focal_length&quot;:&quot;9.2&quot;,&quot;iso&quot;:&quot;100&quot;,&quot;shutter_speed&quot;:&quot;0.0015625&quot;,&quot;title&quot;:&quot;&quot;,&quot;orientation&quot;:&quot;1&quot;}\" data-image-title=\"Menaggio\" data-image-description=\"\" data-image-caption=\"\" data-large-file=\"https:\/\/i0.wp.com\/www.jojoenherbe.com\/wp-content\/uploads\/2010\/04\/Menaggio-4.jpg?fit=676%2C769&amp;ssl=1\" class=\"alignleft size-thumbnail wp-image-2075\" src=\"https:\/\/i0.wp.com\/www.jojoenherbe.com\/wp-content\/uploads\/2010\/04\/Menaggio-4.jpg?resize=150%2C150\" alt=\"\" width=\"150\" height=\"150\" srcset=\"https:\/\/i0.wp.com\/www.jojoenherbe.com\/wp-content\/uploads\/2010\/04\/Menaggio-4.jpg?resize=150%2C150&amp;ssl=1 150w, https:\/\/i0.wp.com\/www.jojoenherbe.com\/wp-content\/uploads\/2010\/04\/Menaggio-4.jpg?zoom=2&amp;resize=150%2C150 300w, https:\/\/i0.wp.com\/www.jojoenherbe.com\/wp-content\/uploads\/2010\/04\/Menaggio-4.jpg?zoom=3&amp;resize=150%2C150 450w\" sizes=\"auto, (max-width: 150px) 100vw, 150px\" \/><\/a> <a href=\"https:\/\/i0.wp.com\/www.jojoenherbe.com\/wp-content\/uploads\/2010\/04\/Menaggio-5.jpg\"><img data-recalc-dims=\"1\" loading=\"lazy\" decoding=\"async\" data-attachment-id=\"2076\" data-permalink=\"https:\/\/www.jojoenherbe.com\/index.php\/2010\/04\/29\/en-bateau-et-a-pieds-au-lac-de-come\/menaggio-5\/\" data-orig-file=\"https:\/\/i0.wp.com\/www.jojoenherbe.com\/wp-content\/uploads\/2010\/04\/Menaggio-5.jpg?fit=1944%2C2592&amp;ssl=1\" data-orig-size=\"1944,2592\" data-comments-opened=\"1\" data-image-meta=\"{&quot;aperture&quot;:&quot;5.6&quot;,&quot;credit&quot;:&quot;&quot;,&quot;camera&quot;:&quot;DSC-P100&quot;,&quot;caption&quot;:&quot;&quot;,&quot;created_timestamp&quot;:&quot;1272123826&quot;,&quot;copyright&quot;:&quot;&quot;,&quot;focal_length&quot;:&quot;7.9&quot;,&quot;iso&quot;:&quot;100&quot;,&quot;shutter_speed&quot;:&quot;0.016666666666667&quot;,&quot;title&quot;:&quot;&quot;,&quot;orientation&quot;:&quot;0&quot;}\" data-image-title=\"Menaggio\" data-image-description=\"\" data-image-caption=\"\" data-large-file=\"https:\/\/i0.wp.com\/www.jojoenherbe.com\/wp-content\/uploads\/2010\/04\/Menaggio-5.jpg?fit=676%2C901&amp;ssl=1\" class=\"alignleft size-thumbnail wp-image-2076\" src=\"https:\/\/i0.wp.com\/www.jojoenherbe.com\/wp-content\/uploads\/2010\/04\/Menaggio-5.jpg?resize=150%2C150\" alt=\"\" width=\"150\" height=\"150\" srcset=\"https:\/\/i0.wp.com\/www.jojoenherbe.com\/wp-content\/uploads\/2010\/04\/Menaggio-5.jpg?resize=150%2C150&amp;ssl=1 150w, https:\/\/i0.wp.com\/www.jojoenherbe.com\/wp-content\/uploads\/2010\/04\/Menaggio-5.jpg?zoom=2&amp;resize=150%2C150 300w, https:\/\/i0.wp.com\/www.jojoenherbe.com\/wp-content\/uploads\/2010\/04\/Menaggio-5.jpg?zoom=3&amp;resize=150%2C150 450w\" sizes=\"auto, (max-width: 150px) 100vw, 150px\" \/><\/a>Une trentaine de minutes de travers\u00e9e plus tard, nous d\u00e9barquons \u00e0 Menaggio. Les glycines de la promenade am\u00e9nag\u00e9e donnent un ton tr\u00e8s romantique aux lieux. <\/em><\/p>\n<div id=\"attachment_2072\" style=\"width: 160px\" class=\"wp-caption alignright\"><a href=\"https:\/\/i0.wp.com\/www.jojoenherbe.com\/wp-content\/uploads\/2010\/04\/Menaggio-Aux-tisserandes-de-la-soie.jpg\"><img data-recalc-dims=\"1\" loading=\"lazy\" decoding=\"async\" aria-describedby=\"caption-attachment-2072\" data-attachment-id=\"2072\" data-permalink=\"https:\/\/www.jojoenherbe.com\/index.php\/2010\/04\/29\/en-bateau-et-a-pieds-au-lac-de-come\/menaggio-aux-tisserandes-de-la-soie\/\" data-orig-file=\"https:\/\/i0.wp.com\/www.jojoenherbe.com\/wp-content\/uploads\/2010\/04\/Menaggio-Aux-tisserandes-de-la-soie.jpg?fit=1944%2C2592&amp;ssl=1\" data-orig-size=\"1944,2592\" data-comments-opened=\"1\" data-image-meta=\"{&quot;aperture&quot;:&quot;5.6&quot;,&quot;credit&quot;:&quot;&quot;,&quot;camera&quot;:&quot;DSC-P100&quot;,&quot;caption&quot;:&quot;&quot;,&quot;created_timestamp&quot;:&quot;1272112054&quot;,&quot;copyright&quot;:&quot;&quot;,&quot;focal_length&quot;:&quot;7.9&quot;,&quot;iso&quot;:&quot;100&quot;,&quot;shutter_speed&quot;:&quot;0.00125&quot;,&quot;title&quot;:&quot;&quot;,&quot;orientation&quot;:&quot;0&quot;}\" data-image-title=\"Menaggio &amp;#8211; Aux tisserandes de la soie\" data-image-description=\"\" data-image-caption=\"&lt;p&gt;Menaggio &amp;#8211; \u00ab\u00a0Aux tisserandes de la soie\u00a0\u00bb&lt;\/p&gt;\n\" data-large-file=\"https:\/\/i0.wp.com\/www.jojoenherbe.com\/wp-content\/uploads\/2010\/04\/Menaggio-Aux-tisserandes-de-la-soie.jpg?fit=676%2C901&amp;ssl=1\" class=\"size-thumbnail wp-image-2072\" src=\"https:\/\/i0.wp.com\/www.jojoenherbe.com\/wp-content\/uploads\/2010\/04\/Menaggio-Aux-tisserandes-de-la-soie.jpg?resize=150%2C150\" alt=\"\" width=\"150\" height=\"150\" srcset=\"https:\/\/i0.wp.com\/www.jojoenherbe.com\/wp-content\/uploads\/2010\/04\/Menaggio-Aux-tisserandes-de-la-soie.jpg?resize=150%2C150&amp;ssl=1 150w, https:\/\/i0.wp.com\/www.jojoenherbe.com\/wp-content\/uploads\/2010\/04\/Menaggio-Aux-tisserandes-de-la-soie.jpg?zoom=2&amp;resize=150%2C150 300w, https:\/\/i0.wp.com\/www.jojoenherbe.com\/wp-content\/uploads\/2010\/04\/Menaggio-Aux-tisserandes-de-la-soie.jpg?zoom=3&amp;resize=150%2C150 450w\" sizes=\"auto, (max-width: 150px) 100vw, 150px\" \/><\/a><p id=\"caption-attachment-2072\" class=\"wp-caption-text\">Menaggio &#8211; \u00ab\u00a0Aux tisserandes de la soie\u00a0\u00bb<\/p><\/div>\n<p style=\"text-align: justify;\"><em>Nous l&#8217;empruntons un court moment jusqu&rsquo;au monument en m\u00e9moire des tisserandes de soie. En effet, il existait plusieurs tissanderies autour du lac de C\u00f4me et notamment \u00e0 C\u00f4me consid\u00e9r\u00e9 comme capitale de la soie en Lombardie.<br \/>\n<\/em><\/p>\n<p style=\"text-align: justify;\"><em><a href=\"https:\/\/i0.wp.com\/www.jojoenherbe.com\/wp-content\/uploads\/2010\/04\/randonn%C3%A9e-%C3%A0-Menaggio.jpg\"><img data-recalc-dims=\"1\" loading=\"lazy\" decoding=\"async\" data-attachment-id=\"2090\" data-permalink=\"https:\/\/www.jojoenherbe.com\/index.php\/2010\/04\/29\/en-bateau-et-a-pieds-au-lac-de-come\/randonnee-a-menaggio\/\" data-orig-file=\"https:\/\/i0.wp.com\/www.jojoenherbe.com\/wp-content\/uploads\/2010\/04\/randonn%C3%A9e-%C3%A0-Menaggio.jpg?fit=1944%2C2592&amp;ssl=1\" data-orig-size=\"1944,2592\" data-comments-opened=\"1\" data-image-meta=\"{&quot;aperture&quot;:&quot;5.6&quot;,&quot;credit&quot;:&quot;&quot;,&quot;camera&quot;:&quot;DSC-P100&quot;,&quot;caption&quot;:&quot;&quot;,&quot;created_timestamp&quot;:&quot;1272113391&quot;,&quot;copyright&quot;:&quot;&quot;,&quot;focal_length&quot;:&quot;7.9&quot;,&quot;iso&quot;:&quot;100&quot;,&quot;shutter_speed&quot;:&quot;0.002&quot;,&quot;title&quot;:&quot;&quot;,&quot;orientation&quot;:&quot;0&quot;}\" data-image-title=\"randonn\u00e9e \u00e0 Menaggio\" data-image-description=\"\" data-image-caption=\"\" data-large-file=\"https:\/\/i0.wp.com\/www.jojoenherbe.com\/wp-content\/uploads\/2010\/04\/randonn%C3%A9e-%C3%A0-Menaggio.jpg?fit=676%2C901&amp;ssl=1\" class=\"size-thumbnail wp-image-2090 alignleft\" src=\"https:\/\/i0.wp.com\/www.jojoenherbe.com\/wp-content\/uploads\/2010\/04\/randonn%C3%A9e-%C3%A0-Menaggio.jpg?resize=150%2C150\" alt=\"\" width=\"150\" height=\"150\" srcset=\"https:\/\/i0.wp.com\/www.jojoenherbe.com\/wp-content\/uploads\/2010\/04\/randonn%C3%A9e-%C3%A0-Menaggio.jpg?resize=150%2C150&amp;ssl=1 150w, https:\/\/i0.wp.com\/www.jojoenherbe.com\/wp-content\/uploads\/2010\/04\/randonn%C3%A9e-%C3%A0-Menaggio.jpg?zoom=2&amp;resize=150%2C150 300w, https:\/\/i0.wp.com\/www.jojoenherbe.com\/wp-content\/uploads\/2010\/04\/randonn%C3%A9e-%C3%A0-Menaggio.jpg?zoom=3&amp;resize=150%2C150 450w\" sizes=\"auto, (max-width: 150px) 100vw, 150px\" \/><\/a> <a href=\"https:\/\/i0.wp.com\/www.jojoenherbe.com\/wp-content\/uploads\/2010\/04\/randonn%C3%A9e-%C3%A0-Menaggio-2.jpg\"><img data-recalc-dims=\"1\" loading=\"lazy\" decoding=\"async\" data-attachment-id=\"2082\" data-permalink=\"https:\/\/www.jojoenherbe.com\/index.php\/2010\/04\/29\/en-bateau-et-a-pieds-au-lac-de-come\/randonnee-a-menaggio-2\/\" data-orig-file=\"https:\/\/i0.wp.com\/www.jojoenherbe.com\/wp-content\/uploads\/2010\/04\/randonn%C3%A9e-%C3%A0-Menaggio-2.jpg?fit=2592%2C1944&amp;ssl=1\" data-orig-size=\"2592,1944\" data-comments-opened=\"1\" data-image-meta=\"{&quot;aperture&quot;:&quot;5.6&quot;,&quot;credit&quot;:&quot;&quot;,&quot;camera&quot;:&quot;DSC-P100&quot;,&quot;caption&quot;:&quot;&quot;,&quot;created_timestamp&quot;:&quot;1272113402&quot;,&quot;copyright&quot;:&quot;&quot;,&quot;focal_length&quot;:&quot;7.9&quot;,&quot;iso&quot;:&quot;100&quot;,&quot;shutter_speed&quot;:&quot;0.0025&quot;,&quot;title&quot;:&quot;&quot;,&quot;orientation&quot;:&quot;1&quot;}\" data-image-title=\"randonn\u00e9e \u00e0 Menaggio\" data-image-description=\"\" data-image-caption=\"\" data-large-file=\"https:\/\/i0.wp.com\/www.jojoenherbe.com\/wp-content\/uploads\/2010\/04\/randonn%C3%A9e-%C3%A0-Menaggio-2.jpg?fit=676%2C507&amp;ssl=1\" class=\"size-thumbnail wp-image-2082 alignleft\" src=\"https:\/\/i0.wp.com\/www.jojoenherbe.com\/wp-content\/uploads\/2010\/04\/randonn%C3%A9e-%C3%A0-Menaggio-2.jpg?resize=150%2C150\" alt=\"\" width=\"150\" height=\"150\" srcset=\"https:\/\/i0.wp.com\/www.jojoenherbe.com\/wp-content\/uploads\/2010\/04\/randonn%C3%A9e-%C3%A0-Menaggio-2.jpg?resize=150%2C150&amp;ssl=1 150w, https:\/\/i0.wp.com\/www.jojoenherbe.com\/wp-content\/uploads\/2010\/04\/randonn%C3%A9e-%C3%A0-Menaggio-2.jpg?zoom=2&amp;resize=150%2C150 300w, https:\/\/i0.wp.com\/www.jojoenherbe.com\/wp-content\/uploads\/2010\/04\/randonn%C3%A9e-%C3%A0-Menaggio-2.jpg?zoom=3&amp;resize=150%2C150 450w\" sizes=\"auto, (max-width: 150px) 100vw, 150px\" \/><\/a> <a href=\"https:\/\/i0.wp.com\/www.jojoenherbe.com\/wp-content\/uploads\/2010\/04\/randonn%C3%A9e-%C3%A0-Menaggio-3.jpg\"><img data-recalc-dims=\"1\" loading=\"lazy\" decoding=\"async\" data-attachment-id=\"2083\" data-permalink=\"https:\/\/www.jojoenherbe.com\/index.php\/2010\/04\/29\/en-bateau-et-a-pieds-au-lac-de-come\/randonnee-a-menaggio-3\/\" data-orig-file=\"https:\/\/i0.wp.com\/www.jojoenherbe.com\/wp-content\/uploads\/2010\/04\/randonn%C3%A9e-%C3%A0-Menaggio-3.jpg?fit=1944%2C2592&amp;ssl=1\" data-orig-size=\"1944,2592\" data-comments-opened=\"1\" data-image-meta=\"{&quot;aperture&quot;:&quot;8&quot;,&quot;credit&quot;:&quot;&quot;,&quot;camera&quot;:&quot;DSC-P100&quot;,&quot;caption&quot;:&quot;&quot;,&quot;created_timestamp&quot;:&quot;1272113430&quot;,&quot;copyright&quot;:&quot;&quot;,&quot;focal_length&quot;:&quot;15.1&quot;,&quot;iso&quot;:&quot;100&quot;,&quot;shutter_speed&quot;:&quot;0.005&quot;,&quot;title&quot;:&quot;&quot;,&quot;orientation&quot;:&quot;0&quot;}\" data-image-title=\"randonn\u00e9e \u00e0 Menaggio\" data-image-description=\"\" data-image-caption=\"\" data-large-file=\"https:\/\/i0.wp.com\/www.jojoenherbe.com\/wp-content\/uploads\/2010\/04\/randonn%C3%A9e-%C3%A0-Menaggio-3.jpg?fit=676%2C901&amp;ssl=1\" class=\"size-thumbnail wp-image-2083 alignleft\" src=\"https:\/\/i0.wp.com\/www.jojoenherbe.com\/wp-content\/uploads\/2010\/04\/randonn%C3%A9e-%C3%A0-Menaggio-3.jpg?resize=150%2C150\" alt=\"\" width=\"150\" height=\"150\" srcset=\"https:\/\/i0.wp.com\/www.jojoenherbe.com\/wp-content\/uploads\/2010\/04\/randonn%C3%A9e-%C3%A0-Menaggio-3.jpg?resize=150%2C150&amp;ssl=1 150w, https:\/\/i0.wp.com\/www.jojoenherbe.com\/wp-content\/uploads\/2010\/04\/randonn%C3%A9e-%C3%A0-Menaggio-3.jpg?zoom=2&amp;resize=150%2C150 300w, https:\/\/i0.wp.com\/www.jojoenherbe.com\/wp-content\/uploads\/2010\/04\/randonn%C3%A9e-%C3%A0-Menaggio-3.jpg?zoom=3&amp;resize=150%2C150 450w\" sizes=\"auto, (max-width: 150px) 100vw, 150px\" \/><\/a>Nous avons peu de temps devant nous et d\u00e9cidons de nous \u00e9loigner de la foule de touristes. Nous laissons les terrasses remplies de la Piazza Garibaldi. Nous partons explorer les hauteurs de la commune jusqu&rsquo;\u00e0 trouver des d\u00e9parts de randonn\u00e9es. <\/em><\/p>\n<p style=\"text-align: justify;\"><em><a href=\"https:\/\/i0.wp.com\/www.jojoenherbe.com\/wp-content\/uploads\/2010\/04\/randonn%C3%A9e-%C3%A0-Menaggio-4.jpg\"><img data-recalc-dims=\"1\" loading=\"lazy\" decoding=\"async\" data-attachment-id=\"2084\" data-permalink=\"https:\/\/www.jojoenherbe.com\/index.php\/2010\/04\/29\/en-bateau-et-a-pieds-au-lac-de-come\/randonnee-a-menaggio-4\/\" data-orig-file=\"https:\/\/i0.wp.com\/www.jojoenherbe.com\/wp-content\/uploads\/2010\/04\/randonn%C3%A9e-%C3%A0-Menaggio-4.jpg?fit=1975%2C1242&amp;ssl=1\" data-orig-size=\"1975,1242\" data-comments-opened=\"1\" data-image-meta=\"{&quot;aperture&quot;:&quot;5.6&quot;,&quot;credit&quot;:&quot;&quot;,&quot;camera&quot;:&quot;DSC-P100&quot;,&quot;caption&quot;:&quot;&quot;,&quot;created_timestamp&quot;:&quot;1272113546&quot;,&quot;copyright&quot;:&quot;&quot;,&quot;focal_length&quot;:&quot;7.9&quot;,&quot;iso&quot;:&quot;100&quot;,&quot;shutter_speed&quot;:&quot;0.0025&quot;,&quot;title&quot;:&quot;&quot;,&quot;orientation&quot;:&quot;1&quot;}\" data-image-title=\"randonn\u00e9e \u00e0 Menaggio\" data-image-description=\"\" data-image-caption=\"\" data-large-file=\"https:\/\/i0.wp.com\/www.jojoenherbe.com\/wp-content\/uploads\/2010\/04\/randonn%C3%A9e-%C3%A0-Menaggio-4.jpg?fit=676%2C425&amp;ssl=1\" class=\"size-thumbnail wp-image-2084 alignright\" src=\"https:\/\/i0.wp.com\/www.jojoenherbe.com\/wp-content\/uploads\/2010\/04\/randonn%C3%A9e-%C3%A0-Menaggio-4.jpg?resize=150%2C150\" alt=\"\" width=\"150\" height=\"150\" srcset=\"https:\/\/i0.wp.com\/www.jojoenherbe.com\/wp-content\/uploads\/2010\/04\/randonn%C3%A9e-%C3%A0-Menaggio-4.jpg?resize=150%2C150&amp;ssl=1 150w, https:\/\/i0.wp.com\/www.jojoenherbe.com\/wp-content\/uploads\/2010\/04\/randonn%C3%A9e-%C3%A0-Menaggio-4.jpg?zoom=2&amp;resize=150%2C150 300w, https:\/\/i0.wp.com\/www.jojoenherbe.com\/wp-content\/uploads\/2010\/04\/randonn%C3%A9e-%C3%A0-Menaggio-4.jpg?zoom=3&amp;resize=150%2C150 450w\" sizes=\"auto, (max-width: 150px) 100vw, 150px\" \/><\/a>Nous passons par la Via Castellino da Castello. Il ne reste que des ruines du ch\u00e2teau d\u00e9truit au cours du XVIe si\u00e8cle. Au niveau du n\u00b056 de la rue, nous pouvons voir sur la fa\u00e7ade une sculpture datant du XIe si\u00e8cle et repr\u00e9sentant un couple sur un f\u00e9lin ail\u00e9. D&rsquo;ailleurs Menaggio a \u00e9t\u00e9, d\u00e8s l&rsquo;\u00e9poque romaine, un centre important avec la construction de la Via Regina, route qui permettait d&rsquo;aller du lac de C\u00f4me aux cols alpins.<br \/>\n<\/em><\/p>\n<p style=\"text-align: justify;\"><em><a href=\"https:\/\/i0.wp.com\/www.jojoenherbe.com\/wp-content\/uploads\/2010\/04\/randonn%C3%A9e-%C3%A0-Menaggio-7.jpg\"><img data-recalc-dims=\"1\" loading=\"lazy\" decoding=\"async\" data-attachment-id=\"2087\" data-permalink=\"https:\/\/www.jojoenherbe.com\/index.php\/2010\/04\/29\/en-bateau-et-a-pieds-au-lac-de-come\/randonnee-a-menaggio-7\/\" data-orig-file=\"https:\/\/i0.wp.com\/www.jojoenherbe.com\/wp-content\/uploads\/2010\/04\/randonn%C3%A9e-%C3%A0-Menaggio-7.jpg?fit=1944%2C2592&amp;ssl=1\" data-orig-size=\"1944,2592\" data-comments-opened=\"1\" data-image-meta=\"{&quot;aperture&quot;:&quot;5.6&quot;,&quot;credit&quot;:&quot;&quot;,&quot;camera&quot;:&quot;DSC-P100&quot;,&quot;caption&quot;:&quot;&quot;,&quot;created_timestamp&quot;:&quot;1272122256&quot;,&quot;copyright&quot;:&quot;&quot;,&quot;focal_length&quot;:&quot;7.9&quot;,&quot;iso&quot;:&quot;100&quot;,&quot;shutter_speed&quot;:&quot;0.003125&quot;,&quot;title&quot;:&quot;&quot;,&quot;orientation&quot;:&quot;0&quot;}\" data-image-title=\"randonn\u00e9e \u00e0 Menaggio\" data-image-description=\"\" data-image-caption=\"\" data-large-file=\"https:\/\/i0.wp.com\/www.jojoenherbe.com\/wp-content\/uploads\/2010\/04\/randonn%C3%A9e-%C3%A0-Menaggio-7.jpg?fit=676%2C901&amp;ssl=1\" class=\"size-thumbnail wp-image-2087 alignleft\" src=\"https:\/\/i0.wp.com\/www.jojoenherbe.com\/wp-content\/uploads\/2010\/04\/randonn%C3%A9e-%C3%A0-Menaggio-7.jpg?resize=150%2C150\" alt=\"\" width=\"150\" height=\"150\" srcset=\"https:\/\/i0.wp.com\/www.jojoenherbe.com\/wp-content\/uploads\/2010\/04\/randonn%C3%A9e-%C3%A0-Menaggio-7.jpg?resize=150%2C150&amp;ssl=1 150w, https:\/\/i0.wp.com\/www.jojoenherbe.com\/wp-content\/uploads\/2010\/04\/randonn%C3%A9e-%C3%A0-Menaggio-7.jpg?zoom=2&amp;resize=150%2C150 300w, https:\/\/i0.wp.com\/www.jojoenherbe.com\/wp-content\/uploads\/2010\/04\/randonn%C3%A9e-%C3%A0-Menaggio-7.jpg?zoom=3&amp;resize=150%2C150 450w\" sizes=\"auto, (max-width: 150px) 100vw, 150px\" \/><\/a>\u00a0 <a href=\"https:\/\/i0.wp.com\/www.jojoenherbe.com\/wp-content\/uploads\/2010\/04\/randonn%C3%A9e-%C3%A0-Menaggio-5.jpg\"><img data-recalc-dims=\"1\" loading=\"lazy\" decoding=\"async\" data-attachment-id=\"2085\" data-permalink=\"https:\/\/www.jojoenherbe.com\/index.php\/2010\/04\/29\/en-bateau-et-a-pieds-au-lac-de-come\/randonnee-a-menaggio-5\/\" data-orig-file=\"https:\/\/i0.wp.com\/www.jojoenherbe.com\/wp-content\/uploads\/2010\/04\/randonn%C3%A9e-%C3%A0-Menaggio-5.jpg?fit=2592%2C1944&amp;ssl=1\" data-orig-size=\"2592,1944\" data-comments-opened=\"1\" data-image-meta=\"{&quot;aperture&quot;:&quot;5.6&quot;,&quot;credit&quot;:&quot;&quot;,&quot;camera&quot;:&quot;DSC-P100&quot;,&quot;caption&quot;:&quot;&quot;,&quot;created_timestamp&quot;:&quot;1272117225&quot;,&quot;copyright&quot;:&quot;&quot;,&quot;focal_length&quot;:&quot;7.9&quot;,&quot;iso&quot;:&quot;100&quot;,&quot;shutter_speed&quot;:&quot;0.004&quot;,&quot;title&quot;:&quot;&quot;,&quot;orientation&quot;:&quot;1&quot;}\" data-image-title=\"randonn\u00e9e \u00e0 Menaggio\" data-image-description=\"\" data-image-caption=\"\" data-large-file=\"https:\/\/i0.wp.com\/www.jojoenherbe.com\/wp-content\/uploads\/2010\/04\/randonn%C3%A9e-%C3%A0-Menaggio-5.jpg?fit=676%2C507&amp;ssl=1\" class=\"size-thumbnail wp-image-2085 alignleft\" src=\"https:\/\/i0.wp.com\/www.jojoenherbe.com\/wp-content\/uploads\/2010\/04\/randonn%C3%A9e-%C3%A0-Menaggio-5.jpg?resize=150%2C150\" alt=\"\" width=\"150\" height=\"150\" srcset=\"https:\/\/i0.wp.com\/www.jojoenherbe.com\/wp-content\/uploads\/2010\/04\/randonn%C3%A9e-%C3%A0-Menaggio-5.jpg?resize=150%2C150&amp;ssl=1 150w, https:\/\/i0.wp.com\/www.jojoenherbe.com\/wp-content\/uploads\/2010\/04\/randonn%C3%A9e-%C3%A0-Menaggio-5.jpg?zoom=2&amp;resize=150%2C150 300w, https:\/\/i0.wp.com\/www.jojoenherbe.com\/wp-content\/uploads\/2010\/04\/randonn%C3%A9e-%C3%A0-Menaggio-5.jpg?zoom=3&amp;resize=150%2C150 450w\" sizes=\"auto, (max-width: 150px) 100vw, 150px\" \/><\/a>Nous continuons de monter et passons \u00e0 c\u00f4t\u00e9 de l&rsquo;\u00e9glise San Lorenzo. Nous faisons une petite pause pour regarder sa fa\u00e7ade baroque. Nous traversons le hameau de Loveno. Au d\u00e9tour de ses ruelles, nous passons devant de jolies villas datant pour certaines des XVIIIe et XIXe si\u00e8cles et offrant des vues plongeantes sur le lac de C\u00f4me.<br \/>\n<\/em><\/p>\n<div id=\"attachment_2071\" style=\"width: 160px\" class=\"wp-caption alignright\"><a href=\"https:\/\/i0.wp.com\/www.jojoenherbe.com\/wp-content\/uploads\/2010\/04\/Chapelle-dArtus.jpg\"><img data-recalc-dims=\"1\" loading=\"lazy\" decoding=\"async\" aria-describedby=\"caption-attachment-2071\" data-attachment-id=\"2071\" data-permalink=\"https:\/\/www.jojoenherbe.com\/index.php\/2010\/04\/29\/en-bateau-et-a-pieds-au-lac-de-come\/chapelle-dartus\/\" data-orig-file=\"https:\/\/i0.wp.com\/www.jojoenherbe.com\/wp-content\/uploads\/2010\/04\/Chapelle-dArtus.jpg?fit=1944%2C2592&amp;ssl=1\" data-orig-size=\"1944,2592\" data-comments-opened=\"1\" data-image-meta=\"{&quot;aperture&quot;:&quot;5.6&quot;,&quot;credit&quot;:&quot;&quot;,&quot;camera&quot;:&quot;DSC-P100&quot;,&quot;caption&quot;:&quot;&quot;,&quot;created_timestamp&quot;:&quot;1272119001&quot;,&quot;copyright&quot;:&quot;&quot;,&quot;focal_length&quot;:&quot;7.9&quot;,&quot;iso&quot;:&quot;100&quot;,&quot;shutter_speed&quot;:&quot;0.00625&quot;,&quot;title&quot;:&quot;&quot;,&quot;orientation&quot;:&quot;0&quot;}\" data-image-title=\"Chapelle d&amp;rsquo;Artus\" data-image-description=\"\" data-image-caption=\"&lt;p&gt;Chapelle d&amp;rsquo;Artus&lt;\/p&gt;\n\" data-large-file=\"https:\/\/i0.wp.com\/www.jojoenherbe.com\/wp-content\/uploads\/2010\/04\/Chapelle-dArtus.jpg?fit=676%2C901&amp;ssl=1\" class=\"size-thumbnail wp-image-2071\" src=\"https:\/\/i0.wp.com\/www.jojoenherbe.com\/wp-content\/uploads\/2010\/04\/Chapelle-dArtus.jpg?resize=150%2C150\" alt=\"\" width=\"150\" height=\"150\" srcset=\"https:\/\/i0.wp.com\/www.jojoenherbe.com\/wp-content\/uploads\/2010\/04\/Chapelle-dArtus.jpg?resize=150%2C150&amp;ssl=1 150w, https:\/\/i0.wp.com\/www.jojoenherbe.com\/wp-content\/uploads\/2010\/04\/Chapelle-dArtus.jpg?zoom=2&amp;resize=150%2C150 300w, https:\/\/i0.wp.com\/www.jojoenherbe.com\/wp-content\/uploads\/2010\/04\/Chapelle-dArtus.jpg?zoom=3&amp;resize=150%2C150 450w\" sizes=\"auto, (max-width: 150px) 100vw, 150px\" \/><\/a><p id=\"caption-attachment-2071\" class=\"wp-caption-text\">Chapelle d&rsquo;Artus<\/p><\/div>\n<p style=\"text-align: justify;\"><em><a href=\"https:\/\/i0.wp.com\/www.jojoenherbe.com\/wp-content\/uploads\/2010\/04\/randonn%C3%A9e-%C3%A0-Menaggio-6.jpg\"><img data-recalc-dims=\"1\" loading=\"lazy\" decoding=\"async\" data-attachment-id=\"2086\" data-permalink=\"https:\/\/www.jojoenherbe.com\/index.php\/2010\/04\/29\/en-bateau-et-a-pieds-au-lac-de-come\/randonnee-a-menaggio-6\/\" data-orig-file=\"https:\/\/i0.wp.com\/www.jojoenherbe.com\/wp-content\/uploads\/2010\/04\/randonn%C3%A9e-%C3%A0-Menaggio-6.jpg?fit=2592%2C1944&amp;ssl=1\" data-orig-size=\"2592,1944\" data-comments-opened=\"1\" data-image-meta=\"{&quot;aperture&quot;:&quot;5.6&quot;,&quot;credit&quot;:&quot;&quot;,&quot;camera&quot;:&quot;DSC-P100&quot;,&quot;caption&quot;:&quot;&quot;,&quot;created_timestamp&quot;:&quot;1272119099&quot;,&quot;copyright&quot;:&quot;&quot;,&quot;focal_length&quot;:&quot;7.9&quot;,&quot;iso&quot;:&quot;100&quot;,&quot;shutter_speed&quot;:&quot;0.005&quot;,&quot;title&quot;:&quot;&quot;,&quot;orientation&quot;:&quot;1&quot;}\" data-image-title=\"randonn\u00e9e \u00e0 Menaggio\" data-image-description=\"\" data-image-caption=\"\" data-large-file=\"https:\/\/i0.wp.com\/www.jojoenherbe.com\/wp-content\/uploads\/2010\/04\/randonn%C3%A9e-%C3%A0-Menaggio-6.jpg?fit=676%2C507&amp;ssl=1\" class=\"size-thumbnail wp-image-2086 alignright\" src=\"https:\/\/i0.wp.com\/www.jojoenherbe.com\/wp-content\/uploads\/2010\/04\/randonn%C3%A9e-%C3%A0-Menaggio-6.jpg?resize=150%2C150\" alt=\"\" width=\"150\" height=\"150\" srcset=\"https:\/\/i0.wp.com\/www.jojoenherbe.com\/wp-content\/uploads\/2010\/04\/randonn%C3%A9e-%C3%A0-Menaggio-6.jpg?resize=150%2C150&amp;ssl=1 150w, https:\/\/i0.wp.com\/www.jojoenherbe.com\/wp-content\/uploads\/2010\/04\/randonn%C3%A9e-%C3%A0-Menaggio-6.jpg?zoom=2&amp;resize=150%2C150 300w, https:\/\/i0.wp.com\/www.jojoenherbe.com\/wp-content\/uploads\/2010\/04\/randonn%C3%A9e-%C3%A0-Menaggio-6.jpg?zoom=3&amp;resize=150%2C150 450w\" sizes=\"auto, (max-width: 150px) 100vw, 150px\" \/><\/a>Au niveau du hameau de Piamero, nous rentrons alors dans le parc Valle Sanagra au niveau d&rsquo;une grande prairie. Au-dessus de nos t\u00eates, nous observons \u00e0 nouveau un milan noir. N<\/em><em>ous suivons le sentier balis\u00e9 n\u00b04 et arrivons bient\u00f4t \u00e0 la chapelle d&rsquo;Artus, du nom antique des lieux. La l\u00e9gende raconte que cette chapelle avait \u00e9t\u00e9 \u00e9rig\u00e9e par un Noble de Grandola au cours du XIXe si\u00e8cle en l&rsquo;honneur de la Vierge Marie qui l&rsquo;aurait sauv\u00e9 quand, revenant d&rsquo;une soir\u00e9e adult\u00e9rine avec une femme de Loveno, il fut effray\u00e9 par le Diable, ce dernier ayant tent\u00e9 de le faire tomber dans le fleuve. <\/em><span id=\"tran0\"><\/span><\/p>\n<div id=\"attachment_2081\" style=\"width: 160px\" class=\"wp-caption alignleft\"><a href=\"https:\/\/i0.wp.com\/www.jojoenherbe.com\/wp-content\/uploads\/2010\/04\/Pont-Nogara.jpg\"><img data-recalc-dims=\"1\" loading=\"lazy\" decoding=\"async\" aria-describedby=\"caption-attachment-2081\" data-attachment-id=\"2081\" data-permalink=\"https:\/\/www.jojoenherbe.com\/index.php\/2010\/04\/29\/en-bateau-et-a-pieds-au-lac-de-come\/pont-nogara\/\" data-orig-file=\"https:\/\/i0.wp.com\/www.jojoenherbe.com\/wp-content\/uploads\/2010\/04\/Pont-Nogara.jpg?fit=2592%2C1944&amp;ssl=1\" data-orig-size=\"2592,1944\" data-comments-opened=\"1\" data-image-meta=\"{&quot;aperture&quot;:&quot;5.6&quot;,&quot;credit&quot;:&quot;&quot;,&quot;camera&quot;:&quot;DSC-P100&quot;,&quot;caption&quot;:&quot;&quot;,&quot;created_timestamp&quot;:&quot;1272119509&quot;,&quot;copyright&quot;:&quot;&quot;,&quot;focal_length&quot;:&quot;7.9&quot;,&quot;iso&quot;:&quot;100&quot;,&quot;shutter_speed&quot;:&quot;0.004&quot;,&quot;title&quot;:&quot;&quot;,&quot;orientation&quot;:&quot;1&quot;}\" data-image-title=\"Pont Nogara\" data-image-description=\"\" data-image-caption=\"&lt;p&gt;Pont Nogara&lt;\/p&gt;\n\" data-large-file=\"https:\/\/i0.wp.com\/www.jojoenherbe.com\/wp-content\/uploads\/2010\/04\/Pont-Nogara.jpg?fit=676%2C507&amp;ssl=1\" class=\"size-thumbnail wp-image-2081\" src=\"https:\/\/i0.wp.com\/www.jojoenherbe.com\/wp-content\/uploads\/2010\/04\/Pont-Nogara.jpg?resize=150%2C150\" alt=\"\" width=\"150\" height=\"150\" srcset=\"https:\/\/i0.wp.com\/www.jojoenherbe.com\/wp-content\/uploads\/2010\/04\/Pont-Nogara.jpg?resize=150%2C150&amp;ssl=1 150w, https:\/\/i0.wp.com\/www.jojoenherbe.com\/wp-content\/uploads\/2010\/04\/Pont-Nogara.jpg?zoom=2&amp;resize=150%2C150 300w, https:\/\/i0.wp.com\/www.jojoenherbe.com\/wp-content\/uploads\/2010\/04\/Pont-Nogara.jpg?zoom=3&amp;resize=150%2C150 450w\" sizes=\"auto, (max-width: 150px) 100vw, 150px\" \/><\/a><p id=\"caption-attachment-2081\" class=\"wp-caption-text\">Pont Nogara<\/p><\/div>\n<p style=\"text-align: justify;\"><em><a href=\"https:\/\/i0.wp.com\/www.jojoenherbe.com\/wp-content\/uploads\/2010\/04\/Pont-Nogara-2.jpg\"><img data-recalc-dims=\"1\" loading=\"lazy\" decoding=\"async\" data-attachment-id=\"2080\" data-permalink=\"https:\/\/www.jojoenherbe.com\/index.php\/2010\/04\/29\/en-bateau-et-a-pieds-au-lac-de-come\/pont-nogara-2\/\" data-orig-file=\"https:\/\/i0.wp.com\/www.jojoenherbe.com\/wp-content\/uploads\/2010\/04\/Pont-Nogara-2.jpg?fit=1944%2C2592&amp;ssl=1\" data-orig-size=\"1944,2592\" data-comments-opened=\"1\" data-image-meta=\"{&quot;aperture&quot;:&quot;6.3&quot;,&quot;credit&quot;:&quot;&quot;,&quot;camera&quot;:&quot;DSC-P100&quot;,&quot;caption&quot;:&quot;&quot;,&quot;created_timestamp&quot;:&quot;1272119315&quot;,&quot;copyright&quot;:&quot;&quot;,&quot;focal_length&quot;:&quot;10.7&quot;,&quot;iso&quot;:&quot;100&quot;,&quot;shutter_speed&quot;:&quot;0.00625&quot;,&quot;title&quot;:&quot;&quot;,&quot;orientation&quot;:&quot;0&quot;}\" data-image-title=\"Pont Nogara\" data-image-description=\"\" data-image-caption=\"\" data-large-file=\"https:\/\/i0.wp.com\/www.jojoenherbe.com\/wp-content\/uploads\/2010\/04\/Pont-Nogara-2.jpg?fit=676%2C901&amp;ssl=1\" class=\"size-thumbnail wp-image-2080 alignleft\" src=\"https:\/\/i0.wp.com\/www.jojoenherbe.com\/wp-content\/uploads\/2010\/04\/Pont-Nogara-2.jpg?resize=150%2C150\" alt=\"\" width=\"150\" height=\"150\" srcset=\"https:\/\/i0.wp.com\/www.jojoenherbe.com\/wp-content\/uploads\/2010\/04\/Pont-Nogara-2.jpg?resize=150%2C150&amp;ssl=1 150w, https:\/\/i0.wp.com\/www.jojoenherbe.com\/wp-content\/uploads\/2010\/04\/Pont-Nogara-2.jpg?zoom=2&amp;resize=150%2C150 300w, https:\/\/i0.wp.com\/www.jojoenherbe.com\/wp-content\/uploads\/2010\/04\/Pont-Nogara-2.jpg?zoom=3&amp;resize=150%2C150 450w\" sizes=\"auto, (max-width: 150px) 100vw, 150px\" \/><\/a>Nous reprenons le sentier en suivant le balisage rouge et blanc et descendons vers le fleuve Sanagra jusqu&rsquo;au Pont Nogara, du nom des propri\u00e9taires du moulin voisin. Ce moulin fut actif jusqu&rsquo;en 1939, date \u00e0 laquelle un glissement de terrain d\u00e9truisit irr\u00e9m\u00e9diablement la cha\u00eene d&rsquo;approvisionnement en eau. Le panneau annon\u00e7ant le pont indique \u00e9galement la pr\u00e9sence dans les environs de l&rsquo;ancienne soierie Erba qui fila soie et coton entre 1850 et 1910. En ce temps-l\u00e0, des chariots remplis de grandes caisses de soie traversaient les plaines de Loveno afin d&rsquo;\u00eatre livr\u00e9es \u00e0 Porlezza pour les tissages.<br \/>\n<\/em><span id=\"tran0\"><\/span><\/p>\n<p style=\"text-align: justify;\"><em><a href=\"https:\/\/i0.wp.com\/www.jojoenherbe.com\/wp-content\/uploads\/2010\/04\/randonn%C3%A9e-%C3%A0-Menaggio-8.jpg\"><img data-recalc-dims=\"1\" loading=\"lazy\" decoding=\"async\" data-attachment-id=\"2088\" data-permalink=\"https:\/\/www.jojoenherbe.com\/index.php\/2010\/04\/29\/en-bateau-et-a-pieds-au-lac-de-come\/randonnee-a-menaggio-8\/\" data-orig-file=\"https:\/\/i0.wp.com\/www.jojoenherbe.com\/wp-content\/uploads\/2010\/04\/randonn%C3%A9e-%C3%A0-Menaggio-8.jpg?fit=2574%2C1331&amp;ssl=1\" data-orig-size=\"2574,1331\" data-comments-opened=\"1\" data-image-meta=\"{&quot;aperture&quot;:&quot;5.6&quot;,&quot;credit&quot;:&quot;&quot;,&quot;camera&quot;:&quot;DSC-P100&quot;,&quot;caption&quot;:&quot;&quot;,&quot;created_timestamp&quot;:&quot;1272122517&quot;,&quot;copyright&quot;:&quot;&quot;,&quot;focal_length&quot;:&quot;7.9&quot;,&quot;iso&quot;:&quot;100&quot;,&quot;shutter_speed&quot;:&quot;0.003125&quot;,&quot;title&quot;:&quot;&quot;,&quot;orientation&quot;:&quot;1&quot;}\" data-image-title=\"randonn\u00e9e \u00e0 Menaggio\" data-image-description=\"\" data-image-caption=\"\" data-large-file=\"https:\/\/i0.wp.com\/www.jojoenherbe.com\/wp-content\/uploads\/2010\/04\/randonn%C3%A9e-%C3%A0-Menaggio-8.jpg?fit=676%2C350&amp;ssl=1\" class=\"size-thumbnail wp-image-2088 alignright\" src=\"https:\/\/i0.wp.com\/www.jojoenherbe.com\/wp-content\/uploads\/2010\/04\/randonn%C3%A9e-%C3%A0-Menaggio-8.jpg?resize=150%2C150\" alt=\"\" width=\"150\" height=\"150\" srcset=\"https:\/\/i0.wp.com\/www.jojoenherbe.com\/wp-content\/uploads\/2010\/04\/randonn%C3%A9e-%C3%A0-Menaggio-8.jpg?resize=150%2C150&amp;ssl=1 150w, https:\/\/i0.wp.com\/www.jojoenherbe.com\/wp-content\/uploads\/2010\/04\/randonn%C3%A9e-%C3%A0-Menaggio-8.jpg?zoom=2&amp;resize=150%2C150 300w, https:\/\/i0.wp.com\/www.jojoenherbe.com\/wp-content\/uploads\/2010\/04\/randonn%C3%A9e-%C3%A0-Menaggio-8.jpg?zoom=3&amp;resize=150%2C150 450w\" sizes=\"auto, (max-width: 150px) 100vw, 150px\" \/><\/a> <a href=\"https:\/\/i0.wp.com\/www.jojoenherbe.com\/wp-content\/uploads\/2010\/04\/randonn%C3%A9e-%C3%A0-Menaggio-9.jpg\"><img data-recalc-dims=\"1\" loading=\"lazy\" decoding=\"async\" data-attachment-id=\"2089\" data-permalink=\"https:\/\/www.jojoenherbe.com\/index.php\/2010\/04\/29\/en-bateau-et-a-pieds-au-lac-de-come\/randonnee-a-menaggio-9\/\" data-orig-file=\"https:\/\/i0.wp.com\/www.jojoenherbe.com\/wp-content\/uploads\/2010\/04\/randonn%C3%A9e-%C3%A0-Menaggio-9.jpg?fit=1944%2C2592&amp;ssl=1\" data-orig-size=\"1944,2592\" data-comments-opened=\"1\" data-image-meta=\"{&quot;aperture&quot;:&quot;5.2&quot;,&quot;credit&quot;:&quot;&quot;,&quot;camera&quot;:&quot;DSC-P100&quot;,&quot;caption&quot;:&quot;&quot;,&quot;created_timestamp&quot;:&quot;1272122845&quot;,&quot;copyright&quot;:&quot;&quot;,&quot;focal_length&quot;:&quot;23.7&quot;,&quot;iso&quot;:&quot;100&quot;,&quot;shutter_speed&quot;:&quot;0.005&quot;,&quot;title&quot;:&quot;&quot;,&quot;orientation&quot;:&quot;0&quot;}\" data-image-title=\"randonn\u00e9e \u00e0 Menaggio\" data-image-description=\"\" data-image-caption=\"\" data-large-file=\"https:\/\/i0.wp.com\/www.jojoenherbe.com\/wp-content\/uploads\/2010\/04\/randonn%C3%A9e-%C3%A0-Menaggio-9.jpg?fit=676%2C901&amp;ssl=1\" class=\"size-thumbnail wp-image-2089 alignright\" src=\"https:\/\/i0.wp.com\/www.jojoenherbe.com\/wp-content\/uploads\/2010\/04\/randonn%C3%A9e-%C3%A0-Menaggio-9.jpg?resize=150%2C150\" alt=\"\" width=\"150\" height=\"150\" srcset=\"https:\/\/i0.wp.com\/www.jojoenherbe.com\/wp-content\/uploads\/2010\/04\/randonn%C3%A9e-%C3%A0-Menaggio-9.jpg?resize=150%2C150&amp;ssl=1 150w, https:\/\/i0.wp.com\/www.jojoenherbe.com\/wp-content\/uploads\/2010\/04\/randonn%C3%A9e-%C3%A0-Menaggio-9.jpg?zoom=2&amp;resize=150%2C150 300w, https:\/\/i0.wp.com\/www.jojoenherbe.com\/wp-content\/uploads\/2010\/04\/randonn%C3%A9e-%C3%A0-Menaggio-9.jpg?zoom=3&amp;resize=150%2C150 450w\" sizes=\"auto, (max-width: 150px) 100vw, 150px\" \/><\/a>Nous traversons le pont. Mais nous n&rsquo;irons pas vraiment plus loin, compte tenu de l&rsquo;heure. Nous ne sommes malheureusement pas mont\u00e9s assez haut pour pouvoir observer des chamois. Nous faisons une dizaine de minutes plus tard demi-tour par le m\u00eame itin\u00e9raire pour revenir \u00e0 l&#8217;embarcad\u00e8re.<\/em><\/p>\n<div id=\"attachment_2079\" style=\"width: 160px\" class=\"wp-caption alignleft\"><a href=\"https:\/\/i0.wp.com\/www.jojoenherbe.com\/wp-content\/uploads\/2010\/04\/Menaggio.jpg\"><img data-recalc-dims=\"1\" loading=\"lazy\" decoding=\"async\" aria-describedby=\"caption-attachment-2079\" data-attachment-id=\"2079\" data-permalink=\"https:\/\/www.jojoenherbe.com\/index.php\/2010\/04\/29\/en-bateau-et-a-pieds-au-lac-de-come\/menaggio\/\" data-orig-file=\"https:\/\/i0.wp.com\/www.jojoenherbe.com\/wp-content\/uploads\/2010\/04\/Menaggio.jpg?fit=2592%2C1578&amp;ssl=1\" data-orig-size=\"2592,1578\" data-comments-opened=\"1\" data-image-meta=\"{&quot;aperture&quot;:&quot;5.6&quot;,&quot;credit&quot;:&quot;&quot;,&quot;camera&quot;:&quot;DSC-P100&quot;,&quot;caption&quot;:&quot;&quot;,&quot;created_timestamp&quot;:&quot;1272124825&quot;,&quot;copyright&quot;:&quot;&quot;,&quot;focal_length&quot;:&quot;7.9&quot;,&quot;iso&quot;:&quot;100&quot;,&quot;shutter_speed&quot;:&quot;0.003125&quot;,&quot;title&quot;:&quot;&quot;,&quot;orientation&quot;:&quot;1&quot;}\" data-image-title=\"Menaggio\" data-image-description=\"\" data-image-caption=\"\" data-large-file=\"https:\/\/i0.wp.com\/www.jojoenherbe.com\/wp-content\/uploads\/2010\/04\/Menaggio.jpg?fit=676%2C411&amp;ssl=1\" class=\"wp-image-2079 size-thumbnail\" src=\"https:\/\/i0.wp.com\/www.jojoenherbe.com\/wp-content\/uploads\/2010\/04\/Menaggio.jpg?resize=150%2C150\" alt=\"\" width=\"150\" height=\"150\" srcset=\"https:\/\/i0.wp.com\/www.jojoenherbe.com\/wp-content\/uploads\/2010\/04\/Menaggio.jpg?resize=150%2C150&amp;ssl=1 150w, https:\/\/i0.wp.com\/www.jojoenherbe.com\/wp-content\/uploads\/2010\/04\/Menaggio.jpg?zoom=2&amp;resize=150%2C150 300w, https:\/\/i0.wp.com\/www.jojoenherbe.com\/wp-content\/uploads\/2010\/04\/Menaggio.jpg?zoom=3&amp;resize=150%2C150 450w\" sizes=\"auto, (max-width: 150px) 100vw, 150px\" \/><\/a><p id=\"caption-attachment-2079\" class=\"wp-caption-text\">Menaggio<\/p><\/div>\n<p style=\"text-align: justify;\"><em> <a href=\"https:\/\/i0.wp.com\/www.jojoenherbe.com\/wp-content\/uploads\/2010\/04\/Menaggio-6.jpg\"><img data-recalc-dims=\"1\" loading=\"lazy\" decoding=\"async\" data-attachment-id=\"2077\" data-permalink=\"https:\/\/www.jojoenherbe.com\/index.php\/2010\/04\/29\/en-bateau-et-a-pieds-au-lac-de-come\/menaggio-6\/\" data-orig-file=\"https:\/\/i0.wp.com\/www.jojoenherbe.com\/wp-content\/uploads\/2010\/04\/Menaggio-6.jpg?fit=2592%2C1530&amp;ssl=1\" data-orig-size=\"2592,1530\" data-comments-opened=\"1\" data-image-meta=\"{&quot;aperture&quot;:&quot;5.6&quot;,&quot;credit&quot;:&quot;&quot;,&quot;camera&quot;:&quot;DSC-P100&quot;,&quot;caption&quot;:&quot;&quot;,&quot;created_timestamp&quot;:&quot;1272125604&quot;,&quot;copyright&quot;:&quot;&quot;,&quot;focal_length&quot;:&quot;7.9&quot;,&quot;iso&quot;:&quot;100&quot;,&quot;shutter_speed&quot;:&quot;0.002&quot;,&quot;title&quot;:&quot;&quot;,&quot;orientation&quot;:&quot;1&quot;}\" data-image-title=\"Menaggio\" data-image-description=\"\" data-image-caption=\"\" data-large-file=\"https:\/\/i0.wp.com\/www.jojoenherbe.com\/wp-content\/uploads\/2010\/04\/Menaggio-6.jpg?fit=676%2C399&amp;ssl=1\" class=\"size-thumbnail wp-image-2077 alignleft\" src=\"https:\/\/i0.wp.com\/www.jojoenherbe.com\/wp-content\/uploads\/2010\/04\/Menaggio-6.jpg?resize=150%2C150\" alt=\"\" width=\"150\" height=\"150\" srcset=\"https:\/\/i0.wp.com\/www.jojoenherbe.com\/wp-content\/uploads\/2010\/04\/Menaggio-6.jpg?resize=150%2C150&amp;ssl=1 150w, https:\/\/i0.wp.com\/www.jojoenherbe.com\/wp-content\/uploads\/2010\/04\/Menaggio-6.jpg?zoom=2&amp;resize=150%2C150 300w, https:\/\/i0.wp.com\/www.jojoenherbe.com\/wp-content\/uploads\/2010\/04\/Menaggio-6.jpg?zoom=3&amp;resize=150%2C150 450w\" sizes=\"auto, (max-width: 150px) 100vw, 150px\" \/><\/a> <a href=\"https:\/\/i0.wp.com\/www.jojoenherbe.com\/wp-content\/uploads\/2010\/04\/Menaggio-7.jpg\"><img data-recalc-dims=\"1\" loading=\"lazy\" decoding=\"async\" data-attachment-id=\"2078\" data-permalink=\"https:\/\/www.jojoenherbe.com\/index.php\/2010\/04\/29\/en-bateau-et-a-pieds-au-lac-de-come\/menaggio-7\/\" data-orig-file=\"https:\/\/i0.wp.com\/www.jojoenherbe.com\/wp-content\/uploads\/2010\/04\/Menaggio-7.jpg?fit=2587%2C1236&amp;ssl=1\" data-orig-size=\"2587,1236\" data-comments-opened=\"1\" data-image-meta=\"{&quot;aperture&quot;:&quot;5.6&quot;,&quot;credit&quot;:&quot;&quot;,&quot;camera&quot;:&quot;DSC-P100&quot;,&quot;caption&quot;:&quot;&quot;,&quot;created_timestamp&quot;:&quot;1272125613&quot;,&quot;copyright&quot;:&quot;&quot;,&quot;focal_length&quot;:&quot;7.9&quot;,&quot;iso&quot;:&quot;100&quot;,&quot;shutter_speed&quot;:&quot;0.0025&quot;,&quot;title&quot;:&quot;&quot;,&quot;orientation&quot;:&quot;1&quot;}\" data-image-title=\"Menaggio\" data-image-description=\"\" data-image-caption=\"\" data-large-file=\"https:\/\/i0.wp.com\/www.jojoenherbe.com\/wp-content\/uploads\/2010\/04\/Menaggio-7.jpg?fit=676%2C323&amp;ssl=1\" class=\"size-thumbnail wp-image-2078 alignleft\" src=\"https:\/\/i0.wp.com\/www.jojoenherbe.com\/wp-content\/uploads\/2010\/04\/Menaggio-7.jpg?resize=150%2C150\" alt=\"\" width=\"150\" height=\"150\" srcset=\"https:\/\/i0.wp.com\/www.jojoenherbe.com\/wp-content\/uploads\/2010\/04\/Menaggio-7.jpg?resize=150%2C150&amp;ssl=1 150w, https:\/\/i0.wp.com\/www.jojoenherbe.com\/wp-content\/uploads\/2010\/04\/Menaggio-7.jpg?zoom=2&amp;resize=150%2C150 300w, https:\/\/i0.wp.com\/www.jojoenherbe.com\/wp-content\/uploads\/2010\/04\/Menaggio-7.jpg?zoom=3&amp;resize=150%2C150 450w\" sizes=\"auto, (max-width: 150px) 100vw, 150px\" \/><\/a>Vers 16h00, nous reprenons le bateau pour regagner Bellagio. Nous laissons derri\u00e8re nous Menaggio et les sommets enneig\u00e9s. <\/em><\/p>\n<p style=\"text-align: justify;\"><em><a href=\"https:\/\/i0.wp.com\/www.jojoenherbe.com\/wp-content\/uploads\/2010\/04\/Bellagio-5.jpg\"><img data-recalc-dims=\"1\" loading=\"lazy\" decoding=\"async\" data-attachment-id=\"2068\" data-permalink=\"https:\/\/www.jojoenherbe.com\/index.php\/2010\/04\/29\/en-bateau-et-a-pieds-au-lac-de-come\/bellagio-5\/\" data-orig-file=\"https:\/\/i0.wp.com\/www.jojoenherbe.com\/wp-content\/uploads\/2010\/04\/Bellagio-5.jpg?fit=1944%2C1719&amp;ssl=1\" data-orig-size=\"1944,1719\" data-comments-opened=\"1\" data-image-meta=\"{&quot;aperture&quot;:&quot;5.2&quot;,&quot;credit&quot;:&quot;&quot;,&quot;camera&quot;:&quot;DSC-P100&quot;,&quot;caption&quot;:&quot;&quot;,&quot;created_timestamp&quot;:&quot;1272126718&quot;,&quot;copyright&quot;:&quot;&quot;,&quot;focal_length&quot;:&quot;23.7&quot;,&quot;iso&quot;:&quot;100&quot;,&quot;shutter_speed&quot;:&quot;0.00625&quot;,&quot;title&quot;:&quot;&quot;,&quot;orientation&quot;:&quot;0&quot;}\" data-image-title=\"Bellagio\" data-image-description=\"\" data-image-caption=\"\" data-large-file=\"https:\/\/i0.wp.com\/www.jojoenherbe.com\/wp-content\/uploads\/2010\/04\/Bellagio-5.jpg?fit=676%2C597&amp;ssl=1\" class=\"size-thumbnail wp-image-2068 alignright\" src=\"https:\/\/i0.wp.com\/www.jojoenherbe.com\/wp-content\/uploads\/2010\/04\/Bellagio-5.jpg?resize=150%2C150\" alt=\"\" width=\"150\" height=\"150\" srcset=\"https:\/\/i0.wp.com\/www.jojoenherbe.com\/wp-content\/uploads\/2010\/04\/Bellagio-5.jpg?resize=150%2C150&amp;ssl=1 150w, https:\/\/i0.wp.com\/www.jojoenherbe.com\/wp-content\/uploads\/2010\/04\/Bellagio-5.jpg?zoom=2&amp;resize=150%2C150 300w, https:\/\/i0.wp.com\/www.jojoenherbe.com\/wp-content\/uploads\/2010\/04\/Bellagio-5.jpg?zoom=3&amp;resize=150%2C150 450w\" sizes=\"auto, (max-width: 150px) 100vw, 150px\" \/><\/a><\/em><\/p>\n<div id=\"attachment_2069\" style=\"width: 160px\" class=\"wp-caption alignright\"><a href=\"https:\/\/i0.wp.com\/www.jojoenherbe.com\/wp-content\/uploads\/2010\/04\/Bellagio-6.jpg\"><img data-recalc-dims=\"1\" loading=\"lazy\" decoding=\"async\" aria-describedby=\"caption-attachment-2069\" data-attachment-id=\"2069\" data-permalink=\"https:\/\/www.jojoenherbe.com\/index.php\/2010\/04\/29\/en-bateau-et-a-pieds-au-lac-de-come\/bellagio-6\/\" data-orig-file=\"https:\/\/i0.wp.com\/www.jojoenherbe.com\/wp-content\/uploads\/2010\/04\/Bellagio-6.jpg?fit=2592%2C1788&amp;ssl=1\" data-orig-size=\"2592,1788\" data-comments-opened=\"1\" data-image-meta=\"{&quot;aperture&quot;:&quot;5.6&quot;,&quot;credit&quot;:&quot;&quot;,&quot;camera&quot;:&quot;DSC-P100&quot;,&quot;caption&quot;:&quot;&quot;,&quot;created_timestamp&quot;:&quot;1272109371&quot;,&quot;copyright&quot;:&quot;&quot;,&quot;focal_length&quot;:&quot;7.9&quot;,&quot;iso&quot;:&quot;100&quot;,&quot;shutter_speed&quot;:&quot;0.002&quot;,&quot;title&quot;:&quot;&quot;,&quot;orientation&quot;:&quot;1&quot;}\" data-image-title=\"Bellagio\" data-image-description=\"\" data-image-caption=\"&lt;p&gt;Bellagio&lt;\/p&gt;\n\" data-large-file=\"https:\/\/i0.wp.com\/www.jojoenherbe.com\/wp-content\/uploads\/2010\/04\/Bellagio-6.jpg?fit=676%2C466&amp;ssl=1\" class=\"size-thumbnail wp-image-2069\" src=\"https:\/\/i0.wp.com\/www.jojoenherbe.com\/wp-content\/uploads\/2010\/04\/Bellagio-6.jpg?resize=150%2C150\" alt=\"\" width=\"150\" height=\"150\" srcset=\"https:\/\/i0.wp.com\/www.jojoenherbe.com\/wp-content\/uploads\/2010\/04\/Bellagio-6.jpg?resize=150%2C150&amp;ssl=1 150w, https:\/\/i0.wp.com\/www.jojoenherbe.com\/wp-content\/uploads\/2010\/04\/Bellagio-6.jpg?zoom=2&amp;resize=150%2C150 300w, https:\/\/i0.wp.com\/www.jojoenherbe.com\/wp-content\/uploads\/2010\/04\/Bellagio-6.jpg?zoom=3&amp;resize=150%2C150 450w\" sizes=\"auto, (max-width: 150px) 100vw, 150px\" \/><\/a><p id=\"caption-attachment-2069\" class=\"wp-caption-text\">Bellagio<\/p><\/div>\n<p style=\"text-align: justify;\"><em>Nous passons la fin d&rsquo;apr\u00e8s-midi \u00e0 visiter les ruelles tr\u00e8s touristiques de Bellagio puis la soir\u00e9e dans un des restaurants de la commune, avant de partir pour Parme et les Cinque Terre le lendemain.<br \/>\n<\/em><\/p>\n<p><iframe loading=\"lazy\" style=\"border: 0;\" src=\"https:\/\/www.google.com\/maps\/embed?pb=!1m28!1m12!1m3!1d177748.29806953747!2d9.029516066099196!3d45.88496956861188!2m3!1f0!2f0!3f0!3m2!1i1024!2i768!4f13.1!4m13!3e6!4m5!1s0x4784180769e9197d%3A0x457bc104cbf6372f!2s22021+Bellagio%2C+C%C3%B4me%2C+Italie!3m2!1d45.9641291!2d9.246164199999999!4m5!1s0x47843d067e66a05f%3A0x829849a45fdf6c27!2sMenaggio%2C+C%C3%B4me%2C+Italie!3m2!1d46.0217068!2d9.2388285!5e0!3m2!1sfr!2sfr!4v1522103726650\" width=\"400\" height=\"300\" frameborder=\"0\" allowfullscreen=\"allowfullscreen\"><\/iframe><\/p>\n","protected":false},"excerpt":{"rendered":"<p>Ce 24 avril 2010, nous quittons \u00e0 pieds l&rsquo;appartement lou\u00e9 dans une petite maison \u00e0 une vingtaine de minutes des embarcad\u00e8res de la station baln\u00e9aire de Bellagio. Nous longeons le bord du lac avant de passer devant les parkings payants en amont du c\u0153ur des ruelles de la commune. Nous nous posons en terrasse d&rsquo;un [&hellip;]<\/p>\n","protected":false},"author":1,"featured_media":2074,"comment_status":"open","ping_status":"open","sticky":false,"template":"","format":"standard","meta":{"jetpack_post_was_ever_published":false,"_jetpack_newsletter_access":"","_jetpack_dont_email_post_to_subs":false,"_jetpack_newsletter_tier_id":0,"_jetpack_memberships_contains_paywalled_content":false,"_jetpack_memberships_contains_paid_content":false,"footnotes":""},"categories":[120],"tags":[176,103,174,49,175,177,184,183,46],"class_list":["post-1944","post","type-post","status-publish","format-standard","has-post-thumbnail","hentry","category-mini-voyageur","tag-bellagio","tag-italie","tag-lac-de-come","tag-lacs","tag-lombardie","tag-menaggio","tag-parc-valle-sanagra","tag-parcs-naturels","tag-randonnees","post-preview"],"jetpack_featured_media_url":"https:\/\/i0.wp.com\/www.jojoenherbe.com\/wp-content\/uploads\/2010\/04\/Menaggio-3.jpg?fit=1944%2C2592&ssl=1","jetpack_sharing_enabled":true,"jetpack_shortlink":"https:\/\/wp.me\/p9zhGx-vm","jetpack_likes_enabled":true,"jetpack-related-posts":[{"id":2185,"url":"https:\/\/www.jojoenherbe.com\/index.php\/2014\/06\/12\/visite-de-la-villa-carlotta-tremezzo\/","url_meta":{"origin":1944,"position":0},"title":"Visite de la Villa Carlotta &#8211; Tremezzo","author":"Jojo","date":"12 juin 2014","format":false,"excerpt":"Ce 8 juin 2014, nous prenons la navette de Bellagio pour nous rendre \u00e0 Tremezzo et visiter la villa Carlotta. La travers\u00e9e se fait sous un beau ciel bleu, la vue \u00e9tant bien d\u00e9gag\u00e9e sur les sommets enneig\u00e9s du lac de C\u00f4me. Apr\u00e8s Varenna et Menaggio, le bateau fait escale\u2026","rel":"","context":"Dans &quot;Mini voyageur&quot;","block_context":{"text":"Mini voyageur","link":"https:\/\/www.jojoenherbe.com\/index.php\/category\/mini-crapahuteur\/mini-voyageur\/"},"img":{"alt_text":"","src":"https:\/\/i0.wp.com\/www.jojoenherbe.com\/wp-content\/uploads\/2014\/06\/Villa-Carlotta-Tremezzo-2.jpg?fit=900%2C1200&ssl=1&resize=350%2C200","width":350,"height":200,"srcset":"https:\/\/i0.wp.com\/www.jojoenherbe.com\/wp-content\/uploads\/2014\/06\/Villa-Carlotta-Tremezzo-2.jpg?fit=900%2C1200&ssl=1&resize=350%2C200 1x, https:\/\/i0.wp.com\/www.jojoenherbe.com\/wp-content\/uploads\/2014\/06\/Villa-Carlotta-Tremezzo-2.jpg?fit=900%2C1200&ssl=1&resize=525%2C300 1.5x, https:\/\/i0.wp.com\/www.jojoenherbe.com\/wp-content\/uploads\/2014\/06\/Villa-Carlotta-Tremezzo-2.jpg?fit=900%2C1200&ssl=1&resize=700%2C400 2x"},"classes":[]},{"id":347,"url":"https:\/\/www.jojoenherbe.com\/index.php\/2017\/04\/18\/apres-midi-detente-au-lac-de-broc\/","url_meta":{"origin":1944,"position":1},"title":"Apr\u00e8s-midi d\u00e9tente au lac de Broc","author":"Jojo","date":"18 avril 2017","format":false,"excerpt":"Nous nous rendons au lac de Broc qui se situe au bout de la zone industrielle de Carros. L'objectif du jour est la d\u00e9couverte de ce lac autour duquel il est possible de balader \u00e0 pieds ou \u00e0 v\u00e9lo (attention tout de m\u00eame au sol caillouteux), de p\u00eacher mais pas\u2026","rel":"","context":"Dans &quot;Mini baladeur&quot;","block_context":{"text":"Mini baladeur","link":"https:\/\/www.jojoenherbe.com\/index.php\/category\/mini-crapahuteur\/mini-baladeur\/"},"img":{"alt_text":"","src":"https:\/\/i0.wp.com\/www.jojoenherbe.com\/wp-content\/uploads\/2017\/04\/lac-de-Broc-2.jpg?fit=900%2C1200&ssl=1&resize=350%2C200","width":350,"height":200,"srcset":"https:\/\/i0.wp.com\/www.jojoenherbe.com\/wp-content\/uploads\/2017\/04\/lac-de-Broc-2.jpg?fit=900%2C1200&ssl=1&resize=350%2C200 1x, https:\/\/i0.wp.com\/www.jojoenherbe.com\/wp-content\/uploads\/2017\/04\/lac-de-Broc-2.jpg?fit=900%2C1200&ssl=1&resize=525%2C300 1.5x, https:\/\/i0.wp.com\/www.jojoenherbe.com\/wp-content\/uploads\/2017\/04\/lac-de-Broc-2.jpg?fit=900%2C1200&ssl=1&resize=700%2C400 2x"},"classes":[]},{"id":270,"url":"https:\/\/www.jojoenherbe.com\/index.php\/2017\/06\/20\/farniente-au-lac-saint-cassien\/","url_meta":{"origin":1944,"position":2},"title":"Farniente au Lac Saint-Cassien","author":"Jojo","date":"20 juin 2017","format":false,"excerpt":"Avec ce temps bien estival, nous recherchons en ce beau dimanche de juin 2017 un petit coin de fra\u00eecheur. Nous mettons le cap sur le Lac Saint-Cassien. Apr\u00e8s de multiples allers-retours sur le Pont du Pr\u00e9-Claou, nous arrivons enfin \u00e0 nous garer. Nous ne sommes pas les seuls \u00e0 avoir\u2026","rel":"","context":"Dans &quot;Mini baladeur&quot;","block_context":{"text":"Mini baladeur","link":"https:\/\/www.jojoenherbe.com\/index.php\/category\/mini-crapahuteur\/mini-baladeur\/"},"img":{"alt_text":"","src":"https:\/\/i0.wp.com\/www.jojoenherbe.com\/wp-content\/uploads\/2018\/01\/lac-Saint-Cassien-4.jpg?fit=900%2C1200&ssl=1&resize=350%2C200","width":350,"height":200,"srcset":"https:\/\/i0.wp.com\/www.jojoenherbe.com\/wp-content\/uploads\/2018\/01\/lac-Saint-Cassien-4.jpg?fit=900%2C1200&ssl=1&resize=350%2C200 1x, https:\/\/i0.wp.com\/www.jojoenherbe.com\/wp-content\/uploads\/2018\/01\/lac-Saint-Cassien-4.jpg?fit=900%2C1200&ssl=1&resize=525%2C300 1.5x, https:\/\/i0.wp.com\/www.jojoenherbe.com\/wp-content\/uploads\/2018\/01\/lac-Saint-Cassien-4.jpg?fit=900%2C1200&ssl=1&resize=700%2C400 2x"},"classes":[]},{"id":6522,"url":"https:\/\/www.jojoenherbe.com\/index.php\/2019\/06\/24\/balade-dans-la-vallee-de-la-gordolasque\/","url_meta":{"origin":1944,"position":3},"title":"Balade dans la vall\u00e9e de la Gordolasque","author":"Jojo","date":"24 juin 2019","format":false,"excerpt":"Ce 23 juin 2019, nous passons par Belv\u00e9d\u00e8re pour gagner, une dizaine de kilom\u00e8tres plus loin, la vall\u00e9e de la Gordolasque faisant partie du parc national du Mercantour. Nous faisons une pause d\u00e9jeuner sur une table de pique-nique install\u00e9e \u00e0 c\u00f4t\u00e9 de la cascade du Ray (1.360 m\u00e8tres d'altitude), toute\u2026","rel":"","context":"Dans &quot;Mini baladeur&quot;","block_context":{"text":"Mini baladeur","link":"https:\/\/www.jojoenherbe.com\/index.php\/category\/mini-crapahuteur\/mini-baladeur\/"},"img":{"alt_text":"","src":"https:\/\/i0.wp.com\/www.jojoenherbe.com\/wp-content\/uploads\/2019\/06\/Lac-de-Saint-Gras.jpg?fit=1200%2C900&ssl=1&resize=350%2C200","width":350,"height":200,"srcset":"https:\/\/i0.wp.com\/www.jojoenherbe.com\/wp-content\/uploads\/2019\/06\/Lac-de-Saint-Gras.jpg?fit=1200%2C900&ssl=1&resize=350%2C200 1x, https:\/\/i0.wp.com\/www.jojoenherbe.com\/wp-content\/uploads\/2019\/06\/Lac-de-Saint-Gras.jpg?fit=1200%2C900&ssl=1&resize=525%2C300 1.5x, https:\/\/i0.wp.com\/www.jojoenherbe.com\/wp-content\/uploads\/2019\/06\/Lac-de-Saint-Gras.jpg?fit=1200%2C900&ssl=1&resize=700%2C400 2x, https:\/\/i0.wp.com\/www.jojoenherbe.com\/wp-content\/uploads\/2019\/06\/Lac-de-Saint-Gras.jpg?fit=1200%2C900&ssl=1&resize=1050%2C600 3x"},"classes":[]},{"id":4040,"url":"https:\/\/www.jojoenherbe.com\/index.php\/2018\/12\/10\/le-lac-de-broc-sous-le-vent-automnal\/","url_meta":{"origin":1944,"position":4},"title":"Le lac de Broc sous le vent automnal","author":"Jojo","date":"10 d\u00e9cembre 2018","format":false,"excerpt":"Ce 9 d\u00e9cembre 2018, nous nous rendons au lac de Broc sous un vent automnal. Le vent est tr\u00e8s fort et froid, ce qui laisse le lac presque d\u00e9sert. La couleur bleue fonc\u00e9e du lac contraste avec les couleurs dor\u00e9es des arbres. Nous marchons un peu autour du lac avant\u2026","rel":"","context":"Dans &quot;Mini baladeur&quot;","block_context":{"text":"Mini baladeur","link":"https:\/\/www.jojoenherbe.com\/index.php\/category\/mini-crapahuteur\/mini-baladeur\/"},"img":{"alt_text":"","src":"https:\/\/i0.wp.com\/www.jojoenherbe.com\/wp-content\/uploads\/2018\/12\/lac-de-Broc-2.jpg?fit=1168%2C1200&ssl=1&resize=350%2C200","width":350,"height":200,"srcset":"https:\/\/i0.wp.com\/www.jojoenherbe.com\/wp-content\/uploads\/2018\/12\/lac-de-Broc-2.jpg?fit=1168%2C1200&ssl=1&resize=350%2C200 1x, https:\/\/i0.wp.com\/www.jojoenherbe.com\/wp-content\/uploads\/2018\/12\/lac-de-Broc-2.jpg?fit=1168%2C1200&ssl=1&resize=525%2C300 1.5x, https:\/\/i0.wp.com\/www.jojoenherbe.com\/wp-content\/uploads\/2018\/12\/lac-de-Broc-2.jpg?fit=1168%2C1200&ssl=1&resize=700%2C400 2x, https:\/\/i0.wp.com\/www.jojoenherbe.com\/wp-content\/uploads\/2018\/12\/lac-de-Broc-2.jpg?fit=1168%2C1200&ssl=1&resize=1050%2C600 3x"},"classes":[]},{"id":2391,"url":"https:\/\/www.jojoenherbe.com\/index.php\/2007\/05\/23\/balade-autour-du-lac-de-castillon-a-saint-julien-du-verdon\/","url_meta":{"origin":1944,"position":5},"title":"Balade autour du lac de Castillon \u00e0 Saint-Julien-du-Verdon","author":"Jojo","date":"23 mai 2007","format":false,"excerpt":"Ce 20 mai 2007, nous nous rendons \u00e0 Saint-Julien-du-Verdon et plus exactement \u00e0 sa base nautique et ses plages qui sont situ\u00e9es sur la rive gauche du lac de Castillon. Ce lac est un des lacs artificiels du Verdon, en amont du lac de Sainte-Croix. Il existe depuis la cr\u00e9ation\u2026","rel":"","context":"Dans &quot;Mini baladeur&quot;","block_context":{"text":"Mini baladeur","link":"https:\/\/www.jojoenherbe.com\/index.php\/category\/mini-crapahuteur\/mini-baladeur\/"},"img":{"alt_text":"","src":"https:\/\/i0.wp.com\/www.jojoenherbe.com\/wp-content\/uploads\/2018\/04\/Lac-de-Castillon-Saint-Julien-du-Verdon.jpg?fit=1200%2C900&ssl=1&resize=350%2C200","width":350,"height":200,"srcset":"https:\/\/i0.wp.com\/www.jojoenherbe.com\/wp-content\/uploads\/2018\/04\/Lac-de-Castillon-Saint-Julien-du-Verdon.jpg?fit=1200%2C900&ssl=1&resize=350%2C200 1x, https:\/\/i0.wp.com\/www.jojoenherbe.com\/wp-content\/uploads\/2018\/04\/Lac-de-Castillon-Saint-Julien-du-Verdon.jpg?fit=1200%2C900&ssl=1&resize=525%2C300 1.5x, https:\/\/i0.wp.com\/www.jojoenherbe.com\/wp-content\/uploads\/2018\/04\/Lac-de-Castillon-Saint-Julien-du-Verdon.jpg?fit=1200%2C900&ssl=1&resize=700%2C400 2x, https:\/\/i0.wp.com\/www.jojoenherbe.com\/wp-content\/uploads\/2018\/04\/Lac-de-Castillon-Saint-Julien-du-Verdon.jpg?fit=1200%2C900&ssl=1&resize=1050%2C600 3x"},"classes":[]}],"_links":{"self":[{"href":"https:\/\/www.jojoenherbe.com\/index.php\/wp-json\/wp\/v2\/posts\/1944","targetHints":{"allow":["GET"]}}],"collection":[{"href":"https:\/\/www.jojoenherbe.com\/index.php\/wp-json\/wp\/v2\/posts"}],"about":[{"href":"https:\/\/www.jojoenherbe.com\/index.php\/wp-json\/wp\/v2\/types\/post"}],"author":[{"embeddable":true,"href":"https:\/\/www.jojoenherbe.com\/index.php\/wp-json\/wp\/v2\/users\/1"}],"replies":[{"embeddable":true,"href":"https:\/\/www.jojoenherbe.com\/index.php\/wp-json\/wp\/v2\/comments?post=1944"}],"version-history":[{"count":0,"href":"https:\/\/www.jojoenherbe.com\/index.php\/wp-json\/wp\/v2\/posts\/1944\/revisions"}],"wp:featuredmedia":[{"embeddable":true,"href":"https:\/\/www.jojoenherbe.com\/index.php\/wp-json\/wp\/v2\/media\/2074"}],"wp:attachment":[{"href":"https:\/\/www.jojoenherbe.com\/index.php\/wp-json\/wp\/v2\/media?parent=1944"}],"wp:term":[{"taxonomy":"category","embeddable":true,"href":"https:\/\/www.jojoenherbe.com\/index.php\/wp-json\/wp\/v2\/categories?post=1944"},{"taxonomy":"post_tag","embeddable":true,"href":"https:\/\/www.jojoenherbe.com\/index.php\/wp-json\/wp\/v2\/tags?post=1944"}],"curies":[{"name":"wp","href":"https:\/\/api.w.org\/{rel}","templated":true}]}}