{"id":18539,"date":"2021-05-29T10:37:35","date_gmt":"2021-05-29T08:37:35","guid":{"rendered":"http:\/\/www.jojoenherbe.com\/?p=18539"},"modified":"2022-01-07T18:05:04","modified_gmt":"2022-01-07T17:05:04","slug":"nos-lectures-pour-le-mois-mythologie-grecque-et-perse-2021","status":"publish","type":"post","link":"https:\/\/www.jojoenherbe.com\/index.php\/2021\/05\/29\/nos-lectures-pour-le-mois-mythologie-grecque-et-perse-2021\/","title":{"rendered":"Nos lectures pour le mois \u00ab\u00a0Mythologie grecque et perse\u00a0\u00bb 2021"},"content":{"rendered":"<p style=\"text-align: justify;\"><em>En mai 2021, c&rsquo;est aussi un mois d\u00e9di\u00e9 \u00e0 la mythologie grecque et perse avec le Challenge Contes et L\u00e9gendes de Bidib et 2021, cette ann\u00e9e sera classique de Blandine et Nathalie. Le temps filant \u00e0 toute vitesse, je n&rsquo;aurai pas le temps de chroniquer toutes nos lectures et regroupe donc sous un m\u00eame billet th\u00e9matique nos lectures de mythologies grecques.\u00a0<\/em><\/p>\n<p><span style=\"text-decoration: underline;\"><em><strong>Des albums jeunesse<\/strong><\/em><\/span><\/p>\n<ul>\n<li style=\"text-align: justify;\"><strong><em><span style=\"text-decoration: underline;\">Autrefois l&rsquo;Olympe&#8230; Mythes en ha\u00efku<\/span><\/em><\/strong><\/li>\n<\/ul>\n<p style=\"text-align: justify;\"><em><a href=\"https:\/\/i0.wp.com\/www.jojoenherbe.com\/wp-content\/uploads\/2021\/05\/Autrefois-lOlympe...-Mythes-en-haiku-scaled.jpg\"><img data-recalc-dims=\"1\" loading=\"lazy\" decoding=\"async\" data-attachment-id=\"18558\" data-permalink=\"https:\/\/www.jojoenherbe.com\/index.php\/2021\/05\/29\/nos-lectures-pour-le-mois-mythologie-grecque-et-perse-2021\/autrefois-lolympe-mythes-en-haiku\/\" data-orig-file=\"https:\/\/i0.wp.com\/www.jojoenherbe.com\/wp-content\/uploads\/2021\/05\/Autrefois-lOlympe...-Mythes-en-haiku-scaled.jpg?fit=2560%2C1920&amp;ssl=1\" data-orig-size=\"2560,1920\" data-comments-opened=\"1\" data-image-meta=\"{&quot;aperture&quot;:&quot;1.8&quot;,&quot;credit&quot;:&quot;&quot;,&quot;camera&quot;:&quot;iPhone 7&quot;,&quot;caption&quot;:&quot;&quot;,&quot;created_timestamp&quot;:&quot;1622138753&quot;,&quot;copyright&quot;:&quot;&quot;,&quot;focal_length&quot;:&quot;3.99&quot;,&quot;iso&quot;:&quot;100&quot;,&quot;shutter_speed&quot;:&quot;0.058823529411765&quot;,&quot;title&quot;:&quot;&quot;,&quot;orientation&quot;:&quot;1&quot;}\" data-image-title=\"Autrefois l&amp;rsquo;Olympe&amp;#8230; Mythes en ha\u00efku\" data-image-description=\"\" data-image-caption=\"\" data-large-file=\"https:\/\/i0.wp.com\/www.jojoenherbe.com\/wp-content\/uploads\/2021\/05\/Autrefois-lOlympe...-Mythes-en-haiku-scaled.jpg?fit=676%2C507&amp;ssl=1\" class=\"alignleft size-thumbnail wp-image-18558\" src=\"https:\/\/i0.wp.com\/www.jojoenherbe.com\/wp-content\/uploads\/2021\/05\/Autrefois-lOlympe...-Mythes-en-haiku.jpg?resize=150%2C150\" alt=\"\" width=\"150\" height=\"150\" srcset=\"https:\/\/i0.wp.com\/www.jojoenherbe.com\/wp-content\/uploads\/2021\/05\/Autrefois-lOlympe...-Mythes-en-haiku-scaled.jpg?resize=150%2C150&amp;ssl=1 150w, https:\/\/i0.wp.com\/www.jojoenherbe.com\/wp-content\/uploads\/2021\/05\/Autrefois-lOlympe...-Mythes-en-haiku-scaled.jpg?zoom=2&amp;resize=150%2C150 300w, https:\/\/i0.wp.com\/www.jojoenherbe.com\/wp-content\/uploads\/2021\/05\/Autrefois-lOlympe...-Mythes-en-haiku-scaled.jpg?zoom=3&amp;resize=150%2C150 450w\" sizes=\"auto, (max-width: 150px) 100vw, 150px\" \/><\/a>J&rsquo;ai commenc\u00e9 par <span style=\"text-decoration: underline;\">Autrefois l&rsquo;Olympe&#8230; Mythes en ha\u00efku<\/span> d&rsquo;Agn\u00e8s Domergue et C\u00e9cile Hudrisier (\u00e9d. Thierry Magnier, 2015), un album jeunesse \u00e0 partir de 6 ans. <\/em><\/p>\n<p style=\"text-align: justify;\"><em><a href=\"https:\/\/i0.wp.com\/www.jojoenherbe.com\/wp-content\/uploads\/2021\/05\/Autrefois-lOlympe...-Mythes-en-haiku-3-scaled.jpg\"><img data-recalc-dims=\"1\" loading=\"lazy\" decoding=\"async\" data-attachment-id=\"18557\" data-permalink=\"https:\/\/www.jojoenherbe.com\/index.php\/2021\/05\/29\/nos-lectures-pour-le-mois-mythologie-grecque-et-perse-2021\/autrefois-lolympe-mythes-en-haiku-3\/\" data-orig-file=\"https:\/\/i0.wp.com\/www.jojoenherbe.com\/wp-content\/uploads\/2021\/05\/Autrefois-lOlympe...-Mythes-en-haiku-3-scaled.jpg?fit=2560%2C1518&amp;ssl=1\" data-orig-size=\"2560,1518\" data-comments-opened=\"1\" data-image-meta=\"{&quot;aperture&quot;:&quot;1.8&quot;,&quot;credit&quot;:&quot;&quot;,&quot;camera&quot;:&quot;iPhone 7&quot;,&quot;caption&quot;:&quot;&quot;,&quot;created_timestamp&quot;:&quot;1622195993&quot;,&quot;copyright&quot;:&quot;&quot;,&quot;focal_length&quot;:&quot;3.99&quot;,&quot;iso&quot;:&quot;100&quot;,&quot;shutter_speed&quot;:&quot;0.071428571428571&quot;,&quot;title&quot;:&quot;&quot;,&quot;orientation&quot;:&quot;1&quot;}\" data-image-title=\"Autrefois l&amp;rsquo;Olympe&amp;#8230; Mythes en ha\u00efku 3\" data-image-description=\"\" data-image-caption=\"\" data-large-file=\"https:\/\/i0.wp.com\/www.jojoenherbe.com\/wp-content\/uploads\/2021\/05\/Autrefois-lOlympe...-Mythes-en-haiku-3-scaled.jpg?fit=676%2C401&amp;ssl=1\" class=\"size-thumbnail wp-image-18557 alignright\" src=\"https:\/\/i0.wp.com\/www.jojoenherbe.com\/wp-content\/uploads\/2021\/05\/Autrefois-lOlympe...-Mythes-en-haiku-3.jpg?resize=150%2C150\" alt=\"\" width=\"150\" height=\"150\" srcset=\"https:\/\/i0.wp.com\/www.jojoenherbe.com\/wp-content\/uploads\/2021\/05\/Autrefois-lOlympe...-Mythes-en-haiku-3-scaled.jpg?resize=150%2C150&amp;ssl=1 150w, https:\/\/i0.wp.com\/www.jojoenherbe.com\/wp-content\/uploads\/2021\/05\/Autrefois-lOlympe...-Mythes-en-haiku-3-scaled.jpg?zoom=2&amp;resize=150%2C150 300w, https:\/\/i0.wp.com\/www.jojoenherbe.com\/wp-content\/uploads\/2021\/05\/Autrefois-lOlympe...-Mythes-en-haiku-3-scaled.jpg?zoom=3&amp;resize=150%2C150 450w\" sizes=\"auto, (max-width: 150px) 100vw, 150px\" \/><\/a> <a href=\"https:\/\/i0.wp.com\/www.jojoenherbe.com\/wp-content\/uploads\/2021\/05\/Autrefois-lOlympe...-Mythes-en-haiku-2-scaled.jpg\"><img data-recalc-dims=\"1\" loading=\"lazy\" decoding=\"async\" data-attachment-id=\"18556\" data-permalink=\"https:\/\/www.jojoenherbe.com\/index.php\/2021\/05\/29\/nos-lectures-pour-le-mois-mythologie-grecque-et-perse-2021\/autrefois-lolympe-mythes-en-haiku-2\/\" data-orig-file=\"https:\/\/i0.wp.com\/www.jojoenherbe.com\/wp-content\/uploads\/2021\/05\/Autrefois-lOlympe...-Mythes-en-haiku-2-scaled.jpg?fit=2560%2C1590&amp;ssl=1\" data-orig-size=\"2560,1590\" data-comments-opened=\"1\" data-image-meta=\"{&quot;aperture&quot;:&quot;1.8&quot;,&quot;credit&quot;:&quot;&quot;,&quot;camera&quot;:&quot;iPhone 7&quot;,&quot;caption&quot;:&quot;&quot;,&quot;created_timestamp&quot;:&quot;1622196027&quot;,&quot;copyright&quot;:&quot;&quot;,&quot;focal_length&quot;:&quot;3.99&quot;,&quot;iso&quot;:&quot;100&quot;,&quot;shutter_speed&quot;:&quot;0.071428571428571&quot;,&quot;title&quot;:&quot;&quot;,&quot;orientation&quot;:&quot;1&quot;}\" data-image-title=\"Autrefois l&amp;rsquo;Olympe&amp;#8230; Mythes en ha\u00efku 2\" data-image-description=\"\" data-image-caption=\"\" data-large-file=\"https:\/\/i0.wp.com\/www.jojoenherbe.com\/wp-content\/uploads\/2021\/05\/Autrefois-lOlympe...-Mythes-en-haiku-2-scaled.jpg?fit=676%2C420&amp;ssl=1\" class=\"size-thumbnail wp-image-18556 alignright\" src=\"https:\/\/i0.wp.com\/www.jojoenherbe.com\/wp-content\/uploads\/2021\/05\/Autrefois-lOlympe...-Mythes-en-haiku-2.jpg?resize=150%2C150\" alt=\"\" width=\"150\" height=\"150\" srcset=\"https:\/\/i0.wp.com\/www.jojoenherbe.com\/wp-content\/uploads\/2021\/05\/Autrefois-lOlympe...-Mythes-en-haiku-2-scaled.jpg?resize=150%2C150&amp;ssl=1 150w, https:\/\/i0.wp.com\/www.jojoenherbe.com\/wp-content\/uploads\/2021\/05\/Autrefois-lOlympe...-Mythes-en-haiku-2-scaled.jpg?zoom=2&amp;resize=150%2C150 300w, https:\/\/i0.wp.com\/www.jojoenherbe.com\/wp-content\/uploads\/2021\/05\/Autrefois-lOlympe...-Mythes-en-haiku-2-scaled.jpg?zoom=3&amp;resize=150%2C150 450w\" sizes=\"auto, (max-width: 150px) 100vw, 150px\" \/><\/a>Les ha\u00efkus d&rsquo;Agn\u00e8s Domergue et les jolies illustrations \u00e0 l&rsquo;aquarelle de C\u00e9cile Hudrisier mettent en valeur 20 figures c\u00e9l\u00e8bres de la mythologie gr\u00e9co-romaines comme par exemple Narcisse, P\u00e9gase ou La M\u00e9duse. Dans la m\u00eame s\u00e9rie, il existe les Contes et les Fables en ha\u00efku. Il n&rsquo;est pas si simple de deviner ces grands mythes. J&rsquo;avoue avoir plus facilement reconnu les contes (re)lus bien plus souvent ces derni\u00e8res ann\u00e9es avec mon mini lutin. Reconna\u00eetrez-vous les deux mis en illustration?<br \/><\/em><\/p>\n<ul style=\"text-align: justify;\">\n<li><strong><em><span style=\"text-decoration: underline;\">Dieux &amp; D\u00e9esses de la mythologie grecque<\/span><\/em><\/strong><\/li>\n<\/ul>\n<p style=\"text-align: justify;\"><em><a href=\"https:\/\/i0.wp.com\/www.jojoenherbe.com\/wp-content\/uploads\/2021\/05\/Dieux-Deesses-de-la-mythologie-grecque-scaled.jpg\"><img data-recalc-dims=\"1\" loading=\"lazy\" decoding=\"async\" data-attachment-id=\"18561\" data-permalink=\"https:\/\/www.jojoenherbe.com\/index.php\/2021\/05\/29\/nos-lectures-pour-le-mois-mythologie-grecque-et-perse-2021\/dieux-deesses-de-la-mythologie-grecque\/\" data-orig-file=\"https:\/\/i0.wp.com\/www.jojoenherbe.com\/wp-content\/uploads\/2021\/05\/Dieux-Deesses-de-la-mythologie-grecque-scaled.jpg?fit=2560%2C1920&amp;ssl=1\" data-orig-size=\"2560,1920\" data-comments-opened=\"1\" data-image-meta=\"{&quot;aperture&quot;:&quot;1.8&quot;,&quot;credit&quot;:&quot;&quot;,&quot;camera&quot;:&quot;iPhone 7&quot;,&quot;caption&quot;:&quot;&quot;,&quot;created_timestamp&quot;:&quot;1622138736&quot;,&quot;copyright&quot;:&quot;&quot;,&quot;focal_length&quot;:&quot;3.99&quot;,&quot;iso&quot;:&quot;100&quot;,&quot;shutter_speed&quot;:&quot;0.058823529411765&quot;,&quot;title&quot;:&quot;&quot;,&quot;orientation&quot;:&quot;1&quot;}\" data-image-title=\"Dieux &amp;#038; D\u00e9esses de la mythologie grecque\" data-image-description=\"\" data-image-caption=\"\" data-large-file=\"https:\/\/i0.wp.com\/www.jojoenherbe.com\/wp-content\/uploads\/2021\/05\/Dieux-Deesses-de-la-mythologie-grecque-scaled.jpg?fit=676%2C507&amp;ssl=1\" class=\"alignleft size-thumbnail wp-image-18561\" src=\"https:\/\/i0.wp.com\/www.jojoenherbe.com\/wp-content\/uploads\/2021\/05\/Dieux-Deesses-de-la-mythologie-grecque.jpg?resize=150%2C150\" alt=\"\" width=\"150\" height=\"150\" srcset=\"https:\/\/i0.wp.com\/www.jojoenherbe.com\/wp-content\/uploads\/2021\/05\/Dieux-Deesses-de-la-mythologie-grecque-scaled.jpg?resize=150%2C150&amp;ssl=1 150w, https:\/\/i0.wp.com\/www.jojoenherbe.com\/wp-content\/uploads\/2021\/05\/Dieux-Deesses-de-la-mythologie-grecque-scaled.jpg?zoom=2&amp;resize=150%2C150 300w, https:\/\/i0.wp.com\/www.jojoenherbe.com\/wp-content\/uploads\/2021\/05\/Dieux-Deesses-de-la-mythologie-grecque-scaled.jpg?zoom=3&amp;resize=150%2C150 450w\" sizes=\"auto, (max-width: 150px) 100vw, 150px\" \/><\/a> J&rsquo;ai aussi lu <span style=\"text-decoration: underline;\">Dieux &amp; D\u00e9esses de la mythologie grecque<\/span> de Fran\u00e7oise Rachmul et Charlotte Gastaut (\u00e9d. Flammarion Jeunesse, coll. P\u00e8re Castor, 2013), un album jeunesse \u00e0 partir de 7 ans. <\/em><\/p>\n<p style=\"text-align: justify;\"><a href=\"https:\/\/i0.wp.com\/www.jojoenherbe.com\/wp-content\/uploads\/2021\/05\/Dieux-Deesses-de-la-mythologie-grecque-2-1-scaled.jpg\"><img data-recalc-dims=\"1\" loading=\"lazy\" decoding=\"async\" data-attachment-id=\"18570\" data-permalink=\"https:\/\/www.jojoenherbe.com\/index.php\/2021\/05\/29\/nos-lectures-pour-le-mois-mythologie-grecque-et-perse-2021\/dieux-deesses-de-la-mythologie-grecque-2-2\/\" data-orig-file=\"https:\/\/i0.wp.com\/www.jojoenherbe.com\/wp-content\/uploads\/2021\/05\/Dieux-Deesses-de-la-mythologie-grecque-2-1-scaled.jpg?fit=2560%2C1528&amp;ssl=1\" data-orig-size=\"2560,1528\" data-comments-opened=\"1\" data-image-meta=\"{&quot;aperture&quot;:&quot;1.8&quot;,&quot;credit&quot;:&quot;&quot;,&quot;camera&quot;:&quot;iPhone 7&quot;,&quot;caption&quot;:&quot;&quot;,&quot;created_timestamp&quot;:&quot;1622198113&quot;,&quot;copyright&quot;:&quot;&quot;,&quot;focal_length&quot;:&quot;3.99&quot;,&quot;iso&quot;:&quot;100&quot;,&quot;shutter_speed&quot;:&quot;0.076923076923077&quot;,&quot;title&quot;:&quot;&quot;,&quot;orientation&quot;:&quot;1&quot;}\" data-image-title=\"Dieux &amp;#038; D\u00e9esses de la mythologie grecque 2\" data-image-description=\"\" data-image-caption=\"\" data-large-file=\"https:\/\/i0.wp.com\/www.jojoenherbe.com\/wp-content\/uploads\/2021\/05\/Dieux-Deesses-de-la-mythologie-grecque-2-1-scaled.jpg?fit=676%2C403&amp;ssl=1\" class=\"size-thumbnail wp-image-18570 alignright\" src=\"https:\/\/i0.wp.com\/www.jojoenherbe.com\/wp-content\/uploads\/2021\/05\/Dieux-Deesses-de-la-mythologie-grecque-2-1.jpg?resize=150%2C150\" alt=\"\" width=\"150\" height=\"150\" srcset=\"https:\/\/i0.wp.com\/www.jojoenherbe.com\/wp-content\/uploads\/2021\/05\/Dieux-Deesses-de-la-mythologie-grecque-2-1-scaled.jpg?resize=150%2C150&amp;ssl=1 150w, https:\/\/i0.wp.com\/www.jojoenherbe.com\/wp-content\/uploads\/2021\/05\/Dieux-Deesses-de-la-mythologie-grecque-2-1-scaled.jpg?zoom=2&amp;resize=150%2C150 300w, https:\/\/i0.wp.com\/www.jojoenherbe.com\/wp-content\/uploads\/2021\/05\/Dieux-Deesses-de-la-mythologie-grecque-2-1-scaled.jpg?zoom=3&amp;resize=150%2C150 450w\" sizes=\"auto, (max-width: 150px) 100vw, 150px\" \/><\/a> <a href=\"https:\/\/i0.wp.com\/www.jojoenherbe.com\/wp-content\/uploads\/2021\/05\/Dieux-Deesses-de-la-mythologie-grecque-3-scaled.jpg\"><img data-recalc-dims=\"1\" loading=\"lazy\" decoding=\"async\" data-attachment-id=\"18571\" data-permalink=\"https:\/\/www.jojoenherbe.com\/index.php\/2021\/05\/29\/nos-lectures-pour-le-mois-mythologie-grecque-et-perse-2021\/dieux-deesses-de-la-mythologie-grecque-3\/\" data-orig-file=\"https:\/\/i0.wp.com\/www.jojoenherbe.com\/wp-content\/uploads\/2021\/05\/Dieux-Deesses-de-la-mythologie-grecque-3-scaled.jpg?fit=2560%2C1676&amp;ssl=1\" data-orig-size=\"2560,1676\" data-comments-opened=\"1\" data-image-meta=\"{&quot;aperture&quot;:&quot;1.8&quot;,&quot;credit&quot;:&quot;&quot;,&quot;camera&quot;:&quot;iPhone 7&quot;,&quot;caption&quot;:&quot;&quot;,&quot;created_timestamp&quot;:&quot;1622198127&quot;,&quot;copyright&quot;:&quot;&quot;,&quot;focal_length&quot;:&quot;3.99&quot;,&quot;iso&quot;:&quot;100&quot;,&quot;shutter_speed&quot;:&quot;0.058823529411765&quot;,&quot;title&quot;:&quot;&quot;,&quot;orientation&quot;:&quot;1&quot;}\" data-image-title=\"Dieux &amp;#038; D\u00e9esses de la mythologie grecque 3\" data-image-description=\"\" data-image-caption=\"\" data-large-file=\"https:\/\/i0.wp.com\/www.jojoenherbe.com\/wp-content\/uploads\/2021\/05\/Dieux-Deesses-de-la-mythologie-grecque-3-scaled.jpg?fit=676%2C442&amp;ssl=1\" class=\"size-thumbnail wp-image-18571 alignright\" src=\"https:\/\/i0.wp.com\/www.jojoenherbe.com\/wp-content\/uploads\/2021\/05\/Dieux-Deesses-de-la-mythologie-grecque-3.jpg?resize=150%2C150\" alt=\"\" width=\"150\" height=\"150\" srcset=\"https:\/\/i0.wp.com\/www.jojoenherbe.com\/wp-content\/uploads\/2021\/05\/Dieux-Deesses-de-la-mythologie-grecque-3-scaled.jpg?resize=150%2C150&amp;ssl=1 150w, https:\/\/i0.wp.com\/www.jojoenherbe.com\/wp-content\/uploads\/2021\/05\/Dieux-Deesses-de-la-mythologie-grecque-3-scaled.jpg?zoom=2&amp;resize=150%2C150 300w, https:\/\/i0.wp.com\/www.jojoenherbe.com\/wp-content\/uploads\/2021\/05\/Dieux-Deesses-de-la-mythologie-grecque-3-scaled.jpg?zoom=3&amp;resize=150%2C150 450w\" sizes=\"auto, (max-width: 150px) 100vw, 150px\" \/><\/a><em>Nous retrouvons la vie de 12 Dieux et D\u00e9esses de l&rsquo;Olympe avec par exemple Zeus, H\u00e9ra, Pos\u00e9idon, Ath\u00e9na, Aphrodite, Art\u00e9mis&#8230; Les illustrations de Charlotte Gastaut sont tr\u00e8s jolies et apportent une touche classique et po\u00e9tique au r\u00e9cit de Fran\u00e7oise Rachmul. <br \/><\/em><\/p>\n<ul style=\"text-align: justify;\">\n<li><strong><em><span style=\"text-decoration: underline;\">H\u00e9ro\u00efnes &amp; et H\u00e9ros de la mythologie grecque<\/span><\/em><\/strong><\/li>\n<\/ul>\n<p style=\"text-align: justify;\"><em><a href=\"https:\/\/i0.wp.com\/www.jojoenherbe.com\/wp-content\/uploads\/2021\/05\/Heroines-et-Heros-de-la-mythologie-grecque-scaled.jpg\"><img data-recalc-dims=\"1\" loading=\"lazy\" decoding=\"async\" data-attachment-id=\"18562\" data-permalink=\"https:\/\/www.jojoenherbe.com\/index.php\/2021\/05\/29\/nos-lectures-pour-le-mois-mythologie-grecque-et-perse-2021\/heroines-et-heros-de-la-mythologie-grecque\/\" data-orig-file=\"https:\/\/i0.wp.com\/www.jojoenherbe.com\/wp-content\/uploads\/2021\/05\/Heroines-et-Heros-de-la-mythologie-grecque-scaled.jpg?fit=2560%2C1920&amp;ssl=1\" data-orig-size=\"2560,1920\" data-comments-opened=\"1\" data-image-meta=\"{&quot;aperture&quot;:&quot;1.8&quot;,&quot;credit&quot;:&quot;&quot;,&quot;camera&quot;:&quot;iPhone 7&quot;,&quot;caption&quot;:&quot;&quot;,&quot;created_timestamp&quot;:&quot;1622138773&quot;,&quot;copyright&quot;:&quot;&quot;,&quot;focal_length&quot;:&quot;3.99&quot;,&quot;iso&quot;:&quot;100&quot;,&quot;shutter_speed&quot;:&quot;0.090909090909091&quot;,&quot;title&quot;:&quot;&quot;,&quot;orientation&quot;:&quot;1&quot;}\" data-image-title=\"H\u00e9ro\u00efnes &amp;#038; et H\u00e9ros de la mythologie grecque\" data-image-description=\"\" data-image-caption=\"\" data-large-file=\"https:\/\/i0.wp.com\/www.jojoenherbe.com\/wp-content\/uploads\/2021\/05\/Heroines-et-Heros-de-la-mythologie-grecque-scaled.jpg?fit=676%2C507&amp;ssl=1\" class=\"alignleft size-thumbnail wp-image-18562\" src=\"https:\/\/i0.wp.com\/www.jojoenherbe.com\/wp-content\/uploads\/2021\/05\/Heroines-et-Heros-de-la-mythologie-grecque.jpg?resize=150%2C150\" alt=\"\" width=\"150\" height=\"150\" srcset=\"https:\/\/i0.wp.com\/www.jojoenherbe.com\/wp-content\/uploads\/2021\/05\/Heroines-et-Heros-de-la-mythologie-grecque-scaled.jpg?resize=150%2C150&amp;ssl=1 150w, https:\/\/i0.wp.com\/www.jojoenherbe.com\/wp-content\/uploads\/2021\/05\/Heroines-et-Heros-de-la-mythologie-grecque-scaled.jpg?zoom=2&amp;resize=150%2C150 300w, https:\/\/i0.wp.com\/www.jojoenherbe.com\/wp-content\/uploads\/2021\/05\/Heroines-et-Heros-de-la-mythologie-grecque-scaled.jpg?zoom=3&amp;resize=150%2C150 450w\" sizes=\"auto, (max-width: 150px) 100vw, 150px\" \/><\/a>J&rsquo;ai ensuite lu <span style=\"text-decoration: underline;\">H\u00e9ro\u00efnes &amp; et H\u00e9ros de la mythologie grecque<\/span> de Fran\u00e7oise Rachmul et Charlotte Gastaut (\u00e9d. Flammarion Jeunesse, coll. P\u00e8re Castor, 2016, r\u00e9\u00e9d. 2019, 96 pages), un album jeunesse \u00e0 partir de 7 ans. <\/em><\/p>\n<p style=\"text-align: justify;\"><em><a href=\"https:\/\/i0.wp.com\/www.jojoenherbe.com\/wp-content\/uploads\/2021\/05\/Heroines-et-Heros-de-la-mythologie-grecque-3-scaled.jpg\"><img data-recalc-dims=\"1\" loading=\"lazy\" decoding=\"async\" data-attachment-id=\"18568\" data-permalink=\"https:\/\/www.jojoenherbe.com\/index.php\/2021\/05\/29\/nos-lectures-pour-le-mois-mythologie-grecque-et-perse-2021\/heroines-et-heros-de-la-mythologie-grecque-3\/\" data-orig-file=\"https:\/\/i0.wp.com\/www.jojoenherbe.com\/wp-content\/uploads\/2021\/05\/Heroines-et-Heros-de-la-mythologie-grecque-3-scaled.jpg?fit=2560%2C1682&amp;ssl=1\" data-orig-size=\"2560,1682\" data-comments-opened=\"1\" data-image-meta=\"{&quot;aperture&quot;:&quot;1.8&quot;,&quot;credit&quot;:&quot;&quot;,&quot;camera&quot;:&quot;iPhone 7&quot;,&quot;caption&quot;:&quot;&quot;,&quot;created_timestamp&quot;:&quot;1622197595&quot;,&quot;copyright&quot;:&quot;&quot;,&quot;focal_length&quot;:&quot;3.99&quot;,&quot;iso&quot;:&quot;100&quot;,&quot;shutter_speed&quot;:&quot;0.058823529411765&quot;,&quot;title&quot;:&quot;&quot;,&quot;orientation&quot;:&quot;1&quot;}\" data-image-title=\"H\u00e9ro\u00efnes &amp;#038; et H\u00e9ros de la mythologie grecque 3\" data-image-description=\"\" data-image-caption=\"\" data-large-file=\"https:\/\/i0.wp.com\/www.jojoenherbe.com\/wp-content\/uploads\/2021\/05\/Heroines-et-Heros-de-la-mythologie-grecque-3-scaled.jpg?fit=676%2C444&amp;ssl=1\" class=\"size-thumbnail wp-image-18568 alignright\" src=\"https:\/\/i0.wp.com\/www.jojoenherbe.com\/wp-content\/uploads\/2021\/05\/Heroines-et-Heros-de-la-mythologie-grecque-3.jpg?resize=150%2C150\" alt=\"\" width=\"150\" height=\"150\" srcset=\"https:\/\/i0.wp.com\/www.jojoenherbe.com\/wp-content\/uploads\/2021\/05\/Heroines-et-Heros-de-la-mythologie-grecque-3-scaled.jpg?resize=150%2C150&amp;ssl=1 150w, https:\/\/i0.wp.com\/www.jojoenherbe.com\/wp-content\/uploads\/2021\/05\/Heroines-et-Heros-de-la-mythologie-grecque-3-scaled.jpg?zoom=2&amp;resize=150%2C150 300w, https:\/\/i0.wp.com\/www.jojoenherbe.com\/wp-content\/uploads\/2021\/05\/Heroines-et-Heros-de-la-mythologie-grecque-3-scaled.jpg?zoom=3&amp;resize=150%2C150 450w\" sizes=\"auto, (max-width: 150px) 100vw, 150px\" \/><\/a> <a href=\"https:\/\/i0.wp.com\/www.jojoenherbe.com\/wp-content\/uploads\/2021\/05\/Heroines-et-Heros-de-la-mythologie-grecque-2-scaled.jpg\"><img data-recalc-dims=\"1\" loading=\"lazy\" decoding=\"async\" data-attachment-id=\"18567\" data-permalink=\"https:\/\/www.jojoenherbe.com\/index.php\/2021\/05\/29\/nos-lectures-pour-le-mois-mythologie-grecque-et-perse-2021\/heroines-et-heros-de-la-mythologie-grecque-2\/\" data-orig-file=\"https:\/\/i0.wp.com\/www.jojoenherbe.com\/wp-content\/uploads\/2021\/05\/Heroines-et-Heros-de-la-mythologie-grecque-2-scaled.jpg?fit=2560%2C1619&amp;ssl=1\" data-orig-size=\"2560,1619\" data-comments-opened=\"1\" data-image-meta=\"{&quot;aperture&quot;:&quot;1.8&quot;,&quot;credit&quot;:&quot;&quot;,&quot;camera&quot;:&quot;iPhone 7&quot;,&quot;caption&quot;:&quot;&quot;,&quot;created_timestamp&quot;:&quot;1622197567&quot;,&quot;copyright&quot;:&quot;&quot;,&quot;focal_length&quot;:&quot;3.99&quot;,&quot;iso&quot;:&quot;100&quot;,&quot;shutter_speed&quot;:&quot;0.058823529411765&quot;,&quot;title&quot;:&quot;&quot;,&quot;orientation&quot;:&quot;1&quot;}\" data-image-title=\"H\u00e9ro\u00efnes &amp;#038; et H\u00e9ros de la mythologie grecque 2\" data-image-description=\"\" data-image-caption=\"\" data-large-file=\"https:\/\/i0.wp.com\/www.jojoenherbe.com\/wp-content\/uploads\/2021\/05\/Heroines-et-Heros-de-la-mythologie-grecque-2-scaled.jpg?fit=676%2C428&amp;ssl=1\" class=\"size-thumbnail wp-image-18567 alignright\" src=\"https:\/\/i0.wp.com\/www.jojoenherbe.com\/wp-content\/uploads\/2021\/05\/Heroines-et-Heros-de-la-mythologie-grecque-2.jpg?resize=150%2C150\" alt=\"\" width=\"150\" height=\"150\" srcset=\"https:\/\/i0.wp.com\/www.jojoenherbe.com\/wp-content\/uploads\/2021\/05\/Heroines-et-Heros-de-la-mythologie-grecque-2-scaled.jpg?resize=150%2C150&amp;ssl=1 150w, https:\/\/i0.wp.com\/www.jojoenherbe.com\/wp-content\/uploads\/2021\/05\/Heroines-et-Heros-de-la-mythologie-grecque-2-scaled.jpg?zoom=2&amp;resize=150%2C150 300w, https:\/\/i0.wp.com\/www.jojoenherbe.com\/wp-content\/uploads\/2021\/05\/Heroines-et-Heros-de-la-mythologie-grecque-2-scaled.jpg?zoom=3&amp;resize=150%2C150 450w\" sizes=\"auto, (max-width: 150px) 100vw, 150px\" \/><\/a>Apr\u00e8s les Dieux et les D\u00e9esses, le m\u00eame duo autrice\/illustratrice s&rsquo;int\u00e9ressent aux h\u00e9ros et h\u00e9ro\u00efnes qui sont ou non aid\u00e9s par les Dieux de l&rsquo;Olympe. Nous retrouvons les destins \u00e9piques de Jason, Th\u00e9s\u00e9e, H\u00e9l\u00e8ne, Achille et Atalante. Ce choix est expliqu\u00e9 d\u00e8s les premiers pages de l&rsquo;album. <br \/><\/em><\/p>\n<p><strong><em><span style=\"text-decoration: underline;\">Des romans jeunesse<\/span><\/em><\/strong><\/p>\n<p style=\"text-align: justify;\"><em>J&rsquo;ai \u00e9galement pr\u00e9vu de lire des romans jeunesse abordant la mythologie grecque. Mise \u00e0 jour du 8 juillet 2021: mi-juin, j&rsquo;ai lu les deux tomes de <span style=\"text-decoration: underline;\">L&rsquo;enfance des Dieux<\/span>.<br \/><\/em><\/p>\n<ul>\n<li><strong><span style=\"text-decoration: underline;\"><em>L&rsquo;enfance des Dieux<\/em><\/span><em> (T1 et T2)<\/em><span style=\"text-decoration: underline;\"><em><br \/><\/em><\/span><\/strong><\/li>\n<\/ul>\n<p style=\"text-align: justify;\"><em><a href=\"https:\/\/i0.wp.com\/www.jojoenherbe.com\/wp-content\/uploads\/2021\/05\/Lenfance-des-Dieux-T1-scaled.jpg\"><img data-recalc-dims=\"1\" loading=\"lazy\" decoding=\"async\" data-attachment-id=\"18564\" data-permalink=\"https:\/\/www.jojoenherbe.com\/index.php\/2021\/05\/29\/nos-lectures-pour-le-mois-mythologie-grecque-et-perse-2021\/lenfance-des-dieux-t1\/\" data-orig-file=\"https:\/\/i0.wp.com\/www.jojoenherbe.com\/wp-content\/uploads\/2021\/05\/Lenfance-des-Dieux-T1-scaled.jpg?fit=2560%2C1920&amp;ssl=1\" data-orig-size=\"2560,1920\" data-comments-opened=\"1\" data-image-meta=\"{&quot;aperture&quot;:&quot;1.8&quot;,&quot;credit&quot;:&quot;&quot;,&quot;camera&quot;:&quot;iPhone 7&quot;,&quot;caption&quot;:&quot;&quot;,&quot;created_timestamp&quot;:&quot;1622138784&quot;,&quot;copyright&quot;:&quot;&quot;,&quot;focal_length&quot;:&quot;3.99&quot;,&quot;iso&quot;:&quot;100&quot;,&quot;shutter_speed&quot;:&quot;0.1&quot;,&quot;title&quot;:&quot;&quot;,&quot;orientation&quot;:&quot;1&quot;}\" data-image-title=\"L&amp;rsquo;enfance des Dieux T1\" data-image-description=\"\" data-image-caption=\"\" data-large-file=\"https:\/\/i0.wp.com\/www.jojoenherbe.com\/wp-content\/uploads\/2021\/05\/Lenfance-des-Dieux-T1-scaled.jpg?fit=676%2C507&amp;ssl=1\" class=\"alignleft size-thumbnail wp-image-18564\" src=\"https:\/\/i0.wp.com\/www.jojoenherbe.com\/wp-content\/uploads\/2021\/05\/Lenfance-des-Dieux-T1.jpg?resize=150%2C150\" alt=\"\" width=\"150\" height=\"150\" srcset=\"https:\/\/i0.wp.com\/www.jojoenherbe.com\/wp-content\/uploads\/2021\/05\/Lenfance-des-Dieux-T1-scaled.jpg?resize=150%2C150&amp;ssl=1 150w, https:\/\/i0.wp.com\/www.jojoenherbe.com\/wp-content\/uploads\/2021\/05\/Lenfance-des-Dieux-T1-scaled.jpg?zoom=2&amp;resize=150%2C150 300w, https:\/\/i0.wp.com\/www.jojoenherbe.com\/wp-content\/uploads\/2021\/05\/Lenfance-des-Dieux-T1-scaled.jpg?zoom=3&amp;resize=150%2C150 450w\" sizes=\"auto, (max-width: 150px) 100vw, 150px\" \/><\/a><a href=\"https:\/\/i0.wp.com\/www.jojoenherbe.com\/wp-content\/uploads\/2021\/05\/Lenfance-des-dieux-Zeus-scaled.jpg\"><img data-recalc-dims=\"1\" loading=\"lazy\" decoding=\"async\" data-attachment-id=\"19727\" data-permalink=\"https:\/\/www.jojoenherbe.com\/index.php\/2021\/05\/29\/nos-lectures-pour-le-mois-mythologie-grecque-et-perse-2021\/lenfance-des-dieux-zeus\/\" data-orig-file=\"https:\/\/i0.wp.com\/www.jojoenherbe.com\/wp-content\/uploads\/2021\/05\/Lenfance-des-dieux-Zeus-scaled.jpg?fit=1920%2C2560&amp;ssl=1\" data-orig-size=\"1920,2560\" data-comments-opened=\"1\" data-image-meta=\"{&quot;aperture&quot;:&quot;1.8&quot;,&quot;credit&quot;:&quot;&quot;,&quot;camera&quot;:&quot;iPhone 7&quot;,&quot;caption&quot;:&quot;&quot;,&quot;created_timestamp&quot;:&quot;1625144195&quot;,&quot;copyright&quot;:&quot;&quot;,&quot;focal_length&quot;:&quot;3.99&quot;,&quot;iso&quot;:&quot;80&quot;,&quot;shutter_speed&quot;:&quot;0.14285714285714&quot;,&quot;title&quot;:&quot;&quot;,&quot;orientation&quot;:&quot;1&quot;}\" data-image-title=\"L&amp;rsquo;enfance des dieux, Zeus\" data-image-description=\"\" data-image-caption=\"\" data-large-file=\"https:\/\/i0.wp.com\/www.jojoenherbe.com\/wp-content\/uploads\/2021\/05\/Lenfance-des-dieux-Zeus-scaled.jpg?fit=676%2C901&amp;ssl=1\" class=\"alignleft size-thumbnail wp-image-19727\" src=\"https:\/\/i0.wp.com\/www.jojoenherbe.com\/wp-content\/uploads\/2021\/05\/Lenfance-des-dieux-Zeus.jpg?resize=150%2C150\" alt=\"\" width=\"150\" height=\"150\" srcset=\"https:\/\/i0.wp.com\/www.jojoenherbe.com\/wp-content\/uploads\/2021\/05\/Lenfance-des-dieux-Zeus-scaled.jpg?resize=150%2C150&amp;ssl=1 150w, https:\/\/i0.wp.com\/www.jojoenherbe.com\/wp-content\/uploads\/2021\/05\/Lenfance-des-dieux-Zeus-scaled.jpg?zoom=2&amp;resize=150%2C150 300w, https:\/\/i0.wp.com\/www.jojoenherbe.com\/wp-content\/uploads\/2021\/05\/Lenfance-des-dieux-Zeus-scaled.jpg?zoom=3&amp;resize=150%2C150 450w\" sizes=\"auto, (max-width: 150px) 100vw, 150px\" \/><\/a>J&rsquo;ai commenc\u00e9 par le tome 1, <strong><span style=\"text-decoration: underline;\">L&rsquo;enfance des Dieux, Zeus<\/span><\/strong> d\u2019\u00c9velyne Brisou-Pellen illustr\u00e9 par Thierry Christmann (\u00e9d. Pocket Jeunesse, PKJ, 2021, 89 pages), un roman jeunesse \u00e0 partir de 9 ans. Apr\u00e8s avoir pris la place de son p\u00e8re, Chronos d\u00e9vore un \u00e0 un sa descendance pour \u00e9chapper \u00e0 une pr\u00e9diction funeste. Mais sa s\u0153ur et \u00e9pouse, H\u00e9ra r\u00e9ussit \u00e0 sauver le dernier-n\u00e9 Zeus. Zeus grandit dans la joie et l&rsquo;ignorance aupr\u00e8s des nymphes. Une fois sa v\u00e9ritable nature r\u00e9v\u00e9l\u00e9e, il d\u00e9cide d&rsquo;aller sauver ses fr\u00e8res et s\u0153urs avec l&rsquo;aide de sa cousine M\u00e9tis. Il d\u00e9clenche alors la guerre entre Dieux et Titans.<\/em><\/p>\n<p style=\"text-align: justify;\"><em><a href=\"https:\/\/i0.wp.com\/www.jojoenherbe.com\/wp-content\/uploads\/2021\/05\/Lenfance-des-Dieux-T2-scaled.jpg\"><img data-recalc-dims=\"1\" loading=\"lazy\" decoding=\"async\" data-attachment-id=\"18565\" data-permalink=\"https:\/\/www.jojoenherbe.com\/index.php\/2021\/05\/29\/nos-lectures-pour-le-mois-mythologie-grecque-et-perse-2021\/lenfance-des-dieux-t2\/\" data-orig-file=\"https:\/\/i0.wp.com\/www.jojoenherbe.com\/wp-content\/uploads\/2021\/05\/Lenfance-des-Dieux-T2-scaled.jpg?fit=2560%2C1971&amp;ssl=1\" data-orig-size=\"2560,1971\" data-comments-opened=\"1\" data-image-meta=\"{&quot;aperture&quot;:&quot;1.8&quot;,&quot;credit&quot;:&quot;&quot;,&quot;camera&quot;:&quot;iPhone 7&quot;,&quot;caption&quot;:&quot;&quot;,&quot;created_timestamp&quot;:&quot;1622138791&quot;,&quot;copyright&quot;:&quot;&quot;,&quot;focal_length&quot;:&quot;3.99&quot;,&quot;iso&quot;:&quot;100&quot;,&quot;shutter_speed&quot;:&quot;0.090909090909091&quot;,&quot;title&quot;:&quot;&quot;,&quot;orientation&quot;:&quot;1&quot;}\" data-image-title=\"L&amp;rsquo;enfance des Dieux T2\" data-image-description=\"\" data-image-caption=\"\" data-large-file=\"https:\/\/i0.wp.com\/www.jojoenherbe.com\/wp-content\/uploads\/2021\/05\/Lenfance-des-Dieux-T2-scaled.jpg?fit=676%2C520&amp;ssl=1\" class=\"size-thumbnail wp-image-18565 alignright\" src=\"https:\/\/i0.wp.com\/www.jojoenherbe.com\/wp-content\/uploads\/2021\/05\/Lenfance-des-Dieux-T2.jpg?resize=150%2C150\" alt=\"\" width=\"150\" height=\"150\" srcset=\"https:\/\/i0.wp.com\/www.jojoenherbe.com\/wp-content\/uploads\/2021\/05\/Lenfance-des-Dieux-T2-scaled.jpg?resize=150%2C150&amp;ssl=1 150w, https:\/\/i0.wp.com\/www.jojoenherbe.com\/wp-content\/uploads\/2021\/05\/Lenfance-des-Dieux-T2-scaled.jpg?zoom=2&amp;resize=150%2C150 300w, https:\/\/i0.wp.com\/www.jojoenherbe.com\/wp-content\/uploads\/2021\/05\/Lenfance-des-Dieux-T2-scaled.jpg?zoom=3&amp;resize=150%2C150 450w\" sizes=\"auto, (max-width: 150px) 100vw, 150px\" \/><\/a><a href=\"https:\/\/i0.wp.com\/www.jojoenherbe.com\/wp-content\/uploads\/2021\/05\/Lenfance-des-dieux-Athena-scaled.jpg\"><img data-recalc-dims=\"1\" loading=\"lazy\" decoding=\"async\" data-attachment-id=\"19726\" data-permalink=\"https:\/\/www.jojoenherbe.com\/index.php\/2021\/05\/29\/nos-lectures-pour-le-mois-mythologie-grecque-et-perse-2021\/lenfance-des-dieux-athena\/\" data-orig-file=\"https:\/\/i0.wp.com\/www.jojoenherbe.com\/wp-content\/uploads\/2021\/05\/Lenfance-des-dieux-Athena-scaled.jpg?fit=1920%2C2560&amp;ssl=1\" data-orig-size=\"1920,2560\" data-comments-opened=\"1\" data-image-meta=\"{&quot;aperture&quot;:&quot;1.8&quot;,&quot;credit&quot;:&quot;&quot;,&quot;camera&quot;:&quot;iPhone 7&quot;,&quot;caption&quot;:&quot;&quot;,&quot;created_timestamp&quot;:&quot;1625144349&quot;,&quot;copyright&quot;:&quot;&quot;,&quot;focal_length&quot;:&quot;3.99&quot;,&quot;iso&quot;:&quot;100&quot;,&quot;shutter_speed&quot;:&quot;0.16666666666667&quot;,&quot;title&quot;:&quot;&quot;,&quot;orientation&quot;:&quot;1&quot;}\" data-image-title=\"L\u00a0\u00bbenfance des dieux, Ath\u00e9na\" data-image-description=\"\" data-image-caption=\"\" data-large-file=\"https:\/\/i0.wp.com\/www.jojoenherbe.com\/wp-content\/uploads\/2021\/05\/Lenfance-des-dieux-Athena-scaled.jpg?fit=676%2C901&amp;ssl=1\" class=\"size-thumbnail wp-image-19726 alignright\" src=\"https:\/\/i0.wp.com\/www.jojoenherbe.com\/wp-content\/uploads\/2021\/05\/Lenfance-des-dieux-Athena.jpg?resize=150%2C150\" alt=\"\" width=\"150\" height=\"150\" srcset=\"https:\/\/i0.wp.com\/www.jojoenherbe.com\/wp-content\/uploads\/2021\/05\/Lenfance-des-dieux-Athena-scaled.jpg?resize=150%2C150&amp;ssl=1 150w, https:\/\/i0.wp.com\/www.jojoenherbe.com\/wp-content\/uploads\/2021\/05\/Lenfance-des-dieux-Athena-scaled.jpg?zoom=2&amp;resize=150%2C150 300w, https:\/\/i0.wp.com\/www.jojoenherbe.com\/wp-content\/uploads\/2021\/05\/Lenfance-des-dieux-Athena-scaled.jpg?zoom=3&amp;resize=150%2C150 450w\" sizes=\"auto, (max-width: 150px) 100vw, 150px\" \/><\/a>Puis j&rsquo;ai poursuivi avec le tome 2 de <strong><span style=\"text-decoration: underline;\">L&rsquo;enfance des Dieux, Ath\u00e9na<\/span><\/strong> d\u2019\u00c9velyne Brisou-Pellen illustr\u00e9 par Thierry Christmann (\u00e9d. Pocket Jeunesse, PKJ, 2021, 97 pages), un roman jeunesse \u00e0 partir de 9 ans. Cette fois, nous partons de la naissance d&rsquo;Ath\u00e9na qui semble grandir dans un caverne \u00e9trange, observant de l&rsquo;int\u00e9rieur le monde ext\u00e9rieur . En r\u00e9alit\u00e9, elle sort de la t\u00eate de Zeus qui l&rsquo;a enfant\u00e9e seul et qui a pris la place de son p\u00e8re en devenant le premier des Dieux de l&rsquo;Olympe. Ath\u00e9na d\u00e9cide d&rsquo;aider les mortels. Malgr\u00e9 son caract\u00e8re impulsif et m\u00eame col\u00e9rique, y parviendra-t-elle?<\/em><\/p>\n<p style=\"text-align: justify;\"><em>Dans les deux tomes, on trouve un petit glossaire, une carte des dieux et un arbre chronologique des diff\u00e9rentes divinit\u00e9s pr\u00e9sent\u00e9es. Le texte est accompagn\u00e9 d&rsquo;illustrations en noir et blanc. Une lecture tr\u00e8s rapide dans un langage un peu trop familier \u00e0 mon go\u00fbt, notamment lorsque le narrateur apostrophe le lecteur ou donne son avis avec humour sur la vie pleine de p\u00e9rip\u00e9ties des dieux (style narratif encore plus d\u00e9velopp\u00e9 dans le tome suivant) et qui rend accessible aux plus jeunes la mythologie grecque!\u00a0 <\/em><\/p>\n<ul style=\"text-align: justify;\">\n<li><strong><em><span style=\"text-decoration: underline;\">Z\u00e9phir cheval de l&rsquo;Olympe<\/span> (T1)<span style=\"text-decoration: underline;\"><br \/><\/span><\/em><\/strong><\/li>\n<\/ul>\n<p style=\"text-align: justify;\"><em><a href=\"https:\/\/i0.wp.com\/www.jojoenherbe.com\/wp-content\/uploads\/2021\/05\/Zephir-cheval-de-lOlympe-T1-scaled.jpg\"><img data-recalc-dims=\"1\" loading=\"lazy\" decoding=\"async\" data-attachment-id=\"18563\" data-permalink=\"https:\/\/www.jojoenherbe.com\/index.php\/2021\/05\/29\/nos-lectures-pour-le-mois-mythologie-grecque-et-perse-2021\/zephir-cheval-de-lolympe-t1\/\" data-orig-file=\"https:\/\/i0.wp.com\/www.jojoenherbe.com\/wp-content\/uploads\/2021\/05\/Zephir-cheval-de-lOlympe-T1-scaled.jpg?fit=2560%2C1920&amp;ssl=1\" data-orig-size=\"2560,1920\" data-comments-opened=\"1\" data-image-meta=\"{&quot;aperture&quot;:&quot;1.8&quot;,&quot;credit&quot;:&quot;&quot;,&quot;camera&quot;:&quot;iPhone 7&quot;,&quot;caption&quot;:&quot;&quot;,&quot;created_timestamp&quot;:&quot;1622138765&quot;,&quot;copyright&quot;:&quot;&quot;,&quot;focal_length&quot;:&quot;3.99&quot;,&quot;iso&quot;:&quot;100&quot;,&quot;shutter_speed&quot;:&quot;0.076923076923077&quot;,&quot;title&quot;:&quot;&quot;,&quot;orientation&quot;:&quot;1&quot;}\" data-image-title=\"Z\u00e9phir cheval de l&amp;rsquo;Olympe T1\" data-image-description=\"\" data-image-caption=\"\" data-large-file=\"https:\/\/i0.wp.com\/www.jojoenherbe.com\/wp-content\/uploads\/2021\/05\/Zephir-cheval-de-lOlympe-T1-scaled.jpg?fit=676%2C507&amp;ssl=1\" class=\"alignleft size-thumbnail wp-image-18563\" src=\"https:\/\/i0.wp.com\/www.jojoenherbe.com\/wp-content\/uploads\/2021\/05\/Zephir-cheval-de-lOlympe-T1.jpg?resize=150%2C150\" alt=\"\" width=\"150\" height=\"150\" srcset=\"https:\/\/i0.wp.com\/www.jojoenherbe.com\/wp-content\/uploads\/2021\/05\/Zephir-cheval-de-lOlympe-T1-scaled.jpg?resize=150%2C150&amp;ssl=1 150w, https:\/\/i0.wp.com\/www.jojoenherbe.com\/wp-content\/uploads\/2021\/05\/Zephir-cheval-de-lOlympe-T1-scaled.jpg?zoom=2&amp;resize=150%2C150 300w, https:\/\/i0.wp.com\/www.jojoenherbe.com\/wp-content\/uploads\/2021\/05\/Zephir-cheval-de-lOlympe-T1-scaled.jpg?zoom=3&amp;resize=150%2C150 450w\" sizes=\"auto, (max-width: 150px) 100vw, 150px\" \/><\/a>J&rsquo;ai rendu sans le lire le\u00a0 tome 1 de <span style=\"text-decoration: underline;\">Z\u00e9phir cheval de l&rsquo;Olympe, La course des dieux<\/span> de Kallie George (\u00e9d. Albin Michel Jeunesse, 2019, 256 pages), un roman jeunesse \u00e0 partir de 9 ans. Il existe un second tome qui \u00e9tait d\u00e9j\u00e0 emprunt\u00e9 \u00e0 la m\u00e9diath\u00e8que, <span style=\"text-decoration: underline;\">La revanche de la Nuit<\/span> (\u00e9d. 2020, 252 pages). Je les emprunterai lorsque les deux seront disponibles.<br \/><\/em><\/p>\n<div id=\"attachment_17340\" style=\"width: 156px\" class=\"wp-caption alignleft\"><img data-recalc-dims=\"1\" loading=\"lazy\" decoding=\"async\" aria-describedby=\"caption-attachment-17340\" data-attachment-id=\"17340\" data-permalink=\"https:\/\/www.jojoenherbe.com\/index.php\/2021\/04\/14\/au-fil-des-pages-avec-le-meilleur-livre-pour-apprendre-a-dessiner-une-vache\/le-meilleur-livre-pour-apprendre-a-dessiner-une-vache\/\" data-orig-file=\"https:\/\/i0.wp.com\/www.jojoenherbe.com\/wp-content\/uploads\/2021\/04\/Le-meilleur-livre-pour-apprendre-a-dessiner-une-vache-scaled.jpg?fit=2560%2C1920&amp;ssl=1\" data-orig-size=\"2560,1920\" data-comments-opened=\"1\" data-image-meta=\"{&quot;aperture&quot;:&quot;1.8&quot;,&quot;credit&quot;:&quot;&quot;,&quot;camera&quot;:&quot;iPhone 7&quot;,&quot;caption&quot;:&quot;&quot;,&quot;created_timestamp&quot;:&quot;1618405426&quot;,&quot;copyright&quot;:&quot;&quot;,&quot;focal_length&quot;:&quot;3.99&quot;,&quot;iso&quot;:&quot;100&quot;,&quot;shutter_speed&quot;:&quot;0.058823529411765&quot;,&quot;title&quot;:&quot;&quot;,&quot;orientation&quot;:&quot;1&quot;}\" data-image-title=\"Le meilleur livre pour apprendre \u00e0 dessiner une vache\" data-image-description=\"\" data-image-caption=\"\" data-large-file=\"https:\/\/i0.wp.com\/www.jojoenherbe.com\/wp-content\/uploads\/2021\/04\/Le-meilleur-livre-pour-apprendre-a-dessiner-une-vache-scaled.jpg?fit=676%2C507&amp;ssl=1\" class=\"wp-image-17340\" src=\"https:\/\/i0.wp.com\/mapetitemediatheque.fr\/wp-content\/uploads\/2021\/01\/mythologie-grecques-et-perses.jpg?resize=146%2C100\" alt=\"\" width=\"146\" height=\"100\" \/><p id=\"caption-attachment-17340\" class=\"wp-caption-text\">Challenge Contes &amp; L\u00e9gendes 2021 de <a href=\"https:\/\/mapetitemediatheque.fr\/2020\/12\/challenge-contes-legendes-2021\/\">Bidib<\/a> #Mythologie grecque<\/p><\/div>\n<div style=\"width: 148px\" class=\"wp-caption alignleft\"><img loading=\"lazy\" decoding=\"async\" src=\"https:\/\/i2.wp.com\/image.over-blog.com\/yI-7TM1HYsdq5TL9vZNWyIGfkew=\/filters:no_upscale()\/image%2F0776537%2F20210113%2Fob_cc2cb1_137210396-194275619064729-744701331835.png?resize=200%2C150&amp;ssl=1\" alt=\"\" width=\"138\" height=\"103\" data-amp-height=\"150\" data-amp-width=\"200\" data-recalc-dims=\"1\" \/><p class=\"wp-caption-text\">Challenge 2021, cette ann\u00e9e sera classique de <a href=\"http:\/\/vivrelivre19.over-blog.com\/2021\/01\/2021-cette-annee-sera-classique.html\">Blandine<\/a> et <a href=\"https:\/\/delivrer-des-livres.fr\/2021-cette-annee-sera-classique\/\">Nathalie<\/a> #Mythologie grecque<\/p><\/div>\n<div style=\"width: 162px\" class=\"wp-caption alignleft\"><img data-recalc-dims=\"1\" loading=\"lazy\" decoding=\"async\" class=\"attachment-boston-list-medium  wp-post-image\" src=\"https:\/\/i0.wp.com\/avenuereinemathilde.com\/wp-content\/uploads\/2020\/12\/Challenge-femmes-auteures_paysage-720x380.jpg?resize=152%2C80&#038;ssl=1\" alt=\"challenge 2021 lire au f\u00e9minin\" width=\"152\" height=\"80\" \/><p class=\"wp-caption-text\">Challenge Lire au f\u00e9minin de <a href=\"https:\/\/avenuereinemathilde.com\/challenge-lire-au-feminin-2021\/\">Tiphanya<\/a> #Autrice\/illustratrice fran\u00e7aise et autrice canadienne<\/p><\/div>\n\n\n<p><\/p>\n","protected":false},"excerpt":{"rendered":"<p>En mai 2021, c&rsquo;est aussi un mois d\u00e9di\u00e9 \u00e0 la mythologie grecque et perse avec le Challenge Contes et L\u00e9gendes de Bidib et 2021, cette ann\u00e9e sera classique de Blandine et Nathalie. Le temps filant \u00e0 toute vitesse, je n&rsquo;aurai pas le temps de chroniquer toutes nos lectures et regroupe donc sous un m\u00eame billet [&hellip;]<\/p>\n","protected":false},"author":1,"featured_media":18544,"comment_status":"open","ping_status":"open","sticky":false,"template":"","format":"standard","meta":{"jetpack_post_was_ever_published":false,"_jetpack_newsletter_access":"","_jetpack_dont_email_post_to_subs":false,"_jetpack_newsletter_tier_id":0,"_jetpack_memberships_contains_paywalled_content":false,"_jetpack_memberships_contains_paid_content":false,"footnotes":""},"categories":[363],"tags":[2068,788,852,1222,1201,409,646,1385,2020,2535,2539,2537,2534,2540,2538,367,2111,2532,2533,789],"class_list":["post-18539","post","type-post","status-publish","format-standard","has-post-thumbnail","hentry","category-mini-lecteur","tag-2021-cette-annee-sera-classique","tag-6-9-ans","tag-9-12-ans","tag-agnes-domergue","tag-album-jeu","tag-albums-jeunesse","tag-antiquite","tag-cecile-hudrisier","tag-challenge-contes-et-legendes-2021","tag-charlotte-gastaut","tag-dieux","tag-evelyne-brisou-pellen","tag-francoise-rachmul","tag-grece-antique","tag-kallie-george","tag-lecture-jeunesse","tag-lire-au-feminin-2021","tag-mythologie","tag-mythologie-grecque","tag-romans-jeunesse","post-preview"],"jetpack_featured_media_url":"https:\/\/i0.wp.com\/www.jojoenherbe.com\/wp-content\/uploads\/2021\/05\/Selection-Mythologie-grecque-scaled.jpg?fit=2560%2C1833&ssl=1","jetpack_sharing_enabled":true,"jetpack_shortlink":"https:\/\/wp.me\/p9zhGx-4P1","jetpack_likes_enabled":true,"jetpack-related-posts":[{"id":18621,"url":"https:\/\/www.jojoenherbe.com\/index.php\/2021\/06\/01\/notre-mois-bloguesque-de-mai-2021\/","url_meta":{"origin":18539,"position":0},"title":"Notre mois bloguesque de mai 2021","author":"Jojo","date":"1 juin 2021","format":false,"excerpt":"C'est le premier du mois alors voici un petit retour bloguesque sur mai 2021 avec encore une fois beaucoup de lectures tr\u00e8s vari\u00e9es en raison des diff\u00e9rents challenges de mai: des escales livresques en Italie, au Japon, en Angleterre et en Inde notamment. Le Mois au Japon 2021 s'est en\u2026","rel":"","context":"Dans &quot;Mini blogueur&quot;","block_context":{"text":"Mini blogueur","link":"https:\/\/www.jojoenherbe.com\/index.php\/category\/mini-blogueur\/"},"img":{"alt_text":"","src":"https:\/\/i0.wp.com\/www.jojoenherbe.com\/wp-content\/uploads\/2021\/05\/Mai-2021-scaled.jpg?fit=1200%2C696&ssl=1&resize=350%2C200","width":350,"height":200,"srcset":"https:\/\/i0.wp.com\/www.jojoenherbe.com\/wp-content\/uploads\/2021\/05\/Mai-2021-scaled.jpg?fit=1200%2C696&ssl=1&resize=350%2C200 1x, https:\/\/i0.wp.com\/www.jojoenherbe.com\/wp-content\/uploads\/2021\/05\/Mai-2021-scaled.jpg?fit=1200%2C696&ssl=1&resize=525%2C300 1.5x, https:\/\/i0.wp.com\/www.jojoenherbe.com\/wp-content\/uploads\/2021\/05\/Mai-2021-scaled.jpg?fit=1200%2C696&ssl=1&resize=700%2C400 2x, https:\/\/i0.wp.com\/www.jojoenherbe.com\/wp-content\/uploads\/2021\/05\/Mai-2021-scaled.jpg?fit=1200%2C696&ssl=1&resize=1050%2C600 3x"},"classes":[]},{"id":37285,"url":"https:\/\/www.jojoenherbe.com\/index.php\/2025\/05\/20\/au-fil-des-pages-avec-moi-meduse\/","url_meta":{"origin":18539,"position":1},"title":"Au fil des pages avec Moi, M\u00e9duse","author":"Jojo","date":"20 mai 2025","format":false,"excerpt":"J'avais lu le 5e tome de cette collection mythologique: Moi, M\u00e9duse de Sylvie Baussier (\u00e9d. Scrineo, coll. Mythologie, janvier 2021, 112 pages), un court roman jeunesse \u00e0 partir de 10 ans avec dans les premi\u00e8res pages de jolies illustrations en noir et blanc de Tristan Gian et qui se place\u2026","rel":"","context":"Dans &quot;Mini lecteur&quot;","block_context":{"text":"Mini lecteur","link":"https:\/\/www.jojoenherbe.com\/index.php\/category\/mini-lecteur\/"},"img":{"alt_text":"","src":"https:\/\/i0.wp.com\/www.jojoenherbe.com\/wp-content\/uploads\/2025\/01\/Moi-Meduse-scaled.jpg?fit=1200%2C956&ssl=1&resize=350%2C200","width":350,"height":200,"srcset":"https:\/\/i0.wp.com\/www.jojoenherbe.com\/wp-content\/uploads\/2025\/01\/Moi-Meduse-scaled.jpg?fit=1200%2C956&ssl=1&resize=350%2C200 1x, https:\/\/i0.wp.com\/www.jojoenherbe.com\/wp-content\/uploads\/2025\/01\/Moi-Meduse-scaled.jpg?fit=1200%2C956&ssl=1&resize=525%2C300 1.5x, https:\/\/i0.wp.com\/www.jojoenherbe.com\/wp-content\/uploads\/2025\/01\/Moi-Meduse-scaled.jpg?fit=1200%2C956&ssl=1&resize=700%2C400 2x, https:\/\/i0.wp.com\/www.jojoenherbe.com\/wp-content\/uploads\/2025\/01\/Moi-Meduse-scaled.jpg?fit=1200%2C956&ssl=1&resize=1050%2C600 3x"},"classes":[]},{"id":35528,"url":"https:\/\/www.jojoenherbe.com\/index.php\/2024\/04\/03\/au-fil-des-pages-avec-la-naissance-du-printemps\/","url_meta":{"origin":18539,"position":2},"title":"Au fil des pages avec La naissance du printemps","author":"Jojo","date":"3 avril 2024","format":false,"excerpt":"Nous avons lu hier soir La naissance du printemps de Roxane Marie Galliez et Eric Puybaret (\u00e9d. Balivernes, avril 2019,\u00a0 32 pages), un album jeunesse \u00e0 partir de 6 ans. Bien avant l'arriv\u00e9e des \u00eatres humains, vivaient Orithye la nymphe dont le pouvoir \u00e9tait de donner des couleurs \u00e0 la\u2026","rel":"","context":"Dans &quot;Mini lecteur&quot;","block_context":{"text":"Mini lecteur","link":"https:\/\/www.jojoenherbe.com\/index.php\/category\/mini-lecteur\/"},"img":{"alt_text":"","src":"https:\/\/i0.wp.com\/www.jojoenherbe.com\/wp-content\/uploads\/2024\/04\/La-naissance-du-printemps-scaled.jpg?fit=1200%2C910&ssl=1&resize=350%2C200","width":350,"height":200,"srcset":"https:\/\/i0.wp.com\/www.jojoenherbe.com\/wp-content\/uploads\/2024\/04\/La-naissance-du-printemps-scaled.jpg?fit=1200%2C910&ssl=1&resize=350%2C200 1x, https:\/\/i0.wp.com\/www.jojoenherbe.com\/wp-content\/uploads\/2024\/04\/La-naissance-du-printemps-scaled.jpg?fit=1200%2C910&ssl=1&resize=525%2C300 1.5x, https:\/\/i0.wp.com\/www.jojoenherbe.com\/wp-content\/uploads\/2024\/04\/La-naissance-du-printemps-scaled.jpg?fit=1200%2C910&ssl=1&resize=700%2C400 2x, https:\/\/i0.wp.com\/www.jojoenherbe.com\/wp-content\/uploads\/2024\/04\/La-naissance-du-printemps-scaled.jpg?fit=1200%2C910&ssl=1&resize=1050%2C600 3x"},"classes":[]},{"id":15493,"url":"https:\/\/www.jojoenherbe.com\/index.php\/2021\/03\/01\/notre-mois-bloguesque-de-fevrier-2021\/","url_meta":{"origin":18539,"position":3},"title":"Notre mois bloguesque de f\u00e9vrier 2021","author":"Jojo","date":"1 mars 2021","format":false,"excerpt":"Comme le mois dernier, voici un petit retour bloguesque sur f\u00e9vrier 2021 avec encore une fois beaucoup de lectures. Nous avons continu\u00e9 nos lectures hivernales et nous y avons ajout\u00e9 nos lectures autour du carnaval avec un coup de coeur pour Le carnaval de l'ogre de Catherine Tamain et Marjorie\u2026","rel":"","context":"Dans &quot;Mini blogueur&quot;","block_context":{"text":"Mini blogueur","link":"https:\/\/www.jojoenherbe.com\/index.php\/category\/mini-blogueur\/"},"img":{"alt_text":"","src":"https:\/\/i0.wp.com\/www.jojoenherbe.com\/wp-content\/uploads\/2021\/02\/Fevrier-2021-scaled.jpg?fit=1200%2C826&ssl=1&resize=350%2C200","width":350,"height":200,"srcset":"https:\/\/i0.wp.com\/www.jojoenherbe.com\/wp-content\/uploads\/2021\/02\/Fevrier-2021-scaled.jpg?fit=1200%2C826&ssl=1&resize=350%2C200 1x, https:\/\/i0.wp.com\/www.jojoenherbe.com\/wp-content\/uploads\/2021\/02\/Fevrier-2021-scaled.jpg?fit=1200%2C826&ssl=1&resize=525%2C300 1.5x, https:\/\/i0.wp.com\/www.jojoenherbe.com\/wp-content\/uploads\/2021\/02\/Fevrier-2021-scaled.jpg?fit=1200%2C826&ssl=1&resize=700%2C400 2x, https:\/\/i0.wp.com\/www.jojoenherbe.com\/wp-content\/uploads\/2021\/02\/Fevrier-2021-scaled.jpg?fit=1200%2C826&ssl=1&resize=1050%2C600 3x"},"classes":[]},{"id":33943,"url":"https:\/\/www.jojoenherbe.com\/index.php\/2024\/03\/07\/au-fil-des-pages-avec-antigone\/","url_meta":{"origin":18539,"position":4},"title":"Au fil des pages avec Antigone","author":"Jojo","date":"7 mars 2024","format":false,"excerpt":"J'ai lu Antigone d'Yann Liotard et Marie-Claire Redon (\u00e9d. La ville br\u00fble, octobre 2017, 52 pages), un album jeunesse \u00e0 partir de 8 ans selon l'\u00e9diteur mais je dirai plut\u00f4t pour les adolescents, \u00e0 partir de 12\/13 ans. J'ai appr\u00e9ci\u00e9 l'id\u00e9e de rendre accessible aux plus jeunes Antigone de Sophocle,\u2026","rel":"","context":"Dans &quot;Mini lecteur&quot;","block_context":{"text":"Mini lecteur","link":"https:\/\/www.jojoenherbe.com\/index.php\/category\/mini-lecteur\/"},"img":{"alt_text":"","src":"https:\/\/i0.wp.com\/www.jojoenherbe.com\/wp-content\/uploads\/2024\/02\/Antigone-scaled.jpg?fit=1200%2C1023&ssl=1&resize=350%2C200","width":350,"height":200,"srcset":"https:\/\/i0.wp.com\/www.jojoenherbe.com\/wp-content\/uploads\/2024\/02\/Antigone-scaled.jpg?fit=1200%2C1023&ssl=1&resize=350%2C200 1x, https:\/\/i0.wp.com\/www.jojoenherbe.com\/wp-content\/uploads\/2024\/02\/Antigone-scaled.jpg?fit=1200%2C1023&ssl=1&resize=525%2C300 1.5x, https:\/\/i0.wp.com\/www.jojoenherbe.com\/wp-content\/uploads\/2024\/02\/Antigone-scaled.jpg?fit=1200%2C1023&ssl=1&resize=700%2C400 2x, https:\/\/i0.wp.com\/www.jojoenherbe.com\/wp-content\/uploads\/2024\/02\/Antigone-scaled.jpg?fit=1200%2C1023&ssl=1&resize=1050%2C600 3x"},"classes":[]},{"id":19948,"url":"https:\/\/www.jojoenherbe.com\/index.php\/2021\/08\/01\/notre-mois-bloguesque-de-juillet-2021\/","url_meta":{"origin":18539,"position":5},"title":"Notre mois bloguesque de juillet 2021","author":"Jojo","date":"1 ao\u00fbt 2021","format":false,"excerpt":"C'est le premier du mois alors voici un petit retour bloguesque sur juillet 2021. Et hasard du blog, il s'agit (d\u00e9j\u00e0) de mon milli\u00e8me billet. J'ai \u00e9t\u00e9 un peu moins pr\u00e9sente ce mois-ci sur le blog mais nous avons continu\u00e9 nos lectures et surtout nous avons recommenc\u00e9 \u00e0 balader. Juillet\u2026","rel":"","context":"Dans &quot;Mini blogueur&quot;","block_context":{"text":"Mini blogueur","link":"https:\/\/www.jojoenherbe.com\/index.php\/category\/mini-blogueur\/"},"img":{"alt_text":"","src":"https:\/\/i0.wp.com\/www.jojoenherbe.com\/wp-content\/uploads\/2021\/07\/Selection-juillet-2021-scaled.jpg?fit=1200%2C769&ssl=1&resize=350%2C200","width":350,"height":200,"srcset":"https:\/\/i0.wp.com\/www.jojoenherbe.com\/wp-content\/uploads\/2021\/07\/Selection-juillet-2021-scaled.jpg?fit=1200%2C769&ssl=1&resize=350%2C200 1x, https:\/\/i0.wp.com\/www.jojoenherbe.com\/wp-content\/uploads\/2021\/07\/Selection-juillet-2021-scaled.jpg?fit=1200%2C769&ssl=1&resize=525%2C300 1.5x, https:\/\/i0.wp.com\/www.jojoenherbe.com\/wp-content\/uploads\/2021\/07\/Selection-juillet-2021-scaled.jpg?fit=1200%2C769&ssl=1&resize=700%2C400 2x, https:\/\/i0.wp.com\/www.jojoenherbe.com\/wp-content\/uploads\/2021\/07\/Selection-juillet-2021-scaled.jpg?fit=1200%2C769&ssl=1&resize=1050%2C600 3x"},"classes":[]}],"_links":{"self":[{"href":"https:\/\/www.jojoenherbe.com\/index.php\/wp-json\/wp\/v2\/posts\/18539","targetHints":{"allow":["GET"]}}],"collection":[{"href":"https:\/\/www.jojoenherbe.com\/index.php\/wp-json\/wp\/v2\/posts"}],"about":[{"href":"https:\/\/www.jojoenherbe.com\/index.php\/wp-json\/wp\/v2\/types\/post"}],"author":[{"embeddable":true,"href":"https:\/\/www.jojoenherbe.com\/index.php\/wp-json\/wp\/v2\/users\/1"}],"replies":[{"embeddable":true,"href":"https:\/\/www.jojoenherbe.com\/index.php\/wp-json\/wp\/v2\/comments?post=18539"}],"version-history":[{"count":0,"href":"https:\/\/www.jojoenherbe.com\/index.php\/wp-json\/wp\/v2\/posts\/18539\/revisions"}],"wp:featuredmedia":[{"embeddable":true,"href":"https:\/\/www.jojoenherbe.com\/index.php\/wp-json\/wp\/v2\/media\/18544"}],"wp:attachment":[{"href":"https:\/\/www.jojoenherbe.com\/index.php\/wp-json\/wp\/v2\/media?parent=18539"}],"wp:term":[{"taxonomy":"category","embeddable":true,"href":"https:\/\/www.jojoenherbe.com\/index.php\/wp-json\/wp\/v2\/categories?post=18539"},{"taxonomy":"post_tag","embeddable":true,"href":"https:\/\/www.jojoenherbe.com\/index.php\/wp-json\/wp\/v2\/tags?post=18539"}],"curies":[{"name":"wp","href":"https:\/\/api.w.org\/{rel}","templated":true}]}}