{"id":18440,"date":"2021-05-23T13:54:48","date_gmt":"2021-05-23T11:54:48","guid":{"rendered":"http:\/\/www.jojoenherbe.com\/?p=18440"},"modified":"2021-05-23T13:55:51","modified_gmt":"2021-05-23T11:55:51","slug":"semaine-20-du-projet-52-2021-architecture","status":"publish","type":"post","link":"https:\/\/www.jojoenherbe.com\/index.php\/2021\/05\/23\/semaine-20-du-projet-52-2021-architecture\/","title":{"rendered":"Semaine 20 du Projet 52-2021: Architecture"},"content":{"rendered":"<p style=\"text-align: justify;\"><em><a href=\"https:\/\/i0.wp.com\/www.jojoenherbe.com\/wp-content\/uploads\/2021\/05\/Temple-de-lAmour-Parc-Chambrun-2-scaled.jpg\"><img data-recalc-dims=\"1\" loading=\"lazy\" decoding=\"async\" data-attachment-id=\"18442\" data-permalink=\"https:\/\/www.jojoenherbe.com\/index.php\/2021\/05\/23\/semaine-20-du-projet-52-2021-architecture\/temple-de-lamour-parc-chambrun-2\/\" data-orig-file=\"https:\/\/i0.wp.com\/www.jojoenherbe.com\/wp-content\/uploads\/2021\/05\/Temple-de-lAmour-Parc-Chambrun-2-scaled.jpg?fit=2560%2C1920&amp;ssl=1\" data-orig-size=\"2560,1920\" data-comments-opened=\"1\" data-image-meta=\"{&quot;aperture&quot;:&quot;4&quot;,&quot;credit&quot;:&quot;&quot;,&quot;camera&quot;:&quot;DSC-HX400V&quot;,&quot;caption&quot;:&quot;&quot;,&quot;created_timestamp&quot;:&quot;1621691618&quot;,&quot;copyright&quot;:&quot;&quot;,&quot;focal_length&quot;:&quot;16.71&quot;,&quot;iso&quot;:&quot;80&quot;,&quot;shutter_speed&quot;:&quot;0.0025&quot;,&quot;title&quot;:&quot;&quot;,&quot;orientation&quot;:&quot;1&quot;}\" data-image-title=\"Temple de l&amp;rsquo;Amour &amp;#8211; Parc Chambrun 2\" data-image-description=\"\" data-image-caption=\"\" data-large-file=\"https:\/\/i0.wp.com\/www.jojoenherbe.com\/wp-content\/uploads\/2021\/05\/Temple-de-lAmour-Parc-Chambrun-2-scaled.jpg?fit=676%2C507&amp;ssl=1\" class=\"alignleft size-thumbnail wp-image-18442\" src=\"https:\/\/i0.wp.com\/www.jojoenherbe.com\/wp-content\/uploads\/2021\/05\/Temple-de-lAmour-Parc-Chambrun-2.jpg?resize=150%2C150\" alt=\"\" width=\"150\" height=\"150\" srcset=\"https:\/\/i0.wp.com\/www.jojoenherbe.com\/wp-content\/uploads\/2021\/05\/Temple-de-lAmour-Parc-Chambrun-2-scaled.jpg?resize=150%2C150&amp;ssl=1 150w, https:\/\/i0.wp.com\/www.jojoenherbe.com\/wp-content\/uploads\/2021\/05\/Temple-de-lAmour-Parc-Chambrun-2-scaled.jpg?zoom=2&amp;resize=150%2C150 300w, https:\/\/i0.wp.com\/www.jojoenherbe.com\/wp-content\/uploads\/2021\/05\/Temple-de-lAmour-Parc-Chambrun-2-scaled.jpg?zoom=3&amp;resize=150%2C150 450w\" sizes=\"auto, (max-width: 150px) 100vw, 150px\" \/><\/a> <a href=\"https:\/\/i0.wp.com\/www.jojoenherbe.com\/wp-content\/uploads\/2021\/05\/Temple-de-lAmour-Parc-Chambrun-3-scaled.jpg\"><img data-recalc-dims=\"1\" loading=\"lazy\" decoding=\"async\" data-attachment-id=\"18443\" data-permalink=\"https:\/\/www.jojoenherbe.com\/index.php\/2021\/05\/23\/semaine-20-du-projet-52-2021-architecture\/temple-de-lamour-parc-chambrun-3\/\" data-orig-file=\"https:\/\/i0.wp.com\/www.jojoenherbe.com\/wp-content\/uploads\/2021\/05\/Temple-de-lAmour-Parc-Chambrun-3-scaled.jpg?fit=1920%2C2560&amp;ssl=1\" data-orig-size=\"1920,2560\" data-comments-opened=\"1\" data-image-meta=\"{&quot;aperture&quot;:&quot;4&quot;,&quot;credit&quot;:&quot;&quot;,&quot;camera&quot;:&quot;DSC-HX400V&quot;,&quot;caption&quot;:&quot;&quot;,&quot;created_timestamp&quot;:&quot;1621693734&quot;,&quot;copyright&quot;:&quot;&quot;,&quot;focal_length&quot;:&quot;21.47&quot;,&quot;iso&quot;:&quot;80&quot;,&quot;shutter_speed&quot;:&quot;0.0015625&quot;,&quot;title&quot;:&quot;&quot;,&quot;orientation&quot;:&quot;1&quot;}\" data-image-title=\"Temple de l&amp;rsquo;Amour &amp;#8211; Parc Chambrun 3\" data-image-description=\"\" data-image-caption=\"\" data-large-file=\"https:\/\/i0.wp.com\/www.jojoenherbe.com\/wp-content\/uploads\/2021\/05\/Temple-de-lAmour-Parc-Chambrun-3-scaled.jpg?fit=676%2C901&amp;ssl=1\" class=\"alignleft size-thumbnail wp-image-18443\" src=\"https:\/\/i0.wp.com\/www.jojoenherbe.com\/wp-content\/uploads\/2021\/05\/Temple-de-lAmour-Parc-Chambrun-3.jpg?resize=150%2C150\" alt=\"\" width=\"150\" height=\"150\" srcset=\"https:\/\/i0.wp.com\/www.jojoenherbe.com\/wp-content\/uploads\/2021\/05\/Temple-de-lAmour-Parc-Chambrun-3-scaled.jpg?resize=150%2C150&amp;ssl=1 150w, https:\/\/i0.wp.com\/www.jojoenherbe.com\/wp-content\/uploads\/2021\/05\/Temple-de-lAmour-Parc-Chambrun-3-scaled.jpg?zoom=2&amp;resize=150%2C150 300w, https:\/\/i0.wp.com\/www.jojoenherbe.com\/wp-content\/uploads\/2021\/05\/Temple-de-lAmour-Parc-Chambrun-3-scaled.jpg?zoom=3&amp;resize=150%2C150 450w\" sizes=\"auto, (max-width: 150px) 100vw, 150px\" \/><\/a>Pour la semaine 20 du Projet 52-2021 de Du c\u00f4t\u00e9 de chez Ma&rsquo;, le th\u00e8me est \u00ab\u00a0<a href=\"https:\/\/ducotedechezma.wordpress.com\/2021\/05\/22\/projet-52-2021-semaine-20-architecture\/\">Architecture<\/a>\u00ab\u00a0. Je pense tout naturellement \u00e0 l&rsquo;architecture ni\u00e7oise avec ses b\u00e2timents datant de la Belle \u00c9poque. Profitant d&rsquo;une sortie dans le parc municipal Chambrun situ\u00e9 au Nord de Nice, dans le quartier r\u00e9sidentiel de Saint-Maurice et malgr\u00e9 un temps nuageux, je prends en photo le Temple de l&rsquo;Amour qui domine le parc arbor\u00e9 et devant lequel nous passons pour aller dans l&rsquo;aire de jeux des enfants.<br \/>\n<\/em><\/p>\n<p style=\"text-align: justify;\"><em><span style=\"text-decoration: underline;\">Un peu d&rsquo;histoire<\/span>: le Comte de Chambrun a fait construire par l&rsquo;architecte Philippe Randon pour sa femme m\u00e9lomane, en 1885, ce kiosque \u00e0 musique au sein de leur grand parc botanique rachet\u00e9 et qui a accueilli \u00e0 partir de son inauguration en 1890 de nombreux concerts mondains. Il s&rsquo;agit d&rsquo;un monument circulaire avec 12 colonnes corinthiennes faites de marbre de carrare et d&rsquo;une vingtaine de m\u00e8tres. Avec son allure gr\u00e9co-romaine, il s&rsquo;en d\u00e9gage une atmosph\u00e8re romantique.<\/em><\/p>\n<p><img data-recalc-dims=\"1\" loading=\"lazy\" decoding=\"async\" class=\"wp-image-5951 below-entry-meta aligncenter\" src=\"https:\/\/ducotedechezma.files.wordpress.com\/2020\/12\/52-2021_liste_themes.jpg?w=982&#038;resize=408%2C339\" sizes=\"auto, (max-width: 709px) 85vw, (max-width: 909px) 67vw, (max-width: 1362px) 62vw, 840px\" srcset=\"https:\/\/ducotedechezma.files.wordpress.com\/2020\/12\/52-2021_liste_themes.jpg 982w, https:\/\/ducotedechezma.files.wordpress.com\/2020\/12\/52-2021_liste_themes.jpg?w=150 150w, https:\/\/ducotedechezma.files.wordpress.com\/2020\/12\/52-2021_liste_themes.jpg?w=300 300w, https:\/\/ducotedechezma.files.wordpress.com\/2020\/12\/52-2021_liste_themes.jpg?w=768 768w\" alt=\"\" width=\"408\" height=\"339\" data-attachment-id=\"5951\" data-permalink=\"https:\/\/ducotedechezma.wordpress.com\/52-2021_liste_themes\/\" data-orig-file=\"https:\/\/ducotedechezma.files.wordpress.com\/2020\/12\/52-2021_liste_themes.jpg\" data-orig-size=\"982,817\" data-comments-opened=\"1\" data-image-meta=\"{&quot;aperture&quot;:&quot;0&quot;,&quot;credit&quot;:&quot;&quot;,&quot;camera&quot;:&quot;&quot;,&quot;caption&quot;:&quot;&quot;,&quot;created_timestamp&quot;:&quot;0&quot;,&quot;copyright&quot;:&quot;&quot;,&quot;focal_length&quot;:&quot;0&quot;,&quot;iso&quot;:&quot;0&quot;,&quot;shutter_speed&quot;:&quot;0&quot;,&quot;title&quot;:&quot;&quot;,&quot;orientation&quot;:&quot;0&quot;}\" data-image-title=\"52-2021_liste_themes\" data-image-description=\"\" data-medium-file=\"https:\/\/ducotedechezma.files.wordpress.com\/2020\/12\/52-2021_liste_themes.jpg?w=300\" data-large-file=\"https:\/\/ducotedechezma.files.wordpress.com\/2020\/12\/52-2021_liste_themes.jpg?w=840\" \/><\/p>\n","protected":false},"excerpt":{"rendered":"<p>Pour la semaine 20 du Projet 52-2021 de Du c\u00f4t\u00e9 de chez Ma&rsquo;, le th\u00e8me est \u00ab\u00a0Architecture\u00ab\u00a0. Je pense tout naturellement \u00e0 l&rsquo;architecture ni\u00e7oise avec ses b\u00e2timents datant de la Belle \u00c9poque. Profitant d&rsquo;une sortie dans le parc municipal Chambrun situ\u00e9 au Nord de Nice, dans le quartier r\u00e9sidentiel de Saint-Maurice et malgr\u00e9 un temps [&hellip;]<\/p>\n","protected":false},"author":1,"featured_media":18444,"comment_status":"open","ping_status":"open","sticky":false,"template":"","format":"standard","meta":{"jetpack_post_was_ever_published":false,"_jetpack_newsletter_access":"","_jetpack_dont_email_post_to_subs":false,"_jetpack_newsletter_tier_id":0,"_jetpack_memberships_contains_paywalled_content":false,"_jetpack_memberships_contains_paid_content":false,"footnotes":""},"categories":[437],"tags":[25,2460,2523,38,5,2522,47,2039,1506],"class_list":["post-18440","post","type-post","status-publish","format-standard","has-post-thumbnail","hentry","category-mini-photographe","tag-alpes-maritimes","tag-architecture","tag-kiosque-a-musique","tag-nice","tag-paca","tag-parc-chambrun","tag-parcs-et-jardins","tag-projet-52-2021","tag-region-sud","post-preview"],"jetpack_featured_media_url":"https:\/\/i0.wp.com\/www.jojoenherbe.com\/wp-content\/uploads\/2021\/05\/Temple-de-lAmour-Parc-Chambrun-scaled.jpg?fit=2560%2C1920&ssl=1","jetpack_sharing_enabled":true,"jetpack_shortlink":"https:\/\/wp.me\/p9zhGx-4Nq","jetpack_likes_enabled":true,"jetpack-related-posts":[{"id":19842,"url":"https:\/\/www.jojoenherbe.com\/index.php\/2021\/07\/25\/semaine-29-du-projet-52-2021-dehors\/","url_meta":{"origin":18440,"position":0},"title":"Semaine 29 du Projet 52-2021: Dehors","author":"Jojo","date":"25 juillet 2021","format":false,"excerpt":"Pour la semaine 29 du Projet 52-2021 de Du c\u00f4t\u00e9 de chez Ma', le th\u00e8me est \"Dehors\". Voici une photo prise lors d'une petite pause d\u00e9tente et fra\u00eecheur dans le parc de la Villa Marie o\u00f9 se trouve la biblioth\u00e8que municipale de Fr\u00e9jus, un parc \u00e0 la fran\u00e7aise avec de\u2026","rel":"","context":"Dans &quot;mini photographe&quot;","block_context":{"text":"mini photographe","link":"https:\/\/www.jojoenherbe.com\/index.php\/category\/mini-photographe\/"},"img":{"alt_text":"","src":"https:\/\/i0.wp.com\/www.jojoenherbe.com\/wp-content\/uploads\/2021\/07\/Villa-Marie-Frejus-scaled.jpg?fit=900%2C1200&ssl=1&resize=350%2C200","width":350,"height":200,"srcset":"https:\/\/i0.wp.com\/www.jojoenherbe.com\/wp-content\/uploads\/2021\/07\/Villa-Marie-Frejus-scaled.jpg?fit=900%2C1200&ssl=1&resize=350%2C200 1x, https:\/\/i0.wp.com\/www.jojoenherbe.com\/wp-content\/uploads\/2021\/07\/Villa-Marie-Frejus-scaled.jpg?fit=900%2C1200&ssl=1&resize=525%2C300 1.5x, https:\/\/i0.wp.com\/www.jojoenherbe.com\/wp-content\/uploads\/2021\/07\/Villa-Marie-Frejus-scaled.jpg?fit=900%2C1200&ssl=1&resize=700%2C400 2x"},"classes":[]},{"id":17811,"url":"https:\/\/www.jojoenherbe.com\/index.php\/2021\/04\/24\/semaine-16-du-projet-52-2021-petales\/","url_meta":{"origin":18440,"position":1},"title":"Semaine 16 du Projet 52-2021: P\u00e9tales","author":"Jojo","date":"24 avril 2021","format":false,"excerpt":"Pour la semaine 16 du Projet 52-2021 de Du c\u00f4t\u00e9 de chez Ma', le th\u00e8me est \"P\u00e9tales\". Je profite de notre balade de cet apr\u00e8s-midi sous le soleil et dans les moins de 10 km au Plateau de la Justice, \u00e0 \u00c8ze dans le parc d\u00e9partemental de la Grande Corniche\u2026","rel":"","context":"Dans &quot;mini photographe&quot;","block_context":{"text":"mini photographe","link":"https:\/\/www.jojoenherbe.com\/index.php\/category\/mini-photographe\/"},"img":{"alt_text":"","src":"https:\/\/i0.wp.com\/www.jojoenherbe.com\/wp-content\/uploads\/2021\/04\/Ciste-cotonneux-Plateau-de-la-Justice-dEze-scaled.jpg?fit=900%2C1200&ssl=1&resize=350%2C200","width":350,"height":200,"srcset":"https:\/\/i0.wp.com\/www.jojoenherbe.com\/wp-content\/uploads\/2021\/04\/Ciste-cotonneux-Plateau-de-la-Justice-dEze-scaled.jpg?fit=900%2C1200&ssl=1&resize=350%2C200 1x, https:\/\/i0.wp.com\/www.jojoenherbe.com\/wp-content\/uploads\/2021\/04\/Ciste-cotonneux-Plateau-de-la-Justice-dEze-scaled.jpg?fit=900%2C1200&ssl=1&resize=525%2C300 1.5x, https:\/\/i0.wp.com\/www.jojoenherbe.com\/wp-content\/uploads\/2021\/04\/Ciste-cotonneux-Plateau-de-la-Justice-dEze-scaled.jpg?fit=900%2C1200&ssl=1&resize=700%2C400 2x"},"classes":[]},{"id":27000,"url":"https:\/\/www.jojoenherbe.com\/index.php\/2022\/08\/13\/semaine-32-du-projet-52-2022-ete\/","url_meta":{"origin":18440,"position":2},"title":"Semaine 32 du Projet 52-2022: \u00c9t\u00e9","author":"Jojo","date":"13 ao\u00fbt 2022","format":false,"excerpt":"Pour la semaine 32 du Projet 52-2022 de Du c\u00f4t\u00e9 de chez Ma\u2019, le th\u00e8me est \"\u00c9t\u00e9\". L'\u00e9t\u00e9 dans le Sud, il y a bien s\u00fbr la mer (et la montagne), les glaces, les soir\u00e9es sous les \u00e9toiles et aussi les cigales. J'ai donc choisi pour illustrer ce th\u00e8me des\u2026","rel":"","context":"Dans &quot;mini photographe&quot;","block_context":{"text":"mini photographe","link":"https:\/\/www.jojoenherbe.com\/index.php\/category\/mini-photographe\/"},"img":{"alt_text":"","src":"https:\/\/i0.wp.com\/www.jojoenherbe.com\/wp-content\/uploads\/2022\/08\/Cigale-Vaugrenier-scaled.jpg?fit=1200%2C900&ssl=1&resize=350%2C200","width":350,"height":200,"srcset":"https:\/\/i0.wp.com\/www.jojoenherbe.com\/wp-content\/uploads\/2022\/08\/Cigale-Vaugrenier-scaled.jpg?fit=1200%2C900&ssl=1&resize=350%2C200 1x, https:\/\/i0.wp.com\/www.jojoenherbe.com\/wp-content\/uploads\/2022\/08\/Cigale-Vaugrenier-scaled.jpg?fit=1200%2C900&ssl=1&resize=525%2C300 1.5x, https:\/\/i0.wp.com\/www.jojoenherbe.com\/wp-content\/uploads\/2022\/08\/Cigale-Vaugrenier-scaled.jpg?fit=1200%2C900&ssl=1&resize=700%2C400 2x, https:\/\/i0.wp.com\/www.jojoenherbe.com\/wp-content\/uploads\/2022\/08\/Cigale-Vaugrenier-scaled.jpg?fit=1200%2C900&ssl=1&resize=1050%2C600 3x"},"classes":[]},{"id":15311,"url":"https:\/\/www.jojoenherbe.com\/index.php\/2021\/01\/23\/semaine-3-du-projet-52-2021-hiver\/","url_meta":{"origin":18440,"position":3},"title":"Semaine 3 du Projet 52-2021: Hiver","author":"Jojo","date":"23 janvier 2021","format":false,"excerpt":"Pour la semaine 3 du Projet 52-2021 de Du c\u00f4t\u00e9 de chez Ma', le th\u00e8me est \"Hiver\". Voici une photo prise lors de notre journ\u00e9e au lac de Thorenc dimanche dernier. Comme chaque hiver, le lac \u00e9tait gel\u00e9 et il y avait suffisamment de neige, sous un ciel ensoleill\u00e9, pour\u2026","rel":"","context":"Dans &quot;mini photographe&quot;","block_context":{"text":"mini photographe","link":"https:\/\/www.jojoenherbe.com\/index.php\/category\/mini-photographe\/"},"img":{"alt_text":"","src":"https:\/\/i0.wp.com\/www.jojoenherbe.com\/wp-content\/uploads\/2021\/01\/Lac-de-Thorenc-scaled.jpg?fit=1200%2C1033&ssl=1&resize=350%2C200","width":350,"height":200,"srcset":"https:\/\/i0.wp.com\/www.jojoenherbe.com\/wp-content\/uploads\/2021\/01\/Lac-de-Thorenc-scaled.jpg?fit=1200%2C1033&ssl=1&resize=350%2C200 1x, https:\/\/i0.wp.com\/www.jojoenherbe.com\/wp-content\/uploads\/2021\/01\/Lac-de-Thorenc-scaled.jpg?fit=1200%2C1033&ssl=1&resize=525%2C300 1.5x, https:\/\/i0.wp.com\/www.jojoenherbe.com\/wp-content\/uploads\/2021\/01\/Lac-de-Thorenc-scaled.jpg?fit=1200%2C1033&ssl=1&resize=700%2C400 2x, https:\/\/i0.wp.com\/www.jojoenherbe.com\/wp-content\/uploads\/2021\/01\/Lac-de-Thorenc-scaled.jpg?fit=1200%2C1033&ssl=1&resize=1050%2C600 3x"},"classes":[]},{"id":5524,"url":"https:\/\/www.jojoenherbe.com\/index.php\/2019\/04\/14\/lobservatoire-de-caussols\/","url_meta":{"origin":18440,"position":4},"title":"L&rsquo;observatoire de Caussols","author":"Jojo","date":"14 avril 2019","format":false,"excerpt":"Ce 13 avril 2019, direction le plateau de Calern pour photographier un des b\u00e2timents de l'observatoire de Caussols, celui du GI2T (Grand interf\u00e9rom\u00e8tre \u00e0 deux t\u00e9lescopes) dans le cadre de la semaine 15 du Projet 52-2019 de Du C\u00f4t\u00e9 de Chez Ma\u2019, le th\u00e8me \u00e9tant \"architecture\". Nous y \u00e9tions d\u00e9j\u00e0\u2026","rel":"","context":"Dans &quot;Mini astronome&quot;","block_context":{"text":"Mini astronome","link":"https:\/\/www.jojoenherbe.com\/index.php\/category\/mini-decouvreur\/mini-astronome\/"},"img":{"alt_text":"","src":"https:\/\/i0.wp.com\/www.jojoenherbe.com\/wp-content\/uploads\/2019\/04\/Observatoire-de-Caussols.jpg?fit=1200%2C900&ssl=1&resize=350%2C200","width":350,"height":200,"srcset":"https:\/\/i0.wp.com\/www.jojoenherbe.com\/wp-content\/uploads\/2019\/04\/Observatoire-de-Caussols.jpg?fit=1200%2C900&ssl=1&resize=350%2C200 1x, https:\/\/i0.wp.com\/www.jojoenherbe.com\/wp-content\/uploads\/2019\/04\/Observatoire-de-Caussols.jpg?fit=1200%2C900&ssl=1&resize=525%2C300 1.5x, https:\/\/i0.wp.com\/www.jojoenherbe.com\/wp-content\/uploads\/2019\/04\/Observatoire-de-Caussols.jpg?fit=1200%2C900&ssl=1&resize=700%2C400 2x, https:\/\/i0.wp.com\/www.jojoenherbe.com\/wp-content\/uploads\/2019\/04\/Observatoire-de-Caussols.jpg?fit=1200%2C900&ssl=1&resize=1050%2C600 3x"},"classes":[]},{"id":30328,"url":"https:\/\/www.jojoenherbe.com\/index.php\/2023\/03\/18\/semaine-11-du-projet-52-2023-lenvers-du-decor\/","url_meta":{"origin":18440,"position":5},"title":"Semaine 11 du Projet 52-2023: L&rsquo;envers du d\u00e9cor","author":"Jojo","date":"18 mars 2023","format":false,"excerpt":"Pour la semaine 11 du Projet 52-2023 de Du c\u00f4t\u00e9 de chez Ma\u2019, le th\u00e8me est \"L'envers du d\u00e9cor\". Avec ce th\u00e8me, c'est l'occasion de parler de mon blog. J\u2019ai choisi une photo prise cet \u00e9t\u00e9 apr\u00e8s une sortie entre amis au parc de Vaugrenier, \u00e0 Villeneuve-Loubet. Nous avions pu\u2026","rel":"","context":"Dans &quot;mini photographe&quot;","block_context":{"text":"mini photographe","link":"https:\/\/www.jojoenherbe.com\/index.php\/category\/mini-photographe\/"},"img":{"alt_text":"","src":"https:\/\/i0.wp.com\/www.jojoenherbe.com\/wp-content\/uploads\/2023\/03\/Huppe-fasciee-scaled.jpg?fit=1200%2C900&ssl=1&resize=350%2C200","width":350,"height":200,"srcset":"https:\/\/i0.wp.com\/www.jojoenherbe.com\/wp-content\/uploads\/2023\/03\/Huppe-fasciee-scaled.jpg?fit=1200%2C900&ssl=1&resize=350%2C200 1x, https:\/\/i0.wp.com\/www.jojoenherbe.com\/wp-content\/uploads\/2023\/03\/Huppe-fasciee-scaled.jpg?fit=1200%2C900&ssl=1&resize=525%2C300 1.5x, https:\/\/i0.wp.com\/www.jojoenherbe.com\/wp-content\/uploads\/2023\/03\/Huppe-fasciee-scaled.jpg?fit=1200%2C900&ssl=1&resize=700%2C400 2x, https:\/\/i0.wp.com\/www.jojoenherbe.com\/wp-content\/uploads\/2023\/03\/Huppe-fasciee-scaled.jpg?fit=1200%2C900&ssl=1&resize=1050%2C600 3x"},"classes":[]}],"_links":{"self":[{"href":"https:\/\/www.jojoenherbe.com\/index.php\/wp-json\/wp\/v2\/posts\/18440","targetHints":{"allow":["GET"]}}],"collection":[{"href":"https:\/\/www.jojoenherbe.com\/index.php\/wp-json\/wp\/v2\/posts"}],"about":[{"href":"https:\/\/www.jojoenherbe.com\/index.php\/wp-json\/wp\/v2\/types\/post"}],"author":[{"embeddable":true,"href":"https:\/\/www.jojoenherbe.com\/index.php\/wp-json\/wp\/v2\/users\/1"}],"replies":[{"embeddable":true,"href":"https:\/\/www.jojoenherbe.com\/index.php\/wp-json\/wp\/v2\/comments?post=18440"}],"version-history":[{"count":0,"href":"https:\/\/www.jojoenherbe.com\/index.php\/wp-json\/wp\/v2\/posts\/18440\/revisions"}],"wp:featuredmedia":[{"embeddable":true,"href":"https:\/\/www.jojoenherbe.com\/index.php\/wp-json\/wp\/v2\/media\/18444"}],"wp:attachment":[{"href":"https:\/\/www.jojoenherbe.com\/index.php\/wp-json\/wp\/v2\/media?parent=18440"}],"wp:term":[{"taxonomy":"category","embeddable":true,"href":"https:\/\/www.jojoenherbe.com\/index.php\/wp-json\/wp\/v2\/categories?post=18440"},{"taxonomy":"post_tag","embeddable":true,"href":"https:\/\/www.jojoenherbe.com\/index.php\/wp-json\/wp\/v2\/tags?post=18440"}],"curies":[{"name":"wp","href":"https:\/\/api.w.org\/{rel}","templated":true}]}}