{"id":18340,"date":"2021-07-30T10:15:30","date_gmt":"2021-07-30T08:15:30","guid":{"rendered":"http:\/\/www.jojoenherbe.com\/?p=18340"},"modified":"2021-07-30T10:15:30","modified_gmt":"2021-07-30T08:15:30","slug":"au-fil-des-pages-avec-toc-toc-toc","status":"publish","type":"post","link":"https:\/\/www.jojoenherbe.com\/index.php\/2021\/07\/30\/au-fil-des-pages-avec-toc-toc-toc\/","title":{"rendered":"Au fil des pages avec Toc, toc, toc"},"content":{"rendered":"<p style=\"text-align: justify;\"><em><a href=\"https:\/\/i0.wp.com\/www.jojoenherbe.com\/wp-content\/uploads\/2021\/07\/Toc-toc-toc-2-scaled.jpg\"><img data-recalc-dims=\"1\" loading=\"lazy\" decoding=\"async\" data-attachment-id=\"19920\" data-permalink=\"https:\/\/www.jojoenherbe.com\/index.php\/2021\/07\/30\/au-fil-des-pages-avec-toc-toc-toc\/toc-toc-toc-2\/\" data-orig-file=\"https:\/\/i0.wp.com\/www.jojoenherbe.com\/wp-content\/uploads\/2021\/07\/Toc-toc-toc-2-scaled.jpg?fit=2560%2C1670&amp;ssl=1\" data-orig-size=\"2560,1670\" data-comments-opened=\"1\" data-image-meta=\"{&quot;aperture&quot;:&quot;1.8&quot;,&quot;credit&quot;:&quot;&quot;,&quot;camera&quot;:&quot;iPhone 7&quot;,&quot;caption&quot;:&quot;&quot;,&quot;created_timestamp&quot;:&quot;1620840482&quot;,&quot;copyright&quot;:&quot;&quot;,&quot;focal_length&quot;:&quot;3.99&quot;,&quot;iso&quot;:&quot;80&quot;,&quot;shutter_speed&quot;:&quot;0.058823529411765&quot;,&quot;title&quot;:&quot;&quot;,&quot;orientation&quot;:&quot;1&quot;}\" data-image-title=\"Toc, toc, toc 2\" data-image-description=\"\" data-image-caption=\"\" data-large-file=\"https:\/\/i0.wp.com\/www.jojoenherbe.com\/wp-content\/uploads\/2021\/07\/Toc-toc-toc-2-scaled.jpg?fit=676%2C441&amp;ssl=1\" class=\"alignleft wp-image-19920 size-thumbnail\" src=\"https:\/\/i0.wp.com\/www.jojoenherbe.com\/wp-content\/uploads\/2021\/07\/Toc-toc-toc-2.jpg?resize=150%2C150\" alt=\"\" width=\"150\" height=\"150\" srcset=\"https:\/\/i0.wp.com\/www.jojoenherbe.com\/wp-content\/uploads\/2021\/07\/Toc-toc-toc-2-scaled.jpg?resize=150%2C150&amp;ssl=1 150w, https:\/\/i0.wp.com\/www.jojoenherbe.com\/wp-content\/uploads\/2021\/07\/Toc-toc-toc-2-scaled.jpg?zoom=2&amp;resize=150%2C150 300w, https:\/\/i0.wp.com\/www.jojoenherbe.com\/wp-content\/uploads\/2021\/07\/Toc-toc-toc-2-scaled.jpg?zoom=3&amp;resize=150%2C150 450w\" sizes=\"auto, (max-width: 150px) 100vw, 150px\" \/><\/a> <a href=\"https:\/\/i0.wp.com\/www.jojoenherbe.com\/wp-content\/uploads\/2021\/07\/Toc-toc-toc-3-scaled.jpg\"><img data-recalc-dims=\"1\" loading=\"lazy\" decoding=\"async\" data-attachment-id=\"19921\" data-permalink=\"https:\/\/www.jojoenherbe.com\/index.php\/2021\/07\/30\/au-fil-des-pages-avec-toc-toc-toc\/toc-toc-toc-3\/\" data-orig-file=\"https:\/\/i0.wp.com\/www.jojoenherbe.com\/wp-content\/uploads\/2021\/07\/Toc-toc-toc-3-scaled.jpg?fit=2560%2C1772&amp;ssl=1\" data-orig-size=\"2560,1772\" data-comments-opened=\"1\" data-image-meta=\"{&quot;aperture&quot;:&quot;1.8&quot;,&quot;credit&quot;:&quot;&quot;,&quot;camera&quot;:&quot;iPhone 7&quot;,&quot;caption&quot;:&quot;&quot;,&quot;created_timestamp&quot;:&quot;1620840519&quot;,&quot;copyright&quot;:&quot;&quot;,&quot;focal_length&quot;:&quot;3.99&quot;,&quot;iso&quot;:&quot;64&quot;,&quot;shutter_speed&quot;:&quot;0.058823529411765&quot;,&quot;title&quot;:&quot;&quot;,&quot;orientation&quot;:&quot;1&quot;}\" data-image-title=\"Toc, toc, toc 3\" data-image-description=\"\" data-image-caption=\"\" data-large-file=\"https:\/\/i0.wp.com\/www.jojoenherbe.com\/wp-content\/uploads\/2021\/07\/Toc-toc-toc-3-scaled.jpg?fit=676%2C468&amp;ssl=1\" class=\"alignleft wp-image-19921 size-thumbnail\" src=\"https:\/\/i0.wp.com\/www.jojoenherbe.com\/wp-content\/uploads\/2021\/07\/Toc-toc-toc-3.jpg?resize=150%2C150\" alt=\"\" width=\"150\" height=\"150\" srcset=\"https:\/\/i0.wp.com\/www.jojoenherbe.com\/wp-content\/uploads\/2021\/07\/Toc-toc-toc-3-scaled.jpg?resize=150%2C150&amp;ssl=1 150w, https:\/\/i0.wp.com\/www.jojoenherbe.com\/wp-content\/uploads\/2021\/07\/Toc-toc-toc-3-scaled.jpg?zoom=2&amp;resize=150%2C150 300w, https:\/\/i0.wp.com\/www.jojoenherbe.com\/wp-content\/uploads\/2021\/07\/Toc-toc-toc-3-scaled.jpg?zoom=3&amp;resize=150%2C150 450w\" sizes=\"auto, (max-width: 150px) 100vw, 150px\" \/><\/a>Nous relisons <span style=\"text-decoration: underline;\">Toc, toc, toc<\/span> de Tan et Yasuko Koide (\u00e9d. L&rsquo;\u00e9cole des loisirs, 1983, r\u00e9\u00e9d. 1996), un album jeunesse \u00e0 partir de 3 ans. Trois marmottes sont en train de randonner dans la for\u00eat. Mais elles se perdent lorsque le brouillard se l\u00e8ve. O\u00f9 vont-elles pouvoir passer la nuit en toute s\u00e9curit\u00e9?<\/em><\/p>\n<p style=\"text-align: justify;\"><em><a href=\"https:\/\/i0.wp.com\/www.jojoenherbe.com\/wp-content\/uploads\/2021\/07\/Toc-toc-toc-4-scaled.jpg\"><img data-recalc-dims=\"1\" loading=\"lazy\" decoding=\"async\" data-attachment-id=\"19922\" data-permalink=\"https:\/\/www.jojoenherbe.com\/index.php\/2021\/07\/30\/au-fil-des-pages-avec-toc-toc-toc\/toc-toc-toc-4\/\" data-orig-file=\"https:\/\/i0.wp.com\/www.jojoenherbe.com\/wp-content\/uploads\/2021\/07\/Toc-toc-toc-4-scaled.jpg?fit=2560%2C1293&amp;ssl=1\" data-orig-size=\"2560,1293\" data-comments-opened=\"1\" data-image-meta=\"{&quot;aperture&quot;:&quot;1.8&quot;,&quot;credit&quot;:&quot;&quot;,&quot;camera&quot;:&quot;iPhone 7&quot;,&quot;caption&quot;:&quot;&quot;,&quot;created_timestamp&quot;:&quot;1620840552&quot;,&quot;copyright&quot;:&quot;&quot;,&quot;focal_length&quot;:&quot;3.99&quot;,&quot;iso&quot;:&quot;64&quot;,&quot;shutter_speed&quot;:&quot;0.058823529411765&quot;,&quot;title&quot;:&quot;&quot;,&quot;orientation&quot;:&quot;1&quot;}\" data-image-title=\"Toc, toc, toc 4\" data-image-description=\"\" data-image-caption=\"\" data-large-file=\"https:\/\/i0.wp.com\/www.jojoenherbe.com\/wp-content\/uploads\/2021\/07\/Toc-toc-toc-4-scaled.jpg?fit=676%2C341&amp;ssl=1\" class=\"size-thumbnail wp-image-19922 alignright\" src=\"https:\/\/i0.wp.com\/www.jojoenherbe.com\/wp-content\/uploads\/2021\/07\/Toc-toc-toc-4.jpg?resize=150%2C150\" alt=\"\" width=\"150\" height=\"150\" srcset=\"https:\/\/i0.wp.com\/www.jojoenherbe.com\/wp-content\/uploads\/2021\/07\/Toc-toc-toc-4-scaled.jpg?resize=150%2C150&amp;ssl=1 150w, https:\/\/i0.wp.com\/www.jojoenherbe.com\/wp-content\/uploads\/2021\/07\/Toc-toc-toc-4-scaled.jpg?zoom=2&amp;resize=150%2C150 300w, https:\/\/i0.wp.com\/www.jojoenherbe.com\/wp-content\/uploads\/2021\/07\/Toc-toc-toc-4-scaled.jpg?zoom=3&amp;resize=150%2C150 450w\" sizes=\"auto, (max-width: 150px) 100vw, 150px\" \/><\/a>Les illustrations sont douces et accompagnent le texte r\u00e9p\u00e9titif avec la succession d&rsquo;animaux qui viennent se r\u00e9fugier dans la maisonnette avec les marmottes. La tension est palpable sur les traits des animaux qui a chaque coup port\u00e9 \u00e0 la porte ont peur de qui pourrait rentrer, bloquant m\u00eame la porte avec des b\u00fbches. Le suspense est ainsi entretenu jusqu&rsquo;\u00e0 ce que nous d\u00e9couvrions le propri\u00e9taire des lieux. D&rsquo;ailleurs, la d\u00e9couverte de la maisonnette en plein brouillard par les marmottes me fait penser \u00e0 une de mes randonn\u00e9es dans la <a href=\"http:\/\/www.jojoenherbe.com\/index.php\/2009\/07\/09\/tour-du-mont-bego\/\">vall\u00e9e des Merveilles<\/a> lorsque j&rsquo;avais \u00e9t\u00e9 prise avec des amis dans l\u00a0\u00bborage et la joie que nous avions ressenti une fois bien au chaud et en s\u00e9curit\u00e9 dans le refuge. Un tr\u00e8s bon moment de lecture qui se finit sur une note gourmande et que nous avions d\u00e9j\u00e0 lu lors du Mois au Japon 2021!<\/em><\/p>\n<div style=\"width: 147px\" class=\"wp-caption aligncenter\"><img data-recalc-dims=\"1\" loading=\"lazy\" decoding=\"async\" class=\"nonealign widthoriginal\" src=\"https:\/\/i0.wp.com\/p4.storage.canalblog.com\/40\/68\/1394281\/128273873.png?resize=137%2C99&#038;ssl=1\" alt=\"\" width=\"137\" height=\"99\" border=\"0\" \/><p class=\"wp-caption-text\">Participation #54 Challenge Des livres (et des \u00e9crans) en cuisine de <a href=\"https:\/\/mapetitemediatheque.fr\/2020\/12\/des-livres-et-des-ecrans-en-cuisine-2021\/\">Bidib<\/a> et <a href=\"http:\/\/croquerlespages.canalblog.com\/archives\/2020\/12\/20\/38715076.html\">Fondant<\/a><\/p><\/div>\n","protected":false},"excerpt":{"rendered":"<p>Nous relisons Toc, toc, toc de Tan et Yasuko Koide (\u00e9d. L&rsquo;\u00e9cole des loisirs, 1983, r\u00e9\u00e9d. 1996), un album jeunesse \u00e0 partir de 3 ans. Trois marmottes sont en train de randonner dans la for\u00eat. Mais elles se perdent lorsque le brouillard se l\u00e8ve. O\u00f9 vont-elles pouvoir passer la nuit en toute s\u00e9curit\u00e9? Les illustrations [&hellip;]<\/p>\n","protected":false},"author":1,"featured_media":19923,"comment_status":"open","ping_status":"open","sticky":false,"template":"","format":"standard","meta":{"jetpack_post_was_ever_published":false,"_jetpack_newsletter_access":"","_jetpack_dont_email_post_to_subs":false,"_jetpack_newsletter_tier_id":0,"_jetpack_memberships_contains_paywalled_content":false,"_jetpack_memberships_contains_paid_content":false,"footnotes":""},"categories":[363],"tags":[785,409,808,2516,2019,1277,222,367,1857,429,366,555,1528,394,388,2514,2515],"class_list":["post-18340","post","type-post","status-publish","format-standard","has-post-thumbnail","hentry","category-mini-lecteur","tag-3-6-ans","tag-albums-jeunesse","tag-animaux-de-la-foret","tag-brouillard","tag-des-livres-et-des-ecrans-en-cuisine-2021","tag-foret","tag-lapin","tag-lecture-jeunesse","tag-marmotte","tag-nuit","tag-ours","tag-peur","tag-randonnee","tag-renard","tag-solidarite","tag-tan-koide","tag-yasuko-koide","post-preview"],"jetpack_featured_media_url":"https:\/\/i0.wp.com\/www.jojoenherbe.com\/wp-content\/uploads\/2021\/07\/Toc-toc-toc-scaled.jpg?fit=2560%2C1932&ssl=1","jetpack_sharing_enabled":true,"jetpack_shortlink":"https:\/\/wp.me\/p9zhGx-4LO","jetpack_likes_enabled":true,"jetpack-related-posts":[{"id":10297,"url":"https:\/\/www.jojoenherbe.com\/index.php\/2020\/03\/09\/au-fil-des-pages-avec-petite-taupe-ouvre-moi-ta-porte\/","url_meta":{"origin":18340,"position":0},"title":"Au fil des pages avec Petite taupe, ouvre-moi ta porte!","author":"Jojo","date":"9 mars 2020","format":false,"excerpt":"Apr\u00e8s avoir lu et relu \u00e0 No\u00ebl Joyeux No\u00ebl, Petite taupe!, nous lisons une histoire qui pr\u00e9c\u00e8de cet album jeunesse: Petite taupe, ouvre-moi ta porte! d\u2019Orianne Lallemand et Claire Frossard (\u00e9d. Auzou, 2009), un album jeunesse \u00e0 partir de 3 ans. Par une nuit d'hiver, Petite taupe est bien au\u2026","rel":"","context":"Dans &quot;Mini lecteur&quot;","block_context":{"text":"Mini lecteur","link":"https:\/\/www.jojoenherbe.com\/index.php\/category\/mini-lecteur\/"},"img":{"alt_text":"","src":"https:\/\/i0.wp.com\/www.jojoenherbe.com\/wp-content\/uploads\/2020\/03\/Petite-taupe-ouvre-moi-ta-porte-scaled.jpg?fit=1200%2C900&ssl=1&resize=350%2C200","width":350,"height":200,"srcset":"https:\/\/i0.wp.com\/www.jojoenherbe.com\/wp-content\/uploads\/2020\/03\/Petite-taupe-ouvre-moi-ta-porte-scaled.jpg?fit=1200%2C900&ssl=1&resize=350%2C200 1x, https:\/\/i0.wp.com\/www.jojoenherbe.com\/wp-content\/uploads\/2020\/03\/Petite-taupe-ouvre-moi-ta-porte-scaled.jpg?fit=1200%2C900&ssl=1&resize=525%2C300 1.5x, https:\/\/i0.wp.com\/www.jojoenherbe.com\/wp-content\/uploads\/2020\/03\/Petite-taupe-ouvre-moi-ta-porte-scaled.jpg?fit=1200%2C900&ssl=1&resize=700%2C400 2x, https:\/\/i0.wp.com\/www.jojoenherbe.com\/wp-content\/uploads\/2020\/03\/Petite-taupe-ouvre-moi-ta-porte-scaled.jpg?fit=1200%2C900&ssl=1&resize=1050%2C600 3x"},"classes":[]},{"id":8982,"url":"https:\/\/www.jojoenherbe.com\/index.php\/2019\/12\/17\/au-fil-des-pages-avec-joyeux-noel-petite-taupe\/","url_meta":{"origin":18340,"position":1},"title":"Au fil des pages avec Joyeux No\u00ebl, Petite taupe!","author":"Jojo","date":"17 d\u00e9cembre 2019","format":false,"excerpt":"Nous lisons depuis le d\u00e9but du mois un album jeunesse, \u00e0 partir de 3 ans, emprunt\u00e9 \u00e0 la biblioth\u00e8que, Joyeux No\u00ebl, Petite taupe! d'Orianne Lallemand et Claire Frossard (\u00e9d. Auzou, 2015). La veille de No\u00ebl, Petite taupe pense que la journ\u00e9e va \u00eatre longue avant No\u00ebl mais c'est sans compter\u2026","rel":"","context":"Dans &quot;Mini lecteur&quot;","block_context":{"text":"Mini lecteur","link":"https:\/\/www.jojoenherbe.com\/index.php\/category\/mini-lecteur\/"},"img":{"alt_text":"","src":"https:\/\/i0.wp.com\/www.jojoenherbe.com\/wp-content\/uploads\/2019\/12\/Joyeux-Noel-Petite-taupe-6-scaled.jpg?fit=1200%2C918&ssl=1&resize=350%2C200","width":350,"height":200,"srcset":"https:\/\/i0.wp.com\/www.jojoenherbe.com\/wp-content\/uploads\/2019\/12\/Joyeux-Noel-Petite-taupe-6-scaled.jpg?fit=1200%2C918&ssl=1&resize=350%2C200 1x, https:\/\/i0.wp.com\/www.jojoenherbe.com\/wp-content\/uploads\/2019\/12\/Joyeux-Noel-Petite-taupe-6-scaled.jpg?fit=1200%2C918&ssl=1&resize=525%2C300 1.5x, https:\/\/i0.wp.com\/www.jojoenherbe.com\/wp-content\/uploads\/2019\/12\/Joyeux-Noel-Petite-taupe-6-scaled.jpg?fit=1200%2C918&ssl=1&resize=700%2C400 2x, https:\/\/i0.wp.com\/www.jojoenherbe.com\/wp-content\/uploads\/2019\/12\/Joyeux-Noel-Petite-taupe-6-scaled.jpg?fit=1200%2C918&ssl=1&resize=1050%2C600 3x"},"classes":[]},{"id":21683,"url":"https:\/\/www.jojoenherbe.com\/index.php\/2021\/10\/20\/au-fil-des-pages-avec-la-petite-sorciere-et-la-foret-noire\/","url_meta":{"origin":18340,"position":2},"title":"Au fil des pages avec La petite sorci\u00e8re et la for\u00eat noire","author":"Jojo","date":"20 octobre 2021","format":false,"excerpt":"Lors du Halloween cosy RAT, nous avons lu La petite sorci\u00e8re et la for\u00eat noire de Chiaki Okada et Mutsumi Ishii (\u00e9d. Seuil Jeunesse, 2021), un album jeunesse \u00e0 partir de 3 ans et que j'avais rep\u00e9r\u00e9 bien avant sa parution, appr\u00e9ciant particuli\u00e8rement le travail de cette illustratrice. Par une\u2026","rel":"","context":"Dans &quot;Mini lecteur&quot;","block_context":{"text":"Mini lecteur","link":"https:\/\/www.jojoenherbe.com\/index.php\/category\/mini-lecteur\/"},"img":{"alt_text":"","src":"https:\/\/i0.wp.com\/www.jojoenherbe.com\/wp-content\/uploads\/2021\/10\/La-petite-sorciere-et-la-foret-noire-3-scaled.jpg?fit=1200%2C900&ssl=1&resize=350%2C200","width":350,"height":200,"srcset":"https:\/\/i0.wp.com\/www.jojoenherbe.com\/wp-content\/uploads\/2021\/10\/La-petite-sorciere-et-la-foret-noire-3-scaled.jpg?fit=1200%2C900&ssl=1&resize=350%2C200 1x, https:\/\/i0.wp.com\/www.jojoenherbe.com\/wp-content\/uploads\/2021\/10\/La-petite-sorciere-et-la-foret-noire-3-scaled.jpg?fit=1200%2C900&ssl=1&resize=525%2C300 1.5x, https:\/\/i0.wp.com\/www.jojoenherbe.com\/wp-content\/uploads\/2021\/10\/La-petite-sorciere-et-la-foret-noire-3-scaled.jpg?fit=1200%2C900&ssl=1&resize=700%2C400 2x, https:\/\/i0.wp.com\/www.jojoenherbe.com\/wp-content\/uploads\/2021\/10\/La-petite-sorciere-et-la-foret-noire-3-scaled.jpg?fit=1200%2C900&ssl=1&resize=1050%2C600 3x"},"classes":[]},{"id":31282,"url":"https:\/\/www.jojoenherbe.com\/index.php\/2023\/07\/22\/au-fil-des-pages-avec-une-nuit-dans-les-bois\/","url_meta":{"origin":18340,"position":3},"title":"Au fil des pages avec Une nuit dans les bois","author":"Jojo","date":"22 juillet 2023","format":false,"excerpt":"Nous avons lu Une nuit dans les bois de Rapha\u00ebl Kolly (\u00e9d. L\u2019\u00c9lan Vert, 2023, 40 pages), un album jeunesse joliment illustr\u00e9 \u00e0 partir de 3\/4 ans. Ars\u00e8ne Lapin s'est perdu dans la for\u00eat et se fait surprendre par la nuit. Gr\u00e2ce \u00e0 une flaque de lumi\u00e8re, il peut reprendre\u2026","rel":"","context":"Dans &quot;Mini lecteur&quot;","block_context":{"text":"Mini lecteur","link":"https:\/\/www.jojoenherbe.com\/index.php\/category\/mini-lecteur\/"},"img":{"alt_text":"","src":"https:\/\/i0.wp.com\/www.jojoenherbe.com\/wp-content\/uploads\/2023\/07\/Une-nuit-dans-les-bois-scaled.jpg?fit=1200%2C1067&ssl=1&resize=350%2C200","width":350,"height":200,"srcset":"https:\/\/i0.wp.com\/www.jojoenherbe.com\/wp-content\/uploads\/2023\/07\/Une-nuit-dans-les-bois-scaled.jpg?fit=1200%2C1067&ssl=1&resize=350%2C200 1x, https:\/\/i0.wp.com\/www.jojoenherbe.com\/wp-content\/uploads\/2023\/07\/Une-nuit-dans-les-bois-scaled.jpg?fit=1200%2C1067&ssl=1&resize=525%2C300 1.5x, https:\/\/i0.wp.com\/www.jojoenherbe.com\/wp-content\/uploads\/2023\/07\/Une-nuit-dans-les-bois-scaled.jpg?fit=1200%2C1067&ssl=1&resize=700%2C400 2x, https:\/\/i0.wp.com\/www.jojoenherbe.com\/wp-content\/uploads\/2023\/07\/Une-nuit-dans-les-bois-scaled.jpg?fit=1200%2C1067&ssl=1&resize=1050%2C600 3x"},"classes":[]},{"id":33785,"url":"https:\/\/www.jojoenherbe.com\/index.php\/2025\/12\/20\/au-fil-des-pages-avec-le-tome-6-du-loup-en-slip\/","url_meta":{"origin":18340,"position":4},"title":"Au fil des pages avec le tome 6 du Loup en slip","author":"Jojo","date":"20 d\u00e9cembre 2025","format":false,"excerpt":"Avec mon mini lutin, nous avons lu le tome 6 du Loup en slip, Le Loup en slip dans Cache-Noisettes de Wilfrid Lupano, Mayanna Ito\u00efz et Paul Cauuet (\u00e9d. Dargaud, novembre 2021, 40 pages), une BD jeunesse \u00e0 partir de 5 ans et avec un texte en lettres majuscules. En\u2026","rel":"","context":"Dans &quot;Mini lecteur&quot;","block_context":{"text":"Mini lecteur","link":"https:\/\/www.jojoenherbe.com\/index.php\/category\/mini-lecteur\/"},"img":{"alt_text":"","src":"https:\/\/i0.wp.com\/www.jojoenherbe.com\/wp-content\/uploads\/2023\/05\/Le-loup-en-slip-dans-cache-noisettes-T6-scaled.jpg?fit=1200%2C948&ssl=1&resize=350%2C200","width":350,"height":200,"srcset":"https:\/\/i0.wp.com\/www.jojoenherbe.com\/wp-content\/uploads\/2023\/05\/Le-loup-en-slip-dans-cache-noisettes-T6-scaled.jpg?fit=1200%2C948&ssl=1&resize=350%2C200 1x, https:\/\/i0.wp.com\/www.jojoenherbe.com\/wp-content\/uploads\/2023\/05\/Le-loup-en-slip-dans-cache-noisettes-T6-scaled.jpg?fit=1200%2C948&ssl=1&resize=525%2C300 1.5x, https:\/\/i0.wp.com\/www.jojoenherbe.com\/wp-content\/uploads\/2023\/05\/Le-loup-en-slip-dans-cache-noisettes-T6-scaled.jpg?fit=1200%2C948&ssl=1&resize=700%2C400 2x, https:\/\/i0.wp.com\/www.jojoenherbe.com\/wp-content\/uploads\/2023\/05\/Le-loup-en-slip-dans-cache-noisettes-T6-scaled.jpg?fit=1200%2C948&ssl=1&resize=1050%2C600 3x"},"classes":[]},{"id":29819,"url":"https:\/\/www.jojoenherbe.com\/index.php\/2023\/02\/15\/au-fil-des-pages-avec-le-garcon-qui-aimait-la-lune\/","url_meta":{"origin":18340,"position":5},"title":"Au fil des pages avec Le gar\u00e7on qui aimait la Lune","author":"Jojo","date":"15 f\u00e9vrier 2023","format":false,"excerpt":"Nous avons lu Le gar\u00e7on qui aimait la Lune de Rino Alaimo (\u00e9d. Gautier-Languereau, 2016), un album jeunesse \u00e0 partir de 4 ans. Par une nuit de juin, un petit gar\u00e7on tombe amoureux de la lune et voudrait \u00eatre aim\u00e9 d'elle en retour. Il lui offre des pr\u00e9sents que la\u2026","rel":"","context":"Dans &quot;Mini lecteur&quot;","block_context":{"text":"Mini lecteur","link":"https:\/\/www.jojoenherbe.com\/index.php\/category\/mini-lecteur\/"},"img":{"alt_text":"","src":"https:\/\/i0.wp.com\/www.jojoenherbe.com\/wp-content\/uploads\/2023\/02\/Le-garcon-qui-aimait-la-Lune-scaled.jpg?fit=1200%2C863&ssl=1&resize=350%2C200","width":350,"height":200,"srcset":"https:\/\/i0.wp.com\/www.jojoenherbe.com\/wp-content\/uploads\/2023\/02\/Le-garcon-qui-aimait-la-Lune-scaled.jpg?fit=1200%2C863&ssl=1&resize=350%2C200 1x, https:\/\/i0.wp.com\/www.jojoenherbe.com\/wp-content\/uploads\/2023\/02\/Le-garcon-qui-aimait-la-Lune-scaled.jpg?fit=1200%2C863&ssl=1&resize=525%2C300 1.5x, https:\/\/i0.wp.com\/www.jojoenherbe.com\/wp-content\/uploads\/2023\/02\/Le-garcon-qui-aimait-la-Lune-scaled.jpg?fit=1200%2C863&ssl=1&resize=700%2C400 2x, https:\/\/i0.wp.com\/www.jojoenherbe.com\/wp-content\/uploads\/2023\/02\/Le-garcon-qui-aimait-la-Lune-scaled.jpg?fit=1200%2C863&ssl=1&resize=1050%2C600 3x"},"classes":[]}],"_links":{"self":[{"href":"https:\/\/www.jojoenherbe.com\/index.php\/wp-json\/wp\/v2\/posts\/18340","targetHints":{"allow":["GET"]}}],"collection":[{"href":"https:\/\/www.jojoenherbe.com\/index.php\/wp-json\/wp\/v2\/posts"}],"about":[{"href":"https:\/\/www.jojoenherbe.com\/index.php\/wp-json\/wp\/v2\/types\/post"}],"author":[{"embeddable":true,"href":"https:\/\/www.jojoenherbe.com\/index.php\/wp-json\/wp\/v2\/users\/1"}],"replies":[{"embeddable":true,"href":"https:\/\/www.jojoenherbe.com\/index.php\/wp-json\/wp\/v2\/comments?post=18340"}],"version-history":[{"count":0,"href":"https:\/\/www.jojoenherbe.com\/index.php\/wp-json\/wp\/v2\/posts\/18340\/revisions"}],"wp:featuredmedia":[{"embeddable":true,"href":"https:\/\/www.jojoenherbe.com\/index.php\/wp-json\/wp\/v2\/media\/19923"}],"wp:attachment":[{"href":"https:\/\/www.jojoenherbe.com\/index.php\/wp-json\/wp\/v2\/media?parent=18340"}],"wp:term":[{"taxonomy":"category","embeddable":true,"href":"https:\/\/www.jojoenherbe.com\/index.php\/wp-json\/wp\/v2\/categories?post=18340"},{"taxonomy":"post_tag","embeddable":true,"href":"https:\/\/www.jojoenherbe.com\/index.php\/wp-json\/wp\/v2\/tags?post=18340"}],"curies":[{"name":"wp","href":"https:\/\/api.w.org\/{rel}","templated":true}]}}