{"id":16821,"date":"2021-03-26T16:57:54","date_gmt":"2021-03-26T15:57:54","guid":{"rendered":"http:\/\/www.jojoenherbe.com\/?p=16821"},"modified":"2024-02-04T13:10:15","modified_gmt":"2024-02-04T12:10:15","slug":"au-fil-des-pages-avec-le-tome-1-des-soeurs-gremillet","status":"publish","type":"post","link":"https:\/\/www.jojoenherbe.com\/index.php\/2021\/03\/26\/au-fil-des-pages-avec-le-tome-1-des-soeurs-gremillet\/","title":{"rendered":"Au fil des pages avec le tome 1 des S\u0153urs Gr\u00e9millet"},"content":{"rendered":"<p style=\"text-align: justify;\"><em><a href=\"https:\/\/i0.wp.com\/www.jojoenherbe.com\/wp-content\/uploads\/2021\/03\/Les-Soeurs-Gremillet-2-scaled.jpg\"><img data-recalc-dims=\"1\" loading=\"lazy\" decoding=\"async\" data-attachment-id=\"16828\" data-permalink=\"https:\/\/www.jojoenherbe.com\/index.php\/2021\/03\/26\/au-fil-des-pages-avec-le-tome-1-des-soeurs-gremillet\/les-soeurs-gremillet-2\/\" data-orig-file=\"https:\/\/i0.wp.com\/www.jojoenherbe.com\/wp-content\/uploads\/2021\/03\/Les-Soeurs-Gremillet-2-scaled.jpg?fit=2560%2C1971&amp;ssl=1\" data-orig-size=\"2560,1971\" data-comments-opened=\"1\" data-image-meta=\"{&quot;aperture&quot;:&quot;1.8&quot;,&quot;credit&quot;:&quot;&quot;,&quot;camera&quot;:&quot;iPhone 7&quot;,&quot;caption&quot;:&quot;&quot;,&quot;created_timestamp&quot;:&quot;1616668997&quot;,&quot;copyright&quot;:&quot;&quot;,&quot;focal_length&quot;:&quot;3.99&quot;,&quot;iso&quot;:&quot;80&quot;,&quot;shutter_speed&quot;:&quot;0.058823529411765&quot;,&quot;title&quot;:&quot;&quot;,&quot;orientation&quot;:&quot;1&quot;}\" data-image-title=\"Les S\u0153urs Gr\u00e9millet 2\" data-image-description=\"\" data-image-caption=\"\" data-large-file=\"https:\/\/i0.wp.com\/www.jojoenherbe.com\/wp-content\/uploads\/2021\/03\/Les-Soeurs-Gremillet-2-scaled.jpg?fit=676%2C520&amp;ssl=1\" class=\"alignleft size-thumbnail wp-image-16828\" src=\"https:\/\/i0.wp.com\/www.jojoenherbe.com\/wp-content\/uploads\/2021\/03\/Les-Soeurs-Gremillet-2.jpg?resize=150%2C150\" alt=\"\" width=\"150\" height=\"150\" srcset=\"https:\/\/i0.wp.com\/www.jojoenherbe.com\/wp-content\/uploads\/2021\/03\/Les-Soeurs-Gremillet-2-scaled.jpg?resize=150%2C150&amp;ssl=1 150w, https:\/\/i0.wp.com\/www.jojoenherbe.com\/wp-content\/uploads\/2021\/03\/Les-Soeurs-Gremillet-2-scaled.jpg?zoom=2&amp;resize=150%2C150 300w, https:\/\/i0.wp.com\/www.jojoenherbe.com\/wp-content\/uploads\/2021\/03\/Les-Soeurs-Gremillet-2-scaled.jpg?zoom=3&amp;resize=150%2C150 450w\" sizes=\"auto, (max-width: 150px) 100vw, 150px\" \/><\/a> <a href=\"https:\/\/i0.wp.com\/www.jojoenherbe.com\/wp-content\/uploads\/2021\/03\/Les-Soeurs-Gremillet-5-scaled.jpg\"><img data-recalc-dims=\"1\" loading=\"lazy\" decoding=\"async\" data-attachment-id=\"16831\" data-permalink=\"https:\/\/www.jojoenherbe.com\/index.php\/2021\/03\/26\/au-fil-des-pages-avec-le-tome-1-des-soeurs-gremillet\/les-soeurs-gremillet-5\/\" data-orig-file=\"https:\/\/i0.wp.com\/www.jojoenherbe.com\/wp-content\/uploads\/2021\/03\/Les-Soeurs-Gremillet-5-scaled.jpg?fit=2560%2C2034&amp;ssl=1\" data-orig-size=\"2560,2034\" data-comments-opened=\"1\" data-image-meta=\"{&quot;aperture&quot;:&quot;1.8&quot;,&quot;credit&quot;:&quot;&quot;,&quot;camera&quot;:&quot;iPhone 7&quot;,&quot;caption&quot;:&quot;&quot;,&quot;created_timestamp&quot;:&quot;1616669069&quot;,&quot;copyright&quot;:&quot;&quot;,&quot;focal_length&quot;:&quot;3.99&quot;,&quot;iso&quot;:&quot;100&quot;,&quot;shutter_speed&quot;:&quot;0.058823529411765&quot;,&quot;title&quot;:&quot;&quot;,&quot;orientation&quot;:&quot;1&quot;}\" data-image-title=\"Les S\u0153urs Gr\u00e9millet 5\" data-image-description=\"\" data-image-caption=\"\" data-large-file=\"https:\/\/i0.wp.com\/www.jojoenherbe.com\/wp-content\/uploads\/2021\/03\/Les-Soeurs-Gremillet-5-scaled.jpg?fit=676%2C537&amp;ssl=1\" class=\"alignleft size-thumbnail wp-image-16831\" src=\"https:\/\/i0.wp.com\/www.jojoenherbe.com\/wp-content\/uploads\/2021\/03\/Les-Soeurs-Gremillet-5.jpg?resize=150%2C150\" alt=\"\" width=\"150\" height=\"150\" srcset=\"https:\/\/i0.wp.com\/www.jojoenherbe.com\/wp-content\/uploads\/2021\/03\/Les-Soeurs-Gremillet-5-scaled.jpg?resize=150%2C150&amp;ssl=1 150w, https:\/\/i0.wp.com\/www.jojoenherbe.com\/wp-content\/uploads\/2021\/03\/Les-Soeurs-Gremillet-5-scaled.jpg?zoom=2&amp;resize=150%2C150 300w, https:\/\/i0.wp.com\/www.jojoenherbe.com\/wp-content\/uploads\/2021\/03\/Les-Soeurs-Gremillet-5-scaled.jpg?zoom=3&amp;resize=150%2C150 450w\" sizes=\"auto, (max-width: 150px) 100vw, 150px\" \/><\/a>Je lis le premier tome des <span style=\"text-decoration: underline;\">S\u0153urs Gr\u00e9millet, Le r\u00eave de Sarah<\/span> de Giovanni Di Gregorio et Alessandro Barbucci (\u00e9d.&nbsp; Dupuis, 2020), une BD jeunesse \u00e0 partir de 9\/10 ans. Sarah est l&rsquo;a\u00een\u00e9e d&rsquo;un trio de s\u0153urs qui vivent avec leur m\u00e8re. Chaque nuit, elle fait le m\u00eame r\u00eave \u00e9trange peupl\u00e9 de m\u00e9duses. Son r\u00eave aurait-il un lien avec une myst\u00e9rieuse photo de leur m\u00e8re enceinte que les trois s\u0153urs ont trouv\u00e9 dans le grenier de la maison? Profitant que ce soit bient\u00f4t la f\u00eate des m\u00e8res, Sarah, Cassiop\u00e9e et Lucille m\u00e8nent leur enqu\u00eate.<\/em><\/p>\n<p style=\"text-align: justify;\"><em><a href=\"https:\/\/i0.wp.com\/www.jojoenherbe.com\/wp-content\/uploads\/2021\/03\/Les-Soeurs-Gremillet-4-scaled.jpg\"><img data-recalc-dims=\"1\" loading=\"lazy\" decoding=\"async\" data-attachment-id=\"16830\" data-permalink=\"https:\/\/www.jojoenherbe.com\/index.php\/2021\/03\/26\/au-fil-des-pages-avec-le-tome-1-des-soeurs-gremillet\/les-soeurs-gremillet-4\/\" data-orig-file=\"https:\/\/i0.wp.com\/www.jojoenherbe.com\/wp-content\/uploads\/2021\/03\/Les-Soeurs-Gremillet-4-scaled.jpg?fit=2560%2C1920&amp;ssl=1\" data-orig-size=\"2560,1920\" data-comments-opened=\"1\" data-image-meta=\"{&quot;aperture&quot;:&quot;1.8&quot;,&quot;credit&quot;:&quot;&quot;,&quot;camera&quot;:&quot;iPhone 7&quot;,&quot;caption&quot;:&quot;&quot;,&quot;created_timestamp&quot;:&quot;1616669026&quot;,&quot;copyright&quot;:&quot;&quot;,&quot;focal_length&quot;:&quot;3.99&quot;,&quot;iso&quot;:&quot;100&quot;,&quot;shutter_speed&quot;:&quot;0.058823529411765&quot;,&quot;title&quot;:&quot;&quot;,&quot;orientation&quot;:&quot;1&quot;}\" data-image-title=\"Les S\u0153urs Gr\u00e9millet 4\" data-image-description=\"\" data-image-caption=\"\" data-large-file=\"https:\/\/i0.wp.com\/www.jojoenherbe.com\/wp-content\/uploads\/2021\/03\/Les-Soeurs-Gremillet-4-scaled.jpg?fit=676%2C507&amp;ssl=1\" class=\"size-thumbnail wp-image-16830 alignright\" src=\"https:\/\/i0.wp.com\/www.jojoenherbe.com\/wp-content\/uploads\/2021\/03\/Les-Soeurs-Gremillet-4.jpg?resize=150%2C150\" alt=\"\" width=\"150\" height=\"150\" srcset=\"https:\/\/i0.wp.com\/www.jojoenherbe.com\/wp-content\/uploads\/2021\/03\/Les-Soeurs-Gremillet-4-scaled.jpg?resize=150%2C150&amp;ssl=1 150w, https:\/\/i0.wp.com\/www.jojoenherbe.com\/wp-content\/uploads\/2021\/03\/Les-Soeurs-Gremillet-4-scaled.jpg?zoom=2&amp;resize=150%2C150 300w, https:\/\/i0.wp.com\/www.jojoenherbe.com\/wp-content\/uploads\/2021\/03\/Les-Soeurs-Gremillet-4-scaled.jpg?zoom=3&amp;resize=150%2C150 450w\" sizes=\"auto, (max-width: 150px) 100vw, 150px\" \/><\/a> <a href=\"https:\/\/i0.wp.com\/www.jojoenherbe.com\/wp-content\/uploads\/2021\/03\/Les-Soeurs-Gremillet-3-scaled.jpg\"><img data-recalc-dims=\"1\" loading=\"lazy\" decoding=\"async\" data-attachment-id=\"16829\" data-permalink=\"https:\/\/www.jojoenherbe.com\/index.php\/2021\/03\/26\/au-fil-des-pages-avec-le-tome-1-des-soeurs-gremillet\/les-soeurs-gremillet-3\/\" data-orig-file=\"https:\/\/i0.wp.com\/www.jojoenherbe.com\/wp-content\/uploads\/2021\/03\/Les-Soeurs-Gremillet-3-scaled.jpg?fit=2560%2C1920&amp;ssl=1\" data-orig-size=\"2560,1920\" data-comments-opened=\"1\" data-image-meta=\"{&quot;aperture&quot;:&quot;1.8&quot;,&quot;credit&quot;:&quot;&quot;,&quot;camera&quot;:&quot;iPhone 7&quot;,&quot;caption&quot;:&quot;&quot;,&quot;created_timestamp&quot;:&quot;1616669010&quot;,&quot;copyright&quot;:&quot;&quot;,&quot;focal_length&quot;:&quot;3.99&quot;,&quot;iso&quot;:&quot;80&quot;,&quot;shutter_speed&quot;:&quot;0.058823529411765&quot;,&quot;title&quot;:&quot;&quot;,&quot;orientation&quot;:&quot;1&quot;}\" data-image-title=\"Les S\u0153urs Gr\u00e9millet 3\" data-image-description=\"\" data-image-caption=\"\" data-large-file=\"https:\/\/i0.wp.com\/www.jojoenherbe.com\/wp-content\/uploads\/2021\/03\/Les-Soeurs-Gremillet-3-scaled.jpg?fit=676%2C507&amp;ssl=1\" class=\"size-thumbnail wp-image-16829 alignright\" src=\"https:\/\/i0.wp.com\/www.jojoenherbe.com\/wp-content\/uploads\/2021\/03\/Les-Soeurs-Gremillet-3.jpg?resize=150%2C150\" alt=\"\" width=\"150\" height=\"150\" srcset=\"https:\/\/i0.wp.com\/www.jojoenherbe.com\/wp-content\/uploads\/2021\/03\/Les-Soeurs-Gremillet-3-scaled.jpg?resize=150%2C150&amp;ssl=1 150w, https:\/\/i0.wp.com\/www.jojoenherbe.com\/wp-content\/uploads\/2021\/03\/Les-Soeurs-Gremillet-3-scaled.jpg?zoom=2&amp;resize=150%2C150 300w, https:\/\/i0.wp.com\/www.jojoenherbe.com\/wp-content\/uploads\/2021\/03\/Les-Soeurs-Gremillet-3-scaled.jpg?zoom=3&amp;resize=150%2C150 450w\" sizes=\"auto, (max-width: 150px) 100vw, 150px\" \/><\/a>D\u00e8s les premi\u00e8res planches, je m&rsquo;attendais \u00e0 un univers magique et fantastique en ayant en t\u00eate les sorci\u00e8res de la s\u00e9rie am\u00e9ricaine <span style=\"text-decoration: underline;\">Charmed<\/span>, encore plus lorsque les trois s\u0153urs d\u00e9couvrent la photo dans le grenier. Mais les auteurs italiens ont pris une autre voie, plus r\u00e9aliste, avec un sujet d\u00e9licat et avec lequel la m\u00e8re des trois filles doit vivre. Certes le trio f\u00e9minin est classique, chaque s\u0153ur ayant un caract\u00e8re bien diff\u00e9rent (comme leur look) propice aux chamailleries: Sarah l&rsquo;a\u00een\u00e9e autoritaire, Cassiop\u00e9e \u00e0 l&rsquo;\u00e2me d&rsquo;artiste et amoureuse et Lucille, la benjamine passionn\u00e9e des chats. Mais le d\u00e9nouement est un th\u00e8me peu abord\u00e9 en litt\u00e9rature jeunesse.<\/em><\/p>\n<p style=\"text-align: justify;\"><em> Les illustrations sont tr\u00e8s jolies m\u00eame si comme pour d&rsquo;autres BD jeunesse actuelles, comme <a href=\"http:\/\/www.jojoenherbe.com\/index.php\/2020\/01\/22\/au-fil-des-pages-avec-la-boite-a-musique\/\"><span style=\"text-decoration: underline;\">La bo\u00eete \u00e0 musique<\/span><\/a>, j&rsquo;ai regrett\u00e9 que certains arri\u00e8re-plans soient non travaill\u00e9s alors m\u00eame que les personnages principaux sont expressifs et tr\u00e8s soign\u00e9s. <\/em><em>Un bon moment de lecture en compagnie de ces trois s\u0153urs dans ce premier tome pas vraiment introductif puisqu&rsquo;il comprend une vraie fin! Il est d\u00e9j\u00e0 pr\u00e9vu un tome 2 autour de la s\u0153ur cadette, Cassiop\u00e9e.<\/em><\/p>\n<div style=\"width: 148px\" class=\"wp-caption alignleft\"><img loading=\"lazy\" decoding=\"async\" src=\"https:\/\/lh3.googleusercontent.com\/pw\/ACtC-3eIuIHfDCWnQjrbP_Gttnq9qrZJ0sCLWnTR3GjIOIiC54aYp8f1rKz8fy3EJIYJcUrzUv3KnF-YnYTE-vhMmRU8myeq_V_5OYKPelcJ6I4-bD-P1SjmJYevXt0TGhPCpROfcXeg5SJ_4KvwWeBQfvsOWw=w285-h217-no?authuser=1\" alt=\"\" width=\"138\" height=\"105\"><p class=\"wp-caption-text\">Challenge Petit Bac d\u2019<a href=\"https:\/\/ennalit.wordpress.com\/2020\/12\/01\/challenge-petit-bac-2021-qui-veut-jouer\/\">Enna<\/a> #6 Cat\u00e9gorie Pr\u00e9nom: \u00ab\u00a0Sarah\u00a0\u00bb<\/p><\/div>\n<div style=\"width: 146px\" class=\"wp-caption alignleft\"><img data-recalc-dims=\"1\" loading=\"lazy\" decoding=\"async\" class=\"nonealign widthoriginal\" src=\"https:\/\/i0.wp.com\/p4.storage.canalblog.com\/40\/68\/1394281\/128273873.png?resize=136%2C98&#038;ssl=1\" alt=\"\" width=\"136\" height=\"98\" border=\"0\"><p class=\"wp-caption-text\">Participation #36 Challenge Des livres (et des \u00e9crans) en cuisine de <a href=\"https:\/\/mapetitemediatheque.fr\/2020\/12\/des-livres-et-des-ecrans-en-cuisine-2021\/\">Bidib<\/a> et <a href=\"http:\/\/croquerlespages.canalblog.com\/archives\/2020\/12\/20\/38715076.html\">Fondant<\/a> #Cr\u00eapes<\/p><\/div>\n","protected":false},"excerpt":{"rendered":"<p>Je lis le premier tome des S\u0153urs Gr\u00e9millet, Le r\u00eave de Sarah de Giovanni Di Gregorio et Alessandro Barbucci (\u00e9d.&nbsp; Dupuis, 2020), une BD jeunesse \u00e0 partir de 9\/10 ans. Sarah est l&rsquo;a\u00een\u00e9e d&rsquo;un trio de s\u0153urs qui vivent avec leur m\u00e8re. Chaque nuit, elle fait le m\u00eame r\u00eave \u00e9trange peupl\u00e9 de m\u00e9duses. Son r\u00eave [&hellip;]<\/p>\n","protected":false},"author":1,"featured_media":16832,"comment_status":"open","ping_status":"open","sticky":false,"template":"","format":"standard","meta":{"jetpack_post_was_ever_published":false,"_jetpack_newsletter_access":"","_jetpack_dont_email_post_to_subs":false,"_jetpack_newsletter_tier_id":0,"_jetpack_memberships_contains_paywalled_content":false,"_jetpack_memberships_contains_paid_content":false,"footnotes":""},"categories":[363],"tags":[852,3027,1226,2018,2019,936,2323,914,459,2322,3026,367,4036,568,1409,798,1330,816],"class_list":["post-16821","post","type-post","status-publish","format-standard","has-post-thumbnail","hentry","category-mini-lecteur","tag-9-12-ans","tag-alessandro-barbucci","tag-bd-jeunesse","tag-challenge-petit-bac-2021","tag-des-livres-et-des-ecrans-en-cuisine-2021","tag-deuil","tag-deuil-perinatal","tag-enquete","tag-famille","tag-fete-des-meres","tag-giovanni-di-gregorio","tag-lecture-jeunesse","tag-les-soeurs-gremillet","tag-mere","tag-relation-parent-enfant","tag-reve","tag-secrets-de-famille","tag-soeur","post-preview"],"jetpack_featured_media_url":"https:\/\/i0.wp.com\/www.jojoenherbe.com\/wp-content\/uploads\/2021\/03\/Les-Soeurs-Gremillet-scaled.jpg?fit=2560%2C1932&ssl=1","jetpack_sharing_enabled":true,"jetpack_shortlink":"https:\/\/wp.me\/p9zhGx-4nj","jetpack_likes_enabled":true,"jetpack-related-posts":[{"id":34283,"url":"https:\/\/www.jojoenherbe.com\/index.php\/2024\/01\/14\/au-fil-des-pages-avec-le-tome-5-des-soeurs-gremillet\/","url_meta":{"origin":16821,"position":0},"title":"Au fil des pages avec le tome 5 des S\u0153urs Gr\u00e9millet","author":"Jojo","date":"14 janvier 2024","format":false,"excerpt":"Pendant le RAT post-No\u00ebl, j'ai lu le tome 5 des S\u0153urs Gr\u00e9millet, Les trois souhaits de Giovanni Di Gregorio et Alessandro Barbucci (\u00e9d. Dupuis, novembre 2023, 48 pages), une BD jeunesse \u00e0 partir de 9 ans. \u00c0 l'approche de No\u00ebl, les trois s\u0153urs - Sarah, Cassiop\u00e9e et Lucille - pensent\u2026","rel":"","context":"Dans &quot;Mini lecteur&quot;","block_context":{"text":"Mini lecteur","link":"https:\/\/www.jojoenherbe.com\/index.php\/category\/mini-lecteur\/"},"img":{"alt_text":"","src":"https:\/\/i0.wp.com\/www.jojoenherbe.com\/wp-content\/uploads\/2024\/01\/Les-Soeurs-Gremillet-T5-scaled.jpg?fit=1200%2C951&ssl=1&resize=350%2C200","width":350,"height":200,"srcset":"https:\/\/i0.wp.com\/www.jojoenherbe.com\/wp-content\/uploads\/2024\/01\/Les-Soeurs-Gremillet-T5-scaled.jpg?fit=1200%2C951&ssl=1&resize=350%2C200 1x, https:\/\/i0.wp.com\/www.jojoenherbe.com\/wp-content\/uploads\/2024\/01\/Les-Soeurs-Gremillet-T5-scaled.jpg?fit=1200%2C951&ssl=1&resize=525%2C300 1.5x, https:\/\/i0.wp.com\/www.jojoenherbe.com\/wp-content\/uploads\/2024\/01\/Les-Soeurs-Gremillet-T5-scaled.jpg?fit=1200%2C951&ssl=1&resize=700%2C400 2x, https:\/\/i0.wp.com\/www.jojoenherbe.com\/wp-content\/uploads\/2024\/01\/Les-Soeurs-Gremillet-T5-scaled.jpg?fit=1200%2C951&ssl=1&resize=1050%2C600 3x"},"classes":[]},{"id":34189,"url":"https:\/\/www.jojoenherbe.com\/index.php\/2024\/01\/08\/point-lecture-hebdomadaire-2024-1\/","url_meta":{"origin":16821,"position":1},"title":"Point lecture hebdomadaire 2024 #1","author":"Jojo","date":"8 janvier 2024","format":false,"excerpt":"En ce d\u00e9but de semaine, voici notre point lecture hebdomadaire avec un retour sur nos lectures de la semaine derni\u00e8re (mais pas nos relectures), la plupart encore de No\u00ebl puisque le week-end dernier s'est fini le challenge Il \u00e9tait 11 fois No\u00ebl avec un read-a-thon. Nos lectures du 1er au\u2026","rel":"","context":"Dans &quot;Mini blogueur&quot;","block_context":{"text":"Mini blogueur","link":"https:\/\/www.jojoenherbe.com\/index.php\/category\/mini-blogueur\/"},"img":{"alt_text":"","src":"https:\/\/i0.wp.com\/www.jojoenherbe.com\/wp-content\/uploads\/2024\/01\/Point-lecture-hebdo-2024-1-scaled.jpg?fit=1200%2C684&ssl=1&resize=350%2C200","width":350,"height":200,"srcset":"https:\/\/i0.wp.com\/www.jojoenherbe.com\/wp-content\/uploads\/2024\/01\/Point-lecture-hebdo-2024-1-scaled.jpg?fit=1200%2C684&ssl=1&resize=350%2C200 1x, https:\/\/i0.wp.com\/www.jojoenherbe.com\/wp-content\/uploads\/2024\/01\/Point-lecture-hebdo-2024-1-scaled.jpg?fit=1200%2C684&ssl=1&resize=525%2C300 1.5x, https:\/\/i0.wp.com\/www.jojoenherbe.com\/wp-content\/uploads\/2024\/01\/Point-lecture-hebdo-2024-1-scaled.jpg?fit=1200%2C684&ssl=1&resize=700%2C400 2x, https:\/\/i0.wp.com\/www.jojoenherbe.com\/wp-content\/uploads\/2024\/01\/Point-lecture-hebdo-2024-1-scaled.jpg?fit=1200%2C684&ssl=1&resize=1050%2C600 3x"},"classes":[]},{"id":16583,"url":"https:\/\/www.jojoenherbe.com\/index.php\/2021\/04\/01\/notre-mois-bloguesque-de-mars-2021\/","url_meta":{"origin":16821,"position":2},"title":"Notre mois bloguesque de mars 2021","author":"Jojo","date":"1 avril 2021","format":false,"excerpt":"C'est le premier du mois alors voici un petit retour bloguesque sur mars 2021 avec encore une fois beaucoup de lectures, certaines qui suivent les saisons. Nous finissons au d\u00e9but du mois nos nos (re)lectures\/activit\u00e9s sur le th\u00e8me du carnaval et de l'hiver. Puis comme nous changeons de saison le\u2026","rel":"","context":"Dans &quot;Mini blogueur&quot;","block_context":{"text":"Mini blogueur","link":"https:\/\/www.jojoenherbe.com\/index.php\/category\/mini-blogueur\/"},"img":{"alt_text":"","src":"https:\/\/i0.wp.com\/www.jojoenherbe.com\/wp-content\/uploads\/2021\/04\/Mars-2021-scaled.jpg?fit=1200%2C902&ssl=1&resize=350%2C200","width":350,"height":200,"srcset":"https:\/\/i0.wp.com\/www.jojoenherbe.com\/wp-content\/uploads\/2021\/04\/Mars-2021-scaled.jpg?fit=1200%2C902&ssl=1&resize=350%2C200 1x, https:\/\/i0.wp.com\/www.jojoenherbe.com\/wp-content\/uploads\/2021\/04\/Mars-2021-scaled.jpg?fit=1200%2C902&ssl=1&resize=525%2C300 1.5x, https:\/\/i0.wp.com\/www.jojoenherbe.com\/wp-content\/uploads\/2021\/04\/Mars-2021-scaled.jpg?fit=1200%2C902&ssl=1&resize=700%2C400 2x, https:\/\/i0.wp.com\/www.jojoenherbe.com\/wp-content\/uploads\/2021\/04\/Mars-2021-scaled.jpg?fit=1200%2C902&ssl=1&resize=1050%2C600 3x"},"classes":[]},{"id":24010,"url":"https:\/\/www.jojoenherbe.com\/index.php\/2022\/03\/01\/point-lecture-hebdomadaire-30\/","url_meta":{"origin":16821,"position":3},"title":"Point lecture hebdomadaire #30","author":"Jojo","date":"1 mars 2022","format":false,"excerpt":"En ce d\u00e9but de semaine, voici notre point lecture hebdomadaire avec un retour sur nos lectures de la semaine derni\u00e8re et ma lecture en cours. Nos lectures du 21 au 27 f\u00e9vrier 2022: Des lectures jeunesse: (Album jeunesse) L'arbre-lit de Sil\u00e8ne Edgar et Gilles Freluche Nous avons lu L'arbre-lit de\u2026","rel":"","context":"Dans &quot;Mini blogueur&quot;","block_context":{"text":"Mini blogueur","link":"https:\/\/www.jojoenherbe.com\/index.php\/category\/mini-blogueur\/"},"img":{"alt_text":"","src":"https:\/\/i0.wp.com\/www.jojoenherbe.com\/wp-content\/uploads\/2022\/02\/Larbre-lit-150x150.jpg?resize=350%2C200","width":350,"height":200},"classes":[]},{"id":32244,"url":"https:\/\/www.jojoenherbe.com\/index.php\/2023\/09\/30\/au-fil-des-pages-avec-les-4-filles-du-docteur-march\/","url_meta":{"origin":16821,"position":4},"title":"Au fil des pages avec Les 4 filles du Docteur March","author":"Jojo","date":"30 septembre 2023","format":false,"excerpt":"Dans le cadre du challenge 2023 sera classique, le mois de septembre est consacr\u00e9, comme les ann\u00e9es pr\u00e9c\u00e9dentes, \u00e0 un classique de la litt\u00e9rature am\u00e9ricaine. Nathalie a propos\u00e9 une lecture commune des Quatre filles du Docteur March. Je me suis jointe \u00e0 elle avec cette relecture tout comme Isabelle. J'ai\u2026","rel":"","context":"Dans &quot;Mini cin\u00e9phile&quot;","block_context":{"text":"Mini cin\u00e9phile","link":"https:\/\/www.jojoenherbe.com\/index.php\/category\/mini-cinephile\/"},"img":{"alt_text":"","src":"https:\/\/i0.wp.com\/www.jojoenherbe.com\/wp-content\/uploads\/2023\/10\/Les-4-filles-du-Dr.-March-2-scaled.jpg?fit=1200%2C1002&ssl=1&resize=350%2C200","width":350,"height":200,"srcset":"https:\/\/i0.wp.com\/www.jojoenherbe.com\/wp-content\/uploads\/2023\/10\/Les-4-filles-du-Dr.-March-2-scaled.jpg?fit=1200%2C1002&ssl=1&resize=350%2C200 1x, https:\/\/i0.wp.com\/www.jojoenherbe.com\/wp-content\/uploads\/2023\/10\/Les-4-filles-du-Dr.-March-2-scaled.jpg?fit=1200%2C1002&ssl=1&resize=525%2C300 1.5x, https:\/\/i0.wp.com\/www.jojoenherbe.com\/wp-content\/uploads\/2023\/10\/Les-4-filles-du-Dr.-March-2-scaled.jpg?fit=1200%2C1002&ssl=1&resize=700%2C400 2x, https:\/\/i0.wp.com\/www.jojoenherbe.com\/wp-content\/uploads\/2023\/10\/Les-4-filles-du-Dr.-March-2-scaled.jpg?fit=1200%2C1002&ssl=1&resize=1050%2C600 3x"},"classes":[]},{"id":34045,"url":"https:\/\/www.jojoenherbe.com\/index.php\/2024\/01\/05\/rat-post-noel-2023\/","url_meta":{"origin":16821,"position":5},"title":"RAT post-No\u00ebl 2023","author":"Jojo","date":"5 janvier 2024","format":false,"excerpt":"Pour ce premier week-end de l\u2019ann\u00e9e 2024, Chicky Poo et Samarian nous proposent de cl\u00f4turer leur challenge Il \u00e9tait 11 fois No\u00ebl par un RAT post-No\u00ebl 2023 comme les ann\u00e9es pr\u00e9c\u00e9dentes, avec au moins une lecture sur le th\u00e8me de l\u2019hiver et\/ou de No\u00ebl. Ce marathon de lectures se d\u00e9roule\u2026","rel":"","context":"Dans &quot;Mini challenger&quot;","block_context":{"text":"Mini challenger","link":"https:\/\/www.jojoenherbe.com\/index.php\/category\/mini-challenger\/"},"img":{"alt_text":"","src":"https:\/\/i0.wp.com\/www.jojoenherbe.com\/wp-content\/uploads\/2024\/01\/RAT-post-Noel-2023-scaled.jpg?fit=1200%2C870&ssl=1&resize=350%2C200","width":350,"height":200,"srcset":"https:\/\/i0.wp.com\/www.jojoenherbe.com\/wp-content\/uploads\/2024\/01\/RAT-post-Noel-2023-scaled.jpg?fit=1200%2C870&ssl=1&resize=350%2C200 1x, https:\/\/i0.wp.com\/www.jojoenherbe.com\/wp-content\/uploads\/2024\/01\/RAT-post-Noel-2023-scaled.jpg?fit=1200%2C870&ssl=1&resize=525%2C300 1.5x, https:\/\/i0.wp.com\/www.jojoenherbe.com\/wp-content\/uploads\/2024\/01\/RAT-post-Noel-2023-scaled.jpg?fit=1200%2C870&ssl=1&resize=700%2C400 2x, https:\/\/i0.wp.com\/www.jojoenherbe.com\/wp-content\/uploads\/2024\/01\/RAT-post-Noel-2023-scaled.jpg?fit=1200%2C870&ssl=1&resize=1050%2C600 3x"},"classes":[]}],"_links":{"self":[{"href":"https:\/\/www.jojoenherbe.com\/index.php\/wp-json\/wp\/v2\/posts\/16821","targetHints":{"allow":["GET"]}}],"collection":[{"href":"https:\/\/www.jojoenherbe.com\/index.php\/wp-json\/wp\/v2\/posts"}],"about":[{"href":"https:\/\/www.jojoenherbe.com\/index.php\/wp-json\/wp\/v2\/types\/post"}],"author":[{"embeddable":true,"href":"https:\/\/www.jojoenherbe.com\/index.php\/wp-json\/wp\/v2\/users\/1"}],"replies":[{"embeddable":true,"href":"https:\/\/www.jojoenherbe.com\/index.php\/wp-json\/wp\/v2\/comments?post=16821"}],"version-history":[{"count":1,"href":"https:\/\/www.jojoenherbe.com\/index.php\/wp-json\/wp\/v2\/posts\/16821\/revisions"}],"predecessor-version":[{"id":26169,"href":"https:\/\/www.jojoenherbe.com\/index.php\/wp-json\/wp\/v2\/posts\/16821\/revisions\/26169"}],"wp:featuredmedia":[{"embeddable":true,"href":"https:\/\/www.jojoenherbe.com\/index.php\/wp-json\/wp\/v2\/media\/16832"}],"wp:attachment":[{"href":"https:\/\/www.jojoenherbe.com\/index.php\/wp-json\/wp\/v2\/media?parent=16821"}],"wp:term":[{"taxonomy":"category","embeddable":true,"href":"https:\/\/www.jojoenherbe.com\/index.php\/wp-json\/wp\/v2\/categories?post=16821"},{"taxonomy":"post_tag","embeddable":true,"href":"https:\/\/www.jojoenherbe.com\/index.php\/wp-json\/wp\/v2\/tags?post=16821"}],"curies":[{"name":"wp","href":"https:\/\/api.w.org\/{rel}","templated":true}]}}