{"id":16799,"date":"2021-03-24T13:28:00","date_gmt":"2021-03-24T12:28:00","guid":{"rendered":"http:\/\/www.jojoenherbe.com\/?p=16799"},"modified":"2021-04-21T22:47:18","modified_gmt":"2021-04-21T20:47:18","slug":"au-fil-des-pages-avec-le-tome-17-dana-ana","status":"publish","type":"post","link":"https:\/\/www.jojoenherbe.com\/index.php\/2021\/03\/24\/au-fil-des-pages-avec-le-tome-17-dana-ana\/","title":{"rendered":"Au fil des pages avec le tome 17 d&rsquo;Ana Ana"},"content":{"rendered":"<p style=\"text-align: justify;\"><em><a href=\"https:\/\/i0.wp.com\/www.jojoenherbe.com\/wp-content\/uploads\/2021\/03\/Ana-Ana-T17-Va-t-en-va-t-en-chagrin-scaled.jpg\"><img data-recalc-dims=\"1\" loading=\"lazy\" decoding=\"async\" data-attachment-id=\"17696\" data-permalink=\"https:\/\/www.jojoenherbe.com\/index.php\/2021\/03\/24\/au-fil-des-pages-avec-le-tome-17-dana-ana\/ana-ana-t17-va-t-en-va-t-en-chagrin\/\" data-orig-file=\"https:\/\/i0.wp.com\/www.jojoenherbe.com\/wp-content\/uploads\/2021\/03\/Ana-Ana-T17-Va-t-en-va-t-en-chagrin-scaled.jpg?fit=2560%2C1920&amp;ssl=1\" data-orig-size=\"2560,1920\" data-comments-opened=\"1\" data-image-meta=\"{&quot;aperture&quot;:&quot;1.8&quot;,&quot;credit&quot;:&quot;&quot;,&quot;camera&quot;:&quot;iPhone 7&quot;,&quot;caption&quot;:&quot;&quot;,&quot;created_timestamp&quot;:&quot;1616592609&quot;,&quot;copyright&quot;:&quot;&quot;,&quot;focal_length&quot;:&quot;3.99&quot;,&quot;iso&quot;:&quot;64&quot;,&quot;shutter_speed&quot;:&quot;0.058823529411765&quot;,&quot;title&quot;:&quot;&quot;,&quot;orientation&quot;:&quot;1&quot;}\" data-image-title=\"Ana Ana T17 Va-t-en va-t-en chagrin\" data-image-description=\"\" data-image-caption=\"\" data-large-file=\"https:\/\/i0.wp.com\/www.jojoenherbe.com\/wp-content\/uploads\/2021\/03\/Ana-Ana-T17-Va-t-en-va-t-en-chagrin-scaled.jpg?fit=676%2C507&amp;ssl=1\" class=\"alignleft size-thumbnail wp-image-17696\" src=\"https:\/\/i0.wp.com\/www.jojoenherbe.com\/wp-content\/uploads\/2021\/03\/Ana-Ana-T17-Va-t-en-va-t-en-chagrin.jpg?resize=150%2C150\" alt=\"\" width=\"150\" height=\"150\" srcset=\"https:\/\/i0.wp.com\/www.jojoenherbe.com\/wp-content\/uploads\/2021\/03\/Ana-Ana-T17-Va-t-en-va-t-en-chagrin-scaled.jpg?resize=150%2C150&amp;ssl=1 150w, https:\/\/i0.wp.com\/www.jojoenherbe.com\/wp-content\/uploads\/2021\/03\/Ana-Ana-T17-Va-t-en-va-t-en-chagrin-scaled.jpg?zoom=2&amp;resize=150%2C150 300w, https:\/\/i0.wp.com\/www.jojoenherbe.com\/wp-content\/uploads\/2021\/03\/Ana-Ana-T17-Va-t-en-va-t-en-chagrin-scaled.jpg?zoom=3&amp;resize=150%2C150 450w\" sizes=\"auto, (max-width: 150px) 100vw, 150px\" \/><\/a> <a href=\"https:\/\/i0.wp.com\/www.jojoenherbe.com\/wp-content\/uploads\/2021\/03\/Ana-Ana-T17-Va-t-en-va-t-en-chagrin-2-scaled.jpg\"><img data-recalc-dims=\"1\" loading=\"lazy\" decoding=\"async\" data-attachment-id=\"17694\" data-permalink=\"https:\/\/www.jojoenherbe.com\/index.php\/2021\/03\/24\/au-fil-des-pages-avec-le-tome-17-dana-ana\/ana-ana-t17-va-t-en-va-t-en-chagrin-2\/\" data-orig-file=\"https:\/\/i0.wp.com\/www.jojoenherbe.com\/wp-content\/uploads\/2021\/03\/Ana-Ana-T17-Va-t-en-va-t-en-chagrin-2-scaled.jpg?fit=2560%2C1715&amp;ssl=1\" data-orig-size=\"2560,1715\" data-comments-opened=\"1\" data-image-meta=\"{&quot;aperture&quot;:&quot;1.8&quot;,&quot;credit&quot;:&quot;&quot;,&quot;camera&quot;:&quot;iPhone 7&quot;,&quot;caption&quot;:&quot;&quot;,&quot;created_timestamp&quot;:&quot;1616592635&quot;,&quot;copyright&quot;:&quot;&quot;,&quot;focal_length&quot;:&quot;3.99&quot;,&quot;iso&quot;:&quot;50&quot;,&quot;shutter_speed&quot;:&quot;0.058823529411765&quot;,&quot;title&quot;:&quot;&quot;,&quot;orientation&quot;:&quot;1&quot;}\" data-image-title=\"Ana Ana T17 Va-t-en va-t-en chagrin 2\" data-image-description=\"\" data-image-caption=\"\" data-large-file=\"https:\/\/i0.wp.com\/www.jojoenherbe.com\/wp-content\/uploads\/2021\/03\/Ana-Ana-T17-Va-t-en-va-t-en-chagrin-2-scaled.jpg?fit=676%2C453&amp;ssl=1\" class=\"alignleft size-thumbnail wp-image-17694\" src=\"https:\/\/i0.wp.com\/www.jojoenherbe.com\/wp-content\/uploads\/2021\/03\/Ana-Ana-T17-Va-t-en-va-t-en-chagrin-2.jpg?resize=150%2C150\" alt=\"\" width=\"150\" height=\"150\" srcset=\"https:\/\/i0.wp.com\/www.jojoenherbe.com\/wp-content\/uploads\/2021\/03\/Ana-Ana-T17-Va-t-en-va-t-en-chagrin-2-scaled.jpg?resize=150%2C150&amp;ssl=1 150w, https:\/\/i0.wp.com\/www.jojoenherbe.com\/wp-content\/uploads\/2021\/03\/Ana-Ana-T17-Va-t-en-va-t-en-chagrin-2-scaled.jpg?zoom=2&amp;resize=150%2C150 300w, https:\/\/i0.wp.com\/www.jojoenherbe.com\/wp-content\/uploads\/2021\/03\/Ana-Ana-T17-Va-t-en-va-t-en-chagrin-2-scaled.jpg?zoom=3&amp;resize=150%2C150 450w\" sizes=\"auto, (max-width: 150px) 100vw, 150px\" \/><\/a>Pr\u00e9-r\u00e9serv\u00e9 \u00e0 la librairie, nous avons d\u00e9couvert le dernier tome d&rsquo;Ana Ana le jour m\u00eame de sa sortie tellement nous appr\u00e9cions cette BD jeunesse. Et c&rsquo;est encore un coup de c\u0153ur! Il s&rsquo;agit du tome 17: <span style=\"text-decoration: underline;\">Ana Ana, <\/span><span style=\"text-decoration: underline;\">Va-t-en, va-t-en, chagrin!<\/span> d\u2019Alexis Dormal et Dominique Roques (\u00e9d. Dargaud, 2021), une BD jeunesse toute mignonne pour les 3\/6 ans. <\/em><em>Ana Ana est tr\u00e8s triste apr\u00e8s qu&rsquo;une petite fille de son \u00e9cole n&rsquo;a pas voulu \u00eatre son amie. Elle ne veut m\u00eame plus jouer avec ses doudous. La voyant ainsi d\u00e9prim\u00e9e, les doudous tentent de lui redonner le sourire avec une pi\u00e8ce de th\u00e9\u00e2tre dans le jardin de la petite fille. Arriveront-ils \u00e0 la r\u00e9conforter et lui faire prendre conscience qu&rsquo;il ne tient qu&rsquo;\u00e0 elle d&rsquo;\u00eatre heureuse? <\/em><\/p>\n<p style=\"text-align: justify;\"><span class=\"\"><em><a href=\"https:\/\/i0.wp.com\/www.jojoenherbe.com\/wp-content\/uploads\/2021\/03\/Ana-Ana-T17-Va-t-en-va-t-en-chagrin-3-scaled.jpg\"><img data-recalc-dims=\"1\" loading=\"lazy\" decoding=\"async\" data-attachment-id=\"17695\" data-permalink=\"https:\/\/www.jojoenherbe.com\/index.php\/2021\/03\/24\/au-fil-des-pages-avec-le-tome-17-dana-ana\/ana-ana-t17-va-t-en-va-t-en-chagrin-3\/\" data-orig-file=\"https:\/\/i0.wp.com\/www.jojoenherbe.com\/wp-content\/uploads\/2021\/03\/Ana-Ana-T17-Va-t-en-va-t-en-chagrin-3-scaled.jpg?fit=2560%2C1920&amp;ssl=1\" data-orig-size=\"2560,1920\" data-comments-opened=\"1\" data-image-meta=\"{&quot;aperture&quot;:&quot;1.8&quot;,&quot;credit&quot;:&quot;&quot;,&quot;camera&quot;:&quot;iPhone 7&quot;,&quot;caption&quot;:&quot;&quot;,&quot;created_timestamp&quot;:&quot;1616592693&quot;,&quot;copyright&quot;:&quot;&quot;,&quot;focal_length&quot;:&quot;3.99&quot;,&quot;iso&quot;:&quot;50&quot;,&quot;shutter_speed&quot;:&quot;0.058823529411765&quot;,&quot;title&quot;:&quot;&quot;,&quot;orientation&quot;:&quot;1&quot;}\" data-image-title=\"Ana Ana T17 Va-t-en va-t-en chagrin 3\" data-image-description=\"\" data-image-caption=\"\" data-large-file=\"https:\/\/i0.wp.com\/www.jojoenherbe.com\/wp-content\/uploads\/2021\/03\/Ana-Ana-T17-Va-t-en-va-t-en-chagrin-3-scaled.jpg?fit=676%2C507&amp;ssl=1\" class=\"size-thumbnail wp-image-17695 alignright\" src=\"https:\/\/i0.wp.com\/www.jojoenherbe.com\/wp-content\/uploads\/2021\/03\/Ana-Ana-T17-Va-t-en-va-t-en-chagrin-3.jpg?resize=150%2C150\" alt=\"\" width=\"150\" height=\"150\" srcset=\"https:\/\/i0.wp.com\/www.jojoenherbe.com\/wp-content\/uploads\/2021\/03\/Ana-Ana-T17-Va-t-en-va-t-en-chagrin-3-scaled.jpg?resize=150%2C150&amp;ssl=1 150w, https:\/\/i0.wp.com\/www.jojoenherbe.com\/wp-content\/uploads\/2021\/03\/Ana-Ana-T17-Va-t-en-va-t-en-chagrin-3-scaled.jpg?zoom=2&amp;resize=150%2C150 300w, https:\/\/i0.wp.com\/www.jojoenherbe.com\/wp-content\/uploads\/2021\/03\/Ana-Ana-T17-Va-t-en-va-t-en-chagrin-3-scaled.jpg?zoom=3&amp;resize=150%2C150 450w\" sizes=\"auto, (max-width: 150px) 100vw, 150px\" \/><\/a>Cette nouvelle histoire est toujours aussi tendre et adorable que les pr\u00e9c\u00e9dentes. Les doudous font preuve de beaucoup d&#8217;empathie pour aider Ana Ana (avec un Touffe de Poils encore irr\u00e9sistible en jouant sur sc\u00e8ne le r\u00f4le d&rsquo;Ana Ana). D&rsquo;autre part, en faisant des doudous des com\u00e9diens, le duo autrice\/illustrateur montre leur attachement au th\u00e9\u00e2tre, apr\u00e8s les librairies dans le tome 15, <a href=\"http:\/\/www.jojoenherbe.com\/index.php\/2020\/03\/09\/au-fil-des-pages-avec-ana-ana-les-doudous-libraires\/\"><span style=\"text-decoration: underline;\">Les doudous libraires<\/span><\/a>. Une jolie histoire feel good qui fait du bien en ces temps de reconfinement!<\/em><br \/>\n<\/span><\/p>\n","protected":false},"excerpt":{"rendered":"<p>Pr\u00e9-r\u00e9serv\u00e9 \u00e0 la librairie, nous avons d\u00e9couvert le dernier tome d&rsquo;Ana Ana le jour m\u00eame de sa sortie tellement nous appr\u00e9cions cette BD jeunesse. Et c&rsquo;est encore un coup de c\u0153ur! Il s&rsquo;agit du tome 17: Ana Ana, Va-t-en, va-t-en, chagrin! d\u2019Alexis Dormal et Dominique Roques (\u00e9d. Dargaud, 2021), une BD jeunesse toute mignonne pour [&hellip;]<\/p>\n","protected":false},"author":1,"featured_media":17249,"comment_status":"open","ping_status":"open","sticky":false,"template":"","format":"standard","meta":{"jetpack_post_was_ever_published":false,"_jetpack_newsletter_access":"","_jetpack_dont_email_post_to_subs":false,"_jetpack_newsletter_tier_id":0,"_jetpack_memberships_contains_paywalled_content":false,"_jetpack_memberships_contains_paid_content":false,"footnotes":""},"categories":[363],"tags":[785,1110,1327,1226,2120,981,1111,408,994,868,390,452,367,956,952],"class_list":["post-16799","post","type-post","status-publish","format-standard","has-post-thumbnail","hentry","category-mini-lecteur","tag-3-6-ans","tag-alexis-dormal","tag-ana-ana","tag-bd-jeunesse","tag-bonheur","tag-chagrin","tag-dominique-roques","tag-doudou","tag-empathie","tag-enfance","tag-entraide","tag-jeux-denfants","tag-lecture-jeunesse","tag-petite-fille","tag-theatre","post-preview"],"jetpack_featured_media_url":"https:\/\/i0.wp.com\/www.jojoenherbe.com\/wp-content\/uploads\/2021\/03\/Ana-Ana-T17-scaled.jpg?fit=2560%2C1920&ssl=1","jetpack_sharing_enabled":true,"jetpack_shortlink":"https:\/\/wp.me\/p9zhGx-4mX","jetpack_likes_enabled":true,"jetpack-related-posts":[{"id":12495,"url":"https:\/\/www.jojoenherbe.com\/index.php\/2020\/09\/27\/au-fil-des-pages-avec-le-tome-16-dana-ana\/","url_meta":{"origin":16799,"position":0},"title":"Au fil des pages avec le tome 16 d&rsquo;Ana Ana","author":"Jojo","date":"27 septembre 2020","format":false,"excerpt":"Depuis vendredi apr\u00e8s-midi, nous lisons et relisons le tome 16 d\u2019Ana Ana, L\u2019\u00e9trange dessin de Dominique Roques et Alexis Dormal (\u00e9d. Dargaud, 2020), une BD jeunesse pour les 3-6 ans (et m\u00eame avant). Un soir avant de se coucher, Ana Ana a l\u2019id\u00e9e de passer la journ\u00e9e du lendemain \u00e0\u2026","rel":"","context":"Dans &quot;Mini lecteur&quot;","block_context":{"text":"Mini lecteur","link":"https:\/\/www.jojoenherbe.com\/index.php\/category\/mini-lecteur\/"},"img":{"alt_text":"","src":"https:\/\/i0.wp.com\/www.jojoenherbe.com\/wp-content\/uploads\/2020\/09\/Ana-Ana-T16-scaled.jpg?fit=1200%2C900&ssl=1&resize=350%2C200","width":350,"height":200,"srcset":"https:\/\/i0.wp.com\/www.jojoenherbe.com\/wp-content\/uploads\/2020\/09\/Ana-Ana-T16-scaled.jpg?fit=1200%2C900&ssl=1&resize=350%2C200 1x, https:\/\/i0.wp.com\/www.jojoenherbe.com\/wp-content\/uploads\/2020\/09\/Ana-Ana-T16-scaled.jpg?fit=1200%2C900&ssl=1&resize=525%2C300 1.5x, https:\/\/i0.wp.com\/www.jojoenherbe.com\/wp-content\/uploads\/2020\/09\/Ana-Ana-T16-scaled.jpg?fit=1200%2C900&ssl=1&resize=700%2C400 2x, https:\/\/i0.wp.com\/www.jojoenherbe.com\/wp-content\/uploads\/2020\/09\/Ana-Ana-T16-scaled.jpg?fit=1200%2C900&ssl=1&resize=1050%2C600 3x"},"classes":[]},{"id":9211,"url":"https:\/\/www.jojoenherbe.com\/index.php\/2019\/12\/28\/au-fil-des-pages-avec-le-tome-14-dana-ana\/","url_meta":{"origin":16799,"position":1},"title":"Au fil des pages avec le tome 14 d&rsquo;Ana Ana","author":"Jojo","date":"28 d\u00e9cembre 2019","format":false,"excerpt":"Au pied du sapin, nous avons d\u00e9couvert le tome 14 d'Ana Ana, Un bel hiver d'Alexis Dormal et Dominique Roques (\u00e9d. Dargaud, 2019), un bande dessin\u00e9e jeunesse pour les 3-6 ans que nous nous sommes empress\u00e9s de lire. Quel plaisir de suivre une nouvelle aventure d'Ana Ana et de ses\u2026","rel":"","context":"Dans &quot;Mini lecteur&quot;","block_context":{"text":"Mini lecteur","link":"https:\/\/www.jojoenherbe.com\/index.php\/category\/mini-lecteur\/"},"img":{"alt_text":"","src":"https:\/\/i0.wp.com\/www.jojoenherbe.com\/wp-content\/uploads\/2019\/12\/Ana-Ana-T14-Un-bel-hiver-scaled.jpg?fit=1200%2C823&ssl=1&resize=350%2C200","width":350,"height":200,"srcset":"https:\/\/i0.wp.com\/www.jojoenherbe.com\/wp-content\/uploads\/2019\/12\/Ana-Ana-T14-Un-bel-hiver-scaled.jpg?fit=1200%2C823&ssl=1&resize=350%2C200 1x, https:\/\/i0.wp.com\/www.jojoenherbe.com\/wp-content\/uploads\/2019\/12\/Ana-Ana-T14-Un-bel-hiver-scaled.jpg?fit=1200%2C823&ssl=1&resize=525%2C300 1.5x, https:\/\/i0.wp.com\/www.jojoenherbe.com\/wp-content\/uploads\/2019\/12\/Ana-Ana-T14-Un-bel-hiver-scaled.jpg?fit=1200%2C823&ssl=1&resize=700%2C400 2x, https:\/\/i0.wp.com\/www.jojoenherbe.com\/wp-content\/uploads\/2019\/12\/Ana-Ana-T14-Un-bel-hiver-scaled.jpg?fit=1200%2C823&ssl=1&resize=1050%2C600 3x"},"classes":[]},{"id":11404,"url":"https:\/\/www.jojoenherbe.com\/index.php\/2020\/07\/14\/au-fil-des-pages-avec-le-tome-12-dana-ana\/","url_meta":{"origin":16799,"position":2},"title":"Au fil des pages avec le tome 12 d&rsquo;Ana Ana","author":"Jojo","date":"14 juillet 2020","format":false,"excerpt":"Nous empruntons \u00e0 la m\u00e9diath\u00e8que le seul tome que nous n'avions pas encore lu d'Ana Ana, le tome 12, Je ne veux pas \u00eatre d'une princesse! d'Alexis Dormal et Dominique Roques (\u00e9d. Dargaud, 2018), une BD jeunesse pour les 3\/6 ans et m\u00eame avant. Apr\u00e8s avoir lu Cendrillon, les doudous\u2026","rel":"","context":"Dans &quot;Mini lecteur&quot;","block_context":{"text":"Mini lecteur","link":"https:\/\/www.jojoenherbe.com\/index.php\/category\/mini-lecteur\/"},"img":{"alt_text":"","src":"https:\/\/i0.wp.com\/www.jojoenherbe.com\/wp-content\/uploads\/2020\/07\/Ana-Ana-T12-scaled.jpg?fit=1200%2C900&ssl=1&resize=350%2C200","width":350,"height":200,"srcset":"https:\/\/i0.wp.com\/www.jojoenherbe.com\/wp-content\/uploads\/2020\/07\/Ana-Ana-T12-scaled.jpg?fit=1200%2C900&ssl=1&resize=350%2C200 1x, https:\/\/i0.wp.com\/www.jojoenherbe.com\/wp-content\/uploads\/2020\/07\/Ana-Ana-T12-scaled.jpg?fit=1200%2C900&ssl=1&resize=525%2C300 1.5x, https:\/\/i0.wp.com\/www.jojoenherbe.com\/wp-content\/uploads\/2020\/07\/Ana-Ana-T12-scaled.jpg?fit=1200%2C900&ssl=1&resize=700%2C400 2x, https:\/\/i0.wp.com\/www.jojoenherbe.com\/wp-content\/uploads\/2020\/07\/Ana-Ana-T12-scaled.jpg?fit=1200%2C900&ssl=1&resize=1050%2C600 3x"},"classes":[]},{"id":29961,"url":"https:\/\/www.jojoenherbe.com\/index.php\/2023\/02\/22\/au-fil-des-pages-avec-le-tome-10-dana-ana\/","url_meta":{"origin":16799,"position":3},"title":"Au fil des pages avec le tome 10 d&rsquo;Ana Ana","author":"Jojo","date":"22 f\u00e9vrier 2023","format":false,"excerpt":"Nous relisons tr\u00e8s r\u00e9guli\u00e8rement le tome 10 d'Ana Ana, Ana Ana est malade de Dominique Roques et Alexis Dormal (\u00e9d. Dargaud, 2017, 32 pages), une BD jeunesse au format \u00e0 l\u2019italienne et pour les 3\/6 ans. Ana Ana a la grippe. Pour la soigner, ses doudous inquiets ont plein d'id\u00e9es\u2026","rel":"","context":"Dans &quot;Mini lecteur&quot;","block_context":{"text":"Mini lecteur","link":"https:\/\/www.jojoenherbe.com\/index.php\/category\/mini-lecteur\/"},"img":{"alt_text":"","src":"https:\/\/i0.wp.com\/www.jojoenherbe.com\/wp-content\/uploads\/2023\/02\/Ana-Ana-T10-scaled.jpg?fit=1200%2C765&ssl=1&resize=350%2C200","width":350,"height":200,"srcset":"https:\/\/i0.wp.com\/www.jojoenherbe.com\/wp-content\/uploads\/2023\/02\/Ana-Ana-T10-scaled.jpg?fit=1200%2C765&ssl=1&resize=350%2C200 1x, https:\/\/i0.wp.com\/www.jojoenherbe.com\/wp-content\/uploads\/2023\/02\/Ana-Ana-T10-scaled.jpg?fit=1200%2C765&ssl=1&resize=525%2C300 1.5x, https:\/\/i0.wp.com\/www.jojoenherbe.com\/wp-content\/uploads\/2023\/02\/Ana-Ana-T10-scaled.jpg?fit=1200%2C765&ssl=1&resize=700%2C400 2x, https:\/\/i0.wp.com\/www.jojoenherbe.com\/wp-content\/uploads\/2023\/02\/Ana-Ana-T10-scaled.jpg?fit=1200%2C765&ssl=1&resize=1050%2C600 3x"},"classes":[]},{"id":10269,"url":"https:\/\/www.jojoenherbe.com\/index.php\/2020\/03\/09\/au-fil-des-pages-avec-ana-ana-les-doudous-libraires\/","url_meta":{"origin":16799,"position":4},"title":"Au fil des pages avec le tome 15 d&rsquo;Ana Ana, Les doudous libraires","author":"Jojo","date":"9 mars 2020","format":false,"excerpt":"Aussit\u00f4t achet\u00e9, nous lisons et relisons le tome 15 d'Ana Ana, Les doudous libraires d'Alexis Dormal et Dominique Roques (\u00e9d. Dargaud, 2020), un bande dessin\u00e9e jeunesse pour les 3-6 ans (et m\u00eame avant). Dans ce dernier tome, Ana Ana et ses doudous poussent la porte de la nouvelle librairie de\u2026","rel":"","context":"Dans &quot;Mini lecteur&quot;","block_context":{"text":"Mini lecteur","link":"https:\/\/www.jojoenherbe.com\/index.php\/category\/mini-lecteur\/"},"img":{"alt_text":"","src":"https:\/\/i0.wp.com\/www.jojoenherbe.com\/wp-content\/uploads\/2020\/03\/Ana-Ana-T15-Les-doudous-libraires-scaled.jpg?fit=1200%2C900&ssl=1&resize=350%2C200","width":350,"height":200,"srcset":"https:\/\/i0.wp.com\/www.jojoenherbe.com\/wp-content\/uploads\/2020\/03\/Ana-Ana-T15-Les-doudous-libraires-scaled.jpg?fit=1200%2C900&ssl=1&resize=350%2C200 1x, https:\/\/i0.wp.com\/www.jojoenherbe.com\/wp-content\/uploads\/2020\/03\/Ana-Ana-T15-Les-doudous-libraires-scaled.jpg?fit=1200%2C900&ssl=1&resize=525%2C300 1.5x, https:\/\/i0.wp.com\/www.jojoenherbe.com\/wp-content\/uploads\/2020\/03\/Ana-Ana-T15-Les-doudous-libraires-scaled.jpg?fit=1200%2C900&ssl=1&resize=700%2C400 2x, https:\/\/i0.wp.com\/www.jojoenherbe.com\/wp-content\/uploads\/2020\/03\/Ana-Ana-T15-Les-doudous-libraires-scaled.jpg?fit=1200%2C900&ssl=1&resize=1050%2C600 3x"},"classes":[]},{"id":5023,"url":"https:\/\/www.jojoenherbe.com\/index.php\/2019\/03\/14\/au-fil-des-pages-avec-ana-ana\/","url_meta":{"origin":16799,"position":5},"title":"Au fil des pages avec les tomes 4 et 5 d&rsquo;Ana Ana","author":"Jojo","date":"14 mars 2019","format":false,"excerpt":"Nous tombons sous le charme d'Ana Ana et de ses doudous. Nous d\u00e9couvrons cette petite fille pleine d'imagination et d'espi\u00e8glerie. Les diff\u00e9rents tomes sont ind\u00e9pendants les uns des autres et abordent des moments de vie de la vie quotidienne des enfants, et m\u00eame des tout-petits. Comme Cassis, Ana Ana reprend\u2026","rel":"","context":"Dans &quot;Mini lecteur&quot;","block_context":{"text":"Mini lecteur","link":"https:\/\/www.jojoenherbe.com\/index.php\/category\/mini-lecteur\/"},"img":{"alt_text":"","src":"https:\/\/i0.wp.com\/www.jojoenherbe.com\/wp-content\/uploads\/2019\/03\/Ana-Ana-Super-h%C3%A9ros-en-herbe.jpg?fit=1200%2C1200&ssl=1&resize=350%2C200","width":350,"height":200,"srcset":"https:\/\/i0.wp.com\/www.jojoenherbe.com\/wp-content\/uploads\/2019\/03\/Ana-Ana-Super-h%C3%A9ros-en-herbe.jpg?fit=1200%2C1200&ssl=1&resize=350%2C200 1x, https:\/\/i0.wp.com\/www.jojoenherbe.com\/wp-content\/uploads\/2019\/03\/Ana-Ana-Super-h%C3%A9ros-en-herbe.jpg?fit=1200%2C1200&ssl=1&resize=525%2C300 1.5x, https:\/\/i0.wp.com\/www.jojoenherbe.com\/wp-content\/uploads\/2019\/03\/Ana-Ana-Super-h%C3%A9ros-en-herbe.jpg?fit=1200%2C1200&ssl=1&resize=700%2C400 2x, https:\/\/i0.wp.com\/www.jojoenherbe.com\/wp-content\/uploads\/2019\/03\/Ana-Ana-Super-h%C3%A9ros-en-herbe.jpg?fit=1200%2C1200&ssl=1&resize=1050%2C600 3x"},"classes":[]}],"_links":{"self":[{"href":"https:\/\/www.jojoenherbe.com\/index.php\/wp-json\/wp\/v2\/posts\/16799","targetHints":{"allow":["GET"]}}],"collection":[{"href":"https:\/\/www.jojoenherbe.com\/index.php\/wp-json\/wp\/v2\/posts"}],"about":[{"href":"https:\/\/www.jojoenherbe.com\/index.php\/wp-json\/wp\/v2\/types\/post"}],"author":[{"embeddable":true,"href":"https:\/\/www.jojoenherbe.com\/index.php\/wp-json\/wp\/v2\/users\/1"}],"replies":[{"embeddable":true,"href":"https:\/\/www.jojoenherbe.com\/index.php\/wp-json\/wp\/v2\/comments?post=16799"}],"version-history":[{"count":0,"href":"https:\/\/www.jojoenherbe.com\/index.php\/wp-json\/wp\/v2\/posts\/16799\/revisions"}],"wp:featuredmedia":[{"embeddable":true,"href":"https:\/\/www.jojoenherbe.com\/index.php\/wp-json\/wp\/v2\/media\/17249"}],"wp:attachment":[{"href":"https:\/\/www.jojoenherbe.com\/index.php\/wp-json\/wp\/v2\/media?parent=16799"}],"wp:term":[{"taxonomy":"category","embeddable":true,"href":"https:\/\/www.jojoenherbe.com\/index.php\/wp-json\/wp\/v2\/categories?post=16799"},{"taxonomy":"post_tag","embeddable":true,"href":"https:\/\/www.jojoenherbe.com\/index.php\/wp-json\/wp\/v2\/tags?post=16799"}],"curies":[{"name":"wp","href":"https:\/\/api.w.org\/{rel}","templated":true}]}}