{"id":16743,"date":"2021-03-23T09:46:53","date_gmt":"2021-03-23T08:46:53","guid":{"rendered":"http:\/\/www.jojoenherbe.com\/?p=16743"},"modified":"2021-03-23T09:46:53","modified_gmt":"2021-03-23T08:46:53","slug":"au-fil-des-pages-avec-les-fabuleux-navires-du-capitaine-squid","status":"publish","type":"post","link":"https:\/\/www.jojoenherbe.com\/index.php\/2021\/03\/23\/au-fil-des-pages-avec-les-fabuleux-navires-du-capitaine-squid\/","title":{"rendered":"Au fil des pages avec Les fabuleux navires du capitaine Squid"},"content":{"rendered":"<p style=\"text-align: justify;\"><em><a href=\"https:\/\/i0.wp.com\/www.jojoenherbe.com\/wp-content\/uploads\/2021\/03\/Les-fabuleux-navires-du-capitaine-Squid-3-scaled.jpg\"><img data-recalc-dims=\"1\" loading=\"lazy\" decoding=\"async\" data-attachment-id=\"16745\" data-permalink=\"https:\/\/www.jojoenherbe.com\/index.php\/2021\/03\/23\/au-fil-des-pages-avec-les-fabuleux-navires-du-capitaine-squid\/les-fabuleux-navires-du-capitaine-squid-3\/\" data-orig-file=\"https:\/\/i0.wp.com\/www.jojoenherbe.com\/wp-content\/uploads\/2021\/03\/Les-fabuleux-navires-du-capitaine-Squid-3-scaled.jpg?fit=2560%2C1920&amp;ssl=1\" data-orig-size=\"2560,1920\" data-comments-opened=\"1\" data-image-meta=\"{&quot;aperture&quot;:&quot;1.8&quot;,&quot;credit&quot;:&quot;&quot;,&quot;camera&quot;:&quot;iPhone 7&quot;,&quot;caption&quot;:&quot;&quot;,&quot;created_timestamp&quot;:&quot;1614347461&quot;,&quot;copyright&quot;:&quot;&quot;,&quot;focal_length&quot;:&quot;3.99&quot;,&quot;iso&quot;:&quot;40&quot;,&quot;shutter_speed&quot;:&quot;0.04&quot;,&quot;title&quot;:&quot;&quot;,&quot;orientation&quot;:&quot;1&quot;}\" data-image-title=\"Les fabuleux navires du capitaine Squid 3\" data-image-description=\"\" data-image-caption=\"\" data-large-file=\"https:\/\/i0.wp.com\/www.jojoenherbe.com\/wp-content\/uploads\/2021\/03\/Les-fabuleux-navires-du-capitaine-Squid-3-scaled.jpg?fit=676%2C507&amp;ssl=1\" class=\"alignleft size-thumbnail wp-image-16745\" src=\"https:\/\/i0.wp.com\/www.jojoenherbe.com\/wp-content\/uploads\/2021\/03\/Les-fabuleux-navires-du-capitaine-Squid-3.jpg?resize=150%2C150\" alt=\"\" width=\"150\" height=\"150\" srcset=\"https:\/\/i0.wp.com\/www.jojoenherbe.com\/wp-content\/uploads\/2021\/03\/Les-fabuleux-navires-du-capitaine-Squid-3-scaled.jpg?resize=150%2C150&amp;ssl=1 150w, https:\/\/i0.wp.com\/www.jojoenherbe.com\/wp-content\/uploads\/2021\/03\/Les-fabuleux-navires-du-capitaine-Squid-3-scaled.jpg?zoom=2&amp;resize=150%2C150 300w, https:\/\/i0.wp.com\/www.jojoenherbe.com\/wp-content\/uploads\/2021\/03\/Les-fabuleux-navires-du-capitaine-Squid-3-scaled.jpg?zoom=3&amp;resize=150%2C150 450w\" sizes=\"auto, (max-width: 150px) 100vw, 150px\" \/><\/a> <a href=\"https:\/\/i0.wp.com\/www.jojoenherbe.com\/wp-content\/uploads\/2021\/03\/Les-fabuleux-navires-du-capitaine-Squid-4-scaled.jpg\"><img data-recalc-dims=\"1\" loading=\"lazy\" decoding=\"async\" data-attachment-id=\"16746\" data-permalink=\"https:\/\/www.jojoenherbe.com\/index.php\/2021\/03\/23\/au-fil-des-pages-avec-les-fabuleux-navires-du-capitaine-squid\/les-fabuleux-navires-du-capitaine-squid-4\/\" data-orig-file=\"https:\/\/i0.wp.com\/www.jojoenherbe.com\/wp-content\/uploads\/2021\/03\/Les-fabuleux-navires-du-capitaine-Squid-4-scaled.jpg?fit=2560%2C1920&amp;ssl=1\" data-orig-size=\"2560,1920\" data-comments-opened=\"1\" data-image-meta=\"{&quot;aperture&quot;:&quot;1.8&quot;,&quot;credit&quot;:&quot;&quot;,&quot;camera&quot;:&quot;iPhone 7&quot;,&quot;caption&quot;:&quot;&quot;,&quot;created_timestamp&quot;:&quot;1614347472&quot;,&quot;copyright&quot;:&quot;&quot;,&quot;focal_length&quot;:&quot;3.99&quot;,&quot;iso&quot;:&quot;40&quot;,&quot;shutter_speed&quot;:&quot;0.05&quot;,&quot;title&quot;:&quot;&quot;,&quot;orientation&quot;:&quot;1&quot;}\" data-image-title=\"Les fabuleux navires du capitaine Squid 4\" data-image-description=\"\" data-image-caption=\"\" data-large-file=\"https:\/\/i0.wp.com\/www.jojoenherbe.com\/wp-content\/uploads\/2021\/03\/Les-fabuleux-navires-du-capitaine-Squid-4-scaled.jpg?fit=676%2C507&amp;ssl=1\" class=\"alignleft size-thumbnail wp-image-16746\" src=\"https:\/\/i0.wp.com\/www.jojoenherbe.com\/wp-content\/uploads\/2021\/03\/Les-fabuleux-navires-du-capitaine-Squid-4.jpg?resize=150%2C150\" alt=\"\" width=\"150\" height=\"150\" srcset=\"https:\/\/i0.wp.com\/www.jojoenherbe.com\/wp-content\/uploads\/2021\/03\/Les-fabuleux-navires-du-capitaine-Squid-4-scaled.jpg?resize=150%2C150&amp;ssl=1 150w, https:\/\/i0.wp.com\/www.jojoenherbe.com\/wp-content\/uploads\/2021\/03\/Les-fabuleux-navires-du-capitaine-Squid-4-scaled.jpg?zoom=2&amp;resize=150%2C150 300w, https:\/\/i0.wp.com\/www.jojoenherbe.com\/wp-content\/uploads\/2021\/03\/Les-fabuleux-navires-du-capitaine-Squid-4-scaled.jpg?zoom=3&amp;resize=150%2C150 450w\" sizes=\"auto, (max-width: 150px) 100vw, 150px\" \/><\/a>Nous lisons <span class=\"\"><span style=\"text-decoration: underline;\">Les fabuleux navires du capitaine Squid<\/span> d\u2019\u00c9ric Puybaret (\u00e9d. Margot, 2016), un album grand format \u00e0 partir de 6 ans. Sur son lit de mort, le capitaine Squid rassemble son \u00e9quipage pour lui raconter les nombreux navires qui ont marqu\u00e9 sa vie en mer ainsi que leurs capitaines, chacun ayant le secret espoir de d\u00e9couvrir un jour un navire mille fois plus beau que le leur. <\/span><\/em><\/p>\n<p style=\"text-align: justify;\"><em> A chaque souvenir du capitaine Squid, se joint l&rsquo;image indissociable du navire et de son capitaine avec en toile de fond une qu\u00eate du plus beau navire. Les grandes illustrations sont magnifiques empreintes de po\u00e9sie, d&rsquo;imaginaire mais aussi d&rsquo;une touche d&rsquo;humour. Avec sa chute inattendue, un bon moment de lecture qui appelle au voyage et \u00e0 la r\u00eaverie!<\/em><\/p>\n<div style=\"width: 155px\" class=\"wp-caption aligncenter\"><img loading=\"lazy\" decoding=\"async\" src=\"https:\/\/lh3.googleusercontent.com\/pw\/ACtC-3eIuIHfDCWnQjrbP_Gttnq9qrZJ0sCLWnTR3GjIOIiC54aYp8f1rKz8fy3EJIYJcUrzUv3KnF-YnYTE-vhMmRU8myeq_V_5OYKPelcJ6I4-bD-P1SjmJYevXt0TGhPCpROfcXeg5SJ_4KvwWeBQfvsOWw=w285-h217-no?authuser=1\" alt=\"\" width=\"145\" height=\"111\" \/><p class=\"wp-caption-text\">Challenge Petit Bac d&rsquo;<a href=\"https:\/\/ennalit.wordpress.com\/2020\/12\/01\/challenge-petit-bac-2021-qui-veut-jouer\/\">Enna<\/a> #6 Cat\u00e9gorie Voyage: \u00ab\u00a0Navires\u00a0\u00bb<\/p><\/div>\n","protected":false},"excerpt":{"rendered":"<p>Nous lisons Les fabuleux navires du capitaine Squid d\u2019\u00c9ric Puybaret (\u00e9d. Margot, 2016), un album grand format \u00e0 partir de 6 ans. Sur son lit de mort, le capitaine Squid rassemble son \u00e9quipage pour lui raconter les nombreux navires qui ont marqu\u00e9 sa vie en mer ainsi que leurs capitaines, chacun ayant le secret espoir [&hellip;]<\/p>\n","protected":false},"author":1,"featured_media":16100,"comment_status":"open","ping_status":"open","sticky":false,"template":"","format":"standard","meta":{"jetpack_post_was_ever_published":false,"_jetpack_newsletter_access":"","_jetpack_dont_email_post_to_subs":false,"_jetpack_newsletter_tier_id":0,"_jetpack_memberships_contains_paywalled_content":false,"_jetpack_memberships_contains_paid_content":false,"footnotes":""},"categories":[363],"tags":[788,409,601,1532,2018,2251,367,658,980,2318,660,2243,1275,1075,1186],"class_list":["post-16743","post","type-post","status-publish","format-standard","has-post-thumbnail","hentry","category-mini-lecteur","tag-6-9-ans","tag-albums-jeunesse","tag-aventure","tag-bateau","tag-challenge-petit-bac-2021","tag-eric-puybaret","tag-lecture-jeunesse","tag-mer","tag-mort","tag-navire","tag-ocean","tag-pirate","tag-quete","tag-souvenirs","tag-voyage","post-preview"],"jetpack_featured_media_url":"https:\/\/i0.wp.com\/www.jojoenherbe.com\/wp-content\/uploads\/2021\/02\/Les-fabuleux-navires-du-capitaine-Squid-scaled.jpg?fit=2560%2C1920&ssl=1","jetpack_sharing_enabled":true,"jetpack_shortlink":"https:\/\/wp.me\/p9zhGx-4m3","jetpack_likes_enabled":true,"jetpack-related-posts":[{"id":16087,"url":"https:\/\/www.jojoenherbe.com\/index.php\/2021\/02\/26\/nos-lectures-pirates-2021\/","url_meta":{"origin":16743,"position":0},"title":"Nos lectures \u00ab\u00a0Pirates\u00a0\u00bb 2021","author":"Jojo","date":"26 f\u00e9vrier 2021","format":false,"excerpt":"Depuis un certain temps, nous lisons et relisons beaucoup d'histoires de pirates. Alors j'ai eu envie de compiler nos lectures dans un m\u00eame billet qui sera actualis\u00e9 au fur-et-\u00e0-mesure de nos lectures. Des albums jeunesse: Z\u00e9phir de Quentin Gr\u00e9ban (\u00e9d. Mijade, 2008, r\u00e9\u00e9d. 2017), un album jeunesse \u00e0 partir de\u2026","rel":"","context":"Dans &quot;Mini lecteur&quot;","block_context":{"text":"Mini lecteur","link":"https:\/\/www.jojoenherbe.com\/index.php\/category\/mini-lecteur\/"},"img":{"alt_text":"","src":"https:\/\/i0.wp.com\/www.jojoenherbe.com\/wp-content\/uploads\/2021\/02\/Nos-lectures-Pirates-2-scaled.jpg?fit=1200%2C900&ssl=1&resize=350%2C200","width":350,"height":200,"srcset":"https:\/\/i0.wp.com\/www.jojoenherbe.com\/wp-content\/uploads\/2021\/02\/Nos-lectures-Pirates-2-scaled.jpg?fit=1200%2C900&ssl=1&resize=350%2C200 1x, https:\/\/i0.wp.com\/www.jojoenherbe.com\/wp-content\/uploads\/2021\/02\/Nos-lectures-Pirates-2-scaled.jpg?fit=1200%2C900&ssl=1&resize=525%2C300 1.5x, https:\/\/i0.wp.com\/www.jojoenherbe.com\/wp-content\/uploads\/2021\/02\/Nos-lectures-Pirates-2-scaled.jpg?fit=1200%2C900&ssl=1&resize=700%2C400 2x, https:\/\/i0.wp.com\/www.jojoenherbe.com\/wp-content\/uploads\/2021\/02\/Nos-lectures-Pirates-2-scaled.jpg?fit=1200%2C900&ssl=1&resize=1050%2C600 3x"},"classes":[]},{"id":11068,"url":"https:\/\/www.jojoenherbe.com\/index.php\/2020\/06\/06\/au-fil-des-pages-avec-le-fabuleux-voyage-du-bateau-cerf\/","url_meta":{"origin":16743,"position":1},"title":"Au fil des pages avec Le fabuleux voyage du bateau-cerf","author":"Jojo","date":"6 juin 2020","format":false,"excerpt":"Nous empruntons \u00e0 la m\u00e9diath\u00e8que Le fabuleux voyage du bateau-cerf de Dashka Slater et The Fan Brothers - Eric et Terry Fan (\u00e9d. Little Urban, 2018), un album jeunesse \u00e0 partir de 3 ans. Marco le renard quitte son pays pour int\u00e9grer l'\u00e9quipage du bateau-cerf dont la biche Sylvia est\u2026","rel":"","context":"Dans &quot;Mini lecteur&quot;","block_context":{"text":"Mini lecteur","link":"https:\/\/www.jojoenherbe.com\/index.php\/category\/mini-lecteur\/"},"img":{"alt_text":"","src":"https:\/\/i0.wp.com\/www.jojoenherbe.com\/wp-content\/uploads\/2020\/05\/Le-fabuleux-voyage-du-bateau-cerf-scaled.jpg?fit=1200%2C683&ssl=1&resize=350%2C200","width":350,"height":200,"srcset":"https:\/\/i0.wp.com\/www.jojoenherbe.com\/wp-content\/uploads\/2020\/05\/Le-fabuleux-voyage-du-bateau-cerf-scaled.jpg?fit=1200%2C683&ssl=1&resize=350%2C200 1x, https:\/\/i0.wp.com\/www.jojoenherbe.com\/wp-content\/uploads\/2020\/05\/Le-fabuleux-voyage-du-bateau-cerf-scaled.jpg?fit=1200%2C683&ssl=1&resize=525%2C300 1.5x, https:\/\/i0.wp.com\/www.jojoenherbe.com\/wp-content\/uploads\/2020\/05\/Le-fabuleux-voyage-du-bateau-cerf-scaled.jpg?fit=1200%2C683&ssl=1&resize=700%2C400 2x, https:\/\/i0.wp.com\/www.jojoenherbe.com\/wp-content\/uploads\/2020\/05\/Le-fabuleux-voyage-du-bateau-cerf-scaled.jpg?fit=1200%2C683&ssl=1&resize=1050%2C600 3x"},"classes":[]},{"id":17883,"url":"https:\/\/www.jojoenherbe.com\/index.php\/2021\/04\/27\/au-fil-des-pages-avec-capitaine-jules-et-les-pirates\/","url_meta":{"origin":16743,"position":2},"title":"Au fil des pages avec Capitaine Jules et les pirates","author":"Jojo","date":"27 avril 2021","format":false,"excerpt":"Nous empruntons \u00e0 la m\u00e9diath\u00e8que une nouvelle histoire de pirates ou plus exactement d'enfants jouant sur la plage aux pirates. Il s'agit de Capitaine Jules et les pirates de Peter Bentley et Helen Oxenbury (\u00e9d. L'\u00e9cole des loisirs, 2016), un album jeunesse \u00e0 partir de 3 ans. Trois enfants, Jules,\u2026","rel":"","context":"Dans &quot;Mini lecteur&quot;","block_context":{"text":"Mini lecteur","link":"https:\/\/www.jojoenherbe.com\/index.php\/category\/mini-lecteur\/"},"img":{"alt_text":"","src":"https:\/\/i0.wp.com\/www.jojoenherbe.com\/wp-content\/uploads\/2021\/04\/Capitaine-Jules-et-les-Pirates-scaled.jpg?fit=1200%2C900&ssl=1&resize=350%2C200","width":350,"height":200,"srcset":"https:\/\/i0.wp.com\/www.jojoenherbe.com\/wp-content\/uploads\/2021\/04\/Capitaine-Jules-et-les-Pirates-scaled.jpg?fit=1200%2C900&ssl=1&resize=350%2C200 1x, https:\/\/i0.wp.com\/www.jojoenherbe.com\/wp-content\/uploads\/2021\/04\/Capitaine-Jules-et-les-Pirates-scaled.jpg?fit=1200%2C900&ssl=1&resize=525%2C300 1.5x, https:\/\/i0.wp.com\/www.jojoenherbe.com\/wp-content\/uploads\/2021\/04\/Capitaine-Jules-et-les-Pirates-scaled.jpg?fit=1200%2C900&ssl=1&resize=700%2C400 2x, https:\/\/i0.wp.com\/www.jojoenherbe.com\/wp-content\/uploads\/2021\/04\/Capitaine-Jules-et-les-Pirates-scaled.jpg?fit=1200%2C900&ssl=1&resize=1050%2C600 3x"},"classes":[]},{"id":41366,"url":"https:\/\/www.jojoenherbe.com\/index.php\/2025\/11\/15\/au-fil-des-pages-avec-capitaine-rosalie\/","url_meta":{"origin":16743,"position":3},"title":"Au fil des pages avec Capitaine Rosalie","author":"Jojo","date":"15 novembre 2025","format":false,"excerpt":"En cette semaine du 11 Novembre, j'ai propos\u00e9 \u00e0 mon mini sorcier de lire Capitaine Rosalie de Timoth\u00e9e de Fombelle et illustr\u00e9 par Isabelle Arsenault (\u00e9d. Gallimard Jeunesse, coll. Folio Cadet, octobre 2018, r\u00e9\u00e9d. ao\u00fbt 2023, 72 pages), un roman jeunesse pour les 7\/9 ans, laur\u00e9at du 32e Prix des\u2026","rel":"","context":"Dans &quot;Mini lecteur&quot;","block_context":{"text":"Mini lecteur","link":"https:\/\/www.jojoenherbe.com\/index.php\/category\/mini-lecteur\/"},"img":{"alt_text":"","src":"https:\/\/i0.wp.com\/www.jojoenherbe.com\/wp-content\/uploads\/2025\/11\/Capitaine-Rosalie-scaled.jpg?fit=1200%2C942&ssl=1&resize=350%2C200","width":350,"height":200,"srcset":"https:\/\/i0.wp.com\/www.jojoenherbe.com\/wp-content\/uploads\/2025\/11\/Capitaine-Rosalie-scaled.jpg?fit=1200%2C942&ssl=1&resize=350%2C200 1x, https:\/\/i0.wp.com\/www.jojoenherbe.com\/wp-content\/uploads\/2025\/11\/Capitaine-Rosalie-scaled.jpg?fit=1200%2C942&ssl=1&resize=525%2C300 1.5x, https:\/\/i0.wp.com\/www.jojoenherbe.com\/wp-content\/uploads\/2025\/11\/Capitaine-Rosalie-scaled.jpg?fit=1200%2C942&ssl=1&resize=700%2C400 2x, https:\/\/i0.wp.com\/www.jojoenherbe.com\/wp-content\/uploads\/2025\/11\/Capitaine-Rosalie-scaled.jpg?fit=1200%2C942&ssl=1&resize=1050%2C600 3x"},"classes":[]},{"id":35528,"url":"https:\/\/www.jojoenherbe.com\/index.php\/2024\/04\/03\/au-fil-des-pages-avec-la-naissance-du-printemps\/","url_meta":{"origin":16743,"position":4},"title":"Au fil des pages avec La naissance du printemps","author":"Jojo","date":"3 avril 2024","format":false,"excerpt":"Nous avons lu hier soir La naissance du printemps de Roxane Marie Galliez et Eric Puybaret (\u00e9d. Balivernes, avril 2019,\u00a0 32 pages), un album jeunesse \u00e0 partir de 6 ans. Bien avant l'arriv\u00e9e des \u00eatres humains, vivaient Orithye la nymphe dont le pouvoir \u00e9tait de donner des couleurs \u00e0 la\u2026","rel":"","context":"Dans &quot;Mini lecteur&quot;","block_context":{"text":"Mini lecteur","link":"https:\/\/www.jojoenherbe.com\/index.php\/category\/mini-lecteur\/"},"img":{"alt_text":"","src":"https:\/\/i0.wp.com\/www.jojoenherbe.com\/wp-content\/uploads\/2024\/04\/La-naissance-du-printemps-scaled.jpg?fit=1200%2C910&ssl=1&resize=350%2C200","width":350,"height":200,"srcset":"https:\/\/i0.wp.com\/www.jojoenherbe.com\/wp-content\/uploads\/2024\/04\/La-naissance-du-printemps-scaled.jpg?fit=1200%2C910&ssl=1&resize=350%2C200 1x, https:\/\/i0.wp.com\/www.jojoenherbe.com\/wp-content\/uploads\/2024\/04\/La-naissance-du-printemps-scaled.jpg?fit=1200%2C910&ssl=1&resize=525%2C300 1.5x, https:\/\/i0.wp.com\/www.jojoenherbe.com\/wp-content\/uploads\/2024\/04\/La-naissance-du-printemps-scaled.jpg?fit=1200%2C910&ssl=1&resize=700%2C400 2x, https:\/\/i0.wp.com\/www.jojoenherbe.com\/wp-content\/uploads\/2024\/04\/La-naissance-du-printemps-scaled.jpg?fit=1200%2C910&ssl=1&resize=1050%2C600 3x"},"classes":[]},{"id":23825,"url":"https:\/\/www.jojoenherbe.com\/index.php\/2022\/02\/03\/billet-de-suivi-challenge-contes-et-legendes-2022\/","url_meta":{"origin":16743,"position":5},"title":"Billet de suivi: Challenge Contes et L\u00e9gendes 2022","author":"Jojo","date":"3 f\u00e9vrier 2022","format":false,"excerpt":"Cette ann\u00e9e, je participe \u00e0 nouveau au challenge Contes et L\u00e9gendes de Bidib et qui se d\u00e9roule aussi du 1er janvier au 31 d\u00e9cembre 2022. Pour cette nouvelle \u00e9dition, Bidib propose 10 th\u00e8mes \u00e0 explorer toutes l\u2019ann\u00e9e, suivant nos envies. Pour plus d\u2019infos, n\u2019h\u00e9sitez pas \u00e0 aller sur son blog.\u2026","rel":"","context":"Dans &quot;Mini challenger&quot;","block_context":{"text":"Mini challenger","link":"https:\/\/www.jojoenherbe.com\/index.php\/category\/mini-challenger\/"},"img":{"alt_text":"","src":"https:\/\/i0.wp.com\/www.jojoenherbe.com\/wp-content\/uploads\/2022\/04\/Kamisama-T1-150x150.jpg?resize=350%2C200","width":350,"height":200},"classes":[]}],"_links":{"self":[{"href":"https:\/\/www.jojoenherbe.com\/index.php\/wp-json\/wp\/v2\/posts\/16743","targetHints":{"allow":["GET"]}}],"collection":[{"href":"https:\/\/www.jojoenherbe.com\/index.php\/wp-json\/wp\/v2\/posts"}],"about":[{"href":"https:\/\/www.jojoenherbe.com\/index.php\/wp-json\/wp\/v2\/types\/post"}],"author":[{"embeddable":true,"href":"https:\/\/www.jojoenherbe.com\/index.php\/wp-json\/wp\/v2\/users\/1"}],"replies":[{"embeddable":true,"href":"https:\/\/www.jojoenherbe.com\/index.php\/wp-json\/wp\/v2\/comments?post=16743"}],"version-history":[{"count":0,"href":"https:\/\/www.jojoenherbe.com\/index.php\/wp-json\/wp\/v2\/posts\/16743\/revisions"}],"wp:featuredmedia":[{"embeddable":true,"href":"https:\/\/www.jojoenherbe.com\/index.php\/wp-json\/wp\/v2\/media\/16100"}],"wp:attachment":[{"href":"https:\/\/www.jojoenherbe.com\/index.php\/wp-json\/wp\/v2\/media?parent=16743"}],"wp:term":[{"taxonomy":"category","embeddable":true,"href":"https:\/\/www.jojoenherbe.com\/index.php\/wp-json\/wp\/v2\/categories?post=16743"},{"taxonomy":"post_tag","embeddable":true,"href":"https:\/\/www.jojoenherbe.com\/index.php\/wp-json\/wp\/v2\/tags?post=16743"}],"curies":[{"name":"wp","href":"https:\/\/api.w.org\/{rel}","templated":true}]}}