{"id":16361,"date":"2021-03-08T14:45:07","date_gmt":"2021-03-08T13:45:07","guid":{"rendered":"http:\/\/www.jojoenherbe.com\/?p=16361"},"modified":"2021-03-08T14:45:07","modified_gmt":"2021-03-08T13:45:07","slug":"au-fil-des-pages-avec-la-tarte-aux-fees","status":"publish","type":"post","link":"https:\/\/www.jojoenherbe.com\/index.php\/2021\/03\/08\/au-fil-des-pages-avec-la-tarte-aux-fees\/","title":{"rendered":"Au fil des pages avec La tarte aux f\u00e9es"},"content":{"rendered":"<p style=\"text-align: justify;\"><em><a href=\"https:\/\/i0.wp.com\/www.jojoenherbe.com\/wp-content\/uploads\/2021\/03\/La-tarte-aux-fees-2-scaled.jpg\"><img data-recalc-dims=\"1\" loading=\"lazy\" decoding=\"async\" data-attachment-id=\"16362\" data-permalink=\"https:\/\/www.jojoenherbe.com\/index.php\/2021\/03\/08\/au-fil-des-pages-avec-la-tarte-aux-fees\/la-tarte-aux-fees-2-2\/\" data-orig-file=\"https:\/\/i0.wp.com\/www.jojoenherbe.com\/wp-content\/uploads\/2021\/03\/La-tarte-aux-fees-2-scaled.jpg?fit=2560%2C1920&amp;ssl=1\" data-orig-size=\"2560,1920\" data-comments-opened=\"1\" data-image-meta=\"{&quot;aperture&quot;:&quot;1.8&quot;,&quot;credit&quot;:&quot;&quot;,&quot;camera&quot;:&quot;iPhone 7&quot;,&quot;caption&quot;:&quot;&quot;,&quot;created_timestamp&quot;:&quot;1615212829&quot;,&quot;copyright&quot;:&quot;&quot;,&quot;focal_length&quot;:&quot;3.99&quot;,&quot;iso&quot;:&quot;50&quot;,&quot;shutter_speed&quot;:&quot;0.058823529411765&quot;,&quot;title&quot;:&quot;&quot;,&quot;orientation&quot;:&quot;1&quot;}\" data-image-title=\"La tarte aux f\u00e9es 2\" data-image-description=\"\" data-image-caption=\"\" data-large-file=\"https:\/\/i0.wp.com\/www.jojoenherbe.com\/wp-content\/uploads\/2021\/03\/La-tarte-aux-fees-2-scaled.jpg?fit=676%2C507&amp;ssl=1\" class=\"alignleft size-thumbnail wp-image-16362\" src=\"https:\/\/i0.wp.com\/www.jojoenherbe.com\/wp-content\/uploads\/2021\/03\/La-tarte-aux-fees-2.jpg?resize=150%2C150\" alt=\"\" width=\"150\" height=\"150\" srcset=\"https:\/\/i0.wp.com\/www.jojoenherbe.com\/wp-content\/uploads\/2021\/03\/La-tarte-aux-fees-2-scaled.jpg?resize=150%2C150&amp;ssl=1 150w, https:\/\/i0.wp.com\/www.jojoenherbe.com\/wp-content\/uploads\/2021\/03\/La-tarte-aux-fees-2-scaled.jpg?zoom=2&amp;resize=150%2C150 300w, https:\/\/i0.wp.com\/www.jojoenherbe.com\/wp-content\/uploads\/2021\/03\/La-tarte-aux-fees-2-scaled.jpg?zoom=3&amp;resize=150%2C150 450w\" sizes=\"auto, (max-width: 150px) 100vw, 150px\" \/><\/a> <a href=\"https:\/\/i0.wp.com\/www.jojoenherbe.com\/wp-content\/uploads\/2021\/03\/La-tarte-aux-fees-3-scaled.jpg\"><img data-recalc-dims=\"1\" loading=\"lazy\" decoding=\"async\" data-attachment-id=\"16363\" data-permalink=\"https:\/\/www.jojoenherbe.com\/index.php\/2021\/03\/08\/au-fil-des-pages-avec-la-tarte-aux-fees\/la-tarte-aux-fees-3\/\" data-orig-file=\"https:\/\/i0.wp.com\/www.jojoenherbe.com\/wp-content\/uploads\/2021\/03\/La-tarte-aux-fees-3-scaled.jpg?fit=2560%2C1920&amp;ssl=1\" data-orig-size=\"2560,1920\" data-comments-opened=\"1\" data-image-meta=\"{&quot;aperture&quot;:&quot;1.8&quot;,&quot;credit&quot;:&quot;&quot;,&quot;camera&quot;:&quot;iPhone 7&quot;,&quot;caption&quot;:&quot;&quot;,&quot;created_timestamp&quot;:&quot;1615212845&quot;,&quot;copyright&quot;:&quot;&quot;,&quot;focal_length&quot;:&quot;3.99&quot;,&quot;iso&quot;:&quot;64&quot;,&quot;shutter_speed&quot;:&quot;0.058823529411765&quot;,&quot;title&quot;:&quot;&quot;,&quot;orientation&quot;:&quot;1&quot;}\" data-image-title=\"La tarte aux f\u00e9es 3\" data-image-description=\"\" data-image-caption=\"\" data-large-file=\"https:\/\/i0.wp.com\/www.jojoenherbe.com\/wp-content\/uploads\/2021\/03\/La-tarte-aux-fees-3-scaled.jpg?fit=676%2C507&amp;ssl=1\" class=\"alignleft size-thumbnail wp-image-16363\" src=\"https:\/\/i0.wp.com\/www.jojoenherbe.com\/wp-content\/uploads\/2021\/03\/La-tarte-aux-fees-3.jpg?resize=150%2C150\" alt=\"\" width=\"150\" height=\"150\" srcset=\"https:\/\/i0.wp.com\/www.jojoenherbe.com\/wp-content\/uploads\/2021\/03\/La-tarte-aux-fees-3-scaled.jpg?resize=150%2C150&amp;ssl=1 150w, https:\/\/i0.wp.com\/www.jojoenherbe.com\/wp-content\/uploads\/2021\/03\/La-tarte-aux-fees-3-scaled.jpg?zoom=2&amp;resize=150%2C150 300w, https:\/\/i0.wp.com\/www.jojoenherbe.com\/wp-content\/uploads\/2021\/03\/La-tarte-aux-fees-3-scaled.jpg?zoom=3&amp;resize=150%2C150 450w\" sizes=\"auto, (max-width: 150px) 100vw, 150px\" \/><\/a>Je continue avec nos lectures gourmandes du mois dernier avec cette fois-ci <span style=\"text-decoration: underline;\">La tarte aux f\u00e9es<\/span> de Micha\u00ebl Escoffier et Kris Di Giacomo (\u00e9d. Frimousse, 2013), un album jeunesse \u00e0 partir de 3 ans. Papa Crapaud ne sait plus quoi imaginer pour faire manger Petit Crapaud, jusqu&rsquo;\u00e0 inventer des histoires compl\u00e8tement farfelues qui laissent sceptique l&rsquo;enfant. Serait-ce vraiment une tarte aux f\u00e9es? Sont-ils une famille de dragons au point que si Petit Crapaud finit son assiette, son p\u00e8re pourra voler?<br \/>\n<\/em><\/p>\n<p style=\"text-align: justify;\"><em><a href=\"https:\/\/i0.wp.com\/www.jojoenherbe.com\/wp-content\/uploads\/2021\/03\/La-tarte-aux-fees-5-scaled.jpg\"><img data-recalc-dims=\"1\" loading=\"lazy\" decoding=\"async\" data-attachment-id=\"16365\" data-permalink=\"https:\/\/www.jojoenherbe.com\/index.php\/2021\/03\/08\/au-fil-des-pages-avec-la-tarte-aux-fees\/la-tarte-aux-fees-5\/\" data-orig-file=\"https:\/\/i0.wp.com\/www.jojoenherbe.com\/wp-content\/uploads\/2021\/03\/La-tarte-aux-fees-5-scaled.jpg?fit=2560%2C1920&amp;ssl=1\" data-orig-size=\"2560,1920\" data-comments-opened=\"1\" data-image-meta=\"{&quot;aperture&quot;:&quot;1.8&quot;,&quot;credit&quot;:&quot;&quot;,&quot;camera&quot;:&quot;iPhone 7&quot;,&quot;caption&quot;:&quot;&quot;,&quot;created_timestamp&quot;:&quot;1615212880&quot;,&quot;copyright&quot;:&quot;&quot;,&quot;focal_length&quot;:&quot;3.99&quot;,&quot;iso&quot;:&quot;40&quot;,&quot;shutter_speed&quot;:&quot;0.05&quot;,&quot;title&quot;:&quot;&quot;,&quot;orientation&quot;:&quot;1&quot;}\" data-image-title=\"La tarte aux f\u00e9es 5\" data-image-description=\"\" data-image-caption=\"\" data-large-file=\"https:\/\/i0.wp.com\/www.jojoenherbe.com\/wp-content\/uploads\/2021\/03\/La-tarte-aux-fees-5-scaled.jpg?fit=676%2C507&amp;ssl=1\" class=\"size-thumbnail wp-image-16365 alignright\" src=\"https:\/\/i0.wp.com\/www.jojoenherbe.com\/wp-content\/uploads\/2021\/03\/La-tarte-aux-fees-5.jpg?resize=150%2C150\" alt=\"\" width=\"150\" height=\"150\" srcset=\"https:\/\/i0.wp.com\/www.jojoenherbe.com\/wp-content\/uploads\/2021\/03\/La-tarte-aux-fees-5-scaled.jpg?resize=150%2C150&amp;ssl=1 150w, https:\/\/i0.wp.com\/www.jojoenherbe.com\/wp-content\/uploads\/2021\/03\/La-tarte-aux-fees-5-scaled.jpg?zoom=2&amp;resize=150%2C150 300w, https:\/\/i0.wp.com\/www.jojoenherbe.com\/wp-content\/uploads\/2021\/03\/La-tarte-aux-fees-5-scaled.jpg?zoom=3&amp;resize=150%2C150 450w\" sizes=\"auto, (max-width: 150px) 100vw, 150px\" \/><\/a> <a href=\"https:\/\/i0.wp.com\/www.jojoenherbe.com\/wp-content\/uploads\/2021\/03\/La-tarte-aux-fees-4-scaled.jpg\"><img data-recalc-dims=\"1\" loading=\"lazy\" decoding=\"async\" data-attachment-id=\"16364\" data-permalink=\"https:\/\/www.jojoenherbe.com\/index.php\/2021\/03\/08\/au-fil-des-pages-avec-la-tarte-aux-fees\/la-tarte-aux-fees-4\/\" data-orig-file=\"https:\/\/i0.wp.com\/www.jojoenherbe.com\/wp-content\/uploads\/2021\/03\/La-tarte-aux-fees-4-scaled.jpg?fit=2560%2C1920&amp;ssl=1\" data-orig-size=\"2560,1920\" data-comments-opened=\"1\" data-image-meta=\"{&quot;aperture&quot;:&quot;1.8&quot;,&quot;credit&quot;:&quot;&quot;,&quot;camera&quot;:&quot;iPhone 7&quot;,&quot;caption&quot;:&quot;&quot;,&quot;created_timestamp&quot;:&quot;1615212861&quot;,&quot;copyright&quot;:&quot;&quot;,&quot;focal_length&quot;:&quot;3.99&quot;,&quot;iso&quot;:&quot;40&quot;,&quot;shutter_speed&quot;:&quot;0.058823529411765&quot;,&quot;title&quot;:&quot;&quot;,&quot;orientation&quot;:&quot;1&quot;}\" data-image-title=\"La tarte aux f\u00e9es 4\" data-image-description=\"\" data-image-caption=\"\" data-large-file=\"https:\/\/i0.wp.com\/www.jojoenherbe.com\/wp-content\/uploads\/2021\/03\/La-tarte-aux-fees-4-scaled.jpg?fit=676%2C507&amp;ssl=1\" class=\"size-thumbnail wp-image-16364 alignright\" src=\"https:\/\/i0.wp.com\/www.jojoenherbe.com\/wp-content\/uploads\/2021\/03\/La-tarte-aux-fees-4.jpg?resize=150%2C150\" alt=\"\" width=\"150\" height=\"150\" srcset=\"https:\/\/i0.wp.com\/www.jojoenherbe.com\/wp-content\/uploads\/2021\/03\/La-tarte-aux-fees-4-scaled.jpg?resize=150%2C150&amp;ssl=1 150w, https:\/\/i0.wp.com\/www.jojoenherbe.com\/wp-content\/uploads\/2021\/03\/La-tarte-aux-fees-4-scaled.jpg?zoom=2&amp;resize=150%2C150 300w, https:\/\/i0.wp.com\/www.jojoenherbe.com\/wp-content\/uploads\/2021\/03\/La-tarte-aux-fees-4-scaled.jpg?zoom=3&amp;resize=150%2C150 450w\" sizes=\"auto, (max-width: 150px) 100vw, 150px\" \/><\/a>A trop mentir pour faire manger son fils, Papa Crapaud risque d&rsquo;aller \u00e0 la catastrophe. En tant que parent lecteur, l&rsquo;histoire rappellera des souvenirs plus ou moins agr\u00e9ables. En effet, qu&rsquo;il est parfois bien compliqu\u00e9 de faire manger un enfant! Les illustrations sont aussi tr\u00e8s dr\u00f4les, avec des crapauds tr\u00e8s expressifs. Un tr\u00e8s bon moment de lecture avec cette histoire loufoque et hilarante \u00e0 l&rsquo;image de la chute!<\/em><\/p>\n<div style=\"width: 168px\" class=\"wp-caption alignleft\"><img data-recalc-dims=\"1\" loading=\"lazy\" decoding=\"async\" class=\"nonealign widthoriginal\" src=\"https:\/\/i0.wp.com\/p4.storage.canalblog.com\/40\/68\/1394281\/128273873.png?resize=158%2C114&#038;ssl=1\" alt=\"\" width=\"158\" height=\"114\" border=\"0\" \/><p class=\"wp-caption-text\">Participation #28 Challenge Des livres (et des \u00e9crans) en cuisine de <a href=\"https:\/\/mapetitemediatheque.fr\/2020\/12\/des-livres-et-des-ecrans-en-cuisine-2021\/\">Bidib<\/a> et <a href=\"http:\/\/croquerlespages.canalblog.com\/archives\/2020\/12\/20\/38715076.html\">Fondant<\/a> #Tarte aux f\u00e9es<\/p><\/div>\n<div style=\"width: 172px\" class=\"wp-caption alignleft\"><img loading=\"lazy\" decoding=\"async\" src=\"https:\/\/lh3.googleusercontent.com\/pw\/ACtC-3eIuIHfDCWnQjrbP_Gttnq9qrZJ0sCLWnTR3GjIOIiC54aYp8f1rKz8fy3EJIYJcUrzUv3KnF-YnYTE-vhMmRU8myeq_V_5OYKPelcJ6I4-bD-P1SjmJYevXt0TGhPCpROfcXeg5SJ_4KvwWeBQfvsOWw=w285-h217-no?authuser=1\" alt=\"\" width=\"162\" height=\"124\" \/><p class=\"wp-caption-text\">Challenge Petit Bac d&rsquo;<a href=\"https:\/\/ennalit.wordpress.com\/2020\/12\/01\/challenge-petit-bac-2021-qui-veut-jouer\/\">Enna<\/a> #5 Cat\u00e9gorie Aliment\/Boisson: \u00ab\u00a0Tarte\u00a0\u00bb<\/p><\/div>\n<p><em>\u00a0<\/em><\/p>\n","protected":false},"excerpt":{"rendered":"<p>Je continue avec nos lectures gourmandes du mois dernier avec cette fois-ci La tarte aux f\u00e9es de Micha\u00ebl Escoffier et Kris Di Giacomo (\u00e9d. Frimousse, 2013), un album jeunesse \u00e0 partir de 3 ans. Papa Crapaud ne sait plus quoi imaginer pour faire manger Petit Crapaud, jusqu&rsquo;\u00e0 inventer des histoires compl\u00e8tement farfelues qui laissent sceptique [&hellip;]<\/p>\n","protected":false},"author":1,"featured_media":16366,"comment_status":"open","ping_status":"open","sticky":false,"template":"","format":"standard","meta":{"jetpack_post_was_ever_published":false,"_jetpack_newsletter_access":"","_jetpack_dont_email_post_to_subs":false,"_jetpack_newsletter_tier_id":0,"_jetpack_memberships_contains_paywalled_content":false,"_jetpack_memberships_contains_paid_content":false,"footnotes":""},"categories":[363],"tags":[785,409,474,2018,884,2019,464,843,912,2282,367,1419,1844,1162,1409,1203,1163,2281],"class_list":["post-16361","post","type-post","status-publish","format-standard","has-post-thumbnail","hentry","category-mini-lecteur","tag-3-6-ans","tag-albums-jeunesse","tag-alimentation","tag-challenge-petit-bac-2021","tag-crapaud","tag-des-livres-et-des-ecrans-en-cuisine-2021","tag-dragon","tag-fantastique","tag-fee","tag-kris-di-giacomo","tag-lecture-jeunesse","tag-mensonge","tag-michael-escoffier","tag-nourriture","tag-relation-parent-enfant","tag-relation-pere-fils","tag-repas","tag-tarte","post-preview"],"jetpack_featured_media_url":"https:\/\/i0.wp.com\/www.jojoenherbe.com\/wp-content\/uploads\/2021\/03\/La-tarte-aux-fees-scaled.jpg?fit=2560%2C1920&ssl=1","jetpack_sharing_enabled":true,"jetpack_shortlink":"https:\/\/wp.me\/p9zhGx-4fT","jetpack_likes_enabled":true,"jetpack-related-posts":[{"id":15591,"url":"https:\/\/www.jojoenherbe.com\/index.php\/2021\/02\/13\/rat-gourmand-de-saint-valentin-2021\/","url_meta":{"origin":16361,"position":0},"title":"RAT gourmand de Saint-Valentin 2021","author":"Jojo","date":"13 f\u00e9vrier 2021","format":false,"excerpt":"Ce week-end de Saint-Valentin 2021, Bidib et FondantGrignote organisent un RAT gourmand du samedi 13 f\u00e9vrier 8h au dimanche 14 f\u00e9vrier minuit. Samedi 13 f\u00e9vrier 2021: J'avais gard\u00e9 de c\u00f4t\u00e9 des albums jeunesse pour ce week-end en lien avec le Mois des Contes en cuisine des challenges Contes et L\u00e9gendes\u2026","rel":"","context":"Dans &quot;Mini challenger&quot;","block_context":{"text":"Mini challenger","link":"https:\/\/www.jojoenherbe.com\/index.php\/category\/mini-challenger\/"},"img":{"alt_text":"","src":"https:\/\/i0.wp.com\/www.jojoenherbe.com\/wp-content\/uploads\/2021\/02\/PAL-RAT-St-Valentin-scaled.jpg?fit=1200%2C867&ssl=1&resize=350%2C200","width":350,"height":200,"srcset":"https:\/\/i0.wp.com\/www.jojoenherbe.com\/wp-content\/uploads\/2021\/02\/PAL-RAT-St-Valentin-scaled.jpg?fit=1200%2C867&ssl=1&resize=350%2C200 1x, https:\/\/i0.wp.com\/www.jojoenherbe.com\/wp-content\/uploads\/2021\/02\/PAL-RAT-St-Valentin-scaled.jpg?fit=1200%2C867&ssl=1&resize=525%2C300 1.5x, https:\/\/i0.wp.com\/www.jojoenherbe.com\/wp-content\/uploads\/2021\/02\/PAL-RAT-St-Valentin-scaled.jpg?fit=1200%2C867&ssl=1&resize=700%2C400 2x, https:\/\/i0.wp.com\/www.jojoenherbe.com\/wp-content\/uploads\/2021\/02\/PAL-RAT-St-Valentin-scaled.jpg?fit=1200%2C867&ssl=1&resize=1050%2C600 3x"},"classes":[]},{"id":7935,"url":"https:\/\/www.jojoenherbe.com\/index.php\/2019\/10\/09\/au-fil-des-pages-avec-sortileges\/","url_meta":{"origin":16361,"position":1},"title":"Au fil des pages avec Sortil\u00e8ges","author":"Jojo","date":"9 octobre 2019","format":false,"excerpt":"Lors des trois jours consacr\u00e9s aux monstres et cr\u00e9atures du Halloween Challenge 2019 (du 7 au 9 octobre), nous empruntons \u00e0 la biblioth\u00e8que Sortil\u00e8ges d'Emily Gravett (\u00e9d. Kal\u00e9idoscope, 2008), un album jeunesse \u00e0 partir de 5 ans selon l'\u00e9diteur. Nous suivons un crapaud qui, apr\u00e8s avoir d\u00e9couvert un vieux livre\u2026","rel":"","context":"Dans &quot;Mini lecteur&quot;","block_context":{"text":"Mini lecteur","link":"https:\/\/www.jojoenherbe.com\/index.php\/category\/mini-lecteur\/"},"img":{"alt_text":"","src":"https:\/\/i0.wp.com\/www.jojoenherbe.com\/wp-content\/uploads\/2019\/10\/Sortileges-6-scaled.jpg?fit=1200%2C900&ssl=1&resize=350%2C200","width":350,"height":200,"srcset":"https:\/\/i0.wp.com\/www.jojoenherbe.com\/wp-content\/uploads\/2019\/10\/Sortileges-6-scaled.jpg?fit=1200%2C900&ssl=1&resize=350%2C200 1x, https:\/\/i0.wp.com\/www.jojoenherbe.com\/wp-content\/uploads\/2019\/10\/Sortileges-6-scaled.jpg?fit=1200%2C900&ssl=1&resize=525%2C300 1.5x, https:\/\/i0.wp.com\/www.jojoenherbe.com\/wp-content\/uploads\/2019\/10\/Sortileges-6-scaled.jpg?fit=1200%2C900&ssl=1&resize=700%2C400 2x, https:\/\/i0.wp.com\/www.jojoenherbe.com\/wp-content\/uploads\/2019\/10\/Sortileges-6-scaled.jpg?fit=1200%2C900&ssl=1&resize=1050%2C600 3x"},"classes":[]},{"id":37289,"url":"https:\/\/www.jojoenherbe.com\/index.php\/2024\/11\/20\/au-fil-des-pages-avec-poussiere-crapaud-et-ver-de-terre-t2\/","url_meta":{"origin":16361,"position":2},"title":"Au fil des pages avec Poussi\u00e8re, Crapaud et Ver de terre (T2)","author":"Jojo","date":"20 novembre 2024","format":false,"excerpt":"Parmi nos lectures halloweenesques de cette ann\u00e9e, nous avons d\u00e9couvert le tome 2 de Poussi\u00e8re, Crapaud et Ver de terre de Sibylline et Julie Gore (\u00e9d. Sens dessus dessous, septembre 2024, 56 pages), un album jeunesse \u00e0 partir de 4 ans. Au c\u0153ur de la toute toute petite for\u00eat, Crapaud\u2026","rel":"","context":"Dans &quot;Mini lecteur&quot;","block_context":{"text":"Mini lecteur","link":"https:\/\/www.jojoenherbe.com\/index.php\/category\/mini-lecteur\/"},"img":{"alt_text":"","src":"https:\/\/i0.wp.com\/www.jojoenherbe.com\/wp-content\/uploads\/2024\/11\/Poussiere-Crapaud-et-Ver-de-terre-scaled.jpg?fit=1200%2C865&ssl=1&resize=350%2C200","width":350,"height":200,"srcset":"https:\/\/i0.wp.com\/www.jojoenherbe.com\/wp-content\/uploads\/2024\/11\/Poussiere-Crapaud-et-Ver-de-terre-scaled.jpg?fit=1200%2C865&ssl=1&resize=350%2C200 1x, https:\/\/i0.wp.com\/www.jojoenherbe.com\/wp-content\/uploads\/2024\/11\/Poussiere-Crapaud-et-Ver-de-terre-scaled.jpg?fit=1200%2C865&ssl=1&resize=525%2C300 1.5x, https:\/\/i0.wp.com\/www.jojoenherbe.com\/wp-content\/uploads\/2024\/11\/Poussiere-Crapaud-et-Ver-de-terre-scaled.jpg?fit=1200%2C865&ssl=1&resize=700%2C400 2x, https:\/\/i0.wp.com\/www.jojoenherbe.com\/wp-content\/uploads\/2024\/11\/Poussiere-Crapaud-et-Ver-de-terre-scaled.jpg?fit=1200%2C865&ssl=1&resize=1050%2C600 3x"},"classes":[]},{"id":10512,"url":"https:\/\/www.jojoenherbe.com\/index.php\/2020\/03\/19\/au-fil-des-pages-avec-le-pire-des-chevaliers\/","url_meta":{"origin":16361,"position":3},"title":"Au fil des pages avec Le pire des chevaliers","author":"Jojo","date":"19 mars 2020","format":false,"excerpt":"Nous avons emprunt\u00e9 \u00e0 la m\u00e9diath\u00e8que, il y a d\u00e9j\u00e0 quelques semaines, Le pire des chevaliers d'Anna Kemp et Sara Ogilvie (\u00e9d. Milan, 2015), un album jeunesse \u00e0 partir de 5 ans et qui a \u00e9t\u00e9 publi\u00e9 apr\u00e8s La Pire des princesses. Il \u00e9tait une fois petit crapaud, surnomm\u00e9 \"Riquiqui\"\u2026","rel":"","context":"Dans &quot;Mini lecteur&quot;","block_context":{"text":"Mini lecteur","link":"https:\/\/www.jojoenherbe.com\/index.php\/category\/mini-lecteur\/"},"img":{"alt_text":"","src":"https:\/\/i0.wp.com\/www.jojoenherbe.com\/wp-content\/uploads\/2020\/03\/Le-pire-des-chevaliers-scaled.jpg?fit=1200%2C900&ssl=1&resize=350%2C200","width":350,"height":200,"srcset":"https:\/\/i0.wp.com\/www.jojoenherbe.com\/wp-content\/uploads\/2020\/03\/Le-pire-des-chevaliers-scaled.jpg?fit=1200%2C900&ssl=1&resize=350%2C200 1x, https:\/\/i0.wp.com\/www.jojoenherbe.com\/wp-content\/uploads\/2020\/03\/Le-pire-des-chevaliers-scaled.jpg?fit=1200%2C900&ssl=1&resize=525%2C300 1.5x, https:\/\/i0.wp.com\/www.jojoenherbe.com\/wp-content\/uploads\/2020\/03\/Le-pire-des-chevaliers-scaled.jpg?fit=1200%2C900&ssl=1&resize=700%2C400 2x, https:\/\/i0.wp.com\/www.jojoenherbe.com\/wp-content\/uploads\/2020\/03\/Le-pire-des-chevaliers-scaled.jpg?fit=1200%2C900&ssl=1&resize=1050%2C600 3x"},"classes":[]},{"id":9727,"url":"https:\/\/www.jojoenherbe.com\/index.php\/2020\/01\/20\/au-fil-des-pages-avec-article-309-du-code-penal-du-jardin\/","url_meta":{"origin":16361,"position":4},"title":"Au fil des pages avec Article 309 du code p\u00e9nal du jardin","author":"Jojo","date":"20 janvier 2020","format":false,"excerpt":"Nous empruntons \u00e0 la biblioth\u00e8que Article 309 du code p\u00e9nal du jardin de Thierry Dedieu (\u00e9d. Seuil Jeunesse, 2003), un album jeunesse \u00e0 partir de 4 ans et aux illustrations bien diff\u00e9rentes que celles dont nous avait habitu\u00e9 cet auteur avec par exemple \u00c0 la recherche du P\u00e8re No\u00ebl ou\u2026","rel":"","context":"Dans &quot;Mini lecteur&quot;","block_context":{"text":"Mini lecteur","link":"https:\/\/www.jojoenherbe.com\/index.php\/category\/mini-lecteur\/"},"img":{"alt_text":"","src":"https:\/\/i0.wp.com\/www.jojoenherbe.com\/wp-content\/uploads\/2020\/01\/Article-309-du-code-p%C3%A9nal-du-jardin-scaled.jpg?fit=1052%2C1200&ssl=1&resize=350%2C200","width":350,"height":200,"srcset":"https:\/\/i0.wp.com\/www.jojoenherbe.com\/wp-content\/uploads\/2020\/01\/Article-309-du-code-p%C3%A9nal-du-jardin-scaled.jpg?fit=1052%2C1200&ssl=1&resize=350%2C200 1x, https:\/\/i0.wp.com\/www.jojoenherbe.com\/wp-content\/uploads\/2020\/01\/Article-309-du-code-p%C3%A9nal-du-jardin-scaled.jpg?fit=1052%2C1200&ssl=1&resize=525%2C300 1.5x, https:\/\/i0.wp.com\/www.jojoenherbe.com\/wp-content\/uploads\/2020\/01\/Article-309-du-code-p%C3%A9nal-du-jardin-scaled.jpg?fit=1052%2C1200&ssl=1&resize=700%2C400 2x, https:\/\/i0.wp.com\/www.jojoenherbe.com\/wp-content\/uploads\/2020\/01\/Article-309-du-code-p%C3%A9nal-du-jardin-scaled.jpg?fit=1052%2C1200&ssl=1&resize=1050%2C600 3x"},"classes":[]},{"id":27740,"url":"https:\/\/www.jojoenherbe.com\/index.php\/2022\/09\/26\/point-lecture-hebdomadaire-60\/","url_meta":{"origin":16361,"position":5},"title":"Point lecture hebdomadaire #60","author":"Jojo","date":"26 septembre 2022","format":false,"excerpt":"En ce d\u00e9but de semaine, voici notre point lecture hebdomadaire avec un retour sur nos lectures de la semaine derni\u00e8re (mais pas nos relectures) et notre lecture en cours, avec une pr\u00e9dominante pour les lectures automnales et halloweenesques, l'automne \u00e9tant arriv\u00e9 et le challenge Halloween de Hilde et Lou ayant\u2026","rel":"","context":"Dans &quot;Mini blogueur&quot;","block_context":{"text":"Mini blogueur","link":"https:\/\/www.jojoenherbe.com\/index.php\/category\/mini-blogueur\/"},"img":{"alt_text":"","src":"https:\/\/i0.wp.com\/www.jojoenherbe.com\/wp-content\/uploads\/2022\/09\/Point-lecture-hebdo-60-scaled.jpg?fit=1200%2C771&ssl=1&resize=350%2C200","width":350,"height":200,"srcset":"https:\/\/i0.wp.com\/www.jojoenherbe.com\/wp-content\/uploads\/2022\/09\/Point-lecture-hebdo-60-scaled.jpg?fit=1200%2C771&ssl=1&resize=350%2C200 1x, https:\/\/i0.wp.com\/www.jojoenherbe.com\/wp-content\/uploads\/2022\/09\/Point-lecture-hebdo-60-scaled.jpg?fit=1200%2C771&ssl=1&resize=525%2C300 1.5x, https:\/\/i0.wp.com\/www.jojoenherbe.com\/wp-content\/uploads\/2022\/09\/Point-lecture-hebdo-60-scaled.jpg?fit=1200%2C771&ssl=1&resize=700%2C400 2x, https:\/\/i0.wp.com\/www.jojoenherbe.com\/wp-content\/uploads\/2022\/09\/Point-lecture-hebdo-60-scaled.jpg?fit=1200%2C771&ssl=1&resize=1050%2C600 3x"},"classes":[]}],"_links":{"self":[{"href":"https:\/\/www.jojoenherbe.com\/index.php\/wp-json\/wp\/v2\/posts\/16361","targetHints":{"allow":["GET"]}}],"collection":[{"href":"https:\/\/www.jojoenherbe.com\/index.php\/wp-json\/wp\/v2\/posts"}],"about":[{"href":"https:\/\/www.jojoenherbe.com\/index.php\/wp-json\/wp\/v2\/types\/post"}],"author":[{"embeddable":true,"href":"https:\/\/www.jojoenherbe.com\/index.php\/wp-json\/wp\/v2\/users\/1"}],"replies":[{"embeddable":true,"href":"https:\/\/www.jojoenherbe.com\/index.php\/wp-json\/wp\/v2\/comments?post=16361"}],"version-history":[{"count":0,"href":"https:\/\/www.jojoenherbe.com\/index.php\/wp-json\/wp\/v2\/posts\/16361\/revisions"}],"wp:featuredmedia":[{"embeddable":true,"href":"https:\/\/www.jojoenherbe.com\/index.php\/wp-json\/wp\/v2\/media\/16366"}],"wp:attachment":[{"href":"https:\/\/www.jojoenherbe.com\/index.php\/wp-json\/wp\/v2\/media?parent=16361"}],"wp:term":[{"taxonomy":"category","embeddable":true,"href":"https:\/\/www.jojoenherbe.com\/index.php\/wp-json\/wp\/v2\/categories?post=16361"},{"taxonomy":"post_tag","embeddable":true,"href":"https:\/\/www.jojoenherbe.com\/index.php\/wp-json\/wp\/v2\/tags?post=16361"}],"curies":[{"name":"wp","href":"https:\/\/api.w.org\/{rel}","templated":true}]}}