{"id":16295,"date":"2021-03-07T21:29:09","date_gmt":"2021-03-07T20:29:09","guid":{"rendered":"http:\/\/www.jojoenherbe.com\/?p=16295"},"modified":"2021-03-08T09:35:00","modified_gmt":"2021-03-08T08:35:00","slug":"troisieme-alphabet-des-animaux-b-comme-belette","status":"publish","type":"post","link":"https:\/\/www.jojoenherbe.com\/index.php\/2021\/03\/07\/troisieme-alphabet-des-animaux-b-comme-belette\/","title":{"rendered":"Troisi\u00e8me alphabet des animaux: B comme Belette"},"content":{"rendered":"<p style=\"text-align: justify;\"><em>Pour la semaine 47 de mon challenge de l&rsquo;alphabet des animaux illustr\u00e9s sur Instagram <a href=\"https:\/\/www.instagram.com\/jojoenherbe\/\">#jojoenherbeetcieillustre<\/a> qui associe la premi\u00e8re lettre d&rsquo;un animal avec une illustration tir\u00e9e de la litt\u00e9rature jeunesse en suivant l&rsquo;ordre de l&rsquo;alphabet, il s&rsquo;agit du B comme Belette. Alors voici notre s\u00e9lection de belettes qui sera mise \u00e0 jour au fur-et-\u00e0-mesure de nos lectures.<\/em><\/p>\n<ul>\n<li style=\"text-align: justify;\"><em><a href=\"https:\/\/i0.wp.com\/www.jojoenherbe.com\/wp-content\/uploads\/2021\/02\/Pas-de-panique-Belette-scaled.jpg\"><img data-recalc-dims=\"1\" loading=\"lazy\" decoding=\"async\" data-attachment-id=\"15475\" data-permalink=\"https:\/\/www.jojoenherbe.com\/index.php\/2021\/01\/31\/deuxieme-alphabet-des-animaux-t-comme-taupe\/pas-de-panique-belette-5\/\" data-orig-file=\"https:\/\/i0.wp.com\/www.jojoenherbe.com\/wp-content\/uploads\/2021\/02\/Pas-de-panique-Belette-scaled.jpg?fit=2560%2C1920&amp;ssl=1\" data-orig-size=\"2560,1920\" data-comments-opened=\"1\" data-image-meta=\"{&quot;aperture&quot;:&quot;1.8&quot;,&quot;credit&quot;:&quot;&quot;,&quot;camera&quot;:&quot;iPhone 7&quot;,&quot;caption&quot;:&quot;&quot;,&quot;created_timestamp&quot;:&quot;1612192899&quot;,&quot;copyright&quot;:&quot;&quot;,&quot;focal_length&quot;:&quot;3.99&quot;,&quot;iso&quot;:&quot;100&quot;,&quot;shutter_speed&quot;:&quot;0.14285714285714&quot;,&quot;title&quot;:&quot;&quot;,&quot;orientation&quot;:&quot;1&quot;}\" data-image-title=\"Pas de panique, Belette!\" data-image-description=\"\" data-image-caption=\"\" data-large-file=\"https:\/\/i0.wp.com\/www.jojoenherbe.com\/wp-content\/uploads\/2021\/02\/Pas-de-panique-Belette-scaled.jpg?fit=676%2C507&amp;ssl=1\" class=\"alignleft size-thumbnail wp-image-15475\" src=\"https:\/\/i0.wp.com\/www.jojoenherbe.com\/wp-content\/uploads\/2021\/02\/Pas-de-panique-Belette.jpg?resize=150%2C150\" alt=\"\" width=\"150\" height=\"150\" srcset=\"https:\/\/i0.wp.com\/www.jojoenherbe.com\/wp-content\/uploads\/2021\/02\/Pas-de-panique-Belette-scaled.jpg?resize=150%2C150&amp;ssl=1 150w, https:\/\/i0.wp.com\/www.jojoenherbe.com\/wp-content\/uploads\/2021\/02\/Pas-de-panique-Belette-scaled.jpg?zoom=2&amp;resize=150%2C150 300w, https:\/\/i0.wp.com\/www.jojoenherbe.com\/wp-content\/uploads\/2021\/02\/Pas-de-panique-Belette-scaled.jpg?zoom=3&amp;resize=150%2C150 450w\" sizes=\"auto, (max-width: 150px) 100vw, 150px\" \/><\/a> <a href=\"https:\/\/i0.wp.com\/www.jojoenherbe.com\/wp-content\/uploads\/2021\/03\/Pas-de-panique-Belette-4-scaled.jpg\"><img data-recalc-dims=\"1\" loading=\"lazy\" decoding=\"async\" data-attachment-id=\"16297\" data-permalink=\"https:\/\/www.jojoenherbe.com\/index.php\/2021\/03\/07\/troisieme-alphabet-des-animaux-b-comme-belette\/pas-de-panique-belette-4-2\/\" data-orig-file=\"https:\/\/i0.wp.com\/www.jojoenherbe.com\/wp-content\/uploads\/2021\/03\/Pas-de-panique-Belette-4-scaled.jpg?fit=2560%2C1920&amp;ssl=1\" data-orig-size=\"2560,1920\" data-comments-opened=\"1\" data-image-meta=\"{&quot;aperture&quot;:&quot;1.8&quot;,&quot;credit&quot;:&quot;&quot;,&quot;camera&quot;:&quot;iPhone 7&quot;,&quot;caption&quot;:&quot;&quot;,&quot;created_timestamp&quot;:&quot;1614591292&quot;,&quot;copyright&quot;:&quot;&quot;,&quot;focal_length&quot;:&quot;3.99&quot;,&quot;iso&quot;:&quot;32&quot;,&quot;shutter_speed&quot;:&quot;0.03030303030303&quot;,&quot;title&quot;:&quot;&quot;,&quot;orientation&quot;:&quot;1&quot;}\" data-image-title=\"Pas de panique, Belette! 4\" data-image-description=\"\" data-image-caption=\"\" data-large-file=\"https:\/\/i0.wp.com\/www.jojoenherbe.com\/wp-content\/uploads\/2021\/03\/Pas-de-panique-Belette-4-scaled.jpg?fit=676%2C507&amp;ssl=1\" class=\"alignleft size-thumbnail wp-image-16297\" src=\"https:\/\/i0.wp.com\/www.jojoenherbe.com\/wp-content\/uploads\/2021\/03\/Pas-de-panique-Belette-4.jpg?resize=150%2C150\" alt=\"\" width=\"150\" height=\"150\" srcset=\"https:\/\/i0.wp.com\/www.jojoenherbe.com\/wp-content\/uploads\/2021\/03\/Pas-de-panique-Belette-4-scaled.jpg?resize=150%2C150&amp;ssl=1 150w, https:\/\/i0.wp.com\/www.jojoenherbe.com\/wp-content\/uploads\/2021\/03\/Pas-de-panique-Belette-4-scaled.jpg?zoom=2&amp;resize=150%2C150 300w, https:\/\/i0.wp.com\/www.jojoenherbe.com\/wp-content\/uploads\/2021\/03\/Pas-de-panique-Belette-4-scaled.jpg?zoom=3&amp;resize=150%2C150 450w\" sizes=\"auto, (max-width: 150px) 100vw, 150px\" \/><\/a>la belette de <a href=\"http:\/\/www.jojoenherbe.com\/index.php\/2020\/09\/22\/au-fil-des-pages-avec-pas-de-panique-belette\/\"><span style=\"text-decoration: underline;\">Pas de panique, Belette!<\/span><\/a> de Ciara Gavin et Tim Warnes (\u00e9d. Mijade, 2020), un album jeunesse \u00e0 partir de 4 ans. <br><\/em><\/li>\n<li style=\"text-align: justify;\"><em><a href=\"https:\/\/i0.wp.com\/www.jojoenherbe.com\/wp-content\/uploads\/2021\/03\/Deux-pour-moi-Un-pour-toi-scaled.jpg\"><img data-recalc-dims=\"1\" loading=\"lazy\" decoding=\"async\" data-attachment-id=\"16225\" data-permalink=\"https:\/\/www.jojoenherbe.com\/index.php\/2021\/03\/03\/au-fil-des-pages-avec-deux-pour-moi-un-pour-toi\/deux-pour-moi-un-pour-toi\/\" data-orig-file=\"https:\/\/i0.wp.com\/www.jojoenherbe.com\/wp-content\/uploads\/2021\/03\/Deux-pour-moi-Un-pour-toi-scaled.jpg?fit=2560%2C1920&amp;ssl=1\" data-orig-size=\"2560,1920\" data-comments-opened=\"1\" data-image-meta=\"{&quot;aperture&quot;:&quot;1.8&quot;,&quot;credit&quot;:&quot;&quot;,&quot;camera&quot;:&quot;iPhone 7&quot;,&quot;caption&quot;:&quot;&quot;,&quot;created_timestamp&quot;:&quot;1614787218&quot;,&quot;copyright&quot;:&quot;&quot;,&quot;focal_length&quot;:&quot;3.99&quot;,&quot;iso&quot;:&quot;100&quot;,&quot;shutter_speed&quot;:&quot;0.16666666666667&quot;,&quot;title&quot;:&quot;&quot;,&quot;orientation&quot;:&quot;1&quot;}\" data-image-title=\"Deux pour moi Un pour toi\" data-image-description=\"\" data-image-caption=\"\" data-large-file=\"https:\/\/i0.wp.com\/www.jojoenherbe.com\/wp-content\/uploads\/2021\/03\/Deux-pour-moi-Un-pour-toi-scaled.jpg?fit=676%2C507&amp;ssl=1\" class=\"size-thumbnail wp-image-16225 alignright\" src=\"https:\/\/i0.wp.com\/www.jojoenherbe.com\/wp-content\/uploads\/2021\/03\/Deux-pour-moi-Un-pour-toi.jpg?resize=150%2C150\" alt=\"\" width=\"150\" height=\"150\" srcset=\"https:\/\/i0.wp.com\/www.jojoenherbe.com\/wp-content\/uploads\/2021\/03\/Deux-pour-moi-Un-pour-toi-scaled.jpg?resize=150%2C150&amp;ssl=1 150w, https:\/\/i0.wp.com\/www.jojoenherbe.com\/wp-content\/uploads\/2021\/03\/Deux-pour-moi-Un-pour-toi-scaled.jpg?zoom=2&amp;resize=150%2C150 300w, https:\/\/i0.wp.com\/www.jojoenherbe.com\/wp-content\/uploads\/2021\/03\/Deux-pour-moi-Un-pour-toi-scaled.jpg?zoom=3&amp;resize=150%2C150 450w\" sizes=\"auto, (max-width: 150px) 100vw, 150px\" \/><\/a> <a href=\"https:\/\/i0.wp.com\/www.jojoenherbe.com\/wp-content\/uploads\/2021\/02\/Deux-pour-toi-Un-pour-moi-2-scaled.jpg\"><img data-recalc-dims=\"1\" loading=\"lazy\" decoding=\"async\" data-attachment-id=\"15771\" data-permalink=\"https:\/\/www.jojoenherbe.com\/index.php\/2021\/02\/13\/rat-gourmand-de-saint-valentin-2021\/deux-pour-toi-un-pour-moi-2\/\" data-orig-file=\"https:\/\/i0.wp.com\/www.jojoenherbe.com\/wp-content\/uploads\/2021\/02\/Deux-pour-toi-Un-pour-moi-2-scaled.jpg?fit=2560%2C1920&amp;ssl=1\" data-orig-size=\"2560,1920\" data-comments-opened=\"1\" data-image-meta=\"{&quot;aperture&quot;:&quot;1.8&quot;,&quot;credit&quot;:&quot;&quot;,&quot;camera&quot;:&quot;iPhone 7&quot;,&quot;caption&quot;:&quot;&quot;,&quot;created_timestamp&quot;:&quot;1613250643&quot;,&quot;copyright&quot;:&quot;&quot;,&quot;focal_length&quot;:&quot;3.99&quot;,&quot;iso&quot;:&quot;100&quot;,&quot;shutter_speed&quot;:&quot;0.071428571428571&quot;,&quot;title&quot;:&quot;&quot;,&quot;orientation&quot;:&quot;1&quot;}\" data-image-title=\"Deux pour toi Un pour moi 2\" data-image-description=\"\" data-image-caption=\"\" data-large-file=\"https:\/\/i0.wp.com\/www.jojoenherbe.com\/wp-content\/uploads\/2021\/02\/Deux-pour-toi-Un-pour-moi-2-scaled.jpg?fit=676%2C507&amp;ssl=1\" class=\"size-thumbnail wp-image-15771 alignright\" src=\"https:\/\/i0.wp.com\/www.jojoenherbe.com\/wp-content\/uploads\/2021\/02\/Deux-pour-toi-Un-pour-moi-2.jpg?resize=150%2C150\" alt=\"\" width=\"150\" height=\"150\" srcset=\"https:\/\/i0.wp.com\/www.jojoenherbe.com\/wp-content\/uploads\/2021\/02\/Deux-pour-toi-Un-pour-moi-2-scaled.jpg?resize=150%2C150&amp;ssl=1 150w, https:\/\/i0.wp.com\/www.jojoenherbe.com\/wp-content\/uploads\/2021\/02\/Deux-pour-toi-Un-pour-moi-2-scaled.jpg?zoom=2&amp;resize=150%2C150 300w, https:\/\/i0.wp.com\/www.jojoenherbe.com\/wp-content\/uploads\/2021\/02\/Deux-pour-toi-Un-pour-moi-2-scaled.jpg?zoom=3&amp;resize=150%2C150 450w\" sizes=\"auto, (max-width: 150px) 100vw, 150px\" \/><\/a> la belette de <a href=\"http:\/\/www.jojoenherbe.com\/index.php\/2021\/03\/03\/au-fil-des-pages-avec-deux-pour-moi-un-pour-toi\/\"><span style=\"text-decoration: underline;\">Deux pour moi, Un pour toi<\/span><\/a> de J\u00f6rg M\u00fchle (\u00e9d. L\u2019\u00e9cole des loisirs, coll. Minimax, 2021), un album jeunesse \u00e0 partir de 3 ans.<\/em><\/li>\n<\/ul>\n\n\n<p><\/p>\n","protected":false},"excerpt":{"rendered":"<p>Pour la semaine 47 de mon challenge de l&rsquo;alphabet des animaux illustr\u00e9s sur Instagram #jojoenherbeetcieillustre qui associe la premi\u00e8re lettre d&rsquo;un animal avec une illustration tir\u00e9e de la litt\u00e9rature jeunesse en suivant l&rsquo;ordre de l&rsquo;alphabet, il s&rsquo;agit du B comme Belette. Alors voici notre s\u00e9lection de belettes qui sera mise \u00e0 jour au fur-et-\u00e0-mesure de [&hellip;]<\/p>\n","protected":false},"author":1,"featured_media":16338,"comment_status":"open","ping_status":"open","sticky":false,"template":"","format":"standard","meta":{"jetpack_post_was_ever_published":false,"_jetpack_newsletter_access":"","_jetpack_dont_email_post_to_subs":false,"_jetpack_newsletter_tier_id":0,"_jetpack_memberships_contains_paywalled_content":false,"_jetpack_memberships_contains_paid_content":false,"footnotes":""},"categories":[873,363],"tags":[409,1892,1785,1431,1430,2265,367],"class_list":["post-16295","post","type-post","status-publish","format-standard","has-post-thumbnail","hentry","category-mini-challenger","category-mini-lecteur","tag-albums-jeunesse","tag-alphabet-des-animaux","tag-belette","tag-illustration-jeunesse","tag-jojoenherbeetcieillustre","tag-jorg-muhle","tag-lecture-jeunesse","post-preview"],"jetpack_featured_media_url":"https:\/\/i0.wp.com\/www.jojoenherbe.com\/wp-content\/uploads\/2021\/03\/Selection-Belette-scaled.jpg?fit=2560%2C1920&ssl=1","jetpack_sharing_enabled":true,"jetpack_shortlink":"https:\/\/wp.me\/p9zhGx-4eP","jetpack_likes_enabled":true,"jetpack-related-posts":[{"id":15470,"url":"https:\/\/www.jojoenherbe.com\/index.php\/2021\/01\/31\/deuxieme-alphabet-des-animaux-t-comme-taupe\/","url_meta":{"origin":16295,"position":0},"title":"Deuxi\u00e8me alphabet des animaux: T comme Taupe","author":"Jojo","date":"31 janvier 2021","format":false,"excerpt":"Pour la semaine 42 de mon challenge de l'alphabet des animaux illustr\u00e9s sur Instagram #jojoenherbeetcieillustre qui associe la premi\u00e8re lettre d'un animal avec une illustration tir\u00e9e de la litt\u00e9rature jeunesse en suivant l'ordre de l'alphabet, il s'agit du T comme Taupe. Alors voici notre s\u00e9lection de taupes qui sera mise\u2026","rel":"","context":"Dans &quot;Mini challenger&quot;","block_context":{"text":"Mini challenger","link":"https:\/\/www.jojoenherbe.com\/index.php\/category\/mini-challenger\/"},"img":{"alt_text":"","src":"https:\/\/i0.wp.com\/www.jojoenherbe.com\/wp-content\/uploads\/2021\/02\/Selection-Taupe-scaled.jpg?fit=1200%2C864&ssl=1&resize=350%2C200","width":350,"height":200,"srcset":"https:\/\/i0.wp.com\/www.jojoenherbe.com\/wp-content\/uploads\/2021\/02\/Selection-Taupe-scaled.jpg?fit=1200%2C864&ssl=1&resize=350%2C200 1x, https:\/\/i0.wp.com\/www.jojoenherbe.com\/wp-content\/uploads\/2021\/02\/Selection-Taupe-scaled.jpg?fit=1200%2C864&ssl=1&resize=525%2C300 1.5x, https:\/\/i0.wp.com\/www.jojoenherbe.com\/wp-content\/uploads\/2021\/02\/Selection-Taupe-scaled.jpg?fit=1200%2C864&ssl=1&resize=700%2C400 2x, https:\/\/i0.wp.com\/www.jojoenherbe.com\/wp-content\/uploads\/2021\/02\/Selection-Taupe-scaled.jpg?fit=1200%2C864&ssl=1&resize=1050%2C600 3x"},"classes":[]},{"id":15643,"url":"https:\/\/www.jojoenherbe.com\/index.php\/2021\/02\/07\/deuxieme-alphabet-des-animaux-u-comme-unau\/","url_meta":{"origin":16295,"position":1},"title":"Deuxi\u00e8me alphabet des animaux: U comme Unau","author":"Jojo","date":"7 f\u00e9vrier 2021","format":false,"excerpt":"Pour la semaine 43 de mon challenge de l'alphabet des animaux illustr\u00e9s sur Instagram #jojoenherbeetcieillustre qui associe la premi\u00e8re lettre d'un animal avec une illustration tir\u00e9e de la litt\u00e9rature jeunesse en suivant l'ordre de l'alphabet, il s'agit du U comme unau. Il n'a pas \u00e9t\u00e9 simple d'en trouver un, cet\u2026","rel":"","context":"Dans &quot;Mini challenger&quot;","block_context":{"text":"Mini challenger","link":"https:\/\/www.jojoenherbe.com\/index.php\/category\/mini-challenger\/"},"img":{"alt_text":"","src":"https:\/\/i0.wp.com\/www.jojoenherbe.com\/wp-content\/uploads\/2021\/02\/A-B-C-bestiaire-2-150x150.jpg?resize=350%2C200","width":350,"height":200},"classes":[]},{"id":15959,"url":"https:\/\/www.jojoenherbe.com\/index.php\/2021\/02\/21\/deuxieme-alphabet-des-animaux-w-comme-wapiti\/","url_meta":{"origin":16295,"position":2},"title":"Deuxi\u00e8me alphabet des animaux: W comme Wapiti","author":"Jojo","date":"21 f\u00e9vrier 2021","format":false,"excerpt":"Pour la semaine 45 de mon challenge de l'alphabet des animaux illustr\u00e9s sur Instagram #jojoenherbeetcieillustre qui associe la premi\u00e8re lettre d'un animal avec une illustration tir\u00e9e de la litt\u00e9rature jeunesse en suivant l'ordre de l'alphabet, il s'agit du W comme Wapiti. Alors voici notre s\u00e9lection de wapitis qui sera mise\u2026","rel":"","context":"Dans &quot;Mini challenger&quot;","block_context":{"text":"Mini challenger","link":"https:\/\/www.jojoenherbe.com\/index.php\/category\/mini-challenger\/"},"img":{"alt_text":"","src":"https:\/\/i0.wp.com\/www.jojoenherbe.com\/wp-content\/uploads\/2021\/02\/LABC-150x150.jpg?resize=350%2C200","width":350,"height":200},"classes":[]},{"id":14974,"url":"https:\/\/www.jojoenherbe.com\/index.php\/2021\/01\/10\/deuxieme-alphabet-des-animaux-p-comme-panda\/","url_meta":{"origin":16295,"position":3},"title":"Deuxi\u00e8me alphabet des animaux: P comme Panda","author":"Jojo","date":"10 janvier 2021","format":false,"excerpt":"Pour la semaine 39 de mon challenge de l'alphabet des animaux illustr\u00e9s sur Instagram #jojoenherbeetcieillustre qui associe la premi\u00e8re lettre d'un animal avec une illustration tir\u00e9e de la litt\u00e9rature jeunesse en suivant l'ordre de l'alphabet, il s'agit du P comme Panda. Alors voici notre s\u00e9lection de pandas qui sera mise\u2026","rel":"","context":"Dans &quot;Mini challenger&quot;","block_context":{"text":"Mini challenger","link":"https:\/\/www.jojoenherbe.com\/index.php\/category\/mini-challenger\/"},"img":{"alt_text":"","src":"https:\/\/i0.wp.com\/www.jojoenherbe.com\/wp-content\/uploads\/2020\/10\/Les-fantomes-Zen-150x150.jpg?resize=350%2C200","width":350,"height":200},"classes":[]},{"id":16668,"url":"https:\/\/www.jojoenherbe.com\/index.php\/2021\/03\/21\/troisieme-alphabet-des-animaux-d-comme-dromadaire\/","url_meta":{"origin":16295,"position":4},"title":"Troisi\u00e8me alphabet des animaux: D comme Dromadaire","author":"Jojo","date":"21 mars 2021","format":false,"excerpt":"Pour la semaine 49 de mon challenge de l'alphabet des animaux illustr\u00e9s sur Instagram #jojoenherbeetcieillustre qui associe la premi\u00e8re lettre d'un animal avec une illustration tir\u00e9e de la litt\u00e9rature jeunesse en suivant l'ordre de l'alphabet, il s'agit du D comme Dromadaire. Alors voici notre s\u00e9lection de dromadaires qui sera mise\u2026","rel":"","context":"Dans &quot;Mini challenger&quot;","block_context":{"text":"Mini challenger","link":"https:\/\/www.jojoenherbe.com\/index.php\/category\/mini-challenger\/"},"img":{"alt_text":"","src":"https:\/\/i0.wp.com\/www.jojoenherbe.com\/wp-content\/uploads\/2021\/03\/Selection-Dromadaires-scaled.jpg?fit=1200%2C900&ssl=1&resize=350%2C200","width":350,"height":200,"srcset":"https:\/\/i0.wp.com\/www.jojoenherbe.com\/wp-content\/uploads\/2021\/03\/Selection-Dromadaires-scaled.jpg?fit=1200%2C900&ssl=1&resize=350%2C200 1x, https:\/\/i0.wp.com\/www.jojoenherbe.com\/wp-content\/uploads\/2021\/03\/Selection-Dromadaires-scaled.jpg?fit=1200%2C900&ssl=1&resize=525%2C300 1.5x, https:\/\/i0.wp.com\/www.jojoenherbe.com\/wp-content\/uploads\/2021\/03\/Selection-Dromadaires-scaled.jpg?fit=1200%2C900&ssl=1&resize=700%2C400 2x, https:\/\/i0.wp.com\/www.jojoenherbe.com\/wp-content\/uploads\/2021\/03\/Selection-Dromadaires-scaled.jpg?fit=1200%2C900&ssl=1&resize=1050%2C600 3x"},"classes":[]},{"id":15828,"url":"https:\/\/www.jojoenherbe.com\/index.php\/2021\/02\/14\/deuxieme-alphabet-des-animaux-v-comme-ver-de-terre\/","url_meta":{"origin":16295,"position":5},"title":"Deuxi\u00e8me alphabet des animaux: V comme Ver de terre","author":"Jojo","date":"14 f\u00e9vrier 2021","format":false,"excerpt":"Pour la semaine 44 de mon challenge de l'alphabet des animaux illustr\u00e9s sur Instagram #jojoenherbeetcieillustre qui associe la premi\u00e8re lettre d'un animal avec une illustration tir\u00e9e de la litt\u00e9rature jeunesse en suivant l'ordre de l'alphabet, il s'agit du V comme Ver de terre. Alors voici notre s\u00e9lection de vers de\u2026","rel":"","context":"Dans &quot;Mini challenger&quot;","block_context":{"text":"Mini challenger","link":"https:\/\/www.jojoenherbe.com\/index.php\/category\/mini-challenger\/"},"img":{"alt_text":"","src":"https:\/\/i0.wp.com\/www.jojoenherbe.com\/wp-content\/uploads\/2021\/02\/Selection-Ver-de-terre-scaled.jpg?fit=1200%2C900&ssl=1&resize=350%2C200","width":350,"height":200,"srcset":"https:\/\/i0.wp.com\/www.jojoenherbe.com\/wp-content\/uploads\/2021\/02\/Selection-Ver-de-terre-scaled.jpg?fit=1200%2C900&ssl=1&resize=350%2C200 1x, https:\/\/i0.wp.com\/www.jojoenherbe.com\/wp-content\/uploads\/2021\/02\/Selection-Ver-de-terre-scaled.jpg?fit=1200%2C900&ssl=1&resize=525%2C300 1.5x, https:\/\/i0.wp.com\/www.jojoenherbe.com\/wp-content\/uploads\/2021\/02\/Selection-Ver-de-terre-scaled.jpg?fit=1200%2C900&ssl=1&resize=700%2C400 2x, https:\/\/i0.wp.com\/www.jojoenherbe.com\/wp-content\/uploads\/2021\/02\/Selection-Ver-de-terre-scaled.jpg?fit=1200%2C900&ssl=1&resize=1050%2C600 3x"},"classes":[]}],"_links":{"self":[{"href":"https:\/\/www.jojoenherbe.com\/index.php\/wp-json\/wp\/v2\/posts\/16295","targetHints":{"allow":["GET"]}}],"collection":[{"href":"https:\/\/www.jojoenherbe.com\/index.php\/wp-json\/wp\/v2\/posts"}],"about":[{"href":"https:\/\/www.jojoenherbe.com\/index.php\/wp-json\/wp\/v2\/types\/post"}],"author":[{"embeddable":true,"href":"https:\/\/www.jojoenherbe.com\/index.php\/wp-json\/wp\/v2\/users\/1"}],"replies":[{"embeddable":true,"href":"https:\/\/www.jojoenherbe.com\/index.php\/wp-json\/wp\/v2\/comments?post=16295"}],"version-history":[{"count":0,"href":"https:\/\/www.jojoenherbe.com\/index.php\/wp-json\/wp\/v2\/posts\/16295\/revisions"}],"wp:featuredmedia":[{"embeddable":true,"href":"https:\/\/www.jojoenherbe.com\/index.php\/wp-json\/wp\/v2\/media\/16338"}],"wp:attachment":[{"href":"https:\/\/www.jojoenherbe.com\/index.php\/wp-json\/wp\/v2\/media?parent=16295"}],"wp:term":[{"taxonomy":"category","embeddable":true,"href":"https:\/\/www.jojoenherbe.com\/index.php\/wp-json\/wp\/v2\/categories?post=16295"},{"taxonomy":"post_tag","embeddable":true,"href":"https:\/\/www.jojoenherbe.com\/index.php\/wp-json\/wp\/v2\/tags?post=16295"}],"curies":[{"name":"wp","href":"https:\/\/api.w.org\/{rel}","templated":true}]}}