{"id":16274,"date":"2021-03-07T13:02:39","date_gmt":"2021-03-07T12:02:39","guid":{"rendered":"http:\/\/www.jojoenherbe.com\/?p=16274"},"modified":"2021-03-07T13:02:39","modified_gmt":"2021-03-07T12:02:39","slug":"semaine-9-du-projet-52-2021-un-petit-peu-de","status":"publish","type":"post","link":"https:\/\/www.jojoenherbe.com\/index.php\/2021\/03\/07\/semaine-9-du-projet-52-2021-un-petit-peu-de\/","title":{"rendered":"Semaine 9 du Projet 52-2021: Un petit peu de&#8230;"},"content":{"rendered":"<p style=\"text-align: justify;\"><em data-rich-text-format-boundary=\"true\">Pour la semaine 9 du Projet 52-2021 de Du c\u00f4t\u00e9 de chez Ma&rsquo;, le th\u00e8me est \u00ab\u00a0<a href=\"https:\/\/ducotedechezma.wordpress.com\/2021\/03\/06\/projet-52-2021-semaine-9-un-petit-peu-de\/\">Un petit peu de&#8230;<\/a>\u00ab\u00a0. Voici une photo d&rsquo;un petit peu de notre jardini\u00e8re, les premiers crocus ayant fleuri depuis quelques jours. Il y a d&rsquo;autres violets et aussi un muscari qui ont fleuri \u00e0 c\u00f4t\u00e9 des plantes aromatiques. Un petit avant-go\u00fbt du printemps! D&rsquo;ici quelques semaines viendront s&rsquo;y ajouter des plants de tomates et des fraisiers.<br \/>\n<\/em><\/p>\n<p><img data-recalc-dims=\"1\" loading=\"lazy\" decoding=\"async\" class=\"wp-image-5951 below-entry-meta aligncenter\" src=\"https:\/\/ducotedechezma.files.wordpress.com\/2020\/12\/52-2021_liste_themes.jpg?w=982&#038;resize=408%2C339\" sizes=\"auto, (max-width: 709px) 85vw, (max-width: 909px) 67vw, (max-width: 1362px) 62vw, 840px\" srcset=\"https:\/\/ducotedechezma.files.wordpress.com\/2020\/12\/52-2021_liste_themes.jpg 982w, https:\/\/ducotedechezma.files.wordpress.com\/2020\/12\/52-2021_liste_themes.jpg?w=150 150w, https:\/\/ducotedechezma.files.wordpress.com\/2020\/12\/52-2021_liste_themes.jpg?w=300 300w, https:\/\/ducotedechezma.files.wordpress.com\/2020\/12\/52-2021_liste_themes.jpg?w=768 768w\" alt=\"\" width=\"408\" height=\"339\" data-attachment-id=\"5951\" data-permalink=\"https:\/\/ducotedechezma.wordpress.com\/52-2021_liste_themes\/\" data-orig-file=\"https:\/\/ducotedechezma.files.wordpress.com\/2020\/12\/52-2021_liste_themes.jpg\" data-orig-size=\"982,817\" data-comments-opened=\"1\" data-image-meta=\"{&quot;aperture&quot;:&quot;0&quot;,&quot;credit&quot;:&quot;&quot;,&quot;camera&quot;:&quot;&quot;,&quot;caption&quot;:&quot;&quot;,&quot;created_timestamp&quot;:&quot;0&quot;,&quot;copyright&quot;:&quot;&quot;,&quot;focal_length&quot;:&quot;0&quot;,&quot;iso&quot;:&quot;0&quot;,&quot;shutter_speed&quot;:&quot;0&quot;,&quot;title&quot;:&quot;&quot;,&quot;orientation&quot;:&quot;0&quot;}\" data-image-title=\"52-2021_liste_themes\" data-image-description=\"\" data-medium-file=\"https:\/\/ducotedechezma.files.wordpress.com\/2020\/12\/52-2021_liste_themes.jpg?w=300\" data-large-file=\"https:\/\/ducotedechezma.files.wordpress.com\/2020\/12\/52-2021_liste_themes.jpg?w=840\" \/><\/p>\n","protected":false},"excerpt":{"rendered":"<p>Pour la semaine 9 du Projet 52-2021 de Du c\u00f4t\u00e9 de chez Ma&rsquo;, le th\u00e8me est \u00ab\u00a0Un petit peu de&#8230;\u00ab\u00a0. Voici une photo d&rsquo;un petit peu de notre jardini\u00e8re, les premiers crocus ayant fleuri depuis quelques jours. Il y a d&rsquo;autres violets et aussi un muscari qui ont fleuri \u00e0 c\u00f4t\u00e9 des plantes aromatiques. Un [&hellip;]<\/p>\n","protected":false},"author":1,"featured_media":16275,"comment_status":"open","ping_status":"open","sticky":false,"template":"","format":"standard","meta":{"jetpack_post_was_ever_published":false,"_jetpack_newsletter_access":"","_jetpack_dont_email_post_to_subs":false,"_jetpack_newsletter_tier_id":0,"_jetpack_memberships_contains_paywalled_content":false,"_jetpack_memberships_contains_paid_content":false,"footnotes":""},"categories":[437],"tags":[1123,462,2270,2039],"class_list":["post-16274","post","type-post","status-publish","format-standard","has-post-thumbnail","hentry","category-mini-photographe","tag-crocus","tag-fleurs","tag-jardiniere","tag-projet-52-2021","post-preview"],"jetpack_featured_media_url":"https:\/\/i0.wp.com\/www.jojoenherbe.com\/wp-content\/uploads\/2021\/03\/fleurs-crocus-scaled.jpg?fit=2560%2C1920&ssl=1","jetpack_sharing_enabled":true,"jetpack_shortlink":"https:\/\/wp.me\/p9zhGx-4eu","jetpack_likes_enabled":true,"jetpack-related-posts":[{"id":10151,"url":"https:\/\/www.jojoenherbe.com\/index.php\/2020\/02\/22\/semaine-8-du-projet-52-2020-sauvage\/","url_meta":{"origin":16274,"position":0},"title":"Semaine 8 du Projet 52-2020: Sauvage","author":"Jojo","date":"22 f\u00e9vrier 2020","format":false,"excerpt":"Pour la semaine 8 du Projet 52-2020 de Du c\u00f4t\u00e9 de chez Ma', le th\u00e8me est \"Sauvage\". J'ai longuement h\u00e9sit\u00e9 entre faune et flore. Puis finalement j'ai choisi un petit animal sauvage que j'ai pu croiser, en mai 2009, lors d'une randonn\u00e9e de Roubion jusqu'au torrent du D\u00e9mant, en passant\u2026","rel":"","context":"Dans &quot;mini photographe&quot;","block_context":{"text":"mini photographe","link":"https:\/\/www.jojoenherbe.com\/index.php\/category\/mini-photographe\/"},"img":{"alt_text":"","src":"https:\/\/i0.wp.com\/www.jojoenherbe.com\/wp-content\/uploads\/2020\/02\/Li%C3%A8vre-variable-Vignols.jpg?fit=1200%2C900&ssl=1&resize=350%2C200","width":350,"height":200,"srcset":"https:\/\/i0.wp.com\/www.jojoenherbe.com\/wp-content\/uploads\/2020\/02\/Li%C3%A8vre-variable-Vignols.jpg?fit=1200%2C900&ssl=1&resize=350%2C200 1x, https:\/\/i0.wp.com\/www.jojoenherbe.com\/wp-content\/uploads\/2020\/02\/Li%C3%A8vre-variable-Vignols.jpg?fit=1200%2C900&ssl=1&resize=525%2C300 1.5x, https:\/\/i0.wp.com\/www.jojoenherbe.com\/wp-content\/uploads\/2020\/02\/Li%C3%A8vre-variable-Vignols.jpg?fit=1200%2C900&ssl=1&resize=700%2C400 2x, https:\/\/i0.wp.com\/www.jojoenherbe.com\/wp-content\/uploads\/2020\/02\/Li%C3%A8vre-variable-Vignols.jpg?fit=1200%2C900&ssl=1&resize=1050%2C600 3x"},"classes":[]},{"id":5322,"url":"https:\/\/www.jojoenherbe.com\/index.php\/2019\/03\/31\/un-matin-avec-le-petit-dejeuner\/","url_meta":{"origin":16274,"position":1},"title":"Un matin avec le petit d\u00e9jeuner","author":"Jojo","date":"31 mars 2019","format":false,"excerpt":"Pour la semaine 13 du Projet 52-2019 de Du C\u00f4t\u00e9 de Chez Ma\u2019, le th\u00e8me est \"Matin\". Certes, cette semaine a \u00e9t\u00e9 ponctu\u00e9e de r\u00e9veils bien matinaux qui auraient permis des photographies de coucher de lune ou de lever de soleil ou bien encore de lumi\u00e8re \u00e9clairant les arbres alentour\u2026","rel":"","context":"Dans &quot;mini photographe&quot;","block_context":{"text":"mini photographe","link":"https:\/\/www.jojoenherbe.com\/index.php\/category\/mini-photographe\/"},"img":{"alt_text":"","src":"https:\/\/i0.wp.com\/www.jojoenherbe.com\/wp-content\/uploads\/2019\/03\/matin.jpg?fit=1200%2C902&ssl=1&resize=350%2C200","width":350,"height":200,"srcset":"https:\/\/i0.wp.com\/www.jojoenherbe.com\/wp-content\/uploads\/2019\/03\/matin.jpg?fit=1200%2C902&ssl=1&resize=350%2C200 1x, https:\/\/i0.wp.com\/www.jojoenherbe.com\/wp-content\/uploads\/2019\/03\/matin.jpg?fit=1200%2C902&ssl=1&resize=525%2C300 1.5x, https:\/\/i0.wp.com\/www.jojoenherbe.com\/wp-content\/uploads\/2019\/03\/matin.jpg?fit=1200%2C902&ssl=1&resize=700%2C400 2x, https:\/\/i0.wp.com\/www.jojoenherbe.com\/wp-content\/uploads\/2019\/03\/matin.jpg?fit=1200%2C902&ssl=1&resize=1050%2C600 3x"},"classes":[]},{"id":6054,"url":"https:\/\/www.jojoenherbe.com\/index.php\/2019\/05\/25\/sur-la-route-sinueuse-des-gorges-de-la-vesubie\/","url_meta":{"origin":16274,"position":2},"title":"Sur la route sinueuse des Gorges de la V\u00e9subie","author":"Jojo","date":"25 mai 2019","format":false,"excerpt":"Ce 25 mai 2019, nous nous rendons dans la Vall\u00e9e de la V\u00e9subie et nous arr\u00eatons au niveau d'une aire de pique-nique install\u00e9e au bord de la V\u00e9subie et de ses gorges, \u00e0 quelques kilom\u00e8tres de Saint-Jean-la-Rivi\u00e8re. C'est l'occasion pour moi de prendre une photo pour la semaine 21 du\u2026","rel":"","context":"Dans &quot;Mini baladeur&quot;","block_context":{"text":"Mini baladeur","link":"https:\/\/www.jojoenherbe.com\/index.php\/category\/mini-crapahuteur\/mini-baladeur\/"},"img":{"alt_text":"","src":"https:\/\/i0.wp.com\/www.jojoenherbe.com\/wp-content\/uploads\/2019\/05\/Gorges-de-la-V%C3%A9subie.jpg?fit=1200%2C900&ssl=1&resize=350%2C200","width":350,"height":200,"srcset":"https:\/\/i0.wp.com\/www.jojoenherbe.com\/wp-content\/uploads\/2019\/05\/Gorges-de-la-V%C3%A9subie.jpg?fit=1200%2C900&ssl=1&resize=350%2C200 1x, https:\/\/i0.wp.com\/www.jojoenherbe.com\/wp-content\/uploads\/2019\/05\/Gorges-de-la-V%C3%A9subie.jpg?fit=1200%2C900&ssl=1&resize=525%2C300 1.5x, https:\/\/i0.wp.com\/www.jojoenherbe.com\/wp-content\/uploads\/2019\/05\/Gorges-de-la-V%C3%A9subie.jpg?fit=1200%2C900&ssl=1&resize=700%2C400 2x, https:\/\/i0.wp.com\/www.jojoenherbe.com\/wp-content\/uploads\/2019\/05\/Gorges-de-la-V%C3%A9subie.jpg?fit=1200%2C900&ssl=1&resize=1050%2C600 3x"},"classes":[]},{"id":36020,"url":"https:\/\/www.jojoenherbe.com\/index.php\/2024\/05\/04\/semaine-18-du-projet-52-2024-printemps\/","url_meta":{"origin":16274,"position":3},"title":"Semaine 18 du Projet 52-2024: \u00ab\u00a0Printemps\u00a0\u00bb","author":"Jojo","date":"4 mai 2024","format":false,"excerpt":"Pour la semaine 18 du Projet 52-2024 de Du c\u00f4t\u00e9 de chez Ma\u2019, le th\u00e8me est \u00ab Printemps\u00bb. J\u2019ai choisi pour illustrer ce th\u00e8me des fleurs printani\u00e8res du jardin comme le lilas et un petit curieux qui voletait de fleur en arbre avant de partir pour d'autres horizons. C'est aussi\u2026","rel":"","context":"Dans &quot;mini photographe&quot;","block_context":{"text":"mini photographe","link":"https:\/\/www.jojoenherbe.com\/index.php\/category\/mini-photographe\/"},"img":{"alt_text":"","src":"https:\/\/i0.wp.com\/www.jojoenherbe.com\/wp-content\/uploads\/2024\/05\/jardin-printemps-2024.png?fit=1080%2C1080&ssl=1&resize=350%2C200","width":350,"height":200,"srcset":"https:\/\/i0.wp.com\/www.jojoenherbe.com\/wp-content\/uploads\/2024\/05\/jardin-printemps-2024.png?fit=1080%2C1080&ssl=1&resize=350%2C200 1x, https:\/\/i0.wp.com\/www.jojoenherbe.com\/wp-content\/uploads\/2024\/05\/jardin-printemps-2024.png?fit=1080%2C1080&ssl=1&resize=525%2C300 1.5x, https:\/\/i0.wp.com\/www.jojoenherbe.com\/wp-content\/uploads\/2024\/05\/jardin-printemps-2024.png?fit=1080%2C1080&ssl=1&resize=700%2C400 2x, https:\/\/i0.wp.com\/www.jojoenherbe.com\/wp-content\/uploads\/2024\/05\/jardin-printemps-2024.png?fit=1080%2C1080&ssl=1&resize=1050%2C600 3x"},"classes":[]},{"id":10037,"url":"https:\/\/www.jojoenherbe.com\/index.php\/2020\/02\/15\/semaine-7-du-projet-52-2020-porte\/","url_meta":{"origin":16274,"position":4},"title":"Semaine 7 du Projet 52-2020: Porte","author":"Jojo","date":"15 f\u00e9vrier 2020","format":false,"excerpt":"Pour la semaine 7 du Projet 52-2020 de Du c\u00f4t\u00e9 de chez Ma', le th\u00e8me est \"Porte\", ce qui me fait penser aux portes peintes de Roubion, petit village \u00e0 flanc de falaise dans l'arri\u00e8re-pays ni\u00e7ois, sur la route du Col de la Couillole dans la vall\u00e9e de la Tin\u00e9e\u2026","rel":"","context":"Dans &quot;mini photographe&quot;","block_context":{"text":"mini photographe","link":"https:\/\/www.jojoenherbe.com\/index.php\/category\/mini-photographe\/"},"img":{"alt_text":"","src":"https:\/\/i0.wp.com\/www.jojoenherbe.com\/wp-content\/uploads\/2020\/02\/Portes-peintes-de-Roubion-scaled.jpg?fit=1200%2C756&ssl=1&resize=350%2C200","width":350,"height":200,"srcset":"https:\/\/i0.wp.com\/www.jojoenherbe.com\/wp-content\/uploads\/2020\/02\/Portes-peintes-de-Roubion-scaled.jpg?fit=1200%2C756&ssl=1&resize=350%2C200 1x, https:\/\/i0.wp.com\/www.jojoenherbe.com\/wp-content\/uploads\/2020\/02\/Portes-peintes-de-Roubion-scaled.jpg?fit=1200%2C756&ssl=1&resize=525%2C300 1.5x, https:\/\/i0.wp.com\/www.jojoenherbe.com\/wp-content\/uploads\/2020\/02\/Portes-peintes-de-Roubion-scaled.jpg?fit=1200%2C756&ssl=1&resize=700%2C400 2x, https:\/\/i0.wp.com\/www.jojoenherbe.com\/wp-content\/uploads\/2020\/02\/Portes-peintes-de-Roubion-scaled.jpg?fit=1200%2C756&ssl=1&resize=1050%2C600 3x"},"classes":[]},{"id":9546,"url":"https:\/\/www.jojoenherbe.com\/index.php\/2020\/01\/12\/semaine-2-du-projet-52-2020-debut\/","url_meta":{"origin":16274,"position":5},"title":"Semaine 2 du Projet 52-2020: D\u00e9but","author":"Jojo","date":"12 janvier 2020","format":false,"excerpt":"Pour la semaine 2 du Projet 52-2020 de Du c\u00f4t\u00e9 de chez Ma', le th\u00e8me est \"D\u00e9but\". Que de possibilit\u00e9s encore pour illustrer ce th\u00e8me inspirant! La nouvelle ann\u00e9e vient de d\u00e9buter avec la pr\u00e9sentation des v\u0153ux, mettant fin \u00e0 la p\u00e9riode de No\u00ebl. J'avais pens\u00e9 dans un premier temps\u2026","rel":"","context":"Dans &quot;mini photographe&quot;","block_context":{"text":"mini photographe","link":"https:\/\/www.jojoenherbe.com\/index.php\/category\/mini-photographe\/"},"img":{"alt_text":"","src":"https:\/\/i0.wp.com\/www.jojoenherbe.com\/wp-content\/uploads\/2020\/01\/Mimosa-Th%C3%A9oule-sur-Mer-scaled.jpg?fit=1200%2C900&ssl=1&resize=350%2C200","width":350,"height":200,"srcset":"https:\/\/i0.wp.com\/www.jojoenherbe.com\/wp-content\/uploads\/2020\/01\/Mimosa-Th%C3%A9oule-sur-Mer-scaled.jpg?fit=1200%2C900&ssl=1&resize=350%2C200 1x, https:\/\/i0.wp.com\/www.jojoenherbe.com\/wp-content\/uploads\/2020\/01\/Mimosa-Th%C3%A9oule-sur-Mer-scaled.jpg?fit=1200%2C900&ssl=1&resize=525%2C300 1.5x, https:\/\/i0.wp.com\/www.jojoenherbe.com\/wp-content\/uploads\/2020\/01\/Mimosa-Th%C3%A9oule-sur-Mer-scaled.jpg?fit=1200%2C900&ssl=1&resize=700%2C400 2x, https:\/\/i0.wp.com\/www.jojoenherbe.com\/wp-content\/uploads\/2020\/01\/Mimosa-Th%C3%A9oule-sur-Mer-scaled.jpg?fit=1200%2C900&ssl=1&resize=1050%2C600 3x"},"classes":[]}],"_links":{"self":[{"href":"https:\/\/www.jojoenherbe.com\/index.php\/wp-json\/wp\/v2\/posts\/16274","targetHints":{"allow":["GET"]}}],"collection":[{"href":"https:\/\/www.jojoenherbe.com\/index.php\/wp-json\/wp\/v2\/posts"}],"about":[{"href":"https:\/\/www.jojoenherbe.com\/index.php\/wp-json\/wp\/v2\/types\/post"}],"author":[{"embeddable":true,"href":"https:\/\/www.jojoenherbe.com\/index.php\/wp-json\/wp\/v2\/users\/1"}],"replies":[{"embeddable":true,"href":"https:\/\/www.jojoenherbe.com\/index.php\/wp-json\/wp\/v2\/comments?post=16274"}],"version-history":[{"count":0,"href":"https:\/\/www.jojoenherbe.com\/index.php\/wp-json\/wp\/v2\/posts\/16274\/revisions"}],"wp:featuredmedia":[{"embeddable":true,"href":"https:\/\/www.jojoenherbe.com\/index.php\/wp-json\/wp\/v2\/media\/16275"}],"wp:attachment":[{"href":"https:\/\/www.jojoenherbe.com\/index.php\/wp-json\/wp\/v2\/media?parent=16274"}],"wp:term":[{"taxonomy":"category","embeddable":true,"href":"https:\/\/www.jojoenherbe.com\/index.php\/wp-json\/wp\/v2\/categories?post=16274"},{"taxonomy":"post_tag","embeddable":true,"href":"https:\/\/www.jojoenherbe.com\/index.php\/wp-json\/wp\/v2\/tags?post=16274"}],"curies":[{"name":"wp","href":"https:\/\/api.w.org\/{rel}","templated":true}]}}