{"id":15631,"date":"2021-02-06T11:10:36","date_gmt":"2021-02-06T10:10:36","guid":{"rendered":"http:\/\/www.jojoenherbe.com\/?p=15631"},"modified":"2021-02-06T11:10:36","modified_gmt":"2021-02-06T10:10:36","slug":"semaine-5-du-projet-52-2021-pliages","status":"publish","type":"post","link":"https:\/\/www.jojoenherbe.com\/index.php\/2021\/02\/06\/semaine-5-du-projet-52-2021-pliages\/","title":{"rendered":"Semaine 5 du Projet 52-2021: Pliage(s)"},"content":{"rendered":"<p style=\"text-align: justify;\"><em>Pour la semaine 5 du Projet 52-2021 de Du c\u00f4t\u00e9 de chez Ma&rsquo;, le th\u00e8me est \u00ab\u00a0<a href=\"https:\/\/ducotedechezma.wordpress.com\/2021\/02\/06\/projet-52-2021-semaine-5-pliages\/\">Pliage(s)<\/a>\u00ab\u00a0. <span class=\"\">Voici une photo de nos activit\u00e9s \u00ab\u00a0cr\u00eapes party\u00a0\u00bb, la Chandeleur ayant eu lieu ce mardi. C&rsquo;est vrai qu&rsquo;au d\u00e9part le th\u00e8me de la semaine m&rsquo;a fait penser aux origamis mais j&rsquo;en avais d\u00e9j\u00e0 montr\u00e9 un lors d&rsquo;une ann\u00e9e pr\u00e9c\u00e9dente. Et puis en pliant une cr\u00eape au sucre ce matin, je me suis dit que c&rsquo;\u00e9tait une fa\u00e7on gourmande de montrer des pliages, avec aussi le d\u00e9 du jeu de cr\u00eapes qui a \u00e9t\u00e9 aussi pli\u00e9 pour le former avec une feuille de papier (un jeu de soci\u00e9t\u00e9 DIY trouv\u00e9 sur <a href=\"http:\/\/www.matchouteam.com\/2013\/04\/fabrication-dun-jeu-de-societe-autour.html\">Ma Tchou team<\/a>).<br \/>\n<\/span><\/em><\/p>\n<p style=\"text-align: justify;\"><em>A noter aussi nos deux lectures autour des cr\u00eapes avec une relecture, le tome 1 de <a href=\"http:\/\/www.jojoenherbe.com\/index.php\/2019\/04\/07\/des-crepes-avec-ptit-boule-et-bill\/\"><span style=\"text-decoration: underline;\">P\u2019tit Boule &amp; Bill, La partie de cr\u00eapes<\/span><\/a> de Laurence Gillot et Jose Luis Munuera (\u00e9d. Dargaud, 2017), une BD jeunesse pour les 3-6 ans et <span style=\"text-decoration: underline;\">Kiki, King de la banquise, fait des cr\u00eapes<\/span> de Vincent Malone et Jean-Louis Cornalba (\u00e9d. Seuil Jeunesse, 2015), un album jeunesse \u00e0 partir de 4 ans.<\/em><\/p>\n<p><img data-recalc-dims=\"1\" loading=\"lazy\" decoding=\"async\" class=\"wp-image-5951 below-entry-meta aligncenter\" src=\"https:\/\/ducotedechezma.files.wordpress.com\/2020\/12\/52-2021_liste_themes.jpg?w=982&#038;resize=408%2C339\" sizes=\"auto, (max-width: 709px) 85vw, (max-width: 909px) 67vw, (max-width: 1362px) 62vw, 840px\" srcset=\"https:\/\/ducotedechezma.files.wordpress.com\/2020\/12\/52-2021_liste_themes.jpg 982w, https:\/\/ducotedechezma.files.wordpress.com\/2020\/12\/52-2021_liste_themes.jpg?w=150 150w, https:\/\/ducotedechezma.files.wordpress.com\/2020\/12\/52-2021_liste_themes.jpg?w=300 300w, https:\/\/ducotedechezma.files.wordpress.com\/2020\/12\/52-2021_liste_themes.jpg?w=768 768w\" alt=\"\" width=\"408\" height=\"339\" data-attachment-id=\"5951\" data-permalink=\"https:\/\/ducotedechezma.wordpress.com\/52-2021_liste_themes\/\" data-orig-file=\"https:\/\/ducotedechezma.files.wordpress.com\/2020\/12\/52-2021_liste_themes.jpg\" data-orig-size=\"982,817\" data-comments-opened=\"1\" data-image-meta=\"{&quot;aperture&quot;:&quot;0&quot;,&quot;credit&quot;:&quot;&quot;,&quot;camera&quot;:&quot;&quot;,&quot;caption&quot;:&quot;&quot;,&quot;created_timestamp&quot;:&quot;0&quot;,&quot;copyright&quot;:&quot;&quot;,&quot;focal_length&quot;:&quot;0&quot;,&quot;iso&quot;:&quot;0&quot;,&quot;shutter_speed&quot;:&quot;0&quot;,&quot;title&quot;:&quot;&quot;,&quot;orientation&quot;:&quot;0&quot;}\" data-image-title=\"52-2021_liste_themes\" data-image-description=\"\" data-medium-file=\"https:\/\/ducotedechezma.files.wordpress.com\/2020\/12\/52-2021_liste_themes.jpg?w=300\" data-large-file=\"https:\/\/ducotedechezma.files.wordpress.com\/2020\/12\/52-2021_liste_themes.jpg?w=840\" \/><\/p>\n","protected":false},"excerpt":{"rendered":"<p>Pour la semaine 5 du Projet 52-2021 de Du c\u00f4t\u00e9 de chez Ma&rsquo;, le th\u00e8me est \u00ab\u00a0Pliage(s)\u00ab\u00a0. Voici une photo de nos activit\u00e9s \u00ab\u00a0cr\u00eapes party\u00a0\u00bb, la Chandeleur ayant eu lieu ce mardi. C&rsquo;est vrai qu&rsquo;au d\u00e9part le th\u00e8me de la semaine m&rsquo;a fait penser aux origamis mais j&rsquo;en avais d\u00e9j\u00e0 montr\u00e9 un lors d&rsquo;une ann\u00e9e [&hellip;]<\/p>\n","protected":false},"author":1,"featured_media":15632,"comment_status":"open","ping_status":"open","sticky":false,"template":"","format":"standard","meta":{"jetpack_post_was_ever_published":false,"_jetpack_newsletter_access":"","_jetpack_dont_email_post_to_subs":false,"_jetpack_newsletter_tier_id":0,"_jetpack_memberships_contains_paywalled_content":false,"_jetpack_memberships_contains_paid_content":false,"footnotes":""},"categories":[437],"tags":[20,409,397,9,1302,367,2163,398],"class_list":["post-15631","post","type-post","status-publish","format-standard","has-post-thumbnail","hentry","category-mini-photographe","tag-activites-pour-les-enfants","tag-albums-jeunesse","tag-crepes","tag-cuisine","tag-jeux-de-societe","tag-lecture-jeunesse","tag-pliage","tag-recettes","post-preview"],"jetpack_featured_media_url":"https:\/\/i0.wp.com\/www.jojoenherbe.com\/wp-content\/uploads\/2021\/02\/activites-crepes-scaled.jpg?fit=2560%2C1650&ssl=1","jetpack_sharing_enabled":true,"jetpack_shortlink":"https:\/\/wp.me\/p9zhGx-447","jetpack_likes_enabled":true,"jetpack-related-posts":[{"id":6160,"url":"https:\/\/www.jojoenherbe.com\/index.php\/2019\/06\/01\/comme-un-jeu-denfant\/","url_meta":{"origin":15631,"position":0},"title":"Comme un jeu d&rsquo;enfant","author":"Jojo","date":"1 juin 2019","format":false,"excerpt":"Pour la semaine 22 du Projet 52-2019 de Du C\u00f4t\u00e9 de Chez Ma\u2019,\u00a0 le th\u00e8me est \"Jeu d'enfant\". Une multitude d'id\u00e9es de photos (et les souvenirs qui vont avec) m'est venue imm\u00e9diatement \u00e0 l'esprit : mon sac de billes pr\u00e9cieusement gard\u00e9 de l'\u00e9cole primaire, un parc pour enfants avec des\u2026","rel":"","context":"Dans &quot;mini photographe&quot;","block_context":{"text":"mini photographe","link":"https:\/\/www.jojoenherbe.com\/index.php\/category\/mini-photographe\/"},"img":{"alt_text":"","src":"https:\/\/i0.wp.com\/www.jojoenherbe.com\/wp-content\/uploads\/2019\/05\/nuages-jeu-denfant.jpg?fit=1200%2C900&ssl=1&resize=350%2C200","width":350,"height":200,"srcset":"https:\/\/i0.wp.com\/www.jojoenherbe.com\/wp-content\/uploads\/2019\/05\/nuages-jeu-denfant.jpg?fit=1200%2C900&ssl=1&resize=350%2C200 1x, https:\/\/i0.wp.com\/www.jojoenherbe.com\/wp-content\/uploads\/2019\/05\/nuages-jeu-denfant.jpg?fit=1200%2C900&ssl=1&resize=525%2C300 1.5x, https:\/\/i0.wp.com\/www.jojoenherbe.com\/wp-content\/uploads\/2019\/05\/nuages-jeu-denfant.jpg?fit=1200%2C900&ssl=1&resize=700%2C400 2x, https:\/\/i0.wp.com\/www.jojoenherbe.com\/wp-content\/uploads\/2019\/05\/nuages-jeu-denfant.jpg?fit=1200%2C900&ssl=1&resize=1050%2C600 3x"},"classes":[]},{"id":6749,"url":"https:\/\/www.jojoenherbe.com\/index.php\/2019\/07\/13\/un-jeu-sensoriel-amusant-avec-des-perles-deau\/","url_meta":{"origin":15631,"position":1},"title":"Un jeu sensoriel amusant avec des perles d&rsquo;eau","author":"Jojo","date":"13 juillet 2019","format":false,"excerpt":"Cette semaine, nous avons beaucoup jou\u00e9 avec des perles d'eau, ce qui \u00e9tait vraiment tr\u00e8s amusant. Alors, pour cette semaine 28 du Projet 52-2019 de Du C\u00f4t\u00e9 de Chez Ma\u2019, ma photo est toute trouv\u00e9e pour illustrer le th\u00e8me \"Amusant\". Nous nous sommes, en effet, bien amus\u00e9s \u00e0 lib\u00e9rer les\u2026","rel":"","context":"Dans &quot;Mini joueur&quot;","block_context":{"text":"Mini joueur","link":"https:\/\/www.jojoenherbe.com\/index.php\/category\/mini-decouvreur\/mini-joueur\/"},"img":{"alt_text":"","src":"https:\/\/i0.wp.com\/www.jojoenherbe.com\/wp-content\/uploads\/2019\/07\/perles-deau-11.jpg?fit=1200%2C808&ssl=1&resize=350%2C200","width":350,"height":200,"srcset":"https:\/\/i0.wp.com\/www.jojoenherbe.com\/wp-content\/uploads\/2019\/07\/perles-deau-11.jpg?fit=1200%2C808&ssl=1&resize=350%2C200 1x, https:\/\/i0.wp.com\/www.jojoenherbe.com\/wp-content\/uploads\/2019\/07\/perles-deau-11.jpg?fit=1200%2C808&ssl=1&resize=525%2C300 1.5x, https:\/\/i0.wp.com\/www.jojoenherbe.com\/wp-content\/uploads\/2019\/07\/perles-deau-11.jpg?fit=1200%2C808&ssl=1&resize=700%2C400 2x, https:\/\/i0.wp.com\/www.jojoenherbe.com\/wp-content\/uploads\/2019\/07\/perles-deau-11.jpg?fit=1200%2C808&ssl=1&resize=1050%2C600 3x"},"classes":[]},{"id":10764,"url":"https:\/\/www.jojoenherbe.com\/index.php\/2020\/04\/19\/semaine-16-du-projet-52-2020-animaux-de-la-ferme\/","url_meta":{"origin":15631,"position":2},"title":"Semaine 16 du Projet 52-2020: Animaux de la ferme","author":"Jojo","date":"19 avril 2020","format":false,"excerpt":"Pour la semaine 16 du Projet 52-2020 de Du c\u00f4t\u00e9 de chez Ma', le th\u00e8me est \"Animaux de la ferme\". Avec cette p\u00e9riode de confinement, il n'est pas possible d'en voir de nos fen\u00eatres, pas plus que dans le p\u00e9rim\u00e8tre autoris\u00e9 de sortie. Je n'avais pas envie de piocher dans\u2026","rel":"","context":"Dans &quot;Mini joueur&quot;","block_context":{"text":"Mini joueur","link":"https:\/\/www.jojoenherbe.com\/index.php\/category\/mini-decouvreur\/mini-joueur\/"},"img":{"alt_text":"","src":"https:\/\/i0.wp.com\/www.jojoenherbe.com\/wp-content\/uploads\/2020\/04\/Animaux-de-la-ferme-2-scaled.jpg?fit=1200%2C782&ssl=1&resize=350%2C200","width":350,"height":200,"srcset":"https:\/\/i0.wp.com\/www.jojoenherbe.com\/wp-content\/uploads\/2020\/04\/Animaux-de-la-ferme-2-scaled.jpg?fit=1200%2C782&ssl=1&resize=350%2C200 1x, https:\/\/i0.wp.com\/www.jojoenherbe.com\/wp-content\/uploads\/2020\/04\/Animaux-de-la-ferme-2-scaled.jpg?fit=1200%2C782&ssl=1&resize=525%2C300 1.5x, https:\/\/i0.wp.com\/www.jojoenherbe.com\/wp-content\/uploads\/2020\/04\/Animaux-de-la-ferme-2-scaled.jpg?fit=1200%2C782&ssl=1&resize=700%2C400 2x, https:\/\/i0.wp.com\/www.jojoenherbe.com\/wp-content\/uploads\/2020\/04\/Animaux-de-la-ferme-2-scaled.jpg?fit=1200%2C782&ssl=1&resize=1050%2C600 3x"},"classes":[]},{"id":9784,"url":"https:\/\/www.jojoenherbe.com\/index.php\/2020\/01\/25\/semaine-4-du-projet-52-2020-bulles\/","url_meta":{"origin":15631,"position":3},"title":"Semaine 4 du Projet 52-2020: Bulle(s)","author":"Jojo","date":"25 janvier 2020","format":false,"excerpt":"Pour la semaine 4 du Projet 52-2020 de Du c\u00f4t\u00e9 de chez Ma', le th\u00e8me est \"Bulle(s)\". J'ai tout de suite pens\u00e9 aux bulles de savons et aux bulles des bandes dessin\u00e9es mais aussi aux bulles de verre. Ce sont ces derni\u00e8res que j'aurai voulu choisir pour illustrer le th\u00e8me\u2026","rel":"","context":"Dans &quot;mini photographe&quot;","block_context":{"text":"mini photographe","link":"https:\/\/www.jojoenherbe.com\/index.php\/category\/mini-photographe\/"},"img":{"alt_text":"","src":"https:\/\/i0.wp.com\/www.jojoenherbe.com\/wp-content\/uploads\/2020\/01\/Jojo-Bulles-de-savon-3-scaled.jpg?fit=1200%2C607&ssl=1&resize=350%2C200","width":350,"height":200,"srcset":"https:\/\/i0.wp.com\/www.jojoenherbe.com\/wp-content\/uploads\/2020\/01\/Jojo-Bulles-de-savon-3-scaled.jpg?fit=1200%2C607&ssl=1&resize=350%2C200 1x, https:\/\/i0.wp.com\/www.jojoenherbe.com\/wp-content\/uploads\/2020\/01\/Jojo-Bulles-de-savon-3-scaled.jpg?fit=1200%2C607&ssl=1&resize=525%2C300 1.5x, https:\/\/i0.wp.com\/www.jojoenherbe.com\/wp-content\/uploads\/2020\/01\/Jojo-Bulles-de-savon-3-scaled.jpg?fit=1200%2C607&ssl=1&resize=700%2C400 2x, https:\/\/i0.wp.com\/www.jojoenherbe.com\/wp-content\/uploads\/2020\/01\/Jojo-Bulles-de-savon-3-scaled.jpg?fit=1200%2C607&ssl=1&resize=1050%2C600 3x"},"classes":[]},{"id":17074,"url":"https:\/\/www.jojoenherbe.com\/index.php\/2021\/04\/05\/semaine-13-du-projet-52-2021-oeuf\/","url_meta":{"origin":15631,"position":4},"title":"Semaine 13 du Projet 52-2021: \u0152uf","author":"Jojo","date":"5 avril 2021","format":false,"excerpt":"Pour la semaine 13 du Projet 52-2021 de Du c\u00f4t\u00e9 de chez Ma', le th\u00e8me est \"\u0152uf\". Pile poil dans le th\u00e8me de ce week-end de P\u00e2ques avec les \u0153ufs en chocolat. Voici donc nos trouvailles apr\u00e8s la chasse au tr\u00e9sor de P\u00e2ques avec plein de chocolats que nous avons\u2026","rel":"","context":"Dans &quot;Mini joueur&quot;","block_context":{"text":"Mini joueur","link":"https:\/\/www.jojoenherbe.com\/index.php\/category\/mini-decouvreur\/mini-joueur\/"},"img":{"alt_text":"","src":"https:\/\/i0.wp.com\/www.jojoenherbe.com\/wp-content\/uploads\/2021\/04\/Chasse-au-tresor-de-Paques-scaled.jpg?fit=1200%2C985&ssl=1&resize=350%2C200","width":350,"height":200,"srcset":"https:\/\/i0.wp.com\/www.jojoenherbe.com\/wp-content\/uploads\/2021\/04\/Chasse-au-tresor-de-Paques-scaled.jpg?fit=1200%2C985&ssl=1&resize=350%2C200 1x, https:\/\/i0.wp.com\/www.jojoenherbe.com\/wp-content\/uploads\/2021\/04\/Chasse-au-tresor-de-Paques-scaled.jpg?fit=1200%2C985&ssl=1&resize=525%2C300 1.5x, https:\/\/i0.wp.com\/www.jojoenherbe.com\/wp-content\/uploads\/2021\/04\/Chasse-au-tresor-de-Paques-scaled.jpg?fit=1200%2C985&ssl=1&resize=700%2C400 2x, https:\/\/i0.wp.com\/www.jojoenherbe.com\/wp-content\/uploads\/2021\/04\/Chasse-au-tresor-de-Paques-scaled.jpg?fit=1200%2C985&ssl=1&resize=1050%2C600 3x"},"classes":[]},{"id":4508,"url":"https:\/\/www.jojoenherbe.com\/index.php\/2019\/02\/03\/miam-miam-des-crepes\/","url_meta":{"origin":15631,"position":5},"title":"Miam miam des cr\u00eapes!","author":"Jojo","date":"3 f\u00e9vrier 2019","format":false,"excerpt":"En ce 2 f\u00e9vrier 2019, c'est la Chandeleur: apr\u00e8s le mois des galettes des rois, voici le tour des cr\u00eapes! Avec une recette toute simple, en utilisant un robot-mixeur ou tout simplement de l'huile de coude! Pour la recette, les ingr\u00e9dients habituels pour faire des cr\u00eapes: un demi litre de\u2026","rel":"","context":"Dans &quot;Mini toque&quot;","block_context":{"text":"Mini toque","link":"https:\/\/www.jojoenherbe.com\/index.php\/category\/mini-decouvreur\/mini-toque\/"},"img":{"alt_text":"","src":"https:\/\/i0.wp.com\/www.jojoenherbe.com\/wp-content\/uploads\/2019\/02\/cr%C3%AApes-maison-3.jpg?fit=900%2C1200&ssl=1&resize=350%2C200","width":350,"height":200,"srcset":"https:\/\/i0.wp.com\/www.jojoenherbe.com\/wp-content\/uploads\/2019\/02\/cr%C3%AApes-maison-3.jpg?fit=900%2C1200&ssl=1&resize=350%2C200 1x, https:\/\/i0.wp.com\/www.jojoenherbe.com\/wp-content\/uploads\/2019\/02\/cr%C3%AApes-maison-3.jpg?fit=900%2C1200&ssl=1&resize=525%2C300 1.5x, https:\/\/i0.wp.com\/www.jojoenherbe.com\/wp-content\/uploads\/2019\/02\/cr%C3%AApes-maison-3.jpg?fit=900%2C1200&ssl=1&resize=700%2C400 2x"},"classes":[]}],"_links":{"self":[{"href":"https:\/\/www.jojoenherbe.com\/index.php\/wp-json\/wp\/v2\/posts\/15631","targetHints":{"allow":["GET"]}}],"collection":[{"href":"https:\/\/www.jojoenherbe.com\/index.php\/wp-json\/wp\/v2\/posts"}],"about":[{"href":"https:\/\/www.jojoenherbe.com\/index.php\/wp-json\/wp\/v2\/types\/post"}],"author":[{"embeddable":true,"href":"https:\/\/www.jojoenherbe.com\/index.php\/wp-json\/wp\/v2\/users\/1"}],"replies":[{"embeddable":true,"href":"https:\/\/www.jojoenherbe.com\/index.php\/wp-json\/wp\/v2\/comments?post=15631"}],"version-history":[{"count":0,"href":"https:\/\/www.jojoenherbe.com\/index.php\/wp-json\/wp\/v2\/posts\/15631\/revisions"}],"wp:featuredmedia":[{"embeddable":true,"href":"https:\/\/www.jojoenherbe.com\/index.php\/wp-json\/wp\/v2\/media\/15632"}],"wp:attachment":[{"href":"https:\/\/www.jojoenherbe.com\/index.php\/wp-json\/wp\/v2\/media?parent=15631"}],"wp:term":[{"taxonomy":"category","embeddable":true,"href":"https:\/\/www.jojoenherbe.com\/index.php\/wp-json\/wp\/v2\/categories?post=15631"},{"taxonomy":"post_tag","embeddable":true,"href":"https:\/\/www.jojoenherbe.com\/index.php\/wp-json\/wp\/v2\/tags?post=15631"}],"curies":[{"name":"wp","href":"https:\/\/api.w.org\/{rel}","templated":true}]}}