{"id":15440,"date":"2021-02-02T12:31:28","date_gmt":"2021-02-02T11:31:28","guid":{"rendered":"http:\/\/www.jojoenherbe.com\/?p=15440"},"modified":"2022-04-30T17:53:05","modified_gmt":"2022-04-30T15:53:05","slug":"notre-mois-bloguesque-de-janvier-2021","status":"publish","type":"post","link":"https:\/\/www.jojoenherbe.com\/index.php\/2021\/02\/02\/notre-mois-bloguesque-de-janvier-2021\/","title":{"rendered":"Notre mois bloguesque de janvier 2021"},"content":{"rendered":"<p style=\"text-align: justify;\"><em>Cette ann\u00e9e, j&rsquo;ai d\u00e9cid\u00e9 de r\u00e9diger des billets mensuels autour des mois \u00e9coul\u00e9s. Alors voici un petit retour bloguesque sur janvier 2021 avec beaucoup de lectures. Mais nous avons quand m\u00eame pu faire une journ\u00e9e \u00e0 la neige.<br \/>\n<\/em><\/p>\n<p style=\"text-align: justify;\"><em><a href=\"https:\/\/i0.wp.com\/www.jojoenherbe.com\/wp-content\/uploads\/2021\/01\/Larbre-a-voeux-2-scaled.jpg\"><img data-recalc-dims=\"1\" loading=\"lazy\" decoding=\"async\" data-attachment-id=\"14693\" data-permalink=\"https:\/\/www.jojoenherbe.com\/index.php\/2021\/01\/01\/au-fil-des-pages-avec-larbre-a-voeux\/larbre-a-voeux-2\/\" data-orig-file=\"https:\/\/i0.wp.com\/www.jojoenherbe.com\/wp-content\/uploads\/2021\/01\/Larbre-a-voeux-2-scaled.jpg?fit=2560%2C2012&amp;ssl=1\" data-orig-size=\"2560,2012\" data-comments-opened=\"1\" data-image-meta=\"{&quot;aperture&quot;:&quot;1.8&quot;,&quot;credit&quot;:&quot;&quot;,&quot;camera&quot;:&quot;iPhone 7&quot;,&quot;caption&quot;:&quot;&quot;,&quot;created_timestamp&quot;:&quot;1606487678&quot;,&quot;copyright&quot;:&quot;&quot;,&quot;focal_length&quot;:&quot;3.99&quot;,&quot;iso&quot;:&quot;40&quot;,&quot;shutter_speed&quot;:&quot;0.03030303030303&quot;,&quot;title&quot;:&quot;&quot;,&quot;orientation&quot;:&quot;1&quot;}\" data-image-title=\"L&amp;rsquo;arbre \u00e0 voeux 2\" data-image-description=\"\" data-image-caption=\"\" data-large-file=\"https:\/\/i0.wp.com\/www.jojoenherbe.com\/wp-content\/uploads\/2021\/01\/Larbre-a-voeux-2-scaled.jpg?fit=676%2C531&amp;ssl=1\" class=\"alignleft size-thumbnail wp-image-14693\" src=\"https:\/\/i0.wp.com\/www.jojoenherbe.com\/wp-content\/uploads\/2021\/01\/Larbre-a-voeux-2.jpg?resize=150%2C150\" alt=\"\" width=\"150\" height=\"150\" srcset=\"https:\/\/i0.wp.com\/www.jojoenherbe.com\/wp-content\/uploads\/2021\/01\/Larbre-a-voeux-2-scaled.jpg?resize=150%2C150&amp;ssl=1 150w, https:\/\/i0.wp.com\/www.jojoenherbe.com\/wp-content\/uploads\/2021\/01\/Larbre-a-voeux-2-scaled.jpg?zoom=2&amp;resize=150%2C150 300w, https:\/\/i0.wp.com\/www.jojoenherbe.com\/wp-content\/uploads\/2021\/01\/Larbre-a-voeux-2-scaled.jpg?zoom=3&amp;resize=150%2C150 450w\" sizes=\"auto, (max-width: 150px) 100vw, 150px\" \/><\/a> <a href=\"https:\/\/i0.wp.com\/www.jojoenherbe.com\/wp-content\/uploads\/2021\/01\/Michka-3-1-scaled.jpg\"><img data-recalc-dims=\"1\" loading=\"lazy\" decoding=\"async\" data-attachment-id=\"14855\" data-permalink=\"https:\/\/www.jojoenherbe.com\/index.php\/2021\/01\/05\/au-fil-des-pages-avec-michka\/michka-3-3\/\" data-orig-file=\"https:\/\/i0.wp.com\/www.jojoenherbe.com\/wp-content\/uploads\/2021\/01\/Michka-3-1-scaled.jpg?fit=2560%2C1487&amp;ssl=1\" data-orig-size=\"2560,1487\" data-comments-opened=\"1\" data-image-meta=\"{&quot;aperture&quot;:&quot;1.8&quot;,&quot;credit&quot;:&quot;&quot;,&quot;camera&quot;:&quot;iPhone 7&quot;,&quot;caption&quot;:&quot;&quot;,&quot;created_timestamp&quot;:&quot;1609862608&quot;,&quot;copyright&quot;:&quot;&quot;,&quot;focal_length&quot;:&quot;3.99&quot;,&quot;iso&quot;:&quot;100&quot;,&quot;shutter_speed&quot;:&quot;0.2&quot;,&quot;title&quot;:&quot;&quot;,&quot;orientation&quot;:&quot;1&quot;}\" data-image-title=\"Michka 3\" data-image-description=\"\" data-image-caption=\"\" data-large-file=\"https:\/\/i0.wp.com\/www.jojoenherbe.com\/wp-content\/uploads\/2021\/01\/Michka-3-1-scaled.jpg?fit=676%2C393&amp;ssl=1\" class=\"alignleft size-thumbnail wp-image-14855\" src=\"https:\/\/i0.wp.com\/www.jojoenherbe.com\/wp-content\/uploads\/2021\/01\/Michka-3-1.jpg?resize=150%2C150\" alt=\"\" width=\"150\" height=\"150\" srcset=\"https:\/\/i0.wp.com\/www.jojoenherbe.com\/wp-content\/uploads\/2021\/01\/Michka-3-1-scaled.jpg?resize=150%2C150&amp;ssl=1 150w, https:\/\/i0.wp.com\/www.jojoenherbe.com\/wp-content\/uploads\/2021\/01\/Michka-3-1-scaled.jpg?zoom=2&amp;resize=150%2C150 300w, https:\/\/i0.wp.com\/www.jojoenherbe.com\/wp-content\/uploads\/2021\/01\/Michka-3-1-scaled.jpg?zoom=3&amp;resize=150%2C150 450w\" sizes=\"auto, (max-width: 150px) 100vw, 150px\" \/><\/a>J&rsquo;ai commenc\u00e9 l&rsquo;ann\u00e9e en continuant avec les challenges de No\u00ebl:\u00a0 <a href=\"http:\/\/www.jojoenherbe.com\/index.php\/2020\/11\/10\/billet-de-suivi-il-etait-8-fois-noel\/\">Il \u00e9tait 8 fois No\u00ebl<\/a> qui s&rsquo;est fini en beaut\u00e9 avec un <a href=\"http:\/\/www.jojoenherbe.com\/index.php\/2021\/01\/02\/un-second-rat-post-noel-2020\/\">RAT les 2 et 3 janvier<\/a> et le <a href=\"http:\/\/www.jojoenherbe.com\/index.php\/2020\/11\/10\/billet-de-suivi-challenge-christmas-time-2020\/\">Challenge Christmas Time<\/a> pour chroniquer les derni\u00e8res lectures m\u00eame si finalement j&rsquo;ai lu bien plus que je n&rsquo;ai chroniqu\u00e9 et agrandi une fois de plus ma LAL de No\u00ebl pour la prochaine \u00e9dition. J&rsquo;ai ainsi prolong\u00e9 l&rsquo;ambiance de No\u00ebl en chroniquant deux lectures d\u00e9but janvier: <a href=\"http:\/\/www.jojoenherbe.com\/index.php\/2021\/01\/01\/au-fil-des-pages-avec-larbre-a-voeux\/\"><span style=\"text-decoration: underline;\">L\u2019arbre \u00e0 v\u0153ux<\/span><\/a> de Kyo Maclear et Chris Turnham (\u00e9d. Little Urban, 2017) et <a href=\"http:\/\/www.jojoenherbe.com\/index.php\/2021\/01\/05\/au-fil-des-pages-avec-michka\/\"><span style=\"text-decoration: underline;\">Michka<\/span><\/a> de Marie Colmont. Puis\u00a0 les d\u00e9corations de No\u00ebl ont \u00e9t\u00e9 rang\u00e9es.<\/em><\/p>\n<p style=\"text-align: justify;\"><img data-recalc-dims=\"1\" loading=\"lazy\" decoding=\"async\" data-attachment-id=\"14880\" data-permalink=\"https:\/\/www.jojoenherbe.com\/index.php\/2021\/01\/06\/au-fil-des-pages-avec-la-galette-et-le-roi\/la-galette-et-le-roi-2\/\" data-orig-file=\"https:\/\/i0.wp.com\/www.jojoenherbe.com\/wp-content\/uploads\/2021\/01\/La-galette-et-le-roi-2-scaled.jpg?fit=2560%2C1920&amp;ssl=1\" data-orig-size=\"2560,1920\" data-comments-opened=\"1\" data-image-meta=\"{&quot;aperture&quot;:&quot;1.8&quot;,&quot;credit&quot;:&quot;&quot;,&quot;camera&quot;:&quot;iPhone 7&quot;,&quot;caption&quot;:&quot;&quot;,&quot;created_timestamp&quot;:&quot;1609940127&quot;,&quot;copyright&quot;:&quot;&quot;,&quot;focal_length&quot;:&quot;3.99&quot;,&quot;iso&quot;:&quot;40&quot;,&quot;shutter_speed&quot;:&quot;0.058823529411765&quot;,&quot;title&quot;:&quot;&quot;,&quot;orientation&quot;:&quot;1&quot;}\" data-image-title=\"La galette et le roi 2\" data-image-description=\"\" data-image-caption=\"\" data-large-file=\"https:\/\/i0.wp.com\/www.jojoenherbe.com\/wp-content\/uploads\/2021\/01\/La-galette-et-le-roi-2-scaled.jpg?fit=676%2C507&amp;ssl=1\" class=\"size-thumbnail wp-image-14880 alignright\" src=\"https:\/\/i0.wp.com\/www.jojoenherbe.com\/wp-content\/uploads\/2021\/01\/La-galette-et-le-roi-2.jpg?resize=150%2C150\" alt=\"\" width=\"150\" height=\"150\" srcset=\"https:\/\/i0.wp.com\/www.jojoenherbe.com\/wp-content\/uploads\/2021\/01\/La-galette-et-le-roi-2-scaled.jpg?resize=150%2C150&amp;ssl=1 150w, https:\/\/i0.wp.com\/www.jojoenherbe.com\/wp-content\/uploads\/2021\/01\/La-galette-et-le-roi-2-scaled.jpg?zoom=2&amp;resize=150%2C150 300w, https:\/\/i0.wp.com\/www.jojoenherbe.com\/wp-content\/uploads\/2021\/01\/La-galette-et-le-roi-2-scaled.jpg?zoom=3&amp;resize=150%2C150 450w\" sizes=\"auto, (max-width: 150px) 100vw, 150px\" \/><em>No\u00ebl a alors laiss\u00e9 place au temps de l\u2019\u00c9piphanie. Nous avons ainsi fait des (re)lectures et des activit\u00e9s autour de la galette des rois avec aussi une nouveaut\u00e9, <a href=\"http:\/\/www.jojoenherbe.com\/index.php\/2021\/01\/06\/au-fil-des-pages-avec-la-galette-et-le-roi\/\"><span style=\"text-decoration: underline;\">La galette et le roi<\/span><\/a> de Sch\u00e9h\u00e9razade Zeboudji et Marianne Barcilon (\u00e9d. Kal\u00e9idoscope, diff. L\u2019\u00e9cole des Loisirs, 2020), un album jeunesse \u00e0 partir de 3 ans. Nous avons aussi pr\u00e9par\u00e9 une galette en suivant la recette du livre.<br \/>\n<\/em><\/p>\n<p style=\"text-align: justify;\"><em><a href=\"https:\/\/i0.wp.com\/www.jojoenherbe.com\/wp-content\/uploads\/2021\/01\/Selection-Hiver-scaled.jpg\"><img data-recalc-dims=\"1\" loading=\"lazy\" decoding=\"async\" data-attachment-id=\"14906\" data-permalink=\"https:\/\/www.jojoenherbe.com\/index.php\/2021\/01\/07\/nos-lectures-hivernales-2021\/selection-hiver\/\" data-orig-file=\"https:\/\/i0.wp.com\/www.jojoenherbe.com\/wp-content\/uploads\/2021\/01\/Selection-Hiver-scaled.jpg?fit=2560%2C1632&amp;ssl=1\" data-orig-size=\"2560,1632\" data-comments-opened=\"1\" data-image-meta=\"{&quot;aperture&quot;:&quot;1.8&quot;,&quot;credit&quot;:&quot;&quot;,&quot;camera&quot;:&quot;iPhone 7&quot;,&quot;caption&quot;:&quot;&quot;,&quot;created_timestamp&quot;:&quot;1610017914&quot;,&quot;copyright&quot;:&quot;&quot;,&quot;focal_length&quot;:&quot;3.99&quot;,&quot;iso&quot;:&quot;80&quot;,&quot;shutter_speed&quot;:&quot;0.14285714285714&quot;,&quot;title&quot;:&quot;&quot;,&quot;orientation&quot;:&quot;0&quot;}\" data-image-title=\"S\u00e9lection Hiver\" data-image-description=\"\" data-image-caption=\"\" data-large-file=\"https:\/\/i0.wp.com\/www.jojoenherbe.com\/wp-content\/uploads\/2021\/01\/Selection-Hiver-scaled.jpg?fit=676%2C431&amp;ssl=1\" class=\"alignleft size-thumbnail wp-image-14906\" src=\"https:\/\/i0.wp.com\/www.jojoenherbe.com\/wp-content\/uploads\/2021\/01\/Selection-Hiver.jpg?resize=150%2C150\" alt=\"\" width=\"150\" height=\"150\" srcset=\"https:\/\/i0.wp.com\/www.jojoenherbe.com\/wp-content\/uploads\/2021\/01\/Selection-Hiver-scaled.jpg?resize=150%2C150&amp;ssl=1 150w, https:\/\/i0.wp.com\/www.jojoenherbe.com\/wp-content\/uploads\/2021\/01\/Selection-Hiver-scaled.jpg?zoom=2&amp;resize=150%2C150 300w, https:\/\/i0.wp.com\/www.jojoenherbe.com\/wp-content\/uploads\/2021\/01\/Selection-Hiver-scaled.jpg?zoom=3&amp;resize=150%2C150 450w\" sizes=\"auto, (max-width: 150px) 100vw, 150px\" \/><\/a>Nous avons \u00e9galement commenc\u00e9 nos <a href=\"http:\/\/www.jojoenherbe.com\/index.php\/2021\/01\/07\/nos-lectures-hivernales-2021\/\">lectures hivernales<\/a> avec surtout des albums jeunesse, certains \u00e9tant des cadeaux d&rsquo;anniversaire ou de No\u00ebl et d&rsquo;autres d\u00e9couverts \u00e0 la m\u00e9diath\u00e8que. D&rsquo;ailleurs, ce billet continuera d&rsquo;\u00eatre mis \u00e0 jour tout le long de cet hiver. J&rsquo;en ai, en effet, d&rsquo;autres dans ma PAL de f\u00e9vrier comme <span style=\"text-decoration: underline;\">L&rsquo;ours et le rossignol<\/span> de Katherine Arden (\u00e9d. Deno\u00ebl, 2019) c\u00f4t\u00e9 adulte ou la relecture de <span style=\"text-decoration: underline;\">Petit Gruffalo<\/span> de Julia Donaldson et Axel Scheffler (\u00e9d. Gallimard Jeunesse, 2015) c\u00f4t\u00e9 jeunesse.<\/em><\/p>\n<p style=\"text-align: justify;\"><em><a href=\"https:\/\/i0.wp.com\/www.jojoenherbe.com\/wp-content\/uploads\/2021\/01\/Challenges-livresques-2021-scaled.jpg\"><img data-recalc-dims=\"1\" loading=\"lazy\" decoding=\"async\" data-attachment-id=\"15421\" data-permalink=\"https:\/\/www.jojoenherbe.com\/index.php\/2021\/02\/02\/notre-mois-bloguesque-de-janvier-2021\/challenges-livresques-2021\/\" data-orig-file=\"https:\/\/i0.wp.com\/www.jojoenherbe.com\/wp-content\/uploads\/2021\/01\/Challenges-livresques-2021-scaled.jpg?fit=2560%2C1513&amp;ssl=1\" data-orig-size=\"2560,1513\" data-comments-opened=\"1\" data-image-meta=\"{&quot;aperture&quot;:&quot;1.8&quot;,&quot;credit&quot;:&quot;&quot;,&quot;camera&quot;:&quot;iPhone 7&quot;,&quot;caption&quot;:&quot;&quot;,&quot;created_timestamp&quot;:&quot;1611914728&quot;,&quot;copyright&quot;:&quot;&quot;,&quot;focal_length&quot;:&quot;3.99&quot;,&quot;iso&quot;:&quot;80&quot;,&quot;shutter_speed&quot;:&quot;0.16666666666667&quot;,&quot;title&quot;:&quot;&quot;,&quot;orientation&quot;:&quot;1&quot;}\" data-image-title=\"Challenges livresques 2021\" data-image-description=\"\" data-image-caption=\"\" data-large-file=\"https:\/\/i0.wp.com\/www.jojoenherbe.com\/wp-content\/uploads\/2021\/01\/Challenges-livresques-2021-scaled.jpg?fit=676%2C399&amp;ssl=1\" class=\"size-thumbnail wp-image-15421 alignright\" src=\"https:\/\/i0.wp.com\/www.jojoenherbe.com\/wp-content\/uploads\/2021\/01\/Challenges-livresques-2021.jpg?resize=150%2C150\" alt=\"\" width=\"150\" height=\"150\" srcset=\"https:\/\/i0.wp.com\/www.jojoenherbe.com\/wp-content\/uploads\/2021\/01\/Challenges-livresques-2021-scaled.jpg?resize=150%2C150&amp;ssl=1 150w, https:\/\/i0.wp.com\/www.jojoenherbe.com\/wp-content\/uploads\/2021\/01\/Challenges-livresques-2021-scaled.jpg?zoom=2&amp;resize=150%2C150 300w, https:\/\/i0.wp.com\/www.jojoenherbe.com\/wp-content\/uploads\/2021\/01\/Challenges-livresques-2021-scaled.jpg?zoom=3&amp;resize=150%2C150 450w\" sizes=\"auto, (max-width: 150px) 100vw, 150px\" \/><\/a>J&rsquo;ai aussi \u00e9crit un billet de pr\u00e9sentation sur les <a href=\"http:\/\/www.jojoenherbe.com\/index.php\/2021\/01\/01\/nos-challenges-livresques-2021\/\">challenges livresques<\/a> de cette ann\u00e9e, la plupart \u00e9tant des challenges annuels ou mensuels auxquels nous avons d\u00e9j\u00e0 particip\u00e9 avec beaucoup de plaisir et de convivialit\u00e9 les ann\u00e9es pr\u00e9c\u00e9dentes. Je me suis ainsi plong\u00e9e, par exemple, tout le mois de janvier dans les \u00a0<a href=\"http:\/\/www.jojoenherbe.com\/index.php\/2021\/01\/14\/notre-pal-de-legendes-arthuriennes-2021\/\">l\u00e9gendes arthuriennes<\/a> avec le Challenge des Contes et L\u00e9gendes 2021 et aussi des <a href=\"http:\/\/www.jojoenherbe.com\/index.php\/2021\/01\/22\/mes-lectures-cosy-mystery-de-janvier-2021\/\">lectures \u00ab\u00a0cosy mystery\u00a0\u00bb<\/a> avec les challenges British Mysteries 2021 de Hilde et Lou et Lire au f\u00e9minin 2021 de Tiphanya.<\/em><\/p>\n<p><strong><em><span style=\"text-decoration: underline;\">Voici d&rsquo;ailleurs mon petit bilan de participations pour ce mois de janvier 2021<\/span>:<\/em><\/strong><\/p>\n<ul>\n<li style=\"text-align: justify;\"><em><strong>Challenge Petit Bac 2021 <\/strong>d&rsquo;Enna: j&rsquo;ai d\u00e9j\u00e0 termin\u00e9 deux lignes et commenc\u00e9 la troisi\u00e8me<\/em><\/li>\n<li style=\"text-align: justify;\"><em><strong>Challenge Contes et L\u00e9gendes 2021 <\/strong>de Bidib: 10 participations et aussi une pr\u00e9sentation de ma PAL de l\u00e9gendes arthuriennes (je les ai presque tous lus sauf <span style=\"text-decoration: underline;\">Laomer<\/span>)<\/em><\/li>\n<li style=\"text-align: justify;\"><em><strong>Challenge Des livres (et des \u00e9crans) en cuisine 2021<\/strong> de Bidib et FondantGrignote: 12 participations gourmandes<\/em><\/li>\n<li style=\"text-align: justify;\"><em><strong>Challenge 2021, cette ann\u00e9e sera classique<\/strong> de Blandine et Nathalie: une participation et aussi une pr\u00e9sentation de ma PAL de l\u00e9gendes arthuriennes<\/em><\/li>\n<li style=\"text-align: justify;\"><em><strong>Challenge British Mysteries<\/strong> de Hilde et Lou: une participation avec trois lectures \u00ab\u00a0cosy mystery\u00a0\u00bb<\/em><\/li>\n<li style=\"text-align: justify;\"><em><strong>Challenge Lire au f\u00e9minin 2021<\/strong> de Tiphanya: une participation avec trois lectures<\/em><\/li>\n<\/ul>\n<p style=\"text-align: justify;\"><em>Sans oublier mon second Alphabet des animaux illustr\u00e9s dans la litt\u00e9rature jeunesse avec les semaines 38 \u00e0 42: O comme <a href=\"http:\/\/www.jojoenherbe.com\/index.php\/2021\/01\/03\/deuxieme-alphabet-des-animaux-o-comme-oie\/\">Oie<\/a>, P comme <a href=\"http:\/\/www.jojoenherbe.com\/index.php\/2021\/01\/10\/deuxieme-alphabet-des-animaux-p-comme-panda\/\">Panda<\/a>, R comme <a href=\"http:\/\/www.jojoenherbe.com\/index.php\/2021\/01\/17\/deuxieme-alphabet-des-animaux-r-comme-raton-laveur\/\">Raton laveur<\/a>, S comme <a href=\"http:\/\/www.jojoenherbe.com\/index.php\/2021\/01\/24\/deuxieme-alphabet-des-animaux-s-comme-singe\/\">Singe<\/a> et T comme <a href=\"http:\/\/www.jojoenherbe.com\/index.php\/2021\/01\/31\/deuxieme-alphabet-des-animaux-t-comme-taupe\/\">Taupe<\/a>.<\/em><\/p>\n","protected":false},"excerpt":{"rendered":"<p>Cette ann\u00e9e, j&rsquo;ai d\u00e9cid\u00e9 de r\u00e9diger des billets mensuels autour des mois \u00e9coul\u00e9s. Alors voici un petit retour bloguesque sur janvier 2021 avec beaucoup de lectures. Mais nous avons quand m\u00eame pu faire une journ\u00e9e \u00e0 la neige. J&rsquo;ai commenc\u00e9 l&rsquo;ann\u00e9e en continuant avec les challenges de No\u00ebl:\u00a0 Il \u00e9tait 8 fois No\u00ebl qui s&rsquo;est [&hellip;]<\/p>\n","protected":false},"author":1,"featured_media":15460,"comment_status":"open","ping_status":"open","sticky":false,"template":"","format":"standard","meta":{"jetpack_post_was_ever_published":false,"_jetpack_newsletter_access":"","_jetpack_dont_email_post_to_subs":false,"_jetpack_newsletter_tier_id":0,"_jetpack_memberships_contains_paywalled_content":false,"_jetpack_memberships_contains_paid_content":false,"footnotes":""},"categories":[2140],"tags":[2016,1085,367,2843],"class_list":["post-15440","post","type-post","status-publish","format-standard","has-post-thumbnail","hentry","category-mini-blogueur","tag-challenge-livresque","tag-lecture-adulte","tag-lecture-jeunesse","tag-mois-bloguesque","post-preview"],"jetpack_featured_media_url":"https:\/\/i0.wp.com\/www.jojoenherbe.com\/wp-content\/uploads\/2021\/02\/Janvier-2021-scaled.jpg?fit=2560%2C2113&ssl=1","jetpack_sharing_enabled":true,"jetpack_shortlink":"https:\/\/wp.me\/p9zhGx-412","jetpack_likes_enabled":true,"jetpack-related-posts":[{"id":23081,"url":"https:\/\/www.jojoenherbe.com\/index.php\/2022\/01\/04\/notre-mois-bloguesque-de-decembre-2021\/","url_meta":{"origin":15440,"position":0},"title":"Notre mois bloguesque de d\u00e9cembre 2021","author":"Jojo","date":"4 janvier 2022","format":false,"excerpt":"C\u2019est le d\u00e9but du mois de janvier alors voici un petit retour bloguesque sur d\u00e9cembre 2021 et sa magie de No\u00ebl. Le 15 novembre 2021 a ainsi commenc\u00e9 le Challenge Christmas Time de MyaRosa et qui se d\u00e9roulera jusqu\u2019au 15 janvier 2022 et le 29 novembre 2021 celui de Chicky\u2026","rel":"","context":"Dans &quot;Mini blogueur&quot;","block_context":{"text":"Mini blogueur","link":"https:\/\/www.jojoenherbe.com\/index.php\/category\/mini-blogueur\/"},"img":{"alt_text":"","src":"https:\/\/i0.wp.com\/www.jojoenherbe.com\/wp-content\/uploads\/2021\/12\/Selection-decembre-2021-scaled.jpg?fit=1200%2C998&ssl=1&resize=350%2C200","width":350,"height":200,"srcset":"https:\/\/i0.wp.com\/www.jojoenherbe.com\/wp-content\/uploads\/2021\/12\/Selection-decembre-2021-scaled.jpg?fit=1200%2C998&ssl=1&resize=350%2C200 1x, https:\/\/i0.wp.com\/www.jojoenherbe.com\/wp-content\/uploads\/2021\/12\/Selection-decembre-2021-scaled.jpg?fit=1200%2C998&ssl=1&resize=525%2C300 1.5x, https:\/\/i0.wp.com\/www.jojoenherbe.com\/wp-content\/uploads\/2021\/12\/Selection-decembre-2021-scaled.jpg?fit=1200%2C998&ssl=1&resize=700%2C400 2x, https:\/\/i0.wp.com\/www.jojoenherbe.com\/wp-content\/uploads\/2021\/12\/Selection-decembre-2021-scaled.jpg?fit=1200%2C998&ssl=1&resize=1050%2C600 3x"},"classes":[]},{"id":23674,"url":"https:\/\/www.jojoenherbe.com\/index.php\/2022\/02\/03\/notre-mois-bloguesque-de-janvier-2022\/","url_meta":{"origin":15440,"position":1},"title":"Notre mois bloguesque de janvier 2022","author":"Jojo","date":"3 f\u00e9vrier 2022","format":false,"excerpt":"C\u2019est le d\u00e9but du mois de janvier alors voici un petit retour bloguesque sur janvier 2022. En ce d\u00e9but d\u2019ann\u00e9e, se sont termin\u00e9es les deux challenges de No\u00ebl: le Challenge Christmas Time de MyaRosa et Il \u00e9tait 9 fois No\u00ebl de Chicky Poo et Samarian. Nous avons continu\u00e9 tout au\u2026","rel":"","context":"Dans &quot;Mini blogueur&quot;","block_context":{"text":"Mini blogueur","link":"https:\/\/www.jojoenherbe.com\/index.php\/category\/mini-blogueur\/"},"img":{"alt_text":"","src":"https:\/\/i0.wp.com\/www.jojoenherbe.com\/wp-content\/uploads\/2022\/02\/Selection-janvier-2022-2-scaled.jpg?fit=1200%2C900&ssl=1&resize=350%2C200","width":350,"height":200,"srcset":"https:\/\/i0.wp.com\/www.jojoenherbe.com\/wp-content\/uploads\/2022\/02\/Selection-janvier-2022-2-scaled.jpg?fit=1200%2C900&ssl=1&resize=350%2C200 1x, https:\/\/i0.wp.com\/www.jojoenherbe.com\/wp-content\/uploads\/2022\/02\/Selection-janvier-2022-2-scaled.jpg?fit=1200%2C900&ssl=1&resize=525%2C300 1.5x, https:\/\/i0.wp.com\/www.jojoenherbe.com\/wp-content\/uploads\/2022\/02\/Selection-janvier-2022-2-scaled.jpg?fit=1200%2C900&ssl=1&resize=700%2C400 2x, https:\/\/i0.wp.com\/www.jojoenherbe.com\/wp-content\/uploads\/2022\/02\/Selection-janvier-2022-2-scaled.jpg?fit=1200%2C900&ssl=1&resize=1050%2C600 3x"},"classes":[]},{"id":22568,"url":"https:\/\/www.jojoenherbe.com\/index.php\/2021\/12\/07\/notre-mois-bloguesque-de-novembre-2021\/","url_meta":{"origin":15440,"position":2},"title":"Notre mois bloguesque de novembre 2021","author":"Jojo","date":"7 d\u00e9cembre 2021","format":false,"excerpt":"C\u2019est le d\u00e9but du mois de d\u00e9cembre alors voici un petit retour bloguesque sur novembre 2021. Ce mois-ci a ressembl\u00e9 \u00e0 celui d\u2019octobre avec encore des (re)lectures automnales et halloweenesques. Nous avons continu\u00e9 le challenge Halloween de Hilde et Lou qui s'est termin\u00e9 le 15 novembre en jouant par exemple\u2026","rel":"","context":"Dans &quot;Mini blogueur&quot;","block_context":{"text":"Mini blogueur","link":"https:\/\/www.jojoenherbe.com\/index.php\/category\/mini-blogueur\/"},"img":{"alt_text":"","src":"https:\/\/i0.wp.com\/www.jojoenherbe.com\/wp-content\/uploads\/2021\/11\/Selection-novembre-2021-2-scaled.jpg?fit=1200%2C900&ssl=1&resize=350%2C200","width":350,"height":200,"srcset":"https:\/\/i0.wp.com\/www.jojoenherbe.com\/wp-content\/uploads\/2021\/11\/Selection-novembre-2021-2-scaled.jpg?fit=1200%2C900&ssl=1&resize=350%2C200 1x, https:\/\/i0.wp.com\/www.jojoenherbe.com\/wp-content\/uploads\/2021\/11\/Selection-novembre-2021-2-scaled.jpg?fit=1200%2C900&ssl=1&resize=525%2C300 1.5x, https:\/\/i0.wp.com\/www.jojoenherbe.com\/wp-content\/uploads\/2021\/11\/Selection-novembre-2021-2-scaled.jpg?fit=1200%2C900&ssl=1&resize=700%2C400 2x, https:\/\/i0.wp.com\/www.jojoenherbe.com\/wp-content\/uploads\/2021\/11\/Selection-novembre-2021-2-scaled.jpg?fit=1200%2C900&ssl=1&resize=1050%2C600 3x"},"classes":[]},{"id":22073,"url":"https:\/\/www.jojoenherbe.com\/index.php\/2021\/11\/03\/notre-mois-bloguesque-doctobre-2021\/","url_meta":{"origin":15440,"position":3},"title":"Notre mois bloguesque d&rsquo;octobre 2021","author":"Jojo","date":"3 novembre 2021","format":false,"excerpt":"C\u2019est le d\u00e9but du mois de novembre alors voici un petit retour bloguesque sur octobre 2021. Tout en continuant nos (re)lectures automnales, nous avons surtout plong\u00e9 dans des (re)lectures halloweenesques puisque depuis je participe pour la troisi\u00e8me ann\u00e9e cons\u00e9cutive au challenge Halloween de Hilde et Lou avec cette ann\u00e9e une\u2026","rel":"","context":"Dans &quot;Mini blogueur&quot;","block_context":{"text":"Mini blogueur","link":"https:\/\/www.jojoenherbe.com\/index.php\/category\/mini-blogueur\/"},"img":{"alt_text":"","src":"https:\/\/i0.wp.com\/www.jojoenherbe.com\/wp-content\/uploads\/2021\/10\/Selection-octobre-2021-scaled.jpg?fit=1200%2C706&ssl=1&resize=350%2C200","width":350,"height":200,"srcset":"https:\/\/i0.wp.com\/www.jojoenherbe.com\/wp-content\/uploads\/2021\/10\/Selection-octobre-2021-scaled.jpg?fit=1200%2C706&ssl=1&resize=350%2C200 1x, https:\/\/i0.wp.com\/www.jojoenherbe.com\/wp-content\/uploads\/2021\/10\/Selection-octobre-2021-scaled.jpg?fit=1200%2C706&ssl=1&resize=525%2C300 1.5x, https:\/\/i0.wp.com\/www.jojoenherbe.com\/wp-content\/uploads\/2021\/10\/Selection-octobre-2021-scaled.jpg?fit=1200%2C706&ssl=1&resize=700%2C400 2x, https:\/\/i0.wp.com\/www.jojoenherbe.com\/wp-content\/uploads\/2021\/10\/Selection-octobre-2021-scaled.jpg?fit=1200%2C706&ssl=1&resize=1050%2C600 3x"},"classes":[]},{"id":29554,"url":"https:\/\/www.jojoenherbe.com\/index.php\/2023\/02\/01\/bilan-livresque-janvier-2023\/","url_meta":{"origin":15440,"position":4},"title":"Bilan de lecture: janvier 2023","author":"Jojo","date":"1 f\u00e9vrier 2023","format":false,"excerpt":"C\u2019est le premier du mois alors voici un petit retour bloguesque sur janvier 2023 qui a d\u00e9marr\u00e9 avec des marathons de lecture et de nombreuses (re)lectures no\u00eblesques et hivernales ainsi que la remise \u00e0 z\u00e9ro des challenges livresques qui auront lieu tout au long de l\u2019ann\u00e9e 2023 et auxquels je\u2026","rel":"","context":"Dans &quot;Mini blogueur&quot;","block_context":{"text":"Mini blogueur","link":"https:\/\/www.jojoenherbe.com\/index.php\/category\/mini-blogueur\/"},"img":{"alt_text":"","src":"https:\/\/i0.wp.com\/www.jojoenherbe.com\/wp-content\/uploads\/2023\/01\/Selection-Janvier-2023-scaled.jpg?fit=1200%2C878&ssl=1&resize=350%2C200","width":350,"height":200,"srcset":"https:\/\/i0.wp.com\/www.jojoenherbe.com\/wp-content\/uploads\/2023\/01\/Selection-Janvier-2023-scaled.jpg?fit=1200%2C878&ssl=1&resize=350%2C200 1x, https:\/\/i0.wp.com\/www.jojoenherbe.com\/wp-content\/uploads\/2023\/01\/Selection-Janvier-2023-scaled.jpg?fit=1200%2C878&ssl=1&resize=525%2C300 1.5x, https:\/\/i0.wp.com\/www.jojoenherbe.com\/wp-content\/uploads\/2023\/01\/Selection-Janvier-2023-scaled.jpg?fit=1200%2C878&ssl=1&resize=700%2C400 2x, https:\/\/i0.wp.com\/www.jojoenherbe.com\/wp-content\/uploads\/2023\/01\/Selection-Janvier-2023-scaled.jpg?fit=1200%2C878&ssl=1&resize=1050%2C600 3x"},"classes":[]},{"id":18019,"url":"https:\/\/www.jojoenherbe.com\/index.php\/2021\/05\/03\/notre-mois-bloguesque-davril-2021\/","url_meta":{"origin":15440,"position":5},"title":"Notre mois bloguesque d&rsquo;avril 2021","author":"Jojo","date":"3 mai 2021","format":false,"excerpt":"C'est le premier du mois alors voici un petit retour bloguesque sur avril 2021 avec encore une fois beaucoup de lectures, surtout d\u00e9di\u00e9es \u00e0 la litt\u00e9rature japonaise. Le d\u00e9but du mois, avec le week-end de P\u00e2ques, nous avons fait et repris des lectures\/activit\u00e9s sur le th\u00e8me de P\u00e2ques. Nous continuons\u2026","rel":"","context":"Dans &quot;Mini blogueur&quot;","block_context":{"text":"Mini blogueur","link":"https:\/\/www.jojoenherbe.com\/index.php\/category\/mini-blogueur\/"},"img":{"alt_text":"","src":"https:\/\/i0.wp.com\/www.jojoenherbe.com\/wp-content\/uploads\/2021\/05\/Avril-2021-scaled.jpg?fit=1200%2C803&ssl=1&resize=350%2C200","width":350,"height":200,"srcset":"https:\/\/i0.wp.com\/www.jojoenherbe.com\/wp-content\/uploads\/2021\/05\/Avril-2021-scaled.jpg?fit=1200%2C803&ssl=1&resize=350%2C200 1x, https:\/\/i0.wp.com\/www.jojoenherbe.com\/wp-content\/uploads\/2021\/05\/Avril-2021-scaled.jpg?fit=1200%2C803&ssl=1&resize=525%2C300 1.5x, https:\/\/i0.wp.com\/www.jojoenherbe.com\/wp-content\/uploads\/2021\/05\/Avril-2021-scaled.jpg?fit=1200%2C803&ssl=1&resize=700%2C400 2x, https:\/\/i0.wp.com\/www.jojoenherbe.com\/wp-content\/uploads\/2021\/05\/Avril-2021-scaled.jpg?fit=1200%2C803&ssl=1&resize=1050%2C600 3x"},"classes":[]}],"_links":{"self":[{"href":"https:\/\/www.jojoenherbe.com\/index.php\/wp-json\/wp\/v2\/posts\/15440","targetHints":{"allow":["GET"]}}],"collection":[{"href":"https:\/\/www.jojoenherbe.com\/index.php\/wp-json\/wp\/v2\/posts"}],"about":[{"href":"https:\/\/www.jojoenherbe.com\/index.php\/wp-json\/wp\/v2\/types\/post"}],"author":[{"embeddable":true,"href":"https:\/\/www.jojoenherbe.com\/index.php\/wp-json\/wp\/v2\/users\/1"}],"replies":[{"embeddable":true,"href":"https:\/\/www.jojoenherbe.com\/index.php\/wp-json\/wp\/v2\/comments?post=15440"}],"version-history":[{"count":2,"href":"https:\/\/www.jojoenherbe.com\/index.php\/wp-json\/wp\/v2\/posts\/15440\/revisions"}],"predecessor-version":[{"id":25322,"href":"https:\/\/www.jojoenherbe.com\/index.php\/wp-json\/wp\/v2\/posts\/15440\/revisions\/25322"}],"wp:featuredmedia":[{"embeddable":true,"href":"https:\/\/www.jojoenherbe.com\/index.php\/wp-json\/wp\/v2\/media\/15460"}],"wp:attachment":[{"href":"https:\/\/www.jojoenherbe.com\/index.php\/wp-json\/wp\/v2\/media?parent=15440"}],"wp:term":[{"taxonomy":"category","embeddable":true,"href":"https:\/\/www.jojoenherbe.com\/index.php\/wp-json\/wp\/v2\/categories?post=15440"},{"taxonomy":"post_tag","embeddable":true,"href":"https:\/\/www.jojoenherbe.com\/index.php\/wp-json\/wp\/v2\/tags?post=15440"}],"curies":[{"name":"wp","href":"https:\/\/api.w.org\/{rel}","templated":true}]}}