{"id":14709,"date":"2021-01-02T09:45:27","date_gmt":"2021-01-02T08:45:27","guid":{"rendered":"http:\/\/www.jojoenherbe.com\/?p=14709"},"modified":"2021-01-24T11:51:06","modified_gmt":"2021-01-24T10:51:06","slug":"un-second-rat-post-noel-2020","status":"publish","type":"post","link":"https:\/\/www.jojoenherbe.com\/index.php\/2021\/01\/02\/un-second-rat-post-noel-2020\/","title":{"rendered":"Un second RAT post-No\u00ebl 2020"},"content":{"rendered":"<p style=\"text-align: justify;\"><em>Pour ce premier week-end de l&rsquo;ann\u00e9e 2021, Chicky Poo et Samarian nous propose de cl\u00f4turer leur challenge Il \u00e9tait 8 fois No\u00ebl par un RAT post-No\u00ebl 2020. Dans notre PAL de ce week-end, nous avons encore quelques lectures de No\u00ebl, des relectures sur le th\u00e8me de la galette des rois et aussi des lectures hivernales.<\/em><\/p>\n<ul>\n<li style=\"text-align: justify;\"><em><span style=\"text-decoration: underline;\">Un No\u00ebl sous la neige<\/span> (\u00e9d. Hachette Jeunesse, 2020), un album jeunesse \u00e0 partir de 3 ans&nbsp; (RELU)<br \/>\n<\/em><\/li>\n<li style=\"text-align: justify;\"><em><span style=\"text-decoration: underline;\">C\u0153ur de loup<\/span> de Katherine Rundell et Gelrev Ongbico (\u00e9d. Gallimard Jeunesse, 2017), un roman jeunesse \u00e0 partir de 10 ans (LU)<br \/>\n<\/em><\/li>\n<li style=\"text-align: justify;\"><em><span style=\"text-decoration: underline;\">La galette \u00e0 l\u2019escampette<\/span> de Geoffroy de Pennart (\u00e9d. Kal\u00e9idoscope, 2012), un album jeunesse \u00e0 partir de 3\/4 ans selon l\u2019auteur mais 6 ans selon l\u2019\u00e9diteur (RELU)<br \/>\n<\/em><\/li>\n<li style=\"text-align: justify;\"><em><span style=\"text-decoration: underline;\">Entre neige et loup<\/span> d&rsquo;Agn\u00e8s Domergue et H\u00e9l\u00e8ne Canac (\u00e9d. Jungle, 2019), une BD jeunesse (EN COURS DE RELECTURE)<br \/>\n<\/em><\/li>\n<li style=\"text-align: justify;\"><em><span style=\"text-decoration: underline;\">Il \u00e9tait une fois&#8230; le feu des dragons<\/span> de Beatrice Blue (\u00e9d. Little Urban, 2020), un album jeunesse \u00e0 partir de 3 ans (RELU)<br \/>\n<\/em><\/li>\n<li style=\"text-align: justify;\"><em><span style=\"text-decoration: underline;\">Le dernier des loups<\/span> de S\u00e9bastien Perez et Justine Brax (\u00e9d. Albin Michel Jeunesse, 2020), un album jeunesse grand format \u00e0 partir de 6 ans (LU)<br \/>\n<\/em><\/li>\n<\/ul>\n<p style=\"text-align: justify;\"><em>Pour d\u2019autres id\u00e9es de lectures, les autres participants du RAT: <a href=\"https:\/\/samlorenlivre.wordpress.com\/2021\/01\/02\/il-etait-8-fois-noel-petit-week-end-de-lecture-2-et-3-janvier-2020\/\">Samlor<\/a>, <a href=\"https:\/\/www.instagram.com\/lespassionsdemeline\/\">M\u00e9line<\/a> (sur Insta), <a href=\"http:\/\/viedecontedefee.blogspot.com\/2021\/01\/1655-weekend-lecture-il-etait-huit-fois.html\">Samarian<\/a> et <a href=\"http:\/\/dinie1301.blogspot.com\/2021\/01\/week-end-lecture-plaisir-1818.html\">Didine<\/a>. Sans oublier les flocons-pompons de Chicky Poo et de FondantGrignote.<\/em><\/p>\n<p style=\"text-align: justify;\"><em><strong><a href=\"https:\/\/i0.wp.com\/www.jojoenherbe.com\/wp-content\/uploads\/2021\/01\/PAL-RAT-post-Noel-2020-3-scaled.jpg\"><img data-recalc-dims=\"1\" loading=\"lazy\" decoding=\"async\" data-attachment-id=\"14759\" data-permalink=\"https:\/\/www.jojoenherbe.com\/index.php\/2021\/01\/02\/un-second-rat-post-noel-2020\/pal-rat-post-noel-2020-3\/\" data-orig-file=\"https:\/\/i0.wp.com\/www.jojoenherbe.com\/wp-content\/uploads\/2021\/01\/PAL-RAT-post-Noel-2020-3-scaled.jpg?fit=2560%2C1951&amp;ssl=1\" data-orig-size=\"2560,1951\" data-comments-opened=\"1\" data-image-meta=\"{&quot;aperture&quot;:&quot;1.8&quot;,&quot;credit&quot;:&quot;&quot;,&quot;camera&quot;:&quot;iPhone 7&quot;,&quot;caption&quot;:&quot;&quot;,&quot;created_timestamp&quot;:&quot;1609750692&quot;,&quot;copyright&quot;:&quot;&quot;,&quot;focal_length&quot;:&quot;3.99&quot;,&quot;iso&quot;:&quot;100&quot;,&quot;shutter_speed&quot;:&quot;0.25&quot;,&quot;title&quot;:&quot;&quot;,&quot;orientation&quot;:&quot;1&quot;}\" data-image-title=\"PAL RAT post-No\u00ebl 2020 3\" data-image-description=\"\" data-image-caption=\"\" data-large-file=\"https:\/\/i0.wp.com\/www.jojoenherbe.com\/wp-content\/uploads\/2021\/01\/PAL-RAT-post-Noel-2020-3-scaled.jpg?fit=676%2C515&amp;ssl=1\" class=\"alignleft size-thumbnail wp-image-14759\" src=\"https:\/\/i0.wp.com\/www.jojoenherbe.com\/wp-content\/uploads\/2021\/01\/PAL-RAT-post-Noel-2020-3.jpg?resize=150%2C150\" alt=\"\" width=\"150\" height=\"150\" srcset=\"https:\/\/i0.wp.com\/www.jojoenherbe.com\/wp-content\/uploads\/2021\/01\/PAL-RAT-post-Noel-2020-3-scaled.jpg?resize=150%2C150&amp;ssl=1 150w, https:\/\/i0.wp.com\/www.jojoenherbe.com\/wp-content\/uploads\/2021\/01\/PAL-RAT-post-Noel-2020-3-scaled.jpg?zoom=2&amp;resize=150%2C150 300w, https:\/\/i0.wp.com\/www.jojoenherbe.com\/wp-content\/uploads\/2021\/01\/PAL-RAT-post-Noel-2020-3-scaled.jpg?zoom=3&amp;resize=150%2C150 450w\" sizes=\"auto, (max-width: 150px) 100vw, 150px\" \/><\/a> <a href=\"https:\/\/i0.wp.com\/www.jojoenherbe.com\/wp-content\/uploads\/2021\/01\/PAL-RAT-post-Noel-2020-2-scaled.jpg\"><img data-recalc-dims=\"1\" loading=\"lazy\" decoding=\"async\" data-attachment-id=\"14758\" data-permalink=\"https:\/\/www.jojoenherbe.com\/index.php\/2021\/01\/02\/un-second-rat-post-noel-2020\/pal-rat-post-noel-2020-2\/\" data-orig-file=\"https:\/\/i0.wp.com\/www.jojoenherbe.com\/wp-content\/uploads\/2021\/01\/PAL-RAT-post-Noel-2020-2-scaled.jpg?fit=2560%2C1832&amp;ssl=1\" data-orig-size=\"2560,1832\" data-comments-opened=\"1\" data-image-meta=\"{&quot;aperture&quot;:&quot;1.8&quot;,&quot;credit&quot;:&quot;&quot;,&quot;camera&quot;:&quot;iPhone 7&quot;,&quot;caption&quot;:&quot;&quot;,&quot;created_timestamp&quot;:&quot;1609750630&quot;,&quot;copyright&quot;:&quot;&quot;,&quot;focal_length&quot;:&quot;3.99&quot;,&quot;iso&quot;:&quot;80&quot;,&quot;shutter_speed&quot;:&quot;0.2&quot;,&quot;title&quot;:&quot;&quot;,&quot;orientation&quot;:&quot;1&quot;}\" data-image-title=\"PAL RAT post-No\u00ebl 2020 2\" data-image-description=\"\" data-image-caption=\"\" data-large-file=\"https:\/\/i0.wp.com\/www.jojoenherbe.com\/wp-content\/uploads\/2021\/01\/PAL-RAT-post-Noel-2020-2-scaled.jpg?fit=676%2C484&amp;ssl=1\" class=\"alignleft size-thumbnail wp-image-14758\" src=\"https:\/\/i0.wp.com\/www.jojoenherbe.com\/wp-content\/uploads\/2021\/01\/PAL-RAT-post-Noel-2020-2.jpg?resize=150%2C150\" alt=\"\" width=\"150\" height=\"150\" srcset=\"https:\/\/i0.wp.com\/www.jojoenherbe.com\/wp-content\/uploads\/2021\/01\/PAL-RAT-post-Noel-2020-2-scaled.jpg?resize=150%2C150&amp;ssl=1 150w, https:\/\/i0.wp.com\/www.jojoenherbe.com\/wp-content\/uploads\/2021\/01\/PAL-RAT-post-Noel-2020-2-scaled.jpg?zoom=2&amp;resize=150%2C150 300w, https:\/\/i0.wp.com\/www.jojoenherbe.com\/wp-content\/uploads\/2021\/01\/PAL-RAT-post-Noel-2020-2-scaled.jpg?zoom=3&amp;resize=150%2C150 450w\" sizes=\"auto, (max-width: 150px) 100vw, 150px\" \/><\/a>Vendredi 1er janvier 2021<\/strong>, ce marathon de lectures d\u00e9bute \u00e0 21h mais nous commen\u00e7ons plus t\u00f4t avec des lectures de fin d&rsquo;apr\u00e8s-midi et les habituelles histoires du soir: <a href=\"http:\/\/www.jojoenherbe.com\/index.php\/2020\/01\/09\/au-fil-des-pages-avec-la-galette-des-rois\/\"><span style=\"text-decoration: underline;\">La galette \u00e0 l\u2019escampette<\/span><\/a> de Geoffroy de Pennart (\u00e9d. Kal\u00e9idoscope, 2012),&nbsp; <span style=\"text-decoration: underline;\">Le No\u00ebl de Nicod\u00e8me<\/span> d&rsquo;Agn\u00e8s Laroche et St\u00e9phanie Augusseau (\u00e9d. Alice Jeunesse, 2015), <span style=\"text-decoration: underline;\">Papy, il neige!<\/span> de Sam Usher (\u00e9d. Little Urban, 2015) et <span style=\"text-decoration: underline;\">Un No\u00ebl sous la neige<\/span> avec la Pat&rsquo;patrouille (\u00e9d. Hachette Jeunesse, 2020).<\/em><\/p>\n<p style=\"text-align: justify;\"><em><strong><a href=\"https:\/\/i0.wp.com\/www.jojoenherbe.com\/wp-content\/uploads\/2021\/01\/Coeur-de-loup-2-scaled.jpg\"><img data-recalc-dims=\"1\" loading=\"lazy\" decoding=\"async\" data-attachment-id=\"14728\" data-permalink=\"https:\/\/www.jojoenherbe.com\/index.php\/2021\/01\/02\/un-second-rat-post-noel-2020\/coeur-de-loup-2\/\" data-orig-file=\"https:\/\/i0.wp.com\/www.jojoenherbe.com\/wp-content\/uploads\/2021\/01\/Coeur-de-loup-2-scaled.jpg?fit=2560%2C1920&amp;ssl=1\" data-orig-size=\"2560,1920\" data-comments-opened=\"1\" data-image-meta=\"{&quot;aperture&quot;:&quot;1.8&quot;,&quot;credit&quot;:&quot;&quot;,&quot;camera&quot;:&quot;iPhone 7&quot;,&quot;caption&quot;:&quot;&quot;,&quot;created_timestamp&quot;:&quot;1609673918&quot;,&quot;copyright&quot;:&quot;&quot;,&quot;focal_length&quot;:&quot;3.99&quot;,&quot;iso&quot;:&quot;100&quot;,&quot;shutter_speed&quot;:&quot;0.25&quot;,&quot;title&quot;:&quot;&quot;,&quot;orientation&quot;:&quot;1&quot;}\" data-image-title=\"Coeur de loup 2\" data-image-description=\"\" data-image-caption=\"\" data-large-file=\"https:\/\/i0.wp.com\/www.jojoenherbe.com\/wp-content\/uploads\/2021\/01\/Coeur-de-loup-2-scaled.jpg?fit=676%2C507&amp;ssl=1\" class=\"size-thumbnail wp-image-14728 alignright\" src=\"https:\/\/i0.wp.com\/www.jojoenherbe.com\/wp-content\/uploads\/2021\/01\/Coeur-de-loup-2.jpg?resize=150%2C150\" alt=\"\" width=\"150\" height=\"150\" srcset=\"https:\/\/i0.wp.com\/www.jojoenherbe.com\/wp-content\/uploads\/2021\/01\/Coeur-de-loup-2-scaled.jpg?resize=150%2C150&amp;ssl=1 150w, https:\/\/i0.wp.com\/www.jojoenherbe.com\/wp-content\/uploads\/2021\/01\/Coeur-de-loup-2-scaled.jpg?zoom=2&amp;resize=150%2C150 300w, https:\/\/i0.wp.com\/www.jojoenherbe.com\/wp-content\/uploads\/2021\/01\/Coeur-de-loup-2-scaled.jpg?zoom=3&amp;resize=150%2C150 450w\" sizes=\"auto, (max-width: 150px) 100vw, 150px\" \/><\/a> <a href=\"https:\/\/i0.wp.com\/www.jojoenherbe.com\/wp-content\/uploads\/2021\/01\/Coeur-de-loup-scaled.jpg\"><img data-recalc-dims=\"1\" loading=\"lazy\" decoding=\"async\" data-attachment-id=\"14730\" data-permalink=\"https:\/\/www.jojoenherbe.com\/index.php\/2021\/01\/02\/un-second-rat-post-noel-2020\/coeur-de-loup\/\" data-orig-file=\"https:\/\/i0.wp.com\/www.jojoenherbe.com\/wp-content\/uploads\/2021\/01\/Coeur-de-loup-scaled.jpg?fit=2560%2C1816&amp;ssl=1\" data-orig-size=\"2560,1816\" data-comments-opened=\"1\" data-image-meta=\"{&quot;aperture&quot;:&quot;1.8&quot;,&quot;credit&quot;:&quot;&quot;,&quot;camera&quot;:&quot;iPhone 7&quot;,&quot;caption&quot;:&quot;&quot;,&quot;created_timestamp&quot;:&quot;1609673287&quot;,&quot;copyright&quot;:&quot;&quot;,&quot;focal_length&quot;:&quot;3.99&quot;,&quot;iso&quot;:&quot;80&quot;,&quot;shutter_speed&quot;:&quot;0.2&quot;,&quot;title&quot;:&quot;&quot;,&quot;orientation&quot;:&quot;1&quot;}\" data-image-title=\"Coeur de loup\" data-image-description=\"\" data-image-caption=\"\" data-large-file=\"https:\/\/i0.wp.com\/www.jojoenherbe.com\/wp-content\/uploads\/2021\/01\/Coeur-de-loup-scaled.jpg?fit=676%2C479&amp;ssl=1\" class=\"size-thumbnail wp-image-14730 alignright\" src=\"https:\/\/i0.wp.com\/www.jojoenherbe.com\/wp-content\/uploads\/2021\/01\/Coeur-de-loup.jpg?resize=150%2C150\" alt=\"\" width=\"150\" height=\"150\" srcset=\"https:\/\/i0.wp.com\/www.jojoenherbe.com\/wp-content\/uploads\/2021\/01\/Coeur-de-loup-scaled.jpg?resize=150%2C150&amp;ssl=1 150w, https:\/\/i0.wp.com\/www.jojoenherbe.com\/wp-content\/uploads\/2021\/01\/Coeur-de-loup-scaled.jpg?zoom=2&amp;resize=150%2C150 300w, https:\/\/i0.wp.com\/www.jojoenherbe.com\/wp-content\/uploads\/2021\/01\/Coeur-de-loup-scaled.jpg?zoom=3&amp;resize=150%2C150 450w\" sizes=\"auto, (max-width: 150px) 100vw, 150px\" \/><\/a> Samedi 2 janvier 2021<\/strong>, Je commence la journ\u00e9e en lisant <span style=\"text-decoration: underline;\">C\u0153ur de loup<\/span> de Katherine Rundell et Gelrev Ongbico avec l&rsquo;histoire d&rsquo;une jeune russe F\u00e9odora parmi les loups dans le froid de l&rsquo;hiver (les 5 premiers chapitres puis le reprenant dans l&rsquo;apr\u00e8s-midi jusqu&rsquo;au chapitre 8).<br \/>\n<\/em><\/p>\n<p style=\"text-align: justify;\"><em><a href=\"https:\/\/i0.wp.com\/www.jojoenherbe.com\/wp-content\/uploads\/2021\/01\/Monopoly-Junior-scaled.jpg\"><img data-recalc-dims=\"1\" loading=\"lazy\" decoding=\"async\" data-attachment-id=\"14731\" data-permalink=\"https:\/\/www.jojoenherbe.com\/index.php\/2021\/01\/02\/un-second-rat-post-noel-2020\/monopoly-junior\/\" data-orig-file=\"https:\/\/i0.wp.com\/www.jojoenherbe.com\/wp-content\/uploads\/2021\/01\/Monopoly-Junior-scaled.jpg?fit=2560%2C1920&amp;ssl=1\" data-orig-size=\"2560,1920\" data-comments-opened=\"1\" data-image-meta=\"{&quot;aperture&quot;:&quot;1.8&quot;,&quot;credit&quot;:&quot;&quot;,&quot;camera&quot;:&quot;iPhone 7&quot;,&quot;caption&quot;:&quot;&quot;,&quot;created_timestamp&quot;:&quot;1609583121&quot;,&quot;copyright&quot;:&quot;&quot;,&quot;focal_length&quot;:&quot;3.99&quot;,&quot;iso&quot;:&quot;40&quot;,&quot;shutter_speed&quot;:&quot;0.058823529411765&quot;,&quot;title&quot;:&quot;&quot;,&quot;orientation&quot;:&quot;0&quot;}\" data-image-title=\"Monopoly Junior\" data-image-description=\"\" data-image-caption=\"\" data-large-file=\"https:\/\/i0.wp.com\/www.jojoenherbe.com\/wp-content\/uploads\/2021\/01\/Monopoly-Junior-scaled.jpg?fit=676%2C507&amp;ssl=1\" class=\"size-thumbnail wp-image-14731 alignleft\" src=\"https:\/\/i0.wp.com\/www.jojoenherbe.com\/wp-content\/uploads\/2021\/01\/Monopoly-Junior.jpg?resize=150%2C150\" alt=\"\" width=\"150\" height=\"150\" srcset=\"https:\/\/i0.wp.com\/www.jojoenherbe.com\/wp-content\/uploads\/2021\/01\/Monopoly-Junior-scaled.jpg?resize=150%2C150&amp;ssl=1 150w, https:\/\/i0.wp.com\/www.jojoenherbe.com\/wp-content\/uploads\/2021\/01\/Monopoly-Junior-scaled.jpg?zoom=2&amp;resize=150%2C150 300w, https:\/\/i0.wp.com\/www.jojoenherbe.com\/wp-content\/uploads\/2021\/01\/Monopoly-Junior-scaled.jpg?zoom=3&amp;resize=150%2C150 450w\" sizes=\"auto, (max-width: 150px) 100vw, 150px\" \/><\/a>Puis nous faisons des parties de Monopoly Junior &#8211; cadeau gliss\u00e9 sous le sapin \u00e0 No\u00ebl, la difficult\u00e9 principale avant de commencer chaque partie \u00e9tant de savoir qui aura le pion P&rsquo;tit Pingouin (on se demande bien pourquoi?!), ce qui \u00e9tait d\u00e9j\u00e0 le cas \u00e0 No\u00ebl lorsque j&rsquo;ai fait des parties avec mon petit lutin et l&rsquo;une de mes ni\u00e8ces. Une autre grande interrogation: qui aura la biblioth\u00e8que, la propri\u00e9t\u00e9 la plus convoit\u00e9e chez nous? Je me souviens encore du \u00ab\u00a0j&rsquo;aime les livres moi\u00a0\u00bb dit spontan\u00e9ment en ch\u0153ur par les enfants quand j&rsquo;avais r\u00e9ussi \u00e0 l&rsquo;acheter pendant une partie le jour de No\u00ebl.<\/em><\/p>\n<p style=\"text-align: justify;\"><em><a href=\"https:\/\/i0.wp.com\/www.jojoenherbe.com\/wp-content\/uploads\/2021\/01\/Le-dernier-des-loups-2-scaled.jpg\"><img data-recalc-dims=\"1\" loading=\"lazy\" decoding=\"async\" data-attachment-id=\"14736\" data-permalink=\"https:\/\/www.jojoenherbe.com\/index.php\/2021\/01\/02\/un-second-rat-post-noel-2020\/le-dernier-des-loups-2\/\" data-orig-file=\"https:\/\/i0.wp.com\/www.jojoenherbe.com\/wp-content\/uploads\/2021\/01\/Le-dernier-des-loups-2-scaled.jpg?fit=2560%2C1920&amp;ssl=1\" data-orig-size=\"2560,1920\" data-comments-opened=\"1\" data-image-meta=\"{&quot;aperture&quot;:&quot;1.8&quot;,&quot;credit&quot;:&quot;&quot;,&quot;camera&quot;:&quot;iPhone 7&quot;,&quot;caption&quot;:&quot;&quot;,&quot;created_timestamp&quot;:&quot;1609675477&quot;,&quot;copyright&quot;:&quot;&quot;,&quot;focal_length&quot;:&quot;3.99&quot;,&quot;iso&quot;:&quot;100&quot;,&quot;shutter_speed&quot;:&quot;0.2&quot;,&quot;title&quot;:&quot;&quot;,&quot;orientation&quot;:&quot;1&quot;}\" data-image-title=\"Le dernier des loups 2\" data-image-description=\"\" data-image-caption=\"\" data-large-file=\"https:\/\/i0.wp.com\/www.jojoenherbe.com\/wp-content\/uploads\/2021\/01\/Le-dernier-des-loups-2-scaled.jpg?fit=676%2C507&amp;ssl=1\" class=\"size-thumbnail wp-image-14736 alignright\" src=\"https:\/\/i0.wp.com\/www.jojoenherbe.com\/wp-content\/uploads\/2021\/01\/Le-dernier-des-loups-2.jpg?resize=150%2C150\" alt=\"\" width=\"150\" height=\"150\" srcset=\"https:\/\/i0.wp.com\/www.jojoenherbe.com\/wp-content\/uploads\/2021\/01\/Le-dernier-des-loups-2-scaled.jpg?resize=150%2C150&amp;ssl=1 150w, https:\/\/i0.wp.com\/www.jojoenherbe.com\/wp-content\/uploads\/2021\/01\/Le-dernier-des-loups-2-scaled.jpg?zoom=2&amp;resize=150%2C150 300w, https:\/\/i0.wp.com\/www.jojoenherbe.com\/wp-content\/uploads\/2021\/01\/Le-dernier-des-loups-2-scaled.jpg?zoom=3&amp;resize=150%2C150 450w\" sizes=\"auto, (max-width: 150px) 100vw, 150px\" \/><\/a> <a href=\"https:\/\/i0.wp.com\/www.jojoenherbe.com\/wp-content\/uploads\/2021\/01\/Le-dernier-des-loups-scaled.jpg\"><img data-recalc-dims=\"1\" loading=\"lazy\" decoding=\"async\" data-attachment-id=\"14727\" data-permalink=\"https:\/\/www.jojoenherbe.com\/index.php\/2021\/01\/02\/un-second-rat-post-noel-2020\/le-dernier-des-loups\/\" data-orig-file=\"https:\/\/i0.wp.com\/www.jojoenherbe.com\/wp-content\/uploads\/2021\/01\/Le-dernier-des-loups-scaled.jpg?fit=2560%2C2156&amp;ssl=1\" data-orig-size=\"2560,2156\" data-comments-opened=\"1\" data-image-meta=\"{&quot;aperture&quot;:&quot;1.8&quot;,&quot;credit&quot;:&quot;&quot;,&quot;camera&quot;:&quot;iPhone 7&quot;,&quot;caption&quot;:&quot;&quot;,&quot;created_timestamp&quot;:&quot;1601047991&quot;,&quot;copyright&quot;:&quot;&quot;,&quot;focal_length&quot;:&quot;3.99&quot;,&quot;iso&quot;:&quot;100&quot;,&quot;shutter_speed&quot;:&quot;0.058823529411765&quot;,&quot;title&quot;:&quot;&quot;,&quot;orientation&quot;:&quot;1&quot;}\" data-image-title=\"Le dernier des loups\" data-image-description=\"\" data-image-caption=\"\" data-large-file=\"https:\/\/i0.wp.com\/www.jojoenherbe.com\/wp-content\/uploads\/2021\/01\/Le-dernier-des-loups-scaled.jpg?fit=676%2C569&amp;ssl=1\" class=\"size-thumbnail wp-image-14727 alignright\" src=\"https:\/\/i0.wp.com\/www.jojoenherbe.com\/wp-content\/uploads\/2021\/01\/Le-dernier-des-loups.jpg?resize=150%2C150\" alt=\"\" width=\"150\" height=\"150\" srcset=\"https:\/\/i0.wp.com\/www.jojoenherbe.com\/wp-content\/uploads\/2021\/01\/Le-dernier-des-loups-scaled.jpg?resize=150%2C150&amp;ssl=1 150w, https:\/\/i0.wp.com\/www.jojoenherbe.com\/wp-content\/uploads\/2021\/01\/Le-dernier-des-loups-scaled.jpg?zoom=2&amp;resize=150%2C150 300w, https:\/\/i0.wp.com\/www.jojoenherbe.com\/wp-content\/uploads\/2021\/01\/Le-dernier-des-loups-scaled.jpg?zoom=3&amp;resize=150%2C150 450w\" sizes=\"auto, (max-width: 150px) 100vw, 150px\" \/><\/a>Ce ne sera que le soir que nous lirons une autre histoire de loup pour l&rsquo;histoire du soir avec un magnifique album grand format, <span style=\"text-decoration: underline;\">Le dernier des loups<\/span> de S\u00e9bastien Perez et Justine Brax. Comme dans leurs albums pr\u00e9c\u00e9dents, il est question de qu\u00eate initiatique, un jeune gar\u00e7on archet partant \u00e0 la recherche du dernier loup. Un coup de c\u0153ur qui fera tr\u00e8s vite l&rsquo;objet d&rsquo;un billet \u00e0 part enti\u00e8re!<\/em><\/p>\n<p style=\"text-align: justify;\"><em>En soir\u00e9e, je pensai continuer <span style=\"text-decoration: underline;\">C\u0153ur de loup<\/span> mais finalement j&rsquo;ai regard\u00e9 \u00e0 la t\u00e9l\u00e9vision les deux premiers \u00e9pisodes de la saison 4 de <span style=\"text-decoration: underline;\">Poldark<\/span>.<\/em><\/p>\n<p style=\"text-align: justify;\"><em><a href=\"https:\/\/i0.wp.com\/www.jojoenherbe.com\/wp-content\/uploads\/2021\/01\/Coeur-de-loup-3-scaled.jpg\"><img data-recalc-dims=\"1\" loading=\"lazy\" decoding=\"async\" data-attachment-id=\"14729\" data-permalink=\"https:\/\/www.jojoenherbe.com\/index.php\/2021\/01\/02\/un-second-rat-post-noel-2020\/coeur-de-loup-3\/\" data-orig-file=\"https:\/\/i0.wp.com\/www.jojoenherbe.com\/wp-content\/uploads\/2021\/01\/Coeur-de-loup-3-scaled.jpg?fit=1920%2C2560&amp;ssl=1\" data-orig-size=\"1920,2560\" data-comments-opened=\"1\" data-image-meta=\"{&quot;aperture&quot;:&quot;1.8&quot;,&quot;credit&quot;:&quot;&quot;,&quot;camera&quot;:&quot;iPhone 7&quot;,&quot;caption&quot;:&quot;&quot;,&quot;created_timestamp&quot;:&quot;1609673467&quot;,&quot;copyright&quot;:&quot;&quot;,&quot;focal_length&quot;:&quot;3.99&quot;,&quot;iso&quot;:&quot;100&quot;,&quot;shutter_speed&quot;:&quot;0.25&quot;,&quot;title&quot;:&quot;&quot;,&quot;orientation&quot;:&quot;1&quot;}\" data-image-title=\"Coeur de loup 3\" data-image-description=\"\" data-image-caption=\"\" data-large-file=\"https:\/\/i0.wp.com\/www.jojoenherbe.com\/wp-content\/uploads\/2021\/01\/Coeur-de-loup-3-scaled.jpg?fit=676%2C901&amp;ssl=1\" class=\"size-thumbnail wp-image-14729 alignleft\" src=\"https:\/\/i0.wp.com\/www.jojoenherbe.com\/wp-content\/uploads\/2021\/01\/Coeur-de-loup-3.jpg?resize=150%2C150\" alt=\"\" width=\"150\" height=\"150\" srcset=\"https:\/\/i0.wp.com\/www.jojoenherbe.com\/wp-content\/uploads\/2021\/01\/Coeur-de-loup-3-scaled.jpg?resize=150%2C150&amp;ssl=1 150w, https:\/\/i0.wp.com\/www.jojoenherbe.com\/wp-content\/uploads\/2021\/01\/Coeur-de-loup-3-scaled.jpg?zoom=2&amp;resize=150%2C150 300w, https:\/\/i0.wp.com\/www.jojoenherbe.com\/wp-content\/uploads\/2021\/01\/Coeur-de-loup-3-scaled.jpg?zoom=3&amp;resize=150%2C150 450w\" sizes=\"auto, (max-width: 150px) 100vw, 150px\" \/><\/a><strong>Dimanche 3 janvier 2021<\/strong>: La matin\u00e9e \u00e9tant encore pluvieuse, je finis de lire <span style=\"text-decoration: underline;\">C\u0153ur de loup<\/span> (333 pages) avec cette jeune fille de 12 ans, F\u00e9odora, ma\u00eetre-loup comme sa m\u00e8re, emprisonn\u00e9e par l&rsquo;ignoble Rakov et qu&rsquo;elle tente de lib\u00e9rer avec l&rsquo;aide de ses loups et d&rsquo;un jeune soldat d\u00e9serteur, Ilya. Il me faut bien un nouveau caf\u00e9 pour me r\u00e9chauffer apr\u00e8s cette plong\u00e9e dans les for\u00eats enneig\u00e9es de Sib\u00e9rie \u00e0 l&rsquo;\u00e9poque du tsar et de la mont\u00e9e du bolchevisme (contexte historique qui ne sera peut-\u00eatre pas compris des plus jeunes lecteurs mais plut\u00f4t des coll\u00e9giens). Un bon moment de lecture en compagnie de jeunes protagonistes attachants et joliment d\u00e9crits dans les illustrations en noir et blanc parsemant le texte, m\u00eame si j&rsquo;aurai appr\u00e9ci\u00e9 un style d&rsquo;\u00e9criture plus travaill\u00e9 (m\u00eame pour un roman jeunesse)! Puis je fais un tour chez les autres participantes.<br \/>\n<\/em><\/p>\n<p style=\"text-align: justify;\"><em><a href=\"https:\/\/i0.wp.com\/www.jojoenherbe.com\/wp-content\/uploads\/2021\/01\/Calins-bisous-scaled.jpg\"><img data-recalc-dims=\"1\" loading=\"lazy\" decoding=\"async\" data-attachment-id=\"14744\" data-permalink=\"https:\/\/www.jojoenherbe.com\/index.php\/2021\/01\/02\/un-second-rat-post-noel-2020\/calins-bisous\/\" data-orig-file=\"https:\/\/i0.wp.com\/www.jojoenherbe.com\/wp-content\/uploads\/2021\/01\/Calins-bisous-scaled.jpg?fit=2560%2C1619&amp;ssl=1\" data-orig-size=\"2560,1619\" data-comments-opened=\"1\" data-image-meta=\"{&quot;aperture&quot;:&quot;1.8&quot;,&quot;credit&quot;:&quot;&quot;,&quot;camera&quot;:&quot;iPhone 7&quot;,&quot;caption&quot;:&quot;&quot;,&quot;created_timestamp&quot;:&quot;1609683769&quot;,&quot;copyright&quot;:&quot;&quot;,&quot;focal_length&quot;:&quot;3.99&quot;,&quot;iso&quot;:&quot;100&quot;,&quot;shutter_speed&quot;:&quot;0.071428571428571&quot;,&quot;title&quot;:&quot;&quot;,&quot;orientation&quot;:&quot;0&quot;}\" data-image-title=\"C\u00e2lins &amp;#8211; bisous\" data-image-description=\"\" data-image-caption=\"\" data-large-file=\"https:\/\/i0.wp.com\/www.jojoenherbe.com\/wp-content\/uploads\/2021\/01\/Calins-bisous-scaled.jpg?fit=676%2C428&amp;ssl=1\" class=\"size-thumbnail wp-image-14744 alignright\" src=\"https:\/\/i0.wp.com\/www.jojoenherbe.com\/wp-content\/uploads\/2021\/01\/Calins-bisous.jpg?resize=150%2C150\" alt=\"\" width=\"150\" height=\"150\" srcset=\"https:\/\/i0.wp.com\/www.jojoenherbe.com\/wp-content\/uploads\/2021\/01\/Calins-bisous-scaled.jpg?resize=150%2C150&amp;ssl=1 150w, https:\/\/i0.wp.com\/www.jojoenherbe.com\/wp-content\/uploads\/2021\/01\/Calins-bisous-scaled.jpg?zoom=2&amp;resize=150%2C150 300w, https:\/\/i0.wp.com\/www.jojoenherbe.com\/wp-content\/uploads\/2021\/01\/Calins-bisous-scaled.jpg?zoom=3&amp;resize=150%2C150 450w\" sizes=\"auto, (max-width: 150px) 100vw, 150px\" \/><\/a>En d\u00e9but d&rsquo;apr\u00e8s-midi, nous lisons des albums jeunesse. Nous commen\u00e7ons par deux albums jeunesse que nous appr\u00e9cions beaucoup et que nous avons choisi pour le premier th\u00e8me du challenge #lireenmaternelle2021 propos\u00e9 pour la premi\u00e8re fois cette ann\u00e9e sur Instagram par @lespetitsliserons et @lecturesdekik, \u00ab\u00a0Bisous\/C\u00e2lins\u00a0\u00bb: <span class=\"\"><a href=\"http:\/\/www.jojoenherbe.com\/index.php\/2020\/04\/22\/au-fil-des-pages-avec-pourquoi-moi-jai-jamais-de-calins\/\"><span style=\"text-decoration: underline;\">Pourquoi, moi, j\u2019ai jamais de c\u00e2lins?<\/span><\/a> de Christian Jolibois et Marianne Barcilon<\/span> (\u00e9d. Kal\u00e9idoscope, 2020) et <span class=\"\"><a href=\"http:\/\/www.jojoenherbe.com\/index.php\/2019\/06\/19\/au-fil-des-pages-avec-de-quelle-couleur-sont-les-bisous\/\"><span style=\"text-decoration: underline;\">De quelle couleur sont les bisous?<\/span><\/a> de Rocio Bonilla (\u00e9d. P\u00e8re Fouettard, 2018)<\/span>.<\/em><\/p>\n<p style=\"text-align: justify;\"><em><a href=\"https:\/\/i0.wp.com\/www.jojoenherbe.com\/wp-content\/uploads\/2021\/01\/Premiere-neige-scaled.jpg\"><img data-recalc-dims=\"1\" loading=\"lazy\" decoding=\"async\" data-attachment-id=\"14747\" data-permalink=\"https:\/\/www.jojoenherbe.com\/index.php\/2021\/01\/02\/un-second-rat-post-noel-2020\/premiere-neige\/\" data-orig-file=\"https:\/\/i0.wp.com\/www.jojoenherbe.com\/wp-content\/uploads\/2021\/01\/Premiere-neige-scaled.jpg?fit=2560%2C1822&amp;ssl=1\" data-orig-size=\"2560,1822\" data-comments-opened=\"1\" data-image-meta=\"{&quot;aperture&quot;:&quot;1.8&quot;,&quot;credit&quot;:&quot;&quot;,&quot;camera&quot;:&quot;iPhone 7&quot;,&quot;caption&quot;:&quot;&quot;,&quot;created_timestamp&quot;:&quot;1609409664&quot;,&quot;copyright&quot;:&quot;&quot;,&quot;focal_length&quot;:&quot;3.99&quot;,&quot;iso&quot;:&quot;100&quot;,&quot;shutter_speed&quot;:&quot;0.076923076923077&quot;,&quot;title&quot;:&quot;&quot;,&quot;orientation&quot;:&quot;1&quot;}\" data-image-title=\"Premi\u00e8re neige\" data-image-description=\"\" data-image-caption=\"\" data-large-file=\"https:\/\/i0.wp.com\/www.jojoenherbe.com\/wp-content\/uploads\/2021\/01\/Premiere-neige-scaled.jpg?fit=676%2C481&amp;ssl=1\" class=\"alignleft size-thumbnail wp-image-14747\" src=\"https:\/\/i0.wp.com\/www.jojoenherbe.com\/wp-content\/uploads\/2021\/01\/Premiere-neige.jpg?resize=150%2C150\" alt=\"\" width=\"150\" height=\"150\" srcset=\"https:\/\/i0.wp.com\/www.jojoenherbe.com\/wp-content\/uploads\/2021\/01\/Premiere-neige-scaled.jpg?resize=150%2C150&amp;ssl=1 150w, https:\/\/i0.wp.com\/www.jojoenherbe.com\/wp-content\/uploads\/2021\/01\/Premiere-neige-scaled.jpg?zoom=2&amp;resize=150%2C150 300w, https:\/\/i0.wp.com\/www.jojoenherbe.com\/wp-content\/uploads\/2021\/01\/Premiere-neige-scaled.jpg?zoom=3&amp;resize=150%2C150 450w\" sizes=\"auto, (max-width: 150px) 100vw, 150px\" \/><\/a> <a href=\"https:\/\/i0.wp.com\/www.jojoenherbe.com\/wp-content\/uploads\/2021\/01\/Premiere-neige-2-scaled.jpg\"><img data-recalc-dims=\"1\" loading=\"lazy\" decoding=\"async\" data-attachment-id=\"14746\" data-permalink=\"https:\/\/www.jojoenherbe.com\/index.php\/2021\/01\/02\/un-second-rat-post-noel-2020\/premiere-neige-2\/\" data-orig-file=\"https:\/\/i0.wp.com\/www.jojoenherbe.com\/wp-content\/uploads\/2021\/01\/Premiere-neige-2-scaled.jpg?fit=2560%2C1920&amp;ssl=1\" data-orig-size=\"2560,1920\" data-comments-opened=\"1\" data-image-meta=\"{&quot;aperture&quot;:&quot;1.8&quot;,&quot;credit&quot;:&quot;&quot;,&quot;camera&quot;:&quot;iPhone 7&quot;,&quot;caption&quot;:&quot;&quot;,&quot;created_timestamp&quot;:&quot;1609409761&quot;,&quot;copyright&quot;:&quot;&quot;,&quot;focal_length&quot;:&quot;3.99&quot;,&quot;iso&quot;:&quot;100&quot;,&quot;shutter_speed&quot;:&quot;0.11111111111111&quot;,&quot;title&quot;:&quot;&quot;,&quot;orientation&quot;:&quot;1&quot;}\" data-image-title=\"Premi\u00e8re neige 2\" data-image-description=\"\" data-image-caption=\"\" data-large-file=\"https:\/\/i0.wp.com\/www.jojoenherbe.com\/wp-content\/uploads\/2021\/01\/Premiere-neige-2-scaled.jpg?fit=676%2C507&amp;ssl=1\" class=\"alignleft size-thumbnail wp-image-14746\" src=\"https:\/\/i0.wp.com\/www.jojoenherbe.com\/wp-content\/uploads\/2021\/01\/Premiere-neige-2.jpg?resize=150%2C150\" alt=\"\" width=\"150\" height=\"150\" srcset=\"https:\/\/i0.wp.com\/www.jojoenherbe.com\/wp-content\/uploads\/2021\/01\/Premiere-neige-2-scaled.jpg?resize=150%2C150&amp;ssl=1 150w, https:\/\/i0.wp.com\/www.jojoenherbe.com\/wp-content\/uploads\/2021\/01\/Premiere-neige-2-scaled.jpg?zoom=2&amp;resize=150%2C150 300w, https:\/\/i0.wp.com\/www.jojoenherbe.com\/wp-content\/uploads\/2021\/01\/Premiere-neige-2-scaled.jpg?zoom=3&amp;resize=150%2C150 450w\" sizes=\"auto, (max-width: 150px) 100vw, 150px\" \/><\/a>Nous relisons \u00e9galement <a href=\"http:\/\/www.jojoenherbe.com\/index.php\/2021\/01\/04\/au-fil-des-pages-avec-premiere-neige\/\"><span style=\"text-decoration: underline;\">Premi\u00e8re neige<\/span><\/a> de Bomi Park (\u00e9d. Sarbacane, 2017), un album jeunesse \u00e0 partir de 3 ans. Quelle belle histoire douce et po\u00e9tique avec une petite fille qui d\u00e9couvre pour la premi\u00e8re la neige!<\/em><\/p>\n<p style=\"text-align: justify;\"><em><a href=\"https:\/\/i0.wp.com\/www.jojoenherbe.com\/wp-content\/uploads\/2021\/01\/Michka-2-scaled.jpg\"><img data-recalc-dims=\"1\" loading=\"lazy\" decoding=\"async\" data-attachment-id=\"14756\" data-permalink=\"https:\/\/www.jojoenherbe.com\/index.php\/2021\/01\/02\/un-second-rat-post-noel-2020\/michka-2\/\" data-orig-file=\"https:\/\/i0.wp.com\/www.jojoenherbe.com\/wp-content\/uploads\/2021\/01\/Michka-2-scaled.jpg?fit=2173%2C2560&amp;ssl=1\" data-orig-size=\"2173,2560\" data-comments-opened=\"1\" data-image-meta=\"{&quot;aperture&quot;:&quot;1.8&quot;,&quot;credit&quot;:&quot;&quot;,&quot;camera&quot;:&quot;iPhone 7&quot;,&quot;caption&quot;:&quot;&quot;,&quot;created_timestamp&quot;:&quot;1609750914&quot;,&quot;copyright&quot;:&quot;&quot;,&quot;focal_length&quot;:&quot;3.99&quot;,&quot;iso&quot;:&quot;100&quot;,&quot;shutter_speed&quot;:&quot;0.14285714285714&quot;,&quot;title&quot;:&quot;&quot;,&quot;orientation&quot;:&quot;1&quot;}\" data-image-title=\"Michka 2\" data-image-description=\"\" data-image-caption=\"\" data-large-file=\"https:\/\/i0.wp.com\/www.jojoenherbe.com\/wp-content\/uploads\/2021\/01\/Michka-2-scaled.jpg?fit=676%2C797&amp;ssl=1\" class=\"size-thumbnail wp-image-14756 alignright\" src=\"https:\/\/i0.wp.com\/www.jojoenherbe.com\/wp-content\/uploads\/2021\/01\/Michka-2.jpg?resize=150%2C150\" alt=\"\" width=\"150\" height=\"150\" srcset=\"https:\/\/i0.wp.com\/www.jojoenherbe.com\/wp-content\/uploads\/2021\/01\/Michka-2-scaled.jpg?resize=150%2C150&amp;ssl=1 150w, https:\/\/i0.wp.com\/www.jojoenherbe.com\/wp-content\/uploads\/2021\/01\/Michka-2-scaled.jpg?zoom=2&amp;resize=150%2C150 300w, https:\/\/i0.wp.com\/www.jojoenherbe.com\/wp-content\/uploads\/2021\/01\/Michka-2-scaled.jpg?zoom=3&amp;resize=150%2C150 450w\" sizes=\"auto, (max-width: 150px) 100vw, 150px\" \/><\/a> <a href=\"https:\/\/i0.wp.com\/www.jojoenherbe.com\/wp-content\/uploads\/2021\/01\/Michka-scaled.jpg\"><img data-recalc-dims=\"1\" loading=\"lazy\" decoding=\"async\" data-attachment-id=\"14757\" data-permalink=\"https:\/\/www.jojoenherbe.com\/index.php\/2021\/01\/02\/un-second-rat-post-noel-2020\/michka\/\" data-orig-file=\"https:\/\/i0.wp.com\/www.jojoenherbe.com\/wp-content\/uploads\/2021\/01\/Michka-scaled.jpg?fit=2560%2C2062&amp;ssl=1\" data-orig-size=\"2560,2062\" data-comments-opened=\"1\" data-image-meta=\"{&quot;aperture&quot;:&quot;1.8&quot;,&quot;credit&quot;:&quot;&quot;,&quot;camera&quot;:&quot;iPhone 7&quot;,&quot;caption&quot;:&quot;&quot;,&quot;created_timestamp&quot;:&quot;1609750742&quot;,&quot;copyright&quot;:&quot;&quot;,&quot;focal_length&quot;:&quot;3.99&quot;,&quot;iso&quot;:&quot;80&quot;,&quot;shutter_speed&quot;:&quot;0.25&quot;,&quot;title&quot;:&quot;&quot;,&quot;orientation&quot;:&quot;1&quot;}\" data-image-title=\"Michka\" data-image-description=\"\" data-image-caption=\"\" data-large-file=\"https:\/\/i0.wp.com\/www.jojoenherbe.com\/wp-content\/uploads\/2021\/01\/Michka-scaled.jpg?fit=676%2C545&amp;ssl=1\" class=\"size-thumbnail wp-image-14757 alignright\" src=\"https:\/\/i0.wp.com\/www.jojoenherbe.com\/wp-content\/uploads\/2021\/01\/Michka.jpg?resize=150%2C150\" alt=\"\" width=\"150\" height=\"150\" srcset=\"https:\/\/i0.wp.com\/www.jojoenherbe.com\/wp-content\/uploads\/2021\/01\/Michka-scaled.jpg?resize=150%2C150&amp;ssl=1 150w, https:\/\/i0.wp.com\/www.jojoenherbe.com\/wp-content\/uploads\/2021\/01\/Michka-scaled.jpg?zoom=2&amp;resize=150%2C150 300w, https:\/\/i0.wp.com\/www.jojoenherbe.com\/wp-content\/uploads\/2021\/01\/Michka-scaled.jpg?zoom=3&amp;resize=150%2C150 450w\" sizes=\"auto, (max-width: 150px) 100vw, 150px\" \/><\/a>Nous lisons \u00e9galement <a href=\"http:\/\/www.jojoenherbe.com\/index.php\/2021\/01\/05\/au-fil-des-pages-avec-michka\/\"><span style=\"text-decoration: underline;\">Michka<\/span><\/a> de Marie Colmont et Feodor Rojankovsky (\u00e9d. Flammarion Jeunesse, coll. P\u00e8re Castor, 1941, r\u00e9\u00e9d. 2013), un album jeunesse \u00e0 partir de 4 ans et donc nous avions lu il y a quelques temps une version plus r\u00e9cente illustr\u00e9e par Olivier Tallec (m\u00eame \u00e9diteur, 2011). Quel joli conte de No\u00ebl avec ce petit ourson en peluche, Michka, qui s&rsquo;enfuit de chez une petite fille qui maltraite ses jouets, d\u00e9couvre la libert\u00e9 dans une for\u00eat enneig\u00e9e et aide le Renne de No\u00ebl dans la distribution des cadeaux aux enfants!<\/em><\/p>\n<p style=\"text-align: justify;\"><em><a href=\"https:\/\/i0.wp.com\/www.jojoenherbe.com\/wp-content\/uploads\/2021\/01\/PAL-RAT-post-Noel-2020-scaled.jpg\"><img data-recalc-dims=\"1\" loading=\"lazy\" decoding=\"async\" data-attachment-id=\"14760\" data-permalink=\"https:\/\/www.jojoenherbe.com\/index.php\/2021\/01\/02\/un-second-rat-post-noel-2020\/pal-rat-post-noel-2020\/\" data-orig-file=\"https:\/\/i0.wp.com\/www.jojoenherbe.com\/wp-content\/uploads\/2021\/01\/PAL-RAT-post-Noel-2020-scaled.jpg?fit=2560%2C1697&amp;ssl=1\" data-orig-size=\"2560,1697\" data-comments-opened=\"1\" data-image-meta=\"{&quot;aperture&quot;:&quot;1.8&quot;,&quot;credit&quot;:&quot;&quot;,&quot;camera&quot;:&quot;iPhone 7&quot;,&quot;caption&quot;:&quot;&quot;,&quot;created_timestamp&quot;:&quot;1609750572&quot;,&quot;copyright&quot;:&quot;&quot;,&quot;focal_length&quot;:&quot;3.99&quot;,&quot;iso&quot;:&quot;100&quot;,&quot;shutter_speed&quot;:&quot;0.25&quot;,&quot;title&quot;:&quot;&quot;,&quot;orientation&quot;:&quot;1&quot;}\" data-image-title=\"PAL RAT post-No\u00ebl 2020\" data-image-description=\"\" data-image-caption=\"\" data-large-file=\"https:\/\/i0.wp.com\/www.jojoenherbe.com\/wp-content\/uploads\/2021\/01\/PAL-RAT-post-Noel-2020-scaled.jpg?fit=676%2C448&amp;ssl=1\" class=\"alignleft size-thumbnail wp-image-14760\" src=\"https:\/\/i0.wp.com\/www.jojoenherbe.com\/wp-content\/uploads\/2021\/01\/PAL-RAT-post-Noel-2020.jpg?resize=150%2C150\" alt=\"\" width=\"150\" height=\"150\" srcset=\"https:\/\/i0.wp.com\/www.jojoenherbe.com\/wp-content\/uploads\/2021\/01\/PAL-RAT-post-Noel-2020-scaled.jpg?resize=150%2C150&amp;ssl=1 150w, https:\/\/i0.wp.com\/www.jojoenherbe.com\/wp-content\/uploads\/2021\/01\/PAL-RAT-post-Noel-2020-scaled.jpg?zoom=2&amp;resize=150%2C150 300w, https:\/\/i0.wp.com\/www.jojoenherbe.com\/wp-content\/uploads\/2021\/01\/PAL-RAT-post-Noel-2020-scaled.jpg?zoom=3&amp;resize=150%2C150 450w\" sizes=\"auto, (max-width: 150px) 100vw, 150px\" \/><\/a>Pour les histoires du soir, nous relisons deux albums jeunesse \u00e0 partir de 3 ans: <a href=\"http:\/\/www.jojoenherbe.com\/index.php\/2021\/01\/13\/au-fil-des-pages-avec-il-etait-une-fois-le-feu-des-dragons\/\"><span style=\"text-decoration: underline;\">Il \u00e9tait une fois&#8230; le feu des dragons<\/span><\/a> de Beatrice Blue (\u00e9d. Little Urban, 2020) et <a href=\"http:\/\/www.jojoenherbe.com\/index.php\/2020\/02\/23\/au-fil-des-pages-avec-les-souris-vont-a-la-peche\/\"><span style=\"text-decoration: underline;\">Les souris vont \u00e0 la p\u00eache<\/span><\/a> de Haruo Yamashita et Kazuo Iwamura (\u00e9d. L\u2019\u00e9cole des loisirs, r\u00e9\u00e9d. 2019). <\/em><\/p>\n<p style=\"text-align: justify;\"><em><a href=\"https:\/\/i0.wp.com\/www.jojoenherbe.com\/wp-content\/uploads\/2021\/01\/Entre-neige-et-loup-2-scaled.jpg\"><img data-recalc-dims=\"1\" loading=\"lazy\" decoding=\"async\" data-attachment-id=\"14762\" data-permalink=\"https:\/\/www.jojoenherbe.com\/index.php\/2021\/01\/02\/un-second-rat-post-noel-2020\/entre-neige-et-loup-2\/\" data-orig-file=\"https:\/\/i0.wp.com\/www.jojoenherbe.com\/wp-content\/uploads\/2021\/01\/Entre-neige-et-loup-2-scaled.jpg?fit=1920%2C2560&amp;ssl=1\" data-orig-size=\"1920,2560\" data-comments-opened=\"1\" data-image-meta=\"{&quot;aperture&quot;:&quot;1.8&quot;,&quot;credit&quot;:&quot;&quot;,&quot;camera&quot;:&quot;iPhone 7&quot;,&quot;caption&quot;:&quot;&quot;,&quot;created_timestamp&quot;:&quot;1609751703&quot;,&quot;copyright&quot;:&quot;&quot;,&quot;focal_length&quot;:&quot;3.99&quot;,&quot;iso&quot;:&quot;80&quot;,&quot;shutter_speed&quot;:&quot;0.2&quot;,&quot;title&quot;:&quot;&quot;,&quot;orientation&quot;:&quot;1&quot;}\" data-image-title=\"Entre neige et loup 2\" data-image-description=\"\" data-image-caption=\"\" data-large-file=\"https:\/\/i0.wp.com\/www.jojoenherbe.com\/wp-content\/uploads\/2021\/01\/Entre-neige-et-loup-2-scaled.jpg?fit=676%2C901&amp;ssl=1\" class=\"size-thumbnail wp-image-14762 alignright\" src=\"https:\/\/i0.wp.com\/www.jojoenherbe.com\/wp-content\/uploads\/2021\/01\/Entre-neige-et-loup-2.jpg?resize=150%2C150\" alt=\"\" width=\"150\" height=\"150\" srcset=\"https:\/\/i0.wp.com\/www.jojoenherbe.com\/wp-content\/uploads\/2021\/01\/Entre-neige-et-loup-2-scaled.jpg?resize=150%2C150&amp;ssl=1 150w, https:\/\/i0.wp.com\/www.jojoenherbe.com\/wp-content\/uploads\/2021\/01\/Entre-neige-et-loup-2-scaled.jpg?zoom=2&amp;resize=150%2C150 300w, https:\/\/i0.wp.com\/www.jojoenherbe.com\/wp-content\/uploads\/2021\/01\/Entre-neige-et-loup-2-scaled.jpg?zoom=3&amp;resize=150%2C150 450w\" sizes=\"auto, (max-width: 150px) 100vw, 150px\" \/><\/a> <a href=\"https:\/\/i0.wp.com\/www.jojoenherbe.com\/wp-content\/uploads\/2021\/01\/Entre-neige-et-loup-scaled.jpg\"><img data-recalc-dims=\"1\" loading=\"lazy\" decoding=\"async\" data-attachment-id=\"14763\" data-permalink=\"https:\/\/www.jojoenherbe.com\/index.php\/2021\/01\/02\/un-second-rat-post-noel-2020\/entre-neige-et-loup\/\" data-orig-file=\"https:\/\/i0.wp.com\/www.jojoenherbe.com\/wp-content\/uploads\/2021\/01\/Entre-neige-et-loup-scaled.jpg?fit=2560%2C1879&amp;ssl=1\" data-orig-size=\"2560,1879\" data-comments-opened=\"1\" data-image-meta=\"{&quot;aperture&quot;:&quot;1.8&quot;,&quot;credit&quot;:&quot;&quot;,&quot;camera&quot;:&quot;iPhone 7&quot;,&quot;caption&quot;:&quot;&quot;,&quot;created_timestamp&quot;:&quot;1609751578&quot;,&quot;copyright&quot;:&quot;&quot;,&quot;focal_length&quot;:&quot;3.99&quot;,&quot;iso&quot;:&quot;80&quot;,&quot;shutter_speed&quot;:&quot;0.2&quot;,&quot;title&quot;:&quot;&quot;,&quot;orientation&quot;:&quot;1&quot;}\" data-image-title=\"Entre neige et loup\" data-image-description=\"\" data-image-caption=\"\" data-large-file=\"https:\/\/i0.wp.com\/www.jojoenherbe.com\/wp-content\/uploads\/2021\/01\/Entre-neige-et-loup-scaled.jpg?fit=676%2C496&amp;ssl=1\" class=\"size-thumbnail wp-image-14763 alignright\" src=\"https:\/\/i0.wp.com\/www.jojoenherbe.com\/wp-content\/uploads\/2021\/01\/Entre-neige-et-loup.jpg?resize=150%2C150\" alt=\"\" width=\"150\" height=\"150\" srcset=\"https:\/\/i0.wp.com\/www.jojoenherbe.com\/wp-content\/uploads\/2021\/01\/Entre-neige-et-loup-scaled.jpg?resize=150%2C150&amp;ssl=1 150w, https:\/\/i0.wp.com\/www.jojoenherbe.com\/wp-content\/uploads\/2021\/01\/Entre-neige-et-loup-scaled.jpg?zoom=2&amp;resize=150%2C150 300w, https:\/\/i0.wp.com\/www.jojoenherbe.com\/wp-content\/uploads\/2021\/01\/Entre-neige-et-loup-scaled.jpg?zoom=3&amp;resize=150%2C150 450w\" sizes=\"auto, (max-width: 150px) 100vw, 150px\" \/><\/a>En soir\u00e9e, je passe faire un dernier petit coucou chez les autres participantes et actualise ce billet de suivi. Je prends aussi de poster sur mon compte Instagram des oies illustr\u00e9es pour la semaine 38 de mon challenge de l&rsquo;alphabet des animaux illustr\u00e9s #jojoenherbeetcieillustre. Puis je finis les derni\u00e8res heures de ce marathon en commen\u00e7ant \u00e0 relire une BD jeunesse, <span style=\"text-decoration: underline;\">Entre neige et loup<\/span> d&rsquo;Agn\u00e8s Domergue et H\u00e9l\u00e8ne Canac.&nbsp;<\/em><\/p>\n<p style=\"text-align: justify;\"><em><strong>Petit bilan de ce marathon<\/strong>: en actualisant une derni\u00e8re fois ce billet, je me rends compte que nos lectures de ce week-end ont mis \u00e0 l&rsquo;honneur les loups dans des ambiances hivernales. Ce lundi matin, je referme la chambre de notre au chalet dans lequel nous avons \u00e9t\u00e9 si bien accueillis par Samarian et Chicky Poo. A l&rsquo;ann\u00e9e prochaine! Notre r\u00e9servation est d\u00e9j\u00e0 faite pour l&rsquo;\u00e9dition 2021, Il \u00e9tait 9 fois No\u00ebl.<br \/>\n<\/em><\/p>\n<div style=\"width: 146px\" class=\"wp-caption aligncenter\"><img loading=\"lazy\" decoding=\"async\" class=\"attachment-post-image  wp-post-image\" src=\"https:\/\/i1.wp.com\/www.jojoenherbe.com\/wp-content\/uploads\/2020\/11\/Logo_2_2020-1024x992-1.jpg?fit=676%2C655\" sizes=\"auto, (max-width: 676px) 100vw, 676px\" srcset=\"https:\/\/i1.wp.com\/www.jojoenherbe.com\/wp-content\/uploads\/2020\/11\/Logo_2_2020-1024x992-1.jpg?w=1024 1024w, https:\/\/i1.wp.com\/www.jojoenherbe.com\/wp-content\/uploads\/2020\/11\/Logo_2_2020-1024x992-1.jpg?resize=300%2C291 300w, https:\/\/i1.wp.com\/www.jojoenherbe.com\/wp-content\/uploads\/2020\/11\/Logo_2_2020-1024x992-1.jpg?resize=768%2C744 768w, https:\/\/i1.wp.com\/www.jojoenherbe.com\/wp-content\/uploads\/2020\/11\/Logo_2_2020-1024x992-1.jpg?resize=676%2C655 676w\" alt=\"\" data-attachment-id=\"13791\" data-permalink=\"http:\/\/www.jojoenherbe.com\/index.php\/2020\/11\/10\/billet-de-suivi-il-etait-8-fois-noel\/logo_2_2020-1024x992\/\" data-orig-file=\"https:\/\/i1.wp.com\/www.jojoenherbe.com\/wp-content\/uploads\/2020\/11\/Logo_2_2020-1024x992-1.jpg?fit=1024%2C992\" data-orig-size=\"1024,992\" data-comments-opened=\"1\" data-image-meta=\"{&quot;aperture&quot;:&quot;0&quot;,&quot;credit&quot;:&quot;&quot;,&quot;camera&quot;:&quot;&quot;,&quot;caption&quot;:&quot;&quot;,&quot;created_timestamp&quot;:&quot;0&quot;,&quot;copyright&quot;:&quot;&quot;,&quot;focal_length&quot;:&quot;0&quot;,&quot;iso&quot;:&quot;0&quot;,&quot;shutter_speed&quot;:&quot;0&quot;,&quot;title&quot;:&quot;&quot;,&quot;orientation&quot;:&quot;0&quot;}\" data-image-title=\"Logo_2_2020-1024\u00d7992\" data-image-description=\"\" data-medium-file=\"https:\/\/i1.wp.com\/www.jojoenherbe.com\/wp-content\/uploads\/2020\/11\/Logo_2_2020-1024x992-1.jpg?fit=300%2C291\" data-large-file=\"https:\/\/i1.wp.com\/www.jojoenherbe.com\/wp-content\/uploads\/2020\/11\/Logo_2_2020-1024x992-1.jpg?fit=676%2C655\" width=\"136\" height=\"132\"><p class=\"wp-caption-text\">Challenge Il \u00e9tait 8 fois No\u00ebl de <a href=\"https:\/\/www.laplanquealibellules.fr\/2020\/11\/il-etait-huit-fois-noel.html\/\">Chicky Poo<\/a> et <a href=\"https:\/\/viedecontedefee.blogspot.com\/2020\/11\/1638-il-etait-huit-fois-noel.html\">Samarian<\/a> #RAT post-No\u00ebl<\/p><\/div>\n","protected":false},"excerpt":{"rendered":"<p>Pour ce premier week-end de l&rsquo;ann\u00e9e 2021, Chicky Poo et Samarian nous propose de cl\u00f4turer leur challenge Il \u00e9tait 8 fois No\u00ebl par un RAT post-No\u00ebl 2020. Dans notre PAL de ce week-end, nous avons encore quelques lectures de No\u00ebl, des relectures sur le th\u00e8me de la galette des rois et aussi des lectures hivernales. [&hellip;]<\/p>\n","protected":false},"author":1,"featured_media":14711,"comment_status":"open","ping_status":"open","sticky":false,"template":"","format":"standard","meta":{"jetpack_post_was_ever_published":false,"_jetpack_newsletter_access":"","_jetpack_dont_email_post_to_subs":false,"_jetpack_newsletter_tier_id":0,"_jetpack_memberships_contains_paywalled_content":false,"_jetpack_memberships_contains_paid_content":false,"footnotes":""},"categories":[873,363],"tags":[409,1226,1117,367,1016,1056,789],"class_list":["post-14709","post","type-post","status-publish","format-standard","has-post-thumbnail","hentry","category-mini-challenger","category-mini-lecteur","tag-albums-jeunesse","tag-bd-jeunesse","tag-il-etait-8-fois-noel","tag-lecture-jeunesse","tag-lectures-dhiver","tag-lectures-de-noel","tag-romans-jeunesse","post-preview"],"jetpack_featured_media_url":"https:\/\/i0.wp.com\/www.jojoenherbe.com\/wp-content\/uploads\/2021\/01\/PAL-2e-RAT-de-Noel-et-de-lhiver-scaled.jpg?fit=2560%2C1816&ssl=1","jetpack_sharing_enabled":true,"jetpack_shortlink":"https:\/\/wp.me\/p9zhGx-3Pf","jetpack_likes_enabled":true,"jetpack-related-posts":[{"id":13574,"url":"https:\/\/www.jojoenherbe.com\/index.php\/2020\/11\/10\/billet-de-suivi-il-etait-8-fois-noel\/","url_meta":{"origin":14709,"position":0},"title":"Billet de suivi: Il \u00e9tait 8 fois No\u00ebl","author":"Jojo","date":"10 novembre 2020","format":false,"excerpt":"Le mois de d\u00e9cembre approchant, c'est le retour de Il \u00e9tait 8 fois No\u00ebl, un challenge de No\u00ebl organis\u00e9 par Chicky Poo et Samarian et qui se d\u00e9roule du 30 novembre 2020 au 3 janvier 2021. Pour plus d\u2019infos, n\u2019h\u00e9sitez pas \u00e0 aller sur leurs blogs. Ce billet sera actualis\u00e9\u2026","rel":"","context":"Dans &quot;Mini challenger&quot;","block_context":{"text":"Mini challenger","link":"https:\/\/www.jojoenherbe.com\/index.php\/category\/mini-challenger\/"},"img":{"alt_text":"","src":"https:\/\/i0.wp.com\/www.jojoenherbe.com\/wp-content\/uploads\/2020\/11\/Logo_2_2020-1024x992-1.jpg?fit=1024%2C992&ssl=1&resize=350%2C200","width":350,"height":200,"srcset":"https:\/\/i0.wp.com\/www.jojoenherbe.com\/wp-content\/uploads\/2020\/11\/Logo_2_2020-1024x992-1.jpg?fit=1024%2C992&ssl=1&resize=350%2C200 1x, https:\/\/i0.wp.com\/www.jojoenherbe.com\/wp-content\/uploads\/2020\/11\/Logo_2_2020-1024x992-1.jpg?fit=1024%2C992&ssl=1&resize=525%2C300 1.5x, https:\/\/i0.wp.com\/www.jojoenherbe.com\/wp-content\/uploads\/2020\/11\/Logo_2_2020-1024x992-1.jpg?fit=1024%2C992&ssl=1&resize=700%2C400 2x"},"classes":[]},{"id":9389,"url":"https:\/\/www.jojoenherbe.com\/index.php\/2020\/01\/03\/un-second-rat-post-noel\/","url_meta":{"origin":14709,"position":1},"title":"Un second RAT post-No\u00ebl","author":"Jojo","date":"3 janvier 2020","format":false,"excerpt":"Ce 3 janvier 2020 d\u00e9bute, \u00e0 21h, un second RAT dans le cadre du Challenge Il \u00e9tait 7 fois No\u00ebl organis\u00e9 par Chicky Poo et Samarian, et ce jusqu'au 5 janvier 2020 minuit. Nous sommes ainsi pass\u00e9s pour renouveler nos livres \u00e0 la biblioth\u00e8que cet apr\u00e8s-midi avec encore quelques albums\u2026","rel":"","context":"Dans &quot;Mini challenger&quot;","block_context":{"text":"Mini challenger","link":"https:\/\/www.jojoenherbe.com\/index.php\/category\/mini-challenger\/"},"img":{"alt_text":"","src":"https:\/\/i0.wp.com\/www.jojoenherbe.com\/wp-content\/uploads\/2020\/01\/RAT-de-No%C3%ABl.jpg?fit=1200%2C1071&ssl=1&resize=350%2C200","width":350,"height":200,"srcset":"https:\/\/i0.wp.com\/www.jojoenherbe.com\/wp-content\/uploads\/2020\/01\/RAT-de-No%C3%ABl.jpg?fit=1200%2C1071&ssl=1&resize=350%2C200 1x, https:\/\/i0.wp.com\/www.jojoenherbe.com\/wp-content\/uploads\/2020\/01\/RAT-de-No%C3%ABl.jpg?fit=1200%2C1071&ssl=1&resize=525%2C300 1.5x, https:\/\/i0.wp.com\/www.jojoenherbe.com\/wp-content\/uploads\/2020\/01\/RAT-de-No%C3%ABl.jpg?fit=1200%2C1071&ssl=1&resize=700%2C400 2x, https:\/\/i0.wp.com\/www.jojoenherbe.com\/wp-content\/uploads\/2020\/01\/RAT-de-No%C3%ABl.jpg?fit=1200%2C1071&ssl=1&resize=1050%2C600 3x"},"classes":[]},{"id":14380,"url":"https:\/\/www.jojoenherbe.com\/index.php\/2020\/12\/11\/un-premier-rat-de-noel-2020\/","url_meta":{"origin":14709,"position":2},"title":"Un premier RAT de No\u00ebl 2020","author":"Jojo","date":"11 d\u00e9cembre 2020","format":false,"excerpt":"Ce 11 d\u00e9cembre 2020 \u00e0 21h d\u00e9bute un premier RAT de No\u00ebl organis\u00e9 par Samarian et Chicky Poo dans le cadre du challenge \"Il \u00e9tait 8 fois No\u00ebl\", et ce jusqu'au 13 d\u00e9cembre minuit avec au moins une lecture sur le th\u00e8me de l\u2019hiver et\/ou de No\u00ebl. Alors on se\u2026","rel":"","context":"Dans &quot;Mini challenger&quot;","block_context":{"text":"Mini challenger","link":"https:\/\/www.jojoenherbe.com\/index.php\/category\/mini-challenger\/"},"img":{"alt_text":"","src":"https:\/\/i0.wp.com\/www.jojoenherbe.com\/wp-content\/uploads\/2020\/12\/PAL-du-1er-RAT-de-Noel-2020-scaled.jpg?fit=1200%2C774&ssl=1&resize=350%2C200","width":350,"height":200,"srcset":"https:\/\/i0.wp.com\/www.jojoenherbe.com\/wp-content\/uploads\/2020\/12\/PAL-du-1er-RAT-de-Noel-2020-scaled.jpg?fit=1200%2C774&ssl=1&resize=350%2C200 1x, https:\/\/i0.wp.com\/www.jojoenherbe.com\/wp-content\/uploads\/2020\/12\/PAL-du-1er-RAT-de-Noel-2020-scaled.jpg?fit=1200%2C774&ssl=1&resize=525%2C300 1.5x, https:\/\/i0.wp.com\/www.jojoenherbe.com\/wp-content\/uploads\/2020\/12\/PAL-du-1er-RAT-de-Noel-2020-scaled.jpg?fit=1200%2C774&ssl=1&resize=700%2C400 2x, https:\/\/i0.wp.com\/www.jojoenherbe.com\/wp-content\/uploads\/2020\/12\/PAL-du-1er-RAT-de-Noel-2020-scaled.jpg?fit=1200%2C774&ssl=1&resize=1050%2C600 3x"},"classes":[]},{"id":37533,"url":"https:\/\/www.jojoenherbe.com\/index.php\/2024\/12\/24\/au-fil-des-pages-avec-la-lettre-de-loup-au-pere-noel\/","url_meta":{"origin":14709,"position":3},"title":"Au fil des pages avec La lettre de Loup au P\u00e8re No\u00ebl","author":"Jojo","date":"24 d\u00e9cembre 2024","format":false,"excerpt":"Nous avons lu et relu avec mon mini lutin La lettre de Loup au P\u00e8re No\u00ebl de Shakti Staal et Marianne Barcilon (\u00e9d. Kal\u00e9idoscope, diff. L\u2019\u00e9cole des loisirs, novembre 2024, 40 pages), un album jeunesse grand format \u00e0 partir de 3 ans avec des flaps et des lettres \u00e0 ouvrir.\u2026","rel":"","context":"Dans &quot;Mini lecteur&quot;","block_context":{"text":"Mini lecteur","link":"https:\/\/www.jojoenherbe.com\/index.php\/category\/mini-lecteur\/"},"img":{"alt_text":"","src":"https:\/\/i0.wp.com\/www.jojoenherbe.com\/wp-content\/uploads\/2024\/12\/La-lettre-du-Loup-au-Pere-Noel-2-scaled.jpg?fit=1200%2C1011&ssl=1&resize=350%2C200","width":350,"height":200,"srcset":"https:\/\/i0.wp.com\/www.jojoenherbe.com\/wp-content\/uploads\/2024\/12\/La-lettre-du-Loup-au-Pere-Noel-2-scaled.jpg?fit=1200%2C1011&ssl=1&resize=350%2C200 1x, https:\/\/i0.wp.com\/www.jojoenherbe.com\/wp-content\/uploads\/2024\/12\/La-lettre-du-Loup-au-Pere-Noel-2-scaled.jpg?fit=1200%2C1011&ssl=1&resize=525%2C300 1.5x, https:\/\/i0.wp.com\/www.jojoenherbe.com\/wp-content\/uploads\/2024\/12\/La-lettre-du-Loup-au-Pere-Noel-2-scaled.jpg?fit=1200%2C1011&ssl=1&resize=700%2C400 2x, https:\/\/i0.wp.com\/www.jojoenherbe.com\/wp-content\/uploads\/2024\/12\/La-lettre-du-Loup-au-Pere-Noel-2-scaled.jpg?fit=1200%2C1011&ssl=1&resize=1050%2C600 3x"},"classes":[]},{"id":13964,"url":"https:\/\/www.jojoenherbe.com\/index.php\/2020\/11\/18\/notre-pal-albums-jeunesse-de-noel-2020\/","url_meta":{"origin":14709,"position":4},"title":"Notre PAL Albums jeunesse de No\u00ebl 2020","author":"Jojo","date":"18 novembre 2020","format":false,"excerpt":"En ce 18 novembre 2020, MyaRosa nous propose dans le cadre du challenge Christmas Time de pr\u00e9senter notre PAL de No\u00ebl. Alors voici la premi\u00e8re partie de notre PAL avec les albums jeunesse de nos biblioth\u00e8ques et ceux que j'ai d\u00e9j\u00e0 pu emprunt\u00e9s \u00e0 la m\u00e9diath\u00e8que le mois dernier, juste\u2026","rel":"","context":"Dans &quot;Mini lecteur&quot;","block_context":{"text":"Mini lecteur","link":"https:\/\/www.jojoenherbe.com\/index.php\/category\/mini-lecteur\/"},"img":{"alt_text":"","src":"https:\/\/i0.wp.com\/www.jojoenherbe.com\/wp-content\/uploads\/2020\/11\/PAL-Noel-2020-scaled.jpg?fit=1200%2C952&ssl=1&resize=350%2C200","width":350,"height":200,"srcset":"https:\/\/i0.wp.com\/www.jojoenherbe.com\/wp-content\/uploads\/2020\/11\/PAL-Noel-2020-scaled.jpg?fit=1200%2C952&ssl=1&resize=350%2C200 1x, https:\/\/i0.wp.com\/www.jojoenherbe.com\/wp-content\/uploads\/2020\/11\/PAL-Noel-2020-scaled.jpg?fit=1200%2C952&ssl=1&resize=525%2C300 1.5x, https:\/\/i0.wp.com\/www.jojoenherbe.com\/wp-content\/uploads\/2020\/11\/PAL-Noel-2020-scaled.jpg?fit=1200%2C952&ssl=1&resize=700%2C400 2x, https:\/\/i0.wp.com\/www.jojoenherbe.com\/wp-content\/uploads\/2020\/11\/PAL-Noel-2020-scaled.jpg?fit=1200%2C952&ssl=1&resize=1050%2C600 3x"},"classes":[]},{"id":14139,"url":"https:\/\/www.jojoenherbe.com\/index.php\/2020\/11\/30\/notre-pal-albums-jeunesse-de-noel-2020-2\/","url_meta":{"origin":14709,"position":5},"title":"Notre PAL Albums jeunesse de No\u00ebl 2020 #2","author":"Jojo","date":"30 novembre 2020","format":false,"excerpt":"Apr\u00e8s avoir pr\u00e9sent\u00e9 le 18 novembre 2020 la premi\u00e8re partie de notre PAL Albums jeunesse de No\u00ebl pour cette ann\u00e9e, voici une deuxi\u00e8me partie avec des albums jeunesse que j'ai pu emprunter \u00e0 la m\u00e9diath\u00e8que la semaine derni\u00e8re en attendant de d\u00e9couvrir ceux gliss\u00e9s dans le calendrier de l'Avent. Il\u2026","rel":"","context":"Dans &quot;Mini lecteur&quot;","block_context":{"text":"Mini lecteur","link":"https:\/\/www.jojoenherbe.com\/index.php\/category\/mini-lecteur\/"},"img":{"alt_text":"","src":"https:\/\/i0.wp.com\/www.jojoenherbe.com\/wp-content\/uploads\/2020\/11\/PAL-Noel-2020-2-1-scaled.jpg?fit=1200%2C900&ssl=1&resize=350%2C200","width":350,"height":200,"srcset":"https:\/\/i0.wp.com\/www.jojoenherbe.com\/wp-content\/uploads\/2020\/11\/PAL-Noel-2020-2-1-scaled.jpg?fit=1200%2C900&ssl=1&resize=350%2C200 1x, https:\/\/i0.wp.com\/www.jojoenherbe.com\/wp-content\/uploads\/2020\/11\/PAL-Noel-2020-2-1-scaled.jpg?fit=1200%2C900&ssl=1&resize=525%2C300 1.5x, https:\/\/i0.wp.com\/www.jojoenherbe.com\/wp-content\/uploads\/2020\/11\/PAL-Noel-2020-2-1-scaled.jpg?fit=1200%2C900&ssl=1&resize=700%2C400 2x, https:\/\/i0.wp.com\/www.jojoenherbe.com\/wp-content\/uploads\/2020\/11\/PAL-Noel-2020-2-1-scaled.jpg?fit=1200%2C900&ssl=1&resize=1050%2C600 3x"},"classes":[]}],"_links":{"self":[{"href":"https:\/\/www.jojoenherbe.com\/index.php\/wp-json\/wp\/v2\/posts\/14709","targetHints":{"allow":["GET"]}}],"collection":[{"href":"https:\/\/www.jojoenherbe.com\/index.php\/wp-json\/wp\/v2\/posts"}],"about":[{"href":"https:\/\/www.jojoenherbe.com\/index.php\/wp-json\/wp\/v2\/types\/post"}],"author":[{"embeddable":true,"href":"https:\/\/www.jojoenherbe.com\/index.php\/wp-json\/wp\/v2\/users\/1"}],"replies":[{"embeddable":true,"href":"https:\/\/www.jojoenherbe.com\/index.php\/wp-json\/wp\/v2\/comments?post=14709"}],"version-history":[{"count":0,"href":"https:\/\/www.jojoenherbe.com\/index.php\/wp-json\/wp\/v2\/posts\/14709\/revisions"}],"wp:featuredmedia":[{"embeddable":true,"href":"https:\/\/www.jojoenherbe.com\/index.php\/wp-json\/wp\/v2\/media\/14711"}],"wp:attachment":[{"href":"https:\/\/www.jojoenherbe.com\/index.php\/wp-json\/wp\/v2\/media?parent=14709"}],"wp:term":[{"taxonomy":"category","embeddable":true,"href":"https:\/\/www.jojoenherbe.com\/index.php\/wp-json\/wp\/v2\/categories?post=14709"},{"taxonomy":"post_tag","embeddable":true,"href":"https:\/\/www.jojoenherbe.com\/index.php\/wp-json\/wp\/v2\/tags?post=14709"}],"curies":[{"name":"wp","href":"https:\/\/api.w.org\/{rel}","templated":true}]}}