{"id":14591,"date":"2020-12-10T14:54:00","date_gmt":"2020-12-10T13:54:00","guid":{"rendered":"http:\/\/www.jojoenherbe.com\/?p=14591"},"modified":"2020-12-29T13:21:18","modified_gmt":"2020-12-29T12:21:18","slug":"au-fil-des-pages-avec-le-flocon-de-noelle","status":"publish","type":"post","link":"https:\/\/www.jojoenherbe.com\/index.php\/2020\/12\/10\/au-fil-des-pages-avec-le-flocon-de-noelle\/","title":{"rendered":"Au fil des pages avec Le flocon de No\u00eblle"},"content":{"rendered":"<p style=\"text-align: justify;\"><em><a href=\"https:\/\/i0.wp.com\/www.jojoenherbe.com\/wp-content\/uploads\/2020\/12\/Le-flocon-de-Noelle-4-scaled.jpg\"><img data-recalc-dims=\"1\" loading=\"lazy\" decoding=\"async\" data-attachment-id=\"14596\" data-permalink=\"https:\/\/www.jojoenherbe.com\/index.php\/2020\/12\/10\/au-fil-des-pages-avec-le-flocon-de-noelle\/le-flocon-de-noelle-4\/\" data-orig-file=\"https:\/\/i0.wp.com\/www.jojoenherbe.com\/wp-content\/uploads\/2020\/12\/Le-flocon-de-Noelle-4-scaled.jpg?fit=2560%2C1920&amp;ssl=1\" data-orig-size=\"2560,1920\" data-comments-opened=\"1\" data-image-meta=\"{&quot;aperture&quot;:&quot;1.8&quot;,&quot;credit&quot;:&quot;&quot;,&quot;camera&quot;:&quot;iPhone 7&quot;,&quot;caption&quot;:&quot;&quot;,&quot;created_timestamp&quot;:&quot;1607682910&quot;,&quot;copyright&quot;:&quot;&quot;,&quot;focal_length&quot;:&quot;3.99&quot;,&quot;iso&quot;:&quot;100&quot;,&quot;shutter_speed&quot;:&quot;0.11111111111111&quot;,&quot;title&quot;:&quot;&quot;,&quot;orientation&quot;:&quot;1&quot;}\" data-image-title=\"Le flocon de No\u00eblle 4\" data-image-description=\"\" data-image-caption=\"\" data-large-file=\"https:\/\/i0.wp.com\/www.jojoenherbe.com\/wp-content\/uploads\/2020\/12\/Le-flocon-de-Noelle-4-scaled.jpg?fit=676%2C507&amp;ssl=1\" class=\"alignleft size-thumbnail wp-image-14596\" src=\"https:\/\/i0.wp.com\/www.jojoenherbe.com\/wp-content\/uploads\/2020\/12\/Le-flocon-de-Noelle-4.jpg?resize=150%2C150\" alt=\"\" width=\"150\" height=\"150\" srcset=\"https:\/\/i0.wp.com\/www.jojoenherbe.com\/wp-content\/uploads\/2020\/12\/Le-flocon-de-Noelle-4-scaled.jpg?resize=150%2C150&amp;ssl=1 150w, https:\/\/i0.wp.com\/www.jojoenherbe.com\/wp-content\/uploads\/2020\/12\/Le-flocon-de-Noelle-4-scaled.jpg?zoom=2&amp;resize=150%2C150 300w, https:\/\/i0.wp.com\/www.jojoenherbe.com\/wp-content\/uploads\/2020\/12\/Le-flocon-de-Noelle-4-scaled.jpg?zoom=3&amp;resize=150%2C150 450w\" sizes=\"auto, (max-width: 150px) 100vw, 150px\" \/><\/a> <a href=\"https:\/\/i0.wp.com\/www.jojoenherbe.com\/wp-content\/uploads\/2020\/12\/Le-flocon-de-Noelle-5-scaled.jpg\"><img data-recalc-dims=\"1\" loading=\"lazy\" decoding=\"async\" data-attachment-id=\"14597\" data-permalink=\"https:\/\/www.jojoenherbe.com\/index.php\/2020\/12\/10\/au-fil-des-pages-avec-le-flocon-de-noelle\/le-flocon-de-noelle-5\/\" data-orig-file=\"https:\/\/i0.wp.com\/www.jojoenherbe.com\/wp-content\/uploads\/2020\/12\/Le-flocon-de-Noelle-5-scaled.jpg?fit=2560%2C1920&amp;ssl=1\" data-orig-size=\"2560,1920\" data-comments-opened=\"1\" data-image-meta=\"{&quot;aperture&quot;:&quot;1.8&quot;,&quot;credit&quot;:&quot;&quot;,&quot;camera&quot;:&quot;iPhone 7&quot;,&quot;caption&quot;:&quot;&quot;,&quot;created_timestamp&quot;:&quot;1607682926&quot;,&quot;copyright&quot;:&quot;&quot;,&quot;focal_length&quot;:&quot;3.99&quot;,&quot;iso&quot;:&quot;100&quot;,&quot;shutter_speed&quot;:&quot;0.11111111111111&quot;,&quot;title&quot;:&quot;&quot;,&quot;orientation&quot;:&quot;1&quot;}\" data-image-title=\"Le flocon de No\u00eblle 5\" data-image-description=\"\" data-image-caption=\"\" data-large-file=\"https:\/\/i0.wp.com\/www.jojoenherbe.com\/wp-content\/uploads\/2020\/12\/Le-flocon-de-Noelle-5-scaled.jpg?fit=676%2C507&amp;ssl=1\" class=\"alignleft size-thumbnail wp-image-14597\" src=\"https:\/\/i0.wp.com\/www.jojoenherbe.com\/wp-content\/uploads\/2020\/12\/Le-flocon-de-Noelle-5.jpg?resize=150%2C150\" alt=\"\" width=\"150\" height=\"150\" srcset=\"https:\/\/i0.wp.com\/www.jojoenherbe.com\/wp-content\/uploads\/2020\/12\/Le-flocon-de-Noelle-5-scaled.jpg?resize=150%2C150&amp;ssl=1 150w, https:\/\/i0.wp.com\/www.jojoenherbe.com\/wp-content\/uploads\/2020\/12\/Le-flocon-de-Noelle-5-scaled.jpg?zoom=2&amp;resize=150%2C150 300w, https:\/\/i0.wp.com\/www.jojoenherbe.com\/wp-content\/uploads\/2020\/12\/Le-flocon-de-Noelle-5-scaled.jpg?zoom=3&amp;resize=150%2C150 450w\" sizes=\"auto, (max-width: 150px) 100vw, 150px\" \/><\/a>J10 <span class=\"\">de notre calendrier livresque de No\u00ebl<\/span>: <span style=\"text-decoration: underline;\">Le flocon de No\u00eblle<\/span> de Benji Davies (\u00e9d. Milan, 2020), un album jeunesse \u00e0 partir de 3 ans. A l&rsquo;approche de No\u00ebl, un flocon de neige vient de se former et cherche un endroit o\u00f9 se poser. Loin de l\u00e0, No\u00eblle, une petite fille attend patiemment No\u00ebl. Devant un grand et majestueux sapin de No\u00ebl en vitrine, le flocon et la petite fille r\u00eave pour l&rsquo;un d&rsquo;\u00eatre \u00e0 la place de l&rsquo;\u00e9toile dor\u00e9e et pour l&rsquo;autre d&rsquo;avoir un tel sapin chez elle. Et si en ce jour de No\u00ebl, leur rencontre \u00e9tait possible?<br \/>\n<\/em><\/p>\n<p style=\"text-align: justify;\"><em><a href=\"https:\/\/i0.wp.com\/www.jojoenherbe.com\/wp-content\/uploads\/2020\/12\/Le-flocon-de-Noelle-3-scaled.jpg\"><img data-recalc-dims=\"1\" loading=\"lazy\" decoding=\"async\" data-attachment-id=\"14595\" data-permalink=\"https:\/\/www.jojoenherbe.com\/index.php\/2020\/12\/10\/au-fil-des-pages-avec-le-flocon-de-noelle\/le-flocon-de-noelle-3\/\" data-orig-file=\"https:\/\/i0.wp.com\/www.jojoenherbe.com\/wp-content\/uploads\/2020\/12\/Le-flocon-de-Noelle-3-scaled.jpg?fit=2560%2C1920&amp;ssl=1\" data-orig-size=\"2560,1920\" data-comments-opened=\"1\" data-image-meta=\"{&quot;aperture&quot;:&quot;1.8&quot;,&quot;credit&quot;:&quot;&quot;,&quot;camera&quot;:&quot;iPhone 7&quot;,&quot;caption&quot;:&quot;&quot;,&quot;created_timestamp&quot;:&quot;1607682874&quot;,&quot;copyright&quot;:&quot;&quot;,&quot;focal_length&quot;:&quot;3.99&quot;,&quot;iso&quot;:&quot;100&quot;,&quot;shutter_speed&quot;:&quot;0.090909090909091&quot;,&quot;title&quot;:&quot;&quot;,&quot;orientation&quot;:&quot;1&quot;}\" data-image-title=\"Le flocon de No\u00eblle 3\" data-image-description=\"\" data-image-caption=\"\" data-large-file=\"https:\/\/i0.wp.com\/www.jojoenherbe.com\/wp-content\/uploads\/2020\/12\/Le-flocon-de-Noelle-3-scaled.jpg?fit=676%2C507&amp;ssl=1\" class=\"size-thumbnail wp-image-14595 alignright\" src=\"https:\/\/i0.wp.com\/www.jojoenherbe.com\/wp-content\/uploads\/2020\/12\/Le-flocon-de-Noelle-3.jpg?resize=150%2C150\" alt=\"\" width=\"150\" height=\"150\" srcset=\"https:\/\/i0.wp.com\/www.jojoenherbe.com\/wp-content\/uploads\/2020\/12\/Le-flocon-de-Noelle-3-scaled.jpg?resize=150%2C150&amp;ssl=1 150w, https:\/\/i0.wp.com\/www.jojoenherbe.com\/wp-content\/uploads\/2020\/12\/Le-flocon-de-Noelle-3-scaled.jpg?zoom=2&amp;resize=150%2C150 300w, https:\/\/i0.wp.com\/www.jojoenherbe.com\/wp-content\/uploads\/2020\/12\/Le-flocon-de-Noelle-3-scaled.jpg?zoom=3&amp;resize=150%2C150 450w\" sizes=\"auto, (max-width: 150px) 100vw, 150px\" \/><\/a>Nous appr\u00e9cions d\u00e9j\u00e0 beaucoup cet auteur\/illustrateur, que ce soit avec sa s\u00e9rie consacr\u00e9e \u00e0 No\u00e9 et la baleine ou les \u00ab\u00a0Dis Ours\u00a0\u00bb. Alors quand j&rsquo;ai vu que paraissait un nouvel album jeunesse, je l&rsquo;ai achet\u00e9 le jour m\u00eame de sa sortie pour le glisser dans notre s\u00e9lection de cadeaux pour le calendrier de No\u00ebl de cette ann\u00e9e. Et forc\u00e9ment c&rsquo;est un coup de c\u0153ur pour cette belle histoire de No\u00ebl. L&rsquo;histoire est vraiment mignonne avec cette rencontre entre un flocon qui cherche un endroit o\u00f9 se poser et No\u00eblle, une petite fille en plein pr\u00e9paratif de son sapin de No\u00ebl. Le texte alterne entre le flocon de neige et la petite fille. Les illustrations sont magnifiques et pleines de tendresse, avec une pointe d&rsquo;humour dans certains d\u00e9tails comme le passage avec le chat. Nous voyons bien que la famille de la petite fille n&rsquo;est pas bien riche mais que l&rsquo;esprit de No\u00ebl rime avec simplicit\u00e9, chaleur du foyer et magie de No\u00ebl (sans P\u00e8re No\u00ebl), ce qui m&rsquo;a fait penser un peu \u00e0 <span style=\"text-decoration: underline;\">L&rsquo;arbre de No\u00ebl<\/span> de Delia Huddy et Emily Sutton (\u00e9d. des El\u00e9phants). De bien jolies valeurs en ces temps de f\u00eates de fin d&rsquo;ann\u00e9e!<br \/>\n<\/em><\/p>\n<div style=\"width: 149px\" class=\"wp-caption alignleft\"><img data-recalc-dims=\"1\" loading=\"lazy\" decoding=\"async\" src=\"https:\/\/i0.wp.com\/image.over-blog.com\/QtkiuqWdwqgDD5PoRaYFPXM2rUQ%3D\/filters%3Ano_upscale%28%29\/image%2F1490149%2F20201109%2Fob_3a58b1_christmastime2020logo1.jpg?resize=139%2C140&#038;ssl=1\" alt=\"\" width=\"139\" height=\"140\" data-amp-height=\"352\" data-amp-width=\"350\" \/><p class=\"wp-caption-text\">Challenge Christmas Time de <a href=\"http:\/\/mya.books.over-blog.com\/2020\/11\/challenge-christmas-time-2020.html\">MyaRosa<\/a> #Album jeunesse<\/p><\/div>\n<div style=\"width: 146px\" class=\"wp-caption alignleft\"><img loading=\"lazy\" decoding=\"async\" class=\"attachment-post-image  wp-post-image\" src=\"https:\/\/i1.wp.com\/www.jojoenherbe.com\/wp-content\/uploads\/2020\/11\/Logo_2_2020-1024x992-1.jpg?fit=676%2C655\" sizes=\"auto, (max-width: 676px) 100vw, 676px\" srcset=\"https:\/\/i1.wp.com\/www.jojoenherbe.com\/wp-content\/uploads\/2020\/11\/Logo_2_2020-1024x992-1.jpg?w=1024 1024w, https:\/\/i1.wp.com\/www.jojoenherbe.com\/wp-content\/uploads\/2020\/11\/Logo_2_2020-1024x992-1.jpg?resize=300%2C291 300w, https:\/\/i1.wp.com\/www.jojoenherbe.com\/wp-content\/uploads\/2020\/11\/Logo_2_2020-1024x992-1.jpg?resize=768%2C744 768w, https:\/\/i1.wp.com\/www.jojoenherbe.com\/wp-content\/uploads\/2020\/11\/Logo_2_2020-1024x992-1.jpg?resize=676%2C655 676w\" alt=\"\" width=\"136\" height=\"132\" data-attachment-id=\"13791\" data-permalink=\"http:\/\/www.jojoenherbe.com\/index.php\/2020\/11\/10\/billet-de-suivi-il-etait-8-fois-noel\/logo_2_2020-1024x992\/\" data-orig-file=\"https:\/\/i1.wp.com\/www.jojoenherbe.com\/wp-content\/uploads\/2020\/11\/Logo_2_2020-1024x992-1.jpg?fit=1024%2C992\" data-orig-size=\"1024,992\" data-comments-opened=\"1\" data-image-meta=\"{&quot;aperture&quot;:&quot;0&quot;,&quot;credit&quot;:&quot;&quot;,&quot;camera&quot;:&quot;&quot;,&quot;caption&quot;:&quot;&quot;,&quot;created_timestamp&quot;:&quot;0&quot;,&quot;copyright&quot;:&quot;&quot;,&quot;focal_length&quot;:&quot;0&quot;,&quot;iso&quot;:&quot;0&quot;,&quot;shutter_speed&quot;:&quot;0&quot;,&quot;title&quot;:&quot;&quot;,&quot;orientation&quot;:&quot;0&quot;}\" data-image-title=\"Logo_2_2020-1024\u00d7992\" data-image-description=\"\" data-medium-file=\"https:\/\/i1.wp.com\/www.jojoenherbe.com\/wp-content\/uploads\/2020\/11\/Logo_2_2020-1024x992-1.jpg?fit=300%2C291\" data-large-file=\"https:\/\/i1.wp.com\/www.jojoenherbe.com\/wp-content\/uploads\/2020\/11\/Logo_2_2020-1024x992-1.jpg?fit=676%2C655\" \/><p class=\"wp-caption-text\">Challenge Il \u00e9tait 8 fois No\u00ebl de <a href=\"https:\/\/www.laplanquealibellules.fr\/2020\/11\/il-etait-huit-fois-noel.html\/\">Chicky Poo<\/a> et <a href=\"https:\/\/viedecontedefee.blogspot.com\/2020\/11\/1638-il-etait-huit-fois-noel.html\">Samarian<\/a> #Album Jeunesse<\/p><\/div>\n","protected":false},"excerpt":{"rendered":"<p>J10 de notre calendrier livresque de No\u00ebl: Le flocon de No\u00eblle de Benji Davies (\u00e9d. Milan, 2020), un album jeunesse \u00e0 partir de 3 ans. A l&rsquo;approche de No\u00ebl, un flocon de neige vient de se former et cherche un endroit o\u00f9 se poser. Loin de l\u00e0, No\u00eblle, une petite fille attend patiemment No\u00ebl. Devant [&hellip;]<\/p>\n","protected":false},"author":1,"featured_media":14598,"comment_status":"open","ping_status":"open","sticky":false,"template":"","format":"standard","meta":{"jetpack_post_was_ever_published":false,"_jetpack_newsletter_access":"","_jetpack_dont_email_post_to_subs":false,"_jetpack_newsletter_tier_id":0,"_jetpack_memberships_contains_paywalled_content":false,"_jetpack_memberships_contains_paid_content":false,"footnotes":""},"categories":[363],"tags":[785,409,1479,1931,1174,365,1117,367,1056,369,19,956,1066,348],"class_list":["post-14591","post","type-post","status-publish","format-standard","has-post-thumbnail","hentry","category-mini-lecteur","tag-3-6-ans","tag-albums-jeunesse","tag-benji-davies","tag-challenge-christmas-time-2020","tag-flocon-de-neige","tag-hiver","tag-il-etait-8-fois-noel","tag-lecture-jeunesse","tag-lectures-de-noel","tag-neige","tag-noel","tag-petite-fille","tag-preparatifs","tag-sapin-de-noel","post-preview"],"jetpack_featured_media_url":"https:\/\/i0.wp.com\/www.jojoenherbe.com\/wp-content\/uploads\/2020\/12\/Le-flocon-de-Noelle-scaled.jpg?fit=2560%2C1920&ssl=1","jetpack_sharing_enabled":true,"jetpack_shortlink":"https:\/\/wp.me\/p9zhGx-3Nl","jetpack_likes_enabled":true,"jetpack-related-posts":[{"id":13786,"url":"https:\/\/www.jojoenherbe.com\/index.php\/2020\/11\/10\/billet-de-suivi-challenge-christmas-time-2020\/","url_meta":{"origin":14591,"position":0},"title":"Billet de suivi: Challenge Christmas Time 2020","author":"Jojo","date":"10 novembre 2020","format":false,"excerpt":"Le mois de d\u00e9cembre approchant, c'est le retour du Challenge Christmas Time 2020, un challenge de No\u00ebl organis\u00e9 par MyaRosa et qui se d\u00e9roule du 9 novembre 2020 au 12 janvier 2021. Pour plus d\u2019infos, n\u2019h\u00e9sitez pas \u00e0 aller sur son blog. Ce billet sera actualis\u00e9 au fil du mois\u2026","rel":"","context":"Dans &quot;Mini challenger&quot;","block_context":{"text":"Mini challenger","link":"https:\/\/www.jojoenherbe.com\/index.php\/category\/mini-challenger\/"},"img":{"alt_text":"","src":"https:\/\/i0.wp.com\/www.jojoenherbe.com\/wp-content\/uploads\/2020\/11\/image_1490149_20201109_ob_f79ca9_jkhkjkjhh.jpg?fit=564%2C449&ssl=1&resize=350%2C200","width":350,"height":200,"srcset":"https:\/\/i0.wp.com\/www.jojoenherbe.com\/wp-content\/uploads\/2020\/11\/image_1490149_20201109_ob_f79ca9_jkhkjkjhh.jpg?fit=564%2C449&ssl=1&resize=350%2C200 1x, https:\/\/i0.wp.com\/www.jojoenherbe.com\/wp-content\/uploads\/2020\/11\/image_1490149_20201109_ob_f79ca9_jkhkjkjhh.jpg?fit=564%2C449&ssl=1&resize=525%2C300 1.5x"},"classes":[]},{"id":13574,"url":"https:\/\/www.jojoenherbe.com\/index.php\/2020\/11\/10\/billet-de-suivi-il-etait-8-fois-noel\/","url_meta":{"origin":14591,"position":1},"title":"Billet de suivi: Il \u00e9tait 8 fois No\u00ebl","author":"Jojo","date":"10 novembre 2020","format":false,"excerpt":"Le mois de d\u00e9cembre approchant, c'est le retour de Il \u00e9tait 8 fois No\u00ebl, un challenge de No\u00ebl organis\u00e9 par Chicky Poo et Samarian et qui se d\u00e9roule du 30 novembre 2020 au 3 janvier 2021. Pour plus d\u2019infos, n\u2019h\u00e9sitez pas \u00e0 aller sur leurs blogs. Ce billet sera actualis\u00e9\u2026","rel":"","context":"Dans &quot;Mini challenger&quot;","block_context":{"text":"Mini challenger","link":"https:\/\/www.jojoenherbe.com\/index.php\/category\/mini-challenger\/"},"img":{"alt_text":"","src":"https:\/\/i0.wp.com\/www.jojoenherbe.com\/wp-content\/uploads\/2020\/11\/Logo_2_2020-1024x992-1.jpg?fit=1024%2C992&ssl=1&resize=350%2C200","width":350,"height":200,"srcset":"https:\/\/i0.wp.com\/www.jojoenherbe.com\/wp-content\/uploads\/2020\/11\/Logo_2_2020-1024x992-1.jpg?fit=1024%2C992&ssl=1&resize=350%2C200 1x, https:\/\/i0.wp.com\/www.jojoenherbe.com\/wp-content\/uploads\/2020\/11\/Logo_2_2020-1024x992-1.jpg?fit=1024%2C992&ssl=1&resize=525%2C300 1.5x, https:\/\/i0.wp.com\/www.jojoenherbe.com\/wp-content\/uploads\/2020\/11\/Logo_2_2020-1024x992-1.jpg?fit=1024%2C992&ssl=1&resize=700%2C400 2x"},"classes":[]},{"id":14380,"url":"https:\/\/www.jojoenherbe.com\/index.php\/2020\/12\/11\/un-premier-rat-de-noel-2020\/","url_meta":{"origin":14591,"position":2},"title":"Un premier RAT de No\u00ebl 2020","author":"Jojo","date":"11 d\u00e9cembre 2020","format":false,"excerpt":"Ce 11 d\u00e9cembre 2020 \u00e0 21h d\u00e9bute un premier RAT de No\u00ebl organis\u00e9 par Samarian et Chicky Poo dans le cadre du challenge \"Il \u00e9tait 8 fois No\u00ebl\", et ce jusqu'au 13 d\u00e9cembre minuit avec au moins une lecture sur le th\u00e8me de l\u2019hiver et\/ou de No\u00ebl. Alors on se\u2026","rel":"","context":"Dans &quot;Mini challenger&quot;","block_context":{"text":"Mini challenger","link":"https:\/\/www.jojoenherbe.com\/index.php\/category\/mini-challenger\/"},"img":{"alt_text":"","src":"https:\/\/i0.wp.com\/www.jojoenherbe.com\/wp-content\/uploads\/2020\/12\/PAL-du-1er-RAT-de-Noel-2020-scaled.jpg?fit=1200%2C774&ssl=1&resize=350%2C200","width":350,"height":200,"srcset":"https:\/\/i0.wp.com\/www.jojoenherbe.com\/wp-content\/uploads\/2020\/12\/PAL-du-1er-RAT-de-Noel-2020-scaled.jpg?fit=1200%2C774&ssl=1&resize=350%2C200 1x, https:\/\/i0.wp.com\/www.jojoenherbe.com\/wp-content\/uploads\/2020\/12\/PAL-du-1er-RAT-de-Noel-2020-scaled.jpg?fit=1200%2C774&ssl=1&resize=525%2C300 1.5x, https:\/\/i0.wp.com\/www.jojoenherbe.com\/wp-content\/uploads\/2020\/12\/PAL-du-1er-RAT-de-Noel-2020-scaled.jpg?fit=1200%2C774&ssl=1&resize=700%2C400 2x, https:\/\/i0.wp.com\/www.jojoenherbe.com\/wp-content\/uploads\/2020\/12\/PAL-du-1er-RAT-de-Noel-2020-scaled.jpg?fit=1200%2C774&ssl=1&resize=1050%2C600 3x"},"classes":[]},{"id":22999,"url":"https:\/\/www.jojoenherbe.com\/index.php\/2021\/12\/20\/au-fil-des-pages-avec-reve-de-neige\/","url_meta":{"origin":14591,"position":3},"title":"Au fil des pages avec R\u00eave de neige","author":"Jojo","date":"20 d\u00e9cembre 2021","format":false,"excerpt":"D\u00e9couvert \u00e0 l\u2019ouverture de la case 8 de notre calendrier de No\u00ebl, nous lisons et relisons depuis R\u00eave de neige de Sibylle Delacroix (\u00e9d. Bayard Jeunesse, 2021), un album \u00e0 partir de 3 ans et dans lequel nous retrouvons avec plaisir les deux enfants de Graines de sable (une histoire\u2026","rel":"","context":"Dans &quot;Mini lecteur&quot;","block_context":{"text":"Mini lecteur","link":"https:\/\/www.jojoenherbe.com\/index.php\/category\/mini-lecteur\/"},"img":{"alt_text":"","src":"https:\/\/i0.wp.com\/www.jojoenherbe.com\/wp-content\/uploads\/2021\/12\/Reve-de-neige-2-2-scaled.jpg?fit=1200%2C862&ssl=1&resize=350%2C200","width":350,"height":200,"srcset":"https:\/\/i0.wp.com\/www.jojoenherbe.com\/wp-content\/uploads\/2021\/12\/Reve-de-neige-2-2-scaled.jpg?fit=1200%2C862&ssl=1&resize=350%2C200 1x, https:\/\/i0.wp.com\/www.jojoenherbe.com\/wp-content\/uploads\/2021\/12\/Reve-de-neige-2-2-scaled.jpg?fit=1200%2C862&ssl=1&resize=525%2C300 1.5x, https:\/\/i0.wp.com\/www.jojoenherbe.com\/wp-content\/uploads\/2021\/12\/Reve-de-neige-2-2-scaled.jpg?fit=1200%2C862&ssl=1&resize=700%2C400 2x, https:\/\/i0.wp.com\/www.jojoenherbe.com\/wp-content\/uploads\/2021\/12\/Reve-de-neige-2-2-scaled.jpg?fit=1200%2C862&ssl=1&resize=1050%2C600 3x"},"classes":[]},{"id":38177,"url":"https:\/\/www.jojoenherbe.com\/index.php\/2025\/01\/24\/au-fil-des-pages-avec-quelque-part-dans-la-neige\/","url_meta":{"origin":14591,"position":4},"title":"Au fil des pages avec Quelque part dans la neige","author":"Jojo","date":"24 janvier 2025","format":false,"excerpt":"Nous avons relu Quelque part dans la neige de Linde Faas (\u00e9d. Kal\u00e9idoscope, diff. L'\u00e9cole des loisirs, d\u00e9cembre 2023, 36 pages), un album jeunesse grand format \u00e0 partir de 3 ans qui se d\u00e9roule pendant No\u00ebl. Alors que la plupart des gens sont en pleins pr\u00e9paratifs de No\u00ebl, ce n'est\u2026","rel":"","context":"Dans &quot;Mini lecteur&quot;","block_context":{"text":"Mini lecteur","link":"https:\/\/www.jojoenherbe.com\/index.php\/category\/mini-lecteur\/"},"img":{"alt_text":"","src":"https:\/\/i0.wp.com\/www.jojoenherbe.com\/wp-content\/uploads\/2025\/01\/Quelque-part-dans-la-neige-2-scaled.jpg?fit=1200%2C1040&ssl=1&resize=350%2C200","width":350,"height":200,"srcset":"https:\/\/i0.wp.com\/www.jojoenherbe.com\/wp-content\/uploads\/2025\/01\/Quelque-part-dans-la-neige-2-scaled.jpg?fit=1200%2C1040&ssl=1&resize=350%2C200 1x, https:\/\/i0.wp.com\/www.jojoenherbe.com\/wp-content\/uploads\/2025\/01\/Quelque-part-dans-la-neige-2-scaled.jpg?fit=1200%2C1040&ssl=1&resize=525%2C300 1.5x, https:\/\/i0.wp.com\/www.jojoenherbe.com\/wp-content\/uploads\/2025\/01\/Quelque-part-dans-la-neige-2-scaled.jpg?fit=1200%2C1040&ssl=1&resize=700%2C400 2x, https:\/\/i0.wp.com\/www.jojoenherbe.com\/wp-content\/uploads\/2025\/01\/Quelque-part-dans-la-neige-2-scaled.jpg?fit=1200%2C1040&ssl=1&resize=1050%2C600 3x"},"classes":[]},{"id":14179,"url":"https:\/\/www.jojoenherbe.com\/index.php\/2020\/12\/01\/au-fil-des-pages-avec-23-decembre\/","url_meta":{"origin":14591,"position":5},"title":"Au fil des pages avec 23 d\u00e9cembre","author":"Jojo","date":"1 d\u00e9cembre 2020","format":false,"excerpt":"Nous empruntons \u00e0 la m\u00e9diath\u00e8que 23 d\u00e9cembre de Michel Gay (\u00e9d. L'\u00e9cole des loisirs, 2000), un album jeunesse \u00e0 partir de 3 ans. C'est d\u00e9j\u00e0 le 23 d\u00e9cembre. Marijo, une petite fille accompagn\u00e9e de son chien et de sa ch\u00e8vre, s'en va chercher le sapin de No\u00ebl. Mais trois petits\u2026","rel":"","context":"Dans &quot;Mini lecteur&quot;","block_context":{"text":"Mini lecteur","link":"https:\/\/www.jojoenherbe.com\/index.php\/category\/mini-lecteur\/"},"img":{"alt_text":"","src":"https:\/\/i0.wp.com\/www.jojoenherbe.com\/wp-content\/uploads\/2020\/12\/23-decembre-scaled.jpg?fit=1200%2C900&ssl=1&resize=350%2C200","width":350,"height":200,"srcset":"https:\/\/i0.wp.com\/www.jojoenherbe.com\/wp-content\/uploads\/2020\/12\/23-decembre-scaled.jpg?fit=1200%2C900&ssl=1&resize=350%2C200 1x, https:\/\/i0.wp.com\/www.jojoenherbe.com\/wp-content\/uploads\/2020\/12\/23-decembre-scaled.jpg?fit=1200%2C900&ssl=1&resize=525%2C300 1.5x, https:\/\/i0.wp.com\/www.jojoenherbe.com\/wp-content\/uploads\/2020\/12\/23-decembre-scaled.jpg?fit=1200%2C900&ssl=1&resize=700%2C400 2x, https:\/\/i0.wp.com\/www.jojoenherbe.com\/wp-content\/uploads\/2020\/12\/23-decembre-scaled.jpg?fit=1200%2C900&ssl=1&resize=1050%2C600 3x"},"classes":[]}],"_links":{"self":[{"href":"https:\/\/www.jojoenherbe.com\/index.php\/wp-json\/wp\/v2\/posts\/14591","targetHints":{"allow":["GET"]}}],"collection":[{"href":"https:\/\/www.jojoenherbe.com\/index.php\/wp-json\/wp\/v2\/posts"}],"about":[{"href":"https:\/\/www.jojoenherbe.com\/index.php\/wp-json\/wp\/v2\/types\/post"}],"author":[{"embeddable":true,"href":"https:\/\/www.jojoenherbe.com\/index.php\/wp-json\/wp\/v2\/users\/1"}],"replies":[{"embeddable":true,"href":"https:\/\/www.jojoenherbe.com\/index.php\/wp-json\/wp\/v2\/comments?post=14591"}],"version-history":[{"count":0,"href":"https:\/\/www.jojoenherbe.com\/index.php\/wp-json\/wp\/v2\/posts\/14591\/revisions"}],"wp:featuredmedia":[{"embeddable":true,"href":"https:\/\/www.jojoenherbe.com\/index.php\/wp-json\/wp\/v2\/media\/14598"}],"wp:attachment":[{"href":"https:\/\/www.jojoenherbe.com\/index.php\/wp-json\/wp\/v2\/media?parent=14591"}],"wp:term":[{"taxonomy":"category","embeddable":true,"href":"https:\/\/www.jojoenherbe.com\/index.php\/wp-json\/wp\/v2\/categories?post=14591"},{"taxonomy":"post_tag","embeddable":true,"href":"https:\/\/www.jojoenherbe.com\/index.php\/wp-json\/wp\/v2\/tags?post=14591"}],"curies":[{"name":"wp","href":"https:\/\/api.w.org\/{rel}","templated":true}]}}