{"id":14546,"date":"2020-12-28T11:25:58","date_gmt":"2020-12-28T10:25:58","guid":{"rendered":"http:\/\/www.jojoenherbe.com\/?p=14546"},"modified":"2022-03-11T12:32:26","modified_gmt":"2022-03-11T11:32:26","slug":"au-fil-des-pages-avec-les-trois-boucs","status":"publish","type":"post","link":"https:\/\/www.jojoenherbe.com\/index.php\/2020\/12\/28\/au-fil-des-pages-avec-les-trois-boucs\/","title":{"rendered":"Au fil des pages avec Les trois boucs"},"content":{"rendered":"<p style=\"text-align: justify;\"><em><a href=\"https:\/\/i0.wp.com\/www.jojoenherbe.com\/wp-content\/uploads\/2020\/10\/Il-ny-a-pas-de-dragon-dans-cette-histoire-scaled.jpg\"><img data-recalc-dims=\"1\" loading=\"lazy\" decoding=\"async\" data-attachment-id=\"12903\" data-permalink=\"https:\/\/www.jojoenherbe.com\/index.php\/2020\/10\/09\/un-rat-gourmand-dhalloween-2020\/il-ny-a-pas-de-dragon-dans-cette-histoire\/\" data-orig-file=\"https:\/\/i0.wp.com\/www.jojoenherbe.com\/wp-content\/uploads\/2020\/10\/Il-ny-a-pas-de-dragon-dans-cette-histoire-scaled.jpg?fit=2560%2C1920&amp;ssl=1\" data-orig-size=\"2560,1920\" data-comments-opened=\"1\" data-image-meta=\"{&quot;aperture&quot;:&quot;1.8&quot;,&quot;credit&quot;:&quot;&quot;,&quot;camera&quot;:&quot;iPhone 7&quot;,&quot;caption&quot;:&quot;&quot;,&quot;created_timestamp&quot;:&quot;1602414122&quot;,&quot;copyright&quot;:&quot;&quot;,&quot;focal_length&quot;:&quot;3.99&quot;,&quot;iso&quot;:&quot;80&quot;,&quot;shutter_speed&quot;:&quot;0.058823529411765&quot;,&quot;title&quot;:&quot;&quot;,&quot;orientation&quot;:&quot;1&quot;}\" data-image-title=\"Il n&amp;rsquo;y a pas de dragon dans cette histoire\" data-image-description=\"\" data-image-caption=\"\" data-large-file=\"https:\/\/i0.wp.com\/www.jojoenherbe.com\/wp-content\/uploads\/2020\/10\/Il-ny-a-pas-de-dragon-dans-cette-histoire-scaled.jpg?fit=676%2C507&amp;ssl=1\" class=\"alignleft size-thumbnail wp-image-12903\" src=\"https:\/\/i0.wp.com\/www.jojoenherbe.com\/wp-content\/uploads\/2020\/10\/Il-ny-a-pas-de-dragon-dans-cette-histoire.jpg?resize=150%2C150\" alt=\"\" width=\"150\" height=\"150\" srcset=\"https:\/\/i0.wp.com\/www.jojoenherbe.com\/wp-content\/uploads\/2020\/10\/Il-ny-a-pas-de-dragon-dans-cette-histoire-scaled.jpg?resize=150%2C150&amp;ssl=1 150w, https:\/\/i0.wp.com\/www.jojoenherbe.com\/wp-content\/uploads\/2020\/10\/Il-ny-a-pas-de-dragon-dans-cette-histoire-scaled.jpg?zoom=2&amp;resize=150%2C150 300w, https:\/\/i0.wp.com\/www.jojoenherbe.com\/wp-content\/uploads\/2020\/10\/Il-ny-a-pas-de-dragon-dans-cette-histoire-scaled.jpg?zoom=3&amp;resize=150%2C150 450w\" sizes=\"auto, (max-width: 150px) 100vw, 150px\" \/><\/a> <a href=\"https:\/\/i0.wp.com\/www.jojoenherbe.com\/wp-content\/uploads\/2020\/12\/Il-ny-a-pas-de-dragon-dans-cette-histoire-5.jpg\"><img data-recalc-dims=\"1\" loading=\"lazy\" decoding=\"async\" data-attachment-id=\"14548\" data-permalink=\"https:\/\/www.jojoenherbe.com\/index.php\/2020\/12\/28\/au-fil-des-pages-avec-les-trois-boucs\/il-ny-a-pas-de-dragon-dans-cette-histoire-5\/\" data-orig-file=\"https:\/\/i0.wp.com\/www.jojoenherbe.com\/wp-content\/uploads\/2020\/12\/Il-ny-a-pas-de-dragon-dans-cette-histoire-5.jpg?fit=1407%2C1440&amp;ssl=1\" data-orig-size=\"1407,1440\" data-comments-opened=\"1\" data-image-meta=\"{&quot;aperture&quot;:&quot;1.8&quot;,&quot;credit&quot;:&quot;&quot;,&quot;camera&quot;:&quot;iPhone 7&quot;,&quot;caption&quot;:&quot;&quot;,&quot;created_timestamp&quot;:&quot;1602955099&quot;,&quot;copyright&quot;:&quot;&quot;,&quot;focal_length&quot;:&quot;3.99&quot;,&quot;iso&quot;:&quot;32&quot;,&quot;shutter_speed&quot;:&quot;0.03030303030303&quot;,&quot;title&quot;:&quot;&quot;,&quot;orientation&quot;:&quot;1&quot;}\" data-image-title=\"Il n&amp;rsquo;y a pas de dragon dans cette histoire 5\" data-image-description=\"\" data-image-caption=\"\" data-large-file=\"https:\/\/i0.wp.com\/www.jojoenherbe.com\/wp-content\/uploads\/2020\/12\/Il-ny-a-pas-de-dragon-dans-cette-histoire-5.jpg?fit=676%2C692&amp;ssl=1\" class=\"alignleft size-thumbnail wp-image-14548\" src=\"https:\/\/i0.wp.com\/www.jojoenherbe.com\/wp-content\/uploads\/2020\/12\/Il-ny-a-pas-de-dragon-dans-cette-histoire-5.jpg?resize=150%2C150\" alt=\"\" width=\"150\" height=\"150\" srcset=\"https:\/\/i0.wp.com\/www.jojoenherbe.com\/wp-content\/uploads\/2020\/12\/Il-ny-a-pas-de-dragon-dans-cette-histoire-5.jpg?resize=150%2C150&amp;ssl=1 150w, https:\/\/i0.wp.com\/www.jojoenherbe.com\/wp-content\/uploads\/2020\/12\/Il-ny-a-pas-de-dragon-dans-cette-histoire-5.jpg?zoom=2&amp;resize=150%2C150 300w, https:\/\/i0.wp.com\/www.jojoenherbe.com\/wp-content\/uploads\/2020\/12\/Il-ny-a-pas-de-dragon-dans-cette-histoire-5.jpg?zoom=3&amp;resize=150%2C150 450w\" sizes=\"auto, (max-width: 150px) 100vw, 150px\" \/><\/a>Apr\u00e8s avoir lu <a href=\"http:\/\/www.jojoenherbe.com\/index.php\/2020\/10\/24\/au-fil-des-pages-avec-il-ny-a-pas-de-dragon-dans-cette-histoire\/\"><span style=\"text-decoration: underline;\">Il n\u2019y a pas de dragon dans cette histoire<\/span><\/a> de Lou Carter et Deborah Allwright, nous voulions en savoir plus sur un des contes repris dans l&rsquo;histoire et que nous ne connaissions pas, \u00e0 savoir <span style=\"text-decoration: underline;\">Les trois boucs bourrus<\/span>, un conte norv\u00e9gien paru en 1843 dans <span style=\"text-decoration: underline;\">Contes populaires norv\u00e9giens<\/span> de Peter Christen Asbj\u00f8rnsen et J\u00f8rgen Moe.<\/em><\/p>\n<p style=\"text-align: justify;\"><em><a href=\"https:\/\/i0.wp.com\/www.jojoenherbe.com\/wp-content\/uploads\/2020\/12\/Les-trois-boucs-3-scaled.jpg\"><img data-recalc-dims=\"1\" loading=\"lazy\" decoding=\"async\" data-attachment-id=\"14553\" data-permalink=\"https:\/\/www.jojoenherbe.com\/index.php\/2020\/12\/28\/au-fil-des-pages-avec-les-trois-boucs\/les-trois-boucs-3\/\" data-orig-file=\"https:\/\/i0.wp.com\/www.jojoenherbe.com\/wp-content\/uploads\/2020\/12\/Les-trois-boucs-3-scaled.jpg?fit=2560%2C1637&amp;ssl=1\" data-orig-size=\"2560,1637\" data-comments-opened=\"1\" data-image-meta=\"{&quot;aperture&quot;:&quot;1.8&quot;,&quot;credit&quot;:&quot;&quot;,&quot;camera&quot;:&quot;iPhone 7&quot;,&quot;caption&quot;:&quot;&quot;,&quot;created_timestamp&quot;:&quot;1609154024&quot;,&quot;copyright&quot;:&quot;&quot;,&quot;focal_length&quot;:&quot;3.99&quot;,&quot;iso&quot;:&quot;80&quot;,&quot;shutter_speed&quot;:&quot;0.2&quot;,&quot;title&quot;:&quot;&quot;,&quot;orientation&quot;:&quot;1&quot;}\" data-image-title=\"Les trois boucs 3\" data-image-description=\"\" data-image-caption=\"\" data-large-file=\"https:\/\/i0.wp.com\/www.jojoenherbe.com\/wp-content\/uploads\/2020\/12\/Les-trois-boucs-3-scaled.jpg?fit=676%2C432&amp;ssl=1\" class=\"size-thumbnail wp-image-14553 alignright\" src=\"https:\/\/i0.wp.com\/www.jojoenherbe.com\/wp-content\/uploads\/2020\/12\/Les-trois-boucs-3.jpg?resize=150%2C150\" alt=\"\" width=\"150\" height=\"150\" srcset=\"https:\/\/i0.wp.com\/www.jojoenherbe.com\/wp-content\/uploads\/2020\/12\/Les-trois-boucs-3-scaled.jpg?resize=150%2C150&amp;ssl=1 150w, https:\/\/i0.wp.com\/www.jojoenherbe.com\/wp-content\/uploads\/2020\/12\/Les-trois-boucs-3-scaled.jpg?zoom=2&amp;resize=150%2C150 300w, https:\/\/i0.wp.com\/www.jojoenherbe.com\/wp-content\/uploads\/2020\/12\/Les-trois-boucs-3-scaled.jpg?zoom=3&amp;resize=150%2C150 450w\" sizes=\"auto, (max-width: 150px) 100vw, 150px\" \/><\/a> <a href=\"https:\/\/i0.wp.com\/www.jojoenherbe.com\/wp-content\/uploads\/2020\/12\/Les-trois-boucs-2-scaled.jpg\"><img data-recalc-dims=\"1\" loading=\"lazy\" decoding=\"async\" data-attachment-id=\"14552\" data-permalink=\"https:\/\/www.jojoenherbe.com\/index.php\/2020\/12\/28\/au-fil-des-pages-avec-les-trois-boucs\/les-trois-boucs-2\/\" data-orig-file=\"https:\/\/i0.wp.com\/www.jojoenherbe.com\/wp-content\/uploads\/2020\/12\/Les-trois-boucs-2-scaled.jpg?fit=2560%2C1589&amp;ssl=1\" data-orig-size=\"2560,1589\" data-comments-opened=\"1\" data-image-meta=\"{&quot;aperture&quot;:&quot;1.8&quot;,&quot;credit&quot;:&quot;&quot;,&quot;camera&quot;:&quot;iPhone 7&quot;,&quot;caption&quot;:&quot;&quot;,&quot;created_timestamp&quot;:&quot;1609154010&quot;,&quot;copyright&quot;:&quot;&quot;,&quot;focal_length&quot;:&quot;3.99&quot;,&quot;iso&quot;:&quot;80&quot;,&quot;shutter_speed&quot;:&quot;0.125&quot;,&quot;title&quot;:&quot;&quot;,&quot;orientation&quot;:&quot;1&quot;}\" data-image-title=\"Les trois boucs 2\" data-image-description=\"\" data-image-caption=\"\" data-large-file=\"https:\/\/i0.wp.com\/www.jojoenherbe.com\/wp-content\/uploads\/2020\/12\/Les-trois-boucs-2-scaled.jpg?fit=676%2C420&amp;ssl=1\" class=\"size-thumbnail wp-image-14552 alignright\" src=\"https:\/\/i0.wp.com\/www.jojoenherbe.com\/wp-content\/uploads\/2020\/12\/Les-trois-boucs-2.jpg?resize=150%2C150\" alt=\"\" width=\"150\" height=\"150\" srcset=\"https:\/\/i0.wp.com\/www.jojoenherbe.com\/wp-content\/uploads\/2020\/12\/Les-trois-boucs-2-scaled.jpg?resize=150%2C150&amp;ssl=1 150w, https:\/\/i0.wp.com\/www.jojoenherbe.com\/wp-content\/uploads\/2020\/12\/Les-trois-boucs-2-scaled.jpg?zoom=2&amp;resize=150%2C150 300w, https:\/\/i0.wp.com\/www.jojoenherbe.com\/wp-content\/uploads\/2020\/12\/Les-trois-boucs-2-scaled.jpg?zoom=3&amp;resize=150%2C150 450w\" sizes=\"auto, (max-width: 150px) 100vw, 150px\" \/><\/a>J&rsquo;ai donc emprunt\u00e9 \u00e0 la m\u00e9diath\u00e8que <span style=\"text-decoration: underline;\">Les trois boucs<\/span> de Jean-Louis Le Craver et R\u00e9mi Saillard (\u00e9d. Didier Jeunesse, coll. A petits petons, 2001), un album jeunesse \u00e0 partir de 3 ans. Trois boucs, Poilu, Velu et Barbu veulent se rendre dans une montagne pour y manger une herbe succulente. Mais pour s&rsquo;y rendre, ils doivent traverser un pont au-dessous duquel vit un troll terrifiant et affam\u00e9. Arriveront-ils malgr\u00e9 \u00e0 gagner la montagne? <\/em><em>J&rsquo;ai appr\u00e9ci\u00e9 l&rsquo;histoire et la ruse utilis\u00e9e par les boucs pour \u00e9chapper au troll mais pas les illustrations, surtout que le troll meurt transperc\u00e9 par les cornes du grand bouc dans cette version. Un conte norv\u00e9gien \u00e0 d\u00e9couvrir quand m\u00eame et qui aurait aussi \u00e9t\u00e9 dans le th\u00e8me halloweenesque du challenge Contes et L\u00e9gendes au pays des ogres!<\/em><\/p>\n<div style=\"width: 162px\" class=\"wp-caption alignleft\"><img loading=\"lazy\" decoding=\"async\" class=\"\" src=\"https:\/\/i2.wp.com\/mapetitemediatheque.fr\/wp-content\/uploads\/2018\/11\/contes-de-No%C3%ABl-2-300x166.jpg?resize=259%2C143\" alt=\"\" width=\"152\" height=\"84\" data-recalc-dims=\"1\" \/><p class=\"wp-caption-text\">Participation #65 Contes &amp; L\u00e9gendes 2020 de <a href=\"http:\/\/mapetitemediatheque.fr\/2020\/01\/challenge-contes-et-legendes-2020\/\">Bidib<\/a> #Conte norv\u00e9gien<\/p><\/div>\n<div id=\"attachment_37710\" style=\"width: 145px\" class=\"wp-caption alignleft\"><img data-recalc-dims=\"1\" loading=\"lazy\" decoding=\"async\" aria-describedby=\"caption-attachment-37710\" class=\"wp-image-37710\" src=\"https:\/\/i0.wp.com\/delivrer-des-livres.fr\/wp-content\/uploads\/2020\/01\/Logo-Challenge-Classique-2020bis-300x225.jpg?resize=135%2C102&#038;ssl=1\" sizes=\"auto, (max-width: 300px) 100vw, 300px\" srcset=\"https:\/\/delivrer-des-livres.fr\/wp-content\/uploads\/2020\/01\/Logo-Challenge-Classique-2020bis-300x225.jpg 300w, https:\/\/delivrer-des-livres.fr\/wp-content\/uploads\/2020\/01\/Logo-Challenge-Classique-2020bis-150x113.jpg 150w, https:\/\/delivrer-des-livres.fr\/wp-content\/uploads\/2020\/01\/Logo-Challenge-Classique-2020bis-410x308.jpg 410w, https:\/\/delivrer-des-livres.fr\/wp-content\/uploads\/2020\/01\/Logo-Challenge-Classique-2020bis.jpg 453w\" alt=\"ann\u00e9e\" width=\"135\" height=\"102\" \/><p id=\"caption-attachment-37710\" class=\"wp-caption-text\">Participation #14 au Challenge \u00ab\u00a0Cette ann\u00e9e, je (re)lis des classiques\u00a0\u00bb de <a href=\"https:\/\/delivrer-des-livres.fr\/challenge-classiques-3eme-annee\/\">Nathalie<\/a> et <a href=\"http:\/\/vivrelivre19.over-blog.com\/2020\/01\/challenge-cette-annee-je-re-lis-des-classiques-2020.html\">Blandine<\/a><\/p><\/div>\n","protected":false},"excerpt":{"rendered":"<p>Apr\u00e8s avoir lu Il n\u2019y a pas de dragon dans cette histoire de Lou Carter et Deborah Allwright, nous voulions en savoir plus sur un des contes repris dans l&rsquo;histoire et que nous ne connaissions pas, \u00e0 savoir Les trois boucs bourrus, un conte norv\u00e9gien paru en 1843 dans Contes populaires norv\u00e9giens de Peter Christen [&hellip;]<\/p>\n","protected":false},"author":1,"featured_media":14234,"comment_status":"open","ping_status":"open","sticky":false,"template":"","format":"standard","meta":{"jetpack_post_was_ever_published":false,"_jetpack_newsletter_access":"","_jetpack_dont_email_post_to_subs":false,"_jetpack_newsletter_tier_id":0,"_jetpack_memberships_contains_paywalled_content":false,"_jetpack_memberships_contains_paid_content":false,"footnotes":""},"categories":[363],"tags":[785,409,2000,1351,1365,2005,245,2002,1155,908,555,2001,2003,728,2004],"class_list":["post-14546","post","type-post","status-publish","format-standard","has-post-thumbnail","hentry","category-mini-lecteur","tag-3-6-ans","tag-albums-jeunesse","tag-bouc","tag-cette-annee-je-relis-des-classiques-2020","tag-challenge-contes-et-legendes-2020","tag-conte-norvegien","tag-contes","tag-jean-louis-le-craver","tag-montagne","tag-ogre","tag-peur","tag-pont","tag-remi-saillard","tag-ruse","tag-troll","post-preview"],"jetpack_featured_media_url":"https:\/\/i0.wp.com\/www.jojoenherbe.com\/wp-content\/uploads\/2020\/12\/Les-trois-boucs-scaled.jpg?fit=2560%2C1920&ssl=1","jetpack_sharing_enabled":true,"jetpack_shortlink":"https:\/\/wp.me\/p9zhGx-3MC","jetpack_likes_enabled":true,"jetpack-related-posts":[{"id":14482,"url":"https:\/\/www.jojoenherbe.com\/index.php\/2020\/12\/22\/au-fil-des-pages-avec-le-sapin\/","url_meta":{"origin":14546,"position":0},"title":"Au fil des pages avec Le sapin","author":"Jojo","date":"22 d\u00e9cembre 2020","format":false,"excerpt":"J22 de notre calendrier livresque de No\u00ebl: No\u00ebl de sapin de Michel Gay (\u00e9d. L\u2019\u00e9cole des loisirs, 1991, r\u00e9\u00e9d. 2019), un album jeunesse \u00e0 partir de 3 ans que nous avions beaucoup lu et relu l'ann\u00e9e derni\u00e8re. Apr\u00e8s avoir servi de sapin de No\u00ebl, un jeune sapin est jet\u00e9 dans\u2026","rel":"","context":"Dans &quot;Mini lecteur&quot;","block_context":{"text":"Mini lecteur","link":"https:\/\/www.jojoenherbe.com\/index.php\/category\/mini-lecteur\/"},"img":{"alt_text":"","src":"https:\/\/i0.wp.com\/www.jojoenherbe.com\/wp-content\/uploads\/2020\/12\/Le-sapin-et-Noel-de-sapin-scaled.jpg?fit=1200%2C892&ssl=1&resize=350%2C200","width":350,"height":200,"srcset":"https:\/\/i0.wp.com\/www.jojoenherbe.com\/wp-content\/uploads\/2020\/12\/Le-sapin-et-Noel-de-sapin-scaled.jpg?fit=1200%2C892&ssl=1&resize=350%2C200 1x, https:\/\/i0.wp.com\/www.jojoenherbe.com\/wp-content\/uploads\/2020\/12\/Le-sapin-et-Noel-de-sapin-scaled.jpg?fit=1200%2C892&ssl=1&resize=525%2C300 1.5x, https:\/\/i0.wp.com\/www.jojoenherbe.com\/wp-content\/uploads\/2020\/12\/Le-sapin-et-Noel-de-sapin-scaled.jpg?fit=1200%2C892&ssl=1&resize=700%2C400 2x, https:\/\/i0.wp.com\/www.jojoenherbe.com\/wp-content\/uploads\/2020\/12\/Le-sapin-et-Noel-de-sapin-scaled.jpg?fit=1200%2C892&ssl=1&resize=1050%2C600 3x"},"classes":[]},{"id":17966,"url":"https:\/\/www.jojoenherbe.com\/index.php\/2021\/04\/29\/au-fil-des-pages-avec-hansel-et-gretel\/","url_meta":{"origin":14546,"position":1},"title":"Au fil des pages avec Hansel et Gretel","author":"Jojo","date":"29 avril 2021","format":false,"excerpt":"Nous lisons Hansel et Gretel de Sol\u00e8ne Gaynecoetche et Laurent Tardy (\u00e9d. Bilboquet, 2016), un album jeunesse \u00e0 partir de 4 ans. En p\u00e9riode de famine, un b\u00fbcheron et sa seconde femme d\u00e9cident d'abandonner dans la for\u00eat leurs deux enfants, Hansel et Gretel. Leur premi\u00e8re tentative \u00e9choue, Hansel se servant\u2026","rel":"","context":"Dans &quot;Mini lecteur&quot;","block_context":{"text":"Mini lecteur","link":"https:\/\/www.jojoenherbe.com\/index.php\/category\/mini-lecteur\/"},"img":{"alt_text":"","src":"https:\/\/i0.wp.com\/www.jojoenherbe.com\/wp-content\/uploads\/2021\/04\/Hansel-et-Gretel-3-scaled.jpg?fit=1200%2C999&ssl=1&resize=350%2C200","width":350,"height":200,"srcset":"https:\/\/i0.wp.com\/www.jojoenherbe.com\/wp-content\/uploads\/2021\/04\/Hansel-et-Gretel-3-scaled.jpg?fit=1200%2C999&ssl=1&resize=350%2C200 1x, https:\/\/i0.wp.com\/www.jojoenherbe.com\/wp-content\/uploads\/2021\/04\/Hansel-et-Gretel-3-scaled.jpg?fit=1200%2C999&ssl=1&resize=525%2C300 1.5x, https:\/\/i0.wp.com\/www.jojoenherbe.com\/wp-content\/uploads\/2021\/04\/Hansel-et-Gretel-3-scaled.jpg?fit=1200%2C999&ssl=1&resize=700%2C400 2x, https:\/\/i0.wp.com\/www.jojoenherbe.com\/wp-content\/uploads\/2021\/04\/Hansel-et-Gretel-3-scaled.jpg?fit=1200%2C999&ssl=1&resize=1050%2C600 3x"},"classes":[]},{"id":13259,"url":"https:\/\/www.jojoenherbe.com\/index.php\/2020\/10\/24\/au-fil-des-pages-avec-il-ny-a-pas-de-dragon-dans-cette-histoire\/","url_meta":{"origin":14546,"position":2},"title":"Au fil des pages avec Il n&rsquo;y a pas de dragon dans cette histoire","author":"Jojo","date":"24 octobre 2020","format":false,"excerpt":"Nous empruntons \u00e0 la m\u00e9diath\u00e8que Il n'y a pas de dragon dans cette histoire de Lou Carter et Deborah Allwright (\u00e9d. Circonflexe, 2018), un album jeunesse \u00e0 partir de 4 ans et qui a \u00e9t\u00e9 Laur\u00e9at du 31\u00e8me Prix des Incos en 2020 dans la s\u00e9lection CE1.\u00a0 Un dragon en\u2026","rel":"","context":"Dans &quot;Mini lecteur&quot;","block_context":{"text":"Mini lecteur","link":"https:\/\/www.jojoenherbe.com\/index.php\/category\/mini-lecteur\/"},"img":{"alt_text":"","src":"https:\/\/i0.wp.com\/www.jojoenherbe.com\/wp-content\/uploads\/2020\/10\/Il-ny-a-pas-de-dragon-dans-cette-histoire-2-1-scaled.jpg?fit=1200%2C833&ssl=1&resize=350%2C200","width":350,"height":200,"srcset":"https:\/\/i0.wp.com\/www.jojoenherbe.com\/wp-content\/uploads\/2020\/10\/Il-ny-a-pas-de-dragon-dans-cette-histoire-2-1-scaled.jpg?fit=1200%2C833&ssl=1&resize=350%2C200 1x, https:\/\/i0.wp.com\/www.jojoenherbe.com\/wp-content\/uploads\/2020\/10\/Il-ny-a-pas-de-dragon-dans-cette-histoire-2-1-scaled.jpg?fit=1200%2C833&ssl=1&resize=525%2C300 1.5x, https:\/\/i0.wp.com\/www.jojoenherbe.com\/wp-content\/uploads\/2020\/10\/Il-ny-a-pas-de-dragon-dans-cette-histoire-2-1-scaled.jpg?fit=1200%2C833&ssl=1&resize=700%2C400 2x, https:\/\/i0.wp.com\/www.jojoenherbe.com\/wp-content\/uploads\/2020\/10\/Il-ny-a-pas-de-dragon-dans-cette-histoire-2-1-scaled.jpg?fit=1200%2C833&ssl=1&resize=1050%2C600 3x"},"classes":[]},{"id":13753,"url":"https:\/\/www.jojoenherbe.com\/index.php\/2020\/11\/09\/au-fil-des-pages-avec-ouste\/","url_meta":{"origin":14546,"position":3},"title":"Au fil des pages avec Ouste!","author":"Jojo","date":"9 novembre 2020","format":false,"excerpt":"Dans nos derniers emprunts \u00e0 la m\u00e9diath\u00e8que, nous lisons Ouste! de Sally Grindley et Peter Utton (\u00e9d. L\u2019\u00e9cole des loisirs, 2013), un album jeunesse \u00e0 flaps \u00e0 partir de 3 ans. Ce livre participatif est sur le m\u00eame principe que Chhht! des m\u00eames auteurs, cette fois-ci le jeune lecteur \u00e9tant\u2026","rel":"","context":"Dans &quot;Mini lecteur&quot;","block_context":{"text":"Mini lecteur","link":"https:\/\/www.jojoenherbe.com\/index.php\/category\/mini-lecteur\/"},"img":{"alt_text":"","src":"https:\/\/i0.wp.com\/www.jojoenherbe.com\/wp-content\/uploads\/2020\/11\/Ouste-scaled.jpg?fit=1200%2C900&ssl=1&resize=350%2C200","width":350,"height":200,"srcset":"https:\/\/i0.wp.com\/www.jojoenherbe.com\/wp-content\/uploads\/2020\/11\/Ouste-scaled.jpg?fit=1200%2C900&ssl=1&resize=350%2C200 1x, https:\/\/i0.wp.com\/www.jojoenherbe.com\/wp-content\/uploads\/2020\/11\/Ouste-scaled.jpg?fit=1200%2C900&ssl=1&resize=525%2C300 1.5x, https:\/\/i0.wp.com\/www.jojoenherbe.com\/wp-content\/uploads\/2020\/11\/Ouste-scaled.jpg?fit=1200%2C900&ssl=1&resize=700%2C400 2x, https:\/\/i0.wp.com\/www.jojoenherbe.com\/wp-content\/uploads\/2020\/11\/Ouste-scaled.jpg?fit=1200%2C900&ssl=1&resize=1050%2C600 3x"},"classes":[]},{"id":9503,"url":"https:\/\/www.jojoenherbe.com\/index.php\/2020\/01\/09\/au-fil-des-pages-avec-la-galette-des-rois\/","url_meta":{"origin":14546,"position":4},"title":"Au fil des pages avec la galette des rois","author":"Jojo","date":"9 janvier 2020","format":false,"excerpt":"Cette ann\u00e9e, nous rajoutons dans nos lectures deux albums jeunesse sur le th\u00e8me de la galette des rois, apr\u00e8s avoir relu les trois ressortis de notre biblioth\u00e8que: P'tit Loup est le roi de la galette, Loup Gouloup et la lune et Petit Lapin Blanc et la galette des rois. Ces\u2026","rel":"","context":"Dans &quot;Mini lecteur&quot;","block_context":{"text":"Mini lecteur","link":"https:\/\/www.jojoenherbe.com\/index.php\/category\/mini-lecteur\/"},"img":{"alt_text":"","src":"https:\/\/i0.wp.com\/www.jojoenherbe.com\/wp-content\/uploads\/2020\/01\/Albums-jeunesse-Galette-des-rois-3-scaled.jpg?fit=1200%2C853&ssl=1&resize=350%2C200","width":350,"height":200,"srcset":"https:\/\/i0.wp.com\/www.jojoenherbe.com\/wp-content\/uploads\/2020\/01\/Albums-jeunesse-Galette-des-rois-3-scaled.jpg?fit=1200%2C853&ssl=1&resize=350%2C200 1x, https:\/\/i0.wp.com\/www.jojoenherbe.com\/wp-content\/uploads\/2020\/01\/Albums-jeunesse-Galette-des-rois-3-scaled.jpg?fit=1200%2C853&ssl=1&resize=525%2C300 1.5x, https:\/\/i0.wp.com\/www.jojoenherbe.com\/wp-content\/uploads\/2020\/01\/Albums-jeunesse-Galette-des-rois-3-scaled.jpg?fit=1200%2C853&ssl=1&resize=700%2C400 2x, https:\/\/i0.wp.com\/www.jojoenherbe.com\/wp-content\/uploads\/2020\/01\/Albums-jeunesse-Galette-des-rois-3-scaled.jpg?fit=1200%2C853&ssl=1&resize=1050%2C600 3x"},"classes":[]},{"id":8495,"url":"https:\/\/www.jojoenherbe.com\/index.php\/2019\/11\/18\/au-fil-des-pages-avec-harper\/","url_meta":{"origin":14546,"position":5},"title":"Au fil des pages avec Harper","author":"Jojo","date":"18 novembre 2019","format":false,"excerpt":"J'ai lu les trois tomes de la s\u00e9rie Harper, romans jeunesse fantasy \u00e0 partir de 7 ans. J'ai commenc\u00e9 par lire Harper et le parapluie magique de Cerrie Burnell et Laura Ellen Anderson (\u00e9d. Albin Michel Jeunesse, coll. Mes premiers Witty, septembre 2016, 160 pages). Nous suivons les aventures de\u2026","rel":"","context":"Dans &quot;Mini lecteur&quot;","block_context":{"text":"Mini lecteur","link":"https:\/\/www.jojoenherbe.com\/index.php\/category\/mini-lecteur\/"},"img":{"alt_text":"","src":"https:\/\/i0.wp.com\/www.jojoenherbe.com\/wp-content\/uploads\/2019\/11\/trilogie-Harper-scaled.jpg?fit=1200%2C821&ssl=1&resize=350%2C200","width":350,"height":200,"srcset":"https:\/\/i0.wp.com\/www.jojoenherbe.com\/wp-content\/uploads\/2019\/11\/trilogie-Harper-scaled.jpg?fit=1200%2C821&ssl=1&resize=350%2C200 1x, https:\/\/i0.wp.com\/www.jojoenherbe.com\/wp-content\/uploads\/2019\/11\/trilogie-Harper-scaled.jpg?fit=1200%2C821&ssl=1&resize=525%2C300 1.5x, https:\/\/i0.wp.com\/www.jojoenherbe.com\/wp-content\/uploads\/2019\/11\/trilogie-Harper-scaled.jpg?fit=1200%2C821&ssl=1&resize=700%2C400 2x, https:\/\/i0.wp.com\/www.jojoenherbe.com\/wp-content\/uploads\/2019\/11\/trilogie-Harper-scaled.jpg?fit=1200%2C821&ssl=1&resize=1050%2C600 3x"},"classes":[]}],"_links":{"self":[{"href":"https:\/\/www.jojoenherbe.com\/index.php\/wp-json\/wp\/v2\/posts\/14546","targetHints":{"allow":["GET"]}}],"collection":[{"href":"https:\/\/www.jojoenherbe.com\/index.php\/wp-json\/wp\/v2\/posts"}],"about":[{"href":"https:\/\/www.jojoenherbe.com\/index.php\/wp-json\/wp\/v2\/types\/post"}],"author":[{"embeddable":true,"href":"https:\/\/www.jojoenherbe.com\/index.php\/wp-json\/wp\/v2\/users\/1"}],"replies":[{"embeddable":true,"href":"https:\/\/www.jojoenherbe.com\/index.php\/wp-json\/wp\/v2\/comments?post=14546"}],"version-history":[{"count":0,"href":"https:\/\/www.jojoenherbe.com\/index.php\/wp-json\/wp\/v2\/posts\/14546\/revisions"}],"wp:featuredmedia":[{"embeddable":true,"href":"https:\/\/www.jojoenherbe.com\/index.php\/wp-json\/wp\/v2\/media\/14234"}],"wp:attachment":[{"href":"https:\/\/www.jojoenherbe.com\/index.php\/wp-json\/wp\/v2\/media?parent=14546"}],"wp:term":[{"taxonomy":"category","embeddable":true,"href":"https:\/\/www.jojoenherbe.com\/index.php\/wp-json\/wp\/v2\/categories?post=14546"},{"taxonomy":"post_tag","embeddable":true,"href":"https:\/\/www.jojoenherbe.com\/index.php\/wp-json\/wp\/v2\/tags?post=14546"}],"curies":[{"name":"wp","href":"https:\/\/api.w.org\/{rel}","templated":true}]}}