{"id":14482,"date":"2020-12-22T22:16:54","date_gmt":"2020-12-22T21:16:54","guid":{"rendered":"http:\/\/www.jojoenherbe.com\/?p=14482"},"modified":"2021-12-14T17:06:39","modified_gmt":"2021-12-14T16:06:39","slug":"au-fil-des-pages-avec-le-sapin","status":"publish","type":"post","link":"https:\/\/www.jojoenherbe.com\/index.php\/2020\/12\/22\/au-fil-des-pages-avec-le-sapin\/","title":{"rendered":"Au fil des pages avec Le sapin"},"content":{"rendered":"<p style=\"text-align: justify;\"><span class=\"\"><em><a href=\"https:\/\/i0.wp.com\/www.jojoenherbe.com\/wp-content\/uploads\/2020\/12\/Noel-de-sapin-scaled.jpg\"><img data-recalc-dims=\"1\" loading=\"lazy\" decoding=\"async\" data-attachment-id=\"14493\" data-permalink=\"https:\/\/www.jojoenherbe.com\/index.php\/2020\/12\/22\/au-fil-des-pages-avec-le-sapin\/noel-de-sapin-4\/\" data-orig-file=\"https:\/\/i0.wp.com\/www.jojoenherbe.com\/wp-content\/uploads\/2020\/12\/Noel-de-sapin-scaled.jpg?fit=2560%2C2211&amp;ssl=1\" data-orig-size=\"2560,2211\" data-comments-opened=\"1\" data-image-meta=\"{&quot;aperture&quot;:&quot;1.8&quot;,&quot;credit&quot;:&quot;&quot;,&quot;camera&quot;:&quot;iPhone 7&quot;,&quot;caption&quot;:&quot;&quot;,&quot;created_timestamp&quot;:&quot;1608641884&quot;,&quot;copyright&quot;:&quot;&quot;,&quot;focal_length&quot;:&quot;3.99&quot;,&quot;iso&quot;:&quot;100&quot;,&quot;shutter_speed&quot;:&quot;0.25&quot;,&quot;title&quot;:&quot;&quot;,&quot;orientation&quot;:&quot;1&quot;}\" data-image-title=\"No\u00ebl de sapin\" data-image-description=\"\" data-image-caption=\"\" data-large-file=\"https:\/\/i0.wp.com\/www.jojoenherbe.com\/wp-content\/uploads\/2020\/12\/Noel-de-sapin-scaled.jpg?fit=676%2C584&amp;ssl=1\" class=\"alignleft size-thumbnail wp-image-14493\" src=\"https:\/\/i0.wp.com\/www.jojoenherbe.com\/wp-content\/uploads\/2020\/12\/Noel-de-sapin.jpg?resize=150%2C150\" alt=\"\" width=\"150\" height=\"150\" srcset=\"https:\/\/i0.wp.com\/www.jojoenherbe.com\/wp-content\/uploads\/2020\/12\/Noel-de-sapin-scaled.jpg?resize=150%2C150&amp;ssl=1 150w, https:\/\/i0.wp.com\/www.jojoenherbe.com\/wp-content\/uploads\/2020\/12\/Noel-de-sapin-scaled.jpg?zoom=2&amp;resize=150%2C150 300w, https:\/\/i0.wp.com\/www.jojoenherbe.com\/wp-content\/uploads\/2020\/12\/Noel-de-sapin-scaled.jpg?zoom=3&amp;resize=150%2C150 450w\" sizes=\"auto, (max-width: 150px) 100vw, 150px\" \/><\/a> <a href=\"https:\/\/i0.wp.com\/www.jojoenherbe.com\/wp-content\/uploads\/2020\/12\/Noel-de-sapin-2-scaled.jpg\"><img data-recalc-dims=\"1\" loading=\"lazy\" decoding=\"async\" data-attachment-id=\"14492\" data-permalink=\"https:\/\/www.jojoenherbe.com\/index.php\/2020\/12\/22\/au-fil-des-pages-avec-le-sapin\/noel-de-sapin-2-3\/\" data-orig-file=\"https:\/\/i0.wp.com\/www.jojoenherbe.com\/wp-content\/uploads\/2020\/12\/Noel-de-sapin-2-scaled.jpg?fit=2560%2C1920&amp;ssl=1\" data-orig-size=\"2560,1920\" data-comments-opened=\"1\" data-image-meta=\"{&quot;aperture&quot;:&quot;1.8&quot;,&quot;credit&quot;:&quot;&quot;,&quot;camera&quot;:&quot;iPhone 7&quot;,&quot;caption&quot;:&quot;&quot;,&quot;created_timestamp&quot;:&quot;1608641927&quot;,&quot;copyright&quot;:&quot;&quot;,&quot;focal_length&quot;:&quot;3.99&quot;,&quot;iso&quot;:&quot;100&quot;,&quot;shutter_speed&quot;:&quot;0.2&quot;,&quot;title&quot;:&quot;&quot;,&quot;orientation&quot;:&quot;1&quot;}\" data-image-title=\"No\u00ebl de sapin 2\" data-image-description=\"\" data-image-caption=\"\" data-large-file=\"https:\/\/i0.wp.com\/www.jojoenherbe.com\/wp-content\/uploads\/2020\/12\/Noel-de-sapin-2-scaled.jpg?fit=676%2C507&amp;ssl=1\" class=\"alignleft size-thumbnail wp-image-14492\" src=\"https:\/\/i0.wp.com\/www.jojoenherbe.com\/wp-content\/uploads\/2020\/12\/Noel-de-sapin-2.jpg?resize=150%2C150\" alt=\"\" width=\"150\" height=\"150\" srcset=\"https:\/\/i0.wp.com\/www.jojoenherbe.com\/wp-content\/uploads\/2020\/12\/Noel-de-sapin-2-scaled.jpg?resize=150%2C150&amp;ssl=1 150w, https:\/\/i0.wp.com\/www.jojoenherbe.com\/wp-content\/uploads\/2020\/12\/Noel-de-sapin-2-scaled.jpg?zoom=2&amp;resize=150%2C150 300w, https:\/\/i0.wp.com\/www.jojoenherbe.com\/wp-content\/uploads\/2020\/12\/Noel-de-sapin-2-scaled.jpg?zoom=3&amp;resize=150%2C150 450w\" sizes=\"auto, (max-width: 150px) 100vw, 150px\" \/><\/a>J22 de notre calendrier livresque de No\u00ebl: <a href=\"http:\/\/www.jojoenherbe.com\/index.php\/2019\/12\/05\/au-fil-des-pages-avec-noel-de-sapin\/\"><span style=\"text-decoration: underline;\">No\u00ebl de sapin<\/span><\/a> de Michel Gay (\u00e9d. L\u2019\u00e9cole des loisirs, 1991, r\u00e9\u00e9d. 2019), un album jeunesse \u00e0 partir de 3 ans que nous avions beaucoup lu et relu l&rsquo;ann\u00e9e derni\u00e8re. Apr\u00e8s avoir servi de sapin de No\u00ebl, un jeune sapin est jet\u00e9 dans les poubelles. Mais un camion-poubelle croise sa route pour le ramener parmi les siens.<br \/>\n<\/em><\/span><\/p>\n<p style=\"text-align: justify;\"><em><a href=\"https:\/\/i0.wp.com\/www.jojoenherbe.com\/wp-content\/uploads\/2020\/12\/Le-sapin-5-scaled.jpg\"><img data-recalc-dims=\"1\" loading=\"lazy\" decoding=\"async\" data-attachment-id=\"14489\" data-permalink=\"https:\/\/www.jojoenherbe.com\/index.php\/2020\/12\/22\/au-fil-des-pages-avec-le-sapin\/le-sapin-5\/\" data-orig-file=\"https:\/\/i0.wp.com\/www.jojoenherbe.com\/wp-content\/uploads\/2020\/12\/Le-sapin-5-scaled.jpg?fit=2560%2C2020&amp;ssl=1\" data-orig-size=\"2560,2020\" data-comments-opened=\"1\" data-image-meta=\"{&quot;aperture&quot;:&quot;1.8&quot;,&quot;credit&quot;:&quot;&quot;,&quot;camera&quot;:&quot;iPhone 7&quot;,&quot;caption&quot;:&quot;&quot;,&quot;created_timestamp&quot;:&quot;1608642047&quot;,&quot;copyright&quot;:&quot;&quot;,&quot;focal_length&quot;:&quot;3.99&quot;,&quot;iso&quot;:&quot;40&quot;,&quot;shutter_speed&quot;:&quot;0.04&quot;,&quot;title&quot;:&quot;&quot;,&quot;orientation&quot;:&quot;1&quot;}\" data-image-title=\"Le sapin 5\" data-image-description=\"\" data-image-caption=\"\" data-large-file=\"https:\/\/i0.wp.com\/www.jojoenherbe.com\/wp-content\/uploads\/2020\/12\/Le-sapin-5-scaled.jpg?fit=676%2C533&amp;ssl=1\" class=\"size-thumbnail wp-image-14489 alignright\" src=\"https:\/\/i0.wp.com\/www.jojoenherbe.com\/wp-content\/uploads\/2020\/12\/Le-sapin-5.jpg?resize=150%2C150\" alt=\"\" width=\"150\" height=\"150\" srcset=\"https:\/\/i0.wp.com\/www.jojoenherbe.com\/wp-content\/uploads\/2020\/12\/Le-sapin-5-scaled.jpg?resize=150%2C150&amp;ssl=1 150w, https:\/\/i0.wp.com\/www.jojoenherbe.com\/wp-content\/uploads\/2020\/12\/Le-sapin-5-scaled.jpg?zoom=2&amp;resize=150%2C150 300w, https:\/\/i0.wp.com\/www.jojoenherbe.com\/wp-content\/uploads\/2020\/12\/Le-sapin-5-scaled.jpg?zoom=3&amp;resize=150%2C150 450w\" sizes=\"auto, (max-width: 150px) 100vw, 150px\" \/><\/a> <a href=\"https:\/\/i0.wp.com\/www.jojoenherbe.com\/wp-content\/uploads\/2020\/12\/Le-sapin-scaled.jpg\"><img data-recalc-dims=\"1\" loading=\"lazy\" decoding=\"async\" data-attachment-id=\"14491\" data-permalink=\"https:\/\/www.jojoenherbe.com\/index.php\/2020\/12\/22\/au-fil-des-pages-avec-le-sapin\/le-sapin-6\/\" data-orig-file=\"https:\/\/i0.wp.com\/www.jojoenherbe.com\/wp-content\/uploads\/2020\/12\/Le-sapin-scaled.jpg?fit=2560%2C2337&amp;ssl=1\" data-orig-size=\"2560,2337\" data-comments-opened=\"1\" data-image-meta=\"{&quot;aperture&quot;:&quot;1.8&quot;,&quot;credit&quot;:&quot;&quot;,&quot;camera&quot;:&quot;iPhone 7&quot;,&quot;caption&quot;:&quot;&quot;,&quot;created_timestamp&quot;:&quot;1608641946&quot;,&quot;copyright&quot;:&quot;&quot;,&quot;focal_length&quot;:&quot;3.99&quot;,&quot;iso&quot;:&quot;80&quot;,&quot;shutter_speed&quot;:&quot;0.16666666666667&quot;,&quot;title&quot;:&quot;&quot;,&quot;orientation&quot;:&quot;1&quot;}\" data-image-title=\"Le sapin\" data-image-description=\"\" data-image-caption=\"\" data-large-file=\"https:\/\/i0.wp.com\/www.jojoenherbe.com\/wp-content\/uploads\/2020\/12\/Le-sapin-scaled.jpg?fit=676%2C617&amp;ssl=1\" class=\"size-thumbnail wp-image-14491 alignright\" src=\"https:\/\/i0.wp.com\/www.jojoenherbe.com\/wp-content\/uploads\/2020\/12\/Le-sapin.jpg?resize=150%2C150\" alt=\"\" width=\"150\" height=\"150\" srcset=\"https:\/\/i0.wp.com\/www.jojoenherbe.com\/wp-content\/uploads\/2020\/12\/Le-sapin-scaled.jpg?resize=150%2C150&amp;ssl=1 150w, https:\/\/i0.wp.com\/www.jojoenherbe.com\/wp-content\/uploads\/2020\/12\/Le-sapin-scaled.jpg?zoom=2&amp;resize=150%2C150 300w, https:\/\/i0.wp.com\/www.jojoenherbe.com\/wp-content\/uploads\/2020\/12\/Le-sapin-scaled.jpg?zoom=3&amp;resize=150%2C150 450w\" sizes=\"auto, (max-width: 150px) 100vw, 150px\" \/><\/a> Nous profitons de cette version revisit\u00e9e et optimiste du conte d\u2019Hans Christian Andersen pour relire aussi <span style=\"text-decoration: underline;\">Le sapin<\/span> illustr\u00e9 par Marc Boutavant (\u00e9d. Nathan, 2008), un album jeunesse grand format \u00e0 partir de 6 ans et qui reprend le texte originel publi\u00e9 en 1844. <\/em><em>Un sapin se d\u00e9sesp\u00e8re de vivre parmi les autres sapins de la for\u00eat, s&rsquo;imaginant un autre avenir bien plus grand au travers des r\u00e9cits des animaux de la for\u00eat. Et pourquoi ne serait-il pas lui aussi choisi par le b\u00fbcheron l&rsquo;hiver prochain? Lorsqu&rsquo;il devient un sapin de No\u00ebl, il ne peut contenir sa joie mais il d\u00e9chantera vite, le lendemain de No\u00ebl, lorsqu&rsquo;il sera remis\u00e9 dans le grenier. Au point de regretter sa vie dans la for\u00eat? <\/em><\/p>\n<p style=\"text-align: justify;\"><em>Les illustrations de Marc Boutavant &#8211; dont nous reconnaissons le coup de crayon d\u00e8s la couverture &#8211; accompagnent joliment et sobrement le texte tout en y apportant une petite touche de fantaisie dans les animaux que rencontrent le sapin. Une bien jolie version illustr\u00e9e de ce conte traditionnel qui nous rappelle, \u00e0 travers l&rsquo;existence de ce sapin insatisfait, qu&rsquo;il faut savoir appr\u00e9cier l&rsquo;instant pr\u00e9sent et les petits plaisirs simples que nous pouvons avoir au quotidien!<br \/>\n<\/em><\/p>\n<div style=\"width: 123px\" class=\"wp-caption alignleft\"><img data-recalc-dims=\"1\" loading=\"lazy\" decoding=\"async\" class=\"\" src=\"https:\/\/i0.wp.com\/image.over-blog.com\/QtkiuqWdwqgDD5PoRaYFPXM2rUQ%3D\/filters%3Ano_upscale%28%29\/image%2F1490149%2F20201109%2Fob_3a58b1_christmastime2020logo1.jpg?resize=113%2C114&#038;ssl=1\" alt=\"\" width=\"113\" height=\"114\" data-amp-height=\"352\" data-amp-width=\"350\" \/><p class=\"wp-caption-text\">Challenge Christmas Time de <a href=\"http:\/\/mya.books.over-blog.com\/2020\/11\/challenge-christmas-time-2020.html\">MyaRosa<\/a> #Album jeunesse<\/p><\/div>\n<div style=\"width: 130px\" class=\"wp-caption alignleft\"><img loading=\"lazy\" decoding=\"async\" class=\"attachment-post-image  wp-post-image\" src=\"https:\/\/i1.wp.com\/www.jojoenherbe.com\/wp-content\/uploads\/2020\/11\/Logo_2_2020-1024x992-1.jpg?fit=676%2C655\" sizes=\"auto, (max-width: 676px) 100vw, 676px\" srcset=\"https:\/\/i1.wp.com\/www.jojoenherbe.com\/wp-content\/uploads\/2020\/11\/Logo_2_2020-1024x992-1.jpg?w=1024 1024w, https:\/\/i1.wp.com\/www.jojoenherbe.com\/wp-content\/uploads\/2020\/11\/Logo_2_2020-1024x992-1.jpg?resize=300%2C291 300w, https:\/\/i1.wp.com\/www.jojoenherbe.com\/wp-content\/uploads\/2020\/11\/Logo_2_2020-1024x992-1.jpg?resize=768%2C744 768w, https:\/\/i1.wp.com\/www.jojoenherbe.com\/wp-content\/uploads\/2020\/11\/Logo_2_2020-1024x992-1.jpg?resize=676%2C655 676w\" alt=\"\" width=\"120\" height=\"117\" data-attachment-id=\"13791\" data-permalink=\"http:\/\/www.jojoenherbe.com\/index.php\/2020\/11\/10\/billet-de-suivi-il-etait-8-fois-noel\/logo_2_2020-1024x992\/\" data-orig-file=\"https:\/\/i1.wp.com\/www.jojoenherbe.com\/wp-content\/uploads\/2020\/11\/Logo_2_2020-1024x992-1.jpg?fit=1024%2C992\" data-orig-size=\"1024,992\" data-comments-opened=\"1\" data-image-meta=\"{&quot;aperture&quot;:&quot;0&quot;,&quot;credit&quot;:&quot;&quot;,&quot;camera&quot;:&quot;&quot;,&quot;caption&quot;:&quot;&quot;,&quot;created_timestamp&quot;:&quot;0&quot;,&quot;copyright&quot;:&quot;&quot;,&quot;focal_length&quot;:&quot;0&quot;,&quot;iso&quot;:&quot;0&quot;,&quot;shutter_speed&quot;:&quot;0&quot;,&quot;title&quot;:&quot;&quot;,&quot;orientation&quot;:&quot;0&quot;}\" data-image-title=\"Logo_2_2020-1024\u00d7992\" data-image-description=\"\" data-medium-file=\"https:\/\/i1.wp.com\/www.jojoenherbe.com\/wp-content\/uploads\/2020\/11\/Logo_2_2020-1024x992-1.jpg?fit=300%2C291\" data-large-file=\"https:\/\/i1.wp.com\/www.jojoenherbe.com\/wp-content\/uploads\/2020\/11\/Logo_2_2020-1024x992-1.jpg?fit=676%2C655\" \/><p class=\"wp-caption-text\">Challenge Il \u00e9tait 8 fois No\u00ebl de <a href=\"https:\/\/www.laplanquealibellules.fr\/2020\/11\/il-etait-huit-fois-noel.html\/\">Chicky Poo<\/a> et <a href=\"https:\/\/viedecontedefee.blogspot.com\/2020\/11\/1638-il-etait-huit-fois-noel.html\">Samarian<\/a> #Album Jeunesse<\/p><\/div>\n<div style=\"width: 164px\" class=\"wp-caption alignleft\"><img loading=\"lazy\" decoding=\"async\" class=\"\" src=\"https:\/\/i2.wp.com\/mapetitemediatheque.fr\/wp-content\/uploads\/2018\/11\/contes-de-No%C3%ABl-2-300x166.jpg?resize=259%2C143\" alt=\"\" width=\"154\" height=\"85\" data-recalc-dims=\"1\" \/><p class=\"wp-caption-text\">Participation #64 Contes &amp; L\u00e9gendes 2020 de <a href=\"http:\/\/mapetitemediatheque.fr\/2020\/01\/challenge-contes-et-legendes-2020\/\">Bidib<\/a> #Conte nordique<\/p><\/div>\n<div id=\"attachment_37710\" style=\"width: 136px\" class=\"wp-caption alignleft\"><img data-recalc-dims=\"1\" loading=\"lazy\" decoding=\"async\" aria-describedby=\"caption-attachment-37710\" class=\"wp-image-37710\" src=\"https:\/\/i0.wp.com\/delivrer-des-livres.fr\/wp-content\/uploads\/2020\/01\/Logo-Challenge-Classique-2020bis-300x225.jpg?resize=126%2C95&#038;ssl=1\" sizes=\"auto, (max-width: 300px) 100vw, 300px\" srcset=\"https:\/\/delivrer-des-livres.fr\/wp-content\/uploads\/2020\/01\/Logo-Challenge-Classique-2020bis-300x225.jpg 300w, https:\/\/delivrer-des-livres.fr\/wp-content\/uploads\/2020\/01\/Logo-Challenge-Classique-2020bis-150x113.jpg 150w, https:\/\/delivrer-des-livres.fr\/wp-content\/uploads\/2020\/01\/Logo-Challenge-Classique-2020bis-410x308.jpg 410w, https:\/\/delivrer-des-livres.fr\/wp-content\/uploads\/2020\/01\/Logo-Challenge-Classique-2020bis.jpg 453w\" alt=\"ann\u00e9e\" width=\"126\" height=\"95\" \/><p id=\"caption-attachment-37710\" class=\"wp-caption-text\">Participation #13 au Challenge \u00ab\u00a0Cette ann\u00e9e, je (re)lis des classiques\u00a0\u00bb de <a href=\"https:\/\/delivrer-des-livres.fr\/challenge-classiques-3eme-annee\/\">Nathalie<\/a> et <a href=\"http:\/\/vivrelivre19.over-blog.com\/2020\/01\/challenge-cette-annee-je-re-lis-des-classiques-2020.html\">Blandine<\/a><\/p><\/div>\n","protected":false},"excerpt":{"rendered":"<p>J22 de notre calendrier livresque de No\u00ebl: No\u00ebl de sapin de Michel Gay (\u00e9d. L\u2019\u00e9cole des loisirs, 1991, r\u00e9\u00e9d. 2019), un album jeunesse \u00e0 partir de 3 ans que nous avions beaucoup lu et relu l&rsquo;ann\u00e9e derni\u00e8re. Apr\u00e8s avoir servi de sapin de No\u00ebl, un jeune sapin est jet\u00e9 dans les poubelles. Mais un camion-poubelle [&hellip;]<\/p>\n","protected":false},"author":1,"featured_media":14490,"comment_status":"open","ping_status":"open","sticky":false,"template":"","format":"standard","meta":{"jetpack_post_was_ever_published":false,"_jetpack_newsletter_access":"","_jetpack_dont_email_post_to_subs":false,"_jetpack_newsletter_tier_id":0,"_jetpack_memberships_contains_paywalled_content":false,"_jetpack_memberships_contains_paid_content":false,"footnotes":""},"categories":[363],"tags":[785,788,1351,1931,1365,1974,245,1530,1205,1997,1117,1005,1024,19,989,347,348],"class_list":["post-14482","post","type-post","status-publish","format-standard","has-post-thumbnail","hentry","category-mini-lecteur","tag-3-6-ans","tag-6-9-ans","tag-cette-annee-je-relis-des-classiques-2020","tag-challenge-christmas-time-2020","tag-challenge-contes-et-legendes-2020","tag-conte-nordique","tag-contes","tag-contes-revisites","tag-contes-traditionnels","tag-hans-christian-andersen","tag-il-etait-8-fois-noel","tag-marc-boutavant","tag-michel-gay","tag-noel","tag-reveillon","tag-sapin","tag-sapin-de-noel","post-preview"],"jetpack_featured_media_url":"https:\/\/i0.wp.com\/www.jojoenherbe.com\/wp-content\/uploads\/2020\/12\/Le-sapin-et-Noel-de-sapin-scaled.jpg?fit=2560%2C1902&ssl=1","jetpack_sharing_enabled":true,"jetpack_shortlink":"https:\/\/wp.me\/p9zhGx-3LA","jetpack_likes_enabled":true,"jetpack-related-posts":[{"id":8742,"url":"https:\/\/www.jojoenherbe.com\/index.php\/2019\/12\/05\/au-fil-des-pages-avec-noel-de-sapin\/","url_meta":{"origin":14482,"position":0},"title":"Au fil des pages avec No\u00ebl de sapin","author":"Jojo","date":"5 d\u00e9cembre 2019","format":false,"excerpt":"Nous lisons pour d\u00e9buter nos lectures de No\u00ebl en cette fin novembre 2019 No\u00ebl de sapin de Michel Gay (\u00e9d. L'\u00e9cole des loisirs, 2013), un album jeunesse \u00e0 partir de 3 ans. D\u00e8s les premi\u00e8res pages, cela m'a fait penser au conte d'Hans Christian Andersen, Le sapin. Un sapin est\u2026","rel":"","context":"Dans &quot;Mini lecteur&quot;","block_context":{"text":"Mini lecteur","link":"https:\/\/www.jojoenherbe.com\/index.php\/category\/mini-lecteur\/"},"img":{"alt_text":"","src":"https:\/\/i0.wp.com\/www.jojoenherbe.com\/wp-content\/uploads\/2020\/12\/Noel-de-sapin-scaled.jpg?fit=1200%2C1036&ssl=1&resize=350%2C200","width":350,"height":200,"srcset":"https:\/\/i0.wp.com\/www.jojoenherbe.com\/wp-content\/uploads\/2020\/12\/Noel-de-sapin-scaled.jpg?fit=1200%2C1036&ssl=1&resize=350%2C200 1x, https:\/\/i0.wp.com\/www.jojoenherbe.com\/wp-content\/uploads\/2020\/12\/Noel-de-sapin-scaled.jpg?fit=1200%2C1036&ssl=1&resize=525%2C300 1.5x, https:\/\/i0.wp.com\/www.jojoenherbe.com\/wp-content\/uploads\/2020\/12\/Noel-de-sapin-scaled.jpg?fit=1200%2C1036&ssl=1&resize=700%2C400 2x, https:\/\/i0.wp.com\/www.jojoenherbe.com\/wp-content\/uploads\/2020\/12\/Noel-de-sapin-scaled.jpg?fit=1200%2C1036&ssl=1&resize=1050%2C600 3x"},"classes":[]},{"id":14179,"url":"https:\/\/www.jojoenherbe.com\/index.php\/2020\/12\/01\/au-fil-des-pages-avec-23-decembre\/","url_meta":{"origin":14482,"position":1},"title":"Au fil des pages avec 23 d\u00e9cembre","author":"Jojo","date":"1 d\u00e9cembre 2020","format":false,"excerpt":"Nous empruntons \u00e0 la m\u00e9diath\u00e8que 23 d\u00e9cembre de Michel Gay (\u00e9d. L'\u00e9cole des loisirs, 2000), un album jeunesse \u00e0 partir de 3 ans. C'est d\u00e9j\u00e0 le 23 d\u00e9cembre. Marijo, une petite fille accompagn\u00e9e de son chien et de sa ch\u00e8vre, s'en va chercher le sapin de No\u00ebl. Mais trois petits\u2026","rel":"","context":"Dans &quot;Mini lecteur&quot;","block_context":{"text":"Mini lecteur","link":"https:\/\/www.jojoenherbe.com\/index.php\/category\/mini-lecteur\/"},"img":{"alt_text":"","src":"https:\/\/i0.wp.com\/www.jojoenherbe.com\/wp-content\/uploads\/2020\/12\/23-decembre-scaled.jpg?fit=1200%2C900&ssl=1&resize=350%2C200","width":350,"height":200,"srcset":"https:\/\/i0.wp.com\/www.jojoenherbe.com\/wp-content\/uploads\/2020\/12\/23-decembre-scaled.jpg?fit=1200%2C900&ssl=1&resize=350%2C200 1x, https:\/\/i0.wp.com\/www.jojoenherbe.com\/wp-content\/uploads\/2020\/12\/23-decembre-scaled.jpg?fit=1200%2C900&ssl=1&resize=525%2C300 1.5x, https:\/\/i0.wp.com\/www.jojoenherbe.com\/wp-content\/uploads\/2020\/12\/23-decembre-scaled.jpg?fit=1200%2C900&ssl=1&resize=700%2C400 2x, https:\/\/i0.wp.com\/www.jojoenherbe.com\/wp-content\/uploads\/2020\/12\/23-decembre-scaled.jpg?fit=1200%2C900&ssl=1&resize=1050%2C600 3x"},"classes":[]},{"id":14191,"url":"https:\/\/www.jojoenherbe.com\/index.php\/2020\/12\/03\/notre-pal-de-contes-nordiques-2020\/","url_meta":{"origin":14482,"position":2},"title":"Notre PAL de contes nordiques 2020","author":"Jojo","date":"3 d\u00e9cembre 2020","format":false,"excerpt":"En ce mois de d\u00e9cembre 2020, apr\u00e8s une immersion dans le pays des Ogres, direction le grand Nord avec le challenge Contes et L\u00e9gendes de Bidib puisque ce sont les contes nordiques qui sont mis \u00e0 l'honneur ce mois-ci. Des albums jeunesse: Les trois boucs de Jean-Louis Le Craver et\u2026","rel":"","context":"Dans &quot;Mini challenger&quot;","block_context":{"text":"Mini challenger","link":"https:\/\/www.jojoenherbe.com\/index.php\/category\/mini-challenger\/"},"img":{"alt_text":"","src":"https:\/\/i0.wp.com\/www.jojoenherbe.com\/wp-content\/uploads\/2020\/12\/Contes-nordiques-scaled.jpg?fit=1200%2C705&ssl=1&resize=350%2C200","width":350,"height":200,"srcset":"https:\/\/i0.wp.com\/www.jojoenherbe.com\/wp-content\/uploads\/2020\/12\/Contes-nordiques-scaled.jpg?fit=1200%2C705&ssl=1&resize=350%2C200 1x, https:\/\/i0.wp.com\/www.jojoenherbe.com\/wp-content\/uploads\/2020\/12\/Contes-nordiques-scaled.jpg?fit=1200%2C705&ssl=1&resize=525%2C300 1.5x, https:\/\/i0.wp.com\/www.jojoenherbe.com\/wp-content\/uploads\/2020\/12\/Contes-nordiques-scaled.jpg?fit=1200%2C705&ssl=1&resize=700%2C400 2x, https:\/\/i0.wp.com\/www.jojoenherbe.com\/wp-content\/uploads\/2020\/12\/Contes-nordiques-scaled.jpg?fit=1200%2C705&ssl=1&resize=1050%2C600 3x"},"classes":[]},{"id":9137,"url":"https:\/\/www.jojoenherbe.com\/index.php\/2019\/12\/29\/au-fil-des-pages-avec-le-premier-noel-de-nina\/","url_meta":{"origin":14482,"position":3},"title":"Au fil des pages avec Le premier No\u00ebl de Nina","author":"Jojo","date":"29 d\u00e9cembre 2019","format":false,"excerpt":"Lors du premier RAT du Challenge Il \u00e9tait 7 fois No\u00ebl, nous avons relu Le premier No\u00ebl de Nina de Christine Leeson et Gaby Hansen (\u00e9d. Milan Jeunesse, 2003), un album jeunesse \u00e0 partir de 3 ans. Nina, une petite souris, f\u00eate son premier No\u00ebl et souhaite avoir un joli\u2026","rel":"","context":"Dans &quot;Mini lecteur&quot;","block_context":{"text":"Mini lecteur","link":"https:\/\/www.jojoenherbe.com\/index.php\/category\/mini-lecteur\/"},"img":{"alt_text":"","src":"https:\/\/i0.wp.com\/www.jojoenherbe.com\/wp-content\/uploads\/2019\/12\/Le-premier-Noel-de-Nina-scaled.jpg?fit=1200%2C900&ssl=1&resize=350%2C200","width":350,"height":200,"srcset":"https:\/\/i0.wp.com\/www.jojoenherbe.com\/wp-content\/uploads\/2019\/12\/Le-premier-Noel-de-Nina-scaled.jpg?fit=1200%2C900&ssl=1&resize=350%2C200 1x, https:\/\/i0.wp.com\/www.jojoenherbe.com\/wp-content\/uploads\/2019\/12\/Le-premier-Noel-de-Nina-scaled.jpg?fit=1200%2C900&ssl=1&resize=525%2C300 1.5x, https:\/\/i0.wp.com\/www.jojoenherbe.com\/wp-content\/uploads\/2019\/12\/Le-premier-Noel-de-Nina-scaled.jpg?fit=1200%2C900&ssl=1&resize=700%2C400 2x, https:\/\/i0.wp.com\/www.jojoenherbe.com\/wp-content\/uploads\/2019\/12\/Le-premier-Noel-de-Nina-scaled.jpg?fit=1200%2C900&ssl=1&resize=1050%2C600 3x"},"classes":[]},{"id":13574,"url":"https:\/\/www.jojoenherbe.com\/index.php\/2020\/11\/10\/billet-de-suivi-il-etait-8-fois-noel\/","url_meta":{"origin":14482,"position":4},"title":"Billet de suivi: Il \u00e9tait 8 fois No\u00ebl","author":"Jojo","date":"10 novembre 2020","format":false,"excerpt":"Le mois de d\u00e9cembre approchant, c'est le retour de Il \u00e9tait 8 fois No\u00ebl, un challenge de No\u00ebl organis\u00e9 par Chicky Poo et Samarian et qui se d\u00e9roule du 30 novembre 2020 au 3 janvier 2021. Pour plus d\u2019infos, n\u2019h\u00e9sitez pas \u00e0 aller sur leurs blogs. Ce billet sera actualis\u00e9\u2026","rel":"","context":"Dans &quot;Mini challenger&quot;","block_context":{"text":"Mini challenger","link":"https:\/\/www.jojoenherbe.com\/index.php\/category\/mini-challenger\/"},"img":{"alt_text":"","src":"https:\/\/i0.wp.com\/www.jojoenherbe.com\/wp-content\/uploads\/2020\/11\/Logo_2_2020-1024x992-1.jpg?fit=1024%2C992&ssl=1&resize=350%2C200","width":350,"height":200,"srcset":"https:\/\/i0.wp.com\/www.jojoenherbe.com\/wp-content\/uploads\/2020\/11\/Logo_2_2020-1024x992-1.jpg?fit=1024%2C992&ssl=1&resize=350%2C200 1x, https:\/\/i0.wp.com\/www.jojoenherbe.com\/wp-content\/uploads\/2020\/11\/Logo_2_2020-1024x992-1.jpg?fit=1024%2C992&ssl=1&resize=525%2C300 1.5x, https:\/\/i0.wp.com\/www.jojoenherbe.com\/wp-content\/uploads\/2020\/11\/Logo_2_2020-1024x992-1.jpg?fit=1024%2C992&ssl=1&resize=700%2C400 2x"},"classes":[]},{"id":9167,"url":"https:\/\/www.jojoenherbe.com\/index.php\/2019\/12\/23\/au-fil-des-pages-avec-le-premier-noel-de-lours\/","url_meta":{"origin":14482,"position":5},"title":"Au fil des pages avec Le premier No\u00ebl de l&rsquo;ours","author":"Jojo","date":"23 d\u00e9cembre 2019","format":false,"excerpt":"Nous empruntons \u00e0 la biblioth\u00e8que Le premier No\u00ebl de l'ours de Robert Kinerk et Jim LaMarche (\u00e9d. Casterman, 2008). La couverture m'a imm\u00e9diatement fait penser \u00e0 L'ours qui aimait les histoires, un tr\u00e8s joli album jeunesse sur le plaisir de la lecture. Et pour cause, l'illustrateur de cet album est\u2026","rel":"","context":"Dans &quot;Mini lecteur&quot;","block_context":{"text":"Mini lecteur","link":"https:\/\/www.jojoenherbe.com\/index.php\/category\/mini-lecteur\/"},"img":{"alt_text":"","src":"https:\/\/i0.wp.com\/www.jojoenherbe.com\/wp-content\/uploads\/2019\/12\/Le-premier-No%C3%ABl-de-lours.jpg?fit=1154%2C1200&ssl=1&resize=350%2C200","width":350,"height":200,"srcset":"https:\/\/i0.wp.com\/www.jojoenherbe.com\/wp-content\/uploads\/2019\/12\/Le-premier-No%C3%ABl-de-lours.jpg?fit=1154%2C1200&ssl=1&resize=350%2C200 1x, https:\/\/i0.wp.com\/www.jojoenherbe.com\/wp-content\/uploads\/2019\/12\/Le-premier-No%C3%ABl-de-lours.jpg?fit=1154%2C1200&ssl=1&resize=525%2C300 1.5x, https:\/\/i0.wp.com\/www.jojoenherbe.com\/wp-content\/uploads\/2019\/12\/Le-premier-No%C3%ABl-de-lours.jpg?fit=1154%2C1200&ssl=1&resize=700%2C400 2x, https:\/\/i0.wp.com\/www.jojoenherbe.com\/wp-content\/uploads\/2019\/12\/Le-premier-No%C3%ABl-de-lours.jpg?fit=1154%2C1200&ssl=1&resize=1050%2C600 3x"},"classes":[]}],"_links":{"self":[{"href":"https:\/\/www.jojoenherbe.com\/index.php\/wp-json\/wp\/v2\/posts\/14482","targetHints":{"allow":["GET"]}}],"collection":[{"href":"https:\/\/www.jojoenherbe.com\/index.php\/wp-json\/wp\/v2\/posts"}],"about":[{"href":"https:\/\/www.jojoenherbe.com\/index.php\/wp-json\/wp\/v2\/types\/post"}],"author":[{"embeddable":true,"href":"https:\/\/www.jojoenherbe.com\/index.php\/wp-json\/wp\/v2\/users\/1"}],"replies":[{"embeddable":true,"href":"https:\/\/www.jojoenherbe.com\/index.php\/wp-json\/wp\/v2\/comments?post=14482"}],"version-history":[{"count":0,"href":"https:\/\/www.jojoenherbe.com\/index.php\/wp-json\/wp\/v2\/posts\/14482\/revisions"}],"wp:featuredmedia":[{"embeddable":true,"href":"https:\/\/www.jojoenherbe.com\/index.php\/wp-json\/wp\/v2\/media\/14490"}],"wp:attachment":[{"href":"https:\/\/www.jojoenherbe.com\/index.php\/wp-json\/wp\/v2\/media?parent=14482"}],"wp:term":[{"taxonomy":"category","embeddable":true,"href":"https:\/\/www.jojoenherbe.com\/index.php\/wp-json\/wp\/v2\/categories?post=14482"},{"taxonomy":"post_tag","embeddable":true,"href":"https:\/\/www.jojoenherbe.com\/index.php\/wp-json\/wp\/v2\/tags?post=14482"}],"curies":[{"name":"wp","href":"https:\/\/api.w.org\/{rel}","templated":true}]}}