{"id":12803,"date":"2020-10-07T22:09:49","date_gmt":"2020-10-07T20:09:49","guid":{"rendered":"http:\/\/www.jojoenherbe.com\/?p=12803"},"modified":"2021-07-05T17:43:03","modified_gmt":"2021-07-05T15:43:03","slug":"au-fil-des-pages-avec-plus-gros-que-le-ventre","status":"publish","type":"post","link":"https:\/\/www.jojoenherbe.com\/index.php\/2020\/10\/07\/au-fil-des-pages-avec-plus-gros-que-le-ventre\/","title":{"rendered":"Au fil des pages avec Plus gros que le ventre"},"content":{"rendered":"<p style=\"text-align: justify;\"><em><a href=\"https:\/\/i0.wp.com\/www.jojoenherbe.com\/wp-content\/uploads\/2020\/10\/Plus-gros-que-le-ventre-2-scaled.jpg\"><img data-recalc-dims=\"1\" loading=\"lazy\" decoding=\"async\" data-attachment-id=\"12805\" data-permalink=\"https:\/\/www.jojoenherbe.com\/index.php\/2020\/10\/07\/au-fil-des-pages-avec-plus-gros-que-le-ventre\/plus-gros-que-le-ventre-2\/\" data-orig-file=\"https:\/\/i0.wp.com\/www.jojoenherbe.com\/wp-content\/uploads\/2020\/10\/Plus-gros-que-le-ventre-2-scaled.jpg?fit=2560%2C1920&amp;ssl=1\" data-orig-size=\"2560,1920\" data-comments-opened=\"1\" data-image-meta=\"{&quot;aperture&quot;:&quot;1.8&quot;,&quot;credit&quot;:&quot;&quot;,&quot;camera&quot;:&quot;iPhone 7&quot;,&quot;caption&quot;:&quot;&quot;,&quot;created_timestamp&quot;:&quot;1602090694&quot;,&quot;copyright&quot;:&quot;&quot;,&quot;focal_length&quot;:&quot;3.99&quot;,&quot;iso&quot;:&quot;40&quot;,&quot;shutter_speed&quot;:&quot;0.058823529411765&quot;,&quot;title&quot;:&quot;&quot;,&quot;orientation&quot;:&quot;1&quot;}\" data-image-title=\"Plus gros que le ventre 2\" data-image-description=\"\" data-image-caption=\"\" data-large-file=\"https:\/\/i0.wp.com\/www.jojoenherbe.com\/wp-content\/uploads\/2020\/10\/Plus-gros-que-le-ventre-2-scaled.jpg?fit=676%2C507&amp;ssl=1\" class=\"alignleft size-thumbnail wp-image-12805\" src=\"https:\/\/i0.wp.com\/www.jojoenherbe.com\/wp-content\/uploads\/2020\/10\/Plus-gros-que-le-ventre-2.jpg?resize=150%2C150\" alt=\"\" width=\"150\" height=\"150\" srcset=\"https:\/\/i0.wp.com\/www.jojoenherbe.com\/wp-content\/uploads\/2020\/10\/Plus-gros-que-le-ventre-2-scaled.jpg?resize=150%2C150&amp;ssl=1 150w, https:\/\/i0.wp.com\/www.jojoenherbe.com\/wp-content\/uploads\/2020\/10\/Plus-gros-que-le-ventre-2-scaled.jpg?zoom=2&amp;resize=150%2C150 300w, https:\/\/i0.wp.com\/www.jojoenherbe.com\/wp-content\/uploads\/2020\/10\/Plus-gros-que-le-ventre-2-scaled.jpg?zoom=3&amp;resize=150%2C150 450w\" sizes=\"auto, (max-width: 150px) 100vw, 150px\" \/><\/a> <a href=\"https:\/\/i0.wp.com\/www.jojoenherbe.com\/wp-content\/uploads\/2020\/10\/Plus-gros-que-le-ventre-3-scaled.jpg\"><img data-recalc-dims=\"1\" loading=\"lazy\" decoding=\"async\" data-attachment-id=\"12806\" data-permalink=\"https:\/\/www.jojoenherbe.com\/index.php\/2020\/10\/07\/au-fil-des-pages-avec-plus-gros-que-le-ventre\/plus-gros-que-le-ventre-3\/\" data-orig-file=\"https:\/\/i0.wp.com\/www.jojoenherbe.com\/wp-content\/uploads\/2020\/10\/Plus-gros-que-le-ventre-3-scaled.jpg?fit=2560%2C1920&amp;ssl=1\" data-orig-size=\"2560,1920\" data-comments-opened=\"1\" data-image-meta=\"{&quot;aperture&quot;:&quot;1.8&quot;,&quot;credit&quot;:&quot;&quot;,&quot;camera&quot;:&quot;iPhone 7&quot;,&quot;caption&quot;:&quot;&quot;,&quot;created_timestamp&quot;:&quot;1602090734&quot;,&quot;copyright&quot;:&quot;&quot;,&quot;focal_length&quot;:&quot;3.99&quot;,&quot;iso&quot;:&quot;40&quot;,&quot;shutter_speed&quot;:&quot;0.05&quot;,&quot;title&quot;:&quot;&quot;,&quot;orientation&quot;:&quot;1&quot;}\" data-image-title=\"Plus gros que le ventre 3\" data-image-description=\"\" data-image-caption=\"\" data-large-file=\"https:\/\/i0.wp.com\/www.jojoenherbe.com\/wp-content\/uploads\/2020\/10\/Plus-gros-que-le-ventre-3-scaled.jpg?fit=676%2C507&amp;ssl=1\" class=\"alignleft size-thumbnail wp-image-12806\" src=\"https:\/\/i0.wp.com\/www.jojoenherbe.com\/wp-content\/uploads\/2020\/10\/Plus-gros-que-le-ventre-3.jpg?resize=150%2C150\" alt=\"\" width=\"150\" height=\"150\" srcset=\"https:\/\/i0.wp.com\/www.jojoenherbe.com\/wp-content\/uploads\/2020\/10\/Plus-gros-que-le-ventre-3-scaled.jpg?resize=150%2C150&amp;ssl=1 150w, https:\/\/i0.wp.com\/www.jojoenherbe.com\/wp-content\/uploads\/2020\/10\/Plus-gros-que-le-ventre-3-scaled.jpg?zoom=2&amp;resize=150%2C150 300w, https:\/\/i0.wp.com\/www.jojoenherbe.com\/wp-content\/uploads\/2020\/10\/Plus-gros-que-le-ventre-3-scaled.jpg?zoom=3&amp;resize=150%2C150 450w\" sizes=\"auto, (max-width: 150px) 100vw, 150px\" \/><\/a>Nous empruntons \u00e0 la m\u00e9diath\u00e8que <span style=\"text-decoration: underline;\">Plus gros que le ventre<\/span> de Micha\u00ebl Escoffier et Amandine Piu (\u00e9d. Frimousse, 2017), un album jeunesse \u00e0 partir de 3 ans et qui a \u00e9t\u00e9 Laur\u00e9at du 30\u00e8me Prix des Incos dans la s\u00e9lection Maternelle en 2019. D\u00e8s l&rsquo;illustration de la couverture avec un monstre d\u00e9vorant une des lettres du titre de l&rsquo;album et plus encore avec le r\u00e9sum\u00e9 de la quatri\u00e8me de couverture, le ton est donn\u00e9. Il nous est enjoint de ne pas ouvrir ce livre qui contient un horrible monstre pr\u00eat \u00e0 nous d\u00e9vorer. Or, en tournant les pages, nous r\u00e9veillons ce monstre qui mange vraiment tout sur son passage, les lettres du livre, les pommes, les arbres et m\u00eame les vaches&#8230; Finirons-nous aussi, lecteurs, dans son ventre?<br \/>\n<\/em><\/p>\n<p style=\"text-align: justify;\"><em>Quelle inventivit\u00e9 de ce duo auteur\/illustratrice dans ce livre participatif qui nous fait gentiment peur! La mise en page tant du texte avec des polices diff\u00e9rentes que des illustrations tr\u00e8s expressives et color\u00e9es est tr\u00e8s r\u00e9ussie et apporte cette petite touche de frissons. Le monstre se rapproche dangereusement de nous. Comment pourrons-nous lui \u00e9chapper sans refermer le livre? Sans trop d\u00e9voiler la chute finale, il est amusant de s&rsquo;arr\u00eater sur les d\u00e9tails des illustrations, en particulier les derni\u00e8res. <\/em><em>D&rsquo;ailleurs, cette histoire me rappelle celle de<\/em><em><a href=\"http:\/\/www.jojoenherbe.com\/index.php\/2019\/11\/15\/au-fil-des-pages-avec-chhht\/\"><span style=\"text-decoration: underline;\"> Chhht!<\/span><\/a> de Sally Grindley et Peter Utton, un album jeunesse avec des rabats dans lequel il faut faire tr\u00e8s attention \u00e0 ne pas r\u00e9veiller le g\u00e9ant qui dort dans le ch\u00e2teau. Mais j&rsquo;ai bien plus appr\u00e9ci\u00e9 la bouille de ce monstre insatiable que celle du g\u00e9ant de <span style=\"text-decoration: underline;\">Chhht<\/span>. Gros coup de c\u0153ur pour cet album jeunesse hilarant!<br \/>\n<\/em><\/p>\n<p style=\"text-align: justify;\"><em>Pour un autre avis sur cet album jeunesse: <a href=\"https:\/\/sylectures.wordpress.com\/2020\/10\/05\/plus-gros-que-le-ventre\/\">Syl<\/a>.<\/em><\/p>\n<div id=\"attachment_12275\" style=\"width: 175px\" class=\"wp-caption alignleft\"><img data-recalc-dims=\"1\" loading=\"lazy\" decoding=\"async\" aria-describedby=\"caption-attachment-12275\" data-attachment-id=\"12275\" data-permalink=\"https:\/\/www.jojoenherbe.com\/index.php\/2020\/09\/15\/ptit-recap-du-challenge-halloween-2020\/img_8586\/\" data-orig-file=\"https:\/\/i0.wp.com\/www.jojoenherbe.com\/wp-content\/uploads\/2020\/09\/IMG_8586.jpg?fit=665%2C555&amp;ssl=1\" data-orig-size=\"665,555\" data-comments-opened=\"1\" data-image-meta=\"{&quot;aperture&quot;:&quot;0&quot;,&quot;credit&quot;:&quot;&quot;,&quot;camera&quot;:&quot;&quot;,&quot;caption&quot;:&quot;&quot;,&quot;created_timestamp&quot;:&quot;1599154588&quot;,&quot;copyright&quot;:&quot;&quot;,&quot;focal_length&quot;:&quot;0&quot;,&quot;iso&quot;:&quot;0&quot;,&quot;shutter_speed&quot;:&quot;0&quot;,&quot;title&quot;:&quot;&quot;,&quot;orientation&quot;:&quot;1&quot;}\" data-image-title=\"IMG_8586\" data-image-description=\"\" data-image-caption=\"\" data-large-file=\"https:\/\/i0.wp.com\/www.jojoenherbe.com\/wp-content\/uploads\/2020\/09\/IMG_8586.jpg?fit=665%2C555&amp;ssl=1\" class=\"wp-image-12275\" src=\"https:\/\/i0.wp.com\/www.jojoenherbe.com\/wp-content\/uploads\/2020\/09\/IMG_8586.jpg?resize=165%2C138\" alt=\"\" width=\"165\" height=\"138\" srcset=\"https:\/\/i0.wp.com\/www.jojoenherbe.com\/wp-content\/uploads\/2020\/09\/IMG_8586.jpg?resize=300%2C250&amp;ssl=1 300w, https:\/\/i0.wp.com\/www.jojoenherbe.com\/wp-content\/uploads\/2020\/09\/IMG_8586.jpg?w=665&amp;ssl=1 665w\" sizes=\"auto, (max-width: 165px) 100vw, 165px\" \/><p id=\"caption-attachment-12275\" class=\"wp-caption-text\">Challenge Halloween de <a href=\"http:\/\/www.lelivroblog.fr\/archive\/2020\/09\/08\/le-challenge-halloween-2020-6262057.html\">Hilde<\/a> et <a href=\"http:\/\/www.myloubook.com\/2020\/09\/08\/challenge-halloween-2020-rendez-vous-pour-nos-11-ans\/\">Lou<\/a> #Monstre<\/p><\/div>\n","protected":false},"excerpt":{"rendered":"<p>Nous empruntons \u00e0 la m\u00e9diath\u00e8que Plus gros que le ventre de Micha\u00ebl Escoffier et Amandine Piu (\u00e9d. Frimousse, 2017), un album jeunesse \u00e0 partir de 3 ans et qui a \u00e9t\u00e9 Laur\u00e9at du 30\u00e8me Prix des Incos dans la s\u00e9lection Maternelle en 2019. D\u00e8s l&rsquo;illustration de la couverture avec un monstre d\u00e9vorant une des lettres [&hellip;]<\/p>\n","protected":false},"author":1,"featured_media":12807,"comment_status":"open","ping_status":"open","sticky":false,"template":"","format":"standard","meta":{"jetpack_post_was_ever_published":false,"_jetpack_newsletter_access":"","_jetpack_dont_email_post_to_subs":false,"_jetpack_newsletter_tier_id":0,"_jetpack_memberships_contains_paywalled_content":false,"_jetpack_memberships_contains_paid_content":false,"footnotes":""},"categories":[363],"tags":[785,409,1845,574,538,367,1797,1323,1844,770,555,1846,1673,2393,1187],"class_list":["post-12803","post","type-post","status-publish","format-standard","has-post-thumbnail","hentry","category-mini-lecteur","tag-3-6-ans","tag-albums-jeunesse","tag-amandine-piu","tag-faim","tag-humour","tag-lecture-jeunesse","tag-lectures-dhalloween","tag-livre-participatif","tag-michael-escoffier","tag-monstre","tag-peur","tag-pommier","tag-prix-des-incos","tag-prix-des-incos-2019","tag-vache","post-preview"],"jetpack_featured_media_url":"https:\/\/i0.wp.com\/www.jojoenherbe.com\/wp-content\/uploads\/2020\/10\/Plus-gros-que-le-ventre-scaled.jpg?fit=2560%2C1920&ssl=1","jetpack_sharing_enabled":true,"jetpack_shortlink":"https:\/\/wp.me\/p9zhGx-3kv","jetpack_likes_enabled":true,"jetpack-related-posts":[{"id":13427,"url":"https:\/\/www.jojoenherbe.com\/index.php\/2020\/11\/13\/notre-selection-monstres-pour-le-challenge-halloween\/","url_meta":{"origin":12803,"position":0},"title":"Notre s\u00e9lection \u00ab\u00a0Monstres\u00a0\u00bb pour le Challenge Halloween","author":"Jojo","date":"13 novembre 2020","format":false,"excerpt":"Pour cette \u00e9dition 2020 du Challenge Halloween, je continue dans mes s\u00e9lections sp\u00e9ciales Halloween avec cette fois les Monstres et cr\u00e9atures fantastiques d'autant qu'hier nous avons relu Max le terrible. Des albums jeunesse: Cher monstre d'Emma Yarlett (\u00e9d. Albin Michel Jeunesse, 2019), un album jeunesse \u00e0 partir de 3 ans,\u2026","rel":"","context":"Dans &quot;Mini lecteur&quot;","block_context":{"text":"Mini lecteur","link":"https:\/\/www.jojoenherbe.com\/index.php\/category\/mini-lecteur\/"},"img":{"alt_text":"","src":"https:\/\/i0.wp.com\/www.jojoenherbe.com\/wp-content\/uploads\/2020\/11\/Selection-Monstre-scaled.jpg?fit=1200%2C796&ssl=1&resize=350%2C200","width":350,"height":200,"srcset":"https:\/\/i0.wp.com\/www.jojoenherbe.com\/wp-content\/uploads\/2020\/11\/Selection-Monstre-scaled.jpg?fit=1200%2C796&ssl=1&resize=350%2C200 1x, https:\/\/i0.wp.com\/www.jojoenherbe.com\/wp-content\/uploads\/2020\/11\/Selection-Monstre-scaled.jpg?fit=1200%2C796&ssl=1&resize=525%2C300 1.5x, https:\/\/i0.wp.com\/www.jojoenherbe.com\/wp-content\/uploads\/2020\/11\/Selection-Monstre-scaled.jpg?fit=1200%2C796&ssl=1&resize=700%2C400 2x, https:\/\/i0.wp.com\/www.jojoenherbe.com\/wp-content\/uploads\/2020\/11\/Selection-Monstre-scaled.jpg?fit=1200%2C796&ssl=1&resize=1050%2C600 3x"},"classes":[]},{"id":13595,"url":"https:\/\/www.jojoenherbe.com\/index.php\/2020\/11\/04\/au-fil-des-pages-avec-gare-au-monstre\/","url_meta":{"origin":12803,"position":1},"title":"Au fil des pages avec Gare au monstre!","author":"Jojo","date":"4 novembre 2020","format":false,"excerpt":"Nous lisons, parmi nos emprunts \u00e0 la m\u00e9diath\u00e8que, Gare au monstre! de Sunghee Shin (\u00e9d. Circonflexe, 2017), un album jeunesse \u00e0 partir de 3 ans et qui a fait partie de la s\u00e9lection Maternelle du 30\u00e8me Prix des Incos en 2019. Avec ce titre et l'illustration de la couverture avec\u2026","rel":"","context":"Dans &quot;Mini lecteur&quot;","block_context":{"text":"Mini lecteur","link":"https:\/\/www.jojoenherbe.com\/index.php\/category\/mini-lecteur\/"},"img":{"alt_text":"","src":"https:\/\/i0.wp.com\/www.jojoenherbe.com\/wp-content\/uploads\/2020\/11\/Gare-au-monstre-scaled.jpg?fit=1200%2C900&ssl=1&resize=350%2C200","width":350,"height":200,"srcset":"https:\/\/i0.wp.com\/www.jojoenherbe.com\/wp-content\/uploads\/2020\/11\/Gare-au-monstre-scaled.jpg?fit=1200%2C900&ssl=1&resize=350%2C200 1x, https:\/\/i0.wp.com\/www.jojoenherbe.com\/wp-content\/uploads\/2020\/11\/Gare-au-monstre-scaled.jpg?fit=1200%2C900&ssl=1&resize=525%2C300 1.5x, https:\/\/i0.wp.com\/www.jojoenherbe.com\/wp-content\/uploads\/2020\/11\/Gare-au-monstre-scaled.jpg?fit=1200%2C900&ssl=1&resize=700%2C400 2x, https:\/\/i0.wp.com\/www.jojoenherbe.com\/wp-content\/uploads\/2020\/11\/Gare-au-monstre-scaled.jpg?fit=1200%2C900&ssl=1&resize=1050%2C600 3x"},"classes":[]},{"id":25607,"url":"https:\/\/www.jojoenherbe.com\/index.php\/2022\/05\/25\/nos-lectures-de-la-selection-maternelle-du-prix-des-incos-2022\/","url_meta":{"origin":12803,"position":2},"title":"Nos lectures de la s\u00e9lection Maternelle du Prix des Incos 2022","author":"Jojo","date":"25 mai 2022","format":false,"excerpt":"Lorsque la s\u00e9lection Maternelle du 33\u00e8me Prix des Incos 2021\/2022 est parue, nous avons d\u00e9couvert avec plaisir que nous connaissions d\u00e9j\u00e0 4 albums jeunesse sur les 6 s\u00e9lectionn\u00e9s. La grande glissade de l\u2019ours de Richard T. Morris et LeUyen Pham (\u00e9d. Albin Michel Jeunesse, 2020), un album jeunesse \u00e0 partir\u2026","rel":"","context":"Dans &quot;Mini lecteur&quot;","block_context":{"text":"Mini lecteur","link":"https:\/\/www.jojoenherbe.com\/index.php\/category\/mini-lecteur\/"},"img":{"alt_text":"","src":"https:\/\/i0.wp.com\/www.jojoenherbe.com\/wp-content\/uploads\/2022\/05\/Selection-Maternelle-Prix-des-Incos-2022-scaled.jpg?fit=1200%2C951&ssl=1&resize=350%2C200","width":350,"height":200,"srcset":"https:\/\/i0.wp.com\/www.jojoenherbe.com\/wp-content\/uploads\/2022\/05\/Selection-Maternelle-Prix-des-Incos-2022-scaled.jpg?fit=1200%2C951&ssl=1&resize=350%2C200 1x, https:\/\/i0.wp.com\/www.jojoenherbe.com\/wp-content\/uploads\/2022\/05\/Selection-Maternelle-Prix-des-Incos-2022-scaled.jpg?fit=1200%2C951&ssl=1&resize=525%2C300 1.5x, https:\/\/i0.wp.com\/www.jojoenherbe.com\/wp-content\/uploads\/2022\/05\/Selection-Maternelle-Prix-des-Incos-2022-scaled.jpg?fit=1200%2C951&ssl=1&resize=700%2C400 2x, https:\/\/i0.wp.com\/www.jojoenherbe.com\/wp-content\/uploads\/2022\/05\/Selection-Maternelle-Prix-des-Incos-2022-scaled.jpg?fit=1200%2C951&ssl=1&resize=1050%2C600 3x"},"classes":[]},{"id":5369,"url":"https:\/\/www.jojoenherbe.com\/index.php\/2019\/04\/02\/au-fil-des-pages-avec-banquise-blues\/","url_meta":{"origin":12803,"position":3},"title":"Au fil des pages avec Banquise blues","author":"Jojo","date":"2 avril 2019","format":false,"excerpt":"Un vrai petit r\u00e9gal que Banquise Blues de Jory John et Lane Smith (\u00e9d. Gallimard Jeunesse, 2018), un album jeunesse \u00e0 partir de 3 ans et qui a fait partie de la s\u00e9lection CP du 31e Prix des Incos en 2020. Nous lisons cet album jeunesse avec beaucoup de rire\u2026","rel":"","context":"Dans &quot;Mini lecteur&quot;","block_context":{"text":"Mini lecteur","link":"https:\/\/www.jojoenherbe.com\/index.php\/category\/mini-lecteur\/"},"img":{"alt_text":"","src":"https:\/\/i0.wp.com\/www.jojoenherbe.com\/wp-content\/uploads\/2019\/04\/Banquise-Blues-1-scaled.jpg?fit=1200%2C900&ssl=1&resize=350%2C200","width":350,"height":200,"srcset":"https:\/\/i0.wp.com\/www.jojoenherbe.com\/wp-content\/uploads\/2019\/04\/Banquise-Blues-1-scaled.jpg?fit=1200%2C900&ssl=1&resize=350%2C200 1x, https:\/\/i0.wp.com\/www.jojoenherbe.com\/wp-content\/uploads\/2019\/04\/Banquise-Blues-1-scaled.jpg?fit=1200%2C900&ssl=1&resize=525%2C300 1.5x, https:\/\/i0.wp.com\/www.jojoenherbe.com\/wp-content\/uploads\/2019\/04\/Banquise-Blues-1-scaled.jpg?fit=1200%2C900&ssl=1&resize=700%2C400 2x, https:\/\/i0.wp.com\/www.jojoenherbe.com\/wp-content\/uploads\/2019\/04\/Banquise-Blues-1-scaled.jpg?fit=1200%2C900&ssl=1&resize=1050%2C600 3x"},"classes":[]},{"id":18730,"url":"https:\/\/www.jojoenherbe.com\/index.php\/2021\/06\/02\/au-fil-des-pages-avec-gros-loup-et-la-petite-bete\/","url_meta":{"origin":12803,"position":4},"title":"Au fil des pages avec Gros Loup et la petite b\u00eate","author":"Jojo","date":"2 juin 2021","format":false,"excerpt":"Ces derniers jours, nous lisons et relisons Gros Loup et la petite b\u00eate de Rob Hodgson (\u00e9d. Belin Jeunesse, 2017), un album jeunesse \u00e0 partir de 3 ans et qui a fait partie de la s\u00e9lection Maternelle du 30e Prix des Incos en 2019. Dans une ambiance automnale, un loup\u2026","rel":"","context":"Dans &quot;Mini lecteur&quot;","block_context":{"text":"Mini lecteur","link":"https:\/\/www.jojoenherbe.com\/index.php\/category\/mini-lecteur\/"},"img":{"alt_text":"","src":"https:\/\/i0.wp.com\/www.jojoenherbe.com\/wp-content\/uploads\/2021\/06\/Gros-Loup-et-la-petite-bete-scaled.jpg?fit=1200%2C900&ssl=1&resize=350%2C200","width":350,"height":200,"srcset":"https:\/\/i0.wp.com\/www.jojoenherbe.com\/wp-content\/uploads\/2021\/06\/Gros-Loup-et-la-petite-bete-scaled.jpg?fit=1200%2C900&ssl=1&resize=350%2C200 1x, https:\/\/i0.wp.com\/www.jojoenherbe.com\/wp-content\/uploads\/2021\/06\/Gros-Loup-et-la-petite-bete-scaled.jpg?fit=1200%2C900&ssl=1&resize=525%2C300 1.5x, https:\/\/i0.wp.com\/www.jojoenherbe.com\/wp-content\/uploads\/2021\/06\/Gros-Loup-et-la-petite-bete-scaled.jpg?fit=1200%2C900&ssl=1&resize=700%2C400 2x, https:\/\/i0.wp.com\/www.jojoenherbe.com\/wp-content\/uploads\/2021\/06\/Gros-Loup-et-la-petite-bete-scaled.jpg?fit=1200%2C900&ssl=1&resize=1050%2C600 3x"},"classes":[]},{"id":17295,"url":"https:\/\/www.jojoenherbe.com\/index.php\/2021\/04\/19\/nos-lectures-de-la-selection-maternelle-du-prix-des-incos-2021\/","url_meta":{"origin":12803,"position":5},"title":"Nos lectures de la s\u00e9lection Maternelle du Prix des Incos 2021","author":"Jojo","date":"19 avril 2021","format":false,"excerpt":"Cette ann\u00e9e et comme d\u00e9j\u00e0 l'ann\u00e9e derni\u00e8re, nous avons pu lire la s\u00e9lection Maternelle du 32\u00e8me Prix des Incos 2020\/2021: Le bon c\u00f4t\u00e9 du mur de Jon Agee (\u00e9d. Gallimard Jeunesse, 2019), un album jeunesse \u00e0 partir de 3 ans. Au milieu du livre, il y a un mur. Un\u2026","rel":"","context":"Dans &quot;Mini lecteur&quot;","block_context":{"text":"Mini lecteur","link":"https:\/\/www.jojoenherbe.com\/index.php\/category\/mini-lecteur\/"},"img":{"alt_text":"","src":"https:\/\/i0.wp.com\/www.jojoenherbe.com\/wp-content\/uploads\/2021\/04\/Selection-Maternelle-Prix-des-Incos-2021-scaled.jpg?fit=1200%2C900&ssl=1&resize=350%2C200","width":350,"height":200,"srcset":"https:\/\/i0.wp.com\/www.jojoenherbe.com\/wp-content\/uploads\/2021\/04\/Selection-Maternelle-Prix-des-Incos-2021-scaled.jpg?fit=1200%2C900&ssl=1&resize=350%2C200 1x, https:\/\/i0.wp.com\/www.jojoenherbe.com\/wp-content\/uploads\/2021\/04\/Selection-Maternelle-Prix-des-Incos-2021-scaled.jpg?fit=1200%2C900&ssl=1&resize=525%2C300 1.5x, https:\/\/i0.wp.com\/www.jojoenherbe.com\/wp-content\/uploads\/2021\/04\/Selection-Maternelle-Prix-des-Incos-2021-scaled.jpg?fit=1200%2C900&ssl=1&resize=700%2C400 2x, https:\/\/i0.wp.com\/www.jojoenherbe.com\/wp-content\/uploads\/2021\/04\/Selection-Maternelle-Prix-des-Incos-2021-scaled.jpg?fit=1200%2C900&ssl=1&resize=1050%2C600 3x"},"classes":[]}],"_links":{"self":[{"href":"https:\/\/www.jojoenherbe.com\/index.php\/wp-json\/wp\/v2\/posts\/12803","targetHints":{"allow":["GET"]}}],"collection":[{"href":"https:\/\/www.jojoenherbe.com\/index.php\/wp-json\/wp\/v2\/posts"}],"about":[{"href":"https:\/\/www.jojoenherbe.com\/index.php\/wp-json\/wp\/v2\/types\/post"}],"author":[{"embeddable":true,"href":"https:\/\/www.jojoenherbe.com\/index.php\/wp-json\/wp\/v2\/users\/1"}],"replies":[{"embeddable":true,"href":"https:\/\/www.jojoenherbe.com\/index.php\/wp-json\/wp\/v2\/comments?post=12803"}],"version-history":[{"count":0,"href":"https:\/\/www.jojoenherbe.com\/index.php\/wp-json\/wp\/v2\/posts\/12803\/revisions"}],"wp:featuredmedia":[{"embeddable":true,"href":"https:\/\/www.jojoenherbe.com\/index.php\/wp-json\/wp\/v2\/media\/12807"}],"wp:attachment":[{"href":"https:\/\/www.jojoenherbe.com\/index.php\/wp-json\/wp\/v2\/media?parent=12803"}],"wp:term":[{"taxonomy":"category","embeddable":true,"href":"https:\/\/www.jojoenherbe.com\/index.php\/wp-json\/wp\/v2\/categories?post=12803"},{"taxonomy":"post_tag","embeddable":true,"href":"https:\/\/www.jojoenherbe.com\/index.php\/wp-json\/wp\/v2\/tags?post=12803"}],"curies":[{"name":"wp","href":"https:\/\/api.w.org\/{rel}","templated":true}]}}