{"id":12800,"date":"2021-10-23T12:32:50","date_gmt":"2021-10-23T10:32:50","guid":{"rendered":"http:\/\/www.jojoenherbe.com\/?p=12800"},"modified":"2021-10-23T12:32:50","modified_gmt":"2021-10-23T10:32:50","slug":"au-fil-des-pages-avec-cher-monstre","status":"publish","type":"post","link":"https:\/\/www.jojoenherbe.com\/index.php\/2021\/10\/23\/au-fil-des-pages-avec-cher-monstre\/","title":{"rendered":"Au fil des pages avec Cher Monstre"},"content":{"rendered":"<p style=\"text-align: justify;\"><em>Nous lisons et relisons <span style=\"text-decoration: underline;\">Cher Monstre<\/span> d\u2019Emma Yarlett (\u00e9d. Albin Michel Jeunesse, 2019), un album jeunesse \u00e0 partir de 4 ans avec des lettres \u00e0 ouvrir. Rep\u00e9r\u00e9 chez <a href=\"http:\/\/www.myloubook.com\/2019\/10\/19\/emma-yarlett-cher-monstre\/\">Lou<\/a> lors du Challenge Halloween 2019, je l&rsquo;avais emprunt\u00e9 dans la foul\u00e9e sans le chroniquer. De m\u00eame en 2020. Alors je profite que cet album jeunesse a rejoint nos biblioth\u00e8ques (\u00e0 force de l&#8217;emprunter&#8230;) pour le chroniquer cette ann\u00e9e. <\/em><\/p>\n<p style=\"text-align: justify;\"><em><a href=\"https:\/\/i0.wp.com\/www.jojoenherbe.com\/wp-content\/uploads\/2021\/10\/Cher-monstre-7-scaled.jpg\"><img data-recalc-dims=\"1\" loading=\"lazy\" decoding=\"async\" data-attachment-id=\"21780\" data-permalink=\"https:\/\/www.jojoenherbe.com\/index.php\/2021\/10\/23\/au-fil-des-pages-avec-cher-monstre\/cher-monstre-7\/\" data-orig-file=\"https:\/\/i0.wp.com\/www.jojoenherbe.com\/wp-content\/uploads\/2021\/10\/Cher-monstre-7-scaled.jpg?fit=2560%2C1920&amp;ssl=1\" data-orig-size=\"2560,1920\" data-comments-opened=\"1\" data-image-meta=\"{&quot;aperture&quot;:&quot;1.8&quot;,&quot;credit&quot;:&quot;&quot;,&quot;camera&quot;:&quot;iPhone 7&quot;,&quot;caption&quot;:&quot;&quot;,&quot;created_timestamp&quot;:&quot;1634990764&quot;,&quot;copyright&quot;:&quot;&quot;,&quot;focal_length&quot;:&quot;3.99&quot;,&quot;iso&quot;:&quot;100&quot;,&quot;shutter_speed&quot;:&quot;0.071428571428571&quot;,&quot;title&quot;:&quot;&quot;,&quot;orientation&quot;:&quot;1&quot;}\" data-image-title=\"Cher monstre 7\" data-image-description=\"\" data-image-caption=\"\" data-large-file=\"https:\/\/i0.wp.com\/www.jojoenherbe.com\/wp-content\/uploads\/2021\/10\/Cher-monstre-7-scaled.jpg?fit=676%2C507&amp;ssl=1\" class=\"alignleft size-thumbnail wp-image-21780\" src=\"https:\/\/i0.wp.com\/www.jojoenherbe.com\/wp-content\/uploads\/2021\/10\/Cher-monstre-7.jpg?resize=150%2C150\" alt=\"\" width=\"150\" height=\"150\" srcset=\"https:\/\/i0.wp.com\/www.jojoenherbe.com\/wp-content\/uploads\/2021\/10\/Cher-monstre-7-scaled.jpg?resize=150%2C150&amp;ssl=1 150w, https:\/\/i0.wp.com\/www.jojoenherbe.com\/wp-content\/uploads\/2021\/10\/Cher-monstre-7-scaled.jpg?zoom=2&amp;resize=150%2C150 300w, https:\/\/i0.wp.com\/www.jojoenherbe.com\/wp-content\/uploads\/2021\/10\/Cher-monstre-7-scaled.jpg?zoom=3&amp;resize=150%2C150 450w\" sizes=\"auto, (max-width: 150px) 100vw, 150px\" \/><\/a> <a href=\"https:\/\/i0.wp.com\/www.jojoenherbe.com\/wp-content\/uploads\/2021\/10\/Cher-monstre-8-scaled.jpg\"><img data-recalc-dims=\"1\" loading=\"lazy\" decoding=\"async\" data-attachment-id=\"21781\" data-permalink=\"https:\/\/www.jojoenherbe.com\/index.php\/2021\/10\/23\/au-fil-des-pages-avec-cher-monstre\/cher-monstre-8\/\" data-orig-file=\"https:\/\/i0.wp.com\/www.jojoenherbe.com\/wp-content\/uploads\/2021\/10\/Cher-monstre-8-scaled.jpg?fit=2560%2C1837&amp;ssl=1\" data-orig-size=\"2560,1837\" data-comments-opened=\"1\" data-image-meta=\"{&quot;aperture&quot;:&quot;1.8&quot;,&quot;credit&quot;:&quot;&quot;,&quot;camera&quot;:&quot;iPhone 7&quot;,&quot;caption&quot;:&quot;&quot;,&quot;created_timestamp&quot;:&quot;1634990794&quot;,&quot;copyright&quot;:&quot;&quot;,&quot;focal_length&quot;:&quot;3.99&quot;,&quot;iso&quot;:&quot;100&quot;,&quot;shutter_speed&quot;:&quot;0.071428571428571&quot;,&quot;title&quot;:&quot;&quot;,&quot;orientation&quot;:&quot;1&quot;}\" data-image-title=\"Cher monstre 8\" data-image-description=\"\" data-image-caption=\"\" data-large-file=\"https:\/\/i0.wp.com\/www.jojoenherbe.com\/wp-content\/uploads\/2021\/10\/Cher-monstre-8-scaled.jpg?fit=676%2C485&amp;ssl=1\" class=\"alignleft size-thumbnail wp-image-21781\" src=\"https:\/\/i0.wp.com\/www.jojoenherbe.com\/wp-content\/uploads\/2021\/10\/Cher-monstre-8.jpg?resize=150%2C150\" alt=\"\" width=\"150\" height=\"150\" srcset=\"https:\/\/i0.wp.com\/www.jojoenherbe.com\/wp-content\/uploads\/2021\/10\/Cher-monstre-8-scaled.jpg?resize=150%2C150&amp;ssl=1 150w, https:\/\/i0.wp.com\/www.jojoenherbe.com\/wp-content\/uploads\/2021\/10\/Cher-monstre-8-scaled.jpg?zoom=2&amp;resize=150%2C150 300w, https:\/\/i0.wp.com\/www.jojoenherbe.com\/wp-content\/uploads\/2021\/10\/Cher-monstre-8-scaled.jpg?zoom=3&amp;resize=150%2C150 450w\" sizes=\"auto, (max-width: 150px) 100vw, 150px\" \/><\/a>Un monstre des cavernes capture un jeune enfant app\u00e9tissant et d\u00e9cide d&rsquo;inviter ses amis \u00e0 partager ce futur festin autour d&rsquo;un d\u00eener. Chaque convive r\u00e9pond par lettre au monstre lui soumettant une exigence alimentaire bien particuli\u00e8re: un plat gras et juteux pour l&rsquo;un, bien sal\u00e9 pour un autre&#8230; Mais le petit d\u00eener &#8211; le jeune gar\u00e7on &#8211; entend bien rester en vie et tente de gagner du temps. Quel d\u00eener sera finalement servi?<br \/>\n<\/em><\/p>\n<p style=\"text-align: justify;\"><em><a href=\"https:\/\/i0.wp.com\/www.jojoenherbe.com\/wp-content\/uploads\/2021\/10\/Cher-monstre-5-scaled.jpg\"><img data-recalc-dims=\"1\" loading=\"lazy\" decoding=\"async\" data-attachment-id=\"21776\" data-permalink=\"https:\/\/www.jojoenherbe.com\/index.php\/2021\/10\/23\/au-fil-des-pages-avec-cher-monstre\/cher-monstre-5\/\" data-orig-file=\"https:\/\/i0.wp.com\/www.jojoenherbe.com\/wp-content\/uploads\/2021\/10\/Cher-monstre-5-scaled.jpg?fit=2560%2C1920&amp;ssl=1\" data-orig-size=\"2560,1920\" data-comments-opened=\"1\" data-image-meta=\"{&quot;aperture&quot;:&quot;1.8&quot;,&quot;credit&quot;:&quot;&quot;,&quot;camera&quot;:&quot;iPhone 7&quot;,&quot;caption&quot;:&quot;&quot;,&quot;created_timestamp&quot;:&quot;1634468458&quot;,&quot;copyright&quot;:&quot;&quot;,&quot;focal_length&quot;:&quot;3.99&quot;,&quot;iso&quot;:&quot;25&quot;,&quot;shutter_speed&quot;:&quot;0.01&quot;,&quot;title&quot;:&quot;&quot;,&quot;orientation&quot;:&quot;1&quot;}\" data-image-title=\"Cher monstre 5\" data-image-description=\"\" data-image-caption=\"\" data-large-file=\"https:\/\/i0.wp.com\/www.jojoenherbe.com\/wp-content\/uploads\/2021\/10\/Cher-monstre-5-scaled.jpg?fit=676%2C507&amp;ssl=1\" class=\"size-thumbnail wp-image-21776 alignright\" src=\"https:\/\/i0.wp.com\/www.jojoenherbe.com\/wp-content\/uploads\/2021\/10\/Cher-monstre-5.jpg?resize=150%2C150\" alt=\"\" width=\"150\" height=\"150\" srcset=\"https:\/\/i0.wp.com\/www.jojoenherbe.com\/wp-content\/uploads\/2021\/10\/Cher-monstre-5-scaled.jpg?resize=150%2C150&amp;ssl=1 150w, https:\/\/i0.wp.com\/www.jojoenherbe.com\/wp-content\/uploads\/2021\/10\/Cher-monstre-5-scaled.jpg?zoom=2&amp;resize=150%2C150 300w, https:\/\/i0.wp.com\/www.jojoenherbe.com\/wp-content\/uploads\/2021\/10\/Cher-monstre-5-scaled.jpg?zoom=3&amp;resize=150%2C150 450w\" sizes=\"auto, (max-width: 150px) 100vw, 150px\" \/><\/a> <a href=\"https:\/\/i0.wp.com\/www.jojoenherbe.com\/wp-content\/uploads\/2021\/10\/Cher-monstre-6-scaled.jpg\"><img data-recalc-dims=\"1\" loading=\"lazy\" decoding=\"async\" data-attachment-id=\"21779\" data-permalink=\"https:\/\/www.jojoenherbe.com\/index.php\/2021\/10\/23\/au-fil-des-pages-avec-cher-monstre\/cher-monstre-6\/\" data-orig-file=\"https:\/\/i0.wp.com\/www.jojoenherbe.com\/wp-content\/uploads\/2021\/10\/Cher-monstre-6-scaled.jpg?fit=2560%2C1920&amp;ssl=1\" data-orig-size=\"2560,1920\" data-comments-opened=\"1\" data-image-meta=\"{&quot;aperture&quot;:&quot;1.8&quot;,&quot;credit&quot;:&quot;&quot;,&quot;camera&quot;:&quot;iPhone 7&quot;,&quot;caption&quot;:&quot;&quot;,&quot;created_timestamp&quot;:&quot;1634468429&quot;,&quot;copyright&quot;:&quot;&quot;,&quot;focal_length&quot;:&quot;3.99&quot;,&quot;iso&quot;:&quot;32&quot;,&quot;shutter_speed&quot;:&quot;0.03030303030303&quot;,&quot;title&quot;:&quot;&quot;,&quot;orientation&quot;:&quot;1&quot;}\" data-image-title=\"Cher monstre 6\" data-image-description=\"\" data-image-caption=\"\" data-large-file=\"https:\/\/i0.wp.com\/www.jojoenherbe.com\/wp-content\/uploads\/2021\/10\/Cher-monstre-6-scaled.jpg?fit=676%2C507&amp;ssl=1\" class=\"size-thumbnail wp-image-21779 alignright\" src=\"https:\/\/i0.wp.com\/www.jojoenherbe.com\/wp-content\/uploads\/2021\/10\/Cher-monstre-6.jpg?resize=150%2C150\" alt=\"\" width=\"150\" height=\"150\" srcset=\"https:\/\/i0.wp.com\/www.jojoenherbe.com\/wp-content\/uploads\/2021\/10\/Cher-monstre-6-scaled.jpg?resize=150%2C150&amp;ssl=1 150w, https:\/\/i0.wp.com\/www.jojoenherbe.com\/wp-content\/uploads\/2021\/10\/Cher-monstre-6-scaled.jpg?zoom=2&amp;resize=150%2C150 300w, https:\/\/i0.wp.com\/www.jojoenherbe.com\/wp-content\/uploads\/2021\/10\/Cher-monstre-6-scaled.jpg?zoom=3&amp;resize=150%2C150 450w\" sizes=\"auto, (max-width: 150px) 100vw, 150px\" \/><\/a>Il y est question d&rsquo;amiti\u00e9, de courage et de ruse avec des monstres pas si monstrueux. Les jolies illustrations sont color\u00e9es et pleines de peps. <\/em><em>Un tr\u00e8s bon moment de lecture rigolo et gourmand avec ce livre participatif sur le m\u00eame principe que <a href=\"http:\/\/www.jojoenherbe.com\/index.php\/2020\/09\/21\/au-fil-des-pages-avec-cher-dragon\/\"><span style=\"text-decoration: underline;\">Cher dragon<\/span><\/a> et <a href=\"http:\/\/www.jojoenherbe.com\/index.php\/2020\/12\/04\/au-fil-des-pages-avec-cher-pere-noel\/\"><span style=\"text-decoration: underline;\">Cher P\u00e8re No\u00ebl<\/span><\/a> de la m\u00eame autrice! <\/em><em>A choisir nous pr\u00e9f\u00e9rons les doigts en chocolat plut\u00f4t que les ongles et frites sur compot\u00e9e d&rsquo;orteils. <\/em><\/p>\n<p style=\"text-align: justify;\"><em>Pour un autre avis sur cet album jeunesse: <a href=\"http:\/\/www.myloubook.com\/2019\/10\/19\/emma-yarlett-cher-monstre\/\">Lou<\/a>.<\/em><\/p>\n<div style=\"width: 127px\" class=\"wp-caption alignleft\"><img loading=\"lazy\" decoding=\"async\" data-attachment-id=\"2740\" data-permalink=\"https:\/\/www.jojoenherbe.com\/index.php\/2011\/08\/30\/tour-du-mont-bego-bis-repetita-placent\/tour-du-mont-bego-24-2\/\" data-orig-file=\"https:\/\/i0.wp.com\/www.jojoenherbe.com\/wp-content\/uploads\/2011\/08\/Tour-du-Mont-Bego-24.jpg?fit=2048%2C1536&amp;ssl=1\" data-orig-size=\"2048,1536\" data-comments-opened=\"1\" data-image-meta=\"{&quot;aperture&quot;:&quot;7.6&quot;,&quot;credit&quot;:&quot;&quot;,&quot;camera&quot;:&quot;COOLPIX S5100&quot;,&quot;caption&quot;:&quot;&quot;,&quot;created_timestamp&quot;:&quot;1314438064&quot;,&quot;copyright&quot;:&quot;&quot;,&quot;focal_length&quot;:&quot;5&quot;,&quot;iso&quot;:&quot;100&quot;,&quot;shutter_speed&quot;:&quot;0.004&quot;,&quot;title&quot;:&quot;&quot;,&quot;orientation&quot;:&quot;1&quot;}\" data-image-title=\"Tour du Mont Bego 24\" data-image-description=\"\" data-image-caption=\"\" data-large-file=\"https:\/\/i0.wp.com\/www.jojoenherbe.com\/wp-content\/uploads\/2011\/08\/Tour-du-Mont-Bego-24.jpg?fit=676%2C507&amp;ssl=1\" src=\"https:\/\/lelivroblog.files.wordpress.com\/2021\/09\/marko-blazevic-s7mangnwv1a-unsplash-04.jpg?resize=117%2C117\" srcset=\"https:\/\/lelivroblog.files.wordpress.com\/2021\/09\/marko-blazevic-s7mangnwv1a-unsplash-04.jpg?resize=117%2C117?strip=info&amp;w=600 600w,https:\/\/lelivroblog.files.wordpress.com\/2021\/09\/marko-blazevic-s7mangnwv1a-unsplash-04.jpg?resize=117%2C117?strip=info&amp;w=900 900w,https:\/\/lelivroblog.files.wordpress.com\/2021\/09\/marko-blazevic-s7mangnwv1a-unsplash-04.jpg?resize=117%2C117?strip=info&amp;w=1200 1200w,https:\/\/lelivroblog.files.wordpress.com\/2021\/09\/marko-blazevic-s7mangnwv1a-unsplash-04.jpg?resize=117%2C117?strip=info&amp;w=1500 1500w,https:\/\/lelivroblog.files.wordpress.com\/2021\/09\/marko-blazevic-s7mangnwv1a-unsplash-04.jpg?resize=117%2C117?strip=info&amp;w=1800 1800w,https:\/\/lelivroblog.files.wordpress.com\/2021\/09\/marko-blazevic-s7mangnwv1a-unsplash-04.jpg?resize=117%2C117?strip=info&amp;w=2000 2000w\" alt=\"\" width=\"117\" height=\"117\" data-attachment-id=\"2740\" data-permalink=\"http:\/\/www.jojoenherbe.com\/index.php\/2011\/08\/30\/tour-du-mont-bego-bis-repetita-placent\/tour-du-mont-bego-24-2\/\" data-orig-file=\"https:\/\/i0.wp.com\/www.jojoenherbe.com\/wp-content\/uploads\/2011\/08\/Tour-du-Mont-Bego-24.jpg?fit=2048%2C1536\" data-orig-size=\"2048,1536\" data-comments-opened=\"1\" data-image-meta=\"{&quot;aperture&quot;:&quot;7.6&quot;,&quot;credit&quot;:&quot;&quot;,&quot;camera&quot;:&quot;COOLPIX S5100&quot;,&quot;caption&quot;:&quot;&quot;,&quot;created_timestamp&quot;:&quot;1314438064&quot;,&quot;copyright&quot;:&quot;&quot;,&quot;focal_length&quot;:&quot;5&quot;,&quot;iso&quot;:&quot;100&quot;,&quot;shutter_speed&quot;:&quot;0.004&quot;,&quot;title&quot;:&quot;&quot;,&quot;orientation&quot;:&quot;1&quot;}\" data-image-title=\"Tour du Mont Bego 24\" data-image-description=\"\" data-image-caption=\"\" data-medium-file=\"https:\/\/i0.wp.com\/www.jojoenherbe.com\/wp-content\/uploads\/2011\/08\/Tour-du-Mont-Bego-24.jpg?fit=300%2C225\" data-large-file=\"https:\/\/i0.wp.com\/www.jojoenherbe.com\/wp-content\/uploads\/2011\/08\/Tour-du-Mont-Bego-24.jpg?fit=676%2C507\" data-height=\"2995\" data-id=\"2740\" data-link=\"https:\/\/lelivroblog.wordpress.com\/?attachment_id=2740\" data-url=\"https:\/\/lelivroblog.files.wordpress.com\/2021\/09\/marko-blazevic-s7mangnwv1a-unsplash-04.jpg?resize=117%2C117?w=736\" data-width=\"2996\" data-amp-layout=\"responsive\" data-recalc-dims=\"1\" \/><p class=\"wp-caption-text\">Participation #13 au Challenge Halloween 2021 de <a href=\"https:\/\/lelivroblog.wordpress.com\/2021\/09\/07\/le-challenge-halloween-2021\/\">Hilde<\/a> et <a href=\"http:\/\/www.myloubook.com\/2021\/09\/07\/le-challenge-halloween-2021\/\">Lou<\/a> #Monstre et album jeunesse<\/p><\/div>\n<div style=\"width: 118px\" class=\"wp-caption alignleft\"><img loading=\"lazy\" decoding=\"async\" data-attachment-id=\"3255\" data-permalink=\"https:\/\/www.jojoenherbe.com\/index.php\/2011\/08\/07\/face-a-limmensite-des-icebergs-de-jokulsarlon\/jokulsarlon-2\/\" data-orig-file=\"https:\/\/i0.wp.com\/www.jojoenherbe.com\/wp-content\/uploads\/2011\/08\/J%C3%B6kulsarlon-2.jpg?fit=1536%2C2048&amp;ssl=1\" data-orig-size=\"1536,2048\" data-comments-opened=\"1\" data-image-meta=\"{&quot;aperture&quot;:&quot;9.6&quot;,&quot;credit&quot;:&quot;&quot;,&quot;camera&quot;:&quot;COOLPIX S5100&quot;,&quot;caption&quot;:&quot;&quot;,&quot;created_timestamp&quot;:&quot;1311594913&quot;,&quot;copyright&quot;:&quot;&quot;,&quot;focal_length&quot;:&quot;8.3&quot;,&quot;iso&quot;:&quot;100&quot;,&quot;shutter_speed&quot;:&quot;0.00625&quot;,&quot;title&quot;:&quot;&quot;,&quot;orientation&quot;:&quot;1&quot;}\" data-image-title=\"J\u00f6kulsarlon 2\" data-image-description=\"\" data-image-caption=\"\" data-large-file=\"https:\/\/i0.wp.com\/www.jojoenherbe.com\/wp-content\/uploads\/2011\/08\/J%C3%B6kulsarlon-2.jpg?fit=676%2C901&amp;ssl=1\" src=\"https:\/\/lelivroblog.files.wordpress.com\/2021\/10\/plumes-feminines-dautomne.jpeg?resize=108%2C108\" srcset=\"https:\/\/lelivroblog.files.wordpress.com\/2021\/10\/plumes-feminines-dautomne.jpeg?resize=108%2C108?strip=info&amp;w=600 600w,https:\/\/lelivroblog.files.wordpress.com\/2021\/10\/plumes-feminines-dautomne.jpeg?resize=108%2C108?strip=info&amp;w=900 900w,https:\/\/lelivroblog.files.wordpress.com\/2021\/10\/plumes-feminines-dautomne.jpeg?resize=108%2C108?strip=info&amp;w=1200 1200w,https:\/\/lelivroblog.files.wordpress.com\/2021\/10\/plumes-feminines-dautomne.jpeg?resize=108%2C108?strip=info&amp;w=1500 1500w,https:\/\/lelivroblog.files.wordpress.com\/2021\/10\/plumes-feminines-dautomne.jpeg?resize=108%2C108?strip=info&amp;w=1800 1800w,https:\/\/lelivroblog.files.wordpress.com\/2021\/10\/plumes-feminines-dautomne.jpeg?resize=108%2C108?strip=info&amp;w=2000 2000w\" alt=\"\" width=\"108\" height=\"108\" data-attachment-id=\"3255\" data-permalink=\"http:\/\/www.jojoenherbe.com\/index.php\/2011\/08\/07\/face-a-limmensite-des-icebergs-de-jokulsarlon\/jokulsarlon-2\/\" data-orig-file=\"https:\/\/i0.wp.com\/www.jojoenherbe.com\/wp-content\/uploads\/2011\/08\/J\u00f6kulsarlon-2.jpg?fit=1536%2C2048\" data-orig-size=\"1536,2048\" data-comments-opened=\"1\" data-image-meta=\"{&quot;aperture&quot;:&quot;9.6&quot;,&quot;credit&quot;:&quot;&quot;,&quot;camera&quot;:&quot;COOLPIX S5100&quot;,&quot;caption&quot;:&quot;&quot;,&quot;created_timestamp&quot;:&quot;1311594913&quot;,&quot;copyright&quot;:&quot;&quot;,&quot;focal_length&quot;:&quot;8.3&quot;,&quot;iso&quot;:&quot;100&quot;,&quot;shutter_speed&quot;:&quot;0.00625&quot;,&quot;title&quot;:&quot;&quot;,&quot;orientation&quot;:&quot;1&quot;}\" data-image-title=\"J\u00f6kulsarlon 2\" data-image-description=\"\" data-image-caption=\"\" data-medium-file=\"https:\/\/i0.wp.com\/www.jojoenherbe.com\/wp-content\/uploads\/2011\/08\/J\u00f6kulsarlon-2.jpg?fit=225%2C300\" data-large-file=\"https:\/\/i0.wp.com\/www.jojoenherbe.com\/wp-content\/uploads\/2011\/08\/J\u00f6kulsarlon-2.jpg?fit=676%2C901\" data-height=\"3622\" data-id=\"3255\" data-link=\"https:\/\/lelivroblog.wordpress.com\/plumes-feminines-dautomne-2\/\" data-url=\"https:\/\/lelivroblog.files.wordpress.com\/2021\/10\/plumes-feminines-dautomne.jpeg?resize=108%2C108?w=736\" data-width=\"3621\" data-amp-layout=\"responsive\" data-recalc-dims=\"1\" \/><p class=\"wp-caption-text\">Participation #63 au Challenge Lire au f\u00e9minin de <a href=\"https:\/\/avenuereinemathilde.com\/challenge-lire-au-feminin-2021\/\">Tiphanya<\/a> #Autrice anglaise<\/p><\/div>\n<div id=\"attachment_27626\" style=\"width: 120px\" class=\"wp-caption alignleft\"><img loading=\"lazy\" decoding=\"async\" aria-describedby=\"caption-attachment-27626\" data-attachment-id=\"27626\" data-permalink=\"https:\/\/www.jojoenherbe.com\/index.php\/2022\/09\/15\/au-fil-des-pages-avec-graines-de-sable\/graines-de-sable-4\/\" data-orig-file=\"https:\/\/i0.wp.com\/www.jojoenherbe.com\/wp-content\/uploads\/2022\/09\/Graines-de-sable-4-scaled.jpg?fit=2560%2C1792&amp;ssl=1\" data-orig-size=\"2560,1792\" data-comments-opened=\"1\" data-image-meta=\"{&quot;aperture&quot;:&quot;1.8&quot;,&quot;credit&quot;:&quot;&quot;,&quot;camera&quot;:&quot;iPhone 7&quot;,&quot;caption&quot;:&quot;&quot;,&quot;created_timestamp&quot;:&quot;1663171585&quot;,&quot;copyright&quot;:&quot;&quot;,&quot;focal_length&quot;:&quot;3.99&quot;,&quot;iso&quot;:&quot;100&quot;,&quot;shutter_speed&quot;:&quot;0.071428571428571&quot;,&quot;title&quot;:&quot;&quot;,&quot;orientation&quot;:&quot;1&quot;}\" data-image-title=\"Graines de sable 4\" data-image-description=\"\" data-image-caption=\"\" data-large-file=\"https:\/\/i0.wp.com\/www.jojoenherbe.com\/wp-content\/uploads\/2022\/09\/Graines-de-sable-4-scaled.jpg?fit=676%2C473&amp;ssl=1\" class=\"wp-image-27626\" src=\"https:\/\/i1.wp.com\/www.myloubook.com\/wp-content\/uploads\/2021\/01\/Logo-A-year-in-England-02.png?resize=121%2C121\" sizes=\"auto, (max-width: 2160px) 100vw, 2160px\" srcset=\"https:\/\/i1.wp.com\/www.myloubook.com\/wp-content\/uploads\/2021\/01\/Logo-A-year-in-England-02.png?resize=121%2C121 2160w, http:\/\/www.myloubook.com\/wp-content\/uploads\/2021\/01\/Logo-A-year-in-England-02-150x150.png 150w, http:\/\/www.myloubook.com\/wp-content\/uploads\/2021\/01\/Logo-A-year-in-England-02-300x300.png 300w, http:\/\/www.myloubook.com\/wp-content\/uploads\/2021\/01\/Logo-A-year-in-England-02-768x768.png 768w, http:\/\/www.myloubook.com\/wp-content\/uploads\/2021\/01\/Logo-A-year-in-England-02-1024x1024.png 1024w, http:\/\/www.myloubook.com\/wp-content\/uploads\/2021\/01\/Logo-A-year-in-England-02-640x640.png 640w\" alt=\"\" width=\"110\" height=\"110\" aria-describedby=\"caption-attachment-27626\" \/><p id=\"caption-attachment-27626\" class=\"wp-caption-text\">Participation #37 Challenge A year in England pour les 10 ans du Mois Anglais de <a href=\"http:\/\/www.myloubook.com\/2021\/01\/30\/challenge-a-year-in-england-pour-les-10-ans-du-mois-anglais\/\">Lou<\/a>, <a href=\"https:\/\/plaisirsacultiver.com\/2021\/01\/30\/challenge-a-year-in-england-pour-les-10-ans-du-mois-anglais\/\">Titine<\/a> et <a href=\"http:\/\/cryssilda.canalblog.com\/archives\/2021\/01\/30\/38788358.html\">Cryssilda<\/a> #Album jeunesse<\/p><\/div>\n<div style=\"width: 135px\" class=\"wp-caption alignleft\"><img loading=\"lazy\" decoding=\"async\" class=\"nonealign widthoriginal\" src=\"https:\/\/i0.wp.com\/p4.storage.canalblog.com\/40\/68\/1394281\/128273873.png?resize=103%2C75&amp;ssl=1\" alt=\"\" width=\"125\" height=\"91\" border=\"0\" data-recalc-dims=\"1\" \/><p class=\"wp-caption-text\">Participation #68 Challenge Des livres (et des \u00e9crans) en cuisine de <a href=\"https:\/\/mapetitemediatheque.fr\/2020\/12\/des-livres-et-des-ecrans-en-cuisine-2021\/\">Bidib<\/a> et <a href=\"http:\/\/croquerlespages.canalblog.com\/archives\/2020\/12\/20\/38715076.html\">Fondant <\/a><\/p><\/div>\n","protected":false},"excerpt":{"rendered":"<p>Nous lisons et relisons Cher Monstre d\u2019Emma Yarlett (\u00e9d. Albin Michel Jeunesse, 2019), un album jeunesse \u00e0 partir de 4 ans avec des lettres \u00e0 ouvrir. Rep\u00e9r\u00e9 chez Lou lors du Challenge Halloween 2019, je l&rsquo;avais emprunt\u00e9 dans la foul\u00e9e sans le chroniquer. De m\u00eame en 2020. Alors je profite que cet album jeunesse a [&hellip;]<\/p>\n","protected":false},"author":1,"featured_media":21774,"comment_status":"open","ping_status":"open","sticky":false,"template":"","format":"standard","meta":{"jetpack_post_was_ever_published":false,"_jetpack_newsletter_access":"","_jetpack_dont_email_post_to_subs":false,"_jetpack_newsletter_tier_id":0,"_jetpack_memberships_contains_paywalled_content":false,"_jetpack_memberships_contains_paid_content":false,"footnotes":""},"categories":[363],"tags":[785,2226,409,386,2026,901,9,2019,1035,703,538,367,1797,1034,2111,1323,2577,770,728],"class_list":["post-12800","post","type-post","status-publish","format-standard","has-post-thumbnail","hentry","category-mini-lecteur","tag-3-6-ans","tag-a-year-in-england-2021","tag-albums-jeunesse","tag-amitie","tag-challenge-halloween-2021","tag-courage","tag-cuisine","tag-des-livres-et-des-ecrans-en-cuisine-2021","tag-emma-yarlett","tag-garcon","tag-humour","tag-lecture-jeunesse","tag-lectures-dhalloween","tag-lettres","tag-lire-au-feminin-2021","tag-livre-participatif","tag-livre-jeu","tag-monstre","tag-ruse","post-preview"],"jetpack_featured_media_url":"https:\/\/i0.wp.com\/www.jojoenherbe.com\/wp-content\/uploads\/2021\/10\/Cher-monstre-3-scaled.jpg?fit=2560%2C1920&ssl=1","jetpack_sharing_enabled":true,"jetpack_shortlink":"https:\/\/wp.me\/p9zhGx-3ks","jetpack_likes_enabled":true,"jetpack-related-posts":[{"id":8058,"url":"https:\/\/www.jojoenherbe.com\/index.php\/2019\/10\/19\/au-fil-des-pages-avec-glouton-croqueur-de-livres\/","url_meta":{"origin":12800,"position":0},"title":"Au fil des pages avec Glouton, Le croqueur de livres","author":"Jojo","date":"19 octobre 2019","format":false,"excerpt":"Nous empruntons \u00e0 la biblioth\u00e8que Glouton, Le croqueur de livres d'Emma Yarlett (\u00e9d. Gr\u00fcnd, 2016), un album jeunesse \u00e0 partir de 3 ans. Avec un tel app\u00e9tit, il ne vaut mieux pas laisser ce petit monstre jaune s'approcher d'un livre, encore moins de contes comme Boucle d'Or, Le Petit Chaperon\u2026","rel":"","context":"Dans &quot;Mini lecteur&quot;","block_context":{"text":"Mini lecteur","link":"https:\/\/www.jojoenherbe.com\/index.php\/category\/mini-lecteur\/"},"img":{"alt_text":"","src":"https:\/\/i0.wp.com\/www.jojoenherbe.com\/wp-content\/uploads\/2021\/03\/Glouton-Croqueur-de-livres-scaled.jpg?fit=1200%2C900&ssl=1&resize=350%2C200","width":350,"height":200,"srcset":"https:\/\/i0.wp.com\/www.jojoenherbe.com\/wp-content\/uploads\/2021\/03\/Glouton-Croqueur-de-livres-scaled.jpg?fit=1200%2C900&ssl=1&resize=350%2C200 1x, https:\/\/i0.wp.com\/www.jojoenherbe.com\/wp-content\/uploads\/2021\/03\/Glouton-Croqueur-de-livres-scaled.jpg?fit=1200%2C900&ssl=1&resize=525%2C300 1.5x, https:\/\/i0.wp.com\/www.jojoenherbe.com\/wp-content\/uploads\/2021\/03\/Glouton-Croqueur-de-livres-scaled.jpg?fit=1200%2C900&ssl=1&resize=700%2C400 2x, https:\/\/i0.wp.com\/www.jojoenherbe.com\/wp-content\/uploads\/2021\/03\/Glouton-Croqueur-de-livres-scaled.jpg?fit=1200%2C900&ssl=1&resize=1050%2C600 3x"},"classes":[]},{"id":13427,"url":"https:\/\/www.jojoenherbe.com\/index.php\/2020\/11\/13\/notre-selection-monstres-pour-le-challenge-halloween\/","url_meta":{"origin":12800,"position":1},"title":"Notre s\u00e9lection \u00ab\u00a0Monstres\u00a0\u00bb pour le Challenge Halloween","author":"Jojo","date":"13 novembre 2020","format":false,"excerpt":"Pour cette \u00e9dition 2020 du Challenge Halloween, je continue dans mes s\u00e9lections sp\u00e9ciales Halloween avec cette fois les Monstres et cr\u00e9atures fantastiques d'autant qu'hier nous avons relu Max le terrible. Des albums jeunesse: Cher monstre d'Emma Yarlett (\u00e9d. Albin Michel Jeunesse, 2019), un album jeunesse \u00e0 partir de 3 ans,\u2026","rel":"","context":"Dans &quot;Mini lecteur&quot;","block_context":{"text":"Mini lecteur","link":"https:\/\/www.jojoenherbe.com\/index.php\/category\/mini-lecteur\/"},"img":{"alt_text":"","src":"https:\/\/i0.wp.com\/www.jojoenherbe.com\/wp-content\/uploads\/2020\/11\/Selection-Monstre-scaled.jpg?fit=1200%2C796&ssl=1&resize=350%2C200","width":350,"height":200,"srcset":"https:\/\/i0.wp.com\/www.jojoenherbe.com\/wp-content\/uploads\/2020\/11\/Selection-Monstre-scaled.jpg?fit=1200%2C796&ssl=1&resize=350%2C200 1x, https:\/\/i0.wp.com\/www.jojoenherbe.com\/wp-content\/uploads\/2020\/11\/Selection-Monstre-scaled.jpg?fit=1200%2C796&ssl=1&resize=525%2C300 1.5x, https:\/\/i0.wp.com\/www.jojoenherbe.com\/wp-content\/uploads\/2020\/11\/Selection-Monstre-scaled.jpg?fit=1200%2C796&ssl=1&resize=700%2C400 2x, https:\/\/i0.wp.com\/www.jojoenherbe.com\/wp-content\/uploads\/2020\/11\/Selection-Monstre-scaled.jpg?fit=1200%2C796&ssl=1&resize=1050%2C600 3x"},"classes":[]},{"id":8657,"url":"https:\/\/www.jojoenherbe.com\/index.php\/2020\/09\/21\/au-fil-des-pages-avec-cher-dragon\/","url_meta":{"origin":12800,"position":2},"title":"Au fil des pages avec Cher dragon","author":"Jojo","date":"21 septembre 2020","format":false,"excerpt":"Nous empruntons, \u00e0 nouveau pour Halloween, comme d\u00e9j\u00e0 l'ann\u00e9e derni\u00e8re, \u00e0 la m\u00e9diath\u00e8que Cher dragon d'Emma Yarlett (\u00e9d. Albin Michel Jeunesse, 2018), un album jeunesse \u00e0 partir de 4 ans et m\u00eame avant. Alex, un petit gar\u00e7on souhaite garder un dragon qu'il a trouv\u00e9 un jour dans sa maison. Mais\u2026","rel":"","context":"Dans &quot;Mini lecteur&quot;","block_context":{"text":"Mini lecteur","link":"https:\/\/www.jojoenherbe.com\/index.php\/category\/mini-lecteur\/"},"img":{"alt_text":"","src":"https:\/\/i0.wp.com\/www.jojoenherbe.com\/wp-content\/uploads\/2020\/09\/Cher-dragon-scaled.jpg?fit=1200%2C900&ssl=1&resize=350%2C200","width":350,"height":200,"srcset":"https:\/\/i0.wp.com\/www.jojoenherbe.com\/wp-content\/uploads\/2020\/09\/Cher-dragon-scaled.jpg?fit=1200%2C900&ssl=1&resize=350%2C200 1x, https:\/\/i0.wp.com\/www.jojoenherbe.com\/wp-content\/uploads\/2020\/09\/Cher-dragon-scaled.jpg?fit=1200%2C900&ssl=1&resize=525%2C300 1.5x, https:\/\/i0.wp.com\/www.jojoenherbe.com\/wp-content\/uploads\/2020\/09\/Cher-dragon-scaled.jpg?fit=1200%2C900&ssl=1&resize=700%2C400 2x, https:\/\/i0.wp.com\/www.jojoenherbe.com\/wp-content\/uploads\/2020\/09\/Cher-dragon-scaled.jpg?fit=1200%2C900&ssl=1&resize=1050%2C600 3x"},"classes":[]},{"id":14313,"url":"https:\/\/www.jojoenherbe.com\/index.php\/2020\/12\/04\/au-fil-des-pages-avec-cher-pere-noel\/","url_meta":{"origin":12800,"position":3},"title":"Au fil des pages avec Cher P\u00e8re No\u00ebl","author":"Jojo","date":"4 d\u00e9cembre 2020","format":false,"excerpt":"J4 de notre calendrier livresque: il s'agit de Cher P\u00e8re No\u00ebl d'Emma Yarlett (\u00e9d. Albin Michel Jeunesse, 2020), un album jeunesse cartonn\u00e9 \u00e0 flaps \u00e0 partir de 4 ans. Une derni\u00e8re lettre arrive, \u00e0 la derni\u00e8re minute, dans la chemin\u00e9e allum\u00e9e du P\u00e8re No\u00ebl. Une petite fille Anna souhaite avoir\u2026","rel":"","context":"Dans &quot;Mini lecteur&quot;","block_context":{"text":"Mini lecteur","link":"https:\/\/www.jojoenherbe.com\/index.php\/category\/mini-lecteur\/"},"img":{"alt_text":"","src":"https:\/\/i0.wp.com\/www.jojoenherbe.com\/wp-content\/uploads\/2020\/12\/Cher-Pere-Noel-scaled.jpg?fit=1200%2C833&ssl=1&resize=350%2C200","width":350,"height":200,"srcset":"https:\/\/i0.wp.com\/www.jojoenherbe.com\/wp-content\/uploads\/2020\/12\/Cher-Pere-Noel-scaled.jpg?fit=1200%2C833&ssl=1&resize=350%2C200 1x, https:\/\/i0.wp.com\/www.jojoenherbe.com\/wp-content\/uploads\/2020\/12\/Cher-Pere-Noel-scaled.jpg?fit=1200%2C833&ssl=1&resize=525%2C300 1.5x, https:\/\/i0.wp.com\/www.jojoenherbe.com\/wp-content\/uploads\/2020\/12\/Cher-Pere-Noel-scaled.jpg?fit=1200%2C833&ssl=1&resize=700%2C400 2x, https:\/\/i0.wp.com\/www.jojoenherbe.com\/wp-content\/uploads\/2020\/12\/Cher-Pere-Noel-scaled.jpg?fit=1200%2C833&ssl=1&resize=1050%2C600 3x"},"classes":[]},{"id":12803,"url":"https:\/\/www.jojoenherbe.com\/index.php\/2020\/10\/07\/au-fil-des-pages-avec-plus-gros-que-le-ventre\/","url_meta":{"origin":12800,"position":4},"title":"Au fil des pages avec Plus gros que le ventre","author":"Jojo","date":"7 octobre 2020","format":false,"excerpt":"Nous empruntons \u00e0 la m\u00e9diath\u00e8que Plus gros que le ventre de Micha\u00ebl Escoffier et Amandine Piu (\u00e9d. Frimousse, 2017), un album jeunesse \u00e0 partir de 3 ans et qui a \u00e9t\u00e9 Laur\u00e9at du 30\u00e8me Prix des Incos dans la s\u00e9lection Maternelle en 2019. D\u00e8s l'illustration de la couverture avec un\u2026","rel":"","context":"Dans &quot;Mini lecteur&quot;","block_context":{"text":"Mini lecteur","link":"https:\/\/www.jojoenherbe.com\/index.php\/category\/mini-lecteur\/"},"img":{"alt_text":"","src":"https:\/\/i0.wp.com\/www.jojoenherbe.com\/wp-content\/uploads\/2020\/10\/Plus-gros-que-le-ventre-scaled.jpg?fit=1200%2C900&ssl=1&resize=350%2C200","width":350,"height":200,"srcset":"https:\/\/i0.wp.com\/www.jojoenherbe.com\/wp-content\/uploads\/2020\/10\/Plus-gros-que-le-ventre-scaled.jpg?fit=1200%2C900&ssl=1&resize=350%2C200 1x, https:\/\/i0.wp.com\/www.jojoenherbe.com\/wp-content\/uploads\/2020\/10\/Plus-gros-que-le-ventre-scaled.jpg?fit=1200%2C900&ssl=1&resize=525%2C300 1.5x, https:\/\/i0.wp.com\/www.jojoenherbe.com\/wp-content\/uploads\/2020\/10\/Plus-gros-que-le-ventre-scaled.jpg?fit=1200%2C900&ssl=1&resize=700%2C400 2x, https:\/\/i0.wp.com\/www.jojoenherbe.com\/wp-content\/uploads\/2020\/10\/Plus-gros-que-le-ventre-scaled.jpg?fit=1200%2C900&ssl=1&resize=1050%2C600 3x"},"classes":[]},{"id":8042,"url":"https:\/\/www.jojoenherbe.com\/index.php\/2019\/10\/14\/au-fil-des-pages-avec-le-monstre-du-placard\/","url_meta":{"origin":12800,"position":5},"title":"Au fil des pages avec Le monstre du placard","author":"Jojo","date":"14 octobre 2019","format":false,"excerpt":"Nous empruntons \u00e0 la m\u00e9diath\u00e8que Le monstre du placard existe et je vais vous le prouver... d'Antoine Dole et Bruno Salamone (\u00e9d. Actes Sud Junior, 2016), un album jeunesse \u00e0 partir de 3 ans. Que d'imagination chez ce petit gar\u00e7on qui cohabiterait avec un monstre du placard! L'histoire qui se\u2026","rel":"","context":"Dans &quot;Mini lecteur&quot;","block_context":{"text":"Mini lecteur","link":"https:\/\/www.jojoenherbe.com\/index.php\/category\/mini-lecteur\/"},"img":{"alt_text":"","src":"https:\/\/i0.wp.com\/www.jojoenherbe.com\/wp-content\/uploads\/2019\/10\/Le-monstre-du-placard.jpg?fit=1200%2C1025&ssl=1&resize=350%2C200","width":350,"height":200,"srcset":"https:\/\/i0.wp.com\/www.jojoenherbe.com\/wp-content\/uploads\/2019\/10\/Le-monstre-du-placard.jpg?fit=1200%2C1025&ssl=1&resize=350%2C200 1x, https:\/\/i0.wp.com\/www.jojoenherbe.com\/wp-content\/uploads\/2019\/10\/Le-monstre-du-placard.jpg?fit=1200%2C1025&ssl=1&resize=525%2C300 1.5x, https:\/\/i0.wp.com\/www.jojoenherbe.com\/wp-content\/uploads\/2019\/10\/Le-monstre-du-placard.jpg?fit=1200%2C1025&ssl=1&resize=700%2C400 2x, https:\/\/i0.wp.com\/www.jojoenherbe.com\/wp-content\/uploads\/2019\/10\/Le-monstre-du-placard.jpg?fit=1200%2C1025&ssl=1&resize=1050%2C600 3x"},"classes":[]}],"_links":{"self":[{"href":"https:\/\/www.jojoenherbe.com\/index.php\/wp-json\/wp\/v2\/posts\/12800","targetHints":{"allow":["GET"]}}],"collection":[{"href":"https:\/\/www.jojoenherbe.com\/index.php\/wp-json\/wp\/v2\/posts"}],"about":[{"href":"https:\/\/www.jojoenherbe.com\/index.php\/wp-json\/wp\/v2\/types\/post"}],"author":[{"embeddable":true,"href":"https:\/\/www.jojoenherbe.com\/index.php\/wp-json\/wp\/v2\/users\/1"}],"replies":[{"embeddable":true,"href":"https:\/\/www.jojoenherbe.com\/index.php\/wp-json\/wp\/v2\/comments?post=12800"}],"version-history":[{"count":0,"href":"https:\/\/www.jojoenherbe.com\/index.php\/wp-json\/wp\/v2\/posts\/12800\/revisions"}],"wp:featuredmedia":[{"embeddable":true,"href":"https:\/\/www.jojoenherbe.com\/index.php\/wp-json\/wp\/v2\/media\/21774"}],"wp:attachment":[{"href":"https:\/\/www.jojoenherbe.com\/index.php\/wp-json\/wp\/v2\/media?parent=12800"}],"wp:term":[{"taxonomy":"category","embeddable":true,"href":"https:\/\/www.jojoenherbe.com\/index.php\/wp-json\/wp\/v2\/categories?post=12800"},{"taxonomy":"post_tag","embeddable":true,"href":"https:\/\/www.jojoenherbe.com\/index.php\/wp-json\/wp\/v2\/tags?post=12800"}],"curies":[{"name":"wp","href":"https:\/\/api.w.org\/{rel}","templated":true}]}}