{"id":12648,"date":"2020-11-01T22:54:47","date_gmt":"2020-11-01T21:54:47","guid":{"rendered":"http:\/\/www.jojoenherbe.com\/?p=12648"},"modified":"2022-08-20T19:20:38","modified_gmt":"2022-08-20T17:20:38","slug":"au-fil-des-pages-avec-sorceline","status":"publish","type":"post","link":"https:\/\/www.jojoenherbe.com\/index.php\/2020\/11\/01\/au-fil-des-pages-avec-sorceline\/","title":{"rendered":"Au fil des pages avec Sorceline"},"content":{"rendered":"<p style=\"text-align: justify;\"><em>Pour le Challenge Halloween 2020, j&#8217;emprunte \u00e0 la m\u00e9diath\u00e8que les deux premiers tomes de <span style=\"text-decoration: underline;\">Sorceline<\/span>, une BD jeunesse \u00e0 partir de 9\/10 ans.<\/em><\/p>\n<p style=\"text-align: justify;\"><em><a href=\"https:\/\/i0.wp.com\/www.jojoenherbe.com\/wp-content\/uploads\/2020\/10\/Sorceline-T1-scaled.jpg\"><img data-recalc-dims=\"1\" loading=\"lazy\" decoding=\"async\" data-attachment-id=\"12593\" data-permalink=\"https:\/\/www.jojoenherbe.com\/index.php\/2020\/10\/01\/notre-selection-sorcieres-pour-le-challenge-halloween\/sorceline-t1\/\" data-orig-file=\"https:\/\/i0.wp.com\/www.jojoenherbe.com\/wp-content\/uploads\/2020\/10\/Sorceline-T1-scaled.jpg?fit=2560%2C1920&amp;ssl=1\" data-orig-size=\"2560,1920\" data-comments-opened=\"1\" data-image-meta=\"{&quot;aperture&quot;:&quot;1.8&quot;,&quot;credit&quot;:&quot;&quot;,&quot;camera&quot;:&quot;iPhone 7&quot;,&quot;caption&quot;:&quot;&quot;,&quot;created_timestamp&quot;:&quot;1601550461&quot;,&quot;copyright&quot;:&quot;&quot;,&quot;focal_length&quot;:&quot;3.99&quot;,&quot;iso&quot;:&quot;100&quot;,&quot;shutter_speed&quot;:&quot;0.1&quot;,&quot;title&quot;:&quot;&quot;,&quot;orientation&quot;:&quot;1&quot;}\" data-image-title=\"Sorceline T1\" data-image-description=\"\" data-image-caption=\"\" data-large-file=\"https:\/\/i0.wp.com\/www.jojoenherbe.com\/wp-content\/uploads\/2020\/10\/Sorceline-T1-scaled.jpg?fit=676%2C507&amp;ssl=1\" class=\"alignleft wp-image-12593 size-thumbnail\" src=\"https:\/\/i0.wp.com\/www.jojoenherbe.com\/wp-content\/uploads\/2020\/10\/Sorceline-T1.jpg?resize=150%2C150\" alt=\"\" width=\"150\" height=\"150\" srcset=\"https:\/\/i0.wp.com\/www.jojoenherbe.com\/wp-content\/uploads\/2020\/10\/Sorceline-T1-scaled.jpg?resize=150%2C150&amp;ssl=1 150w, https:\/\/i0.wp.com\/www.jojoenherbe.com\/wp-content\/uploads\/2020\/10\/Sorceline-T1-scaled.jpg?zoom=2&amp;resize=150%2C150 300w, https:\/\/i0.wp.com\/www.jojoenherbe.com\/wp-content\/uploads\/2020\/10\/Sorceline-T1-scaled.jpg?zoom=3&amp;resize=150%2C150 450w\" sizes=\"auto, (max-width: 150px) 100vw, 150px\" \/><\/a><a href=\"https:\/\/i0.wp.com\/www.jojoenherbe.com\/wp-content\/uploads\/2020\/11\/Sorceline-T1-4-scaled.jpg\"><img data-recalc-dims=\"1\" loading=\"lazy\" decoding=\"async\" data-attachment-id=\"13511\" data-permalink=\"https:\/\/www.jojoenherbe.com\/index.php\/2020\/11\/01\/au-fil-des-pages-avec-sorceline\/sorceline-t1-4\/\" data-orig-file=\"https:\/\/i0.wp.com\/www.jojoenherbe.com\/wp-content\/uploads\/2020\/11\/Sorceline-T1-4-scaled.jpg?fit=2560%2C1633&amp;ssl=1\" data-orig-size=\"2560,1633\" data-comments-opened=\"1\" data-image-meta=\"{&quot;aperture&quot;:&quot;1.8&quot;,&quot;credit&quot;:&quot;&quot;,&quot;camera&quot;:&quot;iPhone 7&quot;,&quot;caption&quot;:&quot;&quot;,&quot;created_timestamp&quot;:&quot;1604253879&quot;,&quot;copyright&quot;:&quot;&quot;,&quot;focal_length&quot;:&quot;3.99&quot;,&quot;iso&quot;:&quot;80&quot;,&quot;shutter_speed&quot;:&quot;0.14285714285714&quot;,&quot;title&quot;:&quot;&quot;,&quot;orientation&quot;:&quot;1&quot;}\" data-image-title=\"Sorceline T1 4\" data-image-description=\"\" data-image-caption=\"\" data-large-file=\"https:\/\/i0.wp.com\/www.jojoenherbe.com\/wp-content\/uploads\/2020\/11\/Sorceline-T1-4-scaled.jpg?fit=676%2C431&amp;ssl=1\" class=\"alignleft size-thumbnail wp-image-13511\" src=\"https:\/\/i0.wp.com\/www.jojoenherbe.com\/wp-content\/uploads\/2020\/11\/Sorceline-T1-4.jpg?resize=150%2C150\" alt=\"\" width=\"150\" height=\"150\" srcset=\"https:\/\/i0.wp.com\/www.jojoenherbe.com\/wp-content\/uploads\/2020\/11\/Sorceline-T1-4-scaled.jpg?resize=150%2C150&amp;ssl=1 150w, https:\/\/i0.wp.com\/www.jojoenherbe.com\/wp-content\/uploads\/2020\/11\/Sorceline-T1-4-scaled.jpg?zoom=2&amp;resize=150%2C150 300w, https:\/\/i0.wp.com\/www.jojoenherbe.com\/wp-content\/uploads\/2020\/11\/Sorceline-T1-4-scaled.jpg?zoom=3&amp;resize=150%2C150 450w\" sizes=\"auto, (max-width: 150px) 100vw, 150px\" \/><\/a>Je commence par le <strong>tome 1<\/strong> de <strong><span style=\"text-decoration: underline;\">Sorceline, Un jour, je serai fantasticologue!<\/span><\/strong> de Sylvia Douy\u00e9 et Paola Antista (\u00e9d. Gl\u00e9nat, coll. Vents d\u2019Ouest, 2018). Sorceline, une jeune adolescente fait partie d&rsquo;un groupe d&rsquo;\u00e9l\u00e8ves se rendant sur l&rsquo;\u00eele de Vorn pour \u00e9tudier la cryptozoologie aupr\u00e8s du Professeur Archibald Bazar le temps d&rsquo;un stage d&rsquo;\u00e9t\u00e9. Comme les autres stagiaires, elle est l\u00e0 pour apprendre \u00e0 conna\u00eetre et soigner des animaux fantastiques. Mais la comp\u00e9tition est rude car \u00e0 la fin du stage, seul l&rsquo;un d&rsquo;entre eux sera choisi comme Assistant. A cela s&rsquo;ajoute d&rsquo;inqui\u00e9tantes disparitions et un mal qui semble infect\u00e9 les fadettes. Sorceline d\u00e9cide d&rsquo;enqu\u00eater avec ses camarades. Mais son enqu\u00eate l&rsquo;am\u00e8ne \u00e0 s&rsquo;interroger sur ses origines.<br \/>\n<\/em><\/p>\n<p style=\"text-align: justify;\"><em><a href=\"https:\/\/i0.wp.com\/www.jojoenherbe.com\/wp-content\/uploads\/2020\/10\/Sorceline-T2-scaled.jpg\"><img data-recalc-dims=\"1\" loading=\"lazy\" decoding=\"async\" data-attachment-id=\"12594\" data-permalink=\"https:\/\/www.jojoenherbe.com\/index.php\/2020\/10\/01\/notre-selection-sorcieres-pour-le-challenge-halloween\/sorceline-t2\/\" data-orig-file=\"https:\/\/i0.wp.com\/www.jojoenherbe.com\/wp-content\/uploads\/2020\/10\/Sorceline-T2-scaled.jpg?fit=2560%2C1920&amp;ssl=1\" data-orig-size=\"2560,1920\" data-comments-opened=\"1\" data-image-meta=\"{&quot;aperture&quot;:&quot;1.8&quot;,&quot;credit&quot;:&quot;&quot;,&quot;camera&quot;:&quot;iPhone 7&quot;,&quot;caption&quot;:&quot;&quot;,&quot;created_timestamp&quot;:&quot;1601550472&quot;,&quot;copyright&quot;:&quot;&quot;,&quot;focal_length&quot;:&quot;3.99&quot;,&quot;iso&quot;:&quot;100&quot;,&quot;shutter_speed&quot;:&quot;0.090909090909091&quot;,&quot;title&quot;:&quot;&quot;,&quot;orientation&quot;:&quot;1&quot;}\" data-image-title=\"Sorceline T2\" data-image-description=\"\" data-image-caption=\"\" data-large-file=\"https:\/\/i0.wp.com\/www.jojoenherbe.com\/wp-content\/uploads\/2020\/10\/Sorceline-T2-scaled.jpg?fit=676%2C507&amp;ssl=1\" class=\"size-thumbnail wp-image-12594 alignright\" src=\"https:\/\/i0.wp.com\/www.jojoenherbe.com\/wp-content\/uploads\/2020\/10\/Sorceline-T2.jpg?resize=150%2C150\" alt=\"\" width=\"150\" height=\"150\" srcset=\"https:\/\/i0.wp.com\/www.jojoenherbe.com\/wp-content\/uploads\/2020\/10\/Sorceline-T2-scaled.jpg?resize=150%2C150&amp;ssl=1 150w, https:\/\/i0.wp.com\/www.jojoenherbe.com\/wp-content\/uploads\/2020\/10\/Sorceline-T2-scaled.jpg?zoom=2&amp;resize=150%2C150 300w, https:\/\/i0.wp.com\/www.jojoenherbe.com\/wp-content\/uploads\/2020\/10\/Sorceline-T2-scaled.jpg?zoom=3&amp;resize=150%2C150 450w\" sizes=\"auto, (max-width: 150px) 100vw, 150px\" \/><\/a><a href=\"https:\/\/i0.wp.com\/www.jojoenherbe.com\/wp-content\/uploads\/2020\/11\/Sorceline-T2-2-scaled.jpg\"><img data-recalc-dims=\"1\" loading=\"lazy\" decoding=\"async\" data-attachment-id=\"13512\" data-permalink=\"https:\/\/www.jojoenherbe.com\/index.php\/2020\/11\/01\/au-fil-des-pages-avec-sorceline\/sorceline-t2-2\/\" data-orig-file=\"https:\/\/i0.wp.com\/www.jojoenherbe.com\/wp-content\/uploads\/2020\/11\/Sorceline-T2-2-scaled.jpg?fit=2560%2C1920&amp;ssl=1\" data-orig-size=\"2560,1920\" data-comments-opened=\"1\" data-image-meta=\"{&quot;aperture&quot;:&quot;1.8&quot;,&quot;credit&quot;:&quot;&quot;,&quot;camera&quot;:&quot;iPhone 7&quot;,&quot;caption&quot;:&quot;&quot;,&quot;created_timestamp&quot;:&quot;1604254009&quot;,&quot;copyright&quot;:&quot;&quot;,&quot;focal_length&quot;:&quot;3.99&quot;,&quot;iso&quot;:&quot;100&quot;,&quot;shutter_speed&quot;:&quot;0.14285714285714&quot;,&quot;title&quot;:&quot;&quot;,&quot;orientation&quot;:&quot;1&quot;}\" data-image-title=\"Sorceline T2 2\" data-image-description=\"\" data-image-caption=\"\" data-large-file=\"https:\/\/i0.wp.com\/www.jojoenherbe.com\/wp-content\/uploads\/2020\/11\/Sorceline-T2-2-scaled.jpg?fit=676%2C507&amp;ssl=1\" class=\"size-thumbnail wp-image-13512 alignright\" src=\"https:\/\/i0.wp.com\/www.jojoenherbe.com\/wp-content\/uploads\/2020\/11\/Sorceline-T2-2.jpg?resize=150%2C150\" alt=\"\" width=\"150\" height=\"150\" srcset=\"https:\/\/i0.wp.com\/www.jojoenherbe.com\/wp-content\/uploads\/2020\/11\/Sorceline-T2-2-scaled.jpg?resize=150%2C150&amp;ssl=1 150w, https:\/\/i0.wp.com\/www.jojoenherbe.com\/wp-content\/uploads\/2020\/11\/Sorceline-T2-2-scaled.jpg?zoom=2&amp;resize=150%2C150 300w, https:\/\/i0.wp.com\/www.jojoenherbe.com\/wp-content\/uploads\/2020\/11\/Sorceline-T2-2-scaled.jpg?zoom=3&amp;resize=150%2C150 450w\" sizes=\"auto, (max-width: 150px) 100vw, 150px\" \/><\/a>Puis j&rsquo;encha\u00eene imm\u00e9diatement avec le <strong>tome 2<\/strong> de <strong><span style=\"text-decoration: underline;\">Sorceline, La fille qui aimait les animonstres<\/span><\/strong> de Sylvia Douy\u00e9 et Paola Antista (\u00e9d. Gl\u00e9nat, coll. Vents d\u2019Ouest, 2019), l&rsquo;histoire reprenant l\u00e0 o\u00f9 le premier tome s&rsquo;arr\u00eatait. Sorceline continue d&rsquo;\u00e9tudier aupr\u00e8s du professeur Archibald Bazar. Mais elle culpabilise d&rsquo;\u00eatre peut-\u00eatre \u00e0 l&rsquo;origine des disparitions des autres stagiaires. Serait-elle une cryptide?<br \/>\n<\/em><\/p>\n<p style=\"text-align: justify;\"><em>Les illustrations sont magnifiques et nous plongent dans un univers peupl\u00e9 de nombreux \u00eatres fantastiques la plupart nocturnes: gorgone, vampire, fadette, adeuti&#8230; L&rsquo;histoire est plaisante avec une intrigue qui parlera aux lecteurs du m\u00eame \u00e2ge que les personnages au look adolescent et pr\u00e9occup\u00e9s par des probl\u00e8mes similaires. Entre romance, amiti\u00e9, jalousie et concurrence, chacun semble avoir des secrets \u00e0 cacher. <\/em><em>Sorceline avance petit \u00e0 petit dans la r\u00e9solution de son enqu\u00eate. Mais \u00e0 la fin de ce deuxi\u00e8me tome, le myst\u00e8re de ses origines reste entier. J&rsquo;ai h\u00e2te de pouvoir lire le tome 3 qui est paru le 14 octobre 2020 pour en savoir plus sur Sorceline m\u00eame si je devrais attendre encore pour cela.<br \/>\n<\/em><\/p>\n<p><em>Pour un autre avis sur le T1: <a href=\"https:\/\/sylectures.wordpress.com\/2020\/04\/09\/sorceline-un-jour-je-serai-fantasticologue\/\">Syl<\/a> et sur le T2: <a href=\"https:\/\/sylectures.wordpress.com\/2020\/10\/14\/sorceline-la-fille-qui-aimait-les-animonstres-t2\/\">Syl<\/a>.<\/em><\/p>\n<div id=\"attachment_12275\" style=\"width: 140px\" class=\"wp-caption alignleft\"><img data-recalc-dims=\"1\" loading=\"lazy\" decoding=\"async\" aria-describedby=\"caption-attachment-12275\" data-attachment-id=\"12275\" data-permalink=\"https:\/\/www.jojoenherbe.com\/index.php\/2020\/09\/15\/ptit-recap-du-challenge-halloween-2020\/img_8586\/\" data-orig-file=\"https:\/\/i0.wp.com\/www.jojoenherbe.com\/wp-content\/uploads\/2020\/09\/IMG_8586.jpg?fit=665%2C555&amp;ssl=1\" data-orig-size=\"665,555\" data-comments-opened=\"1\" data-image-meta=\"{&quot;aperture&quot;:&quot;0&quot;,&quot;credit&quot;:&quot;&quot;,&quot;camera&quot;:&quot;&quot;,&quot;caption&quot;:&quot;&quot;,&quot;created_timestamp&quot;:&quot;1599154588&quot;,&quot;copyright&quot;:&quot;&quot;,&quot;focal_length&quot;:&quot;0&quot;,&quot;iso&quot;:&quot;0&quot;,&quot;shutter_speed&quot;:&quot;0&quot;,&quot;title&quot;:&quot;&quot;,&quot;orientation&quot;:&quot;1&quot;}\" data-image-title=\"IMG_8586\" data-image-description=\"\" data-image-caption=\"\" data-large-file=\"https:\/\/i0.wp.com\/www.jojoenherbe.com\/wp-content\/uploads\/2020\/09\/IMG_8586.jpg?fit=665%2C555&amp;ssl=1\" class=\"wp-image-12275\" src=\"https:\/\/i0.wp.com\/www.jojoenherbe.com\/wp-content\/uploads\/2020\/09\/IMG_8586.jpg?resize=130%2C109\" alt=\"\" width=\"130\" height=\"109\" srcset=\"https:\/\/i0.wp.com\/www.jojoenherbe.com\/wp-content\/uploads\/2020\/09\/IMG_8586.jpg?resize=300%2C250&amp;ssl=1 300w, https:\/\/i0.wp.com\/www.jojoenherbe.com\/wp-content\/uploads\/2020\/09\/IMG_8586.jpg?w=665&amp;ssl=1 665w\" sizes=\"auto, (max-width: 130px) 100vw, 130px\" \/><p id=\"caption-attachment-12275\" class=\"wp-caption-text\">Challenge Halloween de <a href=\"http:\/\/www.lelivroblog.fr\/archive\/2020\/09\/08\/le-challenge-halloween-2020-6262057.html\">Hilde<\/a> et <a href=\"http:\/\/www.myloubook.com\/2020\/09\/08\/challenge-halloween-2020-rendez-vous-pour-nos-11-ans\/\">Lou<\/a> #BD jeunesse<\/p><\/div>\n<div style=\"width: 128px\" class=\"wp-caption alignleft\"><img loading=\"lazy\" decoding=\"async\" class=\"\" src=\"https:\/\/lh3.googleusercontent.com\/yeyHsyE8ePB9xQx2t9obPo4nIUGeuGsS-P1wwGiEip3f9lcFED23VkM1Pr5hYoy4puCex2GzVOyZNHjl5qeUnhImyiKFqwfTaONmF_HEc7SEvgxhr1eZXuJ6zzg9JfEY4XADWBPBCxMLePs3HiWfgCjRFVaAIkiQhaX8RGfOMzZhoMNQUFFuWlglQGRva5RIkSFvo7nk3yMWVz4PgUXBK3Uof2Hf073K4C6YvQC1u6gRN2BCr4tNyqitAlYfULcqVlua9UK9L5kLVOZWs2-xrAzDf1K3rxU8pxE6Fdm1EI8_YbPW09CsTNa9CW1z0lvieJ6Ify6BbltA9XBnOC99XwB4E833hDdb9KWRbKTb8bwsVGIAFF1x2JkOCAWTkq3OtXJmlgaccySEr2PvCr9rzIA4GtrzB04GpU7RNPlnkfNDjtPoy6UR5nf5SD-RQvfrkHaKDQocAHpi1MoHr0bWF4h3F08r5y_TM01DqKXAgeInHehhuxNBZ4LGs7Emk2ol6RPfVd4UEj0916JVKRknXSsSbJG_50ptPlCGTOdHDTOUMc6x63Wp68_DnNhG9qn5FPKuDHhZvC008a4nifQFWuKVT6HvqNgW-LcvXb0wnjbSwgS8qwHb3LtHJj3uAe971aQRDPkS146UchPgCLNczeUje4Y3YFpuV4P1KYu67RSdAOITJNzzSRO2Dycc1PCqSdc7IoPwLu0-aT-FJ0m-KvlkUQLXoamPhl2WKbODyZSfc5ZT=w285-h217-no\" alt=\"\" width=\"118\" height=\"90\" \/><p class=\"wp-caption-text\"><a href=\"https:\/\/ennalit.wordpress.com\/2019\/12\/01\/challenge-petit-bac-2020-qui-veut-jouer\/\">Challenge Petit Bac d&rsquo;Enna<\/a> #13 Cat\u00e9gories Pr\u00e9nom: \u00ab\u00a0Sorceline\u00a0\u00bb et Amour et relations amoureuses: \u00ab\u00a0Aimait\u00a0\u00bb<\/p><\/div>\n","protected":false},"excerpt":{"rendered":"<p>Pour le Challenge Halloween 2020, j&#8217;emprunte \u00e0 la m\u00e9diath\u00e8que les deux premiers tomes de Sorceline, une BD jeunesse \u00e0 partir de 9\/10 ans. Je commence par le tome 1 de Sorceline, Un jour, je serai fantasticologue! de Sylvia Douy\u00e9 et Paola Antista (\u00e9d. Gl\u00e9nat, coll. Vents d\u2019Ouest, 2018). Sorceline, une jeune adolescente fait partie d&rsquo;un [&hellip;]<\/p>\n","protected":false},"author":1,"featured_media":12588,"comment_status":"open","ping_status":"open","sticky":false,"template":"","format":"standard","meta":{"jetpack_post_was_ever_published":false,"_jetpack_newsletter_access":"","_jetpack_dont_email_post_to_subs":false,"_jetpack_newsletter_tier_id":0,"_jetpack_memberships_contains_paywalled_content":false,"_jetpack_memberships_contains_paid_content":false,"footnotes":""},"categories":[363],"tags":[852,1842,386,1823,601,1226,1749,1352,877,1824,1081,740,914,1885,843,870,367,1797,727,1884,844,1825,1883,911],"class_list":["post-12648","post","type-post","status-publish","format-standard","has-post-thumbnail","hentry","category-mini-lecteur","tag-9-12-ans","tag-adolescence","tag-amitie","tag-animaux-legendaires","tag-aventure","tag-bd-jeunesse","tag-challenge-halloween-2020","tag-challenge-petit-bac-2020","tag-creatures","tag-cryptozoologie","tag-disparition","tag-ecole","tag-enquete","tag-fadette","tag-fantastique","tag-fantasy","tag-lecture-jeunesse","tag-lectures-dhalloween","tag-magie","tag-paola-antista","tag-romance","tag-sorceline","tag-sylvia-douye","tag-vampire","post-preview"],"jetpack_featured_media_url":"https:\/\/i0.wp.com\/www.jojoenherbe.com\/wp-content\/uploads\/2020\/10\/Sorceline-T1-et-T2-scaled.jpg?fit=2560%2C1920&ssl=1","jetpack_sharing_enabled":true,"jetpack_shortlink":"https:\/\/wp.me\/p9zhGx-3i0","jetpack_likes_enabled":true,"jetpack-related-posts":[{"id":13427,"url":"https:\/\/www.jojoenherbe.com\/index.php\/2020\/11\/13\/notre-selection-monstres-pour-le-challenge-halloween\/","url_meta":{"origin":12648,"position":0},"title":"Notre s\u00e9lection \u00ab\u00a0Monstres\u00a0\u00bb pour le Challenge Halloween","author":"Jojo","date":"13 novembre 2020","format":false,"excerpt":"Pour cette \u00e9dition 2020 du Challenge Halloween, je continue dans mes s\u00e9lections sp\u00e9ciales Halloween avec cette fois les Monstres et cr\u00e9atures fantastiques d'autant qu'hier nous avons relu Max le terrible. Des albums jeunesse: Cher monstre d'Emma Yarlett (\u00e9d. Albin Michel Jeunesse, 2019), un album jeunesse \u00e0 partir de 3 ans,\u2026","rel":"","context":"Dans &quot;Mini lecteur&quot;","block_context":{"text":"Mini lecteur","link":"https:\/\/www.jojoenherbe.com\/index.php\/category\/mini-lecteur\/"},"img":{"alt_text":"","src":"https:\/\/i0.wp.com\/www.jojoenherbe.com\/wp-content\/uploads\/2020\/11\/Selection-Monstre-scaled.jpg?fit=1200%2C796&ssl=1&resize=350%2C200","width":350,"height":200,"srcset":"https:\/\/i0.wp.com\/www.jojoenherbe.com\/wp-content\/uploads\/2020\/11\/Selection-Monstre-scaled.jpg?fit=1200%2C796&ssl=1&resize=350%2C200 1x, https:\/\/i0.wp.com\/www.jojoenherbe.com\/wp-content\/uploads\/2020\/11\/Selection-Monstre-scaled.jpg?fit=1200%2C796&ssl=1&resize=525%2C300 1.5x, https:\/\/i0.wp.com\/www.jojoenherbe.com\/wp-content\/uploads\/2020\/11\/Selection-Monstre-scaled.jpg?fit=1200%2C796&ssl=1&resize=700%2C400 2x, https:\/\/i0.wp.com\/www.jojoenherbe.com\/wp-content\/uploads\/2020\/11\/Selection-Monstre-scaled.jpg?fit=1200%2C796&ssl=1&resize=1050%2C600 3x"},"classes":[]},{"id":12580,"url":"https:\/\/www.jojoenherbe.com\/index.php\/2020\/10\/01\/notre-selection-sorcieres-pour-le-challenge-halloween\/","url_meta":{"origin":12648,"position":1},"title":"Notre s\u00e9lection \u00ab\u00a0Sorci\u00e8res\u00a0\u00bb pour le Challenge Halloween","author":"Jojo","date":"1 octobre 2020","format":false,"excerpt":"Ce 1er octobre 2020, Hilde, Grande Sorci\u00e8re et coorganisatrice du Challenge Halloween pour sa 11\u00e8me \u00e9dition, a propos\u00e9 une superbe actualisation de son billet sp\u00e9cial Sorci\u00e8re et nous propose d'en faire un \u00e0 notre tour. Sit\u00f4t vu sit\u00f4t fait d'autant que cette ann\u00e9e j'ai d\u00e9j\u00e0 mis dans notre PAL de\u2026","rel":"","context":"Dans &quot;Mini challenger&quot;","block_context":{"text":"Mini challenger","link":"https:\/\/www.jojoenherbe.com\/index.php\/category\/mini-challenger\/"},"img":{"alt_text":"","src":"https:\/\/i0.wp.com\/www.jojoenherbe.com\/wp-content\/uploads\/2020\/10\/Billet-Sorciere-scaled.jpg?fit=1200%2C947&ssl=1&resize=350%2C200","width":350,"height":200,"srcset":"https:\/\/i0.wp.com\/www.jojoenherbe.com\/wp-content\/uploads\/2020\/10\/Billet-Sorciere-scaled.jpg?fit=1200%2C947&ssl=1&resize=350%2C200 1x, https:\/\/i0.wp.com\/www.jojoenherbe.com\/wp-content\/uploads\/2020\/10\/Billet-Sorciere-scaled.jpg?fit=1200%2C947&ssl=1&resize=525%2C300 1.5x, https:\/\/i0.wp.com\/www.jojoenherbe.com\/wp-content\/uploads\/2020\/10\/Billet-Sorciere-scaled.jpg?fit=1200%2C947&ssl=1&resize=700%2C400 2x, https:\/\/i0.wp.com\/www.jojoenherbe.com\/wp-content\/uploads\/2020\/10\/Billet-Sorciere-scaled.jpg?fit=1200%2C947&ssl=1&resize=1050%2C600 3x"},"classes":[]},{"id":12274,"url":"https:\/\/www.jojoenherbe.com\/index.php\/2020\/09\/15\/ptit-recap-du-challenge-halloween-2020\/","url_meta":{"origin":12648,"position":2},"title":"Billet de suivi: Challenge Halloween 2020","author":"Jojo","date":"15 septembre 2020","format":false,"excerpt":"Comme l'ann\u00e9e derni\u00e8re, je participe du 15 septembre au 15 d\u00e9cembre 2020 au Challenge Halloween organis\u00e9 par Hilde et Lou. D\u00e8s le 15 septembre, elles ouvrent les portes de leur manoir pour deux mois halloweenesques. le challenge commence en douceur par un d\u00e9poussi\u00e9rage de PAL et premi\u00e8res suggestions et ambiances\u2026","rel":"","context":"Dans &quot;Mini challenger&quot;","block_context":{"text":"Mini challenger","link":"https:\/\/www.jojoenherbe.com\/index.php\/category\/mini-challenger\/"},"img":{"alt_text":"","src":"https:\/\/i0.wp.com\/www.jojoenherbe.com\/wp-content\/uploads\/2020\/09\/Challenge-Halloween-2020-scaled.jpg?fit=1200%2C1187&ssl=1&resize=350%2C200","width":350,"height":200,"srcset":"https:\/\/i0.wp.com\/www.jojoenherbe.com\/wp-content\/uploads\/2020\/09\/Challenge-Halloween-2020-scaled.jpg?fit=1200%2C1187&ssl=1&resize=350%2C200 1x, https:\/\/i0.wp.com\/www.jojoenherbe.com\/wp-content\/uploads\/2020\/09\/Challenge-Halloween-2020-scaled.jpg?fit=1200%2C1187&ssl=1&resize=525%2C300 1.5x, https:\/\/i0.wp.com\/www.jojoenherbe.com\/wp-content\/uploads\/2020\/09\/Challenge-Halloween-2020-scaled.jpg?fit=1200%2C1187&ssl=1&resize=700%2C400 2x, https:\/\/i0.wp.com\/www.jojoenherbe.com\/wp-content\/uploads\/2020\/09\/Challenge-Halloween-2020-scaled.jpg?fit=1200%2C1187&ssl=1&resize=1050%2C600 3x"},"classes":[]},{"id":32477,"url":"https:\/\/www.jojoenherbe.com\/index.php\/2023\/10\/08\/notre-wishlist-dans-les-sorties-litteraires-doctobre-2023\/","url_meta":{"origin":12648,"position":3},"title":"Notre wishlist dans les sorties litt\u00e9raires d&rsquo;octobre 2023","author":"Jojo","date":"8 octobre 2023","format":false,"excerpt":"Ce mois-ci, je suis tent\u00e9e par beaucoup de nouvelles parutions, que ce soit en jeunesse ou en adulte, l'imaginaire \u00e9tant mis en avant dans la plupart des livres s\u00e9lectionn\u00e9s. Il y a d\u00e9j\u00e0 des sorties de livres de No\u00ebl. Pour l'occasion, j'ai eu envie d'\u00e9crire un billet d\u00e9di\u00e9 \u00e0 notre\u2026","rel":"","context":"Dans &quot;Mini blogueur&quot;","block_context":{"text":"Mini blogueur","link":"https:\/\/www.jojoenherbe.com\/index.php\/category\/mini-blogueur\/"},"img":{"alt_text":"","src":"https:\/\/i0.wp.com\/www.jojoenherbe.com\/wp-content\/uploads\/2023\/10\/Sortileges-Descendance-Donald-T7.jpg?resize=350%2C200","width":350,"height":200},"classes":[]},{"id":12976,"url":"https:\/\/www.jojoenherbe.com\/index.php\/2023\/10\/20\/notre-selection-vampires-pour-le-challenge-halloween\/","url_meta":{"origin":12648,"position":4},"title":"Notre s\u00e9lection \u00ab\u00a0Vampires\u00a0\u00bb pour le Challenge Halloween","author":"Jojo","date":"20 octobre 2023","format":false,"excerpt":"Apr\u00e8s les sorci\u00e8res, les ogres et les fant\u00f4mes en 2020, voici notre s\u00e9lection \"Vampires\" avec des livres aussi d\u00e9j\u00e0 lus et\/ou chroniqu\u00e9s les ann\u00e9es pr\u00e9c\u00e9dentes. Lorsqu'il s'agit d'une s\u00e9rie, je n'ai mentionn\u00e9 que le premier tome ou celui o\u00f9 il y a le plus de vampires. Et pour changer de\u2026","rel":"","context":"Dans &quot;Mini challenger&quot;","block_context":{"text":"Mini challenger","link":"https:\/\/www.jojoenherbe.com\/index.php\/category\/mini-challenger\/"},"img":{"alt_text":"","src":"https:\/\/i0.wp.com\/www.jojoenherbe.com\/wp-content\/uploads\/2023\/10\/Selection-Vampires-2023-scaled.jpg?fit=1200%2C857&ssl=1&resize=350%2C200","width":350,"height":200,"srcset":"https:\/\/i0.wp.com\/www.jojoenherbe.com\/wp-content\/uploads\/2023\/10\/Selection-Vampires-2023-scaled.jpg?fit=1200%2C857&ssl=1&resize=350%2C200 1x, https:\/\/i0.wp.com\/www.jojoenherbe.com\/wp-content\/uploads\/2023\/10\/Selection-Vampires-2023-scaled.jpg?fit=1200%2C857&ssl=1&resize=525%2C300 1.5x, https:\/\/i0.wp.com\/www.jojoenherbe.com\/wp-content\/uploads\/2023\/10\/Selection-Vampires-2023-scaled.jpg?fit=1200%2C857&ssl=1&resize=700%2C400 2x, https:\/\/i0.wp.com\/www.jojoenherbe.com\/wp-content\/uploads\/2023\/10\/Selection-Vampires-2023-scaled.jpg?fit=1200%2C857&ssl=1&resize=1050%2C600 3x"},"classes":[]},{"id":9513,"url":"https:\/\/www.jojoenherbe.com\/index.php\/2020\/12\/31\/recap-du-challenge-petit-bac-2020\/","url_meta":{"origin":12648,"position":5},"title":"R\u00e9cap&rsquo; du Challenge Petit Bac 2020","author":"Jojo","date":"31 d\u00e9cembre 2020","format":false,"excerpt":"Cette ann\u00e9e 2020, j'ai particip\u00e9 pour la seconde fois cons\u00e9cutive au Challenge Petit Bac d'Enna, les cinq premi\u00e8res cat\u00e9gories restant identiques \u00e0 l'ann\u00e9e derni\u00e8re mais certaines nouvelles \u00e9tant plus difficiles. Quel casse-t\u00eate pour d\u00e9nicher le mot ad\u00e9quat dans tous les livres lus, essentiellement des albums jeunesse. Finalement ce sera 13\u2026","rel":"","context":"Dans &quot;Mini challenger&quot;","block_context":{"text":"Mini challenger","link":"https:\/\/www.jojoenherbe.com\/index.php\/category\/mini-challenger\/"},"img":{"alt_text":"","src":"https:\/\/i0.wp.com\/www.jojoenherbe.com\/wp-content\/uploads\/2020\/12\/Challenge-Petit-Bac-2020-scaled.jpg?fit=1200%2C1115&ssl=1&resize=350%2C200","width":350,"height":200,"srcset":"https:\/\/i0.wp.com\/www.jojoenherbe.com\/wp-content\/uploads\/2020\/12\/Challenge-Petit-Bac-2020-scaled.jpg?fit=1200%2C1115&ssl=1&resize=350%2C200 1x, https:\/\/i0.wp.com\/www.jojoenherbe.com\/wp-content\/uploads\/2020\/12\/Challenge-Petit-Bac-2020-scaled.jpg?fit=1200%2C1115&ssl=1&resize=525%2C300 1.5x, https:\/\/i0.wp.com\/www.jojoenherbe.com\/wp-content\/uploads\/2020\/12\/Challenge-Petit-Bac-2020-scaled.jpg?fit=1200%2C1115&ssl=1&resize=700%2C400 2x, https:\/\/i0.wp.com\/www.jojoenherbe.com\/wp-content\/uploads\/2020\/12\/Challenge-Petit-Bac-2020-scaled.jpg?fit=1200%2C1115&ssl=1&resize=1050%2C600 3x"},"classes":[]}],"_links":{"self":[{"href":"https:\/\/www.jojoenherbe.com\/index.php\/wp-json\/wp\/v2\/posts\/12648","targetHints":{"allow":["GET"]}}],"collection":[{"href":"https:\/\/www.jojoenherbe.com\/index.php\/wp-json\/wp\/v2\/posts"}],"about":[{"href":"https:\/\/www.jojoenherbe.com\/index.php\/wp-json\/wp\/v2\/types\/post"}],"author":[{"embeddable":true,"href":"https:\/\/www.jojoenherbe.com\/index.php\/wp-json\/wp\/v2\/users\/1"}],"replies":[{"embeddable":true,"href":"https:\/\/www.jojoenherbe.com\/index.php\/wp-json\/wp\/v2\/comments?post=12648"}],"version-history":[{"count":1,"href":"https:\/\/www.jojoenherbe.com\/index.php\/wp-json\/wp\/v2\/posts\/12648\/revisions"}],"predecessor-version":[{"id":27247,"href":"https:\/\/www.jojoenherbe.com\/index.php\/wp-json\/wp\/v2\/posts\/12648\/revisions\/27247"}],"wp:featuredmedia":[{"embeddable":true,"href":"https:\/\/www.jojoenherbe.com\/index.php\/wp-json\/wp\/v2\/media\/12588"}],"wp:attachment":[{"href":"https:\/\/www.jojoenherbe.com\/index.php\/wp-json\/wp\/v2\/media?parent=12648"}],"wp:term":[{"taxonomy":"category","embeddable":true,"href":"https:\/\/www.jojoenherbe.com\/index.php\/wp-json\/wp\/v2\/categories?post=12648"},{"taxonomy":"post_tag","embeddable":true,"href":"https:\/\/www.jojoenherbe.com\/index.php\/wp-json\/wp\/v2\/tags?post=12648"}],"curies":[{"name":"wp","href":"https:\/\/api.w.org\/{rel}","templated":true}]}}