{"id":12558,"date":"2020-09-29T16:16:21","date_gmt":"2020-09-29T14:16:21","guid":{"rendered":"http:\/\/www.jojoenherbe.com\/?p=12558"},"modified":"2020-09-29T16:16:21","modified_gmt":"2020-09-29T14:16:21","slug":"au-fil-des-pages-avec-les-chemins-secrets-de-la-liberte","status":"publish","type":"post","link":"https:\/\/www.jojoenherbe.com\/index.php\/2020\/09\/29\/au-fil-des-pages-avec-les-chemins-secrets-de-la-liberte\/","title":{"rendered":"Au fil des pages avec Les chemins secrets de la libert\u00e9"},"content":{"rendered":"<p style=\"text-align: justify;\"><em><a href=\"https:\/\/i0.wp.com\/www.jojoenherbe.com\/wp-content\/uploads\/2020\/09\/Les-chemins-secrets-de-la-liberte-2-scaled.jpg\"><img data-recalc-dims=\"1\" loading=\"lazy\" decoding=\"async\" data-attachment-id=\"12559\" data-permalink=\"https:\/\/www.jojoenherbe.com\/index.php\/2020\/09\/29\/au-fil-des-pages-avec-les-chemins-secrets-de-la-liberte\/les-chemins-secrets-de-la-liberte-2\/\" data-orig-file=\"https:\/\/i0.wp.com\/www.jojoenherbe.com\/wp-content\/uploads\/2020\/09\/Les-chemins-secrets-de-la-liberte-2-scaled.jpg?fit=2560%2C1920&amp;ssl=1\" data-orig-size=\"2560,1920\" data-comments-opened=\"1\" data-image-meta=\"{&quot;aperture&quot;:&quot;1.8&quot;,&quot;credit&quot;:&quot;&quot;,&quot;camera&quot;:&quot;iPhone 7&quot;,&quot;caption&quot;:&quot;&quot;,&quot;created_timestamp&quot;:&quot;1601392626&quot;,&quot;copyright&quot;:&quot;&quot;,&quot;focal_length&quot;:&quot;3.99&quot;,&quot;iso&quot;:&quot;64&quot;,&quot;shutter_speed&quot;:&quot;0.058823529411765&quot;,&quot;title&quot;:&quot;&quot;,&quot;orientation&quot;:&quot;1&quot;}\" data-image-title=\"Les chemins secrets de la libert\u00e9 2\" data-image-description=\"\" data-image-caption=\"\" data-large-file=\"https:\/\/i0.wp.com\/www.jojoenherbe.com\/wp-content\/uploads\/2020\/09\/Les-chemins-secrets-de-la-liberte-2-scaled.jpg?fit=676%2C507&amp;ssl=1\" class=\"alignleft size-thumbnail wp-image-12559\" src=\"https:\/\/i0.wp.com\/www.jojoenherbe.com\/wp-content\/uploads\/2020\/09\/Les-chemins-secrets-de-la-liberte-2.jpg?resize=150%2C150\" alt=\"\" width=\"150\" height=\"150\" srcset=\"https:\/\/i0.wp.com\/www.jojoenherbe.com\/wp-content\/uploads\/2020\/09\/Les-chemins-secrets-de-la-liberte-2-scaled.jpg?resize=150%2C150&amp;ssl=1 150w, https:\/\/i0.wp.com\/www.jojoenherbe.com\/wp-content\/uploads\/2020\/09\/Les-chemins-secrets-de-la-liberte-2-scaled.jpg?zoom=2&amp;resize=150%2C150 300w, https:\/\/i0.wp.com\/www.jojoenherbe.com\/wp-content\/uploads\/2020\/09\/Les-chemins-secrets-de-la-liberte-2-scaled.jpg?zoom=3&amp;resize=150%2C150 450w\" sizes=\"auto, (max-width: 150px) 100vw, 150px\" \/><\/a> <a href=\"https:\/\/i0.wp.com\/www.jojoenherbe.com\/wp-content\/uploads\/2020\/09\/Les-chemins-secrets-de-la-liberte-3-scaled.jpg\"><img data-recalc-dims=\"1\" loading=\"lazy\" decoding=\"async\" data-attachment-id=\"12560\" data-permalink=\"https:\/\/www.jojoenherbe.com\/index.php\/2020\/09\/29\/au-fil-des-pages-avec-les-chemins-secrets-de-la-liberte\/les-chemins-secrets-de-la-liberte-3\/\" data-orig-file=\"https:\/\/i0.wp.com\/www.jojoenherbe.com\/wp-content\/uploads\/2020\/09\/Les-chemins-secrets-de-la-liberte-3-scaled.jpg?fit=2560%2C1535&amp;ssl=1\" data-orig-size=\"2560,1535\" data-comments-opened=\"1\" data-image-meta=\"{&quot;aperture&quot;:&quot;1.8&quot;,&quot;credit&quot;:&quot;&quot;,&quot;camera&quot;:&quot;iPhone 7&quot;,&quot;caption&quot;:&quot;&quot;,&quot;created_timestamp&quot;:&quot;1601392764&quot;,&quot;copyright&quot;:&quot;&quot;,&quot;focal_length&quot;:&quot;3.99&quot;,&quot;iso&quot;:&quot;50&quot;,&quot;shutter_speed&quot;:&quot;0.058823529411765&quot;,&quot;title&quot;:&quot;&quot;,&quot;orientation&quot;:&quot;1&quot;}\" data-image-title=\"Les chemins secrets de la libert\u00e9 3\" data-image-description=\"\" data-image-caption=\"\" data-large-file=\"https:\/\/i0.wp.com\/www.jojoenherbe.com\/wp-content\/uploads\/2020\/09\/Les-chemins-secrets-de-la-liberte-3-scaled.jpg?fit=676%2C405&amp;ssl=1\" class=\"alignleft size-thumbnail wp-image-12560\" src=\"https:\/\/i0.wp.com\/www.jojoenherbe.com\/wp-content\/uploads\/2020\/09\/Les-chemins-secrets-de-la-liberte-3.jpg?resize=150%2C150\" alt=\"\" width=\"150\" height=\"150\" srcset=\"https:\/\/i0.wp.com\/www.jojoenherbe.com\/wp-content\/uploads\/2020\/09\/Les-chemins-secrets-de-la-liberte-3-scaled.jpg?resize=150%2C150&amp;ssl=1 150w, https:\/\/i0.wp.com\/www.jojoenherbe.com\/wp-content\/uploads\/2020\/09\/Les-chemins-secrets-de-la-liberte-3-scaled.jpg?zoom=2&amp;resize=150%2C150 300w, https:\/\/i0.wp.com\/www.jojoenherbe.com\/wp-content\/uploads\/2020\/09\/Les-chemins-secrets-de-la-liberte-3-scaled.jpg?zoom=3&amp;resize=150%2C150 450w\" sizes=\"auto, (max-width: 150px) 100vw, 150px\" \/><\/a>Apr\u00e8s l&rsquo;avoir lu il y a presque trente ans, j&rsquo;ai ressorti la semaine derni\u00e8re, pour le Mois Am\u00e9ricain, <span style=\"text-decoration: underline;\">Les chemins secrets de la libert\u00e9<\/span> de Barbara Smucker et illustr\u00e9 par Yves Beaujard (\u00e9d. Castor Poche Flammarion, 1982, r\u00e9\u00e9d. 1991), un roman jeunesse \u00e0 partir de 10 ans. \u00c2g\u00e9es de 13 ans, Julilly et Lisa sont deux jeunes esclaves qui se lient d&rsquo;amiti\u00e9 dans une plantation de cotons du Mississippi. Ensemble, elles tentent de s&rsquo;enfuir au Canada. Mais leur p\u00e9riple de nuit est tr\u00e8s long et dangereux, les chasseurs d&rsquo;esclave pouvant les retrouver \u00e0 tout moment, m\u00eame dans les \u00c9tats du Nord non esclavagistes. Elles peuvent toutefois compter sur des abolitionnistes, souvent Quakers et qui font partie du Chemin de fer souterrain. Esclaves fugitives, parviendront-elles \u00e0 \u00eatre enfin libres et en s\u00e9curit\u00e9?<br \/>\n<\/em><\/p>\n<p style=\"text-align: justify;\"><em>C&rsquo;est la m\u00eame \u00e9motion que je ressens \u00e0 la lecture de cette histoire certes fictive mais reprenant des faits historiques et des abolitionnistes qui ont particip\u00e9 au Chemin de fer clandestin au XIXe si\u00e8cle: Alexander Milton Ross\u00a0 et Levi Coffin. M\u00eame si ce roman est destin\u00e9 \u00e0 de jeunes lecteurs avec une fin plut\u00f4t heureuse, son propos n&rsquo;est pas \u00e9dulcor\u00e9 face aux conditions de vie des jeunes esclaves: maltraitance, coups et humiliations, pauvret\u00e9&#8230; Le texte est accompagn\u00e9 de quelques illustrations en noir et blanc qui mettent en sc\u00e8ne le p\u00e9riple accompli par les deux jeunes filles. Un roman <\/em><em>\u00e0 lire pour tout jeune futur citoyen du monde!<br \/>\n<\/em><\/p>\n<div id=\"attachment_13989\" style=\"width: 200px\" class=\"wp-caption aligncenter\"><img data-recalc-dims=\"1\" loading=\"lazy\" decoding=\"async\" aria-describedby=\"caption-attachment-13989\" class=\"  wp-image-13989\" src=\"https:\/\/plaisirsacultiver.files.wordpress.com\/2019\/07\/america.jpeg?w=462&#038;h=303&#038;fit=462%2C303&#038;resize=190%2C124\" sizes=\"auto, (max-width: 462px) 100vw, 462px\" srcset=\"https:\/\/plaisirsacultiver.files.wordpress.com\/2019\/07\/america.jpeg?w=462&amp;h=303 462w, https:\/\/plaisirsacultiver.files.wordpress.com\/2019\/07\/america.jpeg?w=150&amp;h=98 150w, https:\/\/plaisirsacultiver.files.wordpress.com\/2019\/07\/america.jpeg?w=300&amp;h=197 300w, https:\/\/plaisirsacultiver.files.wordpress.com\/2019\/07\/america.jpeg 505w\" alt=\"america\" width=\"190\" height=\"124\" data-attachment-id=\"13989\" data-permalink=\"https:\/\/plaisirsacultiver.com\/2019\/07\/10\/le-mois-americain-2019\/america-6\/#main\" data-orig-file=\"https:\/\/plaisirsacultiver.files.wordpress.com\/2019\/07\/america.jpeg\" data-orig-size=\"505,331\" data-comments-opened=\"1\" data-image-meta=\"{&quot;aperture&quot;:&quot;0&quot;,&quot;credit&quot;:&quot;&quot;,&quot;camera&quot;:&quot;&quot;,&quot;caption&quot;:&quot;&quot;,&quot;created_timestamp&quot;:&quot;0&quot;,&quot;copyright&quot;:&quot;&quot;,&quot;focal_length&quot;:&quot;0&quot;,&quot;iso&quot;:&quot;0&quot;,&quot;shutter_speed&quot;:&quot;0&quot;,&quot;title&quot;:&quot;&quot;,&quot;orientation&quot;:&quot;0&quot;}\" data-image-title=\"america\" data-image-description=\"\" data-medium-file=\"https:\/\/plaisirsacultiver.files.wordpress.com\/2019\/07\/america.jpeg?w=300\" data-large-file=\"https:\/\/plaisirsacultiver.files.wordpress.com\/2019\/07\/america.jpeg?w=505\" \/><p id=\"caption-attachment-13989\" class=\"wp-caption-text\"><a href=\"https:\/\/plaisirsacultiver.com\/2020\/07\/16\/le-mois-americain-2020\/\">Le Mois Am\u00e9ricain<\/a> de Titine #Roman jeunesse<\/p><\/div>\n","protected":false},"excerpt":{"rendered":"<p>Apr\u00e8s l&rsquo;avoir lu il y a presque trente ans, j&rsquo;ai ressorti la semaine derni\u00e8re, pour le Mois Am\u00e9ricain, Les chemins secrets de la libert\u00e9 de Barbara Smucker et illustr\u00e9 par Yves Beaujard (\u00e9d. Castor Poche Flammarion, 1982, r\u00e9\u00e9d. 1991), un roman jeunesse \u00e0 partir de 10 ans. \u00c2g\u00e9es de 13 ans, Julilly et Lisa sont [&hellip;]<\/p>\n","protected":false},"author":1,"featured_media":12561,"comment_status":"open","ping_status":"open","sticky":false,"template":"","format":"standard","meta":{"jetpack_post_was_ever_published":false,"_jetpack_newsletter_access":"","_jetpack_dont_email_post_to_subs":false,"_jetpack_newsletter_tier_id":0,"_jetpack_memberships_contains_paywalled_content":false,"_jetpack_memberships_contains_paid_content":false,"footnotes":""},"categories":[363],"tags":[852,1821,386,1819,1659,390,1719,1724,925,1710,367,739,1726,1818,789,388,1820],"class_list":["post-12558","post","type-post","status-publish","format-standard","has-post-thumbnail","hentry","category-mini-lecteur","tag-9-12-ans","tag-amerique-du-nord","tag-amitie","tag-barbara-smucker","tag-canada","tag-entraide","tag-esclavage","tag-etats-unis","tag-fuite","tag-le-mois-americain-2020","tag-lecture-jeunesse","tag-liberte","tag-racisme","tag-roman-historique","tag-romans-jeunesse","tag-solidarite","tag-yves-beaujard","post-preview"],"jetpack_featured_media_url":"https:\/\/i0.wp.com\/www.jojoenherbe.com\/wp-content\/uploads\/2020\/09\/Les-chemins-secrets-de-la-liberte-scaled.jpg?fit=2560%2C1920&ssl=1","jetpack_sharing_enabled":true,"jetpack_shortlink":"https:\/\/wp.me\/p9zhGx-3gy","jetpack_likes_enabled":true,"jetpack-related-posts":[{"id":12064,"url":"https:\/\/www.jojoenherbe.com\/index.php\/2020\/09\/04\/petit-recap-du-mois-americain-2020\/","url_meta":{"origin":12558,"position":0},"title":"Petit r\u00e9cap&rsquo; du Mois Am\u00e9ricain 2020","author":"Jojo","date":"4 septembre 2020","format":false,"excerpt":"Je participe, pour la premi\u00e8re fois cette ann\u00e9e, au Mois Am\u00e9ricain propos\u00e9 par Titine du blog \"Plaisir \u00e0 cultiver\" tout au long du mois de septembre 2020. Pour plus d\u2019infos, n\u2019h\u00e9sitez pas \u00e0 aller sur son blog, sur le groupe Facebook du Mois Am\u00e9ricain ou sur le compte Instagram avec\u2026","rel":"","context":"Dans &quot;Mini challenger&quot;","block_context":{"text":"Mini challenger","link":"https:\/\/www.jojoenherbe.com\/index.php\/category\/mini-challenger\/"},"img":{"alt_text":"","src":"https:\/\/i0.wp.com\/www.jojoenherbe.com\/wp-content\/uploads\/2020\/09\/programme-Mois-Americain-2020-294x300.jpg?resize=350%2C200","width":350,"height":200},"classes":[]},{"id":34637,"url":"https:\/\/www.jojoenherbe.com\/index.php\/2024\/02\/02\/billet-de-suivi-african-american-history-month-challenge-2024\/","url_meta":{"origin":12558,"position":1},"title":"Billet de suivi: African-American History Month Challenge 2024","author":"Jojo","date":"2 f\u00e9vrier 2024","format":false,"excerpt":"Cette ann\u00e9e, je participe \u00e0 l'African-American History Month Challenge (AAHM Challenge) 2024 organis\u00e9 depuis plusieurs ann\u00e9es par Enna, tout au long du mois de f\u00e9vrier. Il s'agit de parler des Afro-Am\u00e9ricains dans l\u2019histoire ou dans la fiction. Pour plus d\u2019infos, n\u2019h\u00e9sitez pas \u00e0 aller sur son blog ou sur le\u2026","rel":"","context":"Dans &quot;Mini challenger&quot;","block_context":{"text":"Mini challenger","link":"https:\/\/www.jojoenherbe.com\/index.php\/category\/mini-challenger\/"},"img":{"alt_text":"","src":"https:\/\/i0.wp.com\/www.jojoenherbe.com\/wp-content\/uploads\/2024\/02\/AAHM-Challenge-2024.jpg?fit=960%2C480&ssl=1&resize=350%2C200","width":350,"height":200,"srcset":"https:\/\/i0.wp.com\/www.jojoenherbe.com\/wp-content\/uploads\/2024\/02\/AAHM-Challenge-2024.jpg?fit=960%2C480&ssl=1&resize=350%2C200 1x, https:\/\/i0.wp.com\/www.jojoenherbe.com\/wp-content\/uploads\/2024\/02\/AAHM-Challenge-2024.jpg?fit=960%2C480&ssl=1&resize=525%2C300 1.5x, https:\/\/i0.wp.com\/www.jojoenherbe.com\/wp-content\/uploads\/2024\/02\/AAHM-Challenge-2024.jpg?fit=960%2C480&ssl=1&resize=700%2C400 2x"},"classes":[]},{"id":35827,"url":"https:\/\/www.jojoenherbe.com\/index.php\/2024\/04\/23\/au-fil-des-pages-avec-tant-de-nuances-de-pluie\/","url_meta":{"origin":12558,"position":2},"title":"Au fil des pages avec Tant de nuances de pluie","author":"Jojo","date":"23 avril 2024","format":false,"excerpt":"J'ai lu Tant de nuances de pluie d\u2019Asha Lemmie (\u00e9d. HarperCollins, coll. Au gr\u00e9 du monde, octobre 2023, 534 pages), le premier roman de l\u2019autrice dont l'histoire se d\u00e9roule dans le Japon de l\u2019apr\u00e8s-guerre, de 1948 \u00e0 1964. Secret honteux et scandaleux de la famille, Nori Kamiza est n\u00e9e d'un\u2026","rel":"","context":"Dans &quot;Mini lecteur&quot;","block_context":{"text":"Mini lecteur","link":"https:\/\/www.jojoenherbe.com\/index.php\/category\/mini-lecteur\/"},"img":{"alt_text":"","src":"https:\/\/i0.wp.com\/www.jojoenherbe.com\/wp-content\/uploads\/2024\/04\/Tant-de-nuances-de-pluie-scaled.jpg?fit=1200%2C1039&ssl=1&resize=350%2C200","width":350,"height":200,"srcset":"https:\/\/i0.wp.com\/www.jojoenherbe.com\/wp-content\/uploads\/2024\/04\/Tant-de-nuances-de-pluie-scaled.jpg?fit=1200%2C1039&ssl=1&resize=350%2C200 1x, https:\/\/i0.wp.com\/www.jojoenherbe.com\/wp-content\/uploads\/2024\/04\/Tant-de-nuances-de-pluie-scaled.jpg?fit=1200%2C1039&ssl=1&resize=525%2C300 1.5x, https:\/\/i0.wp.com\/www.jojoenherbe.com\/wp-content\/uploads\/2024\/04\/Tant-de-nuances-de-pluie-scaled.jpg?fit=1200%2C1039&ssl=1&resize=700%2C400 2x, https:\/\/i0.wp.com\/www.jojoenherbe.com\/wp-content\/uploads\/2024\/04\/Tant-de-nuances-de-pluie-scaled.jpg?fit=1200%2C1039&ssl=1&resize=1050%2C600 3x"},"classes":[]},{"id":31954,"url":"https:\/\/www.jojoenherbe.com\/index.php\/2023\/09\/15\/au-fil-des-pages-avec-la-longue-marche-des-dindes-bd\/","url_meta":{"origin":12558,"position":3},"title":"Au fil des pages avec La longue marche des dindes (BD)","author":"Jojo","date":"15 septembre 2023","format":false,"excerpt":"Pouvant le consulter en ligne gr\u00e2ce \u00e0 ma m\u00e9diath\u00e8que, j'ai lu La longue marche des dindes de L\u00e9onie Bischoff, d'apr\u00e8s Kathleen Karr (\u00e9d. Rue des S\u00e8vres, septembre 2022, 144 pages), un roman graphique jeunesse \u00e0 partir de 9\/10 ans, joliment illustr\u00e9 et adoptant en BD le roman \u00e9ponyme de Kathleen\u2026","rel":"","context":"Dans &quot;Mini lecteur&quot;","block_context":{"text":"Mini lecteur","link":"https:\/\/www.jojoenherbe.com\/index.php\/category\/mini-lecteur\/"},"img":{"alt_text":"","src":"https:\/\/i0.wp.com\/www.jojoenherbe.com\/wp-content\/uploads\/2023\/09\/La-longue-marche-des-dindes.jpg?fit=750%2C1178&ssl=1&resize=350%2C200","width":350,"height":200,"srcset":"https:\/\/i0.wp.com\/www.jojoenherbe.com\/wp-content\/uploads\/2023\/09\/La-longue-marche-des-dindes.jpg?fit=750%2C1178&ssl=1&resize=350%2C200 1x, https:\/\/i0.wp.com\/www.jojoenherbe.com\/wp-content\/uploads\/2023\/09\/La-longue-marche-des-dindes.jpg?fit=750%2C1178&ssl=1&resize=525%2C300 1.5x, https:\/\/i0.wp.com\/www.jojoenherbe.com\/wp-content\/uploads\/2023\/09\/La-longue-marche-des-dindes.jpg?fit=750%2C1178&ssl=1&resize=700%2C400 2x"},"classes":[]},{"id":12414,"url":"https:\/\/www.jojoenherbe.com\/index.php\/2020\/09\/30\/au-fil-des-pages-avec-rosa-parks\/","url_meta":{"origin":12558,"position":4},"title":"Au fil des pages avec Rosa Parks","author":"Jojo","date":"30 septembre 2020","format":false,"excerpt":"Pour le Mois Am\u00e9ricain 2020 et sa journ\u00e9e du 22 septembre consacr\u00e9e aux \"Black Lives Matter\", j'ai emprunt\u00e9 \u00e0 la m\u00e9diath\u00e8que Rosa Parks de Lisbeth Kaiser et Marta Antelo (\u00e9d. Kimane, coll. Petite & Grande, 2018), un album jeunesse \u00e0 partir de 6 ans. Finalement, je le pr\u00e9sente pour la\u2026","rel":"","context":"Dans &quot;Mini lecteur&quot;","block_context":{"text":"Mini lecteur","link":"https:\/\/www.jojoenherbe.com\/index.php\/category\/mini-lecteur\/"},"img":{"alt_text":"","src":"https:\/\/i0.wp.com\/www.jojoenherbe.com\/wp-content\/uploads\/2020\/09\/Rosa-Parks-scaled.jpg?fit=1200%2C885&ssl=1&resize=350%2C200","width":350,"height":200,"srcset":"https:\/\/i0.wp.com\/www.jojoenherbe.com\/wp-content\/uploads\/2020\/09\/Rosa-Parks-scaled.jpg?fit=1200%2C885&ssl=1&resize=350%2C200 1x, https:\/\/i0.wp.com\/www.jojoenherbe.com\/wp-content\/uploads\/2020\/09\/Rosa-Parks-scaled.jpg?fit=1200%2C885&ssl=1&resize=525%2C300 1.5x, https:\/\/i0.wp.com\/www.jojoenherbe.com\/wp-content\/uploads\/2020\/09\/Rosa-Parks-scaled.jpg?fit=1200%2C885&ssl=1&resize=700%2C400 2x, https:\/\/i0.wp.com\/www.jojoenherbe.com\/wp-content\/uploads\/2020\/09\/Rosa-Parks-scaled.jpg?fit=1200%2C885&ssl=1&resize=1050%2C600 3x"},"classes":[]},{"id":12122,"url":"https:\/\/www.jojoenherbe.com\/index.php\/2020\/09\/06\/au-fil-des-pages-avec-blues-bayou\/","url_meta":{"origin":12558,"position":5},"title":"Au fil des pages avec Blues Bayou","author":"Jojo","date":"6 septembre 2020","format":false,"excerpt":"Pour cette journ\u00e9e \"Album jeunesse\" du 6 septembre 2020 du Mois Am\u00e9ricain, nous lisons Blues Bayou de Benjamin Lacombe et Daniela Cytryn (\u00e9d. Milan Jeunesse, 2009), un album jeunesse \u00e0 partir de 3 ans. Dans le Mississipi des ann\u00e9es 30, deux enfants d\u2019une dizaine d\u2019ann\u00e9es, James et Amy sont amis\u2026","rel":"","context":"Dans &quot;Mini lecteur&quot;","block_context":{"text":"Mini lecteur","link":"https:\/\/www.jojoenherbe.com\/index.php\/category\/mini-lecteur\/"},"img":{"alt_text":"","src":"https:\/\/i0.wp.com\/www.jojoenherbe.com\/wp-content\/uploads\/2020\/09\/Blues-Bayou-scaled.jpg?fit=1200%2C900&ssl=1&resize=350%2C200","width":350,"height":200,"srcset":"https:\/\/i0.wp.com\/www.jojoenherbe.com\/wp-content\/uploads\/2020\/09\/Blues-Bayou-scaled.jpg?fit=1200%2C900&ssl=1&resize=350%2C200 1x, https:\/\/i0.wp.com\/www.jojoenherbe.com\/wp-content\/uploads\/2020\/09\/Blues-Bayou-scaled.jpg?fit=1200%2C900&ssl=1&resize=525%2C300 1.5x, https:\/\/i0.wp.com\/www.jojoenherbe.com\/wp-content\/uploads\/2020\/09\/Blues-Bayou-scaled.jpg?fit=1200%2C900&ssl=1&resize=700%2C400 2x, https:\/\/i0.wp.com\/www.jojoenherbe.com\/wp-content\/uploads\/2020\/09\/Blues-Bayou-scaled.jpg?fit=1200%2C900&ssl=1&resize=1050%2C600 3x"},"classes":[]}],"_links":{"self":[{"href":"https:\/\/www.jojoenherbe.com\/index.php\/wp-json\/wp\/v2\/posts\/12558","targetHints":{"allow":["GET"]}}],"collection":[{"href":"https:\/\/www.jojoenherbe.com\/index.php\/wp-json\/wp\/v2\/posts"}],"about":[{"href":"https:\/\/www.jojoenherbe.com\/index.php\/wp-json\/wp\/v2\/types\/post"}],"author":[{"embeddable":true,"href":"https:\/\/www.jojoenherbe.com\/index.php\/wp-json\/wp\/v2\/users\/1"}],"replies":[{"embeddable":true,"href":"https:\/\/www.jojoenherbe.com\/index.php\/wp-json\/wp\/v2\/comments?post=12558"}],"version-history":[{"count":0,"href":"https:\/\/www.jojoenherbe.com\/index.php\/wp-json\/wp\/v2\/posts\/12558\/revisions"}],"wp:featuredmedia":[{"embeddable":true,"href":"https:\/\/www.jojoenherbe.com\/index.php\/wp-json\/wp\/v2\/media\/12561"}],"wp:attachment":[{"href":"https:\/\/www.jojoenherbe.com\/index.php\/wp-json\/wp\/v2\/media?parent=12558"}],"wp:term":[{"taxonomy":"category","embeddable":true,"href":"https:\/\/www.jojoenherbe.com\/index.php\/wp-json\/wp\/v2\/categories?post=12558"},{"taxonomy":"post_tag","embeddable":true,"href":"https:\/\/www.jojoenherbe.com\/index.php\/wp-json\/wp\/v2\/tags?post=12558"}],"curies":[{"name":"wp","href":"https:\/\/api.w.org\/{rel}","templated":true}]}}