{"id":12520,"date":"2020-09-28T15:46:29","date_gmt":"2020-09-28T13:46:29","guid":{"rendered":"http:\/\/www.jojoenherbe.com\/?p=12520"},"modified":"2020-09-28T16:03:21","modified_gmt":"2020-09-28T14:03:21","slug":"au-fil-des-pages-avec-ciao-dans-les-bois","status":"publish","type":"post","link":"https:\/\/www.jojoenherbe.com\/index.php\/2020\/09\/28\/au-fil-des-pages-avec-ciao-dans-les-bois\/","title":{"rendered":"Au fil des pages avec Ciao dans les bois"},"content":{"rendered":"<p style=\"text-align: justify;\"><em><a href=\"https:\/\/i0.wp.com\/www.jojoenherbe.com\/wp-content\/uploads\/2020\/09\/Ciao-dans-les-bois-2-scaled.jpg\"><img data-recalc-dims=\"1\" loading=\"lazy\" decoding=\"async\" data-attachment-id=\"12521\" data-permalink=\"https:\/\/www.jojoenherbe.com\/index.php\/2020\/09\/28\/au-fil-des-pages-avec-ciao-dans-les-bois\/ciao-dans-les-bois-2\/\" data-orig-file=\"https:\/\/i0.wp.com\/www.jojoenherbe.com\/wp-content\/uploads\/2020\/09\/Ciao-dans-les-bois-2-scaled.jpg?fit=2560%2C1920&amp;ssl=1\" data-orig-size=\"2560,1920\" data-comments-opened=\"1\" data-image-meta=\"{&quot;aperture&quot;:&quot;1.8&quot;,&quot;credit&quot;:&quot;&quot;,&quot;camera&quot;:&quot;iPhone 7&quot;,&quot;caption&quot;:&quot;&quot;,&quot;created_timestamp&quot;:&quot;1601291388&quot;,&quot;copyright&quot;:&quot;&quot;,&quot;focal_length&quot;:&quot;3.99&quot;,&quot;iso&quot;:&quot;100&quot;,&quot;shutter_speed&quot;:&quot;0.1&quot;,&quot;title&quot;:&quot;&quot;,&quot;orientation&quot;:&quot;1&quot;}\" data-image-title=\"Ciao dans les bois 2\" data-image-description=\"\" data-image-caption=\"\" data-large-file=\"https:\/\/i0.wp.com\/www.jojoenherbe.com\/wp-content\/uploads\/2020\/09\/Ciao-dans-les-bois-2-scaled.jpg?fit=676%2C507&amp;ssl=1\" class=\"alignleft size-thumbnail wp-image-12521\" src=\"https:\/\/i0.wp.com\/www.jojoenherbe.com\/wp-content\/uploads\/2020\/09\/Ciao-dans-les-bois-2.jpg?resize=150%2C150\" alt=\"\" width=\"150\" height=\"150\" srcset=\"https:\/\/i0.wp.com\/www.jojoenherbe.com\/wp-content\/uploads\/2020\/09\/Ciao-dans-les-bois-2-scaled.jpg?resize=150%2C150&amp;ssl=1 150w, https:\/\/i0.wp.com\/www.jojoenherbe.com\/wp-content\/uploads\/2020\/09\/Ciao-dans-les-bois-2-scaled.jpg?zoom=2&amp;resize=150%2C150 300w, https:\/\/i0.wp.com\/www.jojoenherbe.com\/wp-content\/uploads\/2020\/09\/Ciao-dans-les-bois-2-scaled.jpg?zoom=3&amp;resize=150%2C150 450w\" sizes=\"auto, (max-width: 150px) 100vw, 150px\" \/><\/a> <a href=\"https:\/\/i0.wp.com\/www.jojoenherbe.com\/wp-content\/uploads\/2020\/09\/Ciao-dans-les-bois-3-scaled.jpg\"><img data-recalc-dims=\"1\" loading=\"lazy\" decoding=\"async\" data-attachment-id=\"12522\" data-permalink=\"https:\/\/www.jojoenherbe.com\/index.php\/2020\/09\/28\/au-fil-des-pages-avec-ciao-dans-les-bois\/ciao-dans-les-bois-3\/\" data-orig-file=\"https:\/\/i0.wp.com\/www.jojoenherbe.com\/wp-content\/uploads\/2020\/09\/Ciao-dans-les-bois-3-scaled.jpg?fit=2560%2C1920&amp;ssl=1\" data-orig-size=\"2560,1920\" data-comments-opened=\"1\" data-image-meta=\"{&quot;aperture&quot;:&quot;1.8&quot;,&quot;credit&quot;:&quot;&quot;,&quot;camera&quot;:&quot;iPhone 7&quot;,&quot;caption&quot;:&quot;&quot;,&quot;created_timestamp&quot;:&quot;1601291414&quot;,&quot;copyright&quot;:&quot;&quot;,&quot;focal_length&quot;:&quot;3.99&quot;,&quot;iso&quot;:&quot;80&quot;,&quot;shutter_speed&quot;:&quot;0.16666666666667&quot;,&quot;title&quot;:&quot;&quot;,&quot;orientation&quot;:&quot;1&quot;}\" data-image-title=\"Ciao dans les bois 3\" data-image-description=\"\" data-image-caption=\"\" data-large-file=\"https:\/\/i0.wp.com\/www.jojoenherbe.com\/wp-content\/uploads\/2020\/09\/Ciao-dans-les-bois-3-scaled.jpg?fit=676%2C507&amp;ssl=1\" class=\"alignleft size-thumbnail wp-image-12522\" src=\"https:\/\/i0.wp.com\/www.jojoenherbe.com\/wp-content\/uploads\/2020\/09\/Ciao-dans-les-bois-3.jpg?resize=150%2C150\" alt=\"\" width=\"150\" height=\"150\" srcset=\"https:\/\/i0.wp.com\/www.jojoenherbe.com\/wp-content\/uploads\/2020\/09\/Ciao-dans-les-bois-3-scaled.jpg?resize=150%2C150&amp;ssl=1 150w, https:\/\/i0.wp.com\/www.jojoenherbe.com\/wp-content\/uploads\/2020\/09\/Ciao-dans-les-bois-3-scaled.jpg?zoom=2&amp;resize=150%2C150 300w, https:\/\/i0.wp.com\/www.jojoenherbe.com\/wp-content\/uploads\/2020\/09\/Ciao-dans-les-bois-3-scaled.jpg?zoom=3&amp;resize=150%2C150 450w\" sizes=\"auto, (max-width: 150px) 100vw, 150px\" \/><\/a>En attendant de balader nous aussi en for\u00eat cet automne, nous lisons <span style=\"text-decoration: underline;\">Ciao dans les bois<\/span> de Sarah Khoury (\u00e9d. P\u00e8re Fouettard, 2020), un album jeunesse pour les tout-petits \u00e0 partir de 2 ans. Apr\u00e8s la d\u00e9couverte des fonds marins dans <a href=\"http:\/\/www.jojoenherbe.com\/index.php\/2019\/10\/17\/au-fil-des-pages-avec-ciao-et-la-mer\/\"><span style=\"text-decoration: underline;\">Ciao et la mer<\/span><\/a>, nous partons explorer avec Ciao, un doudou lapin, la for\u00eat et les animaux qui la peuplent. Apr\u00e8s avoir poursuivi un \u00ab\u00a0papillon\u00a0\u00bb dans les bois, Ciao semble perdu. Arrivera-t-il \u00e0 retrouver son chemin?<br \/>\n<\/em><\/p>\n<p style=\"text-align: justify;\"><em>A l&rsquo;instar tant de la couverture pleine page que des pages de garde, les illustrations de Sarah Khoury sont magnifiques et nous plongent, avec beaucoup de po\u00e9sie et de douceur, dans cet incroyable d\u00e9cor automnal. Encore un coup de c\u0153ur avec cet album jeunesse! On ne peut que succomber au charme de Ciao. Et vous, pr\u00eat \u00e0 craquer aussi?<\/em><\/p>\n","protected":false},"excerpt":{"rendered":"<p>En attendant de balader nous aussi en for\u00eat cet automne, nous lisons Ciao dans les bois de Sarah Khoury (\u00e9d. P\u00e8re Fouettard, 2020), un album jeunesse pour les tout-petits \u00e0 partir de 2 ans. Apr\u00e8s la d\u00e9couverte des fonds marins dans Ciao et la mer, nous partons explorer avec Ciao, un doudou lapin, la for\u00eat [&hellip;]<\/p>\n","protected":false},"author":1,"featured_media":12523,"comment_status":"open","ping_status":"open","sticky":false,"template":"","format":"standard","meta":{"jetpack_post_was_ever_published":false,"_jetpack_newsletter_access":"","_jetpack_dont_email_post_to_subs":false,"_jetpack_newsletter_tier_id":0,"_jetpack_memberships_contains_paywalled_content":false,"_jetpack_memberships_contains_paid_content":false,"footnotes":""},"categories":[363],"tags":[786,787,409,808,321,22,408,1484,1277,222,1014,1810],"class_list":["post-12520","post","type-post","status-publish","format-standard","has-post-thumbnail","hentry","category-mini-lecteur","tag-0-3-ans","tag-2-5-ans","tag-albums-jeunesse","tag-animaux-de-la-foret","tag-automne","tag-balades","tag-doudou","tag-exploration","tag-foret","tag-lapin","tag-lectures-dautomne","tag-promenade","post-preview"],"jetpack_featured_media_url":"https:\/\/i0.wp.com\/www.jojoenherbe.com\/wp-content\/uploads\/2020\/09\/Ciao-dans-les-bois-scaled.jpg?fit=2560%2C1920&ssl=1","jetpack_sharing_enabled":true,"jetpack_shortlink":"https:\/\/wp.me\/p9zhGx-3fW","jetpack_likes_enabled":true,"jetpack-related-posts":[{"id":13580,"url":"https:\/\/www.jojoenherbe.com\/index.php\/2020\/11\/03\/nos-lectures-automnales-2020\/","url_meta":{"origin":12520,"position":0},"title":"Nos lectures automnales 2020","author":"Jojo","date":"3 novembre 2020","format":false,"excerpt":"En ce d\u00e9but du mois de novembre 2020, nous continuons nos lectures automnales, \u00e0 d\u00e9faut de pouvoir nous promener dans les parcs, jardins ou for\u00eats - second confinement oblige - et apr\u00e8s avoir pass\u00e9 un joli mois d'octobre halloweenesque. Ce sont pour la plupart des relectures des ann\u00e9es pr\u00e9c\u00e9dentes et\u2026","rel":"","context":"Dans &quot;Mini lecteur&quot;","block_context":{"text":"Mini lecteur","link":"https:\/\/www.jojoenherbe.com\/index.php\/category\/mini-lecteur\/"},"img":{"alt_text":"","src":"https:\/\/i0.wp.com\/www.jojoenherbe.com\/wp-content\/uploads\/2020\/11\/Lectures-automnales-scaled.jpg?fit=1200%2C881&ssl=1&resize=350%2C200","width":350,"height":200,"srcset":"https:\/\/i0.wp.com\/www.jojoenherbe.com\/wp-content\/uploads\/2020\/11\/Lectures-automnales-scaled.jpg?fit=1200%2C881&ssl=1&resize=350%2C200 1x, https:\/\/i0.wp.com\/www.jojoenherbe.com\/wp-content\/uploads\/2020\/11\/Lectures-automnales-scaled.jpg?fit=1200%2C881&ssl=1&resize=525%2C300 1.5x, https:\/\/i0.wp.com\/www.jojoenherbe.com\/wp-content\/uploads\/2020\/11\/Lectures-automnales-scaled.jpg?fit=1200%2C881&ssl=1&resize=700%2C400 2x, https:\/\/i0.wp.com\/www.jojoenherbe.com\/wp-content\/uploads\/2020\/11\/Lectures-automnales-scaled.jpg?fit=1200%2C881&ssl=1&resize=1050%2C600 3x"},"classes":[]},{"id":7789,"url":"https:\/\/www.jojoenherbe.com\/index.php\/2019\/10\/03\/au-fil-des-pages-avec-des-instruments-de-musique\/","url_meta":{"origin":12520,"position":1},"title":"Au fil des pages avec des instruments de musique","author":"Jojo","date":"3 octobre 2019","format":false,"excerpt":"Nous empruntons \u00e0 la biblioth\u00e8que deux albums jeunesse abordant le th\u00e8me de la musique et par suite des instruments de musique. Nous commen\u00e7ons par Le piano des bois de Kazuo Iwamura (\u00e9d. L'\u00e9cole des loisirs, 2006), un album jeunesse \u00e0 partir de 3 ans, et m\u00eame avant. Nous retrouvons toute\u2026","rel":"","context":"Dans &quot;Mini lecteur&quot;","block_context":{"text":"Mini lecteur","link":"https:\/\/www.jojoenherbe.com\/index.php\/category\/mini-lecteur\/"},"img":{"alt_text":"","src":"https:\/\/i0.wp.com\/www.jojoenherbe.com\/wp-content\/uploads\/2019\/10\/Le-piano-des-bois-Jaune-Kajou.jpg?fit=1200%2C724&ssl=1&resize=350%2C200","width":350,"height":200,"srcset":"https:\/\/i0.wp.com\/www.jojoenherbe.com\/wp-content\/uploads\/2019\/10\/Le-piano-des-bois-Jaune-Kajou.jpg?fit=1200%2C724&ssl=1&resize=350%2C200 1x, https:\/\/i0.wp.com\/www.jojoenherbe.com\/wp-content\/uploads\/2019\/10\/Le-piano-des-bois-Jaune-Kajou.jpg?fit=1200%2C724&ssl=1&resize=525%2C300 1.5x, https:\/\/i0.wp.com\/www.jojoenherbe.com\/wp-content\/uploads\/2019\/10\/Le-piano-des-bois-Jaune-Kajou.jpg?fit=1200%2C724&ssl=1&resize=700%2C400 2x, https:\/\/i0.wp.com\/www.jojoenherbe.com\/wp-content\/uploads\/2019\/10\/Le-piano-des-bois-Jaune-Kajou.jpg?fit=1200%2C724&ssl=1&resize=1050%2C600 3x"},"classes":[]},{"id":8118,"url":"https:\/\/www.jojoenherbe.com\/index.php\/2019\/10\/17\/au-fil-des-pages-avec-ciao-et-la-mer\/","url_meta":{"origin":12520,"position":2},"title":"Au fil des pages avec Ciao et la mer","author":"Jojo","date":"17 octobre 2019","format":false,"excerpt":"Nous lisons Ciao et la mer de Sarah Khoury (\u00e9d. P\u00e8re Fouettard, 2019), un album jeunesse pour les tout-petits. Nous plongeons avec Ciao, un lapin doudou, explorer les fonds marins \u00e0 la rencontre du peuple de la mer: poissons, requin et plein d'autres animaux fascinants. Que de po\u00e9sie dans ce\u2026","rel":"","context":"Dans &quot;Mini lecteur&quot;","block_context":{"text":"Mini lecteur","link":"https:\/\/www.jojoenherbe.com\/index.php\/category\/mini-lecteur\/"},"img":{"alt_text":"","src":"https:\/\/i0.wp.com\/www.jojoenherbe.com\/wp-content\/uploads\/2019\/10\/Ciao-et-la-mer.jpg?fit=1200%2C936&ssl=1&resize=350%2C200","width":350,"height":200,"srcset":"https:\/\/i0.wp.com\/www.jojoenherbe.com\/wp-content\/uploads\/2019\/10\/Ciao-et-la-mer.jpg?fit=1200%2C936&ssl=1&resize=350%2C200 1x, https:\/\/i0.wp.com\/www.jojoenherbe.com\/wp-content\/uploads\/2019\/10\/Ciao-et-la-mer.jpg?fit=1200%2C936&ssl=1&resize=525%2C300 1.5x, https:\/\/i0.wp.com\/www.jojoenherbe.com\/wp-content\/uploads\/2019\/10\/Ciao-et-la-mer.jpg?fit=1200%2C936&ssl=1&resize=700%2C400 2x, https:\/\/i0.wp.com\/www.jojoenherbe.com\/wp-content\/uploads\/2019\/10\/Ciao-et-la-mer.jpg?fit=1200%2C936&ssl=1&resize=1050%2C600 3x"},"classes":[]},{"id":28692,"url":"https:\/\/www.jojoenherbe.com\/index.php\/2023\/10\/03\/au-fil-des-pages-avec-au-bois-dormant\/","url_meta":{"origin":12520,"position":3},"title":"Au fil des pages avec Au bois dormant","author":"Jojo","date":"3 octobre 2023","format":false,"excerpt":"Nous relisons encore cet automne Au bois dormant de Karen Jameson et Marc Boutavant (\u00e9d. L'\u00e9cole des loisirs, 2020, r\u00e9\u00e9d. 2021, 32 pages), un album jeunesse \u00e0 partir de 3 ans et que nous avions eu avec l'abonnement Kilimax 2021\/2022. \u00c0 l'automne, alors que la nuit se couche dans les\u2026","rel":"","context":"Dans &quot;Mini lecteur&quot;","block_context":{"text":"Mini lecteur","link":"https:\/\/www.jojoenherbe.com\/index.php\/category\/mini-lecteur\/"},"img":{"alt_text":"","src":"https:\/\/i0.wp.com\/www.jojoenherbe.com\/wp-content\/uploads\/2023\/09\/Au-bois-dormant-scaled.jpg?fit=1200%2C834&ssl=1&resize=350%2C200","width":350,"height":200,"srcset":"https:\/\/i0.wp.com\/www.jojoenherbe.com\/wp-content\/uploads\/2023\/09\/Au-bois-dormant-scaled.jpg?fit=1200%2C834&ssl=1&resize=350%2C200 1x, https:\/\/i0.wp.com\/www.jojoenherbe.com\/wp-content\/uploads\/2023\/09\/Au-bois-dormant-scaled.jpg?fit=1200%2C834&ssl=1&resize=525%2C300 1.5x, https:\/\/i0.wp.com\/www.jojoenherbe.com\/wp-content\/uploads\/2023\/09\/Au-bois-dormant-scaled.jpg?fit=1200%2C834&ssl=1&resize=700%2C400 2x, https:\/\/i0.wp.com\/www.jojoenherbe.com\/wp-content\/uploads\/2023\/09\/Au-bois-dormant-scaled.jpg?fit=1200%2C834&ssl=1&resize=1050%2C600 3x"},"classes":[]},{"id":12433,"url":"https:\/\/www.jojoenherbe.com\/index.php\/2020\/09\/23\/au-fil-des-pages-avec-minusculette-en-automne\/","url_meta":{"origin":12520,"position":4},"title":"Au fil des pages avec Minusculette en automne","author":"Jojo","date":"23 septembre 2020","format":false,"excerpt":"Nous avons lu Minusculette en automne de Kimiko et Christine Davenier (\u00e9d. L'\u00e9cole des loisirs, coll. Loulou & Cie, septembre 2018, 28 pages), un album jeunesse cartonn\u00e9 pour les tout-petits, \u00e0 partir de 2 ans et que nous avons emprunt\u00e9 \u00e0 la m\u00e9diath\u00e8que. Par un jour d'automne, Minusculette la petite\u2026","rel":"","context":"Dans &quot;Mini lecteur&quot;","block_context":{"text":"Mini lecteur","link":"https:\/\/www.jojoenherbe.com\/index.php\/category\/mini-lecteur\/"},"img":{"alt_text":"","src":"https:\/\/i0.wp.com\/www.jojoenherbe.com\/wp-content\/uploads\/2020\/09\/Minusculette-en-automne-scaled.jpg?fit=1200%2C900&ssl=1&resize=350%2C200","width":350,"height":200,"srcset":"https:\/\/i0.wp.com\/www.jojoenherbe.com\/wp-content\/uploads\/2020\/09\/Minusculette-en-automne-scaled.jpg?fit=1200%2C900&ssl=1&resize=350%2C200 1x, https:\/\/i0.wp.com\/www.jojoenherbe.com\/wp-content\/uploads\/2020\/09\/Minusculette-en-automne-scaled.jpg?fit=1200%2C900&ssl=1&resize=525%2C300 1.5x, https:\/\/i0.wp.com\/www.jojoenherbe.com\/wp-content\/uploads\/2020\/09\/Minusculette-en-automne-scaled.jpg?fit=1200%2C900&ssl=1&resize=700%2C400 2x, https:\/\/i0.wp.com\/www.jojoenherbe.com\/wp-content\/uploads\/2020\/09\/Minusculette-en-automne-scaled.jpg?fit=1200%2C900&ssl=1&resize=1050%2C600 3x"},"classes":[]},{"id":20845,"url":"https:\/\/www.jojoenherbe.com\/index.php\/2021\/09\/22\/nos-lectures-automnales-2021\/","url_meta":{"origin":12520,"position":5},"title":"Nos lectures automnales 2021","author":"Jojo","date":"22 septembre 2021","format":false,"excerpt":"En ce premier jour d'automne 2021, je fais comme l'ann\u00e9e derni\u00e8re un billet th\u00e9matique sur nos lectures automnales pass\u00e9es, pr\u00e9sentes et \u00e0 venir. Voici donc notre s\u00e9lection qui \u00e9voluera au-fur-et-\u00e0-mesure de nos lectures, sans mentionner lorsqu'il s'agit de relectures des ann\u00e9es pr\u00e9c\u00e9dentes sauf lorsque je ne l'avais pas encore chroniqu\u00e9es\u2026","rel":"","context":"Dans &quot;Mini lecteur&quot;","block_context":{"text":"Mini lecteur","link":"https:\/\/www.jojoenherbe.com\/index.php\/category\/mini-lecteur\/"},"img":{"alt_text":"","src":"https:\/\/i0.wp.com\/www.jojoenherbe.com\/wp-content\/uploads\/2021\/09\/Nos-lectures-automnales-2021-scaled.jpg?fit=1200%2C862&ssl=1&resize=350%2C200","width":350,"height":200,"srcset":"https:\/\/i0.wp.com\/www.jojoenherbe.com\/wp-content\/uploads\/2021\/09\/Nos-lectures-automnales-2021-scaled.jpg?fit=1200%2C862&ssl=1&resize=350%2C200 1x, https:\/\/i0.wp.com\/www.jojoenherbe.com\/wp-content\/uploads\/2021\/09\/Nos-lectures-automnales-2021-scaled.jpg?fit=1200%2C862&ssl=1&resize=525%2C300 1.5x, https:\/\/i0.wp.com\/www.jojoenherbe.com\/wp-content\/uploads\/2021\/09\/Nos-lectures-automnales-2021-scaled.jpg?fit=1200%2C862&ssl=1&resize=700%2C400 2x, https:\/\/i0.wp.com\/www.jojoenherbe.com\/wp-content\/uploads\/2021\/09\/Nos-lectures-automnales-2021-scaled.jpg?fit=1200%2C862&ssl=1&resize=1050%2C600 3x"},"classes":[]}],"_links":{"self":[{"href":"https:\/\/www.jojoenherbe.com\/index.php\/wp-json\/wp\/v2\/posts\/12520","targetHints":{"allow":["GET"]}}],"collection":[{"href":"https:\/\/www.jojoenherbe.com\/index.php\/wp-json\/wp\/v2\/posts"}],"about":[{"href":"https:\/\/www.jojoenherbe.com\/index.php\/wp-json\/wp\/v2\/types\/post"}],"author":[{"embeddable":true,"href":"https:\/\/www.jojoenherbe.com\/index.php\/wp-json\/wp\/v2\/users\/1"}],"replies":[{"embeddable":true,"href":"https:\/\/www.jojoenherbe.com\/index.php\/wp-json\/wp\/v2\/comments?post=12520"}],"version-history":[{"count":0,"href":"https:\/\/www.jojoenherbe.com\/index.php\/wp-json\/wp\/v2\/posts\/12520\/revisions"}],"wp:featuredmedia":[{"embeddable":true,"href":"https:\/\/www.jojoenherbe.com\/index.php\/wp-json\/wp\/v2\/media\/12523"}],"wp:attachment":[{"href":"https:\/\/www.jojoenherbe.com\/index.php\/wp-json\/wp\/v2\/media?parent=12520"}],"wp:term":[{"taxonomy":"category","embeddable":true,"href":"https:\/\/www.jojoenherbe.com\/index.php\/wp-json\/wp\/v2\/categories?post=12520"},{"taxonomy":"post_tag","embeddable":true,"href":"https:\/\/www.jojoenherbe.com\/index.php\/wp-json\/wp\/v2\/tags?post=12520"}],"curies":[{"name":"wp","href":"https:\/\/api.w.org\/{rel}","templated":true}]}}