{"id":12433,"date":"2020-09-23T16:22:30","date_gmt":"2020-09-23T14:22:30","guid":{"rendered":"http:\/\/www.jojoenherbe.com\/?p=12433"},"modified":"2025-10-31T09:39:59","modified_gmt":"2025-10-31T08:39:59","slug":"au-fil-des-pages-avec-minusculette-en-automne","status":"publish","type":"post","link":"https:\/\/www.jojoenherbe.com\/index.php\/2020\/09\/23\/au-fil-des-pages-avec-minusculette-en-automne\/","title":{"rendered":"Au fil des pages avec Minusculette en automne"},"content":{"rendered":"<p style=\"text-align: justify;\"><em><a href=\"https:\/\/i0.wp.com\/www.jojoenherbe.com\/wp-content\/uploads\/2020\/09\/Minusculette-en-automne-3-scaled.jpg\"><img data-recalc-dims=\"1\" loading=\"lazy\" decoding=\"async\" data-attachment-id=\"12436\" data-permalink=\"https:\/\/www.jojoenherbe.com\/index.php\/2020\/09\/23\/au-fil-des-pages-avec-minusculette-en-automne\/minusculette-en-automne-3\/\" data-orig-file=\"https:\/\/i0.wp.com\/www.jojoenherbe.com\/wp-content\/uploads\/2020\/09\/Minusculette-en-automne-3-scaled.jpg?fit=2560%2C1920&amp;ssl=1\" data-orig-size=\"2560,1920\" data-comments-opened=\"1\" data-image-meta=\"{&quot;aperture&quot;:&quot;1.8&quot;,&quot;credit&quot;:&quot;&quot;,&quot;camera&quot;:&quot;iPhone 7&quot;,&quot;caption&quot;:&quot;&quot;,&quot;created_timestamp&quot;:&quot;1600875497&quot;,&quot;copyright&quot;:&quot;&quot;,&quot;focal_length&quot;:&quot;3.99&quot;,&quot;iso&quot;:&quot;50&quot;,&quot;shutter_speed&quot;:&quot;0.058823529411765&quot;,&quot;title&quot;:&quot;&quot;,&quot;orientation&quot;:&quot;1&quot;}\" data-image-title=\"Minusculette en automne 3\" data-image-description=\"\" data-image-caption=\"\" data-large-file=\"https:\/\/i0.wp.com\/www.jojoenherbe.com\/wp-content\/uploads\/2020\/09\/Minusculette-en-automne-3-scaled.jpg?fit=676%2C507&amp;ssl=1\" class=\"alignleft size-thumbnail wp-image-12436\" src=\"https:\/\/i0.wp.com\/www.jojoenherbe.com\/wp-content\/uploads\/2020\/09\/Minusculette-en-automne-3.jpg?resize=150%2C150\" alt=\"\" width=\"150\" height=\"150\" srcset=\"https:\/\/i0.wp.com\/www.jojoenherbe.com\/wp-content\/uploads\/2020\/09\/Minusculette-en-automne-3-scaled.jpg?resize=150%2C150&amp;ssl=1 150w, https:\/\/i0.wp.com\/www.jojoenherbe.com\/wp-content\/uploads\/2020\/09\/Minusculette-en-automne-3-scaled.jpg?zoom=2&amp;resize=150%2C150 300w, https:\/\/i0.wp.com\/www.jojoenherbe.com\/wp-content\/uploads\/2020\/09\/Minusculette-en-automne-3-scaled.jpg?zoom=3&amp;resize=150%2C150 450w\" sizes=\"auto, (max-width: 150px) 100vw, 150px\" \/><\/a> <a href=\"https:\/\/i0.wp.com\/www.jojoenherbe.com\/wp-content\/uploads\/2020\/09\/Minusculette-en-automne-4-scaled.jpg\"><img data-recalc-dims=\"1\" loading=\"lazy\" decoding=\"async\" data-attachment-id=\"12437\" data-permalink=\"https:\/\/www.jojoenherbe.com\/index.php\/2020\/09\/23\/au-fil-des-pages-avec-minusculette-en-automne\/minusculette-en-automne-4\/\" data-orig-file=\"https:\/\/i0.wp.com\/www.jojoenherbe.com\/wp-content\/uploads\/2020\/09\/Minusculette-en-automne-4-scaled.jpg?fit=2560%2C1920&amp;ssl=1\" data-orig-size=\"2560,1920\" data-comments-opened=\"1\" data-image-meta=\"{&quot;aperture&quot;:&quot;1.8&quot;,&quot;credit&quot;:&quot;&quot;,&quot;camera&quot;:&quot;iPhone 7&quot;,&quot;caption&quot;:&quot;&quot;,&quot;created_timestamp&quot;:&quot;1600875527&quot;,&quot;copyright&quot;:&quot;&quot;,&quot;focal_length&quot;:&quot;3.99&quot;,&quot;iso&quot;:&quot;40&quot;,&quot;shutter_speed&quot;:&quot;0.058823529411765&quot;,&quot;title&quot;:&quot;&quot;,&quot;orientation&quot;:&quot;1&quot;}\" data-image-title=\"Minusculette en automne 4\" data-image-description=\"\" data-image-caption=\"\" data-large-file=\"https:\/\/i0.wp.com\/www.jojoenherbe.com\/wp-content\/uploads\/2020\/09\/Minusculette-en-automne-4-scaled.jpg?fit=676%2C507&amp;ssl=1\" class=\"alignleft size-thumbnail wp-image-12437\" src=\"https:\/\/i0.wp.com\/www.jojoenherbe.com\/wp-content\/uploads\/2020\/09\/Minusculette-en-automne-4.jpg?resize=150%2C150\" alt=\"\" width=\"150\" height=\"150\" srcset=\"https:\/\/i0.wp.com\/www.jojoenherbe.com\/wp-content\/uploads\/2020\/09\/Minusculette-en-automne-4-scaled.jpg?resize=150%2C150&amp;ssl=1 150w, https:\/\/i0.wp.com\/www.jojoenherbe.com\/wp-content\/uploads\/2020\/09\/Minusculette-en-automne-4-scaled.jpg?zoom=2&amp;resize=150%2C150 300w, https:\/\/i0.wp.com\/www.jojoenherbe.com\/wp-content\/uploads\/2020\/09\/Minusculette-en-automne-4-scaled.jpg?zoom=3&amp;resize=150%2C150 450w\" sizes=\"auto, (max-width: 150px) 100vw, 150px\" \/><\/a>Nous avons lu <span style=\"text-decoration: underline;\">Minusculette en automne<\/span> de Kimiko et Christine Davenier (\u00e9d. L&rsquo;\u00e9cole des loisirs, coll. Loulou &amp; Cie, septembre 2018, 28 pages), un album jeunesse cartonn\u00e9 pour les tout-petits, \u00e0 partir de 2 ans et que nous avons emprunt\u00e9 \u00e0 la m\u00e9diath\u00e8que. Par un jour d&rsquo;automne, Minusculette la petite f\u00e9e se prom\u00e8ne dans la for\u00eat lorsqu&rsquo;elle rencontre Maurice, un muscardin en pleurs d&rsquo;avoir perdu ses fr\u00e8res et s\u0153urs. Arriveront-ils \u00e0 les retrouver? En chemin, il croise la route de Gustave le tamia qui pr\u00e9pare ses r\u00e9serves pour l&rsquo;hiver.\u00a0<\/em><\/p>\n<p style=\"text-align: justify;\"><em><a href=\"https:\/\/i0.wp.com\/www.jojoenherbe.com\/wp-content\/uploads\/2020\/09\/Minusculette-en-automne-2-scaled.jpg\"><img data-recalc-dims=\"1\" loading=\"lazy\" decoding=\"async\" data-attachment-id=\"12435\" data-permalink=\"https:\/\/www.jojoenherbe.com\/index.php\/2020\/09\/23\/au-fil-des-pages-avec-minusculette-en-automne\/minusculette-en-automne-2\/\" data-orig-file=\"https:\/\/i0.wp.com\/www.jojoenherbe.com\/wp-content\/uploads\/2020\/09\/Minusculette-en-automne-2-scaled.jpg?fit=2560%2C1920&amp;ssl=1\" data-orig-size=\"2560,1920\" data-comments-opened=\"1\" data-image-meta=\"{&quot;aperture&quot;:&quot;1.8&quot;,&quot;credit&quot;:&quot;&quot;,&quot;camera&quot;:&quot;iPhone 7&quot;,&quot;caption&quot;:&quot;&quot;,&quot;created_timestamp&quot;:&quot;1600875460&quot;,&quot;copyright&quot;:&quot;&quot;,&quot;focal_length&quot;:&quot;3.99&quot;,&quot;iso&quot;:&quot;40&quot;,&quot;shutter_speed&quot;:&quot;0.058823529411765&quot;,&quot;title&quot;:&quot;&quot;,&quot;orientation&quot;:&quot;1&quot;}\" data-image-title=\"Minusculette en automne 2\" data-image-description=\"\" data-image-caption=\"\" data-large-file=\"https:\/\/i0.wp.com\/www.jojoenherbe.com\/wp-content\/uploads\/2020\/09\/Minusculette-en-automne-2-scaled.jpg?fit=676%2C507&amp;ssl=1\" class=\"size-thumbnail wp-image-12435 alignright\" src=\"https:\/\/i0.wp.com\/www.jojoenherbe.com\/wp-content\/uploads\/2020\/09\/Minusculette-en-automne-2.jpg?resize=150%2C150\" alt=\"\" width=\"150\" height=\"150\" srcset=\"https:\/\/i0.wp.com\/www.jojoenherbe.com\/wp-content\/uploads\/2020\/09\/Minusculette-en-automne-2-scaled.jpg?resize=150%2C150&amp;ssl=1 150w, https:\/\/i0.wp.com\/www.jojoenherbe.com\/wp-content\/uploads\/2020\/09\/Minusculette-en-automne-2-scaled.jpg?zoom=2&amp;resize=150%2C150 300w, https:\/\/i0.wp.com\/www.jojoenherbe.com\/wp-content\/uploads\/2020\/09\/Minusculette-en-automne-2-scaled.jpg?zoom=3&amp;resize=150%2C150 450w\" sizes=\"auto, (max-width: 150px) 100vw, 150px\" \/><\/a>Les illustrations de Christine Davenier sont toutes douces et automnales, \u00e0 l&rsquo;image de la tr\u00e8s jolie page de garde. Un tr\u00e8s bon moment de lecture avec Minusculette et cette jolie histoire d&rsquo;entraide! C&rsquo;est \u00e9galement l&rsquo;occasion d&rsquo;en apprendre un peu plus sur le muscardin, petit animal qui ressemble \u00e0 une souris et qui hiberne. Nous revoyons \u00e9galement la fa\u00e7on dont les animaux de la for\u00eat pr\u00e9parent l&rsquo;arriv\u00e9e de l&rsquo;hiver. A noter que les aventures de Minusculette se d\u00e9cline selon les saisons. <\/em><\/p>\n<p><em>Pour d&rsquo;autres avis sur cet album jeunesse: <a href=\"https:\/\/chatperlitpopette.wordpress.com\/2025\/10\/30\/minusculette-en-automne\/\">Katell<\/a>.<\/em><\/p>\n","protected":false},"excerpt":{"rendered":"<p>Nous avons lu Minusculette en automne de Kimiko et Christine Davenier (\u00e9d. L&rsquo;\u00e9cole des loisirs, coll. Loulou &amp; Cie, septembre 2018, 28 pages), un album jeunesse cartonn\u00e9 pour les tout-petits, \u00e0 partir de 2 ans et que nous avons emprunt\u00e9 \u00e0 la m\u00e9diath\u00e8que. Par un jour d&rsquo;automne, Minusculette la petite f\u00e9e se prom\u00e8ne dans la [&hellip;]<\/p>\n","protected":false},"author":1,"featured_media":12438,"comment_status":"open","ping_status":"open","sticky":false,"template":"","format":"standard","meta":{"jetpack_post_was_ever_published":false,"_jetpack_newsletter_access":"","_jetpack_dont_email_post_to_subs":false,"_jetpack_newsletter_tier_id":0,"_jetpack_memberships_contains_paywalled_content":false,"_jetpack_memberships_contains_paid_content":false,"footnotes":""},"categories":[363],"tags":[787,409,386,321,1792,390,459,912,1277,811,741,1472,367,1014,1791,1793,543,2107,796],"class_list":["post-12433","post","type-post","status-publish","format-standard","has-post-thumbnail","hentry","category-mini-lecteur","tag-2-5-ans","tag-albums-jeunesse","tag-amitie","tag-automne","tag-christine-davenier","tag-entraide","tag-famille","tag-fee","tag-foret","tag-fratrie","tag-hibernation","tag-kimiko","tag-lecture-jeunesse","tag-lectures-dautomne","tag-minusculette","tag-muscardin","tag-nature","tag-tamia","tag-tristesse","post-preview"],"jetpack_featured_media_url":"https:\/\/i0.wp.com\/www.jojoenherbe.com\/wp-content\/uploads\/2020\/09\/Minusculette-en-automne-scaled.jpg?fit=2560%2C1920&ssl=1","jetpack_sharing_enabled":true,"jetpack_shortlink":"https:\/\/wp.me\/p9zhGx-3ex","jetpack_likes_enabled":true,"jetpack-related-posts":[{"id":15219,"url":"https:\/\/www.jojoenherbe.com\/index.php\/2021\/01\/19\/au-fil-des-pages-avec-minusculette-en-hiver\/","url_meta":{"origin":12433,"position":0},"title":"Au fil des pages avec Minusculette en hiver","author":"Jojo","date":"19 janvier 2021","format":false,"excerpt":"Apr\u00e8s avoir lu Minusculette en automne, nous empruntons \u00e0 la m\u00e9diath\u00e8que Minusculette en hiver de Kimiko et Christine Davenier (\u00e9d. L\u2019\u00e9cole des loisirs, coll. Loulou & Cie, 2017), un album jeunesse pour les tout-petits, \u00e0 partir de 2 ans. Un matin d'hiver, les animaux de la for\u00eat sont heureux de\u2026","rel":"","context":"Dans &quot;Mini lecteur&quot;","block_context":{"text":"Mini lecteur","link":"https:\/\/www.jojoenherbe.com\/index.php\/category\/mini-lecteur\/"},"img":{"alt_text":"","src":"https:\/\/i0.wp.com\/www.jojoenherbe.com\/wp-content\/uploads\/2021\/01\/Minusculette-en-hiver-scaled.jpg?fit=1200%2C916&ssl=1&resize=350%2C200","width":350,"height":200,"srcset":"https:\/\/i0.wp.com\/www.jojoenherbe.com\/wp-content\/uploads\/2021\/01\/Minusculette-en-hiver-scaled.jpg?fit=1200%2C916&ssl=1&resize=350%2C200 1x, https:\/\/i0.wp.com\/www.jojoenherbe.com\/wp-content\/uploads\/2021\/01\/Minusculette-en-hiver-scaled.jpg?fit=1200%2C916&ssl=1&resize=525%2C300 1.5x, https:\/\/i0.wp.com\/www.jojoenherbe.com\/wp-content\/uploads\/2021\/01\/Minusculette-en-hiver-scaled.jpg?fit=1200%2C916&ssl=1&resize=700%2C400 2x, https:\/\/i0.wp.com\/www.jojoenherbe.com\/wp-content\/uploads\/2021\/01\/Minusculette-en-hiver-scaled.jpg?fit=1200%2C916&ssl=1&resize=1050%2C600 3x"},"classes":[]},{"id":13580,"url":"https:\/\/www.jojoenherbe.com\/index.php\/2020\/11\/03\/nos-lectures-automnales-2020\/","url_meta":{"origin":12433,"position":1},"title":"Nos lectures automnales 2020","author":"Jojo","date":"3 novembre 2020","format":false,"excerpt":"En ce d\u00e9but du mois de novembre 2020, nous continuons nos lectures automnales, \u00e0 d\u00e9faut de pouvoir nous promener dans les parcs, jardins ou for\u00eats - second confinement oblige - et apr\u00e8s avoir pass\u00e9 un joli mois d'octobre halloweenesque. Ce sont pour la plupart des relectures des ann\u00e9es pr\u00e9c\u00e9dentes et\u2026","rel":"","context":"Dans &quot;Mini lecteur&quot;","block_context":{"text":"Mini lecteur","link":"https:\/\/www.jojoenherbe.com\/index.php\/category\/mini-lecteur\/"},"img":{"alt_text":"","src":"https:\/\/i0.wp.com\/www.jojoenherbe.com\/wp-content\/uploads\/2020\/11\/Lectures-automnales-scaled.jpg?fit=1200%2C881&ssl=1&resize=350%2C200","width":350,"height":200,"srcset":"https:\/\/i0.wp.com\/www.jojoenherbe.com\/wp-content\/uploads\/2020\/11\/Lectures-automnales-scaled.jpg?fit=1200%2C881&ssl=1&resize=350%2C200 1x, https:\/\/i0.wp.com\/www.jojoenherbe.com\/wp-content\/uploads\/2020\/11\/Lectures-automnales-scaled.jpg?fit=1200%2C881&ssl=1&resize=525%2C300 1.5x, https:\/\/i0.wp.com\/www.jojoenherbe.com\/wp-content\/uploads\/2020\/11\/Lectures-automnales-scaled.jpg?fit=1200%2C881&ssl=1&resize=700%2C400 2x, https:\/\/i0.wp.com\/www.jojoenherbe.com\/wp-content\/uploads\/2020\/11\/Lectures-automnales-scaled.jpg?fit=1200%2C881&ssl=1&resize=1050%2C600 3x"},"classes":[]},{"id":31495,"url":"https:\/\/www.jojoenherbe.com\/index.php\/2023\/08\/14\/point-lecture-hebdomadaire-2023-32\/","url_meta":{"origin":12433,"position":2},"title":"Point lecture hebdomadaire 2023 #32","author":"Jojo","date":"14 ao\u00fbt 2023","format":false,"excerpt":"En ce d\u00e9but de semaine, voici notre point lecture hebdomadaire avec un retour sur nos lectures de la semaine derni\u00e8re (mais pas nos relectures). Nos lectures du 7 au 13 ao\u00fbt 2023: Des lectures jeunesse: (Album jeunesse) Minusculette et les petits fant\u00f4mes japonais de Kimiko et Christine Davenier Nous avons\u2026","rel":"","context":"Dans &quot;Mini blogueur&quot;","block_context":{"text":"Mini blogueur","link":"https:\/\/www.jojoenherbe.com\/index.php\/category\/mini-blogueur\/"},"img":{"alt_text":"","src":"https:\/\/i0.wp.com\/www.jojoenherbe.com\/wp-content\/uploads\/2023\/08\/Minusculette-et-les-petits-fantomes-japonais-150x150.jpg?resize=350%2C200","width":350,"height":200},"classes":[]},{"id":12520,"url":"https:\/\/www.jojoenherbe.com\/index.php\/2020\/09\/28\/au-fil-des-pages-avec-ciao-dans-les-bois\/","url_meta":{"origin":12433,"position":3},"title":"Au fil des pages avec Ciao dans les bois","author":"Jojo","date":"28 septembre 2020","format":false,"excerpt":"En attendant de balader nous aussi en for\u00eat cet automne, nous lisons Ciao dans les bois de Sarah Khoury (\u00e9d. P\u00e8re Fouettard, 2020), un album jeunesse pour les tout-petits \u00e0 partir de 2 ans. Apr\u00e8s la d\u00e9couverte des fonds marins dans Ciao et la mer, nous partons explorer avec Ciao,\u2026","rel":"","context":"Dans &quot;Mini lecteur&quot;","block_context":{"text":"Mini lecteur","link":"https:\/\/www.jojoenherbe.com\/index.php\/category\/mini-lecteur\/"},"img":{"alt_text":"","src":"https:\/\/i0.wp.com\/www.jojoenherbe.com\/wp-content\/uploads\/2020\/09\/Ciao-dans-les-bois-scaled.jpg?fit=1200%2C900&ssl=1&resize=350%2C200","width":350,"height":200,"srcset":"https:\/\/i0.wp.com\/www.jojoenherbe.com\/wp-content\/uploads\/2020\/09\/Ciao-dans-les-bois-scaled.jpg?fit=1200%2C900&ssl=1&resize=350%2C200 1x, https:\/\/i0.wp.com\/www.jojoenherbe.com\/wp-content\/uploads\/2020\/09\/Ciao-dans-les-bois-scaled.jpg?fit=1200%2C900&ssl=1&resize=525%2C300 1.5x, https:\/\/i0.wp.com\/www.jojoenherbe.com\/wp-content\/uploads\/2020\/09\/Ciao-dans-les-bois-scaled.jpg?fit=1200%2C900&ssl=1&resize=700%2C400 2x, https:\/\/i0.wp.com\/www.jojoenherbe.com\/wp-content\/uploads\/2020\/09\/Ciao-dans-les-bois-scaled.jpg?fit=1200%2C900&ssl=1&resize=1050%2C600 3x"},"classes":[]},{"id":8516,"url":"https:\/\/www.jojoenherbe.com\/index.php\/2019\/11\/20\/au-fil-des-pages-avec-un-automne-avec-pop\/","url_meta":{"origin":12433,"position":4},"title":"Au fil des pages avec Un automne avec Pop","author":"Jojo","date":"20 novembre 2019","format":false,"excerpt":"En ce mois de novembre bien pluvieux, nous lisons une nouvelle histoire de Pop et ses amis : Un automne avec Pop de Pierrick Bisinski et Alex Sanders (\u00e9d. L'\u00e9cole des loisirs, coll. Loulou & Cie, 2019), un album jeunesse pour les tout-petits. Nous retrouvons Pop, le dinosaure multicolore et\u2026","rel":"","context":"Dans &quot;Mini lecteur&quot;","block_context":{"text":"Mini lecteur","link":"https:\/\/www.jojoenherbe.com\/index.php\/category\/mini-lecteur\/"},"img":{"alt_text":"","src":"https:\/\/i0.wp.com\/www.jojoenherbe.com\/wp-content\/uploads\/2019\/11\/Un-automne-avec-Pop-scaled.jpg?fit=1200%2C981&ssl=1&resize=350%2C200","width":350,"height":200,"srcset":"https:\/\/i0.wp.com\/www.jojoenherbe.com\/wp-content\/uploads\/2019\/11\/Un-automne-avec-Pop-scaled.jpg?fit=1200%2C981&ssl=1&resize=350%2C200 1x, https:\/\/i0.wp.com\/www.jojoenherbe.com\/wp-content\/uploads\/2019\/11\/Un-automne-avec-Pop-scaled.jpg?fit=1200%2C981&ssl=1&resize=525%2C300 1.5x, https:\/\/i0.wp.com\/www.jojoenherbe.com\/wp-content\/uploads\/2019\/11\/Un-automne-avec-Pop-scaled.jpg?fit=1200%2C981&ssl=1&resize=700%2C400 2x, https:\/\/i0.wp.com\/www.jojoenherbe.com\/wp-content\/uploads\/2019\/11\/Un-automne-avec-Pop-scaled.jpg?fit=1200%2C981&ssl=1&resize=1050%2C600 3x"},"classes":[]},{"id":21666,"url":"https:\/\/www.jojoenherbe.com\/index.php\/2022\/02\/18\/au-fil-des-pages-avec-cours-vite-basile\/","url_meta":{"origin":12433,"position":5},"title":"Au fil des pages avec Cours vite, Basile!","author":"Jojo","date":"18 f\u00e9vrier 2022","format":false,"excerpt":"\u00c0 l'automne dernier, nous avons lu Cours vite, Basile! d'Udo Weigelt et Svjetlan Junakovic (\u00e9d. Tourbillon, 2007), un album jeunesse \u00e0 partir de 4 ans. Un jour d'automne, Basile un lapin blanc se perd dans la for\u00eat. Il est alors malicieusement aid\u00e9 par un renard puis d'autres pr\u00e9dateurs \u00e0 retrouver\u2026","rel":"","context":"Dans &quot;Mini lecteur&quot;","block_context":{"text":"Mini lecteur","link":"https:\/\/www.jojoenherbe.com\/index.php\/category\/mini-lecteur\/"},"img":{"alt_text":"","src":"https:\/\/i0.wp.com\/www.jojoenherbe.com\/wp-content\/uploads\/2022\/02\/Cours-vite-Basile-scaled.jpg?fit=1200%2C732&ssl=1&resize=350%2C200","width":350,"height":200,"srcset":"https:\/\/i0.wp.com\/www.jojoenherbe.com\/wp-content\/uploads\/2022\/02\/Cours-vite-Basile-scaled.jpg?fit=1200%2C732&ssl=1&resize=350%2C200 1x, https:\/\/i0.wp.com\/www.jojoenherbe.com\/wp-content\/uploads\/2022\/02\/Cours-vite-Basile-scaled.jpg?fit=1200%2C732&ssl=1&resize=525%2C300 1.5x, https:\/\/i0.wp.com\/www.jojoenherbe.com\/wp-content\/uploads\/2022\/02\/Cours-vite-Basile-scaled.jpg?fit=1200%2C732&ssl=1&resize=700%2C400 2x, https:\/\/i0.wp.com\/www.jojoenherbe.com\/wp-content\/uploads\/2022\/02\/Cours-vite-Basile-scaled.jpg?fit=1200%2C732&ssl=1&resize=1050%2C600 3x"},"classes":[]}],"_links":{"self":[{"href":"https:\/\/www.jojoenherbe.com\/index.php\/wp-json\/wp\/v2\/posts\/12433","targetHints":{"allow":["GET"]}}],"collection":[{"href":"https:\/\/www.jojoenherbe.com\/index.php\/wp-json\/wp\/v2\/posts"}],"about":[{"href":"https:\/\/www.jojoenherbe.com\/index.php\/wp-json\/wp\/v2\/types\/post"}],"author":[{"embeddable":true,"href":"https:\/\/www.jojoenherbe.com\/index.php\/wp-json\/wp\/v2\/users\/1"}],"replies":[{"embeddable":true,"href":"https:\/\/www.jojoenherbe.com\/index.php\/wp-json\/wp\/v2\/comments?post=12433"}],"version-history":[{"count":1,"href":"https:\/\/www.jojoenherbe.com\/index.php\/wp-json\/wp\/v2\/posts\/12433\/revisions"}],"predecessor-version":[{"id":41121,"href":"https:\/\/www.jojoenherbe.com\/index.php\/wp-json\/wp\/v2\/posts\/12433\/revisions\/41121"}],"wp:featuredmedia":[{"embeddable":true,"href":"https:\/\/www.jojoenherbe.com\/index.php\/wp-json\/wp\/v2\/media\/12438"}],"wp:attachment":[{"href":"https:\/\/www.jojoenherbe.com\/index.php\/wp-json\/wp\/v2\/media?parent=12433"}],"wp:term":[{"taxonomy":"category","embeddable":true,"href":"https:\/\/www.jojoenherbe.com\/index.php\/wp-json\/wp\/v2\/categories?post=12433"},{"taxonomy":"post_tag","embeddable":true,"href":"https:\/\/www.jojoenherbe.com\/index.php\/wp-json\/wp\/v2\/tags?post=12433"}],"curies":[{"name":"wp","href":"https:\/\/api.w.org\/{rel}","templated":true}]}}