{"id":12147,"date":"2020-09-11T10:15:43","date_gmt":"2020-09-11T08:15:43","guid":{"rendered":"http:\/\/www.jojoenherbe.com\/?p=12147"},"modified":"2026-02-17T11:17:16","modified_gmt":"2026-02-17T10:17:16","slug":"au-fil-des-pages-avec-la-ou-chantent-les-ecrevisses","status":"publish","type":"post","link":"https:\/\/www.jojoenherbe.com\/index.php\/2020\/09\/11\/au-fil-des-pages-avec-la-ou-chantent-les-ecrevisses\/","title":{"rendered":"Au fil des pages avec L\u00e0 o\u00f9 chantent les \u00e9crevisses"},"content":{"rendered":"<p style=\"text-align: justify;\"><em>J&rsquo;ai lu, lors du Mois Am\u00e9ricain 2020, <span style=\"text-decoration: underline;\">L\u00e0 o\u00f9 chantent les \u00e9crevisses<\/span> de Delia Owens (\u00e9d. du Seuil, janvier 2020, 480 pages), un premier roman que j&rsquo;avais d\u00e9j\u00e0 rep\u00e9r\u00e9 dans les sorties litt\u00e9raires de 2020 pour sa couverture et son titre intrigant. <\/em><em>L&rsquo;histoire d\u00e9bute par le d\u00e9c\u00e8s myst\u00e9rieux d&rsquo;un jeune homme, Chase Andrews, en 1969 au pied d&rsquo;une tour de guet dans les marais, \u00e0 c\u00f4t\u00e9 de la petite ville s\u00e9gr\u00e9gationniste de Barkley Cove, en Caroline du Nord. Puis retour dans le pass\u00e9, en 1952 avec l&rsquo;histoire d&rsquo;une jeune enfant de 6 ans, Kya abandonn\u00e9e par sa m\u00e8re Ma et laiss\u00e9e \u00e0 son p\u00e8re Pa, un homme alcoolique et violent, avec Jordie, l&rsquo;un de ses fr\u00e8res un peu plus \u00e2g\u00e9 qu&rsquo;elle et qui ne s&rsquo;est pas encore enfui, dans une cabane insalubre au fonds des marais.\u00a0<\/em><\/p>\n<p style=\"text-align: justify;\"><em>Les ann\u00e9es passent et \u00e0 10 ans, Kya se retrouve d\u00e9finitivement seule, apr\u00e8s le d\u00e9part de son p\u00e8re, trouvant ses seules ressources en elle-m\u00eame et dans les marais. Petit \u00e0 petit, gr\u00e2ce \u00e0 sa rencontre avec un\u00a0 gar\u00e7on un peu plus \u00e2g\u00e9 qu&rsquo;elle, Tate qui lui apprend \u00e0 lire et \u00e0 \u00e9crire, elle arrive \u00e0 trouver sa place dans les marais. Elle apprend ainsi les sciences et \u00e0 percer les myst\u00e8res de la faune et de la flore des marais, ramassant des plumes par exemple, r\u00e9pertoriant les coquillages ou champignons, observant et notant les comportements des animaux et\/ou en faisant des croquis ou des aquarelles, etc. <\/em><\/p>\n<p style=\"text-align: justify;\"><em>Mais la solitude continue de lui peser, ann\u00e9e apr\u00e8s ann\u00e9e, avec son lot d&rsquo;abandons comme lorsque Tate part \u00e0 l&rsquo;universit\u00e9 pour ses \u00e9tudes de biologiste et malgr\u00e9 la pr\u00e9sence maternante \u00e0 sa fa\u00e7on du couple de Noirs, Jumping et Mabel qui a veill\u00e9 sur elle, d&rsquo;autant que Kya reste pour la communaut\u00e9 blanche de Barkley Cove, la Fille des marais, cette sauvageonne pauvre et analphab\u00e8te. <\/em><em>Devenue une jeune femme, Kya cherche, malgr\u00e9 ses peurs et sa timidit\u00e9, \u00e0 rompre cette solitude en se laissant alors s\u00e9duire par Chase, leurs deux vies s&rsquo;entrem\u00ealant irr\u00e9m\u00e9diablement. Y a-t-il un lien entre cette toute jeune fille abandonn\u00e9e dans les marais et ce d\u00e9c\u00e8s survenu des ann\u00e9es plus tard et qui a tout l&rsquo;air d&rsquo;\u00eatre un meurtre?<br \/>\n<\/em><\/p>\n<p style=\"text-align: justify;\"><em>L&rsquo;autrice alterne entre des chapitres suivant le d\u00e9roulement de l&rsquo;enqu\u00eate sur le d\u00e9c\u00e8s de Chase et ceux consacr\u00e9s \u00e0 la vie de Kya dans les marais sur une vingtaine d&rsquo;ann\u00e9es. Je me laisse plong\u00e9e dans l&rsquo;atmosph\u00e8re si particuli\u00e8re des marais, dans cette Nature tour \u00e0 tour hostile et bienveillante. <\/em><em>Kya est une h\u00e9ro\u00efne tr\u00e8s attachante, tr\u00e8s forte malgr\u00e9 son jeune \u00e2ge et sa solitude et qui fait preuve d&rsquo;incroyables capacit\u00e9s d&rsquo;adaptation en arrivant \u00e0 trouver des moyens de survivre et de manger, son p\u00e8re lui ayant laiss\u00e9 un moyen de locomotion indispensable, une petite barque \u00e0 moteur. Kya arrivera-t-elle \u00e0 avoir ce petit bout de bonheur malgr\u00e9 tout? <\/em><em>Un bon voire tr\u00e8s bon moment de lecture avec ce roman m\u00e9langeant roman policier, roman initiatique, romance avec un trio amoureux et roman naturaliste! J&rsquo;aurai pu le choisir tant pour les journ\u00e9es \u00ab\u00a0Nature\u00a0\u00bb que \u00ab\u00a0First Ladies\u00a0\u00bb ou encore \u00ab\u00a0Roman policier\u00a0\u00bb, voire m\u00eame \u00ab\u00a0D\u00e9sir\u00a0\u00bb de ce Mois Am\u00e9ricain.<\/em><\/p>\n<p style=\"text-align: justify;\"><em>Pour d&rsquo;autres avis sur ce roman: <a href=\"http:\/\/tuvastabimerlesyeux.fr\/2020\/09\/03\/la-ou-chantent-les-ecrevisses-delia-owens\/\">Eva<\/a>, <a href=\"https:\/\/www.instagram.com\/p\/CEvz6U7qrbr\/\">Sabrina<\/a> et <a href=\"https:\/\/www.instagram.com\/p\/CEyVGHoKuzl\/\">Carine<\/a>.\u00a0<\/em><\/p>\n<div id=\"attachment_13989\" style=\"width: 134px\" class=\"wp-caption alignleft\"><img data-recalc-dims=\"1\" loading=\"lazy\" decoding=\"async\" aria-describedby=\"caption-attachment-13989\" class=\"  wp-image-13989\" src=\"https:\/\/plaisirsacultiver.files.wordpress.com\/2019\/07\/america.jpeg?w=462&#038;h=303&#038;fit=462%2C303&#038;resize=124%2C81\" sizes=\"auto, (max-width: 462px) 100vw, 462px\" srcset=\"https:\/\/plaisirsacultiver.files.wordpress.com\/2019\/07\/america.jpeg?w=462&amp;h=303 462w, https:\/\/plaisirsacultiver.files.wordpress.com\/2019\/07\/america.jpeg?w=150&amp;h=98 150w, https:\/\/plaisirsacultiver.files.wordpress.com\/2019\/07\/america.jpeg?w=300&amp;h=197 300w, https:\/\/plaisirsacultiver.files.wordpress.com\/2019\/07\/america.jpeg 505w\" alt=\"america\" width=\"124\" height=\"81\" data-attachment-id=\"13989\" data-permalink=\"https:\/\/plaisirsacultiver.com\/2019\/07\/10\/le-mois-americain-2019\/america-6\/#main\" data-orig-file=\"https:\/\/plaisirsacultiver.files.wordpress.com\/2019\/07\/america.jpeg\" data-orig-size=\"505,331\" data-comments-opened=\"1\" data-image-meta=\"{&quot;aperture&quot;:&quot;0&quot;,&quot;credit&quot;:&quot;&quot;,&quot;camera&quot;:&quot;&quot;,&quot;caption&quot;:&quot;&quot;,&quot;created_timestamp&quot;:&quot;0&quot;,&quot;copyright&quot;:&quot;&quot;,&quot;focal_length&quot;:&quot;0&quot;,&quot;iso&quot;:&quot;0&quot;,&quot;shutter_speed&quot;:&quot;0&quot;,&quot;title&quot;:&quot;&quot;,&quot;orientation&quot;:&quot;0&quot;}\" data-image-title=\"america\" data-image-description=\"\" data-medium-file=\"https:\/\/plaisirsacultiver.files.wordpress.com\/2019\/07\/america.jpeg?w=300\" data-large-file=\"https:\/\/plaisirsacultiver.files.wordpress.com\/2019\/07\/america.jpeg?w=505\" \/><p id=\"caption-attachment-13989\" class=\"wp-caption-text\"><a href=\"https:\/\/plaisirsacultiver.com\/2020\/07\/16\/le-mois-americain-2020\/\">Le Mois Am\u00e9ricain<\/a> de Titine #roman policier<\/p><\/div>\n<div style=\"width: 108px\" class=\"wp-caption alignleft\"><img loading=\"lazy\" decoding=\"async\" class=\"\" src=\"https:\/\/lh3.googleusercontent.com\/yeyHsyE8ePB9xQx2t9obPo4nIUGeuGsS-P1wwGiEip3f9lcFED23VkM1Pr5hYoy4puCex2GzVOyZNHjl5qeUnhImyiKFqwfTaONmF_HEc7SEvgxhr1eZXuJ6zzg9JfEY4XADWBPBCxMLePs3HiWfgCjRFVaAIkiQhaX8RGfOMzZhoMNQUFFuWlglQGRva5RIkSFvo7nk3yMWVz4PgUXBK3Uof2Hf073K4C6YvQC1u6gRN2BCr4tNyqitAlYfULcqVlua9UK9L5kLVOZWs2-xrAzDf1K3rxU8pxE6Fdm1EI8_YbPW09CsTNa9CW1z0lvieJ6Ify6BbltA9XBnOC99XwB4E833hDdb9KWRbKTb8bwsVGIAFF1x2JkOCAWTkq3OtXJmlgaccySEr2PvCr9rzIA4GtrzB04GpU7RNPlnkfNDjtPoy6UR5nf5SD-RQvfrkHaKDQocAHpi1MoHr0bWF4h3F08r5y_TM01DqKXAgeInHehhuxNBZ4LGs7Emk2ol6RPfVd4UEj0916JVKRknXSsSbJG_50ptPlCGTOdHDTOUMc6x63Wp68_DnNhG9qn5FPKuDHhZvC008a4nifQFWuKVT6HvqNgW-LcvXb0wnjbSwgS8qwHb3LtHJj3uAe971aQRDPkS146UchPgCLNczeUje4Y3YFpuV4P1KYu67RSdAOITJNzzSRO2Dycc1PCqSdc7IoPwLu0-aT-FJ0m-KvlkUQLXoamPhl2WKbODyZSfc5ZT=w285-h217-no\" alt=\"\" width=\"98\" height=\"75\" \/><p class=\"wp-caption-text\"><a href=\"https:\/\/ennalit.wordpress.com\/2019\/12\/01\/challenge-petit-bac-2020-qui-veut-jouer\/\">Challenge Petit Bac d&rsquo;Enna<\/a> #10 Cat\u00e9gorie Animal: \u00ab\u00a0\u00c9crevisses\u00a0\u00bb<\/p><\/div>\n","protected":false},"excerpt":{"rendered":"<p>J&rsquo;ai lu, lors du Mois Am\u00e9ricain 2020, L\u00e0 o\u00f9 chantent les \u00e9crevisses de Delia Owens (\u00e9d. du Seuil, janvier 2020, 480 pages), un premier roman que j&rsquo;avais d\u00e9j\u00e0 rep\u00e9r\u00e9 dans les sorties litt\u00e9raires de 2020 pour sa couverture et son titre intrigant. L&rsquo;histoire d\u00e9bute par le d\u00e9c\u00e8s myst\u00e9rieux d&rsquo;un jeune homme, Chase Andrews, en 1969 [&hellip;]<\/p>\n","protected":false},"author":1,"featured_media":12148,"comment_status":"open","ping_status":"open","sticky":false,"template":"","format":"standard","meta":{"jetpack_post_was_ever_published":false,"_jetpack_newsletter_access":"","_jetpack_dont_email_post_to_subs":false,"_jetpack_newsletter_tier_id":0,"_jetpack_memberships_contains_paywalled_content":false,"_jetpack_memberships_contains_paid_content":false,"footnotes":""},"categories":[363],"tags":[1347,1352,1737,1724,459,620,1710,1171,1735,1331,1736,543,4909,393,130,1073,1705,1177,1329,905,1732,619,3750],"class_list":["post-12147","post","type-post","status-publish","format-standard","has-post-thumbnail","hentry","category-mini-lecteur","tag-18-ans-et-plus","tag-challenge-petit-bac-2020","tag-delia-owens","tag-etats-unis","tag-famille","tag-fille","tag-le-mois-americain-2020","tag-maltraitance","tag-marais","tag-meurtre","tag-naturaliste","tag-nature","tag-nature-writing","tag-oiseau","tag-ornithologie","tag-pauvrete","tag-relations-amoureuses","tag-roman-initiatique","tag-roman-policier","tag-romans-adulte","tag-segregation","tag-solitude","tag-triangle-amoureux","post-preview"],"jetpack_featured_media_url":"https:\/\/i0.wp.com\/www.jojoenherbe.com\/wp-content\/uploads\/2020\/09\/La-ou-chantent-les-ecrevisses-scaled.jpg?fit=2560%2C1920&ssl=1","jetpack_sharing_enabled":true,"jetpack_shortlink":"https:\/\/wp.me\/p9zhGx-39V","jetpack_likes_enabled":true,"jetpack-related-posts":[{"id":12064,"url":"https:\/\/www.jojoenherbe.com\/index.php\/2020\/09\/04\/petit-recap-du-mois-americain-2020\/","url_meta":{"origin":12147,"position":0},"title":"Petit r\u00e9cap&rsquo; du Mois Am\u00e9ricain 2020","author":"Jojo","date":"4 septembre 2020","format":false,"excerpt":"Je participe, pour la premi\u00e8re fois cette ann\u00e9e, au Mois Am\u00e9ricain propos\u00e9 par Titine du blog \"Plaisir \u00e0 cultiver\" tout au long du mois de septembre 2020. Pour plus d\u2019infos, n\u2019h\u00e9sitez pas \u00e0 aller sur son blog, sur le groupe Facebook du Mois Am\u00e9ricain ou sur le compte Instagram avec\u2026","rel":"","context":"Dans &quot;Mini challenger&quot;","block_context":{"text":"Mini challenger","link":"https:\/\/www.jojoenherbe.com\/index.php\/category\/mini-challenger\/"},"img":{"alt_text":"","src":"https:\/\/i0.wp.com\/www.jojoenherbe.com\/wp-content\/uploads\/2020\/09\/programme-Mois-Americain-2020-294x300.jpg?resize=350%2C200","width":350,"height":200},"classes":[]},{"id":42859,"url":"https:\/\/www.jojoenherbe.com\/index.php\/2026\/02\/17\/pause-cine-la-ou-chantent-les-ecrevisses\/","url_meta":{"origin":12147,"position":1},"title":"Pause cin\u00e9: L\u00e0 o\u00f9 chantent les \u00e9crevisses","author":"Jojo","date":"17 f\u00e9vrier 2026","format":false,"excerpt":"J'ai regard\u00e9 L\u00e0 o\u00f9 chantent les \u00e9crevisses, un film am\u00e9ricain r\u00e9alis\u00e9 par Olivia Newman, sorti en 2022 avec dans les r\u00f4les-titres: Daisy Edgar-Jones (Kya), Taylor John Smith (Tate) et Harris Dickinson (Chase). Il s'agit d'une adaptation du roman \u00e9ponyme de Delia Owens que j'avais lu en 2020 et paru pour\u2026","rel":"","context":"Dans &quot;Mini cin\u00e9phile&quot;","block_context":{"text":"Mini cin\u00e9phile","link":"https:\/\/www.jojoenherbe.com\/index.php\/category\/mini-cinephile\/"},"img":{"alt_text":"","src":"https:\/\/i0.wp.com\/www.jojoenherbe.com\/wp-content\/uploads\/2026\/02\/La-ou-chantent-les-ecrevisses-film.jpg?fit=809%2C1200&ssl=1&resize=350%2C200","width":350,"height":200,"srcset":"https:\/\/i0.wp.com\/www.jojoenherbe.com\/wp-content\/uploads\/2026\/02\/La-ou-chantent-les-ecrevisses-film.jpg?fit=809%2C1200&ssl=1&resize=350%2C200 1x, https:\/\/i0.wp.com\/www.jojoenherbe.com\/wp-content\/uploads\/2026\/02\/La-ou-chantent-les-ecrevisses-film.jpg?fit=809%2C1200&ssl=1&resize=525%2C300 1.5x, https:\/\/i0.wp.com\/www.jojoenherbe.com\/wp-content\/uploads\/2026\/02\/La-ou-chantent-les-ecrevisses-film.jpg?fit=809%2C1200&ssl=1&resize=700%2C400 2x"},"classes":[]},{"id":35671,"url":"https:\/\/www.jojoenherbe.com\/index.php\/2024\/04\/11\/throwback-thursday-livresque-personnage-amoureux-de-la-nature\/","url_meta":{"origin":12147,"position":2},"title":"Throwback Thursday Livresque: Personnage amoureux de la nature","author":"Jojo","date":"11 avril 2024","format":false,"excerpt":"Ce jeudi 4 avril 2024, je participe au Throwback Thursday Livresque, un rendez-vous livresque initialement chez Bettie Rose Books et repris depuis par Carole, les liens \u00e9tant \u00e0 d\u00e9poser chez My-Bo0ks. Le principe est de partager chaque jeudi un livre en fonction d\u2019un th\u00e8me donn\u00e9. Cette semaine, le th\u00e8me est\u2026","rel":"","context":"Dans &quot;Mini challenger&quot;","block_context":{"text":"Mini challenger","link":"https:\/\/www.jojoenherbe.com\/index.php\/category\/mini-challenger\/"},"img":{"alt_text":"","src":"https:\/\/i0.wp.com\/www.jojoenherbe.com\/wp-content\/uploads\/2024\/04\/Le-jardin-secret-T2-4-scaled.jpg?resize=350%2C200","width":350,"height":200,"srcset":"https:\/\/i0.wp.com\/www.jojoenherbe.com\/wp-content\/uploads\/2024\/04\/Le-jardin-secret-T2-4-scaled.jpg?resize=350%2C200 1x, https:\/\/i0.wp.com\/www.jojoenherbe.com\/wp-content\/uploads\/2024\/04\/Le-jardin-secret-T2-4-scaled.jpg?resize=525%2C300 1.5x, https:\/\/i0.wp.com\/www.jojoenherbe.com\/wp-content\/uploads\/2024\/04\/Le-jardin-secret-T2-4-scaled.jpg?resize=700%2C400 2x, https:\/\/i0.wp.com\/www.jojoenherbe.com\/wp-content\/uploads\/2024\/04\/Le-jardin-secret-T2-4-scaled.jpg?resize=1050%2C600 3x, https:\/\/i0.wp.com\/www.jojoenherbe.com\/wp-content\/uploads\/2024\/04\/Le-jardin-secret-T2-4-scaled.jpg?resize=1400%2C800 4x"},"classes":[]},{"id":12558,"url":"https:\/\/www.jojoenherbe.com\/index.php\/2020\/09\/29\/au-fil-des-pages-avec-les-chemins-secrets-de-la-liberte\/","url_meta":{"origin":12147,"position":3},"title":"Au fil des pages avec Les chemins secrets de la libert\u00e9","author":"Jojo","date":"29 septembre 2020","format":false,"excerpt":"Apr\u00e8s l'avoir lu il y a presque trente ans, j'ai ressorti la semaine derni\u00e8re, pour le Mois Am\u00e9ricain, Les chemins secrets de la libert\u00e9 de Barbara Smucker et illustr\u00e9 par Yves Beaujard (\u00e9d. Castor Poche Flammarion, 1982, r\u00e9\u00e9d. 1991), un roman jeunesse \u00e0 partir de 10 ans. \u00c2g\u00e9es de 13\u2026","rel":"","context":"Dans &quot;Mini lecteur&quot;","block_context":{"text":"Mini lecteur","link":"https:\/\/www.jojoenherbe.com\/index.php\/category\/mini-lecteur\/"},"img":{"alt_text":"","src":"https:\/\/i0.wp.com\/www.jojoenherbe.com\/wp-content\/uploads\/2020\/09\/Les-chemins-secrets-de-la-liberte-scaled.jpg?fit=1200%2C900&ssl=1&resize=350%2C200","width":350,"height":200,"srcset":"https:\/\/i0.wp.com\/www.jojoenherbe.com\/wp-content\/uploads\/2020\/09\/Les-chemins-secrets-de-la-liberte-scaled.jpg?fit=1200%2C900&ssl=1&resize=350%2C200 1x, https:\/\/i0.wp.com\/www.jojoenherbe.com\/wp-content\/uploads\/2020\/09\/Les-chemins-secrets-de-la-liberte-scaled.jpg?fit=1200%2C900&ssl=1&resize=525%2C300 1.5x, https:\/\/i0.wp.com\/www.jojoenherbe.com\/wp-content\/uploads\/2020\/09\/Les-chemins-secrets-de-la-liberte-scaled.jpg?fit=1200%2C900&ssl=1&resize=700%2C400 2x, https:\/\/i0.wp.com\/www.jojoenherbe.com\/wp-content\/uploads\/2020\/09\/Les-chemins-secrets-de-la-liberte-scaled.jpg?fit=1200%2C900&ssl=1&resize=1050%2C600 3x"},"classes":[]},{"id":12976,"url":"https:\/\/www.jojoenherbe.com\/index.php\/2023\/10\/20\/notre-selection-vampires-pour-le-challenge-halloween\/","url_meta":{"origin":12147,"position":4},"title":"Notre s\u00e9lection \u00ab\u00a0Vampires\u00a0\u00bb pour le Challenge Halloween","author":"Jojo","date":"20 octobre 2023","format":false,"excerpt":"Apr\u00e8s les sorci\u00e8res, les ogres et les fant\u00f4mes en 2020, voici notre s\u00e9lection \"Vampires\" avec des livres aussi d\u00e9j\u00e0 lus et\/ou chroniqu\u00e9s les ann\u00e9es pr\u00e9c\u00e9dentes. Lorsqu'il s'agit d'une s\u00e9rie, je n'ai mentionn\u00e9 que le premier tome ou celui o\u00f9 il y a le plus de vampires. Et pour changer de\u2026","rel":"","context":"Dans &quot;Mini challenger&quot;","block_context":{"text":"Mini challenger","link":"https:\/\/www.jojoenherbe.com\/index.php\/category\/mini-challenger\/"},"img":{"alt_text":"","src":"https:\/\/i0.wp.com\/www.jojoenherbe.com\/wp-content\/uploads\/2023\/10\/Selection-Vampires-2023-scaled.jpg?fit=1200%2C857&ssl=1&resize=350%2C200","width":350,"height":200,"srcset":"https:\/\/i0.wp.com\/www.jojoenherbe.com\/wp-content\/uploads\/2023\/10\/Selection-Vampires-2023-scaled.jpg?fit=1200%2C857&ssl=1&resize=350%2C200 1x, https:\/\/i0.wp.com\/www.jojoenherbe.com\/wp-content\/uploads\/2023\/10\/Selection-Vampires-2023-scaled.jpg?fit=1200%2C857&ssl=1&resize=525%2C300 1.5x, https:\/\/i0.wp.com\/www.jojoenherbe.com\/wp-content\/uploads\/2023\/10\/Selection-Vampires-2023-scaled.jpg?fit=1200%2C857&ssl=1&resize=700%2C400 2x, https:\/\/i0.wp.com\/www.jojoenherbe.com\/wp-content\/uploads\/2023\/10\/Selection-Vampires-2023-scaled.jpg?fit=1200%2C857&ssl=1&resize=1050%2C600 3x"},"classes":[]},{"id":35827,"url":"https:\/\/www.jojoenherbe.com\/index.php\/2024\/04\/23\/au-fil-des-pages-avec-tant-de-nuances-de-pluie\/","url_meta":{"origin":12147,"position":5},"title":"Au fil des pages avec Tant de nuances de pluie","author":"Jojo","date":"23 avril 2024","format":false,"excerpt":"J'ai lu Tant de nuances de pluie d\u2019Asha Lemmie (\u00e9d. HarperCollins, coll. Au gr\u00e9 du monde, octobre 2023, 534 pages), le premier roman de l\u2019autrice dont l'histoire se d\u00e9roule dans le Japon de l\u2019apr\u00e8s-guerre, de 1948 \u00e0 1964. Secret honteux et scandaleux de la famille, Nori Kamiza est n\u00e9e d'un\u2026","rel":"","context":"Dans &quot;Mini lecteur&quot;","block_context":{"text":"Mini lecteur","link":"https:\/\/www.jojoenherbe.com\/index.php\/category\/mini-lecteur\/"},"img":{"alt_text":"","src":"https:\/\/i0.wp.com\/www.jojoenherbe.com\/wp-content\/uploads\/2024\/04\/Tant-de-nuances-de-pluie-scaled.jpg?fit=1200%2C1039&ssl=1&resize=350%2C200","width":350,"height":200,"srcset":"https:\/\/i0.wp.com\/www.jojoenherbe.com\/wp-content\/uploads\/2024\/04\/Tant-de-nuances-de-pluie-scaled.jpg?fit=1200%2C1039&ssl=1&resize=350%2C200 1x, https:\/\/i0.wp.com\/www.jojoenherbe.com\/wp-content\/uploads\/2024\/04\/Tant-de-nuances-de-pluie-scaled.jpg?fit=1200%2C1039&ssl=1&resize=525%2C300 1.5x, https:\/\/i0.wp.com\/www.jojoenherbe.com\/wp-content\/uploads\/2024\/04\/Tant-de-nuances-de-pluie-scaled.jpg?fit=1200%2C1039&ssl=1&resize=700%2C400 2x, https:\/\/i0.wp.com\/www.jojoenherbe.com\/wp-content\/uploads\/2024\/04\/Tant-de-nuances-de-pluie-scaled.jpg?fit=1200%2C1039&ssl=1&resize=1050%2C600 3x"},"classes":[]}],"_links":{"self":[{"href":"https:\/\/www.jojoenherbe.com\/index.php\/wp-json\/wp\/v2\/posts\/12147","targetHints":{"allow":["GET"]}}],"collection":[{"href":"https:\/\/www.jojoenherbe.com\/index.php\/wp-json\/wp\/v2\/posts"}],"about":[{"href":"https:\/\/www.jojoenherbe.com\/index.php\/wp-json\/wp\/v2\/types\/post"}],"author":[{"embeddable":true,"href":"https:\/\/www.jojoenherbe.com\/index.php\/wp-json\/wp\/v2\/users\/1"}],"replies":[{"embeddable":true,"href":"https:\/\/www.jojoenherbe.com\/index.php\/wp-json\/wp\/v2\/comments?post=12147"}],"version-history":[{"count":6,"href":"https:\/\/www.jojoenherbe.com\/index.php\/wp-json\/wp\/v2\/posts\/12147\/revisions"}],"predecessor-version":[{"id":42879,"href":"https:\/\/www.jojoenherbe.com\/index.php\/wp-json\/wp\/v2\/posts\/12147\/revisions\/42879"}],"wp:featuredmedia":[{"embeddable":true,"href":"https:\/\/www.jojoenherbe.com\/index.php\/wp-json\/wp\/v2\/media\/12148"}],"wp:attachment":[{"href":"https:\/\/www.jojoenherbe.com\/index.php\/wp-json\/wp\/v2\/media?parent=12147"}],"wp:term":[{"taxonomy":"category","embeddable":true,"href":"https:\/\/www.jojoenherbe.com\/index.php\/wp-json\/wp\/v2\/categories?post=12147"},{"taxonomy":"post_tag","embeddable":true,"href":"https:\/\/www.jojoenherbe.com\/index.php\/wp-json\/wp\/v2\/tags?post=12147"}],"curies":[{"name":"wp","href":"https:\/\/api.w.org\/{rel}","templated":true}]}}