{"id":1187,"date":"2012-09-18T22:09:22","date_gmt":"2012-09-18T20:09:22","guid":{"rendered":"http:\/\/www.jojoenherbe.com\/?p=1187"},"modified":"2022-09-19T10:52:13","modified_gmt":"2022-09-19T08:52:13","slug":"visite-de-louvrage-de-lagaisen-sospel","status":"publish","type":"post","link":"https:\/\/www.jojoenherbe.com\/index.php\/2012\/09\/18\/visite-de-louvrage-de-lagaisen-sospel\/","title":{"rendered":"Visite de l&rsquo;ouvrage de l&rsquo;Agaisen &#8211; Sospel"},"content":{"rendered":"<p style=\"text-align: justify;\"><em><a href=\"https:\/\/i0.wp.com\/www.jojoenherbe.com\/wp-content\/uploads\/2012\/09\/Ouvrage-de-lAgaisen-Sospel-4.jpg\"><img data-recalc-dims=\"1\" loading=\"lazy\" decoding=\"async\" data-attachment-id=\"1191\" data-permalink=\"https:\/\/www.jojoenherbe.com\/index.php\/2012\/09\/18\/visite-de-louvrage-de-lagaisen-sospel\/ouvrage-de-lagaisen-sospel-4\/\" data-orig-file=\"https:\/\/i0.wp.com\/www.jojoenherbe.com\/wp-content\/uploads\/2012\/09\/Ouvrage-de-lAgaisen-Sospel-4.jpg?fit=2048%2C1536&amp;ssl=1\" data-orig-size=\"2048,1536\" data-comments-opened=\"1\" data-image-title=\"Ouvrage de l&amp;rsquo;Agaisen &amp;#8211; Sospel\" data-image-description=\"\" data-image-caption=\"\" data-large-file=\"https:\/\/i0.wp.com\/www.jojoenherbe.com\/wp-content\/uploads\/2012\/09\/Ouvrage-de-lAgaisen-Sospel-4.jpg?fit=676%2C507&amp;ssl=1\" class=\"alignleft size-thumbnail wp-image-1191\" src=\"https:\/\/i0.wp.com\/www.jojoenherbe.com\/wp-content\/uploads\/2012\/09\/Ouvrage-de-lAgaisen-Sospel-4.jpg?resize=150%2C150\" alt=\"\" width=\"150\" height=\"150\" srcset=\"https:\/\/i0.wp.com\/www.jojoenherbe.com\/wp-content\/uploads\/2012\/09\/Ouvrage-de-lAgaisen-Sospel-4.jpg?resize=150%2C150&amp;ssl=1 150w, https:\/\/i0.wp.com\/www.jojoenherbe.com\/wp-content\/uploads\/2012\/09\/Ouvrage-de-lAgaisen-Sospel-4.jpg?zoom=2&amp;resize=150%2C150 300w, https:\/\/i0.wp.com\/www.jojoenherbe.com\/wp-content\/uploads\/2012\/09\/Ouvrage-de-lAgaisen-Sospel-4.jpg?zoom=3&amp;resize=150%2C150 450w\" sizes=\"auto, (max-width: 150px) 100vw, 150px\" \/><\/a> <a href=\"https:\/\/i0.wp.com\/www.jojoenherbe.com\/wp-content\/uploads\/2012\/09\/Ouvrage-de-lAgaisen-Sospel.jpg\"><img data-recalc-dims=\"1\" loading=\"lazy\" decoding=\"async\" data-attachment-id=\"1198\" data-permalink=\"https:\/\/www.jojoenherbe.com\/index.php\/2012\/09\/18\/visite-de-louvrage-de-lagaisen-sospel\/ouvrage-de-lagaisen-sospel\/\" data-orig-file=\"https:\/\/i0.wp.com\/www.jojoenherbe.com\/wp-content\/uploads\/2012\/09\/Ouvrage-de-lAgaisen-Sospel.jpg?fit=1536%2C2048&amp;ssl=1\" data-orig-size=\"1536,2048\" data-comments-opened=\"1\" data-image-title=\"Ouvrage de l&amp;rsquo;Agaisen &amp;#8211; Sospel\" data-image-description=\"\" data-image-caption=\"\" data-large-file=\"https:\/\/i0.wp.com\/www.jojoenherbe.com\/wp-content\/uploads\/2012\/09\/Ouvrage-de-lAgaisen-Sospel.jpg?fit=676%2C901&amp;ssl=1\" class=\"alignleft size-thumbnail wp-image-1198\" src=\"https:\/\/i0.wp.com\/www.jojoenherbe.com\/wp-content\/uploads\/2012\/09\/Ouvrage-de-lAgaisen-Sospel.jpg?resize=150%2C150\" alt=\"\" width=\"150\" height=\"150\" srcset=\"https:\/\/i0.wp.com\/www.jojoenherbe.com\/wp-content\/uploads\/2012\/09\/Ouvrage-de-lAgaisen-Sospel.jpg?resize=150%2C150&amp;ssl=1 150w, https:\/\/i0.wp.com\/www.jojoenherbe.com\/wp-content\/uploads\/2012\/09\/Ouvrage-de-lAgaisen-Sospel.jpg?zoom=2&amp;resize=150%2C150 300w, https:\/\/i0.wp.com\/www.jojoenherbe.com\/wp-content\/uploads\/2012\/09\/Ouvrage-de-lAgaisen-Sospel.jpg?zoom=3&amp;resize=150%2C150 450w\" sizes=\"auto, (max-width: 150px) 100vw, 150px\" \/><\/a> <a href=\"https:\/\/i0.wp.com\/www.jojoenherbe.com\/wp-content\/uploads\/2012\/09\/Ouvrage-de-lAgaisen-Sospel-2.jpg\"><img data-recalc-dims=\"1\" loading=\"lazy\" decoding=\"async\" data-attachment-id=\"1189\" data-permalink=\"https:\/\/www.jojoenherbe.com\/index.php\/2012\/09\/18\/visite-de-louvrage-de-lagaisen-sospel\/ouvrage-de-lagaisen-sospel-2\/\" data-orig-file=\"https:\/\/i0.wp.com\/www.jojoenherbe.com\/wp-content\/uploads\/2012\/09\/Ouvrage-de-lAgaisen-Sospel-2.jpg?fit=2048%2C1536&amp;ssl=1\" data-orig-size=\"2048,1536\" data-comments-opened=\"1\" data-image-title=\"Ouvrage de l&amp;rsquo;Agaisen &amp;#8211; Sospel\" data-image-description=\"\" data-image-caption=\"\" data-large-file=\"https:\/\/i0.wp.com\/www.jojoenherbe.com\/wp-content\/uploads\/2012\/09\/Ouvrage-de-lAgaisen-Sospel-2.jpg?fit=676%2C507&amp;ssl=1\" class=\"alignleft size-thumbnail wp-image-1189\" src=\"https:\/\/i0.wp.com\/www.jojoenherbe.com\/wp-content\/uploads\/2012\/09\/Ouvrage-de-lAgaisen-Sospel-2.jpg?resize=150%2C150\" alt=\"\" width=\"150\" height=\"150\" srcset=\"https:\/\/i0.wp.com\/www.jojoenherbe.com\/wp-content\/uploads\/2012\/09\/Ouvrage-de-lAgaisen-Sospel-2.jpg?resize=150%2C150&amp;ssl=1 150w, https:\/\/i0.wp.com\/www.jojoenherbe.com\/wp-content\/uploads\/2012\/09\/Ouvrage-de-lAgaisen-Sospel-2.jpg?zoom=2&amp;resize=150%2C150 300w, https:\/\/i0.wp.com\/www.jojoenherbe.com\/wp-content\/uploads\/2012\/09\/Ouvrage-de-lAgaisen-Sospel-2.jpg?zoom=3&amp;resize=150%2C150 450w\" sizes=\"auto, (max-width: 150px) 100vw, 150px\" \/><\/a>Ce 16 septembre 2012, journ\u00e9e du Patrimoine, nous choisissons de nous rendre au-dessus de Sospel, \u00e0 900 m\u00e8tres d&rsquo;altitude, visiter un des ouvrages d&rsquo;artillerie de la ligne Maginot, celui de l&rsquo;Agaisen. Nous avons la possibillit\u00e9 de visiter ce lieu gr\u00e2ce \u00e0 une \u00e9quipe de b\u00e9n\u00e9voles qui le pr\u00e9servent. <\/em><\/p>\n<p style=\"text-align: justify;\"><em><span style=\"text-decoration: underline;\">Un peu d&rsquo;histoire<\/span> : Cette fortification a \u00e9t\u00e9 construite de 1930 \u00e0 1934. Elle a servi \u00e0 d\u00e9fendre la vall\u00e9e de la B\u00e9v\u00e9ra avec l&rsquo;ouvrage voisin de Saint-Roch pendant la Seconde Guerre Mondiale contre les troupes italiennes. Mais entre 1943 et 1944, les troupes allemandes se sont install\u00e9es sur le site et ont utilis\u00e9 une des tourelles lors de combat. En octobre 1944, les Allemands quittent les lieux et Sospel, tout en prenant soin de saboter l&rsquo;ouvrage. Puis apr\u00e8s guerre, le service du G\u00e9nie militaire est charg\u00e9 de sa reconstruction et fait appel \u00e0 des villageois de Sospel mais aussi des ouvriers italiens&#8230;<br \/>\n<\/em><\/p>\n<p style=\"text-align: justify;\"><em><a href=\"https:\/\/i0.wp.com\/www.jojoenherbe.com\/wp-content\/uploads\/2012\/09\/Ouvrage-de-lAgaisen-Sospel-6.jpg\"><img data-recalc-dims=\"1\" loading=\"lazy\" decoding=\"async\" data-attachment-id=\"1193\" data-permalink=\"https:\/\/www.jojoenherbe.com\/index.php\/2012\/09\/18\/visite-de-louvrage-de-lagaisen-sospel\/ouvrage-de-lagaisen-sospel-6\/\" data-orig-file=\"https:\/\/i0.wp.com\/www.jojoenherbe.com\/wp-content\/uploads\/2012\/09\/Ouvrage-de-lAgaisen-Sospel-6.jpg?fit=1536%2C2048&amp;ssl=1\" data-orig-size=\"1536,2048\" data-comments-opened=\"1\" data-image-title=\"Ouvrage de l&amp;rsquo;Agaisen &amp;#8211; Sospel\" data-image-description=\"\" data-image-caption=\"\" data-large-file=\"https:\/\/i0.wp.com\/www.jojoenherbe.com\/wp-content\/uploads\/2012\/09\/Ouvrage-de-lAgaisen-Sospel-6.jpg?fit=676%2C901&amp;ssl=1\" class=\"size-thumbnail wp-image-1193 alignright\" src=\"https:\/\/i0.wp.com\/www.jojoenherbe.com\/wp-content\/uploads\/2012\/09\/Ouvrage-de-lAgaisen-Sospel-6.jpg?resize=150%2C150\" alt=\"\" width=\"150\" height=\"150\" srcset=\"https:\/\/i0.wp.com\/www.jojoenherbe.com\/wp-content\/uploads\/2012\/09\/Ouvrage-de-lAgaisen-Sospel-6.jpg?resize=150%2C150&amp;ssl=1 150w, https:\/\/i0.wp.com\/www.jojoenherbe.com\/wp-content\/uploads\/2012\/09\/Ouvrage-de-lAgaisen-Sospel-6.jpg?zoom=2&amp;resize=150%2C150 300w, https:\/\/i0.wp.com\/www.jojoenherbe.com\/wp-content\/uploads\/2012\/09\/Ouvrage-de-lAgaisen-Sospel-6.jpg?zoom=3&amp;resize=150%2C150 450w\" sizes=\"auto, (max-width: 150px) 100vw, 150px\" \/><\/a> <a href=\"https:\/\/i0.wp.com\/www.jojoenherbe.com\/wp-content\/uploads\/2012\/09\/Ouvrage-de-lAgaisen-Sospel-7.jpg\"><img data-recalc-dims=\"1\" loading=\"lazy\" decoding=\"async\" data-attachment-id=\"1194\" data-permalink=\"https:\/\/www.jojoenherbe.com\/index.php\/2012\/09\/18\/visite-de-louvrage-de-lagaisen-sospel\/ouvrage-de-lagaisen-sospel-7\/\" data-orig-file=\"https:\/\/i0.wp.com\/www.jojoenherbe.com\/wp-content\/uploads\/2012\/09\/Ouvrage-de-lAgaisen-Sospel-7.jpg?fit=1536%2C2048&amp;ssl=1\" data-orig-size=\"1536,2048\" data-comments-opened=\"1\" data-image-title=\"Ouvrage de l&amp;rsquo;Agaisen &amp;#8211; Sospel\" data-image-description=\"\" data-image-caption=\"\" data-large-file=\"https:\/\/i0.wp.com\/www.jojoenherbe.com\/wp-content\/uploads\/2012\/09\/Ouvrage-de-lAgaisen-Sospel-7.jpg?fit=676%2C901&amp;ssl=1\" class=\"size-thumbnail wp-image-1194 alignright\" src=\"https:\/\/i0.wp.com\/www.jojoenherbe.com\/wp-content\/uploads\/2012\/09\/Ouvrage-de-lAgaisen-Sospel-7.jpg?resize=150%2C150\" alt=\"\" width=\"150\" height=\"150\" srcset=\"https:\/\/i0.wp.com\/www.jojoenherbe.com\/wp-content\/uploads\/2012\/09\/Ouvrage-de-lAgaisen-Sospel-7.jpg?resize=150%2C150&amp;ssl=1 150w, https:\/\/i0.wp.com\/www.jojoenherbe.com\/wp-content\/uploads\/2012\/09\/Ouvrage-de-lAgaisen-Sospel-7.jpg?zoom=2&amp;resize=150%2C150 300w, https:\/\/i0.wp.com\/www.jojoenherbe.com\/wp-content\/uploads\/2012\/09\/Ouvrage-de-lAgaisen-Sospel-7.jpg?zoom=3&amp;resize=150%2C150 450w\" sizes=\"auto, (max-width: 150px) 100vw, 150px\" \/><\/a> <a href=\"https:\/\/i0.wp.com\/www.jojoenherbe.com\/wp-content\/uploads\/2012\/09\/Ouvrage-de-lAgaisen-Sospel-8.jpg\"><img data-recalc-dims=\"1\" loading=\"lazy\" decoding=\"async\" data-attachment-id=\"1195\" data-permalink=\"https:\/\/www.jojoenherbe.com\/index.php\/2012\/09\/18\/visite-de-louvrage-de-lagaisen-sospel\/ouvrage-de-lagaisen-sospel-8\/\" data-orig-file=\"https:\/\/i0.wp.com\/www.jojoenherbe.com\/wp-content\/uploads\/2012\/09\/Ouvrage-de-lAgaisen-Sospel-8.jpg?fit=2048%2C1536&amp;ssl=1\" data-orig-size=\"2048,1536\" data-comments-opened=\"1\" data-image-title=\"Ouvrage de l&amp;rsquo;Agaisen &amp;#8211; Sospel\" data-image-description=\"\" data-image-caption=\"\" data-large-file=\"https:\/\/i0.wp.com\/www.jojoenherbe.com\/wp-content\/uploads\/2012\/09\/Ouvrage-de-lAgaisen-Sospel-8.jpg?fit=676%2C507&amp;ssl=1\" class=\"size-thumbnail wp-image-1195 alignright\" src=\"https:\/\/i0.wp.com\/www.jojoenherbe.com\/wp-content\/uploads\/2012\/09\/Ouvrage-de-lAgaisen-Sospel-8.jpg?resize=150%2C150\" alt=\"\" width=\"150\" height=\"150\" srcset=\"https:\/\/i0.wp.com\/www.jojoenherbe.com\/wp-content\/uploads\/2012\/09\/Ouvrage-de-lAgaisen-Sospel-8.jpg?resize=150%2C150&amp;ssl=1 150w, https:\/\/i0.wp.com\/www.jojoenherbe.com\/wp-content\/uploads\/2012\/09\/Ouvrage-de-lAgaisen-Sospel-8.jpg?zoom=2&amp;resize=150%2C150 300w, https:\/\/i0.wp.com\/www.jojoenherbe.com\/wp-content\/uploads\/2012\/09\/Ouvrage-de-lAgaisen-Sospel-8.jpg?zoom=3&amp;resize=150%2C150 450w\" sizes=\"auto, (max-width: 150px) 100vw, 150px\" \/><\/a>Les armes et munitions encore pr\u00e9sentes dans ces souterrains sur plusieurs niveaux impressionnent, telles que les conditions de vie de l&rsquo;\u00e9poque. <\/em><\/p>\n<p style=\"text-align: justify;\"><em><a href=\"https:\/\/i0.wp.com\/www.jojoenherbe.com\/wp-content\/uploads\/2012\/09\/Ouvrage-de-lAgaisen-Sospel-9.jpg\"><img data-recalc-dims=\"1\" loading=\"lazy\" decoding=\"async\" data-attachment-id=\"1196\" data-permalink=\"https:\/\/www.jojoenherbe.com\/index.php\/2012\/09\/18\/visite-de-louvrage-de-lagaisen-sospel\/ouvrage-de-lagaisen-sospel-9\/\" data-orig-file=\"https:\/\/i0.wp.com\/www.jojoenherbe.com\/wp-content\/uploads\/2012\/09\/Ouvrage-de-lAgaisen-Sospel-9.jpg?fit=2048%2C1536&amp;ssl=1\" data-orig-size=\"2048,1536\" data-comments-opened=\"1\" data-image-title=\"Ouvrage de l&amp;rsquo;Agaisen &amp;#8211; Sospel\" data-image-description=\"\" data-image-caption=\"\" data-large-file=\"https:\/\/i0.wp.com\/www.jojoenherbe.com\/wp-content\/uploads\/2012\/09\/Ouvrage-de-lAgaisen-Sospel-9.jpg?fit=676%2C507&amp;ssl=1\" class=\"alignleft size-thumbnail wp-image-1196\" src=\"https:\/\/i0.wp.com\/www.jojoenherbe.com\/wp-content\/uploads\/2012\/09\/Ouvrage-de-lAgaisen-Sospel-9.jpg?resize=150%2C150\" alt=\"\" width=\"150\" height=\"150\" srcset=\"https:\/\/i0.wp.com\/www.jojoenherbe.com\/wp-content\/uploads\/2012\/09\/Ouvrage-de-lAgaisen-Sospel-9.jpg?resize=150%2C150&amp;ssl=1 150w, https:\/\/i0.wp.com\/www.jojoenherbe.com\/wp-content\/uploads\/2012\/09\/Ouvrage-de-lAgaisen-Sospel-9.jpg?zoom=2&amp;resize=150%2C150 300w, https:\/\/i0.wp.com\/www.jojoenherbe.com\/wp-content\/uploads\/2012\/09\/Ouvrage-de-lAgaisen-Sospel-9.jpg?zoom=3&amp;resize=150%2C150 450w\" sizes=\"auto, (max-width: 150px) 100vw, 150px\" \/><\/a> <a href=\"https:\/\/i0.wp.com\/www.jojoenherbe.com\/wp-content\/uploads\/2012\/09\/Ouvrage-de-lAgaisen-Sospel-8.jpg\"><img data-recalc-dims=\"1\" loading=\"lazy\" decoding=\"async\" data-attachment-id=\"1195\" data-permalink=\"https:\/\/www.jojoenherbe.com\/index.php\/2012\/09\/18\/visite-de-louvrage-de-lagaisen-sospel\/ouvrage-de-lagaisen-sospel-8\/\" data-orig-file=\"https:\/\/i0.wp.com\/www.jojoenherbe.com\/wp-content\/uploads\/2012\/09\/Ouvrage-de-lAgaisen-Sospel-8.jpg?fit=2048%2C1536&amp;ssl=1\" data-orig-size=\"2048,1536\" data-comments-opened=\"1\" data-image-title=\"Ouvrage de l&amp;rsquo;Agaisen &amp;#8211; Sospel\" data-image-description=\"\" data-image-caption=\"\" data-large-file=\"https:\/\/i0.wp.com\/www.jojoenherbe.com\/wp-content\/uploads\/2012\/09\/Ouvrage-de-lAgaisen-Sospel-8.jpg?fit=676%2C507&amp;ssl=1\" class=\"alignleft size-thumbnail wp-image-1195\" src=\"https:\/\/i0.wp.com\/www.jojoenherbe.com\/wp-content\/uploads\/2012\/09\/Ouvrage-de-lAgaisen-Sospel-8.jpg?resize=150%2C150\" alt=\"\" width=\"150\" height=\"150\" srcset=\"https:\/\/i0.wp.com\/www.jojoenherbe.com\/wp-content\/uploads\/2012\/09\/Ouvrage-de-lAgaisen-Sospel-8.jpg?resize=150%2C150&amp;ssl=1 150w, https:\/\/i0.wp.com\/www.jojoenherbe.com\/wp-content\/uploads\/2012\/09\/Ouvrage-de-lAgaisen-Sospel-8.jpg?zoom=2&amp;resize=150%2C150 300w, https:\/\/i0.wp.com\/www.jojoenherbe.com\/wp-content\/uploads\/2012\/09\/Ouvrage-de-lAgaisen-Sospel-8.jpg?zoom=3&amp;resize=150%2C150 450w\" sizes=\"auto, (max-width: 150px) 100vw, 150px\" \/><\/a> <a href=\"https:\/\/i0.wp.com\/www.jojoenherbe.com\/wp-content\/uploads\/2012\/09\/Ouvrage-de-lAgaisen-Sospel-10.jpg\"><img data-recalc-dims=\"1\" loading=\"lazy\" decoding=\"async\" data-attachment-id=\"1197\" data-permalink=\"https:\/\/www.jojoenherbe.com\/index.php\/2012\/09\/18\/visite-de-louvrage-de-lagaisen-sospel\/ouvrage-de-lagaisen-sospel-10\/\" data-orig-file=\"https:\/\/i0.wp.com\/www.jojoenherbe.com\/wp-content\/uploads\/2012\/09\/Ouvrage-de-lAgaisen-Sospel-10.jpg?fit=1634%2C1532&amp;ssl=1\" data-orig-size=\"1634,1532\" data-comments-opened=\"1\" data-image-title=\"Ouvrage de l&amp;rsquo;Agaisen &amp;#8211; Sospel\" data-image-description=\"\" data-image-caption=\"\" data-large-file=\"https:\/\/i0.wp.com\/www.jojoenherbe.com\/wp-content\/uploads\/2012\/09\/Ouvrage-de-lAgaisen-Sospel-10.jpg?fit=676%2C634&amp;ssl=1\" class=\"alignleft size-thumbnail wp-image-1197\" src=\"https:\/\/i0.wp.com\/www.jojoenherbe.com\/wp-content\/uploads\/2012\/09\/Ouvrage-de-lAgaisen-Sospel-10.jpg?resize=150%2C150\" alt=\"\" width=\"150\" height=\"150\" srcset=\"https:\/\/i0.wp.com\/www.jojoenherbe.com\/wp-content\/uploads\/2012\/09\/Ouvrage-de-lAgaisen-Sospel-10.jpg?resize=150%2C150&amp;ssl=1 150w, https:\/\/i0.wp.com\/www.jojoenherbe.com\/wp-content\/uploads\/2012\/09\/Ouvrage-de-lAgaisen-Sospel-10.jpg?zoom=2&amp;resize=150%2C150 300w, https:\/\/i0.wp.com\/www.jojoenherbe.com\/wp-content\/uploads\/2012\/09\/Ouvrage-de-lAgaisen-Sospel-10.jpg?zoom=3&amp;resize=150%2C150 450w\" sizes=\"auto, (max-width: 150px) 100vw, 150px\" \/><\/a>Tout avait \u00e9t\u00e9 pens\u00e9 pour permettre aux soldats de pouvoir vivre en autarcie trois mois, coup\u00e9s de tout: des postes de commandement, des salles de filtres \u00e0 air, des groupes \u00e9lectrog\u00e8nes, une cuisine, des syst\u00e8mes de ventilation, des magasins de nourritures, d&rsquo;eau, de munitions et de gazole&#8230; Pour atteindre les blocs, nous passons par d&rsquo;\u00e9troits escaliers, \u00e0 c\u00f4t\u00e9 des monte-charges. <\/em><\/p>\n<div id=\"attachment_1202\" style=\"width: 160px\" class=\"wp-caption alignright\"><a href=\"https:\/\/i0.wp.com\/www.jojoenherbe.com\/wp-content\/uploads\/2012\/09\/Sospel.jpg\"><img data-recalc-dims=\"1\" loading=\"lazy\" decoding=\"async\" aria-describedby=\"caption-attachment-1202\" data-attachment-id=\"1202\" data-permalink=\"https:\/\/www.jojoenherbe.com\/index.php\/2012\/09\/18\/visite-de-louvrage-de-lagaisen-sospel\/sospel\/\" data-orig-file=\"https:\/\/i0.wp.com\/www.jojoenherbe.com\/wp-content\/uploads\/2012\/09\/Sospel.jpg?fit=1536%2C2048&amp;ssl=1\" data-orig-size=\"1536,2048\" data-comments-opened=\"1\" data-image-title=\"Sospel\" data-image-description=\"\" data-image-caption=\"&lt;p&gt;Sospel&lt;\/p&gt;\n\" data-large-file=\"https:\/\/i0.wp.com\/www.jojoenherbe.com\/wp-content\/uploads\/2012\/09\/Sospel.jpg?fit=676%2C901&amp;ssl=1\" class=\"size-thumbnail wp-image-1202\" src=\"https:\/\/i0.wp.com\/www.jojoenherbe.com\/wp-content\/uploads\/2012\/09\/Sospel.jpg?resize=150%2C150\" alt=\"\" width=\"150\" height=\"150\" srcset=\"https:\/\/i0.wp.com\/www.jojoenherbe.com\/wp-content\/uploads\/2012\/09\/Sospel.jpg?resize=150%2C150&amp;ssl=1 150w, https:\/\/i0.wp.com\/www.jojoenherbe.com\/wp-content\/uploads\/2012\/09\/Sospel.jpg?zoom=2&amp;resize=150%2C150 300w, https:\/\/i0.wp.com\/www.jojoenherbe.com\/wp-content\/uploads\/2012\/09\/Sospel.jpg?zoom=3&amp;resize=150%2C150 450w\" sizes=\"auto, (max-width: 150px) 100vw, 150px\" \/><\/a><p id=\"caption-attachment-1202\" class=\"wp-caption-text\">Sospel<\/p><\/div>\n<p style=\"text-align: justify;\"><em>Une heure et demi s&rsquo;est \u00e9coul\u00e9e dans ce lieu rest\u00e9 fig\u00e9 dans le temps. Nous regagnons la sortie pour une pause caf\u00e9 dans un des restaurants de Sospel.<\/em><\/p>\n<p><iframe loading=\"lazy\" style=\"border: 0;\" src=\"https:\/\/www.google.com\/maps\/embed?pb=!1m18!1m12!1m3!1d2875.500789495053!2d7.452097915505362!3d43.88689377911402!2m3!1f0!2f0!3f0!3m2!1i1024!2i768!4f13.1!3m3!1m2!1s0x12cd9576a7e028df%3A0x7347c026b2c46226!2sLigne+Maginot+gros+ouvrage+de+l'Agaisen!5e0!3m2!1sfr!2sfr!4v1519391893190\" allowfullscreen=\"allowfullscreen\" width=\"400\" height=\"300\" frameborder=\"0\"><\/iframe><\/p>\n","protected":false},"excerpt":{"rendered":"<p>Ce 16 septembre 2012, journ\u00e9e du Patrimoine, nous choisissons de nous rendre au-dessus de Sospel, \u00e0 900 m\u00e8tres d&rsquo;altitude, visiter un des ouvrages d&rsquo;artillerie de la ligne Maginot, celui de l&rsquo;Agaisen. Nous avons la possibillit\u00e9 de visiter ce lieu gr\u00e2ce \u00e0 une \u00e9quipe de b\u00e9n\u00e9voles qui le pr\u00e9servent. Un peu d&rsquo;histoire : Cette fortification a [&hellip;]<\/p>\n","protected":false},"author":1,"featured_media":1190,"comment_status":"open","ping_status":"open","sticky":false,"template":"","format":"standard","meta":{"_jetpack_newsletter_access":"","_jetpack_dont_email_post_to_subs":false,"_jetpack_newsletter_tier_id":0,"_jetpack_memberships_contains_paywalled_content":false,"_jetpack_feature_clip_id":0,"_jetpack_memberships_contains_paid_content":false,"footnotes":"","jetpack_post_was_ever_published":false},"categories":[4],"tags":[25,3420,3423,121,5,1506,2613,98],"class_list":["post-1187","post","type-post","status-publish","format-standard","has-post-thumbnail","hentry","category-mini-visiteur","tag-alpes-maritimes","tag-journees-du-patrimoine","tag-journees-du-patrimoine-2012","tag-ligne-maginot","tag-paca","tag-region-sud","tag-seconde-guerre-mondiale","tag-sospel","post-preview"],"jetpack_sharing_enabled":true,"jetpack_shortlink":"https:\/\/wp.me\/p9zhGx-j9","jetpack_likes_enabled":true,"jetpack-related-posts":[{"id":27694,"url":"https:\/\/www.jojoenherbe.com\/index.php\/2022\/09\/17\/sortie-en-pointu-dans-le-port-de-nice\/","url_meta":{"origin":1187,"position":0},"title":"Sortie en pointu dans le Port de Nice","author":"Jojo","date":"17 septembre 2022","format":false,"excerpt":"Ce week-end des 17 et 18 septembre 2022 ont lieu les Journ\u00e9es du Patrimoine. Nous avons choisi ce samedi apr\u00e8s-midi de nous rendre au Port de Nice o\u00f9 l'association La Mouette a organis\u00e9 des \u00e9v\u00e9nements autour des pointus. Nous faisons ainsi une bien chouette sortie en mer \u00e0 bord d'un\u2026","rel":"","context":"Dans &quot;Mini visiteur&quot;","block_context":{"text":"Mini visiteur","link":"https:\/\/www.jojoenherbe.com\/index.php\/category\/mini-crapahuteur\/mini-visiteur\/"},"img":{"alt_text":"","src":"https:\/\/i0.wp.com\/www.jojoenherbe.com\/wp-content\/uploads\/2022\/09\/Pointus-Port-de-Nice-2-scaled.jpg?fit=900%2C1200&ssl=1&resize=350%2C200","width":350,"height":200,"srcset":"https:\/\/i0.wp.com\/www.jojoenherbe.com\/wp-content\/uploads\/2022\/09\/Pointus-Port-de-Nice-2-scaled.jpg?fit=900%2C1200&ssl=1&resize=350%2C200 1x, https:\/\/i0.wp.com\/www.jojoenherbe.com\/wp-content\/uploads\/2022\/09\/Pointus-Port-de-Nice-2-scaled.jpg?fit=900%2C1200&ssl=1&resize=525%2C300 1.5x, https:\/\/i0.wp.com\/www.jojoenherbe.com\/wp-content\/uploads\/2022\/09\/Pointus-Port-de-Nice-2-scaled.jpg?fit=900%2C1200&ssl=1&resize=700%2C400 2x"},"classes":[]},{"id":3524,"url":"https:\/\/www.jojoenherbe.com\/index.php\/2018\/08\/20\/sentier-de-decouverte-de-louvrage-maginot-de-roquebrune-cornillat\/","url_meta":{"origin":1187,"position":1},"title":"Sentier de d\u00e9couverte de l&rsquo;ouvrage Maginot de Roquebrune-Cornillat","author":"Jojo","date":"20 ao\u00fbt 2018","format":false,"excerpt":"Ce 19 ao\u00fbt 2018, en d\u00e9but d'apr\u00e8s-midi, nous sortons chercher un peu d'ombre, malgr\u00e9 les 30 degr\u00e9s, dans le parc naturel d\u00e9partemental du Cros de Cast\u00e9. Ce parc, bien balis\u00e9, se situe sur les hauteurs de Roquebrune-Cap-Martin. Apr\u00e8s une h\u00e9sitation sur les derniers m\u00e8tres, nous passons un portail d'entr\u00e9e d'un\u2026","rel":"","context":"Dans &quot;Mini baladeur&quot;","block_context":{"text":"Mini baladeur","link":"https:\/\/www.jojoenherbe.com\/index.php\/category\/mini-crapahuteur\/mini-baladeur\/"},"img":{"alt_text":"","src":"https:\/\/i0.wp.com\/www.jojoenherbe.com\/wp-content\/uploads\/2018\/08\/Ouvrage-Maginot-de-Roquebrune-Cornillat-7.jpg?fit=1200%2C900&ssl=1&resize=350%2C200","width":350,"height":200,"srcset":"https:\/\/i0.wp.com\/www.jojoenherbe.com\/wp-content\/uploads\/2018\/08\/Ouvrage-Maginot-de-Roquebrune-Cornillat-7.jpg?fit=1200%2C900&ssl=1&resize=350%2C200 1x, https:\/\/i0.wp.com\/www.jojoenherbe.com\/wp-content\/uploads\/2018\/08\/Ouvrage-Maginot-de-Roquebrune-Cornillat-7.jpg?fit=1200%2C900&ssl=1&resize=525%2C300 1.5x, https:\/\/i0.wp.com\/www.jojoenherbe.com\/wp-content\/uploads\/2018\/08\/Ouvrage-Maginot-de-Roquebrune-Cornillat-7.jpg?fit=1200%2C900&ssl=1&resize=700%2C400 2x, https:\/\/i0.wp.com\/www.jojoenherbe.com\/wp-content\/uploads\/2018\/08\/Ouvrage-Maginot-de-Roquebrune-Cornillat-7.jpg?fit=1200%2C900&ssl=1&resize=1050%2C600 3x"},"classes":[]},{"id":6054,"url":"https:\/\/www.jojoenherbe.com\/index.php\/2019\/05\/25\/sur-la-route-sinueuse-des-gorges-de-la-vesubie\/","url_meta":{"origin":1187,"position":2},"title":"Sur la route sinueuse des Gorges de la V\u00e9subie","author":"Jojo","date":"25 mai 2019","format":false,"excerpt":"Ce 25 mai 2019, nous nous rendons dans la Vall\u00e9e de la V\u00e9subie et nous arr\u00eatons au niveau d'une aire de pique-nique install\u00e9e au bord de la V\u00e9subie et de ses gorges, \u00e0 quelques kilom\u00e8tres de Saint-Jean-la-Rivi\u00e8re. C'est l'occasion pour moi de prendre une photo pour la semaine 21 du\u2026","rel":"","context":"Dans &quot;Mini baladeur&quot;","block_context":{"text":"Mini baladeur","link":"https:\/\/www.jojoenherbe.com\/index.php\/category\/mini-crapahuteur\/mini-baladeur\/"},"img":{"alt_text":"","src":"https:\/\/i0.wp.com\/www.jojoenherbe.com\/wp-content\/uploads\/2019\/05\/Gorges-de-la-V%C3%A9subie.jpg?fit=1200%2C900&ssl=1&resize=350%2C200","width":350,"height":200,"srcset":"https:\/\/i0.wp.com\/www.jojoenherbe.com\/wp-content\/uploads\/2019\/05\/Gorges-de-la-V%C3%A9subie.jpg?fit=1200%2C900&ssl=1&resize=350%2C200 1x, https:\/\/i0.wp.com\/www.jojoenherbe.com\/wp-content\/uploads\/2019\/05\/Gorges-de-la-V%C3%A9subie.jpg?fit=1200%2C900&ssl=1&resize=525%2C300 1.5x, https:\/\/i0.wp.com\/www.jojoenherbe.com\/wp-content\/uploads\/2019\/05\/Gorges-de-la-V%C3%A9subie.jpg?fit=1200%2C900&ssl=1&resize=700%2C400 2x, https:\/\/i0.wp.com\/www.jojoenherbe.com\/wp-content\/uploads\/2019\/05\/Gorges-de-la-V%C3%A9subie.jpg?fit=1200%2C900&ssl=1&resize=1050%2C600 3x"},"classes":[]},{"id":2242,"url":"https:\/\/www.jojoenherbe.com\/index.php\/2011\/08\/10\/circuit-de-la-couletta-rimplas\/","url_meta":{"origin":1187,"position":3},"title":"Circuit de la Couletta &#8211; Rimplas","author":"Jojo","date":"10 ao\u00fbt 2011","format":false,"excerpt":"Ce 7 ao\u00fbt 2011, nous partons pour Rimplas (1.000 m\u00e8tres d'altitude), dans la Moyenne Tin\u00e9e et effectuer le circuit de la Couletta tel qu'indiqu\u00e9 dans notre guide Randoxyg\u00e8ne. De la place de la commune, nous nous dirigeons vers la balise n\u00b0157. Nous commen\u00e7ons notre ascension en passant par la balise\u2026","rel":"","context":"Dans &quot;Mini randonneur&quot;","block_context":{"text":"Mini randonneur","link":"https:\/\/www.jojoenherbe.com\/index.php\/category\/mini-crapahuteur\/mini-randonneur\/"},"img":{"alt_text":"","src":"https:\/\/i0.wp.com\/www.jojoenherbe.com\/wp-content\/uploads\/2011\/08\/Circuit-de-la-Couletta-10.jpg?fit=900%2C1200&ssl=1&resize=350%2C200","width":350,"height":200,"srcset":"https:\/\/i0.wp.com\/www.jojoenherbe.com\/wp-content\/uploads\/2011\/08\/Circuit-de-la-Couletta-10.jpg?fit=900%2C1200&ssl=1&resize=350%2C200 1x, https:\/\/i0.wp.com\/www.jojoenherbe.com\/wp-content\/uploads\/2011\/08\/Circuit-de-la-Couletta-10.jpg?fit=900%2C1200&ssl=1&resize=525%2C300 1.5x, https:\/\/i0.wp.com\/www.jojoenherbe.com\/wp-content\/uploads\/2011\/08\/Circuit-de-la-Couletta-10.jpg?fit=900%2C1200&ssl=1&resize=700%2C400 2x"},"classes":[]},{"id":1998,"url":"https:\/\/www.jojoenherbe.com\/index.php\/2018\/03\/26\/les-gorges-du-cians-petite-et-grande-clues\/","url_meta":{"origin":1187,"position":4},"title":"Les Gorges du Cians &#8211; Petite et Grande Clues","author":"Jojo","date":"26 mars 2018","format":false,"excerpt":"Ce 25 mars 2018, nous passons en voiture Tou\u00ebt-sur-Var sur la D6202. A l'Ouest du village, en tournant \u00e0 droite, nous remontons la D28, apr\u00e8s avoir pass\u00e9 le fleuve Var, dont le Cians est un de ses affluents. Nous d\u00e9butons alors les Gorges du Cians passant, selon les lacets, tr\u00e8s\u2026","rel":"","context":"Dans &quot;Mini baladeur&quot;","block_context":{"text":"Mini baladeur","link":"https:\/\/www.jojoenherbe.com\/index.php\/category\/mini-crapahuteur\/mini-baladeur\/"},"img":{"alt_text":"","src":"https:\/\/i0.wp.com\/www.jojoenherbe.com\/wp-content\/uploads\/2018\/03\/Petite-Clue-du-Cians-8.jpg?fit=900%2C1200&ssl=1&resize=350%2C200","width":350,"height":200,"srcset":"https:\/\/i0.wp.com\/www.jojoenherbe.com\/wp-content\/uploads\/2018\/03\/Petite-Clue-du-Cians-8.jpg?fit=900%2C1200&ssl=1&resize=350%2C200 1x, https:\/\/i0.wp.com\/www.jojoenherbe.com\/wp-content\/uploads\/2018\/03\/Petite-Clue-du-Cians-8.jpg?fit=900%2C1200&ssl=1&resize=525%2C300 1.5x, https:\/\/i0.wp.com\/www.jojoenherbe.com\/wp-content\/uploads\/2018\/03\/Petite-Clue-du-Cians-8.jpg?fit=900%2C1200&ssl=1&resize=700%2C400 2x"},"classes":[]},{"id":26802,"url":"https:\/\/www.jojoenherbe.com\/index.php\/2022\/08\/02\/randonnee-a-peira-cava\/","url_meta":{"origin":1187,"position":5},"title":"Randonn\u00e9e estivale \u00e0 Pe\u00efra-Cava","author":"Jojo","date":"2 ao\u00fbt 2022","format":false,"excerpt":"Le 31 juillet 2022, nous sommes partis randonner en fin de matin\u00e9e \u00e0 Pe\u00efra-Cava pour d\u00e9couvrir la grotte de Malpertus, la temp\u00e9rature \u00e9tant de 26 degr\u00e9s. Nous commen\u00e7ons \u00e0 la balise n\u00b036 puis avant de poursuivre notre ascension, nous pique-niquons et assistons, par hasard, \u00e0 une course de carrioles qui\u2026","rel":"","context":"Dans &quot;Mini randonneur&quot;","block_context":{"text":"Mini randonneur","link":"https:\/\/www.jojoenherbe.com\/index.php\/category\/mini-crapahuteur\/mini-randonneur\/"},"img":{"alt_text":"","src":"https:\/\/i0.wp.com\/www.jojoenherbe.com\/wp-content\/uploads\/2022\/08\/Cime-de-Peira-Cava-3-scaled.jpg?fit=1200%2C900&ssl=1&resize=350%2C200","width":350,"height":200,"srcset":"https:\/\/i0.wp.com\/www.jojoenherbe.com\/wp-content\/uploads\/2022\/08\/Cime-de-Peira-Cava-3-scaled.jpg?fit=1200%2C900&ssl=1&resize=350%2C200 1x, https:\/\/i0.wp.com\/www.jojoenherbe.com\/wp-content\/uploads\/2022\/08\/Cime-de-Peira-Cava-3-scaled.jpg?fit=1200%2C900&ssl=1&resize=525%2C300 1.5x, https:\/\/i0.wp.com\/www.jojoenherbe.com\/wp-content\/uploads\/2022\/08\/Cime-de-Peira-Cava-3-scaled.jpg?fit=1200%2C900&ssl=1&resize=700%2C400 2x, https:\/\/i0.wp.com\/www.jojoenherbe.com\/wp-content\/uploads\/2022\/08\/Cime-de-Peira-Cava-3-scaled.jpg?fit=1200%2C900&ssl=1&resize=1050%2C600 3x"},"classes":[]}],"jetpack_featured_media_url":"https:\/\/i0.wp.com\/www.jojoenherbe.com\/wp-content\/uploads\/2012\/09\/Ouvrage-de-lAgaisen-Sospel-3.jpg?fit=2048%2C1536&ssl=1","_links":{"self":[{"href":"https:\/\/www.jojoenherbe.com\/index.php\/wp-json\/wp\/v2\/posts\/1187","targetHints":{"allow":["GET"]}}],"collection":[{"href":"https:\/\/www.jojoenherbe.com\/index.php\/wp-json\/wp\/v2\/posts"}],"about":[{"href":"https:\/\/www.jojoenherbe.com\/index.php\/wp-json\/wp\/v2\/types\/post"}],"author":[{"embeddable":true,"href":"https:\/\/www.jojoenherbe.com\/index.php\/wp-json\/wp\/v2\/users\/1"}],"replies":[{"embeddable":true,"href":"https:\/\/www.jojoenherbe.com\/index.php\/wp-json\/wp\/v2\/comments?post=1187"}],"version-history":[{"count":2,"href":"https:\/\/www.jojoenherbe.com\/index.php\/wp-json\/wp\/v2\/posts\/1187\/revisions"}],"predecessor-version":[{"id":27728,"href":"https:\/\/www.jojoenherbe.com\/index.php\/wp-json\/wp\/v2\/posts\/1187\/revisions\/27728"}],"wp:featuredmedia":[{"embeddable":true,"href":"https:\/\/www.jojoenherbe.com\/index.php\/wp-json\/wp\/v2\/media\/1190"}],"wp:attachment":[{"href":"https:\/\/www.jojoenherbe.com\/index.php\/wp-json\/wp\/v2\/media?parent=1187"}],"wp:term":[{"taxonomy":"category","embeddable":true,"href":"https:\/\/www.jojoenherbe.com\/index.php\/wp-json\/wp\/v2\/categories?post=1187"},{"taxonomy":"post_tag","embeddable":true,"href":"https:\/\/www.jojoenherbe.com\/index.php\/wp-json\/wp\/v2\/tags?post=1187"}],"curies":[{"name":"wp","href":"https:\/\/api.w.org\/{rel}","templated":true}]}}