{"id":11631,"date":"2020-07-26T20:47:03","date_gmt":"2020-07-26T18:47:03","guid":{"rendered":"http:\/\/www.jojoenherbe.com\/?p=11631"},"modified":"2024-08-03T10:38:42","modified_gmt":"2024-08-03T08:38:42","slug":"au-fil-des-pages-avec-le-grand-mechant-renard","status":"publish","type":"post","link":"https:\/\/www.jojoenherbe.com\/index.php\/2020\/07\/26\/au-fil-des-pages-avec-le-grand-mechant-renard\/","title":{"rendered":"Au fil des pages avec Le grand m\u00e9chant renard"},"content":{"rendered":"<p style=\"text-align: justify;\"><a href=\"https:\/\/i0.wp.com\/www.jojoenherbe.com\/wp-content\/uploads\/2020\/07\/Le-grand-m%C3%A9chant-renard-3-scaled.jpg\"><img data-recalc-dims=\"1\" loading=\"lazy\" decoding=\"async\" data-attachment-id=\"11633\" data-permalink=\"https:\/\/www.jojoenherbe.com\/index.php\/2020\/07\/26\/au-fil-des-pages-avec-le-grand-mechant-renard\/le-grand-mechant-renard-3\/\" data-orig-file=\"https:\/\/i0.wp.com\/www.jojoenherbe.com\/wp-content\/uploads\/2020\/07\/Le-grand-m%C3%A9chant-renard-3-scaled.jpg?fit=2560%2C1920&amp;ssl=1\" data-orig-size=\"2560,1920\" data-comments-opened=\"1\" data-image-meta=\"{&quot;aperture&quot;:&quot;1.8&quot;,&quot;credit&quot;:&quot;&quot;,&quot;camera&quot;:&quot;iPhone 7&quot;,&quot;caption&quot;:&quot;&quot;,&quot;created_timestamp&quot;:&quot;1595708668&quot;,&quot;copyright&quot;:&quot;&quot;,&quot;focal_length&quot;:&quot;3.99&quot;,&quot;iso&quot;:&quot;100&quot;,&quot;shutter_speed&quot;:&quot;0.2&quot;,&quot;title&quot;:&quot;&quot;,&quot;orientation&quot;:&quot;1&quot;}\" data-image-title=\"Le grand m\u00e9chant renard 3\" data-image-description=\"\" data-image-caption=\"\" data-large-file=\"https:\/\/i0.wp.com\/www.jojoenherbe.com\/wp-content\/uploads\/2020\/07\/Le-grand-m%C3%A9chant-renard-3-scaled.jpg?fit=676%2C507&amp;ssl=1\" class=\"alignleft size-thumbnail wp-image-11633\" src=\"https:\/\/i0.wp.com\/www.jojoenherbe.com\/wp-content\/uploads\/2020\/07\/Le-grand-m%C3%A9chant-renard-3.jpg?resize=150%2C150\" alt=\"\" width=\"150\" height=\"150\" srcset=\"https:\/\/i0.wp.com\/www.jojoenherbe.com\/wp-content\/uploads\/2020\/07\/Le-grand-m%C3%A9chant-renard-3-scaled.jpg?resize=150%2C150&amp;ssl=1 150w, https:\/\/i0.wp.com\/www.jojoenherbe.com\/wp-content\/uploads\/2020\/07\/Le-grand-m%C3%A9chant-renard-3-scaled.jpg?zoom=2&amp;resize=150%2C150 300w, https:\/\/i0.wp.com\/www.jojoenherbe.com\/wp-content\/uploads\/2020\/07\/Le-grand-m%C3%A9chant-renard-3-scaled.jpg?zoom=3&amp;resize=150%2C150 450w\" sizes=\"auto, (max-width: 150px) 100vw, 150px\" \/><\/a> <a href=\"https:\/\/i0.wp.com\/www.jojoenherbe.com\/wp-content\/uploads\/2020\/07\/Le-grand-m%C3%A9chant-renard-2-scaled.jpg\"><img data-recalc-dims=\"1\" loading=\"lazy\" decoding=\"async\" data-attachment-id=\"11632\" data-permalink=\"https:\/\/www.jojoenherbe.com\/index.php\/2020\/07\/26\/au-fil-des-pages-avec-le-grand-mechant-renard\/le-grand-mechant-renard-2\/\" data-orig-file=\"https:\/\/i0.wp.com\/www.jojoenherbe.com\/wp-content\/uploads\/2020\/07\/Le-grand-m%C3%A9chant-renard-2-scaled.jpg?fit=2560%2C1920&amp;ssl=1\" data-orig-size=\"2560,1920\" data-comments-opened=\"1\" data-image-meta=\"{&quot;aperture&quot;:&quot;1.8&quot;,&quot;credit&quot;:&quot;&quot;,&quot;camera&quot;:&quot;iPhone 7&quot;,&quot;caption&quot;:&quot;&quot;,&quot;created_timestamp&quot;:&quot;1595708549&quot;,&quot;copyright&quot;:&quot;&quot;,&quot;focal_length&quot;:&quot;3.99&quot;,&quot;iso&quot;:&quot;100&quot;,&quot;shutter_speed&quot;:&quot;0.2&quot;,&quot;title&quot;:&quot;&quot;,&quot;orientation&quot;:&quot;1&quot;}\" data-image-title=\"Le grand m\u00e9chant renard 2\" data-image-description=\"\" data-image-caption=\"\" data-large-file=\"https:\/\/i0.wp.com\/www.jojoenherbe.com\/wp-content\/uploads\/2020\/07\/Le-grand-m%C3%A9chant-renard-2-scaled.jpg?fit=676%2C507&amp;ssl=1\" class=\"alignleft size-thumbnail wp-image-11632\" src=\"https:\/\/i0.wp.com\/www.jojoenherbe.com\/wp-content\/uploads\/2020\/07\/Le-grand-m%C3%A9chant-renard-2.jpg?resize=150%2C150\" alt=\"\" width=\"150\" height=\"150\" srcset=\"https:\/\/i0.wp.com\/www.jojoenherbe.com\/wp-content\/uploads\/2020\/07\/Le-grand-m%C3%A9chant-renard-2-scaled.jpg?resize=150%2C150&amp;ssl=1 150w, https:\/\/i0.wp.com\/www.jojoenherbe.com\/wp-content\/uploads\/2020\/07\/Le-grand-m%C3%A9chant-renard-2-scaled.jpg?zoom=2&amp;resize=150%2C150 300w, https:\/\/i0.wp.com\/www.jojoenherbe.com\/wp-content\/uploads\/2020\/07\/Le-grand-m%C3%A9chant-renard-2-scaled.jpg?zoom=3&amp;resize=150%2C150 450w\" sizes=\"auto, (max-width: 150px) 100vw, 150px\" \/><\/a><em>J&rsquo;ai emprunt\u00e9 \u00e0 la m\u00e9diath\u00e8que <span style=\"text-decoration: underline;\">Le grand m\u00e9chant renard<\/span> de Benjamin Renner (\u00e9d. Delcourt, coll. Shampooing, 2015), une BD jeunesse \u00e0 partir de 6 ans (voire plus grand compte-tenu du langage familier employ\u00e9). <span class=\"\">Un renard est bien incapable de croquer la moindre poule de la ferme voisine et doit se contenter de navets. Il s\u2019associe au loup pour un plan infaillible : voler les \u0153ufs d\u2019une poule, les couver pour ensuite mieux les d\u00e9vorer. Mais les poussins prennent le renard pour leur m\u00e8re. Et le renard finit par se prendre d\u2019affection pour eux, la situation lui \u00e9chappant une fois de plus.<\/span><\/em><\/p>\n<p style=\"text-align: justify;\"><em><span class=\"\">Cette BD sans cases encha\u00eene les situations les plus loufoques et attendrissantes avec un renard qui se dit grand m\u00e9chant mais qui est compl\u00e8tement d\u00e9pass\u00e9 autant dans son r\u00f4le de pr\u00e9dateur que de parent improvis\u00e9. Sans oublier les autres animaux de la ferme comme une poule \u00e0 la t\u00eate du Club d\u2019extermination des renards et un chien de garde fain\u00e9ant. Coup de c\u0153ur pour cette BD jeunesse hilarante qui s\u2019amuse avec la parentalit\u00e9 et le d\u00e9terminisme biologique et social! Il ne me reste plus qu\u2019\u00e0 voir son adaptation en dessin anim\u00e9&#8230;<\/span><\/em><\/p>\n<div style=\"width: 134px\" class=\"wp-caption aligncenter\"><img loading=\"lazy\" decoding=\"async\" class=\"\" src=\"https:\/\/lh3.googleusercontent.com\/yeyHsyE8ePB9xQx2t9obPo4nIUGeuGsS-P1wwGiEip3f9lcFED23VkM1Pr5hYoy4puCex2GzVOyZNHjl5qeUnhImyiKFqwfTaONmF_HEc7SEvgxhr1eZXuJ6zzg9JfEY4XADWBPBCxMLePs3HiWfgCjRFVaAIkiQhaX8RGfOMzZhoMNQUFFuWlglQGRva5RIkSFvo7nk3yMWVz4PgUXBK3Uof2Hf073K4C6YvQC1u6gRN2BCr4tNyqitAlYfULcqVlua9UK9L5kLVOZWs2-xrAzDf1K3rxU8pxE6Fdm1EI8_YbPW09CsTNa9CW1z0lvieJ6Ify6BbltA9XBnOC99XwB4E833hDdb9KWRbKTb8bwsVGIAFF1x2JkOCAWTkq3OtXJmlgaccySEr2PvCr9rzIA4GtrzB04GpU7RNPlnkfNDjtPoy6UR5nf5SD-RQvfrkHaKDQocAHpi1MoHr0bWF4h3F08r5y_TM01DqKXAgeInHehhuxNBZ4LGs7Emk2ol6RPfVd4UEj0916JVKRknXSsSbJG_50ptPlCGTOdHDTOUMc6x63Wp68_DnNhG9qn5FPKuDHhZvC008a4nifQFWuKVT6HvqNgW-LcvXb0wnjbSwgS8qwHb3LtHJj3uAe971aQRDPkS146UchPgCLNczeUje4Y3YFpuV4P1KYu67RSdAOITJNzzSRO2Dycc1PCqSdc7IoPwLu0-aT-FJ0m-KvlkUQLXoamPhl2WKbODyZSfc5ZT=w285-h217-no\" alt=\"\" width=\"124\" height=\"94\" \/><p class=\"wp-caption-text\"><a href=\"https:\/\/ennalit.wordpress.com\/2019\/12\/01\/challenge-petit-bac-2020-qui-veut-jouer\/\">Challenge Petit Bac d&rsquo;Enna<\/a> #8 Cat\u00e9gorie Animal: \u00ab\u00a0Renard\u00a0\u00bb<\/p><\/div>\n","protected":false},"excerpt":{"rendered":"<p>J&rsquo;ai emprunt\u00e9 \u00e0 la m\u00e9diath\u00e8que Le grand m\u00e9chant renard de Benjamin Renner (\u00e9d. Delcourt, coll. Shampooing, 2015), une BD jeunesse \u00e0 partir de 6 ans (voire plus grand compte-tenu du langage familier employ\u00e9). Un renard est bien incapable de croquer la moindre poule de la ferme voisine et doit se contenter de navets. Il s\u2019associe [&hellip;]<\/p>\n","protected":false},"author":1,"featured_media":11634,"comment_status":"open","ping_status":"open","sticky":false,"template":"","format":"standard","meta":{"jetpack_post_was_ever_published":false,"_jetpack_newsletter_access":"","_jetpack_dont_email_post_to_subs":false,"_jetpack_newsletter_tier_id":0,"_jetpack_memberships_contains_paywalled_content":false,"_jetpack_memberships_contains_paid_content":false,"footnotes":""},"categories":[363],"tags":[788,478,596,1226,1632,1352,563,955,538,222,367,541,1633,1504,392,544,1409,394],"class_list":["post-11631","post","type-post","status-publish","format-standard","has-post-thumbnail","hentry","category-mini-lecteur","tag-6-9-ans","tag-animaux-de-la-ferme","tag-bandes-dessinees","tag-bd-jeunesse","tag-benjamin-renner","tag-challenge-petit-bac-2020","tag-chien","tag-cochon","tag-humour","tag-lapin","tag-lecture-jeunesse","tag-loup","tag-parentalite","tag-poulailler","tag-poule","tag-poussin","tag-relation-parent-enfant","tag-renard","post-preview"],"jetpack_featured_media_url":"https:\/\/i0.wp.com\/www.jojoenherbe.com\/wp-content\/uploads\/2020\/07\/Le-grand-m%C3%A9chant-renard-scaled.jpg?fit=2560%2C1920&ssl=1","jetpack_sharing_enabled":true,"jetpack_shortlink":"https:\/\/wp.me\/p9zhGx-31B","jetpack_likes_enabled":true,"jetpack-related-posts":[{"id":15353,"url":"https:\/\/www.jojoenherbe.com\/index.php\/2021\/02\/03\/au-fil-des-pages-avec-maman-ours\/","url_meta":{"origin":11631,"position":0},"title":"Au fil des pages avec Maman Ours","author":"Jojo","date":"3 f\u00e9vrier 2021","format":false,"excerpt":"Nous empruntons, \u00e0 nouveau, \u00e0 la m\u00e9diath\u00e8que Maman Ours de Ryan T. Higgins (\u00e9d. Albin Michel Jeunesse, 2016), un album jeunesse \u00e0 partir de 3 ans et je me rends compte que je n'avais pas encore pris le temps de le chroniquer sur le blog. Marcel est un ours solitaire\u2026","rel":"","context":"Dans &quot;Mini lecteur&quot;","block_context":{"text":"Mini lecteur","link":"https:\/\/www.jojoenherbe.com\/index.php\/category\/mini-lecteur\/"},"img":{"alt_text":"","src":"https:\/\/i0.wp.com\/www.jojoenherbe.com\/wp-content\/uploads\/2021\/01\/Maman-Ours-2-scaled.jpg?fit=1200%2C785&ssl=1&resize=350%2C200","width":350,"height":200,"srcset":"https:\/\/i0.wp.com\/www.jojoenherbe.com\/wp-content\/uploads\/2021\/01\/Maman-Ours-2-scaled.jpg?fit=1200%2C785&ssl=1&resize=350%2C200 1x, https:\/\/i0.wp.com\/www.jojoenherbe.com\/wp-content\/uploads\/2021\/01\/Maman-Ours-2-scaled.jpg?fit=1200%2C785&ssl=1&resize=525%2C300 1.5x, https:\/\/i0.wp.com\/www.jojoenherbe.com\/wp-content\/uploads\/2021\/01\/Maman-Ours-2-scaled.jpg?fit=1200%2C785&ssl=1&resize=700%2C400 2x, https:\/\/i0.wp.com\/www.jojoenherbe.com\/wp-content\/uploads\/2021\/01\/Maman-Ours-2-scaled.jpg?fit=1200%2C785&ssl=1&resize=1050%2C600 3x"},"classes":[]},{"id":30277,"url":"https:\/\/www.jojoenherbe.com\/index.php\/2023\/03\/05\/au-fil-des-pages-avec-monsieur-walter\/","url_meta":{"origin":11631,"position":1},"title":"Au fil des pages avec Monsieur Walter","author":"Jojo","date":"5 mars 2023","format":false,"excerpt":"Nous avions lu et relu en novembre 2021 Monsieur Walter de Cl\u00e9ment Lef\u00e8vre (\u00e9d. Chocolat! Jeunesse, 2015), un album jeunesse grand format \u00e0 partir de 4 ans. Apr\u00e8s une inondation, Monsieur Walter, un renard se retrouve bien seul sur le toit de sa maison submerg\u00e9e. Les jours passent jusqu\u2019\u00e0 ce\u2026","rel":"","context":"Dans &quot;Mini lecteur&quot;","block_context":{"text":"Mini lecteur","link":"https:\/\/www.jojoenherbe.com\/index.php\/category\/mini-lecteur\/"},"img":{"alt_text":"","src":"https:\/\/i0.wp.com\/www.jojoenherbe.com\/wp-content\/uploads\/2021\/11\/Monsieur-Walter-scaled.jpg?fit=1200%2C991&ssl=1&resize=350%2C200","width":350,"height":200,"srcset":"https:\/\/i0.wp.com\/www.jojoenherbe.com\/wp-content\/uploads\/2021\/11\/Monsieur-Walter-scaled.jpg?fit=1200%2C991&ssl=1&resize=350%2C200 1x, https:\/\/i0.wp.com\/www.jojoenherbe.com\/wp-content\/uploads\/2021\/11\/Monsieur-Walter-scaled.jpg?fit=1200%2C991&ssl=1&resize=525%2C300 1.5x, https:\/\/i0.wp.com\/www.jojoenherbe.com\/wp-content\/uploads\/2021\/11\/Monsieur-Walter-scaled.jpg?fit=1200%2C991&ssl=1&resize=700%2C400 2x, https:\/\/i0.wp.com\/www.jojoenherbe.com\/wp-content\/uploads\/2021\/11\/Monsieur-Walter-scaled.jpg?fit=1200%2C991&ssl=1&resize=1050%2C600 3x"},"classes":[]},{"id":24833,"url":"https:\/\/www.jojoenherbe.com\/index.php\/2022\/04\/20\/point-lecture-hebdomadaire-37\/","url_meta":{"origin":11631,"position":2},"title":"Point lecture hebdomadaire #37","author":"Jojo","date":"20 avril 2022","format":false,"excerpt":"En ce (presque) d\u00e9but de semaine, voici notre point lecture hebdomadaire avec un retour sur nos lectures de la semaine derni\u00e8re (mais pas nos relectures) et ma lecture en cours. Nos lectures du\u00a0 11 au 17 avril 2022: Des lectures jeunesse: (Album jeunesse) Interdit aux \u00e9l\u00e9phants de Lisa Mantchev et\u2026","rel":"","context":"Dans &quot;Mini blogueur&quot;","block_context":{"text":"Mini blogueur","link":"https:\/\/www.jojoenherbe.com\/index.php\/category\/mini-blogueur\/"},"img":{"alt_text":"","src":"https:\/\/i0.wp.com\/www.jojoenherbe.com\/wp-content\/uploads\/2022\/04\/Point-lecture-hebdo-37-scaled.jpg?fit=1200%2C900&ssl=1&resize=350%2C200","width":350,"height":200,"srcset":"https:\/\/i0.wp.com\/www.jojoenherbe.com\/wp-content\/uploads\/2022\/04\/Point-lecture-hebdo-37-scaled.jpg?fit=1200%2C900&ssl=1&resize=350%2C200 1x, https:\/\/i0.wp.com\/www.jojoenherbe.com\/wp-content\/uploads\/2022\/04\/Point-lecture-hebdo-37-scaled.jpg?fit=1200%2C900&ssl=1&resize=525%2C300 1.5x, https:\/\/i0.wp.com\/www.jojoenherbe.com\/wp-content\/uploads\/2022\/04\/Point-lecture-hebdo-37-scaled.jpg?fit=1200%2C900&ssl=1&resize=700%2C400 2x, https:\/\/i0.wp.com\/www.jojoenherbe.com\/wp-content\/uploads\/2022\/04\/Point-lecture-hebdo-37-scaled.jpg?fit=1200%2C900&ssl=1&resize=1050%2C600 3x"},"classes":[]},{"id":14540,"url":"https:\/\/www.jojoenherbe.com\/index.php\/2020\/12\/28\/au-fil-des-pages-avec-le-renard-et-le-lutin\/","url_meta":{"origin":11631,"position":3},"title":"Au fil des pages avec Le Renard et le Lutin","author":"Jojo","date":"28 d\u00e9cembre 2020","format":false,"excerpt":"Pour les f\u00eates de No\u00ebl, nous empruntons \u00e0 la m\u00e9diath\u00e8que Le Renard et le Lutin d'Astrid Lindgren et Eva Eriksson (\u00e9d. L'\u00e9cole des loisirs, 2018), un album jeunesse \u00e0 partir de 3 ans. A No\u00ebl, \u00e0 la nuit tomb\u00e9e, pendant que les enfants jouent dans le salon, Goupil, un renard\u2026","rel":"","context":"Dans &quot;Mini lecteur&quot;","block_context":{"text":"Mini lecteur","link":"https:\/\/www.jojoenherbe.com\/index.php\/category\/mini-lecteur\/"},"img":{"alt_text":"","src":"https:\/\/i0.wp.com\/www.jojoenherbe.com\/wp-content\/uploads\/2020\/12\/Le-Renard-et-le-Lutin-scaled.jpg?fit=1200%2C900&ssl=1&resize=350%2C200","width":350,"height":200,"srcset":"https:\/\/i0.wp.com\/www.jojoenherbe.com\/wp-content\/uploads\/2020\/12\/Le-Renard-et-le-Lutin-scaled.jpg?fit=1200%2C900&ssl=1&resize=350%2C200 1x, https:\/\/i0.wp.com\/www.jojoenherbe.com\/wp-content\/uploads\/2020\/12\/Le-Renard-et-le-Lutin-scaled.jpg?fit=1200%2C900&ssl=1&resize=525%2C300 1.5x, https:\/\/i0.wp.com\/www.jojoenherbe.com\/wp-content\/uploads\/2020\/12\/Le-Renard-et-le-Lutin-scaled.jpg?fit=1200%2C900&ssl=1&resize=700%2C400 2x, https:\/\/i0.wp.com\/www.jojoenherbe.com\/wp-content\/uploads\/2020\/12\/Le-Renard-et-le-Lutin-scaled.jpg?fit=1200%2C900&ssl=1&resize=1050%2C600 3x"},"classes":[]},{"id":10764,"url":"https:\/\/www.jojoenherbe.com\/index.php\/2020\/04\/19\/semaine-16-du-projet-52-2020-animaux-de-la-ferme\/","url_meta":{"origin":11631,"position":4},"title":"Semaine 16 du Projet 52-2020: Animaux de la ferme","author":"Jojo","date":"19 avril 2020","format":false,"excerpt":"Pour la semaine 16 du Projet 52-2020 de Du c\u00f4t\u00e9 de chez Ma', le th\u00e8me est \"Animaux de la ferme\". Avec cette p\u00e9riode de confinement, il n'est pas possible d'en voir de nos fen\u00eatres, pas plus que dans le p\u00e9rim\u00e8tre autoris\u00e9 de sortie. Je n'avais pas envie de piocher dans\u2026","rel":"","context":"Dans &quot;Mini joueur&quot;","block_context":{"text":"Mini joueur","link":"https:\/\/www.jojoenherbe.com\/index.php\/category\/mini-decouvreur\/mini-joueur\/"},"img":{"alt_text":"","src":"https:\/\/i0.wp.com\/www.jojoenherbe.com\/wp-content\/uploads\/2020\/04\/Animaux-de-la-ferme-2-scaled.jpg?fit=1200%2C782&ssl=1&resize=350%2C200","width":350,"height":200,"srcset":"https:\/\/i0.wp.com\/www.jojoenherbe.com\/wp-content\/uploads\/2020\/04\/Animaux-de-la-ferme-2-scaled.jpg?fit=1200%2C782&ssl=1&resize=350%2C200 1x, https:\/\/i0.wp.com\/www.jojoenherbe.com\/wp-content\/uploads\/2020\/04\/Animaux-de-la-ferme-2-scaled.jpg?fit=1200%2C782&ssl=1&resize=525%2C300 1.5x, https:\/\/i0.wp.com\/www.jojoenherbe.com\/wp-content\/uploads\/2020\/04\/Animaux-de-la-ferme-2-scaled.jpg?fit=1200%2C782&ssl=1&resize=700%2C400 2x, https:\/\/i0.wp.com\/www.jojoenherbe.com\/wp-content\/uploads\/2020\/04\/Animaux-de-la-ferme-2-scaled.jpg?fit=1200%2C782&ssl=1&resize=1050%2C600 3x"},"classes":[]},{"id":26635,"url":"https:\/\/www.jojoenherbe.com\/index.php\/2022\/07\/21\/au-fil-des-pages-avec-la-milleclat-doree\/","url_meta":{"origin":11631,"position":5},"title":"Au fil des pages avec La mill\u00e9clat dor\u00e9e","author":"Jojo","date":"21 juillet 2022","format":false,"excerpt":"En novembre 2021, nous avions lu La mill\u00e9clat dor\u00e9e de Benjamin Flow\u00a0 (\u00e9d. La Past\u00e8que, 2017), un album jeunesse aux tr\u00e8s jolies illustrations \u00e0 partir de 5 ans. Un soir, plong\u00e9 dans la lecture d'un de ses nombreux livres de botanique, Renard d\u00e9couvre l'existence d'une fleur tr\u00e8s rare: la mill\u00e9clat\u2026","rel":"","context":"Dans &quot;Mini lecteur&quot;","block_context":{"text":"Mini lecteur","link":"https:\/\/www.jojoenherbe.com\/index.php\/category\/mini-lecteur\/"},"img":{"alt_text":"","src":"https:\/\/i0.wp.com\/www.jojoenherbe.com\/wp-content\/uploads\/2022\/07\/La-milleclat-doree-scaled.jpg?fit=1200%2C826&ssl=1&resize=350%2C200","width":350,"height":200,"srcset":"https:\/\/i0.wp.com\/www.jojoenherbe.com\/wp-content\/uploads\/2022\/07\/La-milleclat-doree-scaled.jpg?fit=1200%2C826&ssl=1&resize=350%2C200 1x, https:\/\/i0.wp.com\/www.jojoenherbe.com\/wp-content\/uploads\/2022\/07\/La-milleclat-doree-scaled.jpg?fit=1200%2C826&ssl=1&resize=525%2C300 1.5x, https:\/\/i0.wp.com\/www.jojoenherbe.com\/wp-content\/uploads\/2022\/07\/La-milleclat-doree-scaled.jpg?fit=1200%2C826&ssl=1&resize=700%2C400 2x, https:\/\/i0.wp.com\/www.jojoenherbe.com\/wp-content\/uploads\/2022\/07\/La-milleclat-doree-scaled.jpg?fit=1200%2C826&ssl=1&resize=1050%2C600 3x"},"classes":[]}],"_links":{"self":[{"href":"https:\/\/www.jojoenherbe.com\/index.php\/wp-json\/wp\/v2\/posts\/11631","targetHints":{"allow":["GET"]}}],"collection":[{"href":"https:\/\/www.jojoenherbe.com\/index.php\/wp-json\/wp\/v2\/posts"}],"about":[{"href":"https:\/\/www.jojoenherbe.com\/index.php\/wp-json\/wp\/v2\/types\/post"}],"author":[{"embeddable":true,"href":"https:\/\/www.jojoenherbe.com\/index.php\/wp-json\/wp\/v2\/users\/1"}],"replies":[{"embeddable":true,"href":"https:\/\/www.jojoenherbe.com\/index.php\/wp-json\/wp\/v2\/comments?post=11631"}],"version-history":[{"count":2,"href":"https:\/\/www.jojoenherbe.com\/index.php\/wp-json\/wp\/v2\/posts\/11631\/revisions"}],"predecessor-version":[{"id":36829,"href":"https:\/\/www.jojoenherbe.com\/index.php\/wp-json\/wp\/v2\/posts\/11631\/revisions\/36829"}],"wp:featuredmedia":[{"embeddable":true,"href":"https:\/\/www.jojoenherbe.com\/index.php\/wp-json\/wp\/v2\/media\/11634"}],"wp:attachment":[{"href":"https:\/\/www.jojoenherbe.com\/index.php\/wp-json\/wp\/v2\/media?parent=11631"}],"wp:term":[{"taxonomy":"category","embeddable":true,"href":"https:\/\/www.jojoenherbe.com\/index.php\/wp-json\/wp\/v2\/categories?post=11631"},{"taxonomy":"post_tag","embeddable":true,"href":"https:\/\/www.jojoenherbe.com\/index.php\/wp-json\/wp\/v2\/tags?post=11631"}],"curies":[{"name":"wp","href":"https:\/\/api.w.org\/{rel}","templated":true}]}}