{"id":11591,"date":"2020-07-30T17:51:00","date_gmt":"2020-07-30T15:51:00","guid":{"rendered":"http:\/\/www.jojoenherbe.com\/?p=11591"},"modified":"2021-01-07T17:54:56","modified_gmt":"2021-01-07T16:54:56","slug":"au-fil-des-pages-avec-on-joue","status":"publish","type":"post","link":"https:\/\/www.jojoenherbe.com\/index.php\/2020\/07\/30\/au-fil-des-pages-avec-on-joue\/","title":{"rendered":"Au fil des pages avec On joue?"},"content":{"rendered":"<p style=\"text-align: justify;\"><em><span class=\"\"><a href=\"https:\/\/i0.wp.com\/www.jojoenherbe.com\/wp-content\/uploads\/2020\/07\/On-joue-2-scaled.jpg\"><img data-recalc-dims=\"1\" loading=\"lazy\" decoding=\"async\" data-attachment-id=\"11593\" data-permalink=\"https:\/\/www.jojoenherbe.com\/index.php\/2020\/07\/30\/au-fil-des-pages-avec-on-joue\/on-joue-2\/\" data-orig-file=\"https:\/\/i0.wp.com\/www.jojoenherbe.com\/wp-content\/uploads\/2020\/07\/On-joue-2-scaled.jpg?fit=2560%2C1920&amp;ssl=1\" data-orig-size=\"2560,1920\" data-comments-opened=\"1\" data-image-meta=\"{&quot;aperture&quot;:&quot;1.8&quot;,&quot;credit&quot;:&quot;&quot;,&quot;camera&quot;:&quot;iPhone 7&quot;,&quot;caption&quot;:&quot;&quot;,&quot;created_timestamp&quot;:&quot;1594580627&quot;,&quot;copyright&quot;:&quot;&quot;,&quot;focal_length&quot;:&quot;3.99&quot;,&quot;iso&quot;:&quot;64&quot;,&quot;shutter_speed&quot;:&quot;0.058823529411765&quot;,&quot;title&quot;:&quot;&quot;,&quot;orientation&quot;:&quot;1&quot;}\" data-image-title=\"On joue 2\" data-image-description=\"\" data-image-caption=\"\" data-large-file=\"https:\/\/i0.wp.com\/www.jojoenherbe.com\/wp-content\/uploads\/2020\/07\/On-joue-2-scaled.jpg?fit=676%2C507&amp;ssl=1\" class=\"alignleft size-thumbnail wp-image-11593\" src=\"https:\/\/i0.wp.com\/www.jojoenherbe.com\/wp-content\/uploads\/2020\/07\/On-joue-2.jpg?resize=150%2C150\" alt=\"\" width=\"150\" height=\"150\" srcset=\"https:\/\/i0.wp.com\/www.jojoenherbe.com\/wp-content\/uploads\/2020\/07\/On-joue-2-scaled.jpg?resize=150%2C150&amp;ssl=1 150w, https:\/\/i0.wp.com\/www.jojoenherbe.com\/wp-content\/uploads\/2020\/07\/On-joue-2-scaled.jpg?zoom=2&amp;resize=150%2C150 300w, https:\/\/i0.wp.com\/www.jojoenherbe.com\/wp-content\/uploads\/2020\/07\/On-joue-2-scaled.jpg?zoom=3&amp;resize=150%2C150 450w\" sizes=\"auto, (max-width: 150px) 100vw, 150px\" \/><\/a> <a href=\"https:\/\/i0.wp.com\/www.jojoenherbe.com\/wp-content\/uploads\/2020\/07\/On-joue-4-scaled.jpg\"><img data-recalc-dims=\"1\" loading=\"lazy\" decoding=\"async\" data-attachment-id=\"11595\" data-permalink=\"https:\/\/www.jojoenherbe.com\/index.php\/2020\/07\/30\/au-fil-des-pages-avec-on-joue\/on-joue-4\/\" data-orig-file=\"https:\/\/i0.wp.com\/www.jojoenherbe.com\/wp-content\/uploads\/2020\/07\/On-joue-4-scaled.jpg?fit=2560%2C1920&amp;ssl=1\" data-orig-size=\"2560,1920\" data-comments-opened=\"1\" data-image-meta=\"{&quot;aperture&quot;:&quot;1.8&quot;,&quot;credit&quot;:&quot;&quot;,&quot;camera&quot;:&quot;iPhone 7&quot;,&quot;caption&quot;:&quot;&quot;,&quot;created_timestamp&quot;:&quot;1594580687&quot;,&quot;copyright&quot;:&quot;&quot;,&quot;focal_length&quot;:&quot;3.99&quot;,&quot;iso&quot;:&quot;50&quot;,&quot;shutter_speed&quot;:&quot;0.058823529411765&quot;,&quot;title&quot;:&quot;&quot;,&quot;orientation&quot;:&quot;1&quot;}\" data-image-title=\"On joue 4\" data-image-description=\"\" data-image-caption=\"\" data-large-file=\"https:\/\/i0.wp.com\/www.jojoenherbe.com\/wp-content\/uploads\/2020\/07\/On-joue-4-scaled.jpg?fit=676%2C507&amp;ssl=1\" class=\"alignleft size-thumbnail wp-image-11595\" src=\"https:\/\/i0.wp.com\/www.jojoenherbe.com\/wp-content\/uploads\/2020\/07\/On-joue-4.jpg?resize=150%2C150\" alt=\"\" width=\"150\" height=\"150\" srcset=\"https:\/\/i0.wp.com\/www.jojoenherbe.com\/wp-content\/uploads\/2020\/07\/On-joue-4-scaled.jpg?resize=150%2C150&amp;ssl=1 150w, https:\/\/i0.wp.com\/www.jojoenherbe.com\/wp-content\/uploads\/2020\/07\/On-joue-4-scaled.jpg?zoom=2&amp;resize=150%2C150 300w, https:\/\/i0.wp.com\/www.jojoenherbe.com\/wp-content\/uploads\/2020\/07\/On-joue-4-scaled.jpg?zoom=3&amp;resize=150%2C150 450w\" sizes=\"auto, (max-width: 150px) 100vw, 150px\" \/><\/a>Nous lisons ces derni\u00e8res semaines <span style=\"text-decoration: underline;\">On joue?<\/span> d\u2019Herv\u00e9 Tullet (\u00e9d. Bayard Jeunesse, 2016), un album jeunesse \u00e0 partir de 3 ans. Nous nous amusons \u00e0 faire vivre un petit point rond jaune au fil des pages, le livre devenant un gigantesque terrain de jeux. <\/span><\/em><\/p>\n<p style=\"text-align: justify;\"><em><span class=\"\">Que d\u2019inventivit\u00e9 chez cet auteur qui nous demande de toucher le rond ou de suivre les trac\u00e9s et m\u00eame de secouer le livre! Pour les jeunes lecteurs, c&rsquo;est une fa\u00e7on amusante de faire \u00ab\u00a0vivre\u00a0\u00bb un livre et de d\u00e9couvrir les formes et de se rappeler les couleurs qui ont pu \u00eatre vues dans un autre album jeunesse de cet auteur, <span style=\"text-decoration: underline;\">Jeu des couleurs<\/span> (\u00e9d. Ph\u00e9idon, 2012). Alors vous jouez aussi?<\/span><\/em><\/p>\n","protected":false},"excerpt":{"rendered":"<p>Nous lisons ces derni\u00e8res semaines On joue? d\u2019Herv\u00e9 Tullet (\u00e9d. Bayard Jeunesse, 2016), un album jeunesse \u00e0 partir de 3 ans. Nous nous amusons \u00e0 faire vivre un petit point rond jaune au fil des pages, le livre devenant un gigantesque terrain de jeux. Que d\u2019inventivit\u00e9 chez cet auteur qui nous demande de toucher le [&hellip;]<\/p>\n","protected":false},"author":1,"featured_media":11596,"comment_status":"open","ping_status":"open","sticky":false,"template":"","format":"standard","meta":{"jetpack_post_was_ever_published":false,"_jetpack_newsletter_access":"","_jetpack_dont_email_post_to_subs":false,"_jetpack_newsletter_tier_id":0,"_jetpack_memberships_contains_paywalled_content":false,"_jetpack_memberships_contains_paid_content":false,"footnotes":""},"categories":[363],"tags":[785,1201,409,239,2057,1620,367,1323,240,637],"class_list":["post-11591","post","type-post","status-publish","format-standard","has-post-thumbnail","hentry","category-mini-lecteur","tag-3-6-ans","tag-album-jeu","tag-albums-jeunesse","tag-couleurs","tag-formes","tag-herve-tullet","tag-lecture-jeunesse","tag-livre-participatif","tag-motricite-fine","tag-rond","post-preview"],"jetpack_featured_media_url":"https:\/\/i0.wp.com\/www.jojoenherbe.com\/wp-content\/uploads\/2020\/07\/On-joue-scaled.jpg?fit=2560%2C1920&ssl=1","jetpack_sharing_enabled":true,"jetpack_shortlink":"https:\/\/wp.me\/p9zhGx-30X","jetpack_likes_enabled":true,"jetpack-related-posts":[{"id":17717,"url":"https:\/\/www.jojoenherbe.com\/index.php\/2021\/04\/22\/au-fil-des-pages-avec-fleurs\/","url_meta":{"origin":11591,"position":0},"title":"Au fil des pages avec Fleurs!","author":"Jojo","date":"22 avril 2021","format":false,"excerpt":"Avec l'arriv\u00e9e du printemps, j'ai emprunt\u00e9 \u00e0 la m\u00e9diath\u00e8que plusieurs albums jeunesse sur le th\u00e8me floral, comme Fleurs! d'Herv\u00e9 Tullet (\u00e9d. Bayard Jeunesse, 2019), un livre-accord\u00e9on cartonn\u00e9 sans textes et qui une fois d\u00e9pli\u00e9, se termine par un fleur-miroir. Comme toujours avec Herv\u00e9 Tullet, c'est un livre qui permet aux\u2026","rel":"","context":"Dans &quot;Mini joueur&quot;","block_context":{"text":"Mini joueur","link":"https:\/\/www.jojoenherbe.com\/index.php\/category\/mini-decouvreur\/mini-joueur\/"},"img":{"alt_text":"","src":"https:\/\/i0.wp.com\/www.jojoenherbe.com\/wp-content\/uploads\/2021\/04\/Fleurs-6-scaled.jpg?fit=1200%2C934&ssl=1&resize=350%2C200","width":350,"height":200,"srcset":"https:\/\/i0.wp.com\/www.jojoenherbe.com\/wp-content\/uploads\/2021\/04\/Fleurs-6-scaled.jpg?fit=1200%2C934&ssl=1&resize=350%2C200 1x, https:\/\/i0.wp.com\/www.jojoenherbe.com\/wp-content\/uploads\/2021\/04\/Fleurs-6-scaled.jpg?fit=1200%2C934&ssl=1&resize=525%2C300 1.5x, https:\/\/i0.wp.com\/www.jojoenherbe.com\/wp-content\/uploads\/2021\/04\/Fleurs-6-scaled.jpg?fit=1200%2C934&ssl=1&resize=700%2C400 2x, https:\/\/i0.wp.com\/www.jojoenherbe.com\/wp-content\/uploads\/2021\/04\/Fleurs-6-scaled.jpg?fit=1200%2C934&ssl=1&resize=1050%2C600 3x"},"classes":[]},{"id":36150,"url":"https:\/\/www.jojoenherbe.com\/index.php\/2024\/05\/14\/au-fil-des-pages-avec-debout-maman-oie-ours\/","url_meta":{"origin":11591,"position":1},"title":"Au fil des pages avec Debout, Maman (oie) ours!","author":"Jojo","date":"14 mai 2024","format":false,"excerpt":"Nous avons lu (et secou\u00e9!) Debout, Maman Oie Ours! de Ryan T. Higgins (\u00e9d. Albin Michel Jeunesse, septembre 2022, 48 pages), un album jeunesse \u00e0 partir de 3 ans. Marcel l'ours grincheux voudrait bien faire la sieste. Mais les trois souris turbulentes en ont d\u00e9cid\u00e9 autrement, voulant faire de Marcel\u2026","rel":"","context":"Dans &quot;Mini lecteur&quot;","block_context":{"text":"Mini lecteur","link":"https:\/\/www.jojoenherbe.com\/index.php\/category\/mini-lecteur\/"},"img":{"alt_text":"","src":"https:\/\/i0.wp.com\/www.jojoenherbe.com\/wp-content\/uploads\/2024\/05\/Debout-Maman-Oie-Ours-scaled.jpg?fit=1200%2C757&ssl=1&resize=350%2C200","width":350,"height":200,"srcset":"https:\/\/i0.wp.com\/www.jojoenherbe.com\/wp-content\/uploads\/2024\/05\/Debout-Maman-Oie-Ours-scaled.jpg?fit=1200%2C757&ssl=1&resize=350%2C200 1x, https:\/\/i0.wp.com\/www.jojoenherbe.com\/wp-content\/uploads\/2024\/05\/Debout-Maman-Oie-Ours-scaled.jpg?fit=1200%2C757&ssl=1&resize=525%2C300 1.5x, https:\/\/i0.wp.com\/www.jojoenherbe.com\/wp-content\/uploads\/2024\/05\/Debout-Maman-Oie-Ours-scaled.jpg?fit=1200%2C757&ssl=1&resize=700%2C400 2x, https:\/\/i0.wp.com\/www.jojoenherbe.com\/wp-content\/uploads\/2024\/05\/Debout-Maman-Oie-Ours-scaled.jpg?fit=1200%2C757&ssl=1&resize=1050%2C600 3x"},"classes":[]},{"id":9517,"url":"https:\/\/www.jojoenherbe.com\/index.php\/2020\/01\/09\/au-fil-des-pages-avec-le-chapeau-rond-rouge\/","url_meta":{"origin":11591,"position":2},"title":"Au fil des pages avec Le Chapeau rond rouge","author":"Jojo","date":"9 janvier 2020","format":false,"excerpt":"Nous lisons, une nouvelle fois mais cette fois-ci pour la lecture du soir, deux albums jeunesse emprunt\u00e9s \u00e0 la m\u00e9diath\u00e8que et qui sont des contes d\u00e9tourn\u00e9s du Petit Chaperon rouge, comme l'avait d\u00e9j\u00e0 fait \u00e0 sa fa\u00e7on Mario Ramos. Pour le premier, il s'agit de Chapeau rond rouge de Geoffroy\u2026","rel":"","context":"Dans &quot;Mini lecteur&quot;","block_context":{"text":"Mini lecteur","link":"https:\/\/www.jojoenherbe.com\/index.php\/category\/mini-lecteur\/"},"img":{"alt_text":"","src":"https:\/\/i0.wp.com\/www.jojoenherbe.com\/wp-content\/uploads\/2020\/01\/Chapeau-rond-rouge-scaled.jpg?fit=1200%2C942&ssl=1&resize=350%2C200","width":350,"height":200,"srcset":"https:\/\/i0.wp.com\/www.jojoenherbe.com\/wp-content\/uploads\/2020\/01\/Chapeau-rond-rouge-scaled.jpg?fit=1200%2C942&ssl=1&resize=350%2C200 1x, https:\/\/i0.wp.com\/www.jojoenherbe.com\/wp-content\/uploads\/2020\/01\/Chapeau-rond-rouge-scaled.jpg?fit=1200%2C942&ssl=1&resize=525%2C300 1.5x, https:\/\/i0.wp.com\/www.jojoenherbe.com\/wp-content\/uploads\/2020\/01\/Chapeau-rond-rouge-scaled.jpg?fit=1200%2C942&ssl=1&resize=700%2C400 2x, https:\/\/i0.wp.com\/www.jojoenherbe.com\/wp-content\/uploads\/2020\/01\/Chapeau-rond-rouge-scaled.jpg?fit=1200%2C942&ssl=1&resize=1050%2C600 3x"},"classes":[]},{"id":17337,"url":"https:\/\/www.jojoenherbe.com\/index.php\/2021\/04\/14\/au-fil-des-pages-avec-le-meilleur-livre-pour-apprendre-a-dessiner-une-vache\/","url_meta":{"origin":11591,"position":3},"title":"Au fil des pages avec Le meilleur livre pour apprendre \u00e0 dessiner une vache","author":"Jojo","date":"14 avril 2021","format":false,"excerpt":"Au hasard d'un bac de rangement de la m\u00e9diath\u00e8que, mon mini lecteur est tomb\u00e9 sur un livre au petit format allong\u00e9 \u00e0 la dr\u00f4le de couleur verte fluo, au titre \u00e0 rallonge surprenant et s'ouvrant par le haut: Le meilleur livre pour apprendre \u00e0 dessiner une vache d'H\u00e9l\u00e8ne Rice et\u2026","rel":"","context":"Dans &quot;Mini lecteur&quot;","block_context":{"text":"Mini lecteur","link":"https:\/\/www.jojoenherbe.com\/index.php\/category\/mini-lecteur\/"},"img":{"alt_text":"","src":"https:\/\/i0.wp.com\/www.jojoenherbe.com\/wp-content\/uploads\/2021\/04\/Le-meilleur-livre-pour-apprendre-a-dessiner-une-vache-scaled.jpg?fit=1200%2C900&ssl=1&resize=350%2C200","width":350,"height":200,"srcset":"https:\/\/i0.wp.com\/www.jojoenherbe.com\/wp-content\/uploads\/2021\/04\/Le-meilleur-livre-pour-apprendre-a-dessiner-une-vache-scaled.jpg?fit=1200%2C900&ssl=1&resize=350%2C200 1x, https:\/\/i0.wp.com\/www.jojoenherbe.com\/wp-content\/uploads\/2021\/04\/Le-meilleur-livre-pour-apprendre-a-dessiner-une-vache-scaled.jpg?fit=1200%2C900&ssl=1&resize=525%2C300 1.5x, https:\/\/i0.wp.com\/www.jojoenherbe.com\/wp-content\/uploads\/2021\/04\/Le-meilleur-livre-pour-apprendre-a-dessiner-une-vache-scaled.jpg?fit=1200%2C900&ssl=1&resize=700%2C400 2x, https:\/\/i0.wp.com\/www.jojoenherbe.com\/wp-content\/uploads\/2021\/04\/Le-meilleur-livre-pour-apprendre-a-dessiner-une-vache-scaled.jpg?fit=1200%2C900&ssl=1&resize=1050%2C600 3x"},"classes":[]},{"id":12803,"url":"https:\/\/www.jojoenherbe.com\/index.php\/2020\/10\/07\/au-fil-des-pages-avec-plus-gros-que-le-ventre\/","url_meta":{"origin":11591,"position":4},"title":"Au fil des pages avec Plus gros que le ventre","author":"Jojo","date":"7 octobre 2020","format":false,"excerpt":"Nous empruntons \u00e0 la m\u00e9diath\u00e8que Plus gros que le ventre de Micha\u00ebl Escoffier et Amandine Piu (\u00e9d. Frimousse, 2017), un album jeunesse \u00e0 partir de 3 ans et qui a \u00e9t\u00e9 Laur\u00e9at du 30\u00e8me Prix des Incos dans la s\u00e9lection Maternelle en 2019. D\u00e8s l'illustration de la couverture avec un\u2026","rel":"","context":"Dans &quot;Mini lecteur&quot;","block_context":{"text":"Mini lecteur","link":"https:\/\/www.jojoenherbe.com\/index.php\/category\/mini-lecteur\/"},"img":{"alt_text":"","src":"https:\/\/i0.wp.com\/www.jojoenherbe.com\/wp-content\/uploads\/2020\/10\/Plus-gros-que-le-ventre-scaled.jpg?fit=1200%2C900&ssl=1&resize=350%2C200","width":350,"height":200,"srcset":"https:\/\/i0.wp.com\/www.jojoenherbe.com\/wp-content\/uploads\/2020\/10\/Plus-gros-que-le-ventre-scaled.jpg?fit=1200%2C900&ssl=1&resize=350%2C200 1x, https:\/\/i0.wp.com\/www.jojoenherbe.com\/wp-content\/uploads\/2020\/10\/Plus-gros-que-le-ventre-scaled.jpg?fit=1200%2C900&ssl=1&resize=525%2C300 1.5x, https:\/\/i0.wp.com\/www.jojoenherbe.com\/wp-content\/uploads\/2020\/10\/Plus-gros-que-le-ventre-scaled.jpg?fit=1200%2C900&ssl=1&resize=700%2C400 2x, https:\/\/i0.wp.com\/www.jojoenherbe.com\/wp-content\/uploads\/2020\/10\/Plus-gros-que-le-ventre-scaled.jpg?fit=1200%2C900&ssl=1&resize=1050%2C600 3x"},"classes":[]},{"id":11720,"url":"https:\/\/www.jojoenherbe.com\/index.php\/2020\/08\/05\/au-fil-des-pages-avec-pomelo-grandit\/","url_meta":{"origin":11591,"position":5},"title":"Au fil des pages avec Pomelo grandit","author":"Jojo","date":"5 ao\u00fbt 2020","format":false,"excerpt":"Nous empruntons \u00e0 la m\u00e9diath\u00e8que Pomelo grandit de Ramona B\u00e0descu et Benjamin Chaud (\u00e9d. Albin Michel Jeunesse, 2010), un album jeunesse \u00e0 partir de 4 ans. Cet album pr\u00e9c\u00e8de Pomelo et la Grande Aventure que nous avions lu il y\u00a0 a quelques semaines. Un matin, Pomelo, un petit \u00e9l\u00e9phant rose\u2026","rel":"","context":"Dans &quot;Mini lecteur&quot;","block_context":{"text":"Mini lecteur","link":"https:\/\/www.jojoenherbe.com\/index.php\/category\/mini-lecteur\/"},"img":{"alt_text":"","src":"https:\/\/i0.wp.com\/www.jojoenherbe.com\/wp-content\/uploads\/2020\/08\/Pomelo-grandit-scaled.jpg?fit=1200%2C900&ssl=1&resize=350%2C200","width":350,"height":200,"srcset":"https:\/\/i0.wp.com\/www.jojoenherbe.com\/wp-content\/uploads\/2020\/08\/Pomelo-grandit-scaled.jpg?fit=1200%2C900&ssl=1&resize=350%2C200 1x, https:\/\/i0.wp.com\/www.jojoenherbe.com\/wp-content\/uploads\/2020\/08\/Pomelo-grandit-scaled.jpg?fit=1200%2C900&ssl=1&resize=525%2C300 1.5x, https:\/\/i0.wp.com\/www.jojoenherbe.com\/wp-content\/uploads\/2020\/08\/Pomelo-grandit-scaled.jpg?fit=1200%2C900&ssl=1&resize=700%2C400 2x, https:\/\/i0.wp.com\/www.jojoenherbe.com\/wp-content\/uploads\/2020\/08\/Pomelo-grandit-scaled.jpg?fit=1200%2C900&ssl=1&resize=1050%2C600 3x"},"classes":[]}],"_links":{"self":[{"href":"https:\/\/www.jojoenherbe.com\/index.php\/wp-json\/wp\/v2\/posts\/11591","targetHints":{"allow":["GET"]}}],"collection":[{"href":"https:\/\/www.jojoenherbe.com\/index.php\/wp-json\/wp\/v2\/posts"}],"about":[{"href":"https:\/\/www.jojoenherbe.com\/index.php\/wp-json\/wp\/v2\/types\/post"}],"author":[{"embeddable":true,"href":"https:\/\/www.jojoenherbe.com\/index.php\/wp-json\/wp\/v2\/users\/1"}],"replies":[{"embeddable":true,"href":"https:\/\/www.jojoenherbe.com\/index.php\/wp-json\/wp\/v2\/comments?post=11591"}],"version-history":[{"count":0,"href":"https:\/\/www.jojoenherbe.com\/index.php\/wp-json\/wp\/v2\/posts\/11591\/revisions"}],"wp:featuredmedia":[{"embeddable":true,"href":"https:\/\/www.jojoenherbe.com\/index.php\/wp-json\/wp\/v2\/media\/11596"}],"wp:attachment":[{"href":"https:\/\/www.jojoenherbe.com\/index.php\/wp-json\/wp\/v2\/media?parent=11591"}],"wp:term":[{"taxonomy":"category","embeddable":true,"href":"https:\/\/www.jojoenherbe.com\/index.php\/wp-json\/wp\/v2\/categories?post=11591"},{"taxonomy":"post_tag","embeddable":true,"href":"https:\/\/www.jojoenherbe.com\/index.php\/wp-json\/wp\/v2\/tags?post=11591"}],"curies":[{"name":"wp","href":"https:\/\/api.w.org\/{rel}","templated":true}]}}