{"id":11399,"date":"2020-07-03T10:20:27","date_gmt":"2020-07-03T08:20:27","guid":{"rendered":"http:\/\/www.jojoenherbe.com\/?p=11399"},"modified":"2020-07-03T10:20:27","modified_gmt":"2020-07-03T08:20:27","slug":"au-fil-des-pages-avec-bulle","status":"publish","type":"post","link":"https:\/\/www.jojoenherbe.com\/index.php\/2020\/07\/03\/au-fil-des-pages-avec-bulle\/","title":{"rendered":"Au fil des pages avec Bulle"},"content":{"rendered":"<p style=\"text-align: justify;\"><em><a href=\"https:\/\/i0.wp.com\/www.jojoenherbe.com\/wp-content\/uploads\/2020\/07\/Bulle-2-scaled.jpg\"><img data-recalc-dims=\"1\" loading=\"lazy\" decoding=\"async\" data-attachment-id=\"11400\" data-permalink=\"https:\/\/www.jojoenherbe.com\/index.php\/2020\/07\/03\/au-fil-des-pages-avec-bulle\/bulle-2\/\" data-orig-file=\"https:\/\/i0.wp.com\/www.jojoenherbe.com\/wp-content\/uploads\/2020\/07\/Bulle-2-scaled.jpg?fit=2560%2C1739&amp;ssl=1\" data-orig-size=\"2560,1739\" data-comments-opened=\"1\" data-image-meta=\"{&quot;aperture&quot;:&quot;1.8&quot;,&quot;credit&quot;:&quot;&quot;,&quot;camera&quot;:&quot;iPhone 7&quot;,&quot;caption&quot;:&quot;&quot;,&quot;created_timestamp&quot;:&quot;1593621868&quot;,&quot;copyright&quot;:&quot;&quot;,&quot;focal_length&quot;:&quot;3.99&quot;,&quot;iso&quot;:&quot;80&quot;,&quot;shutter_speed&quot;:&quot;0.14285714285714&quot;,&quot;title&quot;:&quot;&quot;,&quot;orientation&quot;:&quot;1&quot;}\" data-image-title=\"Bulle 2\" data-image-description=\"\" data-image-caption=\"\" data-large-file=\"https:\/\/i0.wp.com\/www.jojoenherbe.com\/wp-content\/uploads\/2020\/07\/Bulle-2-scaled.jpg?fit=676%2C459&amp;ssl=1\" class=\"alignleft size-thumbnail wp-image-11400\" src=\"https:\/\/i0.wp.com\/www.jojoenherbe.com\/wp-content\/uploads\/2020\/07\/Bulle-2.jpg?resize=150%2C150\" alt=\"\" width=\"150\" height=\"150\" srcset=\"https:\/\/i0.wp.com\/www.jojoenherbe.com\/wp-content\/uploads\/2020\/07\/Bulle-2-scaled.jpg?resize=150%2C150&amp;ssl=1 150w, https:\/\/i0.wp.com\/www.jojoenherbe.com\/wp-content\/uploads\/2020\/07\/Bulle-2-scaled.jpg?zoom=2&amp;resize=150%2C150 300w, https:\/\/i0.wp.com\/www.jojoenherbe.com\/wp-content\/uploads\/2020\/07\/Bulle-2-scaled.jpg?zoom=3&amp;resize=150%2C150 450w\" sizes=\"auto, (max-width: 150px) 100vw, 150px\" \/><\/a> <a href=\"https:\/\/i0.wp.com\/www.jojoenherbe.com\/wp-content\/uploads\/2020\/07\/Bulle-3-scaled.jpg\"><img data-recalc-dims=\"1\" loading=\"lazy\" decoding=\"async\" data-attachment-id=\"11401\" data-permalink=\"https:\/\/www.jojoenherbe.com\/index.php\/2020\/07\/03\/au-fil-des-pages-avec-bulle\/bulle-3\/\" data-orig-file=\"https:\/\/i0.wp.com\/www.jojoenherbe.com\/wp-content\/uploads\/2020\/07\/Bulle-3-scaled.jpg?fit=2560%2C1618&amp;ssl=1\" data-orig-size=\"2560,1618\" data-comments-opened=\"1\" data-image-meta=\"{&quot;aperture&quot;:&quot;1.8&quot;,&quot;credit&quot;:&quot;&quot;,&quot;camera&quot;:&quot;iPhone 7&quot;,&quot;caption&quot;:&quot;&quot;,&quot;created_timestamp&quot;:&quot;1593621986&quot;,&quot;copyright&quot;:&quot;&quot;,&quot;focal_length&quot;:&quot;3.99&quot;,&quot;iso&quot;:&quot;100&quot;,&quot;shutter_speed&quot;:&quot;0.090909090909091&quot;,&quot;title&quot;:&quot;&quot;,&quot;orientation&quot;:&quot;1&quot;}\" data-image-title=\"Bulle 3\" data-image-description=\"\" data-image-caption=\"\" data-large-file=\"https:\/\/i0.wp.com\/www.jojoenherbe.com\/wp-content\/uploads\/2020\/07\/Bulle-3-scaled.jpg?fit=676%2C427&amp;ssl=1\" class=\"alignleft size-thumbnail wp-image-11401\" src=\"https:\/\/i0.wp.com\/www.jojoenherbe.com\/wp-content\/uploads\/2020\/07\/Bulle-3.jpg?resize=150%2C150\" alt=\"\" width=\"150\" height=\"150\" srcset=\"https:\/\/i0.wp.com\/www.jojoenherbe.com\/wp-content\/uploads\/2020\/07\/Bulle-3-scaled.jpg?resize=150%2C150&amp;ssl=1 150w, https:\/\/i0.wp.com\/www.jojoenherbe.com\/wp-content\/uploads\/2020\/07\/Bulle-3-scaled.jpg?zoom=2&amp;resize=150%2C150 300w, https:\/\/i0.wp.com\/www.jojoenherbe.com\/wp-content\/uploads\/2020\/07\/Bulle-3-scaled.jpg?zoom=3&amp;resize=150%2C150 450w\" sizes=\"auto, (max-width: 150px) 100vw, 150px\" \/><\/a>Nous empruntons \u00e0 la m\u00e9diath\u00e8que <span style=\"text-decoration: underline;\">Bulle<\/span> de Charlotte Demanie et Justine Brax (\u00e9d. De La Martini\u00e8re Jeunesse, 2013), un album jeunesse grand format \u00e0 partir de 6 ans. <\/em><em><span class=\"\">Coup de c\u0153ur pour cet album jeunesse aux superbes illustrations et qui raconte tout en tendresse et en po\u00e9sie l\u2019histoire d\u2019une petite fille r\u00eaveuse et si l\u00e9g\u00e8re qu\u2019il lui est difficile de rester les pieds sur terre. Qu\u2019il est bon de r\u00eaver! Quel beau voyage onirique!<br \/>\n<\/span><\/em><\/p>\n","protected":false},"excerpt":{"rendered":"<p>Nous empruntons \u00e0 la m\u00e9diath\u00e8que Bulle de Charlotte Demanie et Justine Brax (\u00e9d. De La Martini\u00e8re Jeunesse, 2013), un album jeunesse grand format \u00e0 partir de 6 ans. Coup de c\u0153ur pour cet album jeunesse aux superbes illustrations et qui raconte tout en tendresse et en po\u00e9sie l\u2019histoire d\u2019une petite fille r\u00eaveuse et si l\u00e9g\u00e8re [&hellip;]<\/p>\n","protected":false},"author":1,"featured_media":11402,"comment_status":"open","ping_status":"open","sticky":false,"template":"","format":"standard","meta":{"jetpack_post_was_ever_published":false,"_jetpack_newsletter_access":"","_jetpack_dont_email_post_to_subs":false,"_jetpack_newsletter_tier_id":0,"_jetpack_memberships_contains_paywalled_content":false,"_jetpack_memberships_contains_paid_content":false,"footnotes":""},"categories":[363],"tags":[788,409,1583,453,1573,367,956,1584],"class_list":["post-11399","post","type-post","status-publish","format-standard","has-post-thumbnail","hentry","category-mini-lecteur","tag-6-9-ans","tag-albums-jeunesse","tag-charlotte-demanie","tag-imagination","tag-justine-brax","tag-lecture-jeunesse","tag-petite-fille","tag-reverie","post-preview"],"jetpack_featured_media_url":"https:\/\/i0.wp.com\/www.jojoenherbe.com\/wp-content\/uploads\/2020\/07\/Bulle-scaled.jpg?fit=2452%2C2560&ssl=1","jetpack_sharing_enabled":true,"jetpack_shortlink":"https:\/\/wp.me\/p9zhGx-2XR","jetpack_likes_enabled":true,"jetpack-related-posts":[{"id":13947,"url":"https:\/\/www.jojoenherbe.com\/index.php\/2020\/11\/17\/au-fil-des-pages-avec-la-bulle\/","url_meta":{"origin":11399,"position":0},"title":"Au fil des pages avec La bulle","author":"Jojo","date":"17 novembre 2020","format":false,"excerpt":"Courant ao\u00fbt, intrigu\u00e9e par la couverture, j'avais emprunt\u00e9 \u00e0 la m\u00e9diath\u00e8que La bulle de Timoth\u00e9e de Fombelle et \u00c9lo\u00efse Scherrer (\u00e9d. Gallimard Jeunesse, 2015), un album jeunesse \u00e0 partir de 7 ans et recommand\u00e9 par l'\u00c9ducation Nationale en classe de 6\u00e8me. Misha est une petite fille qui vit depuis toujours\u2026","rel":"","context":"Dans &quot;Mini lecteur&quot;","block_context":{"text":"Mini lecteur","link":"https:\/\/www.jojoenherbe.com\/index.php\/category\/mini-lecteur\/"},"img":{"alt_text":"","src":"https:\/\/i0.wp.com\/www.jojoenherbe.com\/wp-content\/uploads\/2020\/11\/La-bulle-scaled.jpg?fit=1200%2C900&ssl=1&resize=350%2C200","width":350,"height":200,"srcset":"https:\/\/i0.wp.com\/www.jojoenherbe.com\/wp-content\/uploads\/2020\/11\/La-bulle-scaled.jpg?fit=1200%2C900&ssl=1&resize=350%2C200 1x, https:\/\/i0.wp.com\/www.jojoenherbe.com\/wp-content\/uploads\/2020\/11\/La-bulle-scaled.jpg?fit=1200%2C900&ssl=1&resize=525%2C300 1.5x, https:\/\/i0.wp.com\/www.jojoenherbe.com\/wp-content\/uploads\/2020\/11\/La-bulle-scaled.jpg?fit=1200%2C900&ssl=1&resize=700%2C400 2x, https:\/\/i0.wp.com\/www.jojoenherbe.com\/wp-content\/uploads\/2020\/11\/La-bulle-scaled.jpg?fit=1200%2C900&ssl=1&resize=1050%2C600 3x"},"classes":[]},{"id":34807,"url":"https:\/\/www.jojoenherbe.com\/index.php\/2024\/02\/16\/au-fil-des-pages-avec-le-pirate-de-coeur\/","url_meta":{"origin":11399,"position":1},"title":"Au fil des pages avec Le Pirate de c\u0153ur","author":"Jojo","date":"16 f\u00e9vrier 2024","format":false,"excerpt":"Nous avons relu Le Pirate de c\u0153ur de S\u00e9bastien Perez et Justine Brax (\u00e9d. Albin Michel Jeunesse, septembre 2019, 32 pages), un album jeunesse grand format \u00e0 partir de 6 ans. Fils et petit-fils de pirate, Louis pense sa vie toute trac\u00e9e. Mais le temps passant \u00e0 naviguer \u00e0 bord\u2026","rel":"","context":"Dans &quot;Mini lecteur&quot;","block_context":{"text":"Mini lecteur","link":"https:\/\/www.jojoenherbe.com\/index.php\/category\/mini-lecteur\/"},"img":{"alt_text":"","src":"https:\/\/i0.wp.com\/www.jojoenherbe.com\/wp-content\/uploads\/2024\/02\/Le-pirate-de-coeur-scaled.jpg?fit=1200%2C900&ssl=1&resize=350%2C200","width":350,"height":200,"srcset":"https:\/\/i0.wp.com\/www.jojoenherbe.com\/wp-content\/uploads\/2024\/02\/Le-pirate-de-coeur-scaled.jpg?fit=1200%2C900&ssl=1&resize=350%2C200 1x, https:\/\/i0.wp.com\/www.jojoenherbe.com\/wp-content\/uploads\/2024\/02\/Le-pirate-de-coeur-scaled.jpg?fit=1200%2C900&ssl=1&resize=525%2C300 1.5x, https:\/\/i0.wp.com\/www.jojoenherbe.com\/wp-content\/uploads\/2024\/02\/Le-pirate-de-coeur-scaled.jpg?fit=1200%2C900&ssl=1&resize=700%2C400 2x, https:\/\/i0.wp.com\/www.jojoenherbe.com\/wp-content\/uploads\/2024\/02\/Le-pirate-de-coeur-scaled.jpg?fit=1200%2C900&ssl=1&resize=1050%2C600 3x"},"classes":[]},{"id":29218,"url":"https:\/\/www.jojoenherbe.com\/index.php\/2023\/01\/18\/au-fil-des-pages-avec-le-dernier-des-loups\/","url_meta":{"origin":11399,"position":2},"title":"Au fil des pages avec Le dernier des loups","author":"Jojo","date":"18 janvier 2023","format":false,"excerpt":"Le week-end dernier, nous avons relu Le dernier des loups de S\u00e9bastien Perez et Justine Brax (\u00e9d. Albin Michel Jeunesse, 2020), un album jeunesse grand format \u00e0 partir de 6 ans et que j'avais achet\u00e9 \u00e0 sa parution, en septembre 2020. Il est bien difficile de se remettre de la\u2026","rel":"","context":"Dans &quot;Mini lecteur&quot;","block_context":{"text":"Mini lecteur","link":"https:\/\/www.jojoenherbe.com\/index.php\/category\/mini-lecteur\/"},"img":{"alt_text":"","src":"https:\/\/i0.wp.com\/www.jojoenherbe.com\/wp-content\/uploads\/2021\/01\/Le-dernier-des-loups-scaled.jpg?fit=1200%2C1011&ssl=1&resize=350%2C200","width":350,"height":200,"srcset":"https:\/\/i0.wp.com\/www.jojoenherbe.com\/wp-content\/uploads\/2021\/01\/Le-dernier-des-loups-scaled.jpg?fit=1200%2C1011&ssl=1&resize=350%2C200 1x, https:\/\/i0.wp.com\/www.jojoenherbe.com\/wp-content\/uploads\/2021\/01\/Le-dernier-des-loups-scaled.jpg?fit=1200%2C1011&ssl=1&resize=525%2C300 1.5x, https:\/\/i0.wp.com\/www.jojoenherbe.com\/wp-content\/uploads\/2021\/01\/Le-dernier-des-loups-scaled.jpg?fit=1200%2C1011&ssl=1&resize=700%2C400 2x, https:\/\/i0.wp.com\/www.jojoenherbe.com\/wp-content\/uploads\/2021\/01\/Le-dernier-des-loups-scaled.jpg?fit=1200%2C1011&ssl=1&resize=1050%2C600 3x"},"classes":[]},{"id":11310,"url":"https:\/\/www.jojoenherbe.com\/index.php\/2020\/06\/23\/au-fil-des-pages-avec-fils-de-dragons\/","url_meta":{"origin":11399,"position":3},"title":"Au fil des pages avec Fils de Dragons","author":"Jojo","date":"23 juin 2020","format":false,"excerpt":"J'emprunte \u00e0 la m\u00e9diath\u00e8que Fils de Dragons de S\u00e9bastien Perez et Justine Brax (\u00e9d. Albin Michel Jeunesse, 2016), un album jeunesse grand format \u00e0 partir de 7\/8 ans. Yomon, un petit d'hommes, a \u00e9t\u00e9 \u00e9lev\u00e9 parmi les dragons et souhaite en devenir un \u00e0 son tour. Sur les conseils de\u2026","rel":"","context":"Dans &quot;Mini lecteur&quot;","block_context":{"text":"Mini lecteur","link":"https:\/\/www.jojoenherbe.com\/index.php\/category\/mini-lecteur\/"},"img":{"alt_text":"","src":"https:\/\/i0.wp.com\/www.jojoenherbe.com\/wp-content\/uploads\/2020\/06\/Fils-de-dragon-scaled.jpg?fit=1200%2C967&ssl=1&resize=350%2C200","width":350,"height":200,"srcset":"https:\/\/i0.wp.com\/www.jojoenherbe.com\/wp-content\/uploads\/2020\/06\/Fils-de-dragon-scaled.jpg?fit=1200%2C967&ssl=1&resize=350%2C200 1x, https:\/\/i0.wp.com\/www.jojoenherbe.com\/wp-content\/uploads\/2020\/06\/Fils-de-dragon-scaled.jpg?fit=1200%2C967&ssl=1&resize=525%2C300 1.5x, https:\/\/i0.wp.com\/www.jojoenherbe.com\/wp-content\/uploads\/2020\/06\/Fils-de-dragon-scaled.jpg?fit=1200%2C967&ssl=1&resize=700%2C400 2x, https:\/\/i0.wp.com\/www.jojoenherbe.com\/wp-content\/uploads\/2020\/06\/Fils-de-dragon-scaled.jpg?fit=1200%2C967&ssl=1&resize=1050%2C600 3x"},"classes":[]},{"id":19153,"url":"https:\/\/www.jojoenherbe.com\/index.php\/2021\/06\/14\/au-fil-des-pages-avec-le-grand-voyage-de-mademoiselle-prudence\/","url_meta":{"origin":11399,"position":4},"title":"Au fil des pages avec Le grand voyage de Mademoiselle Prudence","author":"Jojo","date":"14 juin 2021","format":false,"excerpt":"Je lis Le grand voyage de Mademoiselle Prudence de Charlotte Gastaut (\u00e9d. Flammarion Jeunesse, coll. P\u00e8re Castor, 2010), un album jeunesse grand format et avec des d\u00e9coupes \u00e0 partir de 6 ans. Alors que sa m\u00e8re la presse de ranger sa chambre et de mettre ses chaussures pour sortir, Prudence,\u2026","rel":"","context":"Dans &quot;Mini lecteur&quot;","block_context":{"text":"Mini lecteur","link":"https:\/\/www.jojoenherbe.com\/index.php\/category\/mini-lecteur\/"},"img":{"alt_text":"","src":"https:\/\/i0.wp.com\/www.jojoenherbe.com\/wp-content\/uploads\/2021\/06\/Le-grand-voyage-de-Mademoiselle-Prudence-scaled.jpg?fit=1200%2C933&ssl=1&resize=350%2C200","width":350,"height":200,"srcset":"https:\/\/i0.wp.com\/www.jojoenherbe.com\/wp-content\/uploads\/2021\/06\/Le-grand-voyage-de-Mademoiselle-Prudence-scaled.jpg?fit=1200%2C933&ssl=1&resize=350%2C200 1x, https:\/\/i0.wp.com\/www.jojoenherbe.com\/wp-content\/uploads\/2021\/06\/Le-grand-voyage-de-Mademoiselle-Prudence-scaled.jpg?fit=1200%2C933&ssl=1&resize=525%2C300 1.5x, https:\/\/i0.wp.com\/www.jojoenherbe.com\/wp-content\/uploads\/2021\/06\/Le-grand-voyage-de-Mademoiselle-Prudence-scaled.jpg?fit=1200%2C933&ssl=1&resize=700%2C400 2x, https:\/\/i0.wp.com\/www.jojoenherbe.com\/wp-content\/uploads\/2021\/06\/Le-grand-voyage-de-Mademoiselle-Prudence-scaled.jpg?fit=1200%2C933&ssl=1&resize=1050%2C600 3x"},"classes":[]},{"id":39856,"url":"https:\/\/www.jojoenherbe.com\/index.php\/2025\/06\/26\/throwback-thursday-livresque-couverture-avec-un-bateau\/","url_meta":{"origin":11399,"position":5},"title":"Throwback Thursday Livresque: Couverture avec un bateau","author":"Jojo","date":"26 juin 2025","format":false,"excerpt":"Ce jeudi 26 juin 2025, je participe au Throwback Thursday Livresque, un rendez-vous livresque initialement chez Bettie Rose Books et repris depuis par Carole, les liens \u00e9tant \u00e0 d\u00e9poser chez My-Bo0ks. Le principe est de partager chaque jeudi un livre en fonction d\u2019un th\u00e8me donn\u00e9. Cette semaine, le th\u00e8me est\u2026","rel":"","context":"Dans &quot;Mini blogueur&quot;","block_context":{"text":"Mini blogueur","link":"https:\/\/www.jojoenherbe.com\/index.php\/category\/mini-blogueur\/"},"img":{"alt_text":"","src":"https:\/\/i0.wp.com\/www.jojoenherbe.com\/wp-content\/uploads\/2023\/10\/TTL-logo.jpg?resize=350%2C200","width":350,"height":200},"classes":[]}],"_links":{"self":[{"href":"https:\/\/www.jojoenherbe.com\/index.php\/wp-json\/wp\/v2\/posts\/11399","targetHints":{"allow":["GET"]}}],"collection":[{"href":"https:\/\/www.jojoenherbe.com\/index.php\/wp-json\/wp\/v2\/posts"}],"about":[{"href":"https:\/\/www.jojoenherbe.com\/index.php\/wp-json\/wp\/v2\/types\/post"}],"author":[{"embeddable":true,"href":"https:\/\/www.jojoenherbe.com\/index.php\/wp-json\/wp\/v2\/users\/1"}],"replies":[{"embeddable":true,"href":"https:\/\/www.jojoenherbe.com\/index.php\/wp-json\/wp\/v2\/comments?post=11399"}],"version-history":[{"count":0,"href":"https:\/\/www.jojoenherbe.com\/index.php\/wp-json\/wp\/v2\/posts\/11399\/revisions"}],"wp:featuredmedia":[{"embeddable":true,"href":"https:\/\/www.jojoenherbe.com\/index.php\/wp-json\/wp\/v2\/media\/11402"}],"wp:attachment":[{"href":"https:\/\/www.jojoenherbe.com\/index.php\/wp-json\/wp\/v2\/media?parent=11399"}],"wp:term":[{"taxonomy":"category","embeddable":true,"href":"https:\/\/www.jojoenherbe.com\/index.php\/wp-json\/wp\/v2\/categories?post=11399"},{"taxonomy":"post_tag","embeddable":true,"href":"https:\/\/www.jojoenherbe.com\/index.php\/wp-json\/wp\/v2\/tags?post=11399"}],"curies":[{"name":"wp","href":"https:\/\/api.w.org\/{rel}","templated":true}]}}