{"id":11083,"date":"2020-05-29T23:23:56","date_gmt":"2020-05-29T21:23:56","guid":{"rendered":"http:\/\/www.jojoenherbe.com\/?p=11083"},"modified":"2024-01-05T08:59:48","modified_gmt":"2024-01-05T07:59:48","slug":"au-fil-des-pages-avec-la-barbe-bleue","status":"publish","type":"post","link":"https:\/\/www.jojoenherbe.com\/index.php\/2020\/05\/29\/au-fil-des-pages-avec-la-barbe-bleue\/","title":{"rendered":"Au fil des pages avec La Barbe bleue"},"content":{"rendered":"<p style=\"text-align: justify;\"><em><a href=\"https:\/\/i0.wp.com\/www.jojoenherbe.com\/wp-content\/uploads\/2020\/05\/La-barbe-bleue-2-scaled.jpg\"><img data-recalc-dims=\"1\" loading=\"lazy\" decoding=\"async\" data-attachment-id=\"11094\" data-permalink=\"https:\/\/www.jojoenherbe.com\/index.php\/2020\/05\/29\/au-fil-des-pages-avec-la-barbe-bleue\/la-barbe-bleue-2\/\" data-orig-file=\"https:\/\/i0.wp.com\/www.jojoenherbe.com\/wp-content\/uploads\/2020\/05\/La-barbe-bleue-2-scaled.jpg?fit=2560%2C1280&amp;ssl=1\" data-orig-size=\"2560,1280\" data-comments-opened=\"1\" data-image-meta=\"{&quot;aperture&quot;:&quot;1.8&quot;,&quot;credit&quot;:&quot;&quot;,&quot;camera&quot;:&quot;Armor_X2&quot;,&quot;caption&quot;:&quot;&quot;,&quot;created_timestamp&quot;:&quot;1590413663&quot;,&quot;copyright&quot;:&quot;&quot;,&quot;focal_length&quot;:&quot;3.5&quot;,&quot;iso&quot;:&quot;389&quot;,&quot;shutter_speed&quot;:&quot;0.066661&quot;,&quot;title&quot;:&quot;&quot;,&quot;orientation&quot;:&quot;1&quot;}\" data-image-title=\"La barbe bleue 2\" data-image-description=\"\" data-image-caption=\"\" data-large-file=\"https:\/\/i0.wp.com\/www.jojoenherbe.com\/wp-content\/uploads\/2020\/05\/La-barbe-bleue-2-scaled.jpg?fit=676%2C338&amp;ssl=1\" class=\"alignleft size-thumbnail wp-image-11094\" src=\"https:\/\/i0.wp.com\/www.jojoenherbe.com\/wp-content\/uploads\/2020\/05\/La-barbe-bleue-2.jpg?resize=150%2C150\" alt=\"\" width=\"150\" height=\"150\" srcset=\"https:\/\/i0.wp.com\/www.jojoenherbe.com\/wp-content\/uploads\/2020\/05\/La-barbe-bleue-2-scaled.jpg?resize=150%2C150&amp;ssl=1 150w, https:\/\/i0.wp.com\/www.jojoenherbe.com\/wp-content\/uploads\/2020\/05\/La-barbe-bleue-2-scaled.jpg?zoom=2&amp;resize=150%2C150 300w, https:\/\/i0.wp.com\/www.jojoenherbe.com\/wp-content\/uploads\/2020\/05\/La-barbe-bleue-2-scaled.jpg?zoom=3&amp;resize=150%2C150 450w\" sizes=\"auto, (max-width: 150px) 100vw, 150px\" \/><\/a> <a href=\"https:\/\/i0.wp.com\/www.jojoenherbe.com\/wp-content\/uploads\/2020\/05\/La-barbe-bleue-3-scaled.jpg\"><img data-recalc-dims=\"1\" loading=\"lazy\" decoding=\"async\" data-attachment-id=\"11095\" data-permalink=\"https:\/\/www.jojoenherbe.com\/index.php\/2020\/05\/29\/au-fil-des-pages-avec-la-barbe-bleue\/la-barbe-bleue-3\/\" data-orig-file=\"https:\/\/i0.wp.com\/www.jojoenherbe.com\/wp-content\/uploads\/2020\/05\/La-barbe-bleue-3-scaled.jpg?fit=2560%2C1280&amp;ssl=1\" data-orig-size=\"2560,1280\" data-comments-opened=\"1\" data-image-meta=\"{&quot;aperture&quot;:&quot;1.8&quot;,&quot;credit&quot;:&quot;&quot;,&quot;camera&quot;:&quot;Armor_X2&quot;,&quot;caption&quot;:&quot;&quot;,&quot;created_timestamp&quot;:&quot;1590413701&quot;,&quot;copyright&quot;:&quot;&quot;,&quot;focal_length&quot;:&quot;3.5&quot;,&quot;iso&quot;:&quot;379&quot;,&quot;shutter_speed&quot;:&quot;0.066661&quot;,&quot;title&quot;:&quot;&quot;,&quot;orientation&quot;:&quot;1&quot;}\" data-image-title=\"La barbe bleue 3\" data-image-description=\"\" data-image-caption=\"\" data-large-file=\"https:\/\/i0.wp.com\/www.jojoenherbe.com\/wp-content\/uploads\/2020\/05\/La-barbe-bleue-3-scaled.jpg?fit=676%2C338&amp;ssl=1\" class=\"alignleft size-thumbnail wp-image-11095\" src=\"https:\/\/i0.wp.com\/www.jojoenherbe.com\/wp-content\/uploads\/2020\/05\/La-barbe-bleue-3.jpg?resize=150%2C150\" alt=\"\" width=\"150\" height=\"150\" srcset=\"https:\/\/i0.wp.com\/www.jojoenherbe.com\/wp-content\/uploads\/2020\/05\/La-barbe-bleue-3-scaled.jpg?resize=150%2C150&amp;ssl=1 150w, https:\/\/i0.wp.com\/www.jojoenherbe.com\/wp-content\/uploads\/2020\/05\/La-barbe-bleue-3-scaled.jpg?zoom=2&amp;resize=150%2C150 300w, https:\/\/i0.wp.com\/www.jojoenherbe.com\/wp-content\/uploads\/2020\/05\/La-barbe-bleue-3-scaled.jpg?zoom=3&amp;resize=150%2C150 450w\" sizes=\"auto, (max-width: 150px) 100vw, 150px\" \/><\/a>J&rsquo;ai emprunt\u00e9 \u00e0 la m\u00e9diath\u00e8que <span style=\"text-decoration: underline;\">La Barbe bleue<\/span> de Charles Perrault et illustr\u00e9 par Eric Battut (\u00e9d. Bilboquet, 2000), un album jeunesse \u00e0 partir de 3 ans selon l&rsquo;\u00e9diteur voire bien plus \u00e2g\u00e9 au vu de certains passages du texte. <\/em><\/p>\n<p style=\"text-align: justify;\"><em>Un homme tr\u00e8s riche, veuf \u00e0 plusieurs reprises et \u00e0 la barbe bleue jette son d\u00e9volue sur les filles de sa voisine. La cadette accepte finalement de l&rsquo;\u00e9pouser, s\u00e9duite par tant de richesses malgr\u00e9 son aspect si laid et si terrible. La Barbe bleue part en voyage d&rsquo;affaires tout en confiant \u00e0 sa jeune \u00e9pouse un trousseau de clefs, lui pr\u00e9cisant bien de ne pas essayer de rentrer dans son cabinet. Mais la curiosit\u00e9 \u00e9tant trop grande, la jeune \u00e9pouse ouvre la porte du cabinet et d\u00e9couvre l&rsquo;horreur: un \u00ab\u00a0plancher (&#8230;) tout couvert de sang caill\u00e9\u00a0\u00bb dans lequel \u00ab\u00a0se miraient les corps de plusieurs femmes mortes et attach\u00e9es le long des murs\u00a0\u00bb. Que se passera-t-il au retour de la Barbe bleue? Finira-t-elle \u00e9gorg\u00e9e \u00e0 l&rsquo;instar des pr\u00e9c\u00e9dentes \u00e9pouses? <\/em><\/p>\n<p style=\"text-align: justify;\"><em>Les illustrations \u00e9pur\u00e9es d&rsquo;Eric Battut faites de bleu, de blanc et de noir, sans oublier le rouge couleur du sang accompagnent parfaitement le <\/em><em>texte sombre et cruel de Charles Perrault \u00e9crit en 1697 dans <span style=\"text-decoration: underline;\">Les contes de ma m\u00e8re l&rsquo;Oye<\/span>. Le texte finit par deux moralit\u00e9s de l&rsquo;\u00e9poque (la curiosit\u00e9 comme vilain d\u00e9faut et le fait de savoir qui porte la culotte au sein du couple: l&rsquo;homme ou la femme?). Il y est ainsi question de (d\u00e9)loyaut\u00e9 et de d\u00e9mesure, rappelant la condition de la femme au XVIIe si\u00e8cle. Un moment de lecture terrifiant \u00e0 ne pas lire \u00e0 de trop jeunes lecteurs!<\/em><\/p>\n<div id=\"attachment_10219\" style=\"width: 110px\" class=\"wp-caption alignleft\"><img data-recalc-dims=\"1\" loading=\"lazy\" decoding=\"async\" aria-describedby=\"caption-attachment-10219\" data-attachment-id=\"10219\" data-permalink=\"https:\/\/www.jojoenherbe.com\/index.php\/2020\/03\/02\/au-fil-des-pages-avec-lievre-et-ours-sous-la-neige\/lievre-et-ours-sous-la-neige\/\" data-orig-file=\"https:\/\/i0.wp.com\/www.jojoenherbe.com\/wp-content\/uploads\/2020\/03\/Li%C3%A8vre-et-Ours-sous-la-neige-scaled.jpg?fit=2560%2C1892&amp;ssl=1\" data-orig-size=\"2560,1892\" data-comments-opened=\"1\" data-image-meta=\"{&quot;aperture&quot;:&quot;2.4&quot;,&quot;credit&quot;:&quot;&quot;,&quot;camera&quot;:&quot;iPhone 4S&quot;,&quot;caption&quot;:&quot;&quot;,&quot;created_timestamp&quot;:&quot;1583147305&quot;,&quot;copyright&quot;:&quot;&quot;,&quot;focal_length&quot;:&quot;4.28&quot;,&quot;iso&quot;:&quot;640&quot;,&quot;shutter_speed&quot;:&quot;0.066666666666667&quot;,&quot;title&quot;:&quot;&quot;,&quot;orientation&quot;:&quot;1&quot;}\" data-image-title=\"Li\u00e8vre et Ours, sous la neige\" data-image-description=\"\" data-image-caption=\"\" data-large-file=\"https:\/\/i0.wp.com\/www.jojoenherbe.com\/wp-content\/uploads\/2020\/03\/Li%C3%A8vre-et-Ours-sous-la-neige-scaled.jpg?fit=676%2C500&amp;ssl=1\" class=\"wp-image-10219\" src=\"https:\/\/i0.wp.com\/mapetitemediatheque.fr\/wp-content\/uploads\/2018\/11\/challenge-contes-et-l%C3%A9gendes.jpg?resize=100%2C125\" sizes=\"auto, (max-width: 343px) 100vw, 343px\" srcset=\"http:\/\/mapetitemediatheque.fr\/wp-content\/uploads\/2018\/11\/challenge-contes-et-l\u00e9gendes.jpg 343w, http:\/\/mapetitemediatheque.fr\/wp-content\/uploads\/2018\/11\/challenge-contes-et-l\u00e9gendes-239x300.jpg 239w\" alt=\"\" width=\"100\" height=\"125\" \/><p id=\"caption-attachment-10219\" class=\"wp-caption-text\">Participation #25 Contes &amp; L\u00e9gendes 2020 de <a href=\"http:\/\/mapetitemediatheque.fr\/2020\/01\/challenge-contes-et-legendes-2020\/\">Bidib<\/a><\/p><\/div>\n<div id=\"attachment_37710\" style=\"width: 133px\" class=\"wp-caption alignleft\"><img data-recalc-dims=\"1\" loading=\"lazy\" decoding=\"async\" aria-describedby=\"caption-attachment-37710\" class=\"wp-image-37710\" src=\"https:\/\/i0.wp.com\/delivrer-des-livres.fr\/wp-content\/uploads\/2020\/01\/Logo-Challenge-Classique-2020bis-300x225.jpg?resize=123%2C92&#038;ssl=1\" sizes=\"auto, (max-width: 300px) 100vw, 300px\" srcset=\"https:\/\/delivrer-des-livres.fr\/wp-content\/uploads\/2020\/01\/Logo-Challenge-Classique-2020bis-300x225.jpg 300w, https:\/\/delivrer-des-livres.fr\/wp-content\/uploads\/2020\/01\/Logo-Challenge-Classique-2020bis-150x113.jpg 150w, https:\/\/delivrer-des-livres.fr\/wp-content\/uploads\/2020\/01\/Logo-Challenge-Classique-2020bis-410x308.jpg 410w, https:\/\/delivrer-des-livres.fr\/wp-content\/uploads\/2020\/01\/Logo-Challenge-Classique-2020bis.jpg 453w\" alt=\"ann\u00e9e\" width=\"123\" height=\"92\" \/><p id=\"caption-attachment-37710\" class=\"wp-caption-text\">Participation #9 au Challenge \u00ab\u00a0Cette ann\u00e9e, je (re)lis des classiques\u00a0\u00bb de <a href=\"https:\/\/delivrer-des-livres.fr\/challenge-classiques-3eme-annee\/\">Nathalie<\/a> et <a href=\"http:\/\/vivrelivre19.over-blog.com\/2020\/01\/challenge-cette-annee-je-re-lis-des-classiques-2020.html\">Blandine<\/a><\/p><\/div>\n<div style=\"width: 132px\" class=\"wp-caption alignleft\"><img loading=\"lazy\" decoding=\"async\" class=\"\" src=\"https:\/\/lh3.googleusercontent.com\/yeyHsyE8ePB9xQx2t9obPo4nIUGeuGsS-P1wwGiEip3f9lcFED23VkM1Pr5hYoy4puCex2GzVOyZNHjl5qeUnhImyiKFqwfTaONmF_HEc7SEvgxhr1eZXuJ6zzg9JfEY4XADWBPBCxMLePs3HiWfgCjRFVaAIkiQhaX8RGfOMzZhoMNQUFFuWlglQGRva5RIkSFvo7nk3yMWVz4PgUXBK3Uof2Hf073K4C6YvQC1u6gRN2BCr4tNyqitAlYfULcqVlua9UK9L5kLVOZWs2-xrAzDf1K3rxU8pxE6Fdm1EI8_YbPW09CsTNa9CW1z0lvieJ6Ify6BbltA9XBnOC99XwB4E833hDdb9KWRbKTb8bwsVGIAFF1x2JkOCAWTkq3OtXJmlgaccySEr2PvCr9rzIA4GtrzB04GpU7RNPlnkfNDjtPoy6UR5nf5SD-RQvfrkHaKDQocAHpi1MoHr0bWF4h3F08r5y_TM01DqKXAgeInHehhuxNBZ4LGs7Emk2ol6RPfVd4UEj0916JVKRknXSsSbJG_50ptPlCGTOdHDTOUMc6x63Wp68_DnNhG9qn5FPKuDHhZvC008a4nifQFWuKVT6HvqNgW-LcvXb0wnjbSwgS8qwHb3LtHJj3uAe971aQRDPkS146UchPgCLNczeUje4Y3YFpuV4P1KYu67RSdAOITJNzzSRO2Dycc1PCqSdc7IoPwLu0-aT-FJ0m-KvlkUQLXoamPhl2WKbODyZSfc5ZT=w285-h217-no\" alt=\"\" width=\"122\" height=\"93\" \/><p class=\"wp-caption-text\"><a href=\"https:\/\/ennalit.wordpress.com\/2019\/12\/01\/challenge-petit-bac-2020-qui-veut-jouer\/\">Challenge Petit Bac d&rsquo;Enna<\/a> #7 Cat\u00e9gorie Couleur: \u00ab\u00a0Bleue\u00a0\u00bb<\/p><\/div>\n","protected":false},"excerpt":{"rendered":"<p>J&rsquo;ai emprunt\u00e9 \u00e0 la m\u00e9diath\u00e8que La Barbe bleue de Charles Perrault et illustr\u00e9 par Eric Battut (\u00e9d. Bilboquet, 2000), un album jeunesse \u00e0 partir de 3 ans selon l&rsquo;\u00e9diteur voire bien plus \u00e2g\u00e9 au vu de certains passages du texte. Un homme tr\u00e8s riche, veuf \u00e0 plusieurs reprises et \u00e0 la barbe bleue jette son [&hellip;]<\/p>\n","protected":false},"author":1,"featured_media":11096,"comment_status":"open","ping_status":"open","sticky":false,"template":"","format":"standard","meta":{"jetpack_post_was_ever_published":false,"_jetpack_newsletter_access":"","_jetpack_dont_email_post_to_subs":false,"_jetpack_newsletter_tier_id":0,"_jetpack_memberships_contains_paywalled_content":false,"_jetpack_memberships_contains_paid_content":false,"footnotes":""},"categories":[363],"tags":[1485,785,409,1351,1365,1352,1549,245,1205,1189,367],"class_list":["post-11083","post","type-post","status-publish","format-standard","has-post-thumbnail","hentry","category-mini-lecteur","tag-13-16-ans","tag-3-6-ans","tag-albums-jeunesse","tag-cette-annee-je-relis-des-classiques-2020","tag-challenge-contes-et-legendes-2020","tag-challenge-petit-bac-2020","tag-charles-perrault","tag-contes","tag-contes-traditionnels","tag-eric-battut","tag-lecture-jeunesse","post-preview"],"jetpack_featured_media_url":"https:\/\/i0.wp.com\/www.jojoenherbe.com\/wp-content\/uploads\/2020\/05\/La-barbe-bleue-scaled.jpg?fit=2560%2C1786&ssl=1","jetpack_sharing_enabled":true,"jetpack_shortlink":"https:\/\/wp.me\/p9zhGx-2SL","jetpack_likes_enabled":true,"jetpack-related-posts":[{"id":10971,"url":"https:\/\/www.jojoenherbe.com\/index.php\/2020\/05\/29\/au-fil-des-pages-avec-le-petit-chaperon-rouge\/","url_meta":{"origin":11083,"position":0},"title":"Au fil des pages avec Le Petit Chaperon rouge","author":"Jojo","date":"29 mai 2020","format":false,"excerpt":"Nous lisons Le Petit Chaperon rouge de Beatrix Potter et Helen Oxenbury, d'apr\u00e8s Charles Perrault (\u00e9d. Kal\u00e9idoscope, 2019), un album jeunesse \u00e0 partir de 3 ans. Le Petit Chaperon rouge va rendre visite \u00e0 sa grand-m\u00e8re avec un briochon et une petite motte de beurre. En chemin, elle croise la\u2026","rel":"","context":"Dans &quot;Mini lecteur&quot;","block_context":{"text":"Mini lecteur","link":"https:\/\/www.jojoenherbe.com\/index.php\/category\/mini-lecteur\/"},"img":{"alt_text":"","src":"https:\/\/i0.wp.com\/www.jojoenherbe.com\/wp-content\/uploads\/2020\/05\/Le-petit-chaperon-rouge.jpg?fit=1193%2C1200&ssl=1&resize=350%2C200","width":350,"height":200,"srcset":"https:\/\/i0.wp.com\/www.jojoenherbe.com\/wp-content\/uploads\/2020\/05\/Le-petit-chaperon-rouge.jpg?fit=1193%2C1200&ssl=1&resize=350%2C200 1x, https:\/\/i0.wp.com\/www.jojoenherbe.com\/wp-content\/uploads\/2020\/05\/Le-petit-chaperon-rouge.jpg?fit=1193%2C1200&ssl=1&resize=525%2C300 1.5x, https:\/\/i0.wp.com\/www.jojoenherbe.com\/wp-content\/uploads\/2020\/05\/Le-petit-chaperon-rouge.jpg?fit=1193%2C1200&ssl=1&resize=700%2C400 2x, https:\/\/i0.wp.com\/www.jojoenherbe.com\/wp-content\/uploads\/2020\/05\/Le-petit-chaperon-rouge.jpg?fit=1193%2C1200&ssl=1&resize=1050%2C600 3x"},"classes":[]},{"id":12827,"url":"https:\/\/www.jojoenherbe.com\/index.php\/2020\/10\/22\/au-fil-des-pages-avec-le-petit-poucet\/","url_meta":{"origin":11083,"position":1},"title":"Au fil des pages avec Le Petit Poucet","author":"Jojo","date":"22 octobre 2020","format":false,"excerpt":"J'emprunte \u00e0 la m\u00e9diath\u00e8que Le Petit Poucet de Charles Perrault et Jean-Marc Rochette (\u00e9d. Casterman, 2001), un album jeunesse \u00e0 partir de 6 ans. Dernier n\u00e9 d'une fratrie de sept enfants d'un couple fort pauvre de b\u00fbcherons, le Petit Poucet est certes le plus ch\u00e9tif et souffre-douleurs de ses fr\u00e8res\u2026","rel":"","context":"Dans &quot;Mini lecteur&quot;","block_context":{"text":"Mini lecteur","link":"https:\/\/www.jojoenherbe.com\/index.php\/category\/mini-lecteur\/"},"img":{"alt_text":"","src":"https:\/\/i0.wp.com\/www.jojoenherbe.com\/wp-content\/uploads\/2020\/10\/Le-Petit-Poucet-2-scaled.jpg?fit=1200%2C900&ssl=1&resize=350%2C200","width":350,"height":200,"srcset":"https:\/\/i0.wp.com\/www.jojoenherbe.com\/wp-content\/uploads\/2020\/10\/Le-Petit-Poucet-2-scaled.jpg?fit=1200%2C900&ssl=1&resize=350%2C200 1x, https:\/\/i0.wp.com\/www.jojoenherbe.com\/wp-content\/uploads\/2020\/10\/Le-Petit-Poucet-2-scaled.jpg?fit=1200%2C900&ssl=1&resize=525%2C300 1.5x, https:\/\/i0.wp.com\/www.jojoenherbe.com\/wp-content\/uploads\/2020\/10\/Le-Petit-Poucet-2-scaled.jpg?fit=1200%2C900&ssl=1&resize=700%2C400 2x, https:\/\/i0.wp.com\/www.jojoenherbe.com\/wp-content\/uploads\/2020\/10\/Le-Petit-Poucet-2-scaled.jpg?fit=1200%2C900&ssl=1&resize=1050%2C600 3x"},"classes":[]},{"id":13276,"url":"https:\/\/www.jojoenherbe.com\/index.php\/2020\/10\/25\/nos-lectures-blanche-neige\/","url_meta":{"origin":11083,"position":2},"title":"Nos lectures \u00ab\u00a0Blanche-Neige\u00a0\u00bb","author":"Jojo","date":"25 octobre 2020","format":false,"excerpt":"Apr\u00e8s avoir lu une nouvelle fois Blanche-Neige, j'ai eu envie de regrouper dans un billet unique nos diff\u00e9rentes lectures de ce conte, que ce soit le conte traditionnel ou son d\u00e9tournement. Ce billet sera ainsi mis \u00e0 jour chaque fois qu'une nouvelle version ou adaptation sera lue de Blanche-Neige. Des\u2026","rel":"","context":"Dans &quot;Mini lecteur&quot;","block_context":{"text":"Mini lecteur","link":"https:\/\/www.jojoenherbe.com\/index.php\/category\/mini-lecteur\/"},"img":{"alt_text":"","src":"https:\/\/i0.wp.com\/www.jojoenherbe.com\/wp-content\/uploads\/2020\/10\/Nos-lectures-Blanche-Neige-2-scaled.jpg?fit=1200%2C874&ssl=1&resize=350%2C200","width":350,"height":200,"srcset":"https:\/\/i0.wp.com\/www.jojoenherbe.com\/wp-content\/uploads\/2020\/10\/Nos-lectures-Blanche-Neige-2-scaled.jpg?fit=1200%2C874&ssl=1&resize=350%2C200 1x, https:\/\/i0.wp.com\/www.jojoenherbe.com\/wp-content\/uploads\/2020\/10\/Nos-lectures-Blanche-Neige-2-scaled.jpg?fit=1200%2C874&ssl=1&resize=525%2C300 1.5x, https:\/\/i0.wp.com\/www.jojoenherbe.com\/wp-content\/uploads\/2020\/10\/Nos-lectures-Blanche-Neige-2-scaled.jpg?fit=1200%2C874&ssl=1&resize=700%2C400 2x, https:\/\/i0.wp.com\/www.jojoenherbe.com\/wp-content\/uploads\/2020\/10\/Nos-lectures-Blanche-Neige-2-scaled.jpg?fit=1200%2C874&ssl=1&resize=1050%2C600 3x"},"classes":[]},{"id":13283,"url":"https:\/\/www.jojoenherbe.com\/index.php\/2020\/10\/25\/nos-lectures-le-petit-chaperon-rouge\/","url_meta":{"origin":11083,"position":3},"title":"Nos lectures \u00ab\u00a0Le Petit Chaperon rouge\u00a0\u00bb","author":"Jojo","date":"25 octobre 2020","format":false,"excerpt":"Apr\u00e8s nos lectures de Blanche-Neige, voici celles du Petit Chaperon rouge pour continuer sur le th\u00e8me Contes et L\u00e9gendes du Challenge Halloween 2020. Comme pour le billet pr\u00e9c\u00e9dent, il sera mis \u00e0 jour r\u00e9guli\u00e8rement, au fur-et-\u00e0-mesure de nos lectures du Petit Chaperon rouge. Des versions classiques: Le Petit Chaperon rouge\u2026","rel":"","context":"Dans &quot;Mini lecteur&quot;","block_context":{"text":"Mini lecteur","link":"https:\/\/www.jojoenherbe.com\/index.php\/category\/mini-lecteur\/"},"img":{"alt_text":"","src":"https:\/\/i0.wp.com\/www.jojoenherbe.com\/wp-content\/uploads\/2020\/10\/Nos-lectures-Petit-Chaperon-rouge-2-scaled.jpg?fit=1200%2C852&ssl=1&resize=350%2C200","width":350,"height":200,"srcset":"https:\/\/i0.wp.com\/www.jojoenherbe.com\/wp-content\/uploads\/2020\/10\/Nos-lectures-Petit-Chaperon-rouge-2-scaled.jpg?fit=1200%2C852&ssl=1&resize=350%2C200 1x, https:\/\/i0.wp.com\/www.jojoenherbe.com\/wp-content\/uploads\/2020\/10\/Nos-lectures-Petit-Chaperon-rouge-2-scaled.jpg?fit=1200%2C852&ssl=1&resize=525%2C300 1.5x, https:\/\/i0.wp.com\/www.jojoenherbe.com\/wp-content\/uploads\/2020\/10\/Nos-lectures-Petit-Chaperon-rouge-2-scaled.jpg?fit=1200%2C852&ssl=1&resize=700%2C400 2x, https:\/\/i0.wp.com\/www.jojoenherbe.com\/wp-content\/uploads\/2020\/10\/Nos-lectures-Petit-Chaperon-rouge-2-scaled.jpg?fit=1200%2C852&ssl=1&resize=1050%2C600 3x"},"classes":[]},{"id":12696,"url":"https:\/\/www.jojoenherbe.com\/index.php\/2020\/10\/06\/notre-selection-fuyons-les-ogres-du-challenge-halloween\/","url_meta":{"origin":11083,"position":4},"title":"Notre s\u00e9lection \u00ab\u00a0Ogres\u00a0\u00bb du Challenge Halloween","author":"Jojo","date":"6 octobre 2020","format":false,"excerpt":"Apr\u00e8s notre s\u00e9lection \"Sorci\u00e8res\", voici notre s\u00e9lection \"Fuyons les ogres\" avec des livres aussi d\u00e9j\u00e0 lus et\/ou chroniqu\u00e9s les ann\u00e9es pr\u00e9c\u00e9dentes. En effet, cette ann\u00e9e, le Challenge Halloween de Hilde et Lou s'associe avec le Challenge Contes et L\u00e9gendes de Bidib autour de la th\u00e9matique des Ogres. Dans les contes\u2026","rel":"","context":"Dans &quot;Mini challenger&quot;","block_context":{"text":"Mini challenger","link":"https:\/\/www.jojoenherbe.com\/index.php\/category\/mini-challenger\/"},"img":{"alt_text":"","src":"https:\/\/i0.wp.com\/www.jojoenherbe.com\/wp-content\/uploads\/2020\/10\/Selection-Ogres-scaled.jpg?fit=1200%2C900&ssl=1&resize=350%2C200","width":350,"height":200,"srcset":"https:\/\/i0.wp.com\/www.jojoenherbe.com\/wp-content\/uploads\/2020\/10\/Selection-Ogres-scaled.jpg?fit=1200%2C900&ssl=1&resize=350%2C200 1x, https:\/\/i0.wp.com\/www.jojoenherbe.com\/wp-content\/uploads\/2020\/10\/Selection-Ogres-scaled.jpg?fit=1200%2C900&ssl=1&resize=525%2C300 1.5x, https:\/\/i0.wp.com\/www.jojoenherbe.com\/wp-content\/uploads\/2020\/10\/Selection-Ogres-scaled.jpg?fit=1200%2C900&ssl=1&resize=700%2C400 2x, https:\/\/i0.wp.com\/www.jojoenherbe.com\/wp-content\/uploads\/2020\/10\/Selection-Ogres-scaled.jpg?fit=1200%2C900&ssl=1&resize=1050%2C600 3x"},"classes":[]},{"id":15444,"url":"https:\/\/www.jojoenherbe.com\/index.php\/2021\/02\/03\/au-fil-des-pages-avec-peau-dane\/","url_meta":{"origin":11083,"position":5},"title":"Au fil des pages avec Peau d&rsquo;\u00c2ne","author":"Jojo","date":"3 f\u00e9vrier 2021","format":false,"excerpt":"Pour le th\u00e8me des \"contes en cuisine\" du mois de f\u00e9vrier 2021 du Challenge Contes et L\u00e9gendes de Bidib, j'emprunte \u00e0 la m\u00e9diath\u00e8que Peau d'\u00c2ne d'H\u00e9l\u00e8ne Druvert, d'apr\u00e8s Charles Perrault (\u00e9d. Gautier-Languereau, coll. D\u00e9coupe Laser, 2015), un album jeunesse \u00e0 partir de 6 ans. Au d\u00e9c\u00e8s de sa m\u00e8re, une\u2026","rel":"","context":"Dans &quot;Mini lecteur&quot;","block_context":{"text":"Mini lecteur","link":"https:\/\/www.jojoenherbe.com\/index.php\/category\/mini-lecteur\/"},"img":{"alt_text":"","src":"https:\/\/i0.wp.com\/www.jojoenherbe.com\/wp-content\/uploads\/2021\/02\/Peau-dAne-scaled.jpg?fit=1200%2C788&ssl=1&resize=350%2C200","width":350,"height":200,"srcset":"https:\/\/i0.wp.com\/www.jojoenherbe.com\/wp-content\/uploads\/2021\/02\/Peau-dAne-scaled.jpg?fit=1200%2C788&ssl=1&resize=350%2C200 1x, https:\/\/i0.wp.com\/www.jojoenherbe.com\/wp-content\/uploads\/2021\/02\/Peau-dAne-scaled.jpg?fit=1200%2C788&ssl=1&resize=525%2C300 1.5x, https:\/\/i0.wp.com\/www.jojoenherbe.com\/wp-content\/uploads\/2021\/02\/Peau-dAne-scaled.jpg?fit=1200%2C788&ssl=1&resize=700%2C400 2x, https:\/\/i0.wp.com\/www.jojoenherbe.com\/wp-content\/uploads\/2021\/02\/Peau-dAne-scaled.jpg?fit=1200%2C788&ssl=1&resize=1050%2C600 3x"},"classes":[]}],"_links":{"self":[{"href":"https:\/\/www.jojoenherbe.com\/index.php\/wp-json\/wp\/v2\/posts\/11083","targetHints":{"allow":["GET"]}}],"collection":[{"href":"https:\/\/www.jojoenherbe.com\/index.php\/wp-json\/wp\/v2\/posts"}],"about":[{"href":"https:\/\/www.jojoenherbe.com\/index.php\/wp-json\/wp\/v2\/types\/post"}],"author":[{"embeddable":true,"href":"https:\/\/www.jojoenherbe.com\/index.php\/wp-json\/wp\/v2\/users\/1"}],"replies":[{"embeddable":true,"href":"https:\/\/www.jojoenherbe.com\/index.php\/wp-json\/wp\/v2\/comments?post=11083"}],"version-history":[{"count":1,"href":"https:\/\/www.jojoenherbe.com\/index.php\/wp-json\/wp\/v2\/posts\/11083\/revisions"}],"predecessor-version":[{"id":34044,"href":"https:\/\/www.jojoenherbe.com\/index.php\/wp-json\/wp\/v2\/posts\/11083\/revisions\/34044"}],"wp:featuredmedia":[{"embeddable":true,"href":"https:\/\/www.jojoenherbe.com\/index.php\/wp-json\/wp\/v2\/media\/11096"}],"wp:attachment":[{"href":"https:\/\/www.jojoenherbe.com\/index.php\/wp-json\/wp\/v2\/media?parent=11083"}],"wp:term":[{"taxonomy":"category","embeddable":true,"href":"https:\/\/www.jojoenherbe.com\/index.php\/wp-json\/wp\/v2\/categories?post=11083"},{"taxonomy":"post_tag","embeddable":true,"href":"https:\/\/www.jojoenherbe.com\/index.php\/wp-json\/wp\/v2\/tags?post=11083"}],"curies":[{"name":"wp","href":"https:\/\/api.w.org\/{rel}","templated":true}]}}