{"id":10980,"date":"2020-05-16T16:26:12","date_gmt":"2020-05-16T14:26:12","guid":{"rendered":"http:\/\/www.jojoenherbe.com\/?p=10980"},"modified":"2020-05-16T16:30:05","modified_gmt":"2020-05-16T14:30:05","slug":"semaine-20-du-projet-52-2020-moyen-de-transport","status":"publish","type":"post","link":"https:\/\/www.jojoenherbe.com\/index.php\/2020\/05\/16\/semaine-20-du-projet-52-2020-moyen-de-transport\/","title":{"rendered":"Semaine 20 du Projet 52-2020: Moyen de transport"},"content":{"rendered":"<p style=\"text-align: justify;\"><em>Pour la semaine 20 du Projet 52-2020 de Du c\u00f4t\u00e9 de chez Ma&rsquo;, le th\u00e8me est \u00ab\u00a0<a href=\"https:\/\/ducotedechezma.wordpress.com\/2020\/05\/16\/projet-52-2020-semaine-20-moyen-de-transport\/\">Moyen de transport<\/a>\u00ab\u00a0. Voici une photo du train des Pignes avec sa locomotive \u00e0 vapeur au d\u00e9part de la gare d&rsquo;Entrevaux, en octobre 2019. Il est possible d&rsquo;y monter l&rsquo;\u00e9t\u00e9 entre Puget-Th\u00e9niers et Annot.<br \/>\n<\/em><\/p>\n<p><img data-recalc-dims=\"1\" loading=\"lazy\" decoding=\"async\" data-attachment-id=\"1605\" data-permalink=\"https:\/\/www.jojoenherbe.com\/index.php\/2007\/03\/21\/circuit-en-raquettes-des-lacs-de-prals\/lacs-de-prals-2\/\" data-orig-file=\"https:\/\/i0.wp.com\/www.jojoenherbe.com\/wp-content\/uploads\/2007\/03\/Lacs-de-Prals-2.jpg?fit=1944%2C2592&amp;ssl=1\" data-orig-size=\"1944,2592\" data-comments-opened=\"1\" data-image-meta=\"{&quot;aperture&quot;:&quot;2.8&quot;,&quot;credit&quot;:&quot;&quot;,&quot;camera&quot;:&quot;DSC-P100&quot;,&quot;caption&quot;:&quot;&quot;,&quot;created_timestamp&quot;:&quot;1174209350&quot;,&quot;copyright&quot;:&quot;&quot;,&quot;focal_length&quot;:&quot;7.9&quot;,&quot;iso&quot;:&quot;100&quot;,&quot;shutter_speed&quot;:&quot;0.01&quot;,&quot;title&quot;:&quot;&quot;,&quot;orientation&quot;:&quot;0&quot;}\" data-image-title=\"Lacs de Prals 2\" data-image-description=\"\" data-image-caption=\"\" data-large-file=\"https:\/\/i0.wp.com\/www.jojoenherbe.com\/wp-content\/uploads\/2007\/03\/Lacs-de-Prals-2.jpg?fit=676%2C901&amp;ssl=1\" class=\"below-entry-meta wp-image-1605 aligncenter\" src=\"https:\/\/ducotedechezma.files.wordpress.com\/2019\/12\/52-2020_liste_themes.jpg?w=840&#038;resize=327%2C270\" sizes=\"auto, (max-width: 709px) 85vw, (max-width: 909px) 67vw, (max-width: 1362px) 62vw, 840px\" srcset=\"https:\/\/ducotedechezma.files.wordpress.com\/2019\/12\/52-2020_liste_themes.jpg?w=840 840w, https:\/\/ducotedechezma.files.wordpress.com\/2019\/12\/52-2020_liste_themes.jpg?w=150 150w, https:\/\/ducotedechezma.files.wordpress.com\/2019\/12\/52-2020_liste_themes.jpg?w=300 300w, https:\/\/ducotedechezma.files.wordpress.com\/2019\/12\/52-2020_liste_themes.jpg?w=768 768w, https:\/\/ducotedechezma.files.wordpress.com\/2019\/12\/52-2020_liste_themes.jpg 975w\" alt=\"52-2020_liste_themes\" width=\"327\" height=\"270\" data-attachment-id=\"1605\" data-permalink=\"https:\/\/ducotedechezma.wordpress.com\/2019\/12\/26\/projet-52-2020-et-si-on-repartait-pour-une-annee-de-photos\/52-2020_liste_themes\/\" data-orig-file=\"https:\/\/ducotedechezma.files.wordpress.com\/2019\/12\/52-2020_liste_themes.jpg\" data-orig-size=\"975,805\" data-comments-opened=\"1\" data-image-meta=\"{&quot;aperture&quot;:&quot;0&quot;,&quot;credit&quot;:&quot;&quot;,&quot;camera&quot;:&quot;&quot;,&quot;caption&quot;:&quot;&quot;,&quot;created_timestamp&quot;:&quot;0&quot;,&quot;copyright&quot;:&quot;&quot;,&quot;focal_length&quot;:&quot;0&quot;,&quot;iso&quot;:&quot;0&quot;,&quot;shutter_speed&quot;:&quot;0&quot;,&quot;title&quot;:&quot;&quot;,&quot;orientation&quot;:&quot;0&quot;}\" data-image-title=\"52-2020_liste_themes\" data-image-description=\"\" data-medium-file=\"https:\/\/ducotedechezma.files.wordpress.com\/2019\/12\/52-2020_liste_themes.jpg?w=300\" data-large-file=\"https:\/\/ducotedechezma.files.wordpress.com\/2019\/12\/52-2020_liste_themes.jpg?w=840\" \/><\/p>\n","protected":false},"excerpt":{"rendered":"<p>Pour la semaine 20 du Projet 52-2020 de Du c\u00f4t\u00e9 de chez Ma&rsquo;, le th\u00e8me est \u00ab\u00a0Moyen de transport\u00ab\u00a0. Voici une photo du train des Pignes avec sa locomotive \u00e0 vapeur au d\u00e9part de la gare d&rsquo;Entrevaux, en octobre 2019. Il est possible d&rsquo;y monter l&rsquo;\u00e9t\u00e9 entre Puget-Th\u00e9niers et Annot.<\/p>\n","protected":false},"author":1,"featured_media":10981,"comment_status":"open","ping_status":"open","sticky":false,"template":"","format":"standard","meta":{"jetpack_post_was_ever_published":false,"_jetpack_newsletter_access":"","_jetpack_dont_email_post_to_subs":false,"_jetpack_newsletter_tier_id":0,"_jetpack_memberships_contains_paywalled_content":false,"_jetpack_memberships_contains_paid_content":false,"footnotes":""},"categories":[437],"tags":[51,25,89,50,5,1115,1506,1517,1516,1518],"class_list":["post-10980","post","type-post","status-publish","format-standard","has-post-thumbnail","hentry","category-mini-photographe","tag-alpes-de-haute-provence","tag-alpes-maritimes","tag-arriere-pays-nicois","tag-entrevaux","tag-paca","tag-projet-52-2020","tag-region-sud","tag-train","tag-train-a-vapeur","tag-train-des-pignes","post-preview"],"jetpack_featured_media_url":"https:\/\/i0.wp.com\/www.jojoenherbe.com\/wp-content\/uploads\/2020\/05\/Train-des-Pignes-Entrevaux-scaled.jpg?fit=2560%2C1717&ssl=1","jetpack_sharing_enabled":true,"jetpack_shortlink":"https:\/\/wp.me\/p9zhGx-2R6","jetpack_likes_enabled":true,"jetpack-related-posts":[{"id":9784,"url":"https:\/\/www.jojoenherbe.com\/index.php\/2020\/01\/25\/semaine-4-du-projet-52-2020-bulles\/","url_meta":{"origin":10980,"position":0},"title":"Semaine 4 du Projet 52-2020: Bulle(s)","author":"Jojo","date":"25 janvier 2020","format":false,"excerpt":"Pour la semaine 4 du Projet 52-2020 de Du c\u00f4t\u00e9 de chez Ma', le th\u00e8me est \"Bulle(s)\". J'ai tout de suite pens\u00e9 aux bulles de savons et aux bulles des bandes dessin\u00e9es mais aussi aux bulles de verre. Ce sont ces derni\u00e8res que j'aurai voulu choisir pour illustrer le th\u00e8me\u2026","rel":"","context":"Dans &quot;mini photographe&quot;","block_context":{"text":"mini photographe","link":"https:\/\/www.jojoenherbe.com\/index.php\/category\/mini-photographe\/"},"img":{"alt_text":"","src":"https:\/\/i0.wp.com\/www.jojoenherbe.com\/wp-content\/uploads\/2020\/01\/Jojo-Bulles-de-savon-3-scaled.jpg?fit=1200%2C607&ssl=1&resize=350%2C200","width":350,"height":200,"srcset":"https:\/\/i0.wp.com\/www.jojoenherbe.com\/wp-content\/uploads\/2020\/01\/Jojo-Bulles-de-savon-3-scaled.jpg?fit=1200%2C607&ssl=1&resize=350%2C200 1x, https:\/\/i0.wp.com\/www.jojoenherbe.com\/wp-content\/uploads\/2020\/01\/Jojo-Bulles-de-savon-3-scaled.jpg?fit=1200%2C607&ssl=1&resize=525%2C300 1.5x, https:\/\/i0.wp.com\/www.jojoenherbe.com\/wp-content\/uploads\/2020\/01\/Jojo-Bulles-de-savon-3-scaled.jpg?fit=1200%2C607&ssl=1&resize=700%2C400 2x, https:\/\/i0.wp.com\/www.jojoenherbe.com\/wp-content\/uploads\/2020\/01\/Jojo-Bulles-de-savon-3-scaled.jpg?fit=1200%2C607&ssl=1&resize=1050%2C600 3x"},"classes":[]},{"id":25704,"url":"https:\/\/www.jojoenherbe.com\/index.php\/2022\/05\/29\/semaine-21-du-projet-52-2022-animal\/","url_meta":{"origin":10980,"position":1},"title":"Semaine 21 du Projet 52-2022: Animal","author":"Jojo","date":"29 mai 2022","format":false,"excerpt":"Pour la semaine 21 du Projet 52-2022 de Du c\u00f4t\u00e9 de chez Ma\u2019, le th\u00e8me est \"Animal\". Je reste au m\u00eame endroit que la semaine derni\u00e8re avec une photo de marmottes prise hier au col de la Cayolle permettant de passer des Alpes-Maritimes aux Alpes-de-Haute-Provence. Contrairement \u00e0 juillet 2015, il\u2026","rel":"","context":"Dans &quot;mini photographe&quot;","block_context":{"text":"mini photographe","link":"https:\/\/www.jojoenherbe.com\/index.php\/category\/mini-photographe\/"},"img":{"alt_text":"","src":"https:\/\/i0.wp.com\/www.jojoenherbe.com\/wp-content\/uploads\/2022\/05\/Marmotte-Col-de-la-Cayolle-2-scaled.jpg?fit=1200%2C900&ssl=1&resize=350%2C200","width":350,"height":200,"srcset":"https:\/\/i0.wp.com\/www.jojoenherbe.com\/wp-content\/uploads\/2022\/05\/Marmotte-Col-de-la-Cayolle-2-scaled.jpg?fit=1200%2C900&ssl=1&resize=350%2C200 1x, https:\/\/i0.wp.com\/www.jojoenherbe.com\/wp-content\/uploads\/2022\/05\/Marmotte-Col-de-la-Cayolle-2-scaled.jpg?fit=1200%2C900&ssl=1&resize=525%2C300 1.5x, https:\/\/i0.wp.com\/www.jojoenherbe.com\/wp-content\/uploads\/2022\/05\/Marmotte-Col-de-la-Cayolle-2-scaled.jpg?fit=1200%2C900&ssl=1&resize=700%2C400 2x, https:\/\/i0.wp.com\/www.jojoenherbe.com\/wp-content\/uploads\/2022\/05\/Marmotte-Col-de-la-Cayolle-2-scaled.jpg?fit=1200%2C900&ssl=1&resize=1050%2C600 3x"},"classes":[]},{"id":10037,"url":"https:\/\/www.jojoenherbe.com\/index.php\/2020\/02\/15\/semaine-7-du-projet-52-2020-porte\/","url_meta":{"origin":10980,"position":2},"title":"Semaine 7 du Projet 52-2020: Porte","author":"Jojo","date":"15 f\u00e9vrier 2020","format":false,"excerpt":"Pour la semaine 7 du Projet 52-2020 de Du c\u00f4t\u00e9 de chez Ma', le th\u00e8me est \"Porte\", ce qui me fait penser aux portes peintes de Roubion, petit village \u00e0 flanc de falaise dans l'arri\u00e8re-pays ni\u00e7ois, sur la route du Col de la Couillole dans la vall\u00e9e de la Tin\u00e9e\u2026","rel":"","context":"Dans &quot;mini photographe&quot;","block_context":{"text":"mini photographe","link":"https:\/\/www.jojoenherbe.com\/index.php\/category\/mini-photographe\/"},"img":{"alt_text":"","src":"https:\/\/i0.wp.com\/www.jojoenherbe.com\/wp-content\/uploads\/2020\/02\/Portes-peintes-de-Roubion-scaled.jpg?fit=1200%2C756&ssl=1&resize=350%2C200","width":350,"height":200,"srcset":"https:\/\/i0.wp.com\/www.jojoenherbe.com\/wp-content\/uploads\/2020\/02\/Portes-peintes-de-Roubion-scaled.jpg?fit=1200%2C756&ssl=1&resize=350%2C200 1x, https:\/\/i0.wp.com\/www.jojoenherbe.com\/wp-content\/uploads\/2020\/02\/Portes-peintes-de-Roubion-scaled.jpg?fit=1200%2C756&ssl=1&resize=525%2C300 1.5x, https:\/\/i0.wp.com\/www.jojoenherbe.com\/wp-content\/uploads\/2020\/02\/Portes-peintes-de-Roubion-scaled.jpg?fit=1200%2C756&ssl=1&resize=700%2C400 2x, https:\/\/i0.wp.com\/www.jojoenherbe.com\/wp-content\/uploads\/2020\/02\/Portes-peintes-de-Roubion-scaled.jpg?fit=1200%2C756&ssl=1&resize=1050%2C600 3x"},"classes":[]},{"id":10151,"url":"https:\/\/www.jojoenherbe.com\/index.php\/2020\/02\/22\/semaine-8-du-projet-52-2020-sauvage\/","url_meta":{"origin":10980,"position":3},"title":"Semaine 8 du Projet 52-2020: Sauvage","author":"Jojo","date":"22 f\u00e9vrier 2020","format":false,"excerpt":"Pour la semaine 8 du Projet 52-2020 de Du c\u00f4t\u00e9 de chez Ma', le th\u00e8me est \"Sauvage\". J'ai longuement h\u00e9sit\u00e9 entre faune et flore. Puis finalement j'ai choisi un petit animal sauvage que j'ai pu croiser, en mai 2009, lors d'une randonn\u00e9e de Roubion jusqu'au torrent du D\u00e9mant, en passant\u2026","rel":"","context":"Dans &quot;mini photographe&quot;","block_context":{"text":"mini photographe","link":"https:\/\/www.jojoenherbe.com\/index.php\/category\/mini-photographe\/"},"img":{"alt_text":"","src":"https:\/\/i0.wp.com\/www.jojoenherbe.com\/wp-content\/uploads\/2020\/02\/Li%C3%A8vre-variable-Vignols.jpg?fit=1200%2C900&ssl=1&resize=350%2C200","width":350,"height":200,"srcset":"https:\/\/i0.wp.com\/www.jojoenherbe.com\/wp-content\/uploads\/2020\/02\/Li%C3%A8vre-variable-Vignols.jpg?fit=1200%2C900&ssl=1&resize=350%2C200 1x, https:\/\/i0.wp.com\/www.jojoenherbe.com\/wp-content\/uploads\/2020\/02\/Li%C3%A8vre-variable-Vignols.jpg?fit=1200%2C900&ssl=1&resize=525%2C300 1.5x, https:\/\/i0.wp.com\/www.jojoenherbe.com\/wp-content\/uploads\/2020\/02\/Li%C3%A8vre-variable-Vignols.jpg?fit=1200%2C900&ssl=1&resize=700%2C400 2x, https:\/\/i0.wp.com\/www.jojoenherbe.com\/wp-content\/uploads\/2020\/02\/Li%C3%A8vre-variable-Vignols.jpg?fit=1200%2C900&ssl=1&resize=1050%2C600 3x"},"classes":[]},{"id":9383,"url":"https:\/\/www.jojoenherbe.com\/index.php\/2020\/01\/04\/semaine-1-du-projet-52-2020-directions\/","url_meta":{"origin":10980,"position":4},"title":"Semaine 1 du Projet 52-2020: Direction(s)","author":"Jojo","date":"4 janvier 2020","format":false,"excerpt":"En ce premier samedi de l'ann\u00e9e 2020, c'est reparti pour le projet photo organis\u00e9 par Ma' du blog Du c\u00f4t\u00e9 de chez Ma' et auquel je participe pour la deuxi\u00e8me ann\u00e9e. Le th\u00e8me de cette semaine 1 du Projet 52-2020 est \"Direction(s)\". Voici ma photo prise cette semaine, lors des\u2026","rel":"","context":"Dans &quot;mini photographe&quot;","block_context":{"text":"mini photographe","link":"https:\/\/www.jojoenherbe.com\/index.php\/category\/mini-photographe\/"},"img":{"alt_text":"","src":"https:\/\/i0.wp.com\/www.jojoenherbe.com\/wp-content\/uploads\/2020\/01\/Panneau-de-signalisation-March%C3%A9-de-No%C3%ABl-de-Nice-scaled.jpg?fit=900%2C1200&ssl=1&resize=350%2C200","width":350,"height":200,"srcset":"https:\/\/i0.wp.com\/www.jojoenherbe.com\/wp-content\/uploads\/2020\/01\/Panneau-de-signalisation-March%C3%A9-de-No%C3%ABl-de-Nice-scaled.jpg?fit=900%2C1200&ssl=1&resize=350%2C200 1x, https:\/\/i0.wp.com\/www.jojoenherbe.com\/wp-content\/uploads\/2020\/01\/Panneau-de-signalisation-March%C3%A9-de-No%C3%ABl-de-Nice-scaled.jpg?fit=900%2C1200&ssl=1&resize=525%2C300 1.5x, https:\/\/i0.wp.com\/www.jojoenherbe.com\/wp-content\/uploads\/2020\/01\/Panneau-de-signalisation-March%C3%A9-de-No%C3%ABl-de-Nice-scaled.jpg?fit=900%2C1200&ssl=1&resize=700%2C400 2x"},"classes":[]},{"id":10935,"url":"https:\/\/www.jojoenherbe.com\/index.php\/2020\/05\/09\/semaine-19-du-projet-52-2020-lart-dans-la-ville\/","url_meta":{"origin":10980,"position":5},"title":"Semaine 19 du Projet 52-2020: L&rsquo;art dans la ville","author":"Jojo","date":"9 mai 2020","format":false,"excerpt":"Pour la semaine 19 du Projet 52-2020 de Du c\u00f4t\u00e9 de chez Ma', le th\u00e8me est \"L'art dans la ville\". Cela me fait imm\u00e9diatement penser \u00e0 du Street Art, comme \u00e0 Mouans-Sartoux. Et puis finalement, je choisis la Statue de la Libert\u00e9, une petite r\u00e9plique du sculpteur Auguste Bartholdi, pr\u00e9sente\u2026","rel":"","context":"Dans &quot;mini photographe&quot;","block_context":{"text":"mini photographe","link":"https:\/\/www.jojoenherbe.com\/index.php\/category\/mini-photographe\/"},"img":{"alt_text":"","src":"https:\/\/i0.wp.com\/www.jojoenherbe.com\/wp-content\/uploads\/2020\/05\/Statue-de-la-Libert%C3%A9-Nice-scaled.jpg?fit=900%2C1200&ssl=1&resize=350%2C200","width":350,"height":200,"srcset":"https:\/\/i0.wp.com\/www.jojoenherbe.com\/wp-content\/uploads\/2020\/05\/Statue-de-la-Libert%C3%A9-Nice-scaled.jpg?fit=900%2C1200&ssl=1&resize=350%2C200 1x, https:\/\/i0.wp.com\/www.jojoenherbe.com\/wp-content\/uploads\/2020\/05\/Statue-de-la-Libert%C3%A9-Nice-scaled.jpg?fit=900%2C1200&ssl=1&resize=525%2C300 1.5x, https:\/\/i0.wp.com\/www.jojoenherbe.com\/wp-content\/uploads\/2020\/05\/Statue-de-la-Libert%C3%A9-Nice-scaled.jpg?fit=900%2C1200&ssl=1&resize=700%2C400 2x"},"classes":[]}],"_links":{"self":[{"href":"https:\/\/www.jojoenherbe.com\/index.php\/wp-json\/wp\/v2\/posts\/10980","targetHints":{"allow":["GET"]}}],"collection":[{"href":"https:\/\/www.jojoenherbe.com\/index.php\/wp-json\/wp\/v2\/posts"}],"about":[{"href":"https:\/\/www.jojoenherbe.com\/index.php\/wp-json\/wp\/v2\/types\/post"}],"author":[{"embeddable":true,"href":"https:\/\/www.jojoenherbe.com\/index.php\/wp-json\/wp\/v2\/users\/1"}],"replies":[{"embeddable":true,"href":"https:\/\/www.jojoenherbe.com\/index.php\/wp-json\/wp\/v2\/comments?post=10980"}],"version-history":[{"count":0,"href":"https:\/\/www.jojoenherbe.com\/index.php\/wp-json\/wp\/v2\/posts\/10980\/revisions"}],"wp:featuredmedia":[{"embeddable":true,"href":"https:\/\/www.jojoenherbe.com\/index.php\/wp-json\/wp\/v2\/media\/10981"}],"wp:attachment":[{"href":"https:\/\/www.jojoenherbe.com\/index.php\/wp-json\/wp\/v2\/media?parent=10980"}],"wp:term":[{"taxonomy":"category","embeddable":true,"href":"https:\/\/www.jojoenherbe.com\/index.php\/wp-json\/wp\/v2\/categories?post=10980"},{"taxonomy":"post_tag","embeddable":true,"href":"https:\/\/www.jojoenherbe.com\/index.php\/wp-json\/wp\/v2\/tags?post=10980"}],"curies":[{"name":"wp","href":"https:\/\/api.w.org\/{rel}","templated":true}]}}