{"id":10973,"date":"2020-05-15T21:59:25","date_gmt":"2020-05-15T19:59:25","guid":{"rendered":"http:\/\/www.jojoenherbe.com\/?p=10973"},"modified":"2021-04-15T15:36:58","modified_gmt":"2021-04-15T13:36:58","slug":"au-fil-des-pages-avec-ouvre-moi","status":"publish","type":"post","link":"https:\/\/www.jojoenherbe.com\/index.php\/2020\/05\/15\/au-fil-des-pages-avec-ouvre-moi\/","title":{"rendered":"Au fil des pages avec Ouvre-moi"},"content":{"rendered":"<p style=\"text-align: justify;\"><em><a href=\"https:\/\/i0.wp.com\/www.jojoenherbe.com\/wp-content\/uploads\/2020\/05\/Ouvre-moi-2-scaled.jpg\"><img data-recalc-dims=\"1\" loading=\"lazy\" decoding=\"async\" data-attachment-id=\"10974\" data-permalink=\"https:\/\/www.jojoenherbe.com\/index.php\/2020\/05\/15\/au-fil-des-pages-avec-ouvre-moi\/ouvre-moi-2\/\" data-orig-file=\"https:\/\/i0.wp.com\/www.jojoenherbe.com\/wp-content\/uploads\/2020\/05\/Ouvre-moi-2-scaled.jpg?fit=2560%2C1812&amp;ssl=1\" data-orig-size=\"2560,1812\" data-comments-opened=\"1\" data-image-meta=\"{&quot;aperture&quot;:&quot;1.8&quot;,&quot;credit&quot;:&quot;&quot;,&quot;camera&quot;:&quot;Armor_X2&quot;,&quot;caption&quot;:&quot;&quot;,&quot;created_timestamp&quot;:&quot;1589570043&quot;,&quot;copyright&quot;:&quot;&quot;,&quot;focal_length&quot;:&quot;3.5&quot;,&quot;iso&quot;:&quot;368&quot;,&quot;shutter_speed&quot;:&quot;0.074997&quot;,&quot;title&quot;:&quot;&quot;,&quot;orientation&quot;:&quot;1&quot;}\" data-image-title=\"Ouvre-moi 2\" data-image-description=\"\" data-image-caption=\"\" data-large-file=\"https:\/\/i0.wp.com\/www.jojoenherbe.com\/wp-content\/uploads\/2020\/05\/Ouvre-moi-2-scaled.jpg?fit=676%2C479&amp;ssl=1\" class=\"alignleft size-thumbnail wp-image-10974\" src=\"https:\/\/i0.wp.com\/www.jojoenherbe.com\/wp-content\/uploads\/2020\/05\/Ouvre-moi-2.jpg?resize=150%2C150\" alt=\"\" width=\"150\" height=\"150\" srcset=\"https:\/\/i0.wp.com\/www.jojoenherbe.com\/wp-content\/uploads\/2020\/05\/Ouvre-moi-2-scaled.jpg?resize=150%2C150&amp;ssl=1 150w, https:\/\/i0.wp.com\/www.jojoenherbe.com\/wp-content\/uploads\/2020\/05\/Ouvre-moi-2-scaled.jpg?zoom=2&amp;resize=150%2C150 300w, https:\/\/i0.wp.com\/www.jojoenherbe.com\/wp-content\/uploads\/2020\/05\/Ouvre-moi-2-scaled.jpg?zoom=3&amp;resize=150%2C150 450w\" sizes=\"auto, (max-width: 150px) 100vw, 150px\" \/><\/a> <a href=\"https:\/\/i0.wp.com\/www.jojoenherbe.com\/wp-content\/uploads\/2020\/05\/Ouvre-moi-3-scaled.jpg\"><img data-recalc-dims=\"1\" loading=\"lazy\" decoding=\"async\" data-attachment-id=\"10975\" data-permalink=\"https:\/\/www.jojoenherbe.com\/index.php\/2020\/05\/15\/au-fil-des-pages-avec-ouvre-moi\/ouvre-moi-3\/\" data-orig-file=\"https:\/\/i0.wp.com\/www.jojoenherbe.com\/wp-content\/uploads\/2020\/05\/Ouvre-moi-3-scaled.jpg?fit=2560%2C1443&amp;ssl=1\" data-orig-size=\"2560,1443\" data-comments-opened=\"1\" data-image-meta=\"{&quot;aperture&quot;:&quot;1.8&quot;,&quot;credit&quot;:&quot;&quot;,&quot;camera&quot;:&quot;Armor_X2&quot;,&quot;caption&quot;:&quot;&quot;,&quot;created_timestamp&quot;:&quot;1589570032&quot;,&quot;copyright&quot;:&quot;&quot;,&quot;focal_length&quot;:&quot;3.5&quot;,&quot;iso&quot;:&quot;402&quot;,&quot;shutter_speed&quot;:&quot;0.074997&quot;,&quot;title&quot;:&quot;&quot;,&quot;orientation&quot;:&quot;1&quot;}\" data-image-title=\"Ouvre-moi 3\" data-image-description=\"\" data-image-caption=\"\" data-large-file=\"https:\/\/i0.wp.com\/www.jojoenherbe.com\/wp-content\/uploads\/2020\/05\/Ouvre-moi-3-scaled.jpg?fit=676%2C381&amp;ssl=1\" class=\"alignleft size-thumbnail wp-image-10975\" src=\"https:\/\/i0.wp.com\/www.jojoenherbe.com\/wp-content\/uploads\/2020\/05\/Ouvre-moi-3.jpg?resize=150%2C150\" alt=\"\" width=\"150\" height=\"150\" srcset=\"https:\/\/i0.wp.com\/www.jojoenherbe.com\/wp-content\/uploads\/2020\/05\/Ouvre-moi-3-scaled.jpg?resize=150%2C150&amp;ssl=1 150w, https:\/\/i0.wp.com\/www.jojoenherbe.com\/wp-content\/uploads\/2020\/05\/Ouvre-moi-3-scaled.jpg?zoom=2&amp;resize=150%2C150 300w, https:\/\/i0.wp.com\/www.jojoenherbe.com\/wp-content\/uploads\/2020\/05\/Ouvre-moi-3-scaled.jpg?zoom=3&amp;resize=150%2C150 450w\" sizes=\"auto, (max-width: 150px) 100vw, 150px\" \/><\/a>Nous lisons <span style=\"text-decoration: underline;\">Ouvre-moi<\/span> de Muka (\u00e9d. Alice Jeunesse, 2016, r\u00e9\u00e9d. 2019), un album jeunesse \u00e0 partir de 4 ans et qui a \u00e9t\u00e9 Laur\u00e9at du 30\u00e8me Prix des Incos 2018\/2019 dans la s\u00e9lection CP. Un jeune gar\u00e7on vit seul dans une maison en bois \u00e0 la lisi\u00e8re de la for\u00eat. Un hiver bien froid, un ours vient lui demander refuge. Apr\u00e8s un temps de r\u00e9flexion, le jeune gar\u00e7on accepte. Mais la cohabitation semble bien difficile, l&rsquo;ours \u00e9tant bien grand et maladroit. A bout, le jeune gar\u00e7on chasse l&rsquo;ours. Et s&rsquo;il avait finalement besoin de son aide? <\/em><\/p>\n<p style=\"text-align: justify;\"><em>L&rsquo;histoire permet au jeune lecteur de ressentir tout un tas d&rsquo;\u00e9motions, \u00e0 l&rsquo;instar du jeune gar\u00e7on: de la crainte, de la joie, de l&rsquo;exasp\u00e9ration&#8230; Les illustrations dynamiques accompagnent \u00e0 merveille le texte, notamment au moment des h\u00e9sitations du jeune gar\u00e7on.&nbsp; L&rsquo;histoire aborde les th\u00e8mes de l&rsquo;amiti\u00e9, de la diff\u00e9rence et du partage. Qu&rsquo;il peut \u00eatre bien difficile parfois de vivre ensemble, de laisser sa porte ouverte \u00e0 l&rsquo;Autre, \u00e0 l&rsquo;\u00e9tranger. Et pourtant un avenir commun est possible, comme par exemple \u00e0 l&rsquo;arriv\u00e9e d&rsquo;un b\u00e9b\u00e9 dans une fratrie ou encore dans l&rsquo;accueil d&rsquo;un \u00e9tranger, d&rsquo;un migrant&#8230; Coup de c\u0153ur pour cet album jeunesse plein de tendresse!<br \/>\n<\/em><\/p>\n","protected":false},"excerpt":{"rendered":"<p>Nous lisons Ouvre-moi de Muka (\u00e9d. Alice Jeunesse, 2016, r\u00e9\u00e9d. 2019), un album jeunesse \u00e0 partir de 4 ans et qui a \u00e9t\u00e9 Laur\u00e9at du 30\u00e8me Prix des Incos 2018\/2019 dans la s\u00e9lection CP. Un jeune gar\u00e7on vit seul dans une maison en bois \u00e0 la lisi\u00e8re de la for\u00eat. Un hiver bien froid, un [&hellip;]<\/p>\n","protected":false},"author":1,"featured_media":10976,"comment_status":"open","ping_status":"open","sticky":false,"template":"","format":"standard","meta":{"jetpack_post_was_ever_published":false,"_jetpack_newsletter_access":"","_jetpack_dont_email_post_to_subs":false,"_jetpack_newsletter_tier_id":0,"_jetpack_memberships_contains_paywalled_content":false,"_jetpack_memberships_contains_paid_content":false,"footnotes":""},"categories":[363],"tags":[1031,409,386,1515,612,703,979,365,367,1016,1514,366,451,1673,2393,448],"class_list":["post-10973","post","type-post","status-publish","format-standard","has-post-thumbnail","hentry","category-mini-lecteur","tag-4-7-ans","tag-albums-jeunesse","tag-amitie","tag-cohabitation","tag-difference","tag-garcon","tag-generosite","tag-hiver","tag-lecture-jeunesse","tag-lectures-dhiver","tag-muka","tag-ours","tag-partage","tag-prix-des-incos","tag-prix-des-incos-2019","tag-vivre-ensemble","post-preview"],"jetpack_featured_media_url":"https:\/\/i0.wp.com\/www.jojoenherbe.com\/wp-content\/uploads\/2020\/05\/Ouvre-moi-scaled.jpg?fit=2560%2C1849&ssl=1","jetpack_sharing_enabled":true,"jetpack_shortlink":"https:\/\/wp.me\/p9zhGx-2QZ","jetpack_likes_enabled":true,"jetpack-related-posts":[{"id":17295,"url":"https:\/\/www.jojoenherbe.com\/index.php\/2021\/04\/19\/nos-lectures-de-la-selection-maternelle-du-prix-des-incos-2021\/","url_meta":{"origin":10973,"position":0},"title":"Nos lectures de la s\u00e9lection Maternelle du Prix des Incos 2021","author":"Jojo","date":"19 avril 2021","format":false,"excerpt":"Cette ann\u00e9e et comme d\u00e9j\u00e0 l'ann\u00e9e derni\u00e8re, nous avons pu lire la s\u00e9lection Maternelle du 32\u00e8me Prix des Incos 2020\/2021: Le bon c\u00f4t\u00e9 du mur de Jon Agee (\u00e9d. Gallimard Jeunesse, 2019), un album jeunesse \u00e0 partir de 3 ans. Au milieu du livre, il y a un mur. Un\u2026","rel":"","context":"Dans &quot;Mini lecteur&quot;","block_context":{"text":"Mini lecteur","link":"https:\/\/www.jojoenherbe.com\/index.php\/category\/mini-lecteur\/"},"img":{"alt_text":"","src":"https:\/\/i0.wp.com\/www.jojoenherbe.com\/wp-content\/uploads\/2021\/04\/Selection-Maternelle-Prix-des-Incos-2021-scaled.jpg?fit=1200%2C900&ssl=1&resize=350%2C200","width":350,"height":200,"srcset":"https:\/\/i0.wp.com\/www.jojoenherbe.com\/wp-content\/uploads\/2021\/04\/Selection-Maternelle-Prix-des-Incos-2021-scaled.jpg?fit=1200%2C900&ssl=1&resize=350%2C200 1x, https:\/\/i0.wp.com\/www.jojoenherbe.com\/wp-content\/uploads\/2021\/04\/Selection-Maternelle-Prix-des-Incos-2021-scaled.jpg?fit=1200%2C900&ssl=1&resize=525%2C300 1.5x, https:\/\/i0.wp.com\/www.jojoenherbe.com\/wp-content\/uploads\/2021\/04\/Selection-Maternelle-Prix-des-Incos-2021-scaled.jpg?fit=1200%2C900&ssl=1&resize=700%2C400 2x, https:\/\/i0.wp.com\/www.jojoenherbe.com\/wp-content\/uploads\/2021\/04\/Selection-Maternelle-Prix-des-Incos-2021-scaled.jpg?fit=1200%2C900&ssl=1&resize=1050%2C600 3x"},"classes":[]},{"id":6689,"url":"https:\/\/www.jojoenherbe.com\/index.php\/2019\/07\/09\/au-fil-des-pages-avec-le-loup-qui-criait-au-garcon\/","url_meta":{"origin":10973,"position":1},"title":"Au fil des pages avec Le loup qui criait au gar\u00e7on!","author":"Jojo","date":"9 juillet 2019","format":false,"excerpt":"Nous empruntons \u00e0 la biblioth\u00e8que un album jeunesse reprenant de fa\u00e7on d\u00e9cal\u00e9e l'expression \"\u00e0 force de crier au loup\". Il s'agit de l'album Le loup qui criait au gar\u00e7on! de James O'Neill et Russel Ayto (\u00e9d. Circonflexe, 2017),un album jeunesse \u00e0 partir de 4 ans et qui a fait partie\u2026","rel":"","context":"Dans &quot;Mini lecteur&quot;","block_context":{"text":"Mini lecteur","link":"https:\/\/www.jojoenherbe.com\/index.php\/category\/mini-lecteur\/"},"img":{"alt_text":"","src":"https:\/\/i0.wp.com\/www.jojoenherbe.com\/wp-content\/uploads\/2019\/07\/Le-loup-qui-criait-au-garcon-4-scaled.jpg?fit=1200%2C900&ssl=1&resize=350%2C200","width":350,"height":200,"srcset":"https:\/\/i0.wp.com\/www.jojoenherbe.com\/wp-content\/uploads\/2019\/07\/Le-loup-qui-criait-au-garcon-4-scaled.jpg?fit=1200%2C900&ssl=1&resize=350%2C200 1x, https:\/\/i0.wp.com\/www.jojoenherbe.com\/wp-content\/uploads\/2019\/07\/Le-loup-qui-criait-au-garcon-4-scaled.jpg?fit=1200%2C900&ssl=1&resize=525%2C300 1.5x, https:\/\/i0.wp.com\/www.jojoenherbe.com\/wp-content\/uploads\/2019\/07\/Le-loup-qui-criait-au-garcon-4-scaled.jpg?fit=1200%2C900&ssl=1&resize=700%2C400 2x, https:\/\/i0.wp.com\/www.jojoenherbe.com\/wp-content\/uploads\/2019\/07\/Le-loup-qui-criait-au-garcon-4-scaled.jpg?fit=1200%2C900&ssl=1&resize=1050%2C600 3x"},"classes":[]},{"id":32436,"url":"https:\/\/www.jojoenherbe.com\/index.php\/2023\/10\/05\/au-fil-des-pages-avec-le-renard-emprivoise\/","url_meta":{"origin":10973,"position":2},"title":"Au fil des pages avec Le renard emprivois\u00e9","author":"Jojo","date":"5 octobre 2023","format":false,"excerpt":"Nous avions lu l'ann\u00e9e derni\u00e8re Le renard emprivois\u00e9 de Marie Tibi et R\u00e9becca Rom\u00e9o (\u00e9d. Le Grand Jardin, coll. Le jardin int\u00e9rieur, janvier 2020, 32 pages), un album jeunesse joliment illustr\u00e9, \u00e0 partir de 7\/8 ans et qui a fait partie de la s\u00e9lection CE2\/CM1 du 34e Prix des Incos\u2026","rel":"","context":"Dans &quot;Mini lecteur&quot;","block_context":{"text":"Mini lecteur","link":"https:\/\/www.jojoenherbe.com\/index.php\/category\/mini-lecteur\/"},"img":{"alt_text":"","src":"https:\/\/i0.wp.com\/www.jojoenherbe.com\/wp-content\/uploads\/2023\/10\/Le-renard-emprivoise-scaled.jpg?fit=1200%2C1030&ssl=1&resize=350%2C200","width":350,"height":200,"srcset":"https:\/\/i0.wp.com\/www.jojoenherbe.com\/wp-content\/uploads\/2023\/10\/Le-renard-emprivoise-scaled.jpg?fit=1200%2C1030&ssl=1&resize=350%2C200 1x, https:\/\/i0.wp.com\/www.jojoenherbe.com\/wp-content\/uploads\/2023\/10\/Le-renard-emprivoise-scaled.jpg?fit=1200%2C1030&ssl=1&resize=525%2C300 1.5x, https:\/\/i0.wp.com\/www.jojoenherbe.com\/wp-content\/uploads\/2023\/10\/Le-renard-emprivoise-scaled.jpg?fit=1200%2C1030&ssl=1&resize=700%2C400 2x, https:\/\/i0.wp.com\/www.jojoenherbe.com\/wp-content\/uploads\/2023\/10\/Le-renard-emprivoise-scaled.jpg?fit=1200%2C1030&ssl=1&resize=1050%2C600 3x"},"classes":[]},{"id":17546,"url":"https:\/\/www.jojoenherbe.com\/index.php\/2021\/04\/19\/au-fil-des-pages-avec-jen-revais-depuis-longtemps\/","url_meta":{"origin":10973,"position":3},"title":"Au fil des pages avec J\u2019en r\u00eavais depuis longtemps","author":"Jojo","date":"19 avril 2021","format":false,"excerpt":"Nous lisons J\u2019en r\u00eavais depuis longtemps d\u2019Olivier Tallec (\u00e9d. Actes Sud Junior, 2018), un album jeunesse au grand format et s'ouvrant par le haut, \u00e0 partir de 4 ans. Il fait \u00e9galement partie de la s\u00e9lection Maternelle du Prix des Incos 2021. A No\u00ebl, un chien devient l'animal de compagnie\u2026","rel":"","context":"Dans &quot;Mini lecteur&quot;","block_context":{"text":"Mini lecteur","link":"https:\/\/www.jojoenherbe.com\/index.php\/category\/mini-lecteur\/"},"img":{"alt_text":"","src":"https:\/\/i0.wp.com\/www.jojoenherbe.com\/wp-content\/uploads\/2021\/04\/Jen-revais-depuis-longtemps-1-scaled.jpg?fit=1200%2C900&ssl=1&resize=350%2C200","width":350,"height":200,"srcset":"https:\/\/i0.wp.com\/www.jojoenherbe.com\/wp-content\/uploads\/2021\/04\/Jen-revais-depuis-longtemps-1-scaled.jpg?fit=1200%2C900&ssl=1&resize=350%2C200 1x, https:\/\/i0.wp.com\/www.jojoenherbe.com\/wp-content\/uploads\/2021\/04\/Jen-revais-depuis-longtemps-1-scaled.jpg?fit=1200%2C900&ssl=1&resize=525%2C300 1.5x, https:\/\/i0.wp.com\/www.jojoenherbe.com\/wp-content\/uploads\/2021\/04\/Jen-revais-depuis-longtemps-1-scaled.jpg?fit=1200%2C900&ssl=1&resize=700%2C400 2x, https:\/\/i0.wp.com\/www.jojoenherbe.com\/wp-content\/uploads\/2021\/04\/Jen-revais-depuis-longtemps-1-scaled.jpg?fit=1200%2C900&ssl=1&resize=1050%2C600 3x"},"classes":[]},{"id":24873,"url":"https:\/\/www.jojoenherbe.com\/index.php\/2022\/04\/14\/au-fil-des-pages-avec-le-cerf-volant-de-toshiro\/","url_meta":{"origin":10973,"position":4},"title":"Au fil des pages avec Le cerf-volant de Toshiro","author":"Jojo","date":"14 avril 2022","format":false,"excerpt":"Lors d'un Mois au Japon 2021, nous avions lu Le cerf-volant de Toshiro de Ghislaine Roman et St\u00e9phane Nicolet (\u00e9d. Nathan Jeunesse, 2018), un album jeunesse \u00e0 partir de 3 ans selon l'\u00e9diteur (mais je dirai plut\u00f4t 5\/6 ans) et qui a fait partie de la s\u00e9lection CE1 du 31e\u2026","rel":"","context":"Dans &quot;Mini lecteur&quot;","block_context":{"text":"Mini lecteur","link":"https:\/\/www.jojoenherbe.com\/index.php\/category\/mini-lecteur\/"},"img":{"alt_text":"","src":"https:\/\/i0.wp.com\/www.jojoenherbe.com\/wp-content\/uploads\/2022\/04\/Le-cerf-volant-de-Toshiro-scaled.jpg?fit=1200%2C858&ssl=1&resize=350%2C200","width":350,"height":200,"srcset":"https:\/\/i0.wp.com\/www.jojoenherbe.com\/wp-content\/uploads\/2022\/04\/Le-cerf-volant-de-Toshiro-scaled.jpg?fit=1200%2C858&ssl=1&resize=350%2C200 1x, https:\/\/i0.wp.com\/www.jojoenherbe.com\/wp-content\/uploads\/2022\/04\/Le-cerf-volant-de-Toshiro-scaled.jpg?fit=1200%2C858&ssl=1&resize=525%2C300 1.5x, https:\/\/i0.wp.com\/www.jojoenherbe.com\/wp-content\/uploads\/2022\/04\/Le-cerf-volant-de-Toshiro-scaled.jpg?fit=1200%2C858&ssl=1&resize=700%2C400 2x, https:\/\/i0.wp.com\/www.jojoenherbe.com\/wp-content\/uploads\/2022\/04\/Le-cerf-volant-de-Toshiro-scaled.jpg?fit=1200%2C858&ssl=1&resize=1050%2C600 3x"},"classes":[]},{"id":25607,"url":"https:\/\/www.jojoenherbe.com\/index.php\/2022\/05\/25\/nos-lectures-de-la-selection-maternelle-du-prix-des-incos-2022\/","url_meta":{"origin":10973,"position":5},"title":"Nos lectures de la s\u00e9lection Maternelle du Prix des Incos 2022","author":"Jojo","date":"25 mai 2022","format":false,"excerpt":"Lorsque la s\u00e9lection Maternelle du 33\u00e8me Prix des Incos 2021\/2022 est parue, nous avons d\u00e9couvert avec plaisir que nous connaissions d\u00e9j\u00e0 4 albums jeunesse sur les 6 s\u00e9lectionn\u00e9s. La grande glissade de l\u2019ours de Richard T. Morris et LeUyen Pham (\u00e9d. Albin Michel Jeunesse, 2020), un album jeunesse \u00e0 partir\u2026","rel":"","context":"Dans &quot;Mini lecteur&quot;","block_context":{"text":"Mini lecteur","link":"https:\/\/www.jojoenherbe.com\/index.php\/category\/mini-lecteur\/"},"img":{"alt_text":"","src":"https:\/\/i0.wp.com\/www.jojoenherbe.com\/wp-content\/uploads\/2022\/05\/Selection-Maternelle-Prix-des-Incos-2022-scaled.jpg?fit=1200%2C951&ssl=1&resize=350%2C200","width":350,"height":200,"srcset":"https:\/\/i0.wp.com\/www.jojoenherbe.com\/wp-content\/uploads\/2022\/05\/Selection-Maternelle-Prix-des-Incos-2022-scaled.jpg?fit=1200%2C951&ssl=1&resize=350%2C200 1x, https:\/\/i0.wp.com\/www.jojoenherbe.com\/wp-content\/uploads\/2022\/05\/Selection-Maternelle-Prix-des-Incos-2022-scaled.jpg?fit=1200%2C951&ssl=1&resize=525%2C300 1.5x, https:\/\/i0.wp.com\/www.jojoenherbe.com\/wp-content\/uploads\/2022\/05\/Selection-Maternelle-Prix-des-Incos-2022-scaled.jpg?fit=1200%2C951&ssl=1&resize=700%2C400 2x, https:\/\/i0.wp.com\/www.jojoenherbe.com\/wp-content\/uploads\/2022\/05\/Selection-Maternelle-Prix-des-Incos-2022-scaled.jpg?fit=1200%2C951&ssl=1&resize=1050%2C600 3x"},"classes":[]}],"_links":{"self":[{"href":"https:\/\/www.jojoenherbe.com\/index.php\/wp-json\/wp\/v2\/posts\/10973","targetHints":{"allow":["GET"]}}],"collection":[{"href":"https:\/\/www.jojoenherbe.com\/index.php\/wp-json\/wp\/v2\/posts"}],"about":[{"href":"https:\/\/www.jojoenherbe.com\/index.php\/wp-json\/wp\/v2\/types\/post"}],"author":[{"embeddable":true,"href":"https:\/\/www.jojoenherbe.com\/index.php\/wp-json\/wp\/v2\/users\/1"}],"replies":[{"embeddable":true,"href":"https:\/\/www.jojoenherbe.com\/index.php\/wp-json\/wp\/v2\/comments?post=10973"}],"version-history":[{"count":0,"href":"https:\/\/www.jojoenherbe.com\/index.php\/wp-json\/wp\/v2\/posts\/10973\/revisions"}],"wp:featuredmedia":[{"embeddable":true,"href":"https:\/\/www.jojoenherbe.com\/index.php\/wp-json\/wp\/v2\/media\/10976"}],"wp:attachment":[{"href":"https:\/\/www.jojoenherbe.com\/index.php\/wp-json\/wp\/v2\/media?parent=10973"}],"wp:term":[{"taxonomy":"category","embeddable":true,"href":"https:\/\/www.jojoenherbe.com\/index.php\/wp-json\/wp\/v2\/categories?post=10973"},{"taxonomy":"post_tag","embeddable":true,"href":"https:\/\/www.jojoenherbe.com\/index.php\/wp-json\/wp\/v2\/tags?post=10973"}],"curies":[{"name":"wp","href":"https:\/\/api.w.org\/{rel}","templated":true}]}}