{"id":10889,"date":"2020-06-04T20:48:32","date_gmt":"2020-06-04T18:48:32","guid":{"rendered":"http:\/\/www.jojoenherbe.com\/?p=10889"},"modified":"2022-05-05T17:43:40","modified_gmt":"2022-05-05T15:43:40","slug":"au-fil-des-pages-avec-quelle-horreur","status":"publish","type":"post","link":"https:\/\/www.jojoenherbe.com\/index.php\/2020\/06\/04\/au-fil-des-pages-avec-quelle-horreur\/","title":{"rendered":"Au fil des pages avec Quelle horreur!"},"content":{"rendered":"<p style=\"text-align: justify;\"><em><a href=\"https:\/\/i0.wp.com\/www.jojoenherbe.com\/wp-content\/uploads\/2020\/06\/Quelle-horreur-2-scaled.jpg\"><img data-recalc-dims=\"1\" loading=\"lazy\" decoding=\"async\" data-attachment-id=\"11138\" data-permalink=\"https:\/\/www.jojoenherbe.com\/index.php\/2020\/06\/04\/au-fil-des-pages-avec-quelle-horreur\/quelle-horreur-2\/\" data-orig-file=\"https:\/\/i0.wp.com\/www.jojoenherbe.com\/wp-content\/uploads\/2020\/06\/Quelle-horreur-2-scaled.jpg?fit=2560%2C1876&amp;ssl=1\" data-orig-size=\"2560,1876\" data-comments-opened=\"1\" data-image-meta=\"{&quot;aperture&quot;:&quot;0&quot;,&quot;credit&quot;:&quot;&quot;,&quot;camera&quot;:&quot;&quot;,&quot;caption&quot;:&quot;&quot;,&quot;created_timestamp&quot;:&quot;1591180120&quot;,&quot;copyright&quot;:&quot;&quot;,&quot;focal_length&quot;:&quot;0&quot;,&quot;iso&quot;:&quot;0&quot;,&quot;shutter_speed&quot;:&quot;0&quot;,&quot;title&quot;:&quot;&quot;,&quot;orientation&quot;:&quot;1&quot;}\" data-image-title=\"Quelle horreur 2\" data-image-description=\"\" data-image-caption=\"\" data-large-file=\"https:\/\/i0.wp.com\/www.jojoenherbe.com\/wp-content\/uploads\/2020\/06\/Quelle-horreur-2-scaled.jpg?fit=676%2C495&amp;ssl=1\" class=\"alignleft size-thumbnail wp-image-11138\" src=\"https:\/\/i0.wp.com\/www.jojoenherbe.com\/wp-content\/uploads\/2020\/06\/Quelle-horreur-2.jpg?resize=150%2C150\" alt=\"\" width=\"150\" height=\"150\" srcset=\"https:\/\/i0.wp.com\/www.jojoenherbe.com\/wp-content\/uploads\/2020\/06\/Quelle-horreur-2-scaled.jpg?resize=150%2C150&amp;ssl=1 150w, https:\/\/i0.wp.com\/www.jojoenherbe.com\/wp-content\/uploads\/2020\/06\/Quelle-horreur-2-scaled.jpg?zoom=2&amp;resize=150%2C150 300w, https:\/\/i0.wp.com\/www.jojoenherbe.com\/wp-content\/uploads\/2020\/06\/Quelle-horreur-2-scaled.jpg?zoom=3&amp;resize=150%2C150 450w\" sizes=\"auto, (max-width: 150px) 100vw, 150px\" \/><\/a> <a href=\"https:\/\/i0.wp.com\/www.jojoenherbe.com\/wp-content\/uploads\/2020\/06\/Quelle-horreur-3-scaled.jpg\"><img data-recalc-dims=\"1\" loading=\"lazy\" decoding=\"async\" data-attachment-id=\"11139\" data-permalink=\"https:\/\/www.jojoenherbe.com\/index.php\/2020\/06\/04\/au-fil-des-pages-avec-quelle-horreur\/quelle-horreur-3\/\" data-orig-file=\"https:\/\/i0.wp.com\/www.jojoenherbe.com\/wp-content\/uploads\/2020\/06\/Quelle-horreur-3-scaled.jpg?fit=2560%2C1789&amp;ssl=1\" data-orig-size=\"2560,1789\" data-comments-opened=\"1\" data-image-meta=\"{&quot;aperture&quot;:&quot;1.8&quot;,&quot;credit&quot;:&quot;&quot;,&quot;camera&quot;:&quot;iPhone 7&quot;,&quot;caption&quot;:&quot;&quot;,&quot;created_timestamp&quot;:&quot;1591180092&quot;,&quot;copyright&quot;:&quot;&quot;,&quot;focal_length&quot;:&quot;3.99&quot;,&quot;iso&quot;:&quot;64&quot;,&quot;shutter_speed&quot;:&quot;0.058823529411765&quot;,&quot;title&quot;:&quot;&quot;,&quot;orientation&quot;:&quot;1&quot;}\" data-image-title=\"Quelle horreur 3\" data-image-description=\"\" data-image-caption=\"\" data-large-file=\"https:\/\/i0.wp.com\/www.jojoenherbe.com\/wp-content\/uploads\/2020\/06\/Quelle-horreur-3-scaled.jpg?fit=676%2C473&amp;ssl=1\" class=\"alignleft size-thumbnail wp-image-11139\" src=\"https:\/\/i0.wp.com\/www.jojoenherbe.com\/wp-content\/uploads\/2020\/06\/Quelle-horreur-3.jpg?resize=150%2C150\" alt=\"\" width=\"150\" height=\"150\" srcset=\"https:\/\/i0.wp.com\/www.jojoenherbe.com\/wp-content\/uploads\/2020\/06\/Quelle-horreur-3-scaled.jpg?resize=150%2C150&amp;ssl=1 150w, https:\/\/i0.wp.com\/www.jojoenherbe.com\/wp-content\/uploads\/2020\/06\/Quelle-horreur-3-scaled.jpg?zoom=2&amp;resize=150%2C150 300w, https:\/\/i0.wp.com\/www.jojoenherbe.com\/wp-content\/uploads\/2020\/06\/Quelle-horreur-3-scaled.jpg?zoom=3&amp;resize=150%2C150 450w\" sizes=\"auto, (max-width: 150px) 100vw, 150px\" \/><\/a>Nous lisons <span style=\"text-decoration: underline;\">Quelle horreur<\/span> de Claire Lebourg (\u00e9d. L&rsquo;\u00e9cole des loisirs, r\u00e9\u00e9d. 2020), un album jeunesse \u00e0 partir de 3 ans. \u00c0 quelques jours de son vernissage, \u00a0Paty, un papillon artiste est inqui\u00e8te de ne pas finir dans les temps ses derniers tableaux. Ses amis acceptent de poser comme mod\u00e8les mais sont tr\u00e8s m\u00e9contents du r\u00e9sultat. La pauvre Paty n&rsquo;ose plus exposer son \u0153uvre. \u00a0Pourtant, \u00a0Michou, son galeriste n&rsquo;est pas de cet avis. Paty va-t-elle se ridiculiser? <\/em><\/p>\n<p style=\"text-align: justify;\"><em>Cet album jeunesse aux jolies illustrations \u00e0 l&rsquo;aquarelle aborde avec tendresse et humour l&rsquo;Art et plus pr\u00e9cis\u00e9ment la question de la subjectivit\u00e9, du go\u00fbt, de ce qu&rsquo;est finalement une \u0153uvre d&rsquo;art. Il interroge ainsi le jeune lecteur sur ses propres go\u00fbts en mati\u00e8re d&rsquo;art et d&rsquo;esth\u00e9tisme. Une premi\u00e8re approche de philosophie des arts pour les tout-petits!<\/em><\/p>\n<p style=\"text-align: justify;\"><em>Pour prolonger la lecture, nous faisons le dossier p\u00e9dagogique mis en ligne par <a href=\"https:\/\/www.ecoledesmax.com\/2019-20\/pdf\/lebourg-quelle_horreur.pdf\">l&rsquo;\u00c9cole des Max<\/a>, en nous int\u00e9ressant \u00e0 L\u00e9onard de Vinci et l&rsquo;un de ses tableaux les plus connus, La Joconde.<\/em><\/p>\n\n\n<p><\/p>\n","protected":false},"excerpt":{"rendered":"<p>Nous lisons Quelle horreur de Claire Lebourg (\u00e9d. L&rsquo;\u00e9cole des loisirs, r\u00e9\u00e9d. 2020), un album jeunesse \u00e0 partir de 3 ans. \u00c0 quelques jours de son vernissage, \u00a0Paty, un papillon artiste est inqui\u00e8te de ne pas finir dans les temps ses derniers tableaux. Ses amis acceptent de poser comme mod\u00e8les mais sont tr\u00e8s m\u00e9contents du [&hellip;]<\/p>\n","protected":false},"author":1,"featured_media":11140,"comment_status":"open","ping_status":"open","sticky":false,"template":"","format":"standard","meta":{"jetpack_post_was_ever_published":false,"_jetpack_newsletter_access":"","_jetpack_dont_email_post_to_subs":false,"_jetpack_newsletter_tier_id":0,"_jetpack_memberships_contains_paywalled_content":false,"_jetpack_memberships_contains_paid_content":false,"footnotes":""},"categories":[363],"tags":[785,995,409,1496,1500,1495,1497,367,199,503,640,1499,1498],"class_list":["post-10889","post","type-post","status-publish","format-standard","has-post-thumbnail","hentry","category-mini-lecteur","tag-3-6-ans","tag-5-8-ans","tag-albums-jeunesse","tag-art","tag-artiste","tag-claire-lebourg","tag-gout","tag-lecture-jeunesse","tag-oeuvres-dart","tag-papillon","tag-peintre","tag-regard-des-autres","tag-subjectivite","post-preview"],"jetpack_featured_media_url":"https:\/\/i0.wp.com\/www.jojoenherbe.com\/wp-content\/uploads\/2020\/06\/Quelle-horreur-scaled.jpg?fit=2556%2C2560&ssl=1","jetpack_sharing_enabled":true,"jetpack_shortlink":"https:\/\/wp.me\/p9zhGx-2PD","jetpack_likes_enabled":true,"jetpack-related-posts":[{"id":25173,"url":"https:\/\/www.jojoenherbe.com\/index.php\/2022\/04\/21\/nos-lectures-printanieres-2022\/","url_meta":{"origin":10889,"position":0},"title":"Nos lectures printani\u00e8res 2022","author":"Jojo","date":"21 avril 2022","format":false,"excerpt":"Le mois dernier, avec l'arriv\u00e9e du printemps, nous avons recommenc\u00e9 \u00e0 lire des histoires sur cette saison. Ce billet sera ainsi actualis\u00e9 tout au long de ce printemps au gr\u00e9 de nos lectures sur ce th\u00e8me. Je parlerai \u00e9galement de relectures de livres que je n'avais pas encore chroniqu\u00e9s sur\u2026","rel":"","context":"Dans &quot;Mini lecteur&quot;","block_context":{"text":"Mini lecteur","link":"https:\/\/www.jojoenherbe.com\/index.php\/category\/mini-lecteur\/"},"img":{"alt_text":"","src":"https:\/\/i0.wp.com\/www.jojoenherbe.com\/wp-content\/uploads\/2022\/04\/Nos-lectures-de-printemps-2022-scaled.jpg?fit=1200%2C689&ssl=1&resize=350%2C200","width":350,"height":200,"srcset":"https:\/\/i0.wp.com\/www.jojoenherbe.com\/wp-content\/uploads\/2022\/04\/Nos-lectures-de-printemps-2022-scaled.jpg?fit=1200%2C689&ssl=1&resize=350%2C200 1x, https:\/\/i0.wp.com\/www.jojoenherbe.com\/wp-content\/uploads\/2022\/04\/Nos-lectures-de-printemps-2022-scaled.jpg?fit=1200%2C689&ssl=1&resize=525%2C300 1.5x, https:\/\/i0.wp.com\/www.jojoenherbe.com\/wp-content\/uploads\/2022\/04\/Nos-lectures-de-printemps-2022-scaled.jpg?fit=1200%2C689&ssl=1&resize=700%2C400 2x, https:\/\/i0.wp.com\/www.jojoenherbe.com\/wp-content\/uploads\/2022\/04\/Nos-lectures-de-printemps-2022-scaled.jpg?fit=1200%2C689&ssl=1&resize=1050%2C600 3x"},"classes":[]},{"id":17447,"url":"https:\/\/www.jojoenherbe.com\/index.php\/2021\/04\/16\/au-fil-des-pages-avec-le-maitre-des-estampes\/","url_meta":{"origin":10889,"position":1},"title":"Au fil des pages avec Le ma\u00eetre des estampes","author":"Jojo","date":"16 avril 2021","format":false,"excerpt":"En cherchant des albums jeunesse pour Un mois au Japon \u00e0 la m\u00e9diath\u00e8que, j'ai jet\u00e9 mon d\u00e9volu sur un album de Thierry Dedieu, un auteur\/illustrateur que j'appr\u00e9cie beaucoup et au style tr\u00e8s vari\u00e9 et pour tous les \u00e2ges comme par exemple, en tant qu'illustrateur, sa s\u00e9rie hilarante avec Fr\u00e9d\u00e9ric Marais,\u2026","rel":"","context":"Dans &quot;Mini lecteur&quot;","block_context":{"text":"Mini lecteur","link":"https:\/\/www.jojoenherbe.com\/index.php\/category\/mini-lecteur\/"},"img":{"alt_text":"","src":"https:\/\/i0.wp.com\/www.jojoenherbe.com\/wp-content\/uploads\/2021\/04\/Le-maitre-des-estampes-scaled.jpg?fit=1200%2C900&ssl=1&resize=350%2C200","width":350,"height":200,"srcset":"https:\/\/i0.wp.com\/www.jojoenherbe.com\/wp-content\/uploads\/2021\/04\/Le-maitre-des-estampes-scaled.jpg?fit=1200%2C900&ssl=1&resize=350%2C200 1x, https:\/\/i0.wp.com\/www.jojoenherbe.com\/wp-content\/uploads\/2021\/04\/Le-maitre-des-estampes-scaled.jpg?fit=1200%2C900&ssl=1&resize=525%2C300 1.5x, https:\/\/i0.wp.com\/www.jojoenherbe.com\/wp-content\/uploads\/2021\/04\/Le-maitre-des-estampes-scaled.jpg?fit=1200%2C900&ssl=1&resize=700%2C400 2x, https:\/\/i0.wp.com\/www.jojoenherbe.com\/wp-content\/uploads\/2021\/04\/Le-maitre-des-estampes-scaled.jpg?fit=1200%2C900&ssl=1&resize=1050%2C600 3x"},"classes":[]},{"id":5283,"url":"https:\/\/www.jojoenherbe.com\/index.php\/2019\/03\/27\/au-fil-des-pages-avec-la-pomme-rouge\/","url_meta":{"origin":10889,"position":2},"title":"Au fil des pages avec La pomme rouge et F\u00fb, Hana et les pissenlits","author":"Jojo","date":"27 mars 2019","format":false,"excerpt":"Nous continuons notre exploration de l'univers litt\u00e9raire de Kazuo Iwamura avec deux nouveaux emprunts \u00e0 la biblioth\u00e8que cette semaine, apr\u00e8s la famille \u00c9cureuil et la famille Souris. La pomme rouge de Kazuo Iwamura Tout d'abord, un coup de c\u0153ur pour La pomme rouge (\u00e9d. L'\u00e9cole des Loisirs, 2010), un album\u2026","rel":"","context":"Dans &quot;Mini lecteur&quot;","block_context":{"text":"Mini lecteur","link":"https:\/\/www.jojoenherbe.com\/index.php\/category\/mini-lecteur\/"},"img":{"alt_text":"","src":"https:\/\/i0.wp.com\/www.jojoenherbe.com\/wp-content\/uploads\/2019\/03\/Fu-Hana-et-les-pissenlits-La-pomme-rouge-scaled.jpg?fit=1200%2C782&ssl=1&resize=350%2C200","width":350,"height":200,"srcset":"https:\/\/i0.wp.com\/www.jojoenherbe.com\/wp-content\/uploads\/2019\/03\/Fu-Hana-et-les-pissenlits-La-pomme-rouge-scaled.jpg?fit=1200%2C782&ssl=1&resize=350%2C200 1x, https:\/\/i0.wp.com\/www.jojoenherbe.com\/wp-content\/uploads\/2019\/03\/Fu-Hana-et-les-pissenlits-La-pomme-rouge-scaled.jpg?fit=1200%2C782&ssl=1&resize=525%2C300 1.5x, https:\/\/i0.wp.com\/www.jojoenherbe.com\/wp-content\/uploads\/2019\/03\/Fu-Hana-et-les-pissenlits-La-pomme-rouge-scaled.jpg?fit=1200%2C782&ssl=1&resize=700%2C400 2x, https:\/\/i0.wp.com\/www.jojoenherbe.com\/wp-content\/uploads\/2019\/03\/Fu-Hana-et-les-pissenlits-La-pomme-rouge-scaled.jpg?fit=1200%2C782&ssl=1&resize=1050%2C600 3x"},"classes":[]},{"id":15883,"url":"https:\/\/www.jojoenherbe.com\/index.php\/2021\/02\/19\/nos-lectures-sur-le-theme-du-carnaval-2021\/","url_meta":{"origin":10889,"position":3},"title":"Nos lectures sur le th\u00e8me du carnaval 2021","author":"Jojo","date":"19 f\u00e9vrier 2021","format":false,"excerpt":"Mardi-gras ayant eu lieu mardi 16 f\u00e9vrier 2021, nous avons commenc\u00e9 cette semaine nos lectures sur le th\u00e8me du carnaval. Ce billet sera actualis\u00e9 au fur-et-\u00e0-mesure de nos lectures. Des albums jeunesse: une relecture de l\u2019ann\u00e9e derni\u00e8re avec Loup gris se d\u00e9guise de Gilles Bizouerne et Ronan Badel (\u00e9d. Didier\u2026","rel":"","context":"Dans &quot;Mini lecteur&quot;","block_context":{"text":"Mini lecteur","link":"https:\/\/www.jojoenherbe.com\/index.php\/category\/mini-lecteur\/"},"img":{"alt_text":"","src":"https:\/\/i0.wp.com\/www.jojoenherbe.com\/wp-content\/uploads\/2021\/02\/Selection-carnaval-2-scaled.jpg?fit=1200%2C900&ssl=1&resize=350%2C200","width":350,"height":200,"srcset":"https:\/\/i0.wp.com\/www.jojoenherbe.com\/wp-content\/uploads\/2021\/02\/Selection-carnaval-2-scaled.jpg?fit=1200%2C900&ssl=1&resize=350%2C200 1x, https:\/\/i0.wp.com\/www.jojoenherbe.com\/wp-content\/uploads\/2021\/02\/Selection-carnaval-2-scaled.jpg?fit=1200%2C900&ssl=1&resize=525%2C300 1.5x, https:\/\/i0.wp.com\/www.jojoenherbe.com\/wp-content\/uploads\/2021\/02\/Selection-carnaval-2-scaled.jpg?fit=1200%2C900&ssl=1&resize=700%2C400 2x, https:\/\/i0.wp.com\/www.jojoenherbe.com\/wp-content\/uploads\/2021\/02\/Selection-carnaval-2-scaled.jpg?fit=1200%2C900&ssl=1&resize=1050%2C600 3x"},"classes":[]},{"id":29240,"url":"https:\/\/www.jojoenherbe.com\/index.php\/2023\/01\/19\/au-fil-des-pages-avec-la-petite-collectionneuse-de-lumieres\/","url_meta":{"origin":10889,"position":4},"title":"Au fil des pages avec La petite collectionneuse de lumi\u00e8res","author":"Jojo","date":"19 janvier 2023","format":false,"excerpt":"D\u00e9couvert \u00e0 l\u2019ouverture de la case 12 de notre calendrier de No\u00ebl 2021, nous relisons depuis r\u00e9guli\u00e8rement La petite collectionneuse de lumi\u00e8res de Lucy Fleming (\u00e9d. Kimane, 2020), un album jeunesse \u00e0 partir de 3 ans. Chaque nuit, Stella, une petite fille-papillon de nuit r\u00e9colte de la lumi\u00e8re sous toutes\u2026","rel":"","context":"Dans &quot;Mini lecteur&quot;","block_context":{"text":"Mini lecteur","link":"https:\/\/www.jojoenherbe.com\/index.php\/category\/mini-lecteur\/"},"img":{"alt_text":"","src":"https:\/\/i0.wp.com\/www.jojoenherbe.com\/wp-content\/uploads\/2023\/01\/La-petite-collectionneuse-de-lumieres-scaled.jpg?fit=1200%2C771&ssl=1&resize=350%2C200","width":350,"height":200,"srcset":"https:\/\/i0.wp.com\/www.jojoenherbe.com\/wp-content\/uploads\/2023\/01\/La-petite-collectionneuse-de-lumieres-scaled.jpg?fit=1200%2C771&ssl=1&resize=350%2C200 1x, https:\/\/i0.wp.com\/www.jojoenherbe.com\/wp-content\/uploads\/2023\/01\/La-petite-collectionneuse-de-lumieres-scaled.jpg?fit=1200%2C771&ssl=1&resize=525%2C300 1.5x, https:\/\/i0.wp.com\/www.jojoenherbe.com\/wp-content\/uploads\/2023\/01\/La-petite-collectionneuse-de-lumieres-scaled.jpg?fit=1200%2C771&ssl=1&resize=700%2C400 2x, https:\/\/i0.wp.com\/www.jojoenherbe.com\/wp-content\/uploads\/2023\/01\/La-petite-collectionneuse-de-lumieres-scaled.jpg?fit=1200%2C771&ssl=1&resize=1050%2C600 3x"},"classes":[]},{"id":35783,"url":"https:\/\/www.jojoenherbe.com\/index.php\/2024\/04\/18\/instant-crea-des-origamis\/","url_meta":{"origin":10889,"position":5},"title":"Instant cr\u00e9a: des origamis","author":"Jojo","date":"18 avril 2024","format":false,"excerpt":"Pour l'atelier cr\u00e9atif au Japon de ce jeudi, je continue avec d'autres origamis, apr\u00e8s la fleur de mardi. Cette fois, mon mini lutin a souhait\u00e9 des papillons en origami. J'avais emprunt\u00e9, pour cela, au rayon jeunesse de ma m\u00e9diath\u00e8que Origami papillons de Michael G. LaFosse, Richard L. Alexander et Greg\u2026","rel":"","context":"Dans &quot;Mini joueur&quot;","block_context":{"text":"Mini joueur","link":"https:\/\/www.jojoenherbe.com\/index.php\/category\/mini-decouvreur\/mini-joueur\/"},"img":{"alt_text":"","src":"https:\/\/i0.wp.com\/www.jojoenherbe.com\/wp-content\/uploads\/2024\/04\/origamis-scaled.jpg?fit=1200%2C979&ssl=1&resize=350%2C200","width":350,"height":200,"srcset":"https:\/\/i0.wp.com\/www.jojoenherbe.com\/wp-content\/uploads\/2024\/04\/origamis-scaled.jpg?fit=1200%2C979&ssl=1&resize=350%2C200 1x, https:\/\/i0.wp.com\/www.jojoenherbe.com\/wp-content\/uploads\/2024\/04\/origamis-scaled.jpg?fit=1200%2C979&ssl=1&resize=525%2C300 1.5x, https:\/\/i0.wp.com\/www.jojoenherbe.com\/wp-content\/uploads\/2024\/04\/origamis-scaled.jpg?fit=1200%2C979&ssl=1&resize=700%2C400 2x, https:\/\/i0.wp.com\/www.jojoenherbe.com\/wp-content\/uploads\/2024\/04\/origamis-scaled.jpg?fit=1200%2C979&ssl=1&resize=1050%2C600 3x"},"classes":[]}],"_links":{"self":[{"href":"https:\/\/www.jojoenherbe.com\/index.php\/wp-json\/wp\/v2\/posts\/10889","targetHints":{"allow":["GET"]}}],"collection":[{"href":"https:\/\/www.jojoenherbe.com\/index.php\/wp-json\/wp\/v2\/posts"}],"about":[{"href":"https:\/\/www.jojoenherbe.com\/index.php\/wp-json\/wp\/v2\/types\/post"}],"author":[{"embeddable":true,"href":"https:\/\/www.jojoenherbe.com\/index.php\/wp-json\/wp\/v2\/users\/1"}],"replies":[{"embeddable":true,"href":"https:\/\/www.jojoenherbe.com\/index.php\/wp-json\/wp\/v2\/comments?post=10889"}],"version-history":[{"count":1,"href":"https:\/\/www.jojoenherbe.com\/index.php\/wp-json\/wp\/v2\/posts\/10889\/revisions"}],"predecessor-version":[{"id":25544,"href":"https:\/\/www.jojoenherbe.com\/index.php\/wp-json\/wp\/v2\/posts\/10889\/revisions\/25544"}],"wp:featuredmedia":[{"embeddable":true,"href":"https:\/\/www.jojoenherbe.com\/index.php\/wp-json\/wp\/v2\/media\/11140"}],"wp:attachment":[{"href":"https:\/\/www.jojoenherbe.com\/index.php\/wp-json\/wp\/v2\/media?parent=10889"}],"wp:term":[{"taxonomy":"category","embeddable":true,"href":"https:\/\/www.jojoenherbe.com\/index.php\/wp-json\/wp\/v2\/categories?post=10889"},{"taxonomy":"post_tag","embeddable":true,"href":"https:\/\/www.jojoenherbe.com\/index.php\/wp-json\/wp\/v2\/tags?post=10889"}],"curies":[{"name":"wp","href":"https:\/\/api.w.org\/{rel}","templated":true}]}}