{"id":10850,"date":"2020-04-25T11:46:13","date_gmt":"2020-04-25T09:46:13","guid":{"rendered":"http:\/\/www.jojoenherbe.com\/?p=10850"},"modified":"2022-03-03T17:21:07","modified_gmt":"2022-03-03T16:21:07","slug":"au-fil-des-pages-avec-allons-chercher-le-printemps","status":"publish","type":"post","link":"https:\/\/www.jojoenherbe.com\/index.php\/2020\/04\/25\/au-fil-des-pages-avec-allons-chercher-le-printemps\/","title":{"rendered":"Au fil des pages avec Allons chercher le printemps"},"content":{"rendered":"<p style=\"text-align: justify;\"><em><a href=\"https:\/\/i0.wp.com\/www.jojoenherbe.com\/wp-content\/uploads\/2020\/04\/Allons-chercher-le-printemps-2-scaled.jpg\"><img data-recalc-dims=\"1\" loading=\"lazy\" decoding=\"async\" data-attachment-id=\"10855\" data-permalink=\"https:\/\/www.jojoenherbe.com\/index.php\/2020\/04\/25\/au-fil-des-pages-avec-allons-chercher-le-printemps\/allons-chercher-le-printemps-2\/\" data-orig-file=\"https:\/\/i0.wp.com\/www.jojoenherbe.com\/wp-content\/uploads\/2020\/04\/Allons-chercher-le-printemps-2-scaled.jpg?fit=2560%2C1459&amp;ssl=1\" data-orig-size=\"2560,1459\" data-comments-opened=\"1\" data-image-meta=\"{&quot;aperture&quot;:&quot;2.4&quot;,&quot;credit&quot;:&quot;&quot;,&quot;camera&quot;:&quot;iPhone 4S&quot;,&quot;caption&quot;:&quot;&quot;,&quot;created_timestamp&quot;:&quot;1587814778&quot;,&quot;copyright&quot;:&quot;&quot;,&quot;focal_length&quot;:&quot;4.28&quot;,&quot;iso&quot;:&quot;320&quot;,&quot;shutter_speed&quot;:&quot;0.05&quot;,&quot;title&quot;:&quot;&quot;,&quot;orientation&quot;:&quot;1&quot;}\" data-image-title=\"Allons chercher le printemps 2\" data-image-description=\"\" data-image-caption=\"\" data-large-file=\"https:\/\/i0.wp.com\/www.jojoenherbe.com\/wp-content\/uploads\/2020\/04\/Allons-chercher-le-printemps-2-scaled.jpg?fit=676%2C386&amp;ssl=1\" class=\"alignleft size-thumbnail wp-image-10855\" src=\"https:\/\/i0.wp.com\/www.jojoenherbe.com\/wp-content\/uploads\/2020\/04\/Allons-chercher-le-printemps-2.jpg?resize=150%2C150\" alt=\"\" width=\"150\" height=\"150\" srcset=\"https:\/\/i0.wp.com\/www.jojoenherbe.com\/wp-content\/uploads\/2020\/04\/Allons-chercher-le-printemps-2-scaled.jpg?resize=150%2C150&amp;ssl=1 150w, https:\/\/i0.wp.com\/www.jojoenherbe.com\/wp-content\/uploads\/2020\/04\/Allons-chercher-le-printemps-2-scaled.jpg?zoom=2&amp;resize=150%2C150 300w, https:\/\/i0.wp.com\/www.jojoenherbe.com\/wp-content\/uploads\/2020\/04\/Allons-chercher-le-printemps-2-scaled.jpg?zoom=3&amp;resize=150%2C150 450w\" sizes=\"auto, (max-width: 150px) 100vw, 150px\" \/><\/a> <a href=\"https:\/\/i0.wp.com\/www.jojoenherbe.com\/wp-content\/uploads\/2020\/04\/Allons-chercher-le-printemps-3-scaled.jpg\"><img data-recalc-dims=\"1\" loading=\"lazy\" decoding=\"async\" data-attachment-id=\"10856\" data-permalink=\"https:\/\/www.jojoenherbe.com\/index.php\/2020\/04\/25\/au-fil-des-pages-avec-allons-chercher-le-printemps\/allons-chercher-le-printemps-3\/\" data-orig-file=\"https:\/\/i0.wp.com\/www.jojoenherbe.com\/wp-content\/uploads\/2020\/04\/Allons-chercher-le-printemps-3-scaled.jpg?fit=2560%2C1562&amp;ssl=1\" data-orig-size=\"2560,1562\" data-comments-opened=\"1\" data-image-meta=\"{&quot;aperture&quot;:&quot;2.4&quot;,&quot;credit&quot;:&quot;&quot;,&quot;camera&quot;:&quot;iPhone 4S&quot;,&quot;caption&quot;:&quot;&quot;,&quot;created_timestamp&quot;:&quot;1587814813&quot;,&quot;copyright&quot;:&quot;&quot;,&quot;focal_length&quot;:&quot;4.28&quot;,&quot;iso&quot;:&quot;320&quot;,&quot;shutter_speed&quot;:&quot;0.05&quot;,&quot;title&quot;:&quot;&quot;,&quot;orientation&quot;:&quot;1&quot;}\" data-image-title=\"Allons chercher le printemps 3\" data-image-description=\"\" data-image-caption=\"\" data-large-file=\"https:\/\/i0.wp.com\/www.jojoenherbe.com\/wp-content\/uploads\/2020\/04\/Allons-chercher-le-printemps-3-scaled.jpg?fit=676%2C413&amp;ssl=1\" class=\"alignleft size-thumbnail wp-image-10856\" src=\"https:\/\/i0.wp.com\/www.jojoenherbe.com\/wp-content\/uploads\/2020\/04\/Allons-chercher-le-printemps-3.jpg?resize=150%2C150\" alt=\"\" width=\"150\" height=\"150\" srcset=\"https:\/\/i0.wp.com\/www.jojoenherbe.com\/wp-content\/uploads\/2020\/04\/Allons-chercher-le-printemps-3-scaled.jpg?resize=150%2C150&amp;ssl=1 150w, https:\/\/i0.wp.com\/www.jojoenherbe.com\/wp-content\/uploads\/2020\/04\/Allons-chercher-le-printemps-3-scaled.jpg?zoom=2&amp;resize=150%2C150 300w, https:\/\/i0.wp.com\/www.jojoenherbe.com\/wp-content\/uploads\/2020\/04\/Allons-chercher-le-printemps-3-scaled.jpg?zoom=3&amp;resize=150%2C150 450w\" sizes=\"auto, (max-width: 150px) 100vw, 150px\" \/><\/a>Nous lisons et relisons <span style=\"text-decoration: underline;\">Allons chercher le printemps<\/span> de Laura Hedon (\u00e9d. \u00a0Circonflexe, 2020), un album jeunesse \u00e0 partir de 3 ans. En ce premier jour du printemps, les animaux de la for\u00eat sont impatients de le voir. Mais la journ\u00e9e passe et aucune trace du printemps. Ils d\u00e9cident de partir \u00e0 sa recherche. Y parviendront-ils pour pr\u00e9server leur for\u00eat? Et si le Printemps avait d\u00e9cid\u00e9 de rester chez lui cette ann\u00e9e, par manque de consid\u00e9ration? <\/em><\/p>\n<p style=\"text-align: justify;\"><em>Les illustrations sont tr\u00e8s jolies. Les animaux sont tr\u00e8s expressifs et attachants, comme le Printemps personnifi\u00e9 sous forme d&rsquo;un petit \u00eatre verdoyant. L&rsquo;histoire aborde ainsi l&rsquo;importance du respect de la Nature et du cycle des saisons. <\/em><em>Coup de c\u0153ur pour cet album jeunesse, le premier de cette autrice, qui d\u00e9crit avec beaucoup de tendresse et de po\u00e9sie le passage de l&rsquo;hiver au printemps! Mon mini lutin serait m\u00eame ravi de pouvoir d\u00e9couvrir Automne, Hiver ou \u00c9t\u00e9. Je lui laisse le plaisir de les imaginer.<br \/>\n<\/em><\/p>\n<div style=\"width: 158px\" class=\"wp-caption aligncenter\"><img data-recalc-dims=\"1\" loading=\"lazy\" decoding=\"async\" src=\"https:\/\/i0.wp.com\/delivrer-des-livres.fr\/wp-content\/uploads\/2019\/05\/logoalbums2019.png?resize=148%2C148\" alt=\"\" width=\"148\" height=\"148\" \/><p class=\"wp-caption-text\">Participation #182 <a href=\"http:\/\/delivrer-des-livres.fr\/challenge-albums-2019\/\">Je lis aussi des albums<\/a><\/p><\/div>\n","protected":false},"excerpt":{"rendered":"<p>Nous lisons et relisons Allons chercher le printemps de Laura Hedon (\u00e9d. \u00a0Circonflexe, 2020), un album jeunesse \u00e0 partir de 3 ans. En ce premier jour du printemps, les animaux de la for\u00eat sont impatients de le voir. Mais la journ\u00e9e passe et aucune trace du printemps. Ils d\u00e9cident de partir \u00e0 sa recherche. Y [&hellip;]<\/p>\n","protected":false},"author":1,"featured_media":10857,"comment_status":"open","ping_status":"open","sticky":false,"template":"","format":"standard","meta":{"jetpack_post_was_ever_published":false,"_jetpack_newsletter_access":"","_jetpack_dont_email_post_to_subs":false,"_jetpack_newsletter_tier_id":0,"_jetpack_memberships_contains_paywalled_content":false,"_jetpack_memberships_contains_paid_content":false,"footnotes":""},"categories":[363],"tags":[785,409,765,1484,1277,1350,1483,367,1022,543,207,373],"class_list":["post-10850","post","type-post","status-publish","format-standard","has-post-thumbnail","hentry","category-mini-lecteur","tag-3-6-ans","tag-albums-jeunesse","tag-environnement","tag-exploration","tag-foret","tag-je-lis-aussi-des-albums-2019","tag-laura-hedon","tag-lecture-jeunesse","tag-lectures-de-printemps","tag-nature","tag-printemps","tag-saisons","post-preview"],"jetpack_featured_media_url":"https:\/\/i0.wp.com\/www.jojoenherbe.com\/wp-content\/uploads\/2020\/04\/Allons-chercher-le-printemps-scaled.jpg?fit=2560%2C1638&ssl=1","jetpack_sharing_enabled":true,"jetpack_shortlink":"https:\/\/wp.me\/p9zhGx-2P0","jetpack_likes_enabled":true,"jetpack-related-posts":[{"id":16691,"url":"https:\/\/www.jojoenherbe.com\/index.php\/2021\/03\/22\/nos-lectures-printanieres-2021\/","url_meta":{"origin":10850,"position":0},"title":"Nos lectures printani\u00e8res 2021","author":"Jojo","date":"22 mars 2021","format":false,"excerpt":"Avec l'arriv\u00e9e du printemps ce 20 mars 2021, nous changeons \u00e9galement nos lectures pour nous plonger dans un th\u00e8me printanier, l\u00e9ger et color\u00e9. Ce billet sera ainsi actualis\u00e9 tout au long de ce printemps au gr\u00e9 de nos lectures sur ce th\u00e8me. Des albums jeunesse: l'arriv\u00e9e du printemps avec les\u2026","rel":"","context":"Dans &quot;Mini lecteur&quot;","block_context":{"text":"Mini lecteur","link":"https:\/\/www.jojoenherbe.com\/index.php\/category\/mini-lecteur\/"},"img":{"alt_text":"","src":"https:\/\/i0.wp.com\/www.jojoenherbe.com\/wp-content\/uploads\/2021\/03\/Nos-lectures-Printemps-scaled.jpg?fit=1200%2C900&ssl=1&resize=350%2C200","width":350,"height":200,"srcset":"https:\/\/i0.wp.com\/www.jojoenherbe.com\/wp-content\/uploads\/2021\/03\/Nos-lectures-Printemps-scaled.jpg?fit=1200%2C900&ssl=1&resize=350%2C200 1x, https:\/\/i0.wp.com\/www.jojoenherbe.com\/wp-content\/uploads\/2021\/03\/Nos-lectures-Printemps-scaled.jpg?fit=1200%2C900&ssl=1&resize=525%2C300 1.5x, https:\/\/i0.wp.com\/www.jojoenherbe.com\/wp-content\/uploads\/2021\/03\/Nos-lectures-Printemps-scaled.jpg?fit=1200%2C900&ssl=1&resize=700%2C400 2x, https:\/\/i0.wp.com\/www.jojoenherbe.com\/wp-content\/uploads\/2021\/03\/Nos-lectures-Printemps-scaled.jpg?fit=1200%2C900&ssl=1&resize=1050%2C600 3x"},"classes":[]},{"id":31069,"url":"https:\/\/www.jojoenherbe.com\/index.php\/2023\/06\/21\/au-fil-des-pages-avec-allons-aider-lete\/","url_meta":{"origin":10850,"position":1},"title":"Au fil des pages avec Allons aider l&rsquo;\u00e9t\u00e9","author":"Jojo","date":"21 juin 2023","format":false,"excerpt":"En ce premier jour d\u2019\u00e9t\u00e9 2023, nous avons lu Allons aider l\u2019\u00e9t\u00e9 de Laura Hedon (\u00e9d. Circonflexe, 2023, 48 pages), un album jeunesse \u00e0 partir de 5 ans. Petit-Louis le rouge-gorge et ses amis sont impatients de pouvoir partir en vacances avec l\u2019\u00c9t\u00e9. Comme chaque ann\u00e9e, ce dernier les prend\u2026","rel":"","context":"Dans &quot;Mini lecteur&quot;","block_context":{"text":"Mini lecteur","link":"https:\/\/www.jojoenherbe.com\/index.php\/category\/mini-lecteur\/"},"img":{"alt_text":"","src":"https:\/\/i0.wp.com\/www.jojoenherbe.com\/wp-content\/uploads\/2023\/06\/Allons-aider-lete-scaled.jpg?fit=1200%2C880&ssl=1&resize=350%2C200","width":350,"height":200,"srcset":"https:\/\/i0.wp.com\/www.jojoenherbe.com\/wp-content\/uploads\/2023\/06\/Allons-aider-lete-scaled.jpg?fit=1200%2C880&ssl=1&resize=350%2C200 1x, https:\/\/i0.wp.com\/www.jojoenherbe.com\/wp-content\/uploads\/2023\/06\/Allons-aider-lete-scaled.jpg?fit=1200%2C880&ssl=1&resize=525%2C300 1.5x, https:\/\/i0.wp.com\/www.jojoenherbe.com\/wp-content\/uploads\/2023\/06\/Allons-aider-lete-scaled.jpg?fit=1200%2C880&ssl=1&resize=700%2C400 2x, https:\/\/i0.wp.com\/www.jojoenherbe.com\/wp-content\/uploads\/2023\/06\/Allons-aider-lete-scaled.jpg?fit=1200%2C880&ssl=1&resize=1050%2C600 3x"},"classes":[]},{"id":14771,"url":"https:\/\/www.jojoenherbe.com\/index.php\/2021\/01\/03\/deuxieme-alphabet-des-animaux-o-comme-oie\/","url_meta":{"origin":10850,"position":2},"title":"Deuxi\u00e8me alphabet des animaux: O comme Oie","author":"Jojo","date":"3 janvier 2021","format":false,"excerpt":"Pour la semaine 38 de mon challenge de l'alphabet des animaux illustr\u00e9s sur Instagram #jojoenherbeetcieillustre qui associe la premi\u00e8re lettre d'un animal avec une illustration tir\u00e9e de la litt\u00e9rature jeunesse en suivant l'ordre de l'alphabet, il s'agit du O comme Oie. Alors voici notre s\u00e9lection d'oies qui sera mise \u00e0\u2026","rel":"","context":"Dans &quot;Mini challenger&quot;","block_context":{"text":"Mini challenger","link":"https:\/\/www.jojoenherbe.com\/index.php\/category\/mini-challenger\/"},"img":{"alt_text":"","src":"https:\/\/i0.wp.com\/www.jojoenherbe.com\/wp-content\/uploads\/2021\/01\/Selection-doies-1-scaled.jpg?fit=1200%2C840&ssl=1&resize=350%2C200","width":350,"height":200,"srcset":"https:\/\/i0.wp.com\/www.jojoenherbe.com\/wp-content\/uploads\/2021\/01\/Selection-doies-1-scaled.jpg?fit=1200%2C840&ssl=1&resize=350%2C200 1x, https:\/\/i0.wp.com\/www.jojoenherbe.com\/wp-content\/uploads\/2021\/01\/Selection-doies-1-scaled.jpg?fit=1200%2C840&ssl=1&resize=525%2C300 1.5x, https:\/\/i0.wp.com\/www.jojoenherbe.com\/wp-content\/uploads\/2021\/01\/Selection-doies-1-scaled.jpg?fit=1200%2C840&ssl=1&resize=700%2C400 2x, https:\/\/i0.wp.com\/www.jojoenherbe.com\/wp-content\/uploads\/2021\/01\/Selection-doies-1-scaled.jpg?fit=1200%2C840&ssl=1&resize=1050%2C600 3x"},"classes":[]},{"id":30336,"url":"https:\/\/www.jojoenherbe.com\/index.php\/2023\/03\/20\/au-fil-des-pages-avec-lecureuil-et-le-printemps\/","url_meta":{"origin":10850,"position":3},"title":"Au fil des pages avec L&rsquo;\u00e9cureuil et le printemps","author":"Jojo","date":"20 mars 2023","format":false,"excerpt":"En ce 20 mars 2023, nous avons lu L'\u00e9cureuil et le printemps de Sebastian Meschenmoser (\u00e9d. Minedition, 2009, 64 pages), un album jeunesse \u00e0 partir de 3\/4 ans et joliment illustr\u00e9. Nous avions laiss\u00e9 l'\u00e9cureuil, le h\u00e9risson et l'ours en pleine hibernation apr\u00e8s leur d\u00e9couverte de la neige et nous\u2026","rel":"","context":"Dans &quot;Mini lecteur&quot;","block_context":{"text":"Mini lecteur","link":"https:\/\/www.jojoenherbe.com\/index.php\/category\/mini-lecteur\/"},"img":{"alt_text":"","src":"https:\/\/i0.wp.com\/www.jojoenherbe.com\/wp-content\/uploads\/2023\/03\/Lecureuil-et-le-printemps-scaled.jpg?fit=1200%2C1020&ssl=1&resize=350%2C200","width":350,"height":200,"srcset":"https:\/\/i0.wp.com\/www.jojoenherbe.com\/wp-content\/uploads\/2023\/03\/Lecureuil-et-le-printemps-scaled.jpg?fit=1200%2C1020&ssl=1&resize=350%2C200 1x, https:\/\/i0.wp.com\/www.jojoenherbe.com\/wp-content\/uploads\/2023\/03\/Lecureuil-et-le-printemps-scaled.jpg?fit=1200%2C1020&ssl=1&resize=525%2C300 1.5x, https:\/\/i0.wp.com\/www.jojoenherbe.com\/wp-content\/uploads\/2023\/03\/Lecureuil-et-le-printemps-scaled.jpg?fit=1200%2C1020&ssl=1&resize=700%2C400 2x, https:\/\/i0.wp.com\/www.jojoenherbe.com\/wp-content\/uploads\/2023\/03\/Lecureuil-et-le-printemps-scaled.jpg?fit=1200%2C1020&ssl=1&resize=1050%2C600 3x"},"classes":[]},{"id":16519,"url":"https:\/\/www.jojoenherbe.com\/index.php\/2021\/03\/14\/troisieme-alphabet-des-animaux-c-comme-chat\/","url_meta":{"origin":10850,"position":4},"title":"Troisi\u00e8me alphabet des animaux: C comme Chat","author":"Jojo","date":"14 mars 2021","format":false,"excerpt":"Pour la semaine 48 de mon challenge de l'alphabet des animaux illustr\u00e9s sur Instagram #jojoenherbeetcieillustre qui associe la premi\u00e8re lettre d'un animal avec une illustration tir\u00e9e de la litt\u00e9rature jeunesse en suivant l'ordre de l'alphabet, il s'agit du C comme Chat. Alors voici notre s\u00e9lection de chats qui sera mise\u2026","rel":"","context":"Dans &quot;Mini challenger&quot;","block_context":{"text":"Mini challenger","link":"https:\/\/www.jojoenherbe.com\/index.php\/category\/mini-challenger\/"},"img":{"alt_text":"","src":"https:\/\/i0.wp.com\/www.jojoenherbe.com\/wp-content\/uploads\/2021\/03\/Selection-Chats-scaled.jpg?fit=1200%2C737&ssl=1&resize=350%2C200","width":350,"height":200,"srcset":"https:\/\/i0.wp.com\/www.jojoenherbe.com\/wp-content\/uploads\/2021\/03\/Selection-Chats-scaled.jpg?fit=1200%2C737&ssl=1&resize=350%2C200 1x, https:\/\/i0.wp.com\/www.jojoenherbe.com\/wp-content\/uploads\/2021\/03\/Selection-Chats-scaled.jpg?fit=1200%2C737&ssl=1&resize=525%2C300 1.5x, https:\/\/i0.wp.com\/www.jojoenherbe.com\/wp-content\/uploads\/2021\/03\/Selection-Chats-scaled.jpg?fit=1200%2C737&ssl=1&resize=700%2C400 2x, https:\/\/i0.wp.com\/www.jojoenherbe.com\/wp-content\/uploads\/2021\/03\/Selection-Chats-scaled.jpg?fit=1200%2C737&ssl=1&resize=1050%2C600 3x"},"classes":[]},{"id":25185,"url":"https:\/\/www.jojoenherbe.com\/index.php\/2022\/04\/28\/au-fil-des-pages-avec-un-petit-air-de-printemps\/","url_meta":{"origin":10850,"position":5},"title":"Au fil des pages avec Un petit air de printemps","author":"Jojo","date":"28 avril 2022","format":false,"excerpt":"Nous empruntons \u00e0 nouveau cette ann\u00e9e \u00e0 la m\u00e9diath\u00e8que le tome 3 des Contes de la Vall\u00e9e, Un petit air de printemps de Carles Porta (\u00e9d. Seuil Jeunesse, 2019), un album jeunesse \u00e0 partir de 3 ans. Dans la vall\u00e9e, le printemps est revenu tout comme Ticky l'oiseau qui d\u00e9couvre\u2026","rel":"","context":"Dans &quot;Mini lecteur&quot;","block_context":{"text":"Mini lecteur","link":"https:\/\/www.jojoenherbe.com\/index.php\/category\/mini-lecteur\/"},"img":{"alt_text":"","src":"https:\/\/i0.wp.com\/www.jojoenherbe.com\/wp-content\/uploads\/2022\/04\/Un-petit-air-de-printemps-scaled.jpg?fit=1200%2C1028&ssl=1&resize=350%2C200","width":350,"height":200,"srcset":"https:\/\/i0.wp.com\/www.jojoenherbe.com\/wp-content\/uploads\/2022\/04\/Un-petit-air-de-printemps-scaled.jpg?fit=1200%2C1028&ssl=1&resize=350%2C200 1x, https:\/\/i0.wp.com\/www.jojoenherbe.com\/wp-content\/uploads\/2022\/04\/Un-petit-air-de-printemps-scaled.jpg?fit=1200%2C1028&ssl=1&resize=525%2C300 1.5x, https:\/\/i0.wp.com\/www.jojoenherbe.com\/wp-content\/uploads\/2022\/04\/Un-petit-air-de-printemps-scaled.jpg?fit=1200%2C1028&ssl=1&resize=700%2C400 2x, https:\/\/i0.wp.com\/www.jojoenherbe.com\/wp-content\/uploads\/2022\/04\/Un-petit-air-de-printemps-scaled.jpg?fit=1200%2C1028&ssl=1&resize=1050%2C600 3x"},"classes":[]}],"_links":{"self":[{"href":"https:\/\/www.jojoenherbe.com\/index.php\/wp-json\/wp\/v2\/posts\/10850","targetHints":{"allow":["GET"]}}],"collection":[{"href":"https:\/\/www.jojoenherbe.com\/index.php\/wp-json\/wp\/v2\/posts"}],"about":[{"href":"https:\/\/www.jojoenherbe.com\/index.php\/wp-json\/wp\/v2\/types\/post"}],"author":[{"embeddable":true,"href":"https:\/\/www.jojoenherbe.com\/index.php\/wp-json\/wp\/v2\/users\/1"}],"replies":[{"embeddable":true,"href":"https:\/\/www.jojoenherbe.com\/index.php\/wp-json\/wp\/v2\/comments?post=10850"}],"version-history":[{"count":0,"href":"https:\/\/www.jojoenherbe.com\/index.php\/wp-json\/wp\/v2\/posts\/10850\/revisions"}],"wp:featuredmedia":[{"embeddable":true,"href":"https:\/\/www.jojoenherbe.com\/index.php\/wp-json\/wp\/v2\/media\/10857"}],"wp:attachment":[{"href":"https:\/\/www.jojoenherbe.com\/index.php\/wp-json\/wp\/v2\/media?parent=10850"}],"wp:term":[{"taxonomy":"category","embeddable":true,"href":"https:\/\/www.jojoenherbe.com\/index.php\/wp-json\/wp\/v2\/categories?post=10850"},{"taxonomy":"post_tag","embeddable":true,"href":"https:\/\/www.jojoenherbe.com\/index.php\/wp-json\/wp\/v2\/tags?post=10850"}],"curies":[{"name":"wp","href":"https:\/\/api.w.org\/{rel}","templated":true}]}}