{"id":10631,"date":"2020-04-04T15:39:19","date_gmt":"2020-04-04T13:39:19","guid":{"rendered":"http:\/\/www.jojoenherbe.com\/?p=10631"},"modified":"2020-04-23T17:38:44","modified_gmt":"2020-04-23T15:38:44","slug":"un-rat-pour-ce-premier-week-end-davril-2020","status":"publish","type":"post","link":"https:\/\/www.jojoenherbe.com\/index.php\/2020\/04\/04\/un-rat-pour-ce-premier-week-end-davril-2020\/","title":{"rendered":"Un RAT pour ce premier week-end d&rsquo;avril 2020"},"content":{"rendered":"<p style=\"text-align: justify;\"><em>Et c&rsquo;est parti pour un RAT pour ce premier week-end d&rsquo;avril 2020, d&rsquo;aujourd&rsquo;hui 13h \u00e0 demain soir minuit. Ce marathon de lectures reste dans l&rsquo;esprit du British Mysteries 2020 tout en se joignant avec des livres hors th\u00e8me au RAT du Mois au Japon organis\u00e9 par <a href=\"http:\/\/www.myloubook.com\/2020\/04\/03\/read-a-thon-un-mois-au-japon\/\">Lou<\/a> et <a href=\"http:\/\/www.lelivroblog.fr\/archive\/2020\/04\/03\/read-a-thon-un-mois-au-japon-6226773.html\">Hilde<\/a>. Comme l&rsquo;a \u00e9crit Syl (du blog <a href=\"https:\/\/sylectures.wordpress.com\/2020\/04\/04\/un-marathon-de-lectures-pour-le-week-end\/\">Th\u00e9, lectures et macarons<\/a>) qui a cr\u00e9\u00e9 un logo sp\u00e9cial pour l&rsquo;occasion, un petit RAT de transition!<\/em><\/p>\n<p style=\"text-align: justify;\">En effet, <em>apr\u00e8s un \u00e9change hier soir sur Facebook avec Syl, nous avons d\u00e9cid\u00e9 un petit RAT informel de rattrapage pour continuer nos lectures pr\u00e9vues dans le cadre du British Mysteries 2020 organis\u00e9 par Hilde et Lou. Je n&rsquo;ai, moi non plus, pas termin\u00e9 tous les livres que j&rsquo;avais pr\u00e9vus pour le mois de mars et m\u00eame pas pu en emprunter la plupart \u00e0 la m\u00e9diath\u00e8que \u00e0 cause du confinement. Et en parall\u00e8le, je vais agiter mes pompons de British Pom Pom pour le RAT du mois au Japon. <\/em><\/p>\n<p style=\"text-align: justify;\"><em>Voici ma petite PAL pour ce week-end, avec trois des livres d\u00e9j\u00e0 commenc\u00e9s le mois dernier:<\/em><\/p>\n<ul>\n<li style=\"text-align: justify;\"><em><span style=\"text-decoration: underline;\">Seule contre la loi<\/span> de Wilkie Collins<\/em><\/li>\n<li style=\"text-align: justify;\"><em><span style=\"text-decoration: underline;\">Orages ordinaires<\/span> de William Boyd<\/em><\/li>\n<li style=\"text-align: justify;\"><em>T1 d&rsquo;<span style=\"text-decoration: underline;\">Agatha Raisin enqu\u00eate, La quiche fatale<\/span> de M.C. Beaton<\/em><\/li>\n<li style=\"text-align: justify;\"><em><span style=\"text-decoration: underline;\">L&rsquo;h\u00f4tel hant\u00e9<\/span> de Wilkie Collins.<\/em><\/li>\n<\/ul>\n<p style=\"text-align: justify;\"><em><a href=\"https:\/\/i0.wp.com\/www.jojoenherbe.com\/wp-content\/uploads\/2020\/04\/Lenfant-et-la-baleine-scaled.jpg\"><img data-recalc-dims=\"1\" loading=\"lazy\" decoding=\"async\" data-attachment-id=\"10646\" data-permalink=\"https:\/\/www.jojoenherbe.com\/index.php\/2020\/04\/04\/un-rat-pour-ce-premier-week-end-davril-2020\/lenfant-et-la-baleine\/\" data-orig-file=\"https:\/\/i0.wp.com\/www.jojoenherbe.com\/wp-content\/uploads\/2020\/04\/Lenfant-et-la-baleine-scaled.jpg?fit=2560%2C1920&amp;ssl=1\" data-orig-size=\"2560,1920\" data-comments-opened=\"1\" data-image-meta=\"{&quot;aperture&quot;:&quot;2.4&quot;,&quot;credit&quot;:&quot;&quot;,&quot;camera&quot;:&quot;iPhone 4S&quot;,&quot;caption&quot;:&quot;&quot;,&quot;created_timestamp&quot;:&quot;1586030802&quot;,&quot;copyright&quot;:&quot;&quot;,&quot;focal_length&quot;:&quot;4.28&quot;,&quot;iso&quot;:&quot;800&quot;,&quot;shutter_speed&quot;:&quot;0.058823529411765&quot;,&quot;title&quot;:&quot;&quot;,&quot;orientation&quot;:&quot;1&quot;}\" data-image-title=\"L&amp;rsquo;enfant et la baleine\" data-image-description=\"\" data-image-caption=\"\" data-large-file=\"https:\/\/i0.wp.com\/www.jojoenherbe.com\/wp-content\/uploads\/2020\/04\/Lenfant-et-la-baleine-scaled.jpg?fit=676%2C507&amp;ssl=1\" class=\"alignleft wp-image-10646 size-thumbnail\" src=\"https:\/\/i0.wp.com\/www.jojoenherbe.com\/wp-content\/uploads\/2020\/04\/Lenfant-et-la-baleine.jpg?resize=150%2C150\" alt=\"\" width=\"150\" height=\"150\" srcset=\"https:\/\/i0.wp.com\/www.jojoenherbe.com\/wp-content\/uploads\/2020\/04\/Lenfant-et-la-baleine-scaled.jpg?resize=150%2C150&amp;ssl=1 150w, https:\/\/i0.wp.com\/www.jojoenherbe.com\/wp-content\/uploads\/2020\/04\/Lenfant-et-la-baleine-scaled.jpg?zoom=2&amp;resize=150%2C150 300w, https:\/\/i0.wp.com\/www.jojoenherbe.com\/wp-content\/uploads\/2020\/04\/Lenfant-et-la-baleine-scaled.jpg?zoom=3&amp;resize=150%2C150 450w\" sizes=\"auto, (max-width: 150px) 100vw, 150px\" \/><\/a> <a href=\"https:\/\/i0.wp.com\/www.jojoenherbe.com\/wp-content\/uploads\/2020\/04\/Lenfant-et-Grand-m%C3%A8re-scaled.jpg\"><img data-recalc-dims=\"1\" loading=\"lazy\" decoding=\"async\" data-attachment-id=\"10645\" data-permalink=\"https:\/\/www.jojoenherbe.com\/index.php\/2020\/04\/04\/un-rat-pour-ce-premier-week-end-davril-2020\/lenfant-et-grand-mere\/\" data-orig-file=\"https:\/\/i0.wp.com\/www.jojoenherbe.com\/wp-content\/uploads\/2020\/04\/Lenfant-et-Grand-m%C3%A8re-scaled.jpg?fit=2560%2C1809&amp;ssl=1\" data-orig-size=\"2560,1809\" data-comments-opened=\"1\" data-image-meta=\"{&quot;aperture&quot;:&quot;2.4&quot;,&quot;credit&quot;:&quot;&quot;,&quot;camera&quot;:&quot;iPhone 4S&quot;,&quot;caption&quot;:&quot;&quot;,&quot;created_timestamp&quot;:&quot;1586030783&quot;,&quot;copyright&quot;:&quot;&quot;,&quot;focal_length&quot;:&quot;4.28&quot;,&quot;iso&quot;:&quot;640&quot;,&quot;shutter_speed&quot;:&quot;0.058823529411765&quot;,&quot;title&quot;:&quot;&quot;,&quot;orientation&quot;:&quot;1&quot;}\" data-image-title=\"L&amp;rsquo;enfant et Grand-m\u00e8re\" data-image-description=\"\" data-image-caption=\"\" data-large-file=\"https:\/\/i0.wp.com\/www.jojoenherbe.com\/wp-content\/uploads\/2020\/04\/Lenfant-et-Grand-m%C3%A8re-scaled.jpg?fit=676%2C478&amp;ssl=1\" class=\"alignleft wp-image-10645 size-thumbnail\" src=\"https:\/\/i0.wp.com\/www.jojoenherbe.com\/wp-content\/uploads\/2020\/04\/Lenfant-et-Grand-m%C3%A8re.jpg?resize=150%2C150\" alt=\"\" width=\"150\" height=\"150\" srcset=\"https:\/\/i0.wp.com\/www.jojoenherbe.com\/wp-content\/uploads\/2020\/04\/Lenfant-et-Grand-m%C3%A8re-scaled.jpg?resize=150%2C150&amp;ssl=1 150w, https:\/\/i0.wp.com\/www.jojoenherbe.com\/wp-content\/uploads\/2020\/04\/Lenfant-et-Grand-m%C3%A8re-scaled.jpg?zoom=2&amp;resize=150%2C150 300w, https:\/\/i0.wp.com\/www.jojoenherbe.com\/wp-content\/uploads\/2020\/04\/Lenfant-et-Grand-m%C3%A8re-scaled.jpg?zoom=3&amp;resize=150%2C150 450w\" sizes=\"auto, (max-width: 150px) 100vw, 150px\" \/><\/a>Cet apr\u00e8s-midi, 13h, je ne peux lire des romans adulte mais nous lisons des albums jeunesse hors th\u00e8mes: <span style=\"text-decoration: underline;\">L&rsquo;enfant et la baleine<\/span> de Benji Davies ainsi que <span style=\"text-decoration: underline;\">L&rsquo;enfant et Grand-m\u00e8re<\/span>. <br><\/em><\/p>\n<p style=\"text-align: justify;\"><em><a href=\"https:\/\/i0.wp.com\/www.jojoenherbe.com\/wp-content\/uploads\/2020\/04\/Je-suis-un-lion-scaled.jpg\"><img data-recalc-dims=\"1\" loading=\"lazy\" decoding=\"async\" data-attachment-id=\"10644\" data-permalink=\"https:\/\/www.jojoenherbe.com\/index.php\/2020\/04\/04\/un-rat-pour-ce-premier-week-end-davril-2020\/je-suis-un-lion\/\" data-orig-file=\"https:\/\/i0.wp.com\/www.jojoenherbe.com\/wp-content\/uploads\/2020\/04\/Je-suis-un-lion-scaled.jpg?fit=2560%2C1920&amp;ssl=1\" data-orig-size=\"2560,1920\" data-comments-opened=\"1\" data-image-meta=\"{&quot;aperture&quot;:&quot;2.4&quot;,&quot;credit&quot;:&quot;&quot;,&quot;camera&quot;:&quot;iPhone 4S&quot;,&quot;caption&quot;:&quot;&quot;,&quot;created_timestamp&quot;:&quot;1586030845&quot;,&quot;copyright&quot;:&quot;&quot;,&quot;focal_length&quot;:&quot;4.28&quot;,&quot;iso&quot;:&quot;800&quot;,&quot;shutter_speed&quot;:&quot;0.058823529411765&quot;,&quot;title&quot;:&quot;&quot;,&quot;orientation&quot;:&quot;1&quot;}\" data-image-title=\"Je suis un lion\" data-image-description=\"\" data-image-caption=\"\" data-large-file=\"https:\/\/i0.wp.com\/www.jojoenherbe.com\/wp-content\/uploads\/2020\/04\/Je-suis-un-lion-scaled.jpg?fit=676%2C507&amp;ssl=1\" class=\"wp-image-10644 size-thumbnail alignright\" src=\"https:\/\/i0.wp.com\/www.jojoenherbe.com\/wp-content\/uploads\/2020\/04\/Je-suis-un-lion.jpg?resize=150%2C150\" alt=\"\" width=\"150\" height=\"150\" srcset=\"https:\/\/i0.wp.com\/www.jojoenherbe.com\/wp-content\/uploads\/2020\/04\/Je-suis-un-lion-scaled.jpg?resize=150%2C150&amp;ssl=1 150w, https:\/\/i0.wp.com\/www.jojoenherbe.com\/wp-content\/uploads\/2020\/04\/Je-suis-un-lion-scaled.jpg?zoom=2&amp;resize=150%2C150 300w, https:\/\/i0.wp.com\/www.jojoenherbe.com\/wp-content\/uploads\/2020\/04\/Je-suis-un-lion-scaled.jpg?zoom=3&amp;resize=150%2C150 450w\" sizes=\"auto, (max-width: 150px) 100vw, 150px\" \/><\/a>En attendant la pause go\u00fbter \u00e0 16h, je fais un petit tour sur le groupe FB \u00ab\u00a0Challenge British Mysteries\u00a0\u00bb et les blogs des autres participantes. Puis nous lisons <span style=\"text-decoration: underline;\">Je suis un lion<\/span> d&rsquo;Antonin Louchard.<br><\/em><\/p>\n<p style=\"text-align: justify;\"><em>Et voil\u00e0 la pause go\u00fbter avec un petit caf\u00e9 et un petit beurre virtuel d&rsquo;Isabelle (et avec sa recette aussi sur son blog <a href=\"http:\/\/ribambelledhistoires.over-blog.com\/2020\/04\/marathon-de-lectures-du-week-end.html\">Une ribambelle d&rsquo;histoires<\/a>).<\/em><\/p>\n<p style=\"text-align: justify;\"><em><a href=\"https:\/\/i0.wp.com\/www.jojoenherbe.com\/wp-content\/uploads\/2020\/04\/Pop-Ptit-Loup-scaled.jpg\"><img data-recalc-dims=\"1\" loading=\"lazy\" decoding=\"async\" data-attachment-id=\"10647\" data-permalink=\"https:\/\/www.jojoenherbe.com\/index.php\/2020\/04\/04\/un-rat-pour-ce-premier-week-end-davril-2020\/pop-ptit-loup\/\" data-orig-file=\"https:\/\/i0.wp.com\/www.jojoenherbe.com\/wp-content\/uploads\/2020\/04\/Pop-Ptit-Loup-scaled.jpg?fit=2560%2C1920&amp;ssl=1\" data-orig-size=\"2560,1920\" data-comments-opened=\"1\" data-image-meta=\"{&quot;aperture&quot;:&quot;2.4&quot;,&quot;credit&quot;:&quot;&quot;,&quot;camera&quot;:&quot;iPhone 4S&quot;,&quot;caption&quot;:&quot;&quot;,&quot;created_timestamp&quot;:&quot;1586030835&quot;,&quot;copyright&quot;:&quot;&quot;,&quot;focal_length&quot;:&quot;4.28&quot;,&quot;iso&quot;:&quot;800&quot;,&quot;shutter_speed&quot;:&quot;0.058823529411765&quot;,&quot;title&quot;:&quot;&quot;,&quot;orientation&quot;:&quot;1&quot;}\" data-image-title=\"Pop &amp;#8211; P&amp;rsquo;tit Loup\" data-image-description=\"\" data-image-caption=\"\" data-large-file=\"https:\/\/i0.wp.com\/www.jojoenherbe.com\/wp-content\/uploads\/2020\/04\/Pop-Ptit-Loup-scaled.jpg?fit=676%2C507&amp;ssl=1\" class=\"alignleft size-thumbnail wp-image-10647\" src=\"https:\/\/i0.wp.com\/www.jojoenherbe.com\/wp-content\/uploads\/2020\/04\/Pop-Ptit-Loup.jpg?resize=150%2C150\" alt=\"\" width=\"150\" height=\"150\" srcset=\"https:\/\/i0.wp.com\/www.jojoenherbe.com\/wp-content\/uploads\/2020\/04\/Pop-Ptit-Loup-scaled.jpg?resize=150%2C150&amp;ssl=1 150w, https:\/\/i0.wp.com\/www.jojoenherbe.com\/wp-content\/uploads\/2020\/04\/Pop-Ptit-Loup-scaled.jpg?zoom=2&amp;resize=150%2C150 300w, https:\/\/i0.wp.com\/www.jojoenherbe.com\/wp-content\/uploads\/2020\/04\/Pop-Ptit-Loup-scaled.jpg?zoom=3&amp;resize=150%2C150 450w\" sizes=\"auto, (max-width: 150px) 100vw, 150px\" \/><\/a>Puis viennent les histoires du soir avec ce soir <a href=\"http:\/\/www.jojoenherbe.com\/index.php\/2019\/09\/20\/au-fil-des-pages-sur-le-theme-de-lecole\/\"><span style=\"text-decoration: underline;\">Pop \u00e0 l&rsquo;\u00e9cole<\/span><\/a> de Pierrick Bisinski et Alex Sanders et <a href=\"http:\/\/www.jojoenherbe.com\/index.php\/2019\/08\/19\/au-fil-des-pages-avec-ptit-loup-apprend-a-jardiner\/\"><span style=\"text-decoration: underline;\">P&rsquo;tit Loup apprend \u00e0 jardiner<\/span><\/a> d&rsquo;Orianne Lallemand et El\u00e9onore Thuillier.<\/em><\/p>\n<p style=\"text-align: justify;\"><em><a href=\"https:\/\/i0.wp.com\/www.jojoenherbe.com\/wp-content\/uploads\/2020\/03\/Seule-contre-la-loi-scaled.jpg\"><img data-recalc-dims=\"1\" loading=\"lazy\" decoding=\"async\" data-attachment-id=\"10464\" data-permalink=\"https:\/\/www.jojoenherbe.com\/index.php\/2020\/03\/14\/un-second-rat-du-challenge-british-mysteries-2020\/seule-contre-la-loi\/\" data-orig-file=\"https:\/\/i0.wp.com\/www.jojoenherbe.com\/wp-content\/uploads\/2020\/03\/Seule-contre-la-loi-scaled.jpg?fit=2560%2C1920&amp;ssl=1\" data-orig-size=\"2560,1920\" data-comments-opened=\"1\" data-image-meta=\"{&quot;aperture&quot;:&quot;2.4&quot;,&quot;credit&quot;:&quot;&quot;,&quot;camera&quot;:&quot;iPhone 4S&quot;,&quot;caption&quot;:&quot;&quot;,&quot;created_timestamp&quot;:&quot;1584200579&quot;,&quot;copyright&quot;:&quot;&quot;,&quot;focal_length&quot;:&quot;4.28&quot;,&quot;iso&quot;:&quot;640&quot;,&quot;shutter_speed&quot;:&quot;0.066666666666667&quot;,&quot;title&quot;:&quot;&quot;,&quot;orientation&quot;:&quot;1&quot;}\" data-image-title=\"Seule contre la loi\" data-image-description=\"\" data-image-caption=\"\" data-large-file=\"https:\/\/i0.wp.com\/www.jojoenherbe.com\/wp-content\/uploads\/2020\/03\/Seule-contre-la-loi-scaled.jpg?fit=676%2C507&amp;ssl=1\" class=\"size-thumbnail wp-image-10464 alignright\" src=\"https:\/\/i0.wp.com\/www.jojoenherbe.com\/wp-content\/uploads\/2020\/03\/Seule-contre-la-loi.jpg?resize=150%2C150\" alt=\"\" width=\"150\" height=\"150\" srcset=\"https:\/\/i0.wp.com\/www.jojoenherbe.com\/wp-content\/uploads\/2020\/03\/Seule-contre-la-loi-scaled.jpg?resize=150%2C150&amp;ssl=1 150w, https:\/\/i0.wp.com\/www.jojoenherbe.com\/wp-content\/uploads\/2020\/03\/Seule-contre-la-loi-scaled.jpg?zoom=2&amp;resize=150%2C150 300w, https:\/\/i0.wp.com\/www.jojoenherbe.com\/wp-content\/uploads\/2020\/03\/Seule-contre-la-loi-scaled.jpg?zoom=3&amp;resize=150%2C150 450w\" sizes=\"auto, (max-width: 150px) 100vw, 150px\" \/><\/a>Il est d\u00e9j\u00e0 20 heures 30 et je vais enfin pouvoir reprendre ma lecture de <span style=\"text-decoration: underline;\">Seule contre la loi<\/span> de Wilkie Collins au chapitre XII, moment o\u00f9 l&rsquo;h\u00e9ro\u00efne se rapproche de plus en plus du terrible secret de son mari. Et puis finalement ce sera un tour sur les r\u00e9seaux sociaux et seulement deux chapitres lus.<\/em><\/p>\n<p style=\"text-align: justify;\"><em>Dimanche 5 avril 2020, apr\u00e8s avoir \u00e9t\u00e9 r\u00e9veill\u00e9e \u00e0 5h00, nous relisons (une \u00e9ni\u00e8me fois) les albums jeunesse d\u00e9j\u00e0 relus hier: <span style=\"text-decoration: underline;\">L&rsquo;enfant et la baleine<\/span>, <span style=\"text-decoration: underline;\">L&rsquo;enfant et Grand-m\u00e8re<\/span>, <span style=\"text-decoration: underline;\">Pop \u00e0 l&rsquo;\u00e9cole<\/span> et <span style=\"text-decoration: underline;\">P&rsquo;tit Loup apprend \u00e0 jardiner<\/span>. <\/em><\/p>\n<p style=\"text-align: justify;\"><em>Puis, le jour se levant sous les chants des oiseaux, je retourne \u00e0 ma lecture de <span style=\"text-decoration: underline;\">Seule contre la loi<\/span> de Wilkie Collins en reprenant au chapitre XIV. Cette fois, j&rsquo;arrive \u00e0 mieux lire puisqu&rsquo;\u00e0 11h00, je viens d&rsquo;entamer le chapitre XXIII, en apprenant un peu plus mais pas encore assez sur le d\u00e9c\u00e8s de la premi\u00e8re \u00e9pouse du mari de l&rsquo;h\u00e9ro\u00efne.<\/em><\/p>\n<p style=\"text-align: justify;\"><em>Puis en fin de matin\u00e9e, reprise de la lecture d&rsquo;albums jeunesse avec P\u00e2ques: <span style=\"text-decoration: underline;\">T\u2019choupi cherche les \u0153ufs de P\u00e2ques<\/span> de Thierry Courtin et <a href=\"http:\/\/www.jojoenherbe.com\/index.php\/2019\/04\/20\/au-fil-des-pages-sur-le-theme-de-paques\/\"><span style=\"text-decoration: underline;\">Joyeuses P\u00e2ques Fenouil!<\/span><\/a> de Brigitte Weninger et Eve Tharlet.<\/em><\/p>\n<p style=\"text-align: justify;\"><em><a href=\"https:\/\/i0.wp.com\/www.jojoenherbe.com\/wp-content\/uploads\/2020\/04\/Marque-page-origami-scaled.jpg\"><img data-recalc-dims=\"1\" loading=\"lazy\" decoding=\"async\" data-attachment-id=\"10655\" data-permalink=\"https:\/\/www.jojoenherbe.com\/index.php\/2020\/04\/04\/un-rat-pour-ce-premier-week-end-davril-2020\/marque-page-origami\/\" data-orig-file=\"https:\/\/i0.wp.com\/www.jojoenherbe.com\/wp-content\/uploads\/2020\/04\/Marque-page-origami-scaled.jpg?fit=2560%2C1938&amp;ssl=1\" data-orig-size=\"2560,1938\" data-comments-opened=\"1\" data-image-meta=\"{&quot;aperture&quot;:&quot;2.4&quot;,&quot;credit&quot;:&quot;&quot;,&quot;camera&quot;:&quot;iPhone 4S&quot;,&quot;caption&quot;:&quot;&quot;,&quot;created_timestamp&quot;:&quot;1586117312&quot;,&quot;copyright&quot;:&quot;&quot;,&quot;focal_length&quot;:&quot;4.28&quot;,&quot;iso&quot;:&quot;800&quot;,&quot;shutter_speed&quot;:&quot;0.066666666666667&quot;,&quot;title&quot;:&quot;&quot;,&quot;orientation&quot;:&quot;1&quot;}\" data-image-title=\"Marque-page origami\" data-image-description=\"\" data-image-caption=\"\" data-large-file=\"https:\/\/i0.wp.com\/www.jojoenherbe.com\/wp-content\/uploads\/2020\/04\/Marque-page-origami-scaled.jpg?fit=676%2C512&amp;ssl=1\" class=\"alignleft size-thumbnail wp-image-10655\" src=\"https:\/\/i0.wp.com\/www.jojoenherbe.com\/wp-content\/uploads\/2020\/04\/Marque-page-origami.jpg?resize=150%2C150\" alt=\"\" width=\"150\" height=\"150\" srcset=\"https:\/\/i0.wp.com\/www.jojoenherbe.com\/wp-content\/uploads\/2020\/04\/Marque-page-origami-scaled.jpg?resize=150%2C150&amp;ssl=1 150w, https:\/\/i0.wp.com\/www.jojoenherbe.com\/wp-content\/uploads\/2020\/04\/Marque-page-origami-scaled.jpg?zoom=2&amp;resize=150%2C150 300w, https:\/\/i0.wp.com\/www.jojoenherbe.com\/wp-content\/uploads\/2020\/04\/Marque-page-origami-scaled.jpg?zoom=3&amp;resize=150%2C150 450w\" sizes=\"auto, (max-width: 150px) 100vw, 150px\" \/><\/a> <a href=\"https:\/\/i0.wp.com\/www.jojoenherbe.com\/wp-content\/uploads\/2020\/04\/Marque-page-origami-2-scaled.jpg\"><img data-recalc-dims=\"1\" loading=\"lazy\" decoding=\"async\" data-attachment-id=\"10654\" data-permalink=\"https:\/\/www.jojoenherbe.com\/index.php\/2020\/04\/04\/un-rat-pour-ce-premier-week-end-davril-2020\/marque-page-origami-2\/\" data-orig-file=\"https:\/\/i0.wp.com\/www.jojoenherbe.com\/wp-content\/uploads\/2020\/04\/Marque-page-origami-2-scaled.jpg?fit=2560%2C1704&amp;ssl=1\" data-orig-size=\"2560,1704\" data-comments-opened=\"1\" data-image-meta=\"{&quot;aperture&quot;:&quot;2.4&quot;,&quot;credit&quot;:&quot;&quot;,&quot;camera&quot;:&quot;iPhone 4S&quot;,&quot;caption&quot;:&quot;&quot;,&quot;created_timestamp&quot;:&quot;1586117395&quot;,&quot;copyright&quot;:&quot;&quot;,&quot;focal_length&quot;:&quot;4.28&quot;,&quot;iso&quot;:&quot;800&quot;,&quot;shutter_speed&quot;:&quot;0.066666666666667&quot;,&quot;title&quot;:&quot;&quot;,&quot;orientation&quot;:&quot;1&quot;}\" data-image-title=\"Marque-page origami 2\" data-image-description=\"\" data-image-caption=\"\" data-large-file=\"https:\/\/i0.wp.com\/www.jojoenherbe.com\/wp-content\/uploads\/2020\/04\/Marque-page-origami-2-scaled.jpg?fit=676%2C450&amp;ssl=1\" class=\"alignleft size-thumbnail wp-image-10654\" src=\"https:\/\/i0.wp.com\/www.jojoenherbe.com\/wp-content\/uploads\/2020\/04\/Marque-page-origami-2.jpg?resize=150%2C150\" alt=\"\" width=\"150\" height=\"150\" srcset=\"https:\/\/i0.wp.com\/www.jojoenherbe.com\/wp-content\/uploads\/2020\/04\/Marque-page-origami-2-scaled.jpg?resize=150%2C150&amp;ssl=1 150w, https:\/\/i0.wp.com\/www.jojoenherbe.com\/wp-content\/uploads\/2020\/04\/Marque-page-origami-2-scaled.jpg?zoom=2&amp;resize=150%2C150 300w, https:\/\/i0.wp.com\/www.jojoenherbe.com\/wp-content\/uploads\/2020\/04\/Marque-page-origami-2-scaled.jpg?zoom=3&amp;resize=150%2C150 450w\" sizes=\"auto, (max-width: 150px) 100vw, 150px\" \/><\/a> Dans l&rsquo;apr\u00e8s-midi, je reprends la suite de Seule contre la loi jusqu&rsquo;au chapitre XXXIV. Petite pause caf\u00e9 et passage sur le groupe FB et le blog d&rsquo;<a href=\"http:\/\/www.lelivroblog.fr\/archive\/2020\/04\/05\/marque-page-origami-6227244.html\">Hilde<\/a> qui a mis en ligne un tuto pour fabriquer un marque-page origami. Une petite incursion dans le challenge Un mois au Japon. Nous faisons un marque-page printanier et un pingouin bien s\u00fbr.<\/em><\/p>\n<p style=\"text-align: justify;\"><em>Viennent ensuite la lecture d&rsquo;albums jeunesse: <span style=\"text-decoration: underline;\">Je suis un lion<\/span> d&rsquo;Antonin Louchard, <a href=\"http:\/\/www.jojoenherbe.com\/index.php\/2020\/03\/11\/au-fil-des-pages-avec-le-grand-menage\/\"><span style=\"text-decoration: underline;\">Le grand m\u00e9nage<\/span><\/a> d&rsquo;Emily Gravett et <a href=\"http:\/\/www.jojoenherbe.com\/index.php\/2019\/08\/19\/au-fil-des-pages-avec-ptit-loup-apprend-a-jardiner\/\"><span style=\"text-decoration: underline;\">P&rsquo;tit Loup apprend \u00e0 jardiner<\/span><\/a> d&rsquo;Orianne Lallemand et El\u00e9onore Thuillier. Sans oublier les deux histoires du soir: <a href=\"http:\/\/www.jojoenherbe.com\/index.php\/2019\/08\/23\/au-fil-des-pages-avec-123-petits-chats-qui-savaient-compter-jusqua-3\/\"><span style=\"text-decoration: underline;\">1,2,3 petits chats qui savaient compter jusqu&rsquo;\u00e0 3<\/span><\/a> de Michel Van Zeveren et le tome 13 d\u2019<a href=\"http:\/\/www.jojoenherbe.com\/index.php\/2019\/05\/14\/au-fil-des-pages-avec-le-tome-13-dana-ana\/\"><span style=\"text-decoration: underline;\">Ana Ana, Papillons, lilas et fraises des bois<\/span><\/a> d\u2019Alexis Dormal et Dominique Roques.<\/em><\/p>\n<p style=\"text-align: justify;\"><em>Ce soir, apr\u00e8s un petit tour chez les autres participantes, j&rsquo;esp\u00e8re pouvoir terminer <span style=\"text-decoration: underline;\">Seule contre la loi<\/span> de Wilkie Collins.<\/em><\/p>\n<div id=\"attachment_32121\" style=\"width: 177px\" class=\"wp-caption alignleft\"><img data-recalc-dims=\"1\" loading=\"lazy\" decoding=\"async\" aria-describedby=\"caption-attachment-32121\" class=\"wp-image-32121\" src=\"https:\/\/sylectures.files.wordpress.com\/2020\/04\/read-a-thon-04.20.jpg?w=213&#038;h=300&#038;resize=167%2C236&#038;fit=213%2C300\" sizes=\"auto, (max-width: 213px) 100vw, 213px\" srcset=\"https:\/\/sylectures.files.wordpress.com\/2020\/04\/read-a-thon-04.20.jpg?w=213&amp;h=300&amp;resize=170%2C240 213w, https:\/\/sylectures.files.wordpress.com\/2020\/04\/read-a-thon-04.20.jpg?w=106&amp;h=150 106w, https:\/\/sylectures.files.wordpress.com\/2020\/04\/read-a-thon-04.20.jpg 326w\" alt=\"\" data-attachment-id=\"32121\" data-permalink=\"https:\/\/sylectures.wordpress.com\/2020\/04\/04\/un-marathon-de-lectures-pour-le-week-end\/read-a-thon-04-20\/\" data-orig-file=\"https:\/\/sylectures.files.wordpress.com\/2020\/04\/read-a-thon-04.20.jpg\" data-orig-size=\"326,460\" data-comments-opened=\"1\" data-image-meta=\"{&quot;aperture&quot;:&quot;0&quot;,&quot;credit&quot;:&quot;&quot;,&quot;camera&quot;:&quot;&quot;,&quot;caption&quot;:&quot;&quot;,&quot;created_timestamp&quot;:&quot;0&quot;,&quot;copyright&quot;:&quot;&quot;,&quot;focal_length&quot;:&quot;0&quot;,&quot;iso&quot;:&quot;0&quot;,&quot;shutter_speed&quot;:&quot;0&quot;,&quot;title&quot;:&quot;&quot;,&quot;orientation&quot;:&quot;0&quot;}\" data-image-title=\"Read a thon 04.20\" data-image-description=\"\" data-medium-file=\"https:\/\/sylectures.files.wordpress.com\/2020\/04\/read-a-thon-04.20.jpg?w=213\" data-large-file=\"https:\/\/sylectures.files.wordpress.com\/2020\/04\/read-a-thon-04.20.jpg?w=326\" width=\"167\" height=\"236\"><p id=\"caption-attachment-32121\" class=\"wp-caption-text\">Joli logo de <a href=\"https:\/\/sylectures.wordpress.com\/2020\/04\/04\/un-marathon-de-lectures-pour-le-week-end\/\">Syl<\/a><\/p><\/div>\n<p style=\"text-align: justify;\"><em>Pour d&rsquo;autres id\u00e9es de lecture au cours de ce marathon de lectures, les autres participants des RAT British Mysteries et\/ou Un Mois au Japon: <a href=\"https:\/\/sylectures.wordpress.com\/2020\/04\/04\/un-marathon-de-lectures-pour-le-week-end\/\">Syl<\/a>, <a href=\"http:\/\/ribambelledhistoires.over-blog.com\/2020\/04\/marathon-de-lectures-du-week-end.html\">Isabelle<\/a>, <a href=\"http:\/\/mapetitemediatheque.fr\/2020\/04\/read-a-thon-a-la-croisee-des-chemin\/#comment-32720\">Bidib<\/a>, <a href=\"https:\/\/deslivresetsharon.wordpress.com\/2020\/04\/04\/rat-improvise-avec-syl\/\">Sharon<\/a>, Guilan (sur le groupe FB \u00ab\u00a0Challenge British Mysteries\u00a0\u00bb), <a href=\"http:\/\/www.myloubook.com\/2020\/04\/03\/read-a-thon-un-mois-au-japon\/\">Lou<\/a>, <a href=\"http:\/\/www.lelivroblog.fr\/archive\/2020\/04\/03\/read-a-thon-un-mois-au-japon-6226773.html\">Hilde<\/a>, <a href=\"https:\/\/arieste.wordpress.com\/2020\/04\/04\/read-a-thon-un-mois-au-japon\/\">Arieste<\/a>, <a href=\"http:\/\/www.unchocolatdansmonroman.fr\/2020\/04\/un-mois-au-japon-2020-billet-1.html\">NathChoco<\/a>.<br><\/em><\/p>\n<p><em>&nbsp;<\/em><\/p>\n\n\n<p><\/p>\n","protected":false},"excerpt":{"rendered":"<p>Et c&rsquo;est parti pour un RAT pour ce premier week-end d&rsquo;avril 2020, d&rsquo;aujourd&rsquo;hui 13h \u00e0 demain soir minuit. Ce marathon de lectures reste dans l&rsquo;esprit du British Mysteries 2020 tout en se joignant avec des livres hors th\u00e8me au RAT du Mois au Japon organis\u00e9 par Lou et Hilde. Comme l&rsquo;a \u00e9crit Syl (du blog [&hellip;]<\/p>\n","protected":false},"author":1,"featured_media":10635,"comment_status":"open","ping_status":"open","sticky":false,"template":"","format":"standard","meta":{"jetpack_post_was_ever_published":false,"_jetpack_newsletter_access":"","_jetpack_dont_email_post_to_subs":false,"_jetpack_newsletter_tier_id":0,"_jetpack_memberships_contains_paywalled_content":false,"_jetpack_memberships_contains_paid_content":false,"footnotes":""},"categories":[873],"tags":[409,1477,1085,1329,905,1478],"class_list":["post-10631","post","type-post","status-publish","format-standard","has-post-thumbnail","hentry","category-mini-challenger","tag-albums-jeunesse","tag-challenge-british-mysteries-2020","tag-lecture-adulte","tag-roman-policier","tag-romans-adulte","tag-un-mois-au-japon-2020","post-preview"],"jetpack_featured_media_url":"https:\/\/i0.wp.com\/www.jojoenherbe.com\/wp-content\/uploads\/2020\/04\/RAT-davril-2020.jpg?fit=2357%2C2270&ssl=1","jetpack_sharing_enabled":true,"jetpack_shortlink":"https:\/\/wp.me\/p9zhGx-2Lt","jetpack_likes_enabled":true,"jetpack-related-posts":[{"id":24412,"url":"https:\/\/www.jojoenherbe.com\/index.php\/2022\/04\/01\/notre-mois-bloguesque-de-mars-2022\/","url_meta":{"origin":10631,"position":0},"title":"Notre mois bloguesque de mars 2022","author":"Jojo","date":"1 avril 2022","format":false,"excerpt":"Apr\u00e8s un mois de f\u00e9vrier qui s\u2019est termin\u00e9 avec un RAT gourmand et indien organis\u00e9 par Hilde, Blandine, Bidib et Fondant du 25 au 27 f\u00e9vrier 2022, c'\u00e9tait mars 2022, mois de transition entre la fin de l\u2019hiver et le d\u00e9but du printemps. Il y a ainsi eu le retour\u2026","rel":"","context":"Dans &quot;Mini blogueur&quot;","block_context":{"text":"Mini blogueur","link":"https:\/\/www.jojoenherbe.com\/index.php\/category\/mini-blogueur\/"},"img":{"alt_text":"","src":"https:\/\/i0.wp.com\/www.jojoenherbe.com\/wp-content\/uploads\/2022\/03\/Selection-mars-2022-scaled.jpg?fit=1200%2C775&ssl=1&resize=350%2C200","width":350,"height":200,"srcset":"https:\/\/i0.wp.com\/www.jojoenherbe.com\/wp-content\/uploads\/2022\/03\/Selection-mars-2022-scaled.jpg?fit=1200%2C775&ssl=1&resize=350%2C200 1x, https:\/\/i0.wp.com\/www.jojoenherbe.com\/wp-content\/uploads\/2022\/03\/Selection-mars-2022-scaled.jpg?fit=1200%2C775&ssl=1&resize=525%2C300 1.5x, https:\/\/i0.wp.com\/www.jojoenherbe.com\/wp-content\/uploads\/2022\/03\/Selection-mars-2022-scaled.jpg?fit=1200%2C775&ssl=1&resize=700%2C400 2x, https:\/\/i0.wp.com\/www.jojoenherbe.com\/wp-content\/uploads\/2022\/03\/Selection-mars-2022-scaled.jpg?fit=1200%2C775&ssl=1&resize=1050%2C600 3x"},"classes":[]},{"id":35376,"url":"https:\/\/www.jojoenherbe.com\/index.php\/2024\/04\/01\/bilan-de-lecture-mars-2024\/","url_meta":{"origin":10631,"position":1},"title":"Bilan de lecture: mars 2024","author":"Jojo","date":"1 avril 2024","format":false,"excerpt":"En ce 1er avril 2024, il est temps de faire le bilan de lecture du mois de mars 2024 qui a \u00e9t\u00e9 aussi pluvieux que f\u00e9vrier avec des lectures toujours aussi vari\u00e9es comme par exemple des auteurs am\u00e9ricains, ayant jou\u00e9 les prolongations avec l\u2019AAHM Challenge, des autrices fran\u00e7aises de romances\u2026","rel":"","context":"Dans &quot;Mini blogueur&quot;","block_context":{"text":"Mini blogueur","link":"https:\/\/www.jojoenherbe.com\/index.php\/category\/mini-blogueur\/"},"img":{"alt_text":"","src":"https:\/\/i0.wp.com\/www.jojoenherbe.com\/wp-content\/uploads\/2024\/03\/Selection-mars-2024-scaled.jpg?fit=1200%2C938&ssl=1&resize=350%2C200","width":350,"height":200,"srcset":"https:\/\/i0.wp.com\/www.jojoenherbe.com\/wp-content\/uploads\/2024\/03\/Selection-mars-2024-scaled.jpg?fit=1200%2C938&ssl=1&resize=350%2C200 1x, https:\/\/i0.wp.com\/www.jojoenherbe.com\/wp-content\/uploads\/2024\/03\/Selection-mars-2024-scaled.jpg?fit=1200%2C938&ssl=1&resize=525%2C300 1.5x, https:\/\/i0.wp.com\/www.jojoenherbe.com\/wp-content\/uploads\/2024\/03\/Selection-mars-2024-scaled.jpg?fit=1200%2C938&ssl=1&resize=700%2C400 2x, https:\/\/i0.wp.com\/www.jojoenherbe.com\/wp-content\/uploads\/2024\/03\/Selection-mars-2024-scaled.jpg?fit=1200%2C938&ssl=1&resize=1050%2C600 3x"},"classes":[]},{"id":10202,"url":"https:\/\/www.jojoenherbe.com\/index.php\/2020\/03\/02\/un-premier-rat-du-challenge-british-mysteries-2020\/","url_meta":{"origin":10631,"position":2},"title":"Un premier RAT du Challenge British Mysteries 2020","author":"Jojo","date":"2 mars 2020","format":false,"excerpt":"Du 28 f\u00e9vrier au 1er mars 2020 s'est d\u00e9roul\u00e9 le premier RAT du Challenge British Mysteries organis\u00e9 par Hilde et Lou. Pour ce marathon de lectures, je n'ai pas vraiment pu y participer comme je l'aurai voulu, \u00e0 d\u00e9faut d'avoir pu constituer dans les temps ma PAL. Heureusement, mars ne\u2026","rel":"","context":"Dans &quot;Mini challenger&quot;","block_context":{"text":"Mini challenger","link":"https:\/\/www.jojoenherbe.com\/index.php\/category\/mini-challenger\/"},"img":{"alt_text":"","src":"https:\/\/i0.wp.com\/www.jojoenherbe.com\/wp-content\/uploads\/2020\/03\/RAT-Challenge-British-Mysteries-scaled.jpg?fit=1200%2C845&ssl=1&resize=350%2C200","width":350,"height":200,"srcset":"https:\/\/i0.wp.com\/www.jojoenherbe.com\/wp-content\/uploads\/2020\/03\/RAT-Challenge-British-Mysteries-scaled.jpg?fit=1200%2C845&ssl=1&resize=350%2C200 1x, https:\/\/i0.wp.com\/www.jojoenherbe.com\/wp-content\/uploads\/2020\/03\/RAT-Challenge-British-Mysteries-scaled.jpg?fit=1200%2C845&ssl=1&resize=525%2C300 1.5x, https:\/\/i0.wp.com\/www.jojoenherbe.com\/wp-content\/uploads\/2020\/03\/RAT-Challenge-British-Mysteries-scaled.jpg?fit=1200%2C845&ssl=1&resize=700%2C400 2x, https:\/\/i0.wp.com\/www.jojoenherbe.com\/wp-content\/uploads\/2020\/03\/RAT-Challenge-British-Mysteries-scaled.jpg?fit=1200%2C845&ssl=1&resize=1050%2C600 3x"},"classes":[]},{"id":26150,"url":"https:\/\/www.jojoenherbe.com\/index.php\/2022\/07\/01\/notre-mois-bloguesque-de-juin-2022\/","url_meta":{"origin":10631,"position":3},"title":"Notre mois bloguesque de juin 2022","author":"Jojo","date":"1 juillet 2022","format":false,"excerpt":"C'est le premier du mois alors voici un petit retour bloguesque sur juin 2022. Apr\u00e8s Un mois au Japon 2022 de Hilde et Lou, c'\u00e9tait le retour du Mois anglais 2022 coorganis\u00e9e par Lou et Titine. J'avais d\u00e9j\u00e0 commenc\u00e9 \u00e0 piocher dans ma PAL anglo-saxonne en avril. Nous avons \u00e9galement\u2026","rel":"","context":"Dans &quot;Mini blogueur&quot;","block_context":{"text":"Mini blogueur","link":"https:\/\/www.jojoenherbe.com\/index.php\/category\/mini-blogueur\/"},"img":{"alt_text":"","src":"https:\/\/i0.wp.com\/www.jojoenherbe.com\/wp-content\/uploads\/2022\/06\/Selection-Juin-2022-scaled.jpg?fit=1200%2C1040&ssl=1&resize=350%2C200","width":350,"height":200,"srcset":"https:\/\/i0.wp.com\/www.jojoenherbe.com\/wp-content\/uploads\/2022\/06\/Selection-Juin-2022-scaled.jpg?fit=1200%2C1040&ssl=1&resize=350%2C200 1x, https:\/\/i0.wp.com\/www.jojoenherbe.com\/wp-content\/uploads\/2022\/06\/Selection-Juin-2022-scaled.jpg?fit=1200%2C1040&ssl=1&resize=525%2C300 1.5x, https:\/\/i0.wp.com\/www.jojoenherbe.com\/wp-content\/uploads\/2022\/06\/Selection-Juin-2022-scaled.jpg?fit=1200%2C1040&ssl=1&resize=700%2C400 2x, https:\/\/i0.wp.com\/www.jojoenherbe.com\/wp-content\/uploads\/2022\/06\/Selection-Juin-2022-scaled.jpg?fit=1200%2C1040&ssl=1&resize=1050%2C600 3x"},"classes":[]},{"id":18019,"url":"https:\/\/www.jojoenherbe.com\/index.php\/2021\/05\/03\/notre-mois-bloguesque-davril-2021\/","url_meta":{"origin":10631,"position":4},"title":"Notre mois bloguesque d&rsquo;avril 2021","author":"Jojo","date":"3 mai 2021","format":false,"excerpt":"C'est le premier du mois alors voici un petit retour bloguesque sur avril 2021 avec encore une fois beaucoup de lectures, surtout d\u00e9di\u00e9es \u00e0 la litt\u00e9rature japonaise. Le d\u00e9but du mois, avec le week-end de P\u00e2ques, nous avons fait et repris des lectures\/activit\u00e9s sur le th\u00e8me de P\u00e2ques. Nous continuons\u2026","rel":"","context":"Dans &quot;Mini blogueur&quot;","block_context":{"text":"Mini blogueur","link":"https:\/\/www.jojoenherbe.com\/index.php\/category\/mini-blogueur\/"},"img":{"alt_text":"","src":"https:\/\/i0.wp.com\/www.jojoenherbe.com\/wp-content\/uploads\/2021\/05\/Avril-2021-scaled.jpg?fit=1200%2C803&ssl=1&resize=350%2C200","width":350,"height":200,"srcset":"https:\/\/i0.wp.com\/www.jojoenherbe.com\/wp-content\/uploads\/2021\/05\/Avril-2021-scaled.jpg?fit=1200%2C803&ssl=1&resize=350%2C200 1x, https:\/\/i0.wp.com\/www.jojoenherbe.com\/wp-content\/uploads\/2021\/05\/Avril-2021-scaled.jpg?fit=1200%2C803&ssl=1&resize=525%2C300 1.5x, https:\/\/i0.wp.com\/www.jojoenherbe.com\/wp-content\/uploads\/2021\/05\/Avril-2021-scaled.jpg?fit=1200%2C803&ssl=1&resize=700%2C400 2x, https:\/\/i0.wp.com\/www.jojoenherbe.com\/wp-content\/uploads\/2021\/05\/Avril-2021-scaled.jpg?fit=1200%2C803&ssl=1&resize=1050%2C600 3x"},"classes":[]},{"id":10456,"url":"https:\/\/www.jojoenherbe.com\/index.php\/2020\/03\/14\/un-second-rat-du-challenge-british-mysteries-2020\/","url_meta":{"origin":10631,"position":5},"title":"Un second RAT du Challenge British Mysteries 2020","author":"Jojo","date":"14 mars 2020","format":false,"excerpt":"Depuis hier, 13 mars 2020 jusqu'\u00e0 dimanche minuit se d\u00e9roule le second RAT du Challenge British Mysteries organis\u00e9 par Hilde et Lou. Pour ce marathon de lectures, j'ai repris dans ma PAL la plupart des livres que j'ai choisi pour le premier RAT. Le 13 mars 2020, nous relisons des\u2026","rel":"","context":"Dans &quot;Mini challenger&quot;","block_context":{"text":"Mini challenger","link":"https:\/\/www.jojoenherbe.com\/index.php\/category\/mini-challenger\/"},"img":{"alt_text":"","src":"https:\/\/i0.wp.com\/www.jojoenherbe.com\/wp-content\/uploads\/2020\/03\/RAT-Challenge-British-Mysteries-1-scaled.jpg?fit=1200%2C852&ssl=1&resize=350%2C200","width":350,"height":200,"srcset":"https:\/\/i0.wp.com\/www.jojoenherbe.com\/wp-content\/uploads\/2020\/03\/RAT-Challenge-British-Mysteries-1-scaled.jpg?fit=1200%2C852&ssl=1&resize=350%2C200 1x, https:\/\/i0.wp.com\/www.jojoenherbe.com\/wp-content\/uploads\/2020\/03\/RAT-Challenge-British-Mysteries-1-scaled.jpg?fit=1200%2C852&ssl=1&resize=525%2C300 1.5x, https:\/\/i0.wp.com\/www.jojoenherbe.com\/wp-content\/uploads\/2020\/03\/RAT-Challenge-British-Mysteries-1-scaled.jpg?fit=1200%2C852&ssl=1&resize=700%2C400 2x, https:\/\/i0.wp.com\/www.jojoenherbe.com\/wp-content\/uploads\/2020\/03\/RAT-Challenge-British-Mysteries-1-scaled.jpg?fit=1200%2C852&ssl=1&resize=1050%2C600 3x"},"classes":[]}],"_links":{"self":[{"href":"https:\/\/www.jojoenherbe.com\/index.php\/wp-json\/wp\/v2\/posts\/10631","targetHints":{"allow":["GET"]}}],"collection":[{"href":"https:\/\/www.jojoenherbe.com\/index.php\/wp-json\/wp\/v2\/posts"}],"about":[{"href":"https:\/\/www.jojoenherbe.com\/index.php\/wp-json\/wp\/v2\/types\/post"}],"author":[{"embeddable":true,"href":"https:\/\/www.jojoenherbe.com\/index.php\/wp-json\/wp\/v2\/users\/1"}],"replies":[{"embeddable":true,"href":"https:\/\/www.jojoenherbe.com\/index.php\/wp-json\/wp\/v2\/comments?post=10631"}],"version-history":[{"count":0,"href":"https:\/\/www.jojoenherbe.com\/index.php\/wp-json\/wp\/v2\/posts\/10631\/revisions"}],"wp:featuredmedia":[{"embeddable":true,"href":"https:\/\/www.jojoenherbe.com\/index.php\/wp-json\/wp\/v2\/media\/10635"}],"wp:attachment":[{"href":"https:\/\/www.jojoenherbe.com\/index.php\/wp-json\/wp\/v2\/media?parent=10631"}],"wp:term":[{"taxonomy":"category","embeddable":true,"href":"https:\/\/www.jojoenherbe.com\/index.php\/wp-json\/wp\/v2\/categories?post=10631"},{"taxonomy":"post_tag","embeddable":true,"href":"https:\/\/www.jojoenherbe.com\/index.php\/wp-json\/wp\/v2\/tags?post=10631"}],"curies":[{"name":"wp","href":"https:\/\/api.w.org\/{rel}","templated":true}]}}