{"id":10541,"date":"2020-03-22T16:55:59","date_gmt":"2020-03-22T15:55:59","guid":{"rendered":"http:\/\/www.jojoenherbe.com\/?p=10541"},"modified":"2025-09-07T09:23:52","modified_gmt":"2025-09-07T07:23:52","slug":"au-fil-des-pages-avec-merlin-lenfance-dun-enchanteur","status":"publish","type":"post","link":"https:\/\/www.jojoenherbe.com\/index.php\/2020\/03\/22\/au-fil-des-pages-avec-merlin-lenfance-dun-enchanteur\/","title":{"rendered":"Au fil des pages avec Merlin, L&rsquo;enfance d&rsquo;un enchanteur"},"content":{"rendered":"<p style=\"text-align: justify;\"><em><a href=\"https:\/\/i0.wp.com\/www.jojoenherbe.com\/wp-content\/uploads\/2020\/03\/Merlin-lenfance-dun-enchanteur-2-scaled.jpg\"><img data-recalc-dims=\"1\" loading=\"lazy\" decoding=\"async\" data-attachment-id=\"10557\" data-permalink=\"https:\/\/www.jojoenherbe.com\/index.php\/2020\/03\/22\/au-fil-des-pages-avec-merlin-lenfance-dun-enchanteur\/merlin-lenfance-dun-enchanteur-2\/\" data-orig-file=\"https:\/\/i0.wp.com\/www.jojoenherbe.com\/wp-content\/uploads\/2020\/03\/Merlin-lenfance-dun-enchanteur-2-scaled.jpg?fit=2560%2C2028&amp;ssl=1\" data-orig-size=\"2560,2028\" data-comments-opened=\"1\" data-image-meta=\"{&quot;aperture&quot;:&quot;2.4&quot;,&quot;credit&quot;:&quot;&quot;,&quot;camera&quot;:&quot;iPhone 4S&quot;,&quot;caption&quot;:&quot;&quot;,&quot;created_timestamp&quot;:&quot;1584718031&quot;,&quot;copyright&quot;:&quot;&quot;,&quot;focal_length&quot;:&quot;4.28&quot;,&quot;iso&quot;:&quot;100&quot;,&quot;shutter_speed&quot;:&quot;0.05&quot;,&quot;title&quot;:&quot;&quot;,&quot;orientation&quot;:&quot;1&quot;}\" data-image-title=\"Merlin l&amp;rsquo;enfance d&amp;rsquo;un enchanteur 2\" data-image-description=\"\" data-image-caption=\"\" data-large-file=\"https:\/\/i0.wp.com\/www.jojoenherbe.com\/wp-content\/uploads\/2020\/03\/Merlin-lenfance-dun-enchanteur-2-scaled.jpg?fit=676%2C535&amp;ssl=1\" class=\"alignleft size-thumbnail wp-image-10557\" src=\"https:\/\/i0.wp.com\/www.jojoenherbe.com\/wp-content\/uploads\/2020\/03\/Merlin-lenfance-dun-enchanteur-2.jpg?resize=150%2C150\" alt=\"\" width=\"150\" height=\"150\" srcset=\"https:\/\/i0.wp.com\/www.jojoenherbe.com\/wp-content\/uploads\/2020\/03\/Merlin-lenfance-dun-enchanteur-2-scaled.jpg?resize=150%2C150&amp;ssl=1 150w, https:\/\/i0.wp.com\/www.jojoenherbe.com\/wp-content\/uploads\/2020\/03\/Merlin-lenfance-dun-enchanteur-2-scaled.jpg?zoom=2&amp;resize=150%2C150 300w, https:\/\/i0.wp.com\/www.jojoenherbe.com\/wp-content\/uploads\/2020\/03\/Merlin-lenfance-dun-enchanteur-2-scaled.jpg?zoom=3&amp;resize=150%2C150 450w\" sizes=\"auto, (max-width: 150px) 100vw, 150px\" \/><\/a> <a href=\"https:\/\/i0.wp.com\/www.jojoenherbe.com\/wp-content\/uploads\/2020\/03\/Merlin-lenfance-dun-enchanteur-3-scaled.jpg\"><img data-recalc-dims=\"1\" loading=\"lazy\" decoding=\"async\" data-attachment-id=\"10558\" data-permalink=\"https:\/\/www.jojoenherbe.com\/index.php\/2020\/03\/22\/au-fil-des-pages-avec-merlin-lenfance-dun-enchanteur\/merlin-lenfance-dun-enchanteur-3\/\" data-orig-file=\"https:\/\/i0.wp.com\/www.jojoenherbe.com\/wp-content\/uploads\/2020\/03\/Merlin-lenfance-dun-enchanteur-3-scaled.jpg?fit=2560%2C1943&amp;ssl=1\" data-orig-size=\"2560,1943\" data-comments-opened=\"1\" data-image-meta=\"{&quot;aperture&quot;:&quot;2.4&quot;,&quot;credit&quot;:&quot;&quot;,&quot;camera&quot;:&quot;iPhone 4S&quot;,&quot;caption&quot;:&quot;&quot;,&quot;created_timestamp&quot;:&quot;1584718064&quot;,&quot;copyright&quot;:&quot;&quot;,&quot;focal_length&quot;:&quot;4.28&quot;,&quot;iso&quot;:&quot;200&quot;,&quot;shutter_speed&quot;:&quot;0.05&quot;,&quot;title&quot;:&quot;&quot;,&quot;orientation&quot;:&quot;1&quot;}\" data-image-title=\"Merlin l&amp;rsquo;enfance d&amp;rsquo;un enchanteur 3\" data-image-description=\"\" data-image-caption=\"\" data-large-file=\"https:\/\/i0.wp.com\/www.jojoenherbe.com\/wp-content\/uploads\/2020\/03\/Merlin-lenfance-dun-enchanteur-3-scaled.jpg?fit=676%2C513&amp;ssl=1\" class=\"alignleft size-thumbnail wp-image-10558\" src=\"https:\/\/i0.wp.com\/www.jojoenherbe.com\/wp-content\/uploads\/2020\/03\/Merlin-lenfance-dun-enchanteur-3.jpg?resize=150%2C150\" alt=\"\" width=\"150\" height=\"150\" srcset=\"https:\/\/i0.wp.com\/www.jojoenherbe.com\/wp-content\/uploads\/2020\/03\/Merlin-lenfance-dun-enchanteur-3-scaled.jpg?resize=150%2C150&amp;ssl=1 150w, https:\/\/i0.wp.com\/www.jojoenherbe.com\/wp-content\/uploads\/2020\/03\/Merlin-lenfance-dun-enchanteur-3-scaled.jpg?zoom=2&amp;resize=150%2C150 300w, https:\/\/i0.wp.com\/www.jojoenherbe.com\/wp-content\/uploads\/2020\/03\/Merlin-lenfance-dun-enchanteur-3-scaled.jpg?zoom=3&amp;resize=150%2C150 450w\" sizes=\"auto, (max-width: 150px) 100vw, 150px\" \/><\/a> Nous empruntons \u00e0 la m\u00e9diath\u00e8que <span style=\"text-decoration: underline;\">Merlin, L&rsquo;enfance d&rsquo;un enchanteur<\/span> d&rsquo;Anne Ferrier et Christelle Le Guen (\u00e9d. Locus Solus, coll. La Table ronde, 2019), un album jeunesse \u00e0 partir de 5 ans. Lug, un corbeau et fid\u00e8le ami de Merlin, nous raconte sa naissance et son enfance dans la for\u00eat de Broc\u00e9liande. N\u00e9 tout poilu un matin d&rsquo;hiver, Merlin poss\u00e8de d\u00e9j\u00e0 les pouvoirs magiques qui feront sa renomm\u00e9e comme parler aux animaux, se m\u00e9tamorphoser ou encore pr\u00e9dire le futur&#8230; Bient\u00f4t, le Roi Vortigern vient lui demander son aide. Est-ce le d\u00e9but de son incroyable destin\u00e9e au sein du royaume de Bretagne? <\/em><\/p>\n<p style=\"text-align: justify;\"><em><a href=\"https:\/\/i0.wp.com\/www.jojoenherbe.com\/wp-content\/uploads\/2021\/01\/PAL-Legendes-arthuriennes-scaled.jpg\"><img data-recalc-dims=\"1\" loading=\"lazy\" decoding=\"async\" data-attachment-id=\"15110\" data-permalink=\"https:\/\/www.jojoenherbe.com\/index.php\/2021\/01\/14\/notre-pal-de-legendes-arthuriennes-2021\/pal-legendes-arthuriennes\/\" data-orig-file=\"https:\/\/i0.wp.com\/www.jojoenherbe.com\/wp-content\/uploads\/2021\/01\/PAL-Legendes-arthuriennes-scaled.jpg?fit=2560%2C1920&amp;ssl=1\" data-orig-size=\"2560,1920\" data-comments-opened=\"1\" data-image-meta=\"{&quot;aperture&quot;:&quot;1.8&quot;,&quot;credit&quot;:&quot;&quot;,&quot;camera&quot;:&quot;iPhone 7&quot;,&quot;caption&quot;:&quot;&quot;,&quot;created_timestamp&quot;:&quot;1610637268&quot;,&quot;copyright&quot;:&quot;&quot;,&quot;focal_length&quot;:&quot;3.99&quot;,&quot;iso&quot;:&quot;40&quot;,&quot;shutter_speed&quot;:&quot;0.04&quot;,&quot;title&quot;:&quot;&quot;,&quot;orientation&quot;:&quot;1&quot;}\" data-image-title=\"PAL L\u00e9gendes arthuriennes\" data-image-description=\"\" data-image-caption=\"\" data-large-file=\"https:\/\/i0.wp.com\/www.jojoenherbe.com\/wp-content\/uploads\/2021\/01\/PAL-Legendes-arthuriennes-scaled.jpg?fit=676%2C507&amp;ssl=1\" class=\"alignright size-thumbnail wp-image-15110\" src=\"https:\/\/i0.wp.com\/www.jojoenherbe.com\/wp-content\/uploads\/2021\/01\/PAL-Legendes-arthuriennes.jpg?resize=150%2C150\" alt=\"\" width=\"150\" height=\"150\" srcset=\"https:\/\/i0.wp.com\/www.jojoenherbe.com\/wp-content\/uploads\/2021\/01\/PAL-Legendes-arthuriennes-scaled.jpg?resize=150%2C150&amp;ssl=1 150w, https:\/\/i0.wp.com\/www.jojoenherbe.com\/wp-content\/uploads\/2021\/01\/PAL-Legendes-arthuriennes-scaled.jpg?zoom=2&amp;resize=150%2C150 300w, https:\/\/i0.wp.com\/www.jojoenherbe.com\/wp-content\/uploads\/2021\/01\/PAL-Legendes-arthuriennes-scaled.jpg?zoom=3&amp;resize=150%2C150 450w\" sizes=\"auto, (max-width: 150px) 100vw, 150px\" \/><\/a>Un tr\u00e8s bon moment de lecture avec cet album jeunesse aux jolies illustrations \u00e0 l&rsquo;aquarelle, plein d&rsquo;humour et qui rend accessible aux jeunes lecteurs les l\u00e9gendes arthuriennes! <\/em><em>J&rsquo;ai h\u00e2te de pouvoir emprunter les deux autres tomes que j&rsquo;avais rep\u00e9r\u00e9s et que je n&rsquo;ai pu r\u00e9cup\u00e9rer pour cause de confinement et de fermeture de toutes les m\u00e9diath\u00e8ques le 14 mars jusqu&rsquo;\u00e0 nouvel ordre: <span style=\"text-decoration: underline;\">Morgane, L&rsquo;enfance d&rsquo;une magicienne<\/span> et <span style=\"text-decoration: underline;\">Arthur, L&rsquo;enfance d&rsquo;un roi<\/span>. Je pourrai les emprunter en janvier 2021, mois d\u00e9di\u00e9 aux <a href=\"http:\/\/www.jojoenherbe.com\/index.php\/2021\/01\/14\/notre-pal-de-legendes-arthuriennes-2021\/\">L\u00e9gendes arthuriennes<\/a> dans le cadre du Challenge Contes et L\u00e9gendes de Bidib.<br \/>\n<\/em><\/p>\n<div style=\"width: 109px\" class=\"wp-caption alignleft\"><img data-recalc-dims=\"1\" loading=\"lazy\" decoding=\"async\" class=\"\" src=\"https:\/\/i0.wp.com\/delivrer-des-livres.fr\/wp-content\/uploads\/2019\/05\/logoalbums2019.png?resize=99%2C99\" alt=\"\" width=\"99\" height=\"99\" \/><p class=\"wp-caption-text\">Participation #170 <a href=\"http:\/\/delivrer-des-livres.fr\/challenge-albums-2019\/\">Je lis aussi des albums<\/a><\/p><\/div>\n<div style=\"width: 126px\" class=\"wp-caption alignleft\"><img loading=\"lazy\" decoding=\"async\" class=\"\" src=\"https:\/\/lh3.googleusercontent.com\/yeyHsyE8ePB9xQx2t9obPo4nIUGeuGsS-P1wwGiEip3f9lcFED23VkM1Pr5hYoy4puCex2GzVOyZNHjl5qeUnhImyiKFqwfTaONmF_HEc7SEvgxhr1eZXuJ6zzg9JfEY4XADWBPBCxMLePs3HiWfgCjRFVaAIkiQhaX8RGfOMzZhoMNQUFFuWlglQGRva5RIkSFvo7nk3yMWVz4PgUXBK3Uof2Hf073K4C6YvQC1u6gRN2BCr4tNyqitAlYfULcqVlua9UK9L5kLVOZWs2-xrAzDf1K3rxU8pxE6Fdm1EI8_YbPW09CsTNa9CW1z0lvieJ6Ify6BbltA9XBnOC99XwB4E833hDdb9KWRbKTb8bwsVGIAFF1x2JkOCAWTkq3OtXJmlgaccySEr2PvCr9rzIA4GtrzB04GpU7RNPlnkfNDjtPoy6UR5nf5SD-RQvfrkHaKDQocAHpi1MoHr0bWF4h3F08r5y_TM01DqKXAgeInHehhuxNBZ4LGs7Emk2ol6RPfVd4UEj0916JVKRknXSsSbJG_50ptPlCGTOdHDTOUMc6x63Wp68_DnNhG9qn5FPKuDHhZvC008a4nifQFWuKVT6HvqNgW-LcvXb0wnjbSwgS8qwHb3LtHJj3uAe971aQRDPkS146UchPgCLNczeUje4Y3YFpuV4P1KYu67RSdAOITJNzzSRO2Dycc1PCqSdc7IoPwLu0-aT-FJ0m-KvlkUQLXoamPhl2WKbODyZSfc5ZT=w285-h217-no\" alt=\"\" width=\"116\" height=\"88\" \/><p class=\"wp-caption-text\"><a href=\"https:\/\/ennalit.wordpress.com\/2019\/12\/01\/challenge-petit-bac-2020-qui-veut-jouer\/\">Challenge Petit Bac d&rsquo;Enna<\/a> #5 Cat\u00e9gorie Personne r\u00e9elle: \u00ab\u00a0Merlin\u00a0\u00bb<\/p><\/div>\n<div id=\"attachment_10219\" style=\"width: 101px\" class=\"wp-caption alignleft\"><img data-recalc-dims=\"1\" loading=\"lazy\" decoding=\"async\" aria-describedby=\"caption-attachment-10219\" data-attachment-id=\"10219\" data-permalink=\"https:\/\/www.jojoenherbe.com\/index.php\/2020\/03\/02\/au-fil-des-pages-avec-lievre-et-ours-sous-la-neige\/lievre-et-ours-sous-la-neige\/\" data-orig-file=\"https:\/\/i0.wp.com\/www.jojoenherbe.com\/wp-content\/uploads\/2020\/03\/Li%C3%A8vre-et-Ours-sous-la-neige-scaled.jpg?fit=2560%2C1892&amp;ssl=1\" data-orig-size=\"2560,1892\" data-comments-opened=\"1\" data-image-meta=\"{&quot;aperture&quot;:&quot;2.4&quot;,&quot;credit&quot;:&quot;&quot;,&quot;camera&quot;:&quot;iPhone 4S&quot;,&quot;caption&quot;:&quot;&quot;,&quot;created_timestamp&quot;:&quot;1583147305&quot;,&quot;copyright&quot;:&quot;&quot;,&quot;focal_length&quot;:&quot;4.28&quot;,&quot;iso&quot;:&quot;640&quot;,&quot;shutter_speed&quot;:&quot;0.066666666666667&quot;,&quot;title&quot;:&quot;&quot;,&quot;orientation&quot;:&quot;1&quot;}\" data-image-title=\"Li\u00e8vre et Ours, sous la neige\" data-image-description=\"\" data-image-caption=\"\" data-large-file=\"https:\/\/i0.wp.com\/www.jojoenherbe.com\/wp-content\/uploads\/2020\/03\/Li%C3%A8vre-et-Ours-sous-la-neige-scaled.jpg?fit=676%2C500&amp;ssl=1\" class=\"wp-image-10219\" src=\"https:\/\/i0.wp.com\/mapetitemediatheque.fr\/wp-content\/uploads\/2018\/11\/challenge-contes-et-l%C3%A9gendes.jpg?resize=91%2C114\" sizes=\"auto, (max-width: 343px) 100vw, 343px\" srcset=\"http:\/\/mapetitemediatheque.fr\/wp-content\/uploads\/2018\/11\/challenge-contes-et-l\u00e9gendes.jpg 343w, http:\/\/mapetitemediatheque.fr\/wp-content\/uploads\/2018\/11\/challenge-contes-et-l\u00e9gendes-239x300.jpg 239w\" alt=\"\" width=\"91\" height=\"114\" \/><p id=\"caption-attachment-10219\" class=\"wp-caption-text\">Participation #16 Contes &amp; L\u00e9gendes 2020 de <a href=\"http:\/\/mapetitemediatheque.fr\/2020\/01\/challenge-contes-et-legendes-2020\/\">Bidib<\/a> #L\u00e9gendes arthuriennes<\/p><\/div>\n","protected":false},"excerpt":{"rendered":"<p>Nous empruntons \u00e0 la m\u00e9diath\u00e8que Merlin, L&rsquo;enfance d&rsquo;un enchanteur d&rsquo;Anne Ferrier et Christelle Le Guen (\u00e9d. Locus Solus, coll. La Table ronde, 2019), un album jeunesse \u00e0 partir de 5 ans. Lug, un corbeau et fid\u00e8le ami de Merlin, nous raconte sa naissance et son enfance dans la for\u00eat de Broc\u00e9liande. N\u00e9 tout poilu un [&hellip;]<\/p>\n","protected":false},"author":1,"featured_media":15111,"comment_status":"open","ping_status":"open","sticky":false,"template":"","format":"standard","meta":{"jetpack_post_was_ever_published":false,"_jetpack_newsletter_access":"","_jetpack_dont_email_post_to_subs":false,"_jetpack_newsletter_tier_id":0,"_jetpack_memberships_contains_paywalled_content":false,"_jetpack_memberships_contains_paid_content":false,"footnotes":""},"categories":[363],"tags":[995,409,2448,1393,1365,1352,1285,2449,1392,1277,1394,1350,367,1391,1390,726,727,1395,1127],"class_list":["post-10541","post","type-post","status-publish","format-standard","has-post-thumbnail","hentry","category-mini-lecteur","tag-5-8-ans","tag-albums-jeunesse","tag-anne-ferrier","tag-broceliande","tag-challenge-contes-et-legendes-2020","tag-challenge-petit-bac-2020","tag-chevalier","tag-christelle-le-guen","tag-enchanteur","tag-foret","tag-foret-de-broceliande","tag-je-lis-aussi-des-albums-2019","tag-lecture-jeunesse","tag-legende-de-la-table-ronde","tag-legendes-arthuriennes","tag-magicien","tag-magie","tag-merlin","tag-roi","post-preview"],"jetpack_featured_media_url":"https:\/\/i0.wp.com\/www.jojoenherbe.com\/wp-content\/uploads\/2021\/01\/Merlin-Lenfance-dun-enchanteur-2-scaled.jpg?fit=2560%2C1973&ssl=1","jetpack_sharing_enabled":true,"jetpack_shortlink":"https:\/\/wp.me\/p9zhGx-2K1","jetpack_likes_enabled":true,"jetpack-related-posts":[{"id":15097,"url":"https:\/\/www.jojoenherbe.com\/index.php\/2021\/01\/14\/notre-pal-de-legendes-arthuriennes-2021\/","url_meta":{"origin":10541,"position":0},"title":"Notre PAL de l\u00e9gendes arthuriennes 2021","author":"Jojo","date":"14 janvier 2021","format":false,"excerpt":"Apr\u00e8s avoir propos\u00e9 le th\u00e8me des l\u00e9gendes arthuriennes en mars 2020, Bidib le propose \u00e0 nouveau pour ce mois de janvier 2021. L'ann\u00e9e derni\u00e8re, avec le premier confinement, je n'avais pu emprunter uniquement qu'un album jeunesse sur ce th\u00e8me. C'est donc avec plaisir que je me replonge en ce d\u00e9but\u2026","rel":"","context":"Dans &quot;Mini lecteur&quot;","block_context":{"text":"Mini lecteur","link":"https:\/\/www.jojoenherbe.com\/index.php\/category\/mini-lecteur\/"},"img":{"alt_text":"","src":"https:\/\/i0.wp.com\/www.jojoenherbe.com\/wp-content\/uploads\/2021\/01\/PAL-Legendes-arthuriennes-scaled.jpg?fit=1200%2C900&ssl=1&resize=350%2C200","width":350,"height":200,"srcset":"https:\/\/i0.wp.com\/www.jojoenherbe.com\/wp-content\/uploads\/2021\/01\/PAL-Legendes-arthuriennes-scaled.jpg?fit=1200%2C900&ssl=1&resize=350%2C200 1x, https:\/\/i0.wp.com\/www.jojoenherbe.com\/wp-content\/uploads\/2021\/01\/PAL-Legendes-arthuriennes-scaled.jpg?fit=1200%2C900&ssl=1&resize=525%2C300 1.5x, https:\/\/i0.wp.com\/www.jojoenherbe.com\/wp-content\/uploads\/2021\/01\/PAL-Legendes-arthuriennes-scaled.jpg?fit=1200%2C900&ssl=1&resize=700%2C400 2x, https:\/\/i0.wp.com\/www.jojoenherbe.com\/wp-content\/uploads\/2021\/01\/PAL-Legendes-arthuriennes-scaled.jpg?fit=1200%2C900&ssl=1&resize=1050%2C600 3x"},"classes":[]},{"id":15911,"url":"https:\/\/www.jojoenherbe.com\/index.php\/2021\/02\/21\/au-fil-des-pages-avec-lherbier-des-fees\/","url_meta":{"origin":10541,"position":1},"title":"Au fil des pages avec L&rsquo;Herbier des F\u00e9es","author":"Jojo","date":"21 f\u00e9vrier 2021","format":false,"excerpt":"J'emprunte \u00e0 la m\u00e9diath\u00e8que L'Herbier des F\u00e9es de S\u00e9bastien Perez et Benjamin Lacombe (\u00e9d. Albin Michel Jeunesse, 2011), un album jeunesse grand format \u00e0 partir de 8 ans. Il s'agit du carnet intime d'un \u00e9minent botaniste russe, Aleksandr Bogdanovich qui a \u00e9t\u00e9 envoy\u00e9, en mai 1914, dans la for\u00eat de\u2026","rel":"","context":"Dans &quot;Mini lecteur&quot;","block_context":{"text":"Mini lecteur","link":"https:\/\/www.jojoenherbe.com\/index.php\/category\/mini-lecteur\/"},"img":{"alt_text":"","src":"https:\/\/i0.wp.com\/www.jojoenherbe.com\/wp-content\/uploads\/2021\/02\/LHerbier-des-Fees-scaled.jpg?fit=1200%2C858&ssl=1&resize=350%2C200","width":350,"height":200,"srcset":"https:\/\/i0.wp.com\/www.jojoenherbe.com\/wp-content\/uploads\/2021\/02\/LHerbier-des-Fees-scaled.jpg?fit=1200%2C858&ssl=1&resize=350%2C200 1x, https:\/\/i0.wp.com\/www.jojoenherbe.com\/wp-content\/uploads\/2021\/02\/LHerbier-des-Fees-scaled.jpg?fit=1200%2C858&ssl=1&resize=525%2C300 1.5x, https:\/\/i0.wp.com\/www.jojoenherbe.com\/wp-content\/uploads\/2021\/02\/LHerbier-des-Fees-scaled.jpg?fit=1200%2C858&ssl=1&resize=700%2C400 2x, https:\/\/i0.wp.com\/www.jojoenherbe.com\/wp-content\/uploads\/2021\/02\/LHerbier-des-Fees-scaled.jpg?fit=1200%2C858&ssl=1&resize=1050%2C600 3x"},"classes":[]},{"id":16806,"url":"https:\/\/www.jojoenherbe.com\/index.php\/2021\/06\/10\/au-fil-des-pages-avec-nina-et-le-doudou-magique\/","url_meta":{"origin":10541,"position":2},"title":"Au fil des pages avec Nina et le doudou magique","author":"Jojo","date":"10 juin 2021","format":false,"excerpt":"Depuis le d\u00e9but du printemps, nous lisons r\u00e9guli\u00e8rement Nina et le doudou magique de Nicola Killen (\u00e9d. Quatre Fleuves, coll. Livres po\u00e9tiques, 2019), un album jeunesse avec des d\u00e9coupes et \u00e0 partir de 3 ans. Lors d'un printemps pluvieux, Nina se d\u00e9sesp\u00e8re de pouvoir sortir dehors avec Merlin, son lapin\u2026","rel":"","context":"Dans &quot;Mini lecteur&quot;","block_context":{"text":"Mini lecteur","link":"https:\/\/www.jojoenherbe.com\/index.php\/category\/mini-lecteur\/"},"img":{"alt_text":"","src":"https:\/\/i0.wp.com\/www.jojoenherbe.com\/wp-content\/uploads\/2021\/06\/Nina-et-le-doudou-magique-scaled.jpg?fit=1200%2C900&ssl=1&resize=350%2C200","width":350,"height":200,"srcset":"https:\/\/i0.wp.com\/www.jojoenherbe.com\/wp-content\/uploads\/2021\/06\/Nina-et-le-doudou-magique-scaled.jpg?fit=1200%2C900&ssl=1&resize=350%2C200 1x, https:\/\/i0.wp.com\/www.jojoenherbe.com\/wp-content\/uploads\/2021\/06\/Nina-et-le-doudou-magique-scaled.jpg?fit=1200%2C900&ssl=1&resize=525%2C300 1.5x, https:\/\/i0.wp.com\/www.jojoenherbe.com\/wp-content\/uploads\/2021\/06\/Nina-et-le-doudou-magique-scaled.jpg?fit=1200%2C900&ssl=1&resize=700%2C400 2x, https:\/\/i0.wp.com\/www.jojoenherbe.com\/wp-content\/uploads\/2021\/06\/Nina-et-le-doudou-magique-scaled.jpg?fit=1200%2C900&ssl=1&resize=1050%2C600 3x"},"classes":[]},{"id":43885,"url":"https:\/\/www.jojoenherbe.com\/index.php\/2026\/04\/24\/au-fil-des-pages-avec-merlin-et-chou-chez-les-chevaliers\/","url_meta":{"origin":10541,"position":3},"title":"Au fil des pages avec Merlin et Chou chez les Chevaliers","author":"Jojo","date":"24 avril 2026","format":false,"excerpt":"Nous avons lu Merlin et Chou chez les Chevaliers d\u2019Adam Stower (\u00e9d. Flammarion Jeunesse, mars 2025, 192 pages), un roman jeunesse illustr\u00e9 pour les 8\/10 ans avec un nouveau duo d\u00e9tonant et attachant. Merlin, un chat tr\u00e8s gourmand et pantouflard vit dans la maison de Cataplaf, un sorcier maladroit qui\u2026","rel":"","context":"Dans &quot;Mini lecteur&quot;","block_context":{"text":"Mini lecteur","link":"https:\/\/www.jojoenherbe.com\/index.php\/category\/mini-lecteur\/"},"img":{"alt_text":"","src":"https:\/\/i0.wp.com\/www.jojoenherbe.com\/wp-content\/uploads\/2026\/04\/Merlin-et-Chou-chez-les-Chevaliers-scaled.jpeg?fit=1200%2C963&ssl=1&resize=350%2C200","width":350,"height":200,"srcset":"https:\/\/i0.wp.com\/www.jojoenherbe.com\/wp-content\/uploads\/2026\/04\/Merlin-et-Chou-chez-les-Chevaliers-scaled.jpeg?fit=1200%2C963&ssl=1&resize=350%2C200 1x, https:\/\/i0.wp.com\/www.jojoenherbe.com\/wp-content\/uploads\/2026\/04\/Merlin-et-Chou-chez-les-Chevaliers-scaled.jpeg?fit=1200%2C963&ssl=1&resize=525%2C300 1.5x, https:\/\/i0.wp.com\/www.jojoenherbe.com\/wp-content\/uploads\/2026\/04\/Merlin-et-Chou-chez-les-Chevaliers-scaled.jpeg?fit=1200%2C963&ssl=1&resize=700%2C400 2x, https:\/\/i0.wp.com\/www.jojoenherbe.com\/wp-content\/uploads\/2026\/04\/Merlin-et-Chou-chez-les-Chevaliers-scaled.jpeg?fit=1200%2C963&ssl=1&resize=1050%2C600 3x"},"classes":[]},{"id":16691,"url":"https:\/\/www.jojoenherbe.com\/index.php\/2021\/03\/22\/nos-lectures-printanieres-2021\/","url_meta":{"origin":10541,"position":4},"title":"Nos lectures printani\u00e8res 2021","author":"Jojo","date":"22 mars 2021","format":false,"excerpt":"Avec l'arriv\u00e9e du printemps ce 20 mars 2021, nous changeons \u00e9galement nos lectures pour nous plonger dans un th\u00e8me printanier, l\u00e9ger et color\u00e9. Ce billet sera ainsi actualis\u00e9 tout au long de ce printemps au gr\u00e9 de nos lectures sur ce th\u00e8me. Des albums jeunesse: l'arriv\u00e9e du printemps avec les\u2026","rel":"","context":"Dans &quot;Mini lecteur&quot;","block_context":{"text":"Mini lecteur","link":"https:\/\/www.jojoenherbe.com\/index.php\/category\/mini-lecteur\/"},"img":{"alt_text":"","src":"https:\/\/i0.wp.com\/www.jojoenherbe.com\/wp-content\/uploads\/2021\/03\/Nos-lectures-Printemps-scaled.jpg?fit=1200%2C900&ssl=1&resize=350%2C200","width":350,"height":200,"srcset":"https:\/\/i0.wp.com\/www.jojoenherbe.com\/wp-content\/uploads\/2021\/03\/Nos-lectures-Printemps-scaled.jpg?fit=1200%2C900&ssl=1&resize=350%2C200 1x, https:\/\/i0.wp.com\/www.jojoenherbe.com\/wp-content\/uploads\/2021\/03\/Nos-lectures-Printemps-scaled.jpg?fit=1200%2C900&ssl=1&resize=525%2C300 1.5x, https:\/\/i0.wp.com\/www.jojoenherbe.com\/wp-content\/uploads\/2021\/03\/Nos-lectures-Printemps-scaled.jpg?fit=1200%2C900&ssl=1&resize=700%2C400 2x, https:\/\/i0.wp.com\/www.jojoenherbe.com\/wp-content\/uploads\/2021\/03\/Nos-lectures-Printemps-scaled.jpg?fit=1200%2C900&ssl=1&resize=1050%2C600 3x"},"classes":[]},{"id":8243,"url":"https:\/\/www.jojoenherbe.com\/index.php\/2019\/10\/28\/au-fil-des-pages-avec-le-sortilege-des-enfants-squelettes\/","url_meta":{"origin":10541,"position":5},"title":"Au fil des pages avec Le sortil\u00e8ge des enfants squelettes","author":"Jojo","date":"28 octobre 2019","format":false,"excerpt":"J'emprunte \u00e0 la biblioth\u00e8que Le sortil\u00e8ge des enfants squelettes de S\u00e9bastiaan Van Doninck (\u00e9d. Alice Jeunesse, 2018), un album jeunesse \u00e0 partir de 6 ans et sous-titr\u00e9 \"Une histoire un peu effrayante\". Cet album conte l'histoire d'une petite fille qui, allant seule dans la for\u00eat ramasser des baies, est transform\u00e9e\u2026","rel":"","context":"Dans &quot;Mini lecteur&quot;","block_context":{"text":"Mini lecteur","link":"https:\/\/www.jojoenherbe.com\/index.php\/category\/mini-lecteur\/"},"img":{"alt_text":"","src":"https:\/\/i0.wp.com\/www.jojoenherbe.com\/wp-content\/uploads\/2019\/10\/Le-sortil%C3%A8ge-des-enfants-squelettes.jpg?fit=1151%2C1200&ssl=1&resize=350%2C200","width":350,"height":200,"srcset":"https:\/\/i0.wp.com\/www.jojoenherbe.com\/wp-content\/uploads\/2019\/10\/Le-sortil%C3%A8ge-des-enfants-squelettes.jpg?fit=1151%2C1200&ssl=1&resize=350%2C200 1x, https:\/\/i0.wp.com\/www.jojoenherbe.com\/wp-content\/uploads\/2019\/10\/Le-sortil%C3%A8ge-des-enfants-squelettes.jpg?fit=1151%2C1200&ssl=1&resize=525%2C300 1.5x, https:\/\/i0.wp.com\/www.jojoenherbe.com\/wp-content\/uploads\/2019\/10\/Le-sortil%C3%A8ge-des-enfants-squelettes.jpg?fit=1151%2C1200&ssl=1&resize=700%2C400 2x, https:\/\/i0.wp.com\/www.jojoenherbe.com\/wp-content\/uploads\/2019\/10\/Le-sortil%C3%A8ge-des-enfants-squelettes.jpg?fit=1151%2C1200&ssl=1&resize=1050%2C600 3x"},"classes":[]}],"_links":{"self":[{"href":"https:\/\/www.jojoenherbe.com\/index.php\/wp-json\/wp\/v2\/posts\/10541","targetHints":{"allow":["GET"]}}],"collection":[{"href":"https:\/\/www.jojoenherbe.com\/index.php\/wp-json\/wp\/v2\/posts"}],"about":[{"href":"https:\/\/www.jojoenherbe.com\/index.php\/wp-json\/wp\/v2\/types\/post"}],"author":[{"embeddable":true,"href":"https:\/\/www.jojoenherbe.com\/index.php\/wp-json\/wp\/v2\/users\/1"}],"replies":[{"embeddable":true,"href":"https:\/\/www.jojoenherbe.com\/index.php\/wp-json\/wp\/v2\/comments?post=10541"}],"version-history":[{"count":1,"href":"https:\/\/www.jojoenherbe.com\/index.php\/wp-json\/wp\/v2\/posts\/10541\/revisions"}],"predecessor-version":[{"id":40629,"href":"https:\/\/www.jojoenherbe.com\/index.php\/wp-json\/wp\/v2\/posts\/10541\/revisions\/40629"}],"wp:featuredmedia":[{"embeddable":true,"href":"https:\/\/www.jojoenherbe.com\/index.php\/wp-json\/wp\/v2\/media\/15111"}],"wp:attachment":[{"href":"https:\/\/www.jojoenherbe.com\/index.php\/wp-json\/wp\/v2\/media?parent=10541"}],"wp:term":[{"taxonomy":"category","embeddable":true,"href":"https:\/\/www.jojoenherbe.com\/index.php\/wp-json\/wp\/v2\/categories?post=10541"},{"taxonomy":"post_tag","embeddable":true,"href":"https:\/\/www.jojoenherbe.com\/index.php\/wp-json\/wp\/v2\/tags?post=10541"}],"curies":[{"name":"wp","href":"https:\/\/api.w.org\/{rel}","templated":true}]}}