{"id":10151,"date":"2020-02-22T22:33:46","date_gmt":"2020-02-22T21:33:46","guid":{"rendered":"http:\/\/www.jojoenherbe.com\/?p=10151"},"modified":"2020-03-13T10:55:08","modified_gmt":"2020-03-13T09:55:08","slug":"semaine-8-du-projet-52-2020-sauvage","status":"publish","type":"post","link":"https:\/\/www.jojoenherbe.com\/index.php\/2020\/02\/22\/semaine-8-du-projet-52-2020-sauvage\/","title":{"rendered":"Semaine 8 du Projet 52-2020: Sauvage"},"content":{"rendered":"<p style=\"text-align: justify;\"><em>Pour la semaine 8 du Projet 52-2020 de Du c\u00f4t\u00e9 de chez Ma&rsquo;, le th\u00e8me est \u00ab\u00a0<a href=\"https:\/\/ducotedechezma.wordpress.com\/2020\/02\/22\/projet-52-2020-semaine-8-sauvage\/\">Sauvage<\/a>\u00ab\u00a0. J&rsquo;ai longuement h\u00e9sit\u00e9 entre faune et flore. Puis finalement j&rsquo;ai choisi un petit animal sauvage que j&rsquo;ai pu croiser, en mai 2009, lors d&rsquo;une randonn\u00e9e de Roubion jusqu&rsquo;au torrent du D\u00e9mant, en passant par Vignols, dans le parc national du Mercantour. Peu apr\u00e8s avoir pass\u00e9 le hameau de Vignols, que ne fut pas ma surprise de voir passer \u00e0 toute vitesse devant moi ce li\u00e8vre! Il y avait \u00e9galement des marmottes. Il est \u00e9galement possible d&rsquo;observer des gypa\u00e8tes barbus.<br \/>\n<\/em><\/p>\n<p><iframe loading=\"lazy\" style=\"border: 0;\" src=\"https:\/\/www.google.com\/maps\/embed?pb=!1m18!1m12!1m3!1d91667.46416451188!2d6.953308638258355!3d44.11207465566497!2m3!1f0!2f0!3f0!3m2!1i1024!2i768!4f13.1!3m3!1m2!1s0x12cc53766e03abf3%3A0xc4c62621c01cf0f6!2s06420%20Roubion!5e0!3m2!1sfr!2sfr!4v1582406486701!5m2!1sfr!2sfr\" allowfullscreen=\"allowfullscreen\" width=\"400\" height=\"300\" frameborder=\"0\"><\/iframe><\/p>\n","protected":false},"excerpt":{"rendered":"<p>Pour la semaine 8 du Projet 52-2020 de Du c\u00f4t\u00e9 de chez Ma&rsquo;, le th\u00e8me est \u00ab\u00a0Sauvage\u00ab\u00a0. J&rsquo;ai longuement h\u00e9sit\u00e9 entre faune et flore. Puis finalement j&rsquo;ai choisi un petit animal sauvage que j&rsquo;ai pu croiser, en mai 2009, lors d&rsquo;une randonn\u00e9e de Roubion jusqu&rsquo;au torrent du D\u00e9mant, en passant par Vignols, dans le parc [&hellip;]<\/p>\n","protected":false},"author":1,"featured_media":10152,"comment_status":"open","ping_status":"open","sticky":false,"template":"","format":"standard","meta":{"jetpack_post_was_ever_published":false,"_jetpack_newsletter_access":"","_jetpack_dont_email_post_to_subs":false,"_jetpack_newsletter_tier_id":0,"_jetpack_memberships_contains_paywalled_content":false,"_jetpack_memberships_contains_paid_content":false,"footnotes":""},"categories":[437],"tags":[25,1309,6,5,183,1353,1115,1271,1308],"class_list":["post-10151","post","type-post","status-publish","format-standard","has-post-thumbnail","hentry","category-mini-photographe","tag-alpes-maritimes","tag-lievre-variable","tag-mercantour","tag-paca","tag-parcs-naturels","tag-projet-52-de-ma","tag-projet-52-2020","tag-roubion","tag-vignols","post-preview"],"jetpack_featured_media_url":"https:\/\/i0.wp.com\/www.jojoenherbe.com\/wp-content\/uploads\/2020\/02\/Li%C3%A8vre-variable-Vignols.jpg?fit=2048%2C1536&ssl=1","jetpack_sharing_enabled":true,"jetpack_shortlink":"https:\/\/wp.me\/p9zhGx-2DJ","jetpack_likes_enabled":true,"jetpack-related-posts":[{"id":10037,"url":"https:\/\/www.jojoenherbe.com\/index.php\/2020\/02\/15\/semaine-7-du-projet-52-2020-porte\/","url_meta":{"origin":10151,"position":0},"title":"Semaine 7 du Projet 52-2020: Porte","author":"Jojo","date":"15 f\u00e9vrier 2020","format":false,"excerpt":"Pour la semaine 7 du Projet 52-2020 de Du c\u00f4t\u00e9 de chez Ma', le th\u00e8me est \"Porte\", ce qui me fait penser aux portes peintes de Roubion, petit village \u00e0 flanc de falaise dans l'arri\u00e8re-pays ni\u00e7ois, sur la route du Col de la Couillole dans la vall\u00e9e de la Tin\u00e9e\u2026","rel":"","context":"Dans &quot;mini photographe&quot;","block_context":{"text":"mini photographe","link":"https:\/\/www.jojoenherbe.com\/index.php\/category\/mini-photographe\/"},"img":{"alt_text":"","src":"https:\/\/i0.wp.com\/www.jojoenherbe.com\/wp-content\/uploads\/2020\/02\/Portes-peintes-de-Roubion-scaled.jpg?fit=1200%2C756&ssl=1&resize=350%2C200","width":350,"height":200,"srcset":"https:\/\/i0.wp.com\/www.jojoenherbe.com\/wp-content\/uploads\/2020\/02\/Portes-peintes-de-Roubion-scaled.jpg?fit=1200%2C756&ssl=1&resize=350%2C200 1x, https:\/\/i0.wp.com\/www.jojoenherbe.com\/wp-content\/uploads\/2020\/02\/Portes-peintes-de-Roubion-scaled.jpg?fit=1200%2C756&ssl=1&resize=525%2C300 1.5x, https:\/\/i0.wp.com\/www.jojoenherbe.com\/wp-content\/uploads\/2020\/02\/Portes-peintes-de-Roubion-scaled.jpg?fit=1200%2C756&ssl=1&resize=700%2C400 2x, https:\/\/i0.wp.com\/www.jojoenherbe.com\/wp-content\/uploads\/2020\/02\/Portes-peintes-de-Roubion-scaled.jpg?fit=1200%2C756&ssl=1&resize=1050%2C600 3x"},"classes":[]},{"id":25627,"url":"https:\/\/www.jojoenherbe.com\/index.php\/2022\/05\/21\/semaine-20-du-projet-52-2022-en-toute-transparence\/","url_meta":{"origin":10151,"position":1},"title":"Semaine 20 du Projet 52-2022: En toute transparence","author":"Jojo","date":"21 mai 2022","format":false,"excerpt":"Pour la semaine 20 du Projet 52-2022 de Du c\u00f4t\u00e9 de chez Ma\u2019, le th\u00e8me est \"En toute transparence\". J'ai tout de suite pens\u00e9 \u00e0 une balade que nous avions faite au col de la Cayolle en juillet 2015. L'eau d'un des petits lacs \u00e9tait tellement transparente que nous avions\u2026","rel":"","context":"Dans &quot;mini photographe&quot;","block_context":{"text":"mini photographe","link":"https:\/\/www.jojoenherbe.com\/index.php\/category\/mini-photographe\/"},"img":{"alt_text":"","src":"https:\/\/i0.wp.com\/www.jojoenherbe.com\/wp-content\/uploads\/2015\/07\/Col-de-la-Cayolle-9.jpg?fit=1200%2C900&ssl=1&resize=350%2C200","width":350,"height":200,"srcset":"https:\/\/i0.wp.com\/www.jojoenherbe.com\/wp-content\/uploads\/2015\/07\/Col-de-la-Cayolle-9.jpg?fit=1200%2C900&ssl=1&resize=350%2C200 1x, https:\/\/i0.wp.com\/www.jojoenherbe.com\/wp-content\/uploads\/2015\/07\/Col-de-la-Cayolle-9.jpg?fit=1200%2C900&ssl=1&resize=525%2C300 1.5x, https:\/\/i0.wp.com\/www.jojoenherbe.com\/wp-content\/uploads\/2015\/07\/Col-de-la-Cayolle-9.jpg?fit=1200%2C900&ssl=1&resize=700%2C400 2x, https:\/\/i0.wp.com\/www.jojoenherbe.com\/wp-content\/uploads\/2015\/07\/Col-de-la-Cayolle-9.jpg?fit=1200%2C900&ssl=1&resize=1050%2C600 3x"},"classes":[]},{"id":7568,"url":"https:\/\/www.jojoenherbe.com\/index.php\/2019\/09\/21\/des-champignons-au-boreon\/","url_meta":{"origin":10151,"position":2},"title":"Des champignons au Bor\u00e9on","author":"Jojo","date":"21 septembre 2019","format":false,"excerpt":"Pour cette semaine 38 du Projet 52-2019 de Du c\u00f4t\u00e9 de chez Ma', le th\u00e8me est automnal avec \"Champignon\". J'ai donc choisi une photo prise au Bor\u00e9on, le 7 septembre 2019, bien que l'automne ne commence que ce 23 septembre. Apr\u00e8s un (long) d\u00e9bat, il semble qu'il s'agisse d'un russule.\u2026","rel":"","context":"Dans &quot;mini photographe&quot;","block_context":{"text":"mini photographe","link":"https:\/\/www.jojoenherbe.com\/index.php\/category\/mini-photographe\/"},"img":{"alt_text":"","src":"https:\/\/i0.wp.com\/www.jojoenherbe.com\/wp-content\/uploads\/2019\/09\/Balade-au-Bor%C3%A9on-6.jpg?fit=900%2C1200&ssl=1&resize=350%2C200","width":350,"height":200,"srcset":"https:\/\/i0.wp.com\/www.jojoenherbe.com\/wp-content\/uploads\/2019\/09\/Balade-au-Bor%C3%A9on-6.jpg?fit=900%2C1200&ssl=1&resize=350%2C200 1x, https:\/\/i0.wp.com\/www.jojoenherbe.com\/wp-content\/uploads\/2019\/09\/Balade-au-Bor%C3%A9on-6.jpg?fit=900%2C1200&ssl=1&resize=525%2C300 1.5x, https:\/\/i0.wp.com\/www.jojoenherbe.com\/wp-content\/uploads\/2019\/09\/Balade-au-Bor%C3%A9on-6.jpg?fit=900%2C1200&ssl=1&resize=700%2C400 2x"},"classes":[]},{"id":9784,"url":"https:\/\/www.jojoenherbe.com\/index.php\/2020\/01\/25\/semaine-4-du-projet-52-2020-bulles\/","url_meta":{"origin":10151,"position":3},"title":"Semaine 4 du Projet 52-2020: Bulle(s)","author":"Jojo","date":"25 janvier 2020","format":false,"excerpt":"Pour la semaine 4 du Projet 52-2020 de Du c\u00f4t\u00e9 de chez Ma', le th\u00e8me est \"Bulle(s)\". J'ai tout de suite pens\u00e9 aux bulles de savons et aux bulles des bandes dessin\u00e9es mais aussi aux bulles de verre. Ce sont ces derni\u00e8res que j'aurai voulu choisir pour illustrer le th\u00e8me\u2026","rel":"","context":"Dans &quot;mini photographe&quot;","block_context":{"text":"mini photographe","link":"https:\/\/www.jojoenherbe.com\/index.php\/category\/mini-photographe\/"},"img":{"alt_text":"","src":"https:\/\/i0.wp.com\/www.jojoenherbe.com\/wp-content\/uploads\/2020\/01\/Jojo-Bulles-de-savon-3-scaled.jpg?fit=1200%2C607&ssl=1&resize=350%2C200","width":350,"height":200,"srcset":"https:\/\/i0.wp.com\/www.jojoenherbe.com\/wp-content\/uploads\/2020\/01\/Jojo-Bulles-de-savon-3-scaled.jpg?fit=1200%2C607&ssl=1&resize=350%2C200 1x, https:\/\/i0.wp.com\/www.jojoenherbe.com\/wp-content\/uploads\/2020\/01\/Jojo-Bulles-de-savon-3-scaled.jpg?fit=1200%2C607&ssl=1&resize=525%2C300 1.5x, https:\/\/i0.wp.com\/www.jojoenherbe.com\/wp-content\/uploads\/2020\/01\/Jojo-Bulles-de-savon-3-scaled.jpg?fit=1200%2C607&ssl=1&resize=700%2C400 2x, https:\/\/i0.wp.com\/www.jojoenherbe.com\/wp-content\/uploads\/2020\/01\/Jojo-Bulles-de-savon-3-scaled.jpg?fit=1200%2C607&ssl=1&resize=1050%2C600 3x"},"classes":[]},{"id":9902,"url":"https:\/\/www.jojoenherbe.com\/index.php\/2020\/02\/03\/semaine-5-du-projet-52-2020-boutons\/","url_meta":{"origin":10151,"position":4},"title":"Semaine 5 du Projet 52-2020: Bouton(s)","author":"Jojo","date":"3 f\u00e9vrier 2020","format":false,"excerpt":"Pour la semaine 5 du Projet 52-2020 de Du c\u00f4t\u00e9 de chez Ma', le th\u00e8me est \"Bouton(s)\". J'ai choisi d'illustrer ce th\u00e8me avec des boutons de fleur. Si si il y a encore des boutons sur cette orchis photographi\u00e9e ce 1er f\u00e9vrier 2020 pendant le rallye-d\u00e9couverte organis\u00e9 par l'association Les\u2026","rel":"","context":"Dans &quot;mini photographe&quot;","block_context":{"text":"mini photographe","link":"https:\/\/www.jojoenherbe.com\/index.php\/category\/mini-photographe\/"},"img":{"alt_text":"","src":"https:\/\/i0.wp.com\/www.jojoenherbe.com\/wp-content\/uploads\/2020\/02\/Orchys-%C3%A9tangs-de-Villepey-scaled.jpg?fit=1005%2C1200&ssl=1&resize=350%2C200","width":350,"height":200,"srcset":"https:\/\/i0.wp.com\/www.jojoenherbe.com\/wp-content\/uploads\/2020\/02\/Orchys-%C3%A9tangs-de-Villepey-scaled.jpg?fit=1005%2C1200&ssl=1&resize=350%2C200 1x, https:\/\/i0.wp.com\/www.jojoenherbe.com\/wp-content\/uploads\/2020\/02\/Orchys-%C3%A9tangs-de-Villepey-scaled.jpg?fit=1005%2C1200&ssl=1&resize=525%2C300 1.5x, https:\/\/i0.wp.com\/www.jojoenherbe.com\/wp-content\/uploads\/2020\/02\/Orchys-%C3%A9tangs-de-Villepey-scaled.jpg?fit=1005%2C1200&ssl=1&resize=700%2C400 2x"},"classes":[]},{"id":9948,"url":"https:\/\/www.jojoenherbe.com\/index.php\/2020\/02\/08\/semaine-6-du-projet-52-2020-grains\/","url_meta":{"origin":10151,"position":5},"title":"Semaine 6 du Projet 52-2020: Grain(s)","author":"Jojo","date":"8 f\u00e9vrier 2020","format":false,"excerpt":"Pour la semaine 6 du Projet 52-2020 de Du c\u00f4t\u00e9 de chez Ma', le th\u00e8me est \"Grain(s)\", ce qui me fait penser \u00e0 la Camargue avec le sable, le sel et le riz. Quelle vari\u00e9t\u00e9 de grains! J'ai donc choisi d'illustrer ce th\u00e8me avec un paysage salinier: montagnes de sel\u2026","rel":"","context":"Dans &quot;mini photographe&quot;","block_context":{"text":"mini photographe","link":"https:\/\/www.jojoenherbe.com\/index.php\/category\/mini-photographe\/"},"img":{"alt_text":"","src":"https:\/\/i0.wp.com\/www.jojoenherbe.com\/wp-content\/uploads\/2020\/02\/Salins-Camargue-scaled.jpg?fit=1200%2C800&ssl=1&resize=350%2C200","width":350,"height":200,"srcset":"https:\/\/i0.wp.com\/www.jojoenherbe.com\/wp-content\/uploads\/2020\/02\/Salins-Camargue-scaled.jpg?fit=1200%2C800&ssl=1&resize=350%2C200 1x, https:\/\/i0.wp.com\/www.jojoenherbe.com\/wp-content\/uploads\/2020\/02\/Salins-Camargue-scaled.jpg?fit=1200%2C800&ssl=1&resize=525%2C300 1.5x, https:\/\/i0.wp.com\/www.jojoenherbe.com\/wp-content\/uploads\/2020\/02\/Salins-Camargue-scaled.jpg?fit=1200%2C800&ssl=1&resize=700%2C400 2x, https:\/\/i0.wp.com\/www.jojoenherbe.com\/wp-content\/uploads\/2020\/02\/Salins-Camargue-scaled.jpg?fit=1200%2C800&ssl=1&resize=1050%2C600 3x"},"classes":[]}],"_links":{"self":[{"href":"https:\/\/www.jojoenherbe.com\/index.php\/wp-json\/wp\/v2\/posts\/10151","targetHints":{"allow":["GET"]}}],"collection":[{"href":"https:\/\/www.jojoenherbe.com\/index.php\/wp-json\/wp\/v2\/posts"}],"about":[{"href":"https:\/\/www.jojoenherbe.com\/index.php\/wp-json\/wp\/v2\/types\/post"}],"author":[{"embeddable":true,"href":"https:\/\/www.jojoenherbe.com\/index.php\/wp-json\/wp\/v2\/users\/1"}],"replies":[{"embeddable":true,"href":"https:\/\/www.jojoenherbe.com\/index.php\/wp-json\/wp\/v2\/comments?post=10151"}],"version-history":[{"count":0,"href":"https:\/\/www.jojoenherbe.com\/index.php\/wp-json\/wp\/v2\/posts\/10151\/revisions"}],"wp:featuredmedia":[{"embeddable":true,"href":"https:\/\/www.jojoenherbe.com\/index.php\/wp-json\/wp\/v2\/media\/10152"}],"wp:attachment":[{"href":"https:\/\/www.jojoenherbe.com\/index.php\/wp-json\/wp\/v2\/media?parent=10151"}],"wp:term":[{"taxonomy":"category","embeddable":true,"href":"https:\/\/www.jojoenherbe.com\/index.php\/wp-json\/wp\/v2\/categories?post=10151"},{"taxonomy":"post_tag","embeddable":true,"href":"https:\/\/www.jojoenherbe.com\/index.php\/wp-json\/wp\/v2\/tags?post=10151"}],"curies":[{"name":"wp","href":"https:\/\/api.w.org\/{rel}","templated":true}]}}