{"id":9964,"date":"2020-02-09T14:49:17","date_gmt":"2020-02-09T13:49:17","guid":{"rendered":"http:\/\/www.jojoenherbe.com\/?p=9964"},"modified":"2022-07-20T17:11:51","modified_gmt":"2022-07-20T15:11:51","slug":"au-fil-des-pages-avec-noulouk","status":"publish","type":"post","link":"http:\/\/www.jojoenherbe.com\/index.php\/2020\/02\/09\/au-fil-des-pages-avec-noulouk\/","title":{"rendered":"Au fil des pages avec Noulouk"},"content":{"rendered":"<p style=\"text-align: justify;\"><em><a href=\"https:\/\/i0.wp.com\/www.jojoenherbe.com\/wp-content\/uploads\/2020\/02\/Noulouk-2-scaled.jpg\"><img data-recalc-dims=\"1\" loading=\"lazy\" decoding=\"async\" data-attachment-id=\"9970\" data-permalink=\"http:\/\/www.jojoenherbe.com\/index.php\/2020\/02\/09\/au-fil-des-pages-avec-noulouk\/noulouk-2\/\" data-orig-file=\"https:\/\/i0.wp.com\/www.jojoenherbe.com\/wp-content\/uploads\/2020\/02\/Noulouk-2-scaled.jpg?fit=2560%2C1600\" data-orig-size=\"2560,1600\" data-comments-opened=\"1\" data-image-meta=\"{&quot;aperture&quot;:&quot;2.4&quot;,&quot;credit&quot;:&quot;&quot;,&quot;camera&quot;:&quot;iPhone 4S&quot;,&quot;caption&quot;:&quot;&quot;,&quot;created_timestamp&quot;:&quot;1581246856&quot;,&quot;copyright&quot;:&quot;&quot;,&quot;focal_length&quot;:&quot;4.28&quot;,&quot;iso&quot;:&quot;400&quot;,&quot;shutter_speed&quot;:&quot;0.05&quot;,&quot;title&quot;:&quot;&quot;,&quot;orientation&quot;:&quot;1&quot;}\" data-image-title=\"Noulouk 2\" data-image-description=\"\" data-image-caption=\"\" data-large-file=\"https:\/\/i0.wp.com\/www.jojoenherbe.com\/wp-content\/uploads\/2020\/02\/Noulouk-2-scaled.jpg?fit=676%2C423\" class=\"alignleft wp-image-9970 size-thumbnail\" src=\"https:\/\/i0.wp.com\/www.jojoenherbe.com\/wp-content\/uploads\/2020\/02\/Noulouk-2.jpg?resize=150%2C150\" alt=\"\" width=\"150\" height=\"150\" srcset=\"https:\/\/i0.wp.com\/www.jojoenherbe.com\/wp-content\/uploads\/2020\/02\/Noulouk-2-scaled.jpg?resize=150%2C150 150w, https:\/\/i0.wp.com\/www.jojoenherbe.com\/wp-content\/uploads\/2020\/02\/Noulouk-2-scaled.jpg?zoom=2&amp;resize=150%2C150 300w, https:\/\/i0.wp.com\/www.jojoenherbe.com\/wp-content\/uploads\/2020\/02\/Noulouk-2-scaled.jpg?zoom=3&amp;resize=150%2C150 450w\" sizes=\"auto, (max-width: 150px) 100vw, 150px\" \/><\/a> <a href=\"https:\/\/i0.wp.com\/www.jojoenherbe.com\/wp-content\/uploads\/2020\/02\/Noulouk-3-scaled.jpg\"><img data-recalc-dims=\"1\" loading=\"lazy\" decoding=\"async\" data-attachment-id=\"9971\" data-permalink=\"http:\/\/www.jojoenherbe.com\/index.php\/2020\/02\/09\/au-fil-des-pages-avec-noulouk\/noulouk-3\/\" data-orig-file=\"https:\/\/i0.wp.com\/www.jojoenherbe.com\/wp-content\/uploads\/2020\/02\/Noulouk-3-scaled.jpg?fit=2560%2C1685\" data-orig-size=\"2560,1685\" data-comments-opened=\"1\" data-image-meta=\"{&quot;aperture&quot;:&quot;2.4&quot;,&quot;credit&quot;:&quot;&quot;,&quot;camera&quot;:&quot;iPhone 4S&quot;,&quot;caption&quot;:&quot;&quot;,&quot;created_timestamp&quot;:&quot;1581246810&quot;,&quot;copyright&quot;:&quot;&quot;,&quot;focal_length&quot;:&quot;4.28&quot;,&quot;iso&quot;:&quot;400&quot;,&quot;shutter_speed&quot;:&quot;0.05&quot;,&quot;title&quot;:&quot;&quot;,&quot;orientation&quot;:&quot;1&quot;}\" data-image-title=\"Noulouk 3\" data-image-description=\"\" data-image-caption=\"\" data-large-file=\"https:\/\/i0.wp.com\/www.jojoenherbe.com\/wp-content\/uploads\/2020\/02\/Noulouk-3-scaled.jpg?fit=676%2C445\" class=\"alignleft size-thumbnail wp-image-9971\" src=\"https:\/\/i0.wp.com\/www.jojoenherbe.com\/wp-content\/uploads\/2020\/02\/Noulouk-3.jpg?resize=150%2C150\" alt=\"\" width=\"150\" height=\"150\" srcset=\"https:\/\/i0.wp.com\/www.jojoenherbe.com\/wp-content\/uploads\/2020\/02\/Noulouk-3-scaled.jpg?resize=150%2C150 150w, https:\/\/i0.wp.com\/www.jojoenherbe.com\/wp-content\/uploads\/2020\/02\/Noulouk-3-scaled.jpg?zoom=2&amp;resize=150%2C150 300w, https:\/\/i0.wp.com\/www.jojoenherbe.com\/wp-content\/uploads\/2020\/02\/Noulouk-3-scaled.jpg?zoom=3&amp;resize=150%2C150 450w\" sizes=\"auto, (max-width: 150px) 100vw, 150px\" \/><\/a>Nous empruntons \u00e0 la m\u00e9diath\u00e8que <span style=\"text-decoration: underline;\">Noulouk<\/span> d&rsquo;Agn\u00e8s Bertron-Martin et Gwen Keraval (\u00e9d. Flammarion, coll. Les albums du P\u00e8re Castor, 2010), un album jeunesse \u00e0 partir de 3 ans. Un jeune esquimau, \u00a0Noulouk vit dans la banquise dans le respect de la Nature, en pr\u00e9servant l&rsquo;\u00e9quilibre de ses \u00e9l\u00e9ments comme le feu, le vent et l&rsquo;eau. D\u00e9sormais pr\u00eat \u00e0 conduire seul le tra\u00eeneau aux douze chiens, il part rejoindre son amoureuse, Anouk qui vit de l&rsquo;autre c\u00f4t\u00e9 de la banquise. \u00a0Mais trois monstres l&rsquo;attendent sur le trajet: la Sorci\u00e8re Glac\u00e9e, \u00a0le Morse G\u00e9ant et le Dragon qui Souffle le Froid. Courageux et rus\u00e9, parviendra-t-il \u00e0 surmonter ces \u00e9preuves (de l&rsquo;Amour?)? Il pourra compter sur la Nature protectrice. Ce conte joliment illustr\u00e9 aborde les th\u00e8mes du courage, de l&rsquo;amour, de l&rsquo;\u00e9cologie et de l&rsquo;autonomie sous un angle fantastique et magique. Un tr\u00e8s bon moment de lecture!<\/em><\/p>\n<div style=\"width: 122px\" class=\"wp-caption alignleft\"><img data-recalc-dims=\"1\" loading=\"lazy\" decoding=\"async\" class=\"\" src=\"https:\/\/i0.wp.com\/delivrer-des-livres.fr\/wp-content\/uploads\/2019\/05\/logoalbums2019.png?resize=112%2C112\" alt=\"\" width=\"112\" height=\"112\" \/><p class=\"wp-caption-text\">Participation #147 <a href=\"http:\/\/delivrer-des-livres.fr\/challenge-albums-2019\/\">Je lis aussi des albums<\/a><\/p><\/div>\n<div id=\"attachment_10219\" style=\"width: 108px\" class=\"wp-caption alignleft\"><img data-recalc-dims=\"1\" loading=\"lazy\" decoding=\"async\" aria-describedby=\"caption-attachment-10219\" data-attachment-id=\"10219\" data-permalink=\"http:\/\/www.jojoenherbe.com\/index.php\/2020\/03\/02\/au-fil-des-pages-avec-lievre-et-ours-sous-la-neige\/lievre-et-ours-sous-la-neige\/\" data-orig-file=\"https:\/\/i0.wp.com\/www.jojoenherbe.com\/wp-content\/uploads\/2020\/03\/Li%C3%A8vre-et-Ours-sous-la-neige-scaled.jpg?fit=2560%2C1892\" data-orig-size=\"2560,1892\" data-comments-opened=\"1\" data-image-meta=\"{&quot;aperture&quot;:&quot;2.4&quot;,&quot;credit&quot;:&quot;&quot;,&quot;camera&quot;:&quot;iPhone 4S&quot;,&quot;caption&quot;:&quot;&quot;,&quot;created_timestamp&quot;:&quot;1583147305&quot;,&quot;copyright&quot;:&quot;&quot;,&quot;focal_length&quot;:&quot;4.28&quot;,&quot;iso&quot;:&quot;640&quot;,&quot;shutter_speed&quot;:&quot;0.066666666666667&quot;,&quot;title&quot;:&quot;&quot;,&quot;orientation&quot;:&quot;1&quot;}\" data-image-title=\"Li\u00e8vre et Ours, sous la neige\" data-image-description=\"\" data-image-caption=\"\" data-large-file=\"https:\/\/i0.wp.com\/www.jojoenherbe.com\/wp-content\/uploads\/2020\/03\/Li%C3%A8vre-et-Ours-sous-la-neige-scaled.jpg?fit=676%2C500\" class=\"wp-image-10219\" src=\"https:\/\/i0.wp.com\/mapetitemediatheque.fr\/wp-content\/uploads\/2018\/11\/challenge-contes-et-l%C3%A9gendes.jpg?resize=98%2C123\" sizes=\"auto, (max-width: 343px) 100vw, 343px\" srcset=\"http:\/\/mapetitemediatheque.fr\/wp-content\/uploads\/2018\/11\/challenge-contes-et-l\u00e9gendes.jpg 343w, http:\/\/mapetitemediatheque.fr\/wp-content\/uploads\/2018\/11\/challenge-contes-et-l\u00e9gendes-239x300.jpg 239w\" alt=\"\" width=\"98\" height=\"123\" \/><p id=\"caption-attachment-10219\" class=\"wp-caption-text\">Participation #9 Contes &amp; L\u00e9gendes 2020 de <a href=\"http:\/\/mapetitemediatheque.fr\/2020\/01\/challenge-contes-et-legendes-2020\/\">Bidib<\/a><\/p><\/div>\n<div style=\"width: 122px\" class=\"wp-caption alignleft\"><img loading=\"lazy\" decoding=\"async\" class=\"\" src=\"https:\/\/lh3.googleusercontent.com\/yeyHsyE8ePB9xQx2t9obPo4nIUGeuGsS-P1wwGiEip3f9lcFED23VkM1Pr5hYoy4puCex2GzVOyZNHjl5qeUnhImyiKFqwfTaONmF_HEc7SEvgxhr1eZXuJ6zzg9JfEY4XADWBPBCxMLePs3HiWfgCjRFVaAIkiQhaX8RGfOMzZhoMNQUFFuWlglQGRva5RIkSFvo7nk3yMWVz4PgUXBK3Uof2Hf073K4C6YvQC1u6gRN2BCr4tNyqitAlYfULcqVlua9UK9L5kLVOZWs2-xrAzDf1K3rxU8pxE6Fdm1EI8_YbPW09CsTNa9CW1z0lvieJ6Ify6BbltA9XBnOC99XwB4E833hDdb9KWRbKTb8bwsVGIAFF1x2JkOCAWTkq3OtXJmlgaccySEr2PvCr9rzIA4GtrzB04GpU7RNPlnkfNDjtPoy6UR5nf5SD-RQvfrkHaKDQocAHpi1MoHr0bWF4h3F08r5y_TM01DqKXAgeInHehhuxNBZ4LGs7Emk2ol6RPfVd4UEj0916JVKRknXSsSbJG_50ptPlCGTOdHDTOUMc6x63Wp68_DnNhG9qn5FPKuDHhZvC008a4nifQFWuKVT6HvqNgW-LcvXb0wnjbSwgS8qwHb3LtHJj3uAe971aQRDPkS146UchPgCLNczeUje4Y3YFpuV4P1KYu67RSdAOITJNzzSRO2Dycc1PCqSdc7IoPwLu0-aT-FJ0m-KvlkUQLXoamPhl2WKbODyZSfc5ZT=w285-h217-no\" alt=\"\" width=\"112\" height=\"85\" \/><p class=\"wp-caption-text\"><a href=\"https:\/\/ennalit.wordpress.com\/2019\/12\/01\/challenge-petit-bac-2020-qui-veut-jouer\/\">Challenge Petit Bac d&rsquo;Enna<\/a> #3 Cat\u00e9gorie Pr\u00e9nom: \u00ab\u00a0Noulouk\u00a0\u00bb<\/p><\/div>\n","protected":false},"excerpt":{"rendered":"<p>Nous empruntons \u00e0 la m\u00e9diath\u00e8que Noulouk d&rsquo;Agn\u00e8s Bertron-Martin et Gwen Keraval (\u00e9d. Flammarion, coll. Les albums du P\u00e8re Castor, 2010), un album jeunesse \u00e0 partir de 3 ans. Un jeune esquimau, \u00a0Noulouk vit dans la banquise dans le respect de la Nature, en pr\u00e9servant l&rsquo;\u00e9quilibre de ses \u00e9l\u00e9ments comme le feu, le vent et l&rsquo;eau. [&hellip;]<\/p>\n","protected":false},"author":1,"featured_media":9972,"comment_status":"open","ping_status":"open","sticky":false,"template":"","format":"standard","meta":{"jetpack_post_was_ever_published":false,"_jetpack_newsletter_access":"","_jetpack_dont_email_post_to_subs":false,"_jetpack_newsletter_tier_id":0,"_jetpack_memberships_contains_paywalled_content":false,"_jetpack_memberships_contains_paid_content":false,"footnotes":""},"categories":[363],"tags":[785,1249,409,777,742,601,387,1365,1352,245,987,901,464,1178,1248,1247,1250,1350,367,1016,770,523,543,340],"class_list":["post-9964","post","type-post","status-publish","format-standard","has-post-thumbnail","hentry","category-mini-lecteur","tag-3-6-ans","tag-agnes-bertron-martin","tag-albums-jeunesse","tag-amour","tag-autonomie","tag-aventure","tag-banquise","tag-challenge-contes-et-legendes-2020","tag-challenge-petit-bac-2020","tag-contes","tag-contes-modernes","tag-courage","tag-dragon","tag-ecologie","tag-epreuve","tag-esquimau","tag-gwen-keraval","tag-je-lis-aussi-des-albums-2019","tag-lecture-jeunesse","tag-lectures-dhiver","tag-monstre","tag-morse","tag-nature","tag-sorciere","post-preview"],"jetpack_featured_media_url":"https:\/\/i0.wp.com\/www.jojoenherbe.com\/wp-content\/uploads\/2020\/02\/Noulouk-scaled.jpg?fit=2560%2C1920","jetpack_sharing_enabled":true,"jetpack_shortlink":"https:\/\/wp.me\/p9zhGx-2AI","jetpack_likes_enabled":true,"jetpack-related-posts":[{"id":12580,"url":"http:\/\/www.jojoenherbe.com\/index.php\/2020\/10\/01\/notre-selection-sorcieres-pour-le-challenge-halloween\/","url_meta":{"origin":9964,"position":0},"title":"Notre s\u00e9lection \u00ab\u00a0Sorci\u00e8res\u00a0\u00bb pour le Challenge Halloween","author":"Jojo","date":"1 octobre 2020","format":false,"excerpt":"Ce 1er octobre 2020, Hilde, Grande Sorci\u00e8re et coorganisatrice du Challenge Halloween pour sa 11\u00e8me \u00e9dition, a propos\u00e9 une superbe actualisation de son billet sp\u00e9cial Sorci\u00e8re et nous propose d'en faire un \u00e0 notre tour. Sit\u00f4t vu sit\u00f4t fait d'autant que cette ann\u00e9e j'ai d\u00e9j\u00e0 mis dans notre PAL de\u2026","rel":"","context":"Dans &quot;Mini challenger&quot;","block_context":{"text":"Mini challenger","link":"http:\/\/www.jojoenherbe.com\/index.php\/category\/mini-challenger\/"},"img":{"alt_text":"","src":"https:\/\/i0.wp.com\/www.jojoenherbe.com\/wp-content\/uploads\/2020\/10\/Billet-Sorciere-scaled.jpg?fit=1200%2C947&resize=350%2C200","width":350,"height":200,"srcset":"https:\/\/i0.wp.com\/www.jojoenherbe.com\/wp-content\/uploads\/2020\/10\/Billet-Sorciere-scaled.jpg?fit=1200%2C947&resize=350%2C200 1x, https:\/\/i0.wp.com\/www.jojoenherbe.com\/wp-content\/uploads\/2020\/10\/Billet-Sorciere-scaled.jpg?fit=1200%2C947&resize=525%2C300 1.5x, https:\/\/i0.wp.com\/www.jojoenherbe.com\/wp-content\/uploads\/2020\/10\/Billet-Sorciere-scaled.jpg?fit=1200%2C947&resize=700%2C400 2x, https:\/\/i0.wp.com\/www.jojoenherbe.com\/wp-content\/uploads\/2020\/10\/Billet-Sorciere-scaled.jpg?fit=1200%2C947&resize=1050%2C600 3x"},"classes":[]},{"id":5369,"url":"http:\/\/www.jojoenherbe.com\/index.php\/2019\/04\/02\/au-fil-des-pages-avec-banquise-blues\/","url_meta":{"origin":9964,"position":1},"title":"Au fil des pages avec Banquise blues","author":"Jojo","date":"2 avril 2019","format":false,"excerpt":"Un vrai petit r\u00e9gal que Banquise Blues de Jory John et Lane Smith (\u00e9d. Gallimard Jeunesse, 2018), un album jeunesse \u00e0 partir de 3 ans et qui a fait partie de la s\u00e9lection CP du 31e Prix des Incos en 2020. Nous lisons cet album jeunesse avec beaucoup de rire\u2026","rel":"","context":"Dans &quot;Mini lecteur&quot;","block_context":{"text":"Mini lecteur","link":"http:\/\/www.jojoenherbe.com\/index.php\/category\/mini-lecteur\/"},"img":{"alt_text":"","src":"https:\/\/i0.wp.com\/www.jojoenherbe.com\/wp-content\/uploads\/2019\/04\/Banquise-Blues-1-scaled.jpg?fit=1200%2C900&resize=350%2C200","width":350,"height":200,"srcset":"https:\/\/i0.wp.com\/www.jojoenherbe.com\/wp-content\/uploads\/2019\/04\/Banquise-Blues-1-scaled.jpg?fit=1200%2C900&resize=350%2C200 1x, https:\/\/i0.wp.com\/www.jojoenherbe.com\/wp-content\/uploads\/2019\/04\/Banquise-Blues-1-scaled.jpg?fit=1200%2C900&resize=525%2C300 1.5x, https:\/\/i0.wp.com\/www.jojoenherbe.com\/wp-content\/uploads\/2019\/04\/Banquise-Blues-1-scaled.jpg?fit=1200%2C900&resize=700%2C400 2x, https:\/\/i0.wp.com\/www.jojoenherbe.com\/wp-content\/uploads\/2019\/04\/Banquise-Blues-1-scaled.jpg?fit=1200%2C900&resize=1050%2C600 3x"},"classes":[]},{"id":12062,"url":"http:\/\/www.jojoenherbe.com\/index.php\/2020\/09\/01\/le-mois-des-contes-et-legendes-en-septembre-2020\/","url_meta":{"origin":9964,"position":2},"title":"Le mois des contes et l\u00e9gendes en septembre 2020","author":"Jojo","date":"1 septembre 2020","format":false,"excerpt":"Un mois de septembre 2020 s'annonce bien charg\u00e9 pour moi c\u00f4t\u00e9 challenges livresques. En plus d'\u00eatre le Mois Am\u00e9ricain, c'est aussi le Mois des Contes et L\u00e9gendes avec Bidib et son challenge Contes et L\u00e9gendes, un challenge qui me tient particuli\u00e8rement \u00e0 c\u0153ur comme celui de No\u00ebl. Bidib nous propose\u2026","rel":"","context":"Dans &quot;Mini challenger&quot;","block_context":{"text":"Mini challenger","link":"http:\/\/www.jojoenherbe.com\/index.php\/category\/mini-challenger\/"},"img":{"alt_text":"","src":"https:\/\/i0.wp.com\/www.jojoenherbe.com\/wp-content\/uploads\/2020\/09\/PAL-Le-mois-des-contes-et-legendes-2020-scaled.jpg?fit=1200%2C848&resize=350%2C200","width":350,"height":200,"srcset":"https:\/\/i0.wp.com\/www.jojoenherbe.com\/wp-content\/uploads\/2020\/09\/PAL-Le-mois-des-contes-et-legendes-2020-scaled.jpg?fit=1200%2C848&resize=350%2C200 1x, https:\/\/i0.wp.com\/www.jojoenherbe.com\/wp-content\/uploads\/2020\/09\/PAL-Le-mois-des-contes-et-legendes-2020-scaled.jpg?fit=1200%2C848&resize=525%2C300 1.5x, https:\/\/i0.wp.com\/www.jojoenherbe.com\/wp-content\/uploads\/2020\/09\/PAL-Le-mois-des-contes-et-legendes-2020-scaled.jpg?fit=1200%2C848&resize=700%2C400 2x, https:\/\/i0.wp.com\/www.jojoenherbe.com\/wp-content\/uploads\/2020\/09\/PAL-Le-mois-des-contes-et-legendes-2020-scaled.jpg?fit=1200%2C848&resize=1050%2C600 3x"},"classes":[]},{"id":12350,"url":"http:\/\/www.jojoenherbe.com\/index.php\/2020\/09\/27\/au-fil-des-pages-avec-les-trois-grains-de-riz\/","url_meta":{"origin":9964,"position":3},"title":"Au fil des pages avec Les trois grains de riz","author":"Jojo","date":"27 septembre 2020","format":false,"excerpt":"Nous lisons et relisons Les trois grains de riz d'Agn\u00e8s Bertron-Martin et Virginie Sanchez (\u00e9d. Flammarion, coll. P\u00e8re Castor, 2002), un album jeunesse \u00e0 partir de 3 ans et qui a \u00e9t\u00e9 laur\u00e9at de la s\u00e9lection CE1 du 15\u00e8me Prix des Incos en 2004. Petite S\u0153ur Li se rend au\u2026","rel":"","context":"Dans &quot;Mini lecteur&quot;","block_context":{"text":"Mini lecteur","link":"http:\/\/www.jojoenherbe.com\/index.php\/category\/mini-lecteur\/"},"img":{"alt_text":"","src":"https:\/\/i0.wp.com\/www.jojoenherbe.com\/wp-content\/uploads\/2020\/09\/Les-trois-grains-de-riz-scaled.jpg?fit=1200%2C900&resize=350%2C200","width":350,"height":200,"srcset":"https:\/\/i0.wp.com\/www.jojoenherbe.com\/wp-content\/uploads\/2020\/09\/Les-trois-grains-de-riz-scaled.jpg?fit=1200%2C900&resize=350%2C200 1x, https:\/\/i0.wp.com\/www.jojoenherbe.com\/wp-content\/uploads\/2020\/09\/Les-trois-grains-de-riz-scaled.jpg?fit=1200%2C900&resize=525%2C300 1.5x, https:\/\/i0.wp.com\/www.jojoenherbe.com\/wp-content\/uploads\/2020\/09\/Les-trois-grains-de-riz-scaled.jpg?fit=1200%2C900&resize=700%2C400 2x, https:\/\/i0.wp.com\/www.jojoenherbe.com\/wp-content\/uploads\/2020\/09\/Les-trois-grains-de-riz-scaled.jpg?fit=1200%2C900&resize=1050%2C600 3x"},"classes":[]},{"id":12156,"url":"http:\/\/www.jojoenherbe.com\/index.php\/2021\/03\/15\/au-fil-des-pages-avec-la-femme-phoque\/","url_meta":{"origin":9964,"position":4},"title":"Au fil des pages avec La femme phoque","author":"Jojo","date":"15 mars 2021","format":false,"excerpt":"Dans le cadre de son challenge Contes et L\u00e9gendes, Bidib propose un th\u00e8me facultatif pour mars 2021, les contes et l\u00e9gendes d'Am\u00e9rique qui m'inspirent moins que les contes en cuisine du mois pr\u00e9c\u00e9dent. Je me suis toutefois rappel\u00e9e avoir lu il y a quelques mois une l\u00e9gende inuite que je\u2026","rel":"","context":"Dans &quot;Mini lecteur&quot;","block_context":{"text":"Mini lecteur","link":"http:\/\/www.jojoenherbe.com\/index.php\/category\/mini-lecteur\/"},"img":{"alt_text":"","src":"https:\/\/i0.wp.com\/www.jojoenherbe.com\/wp-content\/uploads\/2021\/03\/La-femme-phoque-scaled.jpg?fit=1200%2C911&resize=350%2C200","width":350,"height":200,"srcset":"https:\/\/i0.wp.com\/www.jojoenherbe.com\/wp-content\/uploads\/2021\/03\/La-femme-phoque-scaled.jpg?fit=1200%2C911&resize=350%2C200 1x, https:\/\/i0.wp.com\/www.jojoenherbe.com\/wp-content\/uploads\/2021\/03\/La-femme-phoque-scaled.jpg?fit=1200%2C911&resize=525%2C300 1.5x, https:\/\/i0.wp.com\/www.jojoenherbe.com\/wp-content\/uploads\/2021\/03\/La-femme-phoque-scaled.jpg?fit=1200%2C911&resize=700%2C400 2x, https:\/\/i0.wp.com\/www.jojoenherbe.com\/wp-content\/uploads\/2021\/03\/La-femme-phoque-scaled.jpg?fit=1200%2C911&resize=1050%2C600 3x"},"classes":[]},{"id":23884,"url":"http:\/\/www.jojoenherbe.com\/index.php\/2022\/02\/04\/au-fil-des-pages-avec-kiki-fait-des-crepes\/","url_meta":{"origin":9964,"position":5},"title":"Au fil des pages avec Kiki fait des cr\u00eapes","author":"Jojo","date":"4 f\u00e9vrier 2022","format":false,"excerpt":"Dans la s\u00e9rie livresque Kiki, King de la banquise, nous relisons cette ann\u00e9e pour la chandeleur Kiki fait des cr\u00eapes de Vincent Malone et Jean-Louis Cornalba (\u00e9d. Seuil Jeunesse, 2015), un album jeunesse \u00e0 partir de 3\/4 ans. Kiki organise une cr\u00eape party chez lui et a invit\u00e9 ses camarades\u2026","rel":"","context":"Dans &quot;Mini lecteur&quot;","block_context":{"text":"Mini lecteur","link":"http:\/\/www.jojoenherbe.com\/index.php\/category\/mini-lecteur\/"},"img":{"alt_text":"","src":"https:\/\/i0.wp.com\/www.jojoenherbe.com\/wp-content\/uploads\/2022\/02\/Kiki-fait-des-crepes-scaled.jpg?fit=1200%2C911&resize=350%2C200","width":350,"height":200,"srcset":"https:\/\/i0.wp.com\/www.jojoenherbe.com\/wp-content\/uploads\/2022\/02\/Kiki-fait-des-crepes-scaled.jpg?fit=1200%2C911&resize=350%2C200 1x, https:\/\/i0.wp.com\/www.jojoenherbe.com\/wp-content\/uploads\/2022\/02\/Kiki-fait-des-crepes-scaled.jpg?fit=1200%2C911&resize=525%2C300 1.5x, https:\/\/i0.wp.com\/www.jojoenherbe.com\/wp-content\/uploads\/2022\/02\/Kiki-fait-des-crepes-scaled.jpg?fit=1200%2C911&resize=700%2C400 2x, https:\/\/i0.wp.com\/www.jojoenherbe.com\/wp-content\/uploads\/2022\/02\/Kiki-fait-des-crepes-scaled.jpg?fit=1200%2C911&resize=1050%2C600 3x"},"classes":[]}],"_links":{"self":[{"href":"http:\/\/www.jojoenherbe.com\/index.php\/wp-json\/wp\/v2\/posts\/9964","targetHints":{"allow":["GET"]}}],"collection":[{"href":"http:\/\/www.jojoenherbe.com\/index.php\/wp-json\/wp\/v2\/posts"}],"about":[{"href":"http:\/\/www.jojoenherbe.com\/index.php\/wp-json\/wp\/v2\/types\/post"}],"author":[{"embeddable":true,"href":"http:\/\/www.jojoenherbe.com\/index.php\/wp-json\/wp\/v2\/users\/1"}],"replies":[{"embeddable":true,"href":"http:\/\/www.jojoenherbe.com\/index.php\/wp-json\/wp\/v2\/comments?post=9964"}],"version-history":[{"count":1,"href":"http:\/\/www.jojoenherbe.com\/index.php\/wp-json\/wp\/v2\/posts\/9964\/revisions"}],"predecessor-version":[{"id":26619,"href":"http:\/\/www.jojoenherbe.com\/index.php\/wp-json\/wp\/v2\/posts\/9964\/revisions\/26619"}],"wp:featuredmedia":[{"embeddable":true,"href":"http:\/\/www.jojoenherbe.com\/index.php\/wp-json\/wp\/v2\/media\/9972"}],"wp:attachment":[{"href":"http:\/\/www.jojoenherbe.com\/index.php\/wp-json\/wp\/v2\/media?parent=9964"}],"wp:term":[{"taxonomy":"category","embeddable":true,"href":"http:\/\/www.jojoenherbe.com\/index.php\/wp-json\/wp\/v2\/categories?post=9964"},{"taxonomy":"post_tag","embeddable":true,"href":"http:\/\/www.jojoenherbe.com\/index.php\/wp-json\/wp\/v2\/tags?post=9964"}],"curies":[{"name":"wp","href":"https:\/\/api.w.org\/{rel}","templated":true}]}}