{"id":9941,"date":"2020-02-10T22:35:48","date_gmt":"2020-02-10T21:35:48","guid":{"rendered":"http:\/\/www.jojoenherbe.com\/?p=9941"},"modified":"2022-01-14T12:23:48","modified_gmt":"2022-01-14T11:23:48","slug":"au-fil-des-pages-avec-vol-a-venise","status":"publish","type":"post","link":"http:\/\/www.jojoenherbe.com\/index.php\/2020\/02\/10\/au-fil-des-pages-avec-vol-a-venise\/","title":{"rendered":"Au fil des pages avec Vol \u00e0 Venise"},"content":{"rendered":"<p style=\"text-align: justify;\"><a href=\"https:\/\/i0.wp.com\/www.jojoenherbe.com\/wp-content\/uploads\/2020\/02\/Vol-%C3%A0-Venise-2-scaled.jpg\"><img data-recalc-dims=\"1\" loading=\"lazy\" decoding=\"async\" data-attachment-id=\"9943\" data-permalink=\"http:\/\/www.jojoenherbe.com\/index.php\/2020\/02\/10\/au-fil-des-pages-avec-vol-a-venise\/vol-a-venise-2\/\" data-orig-file=\"https:\/\/i0.wp.com\/www.jojoenherbe.com\/wp-content\/uploads\/2020\/02\/Vol-%C3%A0-Venise-2-scaled.jpg?fit=2560%2C1545\" data-orig-size=\"2560,1545\" data-comments-opened=\"1\" data-image-meta=\"{&quot;aperture&quot;:&quot;2.4&quot;,&quot;credit&quot;:&quot;&quot;,&quot;camera&quot;:&quot;iPhone 4S&quot;,&quot;caption&quot;:&quot;&quot;,&quot;created_timestamp&quot;:&quot;1581092732&quot;,&quot;copyright&quot;:&quot;&quot;,&quot;focal_length&quot;:&quot;4.28&quot;,&quot;iso&quot;:&quot;320&quot;,&quot;shutter_speed&quot;:&quot;0.05&quot;,&quot;title&quot;:&quot;&quot;,&quot;orientation&quot;:&quot;1&quot;}\" data-image-title=\"Vol \u00e0 Venise 2\" data-image-description=\"\" data-image-caption=\"\" data-large-file=\"https:\/\/i0.wp.com\/www.jojoenherbe.com\/wp-content\/uploads\/2020\/02\/Vol-%C3%A0-Venise-2-scaled.jpg?fit=676%2C408\" class=\"alignleft size-thumbnail wp-image-9943\" src=\"https:\/\/i0.wp.com\/www.jojoenherbe.com\/wp-content\/uploads\/2020\/02\/Vol-%C3%A0-Venise-2.jpg?resize=150%2C150\" alt=\"\" width=\"150\" height=\"150\" srcset=\"https:\/\/i0.wp.com\/www.jojoenherbe.com\/wp-content\/uploads\/2020\/02\/Vol-%C3%A0-Venise-2-scaled.jpg?resize=150%2C150 150w, https:\/\/i0.wp.com\/www.jojoenherbe.com\/wp-content\/uploads\/2020\/02\/Vol-%C3%A0-Venise-2-scaled.jpg?zoom=2&amp;resize=150%2C150 300w, https:\/\/i0.wp.com\/www.jojoenherbe.com\/wp-content\/uploads\/2020\/02\/Vol-%C3%A0-Venise-2-scaled.jpg?zoom=3&amp;resize=150%2C150 450w\" sizes=\"auto, (max-width: 150px) 100vw, 150px\" \/><\/a><em><a href=\"https:\/\/i0.wp.com\/www.jojoenherbe.com\/wp-content\/uploads\/2020\/02\/Vol-%C3%A0-Venise-3-scaled.jpg\"><img data-recalc-dims=\"1\" loading=\"lazy\" decoding=\"async\" data-attachment-id=\"9980\" data-permalink=\"http:\/\/www.jojoenherbe.com\/index.php\/2020\/02\/10\/au-fil-des-pages-avec-vol-a-venise\/vol-a-venise-3\/\" data-orig-file=\"https:\/\/i0.wp.com\/www.jojoenherbe.com\/wp-content\/uploads\/2020\/02\/Vol-%C3%A0-Venise-3-scaled.jpg?fit=2560%2C1658\" data-orig-size=\"2560,1658\" data-comments-opened=\"1\" data-image-meta=\"{&quot;aperture&quot;:&quot;2.4&quot;,&quot;credit&quot;:&quot;&quot;,&quot;camera&quot;:&quot;iPhone 4S&quot;,&quot;caption&quot;:&quot;&quot;,&quot;created_timestamp&quot;:&quot;1581182865&quot;,&quot;copyright&quot;:&quot;&quot;,&quot;focal_length&quot;:&quot;4.28&quot;,&quot;iso&quot;:&quot;500&quot;,&quot;shutter_speed&quot;:&quot;0.066666666666667&quot;,&quot;title&quot;:&quot;&quot;,&quot;orientation&quot;:&quot;1&quot;}\" data-image-title=\"Vol \u00e0 Venise 3\" data-image-description=\"\" data-image-caption=\"\" data-large-file=\"https:\/\/i0.wp.com\/www.jojoenherbe.com\/wp-content\/uploads\/2020\/02\/Vol-%C3%A0-Venise-3-scaled.jpg?fit=676%2C438\" class=\"alignleft wp-image-9980 size-thumbnail\" src=\"https:\/\/i0.wp.com\/www.jojoenherbe.com\/wp-content\/uploads\/2020\/02\/Vol-%C3%A0-Venise-3.jpg?resize=150%2C150\" alt=\"\" width=\"150\" height=\"150\" srcset=\"https:\/\/i0.wp.com\/www.jojoenherbe.com\/wp-content\/uploads\/2020\/02\/Vol-%C3%A0-Venise-3-scaled.jpg?resize=150%2C150 150w, https:\/\/i0.wp.com\/www.jojoenherbe.com\/wp-content\/uploads\/2020\/02\/Vol-%C3%A0-Venise-3-scaled.jpg?zoom=2&amp;resize=150%2C150 300w, https:\/\/i0.wp.com\/www.jojoenherbe.com\/wp-content\/uploads\/2020\/02\/Vol-%C3%A0-Venise-3-scaled.jpg?zoom=3&amp;resize=150%2C150 450w\" sizes=\"auto, (max-width: 150px) 100vw, 150px\" \/><\/a>Nous empruntons \u00e0 la biblioth\u00e8que <span style=\"text-decoration: underline;\">Vol \u00e0 Venise<\/span> de G\u00e9raldine Elschner et Anja Klauss (\u00e9d. L&rsquo;\u00e9lan vert, 2011), un album jeunesse \u00e0 partir de 3 ans. Pendant le carnaval de Venise, trois grands oiseaux peuvent se glisser parmi les hommes (et les femmes) pour profiter de la f\u00eate. De son c\u00f4t\u00e9, Paolo Bello, l&rsquo;homme le plus riche de la ville, se r\u00e9jouit de porter sa couronne orn\u00e9e de pierres pr\u00e9cieuses. Mais cette derni\u00e8re lui est vol\u00e9e et m\u00eame \u00e0 deux reprises. La couronne sera-t-elle retrouv\u00e9e intacte? <\/em><\/p>\n<p style=\"text-align: justify;\"><em>Avec des destins crois\u00e9s, c&rsquo;est un conte joliment illustr\u00e9 par Anja Klauss dont nous avions beaucoup appr\u00e9ci\u00e9 <a href=\"http:\/\/www.jojoenherbe.com\/index.php\/2019\/12\/11\/au-fil-des-pages-avec-debout-cest-noel\/\"><span style=\"text-decoration: underline;\">Debout, c&rsquo;est No\u00ebl<\/span><\/a>. Le vol de cette couronne est pr\u00e9texte \u00e0 d\u00e9couvrir de fa\u00e7on originale Venise, ses ruelles et son carnaval masqu\u00e9 mais pas seulement puisque la fin de l&rsquo;histoire se termine \u00e0 P\u00e2ques. Mais j&rsquo;en ai d\u00e9j\u00e0 trop dit. Un tr\u00e8s bon moment de lecture avant de profiter \u00e0 notre tour de ces festivit\u00e9s, que ce soit le carnaval et ses bugnes ou plus tard, les \u0153ufs de P\u00e2ques!<br \/>\n<\/em><\/p>\n<div style=\"width: 133px\" class=\"wp-caption alignleft\"><img data-recalc-dims=\"1\" loading=\"lazy\" decoding=\"async\" class=\"\" src=\"https:\/\/i0.wp.com\/delivrer-des-livres.fr\/wp-content\/uploads\/2019\/05\/logoalbums2019.png?resize=123%2C123\" alt=\"\" width=\"123\" height=\"123\" \/><p class=\"wp-caption-text\">Participation #148 <a href=\"http:\/\/delivrer-des-livres.fr\/challenge-albums-2019\/\">Je lis aussi des albums<\/a><\/p><\/div>\n<div id=\"attachment_10219\" style=\"width: 121px\" class=\"wp-caption alignleft\"><img data-recalc-dims=\"1\" loading=\"lazy\" decoding=\"async\" aria-describedby=\"caption-attachment-10219\" data-attachment-id=\"10219\" data-permalink=\"http:\/\/www.jojoenherbe.com\/index.php\/2020\/03\/02\/au-fil-des-pages-avec-lievre-et-ours-sous-la-neige\/lievre-et-ours-sous-la-neige\/\" data-orig-file=\"https:\/\/i0.wp.com\/www.jojoenherbe.com\/wp-content\/uploads\/2020\/03\/Li%C3%A8vre-et-Ours-sous-la-neige-scaled.jpg?fit=2560%2C1892\" data-orig-size=\"2560,1892\" data-comments-opened=\"1\" data-image-meta=\"{&quot;aperture&quot;:&quot;2.4&quot;,&quot;credit&quot;:&quot;&quot;,&quot;camera&quot;:&quot;iPhone 4S&quot;,&quot;caption&quot;:&quot;&quot;,&quot;created_timestamp&quot;:&quot;1583147305&quot;,&quot;copyright&quot;:&quot;&quot;,&quot;focal_length&quot;:&quot;4.28&quot;,&quot;iso&quot;:&quot;640&quot;,&quot;shutter_speed&quot;:&quot;0.066666666666667&quot;,&quot;title&quot;:&quot;&quot;,&quot;orientation&quot;:&quot;1&quot;}\" data-image-title=\"Li\u00e8vre et Ours, sous la neige\" data-image-description=\"\" data-image-caption=\"\" data-large-file=\"https:\/\/i0.wp.com\/www.jojoenherbe.com\/wp-content\/uploads\/2020\/03\/Li%C3%A8vre-et-Ours-sous-la-neige-scaled.jpg?fit=676%2C500\" class=\"wp-image-10219\" src=\"https:\/\/i0.wp.com\/mapetitemediatheque.fr\/wp-content\/uploads\/2018\/11\/challenge-contes-et-l%C3%A9gendes.jpg?resize=111%2C139\" sizes=\"auto, (max-width: 343px) 100vw, 343px\" srcset=\"http:\/\/mapetitemediatheque.fr\/wp-content\/uploads\/2018\/11\/challenge-contes-et-l\u00e9gendes.jpg 343w, http:\/\/mapetitemediatheque.fr\/wp-content\/uploads\/2018\/11\/challenge-contes-et-l\u00e9gendes-239x300.jpg 239w\" alt=\"\" width=\"111\" height=\"139\" \/><p id=\"caption-attachment-10219\" class=\"wp-caption-text\">Participation #10 Contes &amp; L\u00e9gendes 2020 de <a href=\"http:\/\/mapetitemediatheque.fr\/2020\/01\/challenge-contes-et-legendes-2020\/\">Bidib<\/a><\/p><\/div>\n<div style=\"width: 134px\" class=\"wp-caption alignleft\"><img loading=\"lazy\" decoding=\"async\" class=\"\" src=\"https:\/\/lh3.googleusercontent.com\/yeyHsyE8ePB9xQx2t9obPo4nIUGeuGsS-P1wwGiEip3f9lcFED23VkM1Pr5hYoy4puCex2GzVOyZNHjl5qeUnhImyiKFqwfTaONmF_HEc7SEvgxhr1eZXuJ6zzg9JfEY4XADWBPBCxMLePs3HiWfgCjRFVaAIkiQhaX8RGfOMzZhoMNQUFFuWlglQGRva5RIkSFvo7nk3yMWVz4PgUXBK3Uof2Hf073K4C6YvQC1u6gRN2BCr4tNyqitAlYfULcqVlua9UK9L5kLVOZWs2-xrAzDf1K3rxU8pxE6Fdm1EI8_YbPW09CsTNa9CW1z0lvieJ6Ify6BbltA9XBnOC99XwB4E833hDdb9KWRbKTb8bwsVGIAFF1x2JkOCAWTkq3OtXJmlgaccySEr2PvCr9rzIA4GtrzB04GpU7RNPlnkfNDjtPoy6UR5nf5SD-RQvfrkHaKDQocAHpi1MoHr0bWF4h3F08r5y_TM01DqKXAgeInHehhuxNBZ4LGs7Emk2ol6RPfVd4UEj0916JVKRknXSsSbJG_50ptPlCGTOdHDTOUMc6x63Wp68_DnNhG9qn5FPKuDHhZvC008a4nifQFWuKVT6HvqNgW-LcvXb0wnjbSwgS8qwHb3LtHJj3uAe971aQRDPkS146UchPgCLNczeUje4Y3YFpuV4P1KYu67RSdAOITJNzzSRO2Dycc1PCqSdc7IoPwLu0-aT-FJ0m-KvlkUQLXoamPhl2WKbODyZSfc5ZT=w285-h217-no\" alt=\"\" width=\"124\" height=\"94\" \/><p class=\"wp-caption-text\"><a href=\"https:\/\/ennalit.wordpress.com\/2019\/12\/01\/challenge-petit-bac-2020-qui-veut-jouer\/\">Challenge Petit Bac d&rsquo;Enna<\/a> #2 Cat\u00e9gorie Crimes et Justice: \u00ab\u00a0Vol\u00a0\u00bb<\/p><\/div>\n","protected":false},"excerpt":{"rendered":"<p>Nous empruntons \u00e0 la biblioth\u00e8que Vol \u00e0 Venise de G\u00e9raldine Elschner et Anja Klauss (\u00e9d. L&rsquo;\u00e9lan vert, 2011), un album jeunesse \u00e0 partir de 3 ans. Pendant le carnaval de Venise, trois grands oiseaux peuvent se glisser parmi les hommes (et les femmes) pour profiter de la f\u00eate. De son c\u00f4t\u00e9, Paolo Bello, l&rsquo;homme le [&hellip;]<\/p>\n","protected":false},"author":1,"featured_media":9944,"comment_status":"open","ping_status":"open","sticky":false,"template":"","format":"standard","meta":{"jetpack_post_was_ever_published":false,"_jetpack_newsletter_access":"","_jetpack_dont_email_post_to_subs":false,"_jetpack_newsletter_tier_id":0,"_jetpack_memberships_contains_paywalled_content":false,"_jetpack_memberships_contains_paid_content":false,"footnotes":""},"categories":[363],"tags":[785,409,1238,1234,1365,1352,245,914,1237,1350,367,1239,775,1251,188,1235,1236],"class_list":["post-9941","post","type-post","status-publish","format-standard","has-post-thumbnail","hentry","category-mini-lecteur","tag-3-6-ans","tag-albums-jeunesse","tag-anja-klauss","tag-carnaval","tag-challenge-contes-et-legendes-2020","tag-challenge-petit-bac-2020","tag-contes","tag-enquete","tag-geraldine-elschner","tag-je-lis-aussi-des-albums-2019","tag-lecture-jeunesse","tag-lectures-de-paques","tag-legendes","tag-oeufs-de-paques","tag-paques","tag-venise","tag-vol","post-preview"],"jetpack_featured_media_url":"https:\/\/i0.wp.com\/www.jojoenherbe.com\/wp-content\/uploads\/2020\/02\/Vol-%C3%A0-Venise-scaled.jpg?fit=2560%2C2154","jetpack_sharing_enabled":true,"jetpack_shortlink":"https:\/\/wp.me\/p9zhGx-2Al","jetpack_likes_enabled":true,"jetpack-related-posts":[{"id":24147,"url":"http:\/\/www.jojoenherbe.com\/index.php\/2022\/03\/01\/au-fil-des-pages-avec-le-carnaval-des-insectes\/","url_meta":{"origin":9941,"position":0},"title":"Au fil des pages avec Le carnaval des insectes","author":"Jojo","date":"1 mars 2022","format":false,"excerpt":"Pour le carnaval et Mardi-Gras, nous lisons cette ann\u00e9e Le carnaval des insectes d'H\u00e9l\u00e8ne Rajcak et Damien Laverdunt (\u00e9d. Actes Sud Junior, 2016), un album jeunesse en accord\u00e9on \u00e0 partir de 2\/3 ans. En d\u00e9pliant le livre, une immense frise appara\u00eet o\u00f9 se c\u00f4toient de nombreux carnavals, parades et d\u00e9fil\u00e9s\u2026","rel":"","context":"Dans &quot;Mini lecteur&quot;","block_context":{"text":"Mini lecteur","link":"http:\/\/www.jojoenherbe.com\/index.php\/category\/mini-lecteur\/"},"img":{"alt_text":"","src":"https:\/\/i0.wp.com\/www.jojoenherbe.com\/wp-content\/uploads\/2022\/03\/Le-carnaval-des-insectes-scaled.jpg?fit=1200%2C900&resize=350%2C200","width":350,"height":200,"srcset":"https:\/\/i0.wp.com\/www.jojoenherbe.com\/wp-content\/uploads\/2022\/03\/Le-carnaval-des-insectes-scaled.jpg?fit=1200%2C900&resize=350%2C200 1x, https:\/\/i0.wp.com\/www.jojoenherbe.com\/wp-content\/uploads\/2022\/03\/Le-carnaval-des-insectes-scaled.jpg?fit=1200%2C900&resize=525%2C300 1.5x, https:\/\/i0.wp.com\/www.jojoenherbe.com\/wp-content\/uploads\/2022\/03\/Le-carnaval-des-insectes-scaled.jpg?fit=1200%2C900&resize=700%2C400 2x, https:\/\/i0.wp.com\/www.jojoenherbe.com\/wp-content\/uploads\/2022\/03\/Le-carnaval-des-insectes-scaled.jpg?fit=1200%2C900&resize=1050%2C600 3x"},"classes":[]},{"id":11783,"url":"http:\/\/www.jojoenherbe.com\/index.php\/2020\/08\/25\/au-fil-des-pages-avec-le-souffleur-de-reves\/","url_meta":{"origin":9941,"position":1},"title":"Au fil des pages avec Le souffleur de r\u00eaves","author":"Jojo","date":"25 ao\u00fbt 2020","format":false,"excerpt":"J'emprunte \u00e0 la m\u00e9diath\u00e8que Le souffleur de r\u00eaves de Bernard Villiot et Thibault Prugne (\u00e9d. Gautier-Languereau, 2015), un album jeunesse \u00e0 partir de 6 ans. Au Nord de Venise, sur l'\u00eele de Murano, Zorzi, un jeune orphelin devient apprenti souffleur de verre d'un ma\u00eetre-verrier. Mais bless\u00e9 et devenu infirme le\u2026","rel":"","context":"Dans &quot;Mini lecteur&quot;","block_context":{"text":"Mini lecteur","link":"http:\/\/www.jojoenherbe.com\/index.php\/category\/mini-lecteur\/"},"img":{"alt_text":"","src":"https:\/\/i0.wp.com\/www.jojoenherbe.com\/wp-content\/uploads\/2020\/08\/Le-souffleur-de-reves-scaled.jpg?fit=1130%2C1200&resize=350%2C200","width":350,"height":200,"srcset":"https:\/\/i0.wp.com\/www.jojoenherbe.com\/wp-content\/uploads\/2020\/08\/Le-souffleur-de-reves-scaled.jpg?fit=1130%2C1200&resize=350%2C200 1x, https:\/\/i0.wp.com\/www.jojoenherbe.com\/wp-content\/uploads\/2020\/08\/Le-souffleur-de-reves-scaled.jpg?fit=1130%2C1200&resize=525%2C300 1.5x, https:\/\/i0.wp.com\/www.jojoenherbe.com\/wp-content\/uploads\/2020\/08\/Le-souffleur-de-reves-scaled.jpg?fit=1130%2C1200&resize=700%2C400 2x, https:\/\/i0.wp.com\/www.jojoenherbe.com\/wp-content\/uploads\/2020\/08\/Le-souffleur-de-reves-scaled.jpg?fit=1130%2C1200&resize=1050%2C600 3x"},"classes":[]},{"id":17158,"url":"http:\/\/www.jojoenherbe.com\/index.php\/2021\/04\/09\/au-fil-des-pages-avec-une-surprise-pour-paques\/","url_meta":{"origin":9941,"position":2},"title":"Au fil des pages avec Une surprise pour P\u00e2ques","author":"Jojo","date":"9 avril 2021","format":false,"excerpt":"Nous empruntons \u00e0 la m\u00e9diath\u00e8que Une surprise pour P\u00e2ques de Nancy E. Walker-Guye et Igor Ole\u00efnikov (\u00e9d. Nord-Sud, 2005), un album jeunesse \u00e0 partir de 3 ans. C'est le grand jour pour le Lapin de P\u00e2ques qui part cacher tous les \u0153ufs multicolores qu'il a fini de fabriquer la veille\u2026","rel":"","context":"Dans &quot;Mini lecteur&quot;","block_context":{"text":"Mini lecteur","link":"http:\/\/www.jojoenherbe.com\/index.php\/category\/mini-lecteur\/"},"img":{"alt_text":"","src":"https:\/\/i0.wp.com\/www.jojoenherbe.com\/wp-content\/uploads\/2021\/04\/Une-surprise-pour-Paques-scaled.jpg?fit=1200%2C784&resize=350%2C200","width":350,"height":200,"srcset":"https:\/\/i0.wp.com\/www.jojoenherbe.com\/wp-content\/uploads\/2021\/04\/Une-surprise-pour-Paques-scaled.jpg?fit=1200%2C784&resize=350%2C200 1x, https:\/\/i0.wp.com\/www.jojoenherbe.com\/wp-content\/uploads\/2021\/04\/Une-surprise-pour-Paques-scaled.jpg?fit=1200%2C784&resize=525%2C300 1.5x, https:\/\/i0.wp.com\/www.jojoenherbe.com\/wp-content\/uploads\/2021\/04\/Une-surprise-pour-Paques-scaled.jpg?fit=1200%2C784&resize=700%2C400 2x, https:\/\/i0.wp.com\/www.jojoenherbe.com\/wp-content\/uploads\/2021\/04\/Une-surprise-pour-Paques-scaled.jpg?fit=1200%2C784&resize=1050%2C600 3x"},"classes":[]},{"id":5522,"url":"http:\/\/www.jojoenherbe.com\/index.php\/2020\/04\/14\/au-fil-des-pages-avec-penelope-la-poule-de-paques\/","url_meta":{"origin":9941,"position":3},"title":"Au fil des pages avec P\u00e9n\u00e9lope la poule de P\u00e2ques","author":"Jojo","date":"14 avril 2020","format":false,"excerpt":"J'avais emprunt\u00e9 \u00e0 la m\u00e9diath\u00e8que, l'ann\u00e9e derni\u00e8re pour P\u00e2ques, P\u00e9n\u00e9lope la poule de P\u00e2ques d'Hubert Ben Kemoun et St\u00e9phane Girel (\u00e9d. P\u00e8re Castor Flammarion, 1998), un album jeunesse \u00e0 partir de 3 ans. Lors de la chasse aux \u0153ufs, P\u00e9n\u00e9lope, une petite poule en chocolat s'est si bien cach\u00e9e pour\u2026","rel":"","context":"Dans &quot;Mini lecteur&quot;","block_context":{"text":"Mini lecteur","link":"http:\/\/www.jojoenherbe.com\/index.php\/category\/mini-lecteur\/"},"img":{"alt_text":"","src":"https:\/\/i0.wp.com\/www.jojoenherbe.com\/wp-content\/uploads\/2020\/04\/P%C3%A9n%C3%A9lope-la-poule-de-P%C3%A2ques-scaled.jpg?fit=1078%2C1200&resize=350%2C200","width":350,"height":200,"srcset":"https:\/\/i0.wp.com\/www.jojoenherbe.com\/wp-content\/uploads\/2020\/04\/P%C3%A9n%C3%A9lope-la-poule-de-P%C3%A2ques-scaled.jpg?fit=1078%2C1200&resize=350%2C200 1x, https:\/\/i0.wp.com\/www.jojoenherbe.com\/wp-content\/uploads\/2020\/04\/P%C3%A9n%C3%A9lope-la-poule-de-P%C3%A2ques-scaled.jpg?fit=1078%2C1200&resize=525%2C300 1.5x, https:\/\/i0.wp.com\/www.jojoenherbe.com\/wp-content\/uploads\/2020\/04\/P%C3%A9n%C3%A9lope-la-poule-de-P%C3%A2ques-scaled.jpg?fit=1078%2C1200&resize=700%2C400 2x, https:\/\/i0.wp.com\/www.jojoenherbe.com\/wp-content\/uploads\/2020\/04\/P%C3%A9n%C3%A9lope-la-poule-de-P%C3%A2ques-scaled.jpg?fit=1078%2C1200&resize=1050%2C600 3x"},"classes":[]},{"id":24954,"url":"http:\/\/www.jojoenherbe.com\/index.php\/2022\/04\/14\/au-fil-des-pages-avec-le-tome-16-de-rita-et-machin\/","url_meta":{"origin":9941,"position":4},"title":"Au fil des pages avec le tome 16 de Rita et Machin","author":"Jojo","date":"14 avril 2022","format":false,"excerpt":"Nous relisons pour P\u00e2ques cette ann\u00e9e Joyeuses P\u00e2ques Rita et Machin de Jean-Philippe Arrou-Vignod et Olivier Tallec (\u00e9d. Gallimard Jeunesse, 2013), un album jeunesse \u00e0 partir de 4 ans que nous avions emprunt\u00e9 l'ann\u00e9e derni\u00e8re pour P\u00e2ques \u00e0 la m\u00e9diath\u00e8que et qui a fini par rejoindre nos biblioth\u00e8ques. Il s'agit\u2026","rel":"","context":"Dans &quot;Mini lecteur&quot;","block_context":{"text":"Mini lecteur","link":"http:\/\/www.jojoenherbe.com\/index.php\/category\/mini-lecteur\/"},"img":{"alt_text":"","src":"https:\/\/i0.wp.com\/www.jojoenherbe.com\/wp-content\/uploads\/2022\/04\/Joyeuses-Paques-Rita-et-Machin-scaled.jpg?fit=1200%2C900&resize=350%2C200","width":350,"height":200,"srcset":"https:\/\/i0.wp.com\/www.jojoenherbe.com\/wp-content\/uploads\/2022\/04\/Joyeuses-Paques-Rita-et-Machin-scaled.jpg?fit=1200%2C900&resize=350%2C200 1x, https:\/\/i0.wp.com\/www.jojoenherbe.com\/wp-content\/uploads\/2022\/04\/Joyeuses-Paques-Rita-et-Machin-scaled.jpg?fit=1200%2C900&resize=525%2C300 1.5x, https:\/\/i0.wp.com\/www.jojoenherbe.com\/wp-content\/uploads\/2022\/04\/Joyeuses-Paques-Rita-et-Machin-scaled.jpg?fit=1200%2C900&resize=700%2C400 2x, https:\/\/i0.wp.com\/www.jojoenherbe.com\/wp-content\/uploads\/2022\/04\/Joyeuses-Paques-Rita-et-Machin-scaled.jpg?fit=1200%2C900&resize=1050%2C600 3x"},"classes":[]},{"id":17320,"url":"http:\/\/www.jojoenherbe.com\/index.php\/2021\/04\/13\/au-fil-des-pages-avec-flocon-et-le-lapin-de-paques\/","url_meta":{"origin":9941,"position":5},"title":"Au fil des pages avec Flocon et le lapin de P\u00e2ques","author":"Jojo","date":"13 avril 2021","format":false,"excerpt":"Lors du week-end de P\u00e2ques, nous avons lu Flocon et le lapin de P\u00e2ques de Kathrin Siegenthaler et Marcus Pfister (\u00e9d. NordSud, 1993), un album jeunesse \u00e0 partir de 3 ans. Flocon, un petit lapin des neiges d\u00e9cide de devenir le Lapin de P\u00e2ques pour distribuer les \u0153ufs aux enfants.\u2026","rel":"","context":"Dans &quot;Mini lecteur&quot;","block_context":{"text":"Mini lecteur","link":"http:\/\/www.jojoenherbe.com\/index.php\/category\/mini-lecteur\/"},"img":{"alt_text":"","src":"https:\/\/i0.wp.com\/www.jojoenherbe.com\/wp-content\/uploads\/2021\/04\/Flocon-et-le-lapin-de-Paques-scaled.jpg?fit=1200%2C900&resize=350%2C200","width":350,"height":200,"srcset":"https:\/\/i0.wp.com\/www.jojoenherbe.com\/wp-content\/uploads\/2021\/04\/Flocon-et-le-lapin-de-Paques-scaled.jpg?fit=1200%2C900&resize=350%2C200 1x, https:\/\/i0.wp.com\/www.jojoenherbe.com\/wp-content\/uploads\/2021\/04\/Flocon-et-le-lapin-de-Paques-scaled.jpg?fit=1200%2C900&resize=525%2C300 1.5x, https:\/\/i0.wp.com\/www.jojoenherbe.com\/wp-content\/uploads\/2021\/04\/Flocon-et-le-lapin-de-Paques-scaled.jpg?fit=1200%2C900&resize=700%2C400 2x, https:\/\/i0.wp.com\/www.jojoenherbe.com\/wp-content\/uploads\/2021\/04\/Flocon-et-le-lapin-de-Paques-scaled.jpg?fit=1200%2C900&resize=1050%2C600 3x"},"classes":[]}],"_links":{"self":[{"href":"http:\/\/www.jojoenherbe.com\/index.php\/wp-json\/wp\/v2\/posts\/9941","targetHints":{"allow":["GET"]}}],"collection":[{"href":"http:\/\/www.jojoenherbe.com\/index.php\/wp-json\/wp\/v2\/posts"}],"about":[{"href":"http:\/\/www.jojoenherbe.com\/index.php\/wp-json\/wp\/v2\/types\/post"}],"author":[{"embeddable":true,"href":"http:\/\/www.jojoenherbe.com\/index.php\/wp-json\/wp\/v2\/users\/1"}],"replies":[{"embeddable":true,"href":"http:\/\/www.jojoenherbe.com\/index.php\/wp-json\/wp\/v2\/comments?post=9941"}],"version-history":[{"count":0,"href":"http:\/\/www.jojoenherbe.com\/index.php\/wp-json\/wp\/v2\/posts\/9941\/revisions"}],"wp:featuredmedia":[{"embeddable":true,"href":"http:\/\/www.jojoenherbe.com\/index.php\/wp-json\/wp\/v2\/media\/9944"}],"wp:attachment":[{"href":"http:\/\/www.jojoenherbe.com\/index.php\/wp-json\/wp\/v2\/media?parent=9941"}],"wp:term":[{"taxonomy":"category","embeddable":true,"href":"http:\/\/www.jojoenherbe.com\/index.php\/wp-json\/wp\/v2\/categories?post=9941"},{"taxonomy":"post_tag","embeddable":true,"href":"http:\/\/www.jojoenherbe.com\/index.php\/wp-json\/wp\/v2\/tags?post=9941"}],"curies":[{"name":"wp","href":"https:\/\/api.w.org\/{rel}","templated":true}]}}