{"id":9934,"date":"2020-02-07T22:04:07","date_gmt":"2020-02-07T21:04:07","guid":{"rendered":"http:\/\/www.jojoenherbe.com\/?p=9934"},"modified":"2021-07-27T22:50:15","modified_gmt":"2021-07-27T20:50:15","slug":"au-fil-des-pages-avec-lievre-et-ours-cest-a-moi","status":"publish","type":"post","link":"http:\/\/www.jojoenherbe.com\/index.php\/2020\/02\/07\/au-fil-des-pages-avec-lievre-et-ours-cest-a-moi\/","title":{"rendered":"Au fil des pages avec Li\u00e8vre et Ours, c&rsquo;est \u00e0 moi!"},"content":{"rendered":"<p style=\"text-align: justify;\"><em><a href=\"https:\/\/i0.wp.com\/www.jojoenherbe.com\/wp-content\/uploads\/2020\/02\/Li%C3%A8vre-et-Ours-cest-%C3%A0-moi-2-scaled.jpg\"><img data-recalc-dims=\"1\" loading=\"lazy\" decoding=\"async\" data-attachment-id=\"9935\" data-permalink=\"http:\/\/www.jojoenherbe.com\/index.php\/2020\/02\/07\/au-fil-des-pages-avec-lievre-et-ours-cest-a-moi\/lievre-et-ours-cest-a-moi-2\/\" data-orig-file=\"https:\/\/i0.wp.com\/www.jojoenherbe.com\/wp-content\/uploads\/2020\/02\/Li%C3%A8vre-et-Ours-cest-%C3%A0-moi-2-scaled.jpg?fit=2560%2C1440\" data-orig-size=\"2560,1440\" data-comments-opened=\"1\" data-image-meta=\"{&quot;aperture&quot;:&quot;2.4&quot;,&quot;credit&quot;:&quot;&quot;,&quot;camera&quot;:&quot;iPhone 4S&quot;,&quot;caption&quot;:&quot;&quot;,&quot;created_timestamp&quot;:&quot;1581102214&quot;,&quot;copyright&quot;:&quot;&quot;,&quot;focal_length&quot;:&quot;4.28&quot;,&quot;iso&quot;:&quot;400&quot;,&quot;shutter_speed&quot;:&quot;0.066666666666667&quot;,&quot;title&quot;:&quot;&quot;,&quot;orientation&quot;:&quot;1&quot;}\" data-image-title=\"Li\u00e8vre et Ours, c&amp;rsquo;est \u00e0 moi! 2\" data-image-description=\"\" data-image-caption=\"\" data-large-file=\"https:\/\/i0.wp.com\/www.jojoenherbe.com\/wp-content\/uploads\/2020\/02\/Li%C3%A8vre-et-Ours-cest-%C3%A0-moi-2-scaled.jpg?fit=676%2C380\" class=\"alignleft size-thumbnail wp-image-9935\" src=\"https:\/\/i0.wp.com\/www.jojoenherbe.com\/wp-content\/uploads\/2020\/02\/Li%C3%A8vre-et-Ours-cest-%C3%A0-moi-2.jpg?resize=150%2C150\" alt=\"\" width=\"150\" height=\"150\" srcset=\"https:\/\/i0.wp.com\/www.jojoenherbe.com\/wp-content\/uploads\/2020\/02\/Li%C3%A8vre-et-Ours-cest-%C3%A0-moi-2-scaled.jpg?resize=150%2C150 150w, https:\/\/i0.wp.com\/www.jojoenherbe.com\/wp-content\/uploads\/2020\/02\/Li%C3%A8vre-et-Ours-cest-%C3%A0-moi-2-scaled.jpg?zoom=2&amp;resize=150%2C150 300w, https:\/\/i0.wp.com\/www.jojoenherbe.com\/wp-content\/uploads\/2020\/02\/Li%C3%A8vre-et-Ours-cest-%C3%A0-moi-2-scaled.jpg?zoom=3&amp;resize=150%2C150 450w\" sizes=\"auto, (max-width: 150px) 100vw, 150px\" \/><\/a> <a href=\"https:\/\/i0.wp.com\/www.jojoenherbe.com\/wp-content\/uploads\/2020\/02\/Li%C3%A8vre-et-Ours-cest-%C3%A0-moi-3-scaled.jpg\"><img data-recalc-dims=\"1\" loading=\"lazy\" decoding=\"async\" data-attachment-id=\"9936\" data-permalink=\"http:\/\/www.jojoenherbe.com\/index.php\/2020\/02\/07\/au-fil-des-pages-avec-lievre-et-ours-cest-a-moi\/lievre-et-ours-cest-a-moi-3\/\" data-orig-file=\"https:\/\/i0.wp.com\/www.jojoenherbe.com\/wp-content\/uploads\/2020\/02\/Li%C3%A8vre-et-Ours-cest-%C3%A0-moi-3-scaled.jpg?fit=2560%2C1456\" data-orig-size=\"2560,1456\" data-comments-opened=\"1\" data-image-meta=\"{&quot;aperture&quot;:&quot;2.4&quot;,&quot;credit&quot;:&quot;&quot;,&quot;camera&quot;:&quot;iPhone 4S&quot;,&quot;caption&quot;:&quot;&quot;,&quot;created_timestamp&quot;:&quot;1581102271&quot;,&quot;copyright&quot;:&quot;&quot;,&quot;focal_length&quot;:&quot;4.28&quot;,&quot;iso&quot;:&quot;400&quot;,&quot;shutter_speed&quot;:&quot;0.066666666666667&quot;,&quot;title&quot;:&quot;&quot;,&quot;orientation&quot;:&quot;1&quot;}\" data-image-title=\"Li\u00e8vre et Ours, c&amp;rsquo;est \u00e0 moi! 3\" data-image-description=\"\" data-image-caption=\"\" data-large-file=\"https:\/\/i0.wp.com\/www.jojoenherbe.com\/wp-content\/uploads\/2020\/02\/Li%C3%A8vre-et-Ours-cest-%C3%A0-moi-3-scaled.jpg?fit=676%2C385\" class=\"alignleft size-thumbnail wp-image-9936\" src=\"https:\/\/i0.wp.com\/www.jojoenherbe.com\/wp-content\/uploads\/2020\/02\/Li%C3%A8vre-et-Ours-cest-%C3%A0-moi-3.jpg?resize=150%2C150\" alt=\"\" width=\"150\" height=\"150\" srcset=\"https:\/\/i0.wp.com\/www.jojoenherbe.com\/wp-content\/uploads\/2020\/02\/Li%C3%A8vre-et-Ours-cest-%C3%A0-moi-3-scaled.jpg?resize=150%2C150 150w, https:\/\/i0.wp.com\/www.jojoenherbe.com\/wp-content\/uploads\/2020\/02\/Li%C3%A8vre-et-Ours-cest-%C3%A0-moi-3-scaled.jpg?zoom=2&amp;resize=150%2C150 300w, https:\/\/i0.wp.com\/www.jojoenherbe.com\/wp-content\/uploads\/2020\/02\/Li%C3%A8vre-et-Ours-cest-%C3%A0-moi-3-scaled.jpg?zoom=3&amp;resize=150%2C150 450w\" sizes=\"auto, (max-width: 150px) 100vw, 150px\" \/><\/a>Nous empruntons \u00e0 la m\u00e9diath\u00e8que une nouvelle histoire de <span style=\"text-decoration: underline;\">Li\u00e8vre et Ours, c&rsquo;est \u00e0 moi!<\/span> d&rsquo;Emily Gravett (\u00e9d. Kal\u00e9idoscope, l&rsquo;\u00e9cole des loisirs, 2016), un album jeunesse \u00e0 partir de 2\/3 ans. C&rsquo;est encore <\/em><span class=\"\"><em>une chouette et dr\u00f4le histoire concoct\u00e9e avec malice par Emily Gravett, une autrice que nous appr\u00e9cions beaucoup. Li\u00e8vre et Ours forment toujours un duo attachant, m\u00eame si Ours doit faire preuve de patience face \u00e0 Li\u00e8vre qui refuse cat\u00e9goriquement de partager, que ce soit un fleur ou un ballon. Leur amiti\u00e9 sera-t-elle plus forte? Li\u00e8vre parviendra-t-il \u00e0 comprendre l&rsquo;importance du partage? <\/em><\/span><\/p>\n<p style=\"text-align: justify;\"><span class=\"\"><em>Les illustrations sont toujours aussi soign\u00e9es et jolies comme dans les autres albums d&rsquo;Emily Gravett. Li\u00e8vre et Ours sont tr\u00e8s expressifs pour la plus grande joie du jeune lecteur, comme dans <a href=\"http:\/\/www.jojoenherbe.com\/index.php\/2020\/01\/10\/au-fil-des-pages-avec-lievre-et-ours-ou-est-ours\/\"><span style=\"text-decoration: underline;\">Li\u00e8vre et Ours, o\u00f9 est Ours?<\/span><\/a> que nous avons lu et relu. La chute est toute mignonne, l&rsquo;autrice s&rsquo;amusant \u00e0 d\u00e9cliner le \u00ab\u00a0c&rsquo;est \u00e0 moi\u00a0\u00bb du tout-petit &#8211; euh de Li\u00e8vre et le \u00ab\u00a0ce n&rsquo;est pas grave\u00a0\u00bb du parent &#8211; euh d&rsquo;Ours. Je sais, cette derni\u00e8re phrase n&rsquo;est pas vraiment bienveillante mais l\u00e0 ce n&rsquo;est pas grave. Rires assur\u00e9s \u00e0 la lecture! Encore un coup de c\u0153ur!<\/em><br \/>\n<\/span><\/p>\n<div style=\"width: 144px\" class=\"wp-caption alignleft\"><img data-recalc-dims=\"1\" loading=\"lazy\" decoding=\"async\" class=\"\" src=\"https:\/\/i0.wp.com\/delivrer-des-livres.fr\/wp-content\/uploads\/2019\/05\/logoalbums2019.png?resize=134%2C134\" alt=\"\" width=\"134\" height=\"134\" \/><p class=\"wp-caption-text\">Participation #146 <a href=\"http:\/\/delivrer-des-livres.fr\/challenge-albums-2019\/\">Je lis aussi des albums<\/a><\/p><\/div>\n<div style=\"width: 156px\" class=\"wp-caption alignleft\"><img loading=\"lazy\" decoding=\"async\" class=\"\" src=\"https:\/\/lh3.googleusercontent.com\/yeyHsyE8ePB9xQx2t9obPo4nIUGeuGsS-P1wwGiEip3f9lcFED23VkM1Pr5hYoy4puCex2GzVOyZNHjl5qeUnhImyiKFqwfTaONmF_HEc7SEvgxhr1eZXuJ6zzg9JfEY4XADWBPBCxMLePs3HiWfgCjRFVaAIkiQhaX8RGfOMzZhoMNQUFFuWlglQGRva5RIkSFvo7nk3yMWVz4PgUXBK3Uof2Hf073K4C6YvQC1u6gRN2BCr4tNyqitAlYfULcqVlua9UK9L5kLVOZWs2-xrAzDf1K3rxU8pxE6Fdm1EI8_YbPW09CsTNa9CW1z0lvieJ6Ify6BbltA9XBnOC99XwB4E833hDdb9KWRbKTb8bwsVGIAFF1x2JkOCAWTkq3OtXJmlgaccySEr2PvCr9rzIA4GtrzB04GpU7RNPlnkfNDjtPoy6UR5nf5SD-RQvfrkHaKDQocAHpi1MoHr0bWF4h3F08r5y_TM01DqKXAgeInHehhuxNBZ4LGs7Emk2ol6RPfVd4UEj0916JVKRknXSsSbJG_50ptPlCGTOdHDTOUMc6x63Wp68_DnNhG9qn5FPKuDHhZvC008a4nifQFWuKVT6HvqNgW-LcvXb0wnjbSwgS8qwHb3LtHJj3uAe971aQRDPkS146UchPgCLNczeUje4Y3YFpuV4P1KYu67RSdAOITJNzzSRO2Dycc1PCqSdc7IoPwLu0-aT-FJ0m-KvlkUQLXoamPhl2WKbODyZSfc5ZT=w285-h217-no\" alt=\"\" width=\"146\" height=\"111\" \/><p class=\"wp-caption-text\"><a href=\"https:\/\/ennalit.wordpress.com\/2019\/12\/01\/challenge-petit-bac-2020-qui-veut-jouer\/\">Challenge Petit Bac d&rsquo;Enna<\/a> #3 Cat\u00e9gorie Lieu: \u00ab\u00a0Moi\u00a0\u00bb (localit\u00e9 de Norv\u00e8ge)<\/p><\/div>\n","protected":false},"excerpt":{"rendered":"<p>Nous empruntons \u00e0 la m\u00e9diath\u00e8que une nouvelle histoire de Li\u00e8vre et Ours, c&rsquo;est \u00e0 moi! d&rsquo;Emily Gravett (\u00e9d. Kal\u00e9idoscope, l&rsquo;\u00e9cole des loisirs, 2016), un album jeunesse \u00e0 partir de 2\/3 ans. C&rsquo;est encore une chouette et dr\u00f4le histoire concoct\u00e9e avec malice par Emily Gravett, une autrice que nous appr\u00e9cions beaucoup. Li\u00e8vre et Ours forment toujours [&hellip;]<\/p>\n","protected":false},"author":1,"featured_media":9937,"comment_status":"open","ping_status":"open","sticky":false,"template":"","format":"standard","meta":{"jetpack_post_was_ever_published":false,"_jetpack_newsletter_access":"","_jetpack_dont_email_post_to_subs":false,"_jetpack_newsletter_tier_id":0,"_jetpack_memberships_contains_paywalled_content":false,"_jetpack_memberships_contains_paid_content":false,"footnotes":""},"categories":[363],"tags":[787,501,409,386,1352,960,1000,1350,452,367,828,527,366,451],"class_list":["post-9934","post","type-post","status-publish","format-standard","has-post-thumbnail","hentry","category-mini-lecteur","tag-2-5-ans","tag-abeille","tag-albums-jeunesse","tag-amitie","tag-challenge-petit-bac-2020","tag-dispute","tag-emily-gravett","tag-je-lis-aussi-des-albums-2019","tag-jeux-denfants","tag-lecture-jeunesse","tag-lievre","tag-miel","tag-ours","tag-partage","post-preview"],"jetpack_featured_media_url":"https:\/\/i0.wp.com\/www.jojoenherbe.com\/wp-content\/uploads\/2020\/02\/Li%C3%A8vre-et-Ours-cest-%C3%A0-moi-scaled.jpg?fit=2560%2C1894","jetpack_sharing_enabled":true,"jetpack_shortlink":"https:\/\/wp.me\/p9zhGx-2Ae","jetpack_likes_enabled":true,"jetpack-related-posts":[{"id":10214,"url":"http:\/\/www.jojoenherbe.com\/index.php\/2020\/03\/02\/au-fil-des-pages-avec-lievre-et-ours-sous-la-neige\/","url_meta":{"origin":9934,"position":0},"title":"Au fil des pages avec Li\u00e8vre et Ours, sous la neige","author":"Jojo","date":"2 mars 2020","format":false,"excerpt":"Nous empruntons \u00e0 la m\u00e9diath\u00e8que une nouvelle histoire de Li\u00e8vre et Ours, sous la neige d'Emily Gravett (\u00e9d. Kal\u00e9idoscope, 2015), un album jeunesse \u00e0 partir de 2\/3 ans et qui vient compl\u00e9ter nos lectures hivernales. Cette fois-ci, Li\u00e8vre et Ours s'amusent dans la neige. Li\u00e8vre s'amuse comme un fou alors\u2026","rel":"","context":"Dans &quot;Mini lecteur&quot;","block_context":{"text":"Mini lecteur","link":"http:\/\/www.jojoenherbe.com\/index.php\/category\/mini-lecteur\/"},"img":{"alt_text":"","src":"https:\/\/i0.wp.com\/www.jojoenherbe.com\/wp-content\/uploads\/2020\/03\/Li%C3%A8vre-et-Ours-sous-la-neige-scaled.jpg?fit=1200%2C887&resize=350%2C200","width":350,"height":200,"srcset":"https:\/\/i0.wp.com\/www.jojoenherbe.com\/wp-content\/uploads\/2020\/03\/Li%C3%A8vre-et-Ours-sous-la-neige-scaled.jpg?fit=1200%2C887&resize=350%2C200 1x, https:\/\/i0.wp.com\/www.jojoenherbe.com\/wp-content\/uploads\/2020\/03\/Li%C3%A8vre-et-Ours-sous-la-neige-scaled.jpg?fit=1200%2C887&resize=525%2C300 1.5x, https:\/\/i0.wp.com\/www.jojoenherbe.com\/wp-content\/uploads\/2020\/03\/Li%C3%A8vre-et-Ours-sous-la-neige-scaled.jpg?fit=1200%2C887&resize=700%2C400 2x, https:\/\/i0.wp.com\/www.jojoenherbe.com\/wp-content\/uploads\/2020\/03\/Li%C3%A8vre-et-Ours-sous-la-neige-scaled.jpg?fit=1200%2C887&resize=1050%2C600 3x"},"classes":[]},{"id":9536,"url":"http:\/\/www.jojoenherbe.com\/index.php\/2020\/01\/10\/au-fil-des-pages-avec-lievre-et-ours-ou-est-ours\/","url_meta":{"origin":9934,"position":1},"title":"Au fil des pages avec Li\u00e8vre et Ours: o\u00f9 est Ours?","author":"Jojo","date":"10 janvier 2020","format":false,"excerpt":"Nous lisons r\u00e9guli\u00e8rement, depuis les vacances de No\u00ebl, Li\u00e8vre et Ours: o\u00f9 est Ours? d'Emily Gravett (\u00e9d. Kal\u00e9idoscope, 2016), un album jeunesse \u00e0 partir de 3 ans voire m\u00eame avant. Il s'agit d'une histoire toute rigolote de cache-cache entre Li\u00e8vre et Ours, deux amis ins\u00e9parables. Ce duo imagin\u00e9 par Emily\u2026","rel":"","context":"Dans &quot;Mini lecteur&quot;","block_context":{"text":"Mini lecteur","link":"http:\/\/www.jojoenherbe.com\/index.php\/category\/mini-lecteur\/"},"img":{"alt_text":"","src":"https:\/\/i0.wp.com\/www.jojoenherbe.com\/wp-content\/uploads\/2020\/01\/Li%C3%A8vre-et-ours-o%C3%B9-est-ours-scaled.jpg?fit=1200%2C834&resize=350%2C200","width":350,"height":200,"srcset":"https:\/\/i0.wp.com\/www.jojoenherbe.com\/wp-content\/uploads\/2020\/01\/Li%C3%A8vre-et-ours-o%C3%B9-est-ours-scaled.jpg?fit=1200%2C834&resize=350%2C200 1x, https:\/\/i0.wp.com\/www.jojoenherbe.com\/wp-content\/uploads\/2020\/01\/Li%C3%A8vre-et-ours-o%C3%B9-est-ours-scaled.jpg?fit=1200%2C834&resize=525%2C300 1.5x, https:\/\/i0.wp.com\/www.jojoenherbe.com\/wp-content\/uploads\/2020\/01\/Li%C3%A8vre-et-ours-o%C3%B9-est-ours-scaled.jpg?fit=1200%2C834&resize=700%2C400 2x, https:\/\/i0.wp.com\/www.jojoenherbe.com\/wp-content\/uploads\/2020\/01\/Li%C3%A8vre-et-ours-o%C3%B9-est-ours-scaled.jpg?fit=1200%2C834&resize=1050%2C600 3x"},"classes":[]},{"id":15400,"url":"http:\/\/www.jojoenherbe.com\/index.php\/2021\/01\/27\/au-fil-des-pages-avec-dors-bien-ours-brun\/","url_meta":{"origin":9934,"position":2},"title":"Au fil des pages avec Dors bien, Ours brun!","author":"Jojo","date":"27 janvier 2021","format":false,"excerpt":"L'\u00e9t\u00e9 dernier, nous avions emprunt\u00e9 \u00e0 la m\u00e9diath\u00e8que une lecture hivernale avec Dors bien, Ours brun! de Karma Wilson et Jane Chapman (\u00e9d. Milan, 2002), un album jeunesse \u00e0 partir de 3 ans. En plein hiver, bien \u00e0 l'abri, l'ours brun hiverne. Mais une petite souris puis d'autres animaux de\u2026","rel":"","context":"Dans &quot;Mini lecteur&quot;","block_context":{"text":"Mini lecteur","link":"http:\/\/www.jojoenherbe.com\/index.php\/category\/mini-lecteur\/"},"img":{"alt_text":"","src":"https:\/\/i0.wp.com\/www.jojoenherbe.com\/wp-content\/uploads\/2021\/01\/Dors-bien-Ours-brun-scaled.jpg?fit=1200%2C900&resize=350%2C200","width":350,"height":200,"srcset":"https:\/\/i0.wp.com\/www.jojoenherbe.com\/wp-content\/uploads\/2021\/01\/Dors-bien-Ours-brun-scaled.jpg?fit=1200%2C900&resize=350%2C200 1x, https:\/\/i0.wp.com\/www.jojoenherbe.com\/wp-content\/uploads\/2021\/01\/Dors-bien-Ours-brun-scaled.jpg?fit=1200%2C900&resize=525%2C300 1.5x, https:\/\/i0.wp.com\/www.jojoenherbe.com\/wp-content\/uploads\/2021\/01\/Dors-bien-Ours-brun-scaled.jpg?fit=1200%2C900&resize=700%2C400 2x, https:\/\/i0.wp.com\/www.jojoenherbe.com\/wp-content\/uploads\/2021\/01\/Dors-bien-Ours-brun-scaled.jpg?fit=1200%2C900&resize=1050%2C600 3x"},"classes":[]},{"id":8652,"url":"http:\/\/www.jojoenherbe.com\/index.php\/2019\/11\/26\/au-fil-des-pages-avec-orange-pomme-poire\/","url_meta":{"origin":9934,"position":3},"title":"Au fil des pages avec Orange pomme poire","author":"Jojo","date":"26 novembre 2019","format":false,"excerpt":"Nous empruntons \u00e0 la m\u00e9diath\u00e8que Orange pomme poire d'Emily Gravett (\u00e9d. Kal\u00e9idoscope, 2009), un album jeunesse cartonn\u00e9 pour les tout-petits. L'autrice s'amuse autour de ses trois fruits et un ours Gr\u00e9goire, somme toute gourmand en les mettant en sc\u00e8ne dans diff\u00e9rentes situations afin de mieux les identifier. Il permet ainsi\u2026","rel":"","context":"Dans &quot;Mini lecteur&quot;","block_context":{"text":"Mini lecteur","link":"http:\/\/www.jojoenherbe.com\/index.php\/category\/mini-lecteur\/"},"img":{"alt_text":"","src":"https:\/\/i0.wp.com\/www.jojoenherbe.com\/wp-content\/uploads\/2019\/11\/Orange-pomme-poire-scaled.jpg?fit=1200%2C934&resize=350%2C200","width":350,"height":200,"srcset":"https:\/\/i0.wp.com\/www.jojoenherbe.com\/wp-content\/uploads\/2019\/11\/Orange-pomme-poire-scaled.jpg?fit=1200%2C934&resize=350%2C200 1x, https:\/\/i0.wp.com\/www.jojoenherbe.com\/wp-content\/uploads\/2019\/11\/Orange-pomme-poire-scaled.jpg?fit=1200%2C934&resize=525%2C300 1.5x, https:\/\/i0.wp.com\/www.jojoenherbe.com\/wp-content\/uploads\/2019\/11\/Orange-pomme-poire-scaled.jpg?fit=1200%2C934&resize=700%2C400 2x, https:\/\/i0.wp.com\/www.jojoenherbe.com\/wp-content\/uploads\/2019\/11\/Orange-pomme-poire-scaled.jpg?fit=1200%2C934&resize=1050%2C600 3x"},"classes":[]},{"id":10561,"url":"http:\/\/www.jojoenherbe.com\/index.php\/2020\/03\/31\/au-fil-des-pages-avec-une-fois-encore\/","url_meta":{"origin":9934,"position":4},"title":"Au fil des pages avec Une fois encore","author":"Jojo","date":"31 mars 2020","format":false,"excerpt":"Nous empruntons \u00e0 la m\u00e9diath\u00e8que Une fois encore d'Emily Gravett (\u00e9d. Kal\u00e9idoscope, 2011), un album jeunesse avec des d\u00e9coupes \u00e0 partir de 3 ans. C'est l'heure du coucher et un petit dragon demande encore et encore \u00e0 lire la m\u00eame histoire, celle de C\u00e9dric, un dragon rouge de col\u00e8re qui\u2026","rel":"","context":"Dans &quot;Mini lecteur&quot;","block_context":{"text":"Mini lecteur","link":"http:\/\/www.jojoenherbe.com\/index.php\/category\/mini-lecteur\/"},"img":{"alt_text":"","src":"https:\/\/i0.wp.com\/www.jojoenherbe.com\/wp-content\/uploads\/2020\/03\/Une-fois-encore-scaled.jpg?fit=1200%2C900&resize=350%2C200","width":350,"height":200,"srcset":"https:\/\/i0.wp.com\/www.jojoenherbe.com\/wp-content\/uploads\/2020\/03\/Une-fois-encore-scaled.jpg?fit=1200%2C900&resize=350%2C200 1x, https:\/\/i0.wp.com\/www.jojoenherbe.com\/wp-content\/uploads\/2020\/03\/Une-fois-encore-scaled.jpg?fit=1200%2C900&resize=525%2C300 1.5x, https:\/\/i0.wp.com\/www.jojoenherbe.com\/wp-content\/uploads\/2020\/03\/Une-fois-encore-scaled.jpg?fit=1200%2C900&resize=700%2C400 2x, https:\/\/i0.wp.com\/www.jojoenherbe.com\/wp-content\/uploads\/2020\/03\/Une-fois-encore-scaled.jpg?fit=1200%2C900&resize=1050%2C600 3x"},"classes":[]},{"id":12317,"url":"http:\/\/www.jojoenherbe.com\/index.php\/2020\/09\/21\/au-fil-des-pages-avec-petit-lievre-et-letranger\/","url_meta":{"origin":9934,"position":5},"title":"Au fil des pages avec Petit Li\u00e8vre et l\u2019\u00c9tranger","author":"Jojo","date":"21 septembre 2020","format":false,"excerpt":"Nous empruntons \u00e0 la m\u00e9diath\u00e8que Petit Li\u00e8vre et l\u2019\u00c9tranger de Jacqueline Guillemin et Vanessa Hi\u00e9 (\u00e9d. Nathan, coll. Musicontes, 2011), un album jeunesse \u00e0 partir de 3 ans et accompagn\u00e9 d'un CD avec des extraits de musique am\u00e9rindienne. Dans la grande Prairie, Petit Li\u00e8vre part chaque jour chasser tout en\u2026","rel":"","context":"Dans &quot;Mini lecteur&quot;","block_context":{"text":"Mini lecteur","link":"http:\/\/www.jojoenherbe.com\/index.php\/category\/mini-lecteur\/"},"img":{"alt_text":"","src":"https:\/\/i0.wp.com\/www.jojoenherbe.com\/wp-content\/uploads\/2020\/09\/Petit-Lievre-et-letranger-scaled.jpg?fit=1200%2C900&resize=350%2C200","width":350,"height":200,"srcset":"https:\/\/i0.wp.com\/www.jojoenherbe.com\/wp-content\/uploads\/2020\/09\/Petit-Lievre-et-letranger-scaled.jpg?fit=1200%2C900&resize=350%2C200 1x, https:\/\/i0.wp.com\/www.jojoenherbe.com\/wp-content\/uploads\/2020\/09\/Petit-Lievre-et-letranger-scaled.jpg?fit=1200%2C900&resize=525%2C300 1.5x, https:\/\/i0.wp.com\/www.jojoenherbe.com\/wp-content\/uploads\/2020\/09\/Petit-Lievre-et-letranger-scaled.jpg?fit=1200%2C900&resize=700%2C400 2x, https:\/\/i0.wp.com\/www.jojoenherbe.com\/wp-content\/uploads\/2020\/09\/Petit-Lievre-et-letranger-scaled.jpg?fit=1200%2C900&resize=1050%2C600 3x"},"classes":[]}],"_links":{"self":[{"href":"http:\/\/www.jojoenherbe.com\/index.php\/wp-json\/wp\/v2\/posts\/9934","targetHints":{"allow":["GET"]}}],"collection":[{"href":"http:\/\/www.jojoenherbe.com\/index.php\/wp-json\/wp\/v2\/posts"}],"about":[{"href":"http:\/\/www.jojoenherbe.com\/index.php\/wp-json\/wp\/v2\/types\/post"}],"author":[{"embeddable":true,"href":"http:\/\/www.jojoenherbe.com\/index.php\/wp-json\/wp\/v2\/users\/1"}],"replies":[{"embeddable":true,"href":"http:\/\/www.jojoenherbe.com\/index.php\/wp-json\/wp\/v2\/comments?post=9934"}],"version-history":[{"count":0,"href":"http:\/\/www.jojoenherbe.com\/index.php\/wp-json\/wp\/v2\/posts\/9934\/revisions"}],"wp:featuredmedia":[{"embeddable":true,"href":"http:\/\/www.jojoenherbe.com\/index.php\/wp-json\/wp\/v2\/media\/9937"}],"wp:attachment":[{"href":"http:\/\/www.jojoenherbe.com\/index.php\/wp-json\/wp\/v2\/media?parent=9934"}],"wp:term":[{"taxonomy":"category","embeddable":true,"href":"http:\/\/www.jojoenherbe.com\/index.php\/wp-json\/wp\/v2\/categories?post=9934"},{"taxonomy":"post_tag","embeddable":true,"href":"http:\/\/www.jojoenherbe.com\/index.php\/wp-json\/wp\/v2\/tags?post=9934"}],"curies":[{"name":"wp","href":"https:\/\/api.w.org\/{rel}","templated":true}]}}