{"id":9902,"date":"2020-02-03T09:09:05","date_gmt":"2020-02-03T08:09:05","guid":{"rendered":"http:\/\/www.jojoenherbe.com\/?p=9902"},"modified":"2020-03-13T10:55:58","modified_gmt":"2020-03-13T09:55:58","slug":"semaine-5-du-projet-52-2020-boutons","status":"publish","type":"post","link":"http:\/\/www.jojoenherbe.com\/index.php\/2020\/02\/03\/semaine-5-du-projet-52-2020-boutons\/","title":{"rendered":"Semaine 5 du Projet 52-2020: Bouton(s)"},"content":{"rendered":"<p style=\"text-align: justify;\"><em>Pour la semaine 5 du Projet 52-2020 de Du c\u00f4t\u00e9 de chez Ma&rsquo;, le th\u00e8me est \u00ab\u00a0<a href=\"https:\/\/ducotedechezma.wordpress.com\/2020\/02\/01\/projet-52-2020-semaine-5-boutons\/\">Bouton(s)<\/a>\u00ab\u00a0. J<span class=\"\">&lsquo;ai choisi d&rsquo;illustrer ce th\u00e8me avec des boutons de fleur. Si si il y a encore des boutons sur cette orchis photographi\u00e9e ce 1er f\u00e9vrier 2020 pendant le rallye-d\u00e9couverte organis\u00e9 par l&rsquo;association Les Amis de Villepey dans le cadre du week-end des zones humides &#8211; aux \u00e9tangs de Villepey du c\u00f4t\u00e9 des Esclamandes \u00e0 Saint-Aygulf. <\/span><\/em><\/p>\n<p><iframe loading=\"lazy\" style=\"border: 0;\" src=\"https:\/\/www.google.com\/maps\/embed?pb=!1m18!1m12!1m3!1d23191.134620844943!2d6.70730926457407!3d43.40019031435337!2m3!1f0!2f0!3f0!3m2!1i1024!2i768!4f13.1!3m3!1m2!1s0x12cebd9f47cb5c39%3A0x3208a2b46871c085!2sLes+Etangs+de+Villepey!5e0!3m2!1sfr!2sfr!4v1535659358880\" allowfullscreen=\"allowfullscreen\" width=\"400\" height=\"300\" frameborder=\"0\"><\/iframe><\/p>\n","protected":false},"excerpt":{"rendered":"<p>Pour la semaine 5 du Projet 52-2020 de Du c\u00f4t\u00e9 de chez Ma&rsquo;, le th\u00e8me est \u00ab\u00a0Bouton(s)\u00ab\u00a0. J&lsquo;ai choisi d&rsquo;illustrer ce th\u00e8me avec des boutons de fleur. Si si il y a encore des boutons sur cette orchis photographi\u00e9e ce 1er f\u00e9vrier 2020 pendant le rallye-d\u00e9couverte organis\u00e9 par l&rsquo;association Les Amis de Villepey dans le [&hellip;]<\/p>\n","protected":false},"author":1,"featured_media":9903,"comment_status":"open","ping_status":"open","sticky":false,"template":"","format":"standard","meta":{"jetpack_post_was_ever_published":false,"_jetpack_newsletter_access":"","_jetpack_dont_email_post_to_subs":false,"_jetpack_newsletter_tier_id":0,"_jetpack_memberships_contains_paywalled_content":false,"_jetpack_memberships_contains_paid_content":false,"footnotes":""},"categories":[437],"tags":[126,224,652,1223,1353,1115,166,358],"class_list":["post-9902","post","type-post","status-publish","format-standard","has-post-thumbnail","hentry","category-mini-photographe","tag-etangs","tag-etangs-de-villepey","tag-orchidee","tag-orchis","tag-projet-52-de-ma","tag-projet-52-2020","tag-saint-aygulf","tag-zones-humides","post-preview"],"jetpack_featured_media_url":"https:\/\/i0.wp.com\/www.jojoenherbe.com\/wp-content\/uploads\/2020\/02\/Orchys-%C3%A9tangs-de-Villepey-scaled.jpg?fit=2144%2C2560","jetpack_sharing_enabled":true,"jetpack_shortlink":"https:\/\/wp.me\/p9zhGx-2zI","jetpack_likes_enabled":true,"jetpack-related-posts":[{"id":2589,"url":"http:\/\/www.jojoenherbe.com\/index.php\/2018\/05\/13\/petite-balade-aux-etangs-de-villepey\/","url_meta":{"origin":9902,"position":0},"title":"Petite balade aux \u00e9tangs de Villepey","author":"Jojo","date":"13 mai 2018","format":false,"excerpt":"Ce 11 mai 2018, nous partons dans l'apr\u00e8s-midi nous balader le long d'un des sentiers am\u00e9nag\u00e9s des \u00e9tangs de Villepey, au niveau de l'entr\u00e9e de Saint-Aygulf. Nous laissons les vacanciers sur les plages de sable au niveau o\u00f9 les \u00e9tangs se m\u00e9langent avec la Mer M\u00e9diterran\u00e9e sous le pont de\u2026","rel":"","context":"Dans &quot;Mini baladeur&quot;","block_context":{"text":"Mini baladeur","link":"http:\/\/www.jojoenherbe.com\/index.php\/category\/mini-crapahuteur\/mini-baladeur\/"},"img":{"alt_text":"","src":"https:\/\/i0.wp.com\/www.jojoenherbe.com\/wp-content\/uploads\/2018\/05\/Perruche-%C3%A0-collier-bleue-%C3%A9tangs-de-Villepey-2.jpg?fit=1004%2C1200&resize=350%2C200","width":350,"height":200,"srcset":"https:\/\/i0.wp.com\/www.jojoenherbe.com\/wp-content\/uploads\/2018\/05\/Perruche-%C3%A0-collier-bleue-%C3%A9tangs-de-Villepey-2.jpg?fit=1004%2C1200&resize=350%2C200 1x, https:\/\/i0.wp.com\/www.jojoenherbe.com\/wp-content\/uploads\/2018\/05\/Perruche-%C3%A0-collier-bleue-%C3%A9tangs-de-Villepey-2.jpg?fit=1004%2C1200&resize=525%2C300 1.5x, https:\/\/i0.wp.com\/www.jojoenherbe.com\/wp-content\/uploads\/2018\/05\/Perruche-%C3%A0-collier-bleue-%C3%A9tangs-de-Villepey-2.jpg?fit=1004%2C1200&resize=700%2C400 2x"},"classes":[]},{"id":11821,"url":"http:\/\/www.jojoenherbe.com\/index.php\/2020\/08\/20\/flamants-roses-aux-etangs-de-villepey\/","url_meta":{"origin":9902,"position":1},"title":"Pause ornitho: Flamants roses aux \u00e9tangs de Villepey","author":"Jojo","date":"20 ao\u00fbt 2020","format":false,"excerpt":"Lors de notre derni\u00e8re sortie aux \u00e9tangs de Villepey la semaine derni\u00e8re, nous avons pu observer trois flamants roses dont un juv\u00e9nile. Une agr\u00e9able surprise puisque cela faisait tr\u00e8s longtemps que nous n'en avions plus vus aux \u00e9tangs! Il y avait \u00e9galement des mouettes rieuses et un cygne noir.","rel":"","context":"Dans &quot;Mini baladeur&quot;","block_context":{"text":"Mini baladeur","link":"http:\/\/www.jojoenherbe.com\/index.php\/category\/mini-crapahuteur\/mini-baladeur\/"},"img":{"alt_text":"","src":"https:\/\/i0.wp.com\/www.jojoenherbe.com\/wp-content\/uploads\/2020\/08\/Flamant-rose-etangs-de-Villepey-scaled.jpg?fit=1200%2C900&resize=350%2C200","width":350,"height":200,"srcset":"https:\/\/i0.wp.com\/www.jojoenherbe.com\/wp-content\/uploads\/2020\/08\/Flamant-rose-etangs-de-Villepey-scaled.jpg?fit=1200%2C900&resize=350%2C200 1x, https:\/\/i0.wp.com\/www.jojoenherbe.com\/wp-content\/uploads\/2020\/08\/Flamant-rose-etangs-de-Villepey-scaled.jpg?fit=1200%2C900&resize=525%2C300 1.5x, https:\/\/i0.wp.com\/www.jojoenherbe.com\/wp-content\/uploads\/2020\/08\/Flamant-rose-etangs-de-Villepey-scaled.jpg?fit=1200%2C900&resize=700%2C400 2x, https:\/\/i0.wp.com\/www.jojoenherbe.com\/wp-content\/uploads\/2020\/08\/Flamant-rose-etangs-de-Villepey-scaled.jpg?fit=1200%2C900&resize=1050%2C600 3x"},"classes":[]},{"id":3576,"url":"http:\/\/www.jojoenherbe.com\/index.php\/2018\/02\/12\/petite-balade-hivernale-autour-des-etangs-de-villepey-dans-la-zone-des-esclamandes\/","url_meta":{"origin":9902,"position":2},"title":"Petite balade hivernale autour des \u00e9tangs de Villepey dans la zone des Esclamandes","author":"Jojo","date":"12 f\u00e9vrier 2018","format":false,"excerpt":"Ce 9 f\u00e9vrier 2018, en fin d'apr\u00e8s-midi, nous partons nous promener autour des \u00e9tangs de Villepey dans la zone des Esclamandes. Ces \u00e9tangs font partie des zones humides littorales et sont un site Natura 2000. Nous nous garons sur l'un des grands parkings pr\u00e9vus sur la RD559 et qui donne\u2026","rel":"","context":"Dans &quot;Mini baladeur&quot;","block_context":{"text":"Mini baladeur","link":"http:\/\/www.jojoenherbe.com\/index.php\/category\/mini-crapahuteur\/mini-baladeur\/"},"img":{"alt_text":"","src":"https:\/\/i0.wp.com\/www.jojoenherbe.com\/wp-content\/uploads\/2018\/02\/%C3%A9tangs-de-Villepey-5.jpg?fit=977%2C1200&resize=350%2C200","width":350,"height":200,"srcset":"https:\/\/i0.wp.com\/www.jojoenherbe.com\/wp-content\/uploads\/2018\/02\/%C3%A9tangs-de-Villepey-5.jpg?fit=977%2C1200&resize=350%2C200 1x, https:\/\/i0.wp.com\/www.jojoenherbe.com\/wp-content\/uploads\/2018\/02\/%C3%A9tangs-de-Villepey-5.jpg?fit=977%2C1200&resize=525%2C300 1.5x, https:\/\/i0.wp.com\/www.jojoenherbe.com\/wp-content\/uploads\/2018\/02\/%C3%A9tangs-de-Villepey-5.jpg?fit=977%2C1200&resize=700%2C400 2x"},"classes":[]},{"id":9225,"url":"http:\/\/www.jojoenherbe.com\/index.php\/2019\/12\/28\/petite-pause-ornitho-aux-etangs-de-villepey\/","url_meta":{"origin":9902,"position":3},"title":"Petite pause ornitho aux \u00e9tangs de Villepey","author":"Jojo","date":"28 d\u00e9cembre 2019","format":false,"excerpt":"Ce 26 d\u00e9cembre 2019,\u00a0 nous allons au dernier poste d'observation install\u00e9 aux \u00e9tangs de Villepey, au niveau de la lagune, les derni\u00e8res intemp\u00e9ries ayant ab\u00eem\u00e9 la passerelle permettant d'acc\u00e9der rapidement \u00e0 l'observatoire de la Vasi\u00e8re. Pour une fois, il y a d'autres oiseaux que des go\u00e9lands leucoph\u00e9e, mouettes rieuses ou\u2026","rel":"","context":"Dans &quot;Mini baladeur&quot;","block_context":{"text":"Mini baladeur","link":"http:\/\/www.jojoenherbe.com\/index.php\/category\/mini-crapahuteur\/mini-baladeur\/"},"img":{"alt_text":"","src":"https:\/\/i0.wp.com\/www.jojoenherbe.com\/wp-content\/uploads\/2019\/12\/Etangs-de-Villepey-2-scaled.jpg?fit=1200%2C780&resize=350%2C200","width":350,"height":200,"srcset":"https:\/\/i0.wp.com\/www.jojoenherbe.com\/wp-content\/uploads\/2019\/12\/Etangs-de-Villepey-2-scaled.jpg?fit=1200%2C780&resize=350%2C200 1x, https:\/\/i0.wp.com\/www.jojoenherbe.com\/wp-content\/uploads\/2019\/12\/Etangs-de-Villepey-2-scaled.jpg?fit=1200%2C780&resize=525%2C300 1.5x, https:\/\/i0.wp.com\/www.jojoenherbe.com\/wp-content\/uploads\/2019\/12\/Etangs-de-Villepey-2-scaled.jpg?fit=1200%2C780&resize=700%2C400 2x, https:\/\/i0.wp.com\/www.jojoenherbe.com\/wp-content\/uploads\/2019\/12\/Etangs-de-Villepey-2-scaled.jpg?fit=1200%2C780&resize=1050%2C600 3x"},"classes":[]},{"id":4173,"url":"http:\/\/www.jojoenherbe.com\/index.php\/2018\/12\/30\/sorties-aux-etangs-de-villepey\/","url_meta":{"origin":9902,"position":4},"title":"Sorties aux \u00e9tangs de Villepey","author":"Jojo","date":"30 d\u00e9cembre 2018","format":false,"excerpt":"En cette fin d'ann\u00e9e 2018, nous allons nous balader, deux matin\u00e9es de suite autour des \u00e9tangs de Villepey. Lors de notre premi\u00e8re sortie, nous allons dans la zone des Esclamandes. La plage est recouverte de morceaux de bois de toute taille. Nous retournons du c\u00f4t\u00e9 de l'\u00e9tang face \u00e0 l'observatoire\u2026","rel":"","context":"Dans &quot;Mini baladeur&quot;","block_context":{"text":"Mini baladeur","link":"http:\/\/www.jojoenherbe.com\/index.php\/category\/mini-crapahuteur\/mini-baladeur\/"},"img":{"alt_text":"","src":"https:\/\/i0.wp.com\/www.jojoenherbe.com\/wp-content\/uploads\/2018\/12\/%C3%A9tangs-de-Villepey-2.jpg?fit=1200%2C900&resize=350%2C200","width":350,"height":200,"srcset":"https:\/\/i0.wp.com\/www.jojoenherbe.com\/wp-content\/uploads\/2018\/12\/%C3%A9tangs-de-Villepey-2.jpg?fit=1200%2C900&resize=350%2C200 1x, https:\/\/i0.wp.com\/www.jojoenherbe.com\/wp-content\/uploads\/2018\/12\/%C3%A9tangs-de-Villepey-2.jpg?fit=1200%2C900&resize=525%2C300 1.5x, https:\/\/i0.wp.com\/www.jojoenherbe.com\/wp-content\/uploads\/2018\/12\/%C3%A9tangs-de-Villepey-2.jpg?fit=1200%2C900&resize=700%2C400 2x, https:\/\/i0.wp.com\/www.jojoenherbe.com\/wp-content\/uploads\/2018\/12\/%C3%A9tangs-de-Villepey-2.jpg?fit=1200%2C900&resize=1050%2C600 3x"},"classes":[]},{"id":19796,"url":"http:\/\/www.jojoenherbe.com\/index.php\/2021\/07\/24\/pause-ornitho-aux-etangs-de-villepey\/","url_meta":{"origin":9902,"position":5},"title":"Pause ornitho aux \u00e9tangs de Villepey","author":"Jojo","date":"24 juillet 2021","format":false,"excerpt":"Le 16 juillet 2021, nous passons la matin\u00e9e aux \u00e9tangs de Villepey, du c\u00f4t\u00e9 de l'observatoire de la Vasi\u00e8re, l'occasion d'observer des aigrettes garzettes, des grandes aigrettes et aussi des go\u00e9lands leucoph\u00e9es. Il y a surtout une aigrette garzette que j'ai photographi\u00e9e car elle faisait beaucoup de va-et-vient et \u00e9tait\u2026","rel":"","context":"Dans &quot;Mini ornitho&quot;","block_context":{"text":"Mini ornitho","link":"http:\/\/www.jojoenherbe.com\/index.php\/category\/mini-ornitho\/"},"img":{"alt_text":"","src":"https:\/\/i0.wp.com\/www.jojoenherbe.com\/wp-content\/uploads\/2021\/07\/Etangs-de-Villepey-scaled.jpg?fit=1200%2C887&resize=350%2C200","width":350,"height":200,"srcset":"https:\/\/i0.wp.com\/www.jojoenherbe.com\/wp-content\/uploads\/2021\/07\/Etangs-de-Villepey-scaled.jpg?fit=1200%2C887&resize=350%2C200 1x, https:\/\/i0.wp.com\/www.jojoenherbe.com\/wp-content\/uploads\/2021\/07\/Etangs-de-Villepey-scaled.jpg?fit=1200%2C887&resize=525%2C300 1.5x, https:\/\/i0.wp.com\/www.jojoenherbe.com\/wp-content\/uploads\/2021\/07\/Etangs-de-Villepey-scaled.jpg?fit=1200%2C887&resize=700%2C400 2x, https:\/\/i0.wp.com\/www.jojoenherbe.com\/wp-content\/uploads\/2021\/07\/Etangs-de-Villepey-scaled.jpg?fit=1200%2C887&resize=1050%2C600 3x"},"classes":[]}],"_links":{"self":[{"href":"http:\/\/www.jojoenherbe.com\/index.php\/wp-json\/wp\/v2\/posts\/9902","targetHints":{"allow":["GET"]}}],"collection":[{"href":"http:\/\/www.jojoenherbe.com\/index.php\/wp-json\/wp\/v2\/posts"}],"about":[{"href":"http:\/\/www.jojoenherbe.com\/index.php\/wp-json\/wp\/v2\/types\/post"}],"author":[{"embeddable":true,"href":"http:\/\/www.jojoenherbe.com\/index.php\/wp-json\/wp\/v2\/users\/1"}],"replies":[{"embeddable":true,"href":"http:\/\/www.jojoenherbe.com\/index.php\/wp-json\/wp\/v2\/comments?post=9902"}],"version-history":[{"count":0,"href":"http:\/\/www.jojoenherbe.com\/index.php\/wp-json\/wp\/v2\/posts\/9902\/revisions"}],"wp:featuredmedia":[{"embeddable":true,"href":"http:\/\/www.jojoenherbe.com\/index.php\/wp-json\/wp\/v2\/media\/9903"}],"wp:attachment":[{"href":"http:\/\/www.jojoenherbe.com\/index.php\/wp-json\/wp\/v2\/media?parent=9902"}],"wp:term":[{"taxonomy":"category","embeddable":true,"href":"http:\/\/www.jojoenherbe.com\/index.php\/wp-json\/wp\/v2\/categories?post=9902"},{"taxonomy":"post_tag","embeddable":true,"href":"http:\/\/www.jojoenherbe.com\/index.php\/wp-json\/wp\/v2\/tags?post=9902"}],"curies":[{"name":"wp","href":"https:\/\/api.w.org\/{rel}","templated":true}]}}