{"id":9814,"date":"2020-01-27T10:36:31","date_gmt":"2020-01-27T09:36:31","guid":{"rendered":"http:\/\/www.jojoenherbe.com\/?p=9814"},"modified":"2022-08-04T12:03:43","modified_gmt":"2022-08-04T10:03:43","slug":"au-fil-des-pages-avec-une-chanson-dours","status":"publish","type":"post","link":"http:\/\/www.jojoenherbe.com\/index.php\/2020\/01\/27\/au-fil-des-pages-avec-une-chanson-dours\/","title":{"rendered":"Au fil des pages avec Une chanson d&rsquo;ours"},"content":{"rendered":"<p style=\"text-align: justify;\"><em><a href=\"https:\/\/i0.wp.com\/www.jojoenherbe.com\/wp-content\/uploads\/2020\/01\/Une-chanson-dours-2-scaled.jpg\"><img data-recalc-dims=\"1\" loading=\"lazy\" decoding=\"async\" data-attachment-id=\"9816\" data-permalink=\"http:\/\/www.jojoenherbe.com\/index.php\/2020\/01\/27\/au-fil-des-pages-avec-une-chanson-dours\/une-chanson-dours-2\/\" data-orig-file=\"https:\/\/i0.wp.com\/www.jojoenherbe.com\/wp-content\/uploads\/2020\/01\/Une-chanson-dours-2-scaled.jpg?fit=2560%2C1737\" data-orig-size=\"2560,1737\" data-comments-opened=\"1\" data-image-meta=\"{&quot;aperture&quot;:&quot;2.4&quot;,&quot;credit&quot;:&quot;&quot;,&quot;camera&quot;:&quot;iPhone 4S&quot;,&quot;caption&quot;:&quot;&quot;,&quot;created_timestamp&quot;:&quot;1580120640&quot;,&quot;copyright&quot;:&quot;&quot;,&quot;focal_length&quot;:&quot;4.28&quot;,&quot;iso&quot;:&quot;400&quot;,&quot;shutter_speed&quot;:&quot;0.058823529411765&quot;,&quot;title&quot;:&quot;&quot;,&quot;orientation&quot;:&quot;1&quot;}\" data-image-title=\"Une chanson d&amp;rsquo;ours 2\" data-image-description=\"\" data-image-caption=\"\" data-large-file=\"https:\/\/i0.wp.com\/www.jojoenherbe.com\/wp-content\/uploads\/2020\/01\/Une-chanson-dours-2-scaled.jpg?fit=676%2C459\" class=\"alignleft size-thumbnail wp-image-9816\" src=\"https:\/\/i0.wp.com\/www.jojoenherbe.com\/wp-content\/uploads\/2020\/01\/Une-chanson-dours-2.jpg?resize=150%2C150\" alt=\"\" width=\"150\" height=\"150\" srcset=\"https:\/\/i0.wp.com\/www.jojoenherbe.com\/wp-content\/uploads\/2020\/01\/Une-chanson-dours-2-scaled.jpg?resize=150%2C150 150w, https:\/\/i0.wp.com\/www.jojoenherbe.com\/wp-content\/uploads\/2020\/01\/Une-chanson-dours-2-scaled.jpg?zoom=2&amp;resize=150%2C150 300w, https:\/\/i0.wp.com\/www.jojoenherbe.com\/wp-content\/uploads\/2020\/01\/Une-chanson-dours-2-scaled.jpg?zoom=3&amp;resize=150%2C150 450w\" sizes=\"auto, (max-width: 150px) 100vw, 150px\" \/><\/a> <a href=\"https:\/\/i0.wp.com\/www.jojoenherbe.com\/wp-content\/uploads\/2020\/01\/Une-chanson-dours-3-scaled.jpg\"><img data-recalc-dims=\"1\" loading=\"lazy\" decoding=\"async\" data-attachment-id=\"9817\" data-permalink=\"http:\/\/www.jojoenherbe.com\/index.php\/2020\/01\/27\/au-fil-des-pages-avec-une-chanson-dours\/une-chanson-dours-3\/\" data-orig-file=\"https:\/\/i0.wp.com\/www.jojoenherbe.com\/wp-content\/uploads\/2020\/01\/Une-chanson-dours-3-scaled.jpg?fit=2560%2C1824\" data-orig-size=\"2560,1824\" data-comments-opened=\"1\" data-image-meta=\"{&quot;aperture&quot;:&quot;2.4&quot;,&quot;credit&quot;:&quot;&quot;,&quot;camera&quot;:&quot;iPhone 4S&quot;,&quot;caption&quot;:&quot;&quot;,&quot;created_timestamp&quot;:&quot;1580120795&quot;,&quot;copyright&quot;:&quot;&quot;,&quot;focal_length&quot;:&quot;4.28&quot;,&quot;iso&quot;:&quot;320&quot;,&quot;shutter_speed&quot;:&quot;0.05&quot;,&quot;title&quot;:&quot;&quot;,&quot;orientation&quot;:&quot;1&quot;}\" data-image-title=\"Une chanson d&amp;rsquo;ours 3\" data-image-description=\"\" data-image-caption=\"\" data-large-file=\"https:\/\/i0.wp.com\/www.jojoenherbe.com\/wp-content\/uploads\/2020\/01\/Une-chanson-dours-3-scaled.jpg?fit=676%2C482\" class=\"alignleft size-thumbnail wp-image-9817\" src=\"https:\/\/i0.wp.com\/www.jojoenherbe.com\/wp-content\/uploads\/2020\/01\/Une-chanson-dours-3.jpg?resize=150%2C150\" alt=\"\" width=\"150\" height=\"150\" srcset=\"https:\/\/i0.wp.com\/www.jojoenherbe.com\/wp-content\/uploads\/2020\/01\/Une-chanson-dours-3-scaled.jpg?resize=150%2C150 150w, https:\/\/i0.wp.com\/www.jojoenherbe.com\/wp-content\/uploads\/2020\/01\/Une-chanson-dours-3-scaled.jpg?zoom=2&amp;resize=150%2C150 300w, https:\/\/i0.wp.com\/www.jojoenherbe.com\/wp-content\/uploads\/2020\/01\/Une-chanson-dours-3-scaled.jpg?zoom=3&amp;resize=150%2C150 450w\" sizes=\"auto, (max-width: 150px) 100vw, 150px\" \/><\/a>Nous empruntons \u00e0 la biblioth\u00e8que <span style=\"text-decoration: underline;\">Une chanson d&rsquo;ours<\/span> de Benjamin Chaud (\u00e9d. H\u00e9lium, 2011), un album jeunesse grand format \u00e0 partir de 3 ans. L&rsquo;hiver approche. Il est temps pour Papa ours et son petit d&rsquo;hiberner. Mais Petit ours est r\u00e9veill\u00e9 par une abeille et d\u00e9cide de la suivre pour r\u00e9cup\u00e9rer son miel. Inquiet, Papa ours part \u00e0 la recherche de son fils jusqu&rsquo;\u00e0 se retrouver sur la sc\u00e8ne d&rsquo;un op\u00e9ra. Arrivera-t-il \u00e0 retrouver Petit ours? <\/em><\/p>\n<p style=\"text-align: justify;\"><em>Les illustrations fourmillent de d\u00e9tails et de fausses pistes pour la joie des jeunes lecteurs (et des plus grands!) qui y rechercheront le petit ours et l&rsquo;abeille dans les diff\u00e9rentes doubles pages. Elles me rappellent celles de Raymond Peynet, bien connu pour ses Amoureux, les premiers ayant \u00e9t\u00e9 dessin\u00e9s en 1943. Nous pouvons d&rsquo;ailleurs en rep\u00e9rer dans cet album. Mais ce n&rsquo;est pas la seule r\u00e9f\u00e9rence, l&rsquo;histoire se d\u00e9roulant en grande partie \u00e0 l&rsquo;Op\u00e9ra Garnier. Les plus petits reconna\u00eetront facilement le clin d\u2019\u0153il \u00e0 la comptine \u00ab\u00a0Une chanson douce\u00a0\u00bb. Coup de c\u0153ur pour cet album-jeu tendre et dr\u00f4le!<\/em><\/p>\n<div style=\"width: 144px\" class=\"wp-caption alignleft\"><img data-recalc-dims=\"1\" loading=\"lazy\" decoding=\"async\" class=\"\" src=\"https:\/\/i0.wp.com\/delivrer-des-livres.fr\/wp-content\/uploads\/2019\/05\/logoalbums2019.png?resize=134%2C134\" alt=\"\" width=\"134\" height=\"134\" \/><p class=\"wp-caption-text\">Participation #140 <a href=\"http:\/\/delivrer-des-livres.fr\/challenge-albums-2019\/\">Je lis aussi des albums<\/a><\/p><\/div>\n<div style=\"width: 150px\" class=\"wp-caption alignleft\"><img loading=\"lazy\" decoding=\"async\" class=\"\" src=\"https:\/\/lh3.googleusercontent.com\/yeyHsyE8ePB9xQx2t9obPo4nIUGeuGsS-P1wwGiEip3f9lcFED23VkM1Pr5hYoy4puCex2GzVOyZNHjl5qeUnhImyiKFqwfTaONmF_HEc7SEvgxhr1eZXuJ6zzg9JfEY4XADWBPBCxMLePs3HiWfgCjRFVaAIkiQhaX8RGfOMzZhoMNQUFFuWlglQGRva5RIkSFvo7nk3yMWVz4PgUXBK3Uof2Hf073K4C6YvQC1u6gRN2BCr4tNyqitAlYfULcqVlua9UK9L5kLVOZWs2-xrAzDf1K3rxU8pxE6Fdm1EI8_YbPW09CsTNa9CW1z0lvieJ6Ify6BbltA9XBnOC99XwB4E833hDdb9KWRbKTb8bwsVGIAFF1x2JkOCAWTkq3OtXJmlgaccySEr2PvCr9rzIA4GtrzB04GpU7RNPlnkfNDjtPoy6UR5nf5SD-RQvfrkHaKDQocAHpi1MoHr0bWF4h3F08r5y_TM01DqKXAgeInHehhuxNBZ4LGs7Emk2ol6RPfVd4UEj0916JVKRknXSsSbJG_50ptPlCGTOdHDTOUMc6x63Wp68_DnNhG9qn5FPKuDHhZvC008a4nifQFWuKVT6HvqNgW-LcvXb0wnjbSwgS8qwHb3LtHJj3uAe971aQRDPkS146UchPgCLNczeUje4Y3YFpuV4P1KYu67RSdAOITJNzzSRO2Dycc1PCqSdc7IoPwLu0-aT-FJ0m-KvlkUQLXoamPhl2WKbODyZSfc5ZT=w285-h217-no\" alt=\"\" width=\"140\" height=\"106\" \/><p class=\"wp-caption-text\"><a href=\"https:\/\/ennalit.wordpress.com\/2019\/12\/01\/challenge-petit-bac-2020-qui-veut-jouer\/\">Challenge Petit Bac d&rsquo;Enna<\/a> #2 Cat\u00e9gorie Son: \u00ab\u00a0Chanson\u00a0\u00bb<\/p><\/div>\n","protected":false},"excerpt":{"rendered":"<p>Nous empruntons \u00e0 la biblioth\u00e8que Une chanson d&rsquo;ours de Benjamin Chaud (\u00e9d. H\u00e9lium, 2011), un album jeunesse grand format \u00e0 partir de 3 ans. L&rsquo;hiver approche. Il est temps pour Papa ours et son petit d&rsquo;hiberner. Mais Petit ours est r\u00e9veill\u00e9 par une abeille et d\u00e9cide de la suivre pour r\u00e9cup\u00e9rer son miel. Inquiet, Papa [&hellip;]<\/p>\n","protected":false},"author":1,"featured_media":9818,"comment_status":"open","ping_status":"open","sticky":false,"template":"","format":"standard","meta":{"jetpack_post_was_ever_published":false,"_jetpack_newsletter_access":"","_jetpack_dont_email_post_to_subs":false,"_jetpack_newsletter_tier_id":0,"_jetpack_memberships_contains_paywalled_content":false,"_jetpack_memberships_contains_paid_content":false,"footnotes":""},"categories":[363],"tags":[785,501,1201,409,1534,1352,1204,1202,1350,367,861,366,1203],"class_list":["post-9814","post","type-post","status-publish","format-standard","has-post-thumbnail","hentry","category-mini-lecteur","tag-3-6-ans","tag-abeille","tag-album-jeu","tag-albums-jeunesse","tag-benjamin-chaud","tag-challenge-petit-bac-2020","tag-cherche-et-trouve","tag-course-poursuite","tag-je-lis-aussi-des-albums-2019","tag-lecture-jeunesse","tag-opera","tag-ours","tag-relation-pere-fils","post-preview"],"jetpack_featured_media_url":"https:\/\/i0.wp.com\/www.jojoenherbe.com\/wp-content\/uploads\/2020\/01\/Une-chanson-dours.jpg?fit=2448%2C2440","jetpack_sharing_enabled":true,"jetpack_shortlink":"https:\/\/wp.me\/p9zhGx-2yi","jetpack_likes_enabled":true,"jetpack-related-posts":[{"id":28697,"url":"http:\/\/www.jojoenherbe.com\/index.php\/2022\/11\/04\/au-fil-des-pages-avec-pompon-ours-et-pompons-blancs\/","url_meta":{"origin":9814,"position":0},"title":"Au fil des pages avec Pompon Ours et Pompons blancs","author":"Jojo","date":"4 novembre 2022","format":false,"excerpt":"Nous lisons Pompon Ours et Pompons blancs de Benjamin Chaud (\u00e9d. H\u00e9lium, 2021), un album jeunesse grand format \u00e0 partir de 3 ans. Devant s'occuper de son petit fr\u00e8re, Pompon Ours d\u00e9cide d'organiser une f\u00eate avant l'hibernation. Mais alors qu'ils s'att\u00e8lent \u00e0 la t\u00e2che, Tout Petit Ours n'en fait qu'\u00e0\u2026","rel":"","context":"Dans &quot;Mini lecteur&quot;","block_context":{"text":"Mini lecteur","link":"http:\/\/www.jojoenherbe.com\/index.php\/category\/mini-lecteur\/"},"img":{"alt_text":"","src":"https:\/\/i0.wp.com\/www.jojoenherbe.com\/wp-content\/uploads\/2022\/11\/Pompon-Ours-et-Pompons-blancs-scaled.jpg?fit=1200%2C1037&resize=350%2C200","width":350,"height":200,"srcset":"https:\/\/i0.wp.com\/www.jojoenherbe.com\/wp-content\/uploads\/2022\/11\/Pompon-Ours-et-Pompons-blancs-scaled.jpg?fit=1200%2C1037&resize=350%2C200 1x, https:\/\/i0.wp.com\/www.jojoenherbe.com\/wp-content\/uploads\/2022\/11\/Pompon-Ours-et-Pompons-blancs-scaled.jpg?fit=1200%2C1037&resize=525%2C300 1.5x, https:\/\/i0.wp.com\/www.jojoenherbe.com\/wp-content\/uploads\/2022\/11\/Pompon-Ours-et-Pompons-blancs-scaled.jpg?fit=1200%2C1037&resize=700%2C400 2x, https:\/\/i0.wp.com\/www.jojoenherbe.com\/wp-content\/uploads\/2022\/11\/Pompon-Ours-et-Pompons-blancs-scaled.jpg?fit=1200%2C1037&resize=1050%2C600 3x"},"classes":[]},{"id":9934,"url":"http:\/\/www.jojoenherbe.com\/index.php\/2020\/02\/07\/au-fil-des-pages-avec-lievre-et-ours-cest-a-moi\/","url_meta":{"origin":9814,"position":1},"title":"Au fil des pages avec Li\u00e8vre et Ours, c&rsquo;est \u00e0 moi!","author":"Jojo","date":"7 f\u00e9vrier 2020","format":false,"excerpt":"Nous empruntons \u00e0 la m\u00e9diath\u00e8que une nouvelle histoire de Li\u00e8vre et Ours, c'est \u00e0 moi! d'Emily Gravett (\u00e9d. Kal\u00e9idoscope, l'\u00e9cole des loisirs, 2016), un album jeunesse \u00e0 partir de 2\/3 ans. C'est encore une chouette et dr\u00f4le histoire concoct\u00e9e avec malice par Emily Gravett, une autrice que nous appr\u00e9cions beaucoup.\u2026","rel":"","context":"Dans &quot;Mini lecteur&quot;","block_context":{"text":"Mini lecteur","link":"http:\/\/www.jojoenherbe.com\/index.php\/category\/mini-lecteur\/"},"img":{"alt_text":"","src":"https:\/\/i0.wp.com\/www.jojoenherbe.com\/wp-content\/uploads\/2020\/02\/Li%C3%A8vre-et-Ours-cest-%C3%A0-moi-scaled.jpg?fit=1200%2C888&resize=350%2C200","width":350,"height":200,"srcset":"https:\/\/i0.wp.com\/www.jojoenherbe.com\/wp-content\/uploads\/2020\/02\/Li%C3%A8vre-et-Ours-cest-%C3%A0-moi-scaled.jpg?fit=1200%2C888&resize=350%2C200 1x, https:\/\/i0.wp.com\/www.jojoenherbe.com\/wp-content\/uploads\/2020\/02\/Li%C3%A8vre-et-Ours-cest-%C3%A0-moi-scaled.jpg?fit=1200%2C888&resize=525%2C300 1.5x, https:\/\/i0.wp.com\/www.jojoenherbe.com\/wp-content\/uploads\/2020\/02\/Li%C3%A8vre-et-Ours-cest-%C3%A0-moi-scaled.jpg?fit=1200%2C888&resize=700%2C400 2x, https:\/\/i0.wp.com\/www.jojoenherbe.com\/wp-content\/uploads\/2020\/02\/Li%C3%A8vre-et-Ours-cest-%C3%A0-moi-scaled.jpg?fit=1200%2C888&resize=1050%2C600 3x"},"classes":[]},{"id":24531,"url":"http:\/\/www.jojoenherbe.com\/index.php\/2022\/04\/07\/au-fil-des-pages-avec-mon-papa-et-moi\/","url_meta":{"origin":9814,"position":2},"title":"Au fil des pages avec Mon papa et moi","author":"Jojo","date":"7 avril 2022","format":false,"excerpt":"Nous lisons Mon papa et moi de Tadao Miyamoto (\u00e9d. Mango, 1995), un album jeunesse \u00e0 partir de 3 ans. En pleine partie de p\u00eache \u00e0 la ligne, Petit Ours demande \u00e0 son p\u00e8re, Papa Ours comment il est s\u00fbr d'\u00eatre vraiment son p\u00e8re. Apr\u00e8s des premi\u00e8res r\u00e9ponses qui ne\u2026","rel":"","context":"Dans &quot;Mini lecteur&quot;","block_context":{"text":"Mini lecteur","link":"http:\/\/www.jojoenherbe.com\/index.php\/category\/mini-lecteur\/"},"img":{"alt_text":"","src":"https:\/\/i0.wp.com\/www.jojoenherbe.com\/wp-content\/uploads\/2022\/04\/Mon-papa-et-moi-scaled.jpg?fit=1200%2C874&resize=350%2C200","width":350,"height":200,"srcset":"https:\/\/i0.wp.com\/www.jojoenherbe.com\/wp-content\/uploads\/2022\/04\/Mon-papa-et-moi-scaled.jpg?fit=1200%2C874&resize=350%2C200 1x, https:\/\/i0.wp.com\/www.jojoenherbe.com\/wp-content\/uploads\/2022\/04\/Mon-papa-et-moi-scaled.jpg?fit=1200%2C874&resize=525%2C300 1.5x, https:\/\/i0.wp.com\/www.jojoenherbe.com\/wp-content\/uploads\/2022\/04\/Mon-papa-et-moi-scaled.jpg?fit=1200%2C874&resize=700%2C400 2x, https:\/\/i0.wp.com\/www.jojoenherbe.com\/wp-content\/uploads\/2022\/04\/Mon-papa-et-moi-scaled.jpg?fit=1200%2C874&resize=1050%2C600 3x"},"classes":[]},{"id":19515,"url":"http:\/\/www.jojoenherbe.com\/index.php\/2021\/06\/29\/au-fil-des-pages-avec-dis-ours-tu-rentres-bientot\/","url_meta":{"origin":9814,"position":3},"title":"Au fil des pages avec Dis-Ours, tu rentres bient\u00f4t?","author":"Jojo","date":"29 juin 2021","format":false,"excerpt":"En ce d\u00e9but d'\u00e9t\u00e9, nous relisons Dis-Ours, tu rentres bient\u00f4t? de Jory John et Benji Davies (\u00e9d. Little Urban, 2018), un album jeunesse \u00e0 partir de 3 ans. Ours est parti seul camper et p\u00eacher, loin de son voisin Canard. A son r\u00e9veil, lorsqu'il d\u00e9couvre l'absence d'Ours, Canard se sent\u2026","rel":"","context":"Dans &quot;Mini lecteur&quot;","block_context":{"text":"Mini lecteur","link":"http:\/\/www.jojoenherbe.com\/index.php\/category\/mini-lecteur\/"},"img":{"alt_text":"","src":"https:\/\/i0.wp.com\/www.jojoenherbe.com\/wp-content\/uploads\/2021\/06\/Dis-Ours-tu-rentres-bientot-scaled.jpg?fit=1200%2C916&resize=350%2C200","width":350,"height":200,"srcset":"https:\/\/i0.wp.com\/www.jojoenherbe.com\/wp-content\/uploads\/2021\/06\/Dis-Ours-tu-rentres-bientot-scaled.jpg?fit=1200%2C916&resize=350%2C200 1x, https:\/\/i0.wp.com\/www.jojoenherbe.com\/wp-content\/uploads\/2021\/06\/Dis-Ours-tu-rentres-bientot-scaled.jpg?fit=1200%2C916&resize=525%2C300 1.5x, https:\/\/i0.wp.com\/www.jojoenherbe.com\/wp-content\/uploads\/2021\/06\/Dis-Ours-tu-rentres-bientot-scaled.jpg?fit=1200%2C916&resize=700%2C400 2x, https:\/\/i0.wp.com\/www.jojoenherbe.com\/wp-content\/uploads\/2021\/06\/Dis-Ours-tu-rentres-bientot-scaled.jpg?fit=1200%2C916&resize=1050%2C600 3x"},"classes":[]},{"id":5726,"url":"http:\/\/www.jojoenherbe.com\/index.php\/2019\/04\/30\/au-fil-des-pages-avec-les-abeilles\/","url_meta":{"origin":9814,"position":4},"title":"Au fil des pages avec les abeilles","author":"Jojo","date":"30 avril 2019","format":false,"excerpt":"Nous lisons les deux albums jeunesse achet\u00e9s lors de la 25\u00e8me F\u00eate du Miel de Mouans-Sartoux. Nous commen\u00e7ons par Lou P'tit Loup et les abeilles d'Antoon Krings (\u00e9d. Gallimard Jeunesse, coll. Giboul\u00e9es, 2014). Lou P'tit Loup accompagne Nounours, un ourson d\u00e9guis\u00e9 en abeille, \u00e0 chercher du miel. Mais au lieu\u2026","rel":"","context":"Dans &quot;Mini lecteur&quot;","block_context":{"text":"Mini lecteur","link":"http:\/\/www.jojoenherbe.com\/index.php\/category\/mini-lecteur\/"},"img":{"alt_text":"","src":"https:\/\/i0.wp.com\/www.jojoenherbe.com\/wp-content\/uploads\/2019\/04\/Lou-Ptit-Loup-et-M%C3%A9lie.jpg?fit=1200%2C892&resize=350%2C200","width":350,"height":200,"srcset":"https:\/\/i0.wp.com\/www.jojoenherbe.com\/wp-content\/uploads\/2019\/04\/Lou-Ptit-Loup-et-M%C3%A9lie.jpg?fit=1200%2C892&resize=350%2C200 1x, https:\/\/i0.wp.com\/www.jojoenherbe.com\/wp-content\/uploads\/2019\/04\/Lou-Ptit-Loup-et-M%C3%A9lie.jpg?fit=1200%2C892&resize=525%2C300 1.5x, https:\/\/i0.wp.com\/www.jojoenherbe.com\/wp-content\/uploads\/2019\/04\/Lou-Ptit-Loup-et-M%C3%A9lie.jpg?fit=1200%2C892&resize=700%2C400 2x, https:\/\/i0.wp.com\/www.jojoenherbe.com\/wp-content\/uploads\/2019\/04\/Lou-Ptit-Loup-et-M%C3%A9lie.jpg?fit=1200%2C892&resize=1050%2C600 3x"},"classes":[]},{"id":8569,"url":"http:\/\/www.jojoenherbe.com\/index.php\/2019\/11\/24\/au-fil-des-pages-avec-dis-ours-tu-sors\/","url_meta":{"origin":9814,"position":5},"title":"Au fil des pages avec Dis Ours, tu sors?","author":"Jojo","date":"24 novembre 2019","format":false,"excerpt":"Nous empruntons \u00e0 la biblioth\u00e8que Dis Ours, tu sors? de Jory John et Benji Davies (\u00e9d. Little Urban, 2019), un album jeunesse \u00e0 partir de 3 ans. Dans ce quatri\u00e8me tome des aventures de Canard et d'Ours, Canard est tout enthousiaste en d\u00e9couvrant que la neige est tomb\u00e9e. Il se\u2026","rel":"","context":"Dans &quot;Mini lecteur&quot;","block_context":{"text":"Mini lecteur","link":"http:\/\/www.jojoenherbe.com\/index.php\/category\/mini-lecteur\/"},"img":{"alt_text":"","src":"https:\/\/i0.wp.com\/www.jojoenherbe.com\/wp-content\/uploads\/2019\/11\/Dis-Ours-tu-sors-5-scaled.jpg?fit=1200%2C925&resize=350%2C200","width":350,"height":200,"srcset":"https:\/\/i0.wp.com\/www.jojoenherbe.com\/wp-content\/uploads\/2019\/11\/Dis-Ours-tu-sors-5-scaled.jpg?fit=1200%2C925&resize=350%2C200 1x, https:\/\/i0.wp.com\/www.jojoenherbe.com\/wp-content\/uploads\/2019\/11\/Dis-Ours-tu-sors-5-scaled.jpg?fit=1200%2C925&resize=525%2C300 1.5x, https:\/\/i0.wp.com\/www.jojoenherbe.com\/wp-content\/uploads\/2019\/11\/Dis-Ours-tu-sors-5-scaled.jpg?fit=1200%2C925&resize=700%2C400 2x, https:\/\/i0.wp.com\/www.jojoenherbe.com\/wp-content\/uploads\/2019\/11\/Dis-Ours-tu-sors-5-scaled.jpg?fit=1200%2C925&resize=1050%2C600 3x"},"classes":[]}],"_links":{"self":[{"href":"http:\/\/www.jojoenherbe.com\/index.php\/wp-json\/wp\/v2\/posts\/9814","targetHints":{"allow":["GET"]}}],"collection":[{"href":"http:\/\/www.jojoenherbe.com\/index.php\/wp-json\/wp\/v2\/posts"}],"about":[{"href":"http:\/\/www.jojoenherbe.com\/index.php\/wp-json\/wp\/v2\/types\/post"}],"author":[{"embeddable":true,"href":"http:\/\/www.jojoenherbe.com\/index.php\/wp-json\/wp\/v2\/users\/1"}],"replies":[{"embeddable":true,"href":"http:\/\/www.jojoenherbe.com\/index.php\/wp-json\/wp\/v2\/comments?post=9814"}],"version-history":[{"count":1,"href":"http:\/\/www.jojoenherbe.com\/index.php\/wp-json\/wp\/v2\/posts\/9814\/revisions"}],"predecessor-version":[{"id":26846,"href":"http:\/\/www.jojoenherbe.com\/index.php\/wp-json\/wp\/v2\/posts\/9814\/revisions\/26846"}],"wp:featuredmedia":[{"embeddable":true,"href":"http:\/\/www.jojoenherbe.com\/index.php\/wp-json\/wp\/v2\/media\/9818"}],"wp:attachment":[{"href":"http:\/\/www.jojoenherbe.com\/index.php\/wp-json\/wp\/v2\/media?parent=9814"}],"wp:term":[{"taxonomy":"category","embeddable":true,"href":"http:\/\/www.jojoenherbe.com\/index.php\/wp-json\/wp\/v2\/categories?post=9814"},{"taxonomy":"post_tag","embeddable":true,"href":"http:\/\/www.jojoenherbe.com\/index.php\/wp-json\/wp\/v2\/tags?post=9814"}],"curies":[{"name":"wp","href":"https:\/\/api.w.org\/{rel}","templated":true}]}}